{"id":24258,"date":"2022-12-24T13:13:38","date_gmt":"2022-12-24T12:13:38","guid":{"rendered":"https:\/\/stuttgarti-katolikusok.de\/?p=24258"},"modified":"2023-01-05T13:17:59","modified_gmt":"2023-01-05T12:17:59","slug":"karacsony-unnepe","status":"publish","type":"post","link":"https:\/\/stuttgarti-katolikusok.de\/index.php\/karacsony-unnepe\/","title":{"rendered":"Kar\u00e1csony \u00fcnnepe"},"content":{"rendered":"<p align=\"justify\">OLVASM\u00c1NY Izaj\u00e1s pr\u00f3f\u00e9ta k\u00f6nyv\u00e9b\u0151l (Iz 52,7-10)<br \/>\n<em>Megl\u00e1tja a f\u00f6ld minden hat\u00e1ra, hogy szabad\u00edt\u00e1st szerez Isten\u00fcnk.<\/em><br \/>\nMilyen sz\u00e9p a hegyeken annak a l\u00e1ba, aki j\u00f3 h\u00edrt hoz, aki b\u00e9k\u00e9t hirdet, \u00f6r\u00f6mh\u00edrt hoz, kiki\u00e1ltja a szabadul\u00e1st, aki azt mondja Sionnak: \u201eKir\u00e1lly\u00e1 lett a te Istened\u201d. Figyelj csak! \u0150rszemeid felemelik hangjukat, \u00e9s mind ujjonganak, mert szemt\u0151l szembe l\u00e1tj\u00e1k, hogy visszat\u00e9r az \u00dar Sionra.<br \/>\nUjjongva \u00e9nekeljetek mindny\u00e1jan, Jeruzs\u00e1lem romjai, mert az \u00dar megvigasztalja n\u00e9p\u00e9t \u00e9s megv\u00e1ltja Jeruzs\u00e1lemet. Az \u00dar felemelte szent karj\u00e1t minden nemzet szeme l\u00e1tt\u00e1ra, \u00e9s megl\u00e1tja a f\u00f6ld minden hat\u00e1ra, hogy szabad\u00edt\u00e1st szerez Isten\u00fcnk.<br \/>\nEz az Isten ig\u00e9je.<\/p>\n<p align=\"justify\">V\u00c1LASZOS ZSOLT\u00c1R (Zsolt 97,1.2-3ab.3cd-4.5-6)<br \/>\nV\u00e1lasz:\u00a0<strong>A f\u00f6ld minden hat\u00e1ra l\u00e1tta * \u00fcdv\u00f6z\u00edt\u0151 Urunknak j\u00f3s\u00e1g\u00e1t.<\/strong>\u00a06. t\u00f3nus.<br \/>\nEl\u0151\u00e9nekes: Zengjetek az \u00darnak \u00faj \u00e9neket, * csod\u00e1latra m\u00e9lt\u00f3, amit m\u0171velt.<br \/>\nDiadalt aratott jobbj\u00e1val, * gy\u0151zelmet szents\u00e9ges karj\u00e1val.<br \/>\nH\u00edvek: A f\u00f6ld minden hat\u00e1ra l\u00e1tta * \u00fcdv\u00f6z\u00edt\u0151 Urunknak j\u00f3s\u00e1g\u00e1t.<br \/>\nE: Az \u00dar megmutatta szabad\u00edt\u00f3 erej\u00e9t, * igazs\u00e1goss\u00e1g\u00e1t felt\u00e1rta a n\u00e9pek el\u0151tt.<br \/>\nEml\u00e9kezet\u00e9be id\u00e9zte j\u00f3s\u00e1g\u00e1t \u00e9s h\u0171s\u00e9g\u00e9t * Izrael n\u00e9pe ir\u00e1nt.<br \/>\nH: A f\u00f6ld minden hat\u00e1ra l\u00e1tta * \u00fcdv\u00f6z\u00edt\u0151 Urunknak j\u00f3s\u00e1g\u00e1t.<br \/>\nE: Megl\u00e1tta a f\u00f6ld minden hat\u00e1ra, * szabadul\u00e1st Isten\u00fcnk hozott nek\u00fcnk.<br \/>\nMinden f\u00f6ldek, zengjetek az \u00darnak \u00f6r\u00f6m\u00e9neket, * ujjongjatok \u00e9s zsolt\u00e1rt mondjatok.<br \/>\nH: A f\u00f6ld minden hat\u00e1ra l\u00e1tta * \u00fcdv\u00f6z\u00edt\u0151 Urunknak j\u00f3s\u00e1g\u00e1t.<br \/>\nE: Daloljatok az \u00darnak citer\u00e1val, * citer\u00e1val \u00e9s zsolt\u00e1rok hangj\u00e1val.<br \/>\nHarson\u00e1kkal \u00e9s zeng\u0151 k\u00fcrt\u00f6kkel * ujjongjatok az \u00dar \u00e9s Kir\u00e1ly el\u0151tt.<br \/>\nH: A f\u00f6ld minden hat\u00e1ra l\u00e1tta * \u00fcdv\u00f6z\u00edt\u0151 Urunknak j\u00f3s\u00e1g\u00e1t.<\/p>\n<p align=\"justify\">\nSZENTLECKE a Zsid\u00f3khoz \u00edrt lev\u00e9lb\u0151l (Zsid 1,1-6)<br \/>\n<em>Isten az \u0151 Fia \u00e1ltal sz\u00f3lt hozz\u00e1nk.<\/em><br \/>\nTestv\u00e9reim!<br \/>\nSok \u00edzben \u00e9s sokf\u00e9le m\u00f3don sz\u00f3lt egykor Isten az aty\u00e1khoz a pr\u00f3f\u00e9t\u00e1k szav\u00e1val. Most, a v\u00e9gs\u0151 napokban Fia \u00e1ltal sz\u00f3lt hozz\u00e1nk, akit a mindens\u00e9g \u00f6r\u00f6k\u00f6s\u00e9v\u00e9 tett, hiszen a vil\u00e1got is \u00e1ltala teremtette. Benne ragyog az Istens\u00e9g, \u0151 az Atya k\u00e9pm\u00e1sa, \u00e9s hathat\u00f3s szav\u00e1val \u0151 tartja fenn a mindens\u00e9get.<br \/>\nMiut\u00e1n megv\u00e1ltott minket a b\u0171nt\u0151l, helyet foglalt az isteni F\u00f6ls\u00e9g jobbj\u00e1n. Hatalmasabb, mint az angyalok, mert magasztosabb nevet \u00f6r\u00f6k\u00f6lt n\u00e1luk. Vajon melyik angyalnak mondta valaha Isten:<br \/>\n\u201eA Fiam vagy te, ma sz\u00fcltelek t\u00e9ged?\u201d<br \/>\nVagy pedig:<br \/>\n\u201e\u00c9n Atyja leszek, \u0151 pedig az \u00e9n Fiam?\u201d<br \/>\nS\u0151t, amikor Egysz\u00fcl\u00f6ttj\u00e9t bevezeti a vil\u00e1gba, \u00edgy sz\u00f3l:<br \/>\n\u201e\u00c9s leborulva im\u00e1dja \u0151t Isten minden angyala.\u201d<br \/>\nEz az Isten ig\u00e9je.<\/p>\n<p align=\"justify\">ALLELUJA<br \/>\nF\u00f6lragyogott r\u00e1nk a szent nap, * J\u00f6jjetek, nemzetek, \u00e9s im\u00e1dj\u00e1tok az Urat, * mert ma nagy f\u00e9nyess\u00e9g sz\u00e1llt le a f\u00f6ldre. \u2013 5. t\u00f3nus.<\/p>\n<p align=\"justify\"><em>Hosszabb forma: (Jn 1,1-18 r\u00f6v.: Jn 1,1-5.9-14)<\/em><br \/>\n\u2020 EVANG\u00c9LIUM Szent J\u00e1nos k\u00f6nyv\u00e9b\u0151l<br \/>\n<em>Az Ige testt\u00e9 lett, \u00e9s k\u00f6z\u00f6tt\u00fcnk lakott.<\/em><br \/>\nKezdetben volt az Ige. Az Ige Istenn\u00e9l volt, \u00e9s Isten volt az Ige. \u0150 volt kezdetben Istenn\u00e9l. Minden \u0151\u00e1ltala lett, \u00e9s n\u00e9lk\u00fcle semmi sem lett, ami lett. \u0150benne \u00e9let volt, \u00e9s ez az \u00e9let volt az emberek vil\u00e1goss\u00e1ga. A vil\u00e1goss\u00e1g a s\u00f6t\u00e9ts\u00e9gben vil\u00e1g\u00edt, de a s\u00f6t\u00e9ts\u00e9g nem fogadta be.<br \/>\nF\u00f6ll\u00e9pett egy ember, akit Isten k\u00fcld\u00f6tt: J\u00e1nos volt a neve. Az\u00e9rt j\u00f6tt, hogy tan\u00fas\u00e1got tegyen: tan\u00fas\u00e1got a vil\u00e1goss\u00e1gr\u00f3l, hogy mindenki higgyen \u00e1ltala. Nem \u0151 volt a vil\u00e1goss\u00e1g, \u0151 csak az\u00e9rt j\u00f6tt, hogy tan\u00fas\u00e1got tegyen a vil\u00e1goss\u00e1gr\u00f3l.<br \/>\nAz Ige az igazi vil\u00e1goss\u00e1g volt, amely a vil\u00e1gba j\u00f6tt, hogy megvil\u00e1g\u00edtson minden embert. A vil\u00e1gban volt, \u00e9s a vil\u00e1g \u0151\u00e1ltala lett, de a vil\u00e1g nem ismerte fel \u0151t. A tulajdon\u00e1ba j\u00f6tt, de \u00f6v\u00e9i nem fogadt\u00e1k be. Mindazoknak azonban, akik befogadt\u00e1k, hatalmat adott, hogy Isten gyermekei legyenek; azoknak, akik hisznek benne, akik nem v\u00e9r szerint, nem a test k\u00edv\u00e1ns\u00e1g\u00e1b\u00f3l, \u00e9s nem is a f\u00e9rfi akarat\u00e1b\u00f3l, hanem Istent\u0151l sz\u00fclettek.<br \/>\n\u00c9s az Ige testt\u00e9 lett, \u00e9s k\u00f6z\u00f6tt\u00fcnk lakott. Mi pedig l\u00e1ttuk az \u0151 dics\u0151s\u00e9g\u00e9t, mely az Atya Egysz\u00fcl\u00f6ttj\u00e9nek dics\u0151s\u00e9ge, telve kegyelemmel \u00e9s igazs\u00e1ggal.<br \/>\nJ\u00e1nos tan\u00fas\u00e1got tett r\u00f3la, amikor ezt hirdette: \u201e\u0150 az, akir\u0151l mondtam, hogy ut\u00e1nam j\u00f6n, de megel\u0151z engem, mert el\u0151bb volt, mint \u00e9n.\u201d Hiszen mi mindannyian az \u0151 teljess\u00e9g\u00e9b\u0151l nyert\u00fcnk kegyelemb\u0151l kegyelmet. A t\u00f6rv\u00e9nyt ugyanis M\u00f3zes \u00e1ltal kaptuk, a kegyelem \u00e9s az igazs\u00e1g azonban J\u00e9zus Krisztus \u00e1ltal val\u00f3sult meg.<br \/>\nIstent soha senki nem l\u00e1tta, Isten Egysz\u00fcl\u00f6ttje, aki az Atya kebel\u00e9n van, \u0151 nyilatkoztatta ki.<br \/>\nEzek az evang\u00e9lium ig\u00e9i.<\/p>\n<p><em>Vagy r\u00f6videbb forma:<\/em><br \/>\n\u2020 EVANG\u00c9LIUM Szent J\u00e1nos k\u00f6nyv\u00e9b\u0151l<br \/>\n<em>Az Ige testt\u00e9 lett, \u00e9s k\u00f6z\u00f6tt\u00fcnk lakott.<\/em><br \/>\nKezdetben volt az Ige. Az Ige Istenn\u00e9l volt, \u00e9s Isten volt az Ige. \u0150 volt kezdetben Istenn\u00e9l. Minden \u0151\u00e1ltala lett, \u00e9s n\u00e9lk\u00fcle semmi sem lett, ami lett. \u0150benne \u00e9let volt, \u00e9s ez az \u00e9let volt az emberek vil\u00e1goss\u00e1ga. A vil\u00e1goss\u00e1g a s\u00f6t\u00e9ts\u00e9gben vil\u00e1g\u00edt, de a s\u00f6t\u00e9ts\u00e9g nem fogadta be.<br \/>\nAz Ige az igazi vil\u00e1goss\u00e1g volt, amely a vil\u00e1gba j\u00f6tt, hogy megvil\u00e1g\u00edtson minden embert. A vil\u00e1gban volt, \u00e9s a vil\u00e1g \u0151\u00e1ltala lett, de a vil\u00e1g nem ismerte fel \u0151t. A tulajdon\u00e1ba j\u00f6tt, de \u00f6v\u00e9i nem fogadt\u00e1k be. Mindazoknak azonban, akik befogadt\u00e1k, hatalmat adott, hogy Isten gyermekei legyenek; azoknak, akik hisznek benne, akik nem v\u00e9r szerint, nem a test k\u00edv\u00e1ns\u00e1g\u00e1b\u00f3l, \u00e9s nem is a f\u00e9rfi akarat\u00e1b\u00f3l, hanem Istent\u0151l sz\u00fclettek.<br \/>\n\u00c9s az Ige testt\u00e9 lett, \u00e9s k\u00f6z\u00f6tt\u00fcnk lakott. Mi pedig l\u00e1ttuk az \u0151 dics\u0151s\u00e9g\u00e9t, mely az Atya Egysz\u00fcl\u00f6ttj\u00e9nek dics\u0151s\u00e9ge, telve kegyelemmel \u00e9s igazs\u00e1ggal.<br \/>\nEzek az evang\u00e9lium ig\u00e9i.<\/p>\n<p align=\"justify\">\nEGYETEMES K\u00d6NY\u00d6RG\u00c9SEK<br \/>\nKar\u00e1csonyra (\u00dcnnepi mise)<br \/>\nPap: Testv\u00e9reim, Megv\u00e1lt\u00f3nk sz\u00fclet\u00e9s\u00e9nek \u00fcnnep\u00e9n az istengyermeks\u00e9g \u00f6r\u00f6m\u00e9vel foh\u00e1szkodjunk az \u00darhoz:<br \/>\nLektor: 1. Add, Urunk, hogy Egyh\u00e1zad a betlehemi p\u00e1sztorok hit\u00e9vel fogadja megtestes\u00fcl\u00e9sed szent titk\u00e1t!<br \/>\nH\u00edvek: K\u00e9r\u00fcnk T\u00e9ged, hallgass meg minket!<br \/>\n2. Add, Urunk, hogy Egyh\u00e1zad tisztelje \u00e9s szeresse betlehemi ig\u00e9nytelens\u00e9gedet!<br \/>\nH\u00edvek: K\u00e9r\u00fcnk T\u00e9ged, hallgass meg minket!<br \/>\n3. Add, Urunk, hogy ezen szent \u00fcnnepen meghallja a vil\u00e1g az angyalok b\u00e9kesz\u00f3zat\u00e1t!<br \/>\nH\u00edvek: K\u00e9r\u00fcnk T\u00e9ged, hallgass meg minket!<br \/>\n4. Add, Urunk, hogy amint Te a mi testv\u00e9r\u00fcnk lett\u00e9l, legyenek egym\u00e1snak testv\u00e9rei az emberek is!<br \/>\nH\u00edvek: K\u00e9r\u00fcnk T\u00e9ged, hallgass meg minket!<br \/>\n5. Add, Urunk, a kar\u00e1csony boldogs\u00e1g\u00e1t a gyermeket v\u00e1r\u00f3 \u00e9desany\u00e1knak, az \u00fajsz\u00fcl\u00f6tteknek pedig add meg az istengyermeks\u00e9g kegyelm\u00e9t!<br \/>\nH\u00edvek: K\u00e9r\u00fcnk T\u00e9ged, hallgass meg minket!<br \/>\nPap: Urunk, J\u00e9zus Krisztus! Te r\u00e9szese lett\u00e9l emberi term\u00e9szet\u00fcnknek; engedd, hogy mi pedig megtestes\u00fcl\u00e9sed titka \u00e1ltal isteni dics\u0151s\u00e9gedben r\u00e9szes\u00fclj\u00fcnk. Aki \u00e9lsz \u00e9s uralkodol mind\u00f6r\u00f6kk\u00f6n \u00f6r\u00f6kk\u00e9.<br \/>\nH\u00edvek: \u00c1men.<\/p>\n","protected":false},"excerpt":{"rendered":"<p>OLVASM\u00c1NY Izaj\u00e1s pr\u00f3f\u00e9ta k\u00f6nyv\u00e9b\u0151l (Iz 52,7-10) Megl\u00e1tja a f\u00f6ld minden hat\u00e1ra, hogy szabad\u00edt\u00e1st szerez Isten\u00fcnk. Milyen sz\u00e9p a hegyeken annak a l\u00e1ba, aki j\u00f3 h\u00edrt hoz, aki b\u00e9k\u00e9t hirdet, \u00f6r\u00f6mh\u00edrt hoz, kiki\u00e1ltja a szabadul\u00e1st, aki azt mondja Sionnak: \u201eKir\u00e1lly\u00e1 lett a te Istened\u201d. Figyelj csak! \u0150rszemeid felemelik hangjukat, \u00e9s mind ujjonganak, mert szemt\u0151l szembe l\u00e1tj\u00e1k, hogy visszat\u00e9r az \u00dar Sionra. Ujjongva \u00e9nekeljetek mindny\u00e1jan, Jeruzs\u00e1lem romjai, mert az \u00dar megvigasztalja n\u00e9p\u00e9t \u00e9s megv\u00e1ltja Jeruzs\u00e1lemet. Az \u00dar felemelte szent karj\u00e1t minden nemzet szeme l\u00e1tt\u00e1ra, \u00e9s megl\u00e1tja a f\u00f6ld minden hat\u00e1ra, hogy szabad\u00edt\u00e1st szerez Isten\u00fcnk. Ez az Isten ig\u00e9je. V\u00c1LASZOS ZSOLT\u00c1R (Zsolt 97,1.2-3ab.3cd-4.5-6) V\u00e1lasz:\u00a0A f\u00f6ld minden hat\u00e1ra l\u00e1tta * \u00fcdv\u00f6z\u00edt\u0151 Urunknak j\u00f3s\u00e1g\u00e1t.\u00a06. t\u00f3nus. El\u0151\u00e9nekes: Zengjetek az \u00darnak \u00faj \u00e9neket, * csod\u00e1latra m\u00e9lt\u00f3, amit m\u0171velt. Diadalt aratott jobbj\u00e1val, * gy\u0151zelmet szents\u00e9ges karj\u00e1val. H\u00edvek: A f\u00f6ld minden hat\u00e1ra l\u00e1tta * \u00fcdv\u00f6z\u00edt\u0151 Urunknak j\u00f3s\u00e1g\u00e1t. E: Az \u00dar megmutatta szabad\u00edt\u00f3 erej\u00e9t, * igazs\u00e1goss\u00e1g\u00e1t felt\u00e1rta a n\u00e9pek el\u0151tt. Eml\u00e9kezet\u00e9be id\u00e9zte j\u00f3s\u00e1g\u00e1t \u00e9s h\u0171s\u00e9g\u00e9t * Izrael n\u00e9pe ir\u00e1nt. H: A f\u00f6ld minden hat\u00e1ra l\u00e1tta * \u00fcdv\u00f6z\u00edt\u0151 Urunknak j\u00f3s\u00e1g\u00e1t. E: Megl\u00e1tta a f\u00f6ld minden hat\u00e1ra, * szabadul\u00e1st Isten\u00fcnk hozott nek\u00fcnk. Minden f\u00f6ldek, zengjetek az \u00darnak \u00f6r\u00f6m\u00e9neket, * ujjongjatok \u00e9s zsolt\u00e1rt mondjatok. H: A f\u00f6ld minden hat\u00e1ra l\u00e1tta * \u00fcdv\u00f6z\u00edt\u0151 Urunknak j\u00f3s\u00e1g\u00e1t. E: Daloljatok az \u00darnak citer\u00e1val, * citer\u00e1val \u00e9s zsolt\u00e1rok hangj\u00e1val. Harson\u00e1kkal \u00e9s zeng\u0151 k\u00fcrt\u00f6kkel * ujjongjatok az \u00dar \u00e9s Kir\u00e1ly el\u0151tt. H: A f\u00f6ld minden hat\u00e1ra l\u00e1tta * \u00fcdv\u00f6z\u00edt\u0151 Urunknak j\u00f3s\u00e1g\u00e1t. SZENTLECKE a Zsid\u00f3khoz \u00edrt lev\u00e9lb\u0151l (Zsid 1,1-6) Isten az \u0151 Fia \u00e1ltal sz\u00f3lt hozz\u00e1nk. Testv\u00e9reim! Sok \u00edzben \u00e9s sokf\u00e9le m\u00f3don sz\u00f3lt egykor Isten az aty\u00e1khoz a pr\u00f3f\u00e9t\u00e1k szav\u00e1val. Most, a v\u00e9gs\u0151 napokban Fia \u00e1ltal sz\u00f3lt hozz\u00e1nk, akit a mindens\u00e9g \u00f6r\u00f6k\u00f6s\u00e9v\u00e9 tett, hiszen a vil\u00e1got is \u00e1ltala teremtette. Benne ragyog az Istens\u00e9g, \u0151 az Atya k\u00e9pm\u00e1sa, \u00e9s hathat\u00f3s szav\u00e1val \u0151 tartja fenn a mindens\u00e9get. Miut\u00e1n megv\u00e1ltott minket a b\u0171nt\u0151l,&#8230; <\/p>\n<p><a class=\"readmore\" href=\"https:\/\/stuttgarti-katolikusok.de\/index.php\/karacsony-unnepe\/\">R\u00e9szletek<\/a><\/p>\n","protected":false},"author":3,"featured_media":24196,"comment_status":"closed","ping_status":"closed","sticky":false,"template":"","format":"standard","meta":{"footnotes":""},"categories":[63],"tags":[],"class_list":["post-24258","post","type-post","status-publish","format-standard","has-post-thumbnail","hentry","category-vasarnapi-gondolatok"],"yoast_head":"<!-- This site is optimized with the Yoast SEO plugin v27.3 - https:\/\/yoast.com\/product\/yoast-seo-wordpress\/ -->\n<title>Kar\u00e1csony \u00fcnnepe - Stuttgarti Katolikusok<\/title>\n<meta name=\"robots\" content=\"index, follow, max-snippet:-1, max-image-preview:large, max-video-preview:-1\" \/>\n<link rel=\"canonical\" href=\"https:\/\/stuttgarti-katolikusok.de\/index.php\/karacsony-unnepe\/\" \/>\n<meta property=\"og:locale\" content=\"hu_HU\" \/>\n<meta property=\"og:type\" content=\"article\" \/>\n<meta property=\"og:title\" content=\"Kar\u00e1csony \u00fcnnepe - Stuttgarti Katolikusok\" \/>\n<meta property=\"og:description\" content=\"OLVASM\u00c1NY Izaj\u00e1s pr\u00f3f\u00e9ta k\u00f6nyv\u00e9b\u0151l (Iz 52,7-10) Megl\u00e1tja a f\u00f6ld minden hat\u00e1ra, hogy szabad\u00edt\u00e1st szerez Isten\u00fcnk. Milyen sz\u00e9p a hegyeken annak a l\u00e1ba, aki j\u00f3 h\u00edrt hoz, aki b\u00e9k\u00e9t hirdet, \u00f6r\u00f6mh\u00edrt hoz, kiki\u00e1ltja a szabadul\u00e1st, aki azt mondja Sionnak: \u201eKir\u00e1lly\u00e1 lett a te Istened\u201d. Figyelj csak! \u0150rszemeid felemelik hangjukat, \u00e9s mind ujjonganak, mert szemt\u0151l szembe l\u00e1tj\u00e1k, hogy visszat\u00e9r az \u00dar Sionra. Ujjongva \u00e9nekeljetek mindny\u00e1jan, Jeruzs\u00e1lem romjai, mert az \u00dar megvigasztalja n\u00e9p\u00e9t \u00e9s megv\u00e1ltja Jeruzs\u00e1lemet. Az \u00dar felemelte szent karj\u00e1t minden nemzet szeme l\u00e1tt\u00e1ra, \u00e9s megl\u00e1tja a f\u00f6ld minden hat\u00e1ra, hogy szabad\u00edt\u00e1st szerez Isten\u00fcnk. Ez az Isten ig\u00e9je. V\u00c1LASZOS ZSOLT\u00c1R (Zsolt 97,1.2-3ab.3cd-4.5-6) V\u00e1lasz:\u00a0A f\u00f6ld minden hat\u00e1ra l\u00e1tta * \u00fcdv\u00f6z\u00edt\u0151 Urunknak j\u00f3s\u00e1g\u00e1t.\u00a06. t\u00f3nus. El\u0151\u00e9nekes: Zengjetek az \u00darnak \u00faj \u00e9neket, * csod\u00e1latra m\u00e9lt\u00f3, amit m\u0171velt. Diadalt aratott jobbj\u00e1val, * gy\u0151zelmet szents\u00e9ges karj\u00e1val. H\u00edvek: A f\u00f6ld minden hat\u00e1ra l\u00e1tta * \u00fcdv\u00f6z\u00edt\u0151 Urunknak j\u00f3s\u00e1g\u00e1t. E: Az \u00dar megmutatta szabad\u00edt\u00f3 erej\u00e9t, * igazs\u00e1goss\u00e1g\u00e1t felt\u00e1rta a n\u00e9pek el\u0151tt. Eml\u00e9kezet\u00e9be id\u00e9zte j\u00f3s\u00e1g\u00e1t \u00e9s h\u0171s\u00e9g\u00e9t * Izrael n\u00e9pe ir\u00e1nt. H: A f\u00f6ld minden hat\u00e1ra l\u00e1tta * \u00fcdv\u00f6z\u00edt\u0151 Urunknak j\u00f3s\u00e1g\u00e1t. E: Megl\u00e1tta a f\u00f6ld minden hat\u00e1ra, * szabadul\u00e1st Isten\u00fcnk hozott nek\u00fcnk. Minden f\u00f6ldek, zengjetek az \u00darnak \u00f6r\u00f6m\u00e9neket, * ujjongjatok \u00e9s zsolt\u00e1rt mondjatok. H: A f\u00f6ld minden hat\u00e1ra l\u00e1tta * \u00fcdv\u00f6z\u00edt\u0151 Urunknak j\u00f3s\u00e1g\u00e1t. E: Daloljatok az \u00darnak citer\u00e1val, * citer\u00e1val \u00e9s zsolt\u00e1rok hangj\u00e1val. Harson\u00e1kkal \u00e9s zeng\u0151 k\u00fcrt\u00f6kkel * ujjongjatok az \u00dar \u00e9s Kir\u00e1ly el\u0151tt. H: A f\u00f6ld minden hat\u00e1ra l\u00e1tta * \u00fcdv\u00f6z\u00edt\u0151 Urunknak j\u00f3s\u00e1g\u00e1t. SZENTLECKE a Zsid\u00f3khoz \u00edrt lev\u00e9lb\u0151l (Zsid 1,1-6) Isten az \u0151 Fia \u00e1ltal sz\u00f3lt hozz\u00e1nk. Testv\u00e9reim! Sok \u00edzben \u00e9s sokf\u00e9le m\u00f3don sz\u00f3lt egykor Isten az aty\u00e1khoz a pr\u00f3f\u00e9t\u00e1k szav\u00e1val. Most, a v\u00e9gs\u0151 napokban Fia \u00e1ltal sz\u00f3lt hozz\u00e1nk, akit a mindens\u00e9g \u00f6r\u00f6k\u00f6s\u00e9v\u00e9 tett, hiszen a vil\u00e1got is \u00e1ltala teremtette. Benne ragyog az Istens\u00e9g, \u0151 az Atya k\u00e9pm\u00e1sa, \u00e9s hathat\u00f3s szav\u00e1val \u0151 tartja fenn a mindens\u00e9get. Miut\u00e1n megv\u00e1ltott minket a b\u0171nt\u0151l,... R\u00e9szletek\" \/>\n<meta property=\"og:url\" content=\"https:\/\/stuttgarti-katolikusok.de\/index.php\/karacsony-unnepe\/\" \/>\n<meta property=\"og:site_name\" content=\"Stuttgarti Katolikusok\" \/>\n<meta property=\"article:published_time\" content=\"2022-12-24T12:13:38+00:00\" \/>\n<meta property=\"article:modified_time\" content=\"2023-01-05T12:17:59+00:00\" \/>\n<meta property=\"og:image\" content=\"https:\/\/stuttgarti-katolikusok.de\/wp-content\/uploads\/2022\/12\/img-20221224-wa0016.jpg\" \/>\n\t<meta property=\"og:image:width\" content=\"1599\" \/>\n\t<meta property=\"og:image:height\" content=\"1009\" \/>\n\t<meta property=\"og:image:type\" content=\"image\/jpeg\" \/>\n<meta name=\"author\" content=\"Tibor atya\" \/>\n<meta name=\"twitter:card\" content=\"summary_large_image\" \/>\n<meta name=\"twitter:label1\" content=\"Szerz\u0151:\" \/>\n\t<meta name=\"twitter:data1\" content=\"Tibor atya\" \/>\n\t<meta name=\"twitter:label2\" content=\"Becs\u00fclt olvas\u00e1si id\u0151\" \/>\n\t<meta name=\"twitter:data2\" content=\"6 perc\" \/>\n<script type=\"application\/ld+json\" class=\"yoast-schema-graph\">{\"@context\":\"https:\\\/\\\/schema.org\",\"@graph\":[{\"@type\":\"Article\",\"@id\":\"https:\\\/\\\/stuttgarti-katolikusok.de\\\/index.php\\\/karacsony-unnepe\\\/#article\",\"isPartOf\":{\"@id\":\"https:\\\/\\\/stuttgarti-katolikusok.de\\\/index.php\\\/karacsony-unnepe\\\/\"},\"author\":{\"name\":\"Tibor atya\",\"@id\":\"https:\\\/\\\/stuttgarti-katolikusok.de\\\/#\\\/schema\\\/person\\\/75908d6f8fdc03a57889d27209df7795\"},\"headline\":\"Kar\u00e1csony \u00fcnnepe\",\"datePublished\":\"2022-12-24T12:13:38+00:00\",\"dateModified\":\"2023-01-05T12:17:59+00:00\",\"mainEntityOfPage\":{\"@id\":\"https:\\\/\\\/stuttgarti-katolikusok.de\\\/index.php\\\/karacsony-unnepe\\\/\"},\"wordCount\":1366,\"image\":{\"@id\":\"https:\\\/\\\/stuttgarti-katolikusok.de\\\/index.php\\\/karacsony-unnepe\\\/#primaryimage\"},\"thumbnailUrl\":\"https:\\\/\\\/stuttgarti-katolikusok.de\\\/wp-content\\\/uploads\\\/2022\\\/12\\\/img-20221224-wa0016.jpg\",\"articleSection\":[\"Vas\u00e1rnapi gondolatok\"],\"inLanguage\":\"hu\"},{\"@type\":\"WebPage\",\"@id\":\"https:\\\/\\\/stuttgarti-katolikusok.de\\\/index.php\\\/karacsony-unnepe\\\/\",\"url\":\"https:\\\/\\\/stuttgarti-katolikusok.de\\\/index.php\\\/karacsony-unnepe\\\/\",\"name\":\"Kar\u00e1csony \u00fcnnepe - Stuttgarti Katolikusok\",\"isPartOf\":{\"@id\":\"https:\\\/\\\/stuttgarti-katolikusok.de\\\/#website\"},\"primaryImageOfPage\":{\"@id\":\"https:\\\/\\\/stuttgarti-katolikusok.de\\\/index.php\\\/karacsony-unnepe\\\/#primaryimage\"},\"image\":{\"@id\":\"https:\\\/\\\/stuttgarti-katolikusok.de\\\/index.php\\\/karacsony-unnepe\\\/#primaryimage\"},\"thumbnailUrl\":\"https:\\\/\\\/stuttgarti-katolikusok.de\\\/wp-content\\\/uploads\\\/2022\\\/12\\\/img-20221224-wa0016.jpg\",\"datePublished\":\"2022-12-24T12:13:38+00:00\",\"dateModified\":\"2023-01-05T12:17:59+00:00\",\"author\":{\"@id\":\"https:\\\/\\\/stuttgarti-katolikusok.de\\\/#\\\/schema\\\/person\\\/75908d6f8fdc03a57889d27209df7795\"},\"breadcrumb\":{\"@id\":\"https:\\\/\\\/stuttgarti-katolikusok.de\\\/index.php\\\/karacsony-unnepe\\\/#breadcrumb\"},\"inLanguage\":\"hu\",\"potentialAction\":[{\"@type\":\"ReadAction\",\"target\":[\"https:\\\/\\\/stuttgarti-katolikusok.de\\\/index.php\\\/karacsony-unnepe\\\/\"]}]},{\"@type\":\"ImageObject\",\"inLanguage\":\"hu\",\"@id\":\"https:\\\/\\\/stuttgarti-katolikusok.de\\\/index.php\\\/karacsony-unnepe\\\/#primaryimage\",\"url\":\"https:\\\/\\\/stuttgarti-katolikusok.de\\\/wp-content\\\/uploads\\\/2022\\\/12\\\/img-20221224-wa0016.jpg\",\"contentUrl\":\"https:\\\/\\\/stuttgarti-katolikusok.de\\\/wp-content\\\/uploads\\\/2022\\\/12\\\/img-20221224-wa0016.jpg\",\"width\":1599,\"height\":1009},{\"@type\":\"BreadcrumbList\",\"@id\":\"https:\\\/\\\/stuttgarti-katolikusok.de\\\/index.php\\\/karacsony-unnepe\\\/#breadcrumb\",\"itemListElement\":[{\"@type\":\"ListItem\",\"position\":1,\"name\":\"Kezd\u0151lap\",\"item\":\"https:\\\/\\\/stuttgarti-katolikusok.de\\\/\"},{\"@type\":\"ListItem\",\"position\":2,\"name\":\"Kar\u00e1csony \u00fcnnepe\"}]},{\"@type\":\"WebSite\",\"@id\":\"https:\\\/\\\/stuttgarti-katolikusok.de\\\/#website\",\"url\":\"https:\\\/\\\/stuttgarti-katolikusok.de\\\/\",\"name\":\"Stuttgarti Katolikusok\",\"description\":\"\",\"potentialAction\":[{\"@type\":\"SearchAction\",\"target\":{\"@type\":\"EntryPoint\",\"urlTemplate\":\"https:\\\/\\\/stuttgarti-katolikusok.de\\\/?s={search_term_string}\"},\"query-input\":{\"@type\":\"PropertyValueSpecification\",\"valueRequired\":true,\"valueName\":\"search_term_string\"}}],\"inLanguage\":\"hu\"},{\"@type\":\"Person\",\"@id\":\"https:\\\/\\\/stuttgarti-katolikusok.de\\\/#\\\/schema\\\/person\\\/75908d6f8fdc03a57889d27209df7795\",\"name\":\"Tibor atya\",\"image\":{\"@type\":\"ImageObject\",\"inLanguage\":\"hu\",\"@id\":\"https:\\\/\\\/secure.gravatar.com\\\/avatar\\\/61d268e57d1f4525b111222e29d2d5a7f8c420fdbf231ba5566a8ceac74fa960?s=96&d=mm&r=g\",\"url\":\"https:\\\/\\\/secure.gravatar.com\\\/avatar\\\/61d268e57d1f4525b111222e29d2d5a7f8c420fdbf231ba5566a8ceac74fa960?s=96&d=mm&r=g\",\"contentUrl\":\"https:\\\/\\\/secure.gravatar.com\\\/avatar\\\/61d268e57d1f4525b111222e29d2d5a7f8c420fdbf231ba5566a8ceac74fa960?s=96&d=mm&r=g\",\"caption\":\"Tibor atya\"},\"url\":\"https:\\\/\\\/stuttgarti-katolikusok.de\\\/index.php\\\/author\\\/tibor-atya\\\/\"}]}<\/script>\n<!-- \/ Yoast SEO plugin. -->","yoast_head_json":{"title":"Kar\u00e1csony \u00fcnnepe - Stuttgarti Katolikusok","robots":{"index":"index","follow":"follow","max-snippet":"max-snippet:-1","max-image-preview":"max-image-preview:large","max-video-preview":"max-video-preview:-1"},"canonical":"https:\/\/stuttgarti-katolikusok.de\/index.php\/karacsony-unnepe\/","og_locale":"hu_HU","og_type":"article","og_title":"Kar\u00e1csony \u00fcnnepe - Stuttgarti Katolikusok","og_description":"OLVASM\u00c1NY Izaj\u00e1s pr\u00f3f\u00e9ta k\u00f6nyv\u00e9b\u0151l (Iz 52,7-10) Megl\u00e1tja a f\u00f6ld minden hat\u00e1ra, hogy szabad\u00edt\u00e1st szerez Isten\u00fcnk. Milyen sz\u00e9p a hegyeken annak a l\u00e1ba, aki j\u00f3 h\u00edrt hoz, aki b\u00e9k\u00e9t hirdet, \u00f6r\u00f6mh\u00edrt hoz, kiki\u00e1ltja a szabadul\u00e1st, aki azt mondja Sionnak: \u201eKir\u00e1lly\u00e1 lett a te Istened\u201d. Figyelj csak! \u0150rszemeid felemelik hangjukat, \u00e9s mind ujjonganak, mert szemt\u0151l szembe l\u00e1tj\u00e1k, hogy visszat\u00e9r az \u00dar Sionra. Ujjongva \u00e9nekeljetek mindny\u00e1jan, Jeruzs\u00e1lem romjai, mert az \u00dar megvigasztalja n\u00e9p\u00e9t \u00e9s megv\u00e1ltja Jeruzs\u00e1lemet. Az \u00dar felemelte szent karj\u00e1t minden nemzet szeme l\u00e1tt\u00e1ra, \u00e9s megl\u00e1tja a f\u00f6ld minden hat\u00e1ra, hogy szabad\u00edt\u00e1st szerez Isten\u00fcnk. Ez az Isten ig\u00e9je. V\u00c1LASZOS ZSOLT\u00c1R (Zsolt 97,1.2-3ab.3cd-4.5-6) V\u00e1lasz:\u00a0A f\u00f6ld minden hat\u00e1ra l\u00e1tta * \u00fcdv\u00f6z\u00edt\u0151 Urunknak j\u00f3s\u00e1g\u00e1t.\u00a06. t\u00f3nus. El\u0151\u00e9nekes: Zengjetek az \u00darnak \u00faj \u00e9neket, * csod\u00e1latra m\u00e9lt\u00f3, amit m\u0171velt. Diadalt aratott jobbj\u00e1val, * gy\u0151zelmet szents\u00e9ges karj\u00e1val. H\u00edvek: A f\u00f6ld minden hat\u00e1ra l\u00e1tta * \u00fcdv\u00f6z\u00edt\u0151 Urunknak j\u00f3s\u00e1g\u00e1t. E: Az \u00dar megmutatta szabad\u00edt\u00f3 erej\u00e9t, * igazs\u00e1goss\u00e1g\u00e1t felt\u00e1rta a n\u00e9pek el\u0151tt. Eml\u00e9kezet\u00e9be id\u00e9zte j\u00f3s\u00e1g\u00e1t \u00e9s h\u0171s\u00e9g\u00e9t * Izrael n\u00e9pe ir\u00e1nt. H: A f\u00f6ld minden hat\u00e1ra l\u00e1tta * \u00fcdv\u00f6z\u00edt\u0151 Urunknak j\u00f3s\u00e1g\u00e1t. E: Megl\u00e1tta a f\u00f6ld minden hat\u00e1ra, * szabadul\u00e1st Isten\u00fcnk hozott nek\u00fcnk. Minden f\u00f6ldek, zengjetek az \u00darnak \u00f6r\u00f6m\u00e9neket, * ujjongjatok \u00e9s zsolt\u00e1rt mondjatok. H: A f\u00f6ld minden hat\u00e1ra l\u00e1tta * \u00fcdv\u00f6z\u00edt\u0151 Urunknak j\u00f3s\u00e1g\u00e1t. E: Daloljatok az \u00darnak citer\u00e1val, * citer\u00e1val \u00e9s zsolt\u00e1rok hangj\u00e1val. Harson\u00e1kkal \u00e9s zeng\u0151 k\u00fcrt\u00f6kkel * ujjongjatok az \u00dar \u00e9s Kir\u00e1ly el\u0151tt. H: A f\u00f6ld minden hat\u00e1ra l\u00e1tta * \u00fcdv\u00f6z\u00edt\u0151 Urunknak j\u00f3s\u00e1g\u00e1t. SZENTLECKE a Zsid\u00f3khoz \u00edrt lev\u00e9lb\u0151l (Zsid 1,1-6) Isten az \u0151 Fia \u00e1ltal sz\u00f3lt hozz\u00e1nk. Testv\u00e9reim! Sok \u00edzben \u00e9s sokf\u00e9le m\u00f3don sz\u00f3lt egykor Isten az aty\u00e1khoz a pr\u00f3f\u00e9t\u00e1k szav\u00e1val. Most, a v\u00e9gs\u0151 napokban Fia \u00e1ltal sz\u00f3lt hozz\u00e1nk, akit a mindens\u00e9g \u00f6r\u00f6k\u00f6s\u00e9v\u00e9 tett, hiszen a vil\u00e1got is \u00e1ltala teremtette. Benne ragyog az Istens\u00e9g, \u0151 az Atya k\u00e9pm\u00e1sa, \u00e9s hathat\u00f3s szav\u00e1val \u0151 tartja fenn a mindens\u00e9get. Miut\u00e1n megv\u00e1ltott minket a b\u0171nt\u0151l,... R\u00e9szletek","og_url":"https:\/\/stuttgarti-katolikusok.de\/index.php\/karacsony-unnepe\/","og_site_name":"Stuttgarti Katolikusok","article_published_time":"2022-12-24T12:13:38+00:00","article_modified_time":"2023-01-05T12:17:59+00:00","og_image":[{"width":1599,"height":1009,"url":"https:\/\/stuttgarti-katolikusok.de\/wp-content\/uploads\/2022\/12\/img-20221224-wa0016.jpg","type":"image\/jpeg"}],"author":"Tibor atya","twitter_card":"summary_large_image","twitter_misc":{"Szerz\u0151:":"Tibor atya","Becs\u00fclt olvas\u00e1si id\u0151":"6 perc"},"schema":{"@context":"https:\/\/schema.org","@graph":[{"@type":"Article","@id":"https:\/\/stuttgarti-katolikusok.de\/index.php\/karacsony-unnepe\/#article","isPartOf":{"@id":"https:\/\/stuttgarti-katolikusok.de\/index.php\/karacsony-unnepe\/"},"author":{"name":"Tibor atya","@id":"https:\/\/stuttgarti-katolikusok.de\/#\/schema\/person\/75908d6f8fdc03a57889d27209df7795"},"headline":"Kar\u00e1csony \u00fcnnepe","datePublished":"2022-12-24T12:13:38+00:00","dateModified":"2023-01-05T12:17:59+00:00","mainEntityOfPage":{"@id":"https:\/\/stuttgarti-katolikusok.de\/index.php\/karacsony-unnepe\/"},"wordCount":1366,"image":{"@id":"https:\/\/stuttgarti-katolikusok.de\/index.php\/karacsony-unnepe\/#primaryimage"},"thumbnailUrl":"https:\/\/stuttgarti-katolikusok.de\/wp-content\/uploads\/2022\/12\/img-20221224-wa0016.jpg","articleSection":["Vas\u00e1rnapi gondolatok"],"inLanguage":"hu"},{"@type":"WebPage","@id":"https:\/\/stuttgarti-katolikusok.de\/index.php\/karacsony-unnepe\/","url":"https:\/\/stuttgarti-katolikusok.de\/index.php\/karacsony-unnepe\/","name":"Kar\u00e1csony \u00fcnnepe - Stuttgarti Katolikusok","isPartOf":{"@id":"https:\/\/stuttgarti-katolikusok.de\/#website"},"primaryImageOfPage":{"@id":"https:\/\/stuttgarti-katolikusok.de\/index.php\/karacsony-unnepe\/#primaryimage"},"image":{"@id":"https:\/\/stuttgarti-katolikusok.de\/index.php\/karacsony-unnepe\/#primaryimage"},"thumbnailUrl":"https:\/\/stuttgarti-katolikusok.de\/wp-content\/uploads\/2022\/12\/img-20221224-wa0016.jpg","datePublished":"2022-12-24T12:13:38+00:00","dateModified":"2023-01-05T12:17:59+00:00","author":{"@id":"https:\/\/stuttgarti-katolikusok.de\/#\/schema\/person\/75908d6f8fdc03a57889d27209df7795"},"breadcrumb":{"@id":"https:\/\/stuttgarti-katolikusok.de\/index.php\/karacsony-unnepe\/#breadcrumb"},"inLanguage":"hu","potentialAction":[{"@type":"ReadAction","target":["https:\/\/stuttgarti-katolikusok.de\/index.php\/karacsony-unnepe\/"]}]},{"@type":"ImageObject","inLanguage":"hu","@id":"https:\/\/stuttgarti-katolikusok.de\/index.php\/karacsony-unnepe\/#primaryimage","url":"https:\/\/stuttgarti-katolikusok.de\/wp-content\/uploads\/2022\/12\/img-20221224-wa0016.jpg","contentUrl":"https:\/\/stuttgarti-katolikusok.de\/wp-content\/uploads\/2022\/12\/img-20221224-wa0016.jpg","width":1599,"height":1009},{"@type":"BreadcrumbList","@id":"https:\/\/stuttgarti-katolikusok.de\/index.php\/karacsony-unnepe\/#breadcrumb","itemListElement":[{"@type":"ListItem","position":1,"name":"Kezd\u0151lap","item":"https:\/\/stuttgarti-katolikusok.de\/"},{"@type":"ListItem","position":2,"name":"Kar\u00e1csony \u00fcnnepe"}]},{"@type":"WebSite","@id":"https:\/\/stuttgarti-katolikusok.de\/#website","url":"https:\/\/stuttgarti-katolikusok.de\/","name":"Stuttgarti Katolikusok","description":"","potentialAction":[{"@type":"SearchAction","target":{"@type":"EntryPoint","urlTemplate":"https:\/\/stuttgarti-katolikusok.de\/?s={search_term_string}"},"query-input":{"@type":"PropertyValueSpecification","valueRequired":true,"valueName":"search_term_string"}}],"inLanguage":"hu"},{"@type":"Person","@id":"https:\/\/stuttgarti-katolikusok.de\/#\/schema\/person\/75908d6f8fdc03a57889d27209df7795","name":"Tibor atya","image":{"@type":"ImageObject","inLanguage":"hu","@id":"https:\/\/secure.gravatar.com\/avatar\/61d268e57d1f4525b111222e29d2d5a7f8c420fdbf231ba5566a8ceac74fa960?s=96&d=mm&r=g","url":"https:\/\/secure.gravatar.com\/avatar\/61d268e57d1f4525b111222e29d2d5a7f8c420fdbf231ba5566a8ceac74fa960?s=96&d=mm&r=g","contentUrl":"https:\/\/secure.gravatar.com\/avatar\/61d268e57d1f4525b111222e29d2d5a7f8c420fdbf231ba5566a8ceac74fa960?s=96&d=mm&r=g","caption":"Tibor atya"},"url":"https:\/\/stuttgarti-katolikusok.de\/index.php\/author\/tibor-atya\/"}]}},"_links":{"self":[{"href":"https:\/\/stuttgarti-katolikusok.de\/index.php\/wp-json\/wp\/v2\/posts\/24258","targetHints":{"allow":["GET"]}}],"collection":[{"href":"https:\/\/stuttgarti-katolikusok.de\/index.php\/wp-json\/wp\/v2\/posts"}],"about":[{"href":"https:\/\/stuttgarti-katolikusok.de\/index.php\/wp-json\/wp\/v2\/types\/post"}],"author":[{"embeddable":true,"href":"https:\/\/stuttgarti-katolikusok.de\/index.php\/wp-json\/wp\/v2\/users\/3"}],"replies":[{"embeddable":true,"href":"https:\/\/stuttgarti-katolikusok.de\/index.php\/wp-json\/wp\/v2\/comments?post=24258"}],"version-history":[{"count":1,"href":"https:\/\/stuttgarti-katolikusok.de\/index.php\/wp-json\/wp\/v2\/posts\/24258\/revisions"}],"predecessor-version":[{"id":24259,"href":"https:\/\/stuttgarti-katolikusok.de\/index.php\/wp-json\/wp\/v2\/posts\/24258\/revisions\/24259"}],"wp:featuredmedia":[{"embeddable":true,"href":"https:\/\/stuttgarti-katolikusok.de\/index.php\/wp-json\/wp\/v2\/media\/24196"}],"wp:attachment":[{"href":"https:\/\/stuttgarti-katolikusok.de\/index.php\/wp-json\/wp\/v2\/media?parent=24258"}],"wp:term":[{"taxonomy":"category","embeddable":true,"href":"https:\/\/stuttgarti-katolikusok.de\/index.php\/wp-json\/wp\/v2\/categories?post=24258"},{"taxonomy":"post_tag","embeddable":true,"href":"https:\/\/stuttgarti-katolikusok.de\/index.php\/wp-json\/wp\/v2\/tags?post=24258"}],"curies":[{"name":"wp","href":"https:\/\/api.w.org\/{rel}","templated":true}]}}