{"id":24222,"date":"2023-01-01T01:18:39","date_gmt":"2023-01-01T00:18:39","guid":{"rendered":"https:\/\/stuttgarti-katolikusok.de\/?p=24222"},"modified":"2023-01-02T13:01:09","modified_gmt":"2023-01-02T12:01:09","slug":"szentsegimadas-xvi-benedek-papa-katekezisei-alapjan","status":"publish","type":"post","link":"https:\/\/stuttgarti-katolikusok.de\/index.php\/szentsegimadas-xvi-benedek-papa-katekezisei-alapjan\/","title":{"rendered":"Szents\u00e9gim\u00e1d\u00e1s XVI. Benedek p\u00e1pa katek\u00e9zisei alapj\u00e1n"},"content":{"rendered":"<p>Az al\u00e1bbiakban egy szents\u00e9gim\u00e1d\u00e1st teszek k\u00f6zz\u00e9, amely XVI. Benedek p\u00e1papa katek\u00e9ziseib\u0151l k\u00e9sz\u00fclt.<\/p>\n<p>K\u00f6sz\u00f6net Ily\u00e9s Csaba paptestv\u00e9remnek, aki rendelkez\u00e9s\u00fcnkre bocs\u00e1totta ezt a szents\u00e9gim\u00e1d\u00e1st.<\/p>\n<a href=\"https:\/\/stuttgarti-katolikusok.de\/wp-content\/uploads\/2023\/01\/Az-ima-Szent-Pal-leveleiben-XVI.-Benedek-papa-katekezise-nyoman.pdf\" class=\"pdfemb-viewer\" style=\"\" data-width=\"max\" data-height=\"max\" data-toolbar=\"bottom\" data-toolbar-fixed=\"off\">Az ima Szent P\u00e1l leveleiben (XVI. Benedek p\u00e1pa katek\u00e9zise nyom\u00e1n)<\/a>\n","protected":false},"excerpt":{"rendered":"<p>Az al\u00e1bbiakban egy szents\u00e9gim\u00e1d\u00e1st teszek k\u00f6zz\u00e9, amely XVI. Benedek p\u00e1papa katek\u00e9ziseib\u0151l k\u00e9sz\u00fclt. K\u00f6sz\u00f6net Ily\u00e9s Csaba paptestv\u00e9remnek, aki rendelkez\u00e9s\u00fcnkre bocs\u00e1totta ezt a szents\u00e9gim\u00e1d\u00e1st.<\/p>\n","protected":false},"author":3,"featured_media":24257,"comment_status":"closed","ping_status":"closed","sticky":false,"template":"","format":"standard","meta":{"footnotes":""},"categories":[5],"tags":[],"class_list":["post-24222","post","type-post","status-publish","format-standard","has-post-thumbnail","hentry","category-hirek"],"yoast_head":"<!-- This site is optimized with the Yoast SEO plugin v27.3 - https:\/\/yoast.com\/product\/yoast-seo-wordpress\/ -->\n<title>Szents\u00e9gim\u00e1d\u00e1s XVI. Benedek p\u00e1pa katek\u00e9zisei alapj\u00e1n - Stuttgarti Katolikusok<\/title>\n<meta name=\"robots\" content=\"index, follow, max-snippet:-1, max-image-preview:large, max-video-preview:-1\" \/>\n<link rel=\"canonical\" href=\"https:\/\/stuttgarti-katolikusok.de\/index.php\/szentsegimadas-xvi-benedek-papa-katekezisei-alapjan\/\" \/>\n<meta property=\"og:locale\" content=\"hu_HU\" \/>\n<meta property=\"og:type\" content=\"article\" \/>\n<meta property=\"og:title\" content=\"Szents\u00e9gim\u00e1d\u00e1s XVI. Benedek p\u00e1pa katek\u00e9zisei alapj\u00e1n - Stuttgarti Katolikusok\" \/>\n<meta property=\"og:description\" content=\"Az al\u00e1bbiakban egy szents\u00e9gim\u00e1d\u00e1st teszek k\u00f6zz\u00e9, amely XVI. Benedek p\u00e1papa katek\u00e9ziseib\u0151l k\u00e9sz\u00fclt. K\u00f6sz\u00f6net Ily\u00e9s Csaba paptestv\u00e9remnek, aki rendelkez\u00e9s\u00fcnkre bocs\u00e1totta ezt a szents\u00e9gim\u00e1d\u00e1st.\" \/>\n<meta property=\"og:url\" content=\"https:\/\/stuttgarti-katolikusok.de\/index.php\/szentsegimadas-xvi-benedek-papa-katekezisei-alapjan\/\" \/>\n<meta property=\"og:site_name\" content=\"Stuttgarti Katolikusok\" \/>\n<meta property=\"article:published_time\" content=\"2023-01-01T00:18:39+00:00\" \/>\n<meta property=\"article:modified_time\" content=\"2023-01-02T12:01:09+00:00\" \/>\n<meta property=\"og:image\" content=\"https:\/\/stuttgarti-katolikusok.de\/wp-content\/uploads\/2023\/01\/322616233-3356553167890610-3102939743661249139-n.jpg\" \/>\n\t<meta property=\"og:image:width\" content=\"1540\" \/>\n\t<meta property=\"og:image:height\" content=\"960\" \/>\n\t<meta property=\"og:image:type\" content=\"image\/jpeg\" \/>\n<meta name=\"author\" content=\"Tibor atya\" \/>\n<meta name=\"twitter:card\" content=\"summary_large_image\" \/>\n<meta name=\"twitter:label1\" content=\"Szerz\u0151:\" \/>\n\t<meta name=\"twitter:data1\" content=\"Tibor atya\" \/>\n\t<meta name=\"twitter:label2\" content=\"Becs\u00fclt olvas\u00e1si id\u0151\" \/>\n\t<meta name=\"twitter:data2\" content=\"1 perc\" \/>\n<script type=\"application\/ld+json\" class=\"yoast-schema-graph\">{\"@context\":\"https:\\\/\\\/schema.org\",\"@graph\":[{\"@type\":\"Article\",\"@id\":\"https:\\\/\\\/stuttgarti-katolikusok.de\\\/index.php\\\/szentsegimadas-xvi-benedek-papa-katekezisei-alapjan\\\/#article\",\"isPartOf\":{\"@id\":\"https:\\\/\\\/stuttgarti-katolikusok.de\\\/index.php\\\/szentsegimadas-xvi-benedek-papa-katekezisei-alapjan\\\/\"},\"author\":{\"name\":\"Tibor atya\",\"@id\":\"https:\\\/\\\/stuttgarti-katolikusok.de\\\/#\\\/schema\\\/person\\\/75908d6f8fdc03a57889d27209df7795\"},\"headline\":\"Szents\u00e9gim\u00e1d\u00e1s XVI. Benedek p\u00e1pa katek\u00e9zisei alapj\u00e1n\",\"datePublished\":\"2023-01-01T00:18:39+00:00\",\"dateModified\":\"2023-01-02T12:01:09+00:00\",\"mainEntityOfPage\":{\"@id\":\"https:\\\/\\\/stuttgarti-katolikusok.de\\\/index.php\\\/szentsegimadas-xvi-benedek-papa-katekezisei-alapjan\\\/\"},\"wordCount\":79,\"image\":{\"@id\":\"https:\\\/\\\/stuttgarti-katolikusok.de\\\/index.php\\\/szentsegimadas-xvi-benedek-papa-katekezisei-alapjan\\\/#primaryimage\"},\"thumbnailUrl\":\"https:\\\/\\\/stuttgarti-katolikusok.de\\\/wp-content\\\/uploads\\\/2023\\\/01\\\/322616233-3356553167890610-3102939743661249139-n.jpg\",\"articleSection\":[\"H\u00edrek\"],\"inLanguage\":\"hu\"},{\"@type\":\"WebPage\",\"@id\":\"https:\\\/\\\/stuttgarti-katolikusok.de\\\/index.php\\\/szentsegimadas-xvi-benedek-papa-katekezisei-alapjan\\\/\",\"url\":\"https:\\\/\\\/stuttgarti-katolikusok.de\\\/index.php\\\/szentsegimadas-xvi-benedek-papa-katekezisei-alapjan\\\/\",\"name\":\"Szents\u00e9gim\u00e1d\u00e1s XVI. Benedek p\u00e1pa katek\u00e9zisei alapj\u00e1n - Stuttgarti Katolikusok\",\"isPartOf\":{\"@id\":\"https:\\\/\\\/stuttgarti-katolikusok.de\\\/#website\"},\"primaryImageOfPage\":{\"@id\":\"https:\\\/\\\/stuttgarti-katolikusok.de\\\/index.php\\\/szentsegimadas-xvi-benedek-papa-katekezisei-alapjan\\\/#primaryimage\"},\"image\":{\"@id\":\"https:\\\/\\\/stuttgarti-katolikusok.de\\\/index.php\\\/szentsegimadas-xvi-benedek-papa-katekezisei-alapjan\\\/#primaryimage\"},\"thumbnailUrl\":\"https:\\\/\\\/stuttgarti-katolikusok.de\\\/wp-content\\\/uploads\\\/2023\\\/01\\\/322616233-3356553167890610-3102939743661249139-n.jpg\",\"datePublished\":\"2023-01-01T00:18:39+00:00\",\"dateModified\":\"2023-01-02T12:01:09+00:00\",\"author\":{\"@id\":\"https:\\\/\\\/stuttgarti-katolikusok.de\\\/#\\\/schema\\\/person\\\/75908d6f8fdc03a57889d27209df7795\"},\"breadcrumb\":{\"@id\":\"https:\\\/\\\/stuttgarti-katolikusok.de\\\/index.php\\\/szentsegimadas-xvi-benedek-papa-katekezisei-alapjan\\\/#breadcrumb\"},\"inLanguage\":\"hu\",\"potentialAction\":[{\"@type\":\"ReadAction\",\"target\":[\"https:\\\/\\\/stuttgarti-katolikusok.de\\\/index.php\\\/szentsegimadas-xvi-benedek-papa-katekezisei-alapjan\\\/\"]}]},{\"@type\":\"ImageObject\",\"inLanguage\":\"hu\",\"@id\":\"https:\\\/\\\/stuttgarti-katolikusok.de\\\/index.php\\\/szentsegimadas-xvi-benedek-papa-katekezisei-alapjan\\\/#primaryimage\",\"url\":\"https:\\\/\\\/stuttgarti-katolikusok.de\\\/wp-content\\\/uploads\\\/2023\\\/01\\\/322616233-3356553167890610-3102939743661249139-n.jpg\",\"contentUrl\":\"https:\\\/\\\/stuttgarti-katolikusok.de\\\/wp-content\\\/uploads\\\/2023\\\/01\\\/322616233-3356553167890610-3102939743661249139-n.jpg\",\"width\":1540,\"height\":960,\"caption\":\"Rottenburg 31.12.2022 Ein Bild des emeritierten Papstes Benedikt XVI. steht im Rottenburger Dom St. Martin. Der emeritierte Papst Benedikt XVI. ist am 31.12.2022 im Alter von 95 Jahren in Rom gestorben. FOTO: ULMER Pressebildagentur xxNOxMODELxRELEASExx\"},{\"@type\":\"BreadcrumbList\",\"@id\":\"https:\\\/\\\/stuttgarti-katolikusok.de\\\/index.php\\\/szentsegimadas-xvi-benedek-papa-katekezisei-alapjan\\\/#breadcrumb\",\"itemListElement\":[{\"@type\":\"ListItem\",\"position\":1,\"name\":\"Kezd\u0151lap\",\"item\":\"https:\\\/\\\/stuttgarti-katolikusok.de\\\/\"},{\"@type\":\"ListItem\",\"position\":2,\"name\":\"Szents\u00e9gim\u00e1d\u00e1s XVI. Benedek p\u00e1pa katek\u00e9zisei alapj\u00e1n\"}]},{\"@type\":\"WebSite\",\"@id\":\"https:\\\/\\\/stuttgarti-katolikusok.de\\\/#website\",\"url\":\"https:\\\/\\\/stuttgarti-katolikusok.de\\\/\",\"name\":\"Stuttgarti Katolikusok\",\"description\":\"\",\"potentialAction\":[{\"@type\":\"SearchAction\",\"target\":{\"@type\":\"EntryPoint\",\"urlTemplate\":\"https:\\\/\\\/stuttgarti-katolikusok.de\\\/?s={search_term_string}\"},\"query-input\":{\"@type\":\"PropertyValueSpecification\",\"valueRequired\":true,\"valueName\":\"search_term_string\"}}],\"inLanguage\":\"hu\"},{\"@type\":\"Person\",\"@id\":\"https:\\\/\\\/stuttgarti-katolikusok.de\\\/#\\\/schema\\\/person\\\/75908d6f8fdc03a57889d27209df7795\",\"name\":\"Tibor atya\",\"image\":{\"@type\":\"ImageObject\",\"inLanguage\":\"hu\",\"@id\":\"https:\\\/\\\/secure.gravatar.com\\\/avatar\\\/61d268e57d1f4525b111222e29d2d5a7f8c420fdbf231ba5566a8ceac74fa960?s=96&d=mm&r=g\",\"url\":\"https:\\\/\\\/secure.gravatar.com\\\/avatar\\\/61d268e57d1f4525b111222e29d2d5a7f8c420fdbf231ba5566a8ceac74fa960?s=96&d=mm&r=g\",\"contentUrl\":\"https:\\\/\\\/secure.gravatar.com\\\/avatar\\\/61d268e57d1f4525b111222e29d2d5a7f8c420fdbf231ba5566a8ceac74fa960?s=96&d=mm&r=g\",\"caption\":\"Tibor atya\"},\"url\":\"https:\\\/\\\/stuttgarti-katolikusok.de\\\/index.php\\\/author\\\/tibor-atya\\\/\"}]}<\/script>\n<!-- \/ Yoast SEO plugin. -->","yoast_head_json":{"title":"Szents\u00e9gim\u00e1d\u00e1s XVI. Benedek p\u00e1pa katek\u00e9zisei alapj\u00e1n - Stuttgarti Katolikusok","robots":{"index":"index","follow":"follow","max-snippet":"max-snippet:-1","max-image-preview":"max-image-preview:large","max-video-preview":"max-video-preview:-1"},"canonical":"https:\/\/stuttgarti-katolikusok.de\/index.php\/szentsegimadas-xvi-benedek-papa-katekezisei-alapjan\/","og_locale":"hu_HU","og_type":"article","og_title":"Szents\u00e9gim\u00e1d\u00e1s XVI. Benedek p\u00e1pa katek\u00e9zisei alapj\u00e1n - Stuttgarti Katolikusok","og_description":"Az al\u00e1bbiakban egy szents\u00e9gim\u00e1d\u00e1st teszek k\u00f6zz\u00e9, amely XVI. Benedek p\u00e1papa katek\u00e9ziseib\u0151l k\u00e9sz\u00fclt. K\u00f6sz\u00f6net Ily\u00e9s Csaba paptestv\u00e9remnek, aki rendelkez\u00e9s\u00fcnkre bocs\u00e1totta ezt a szents\u00e9gim\u00e1d\u00e1st.","og_url":"https:\/\/stuttgarti-katolikusok.de\/index.php\/szentsegimadas-xvi-benedek-papa-katekezisei-alapjan\/","og_site_name":"Stuttgarti Katolikusok","article_published_time":"2023-01-01T00:18:39+00:00","article_modified_time":"2023-01-02T12:01:09+00:00","og_image":[{"width":1540,"height":960,"url":"https:\/\/stuttgarti-katolikusok.de\/wp-content\/uploads\/2023\/01\/322616233-3356553167890610-3102939743661249139-n.jpg","type":"image\/jpeg"}],"author":"Tibor atya","twitter_card":"summary_large_image","twitter_misc":{"Szerz\u0151:":"Tibor atya","Becs\u00fclt olvas\u00e1si id\u0151":"1 perc"},"schema":{"@context":"https:\/\/schema.org","@graph":[{"@type":"Article","@id":"https:\/\/stuttgarti-katolikusok.de\/index.php\/szentsegimadas-xvi-benedek-papa-katekezisei-alapjan\/#article","isPartOf":{"@id":"https:\/\/stuttgarti-katolikusok.de\/index.php\/szentsegimadas-xvi-benedek-papa-katekezisei-alapjan\/"},"author":{"name":"Tibor atya","@id":"https:\/\/stuttgarti-katolikusok.de\/#\/schema\/person\/75908d6f8fdc03a57889d27209df7795"},"headline":"Szents\u00e9gim\u00e1d\u00e1s XVI. Benedek p\u00e1pa katek\u00e9zisei alapj\u00e1n","datePublished":"2023-01-01T00:18:39+00:00","dateModified":"2023-01-02T12:01:09+00:00","mainEntityOfPage":{"@id":"https:\/\/stuttgarti-katolikusok.de\/index.php\/szentsegimadas-xvi-benedek-papa-katekezisei-alapjan\/"},"wordCount":79,"image":{"@id":"https:\/\/stuttgarti-katolikusok.de\/index.php\/szentsegimadas-xvi-benedek-papa-katekezisei-alapjan\/#primaryimage"},"thumbnailUrl":"https:\/\/stuttgarti-katolikusok.de\/wp-content\/uploads\/2023\/01\/322616233-3356553167890610-3102939743661249139-n.jpg","articleSection":["H\u00edrek"],"inLanguage":"hu"},{"@type":"WebPage","@id":"https:\/\/stuttgarti-katolikusok.de\/index.php\/szentsegimadas-xvi-benedek-papa-katekezisei-alapjan\/","url":"https:\/\/stuttgarti-katolikusok.de\/index.php\/szentsegimadas-xvi-benedek-papa-katekezisei-alapjan\/","name":"Szents\u00e9gim\u00e1d\u00e1s XVI. Benedek p\u00e1pa katek\u00e9zisei alapj\u00e1n - Stuttgarti Katolikusok","isPartOf":{"@id":"https:\/\/stuttgarti-katolikusok.de\/#website"},"primaryImageOfPage":{"@id":"https:\/\/stuttgarti-katolikusok.de\/index.php\/szentsegimadas-xvi-benedek-papa-katekezisei-alapjan\/#primaryimage"},"image":{"@id":"https:\/\/stuttgarti-katolikusok.de\/index.php\/szentsegimadas-xvi-benedek-papa-katekezisei-alapjan\/#primaryimage"},"thumbnailUrl":"https:\/\/stuttgarti-katolikusok.de\/wp-content\/uploads\/2023\/01\/322616233-3356553167890610-3102939743661249139-n.jpg","datePublished":"2023-01-01T00:18:39+00:00","dateModified":"2023-01-02T12:01:09+00:00","author":{"@id":"https:\/\/stuttgarti-katolikusok.de\/#\/schema\/person\/75908d6f8fdc03a57889d27209df7795"},"breadcrumb":{"@id":"https:\/\/stuttgarti-katolikusok.de\/index.php\/szentsegimadas-xvi-benedek-papa-katekezisei-alapjan\/#breadcrumb"},"inLanguage":"hu","potentialAction":[{"@type":"ReadAction","target":["https:\/\/stuttgarti-katolikusok.de\/index.php\/szentsegimadas-xvi-benedek-papa-katekezisei-alapjan\/"]}]},{"@type":"ImageObject","inLanguage":"hu","@id":"https:\/\/stuttgarti-katolikusok.de\/index.php\/szentsegimadas-xvi-benedek-papa-katekezisei-alapjan\/#primaryimage","url":"https:\/\/stuttgarti-katolikusok.de\/wp-content\/uploads\/2023\/01\/322616233-3356553167890610-3102939743661249139-n.jpg","contentUrl":"https:\/\/stuttgarti-katolikusok.de\/wp-content\/uploads\/2023\/01\/322616233-3356553167890610-3102939743661249139-n.jpg","width":1540,"height":960,"caption":"Rottenburg 31.12.2022 Ein Bild des emeritierten Papstes Benedikt XVI. steht im Rottenburger Dom St. Martin. Der emeritierte Papst Benedikt XVI. ist am 31.12.2022 im Alter von 95 Jahren in Rom gestorben. FOTO: ULMER Pressebildagentur xxNOxMODELxRELEASExx"},{"@type":"BreadcrumbList","@id":"https:\/\/stuttgarti-katolikusok.de\/index.php\/szentsegimadas-xvi-benedek-papa-katekezisei-alapjan\/#breadcrumb","itemListElement":[{"@type":"ListItem","position":1,"name":"Kezd\u0151lap","item":"https:\/\/stuttgarti-katolikusok.de\/"},{"@type":"ListItem","position":2,"name":"Szents\u00e9gim\u00e1d\u00e1s XVI. Benedek p\u00e1pa katek\u00e9zisei alapj\u00e1n"}]},{"@type":"WebSite","@id":"https:\/\/stuttgarti-katolikusok.de\/#website","url":"https:\/\/stuttgarti-katolikusok.de\/","name":"Stuttgarti Katolikusok","description":"","potentialAction":[{"@type":"SearchAction","target":{"@type":"EntryPoint","urlTemplate":"https:\/\/stuttgarti-katolikusok.de\/?s={search_term_string}"},"query-input":{"@type":"PropertyValueSpecification","valueRequired":true,"valueName":"search_term_string"}}],"inLanguage":"hu"},{"@type":"Person","@id":"https:\/\/stuttgarti-katolikusok.de\/#\/schema\/person\/75908d6f8fdc03a57889d27209df7795","name":"Tibor atya","image":{"@type":"ImageObject","inLanguage":"hu","@id":"https:\/\/secure.gravatar.com\/avatar\/61d268e57d1f4525b111222e29d2d5a7f8c420fdbf231ba5566a8ceac74fa960?s=96&d=mm&r=g","url":"https:\/\/secure.gravatar.com\/avatar\/61d268e57d1f4525b111222e29d2d5a7f8c420fdbf231ba5566a8ceac74fa960?s=96&d=mm&r=g","contentUrl":"https:\/\/secure.gravatar.com\/avatar\/61d268e57d1f4525b111222e29d2d5a7f8c420fdbf231ba5566a8ceac74fa960?s=96&d=mm&r=g","caption":"Tibor atya"},"url":"https:\/\/stuttgarti-katolikusok.de\/index.php\/author\/tibor-atya\/"}]}},"_links":{"self":[{"href":"https:\/\/stuttgarti-katolikusok.de\/index.php\/wp-json\/wp\/v2\/posts\/24222","targetHints":{"allow":["GET"]}}],"collection":[{"href":"https:\/\/stuttgarti-katolikusok.de\/index.php\/wp-json\/wp\/v2\/posts"}],"about":[{"href":"https:\/\/stuttgarti-katolikusok.de\/index.php\/wp-json\/wp\/v2\/types\/post"}],"author":[{"embeddable":true,"href":"https:\/\/stuttgarti-katolikusok.de\/index.php\/wp-json\/wp\/v2\/users\/3"}],"replies":[{"embeddable":true,"href":"https:\/\/stuttgarti-katolikusok.de\/index.php\/wp-json\/wp\/v2\/comments?post=24222"}],"version-history":[{"count":1,"href":"https:\/\/stuttgarti-katolikusok.de\/index.php\/wp-json\/wp\/v2\/posts\/24222\/revisions"}],"predecessor-version":[{"id":24225,"href":"https:\/\/stuttgarti-katolikusok.de\/index.php\/wp-json\/wp\/v2\/posts\/24222\/revisions\/24225"}],"wp:featuredmedia":[{"embeddable":true,"href":"https:\/\/stuttgarti-katolikusok.de\/index.php\/wp-json\/wp\/v2\/media\/24257"}],"wp:attachment":[{"href":"https:\/\/stuttgarti-katolikusok.de\/index.php\/wp-json\/wp\/v2\/media?parent=24222"}],"wp:term":[{"taxonomy":"category","embeddable":true,"href":"https:\/\/stuttgarti-katolikusok.de\/index.php\/wp-json\/wp\/v2\/categories?post=24222"},{"taxonomy":"post_tag","embeddable":true,"href":"https:\/\/stuttgarti-katolikusok.de\/index.php\/wp-json\/wp\/v2\/tags?post=24222"}],"curies":[{"name":"wp","href":"https:\/\/api.w.org\/{rel}","templated":true}]}}