{"id":24192,"date":"2022-12-24T01:17:28","date_gmt":"2022-12-24T00:17:28","guid":{"rendered":"https:\/\/stuttgarti-katolikusok.de\/?p=24192"},"modified":"2022-12-24T01:17:28","modified_gmt":"2022-12-24T00:17:28","slug":"a-baratsagklub-adventi-talalkozoja","status":"publish","type":"post","link":"https:\/\/stuttgarti-katolikusok.de\/index.php\/a-baratsagklub-adventi-talalkozoja\/","title":{"rendered":"A Bar\u00e1ts\u00e1gklub adventi tal\u00e1lkoz\u00f3ja"},"content":{"rendered":"<p>\u201e<em>Megsz\u00e1ll egy titkos gy\u00f6ny\u00f6r\u0171 ig\u00e9zet, <\/em><\/p>\n<p><em>Ilyenkor decemberben<\/em>\u201c, \u00edrja Juh\u00e1sz Gyula <em>Kar\u00e1csony fel\u00e9 <\/em>c\u00edm\u0171 vers\u00e9ben.<\/p>\n<p>A pand\u00e9mia idej\u00e9ben a Bar\u00e1ts\u00e1gklub l\u00e9tsz\u00e1mban megfogyatkozott. \u00c9ppen ez\u00e9rt nagy \u00f6r\u00f6mmel k\u00e9sz\u00fclt\u00fcnk imm\u00e1r a m\u00e1sodik tal\u00e1lkoz\u00f3ra. Az id\u0151pontot advent harmadik, az \u201e\u00f6r\u00f6m\u201c het\u00e9re tervezt\u00fck.<\/p>\n<p>A t\u00e9l kem\u00e9ny fog\u00e1t csikorgatta ezen a d\u00e9lut\u00e1non: szokatlan hideg volt \u00e9s a h\u00f3, a cs\u00fasz\u00f3s utak, a korai s\u00f6t\u00e9ts\u00e9g gy\u00e9r l\u00e9tsz\u00e1mra utaltak. \u00c1m a lelkes tagok ezt meghazudtolt\u00e1k, mert bizony igen sz\u00e9p l\u00e9tsz\u00e1mban j\u00f6tt\u00fcnk \u00f6ssze, t\u00f6bb mint h\u00faszan. Egyesek hossz\u00fa utat v\u00e1llaltak magukra, hogy elj\u00f6hessenek.<\/p>\n<p>A meleg teremben ismer\u0151s, ismeretlen \u2013 mind \u00f6r\u00fclt\u00fcnk egym\u00e1snak. Egy bar\u00e1ts\u00e1gos \u00fcdv\u00f6zl\u00e9s, sz\u00edv\u00e9lyes \u00f6lel\u00e9s, egy\u00fctt\u00e9rz\u0151 \u00e9rdekl\u0151d\u00e9s \u2013 ahogy Erika eml\u00edtette a \u201epozit\u00edv energia\u201c \u00f6lelte k\u00f6r\u00fcl kis t\u00e1rsas\u00e1gunkat. Ezt al\u00e1t\u00e1masztotta a kezdeti koccint\u00e1s. A szesz \u00e1tf\u00e1zott test\u00fcnket, a bar\u00e1ti szavak lelk\u00fcnket meleg\u00edtett\u00e9k fel. J\u00f3kedv\u0171 cseveg\u00e9ssel \u00fclt\u00fcnk le a szeretettel d\u00edsz\u00edtett asztal mell\u00e9. Szorgos kezeknek siker\u00fclt kar\u00e1csonyi atmoszf\u00e9r\u00e1t var\u00e1zsolni a teremben. Mindenki hozott k\u00fcl\u00f6nb\u00f6z\u0151 finoms\u00e1gokat is \u00e9s \u00edgy a ter\u00edtett asztal hamarosan mindenf\u00e9le f\u00f6ldi j\u00f3val telt meg.<\/p>\n<p>Izgatottan v\u00e1rtuk a bejelentett programot, k\u00edv\u00e1ncsiak voltunk a felolvas\u00e1sokra \u00e9s a zen\u00e9re. Gyerekes \u00f6r\u00f6mmel fedezt\u00fck fel a hangszereket. Nem kellett sok\u00e1ig v\u00e1rni: M\u00e1ria Magdolna csod\u00e1latos hangj\u00e1val erd\u00e9lyi dalokkal gazdag\u00edtotta a d\u00e9lut\u00e1nt. A r\u00e9szben git\u00e1rral kis\u00e9rt, t\u00f6bbnyire sz\u00e1munkra ismeretlen dallamokat, sz\u00f6vegeket egyre t\u00f6bben k\u00f6vett\u00fck, felid\u00e9zve a betlehemesek hagyom\u00e1ny\u00e1t. Azt\u00e1n zongorakis\u00e9rettel sok ismert hagyom\u00e1nyos gy\u00f6ny\u00f6r\u0171 magyar kar\u00e1csonyi \u00e9neket \u00e9nekelt\u00fcnk lelkesen.<\/p>\n<p>Dalol\u00e1s \u00e9s felolvas\u00e1s k\u00f6vette egym\u00e1st.<\/p>\n<p>Az egy\u00e9ni m\u00f3don kiv\u00e1lasztott meghat\u00f3 sz\u00f6vegek felolvas\u00e1s\u00e1t, sz\u00e9ps\u00e9g\u00e9t, komoly, meghitt csendben, elgondolkozva, megillet\u0151dve, olykor k\u00f6nnyes szemmel k\u00f6vett\u00fck.<\/p>\n<p>Az id\u0151 gyorsan eltelt \u00e9s egyesek m\u00e1r a haza\u00fatra k\u00e9sz\u00fcltek, de azt megel\u0151zve m\u00e9g a tervezett aj\u00e1nd\u00e9koz\u00e1s k\u00f6vetkezett. Izgatott csere-bere t\u00f6lt\u00f6tte be a termet. Elgondolkoztam az aj\u00e1nd\u00e9koz\u00e1s \u00e9rtelm\u00e9n: hogy milyen mell\u00e9kes az aj\u00e1nd\u00e9kozott t\u00e1rgy, a l\u00e9nyeg, hogy magunkb\u00f3l adunk valamit \u2026<\/p>\n<p>Gy\u00f6ny\u00f6r\u0171 gondolat: mindenki a Szent Csal\u00e1dot vihette mag\u00e1val di\u00f3h\u00e9jban.<\/p>\n<p><em>\u201eCsak ketten legy\u00fcnk egy\u00fctt, ketten h\u00e1rman: M\u00e1r kivirul a lelkek tavasza. Csak n\u00e9h\u00e1nyan, egy kicsike kis zugban, s az a kis z\u00fag, az lesz a haza.\u201c, <\/em>\u00edrja Rem\u00e9nyik S\u00e1ndor. Ezen a d\u00e9lut\u00e1non \u00e9s minden m\u00e1s \u00f6sszej\u00f6vetelen haz\u00e1t teremt\u00fcnk az idegenben. Adja a j\u00f3 Isten, hogy min\u00e9l t\u00f6bben h\u00e1l\u00e1san felismerj\u00e9k, micsoda \u00e9rt\u00e9k a mi magyar katolikus k\u00f6z\u00f6ss\u00e9g\u00fcnk!<\/p>\n<p><em>\u00a0<\/em>\u00datraval\u00f3k\u00e9nt azt k\u00edv\u00e1nom: \u0150rizz\u00fck meg adventi \u00f6sszej\u00f6vetel\u00fcnk meghitt hangulat\u00e1t \u00e9s a kar\u00e1csony szelleme k\u00eds\u00e9rjen mindannyiunkat az \u00faj esztend\u0151ben!<\/p>\n<p>Juh\u00e1sz Gyula szavaival \u00e9lve:<\/p>\n<p><em>\u201eLegy\u00fcnk h\u00e1t jobbak, s higgy\u00fcnk rend\u00fcletlen,<\/em><\/p>\n<p><em>S ne csak \u00edgy decemberben.\u201c <\/em><\/p>\n<p><em>Hal\u00e1szy Erzs\u00e9bet<\/em><\/p>\n","protected":false},"excerpt":{"rendered":"<p>\u201eMegsz\u00e1ll egy titkos gy\u00f6ny\u00f6r\u0171 ig\u00e9zet, Ilyenkor decemberben\u201c, \u00edrja Juh\u00e1sz Gyula Kar\u00e1csony fel\u00e9 c\u00edm\u0171 vers\u00e9ben. A pand\u00e9mia idej\u00e9ben a Bar\u00e1ts\u00e1gklub l\u00e9tsz\u00e1mban megfogyatkozott. \u00c9ppen ez\u00e9rt nagy \u00f6r\u00f6mmel k\u00e9sz\u00fclt\u00fcnk imm\u00e1r a m\u00e1sodik tal\u00e1lkoz\u00f3ra. Az id\u0151pontot advent harmadik, az \u201e\u00f6r\u00f6m\u201c het\u00e9re tervezt\u00fck. A t\u00e9l kem\u00e9ny fog\u00e1t csikorgatta ezen a d\u00e9lut\u00e1non: szokatlan hideg volt \u00e9s a h\u00f3, a cs\u00fasz\u00f3s utak, a korai s\u00f6t\u00e9ts\u00e9g gy\u00e9r l\u00e9tsz\u00e1mra utaltak. \u00c1m a lelkes tagok ezt meghazudtolt\u00e1k, mert bizony igen sz\u00e9p l\u00e9tsz\u00e1mban j\u00f6tt\u00fcnk \u00f6ssze, t\u00f6bb mint h\u00faszan. Egyesek hossz\u00fa utat v\u00e1llaltak magukra, hogy elj\u00f6hessenek. A meleg teremben ismer\u0151s, ismeretlen \u2013 mind \u00f6r\u00fclt\u00fcnk egym\u00e1snak. Egy bar\u00e1ts\u00e1gos \u00fcdv\u00f6zl\u00e9s, sz\u00edv\u00e9lyes \u00f6lel\u00e9s, egy\u00fctt\u00e9rz\u0151 \u00e9rdekl\u0151d\u00e9s \u2013 ahogy Erika eml\u00edtette a \u201epozit\u00edv energia\u201c \u00f6lelte k\u00f6r\u00fcl kis t\u00e1rsas\u00e1gunkat. Ezt al\u00e1t\u00e1masztotta a kezdeti koccint\u00e1s. A szesz \u00e1tf\u00e1zott test\u00fcnket, a bar\u00e1ti szavak lelk\u00fcnket meleg\u00edtett\u00e9k fel. J\u00f3kedv\u0171 cseveg\u00e9ssel \u00fclt\u00fcnk le a szeretettel d\u00edsz\u00edtett asztal mell\u00e9. Szorgos kezeknek siker\u00fclt kar\u00e1csonyi atmoszf\u00e9r\u00e1t var\u00e1zsolni a teremben. Mindenki hozott k\u00fcl\u00f6nb\u00f6z\u0151 finoms\u00e1gokat is \u00e9s \u00edgy a ter\u00edtett asztal hamarosan mindenf\u00e9le f\u00f6ldi j\u00f3val telt meg. Izgatottan v\u00e1rtuk a bejelentett programot, k\u00edv\u00e1ncsiak voltunk a felolvas\u00e1sokra \u00e9s a zen\u00e9re. Gyerekes \u00f6r\u00f6mmel fedezt\u00fck fel a hangszereket. Nem kellett sok\u00e1ig v\u00e1rni: M\u00e1ria Magdolna csod\u00e1latos hangj\u00e1val erd\u00e9lyi dalokkal gazdag\u00edtotta a d\u00e9lut\u00e1nt. A r\u00e9szben git\u00e1rral kis\u00e9rt, t\u00f6bbnyire sz\u00e1munkra ismeretlen dallamokat, sz\u00f6vegeket egyre t\u00f6bben k\u00f6vett\u00fck, felid\u00e9zve a betlehemesek hagyom\u00e1ny\u00e1t. Azt\u00e1n zongorakis\u00e9rettel sok ismert hagyom\u00e1nyos gy\u00f6ny\u00f6r\u0171 magyar kar\u00e1csonyi \u00e9neket \u00e9nekelt\u00fcnk lelkesen. Dalol\u00e1s \u00e9s felolvas\u00e1s k\u00f6vette egym\u00e1st. Az egy\u00e9ni m\u00f3don kiv\u00e1lasztott meghat\u00f3 sz\u00f6vegek felolvas\u00e1s\u00e1t, sz\u00e9ps\u00e9g\u00e9t, komoly, meghitt csendben, elgondolkozva, megillet\u0151dve, olykor k\u00f6nnyes szemmel k\u00f6vett\u00fck. Az id\u0151 gyorsan eltelt \u00e9s egyesek m\u00e1r a haza\u00fatra k\u00e9sz\u00fcltek, de azt megel\u0151zve m\u00e9g a tervezett aj\u00e1nd\u00e9koz\u00e1s k\u00f6vetkezett. Izgatott csere-bere t\u00f6lt\u00f6tte be a termet. Elgondolkoztam az aj\u00e1nd\u00e9koz\u00e1s \u00e9rtelm\u00e9n: hogy milyen mell\u00e9kes az aj\u00e1nd\u00e9kozott t\u00e1rgy, a l\u00e9nyeg, hogy magunkb\u00f3l adunk valamit \u2026 Gy\u00f6ny\u00f6r\u0171 gondolat: mindenki a Szent Csal\u00e1dot vihette mag\u00e1val di\u00f3h\u00e9jban. \u201eCsak ketten legy\u00fcnk egy\u00fctt, ketten h\u00e1rman: M\u00e1r kivirul a lelkek tavasza&#8230;. <\/p>\n<p><a class=\"readmore\" href=\"https:\/\/stuttgarti-katolikusok.de\/index.php\/a-baratsagklub-adventi-talalkozoja\/\">R\u00e9szletek<\/a><\/p>\n","protected":false},"author":3,"featured_media":24193,"comment_status":"closed","ping_status":"closed","sticky":false,"template":"","format":"standard","meta":{"footnotes":""},"categories":[28],"tags":[],"class_list":["post-24192","post","type-post","status-publish","format-standard","has-post-thumbnail","hentry","category-olvasoink-irjak"],"yoast_head":"<!-- This site is optimized with the Yoast SEO plugin v27.3 - https:\/\/yoast.com\/product\/yoast-seo-wordpress\/ -->\n<title>A Bar\u00e1ts\u00e1gklub adventi tal\u00e1lkoz\u00f3ja - Stuttgarti Katolikusok<\/title>\n<meta name=\"robots\" content=\"index, follow, max-snippet:-1, max-image-preview:large, max-video-preview:-1\" \/>\n<link rel=\"canonical\" href=\"https:\/\/stuttgarti-katolikusok.de\/index.php\/a-baratsagklub-adventi-talalkozoja\/\" \/>\n<meta property=\"og:locale\" content=\"hu_HU\" \/>\n<meta property=\"og:type\" content=\"article\" \/>\n<meta property=\"og:title\" content=\"A Bar\u00e1ts\u00e1gklub adventi tal\u00e1lkoz\u00f3ja - Stuttgarti Katolikusok\" \/>\n<meta property=\"og:description\" content=\"\u201eMegsz\u00e1ll egy titkos gy\u00f6ny\u00f6r\u0171 ig\u00e9zet, Ilyenkor decemberben\u201c, \u00edrja Juh\u00e1sz Gyula Kar\u00e1csony fel\u00e9 c\u00edm\u0171 vers\u00e9ben. A pand\u00e9mia idej\u00e9ben a Bar\u00e1ts\u00e1gklub l\u00e9tsz\u00e1mban megfogyatkozott. \u00c9ppen ez\u00e9rt nagy \u00f6r\u00f6mmel k\u00e9sz\u00fclt\u00fcnk imm\u00e1r a m\u00e1sodik tal\u00e1lkoz\u00f3ra. Az id\u0151pontot advent harmadik, az \u201e\u00f6r\u00f6m\u201c het\u00e9re tervezt\u00fck. A t\u00e9l kem\u00e9ny fog\u00e1t csikorgatta ezen a d\u00e9lut\u00e1non: szokatlan hideg volt \u00e9s a h\u00f3, a cs\u00fasz\u00f3s utak, a korai s\u00f6t\u00e9ts\u00e9g gy\u00e9r l\u00e9tsz\u00e1mra utaltak. \u00c1m a lelkes tagok ezt meghazudtolt\u00e1k, mert bizony igen sz\u00e9p l\u00e9tsz\u00e1mban j\u00f6tt\u00fcnk \u00f6ssze, t\u00f6bb mint h\u00faszan. Egyesek hossz\u00fa utat v\u00e1llaltak magukra, hogy elj\u00f6hessenek. A meleg teremben ismer\u0151s, ismeretlen \u2013 mind \u00f6r\u00fclt\u00fcnk egym\u00e1snak. Egy bar\u00e1ts\u00e1gos \u00fcdv\u00f6zl\u00e9s, sz\u00edv\u00e9lyes \u00f6lel\u00e9s, egy\u00fctt\u00e9rz\u0151 \u00e9rdekl\u0151d\u00e9s \u2013 ahogy Erika eml\u00edtette a \u201epozit\u00edv energia\u201c \u00f6lelte k\u00f6r\u00fcl kis t\u00e1rsas\u00e1gunkat. Ezt al\u00e1t\u00e1masztotta a kezdeti koccint\u00e1s. A szesz \u00e1tf\u00e1zott test\u00fcnket, a bar\u00e1ti szavak lelk\u00fcnket meleg\u00edtett\u00e9k fel. J\u00f3kedv\u0171 cseveg\u00e9ssel \u00fclt\u00fcnk le a szeretettel d\u00edsz\u00edtett asztal mell\u00e9. Szorgos kezeknek siker\u00fclt kar\u00e1csonyi atmoszf\u00e9r\u00e1t var\u00e1zsolni a teremben. Mindenki hozott k\u00fcl\u00f6nb\u00f6z\u0151 finoms\u00e1gokat is \u00e9s \u00edgy a ter\u00edtett asztal hamarosan mindenf\u00e9le f\u00f6ldi j\u00f3val telt meg. Izgatottan v\u00e1rtuk a bejelentett programot, k\u00edv\u00e1ncsiak voltunk a felolvas\u00e1sokra \u00e9s a zen\u00e9re. Gyerekes \u00f6r\u00f6mmel fedezt\u00fck fel a hangszereket. Nem kellett sok\u00e1ig v\u00e1rni: M\u00e1ria Magdolna csod\u00e1latos hangj\u00e1val erd\u00e9lyi dalokkal gazdag\u00edtotta a d\u00e9lut\u00e1nt. A r\u00e9szben git\u00e1rral kis\u00e9rt, t\u00f6bbnyire sz\u00e1munkra ismeretlen dallamokat, sz\u00f6vegeket egyre t\u00f6bben k\u00f6vett\u00fck, felid\u00e9zve a betlehemesek hagyom\u00e1ny\u00e1t. Azt\u00e1n zongorakis\u00e9rettel sok ismert hagyom\u00e1nyos gy\u00f6ny\u00f6r\u0171 magyar kar\u00e1csonyi \u00e9neket \u00e9nekelt\u00fcnk lelkesen. Dalol\u00e1s \u00e9s felolvas\u00e1s k\u00f6vette egym\u00e1st. Az egy\u00e9ni m\u00f3don kiv\u00e1lasztott meghat\u00f3 sz\u00f6vegek felolvas\u00e1s\u00e1t, sz\u00e9ps\u00e9g\u00e9t, komoly, meghitt csendben, elgondolkozva, megillet\u0151dve, olykor k\u00f6nnyes szemmel k\u00f6vett\u00fck. Az id\u0151 gyorsan eltelt \u00e9s egyesek m\u00e1r a haza\u00fatra k\u00e9sz\u00fcltek, de azt megel\u0151zve m\u00e9g a tervezett aj\u00e1nd\u00e9koz\u00e1s k\u00f6vetkezett. Izgatott csere-bere t\u00f6lt\u00f6tte be a termet. Elgondolkoztam az aj\u00e1nd\u00e9koz\u00e1s \u00e9rtelm\u00e9n: hogy milyen mell\u00e9kes az aj\u00e1nd\u00e9kozott t\u00e1rgy, a l\u00e9nyeg, hogy magunkb\u00f3l adunk valamit \u2026 Gy\u00f6ny\u00f6r\u0171 gondolat: mindenki a Szent Csal\u00e1dot vihette mag\u00e1val di\u00f3h\u00e9jban. \u201eCsak ketten legy\u00fcnk egy\u00fctt, ketten h\u00e1rman: M\u00e1r kivirul a lelkek tavasza.... R\u00e9szletek\" \/>\n<meta property=\"og:url\" content=\"https:\/\/stuttgarti-katolikusok.de\/index.php\/a-baratsagklub-adventi-talalkozoja\/\" \/>\n<meta property=\"og:site_name\" content=\"Stuttgarti Katolikusok\" \/>\n<meta property=\"article:published_time\" content=\"2022-12-24T00:17:28+00:00\" \/>\n<meta property=\"og:image\" content=\"https:\/\/stuttgarti-katolikusok.de\/wp-content\/uploads\/2022\/12\/baratsagklub-advent.jpg\" \/>\n\t<meta property=\"og:image:width\" content=\"2000\" \/>\n\t<meta property=\"og:image:height\" content=\"1500\" \/>\n\t<meta property=\"og:image:type\" content=\"image\/jpeg\" \/>\n<meta name=\"author\" content=\"Tibor atya\" \/>\n<meta name=\"twitter:card\" content=\"summary_large_image\" \/>\n<meta name=\"twitter:label1\" content=\"Szerz\u0151:\" \/>\n\t<meta name=\"twitter:data1\" content=\"Tibor atya\" \/>\n\t<meta name=\"twitter:label2\" content=\"Becs\u00fclt olvas\u00e1si id\u0151\" \/>\n\t<meta name=\"twitter:data2\" content=\"3 perc\" \/>\n<script type=\"application\/ld+json\" class=\"yoast-schema-graph\">{\"@context\":\"https:\\\/\\\/schema.org\",\"@graph\":[{\"@type\":\"Article\",\"@id\":\"https:\\\/\\\/stuttgarti-katolikusok.de\\\/index.php\\\/a-baratsagklub-adventi-talalkozoja\\\/#article\",\"isPartOf\":{\"@id\":\"https:\\\/\\\/stuttgarti-katolikusok.de\\\/index.php\\\/a-baratsagklub-adventi-talalkozoja\\\/\"},\"author\":{\"name\":\"Tibor atya\",\"@id\":\"https:\\\/\\\/stuttgarti-katolikusok.de\\\/#\\\/schema\\\/person\\\/75908d6f8fdc03a57889d27209df7795\"},\"headline\":\"A Bar\u00e1ts\u00e1gklub adventi tal\u00e1lkoz\u00f3ja\",\"datePublished\":\"2022-12-24T00:17:28+00:00\",\"mainEntityOfPage\":{\"@id\":\"https:\\\/\\\/stuttgarti-katolikusok.de\\\/index.php\\\/a-baratsagklub-adventi-talalkozoja\\\/\"},\"wordCount\":607,\"image\":{\"@id\":\"https:\\\/\\\/stuttgarti-katolikusok.de\\\/index.php\\\/a-baratsagklub-adventi-talalkozoja\\\/#primaryimage\"},\"thumbnailUrl\":\"https:\\\/\\\/stuttgarti-katolikusok.de\\\/wp-content\\\/uploads\\\/2022\\\/12\\\/baratsagklub-advent.jpg\",\"articleSection\":[\"Olvas\u00f3ink \u00edrj\u00e1k\"],\"inLanguage\":\"hu\"},{\"@type\":\"WebPage\",\"@id\":\"https:\\\/\\\/stuttgarti-katolikusok.de\\\/index.php\\\/a-baratsagklub-adventi-talalkozoja\\\/\",\"url\":\"https:\\\/\\\/stuttgarti-katolikusok.de\\\/index.php\\\/a-baratsagklub-adventi-talalkozoja\\\/\",\"name\":\"A Bar\u00e1ts\u00e1gklub adventi tal\u00e1lkoz\u00f3ja - Stuttgarti Katolikusok\",\"isPartOf\":{\"@id\":\"https:\\\/\\\/stuttgarti-katolikusok.de\\\/#website\"},\"primaryImageOfPage\":{\"@id\":\"https:\\\/\\\/stuttgarti-katolikusok.de\\\/index.php\\\/a-baratsagklub-adventi-talalkozoja\\\/#primaryimage\"},\"image\":{\"@id\":\"https:\\\/\\\/stuttgarti-katolikusok.de\\\/index.php\\\/a-baratsagklub-adventi-talalkozoja\\\/#primaryimage\"},\"thumbnailUrl\":\"https:\\\/\\\/stuttgarti-katolikusok.de\\\/wp-content\\\/uploads\\\/2022\\\/12\\\/baratsagklub-advent.jpg\",\"datePublished\":\"2022-12-24T00:17:28+00:00\",\"author\":{\"@id\":\"https:\\\/\\\/stuttgarti-katolikusok.de\\\/#\\\/schema\\\/person\\\/75908d6f8fdc03a57889d27209df7795\"},\"breadcrumb\":{\"@id\":\"https:\\\/\\\/stuttgarti-katolikusok.de\\\/index.php\\\/a-baratsagklub-adventi-talalkozoja\\\/#breadcrumb\"},\"inLanguage\":\"hu\",\"potentialAction\":[{\"@type\":\"ReadAction\",\"target\":[\"https:\\\/\\\/stuttgarti-katolikusok.de\\\/index.php\\\/a-baratsagklub-adventi-talalkozoja\\\/\"]}]},{\"@type\":\"ImageObject\",\"inLanguage\":\"hu\",\"@id\":\"https:\\\/\\\/stuttgarti-katolikusok.de\\\/index.php\\\/a-baratsagklub-adventi-talalkozoja\\\/#primaryimage\",\"url\":\"https:\\\/\\\/stuttgarti-katolikusok.de\\\/wp-content\\\/uploads\\\/2022\\\/12\\\/baratsagklub-advent.jpg\",\"contentUrl\":\"https:\\\/\\\/stuttgarti-katolikusok.de\\\/wp-content\\\/uploads\\\/2022\\\/12\\\/baratsagklub-advent.jpg\",\"width\":2000,\"height\":1500},{\"@type\":\"BreadcrumbList\",\"@id\":\"https:\\\/\\\/stuttgarti-katolikusok.de\\\/index.php\\\/a-baratsagklub-adventi-talalkozoja\\\/#breadcrumb\",\"itemListElement\":[{\"@type\":\"ListItem\",\"position\":1,\"name\":\"Kezd\u0151lap\",\"item\":\"https:\\\/\\\/stuttgarti-katolikusok.de\\\/\"},{\"@type\":\"ListItem\",\"position\":2,\"name\":\"A Bar\u00e1ts\u00e1gklub adventi tal\u00e1lkoz\u00f3ja\"}]},{\"@type\":\"WebSite\",\"@id\":\"https:\\\/\\\/stuttgarti-katolikusok.de\\\/#website\",\"url\":\"https:\\\/\\\/stuttgarti-katolikusok.de\\\/\",\"name\":\"Stuttgarti Katolikusok\",\"description\":\"\",\"potentialAction\":[{\"@type\":\"SearchAction\",\"target\":{\"@type\":\"EntryPoint\",\"urlTemplate\":\"https:\\\/\\\/stuttgarti-katolikusok.de\\\/?s={search_term_string}\"},\"query-input\":{\"@type\":\"PropertyValueSpecification\",\"valueRequired\":true,\"valueName\":\"search_term_string\"}}],\"inLanguage\":\"hu\"},{\"@type\":\"Person\",\"@id\":\"https:\\\/\\\/stuttgarti-katolikusok.de\\\/#\\\/schema\\\/person\\\/75908d6f8fdc03a57889d27209df7795\",\"name\":\"Tibor atya\",\"image\":{\"@type\":\"ImageObject\",\"inLanguage\":\"hu\",\"@id\":\"https:\\\/\\\/secure.gravatar.com\\\/avatar\\\/61d268e57d1f4525b111222e29d2d5a7f8c420fdbf231ba5566a8ceac74fa960?s=96&d=mm&r=g\",\"url\":\"https:\\\/\\\/secure.gravatar.com\\\/avatar\\\/61d268e57d1f4525b111222e29d2d5a7f8c420fdbf231ba5566a8ceac74fa960?s=96&d=mm&r=g\",\"contentUrl\":\"https:\\\/\\\/secure.gravatar.com\\\/avatar\\\/61d268e57d1f4525b111222e29d2d5a7f8c420fdbf231ba5566a8ceac74fa960?s=96&d=mm&r=g\",\"caption\":\"Tibor atya\"},\"url\":\"https:\\\/\\\/stuttgarti-katolikusok.de\\\/index.php\\\/author\\\/tibor-atya\\\/\"}]}<\/script>\n<!-- \/ Yoast SEO plugin. -->","yoast_head_json":{"title":"A Bar\u00e1ts\u00e1gklub adventi tal\u00e1lkoz\u00f3ja - Stuttgarti Katolikusok","robots":{"index":"index","follow":"follow","max-snippet":"max-snippet:-1","max-image-preview":"max-image-preview:large","max-video-preview":"max-video-preview:-1"},"canonical":"https:\/\/stuttgarti-katolikusok.de\/index.php\/a-baratsagklub-adventi-talalkozoja\/","og_locale":"hu_HU","og_type":"article","og_title":"A Bar\u00e1ts\u00e1gklub adventi tal\u00e1lkoz\u00f3ja - Stuttgarti Katolikusok","og_description":"\u201eMegsz\u00e1ll egy titkos gy\u00f6ny\u00f6r\u0171 ig\u00e9zet, Ilyenkor decemberben\u201c, \u00edrja Juh\u00e1sz Gyula Kar\u00e1csony fel\u00e9 c\u00edm\u0171 vers\u00e9ben. A pand\u00e9mia idej\u00e9ben a Bar\u00e1ts\u00e1gklub l\u00e9tsz\u00e1mban megfogyatkozott. \u00c9ppen ez\u00e9rt nagy \u00f6r\u00f6mmel k\u00e9sz\u00fclt\u00fcnk imm\u00e1r a m\u00e1sodik tal\u00e1lkoz\u00f3ra. Az id\u0151pontot advent harmadik, az \u201e\u00f6r\u00f6m\u201c het\u00e9re tervezt\u00fck. A t\u00e9l kem\u00e9ny fog\u00e1t csikorgatta ezen a d\u00e9lut\u00e1non: szokatlan hideg volt \u00e9s a h\u00f3, a cs\u00fasz\u00f3s utak, a korai s\u00f6t\u00e9ts\u00e9g gy\u00e9r l\u00e9tsz\u00e1mra utaltak. \u00c1m a lelkes tagok ezt meghazudtolt\u00e1k, mert bizony igen sz\u00e9p l\u00e9tsz\u00e1mban j\u00f6tt\u00fcnk \u00f6ssze, t\u00f6bb mint h\u00faszan. Egyesek hossz\u00fa utat v\u00e1llaltak magukra, hogy elj\u00f6hessenek. A meleg teremben ismer\u0151s, ismeretlen \u2013 mind \u00f6r\u00fclt\u00fcnk egym\u00e1snak. Egy bar\u00e1ts\u00e1gos \u00fcdv\u00f6zl\u00e9s, sz\u00edv\u00e9lyes \u00f6lel\u00e9s, egy\u00fctt\u00e9rz\u0151 \u00e9rdekl\u0151d\u00e9s \u2013 ahogy Erika eml\u00edtette a \u201epozit\u00edv energia\u201c \u00f6lelte k\u00f6r\u00fcl kis t\u00e1rsas\u00e1gunkat. Ezt al\u00e1t\u00e1masztotta a kezdeti koccint\u00e1s. A szesz \u00e1tf\u00e1zott test\u00fcnket, a bar\u00e1ti szavak lelk\u00fcnket meleg\u00edtett\u00e9k fel. J\u00f3kedv\u0171 cseveg\u00e9ssel \u00fclt\u00fcnk le a szeretettel d\u00edsz\u00edtett asztal mell\u00e9. Szorgos kezeknek siker\u00fclt kar\u00e1csonyi atmoszf\u00e9r\u00e1t var\u00e1zsolni a teremben. Mindenki hozott k\u00fcl\u00f6nb\u00f6z\u0151 finoms\u00e1gokat is \u00e9s \u00edgy a ter\u00edtett asztal hamarosan mindenf\u00e9le f\u00f6ldi j\u00f3val telt meg. Izgatottan v\u00e1rtuk a bejelentett programot, k\u00edv\u00e1ncsiak voltunk a felolvas\u00e1sokra \u00e9s a zen\u00e9re. Gyerekes \u00f6r\u00f6mmel fedezt\u00fck fel a hangszereket. Nem kellett sok\u00e1ig v\u00e1rni: M\u00e1ria Magdolna csod\u00e1latos hangj\u00e1val erd\u00e9lyi dalokkal gazdag\u00edtotta a d\u00e9lut\u00e1nt. A r\u00e9szben git\u00e1rral kis\u00e9rt, t\u00f6bbnyire sz\u00e1munkra ismeretlen dallamokat, sz\u00f6vegeket egyre t\u00f6bben k\u00f6vett\u00fck, felid\u00e9zve a betlehemesek hagyom\u00e1ny\u00e1t. Azt\u00e1n zongorakis\u00e9rettel sok ismert hagyom\u00e1nyos gy\u00f6ny\u00f6r\u0171 magyar kar\u00e1csonyi \u00e9neket \u00e9nekelt\u00fcnk lelkesen. Dalol\u00e1s \u00e9s felolvas\u00e1s k\u00f6vette egym\u00e1st. Az egy\u00e9ni m\u00f3don kiv\u00e1lasztott meghat\u00f3 sz\u00f6vegek felolvas\u00e1s\u00e1t, sz\u00e9ps\u00e9g\u00e9t, komoly, meghitt csendben, elgondolkozva, megillet\u0151dve, olykor k\u00f6nnyes szemmel k\u00f6vett\u00fck. Az id\u0151 gyorsan eltelt \u00e9s egyesek m\u00e1r a haza\u00fatra k\u00e9sz\u00fcltek, de azt megel\u0151zve m\u00e9g a tervezett aj\u00e1nd\u00e9koz\u00e1s k\u00f6vetkezett. Izgatott csere-bere t\u00f6lt\u00f6tte be a termet. Elgondolkoztam az aj\u00e1nd\u00e9koz\u00e1s \u00e9rtelm\u00e9n: hogy milyen mell\u00e9kes az aj\u00e1nd\u00e9kozott t\u00e1rgy, a l\u00e9nyeg, hogy magunkb\u00f3l adunk valamit \u2026 Gy\u00f6ny\u00f6r\u0171 gondolat: mindenki a Szent Csal\u00e1dot vihette mag\u00e1val di\u00f3h\u00e9jban. \u201eCsak ketten legy\u00fcnk egy\u00fctt, ketten h\u00e1rman: M\u00e1r kivirul a lelkek tavasza.... R\u00e9szletek","og_url":"https:\/\/stuttgarti-katolikusok.de\/index.php\/a-baratsagklub-adventi-talalkozoja\/","og_site_name":"Stuttgarti Katolikusok","article_published_time":"2022-12-24T00:17:28+00:00","og_image":[{"width":2000,"height":1500,"url":"https:\/\/stuttgarti-katolikusok.de\/wp-content\/uploads\/2022\/12\/baratsagklub-advent.jpg","type":"image\/jpeg"}],"author":"Tibor atya","twitter_card":"summary_large_image","twitter_misc":{"Szerz\u0151:":"Tibor atya","Becs\u00fclt olvas\u00e1si id\u0151":"3 perc"},"schema":{"@context":"https:\/\/schema.org","@graph":[{"@type":"Article","@id":"https:\/\/stuttgarti-katolikusok.de\/index.php\/a-baratsagklub-adventi-talalkozoja\/#article","isPartOf":{"@id":"https:\/\/stuttgarti-katolikusok.de\/index.php\/a-baratsagklub-adventi-talalkozoja\/"},"author":{"name":"Tibor atya","@id":"https:\/\/stuttgarti-katolikusok.de\/#\/schema\/person\/75908d6f8fdc03a57889d27209df7795"},"headline":"A Bar\u00e1ts\u00e1gklub adventi tal\u00e1lkoz\u00f3ja","datePublished":"2022-12-24T00:17:28+00:00","mainEntityOfPage":{"@id":"https:\/\/stuttgarti-katolikusok.de\/index.php\/a-baratsagklub-adventi-talalkozoja\/"},"wordCount":607,"image":{"@id":"https:\/\/stuttgarti-katolikusok.de\/index.php\/a-baratsagklub-adventi-talalkozoja\/#primaryimage"},"thumbnailUrl":"https:\/\/stuttgarti-katolikusok.de\/wp-content\/uploads\/2022\/12\/baratsagklub-advent.jpg","articleSection":["Olvas\u00f3ink \u00edrj\u00e1k"],"inLanguage":"hu"},{"@type":"WebPage","@id":"https:\/\/stuttgarti-katolikusok.de\/index.php\/a-baratsagklub-adventi-talalkozoja\/","url":"https:\/\/stuttgarti-katolikusok.de\/index.php\/a-baratsagklub-adventi-talalkozoja\/","name":"A Bar\u00e1ts\u00e1gklub adventi tal\u00e1lkoz\u00f3ja - Stuttgarti Katolikusok","isPartOf":{"@id":"https:\/\/stuttgarti-katolikusok.de\/#website"},"primaryImageOfPage":{"@id":"https:\/\/stuttgarti-katolikusok.de\/index.php\/a-baratsagklub-adventi-talalkozoja\/#primaryimage"},"image":{"@id":"https:\/\/stuttgarti-katolikusok.de\/index.php\/a-baratsagklub-adventi-talalkozoja\/#primaryimage"},"thumbnailUrl":"https:\/\/stuttgarti-katolikusok.de\/wp-content\/uploads\/2022\/12\/baratsagklub-advent.jpg","datePublished":"2022-12-24T00:17:28+00:00","author":{"@id":"https:\/\/stuttgarti-katolikusok.de\/#\/schema\/person\/75908d6f8fdc03a57889d27209df7795"},"breadcrumb":{"@id":"https:\/\/stuttgarti-katolikusok.de\/index.php\/a-baratsagklub-adventi-talalkozoja\/#breadcrumb"},"inLanguage":"hu","potentialAction":[{"@type":"ReadAction","target":["https:\/\/stuttgarti-katolikusok.de\/index.php\/a-baratsagklub-adventi-talalkozoja\/"]}]},{"@type":"ImageObject","inLanguage":"hu","@id":"https:\/\/stuttgarti-katolikusok.de\/index.php\/a-baratsagklub-adventi-talalkozoja\/#primaryimage","url":"https:\/\/stuttgarti-katolikusok.de\/wp-content\/uploads\/2022\/12\/baratsagklub-advent.jpg","contentUrl":"https:\/\/stuttgarti-katolikusok.de\/wp-content\/uploads\/2022\/12\/baratsagklub-advent.jpg","width":2000,"height":1500},{"@type":"BreadcrumbList","@id":"https:\/\/stuttgarti-katolikusok.de\/index.php\/a-baratsagklub-adventi-talalkozoja\/#breadcrumb","itemListElement":[{"@type":"ListItem","position":1,"name":"Kezd\u0151lap","item":"https:\/\/stuttgarti-katolikusok.de\/"},{"@type":"ListItem","position":2,"name":"A Bar\u00e1ts\u00e1gklub adventi tal\u00e1lkoz\u00f3ja"}]},{"@type":"WebSite","@id":"https:\/\/stuttgarti-katolikusok.de\/#website","url":"https:\/\/stuttgarti-katolikusok.de\/","name":"Stuttgarti Katolikusok","description":"","potentialAction":[{"@type":"SearchAction","target":{"@type":"EntryPoint","urlTemplate":"https:\/\/stuttgarti-katolikusok.de\/?s={search_term_string}"},"query-input":{"@type":"PropertyValueSpecification","valueRequired":true,"valueName":"search_term_string"}}],"inLanguage":"hu"},{"@type":"Person","@id":"https:\/\/stuttgarti-katolikusok.de\/#\/schema\/person\/75908d6f8fdc03a57889d27209df7795","name":"Tibor atya","image":{"@type":"ImageObject","inLanguage":"hu","@id":"https:\/\/secure.gravatar.com\/avatar\/61d268e57d1f4525b111222e29d2d5a7f8c420fdbf231ba5566a8ceac74fa960?s=96&d=mm&r=g","url":"https:\/\/secure.gravatar.com\/avatar\/61d268e57d1f4525b111222e29d2d5a7f8c420fdbf231ba5566a8ceac74fa960?s=96&d=mm&r=g","contentUrl":"https:\/\/secure.gravatar.com\/avatar\/61d268e57d1f4525b111222e29d2d5a7f8c420fdbf231ba5566a8ceac74fa960?s=96&d=mm&r=g","caption":"Tibor atya"},"url":"https:\/\/stuttgarti-katolikusok.de\/index.php\/author\/tibor-atya\/"}]}},"_links":{"self":[{"href":"https:\/\/stuttgarti-katolikusok.de\/index.php\/wp-json\/wp\/v2\/posts\/24192","targetHints":{"allow":["GET"]}}],"collection":[{"href":"https:\/\/stuttgarti-katolikusok.de\/index.php\/wp-json\/wp\/v2\/posts"}],"about":[{"href":"https:\/\/stuttgarti-katolikusok.de\/index.php\/wp-json\/wp\/v2\/types\/post"}],"author":[{"embeddable":true,"href":"https:\/\/stuttgarti-katolikusok.de\/index.php\/wp-json\/wp\/v2\/users\/3"}],"replies":[{"embeddable":true,"href":"https:\/\/stuttgarti-katolikusok.de\/index.php\/wp-json\/wp\/v2\/comments?post=24192"}],"version-history":[{"count":1,"href":"https:\/\/stuttgarti-katolikusok.de\/index.php\/wp-json\/wp\/v2\/posts\/24192\/revisions"}],"predecessor-version":[{"id":24194,"href":"https:\/\/stuttgarti-katolikusok.de\/index.php\/wp-json\/wp\/v2\/posts\/24192\/revisions\/24194"}],"wp:featuredmedia":[{"embeddable":true,"href":"https:\/\/stuttgarti-katolikusok.de\/index.php\/wp-json\/wp\/v2\/media\/24193"}],"wp:attachment":[{"href":"https:\/\/stuttgarti-katolikusok.de\/index.php\/wp-json\/wp\/v2\/media?parent=24192"}],"wp:term":[{"taxonomy":"category","embeddable":true,"href":"https:\/\/stuttgarti-katolikusok.de\/index.php\/wp-json\/wp\/v2\/categories?post=24192"},{"taxonomy":"post_tag","embeddable":true,"href":"https:\/\/stuttgarti-katolikusok.de\/index.php\/wp-json\/wp\/v2\/tags?post=24192"}],"curies":[{"name":"wp","href":"https:\/\/api.w.org\/{rel}","templated":true}]}}