{"id":24142,"date":"2022-12-19T15:13:36","date_gmt":"2022-12-19T14:13:36","guid":{"rendered":"https:\/\/stuttgarti-katolikusok.de\/?p=24142"},"modified":"2022-12-19T22:32:58","modified_gmt":"2022-12-19T21:32:58","slug":"2022-december-19-es-2023-januar-1-kozott","status":"publish","type":"post","link":"https:\/\/stuttgarti-katolikusok.de\/index.php\/2022-december-19-es-2023-januar-1-kozott\/","title":{"rendered":"2022 DECEMBER 19 \u00c9S 2023 JANU\u00c1R 1 K\u00d6Z\u00d6TT"},"content":{"rendered":"<p><span style=\"color: #ff6600;\"><em><strong>Programel\u0151zetes<\/strong><\/em><\/span><\/p>\n<p style=\"text-align: center;\"><span style=\"color: #ff6600;\"><strong>*<\/strong><\/span><\/p>\n<p><strong>December 24-\u00e9n<\/strong>,\u00a0szombaton,\u00a0<span style=\"color: #ff6600;\"><em><strong>Szenteste<\/strong><\/em><\/span><em>, <\/em><strong>Stuttgartban <\/strong>19.00 \u00f3rakor <em>\u00c9jf\u00e9li szentmise,<\/em> el\u0151tte r\u00f6vid kar\u00e1csonyi zen\u00e9s \u00e9s verses m\u0171sor a k\u00f6z\u00f6ss\u00e9g gyermekeinek \u00e9s ifjainak k\u00f6zrem\u0171k\u00f6d\u00e9s\u00e9vel.<\/p>\n<p style=\"text-align: center;\"><span style=\"color: #ff6600;\"><strong>\u00a0*<\/strong><\/span><\/p>\n<p><strong>December 25-\u00e9n,\u00a0<\/strong>vas\u00e1rnap,<span style=\"color: #ff6600;\">\u00a0<em><strong>Kar\u00e1csony \u00fcnnepe<\/strong><\/em><\/span><em>,<\/em><\/p>\n<p><strong>B\u00f6blingenben<\/strong>, 9.30 \u00f3rakor\u00a0<em>\u00fcnnepi szentmise<\/em>,<\/p>\n<p><strong>Stuttgartban\u00a0<\/strong>11.30 \u00f3rakor\u00a0<em>\u00fcnnepi szentmise,<\/em><\/p>\n<p><strong>Heilbronnban\u00a0<\/strong>15.30 \u00f3rakor\u00a0<em>\u00fcnnepi szentmise.<\/em><\/p>\n<p style=\"text-align: center;\"><span style=\"color: #ff6600;\"><strong>\u00a0*<\/strong><\/span><\/p>\n<p><strong>December 26-\u00e1n<\/strong>, h\u00e9tf\u0151,\u00a0<span style=\"color: #ff6600;\"><em><strong>Kar\u00e1csony \u00fcnnep\u00e9nek 2. napja<\/strong><\/em><\/span><em>,<\/em><\/p>\n<p><strong>Weingartenben\u00a0<\/strong>11.00 \u00f3rakor\u00a0<em>\u00fcnnepi szentmise <\/em><em>a <\/em><em>Heilig Geist Kirche-<\/em><em>ben<\/em>,<\/p>\n<p><strong>Ulmban <\/strong>15.00 \u00f3rakor <em>\u00fcnnepi szentmise.<\/em><\/p>\n<p style=\"text-align: center;\"><span style=\"color: #ff6600;\"><em><strong>*<\/strong><\/em><\/span><\/p>\n<p><strong>December 27-\u00e1n<\/strong><strong>, kedd, <\/strong><span style=\"color: #ff6600;\"><em><strong>Kar\u00e1csony \u00fcnnep\u00e9nek 3. napja<\/strong><\/em><\/span><em><span style=\"color: #ff6600;\">, Szent J\u00e1nos apostol \u00e9s evang\u00e9lista \u00fcnnepe<\/span>, <\/em><\/p>\n<p><strong>Schw\u00e4bisch-Gm\u00fcndben\u00a0<\/strong>9.30. \u00f3rakor<strong>\u00a0<\/strong><em>\u00fcnnepi<\/em> <em>szentmise<\/em>, benne\u00a0<em>gyermekek kar\u00e1csonyi m\u0171sora,<\/em><\/p>\n<p><strong>Tuttlingenben <\/strong>16.00 \u00f3rakor <em>\u00fcnnepi szentmise.<\/em><\/p>\n<p style=\"text-align: center;\"><span style=\"color: #ff6600;\"><em><strong>*<\/strong><\/em><\/span><\/p>\n<p><strong>December 30-\u00e1n<\/strong><strong>, p\u00e9nteken, <\/strong><span style=\"color: #ff6600;\"><em>Kar\u00e1csony \u00fcnnep\u00e9nek 6. napja, <strong>Szent Csal\u00e1d \u00fcnnepe<\/strong><\/em><\/span><em>,<\/em> <strong>Stuttgartban\u00a0<\/strong>18.00 \u00f3rakor\u00a0<em>\u00fcnnepi szentmise.<\/em><\/p>\n<p style=\"text-align: center;\"><span style=\"color: #ff6600;\"><em><strong>*<\/strong><\/em><\/span><\/p>\n<p><strong>December 31-\u00e9n<\/strong>, szombaton,\u00a0<span style=\"color: #ff6600;\"><em>Kar\u00e1csony \u00fcnnep\u00e9nek 7. napja, <strong>Szilveszter napja<\/strong><\/em><\/span><em>,<\/em><\/p>\n<p><strong>Weingartenben<\/strong>\u00a015.00 \u00f3rakor\u00a0<em>\u00e9vv\u00e9gi h\u00e1laad\u00f3 szentmise<\/em>\u00a0a Heilig Geist Kirche-ben,<\/p>\n<p><strong>Stuttgartban\u00a0<\/strong>18.00 \u00f3rakor \u00f3\u00e9vi<em>\u00a0h\u00e1laad\u00f3 szentmise<\/em> \u00e9s r\u00f6vid <em>szents\u00e9gim\u00e1d\u00e1s.<\/em><\/p>\n<p style=\"text-align: center;\"><span style=\"color: #ff6600;\"><em><strong>*<\/strong><\/em><\/span><\/p>\n<p><strong>2023. <\/strong><strong>janu\u00e1r 1-j\u00e9n, <\/strong>vas\u00e1rnap, <strong><span style=\"color: #ff6600;\"><em>Sz\u0171z M\u00e1ria, Isten anyja f\u0151\u00fcnnep &#8211; Kar\u00e1csony ut\u00e1ni 2. vas\u00e1rnap<\/em><\/span><\/strong>,<\/p>\n<p><strong>Schw\u00e4bisch-Gm\u00fcndben\u00a0<\/strong>9.30. \u00f3rakor<strong>\u00a0<\/strong><em>szentmise<\/em>,<\/p>\n<p><strong>Stuttgartban<\/strong>\u00a015.00 \u00f3rakor\u00a0<em>szentmise<\/em>.<\/p>\n<p style=\"text-align: center;\"><span style=\"color: #ff6600;\"><em>\u00a0<\/em><strong><em>* <\/em><\/strong><\/span><\/p>\n<p>Minden helyen mindenkit szeretettel v\u00e1r a k\u00f6z\u00f6ss\u00e9g \u00e9s Tibor atya!<\/p>\n<p style=\"text-align: center;\"><em>\u00a0<\/em><span style=\"color: #ff6600;\"><strong><em>*<\/em><\/strong><\/span><\/p>\n<p><a href=\"https:\/\/stuttgarti-katolikusok.de\/wp-content\/uploads\/2020\/12\/eislingen.jpeg\"><img loading=\"lazy\" decoding=\"async\" class=\"alignnone size-full wp-image-20826\" src=\"https:\/\/stuttgarti-katolikusok.de\/wp-content\/uploads\/2020\/12\/eislingen.jpeg\" alt=\"\" width=\"1245\" height=\"931\" srcset=\"https:\/\/stuttgarti-katolikusok.de\/wp-content\/uploads\/2020\/12\/eislingen.jpeg 1245w, https:\/\/stuttgarti-katolikusok.de\/wp-content\/uploads\/2020\/12\/eislingen-300x224.jpeg 300w, https:\/\/stuttgarti-katolikusok.de\/wp-content\/uploads\/2020\/12\/eislingen-1024x766.jpeg 1024w, https:\/\/stuttgarti-katolikusok.de\/wp-content\/uploads\/2020\/12\/eislingen-164x124.jpeg 164w\" sizes=\"auto, (max-width: 1245px) 100vw, 1245px\" \/><\/a><\/p>\n<p style=\"text-align: center;\"><span style=\"color: #ff6600;\"><em>\u00a0<\/em><strong><em>* <\/em><\/strong><\/span><\/p>\n<p><span style=\"color: #ff6600;\">Juh\u00e1sz Gyula: Kar\u00e1csony fel\u00e9<\/span><\/p>\n<p><span style=\"color: #ff6600;\">Sz\u00e9p T\u00fcnd\u00e9rorsz\u00e1g t\u00e1mad f\u00f6l sz\u00edvemben<\/span><br \/>\n<span style=\"color: #ff6600;\">Ilyenkor decemberben.<\/span><br \/>\n<span style=\"color: #ff6600;\">A szeretetnek csillag\u00e1ra n\u00e9zek,<\/span><br \/>\n<span style=\"color: #ff6600;\">Megsz\u00e1ll egy titkos, gy\u00f6ny\u00f6r\u0171 ig\u00e9zet,<\/span><br \/>\n<span style=\"color: #ff6600;\">Ilyenkor decemberben.<\/span><\/p>\n<p><span style=\"color: #ff6600;\">\u2026Bizalmas sz\u00edvvel j\u00e1rom a vil\u00e1got,<\/span><br \/>\n<span style=\"color: #ff6600;\">S amit az \u00e9let v\u00e1gott,<\/span><br \/>\n<span style=\"color: #ff6600;\">Behegesztem a sebet a sz\u00edvemben,<\/span><br \/>\n<span style=\"color: #ff6600;\">\u00c9s hiszek \u00fajra \u00e9gi szeretetben,<\/span><br \/>\n<span style=\"color: #ff6600;\">Ilyenkor decemberben.<\/span><\/p>\n<p><span style=\"color: #ff6600;\">\u2026\u00c9s valahol csak k\u00e9tked\u0151 besz\u00e9det<\/span><br \/>\n<span style=\"color: #ff6600;\">Hallok, szomor\u00fan n\u00e9zek,<\/span><br \/>\n<span style=\"color: #ff6600;\">A kis J\u00e9zuska itt van a k\u00f6zelben,<\/span><br \/>\n<span style=\"color: #ff6600;\">Legy\u00fcnk h\u00e1t jobbak, s higgy\u00fcnk rend\u00fcletlen,<\/span><br \/>\n<span style=\"color: #ff6600;\">S ne csak \u00edgy decemberben.<\/span><\/p>\n<p style=\"text-align: center;\"><span style=\"color: #ff6600;\"><strong>*<\/strong><\/span><\/p>\n<p><span style=\"color: #ff6600;\"><em>\u201eEg\u00e9sz \u00e9let\u00fcnk a szeretet isteni \u201et\u00falkap\u00e1sainak\u201d a dr\u00e1m\u00e1ja. Ennek a dr\u00e1m\u00e1nak \u00e1ll mintegy centrum\u00e1ban a megtestes\u00fcl\u00e9s titka az isteni \u00e1rtatlans\u00e1g makul\u00e1tlan tiszta jegyeivel. \u00cdgy \u2013 a teremt\u0151 lemond\u00e1s jegy\u00e9ben \u2013 a kar\u00e1csony egyszerre az eg\u00e9sz teremt\u00e9s elfogad\u00e1s\u00e1nak \u00e9s szeretetben val\u00f3 f\u00f6l\u00fclm\u00fal\u00e1s\u00e1nak az \u00fcnnepe. Isten szeretete \u00e9s szabads\u00e1ga a val\u00f3s\u00e1gos helye: inn\u00e9t univerzit\u00e1sa\u2026Isten is csak szinte \u00e9szrev\u00e9tlen\u00fcl l\u00e9phetett k\u00f6z\u00e9nk. Igaz, kicsiny, m\u00e9rhetetlen\u00fcl kicsiny f\u00e9ny ez \u2013 de re\u00e1lis. Ugyanaz a szel\u00edds\u00e9g, mely engedelmess\u00e9gre b\u00edrta a teremtett univerzumot, \u00e9s gyeng\u00e9ds\u00e9g\u00e9nek erej\u00e9vel a kereszt ver\u00e9s\u00e9n t\u00fal meggy\u0151zte a vil\u00e1got.\u201d<\/em><\/span> (Pilinszky J\u00e1nos \u2013 k\u00f6lt\u0151 \u2013 1921 &#8211; 1981)<\/p>\n<p style=\"text-align: center;\"><span style=\"color: #ff6600;\"><strong>*<\/strong><\/span><\/p>\n<p><em>Szeretetteljes Kar\u00e1csonyt, \u00e9s \u00e1ldott, b\u00e9k\u00e9s, boldog, rem\u00e9nyteli \u00faj \u00e9vet k\u00edv\u00e1nok minden kedves H\u00edvemnek!<\/em><\/p>\n<p><em>Lelkip\u00e1sztori szeretettel,<\/em><\/p>\n<p><em>Tibor atya<\/em><\/p>\n<p><em>Stuttgart, 2022 Kar\u00e1csony\u00e1n<\/em><\/p>\n","protected":false},"excerpt":{"rendered":"<p>Programel\u0151zetes * December 24-\u00e9n,\u00a0szombaton,\u00a0Szenteste, Stuttgartban 19.00 \u00f3rakor \u00c9jf\u00e9li szentmise, el\u0151tte r\u00f6vid kar\u00e1csonyi zen\u00e9s \u00e9s verses m\u0171sor a k\u00f6z\u00f6ss\u00e9g gyermekeinek \u00e9s ifjainak k\u00f6zrem\u0171k\u00f6d\u00e9s\u00e9vel. \u00a0* December 25-\u00e9n,\u00a0vas\u00e1rnap,\u00a0Kar\u00e1csony \u00fcnnepe, B\u00f6blingenben, 9.30 \u00f3rakor\u00a0\u00fcnnepi szentmise, Stuttgartban\u00a011.30 \u00f3rakor\u00a0\u00fcnnepi szentmise, Heilbronnban\u00a015.30 \u00f3rakor\u00a0\u00fcnnepi szentmise. \u00a0* December 26-\u00e1n, h\u00e9tf\u0151,\u00a0Kar\u00e1csony \u00fcnnep\u00e9nek 2. napja, Weingartenben\u00a011.00 \u00f3rakor\u00a0\u00fcnnepi szentmise a Heilig Geist Kirche-ben, Ulmban 15.00 \u00f3rakor \u00fcnnepi szentmise. * December 27-\u00e1n, kedd, Kar\u00e1csony \u00fcnnep\u00e9nek 3. napja, Szent J\u00e1nos apostol \u00e9s evang\u00e9lista \u00fcnnepe, Schw\u00e4bisch-Gm\u00fcndben\u00a09.30. \u00f3rakor\u00a0\u00fcnnepi szentmise, benne\u00a0gyermekek kar\u00e1csonyi m\u0171sora, Tuttlingenben 16.00 \u00f3rakor \u00fcnnepi szentmise. * December 30-\u00e1n, p\u00e9nteken, Kar\u00e1csony \u00fcnnep\u00e9nek 6. napja, Szent Csal\u00e1d \u00fcnnepe, Stuttgartban\u00a018.00 \u00f3rakor\u00a0\u00fcnnepi szentmise. * December 31-\u00e9n, szombaton,\u00a0Kar\u00e1csony \u00fcnnep\u00e9nek 7. napja, Szilveszter napja, Weingartenben\u00a015.00 \u00f3rakor\u00a0\u00e9vv\u00e9gi h\u00e1laad\u00f3 szentmise\u00a0a Heilig Geist Kirche-ben, Stuttgartban\u00a018.00 \u00f3rakor \u00f3\u00e9vi\u00a0h\u00e1laad\u00f3 szentmise \u00e9s r\u00f6vid szents\u00e9gim\u00e1d\u00e1s. * 2023. janu\u00e1r 1-j\u00e9n, vas\u00e1rnap, Sz\u0171z M\u00e1ria, Isten anyja f\u0151\u00fcnnep &#8211; Kar\u00e1csony ut\u00e1ni 2. vas\u00e1rnap, Schw\u00e4bisch-Gm\u00fcndben\u00a09.30. \u00f3rakor\u00a0szentmise, Stuttgartban\u00a015.00 \u00f3rakor\u00a0szentmise. \u00a0* Minden helyen mindenkit szeretettel v\u00e1r a k\u00f6z\u00f6ss\u00e9g \u00e9s Tibor atya! \u00a0* \u00a0* Juh\u00e1sz Gyula: Kar\u00e1csony fel\u00e9 Sz\u00e9p T\u00fcnd\u00e9rorsz\u00e1g t\u00e1mad f\u00f6l sz\u00edvemben Ilyenkor decemberben. A szeretetnek csillag\u00e1ra n\u00e9zek, Megsz\u00e1ll egy titkos, gy\u00f6ny\u00f6r\u0171 ig\u00e9zet, Ilyenkor decemberben. \u2026Bizalmas sz\u00edvvel j\u00e1rom a vil\u00e1got, S amit az \u00e9let v\u00e1gott, Behegesztem a sebet a sz\u00edvemben, \u00c9s hiszek \u00fajra \u00e9gi szeretetben, Ilyenkor decemberben. \u2026\u00c9s valahol csak k\u00e9tked\u0151 besz\u00e9det Hallok, szomor\u00fan n\u00e9zek, A kis J\u00e9zuska itt van a k\u00f6zelben, Legy\u00fcnk h\u00e1t jobbak, s higgy\u00fcnk rend\u00fcletlen, S ne csak \u00edgy decemberben. * \u201eEg\u00e9sz \u00e9let\u00fcnk a szeretet isteni \u201et\u00falkap\u00e1sainak\u201d a dr\u00e1m\u00e1ja. Ennek a dr\u00e1m\u00e1nak \u00e1ll mintegy centrum\u00e1ban a megtestes\u00fcl\u00e9s titka az isteni \u00e1rtatlans\u00e1g makul\u00e1tlan tiszta jegyeivel. \u00cdgy \u2013 a teremt\u0151 lemond\u00e1s jegy\u00e9ben \u2013 a kar\u00e1csony egyszerre az eg\u00e9sz teremt\u00e9s elfogad\u00e1s\u00e1nak \u00e9s szeretetben val\u00f3 f\u00f6l\u00fclm\u00fal\u00e1s\u00e1nak az \u00fcnnepe. Isten szeretete \u00e9s szabads\u00e1ga a val\u00f3s\u00e1gos helye: inn\u00e9t univerzit\u00e1sa\u2026Isten is csak szinte \u00e9szrev\u00e9tlen\u00fcl l\u00e9phetett k\u00f6z\u00e9nk. Igaz, kicsiny, m\u00e9rhetetlen\u00fcl kicsiny f\u00e9ny ez \u2013 de re\u00e1lis. Ugyanaz a szel\u00edds\u00e9g, mely engedelmess\u00e9gre b\u00edrta a teremtett univerzumot, \u00e9s gyeng\u00e9ds\u00e9g\u00e9nek erej\u00e9vel a&#8230; <\/p>\n<p><a class=\"readmore\" href=\"https:\/\/stuttgarti-katolikusok.de\/index.php\/2022-december-19-es-2023-januar-1-kozott\/\">R\u00e9szletek<\/a><\/p>\n","protected":false},"author":3,"featured_media":22756,"comment_status":"closed","ping_status":"closed","sticky":false,"template":"","format":"standard","meta":{"footnotes":""},"categories":[37],"tags":[],"class_list":["post-24142","post","type-post","status-publish","format-standard","has-post-thumbnail","hentry","category-progamelozetes"],"yoast_head":"<!-- This site is optimized with the Yoast SEO plugin v27.3 - https:\/\/yoast.com\/product\/yoast-seo-wordpress\/ -->\n<title>2022 DECEMBER 19 \u00c9S 2023 JANU\u00c1R 1 K\u00d6Z\u00d6TT - Stuttgarti Katolikusok<\/title>\n<meta name=\"robots\" content=\"index, follow, max-snippet:-1, max-image-preview:large, max-video-preview:-1\" \/>\n<link rel=\"canonical\" href=\"https:\/\/stuttgarti-katolikusok.de\/index.php\/2022-december-19-es-2023-januar-1-kozott\/\" \/>\n<meta property=\"og:locale\" content=\"hu_HU\" \/>\n<meta property=\"og:type\" content=\"article\" \/>\n<meta property=\"og:title\" content=\"2022 DECEMBER 19 \u00c9S 2023 JANU\u00c1R 1 K\u00d6Z\u00d6TT - Stuttgarti Katolikusok\" \/>\n<meta property=\"og:description\" content=\"Programel\u0151zetes * December 24-\u00e9n,\u00a0szombaton,\u00a0Szenteste, Stuttgartban 19.00 \u00f3rakor \u00c9jf\u00e9li szentmise, el\u0151tte r\u00f6vid kar\u00e1csonyi zen\u00e9s \u00e9s verses m\u0171sor a k\u00f6z\u00f6ss\u00e9g gyermekeinek \u00e9s ifjainak k\u00f6zrem\u0171k\u00f6d\u00e9s\u00e9vel. \u00a0* December 25-\u00e9n,\u00a0vas\u00e1rnap,\u00a0Kar\u00e1csony \u00fcnnepe, B\u00f6blingenben, 9.30 \u00f3rakor\u00a0\u00fcnnepi szentmise, Stuttgartban\u00a011.30 \u00f3rakor\u00a0\u00fcnnepi szentmise, Heilbronnban\u00a015.30 \u00f3rakor\u00a0\u00fcnnepi szentmise. \u00a0* December 26-\u00e1n, h\u00e9tf\u0151,\u00a0Kar\u00e1csony \u00fcnnep\u00e9nek 2. napja, Weingartenben\u00a011.00 \u00f3rakor\u00a0\u00fcnnepi szentmise a Heilig Geist Kirche-ben, Ulmban 15.00 \u00f3rakor \u00fcnnepi szentmise. * December 27-\u00e1n, kedd, Kar\u00e1csony \u00fcnnep\u00e9nek 3. napja, Szent J\u00e1nos apostol \u00e9s evang\u00e9lista \u00fcnnepe, Schw\u00e4bisch-Gm\u00fcndben\u00a09.30. \u00f3rakor\u00a0\u00fcnnepi szentmise, benne\u00a0gyermekek kar\u00e1csonyi m\u0171sora, Tuttlingenben 16.00 \u00f3rakor \u00fcnnepi szentmise. * December 30-\u00e1n, p\u00e9nteken, Kar\u00e1csony \u00fcnnep\u00e9nek 6. napja, Szent Csal\u00e1d \u00fcnnepe, Stuttgartban\u00a018.00 \u00f3rakor\u00a0\u00fcnnepi szentmise. * December 31-\u00e9n, szombaton,\u00a0Kar\u00e1csony \u00fcnnep\u00e9nek 7. napja, Szilveszter napja, Weingartenben\u00a015.00 \u00f3rakor\u00a0\u00e9vv\u00e9gi h\u00e1laad\u00f3 szentmise\u00a0a Heilig Geist Kirche-ben, Stuttgartban\u00a018.00 \u00f3rakor \u00f3\u00e9vi\u00a0h\u00e1laad\u00f3 szentmise \u00e9s r\u00f6vid szents\u00e9gim\u00e1d\u00e1s. * 2023. janu\u00e1r 1-j\u00e9n, vas\u00e1rnap, Sz\u0171z M\u00e1ria, Isten anyja f\u0151\u00fcnnep &#8211; Kar\u00e1csony ut\u00e1ni 2. vas\u00e1rnap, Schw\u00e4bisch-Gm\u00fcndben\u00a09.30. \u00f3rakor\u00a0szentmise, Stuttgartban\u00a015.00 \u00f3rakor\u00a0szentmise. \u00a0* Minden helyen mindenkit szeretettel v\u00e1r a k\u00f6z\u00f6ss\u00e9g \u00e9s Tibor atya! \u00a0* \u00a0* Juh\u00e1sz Gyula: Kar\u00e1csony fel\u00e9 Sz\u00e9p T\u00fcnd\u00e9rorsz\u00e1g t\u00e1mad f\u00f6l sz\u00edvemben Ilyenkor decemberben. A szeretetnek csillag\u00e1ra n\u00e9zek, Megsz\u00e1ll egy titkos, gy\u00f6ny\u00f6r\u0171 ig\u00e9zet, Ilyenkor decemberben. \u2026Bizalmas sz\u00edvvel j\u00e1rom a vil\u00e1got, S amit az \u00e9let v\u00e1gott, Behegesztem a sebet a sz\u00edvemben, \u00c9s hiszek \u00fajra \u00e9gi szeretetben, Ilyenkor decemberben. \u2026\u00c9s valahol csak k\u00e9tked\u0151 besz\u00e9det Hallok, szomor\u00fan n\u00e9zek, A kis J\u00e9zuska itt van a k\u00f6zelben, Legy\u00fcnk h\u00e1t jobbak, s higgy\u00fcnk rend\u00fcletlen, S ne csak \u00edgy decemberben. * \u201eEg\u00e9sz \u00e9let\u00fcnk a szeretet isteni \u201et\u00falkap\u00e1sainak\u201d a dr\u00e1m\u00e1ja. Ennek a dr\u00e1m\u00e1nak \u00e1ll mintegy centrum\u00e1ban a megtestes\u00fcl\u00e9s titka az isteni \u00e1rtatlans\u00e1g makul\u00e1tlan tiszta jegyeivel. \u00cdgy \u2013 a teremt\u0151 lemond\u00e1s jegy\u00e9ben \u2013 a kar\u00e1csony egyszerre az eg\u00e9sz teremt\u00e9s elfogad\u00e1s\u00e1nak \u00e9s szeretetben val\u00f3 f\u00f6l\u00fclm\u00fal\u00e1s\u00e1nak az \u00fcnnepe. Isten szeretete \u00e9s szabads\u00e1ga a val\u00f3s\u00e1gos helye: inn\u00e9t univerzit\u00e1sa\u2026Isten is csak szinte \u00e9szrev\u00e9tlen\u00fcl l\u00e9phetett k\u00f6z\u00e9nk. Igaz, kicsiny, m\u00e9rhetetlen\u00fcl kicsiny f\u00e9ny ez \u2013 de re\u00e1lis. Ugyanaz a szel\u00edds\u00e9g, mely engedelmess\u00e9gre b\u00edrta a teremtett univerzumot, \u00e9s gyeng\u00e9ds\u00e9g\u00e9nek erej\u00e9vel a... R\u00e9szletek\" \/>\n<meta property=\"og:url\" content=\"https:\/\/stuttgarti-katolikusok.de\/index.php\/2022-december-19-es-2023-januar-1-kozott\/\" \/>\n<meta property=\"og:site_name\" content=\"Stuttgarti Katolikusok\" \/>\n<meta property=\"article:published_time\" content=\"2022-12-19T14:13:36+00:00\" \/>\n<meta property=\"article:modified_time\" content=\"2022-12-19T21:32:58+00:00\" \/>\n<meta property=\"og:image\" content=\"https:\/\/stuttgarti-katolikusok.de\/wp-content\/uploads\/2021\/12\/img-20211231-wa0004.jpg\" \/>\n\t<meta property=\"og:image:width\" content=\"2000\" \/>\n\t<meta property=\"og:image:height\" content=\"1500\" \/>\n\t<meta property=\"og:image:type\" content=\"image\/jpeg\" \/>\n<meta name=\"author\" content=\"Tibor atya\" \/>\n<meta name=\"twitter:card\" content=\"summary_large_image\" \/>\n<meta name=\"twitter:label1\" content=\"Szerz\u0151:\" \/>\n\t<meta name=\"twitter:data1\" content=\"Tibor atya\" \/>\n\t<meta name=\"twitter:label2\" content=\"Becs\u00fclt olvas\u00e1si id\u0151\" \/>\n\t<meta name=\"twitter:data2\" content=\"3 perc\" \/>\n<script type=\"application\/ld+json\" class=\"yoast-schema-graph\">{\"@context\":\"https:\\\/\\\/schema.org\",\"@graph\":[{\"@type\":\"Article\",\"@id\":\"https:\\\/\\\/stuttgarti-katolikusok.de\\\/index.php\\\/2022-december-19-es-2023-januar-1-kozott\\\/#article\",\"isPartOf\":{\"@id\":\"https:\\\/\\\/stuttgarti-katolikusok.de\\\/index.php\\\/2022-december-19-es-2023-januar-1-kozott\\\/\"},\"author\":{\"name\":\"Tibor atya\",\"@id\":\"https:\\\/\\\/stuttgarti-katolikusok.de\\\/#\\\/schema\\\/person\\\/75908d6f8fdc03a57889d27209df7795\"},\"headline\":\"2022 DECEMBER 19 \u00c9S 2023 JANU\u00c1R 1 K\u00d6Z\u00d6TT\",\"datePublished\":\"2022-12-19T14:13:36+00:00\",\"dateModified\":\"2022-12-19T21:32:58+00:00\",\"mainEntityOfPage\":{\"@id\":\"https:\\\/\\\/stuttgarti-katolikusok.de\\\/index.php\\\/2022-december-19-es-2023-januar-1-kozott\\\/\"},\"wordCount\":489,\"image\":{\"@id\":\"https:\\\/\\\/stuttgarti-katolikusok.de\\\/index.php\\\/2022-december-19-es-2023-januar-1-kozott\\\/#primaryimage\"},\"thumbnailUrl\":\"https:\\\/\\\/stuttgarti-katolikusok.de\\\/wp-content\\\/uploads\\\/2021\\\/12\\\/img-20211231-wa0004.jpg\",\"articleSection\":[\"Progamel\u0151zetes\"],\"inLanguage\":\"hu\"},{\"@type\":\"WebPage\",\"@id\":\"https:\\\/\\\/stuttgarti-katolikusok.de\\\/index.php\\\/2022-december-19-es-2023-januar-1-kozott\\\/\",\"url\":\"https:\\\/\\\/stuttgarti-katolikusok.de\\\/index.php\\\/2022-december-19-es-2023-januar-1-kozott\\\/\",\"name\":\"2022 DECEMBER 19 \u00c9S 2023 JANU\u00c1R 1 K\u00d6Z\u00d6TT - Stuttgarti Katolikusok\",\"isPartOf\":{\"@id\":\"https:\\\/\\\/stuttgarti-katolikusok.de\\\/#website\"},\"primaryImageOfPage\":{\"@id\":\"https:\\\/\\\/stuttgarti-katolikusok.de\\\/index.php\\\/2022-december-19-es-2023-januar-1-kozott\\\/#primaryimage\"},\"image\":{\"@id\":\"https:\\\/\\\/stuttgarti-katolikusok.de\\\/index.php\\\/2022-december-19-es-2023-januar-1-kozott\\\/#primaryimage\"},\"thumbnailUrl\":\"https:\\\/\\\/stuttgarti-katolikusok.de\\\/wp-content\\\/uploads\\\/2021\\\/12\\\/img-20211231-wa0004.jpg\",\"datePublished\":\"2022-12-19T14:13:36+00:00\",\"dateModified\":\"2022-12-19T21:32:58+00:00\",\"author\":{\"@id\":\"https:\\\/\\\/stuttgarti-katolikusok.de\\\/#\\\/schema\\\/person\\\/75908d6f8fdc03a57889d27209df7795\"},\"breadcrumb\":{\"@id\":\"https:\\\/\\\/stuttgarti-katolikusok.de\\\/index.php\\\/2022-december-19-es-2023-januar-1-kozott\\\/#breadcrumb\"},\"inLanguage\":\"hu\",\"potentialAction\":[{\"@type\":\"ReadAction\",\"target\":[\"https:\\\/\\\/stuttgarti-katolikusok.de\\\/index.php\\\/2022-december-19-es-2023-januar-1-kozott\\\/\"]}]},{\"@type\":\"ImageObject\",\"inLanguage\":\"hu\",\"@id\":\"https:\\\/\\\/stuttgarti-katolikusok.de\\\/index.php\\\/2022-december-19-es-2023-januar-1-kozott\\\/#primaryimage\",\"url\":\"https:\\\/\\\/stuttgarti-katolikusok.de\\\/wp-content\\\/uploads\\\/2021\\\/12\\\/img-20211231-wa0004.jpg\",\"contentUrl\":\"https:\\\/\\\/stuttgarti-katolikusok.de\\\/wp-content\\\/uploads\\\/2021\\\/12\\\/img-20211231-wa0004.jpg\",\"width\":2000,\"height\":1500},{\"@type\":\"BreadcrumbList\",\"@id\":\"https:\\\/\\\/stuttgarti-katolikusok.de\\\/index.php\\\/2022-december-19-es-2023-januar-1-kozott\\\/#breadcrumb\",\"itemListElement\":[{\"@type\":\"ListItem\",\"position\":1,\"name\":\"Kezd\u0151lap\",\"item\":\"https:\\\/\\\/stuttgarti-katolikusok.de\\\/\"},{\"@type\":\"ListItem\",\"position\":2,\"name\":\"2022 DECEMBER 19 \u00c9S 2023 JANU\u00c1R 1 K\u00d6Z\u00d6TT\"}]},{\"@type\":\"WebSite\",\"@id\":\"https:\\\/\\\/stuttgarti-katolikusok.de\\\/#website\",\"url\":\"https:\\\/\\\/stuttgarti-katolikusok.de\\\/\",\"name\":\"Stuttgarti Katolikusok\",\"description\":\"\",\"potentialAction\":[{\"@type\":\"SearchAction\",\"target\":{\"@type\":\"EntryPoint\",\"urlTemplate\":\"https:\\\/\\\/stuttgarti-katolikusok.de\\\/?s={search_term_string}\"},\"query-input\":{\"@type\":\"PropertyValueSpecification\",\"valueRequired\":true,\"valueName\":\"search_term_string\"}}],\"inLanguage\":\"hu\"},{\"@type\":\"Person\",\"@id\":\"https:\\\/\\\/stuttgarti-katolikusok.de\\\/#\\\/schema\\\/person\\\/75908d6f8fdc03a57889d27209df7795\",\"name\":\"Tibor atya\",\"image\":{\"@type\":\"ImageObject\",\"inLanguage\":\"hu\",\"@id\":\"https:\\\/\\\/secure.gravatar.com\\\/avatar\\\/61d268e57d1f4525b111222e29d2d5a7f8c420fdbf231ba5566a8ceac74fa960?s=96&d=mm&r=g\",\"url\":\"https:\\\/\\\/secure.gravatar.com\\\/avatar\\\/61d268e57d1f4525b111222e29d2d5a7f8c420fdbf231ba5566a8ceac74fa960?s=96&d=mm&r=g\",\"contentUrl\":\"https:\\\/\\\/secure.gravatar.com\\\/avatar\\\/61d268e57d1f4525b111222e29d2d5a7f8c420fdbf231ba5566a8ceac74fa960?s=96&d=mm&r=g\",\"caption\":\"Tibor atya\"},\"url\":\"https:\\\/\\\/stuttgarti-katolikusok.de\\\/index.php\\\/author\\\/tibor-atya\\\/\"}]}<\/script>\n<!-- \/ Yoast SEO plugin. -->","yoast_head_json":{"title":"2022 DECEMBER 19 \u00c9S 2023 JANU\u00c1R 1 K\u00d6Z\u00d6TT - Stuttgarti Katolikusok","robots":{"index":"index","follow":"follow","max-snippet":"max-snippet:-1","max-image-preview":"max-image-preview:large","max-video-preview":"max-video-preview:-1"},"canonical":"https:\/\/stuttgarti-katolikusok.de\/index.php\/2022-december-19-es-2023-januar-1-kozott\/","og_locale":"hu_HU","og_type":"article","og_title":"2022 DECEMBER 19 \u00c9S 2023 JANU\u00c1R 1 K\u00d6Z\u00d6TT - Stuttgarti Katolikusok","og_description":"Programel\u0151zetes * December 24-\u00e9n,\u00a0szombaton,\u00a0Szenteste, Stuttgartban 19.00 \u00f3rakor \u00c9jf\u00e9li szentmise, el\u0151tte r\u00f6vid kar\u00e1csonyi zen\u00e9s \u00e9s verses m\u0171sor a k\u00f6z\u00f6ss\u00e9g gyermekeinek \u00e9s ifjainak k\u00f6zrem\u0171k\u00f6d\u00e9s\u00e9vel. \u00a0* December 25-\u00e9n,\u00a0vas\u00e1rnap,\u00a0Kar\u00e1csony \u00fcnnepe, B\u00f6blingenben, 9.30 \u00f3rakor\u00a0\u00fcnnepi szentmise, Stuttgartban\u00a011.30 \u00f3rakor\u00a0\u00fcnnepi szentmise, Heilbronnban\u00a015.30 \u00f3rakor\u00a0\u00fcnnepi szentmise. \u00a0* December 26-\u00e1n, h\u00e9tf\u0151,\u00a0Kar\u00e1csony \u00fcnnep\u00e9nek 2. napja, Weingartenben\u00a011.00 \u00f3rakor\u00a0\u00fcnnepi szentmise a Heilig Geist Kirche-ben, Ulmban 15.00 \u00f3rakor \u00fcnnepi szentmise. * December 27-\u00e1n, kedd, Kar\u00e1csony \u00fcnnep\u00e9nek 3. napja, Szent J\u00e1nos apostol \u00e9s evang\u00e9lista \u00fcnnepe, Schw\u00e4bisch-Gm\u00fcndben\u00a09.30. \u00f3rakor\u00a0\u00fcnnepi szentmise, benne\u00a0gyermekek kar\u00e1csonyi m\u0171sora, Tuttlingenben 16.00 \u00f3rakor \u00fcnnepi szentmise. * December 30-\u00e1n, p\u00e9nteken, Kar\u00e1csony \u00fcnnep\u00e9nek 6. napja, Szent Csal\u00e1d \u00fcnnepe, Stuttgartban\u00a018.00 \u00f3rakor\u00a0\u00fcnnepi szentmise. * December 31-\u00e9n, szombaton,\u00a0Kar\u00e1csony \u00fcnnep\u00e9nek 7. napja, Szilveszter napja, Weingartenben\u00a015.00 \u00f3rakor\u00a0\u00e9vv\u00e9gi h\u00e1laad\u00f3 szentmise\u00a0a Heilig Geist Kirche-ben, Stuttgartban\u00a018.00 \u00f3rakor \u00f3\u00e9vi\u00a0h\u00e1laad\u00f3 szentmise \u00e9s r\u00f6vid szents\u00e9gim\u00e1d\u00e1s. * 2023. janu\u00e1r 1-j\u00e9n, vas\u00e1rnap, Sz\u0171z M\u00e1ria, Isten anyja f\u0151\u00fcnnep &#8211; Kar\u00e1csony ut\u00e1ni 2. vas\u00e1rnap, Schw\u00e4bisch-Gm\u00fcndben\u00a09.30. \u00f3rakor\u00a0szentmise, Stuttgartban\u00a015.00 \u00f3rakor\u00a0szentmise. \u00a0* Minden helyen mindenkit szeretettel v\u00e1r a k\u00f6z\u00f6ss\u00e9g \u00e9s Tibor atya! \u00a0* \u00a0* Juh\u00e1sz Gyula: Kar\u00e1csony fel\u00e9 Sz\u00e9p T\u00fcnd\u00e9rorsz\u00e1g t\u00e1mad f\u00f6l sz\u00edvemben Ilyenkor decemberben. A szeretetnek csillag\u00e1ra n\u00e9zek, Megsz\u00e1ll egy titkos, gy\u00f6ny\u00f6r\u0171 ig\u00e9zet, Ilyenkor decemberben. \u2026Bizalmas sz\u00edvvel j\u00e1rom a vil\u00e1got, S amit az \u00e9let v\u00e1gott, Behegesztem a sebet a sz\u00edvemben, \u00c9s hiszek \u00fajra \u00e9gi szeretetben, Ilyenkor decemberben. \u2026\u00c9s valahol csak k\u00e9tked\u0151 besz\u00e9det Hallok, szomor\u00fan n\u00e9zek, A kis J\u00e9zuska itt van a k\u00f6zelben, Legy\u00fcnk h\u00e1t jobbak, s higgy\u00fcnk rend\u00fcletlen, S ne csak \u00edgy decemberben. * \u201eEg\u00e9sz \u00e9let\u00fcnk a szeretet isteni \u201et\u00falkap\u00e1sainak\u201d a dr\u00e1m\u00e1ja. Ennek a dr\u00e1m\u00e1nak \u00e1ll mintegy centrum\u00e1ban a megtestes\u00fcl\u00e9s titka az isteni \u00e1rtatlans\u00e1g makul\u00e1tlan tiszta jegyeivel. \u00cdgy \u2013 a teremt\u0151 lemond\u00e1s jegy\u00e9ben \u2013 a kar\u00e1csony egyszerre az eg\u00e9sz teremt\u00e9s elfogad\u00e1s\u00e1nak \u00e9s szeretetben val\u00f3 f\u00f6l\u00fclm\u00fal\u00e1s\u00e1nak az \u00fcnnepe. Isten szeretete \u00e9s szabads\u00e1ga a val\u00f3s\u00e1gos helye: inn\u00e9t univerzit\u00e1sa\u2026Isten is csak szinte \u00e9szrev\u00e9tlen\u00fcl l\u00e9phetett k\u00f6z\u00e9nk. Igaz, kicsiny, m\u00e9rhetetlen\u00fcl kicsiny f\u00e9ny ez \u2013 de re\u00e1lis. Ugyanaz a szel\u00edds\u00e9g, mely engedelmess\u00e9gre b\u00edrta a teremtett univerzumot, \u00e9s gyeng\u00e9ds\u00e9g\u00e9nek erej\u00e9vel a... R\u00e9szletek","og_url":"https:\/\/stuttgarti-katolikusok.de\/index.php\/2022-december-19-es-2023-januar-1-kozott\/","og_site_name":"Stuttgarti Katolikusok","article_published_time":"2022-12-19T14:13:36+00:00","article_modified_time":"2022-12-19T21:32:58+00:00","og_image":[{"width":2000,"height":1500,"url":"https:\/\/stuttgarti-katolikusok.de\/wp-content\/uploads\/2021\/12\/img-20211231-wa0004.jpg","type":"image\/jpeg"}],"author":"Tibor atya","twitter_card":"summary_large_image","twitter_misc":{"Szerz\u0151:":"Tibor atya","Becs\u00fclt olvas\u00e1si id\u0151":"3 perc"},"schema":{"@context":"https:\/\/schema.org","@graph":[{"@type":"Article","@id":"https:\/\/stuttgarti-katolikusok.de\/index.php\/2022-december-19-es-2023-januar-1-kozott\/#article","isPartOf":{"@id":"https:\/\/stuttgarti-katolikusok.de\/index.php\/2022-december-19-es-2023-januar-1-kozott\/"},"author":{"name":"Tibor atya","@id":"https:\/\/stuttgarti-katolikusok.de\/#\/schema\/person\/75908d6f8fdc03a57889d27209df7795"},"headline":"2022 DECEMBER 19 \u00c9S 2023 JANU\u00c1R 1 K\u00d6Z\u00d6TT","datePublished":"2022-12-19T14:13:36+00:00","dateModified":"2022-12-19T21:32:58+00:00","mainEntityOfPage":{"@id":"https:\/\/stuttgarti-katolikusok.de\/index.php\/2022-december-19-es-2023-januar-1-kozott\/"},"wordCount":489,"image":{"@id":"https:\/\/stuttgarti-katolikusok.de\/index.php\/2022-december-19-es-2023-januar-1-kozott\/#primaryimage"},"thumbnailUrl":"https:\/\/stuttgarti-katolikusok.de\/wp-content\/uploads\/2021\/12\/img-20211231-wa0004.jpg","articleSection":["Progamel\u0151zetes"],"inLanguage":"hu"},{"@type":"WebPage","@id":"https:\/\/stuttgarti-katolikusok.de\/index.php\/2022-december-19-es-2023-januar-1-kozott\/","url":"https:\/\/stuttgarti-katolikusok.de\/index.php\/2022-december-19-es-2023-januar-1-kozott\/","name":"2022 DECEMBER 19 \u00c9S 2023 JANU\u00c1R 1 K\u00d6Z\u00d6TT - Stuttgarti Katolikusok","isPartOf":{"@id":"https:\/\/stuttgarti-katolikusok.de\/#website"},"primaryImageOfPage":{"@id":"https:\/\/stuttgarti-katolikusok.de\/index.php\/2022-december-19-es-2023-januar-1-kozott\/#primaryimage"},"image":{"@id":"https:\/\/stuttgarti-katolikusok.de\/index.php\/2022-december-19-es-2023-januar-1-kozott\/#primaryimage"},"thumbnailUrl":"https:\/\/stuttgarti-katolikusok.de\/wp-content\/uploads\/2021\/12\/img-20211231-wa0004.jpg","datePublished":"2022-12-19T14:13:36+00:00","dateModified":"2022-12-19T21:32:58+00:00","author":{"@id":"https:\/\/stuttgarti-katolikusok.de\/#\/schema\/person\/75908d6f8fdc03a57889d27209df7795"},"breadcrumb":{"@id":"https:\/\/stuttgarti-katolikusok.de\/index.php\/2022-december-19-es-2023-januar-1-kozott\/#breadcrumb"},"inLanguage":"hu","potentialAction":[{"@type":"ReadAction","target":["https:\/\/stuttgarti-katolikusok.de\/index.php\/2022-december-19-es-2023-januar-1-kozott\/"]}]},{"@type":"ImageObject","inLanguage":"hu","@id":"https:\/\/stuttgarti-katolikusok.de\/index.php\/2022-december-19-es-2023-januar-1-kozott\/#primaryimage","url":"https:\/\/stuttgarti-katolikusok.de\/wp-content\/uploads\/2021\/12\/img-20211231-wa0004.jpg","contentUrl":"https:\/\/stuttgarti-katolikusok.de\/wp-content\/uploads\/2021\/12\/img-20211231-wa0004.jpg","width":2000,"height":1500},{"@type":"BreadcrumbList","@id":"https:\/\/stuttgarti-katolikusok.de\/index.php\/2022-december-19-es-2023-januar-1-kozott\/#breadcrumb","itemListElement":[{"@type":"ListItem","position":1,"name":"Kezd\u0151lap","item":"https:\/\/stuttgarti-katolikusok.de\/"},{"@type":"ListItem","position":2,"name":"2022 DECEMBER 19 \u00c9S 2023 JANU\u00c1R 1 K\u00d6Z\u00d6TT"}]},{"@type":"WebSite","@id":"https:\/\/stuttgarti-katolikusok.de\/#website","url":"https:\/\/stuttgarti-katolikusok.de\/","name":"Stuttgarti Katolikusok","description":"","potentialAction":[{"@type":"SearchAction","target":{"@type":"EntryPoint","urlTemplate":"https:\/\/stuttgarti-katolikusok.de\/?s={search_term_string}"},"query-input":{"@type":"PropertyValueSpecification","valueRequired":true,"valueName":"search_term_string"}}],"inLanguage":"hu"},{"@type":"Person","@id":"https:\/\/stuttgarti-katolikusok.de\/#\/schema\/person\/75908d6f8fdc03a57889d27209df7795","name":"Tibor atya","image":{"@type":"ImageObject","inLanguage":"hu","@id":"https:\/\/secure.gravatar.com\/avatar\/61d268e57d1f4525b111222e29d2d5a7f8c420fdbf231ba5566a8ceac74fa960?s=96&d=mm&r=g","url":"https:\/\/secure.gravatar.com\/avatar\/61d268e57d1f4525b111222e29d2d5a7f8c420fdbf231ba5566a8ceac74fa960?s=96&d=mm&r=g","contentUrl":"https:\/\/secure.gravatar.com\/avatar\/61d268e57d1f4525b111222e29d2d5a7f8c420fdbf231ba5566a8ceac74fa960?s=96&d=mm&r=g","caption":"Tibor atya"},"url":"https:\/\/stuttgarti-katolikusok.de\/index.php\/author\/tibor-atya\/"}]}},"_links":{"self":[{"href":"https:\/\/stuttgarti-katolikusok.de\/index.php\/wp-json\/wp\/v2\/posts\/24142","targetHints":{"allow":["GET"]}}],"collection":[{"href":"https:\/\/stuttgarti-katolikusok.de\/index.php\/wp-json\/wp\/v2\/posts"}],"about":[{"href":"https:\/\/stuttgarti-katolikusok.de\/index.php\/wp-json\/wp\/v2\/types\/post"}],"author":[{"embeddable":true,"href":"https:\/\/stuttgarti-katolikusok.de\/index.php\/wp-json\/wp\/v2\/users\/3"}],"replies":[{"embeddable":true,"href":"https:\/\/stuttgarti-katolikusok.de\/index.php\/wp-json\/wp\/v2\/comments?post=24142"}],"version-history":[{"count":5,"href":"https:\/\/stuttgarti-katolikusok.de\/index.php\/wp-json\/wp\/v2\/posts\/24142\/revisions"}],"predecessor-version":[{"id":24169,"href":"https:\/\/stuttgarti-katolikusok.de\/index.php\/wp-json\/wp\/v2\/posts\/24142\/revisions\/24169"}],"wp:featuredmedia":[{"embeddable":true,"href":"https:\/\/stuttgarti-katolikusok.de\/index.php\/wp-json\/wp\/v2\/media\/22756"}],"wp:attachment":[{"href":"https:\/\/stuttgarti-katolikusok.de\/index.php\/wp-json\/wp\/v2\/media?parent=24142"}],"wp:term":[{"taxonomy":"category","embeddable":true,"href":"https:\/\/stuttgarti-katolikusok.de\/index.php\/wp-json\/wp\/v2\/categories?post=24142"},{"taxonomy":"post_tag","embeddable":true,"href":"https:\/\/stuttgarti-katolikusok.de\/index.php\/wp-json\/wp\/v2\/tags?post=24142"}],"curies":[{"name":"wp","href":"https:\/\/api.w.org\/{rel}","templated":true}]}}