{"id":24136,"date":"2022-12-19T00:40:55","date_gmt":"2022-12-18T23:40:55","guid":{"rendered":"https:\/\/stuttgarti-katolikusok.de\/?p=24136"},"modified":"2022-12-19T00:44:48","modified_gmt":"2022-12-18T23:44:48","slug":"cserkesz-advent-stuttgartban-2022-december-18","status":"publish","type":"post","link":"https:\/\/stuttgarti-katolikusok.de\/index.php\/cserkesz-advent-stuttgartban-2022-december-18\/","title":{"rendered":"Cserk\u00e9sz-advent Stuttgartban &#8211; 2022. december 18."},"content":{"rendered":"<p>A 81. sz\u00e1m\u00fa Dob\u00f3 Istv\u00e1n cserk\u00e9szcsapat fenn\u00e1ll\u00e1s\u00e1nak 50. \u00e9vfordul\u00f3j\u00e1t \u00fcnnepelte. Advent 4. vas\u00e1rnapj\u00e1n, a kor\u00e1bbi esztend\u0151k hagyom\u00e1ny\u00e1t k\u00f6vetve, adventi \u00e9s kar\u00e1csonyi t\u00e9m\u00e1j\u00fa el\u0151ad\u00e1ssal aj\u00e1nd\u00e9koztak meg. H\u00e1l\u00e1s k\u00f6sz\u00f6net Dr. Izs\u00e1k Andr\u00e1s f\u0151konzul \u00farnak a szem\u00e9lyes jelenl\u00e9t\u00e9rt \u00e9s az \u00fcnnepi besz\u00e9d\u00e9rt. Term\u00e9szetesen k\u00f6sz\u00f6net illeti meg a cserk\u00e9szcsapat minden tagj\u00e1t \u00e9s a kedves sz\u00fcl\u0151ket, hogy ilyen tartalmas nappal aj\u00e1nd\u00e9koztak meg benn\u00fcnket.<\/p>\n<p><a href=\"https:\/\/youtu.be\/sd19NmDq_O4\">Cserk\u00e9sz-advent Stuttgartban<\/a><\/p>\n","protected":false},"excerpt":{"rendered":"<p>A 81. sz\u00e1m\u00fa Dob\u00f3 Istv\u00e1n cserk\u00e9szcsapat fenn\u00e1ll\u00e1s\u00e1nak 50. \u00e9vfordul\u00f3j\u00e1t \u00fcnnepelte. Advent 4. vas\u00e1rnapj\u00e1n, a kor\u00e1bbi esztend\u0151k hagyom\u00e1ny\u00e1t k\u00f6vetve, adventi \u00e9s kar\u00e1csonyi t\u00e9m\u00e1j\u00fa el\u0151ad\u00e1ssal aj\u00e1nd\u00e9koztak meg. H\u00e1l\u00e1s k\u00f6sz\u00f6net Dr. Izs\u00e1k Andr\u00e1s f\u0151konzul \u00farnak a szem\u00e9lyes jelenl\u00e9t\u00e9rt \u00e9s az \u00fcnnepi besz\u00e9d\u00e9rt. Term\u00e9szetesen k\u00f6sz\u00f6net illeti meg a cserk\u00e9szcsapat minden tagj\u00e1t \u00e9s a kedves sz\u00fcl\u0151ket, hogy ilyen tartalmas nappal aj\u00e1nd\u00e9koztak meg benn\u00fcnket. Cserk\u00e9sz-advent Stuttgartban<\/p>\n","protected":false},"author":3,"featured_media":24137,"comment_status":"closed","ping_status":"closed","sticky":false,"template":"","format":"standard","meta":{"footnotes":""},"categories":[5],"tags":[],"class_list":["post-24136","post","type-post","status-publish","format-standard","has-post-thumbnail","hentry","category-hirek"],"yoast_head":"<!-- This site is optimized with the Yoast SEO plugin v27.3 - https:\/\/yoast.com\/product\/yoast-seo-wordpress\/ -->\n<title>Cserk\u00e9sz-advent Stuttgartban - 2022. december 18. - Stuttgarti Katolikusok<\/title>\n<meta name=\"robots\" content=\"index, follow, max-snippet:-1, max-image-preview:large, max-video-preview:-1\" \/>\n<link rel=\"canonical\" href=\"https:\/\/stuttgarti-katolikusok.de\/index.php\/cserkesz-advent-stuttgartban-2022-december-18\/\" \/>\n<meta property=\"og:locale\" content=\"hu_HU\" \/>\n<meta property=\"og:type\" content=\"article\" \/>\n<meta property=\"og:title\" content=\"Cserk\u00e9sz-advent Stuttgartban - 2022. december 18. - Stuttgarti Katolikusok\" \/>\n<meta property=\"og:description\" content=\"A 81. sz\u00e1m\u00fa Dob\u00f3 Istv\u00e1n cserk\u00e9szcsapat fenn\u00e1ll\u00e1s\u00e1nak 50. \u00e9vfordul\u00f3j\u00e1t \u00fcnnepelte. Advent 4. vas\u00e1rnapj\u00e1n, a kor\u00e1bbi esztend\u0151k hagyom\u00e1ny\u00e1t k\u00f6vetve, adventi \u00e9s kar\u00e1csonyi t\u00e9m\u00e1j\u00fa el\u0151ad\u00e1ssal aj\u00e1nd\u00e9koztak meg. H\u00e1l\u00e1s k\u00f6sz\u00f6net Dr. Izs\u00e1k Andr\u00e1s f\u0151konzul \u00farnak a szem\u00e9lyes jelenl\u00e9t\u00e9rt \u00e9s az \u00fcnnepi besz\u00e9d\u00e9rt. Term\u00e9szetesen k\u00f6sz\u00f6net illeti meg a cserk\u00e9szcsapat minden tagj\u00e1t \u00e9s a kedves sz\u00fcl\u0151ket, hogy ilyen tartalmas nappal aj\u00e1nd\u00e9koztak meg benn\u00fcnket. Cserk\u00e9sz-advent Stuttgartban\" \/>\n<meta property=\"og:url\" content=\"https:\/\/stuttgarti-katolikusok.de\/index.php\/cserkesz-advent-stuttgartban-2022-december-18\/\" \/>\n<meta property=\"og:site_name\" content=\"Stuttgarti Katolikusok\" \/>\n<meta property=\"article:published_time\" content=\"2022-12-18T23:40:55+00:00\" \/>\n<meta property=\"article:modified_time\" content=\"2022-12-18T23:44:48+00:00\" \/>\n<meta property=\"og:image\" content=\"https:\/\/stuttgarti-katolikusok.de\/wp-content\/uploads\/2022\/12\/cserkeszadvent-stuttgart.jpg\" \/>\n\t<meta property=\"og:image:width\" content=\"2000\" \/>\n\t<meta property=\"og:image:height\" content=\"1125\" \/>\n\t<meta property=\"og:image:type\" content=\"image\/jpeg\" \/>\n<meta name=\"author\" content=\"Tibor atya\" \/>\n<meta name=\"twitter:card\" content=\"summary_large_image\" \/>\n<meta name=\"twitter:label1\" content=\"Szerz\u0151:\" \/>\n\t<meta name=\"twitter:data1\" content=\"Tibor atya\" \/>\n\t<meta name=\"twitter:label2\" content=\"Becs\u00fclt olvas\u00e1si id\u0151\" \/>\n\t<meta name=\"twitter:data2\" content=\"1 perc\" \/>\n<script type=\"application\/ld+json\" class=\"yoast-schema-graph\">{\"@context\":\"https:\\\/\\\/schema.org\",\"@graph\":[{\"@type\":\"Article\",\"@id\":\"https:\\\/\\\/stuttgarti-katolikusok.de\\\/index.php\\\/cserkesz-advent-stuttgartban-2022-december-18\\\/#article\",\"isPartOf\":{\"@id\":\"https:\\\/\\\/stuttgarti-katolikusok.de\\\/index.php\\\/cserkesz-advent-stuttgartban-2022-december-18\\\/\"},\"author\":{\"name\":\"Tibor atya\",\"@id\":\"https:\\\/\\\/stuttgarti-katolikusok.de\\\/#\\\/schema\\\/person\\\/75908d6f8fdc03a57889d27209df7795\"},\"headline\":\"Cserk\u00e9sz-advent Stuttgartban &#8211; 2022. december 18.\",\"datePublished\":\"2022-12-18T23:40:55+00:00\",\"dateModified\":\"2022-12-18T23:44:48+00:00\",\"mainEntityOfPage\":{\"@id\":\"https:\\\/\\\/stuttgarti-katolikusok.de\\\/index.php\\\/cserkesz-advent-stuttgartban-2022-december-18\\\/\"},\"wordCount\":107,\"image\":{\"@id\":\"https:\\\/\\\/stuttgarti-katolikusok.de\\\/index.php\\\/cserkesz-advent-stuttgartban-2022-december-18\\\/#primaryimage\"},\"thumbnailUrl\":\"https:\\\/\\\/stuttgarti-katolikusok.de\\\/wp-content\\\/uploads\\\/2022\\\/12\\\/cserkeszadvent-stuttgart.jpg\",\"articleSection\":[\"H\u00edrek\"],\"inLanguage\":\"hu\"},{\"@type\":\"WebPage\",\"@id\":\"https:\\\/\\\/stuttgarti-katolikusok.de\\\/index.php\\\/cserkesz-advent-stuttgartban-2022-december-18\\\/\",\"url\":\"https:\\\/\\\/stuttgarti-katolikusok.de\\\/index.php\\\/cserkesz-advent-stuttgartban-2022-december-18\\\/\",\"name\":\"Cserk\u00e9sz-advent Stuttgartban - 2022. december 18. - Stuttgarti Katolikusok\",\"isPartOf\":{\"@id\":\"https:\\\/\\\/stuttgarti-katolikusok.de\\\/#website\"},\"primaryImageOfPage\":{\"@id\":\"https:\\\/\\\/stuttgarti-katolikusok.de\\\/index.php\\\/cserkesz-advent-stuttgartban-2022-december-18\\\/#primaryimage\"},\"image\":{\"@id\":\"https:\\\/\\\/stuttgarti-katolikusok.de\\\/index.php\\\/cserkesz-advent-stuttgartban-2022-december-18\\\/#primaryimage\"},\"thumbnailUrl\":\"https:\\\/\\\/stuttgarti-katolikusok.de\\\/wp-content\\\/uploads\\\/2022\\\/12\\\/cserkeszadvent-stuttgart.jpg\",\"datePublished\":\"2022-12-18T23:40:55+00:00\",\"dateModified\":\"2022-12-18T23:44:48+00:00\",\"author\":{\"@id\":\"https:\\\/\\\/stuttgarti-katolikusok.de\\\/#\\\/schema\\\/person\\\/75908d6f8fdc03a57889d27209df7795\"},\"breadcrumb\":{\"@id\":\"https:\\\/\\\/stuttgarti-katolikusok.de\\\/index.php\\\/cserkesz-advent-stuttgartban-2022-december-18\\\/#breadcrumb\"},\"inLanguage\":\"hu\",\"potentialAction\":[{\"@type\":\"ReadAction\",\"target\":[\"https:\\\/\\\/stuttgarti-katolikusok.de\\\/index.php\\\/cserkesz-advent-stuttgartban-2022-december-18\\\/\"]}]},{\"@type\":\"ImageObject\",\"inLanguage\":\"hu\",\"@id\":\"https:\\\/\\\/stuttgarti-katolikusok.de\\\/index.php\\\/cserkesz-advent-stuttgartban-2022-december-18\\\/#primaryimage\",\"url\":\"https:\\\/\\\/stuttgarti-katolikusok.de\\\/wp-content\\\/uploads\\\/2022\\\/12\\\/cserkeszadvent-stuttgart.jpg\",\"contentUrl\":\"https:\\\/\\\/stuttgarti-katolikusok.de\\\/wp-content\\\/uploads\\\/2022\\\/12\\\/cserkeszadvent-stuttgart.jpg\",\"width\":2000,\"height\":1125},{\"@type\":\"BreadcrumbList\",\"@id\":\"https:\\\/\\\/stuttgarti-katolikusok.de\\\/index.php\\\/cserkesz-advent-stuttgartban-2022-december-18\\\/#breadcrumb\",\"itemListElement\":[{\"@type\":\"ListItem\",\"position\":1,\"name\":\"Kezd\u0151lap\",\"item\":\"https:\\\/\\\/stuttgarti-katolikusok.de\\\/\"},{\"@type\":\"ListItem\",\"position\":2,\"name\":\"Cserk\u00e9sz-advent Stuttgartban &#8211; 2022. december 18.\"}]},{\"@type\":\"WebSite\",\"@id\":\"https:\\\/\\\/stuttgarti-katolikusok.de\\\/#website\",\"url\":\"https:\\\/\\\/stuttgarti-katolikusok.de\\\/\",\"name\":\"Stuttgarti Katolikusok\",\"description\":\"\",\"potentialAction\":[{\"@type\":\"SearchAction\",\"target\":{\"@type\":\"EntryPoint\",\"urlTemplate\":\"https:\\\/\\\/stuttgarti-katolikusok.de\\\/?s={search_term_string}\"},\"query-input\":{\"@type\":\"PropertyValueSpecification\",\"valueRequired\":true,\"valueName\":\"search_term_string\"}}],\"inLanguage\":\"hu\"},{\"@type\":\"Person\",\"@id\":\"https:\\\/\\\/stuttgarti-katolikusok.de\\\/#\\\/schema\\\/person\\\/75908d6f8fdc03a57889d27209df7795\",\"name\":\"Tibor atya\",\"image\":{\"@type\":\"ImageObject\",\"inLanguage\":\"hu\",\"@id\":\"https:\\\/\\\/secure.gravatar.com\\\/avatar\\\/61d268e57d1f4525b111222e29d2d5a7f8c420fdbf231ba5566a8ceac74fa960?s=96&d=mm&r=g\",\"url\":\"https:\\\/\\\/secure.gravatar.com\\\/avatar\\\/61d268e57d1f4525b111222e29d2d5a7f8c420fdbf231ba5566a8ceac74fa960?s=96&d=mm&r=g\",\"contentUrl\":\"https:\\\/\\\/secure.gravatar.com\\\/avatar\\\/61d268e57d1f4525b111222e29d2d5a7f8c420fdbf231ba5566a8ceac74fa960?s=96&d=mm&r=g\",\"caption\":\"Tibor atya\"},\"url\":\"https:\\\/\\\/stuttgarti-katolikusok.de\\\/index.php\\\/author\\\/tibor-atya\\\/\"}]}<\/script>\n<!-- \/ Yoast SEO plugin. -->","yoast_head_json":{"title":"Cserk\u00e9sz-advent Stuttgartban - 2022. december 18. - Stuttgarti Katolikusok","robots":{"index":"index","follow":"follow","max-snippet":"max-snippet:-1","max-image-preview":"max-image-preview:large","max-video-preview":"max-video-preview:-1"},"canonical":"https:\/\/stuttgarti-katolikusok.de\/index.php\/cserkesz-advent-stuttgartban-2022-december-18\/","og_locale":"hu_HU","og_type":"article","og_title":"Cserk\u00e9sz-advent Stuttgartban - 2022. december 18. - Stuttgarti Katolikusok","og_description":"A 81. sz\u00e1m\u00fa Dob\u00f3 Istv\u00e1n cserk\u00e9szcsapat fenn\u00e1ll\u00e1s\u00e1nak 50. \u00e9vfordul\u00f3j\u00e1t \u00fcnnepelte. Advent 4. vas\u00e1rnapj\u00e1n, a kor\u00e1bbi esztend\u0151k hagyom\u00e1ny\u00e1t k\u00f6vetve, adventi \u00e9s kar\u00e1csonyi t\u00e9m\u00e1j\u00fa el\u0151ad\u00e1ssal aj\u00e1nd\u00e9koztak meg. H\u00e1l\u00e1s k\u00f6sz\u00f6net Dr. Izs\u00e1k Andr\u00e1s f\u0151konzul \u00farnak a szem\u00e9lyes jelenl\u00e9t\u00e9rt \u00e9s az \u00fcnnepi besz\u00e9d\u00e9rt. Term\u00e9szetesen k\u00f6sz\u00f6net illeti meg a cserk\u00e9szcsapat minden tagj\u00e1t \u00e9s a kedves sz\u00fcl\u0151ket, hogy ilyen tartalmas nappal aj\u00e1nd\u00e9koztak meg benn\u00fcnket. Cserk\u00e9sz-advent Stuttgartban","og_url":"https:\/\/stuttgarti-katolikusok.de\/index.php\/cserkesz-advent-stuttgartban-2022-december-18\/","og_site_name":"Stuttgarti Katolikusok","article_published_time":"2022-12-18T23:40:55+00:00","article_modified_time":"2022-12-18T23:44:48+00:00","og_image":[{"width":2000,"height":1125,"url":"https:\/\/stuttgarti-katolikusok.de\/wp-content\/uploads\/2022\/12\/cserkeszadvent-stuttgart.jpg","type":"image\/jpeg"}],"author":"Tibor atya","twitter_card":"summary_large_image","twitter_misc":{"Szerz\u0151:":"Tibor atya","Becs\u00fclt olvas\u00e1si id\u0151":"1 perc"},"schema":{"@context":"https:\/\/schema.org","@graph":[{"@type":"Article","@id":"https:\/\/stuttgarti-katolikusok.de\/index.php\/cserkesz-advent-stuttgartban-2022-december-18\/#article","isPartOf":{"@id":"https:\/\/stuttgarti-katolikusok.de\/index.php\/cserkesz-advent-stuttgartban-2022-december-18\/"},"author":{"name":"Tibor atya","@id":"https:\/\/stuttgarti-katolikusok.de\/#\/schema\/person\/75908d6f8fdc03a57889d27209df7795"},"headline":"Cserk\u00e9sz-advent Stuttgartban &#8211; 2022. december 18.","datePublished":"2022-12-18T23:40:55+00:00","dateModified":"2022-12-18T23:44:48+00:00","mainEntityOfPage":{"@id":"https:\/\/stuttgarti-katolikusok.de\/index.php\/cserkesz-advent-stuttgartban-2022-december-18\/"},"wordCount":107,"image":{"@id":"https:\/\/stuttgarti-katolikusok.de\/index.php\/cserkesz-advent-stuttgartban-2022-december-18\/#primaryimage"},"thumbnailUrl":"https:\/\/stuttgarti-katolikusok.de\/wp-content\/uploads\/2022\/12\/cserkeszadvent-stuttgart.jpg","articleSection":["H\u00edrek"],"inLanguage":"hu"},{"@type":"WebPage","@id":"https:\/\/stuttgarti-katolikusok.de\/index.php\/cserkesz-advent-stuttgartban-2022-december-18\/","url":"https:\/\/stuttgarti-katolikusok.de\/index.php\/cserkesz-advent-stuttgartban-2022-december-18\/","name":"Cserk\u00e9sz-advent Stuttgartban - 2022. december 18. - Stuttgarti Katolikusok","isPartOf":{"@id":"https:\/\/stuttgarti-katolikusok.de\/#website"},"primaryImageOfPage":{"@id":"https:\/\/stuttgarti-katolikusok.de\/index.php\/cserkesz-advent-stuttgartban-2022-december-18\/#primaryimage"},"image":{"@id":"https:\/\/stuttgarti-katolikusok.de\/index.php\/cserkesz-advent-stuttgartban-2022-december-18\/#primaryimage"},"thumbnailUrl":"https:\/\/stuttgarti-katolikusok.de\/wp-content\/uploads\/2022\/12\/cserkeszadvent-stuttgart.jpg","datePublished":"2022-12-18T23:40:55+00:00","dateModified":"2022-12-18T23:44:48+00:00","author":{"@id":"https:\/\/stuttgarti-katolikusok.de\/#\/schema\/person\/75908d6f8fdc03a57889d27209df7795"},"breadcrumb":{"@id":"https:\/\/stuttgarti-katolikusok.de\/index.php\/cserkesz-advent-stuttgartban-2022-december-18\/#breadcrumb"},"inLanguage":"hu","potentialAction":[{"@type":"ReadAction","target":["https:\/\/stuttgarti-katolikusok.de\/index.php\/cserkesz-advent-stuttgartban-2022-december-18\/"]}]},{"@type":"ImageObject","inLanguage":"hu","@id":"https:\/\/stuttgarti-katolikusok.de\/index.php\/cserkesz-advent-stuttgartban-2022-december-18\/#primaryimage","url":"https:\/\/stuttgarti-katolikusok.de\/wp-content\/uploads\/2022\/12\/cserkeszadvent-stuttgart.jpg","contentUrl":"https:\/\/stuttgarti-katolikusok.de\/wp-content\/uploads\/2022\/12\/cserkeszadvent-stuttgart.jpg","width":2000,"height":1125},{"@type":"BreadcrumbList","@id":"https:\/\/stuttgarti-katolikusok.de\/index.php\/cserkesz-advent-stuttgartban-2022-december-18\/#breadcrumb","itemListElement":[{"@type":"ListItem","position":1,"name":"Kezd\u0151lap","item":"https:\/\/stuttgarti-katolikusok.de\/"},{"@type":"ListItem","position":2,"name":"Cserk\u00e9sz-advent Stuttgartban &#8211; 2022. december 18."}]},{"@type":"WebSite","@id":"https:\/\/stuttgarti-katolikusok.de\/#website","url":"https:\/\/stuttgarti-katolikusok.de\/","name":"Stuttgarti Katolikusok","description":"","potentialAction":[{"@type":"SearchAction","target":{"@type":"EntryPoint","urlTemplate":"https:\/\/stuttgarti-katolikusok.de\/?s={search_term_string}"},"query-input":{"@type":"PropertyValueSpecification","valueRequired":true,"valueName":"search_term_string"}}],"inLanguage":"hu"},{"@type":"Person","@id":"https:\/\/stuttgarti-katolikusok.de\/#\/schema\/person\/75908d6f8fdc03a57889d27209df7795","name":"Tibor atya","image":{"@type":"ImageObject","inLanguage":"hu","@id":"https:\/\/secure.gravatar.com\/avatar\/61d268e57d1f4525b111222e29d2d5a7f8c420fdbf231ba5566a8ceac74fa960?s=96&d=mm&r=g","url":"https:\/\/secure.gravatar.com\/avatar\/61d268e57d1f4525b111222e29d2d5a7f8c420fdbf231ba5566a8ceac74fa960?s=96&d=mm&r=g","contentUrl":"https:\/\/secure.gravatar.com\/avatar\/61d268e57d1f4525b111222e29d2d5a7f8c420fdbf231ba5566a8ceac74fa960?s=96&d=mm&r=g","caption":"Tibor atya"},"url":"https:\/\/stuttgarti-katolikusok.de\/index.php\/author\/tibor-atya\/"}]}},"_links":{"self":[{"href":"https:\/\/stuttgarti-katolikusok.de\/index.php\/wp-json\/wp\/v2\/posts\/24136","targetHints":{"allow":["GET"]}}],"collection":[{"href":"https:\/\/stuttgarti-katolikusok.de\/index.php\/wp-json\/wp\/v2\/posts"}],"about":[{"href":"https:\/\/stuttgarti-katolikusok.de\/index.php\/wp-json\/wp\/v2\/types\/post"}],"author":[{"embeddable":true,"href":"https:\/\/stuttgarti-katolikusok.de\/index.php\/wp-json\/wp\/v2\/users\/3"}],"replies":[{"embeddable":true,"href":"https:\/\/stuttgarti-katolikusok.de\/index.php\/wp-json\/wp\/v2\/comments?post=24136"}],"version-history":[{"count":4,"href":"https:\/\/stuttgarti-katolikusok.de\/index.php\/wp-json\/wp\/v2\/posts\/24136\/revisions"}],"predecessor-version":[{"id":24141,"href":"https:\/\/stuttgarti-katolikusok.de\/index.php\/wp-json\/wp\/v2\/posts\/24136\/revisions\/24141"}],"wp:featuredmedia":[{"embeddable":true,"href":"https:\/\/stuttgarti-katolikusok.de\/index.php\/wp-json\/wp\/v2\/media\/24137"}],"wp:attachment":[{"href":"https:\/\/stuttgarti-katolikusok.de\/index.php\/wp-json\/wp\/v2\/media?parent=24136"}],"wp:term":[{"taxonomy":"category","embeddable":true,"href":"https:\/\/stuttgarti-katolikusok.de\/index.php\/wp-json\/wp\/v2\/categories?post=24136"},{"taxonomy":"post_tag","embeddable":true,"href":"https:\/\/stuttgarti-katolikusok.de\/index.php\/wp-json\/wp\/v2\/tags?post=24136"}],"curies":[{"name":"wp","href":"https:\/\/api.w.org\/{rel}","templated":true}]}}