{"id":24110,"date":"2022-12-14T12:04:54","date_gmt":"2022-12-14T11:04:54","guid":{"rendered":"https:\/\/stuttgarti-katolikusok.de\/?p=24110"},"modified":"2022-12-14T13:36:17","modified_gmt":"2022-12-14T12:36:17","slug":"baratsagklub-2022-december-16","status":"publish","type":"post","link":"https:\/\/stuttgarti-katolikusok.de\/index.php\/baratsagklub-2022-december-16\/","title":{"rendered":"Bar\u00e1ts\u00e1gklub 2022. december 16."},"content":{"rendered":"<p>Kedves H\u00edveink, kedves Bar\u00e1taink!<\/p>\n<p>Nagy szeretettel h\u00edvunk meg Benneteket a p\u00e9nteki, 2022. december 16-i Bar\u00e1ts\u00e1gklub kar\u00e1csonyi \u00fcnneps\u00e9g\u00e9re.<\/p>\n<p>Imm\u00e1r m\u00e1sodszor &#8211; koroszt\u00e1lyt\u00f3l f\u00fcggetlen\u00fcl &#8211; tal\u00e1lkozunk a Bruder Klaus templom k\u00f6z\u00f6ss\u00e9gi term\u00e9ben.<\/p>\n<p>Meghallgatjuk Tibor atya adventi gondolatait, majd a magunkkal hozott adventi versek \u00e9s novell\u00e1k felolvas\u00e1sa k\u00f6vetkezik\u00a0\u00e9s k\u00f6zben zenei al\u00e1fest\u00e9sk\u00e9nt\u00a0megh\u00edvott vend\u00e9g\u00fcnk,\u00a0Vass M\u00e1ria-Magdolna, \u00fcnnepi zen\u00e9s m\u0171sort mutat be.<\/p>\n<p>K\u00e9r\u00fcnk terjessz\u00e9tek a bar\u00e1ti k\u00f6rben. K\u00f6sz\u00f6nj\u00fck.<\/p>\n<p>\u00dcdv\u00f6zlettel,<\/p>\n<p><em>Erd\u0151sn\u00e9 Nyitrai Erika, a Bar\u00e1ts\u00e1gklub vezet\u0151je<\/em> <em>\u00e9s D\u00e1vid Melinda, titk\u00e1rn\u0151<\/em><\/p>\n","protected":false},"excerpt":{"rendered":"<p>Kedves H\u00edveink, kedves Bar\u00e1taink! Nagy szeretettel h\u00edvunk meg Benneteket a p\u00e9nteki, 2022. december 16-i Bar\u00e1ts\u00e1gklub kar\u00e1csonyi \u00fcnneps\u00e9g\u00e9re. Imm\u00e1r m\u00e1sodszor &#8211; koroszt\u00e1lyt\u00f3l f\u00fcggetlen\u00fcl &#8211; tal\u00e1lkozunk a Bruder Klaus templom k\u00f6z\u00f6ss\u00e9gi term\u00e9ben. Meghallgatjuk Tibor atya adventi gondolatait, majd a magunkkal hozott adventi versek \u00e9s novell\u00e1k felolvas\u00e1sa k\u00f6vetkezik\u00a0\u00e9s k\u00f6zben zenei al\u00e1fest\u00e9sk\u00e9nt\u00a0megh\u00edvott vend\u00e9g\u00fcnk,\u00a0Vass M\u00e1ria-Magdolna, \u00fcnnepi zen\u00e9s m\u0171sort mutat be. K\u00e9r\u00fcnk terjessz\u00e9tek a bar\u00e1ti k\u00f6rben. K\u00f6sz\u00f6nj\u00fck. \u00dcdv\u00f6zlettel, Erd\u0151sn\u00e9 Nyitrai Erika, a Bar\u00e1ts\u00e1gklub vezet\u0151je \u00e9s D\u00e1vid Melinda, titk\u00e1rn\u0151<\/p>\n","protected":false},"author":3,"featured_media":24078,"comment_status":"closed","ping_status":"closed","sticky":false,"template":"","format":"standard","meta":{"footnotes":""},"categories":[32],"tags":[],"class_list":["post-24110","post","type-post","status-publish","format-standard","has-post-thumbnail","hentry","category-baratsag-klub"],"yoast_head":"<!-- This site is optimized with the Yoast SEO plugin v27.3 - https:\/\/yoast.com\/product\/yoast-seo-wordpress\/ -->\n<title>Bar\u00e1ts\u00e1gklub 2022. december 16. - Stuttgarti Katolikusok<\/title>\n<meta name=\"robots\" content=\"index, follow, max-snippet:-1, max-image-preview:large, max-video-preview:-1\" \/>\n<link rel=\"canonical\" href=\"https:\/\/stuttgarti-katolikusok.de\/index.php\/baratsagklub-2022-december-16\/\" \/>\n<meta property=\"og:locale\" content=\"hu_HU\" \/>\n<meta property=\"og:type\" content=\"article\" \/>\n<meta property=\"og:title\" content=\"Bar\u00e1ts\u00e1gklub 2022. december 16. - Stuttgarti Katolikusok\" \/>\n<meta property=\"og:description\" content=\"Kedves H\u00edveink, kedves Bar\u00e1taink! Nagy szeretettel h\u00edvunk meg Benneteket a p\u00e9nteki, 2022. december 16-i Bar\u00e1ts\u00e1gklub kar\u00e1csonyi \u00fcnneps\u00e9g\u00e9re. Imm\u00e1r m\u00e1sodszor &#8211; koroszt\u00e1lyt\u00f3l f\u00fcggetlen\u00fcl &#8211; tal\u00e1lkozunk a Bruder Klaus templom k\u00f6z\u00f6ss\u00e9gi term\u00e9ben. Meghallgatjuk Tibor atya adventi gondolatait, majd a magunkkal hozott adventi versek \u00e9s novell\u00e1k felolvas\u00e1sa k\u00f6vetkezik\u00a0\u00e9s k\u00f6zben zenei al\u00e1fest\u00e9sk\u00e9nt\u00a0megh\u00edvott vend\u00e9g\u00fcnk,\u00a0Vass M\u00e1ria-Magdolna, \u00fcnnepi zen\u00e9s m\u0171sort mutat be. K\u00e9r\u00fcnk terjessz\u00e9tek a bar\u00e1ti k\u00f6rben. K\u00f6sz\u00f6nj\u00fck. \u00dcdv\u00f6zlettel, Erd\u0151sn\u00e9 Nyitrai Erika, a Bar\u00e1ts\u00e1gklub vezet\u0151je \u00e9s D\u00e1vid Melinda, titk\u00e1rn\u0151\" \/>\n<meta property=\"og:url\" content=\"https:\/\/stuttgarti-katolikusok.de\/index.php\/baratsagklub-2022-december-16\/\" \/>\n<meta property=\"og:site_name\" content=\"Stuttgarti Katolikusok\" \/>\n<meta property=\"article:published_time\" content=\"2022-12-14T11:04:54+00:00\" \/>\n<meta property=\"article:modified_time\" content=\"2022-12-14T12:36:17+00:00\" \/>\n<meta property=\"og:image\" content=\"https:\/\/stuttgarti-katolikusok.de\/wp-content\/uploads\/2022\/12\/einladung.jpg\" \/>\n\t<meta property=\"og:image:width\" content=\"1324\" \/>\n\t<meta property=\"og:image:height\" content=\"1357\" \/>\n\t<meta property=\"og:image:type\" content=\"image\/jpeg\" \/>\n<meta name=\"author\" content=\"Tibor atya\" \/>\n<meta name=\"twitter:card\" content=\"summary_large_image\" \/>\n<meta name=\"twitter:label1\" content=\"Szerz\u0151:\" \/>\n\t<meta name=\"twitter:data1\" content=\"Tibor atya\" \/>\n\t<meta name=\"twitter:label2\" content=\"Becs\u00fclt olvas\u00e1si id\u0151\" \/>\n\t<meta name=\"twitter:data2\" content=\"1 perc\" \/>\n<script type=\"application\/ld+json\" class=\"yoast-schema-graph\">{\"@context\":\"https:\\\/\\\/schema.org\",\"@graph\":[{\"@type\":\"Article\",\"@id\":\"https:\\\/\\\/stuttgarti-katolikusok.de\\\/index.php\\\/baratsagklub-2022-december-16\\\/#article\",\"isPartOf\":{\"@id\":\"https:\\\/\\\/stuttgarti-katolikusok.de\\\/index.php\\\/baratsagklub-2022-december-16\\\/\"},\"author\":{\"name\":\"Tibor atya\",\"@id\":\"https:\\\/\\\/stuttgarti-katolikusok.de\\\/#\\\/schema\\\/person\\\/75908d6f8fdc03a57889d27209df7795\"},\"headline\":\"Bar\u00e1ts\u00e1gklub 2022. december 16.\",\"datePublished\":\"2022-12-14T11:04:54+00:00\",\"dateModified\":\"2022-12-14T12:36:17+00:00\",\"mainEntityOfPage\":{\"@id\":\"https:\\\/\\\/stuttgarti-katolikusok.de\\\/index.php\\\/baratsagklub-2022-december-16\\\/\"},\"wordCount\":126,\"image\":{\"@id\":\"https:\\\/\\\/stuttgarti-katolikusok.de\\\/index.php\\\/baratsagklub-2022-december-16\\\/#primaryimage\"},\"thumbnailUrl\":\"https:\\\/\\\/stuttgarti-katolikusok.de\\\/wp-content\\\/uploads\\\/2022\\\/12\\\/einladung.jpg\",\"articleSection\":[\"Bar\u00e1ts\u00e1g Klub\"],\"inLanguage\":\"hu\"},{\"@type\":\"WebPage\",\"@id\":\"https:\\\/\\\/stuttgarti-katolikusok.de\\\/index.php\\\/baratsagklub-2022-december-16\\\/\",\"url\":\"https:\\\/\\\/stuttgarti-katolikusok.de\\\/index.php\\\/baratsagklub-2022-december-16\\\/\",\"name\":\"Bar\u00e1ts\u00e1gklub 2022. december 16. - Stuttgarti Katolikusok\",\"isPartOf\":{\"@id\":\"https:\\\/\\\/stuttgarti-katolikusok.de\\\/#website\"},\"primaryImageOfPage\":{\"@id\":\"https:\\\/\\\/stuttgarti-katolikusok.de\\\/index.php\\\/baratsagklub-2022-december-16\\\/#primaryimage\"},\"image\":{\"@id\":\"https:\\\/\\\/stuttgarti-katolikusok.de\\\/index.php\\\/baratsagklub-2022-december-16\\\/#primaryimage\"},\"thumbnailUrl\":\"https:\\\/\\\/stuttgarti-katolikusok.de\\\/wp-content\\\/uploads\\\/2022\\\/12\\\/einladung.jpg\",\"datePublished\":\"2022-12-14T11:04:54+00:00\",\"dateModified\":\"2022-12-14T12:36:17+00:00\",\"author\":{\"@id\":\"https:\\\/\\\/stuttgarti-katolikusok.de\\\/#\\\/schema\\\/person\\\/75908d6f8fdc03a57889d27209df7795\"},\"breadcrumb\":{\"@id\":\"https:\\\/\\\/stuttgarti-katolikusok.de\\\/index.php\\\/baratsagklub-2022-december-16\\\/#breadcrumb\"},\"inLanguage\":\"hu\",\"potentialAction\":[{\"@type\":\"ReadAction\",\"target\":[\"https:\\\/\\\/stuttgarti-katolikusok.de\\\/index.php\\\/baratsagklub-2022-december-16\\\/\"]}]},{\"@type\":\"ImageObject\",\"inLanguage\":\"hu\",\"@id\":\"https:\\\/\\\/stuttgarti-katolikusok.de\\\/index.php\\\/baratsagklub-2022-december-16\\\/#primaryimage\",\"url\":\"https:\\\/\\\/stuttgarti-katolikusok.de\\\/wp-content\\\/uploads\\\/2022\\\/12\\\/einladung.jpg\",\"contentUrl\":\"https:\\\/\\\/stuttgarti-katolikusok.de\\\/wp-content\\\/uploads\\\/2022\\\/12\\\/einladung.jpg\",\"width\":1324,\"height\":1357},{\"@type\":\"BreadcrumbList\",\"@id\":\"https:\\\/\\\/stuttgarti-katolikusok.de\\\/index.php\\\/baratsagklub-2022-december-16\\\/#breadcrumb\",\"itemListElement\":[{\"@type\":\"ListItem\",\"position\":1,\"name\":\"Kezd\u0151lap\",\"item\":\"https:\\\/\\\/stuttgarti-katolikusok.de\\\/\"},{\"@type\":\"ListItem\",\"position\":2,\"name\":\"Bar\u00e1ts\u00e1gklub 2022. december 16.\"}]},{\"@type\":\"WebSite\",\"@id\":\"https:\\\/\\\/stuttgarti-katolikusok.de\\\/#website\",\"url\":\"https:\\\/\\\/stuttgarti-katolikusok.de\\\/\",\"name\":\"Stuttgarti Katolikusok\",\"description\":\"\",\"potentialAction\":[{\"@type\":\"SearchAction\",\"target\":{\"@type\":\"EntryPoint\",\"urlTemplate\":\"https:\\\/\\\/stuttgarti-katolikusok.de\\\/?s={search_term_string}\"},\"query-input\":{\"@type\":\"PropertyValueSpecification\",\"valueRequired\":true,\"valueName\":\"search_term_string\"}}],\"inLanguage\":\"hu\"},{\"@type\":\"Person\",\"@id\":\"https:\\\/\\\/stuttgarti-katolikusok.de\\\/#\\\/schema\\\/person\\\/75908d6f8fdc03a57889d27209df7795\",\"name\":\"Tibor atya\",\"image\":{\"@type\":\"ImageObject\",\"inLanguage\":\"hu\",\"@id\":\"https:\\\/\\\/secure.gravatar.com\\\/avatar\\\/61d268e57d1f4525b111222e29d2d5a7f8c420fdbf231ba5566a8ceac74fa960?s=96&d=mm&r=g\",\"url\":\"https:\\\/\\\/secure.gravatar.com\\\/avatar\\\/61d268e57d1f4525b111222e29d2d5a7f8c420fdbf231ba5566a8ceac74fa960?s=96&d=mm&r=g\",\"contentUrl\":\"https:\\\/\\\/secure.gravatar.com\\\/avatar\\\/61d268e57d1f4525b111222e29d2d5a7f8c420fdbf231ba5566a8ceac74fa960?s=96&d=mm&r=g\",\"caption\":\"Tibor atya\"},\"url\":\"https:\\\/\\\/stuttgarti-katolikusok.de\\\/index.php\\\/author\\\/tibor-atya\\\/\"}]}<\/script>\n<!-- \/ Yoast SEO plugin. -->","yoast_head_json":{"title":"Bar\u00e1ts\u00e1gklub 2022. december 16. - Stuttgarti Katolikusok","robots":{"index":"index","follow":"follow","max-snippet":"max-snippet:-1","max-image-preview":"max-image-preview:large","max-video-preview":"max-video-preview:-1"},"canonical":"https:\/\/stuttgarti-katolikusok.de\/index.php\/baratsagklub-2022-december-16\/","og_locale":"hu_HU","og_type":"article","og_title":"Bar\u00e1ts\u00e1gklub 2022. december 16. - Stuttgarti Katolikusok","og_description":"Kedves H\u00edveink, kedves Bar\u00e1taink! Nagy szeretettel h\u00edvunk meg Benneteket a p\u00e9nteki, 2022. december 16-i Bar\u00e1ts\u00e1gklub kar\u00e1csonyi \u00fcnneps\u00e9g\u00e9re. Imm\u00e1r m\u00e1sodszor &#8211; koroszt\u00e1lyt\u00f3l f\u00fcggetlen\u00fcl &#8211; tal\u00e1lkozunk a Bruder Klaus templom k\u00f6z\u00f6ss\u00e9gi term\u00e9ben. Meghallgatjuk Tibor atya adventi gondolatait, majd a magunkkal hozott adventi versek \u00e9s novell\u00e1k felolvas\u00e1sa k\u00f6vetkezik\u00a0\u00e9s k\u00f6zben zenei al\u00e1fest\u00e9sk\u00e9nt\u00a0megh\u00edvott vend\u00e9g\u00fcnk,\u00a0Vass M\u00e1ria-Magdolna, \u00fcnnepi zen\u00e9s m\u0171sort mutat be. K\u00e9r\u00fcnk terjessz\u00e9tek a bar\u00e1ti k\u00f6rben. K\u00f6sz\u00f6nj\u00fck. \u00dcdv\u00f6zlettel, Erd\u0151sn\u00e9 Nyitrai Erika, a Bar\u00e1ts\u00e1gklub vezet\u0151je \u00e9s D\u00e1vid Melinda, titk\u00e1rn\u0151","og_url":"https:\/\/stuttgarti-katolikusok.de\/index.php\/baratsagklub-2022-december-16\/","og_site_name":"Stuttgarti Katolikusok","article_published_time":"2022-12-14T11:04:54+00:00","article_modified_time":"2022-12-14T12:36:17+00:00","og_image":[{"width":1324,"height":1357,"url":"https:\/\/stuttgarti-katolikusok.de\/wp-content\/uploads\/2022\/12\/einladung.jpg","type":"image\/jpeg"}],"author":"Tibor atya","twitter_card":"summary_large_image","twitter_misc":{"Szerz\u0151:":"Tibor atya","Becs\u00fclt olvas\u00e1si id\u0151":"1 perc"},"schema":{"@context":"https:\/\/schema.org","@graph":[{"@type":"Article","@id":"https:\/\/stuttgarti-katolikusok.de\/index.php\/baratsagklub-2022-december-16\/#article","isPartOf":{"@id":"https:\/\/stuttgarti-katolikusok.de\/index.php\/baratsagklub-2022-december-16\/"},"author":{"name":"Tibor atya","@id":"https:\/\/stuttgarti-katolikusok.de\/#\/schema\/person\/75908d6f8fdc03a57889d27209df7795"},"headline":"Bar\u00e1ts\u00e1gklub 2022. december 16.","datePublished":"2022-12-14T11:04:54+00:00","dateModified":"2022-12-14T12:36:17+00:00","mainEntityOfPage":{"@id":"https:\/\/stuttgarti-katolikusok.de\/index.php\/baratsagklub-2022-december-16\/"},"wordCount":126,"image":{"@id":"https:\/\/stuttgarti-katolikusok.de\/index.php\/baratsagklub-2022-december-16\/#primaryimage"},"thumbnailUrl":"https:\/\/stuttgarti-katolikusok.de\/wp-content\/uploads\/2022\/12\/einladung.jpg","articleSection":["Bar\u00e1ts\u00e1g Klub"],"inLanguage":"hu"},{"@type":"WebPage","@id":"https:\/\/stuttgarti-katolikusok.de\/index.php\/baratsagklub-2022-december-16\/","url":"https:\/\/stuttgarti-katolikusok.de\/index.php\/baratsagklub-2022-december-16\/","name":"Bar\u00e1ts\u00e1gklub 2022. december 16. - Stuttgarti Katolikusok","isPartOf":{"@id":"https:\/\/stuttgarti-katolikusok.de\/#website"},"primaryImageOfPage":{"@id":"https:\/\/stuttgarti-katolikusok.de\/index.php\/baratsagklub-2022-december-16\/#primaryimage"},"image":{"@id":"https:\/\/stuttgarti-katolikusok.de\/index.php\/baratsagklub-2022-december-16\/#primaryimage"},"thumbnailUrl":"https:\/\/stuttgarti-katolikusok.de\/wp-content\/uploads\/2022\/12\/einladung.jpg","datePublished":"2022-12-14T11:04:54+00:00","dateModified":"2022-12-14T12:36:17+00:00","author":{"@id":"https:\/\/stuttgarti-katolikusok.de\/#\/schema\/person\/75908d6f8fdc03a57889d27209df7795"},"breadcrumb":{"@id":"https:\/\/stuttgarti-katolikusok.de\/index.php\/baratsagklub-2022-december-16\/#breadcrumb"},"inLanguage":"hu","potentialAction":[{"@type":"ReadAction","target":["https:\/\/stuttgarti-katolikusok.de\/index.php\/baratsagklub-2022-december-16\/"]}]},{"@type":"ImageObject","inLanguage":"hu","@id":"https:\/\/stuttgarti-katolikusok.de\/index.php\/baratsagklub-2022-december-16\/#primaryimage","url":"https:\/\/stuttgarti-katolikusok.de\/wp-content\/uploads\/2022\/12\/einladung.jpg","contentUrl":"https:\/\/stuttgarti-katolikusok.de\/wp-content\/uploads\/2022\/12\/einladung.jpg","width":1324,"height":1357},{"@type":"BreadcrumbList","@id":"https:\/\/stuttgarti-katolikusok.de\/index.php\/baratsagklub-2022-december-16\/#breadcrumb","itemListElement":[{"@type":"ListItem","position":1,"name":"Kezd\u0151lap","item":"https:\/\/stuttgarti-katolikusok.de\/"},{"@type":"ListItem","position":2,"name":"Bar\u00e1ts\u00e1gklub 2022. december 16."}]},{"@type":"WebSite","@id":"https:\/\/stuttgarti-katolikusok.de\/#website","url":"https:\/\/stuttgarti-katolikusok.de\/","name":"Stuttgarti Katolikusok","description":"","potentialAction":[{"@type":"SearchAction","target":{"@type":"EntryPoint","urlTemplate":"https:\/\/stuttgarti-katolikusok.de\/?s={search_term_string}"},"query-input":{"@type":"PropertyValueSpecification","valueRequired":true,"valueName":"search_term_string"}}],"inLanguage":"hu"},{"@type":"Person","@id":"https:\/\/stuttgarti-katolikusok.de\/#\/schema\/person\/75908d6f8fdc03a57889d27209df7795","name":"Tibor atya","image":{"@type":"ImageObject","inLanguage":"hu","@id":"https:\/\/secure.gravatar.com\/avatar\/61d268e57d1f4525b111222e29d2d5a7f8c420fdbf231ba5566a8ceac74fa960?s=96&d=mm&r=g","url":"https:\/\/secure.gravatar.com\/avatar\/61d268e57d1f4525b111222e29d2d5a7f8c420fdbf231ba5566a8ceac74fa960?s=96&d=mm&r=g","contentUrl":"https:\/\/secure.gravatar.com\/avatar\/61d268e57d1f4525b111222e29d2d5a7f8c420fdbf231ba5566a8ceac74fa960?s=96&d=mm&r=g","caption":"Tibor atya"},"url":"https:\/\/stuttgarti-katolikusok.de\/index.php\/author\/tibor-atya\/"}]}},"_links":{"self":[{"href":"https:\/\/stuttgarti-katolikusok.de\/index.php\/wp-json\/wp\/v2\/posts\/24110","targetHints":{"allow":["GET"]}}],"collection":[{"href":"https:\/\/stuttgarti-katolikusok.de\/index.php\/wp-json\/wp\/v2\/posts"}],"about":[{"href":"https:\/\/stuttgarti-katolikusok.de\/index.php\/wp-json\/wp\/v2\/types\/post"}],"author":[{"embeddable":true,"href":"https:\/\/stuttgarti-katolikusok.de\/index.php\/wp-json\/wp\/v2\/users\/3"}],"replies":[{"embeddable":true,"href":"https:\/\/stuttgarti-katolikusok.de\/index.php\/wp-json\/wp\/v2\/comments?post=24110"}],"version-history":[{"count":3,"href":"https:\/\/stuttgarti-katolikusok.de\/index.php\/wp-json\/wp\/v2\/posts\/24110\/revisions"}],"predecessor-version":[{"id":24121,"href":"https:\/\/stuttgarti-katolikusok.de\/index.php\/wp-json\/wp\/v2\/posts\/24110\/revisions\/24121"}],"wp:featuredmedia":[{"embeddable":true,"href":"https:\/\/stuttgarti-katolikusok.de\/index.php\/wp-json\/wp\/v2\/media\/24078"}],"wp:attachment":[{"href":"https:\/\/stuttgarti-katolikusok.de\/index.php\/wp-json\/wp\/v2\/media?parent=24110"}],"wp:term":[{"taxonomy":"category","embeddable":true,"href":"https:\/\/stuttgarti-katolikusok.de\/index.php\/wp-json\/wp\/v2\/categories?post=24110"},{"taxonomy":"post_tag","embeddable":true,"href":"https:\/\/stuttgarti-katolikusok.de\/index.php\/wp-json\/wp\/v2\/tags?post=24110"}],"curies":[{"name":"wp","href":"https:\/\/api.w.org\/{rel}","templated":true}]}}