{"id":24097,"date":"2022-12-14T05:34:23","date_gmt":"2022-12-14T04:34:23","guid":{"rendered":"https:\/\/stuttgarti-katolikusok.de\/?p=24097"},"modified":"2022-12-14T07:10:53","modified_gmt":"2022-12-14T06:10:53","slug":"adventi-lelkinap-eislingenben","status":"publish","type":"post","link":"https:\/\/stuttgarti-katolikusok.de\/index.php\/adventi-lelkinap-eislingenben\/","title":{"rendered":"Adventi lelkinap Eislingenben"},"content":{"rendered":"<p><span style=\"color: #800080;\"><em>2022. december 10-\u00e9n Eislingenben a helyi k\u00f6z\u00f6ss\u00e9g egy kor\u00e1bbi hagyom\u00e1nyt keltett \u00e9letre Kinczel L\u00e1szl\u00f3 \u00e9s Monika szervez\u00e9s\u00e9ben. Ahogyan kor\u00e1bban \u00edg\u00e9rtem, r\u00e9szletes besz\u00e1mol\u00f3 is k\u00f6vetkezik. <\/em><\/span><\/p>\n<p><span style=\"color: #800080;\"><em>Fogadj\u00e1tok szeretettel D\u00e1vid Melinda \u00edr\u00e1s\u00e1t!<\/em><\/span><\/p>\n<p>Az eislingeni leg\u00e1tusok, Szegi Oszk\u00e1r \u00e9s Hajnalka, megh\u00edvtak benn\u00fcnket a szombaton, december 10-\u00e9n, megrendezett lelki napra.<\/p>\n<p>A lelki nap kezdete 13.00 \u00f3r\u00e1ra sz\u00f3lt \u00e9s az eislingeni Liebfrauenkirche k\u00f6z\u00f6ss\u00e9gi term\u00e9ben lett megtartva.<\/p>\n<p>Meg\u00e9rkez\u00e9s\u00fcnkkor, a szorgalmas csapat tagjai, m\u00e1r s\u00fctem\u00e9nnyel teli asztallal, k\u00e1v\u00e9val, zs\u00edros keny\u00e9rrel \u00e9s t\u00f6p\u00f6rty\u0171vel v\u00e1rtk benn\u00fcnket. A konyh\u00e1b\u00f3l k\u00f6zben \u00ednycsiklandoz\u00f3 illatok keringtek be a terembe.<\/p>\n<p>A Kinczel L\u00e1szl\u00f3 \u00e9s M\u00f3nika szervez\u00e9s\u00e9ben megrendezett hagyom\u00e1nyos lelki napr\u00f3l m\u00e1r hallottunk \u00e9vekkel ezel\u0151tt is, de most el\u0151sz\u00f6r vett\u00fcnk r\u00e9szt rajta \u00e9s nagyon tetszett.<\/p>\n<p><a href=\"https:\/\/stuttgarti-katolikusok.de\/wp-content\/uploads\/2022\/12\/whatsapp-kep-2022-12-14-070800.jpg\"><img loading=\"lazy\" decoding=\"async\" class=\"alignnone size-full wp-image-24108\" src=\"https:\/\/stuttgarti-katolikusok.de\/wp-content\/uploads\/2022\/12\/whatsapp-kep-2022-12-14-070800.jpg\" alt=\"\" width=\"900\" height=\"1600\" srcset=\"https:\/\/stuttgarti-katolikusok.de\/wp-content\/uploads\/2022\/12\/whatsapp-kep-2022-12-14-070800.jpg 900w, https:\/\/stuttgarti-katolikusok.de\/wp-content\/uploads\/2022\/12\/whatsapp-kep-2022-12-14-070800-169x300.jpg 169w, https:\/\/stuttgarti-katolikusok.de\/wp-content\/uploads\/2022\/12\/whatsapp-kep-2022-12-14-070800-576x1024.jpg 576w, https:\/\/stuttgarti-katolikusok.de\/wp-content\/uploads\/2022\/12\/whatsapp-kep-2022-12-14-070800-864x1536.jpg 864w\" sizes=\"auto, (max-width: 900px) 100vw, 900px\" \/><\/a><\/p>\n<p>Egym\u00e1s k\u00f6sz\u00f6nt\u00e9se \u00e9s a friss\u00edt\u0151 ut\u00e1n helyet foglaltunk az asztal k\u00f6r\u00fcl \u00e9s Laci k\u00f6sz\u00f6nt\u0151j\u00e9vel megkezd\u0151d\u00f6tt a lelki nap. Elm\u00e9lked\u00e9s\u00e9t Laci a n\u00e9gy adventi gyertya szimbolik\u00e1j\u00e1ra alapozta, amely a hit, rem\u00e9ny, szeretet \u00e9s b\u00e9ke jegy\u00e9ben adventi koszor\u00fainkat \u00e9kes\u00edti. Egy-egy elm\u00e9lked\u00e9s ut\u00e1n M\u00f3ni egyenk\u00e9nt meggy\u00fajtotta a n\u00e9gy adventi gyerty\u00e1t, a k\u00f6z\u00f6ss\u00e9g t\u00f6bbi tagja k\u00f6zben adventi \u00e9s kar\u00e1csonyi \u00e9nekekkel, valamint versek \u00e9s novell\u00e1k olvas\u00e1s\u00e1val tette sz\u00ednesebb\u00e9 a d\u00e9lut\u00e1nt.<\/p>\n<p><a href=\"https:\/\/stuttgarti-katolikusok.de\/wp-content\/uploads\/2022\/12\/eislingen-adveni-lelkinap3.jpg\"><img loading=\"lazy\" decoding=\"async\" class=\"alignnone size-full wp-image-24105\" src=\"https:\/\/stuttgarti-katolikusok.de\/wp-content\/uploads\/2022\/12\/eislingen-adveni-lelkinap3.jpg\" alt=\"\" width=\"2000\" height=\"1500\" srcset=\"https:\/\/stuttgarti-katolikusok.de\/wp-content\/uploads\/2022\/12\/eislingen-adveni-lelkinap3.jpg 2000w, https:\/\/stuttgarti-katolikusok.de\/wp-content\/uploads\/2022\/12\/eislingen-adveni-lelkinap3-300x225.jpg 300w, https:\/\/stuttgarti-katolikusok.de\/wp-content\/uploads\/2022\/12\/eislingen-adveni-lelkinap3-1024x768.jpg 1024w, https:\/\/stuttgarti-katolikusok.de\/wp-content\/uploads\/2022\/12\/eislingen-adveni-lelkinap3-1536x1152.jpg 1536w, https:\/\/stuttgarti-katolikusok.de\/wp-content\/uploads\/2022\/12\/eislingen-adveni-lelkinap3-164x124.jpg 164w\" sizes=\"auto, (max-width: 2000px) 100vw, 2000px\" \/><\/a><\/p>\n<p>K\u00f6zben kis k\u00e9s\u00e9ssel meg\u00e9rkezett Tibor atya is, aki k\u00f6sz\u00f6nt\u00f6tte \u00e9s megdics\u00e9rte a k\u00f6z\u00f6ss\u00e9get, akik ilyen sz\u00e9p hagyom\u00e1nyt \u00e1polnak \u00e9s adventi gondolatait hozta el nek\u00fcnk.<\/p>\n<p>Kifejtette, hogy a f\u00e9lelem hely\u00e9be bek\u00f6lt\u00f6z\u00f6tt a szeretet. \u201e\u00dagy szerette Isten a vil\u00e1got, hogy egysz\u00fcl\u00f6tt Fi\u00e1t adta, hogy aki hisz \u0151benne, el ne vesszen.\u201d (Jn 3,16) \u00e9s mi kereszt\u00e9nyek imm\u00e1r tudjuk, hogy kit keres\u00fcnk, kire v\u00e1runk. Krisztusra, Kar\u00e1csonyra v\u00e1runk. Erre k\u00e9sz\u00fcl\u0151d\u00fcnk \u00e9s igyeksz\u00fcnk m\u00e9lt\u00f3k lenni ahhoz, aki j\u00f6n \u00e9s aki vel\u00fcnk marad.<\/p>\n<p>Az elk\u00f6vetkez\u0151 bar\u00e1ti egy\u00fcttl\u00e9tet a ter\u00edtett asztaln\u00e1l el\u0151\u00e9tellel kezdt\u00fck. A k\u00f6z\u00f6ss\u00e9g szorgalmas tagjai reggel h\u00e1zi kolb\u00e1szt k\u00e9sz\u00edtettek, amit megs\u00fctve vegyes sal\u00e1t\u00e1val fogyasztottunk el. K\u00f6zben a f\u0151\u00e9tel, a cs\u00fcl\u00f6k, m\u00e1r a s\u00fct\u0151ben rotyogott.<\/p>\n<p>Egy nagyon sz\u00e9p d\u00e9lut\u00e1nt \u00e9s est\u00e9t t\u00f6lt\u00f6tt\u00fcnk Eislingenben. K\u00f6sz\u00f6nj\u00fck a k\u00f6z\u00f6ss\u00e9gnek a lelki aj\u00e1nd\u00e9kot, a finom falatokat \u00e9s a vend\u00e9gszeretetet. Legk\u00f6zelebb is j\u00f6v\u00fcnk!<\/p>\n<p><em>D\u00e1vid Melinda<\/em><\/p>\n<p><span style=\"color: #cc99ff;\"><em>A lelkinap meghat\u00f3 mozzanata volt Froni Veronika k\u00f6sz\u00f6nt\u00e9se, aki a napokban \u00fcnnepli 95. sz\u00fclet\u00e9snapj\u00e1t.<\/em><\/span><\/p>\n<p><a href=\"https:\/\/stuttgarti-katolikusok.de\/wp-content\/uploads\/2022\/12\/eislingen-adveni-lelkinap4.jpg\"><img loading=\"lazy\" decoding=\"async\" class=\"alignnone size-full wp-image-24099\" src=\"https:\/\/stuttgarti-katolikusok.de\/wp-content\/uploads\/2022\/12\/eislingen-adveni-lelkinap4.jpg\" alt=\"\" width=\"2000\" height=\"1500\" srcset=\"https:\/\/stuttgarti-katolikusok.de\/wp-content\/uploads\/2022\/12\/eislingen-adveni-lelkinap4.jpg 2000w, https:\/\/stuttgarti-katolikusok.de\/wp-content\/uploads\/2022\/12\/eislingen-adveni-lelkinap4-300x225.jpg 300w, https:\/\/stuttgarti-katolikusok.de\/wp-content\/uploads\/2022\/12\/eislingen-adveni-lelkinap4-1024x768.jpg 1024w, https:\/\/stuttgarti-katolikusok.de\/wp-content\/uploads\/2022\/12\/eislingen-adveni-lelkinap4-1536x1152.jpg 1536w, https:\/\/stuttgarti-katolikusok.de\/wp-content\/uploads\/2022\/12\/eislingen-adveni-lelkinap4-164x124.jpg 164w\" sizes=\"auto, (max-width: 2000px) 100vw, 2000px\" \/><\/a><\/p>\n","protected":false},"excerpt":{"rendered":"<p>2022. december 10-\u00e9n Eislingenben a helyi k\u00f6z\u00f6ss\u00e9g egy kor\u00e1bbi hagyom\u00e1nyt keltett \u00e9letre Kinczel L\u00e1szl\u00f3 \u00e9s Monika szervez\u00e9s\u00e9ben. Ahogyan kor\u00e1bban \u00edg\u00e9rtem, r\u00e9szletes besz\u00e1mol\u00f3 is k\u00f6vetkezik. Fogadj\u00e1tok szeretettel D\u00e1vid Melinda \u00edr\u00e1s\u00e1t! Az eislingeni leg\u00e1tusok, Szegi Oszk\u00e1r \u00e9s Hajnalka, megh\u00edvtak benn\u00fcnket a szombaton, december 10-\u00e9n, megrendezett lelki napra. A lelki nap kezdete 13.00 \u00f3r\u00e1ra sz\u00f3lt \u00e9s az eislingeni Liebfrauenkirche k\u00f6z\u00f6ss\u00e9gi term\u00e9ben lett megtartva. Meg\u00e9rkez\u00e9s\u00fcnkkor, a szorgalmas csapat tagjai, m\u00e1r s\u00fctem\u00e9nnyel teli asztallal, k\u00e1v\u00e9val, zs\u00edros keny\u00e9rrel \u00e9s t\u00f6p\u00f6rty\u0171vel v\u00e1rtk benn\u00fcnket. A konyh\u00e1b\u00f3l k\u00f6zben \u00ednycsiklandoz\u00f3 illatok keringtek be a terembe. A Kinczel L\u00e1szl\u00f3 \u00e9s M\u00f3nika szervez\u00e9s\u00e9ben megrendezett hagyom\u00e1nyos lelki napr\u00f3l m\u00e1r hallottunk \u00e9vekkel ezel\u0151tt is, de most el\u0151sz\u00f6r vett\u00fcnk r\u00e9szt rajta \u00e9s nagyon tetszett. Egym\u00e1s k\u00f6sz\u00f6nt\u00e9se \u00e9s a friss\u00edt\u0151 ut\u00e1n helyet foglaltunk az asztal k\u00f6r\u00fcl \u00e9s Laci k\u00f6sz\u00f6nt\u0151j\u00e9vel megkezd\u0151d\u00f6tt a lelki nap. Elm\u00e9lked\u00e9s\u00e9t Laci a n\u00e9gy adventi gyertya szimbolik\u00e1j\u00e1ra alapozta, amely a hit, rem\u00e9ny, szeretet \u00e9s b\u00e9ke jegy\u00e9ben adventi koszor\u00fainkat \u00e9kes\u00edti. Egy-egy elm\u00e9lked\u00e9s ut\u00e1n M\u00f3ni egyenk\u00e9nt meggy\u00fajtotta a n\u00e9gy adventi gyerty\u00e1t, a k\u00f6z\u00f6ss\u00e9g t\u00f6bbi tagja k\u00f6zben adventi \u00e9s kar\u00e1csonyi \u00e9nekekkel, valamint versek \u00e9s novell\u00e1k olvas\u00e1s\u00e1val tette sz\u00ednesebb\u00e9 a d\u00e9lut\u00e1nt. K\u00f6zben kis k\u00e9s\u00e9ssel meg\u00e9rkezett Tibor atya is, aki k\u00f6sz\u00f6nt\u00f6tte \u00e9s megdics\u00e9rte a k\u00f6z\u00f6ss\u00e9get, akik ilyen sz\u00e9p hagyom\u00e1nyt \u00e1polnak \u00e9s adventi gondolatait hozta el nek\u00fcnk. Kifejtette, hogy a f\u00e9lelem hely\u00e9be bek\u00f6lt\u00f6z\u00f6tt a szeretet. \u201e\u00dagy szerette Isten a vil\u00e1got, hogy egysz\u00fcl\u00f6tt Fi\u00e1t adta, hogy aki hisz \u0151benne, el ne vesszen.\u201d (Jn 3,16) \u00e9s mi kereszt\u00e9nyek imm\u00e1r tudjuk, hogy kit keres\u00fcnk, kire v\u00e1runk. Krisztusra, Kar\u00e1csonyra v\u00e1runk. Erre k\u00e9sz\u00fcl\u0151d\u00fcnk \u00e9s igyeksz\u00fcnk m\u00e9lt\u00f3k lenni ahhoz, aki j\u00f6n \u00e9s aki vel\u00fcnk marad. Az elk\u00f6vetkez\u0151 bar\u00e1ti egy\u00fcttl\u00e9tet a ter\u00edtett asztaln\u00e1l el\u0151\u00e9tellel kezdt\u00fck. A k\u00f6z\u00f6ss\u00e9g szorgalmas tagjai reggel h\u00e1zi kolb\u00e1szt k\u00e9sz\u00edtettek, amit megs\u00fctve vegyes sal\u00e1t\u00e1val fogyasztottunk el. K\u00f6zben a f\u0151\u00e9tel, a cs\u00fcl\u00f6k, m\u00e1r a s\u00fct\u0151ben rotyogott. Egy nagyon sz\u00e9p d\u00e9lut\u00e1nt \u00e9s est\u00e9t t\u00f6lt\u00f6tt\u00fcnk Eislingenben. K\u00f6sz\u00f6nj\u00fck a k\u00f6z\u00f6ss\u00e9gnek a lelki aj\u00e1nd\u00e9kot, a finom falatokat \u00e9s&#8230; <\/p>\n<p><a class=\"readmore\" href=\"https:\/\/stuttgarti-katolikusok.de\/index.php\/adventi-lelkinap-eislingenben\/\">R\u00e9szletek<\/a><\/p>\n","protected":false},"author":3,"featured_media":24098,"comment_status":"closed","ping_status":"closed","sticky":false,"template":"","format":"standard","meta":{"footnotes":""},"categories":[5],"tags":[],"class_list":["post-24097","post","type-post","status-publish","format-standard","has-post-thumbnail","hentry","category-hirek"],"yoast_head":"<!-- This site is optimized with the Yoast SEO plugin v27.3 - https:\/\/yoast.com\/product\/yoast-seo-wordpress\/ -->\n<title>Adventi lelkinap Eislingenben - Stuttgarti Katolikusok<\/title>\n<meta name=\"robots\" content=\"index, follow, max-snippet:-1, max-image-preview:large, max-video-preview:-1\" \/>\n<link rel=\"canonical\" href=\"https:\/\/stuttgarti-katolikusok.de\/index.php\/adventi-lelkinap-eislingenben\/\" \/>\n<meta property=\"og:locale\" content=\"hu_HU\" \/>\n<meta property=\"og:type\" content=\"article\" \/>\n<meta property=\"og:title\" content=\"Adventi lelkinap Eislingenben - Stuttgarti Katolikusok\" \/>\n<meta property=\"og:description\" content=\"2022. december 10-\u00e9n Eislingenben a helyi k\u00f6z\u00f6ss\u00e9g egy kor\u00e1bbi hagyom\u00e1nyt keltett \u00e9letre Kinczel L\u00e1szl\u00f3 \u00e9s Monika szervez\u00e9s\u00e9ben. Ahogyan kor\u00e1bban \u00edg\u00e9rtem, r\u00e9szletes besz\u00e1mol\u00f3 is k\u00f6vetkezik. Fogadj\u00e1tok szeretettel D\u00e1vid Melinda \u00edr\u00e1s\u00e1t! Az eislingeni leg\u00e1tusok, Szegi Oszk\u00e1r \u00e9s Hajnalka, megh\u00edvtak benn\u00fcnket a szombaton, december 10-\u00e9n, megrendezett lelki napra. A lelki nap kezdete 13.00 \u00f3r\u00e1ra sz\u00f3lt \u00e9s az eislingeni Liebfrauenkirche k\u00f6z\u00f6ss\u00e9gi term\u00e9ben lett megtartva. Meg\u00e9rkez\u00e9s\u00fcnkkor, a szorgalmas csapat tagjai, m\u00e1r s\u00fctem\u00e9nnyel teli asztallal, k\u00e1v\u00e9val, zs\u00edros keny\u00e9rrel \u00e9s t\u00f6p\u00f6rty\u0171vel v\u00e1rtk benn\u00fcnket. A konyh\u00e1b\u00f3l k\u00f6zben \u00ednycsiklandoz\u00f3 illatok keringtek be a terembe. A Kinczel L\u00e1szl\u00f3 \u00e9s M\u00f3nika szervez\u00e9s\u00e9ben megrendezett hagyom\u00e1nyos lelki napr\u00f3l m\u00e1r hallottunk \u00e9vekkel ezel\u0151tt is, de most el\u0151sz\u00f6r vett\u00fcnk r\u00e9szt rajta \u00e9s nagyon tetszett. Egym\u00e1s k\u00f6sz\u00f6nt\u00e9se \u00e9s a friss\u00edt\u0151 ut\u00e1n helyet foglaltunk az asztal k\u00f6r\u00fcl \u00e9s Laci k\u00f6sz\u00f6nt\u0151j\u00e9vel megkezd\u0151d\u00f6tt a lelki nap. Elm\u00e9lked\u00e9s\u00e9t Laci a n\u00e9gy adventi gyertya szimbolik\u00e1j\u00e1ra alapozta, amely a hit, rem\u00e9ny, szeretet \u00e9s b\u00e9ke jegy\u00e9ben adventi koszor\u00fainkat \u00e9kes\u00edti. Egy-egy elm\u00e9lked\u00e9s ut\u00e1n M\u00f3ni egyenk\u00e9nt meggy\u00fajtotta a n\u00e9gy adventi gyerty\u00e1t, a k\u00f6z\u00f6ss\u00e9g t\u00f6bbi tagja k\u00f6zben adventi \u00e9s kar\u00e1csonyi \u00e9nekekkel, valamint versek \u00e9s novell\u00e1k olvas\u00e1s\u00e1val tette sz\u00ednesebb\u00e9 a d\u00e9lut\u00e1nt. K\u00f6zben kis k\u00e9s\u00e9ssel meg\u00e9rkezett Tibor atya is, aki k\u00f6sz\u00f6nt\u00f6tte \u00e9s megdics\u00e9rte a k\u00f6z\u00f6ss\u00e9get, akik ilyen sz\u00e9p hagyom\u00e1nyt \u00e1polnak \u00e9s adventi gondolatait hozta el nek\u00fcnk. Kifejtette, hogy a f\u00e9lelem hely\u00e9be bek\u00f6lt\u00f6z\u00f6tt a szeretet. \u201e\u00dagy szerette Isten a vil\u00e1got, hogy egysz\u00fcl\u00f6tt Fi\u00e1t adta, hogy aki hisz \u0151benne, el ne vesszen.\u201d (Jn 3,16) \u00e9s mi kereszt\u00e9nyek imm\u00e1r tudjuk, hogy kit keres\u00fcnk, kire v\u00e1runk. Krisztusra, Kar\u00e1csonyra v\u00e1runk. Erre k\u00e9sz\u00fcl\u0151d\u00fcnk \u00e9s igyeksz\u00fcnk m\u00e9lt\u00f3k lenni ahhoz, aki j\u00f6n \u00e9s aki vel\u00fcnk marad. Az elk\u00f6vetkez\u0151 bar\u00e1ti egy\u00fcttl\u00e9tet a ter\u00edtett asztaln\u00e1l el\u0151\u00e9tellel kezdt\u00fck. A k\u00f6z\u00f6ss\u00e9g szorgalmas tagjai reggel h\u00e1zi kolb\u00e1szt k\u00e9sz\u00edtettek, amit megs\u00fctve vegyes sal\u00e1t\u00e1val fogyasztottunk el. K\u00f6zben a f\u0151\u00e9tel, a cs\u00fcl\u00f6k, m\u00e1r a s\u00fct\u0151ben rotyogott. Egy nagyon sz\u00e9p d\u00e9lut\u00e1nt \u00e9s est\u00e9t t\u00f6lt\u00f6tt\u00fcnk Eislingenben. K\u00f6sz\u00f6nj\u00fck a k\u00f6z\u00f6ss\u00e9gnek a lelki aj\u00e1nd\u00e9kot, a finom falatokat \u00e9s... R\u00e9szletek\" \/>\n<meta property=\"og:url\" content=\"https:\/\/stuttgarti-katolikusok.de\/index.php\/adventi-lelkinap-eislingenben\/\" \/>\n<meta property=\"og:site_name\" content=\"Stuttgarti Katolikusok\" \/>\n<meta property=\"article:published_time\" content=\"2022-12-14T04:34:23+00:00\" \/>\n<meta property=\"article:modified_time\" content=\"2022-12-14T06:10:53+00:00\" \/>\n<meta property=\"og:image\" content=\"https:\/\/stuttgarti-katolikusok.de\/wp-content\/uploads\/2022\/12\/eislingen-adveni-lelkinap1.jpg\" \/>\n\t<meta property=\"og:image:width\" content=\"2000\" \/>\n\t<meta property=\"og:image:height\" content=\"1500\" \/>\n\t<meta property=\"og:image:type\" content=\"image\/jpeg\" \/>\n<meta name=\"author\" content=\"Tibor atya\" \/>\n<meta name=\"twitter:card\" content=\"summary_large_image\" \/>\n<meta name=\"twitter:label1\" content=\"Szerz\u0151:\" \/>\n\t<meta name=\"twitter:data1\" content=\"Tibor atya\" \/>\n\t<meta name=\"twitter:label2\" content=\"Becs\u00fclt olvas\u00e1si id\u0151\" \/>\n\t<meta name=\"twitter:data2\" content=\"3 perc\" \/>\n<script type=\"application\/ld+json\" class=\"yoast-schema-graph\">{\"@context\":\"https:\\\/\\\/schema.org\",\"@graph\":[{\"@type\":\"Article\",\"@id\":\"https:\\\/\\\/stuttgarti-katolikusok.de\\\/index.php\\\/adventi-lelkinap-eislingenben\\\/#article\",\"isPartOf\":{\"@id\":\"https:\\\/\\\/stuttgarti-katolikusok.de\\\/index.php\\\/adventi-lelkinap-eislingenben\\\/\"},\"author\":{\"name\":\"Tibor atya\",\"@id\":\"https:\\\/\\\/stuttgarti-katolikusok.de\\\/#\\\/schema\\\/person\\\/75908d6f8fdc03a57889d27209df7795\"},\"headline\":\"Adventi lelkinap Eislingenben\",\"datePublished\":\"2022-12-14T04:34:23+00:00\",\"dateModified\":\"2022-12-14T06:10:53+00:00\",\"mainEntityOfPage\":{\"@id\":\"https:\\\/\\\/stuttgarti-katolikusok.de\\\/index.php\\\/adventi-lelkinap-eislingenben\\\/\"},\"wordCount\":513,\"image\":{\"@id\":\"https:\\\/\\\/stuttgarti-katolikusok.de\\\/index.php\\\/adventi-lelkinap-eislingenben\\\/#primaryimage\"},\"thumbnailUrl\":\"https:\\\/\\\/stuttgarti-katolikusok.de\\\/wp-content\\\/uploads\\\/2022\\\/12\\\/eislingen-adveni-lelkinap1.jpg\",\"articleSection\":[\"H\u00edrek\"],\"inLanguage\":\"hu\"},{\"@type\":\"WebPage\",\"@id\":\"https:\\\/\\\/stuttgarti-katolikusok.de\\\/index.php\\\/adventi-lelkinap-eislingenben\\\/\",\"url\":\"https:\\\/\\\/stuttgarti-katolikusok.de\\\/index.php\\\/adventi-lelkinap-eislingenben\\\/\",\"name\":\"Adventi lelkinap Eislingenben - Stuttgarti Katolikusok\",\"isPartOf\":{\"@id\":\"https:\\\/\\\/stuttgarti-katolikusok.de\\\/#website\"},\"primaryImageOfPage\":{\"@id\":\"https:\\\/\\\/stuttgarti-katolikusok.de\\\/index.php\\\/adventi-lelkinap-eislingenben\\\/#primaryimage\"},\"image\":{\"@id\":\"https:\\\/\\\/stuttgarti-katolikusok.de\\\/index.php\\\/adventi-lelkinap-eislingenben\\\/#primaryimage\"},\"thumbnailUrl\":\"https:\\\/\\\/stuttgarti-katolikusok.de\\\/wp-content\\\/uploads\\\/2022\\\/12\\\/eislingen-adveni-lelkinap1.jpg\",\"datePublished\":\"2022-12-14T04:34:23+00:00\",\"dateModified\":\"2022-12-14T06:10:53+00:00\",\"author\":{\"@id\":\"https:\\\/\\\/stuttgarti-katolikusok.de\\\/#\\\/schema\\\/person\\\/75908d6f8fdc03a57889d27209df7795\"},\"breadcrumb\":{\"@id\":\"https:\\\/\\\/stuttgarti-katolikusok.de\\\/index.php\\\/adventi-lelkinap-eislingenben\\\/#breadcrumb\"},\"inLanguage\":\"hu\",\"potentialAction\":[{\"@type\":\"ReadAction\",\"target\":[\"https:\\\/\\\/stuttgarti-katolikusok.de\\\/index.php\\\/adventi-lelkinap-eislingenben\\\/\"]}]},{\"@type\":\"ImageObject\",\"inLanguage\":\"hu\",\"@id\":\"https:\\\/\\\/stuttgarti-katolikusok.de\\\/index.php\\\/adventi-lelkinap-eislingenben\\\/#primaryimage\",\"url\":\"https:\\\/\\\/stuttgarti-katolikusok.de\\\/wp-content\\\/uploads\\\/2022\\\/12\\\/eislingen-adveni-lelkinap1.jpg\",\"contentUrl\":\"https:\\\/\\\/stuttgarti-katolikusok.de\\\/wp-content\\\/uploads\\\/2022\\\/12\\\/eislingen-adveni-lelkinap1.jpg\",\"width\":2000,\"height\":1500},{\"@type\":\"BreadcrumbList\",\"@id\":\"https:\\\/\\\/stuttgarti-katolikusok.de\\\/index.php\\\/adventi-lelkinap-eislingenben\\\/#breadcrumb\",\"itemListElement\":[{\"@type\":\"ListItem\",\"position\":1,\"name\":\"Kezd\u0151lap\",\"item\":\"https:\\\/\\\/stuttgarti-katolikusok.de\\\/\"},{\"@type\":\"ListItem\",\"position\":2,\"name\":\"Adventi lelkinap Eislingenben\"}]},{\"@type\":\"WebSite\",\"@id\":\"https:\\\/\\\/stuttgarti-katolikusok.de\\\/#website\",\"url\":\"https:\\\/\\\/stuttgarti-katolikusok.de\\\/\",\"name\":\"Stuttgarti Katolikusok\",\"description\":\"\",\"potentialAction\":[{\"@type\":\"SearchAction\",\"target\":{\"@type\":\"EntryPoint\",\"urlTemplate\":\"https:\\\/\\\/stuttgarti-katolikusok.de\\\/?s={search_term_string}\"},\"query-input\":{\"@type\":\"PropertyValueSpecification\",\"valueRequired\":true,\"valueName\":\"search_term_string\"}}],\"inLanguage\":\"hu\"},{\"@type\":\"Person\",\"@id\":\"https:\\\/\\\/stuttgarti-katolikusok.de\\\/#\\\/schema\\\/person\\\/75908d6f8fdc03a57889d27209df7795\",\"name\":\"Tibor atya\",\"image\":{\"@type\":\"ImageObject\",\"inLanguage\":\"hu\",\"@id\":\"https:\\\/\\\/secure.gravatar.com\\\/avatar\\\/61d268e57d1f4525b111222e29d2d5a7f8c420fdbf231ba5566a8ceac74fa960?s=96&d=mm&r=g\",\"url\":\"https:\\\/\\\/secure.gravatar.com\\\/avatar\\\/61d268e57d1f4525b111222e29d2d5a7f8c420fdbf231ba5566a8ceac74fa960?s=96&d=mm&r=g\",\"contentUrl\":\"https:\\\/\\\/secure.gravatar.com\\\/avatar\\\/61d268e57d1f4525b111222e29d2d5a7f8c420fdbf231ba5566a8ceac74fa960?s=96&d=mm&r=g\",\"caption\":\"Tibor atya\"},\"url\":\"https:\\\/\\\/stuttgarti-katolikusok.de\\\/index.php\\\/author\\\/tibor-atya\\\/\"}]}<\/script>\n<!-- \/ Yoast SEO plugin. -->","yoast_head_json":{"title":"Adventi lelkinap Eislingenben - Stuttgarti Katolikusok","robots":{"index":"index","follow":"follow","max-snippet":"max-snippet:-1","max-image-preview":"max-image-preview:large","max-video-preview":"max-video-preview:-1"},"canonical":"https:\/\/stuttgarti-katolikusok.de\/index.php\/adventi-lelkinap-eislingenben\/","og_locale":"hu_HU","og_type":"article","og_title":"Adventi lelkinap Eislingenben - Stuttgarti Katolikusok","og_description":"2022. december 10-\u00e9n Eislingenben a helyi k\u00f6z\u00f6ss\u00e9g egy kor\u00e1bbi hagyom\u00e1nyt keltett \u00e9letre Kinczel L\u00e1szl\u00f3 \u00e9s Monika szervez\u00e9s\u00e9ben. Ahogyan kor\u00e1bban \u00edg\u00e9rtem, r\u00e9szletes besz\u00e1mol\u00f3 is k\u00f6vetkezik. Fogadj\u00e1tok szeretettel D\u00e1vid Melinda \u00edr\u00e1s\u00e1t! Az eislingeni leg\u00e1tusok, Szegi Oszk\u00e1r \u00e9s Hajnalka, megh\u00edvtak benn\u00fcnket a szombaton, december 10-\u00e9n, megrendezett lelki napra. A lelki nap kezdete 13.00 \u00f3r\u00e1ra sz\u00f3lt \u00e9s az eislingeni Liebfrauenkirche k\u00f6z\u00f6ss\u00e9gi term\u00e9ben lett megtartva. Meg\u00e9rkez\u00e9s\u00fcnkkor, a szorgalmas csapat tagjai, m\u00e1r s\u00fctem\u00e9nnyel teli asztallal, k\u00e1v\u00e9val, zs\u00edros keny\u00e9rrel \u00e9s t\u00f6p\u00f6rty\u0171vel v\u00e1rtk benn\u00fcnket. A konyh\u00e1b\u00f3l k\u00f6zben \u00ednycsiklandoz\u00f3 illatok keringtek be a terembe. A Kinczel L\u00e1szl\u00f3 \u00e9s M\u00f3nika szervez\u00e9s\u00e9ben megrendezett hagyom\u00e1nyos lelki napr\u00f3l m\u00e1r hallottunk \u00e9vekkel ezel\u0151tt is, de most el\u0151sz\u00f6r vett\u00fcnk r\u00e9szt rajta \u00e9s nagyon tetszett. Egym\u00e1s k\u00f6sz\u00f6nt\u00e9se \u00e9s a friss\u00edt\u0151 ut\u00e1n helyet foglaltunk az asztal k\u00f6r\u00fcl \u00e9s Laci k\u00f6sz\u00f6nt\u0151j\u00e9vel megkezd\u0151d\u00f6tt a lelki nap. Elm\u00e9lked\u00e9s\u00e9t Laci a n\u00e9gy adventi gyertya szimbolik\u00e1j\u00e1ra alapozta, amely a hit, rem\u00e9ny, szeretet \u00e9s b\u00e9ke jegy\u00e9ben adventi koszor\u00fainkat \u00e9kes\u00edti. Egy-egy elm\u00e9lked\u00e9s ut\u00e1n M\u00f3ni egyenk\u00e9nt meggy\u00fajtotta a n\u00e9gy adventi gyerty\u00e1t, a k\u00f6z\u00f6ss\u00e9g t\u00f6bbi tagja k\u00f6zben adventi \u00e9s kar\u00e1csonyi \u00e9nekekkel, valamint versek \u00e9s novell\u00e1k olvas\u00e1s\u00e1val tette sz\u00ednesebb\u00e9 a d\u00e9lut\u00e1nt. K\u00f6zben kis k\u00e9s\u00e9ssel meg\u00e9rkezett Tibor atya is, aki k\u00f6sz\u00f6nt\u00f6tte \u00e9s megdics\u00e9rte a k\u00f6z\u00f6ss\u00e9get, akik ilyen sz\u00e9p hagyom\u00e1nyt \u00e1polnak \u00e9s adventi gondolatait hozta el nek\u00fcnk. Kifejtette, hogy a f\u00e9lelem hely\u00e9be bek\u00f6lt\u00f6z\u00f6tt a szeretet. \u201e\u00dagy szerette Isten a vil\u00e1got, hogy egysz\u00fcl\u00f6tt Fi\u00e1t adta, hogy aki hisz \u0151benne, el ne vesszen.\u201d (Jn 3,16) \u00e9s mi kereszt\u00e9nyek imm\u00e1r tudjuk, hogy kit keres\u00fcnk, kire v\u00e1runk. Krisztusra, Kar\u00e1csonyra v\u00e1runk. Erre k\u00e9sz\u00fcl\u0151d\u00fcnk \u00e9s igyeksz\u00fcnk m\u00e9lt\u00f3k lenni ahhoz, aki j\u00f6n \u00e9s aki vel\u00fcnk marad. Az elk\u00f6vetkez\u0151 bar\u00e1ti egy\u00fcttl\u00e9tet a ter\u00edtett asztaln\u00e1l el\u0151\u00e9tellel kezdt\u00fck. A k\u00f6z\u00f6ss\u00e9g szorgalmas tagjai reggel h\u00e1zi kolb\u00e1szt k\u00e9sz\u00edtettek, amit megs\u00fctve vegyes sal\u00e1t\u00e1val fogyasztottunk el. K\u00f6zben a f\u0151\u00e9tel, a cs\u00fcl\u00f6k, m\u00e1r a s\u00fct\u0151ben rotyogott. Egy nagyon sz\u00e9p d\u00e9lut\u00e1nt \u00e9s est\u00e9t t\u00f6lt\u00f6tt\u00fcnk Eislingenben. K\u00f6sz\u00f6nj\u00fck a k\u00f6z\u00f6ss\u00e9gnek a lelki aj\u00e1nd\u00e9kot, a finom falatokat \u00e9s... R\u00e9szletek","og_url":"https:\/\/stuttgarti-katolikusok.de\/index.php\/adventi-lelkinap-eislingenben\/","og_site_name":"Stuttgarti Katolikusok","article_published_time":"2022-12-14T04:34:23+00:00","article_modified_time":"2022-12-14T06:10:53+00:00","og_image":[{"width":2000,"height":1500,"url":"https:\/\/stuttgarti-katolikusok.de\/wp-content\/uploads\/2022\/12\/eislingen-adveni-lelkinap1.jpg","type":"image\/jpeg"}],"author":"Tibor atya","twitter_card":"summary_large_image","twitter_misc":{"Szerz\u0151:":"Tibor atya","Becs\u00fclt olvas\u00e1si id\u0151":"3 perc"},"schema":{"@context":"https:\/\/schema.org","@graph":[{"@type":"Article","@id":"https:\/\/stuttgarti-katolikusok.de\/index.php\/adventi-lelkinap-eislingenben\/#article","isPartOf":{"@id":"https:\/\/stuttgarti-katolikusok.de\/index.php\/adventi-lelkinap-eislingenben\/"},"author":{"name":"Tibor atya","@id":"https:\/\/stuttgarti-katolikusok.de\/#\/schema\/person\/75908d6f8fdc03a57889d27209df7795"},"headline":"Adventi lelkinap Eislingenben","datePublished":"2022-12-14T04:34:23+00:00","dateModified":"2022-12-14T06:10:53+00:00","mainEntityOfPage":{"@id":"https:\/\/stuttgarti-katolikusok.de\/index.php\/adventi-lelkinap-eislingenben\/"},"wordCount":513,"image":{"@id":"https:\/\/stuttgarti-katolikusok.de\/index.php\/adventi-lelkinap-eislingenben\/#primaryimage"},"thumbnailUrl":"https:\/\/stuttgarti-katolikusok.de\/wp-content\/uploads\/2022\/12\/eislingen-adveni-lelkinap1.jpg","articleSection":["H\u00edrek"],"inLanguage":"hu"},{"@type":"WebPage","@id":"https:\/\/stuttgarti-katolikusok.de\/index.php\/adventi-lelkinap-eislingenben\/","url":"https:\/\/stuttgarti-katolikusok.de\/index.php\/adventi-lelkinap-eislingenben\/","name":"Adventi lelkinap Eislingenben - Stuttgarti Katolikusok","isPartOf":{"@id":"https:\/\/stuttgarti-katolikusok.de\/#website"},"primaryImageOfPage":{"@id":"https:\/\/stuttgarti-katolikusok.de\/index.php\/adventi-lelkinap-eislingenben\/#primaryimage"},"image":{"@id":"https:\/\/stuttgarti-katolikusok.de\/index.php\/adventi-lelkinap-eislingenben\/#primaryimage"},"thumbnailUrl":"https:\/\/stuttgarti-katolikusok.de\/wp-content\/uploads\/2022\/12\/eislingen-adveni-lelkinap1.jpg","datePublished":"2022-12-14T04:34:23+00:00","dateModified":"2022-12-14T06:10:53+00:00","author":{"@id":"https:\/\/stuttgarti-katolikusok.de\/#\/schema\/person\/75908d6f8fdc03a57889d27209df7795"},"breadcrumb":{"@id":"https:\/\/stuttgarti-katolikusok.de\/index.php\/adventi-lelkinap-eislingenben\/#breadcrumb"},"inLanguage":"hu","potentialAction":[{"@type":"ReadAction","target":["https:\/\/stuttgarti-katolikusok.de\/index.php\/adventi-lelkinap-eislingenben\/"]}]},{"@type":"ImageObject","inLanguage":"hu","@id":"https:\/\/stuttgarti-katolikusok.de\/index.php\/adventi-lelkinap-eislingenben\/#primaryimage","url":"https:\/\/stuttgarti-katolikusok.de\/wp-content\/uploads\/2022\/12\/eislingen-adveni-lelkinap1.jpg","contentUrl":"https:\/\/stuttgarti-katolikusok.de\/wp-content\/uploads\/2022\/12\/eislingen-adveni-lelkinap1.jpg","width":2000,"height":1500},{"@type":"BreadcrumbList","@id":"https:\/\/stuttgarti-katolikusok.de\/index.php\/adventi-lelkinap-eislingenben\/#breadcrumb","itemListElement":[{"@type":"ListItem","position":1,"name":"Kezd\u0151lap","item":"https:\/\/stuttgarti-katolikusok.de\/"},{"@type":"ListItem","position":2,"name":"Adventi lelkinap Eislingenben"}]},{"@type":"WebSite","@id":"https:\/\/stuttgarti-katolikusok.de\/#website","url":"https:\/\/stuttgarti-katolikusok.de\/","name":"Stuttgarti Katolikusok","description":"","potentialAction":[{"@type":"SearchAction","target":{"@type":"EntryPoint","urlTemplate":"https:\/\/stuttgarti-katolikusok.de\/?s={search_term_string}"},"query-input":{"@type":"PropertyValueSpecification","valueRequired":true,"valueName":"search_term_string"}}],"inLanguage":"hu"},{"@type":"Person","@id":"https:\/\/stuttgarti-katolikusok.de\/#\/schema\/person\/75908d6f8fdc03a57889d27209df7795","name":"Tibor atya","image":{"@type":"ImageObject","inLanguage":"hu","@id":"https:\/\/secure.gravatar.com\/avatar\/61d268e57d1f4525b111222e29d2d5a7f8c420fdbf231ba5566a8ceac74fa960?s=96&d=mm&r=g","url":"https:\/\/secure.gravatar.com\/avatar\/61d268e57d1f4525b111222e29d2d5a7f8c420fdbf231ba5566a8ceac74fa960?s=96&d=mm&r=g","contentUrl":"https:\/\/secure.gravatar.com\/avatar\/61d268e57d1f4525b111222e29d2d5a7f8c420fdbf231ba5566a8ceac74fa960?s=96&d=mm&r=g","caption":"Tibor atya"},"url":"https:\/\/stuttgarti-katolikusok.de\/index.php\/author\/tibor-atya\/"}]}},"_links":{"self":[{"href":"https:\/\/stuttgarti-katolikusok.de\/index.php\/wp-json\/wp\/v2\/posts\/24097","targetHints":{"allow":["GET"]}}],"collection":[{"href":"https:\/\/stuttgarti-katolikusok.de\/index.php\/wp-json\/wp\/v2\/posts"}],"about":[{"href":"https:\/\/stuttgarti-katolikusok.de\/index.php\/wp-json\/wp\/v2\/types\/post"}],"author":[{"embeddable":true,"href":"https:\/\/stuttgarti-katolikusok.de\/index.php\/wp-json\/wp\/v2\/users\/3"}],"replies":[{"embeddable":true,"href":"https:\/\/stuttgarti-katolikusok.de\/index.php\/wp-json\/wp\/v2\/comments?post=24097"}],"version-history":[{"count":5,"href":"https:\/\/stuttgarti-katolikusok.de\/index.php\/wp-json\/wp\/v2\/posts\/24097\/revisions"}],"predecessor-version":[{"id":24109,"href":"https:\/\/stuttgarti-katolikusok.de\/index.php\/wp-json\/wp\/v2\/posts\/24097\/revisions\/24109"}],"wp:featuredmedia":[{"embeddable":true,"href":"https:\/\/stuttgarti-katolikusok.de\/index.php\/wp-json\/wp\/v2\/media\/24098"}],"wp:attachment":[{"href":"https:\/\/stuttgarti-katolikusok.de\/index.php\/wp-json\/wp\/v2\/media?parent=24097"}],"wp:term":[{"taxonomy":"category","embeddable":true,"href":"https:\/\/stuttgarti-katolikusok.de\/index.php\/wp-json\/wp\/v2\/categories?post=24097"},{"taxonomy":"post_tag","embeddable":true,"href":"https:\/\/stuttgarti-katolikusok.de\/index.php\/wp-json\/wp\/v2\/tags?post=24097"}],"curies":[{"name":"wp","href":"https:\/\/api.w.org\/{rel}","templated":true}]}}