{"id":24065,"date":"2022-12-04T12:45:25","date_gmt":"2022-12-04T11:45:25","guid":{"rendered":"https:\/\/stuttgarti-katolikusok.de\/?p=24065"},"modified":"2022-12-06T12:47:40","modified_gmt":"2022-12-06T11:47:40","slug":"advent-2-vasarnapja","status":"publish","type":"post","link":"https:\/\/stuttgarti-katolikusok.de\/index.php\/advent-2-vasarnapja\/","title":{"rendered":"Advent 2. vas\u00e1rnapja"},"content":{"rendered":"<p><span style=\"color: #800080;\"><strong>Advent 2. vas\u00e1rnapja<\/strong><\/span><\/p>\n<p><span style=\"color: #800080;\">Kezd\u0151\u00e9nek:<\/span><br \/>\nSion n\u00e9pe, \u00edme, j\u00f6n az \u00dar, hogy megmentse a nemzeteket, \u00e9s hallani fogj\u00e1tok dics\u0151s\u00e9ges szav\u00e1t, sz\u00edvetek \u00f6r\u00f6m\u00e9re. (V\u00f6. Iz 30,19.30)<\/p>\n<p><span style=\"color: #800080;\">K\u00f6ny\u00f6rg\u00e9s:<\/span><br \/>\nMindenhat\u00f3, irgalmas Isten\u00fcnk, seg\u00edts, hogy szent v\u00e1gyakoz\u00e1ssal siess\u00fcnk Fiad el\u00e9. \u00d6r\u00f6k b\u00f6lcsess\u00e9geddel nevelj minket, hogy evil\u00e1gi elfoglalts\u00e1gaink ne akad\u00e1lyozzanak tal\u00e1lkoz\u00e1sunkban szent Fiaddal. Aki veled \u00e9l \u00e9s uralkodik a Szentl\u00e9lekkel egys\u00e9gben, Isten mind\u00f6r\u00f6kk\u00f6n \u00f6r\u00f6kk\u00e9.<\/p>\n<p align=\"justify\"><span style=\"color: #800080;\">OLVASM\u00c1NY Izaj\u00e1s pr\u00f3f\u00e9ta k\u00f6nyv\u00e9b\u0151l (Iz 11,1-10)<\/span><br \/>\n<em>Igazs\u00e1got szolg\u00e1ltat az alacsony sors\u00faaknak.<\/em><br \/>\nAzon a napon:<br \/>\nVessz\u0151 k\u00e9l majd Iz\u00e1j t\u00f6rzs\u00f6k\u00e9b\u0151l, \u00e9s hajt\u00e1s sarjad gy\u00f6ker\u00e9b\u0151l. Az \u00dar lelke nyugszik rajta: a b\u00f6lcsess\u00e9g \u00e9s az \u00e9rtelem lelke, a tan\u00e1cs \u00e9s az er\u0151ss\u00e9g lelke, a tud\u00e1s \u00e9s az \u00dar f\u00e9lelm\u00e9nek lelke, s az \u00dar f\u00e9lelm\u00e9ben telik \u00f6r\u00f6me.<br \/>\nNem aszerint \u00edt\u00e9l majd, amit a szem l\u00e1t, s nem aszerint \u00edt\u00e9lkezik, amit a f\u00fcl hall, hanem igazs\u00e1got szolg\u00e1ltat az alacsony sors\u00faaknak, \u00e9s m\u00e9lt\u00e1nyos \u00edt\u00e9letet hoz a f\u00f6ld szeg\u00e9nyeinek. Sz\u00e1ja vesszej\u00e9vel megveri a f\u00f6ldet, s ajka lehelet\u00e9vel meg\u00f6li a gonoszt.<br \/>\nAz igazs\u00e1goss\u00e1g lesz derek\u00e1n az \u00f6v, s a h\u0171s\u00e9g cs\u00edp\u0151j\u00e9n a k\u00f6t\u0151. Akkor majd egy\u00fctt lakik a farkas a b\u00e1r\u00e1nnyal, \u00e9s a p\u00e1rduc egy\u00fctt tany\u00e1zik a g\u00f6d\u00f6ly\u00e9vel. Egy\u00fctt legel\u00e9szik majd a borj\u00fa s az oroszl\u00e1n, egy kisgyermek is terelgetheti \u0151ket. A teh\u00e9n \u00e9s a medve egy\u00fctt legelnek, kicsinyeik is egy\u00fctt pihennek, \u00e9s szalm\u00e1t eszik az oroszl\u00e1n, ak\u00e1rcsak az \u00f6k\u00f6r. A csecsem\u0151 nyugodtan j\u00e1tszadozhat a viperaf\u00e9szekn\u00e9l, s az \u00e1spisk\u00edgy\u00f3 \u00fcreg\u00e9be is bedughatja kez\u00e9t az anyatejt\u0151l elv\u00e1lasztott kisgyermek. Sehol nem \u00e1rtanak s nem puszt\u00edtanak az \u00e9n szent hegyemen. Mert a f\u00f6ld \u00fagy tele lesz az \u00dar ismeret\u00e9vel, mint ahogy bet\u00f6ltik a vizek a tengert.<br \/>\nAzon a napon az Iz\u00e1j gy\u00f6ker\u00e9b\u0151l t\u00e1madt sarj z\u00e1szl\u00f3k\u00e9nt \u00e1ll majd a n\u00e9pek el\u0151tt. Keresni fogj\u00e1k a pog\u00e1ny nemzetek, \u00e9s dics\u0151s\u00e9ges lesz lakhelye.<br \/>\nEz az Isten ig\u00e9je.<\/p>\n<p align=\"justify\"><span style=\"color: #800080;\">V\u00c1LASZOS ZSOLT\u00c1R (Zsolt 71,2.7-8.12-13.17)<\/span><br \/>\nV\u00e1lasz:\u00a0<strong>Napjaiban az igazs\u00e1g vir\u00e1ga ny\u00edlj\u00e9k, * \u00e9s teljes b\u00e9ke legyen a vil\u00e1g v\u00e9g\u00e9ig.<\/strong>\u00a05. t\u00f3nus.<br \/>\nEl\u0151\u00e9nekes: Istenem, \u00edt\u00e9letedet add \u00e1t a kir\u00e1lynak, * \u00e9s igazs\u00e1godat a kir\u00e1ly fi\u00e1nak,<br \/>\nhogy igazs\u00e1gosan \u00edt\u00e9lkezz\u00e9k n\u00e9peden, * \u00e9s m\u00e9lt\u00e1nyosan minden szeg\u00e9nyen.<br \/>\nH\u00edvek: Napjaiban az igazs\u00e1g vir\u00e1ga ny\u00edlj\u00e9k, * \u00e9s teljes b\u00e9ke legyen a vil\u00e1g v\u00e9g\u00e9ig.<br \/>\nE: Napjaiban vir\u00e1gzik az igazs\u00e1g \u00e9s a teljes b\u00e9ke, * m\u00edg csak a hold meg nem sz\u0171nik.<br \/>\nUralkodik tengert\u0151l tengerig, * a Foly\u00f3t\u00f3l a f\u00f6ldkereks\u00e9g hat\u00e1r\u00e1ig.<br \/>\nH: Napjaiban az igazs\u00e1g vir\u00e1ga ny\u00edlj\u00e9k, * \u00e9s teljes b\u00e9ke legyen a vil\u00e1g v\u00e9g\u00e9ig.<br \/>\nE: Megszabad\u00edtja a szeg\u00e9nyt, aki hozz\u00e1 ki\u00e1lt, * a nyomorultat, akin nem seg\u00edt senki.<br \/>\nK\u00edm\u00e9li a kicsinyt \u00e9s a gyeng\u00e9t, * a sz\u0171k\u00f6lk\u00f6d\u0151t megseg\u00edti.<br \/>\nH: Napjaiban az igazs\u00e1g vir\u00e1ga ny\u00edlj\u00e9k, * \u00e9s teljes b\u00e9ke legyen a vil\u00e1g v\u00e9g\u00e9ig.<br \/>\nE: Legyen \u00e1ldott a neve \u00f6r\u00f6kk\u00e9, am\u00edg csak vil\u00e1g\u00edt a nap, neve fennmaradjon.<br \/>\n\u00c1ldott legyen benne a f\u00f6ld minden n\u00e9pe, * magasztalja \u0151t minden nemzet.<br \/>\nH: Napjaiban az igazs\u00e1g vir\u00e1ga ny\u00edlj\u00e9k, * \u00e9s teljes b\u00e9ke legyen a vil\u00e1g v\u00e9g\u00e9ig.<\/p>\n<p align=\"justify\"><span style=\"color: #800080;\">SZENTLECKE Szent P\u00e1l apostolnak a r\u00f3maiakhoz \u00edrt level\u00e9b\u0151l (R\u00f3m 15,4-9)<\/span><br \/>\n<em>\u00dcdv\u00f6ss\u00e9g\u00fcnk k\u00f6zel van!<\/em><br \/>\nTestv\u00e9reim!<br \/>\nMindazt, amit egykor meg\u00edrtak, a mi okul\u00e1sunkra \u00edrt\u00e1k, hogy az \u00cdr\u00e1sb\u00f3l t\u00fcrelmet \u00e9s vigasztal\u00e1st mer\u00edts\u00fcnk rem\u00e9ny\u00fcnk meg\u0151rz\u00e9s\u00e9re. Adja meg nektek a b\u00e9ket\u0171r\u00e9s \u00e9s vigasztal\u00e1s Istene, hogy Krisztus J\u00e9zus akarata szerint egyet\u00e9rtsetek, \u00e9s egy sz\u00edvvel, egy sz\u00e1jjal magasztalj\u00e1tok Istent, Urunk, J\u00e9zus Krisztus Atyj\u00e1t!<br \/>\nKarolj\u00e1tok fel teh\u00e1t egym\u00e1st, amint Krisztus is felkarolt benneteket Isten dics\u0151s\u00e9g\u00e9re! \u00c1ll\u00edtom ugyanis: Krisztus az\u00e9rt v\u00e1llalta a zsid\u00f3s\u00e1g szolg\u00e1lat\u00e1t, hogy bebizony\u00edtsa Isten igazmond\u00e1s\u00e1t, \u00e9s val\u00f3ra v\u00e1ltsa az aty\u00e1knak tett \u00edg\u00e9reteket. A pog\u00e1nyok viszont irgalmass\u00e1g\u00e1\u00e9rt magasztalj\u00e1k Istent, amint \u00edrva van:<br \/>\nEz\u00e9rt magasztallak t\u00e9ged a pog\u00e1nyok k\u00f6z\u00f6tt, \u00e9s dics\u00e9rem dallal a nevedet!<br \/>\nEz az Isten ig\u00e9je.<\/p>\n<p align=\"justify\"><span style=\"color: #800080;\">ALLELUJA<\/span><br \/>\nK\u00e9sz\u00edts\u00e9tek el\u0151 az \u00dar \u00fatj\u00e1t! \u2020 Egyengess\u00e9tek \u00f6sv\u00e9ny\u00e9t, * \u00e9s minden ember megl\u00e1tja az \u00dcdv\u00f6z\u00edt\u0151t, akit elk\u00fcld az Isten. Lk 3,4.6 \u2013 5. t\u00f3nus.<\/p>\n<p><span style=\"color: #800080;\">\u2020 EVANG\u00c9LIUM Szent M\u00e1t\u00e9 k\u00f6nyv\u00e9b\u0151l (Mt 3,1-12)<\/span><br \/>\n<em>Tartsatok b\u0171nb\u00e1natot, elk\u00f6zelgett a mennyek orsz\u00e1ga.<\/em><br \/>\nAbban az id\u0151ben: Keresztel\u0151 J\u00e1nos megjelent Judea puszt\u00e1j\u00e1ban, \u00e9s \u00edgy tan\u00edtott: \u201eT\u00e9rjetek meg, elk\u00f6zelgett a mennyek orsz\u00e1ga!\u201d<br \/>\n\u0150 volt az, akir\u0151l Izaj\u00e1s pr\u00f3f\u00e9ta ezt mondta:<br \/>\nA puszt\u00e1ban ki\u00e1lt\u00f3nak szava:<br \/>\nK\u00e9sz\u00edts\u00e9tek el\u0151 az \u00dar \u00fatj\u00e1t,<br \/>\ntegy\u00e9tek egyeness\u00e9 \u00f6sv\u00e9nyeit!<br \/>\nJ\u00e1nos \u00f6lt\u00f6z\u00e9ke tevesz\u0151rb\u0151l k\u00e9sz\u00fclt, \u00e9s b\u0151r\u00f6vet viselt a derek\u00e1n. S\u00e1ska \u00e9s vadm\u00e9z volt az \u00e9tele. Kivonult hozz\u00e1 Jeruzs\u00e1lem, eg\u00e9sz Judea \u00e9s a Jord\u00e1n vid\u00e9ke. Megvallott\u00e1k b\u0171neiket, \u00e9s \u0151 megkeresztelte \u0151ket a Jord\u00e1n foly\u00f3ban.<br \/>\nAmikor l\u00e1tta, hogy sok farizeus \u00e9s szadduceus is j\u00f6n hozz\u00e1 megkeresztelkedni, \u00edgy sz\u00f3lt hozz\u00e1juk: \u201eViper\u00e1k fajzata! Ki ind\u00edtott benneteket arra, hogy menek\u00fcljetek a k\u00f6zelg\u0151 harag el\u0151l? Teremj\u00e9tek h\u00e1t a b\u0171nb\u00e1nat m\u00e9lt\u00f3 gy\u00fcm\u00f6lcs\u00e9t! \u00c9s ne higgy\u00e9tek, hogy k\u00f6zben azt gondolhatj\u00e1tok: A mi aty\u00e1nk \u00c1brah\u00e1m! Mert mondom nektek: Isten ezekb\u0151l a k\u00f6vekb\u0151l is tud \u00c1brah\u00e1mnak fiakat t\u00e1masztani. A fejsz\u00e9t r\u00e1helyezt\u00e9k m\u00e1r a f\u00e1k gy\u00f6ker\u00e9re: Kiv\u00e1gnak \u00e9s t\u0171zre vetnek minden f\u00e1t, mely j\u00f3 gy\u00fcm\u00f6lcs\u00f6t nem terem!<br \/>\n\u00c9n csak v\u00edzzel keresztellek titeket a b\u0171nb\u00e1natra, de aki \u00e9nut\u00e1nam j\u00f6n, az er\u0151sebb n\u00e1lam; arra sem vagyok m\u00e9lt\u00f3, hogy a saruit hordozzam. \u0150 Szentl\u00e9lekkel \u00e9s t\u0171zzel keresztel meg titeket; kez\u00e9ben tartja m\u00e1r a lap\u00e1tot, hogy kitakar\u00edtsa sz\u00e9r\u0171j\u00e9t. A b\u00faz\u00e1t magt\u00e1rba gy\u0171jti, a pelyv\u00e1t pedig olthatatlan t\u0171zben el\u00e9geti!\u201d<br \/>\nEzek az evang\u00e9lium ig\u00e9i.<\/p>\n<p><span style=\"color: #800080;\">EGYETEMES K\u00d6NY\u00d6RG\u00c9SEK<\/span><br \/>\nPap: Testv\u00e9reim! J\u00e9zus Krisztusban teljesedtek be a pr\u00f3f\u00e9t\u00e1k j\u00f6vend\u00f6l\u00e9sei. \u0150 a vil\u00e1g Megv\u00e1lt\u00f3ja, forduljunk hozz\u00e1 bizalommal!<br \/>\nLektor:<br \/>\n1. Add, Urunk, hogy minden ember felismerje: te vagy az \u00fcdv\u00f6ss\u00e9g \u00fatja!<br \/>\nH\u00edvek: K\u00e9r\u00fcnk T\u00e9ged, hallgass meg minket!<br \/>\n2. Seg\u00edtsd, Urunk, n\u00e9pedet, hogy m\u00e9lt\u00f3n k\u00e9pviseljen t\u00e9ged a vil\u00e1gban!<br \/>\nH\u00edvek: K\u00e9r\u00fcnk T\u00e9ged, hallgass meg minket!<br \/>\n3. \u00c1ldd meg, Urunk, mindazokat, akik \u00e1ldozatot hoznak neved dics\u0151s\u00e9g\u00e9\u00e9rt!<br \/>\nH\u00edvek: K\u00e9r\u00fcnk T\u00e9ged, hallgass meg minket!<br \/>\n4. \u00c1ldd meg, Urunk, a n\u00e9pek vezet\u0151it, hogy \u00f6nzetlen\u00fcl f\u00e1radozzanak az emberis\u00e9g egys\u00e9g\u00e9\u00e9rt!<br \/>\nH\u00edvek: K\u00e9r\u00fcnk T\u00e9ged, hallgass meg minket!<br \/>\n5. Add, Urunk, kegyelmedet egybegy\u0171lt h\u00edveidnek, hogy a b\u0171nb\u00e1nat m\u00e9lt\u00f3 gy\u00fcm\u00f6lcseit teremj\u00e9k!<br \/>\nH\u00edvek: K\u00e9r\u00fcnk T\u00e9ged, hallgass meg minket!<br \/>\nPap: Irgalmas Megv\u00e1lt\u00f3nk! Te t\u00fcrelmes vagy hozz\u00e1nk emberi gyarl\u00f3s\u00e1gaink ellen\u00e9re. Add, hogy hib\u00e1inkat bel\u00e1ssuk, \u00e9s kegyelmeddel meg\u00faj\u00edtsuk \u00e9let\u00fcnket. Aki \u00e9lsz \u00e9s uralkodol mind\u00f6r\u00f6kk\u00f6n \u00f6r\u00f6kk\u00e9.<br \/>\nH\u00edvek: \u00c1men.<\/p>\n<p><span style=\"color: #800080;\">Felaj\u00e1nl\u00f3 k\u00f6ny\u00f6rg\u00e9s:<\/span><br \/>\nK\u00e9r\u00fcnk, Isten\u00fcnk, engeszteljenek ki al\u00e1zatos im\u00e1ds\u00e1gaink \u00e9s felaj\u00e1nlott adom\u00e1nyaink, \u00e9s hab\u00e1r \u00e9rdemeink el\u00e9gtelenek, megbocs\u00e1t\u00f3 j\u00f3s\u00e1goddal siess seg\u00edts\u00e9g\u00fcnkre. Krisztus, a mi Urunk \u00e1ltal.<\/p>\n<p><span style=\"color: #800080;\">Pref\u00e1ci\u00f3:<\/span><br \/>\n<em>ADVENTI I. PREF\u00c1CI\u00d3<br \/>\nKrisztus kett\u0151s elj\u00f6vetele<br \/>\nA k\u00f6vetkez\u0151 pref\u00e1ci\u00f3t advent I. vas\u00e1rnapj\u00e1t\u00f3l december 16-ig az id\u0151szaki mis\u00e9kben mondjuk, valamint az ugyanebben az id\u0151ben v\u00e9gzett egy\u00e9b mis\u00e9kben, amelyeknek nincs saj\u00e1t pref\u00e1ci\u00f3juk.<\/em><\/p>\n<p>Az \u00dar legyen veletek.<br \/>\nH.: \u00c9s a te lelkeddel.<br \/>\nEmelj\u00fck f\u00f6l sz\u00edv\u00fcnket.<br \/>\nH.: F\u00f6lemelt\u00fck az \u00darhoz.<br \/>\nAdjunk h\u00e1l\u00e1t Urunknak, Isten\u00fcnknek.<br \/>\nH.: M\u00e9lt\u00f3 \u00e9s igazs\u00e1gos.<br \/>\n(Mert) Val\u00f3ban m\u00e9lt\u00f3 \u00e9s igazs\u00e1gos, ill\u0151 \u00e9s \u00fcdv\u00f6s, hogy mindig \u00e9s minden\u00fctt h\u00e1l\u00e1t adjunk n\u00e9ked, mi Urunk, szents\u00e9ges Aty\u00e1nk, mindenhat\u00f3, \u00f6r\u00f6k Isten: Krisztus, a mi Urunk \u00e1ltal.<br \/>\n\u0150 els\u0151 elj\u00f6vetelekor mag\u00e1t megal\u00e1zva testet \u00f6lt\u00f6tt, teljes\u00edtette a kezdett\u0151l fogva neki rendelt k\u00fcldet\u00e9st, \u2013 \u00e9s megnyitotta SZ\u00c1munkra az \u00f6r\u00f6k \u00fcdv\u00f6ss\u00e9g \u00fatj\u00e1t: hogy amikor dics\u0151s\u00e9ges f\u00e9nyben \u00fajra elj\u00f6n \u2013 l\u00e1that\u00f3 val\u00f3s\u00e1gban NYERj\u00fck el, amit most \u00edg\u00e9ret\u00e9ben b\u00edzva v\u00e1runk.<br \/>\n(\u00c9s) Ez\u00e9rt mi is, mik\u00e9nt az angyalok \u00e9s f\u0151angyalok, a tr\u00f3nod k\u00f6r\u00fcl \u00e1ll\u00f3 hatalmas \u00e9gi szellemek, \u00e9s minden seregek a mennyben, (a te) dics\u0151s\u00e9ged himnusz\u00e1t zengj\u00fck, \u2013 \u00e9s vel\u00fck EGy\u00fctt v\u00e9g n\u00e9lk\u00fcl mondjuk: (\u00e9nekelj\u00fck:)<\/p>\n<p><span style=\"color: #800080;\">\u00c1ldoz\u00e1si \u00e9nek:<\/span><br \/>\n<span style=\"color: #800080;\">Kelj f\u00f6l, Jeruzs\u00e1lem, \u00e1llj a magaslatra, \u00e9s n\u00e9zd az \u00f6r\u00f6met, amely Istent\u0151l j\u00f6n. (B\u00e1r 5,5;4,36)<\/span><\/p>\n<p><span style=\"color: #800080;\">\u00c1ldoz\u00e1s ut\u00e1ni k\u00f6ny\u00f6rg\u00e9s:<\/span><br \/>\nLelki eledellel t\u00e1pl\u00e1lt\u00e1l minket, Isten\u00fcnk. K\u00f6ny\u00f6r\u00f6gve k\u00e9r\u00fcnk: e szents\u00e9gben val\u00f3 r\u00e9szesed\u00e9s \u00e1ltal tan\u00edts meg minket arra, hogy a f\u00f6ldi dolgokr\u00f3l okosan gondolkodjunk, \u00e9s az \u00e9giekhez ragaszkodjunk. Krisztus, a mi Urunk \u00e1ltal.<\/p>\n","protected":false},"excerpt":{"rendered":"<p>Advent 2. vas\u00e1rnapja Kezd\u0151\u00e9nek: Sion n\u00e9pe, \u00edme, j\u00f6n az \u00dar, hogy megmentse a nemzeteket, \u00e9s hallani fogj\u00e1tok dics\u0151s\u00e9ges szav\u00e1t, sz\u00edvetek \u00f6r\u00f6m\u00e9re. (V\u00f6. Iz 30,19.30) K\u00f6ny\u00f6rg\u00e9s: Mindenhat\u00f3, irgalmas Isten\u00fcnk, seg\u00edts, hogy szent v\u00e1gyakoz\u00e1ssal siess\u00fcnk Fiad el\u00e9. \u00d6r\u00f6k b\u00f6lcsess\u00e9geddel nevelj minket, hogy evil\u00e1gi elfoglalts\u00e1gaink ne akad\u00e1lyozzanak tal\u00e1lkoz\u00e1sunkban szent Fiaddal. Aki veled \u00e9l \u00e9s uralkodik a Szentl\u00e9lekkel egys\u00e9gben, Isten mind\u00f6r\u00f6kk\u00f6n \u00f6r\u00f6kk\u00e9. OLVASM\u00c1NY Izaj\u00e1s pr\u00f3f\u00e9ta k\u00f6nyv\u00e9b\u0151l (Iz 11,1-10) Igazs\u00e1got szolg\u00e1ltat az alacsony sors\u00faaknak. Azon a napon: Vessz\u0151 k\u00e9l majd Iz\u00e1j t\u00f6rzs\u00f6k\u00e9b\u0151l, \u00e9s hajt\u00e1s sarjad gy\u00f6ker\u00e9b\u0151l. Az \u00dar lelke nyugszik rajta: a b\u00f6lcsess\u00e9g \u00e9s az \u00e9rtelem lelke, a tan\u00e1cs \u00e9s az er\u0151ss\u00e9g lelke, a tud\u00e1s \u00e9s az \u00dar f\u00e9lelm\u00e9nek lelke, s az \u00dar f\u00e9lelm\u00e9ben telik \u00f6r\u00f6me. Nem aszerint \u00edt\u00e9l majd, amit a szem l\u00e1t, s nem aszerint \u00edt\u00e9lkezik, amit a f\u00fcl hall, hanem igazs\u00e1got szolg\u00e1ltat az alacsony sors\u00faaknak, \u00e9s m\u00e9lt\u00e1nyos \u00edt\u00e9letet hoz a f\u00f6ld szeg\u00e9nyeinek. Sz\u00e1ja vesszej\u00e9vel megveri a f\u00f6ldet, s ajka lehelet\u00e9vel meg\u00f6li a gonoszt. Az igazs\u00e1goss\u00e1g lesz derek\u00e1n az \u00f6v, s a h\u0171s\u00e9g cs\u00edp\u0151j\u00e9n a k\u00f6t\u0151. Akkor majd egy\u00fctt lakik a farkas a b\u00e1r\u00e1nnyal, \u00e9s a p\u00e1rduc egy\u00fctt tany\u00e1zik a g\u00f6d\u00f6ly\u00e9vel. Egy\u00fctt legel\u00e9szik majd a borj\u00fa s az oroszl\u00e1n, egy kisgyermek is terelgetheti \u0151ket. A teh\u00e9n \u00e9s a medve egy\u00fctt legelnek, kicsinyeik is egy\u00fctt pihennek, \u00e9s szalm\u00e1t eszik az oroszl\u00e1n, ak\u00e1rcsak az \u00f6k\u00f6r. A csecsem\u0151 nyugodtan j\u00e1tszadozhat a viperaf\u00e9szekn\u00e9l, s az \u00e1spisk\u00edgy\u00f3 \u00fcreg\u00e9be is bedughatja kez\u00e9t az anyatejt\u0151l elv\u00e1lasztott kisgyermek. Sehol nem \u00e1rtanak s nem puszt\u00edtanak az \u00e9n szent hegyemen. Mert a f\u00f6ld \u00fagy tele lesz az \u00dar ismeret\u00e9vel, mint ahogy bet\u00f6ltik a vizek a tengert. Azon a napon az Iz\u00e1j gy\u00f6ker\u00e9b\u0151l t\u00e1madt sarj z\u00e1szl\u00f3k\u00e9nt \u00e1ll majd a n\u00e9pek el\u0151tt. Keresni fogj\u00e1k a pog\u00e1ny nemzetek, \u00e9s dics\u0151s\u00e9ges lesz lakhelye. Ez az Isten ig\u00e9je. V\u00c1LASZOS ZSOLT\u00c1R (Zsolt 71,2.7-8.12-13.17) V\u00e1lasz:\u00a0Napjaiban az igazs\u00e1g vir\u00e1ga ny\u00edlj\u00e9k, * \u00e9s teljes b\u00e9ke legyen a vil\u00e1g v\u00e9g\u00e9ig.\u00a05. t\u00f3nus. El\u0151\u00e9nekes: Istenem,&#8230; <\/p>\n<p><a class=\"readmore\" href=\"https:\/\/stuttgarti-katolikusok.de\/index.php\/advent-2-vasarnapja\/\">R\u00e9szletek<\/a><\/p>\n","protected":false},"author":3,"featured_media":24043,"comment_status":"closed","ping_status":"closed","sticky":false,"template":"","format":"standard","meta":{"footnotes":""},"categories":[63],"tags":[],"class_list":["post-24065","post","type-post","status-publish","format-standard","has-post-thumbnail","hentry","category-vasarnapi-gondolatok"],"yoast_head":"<!-- This site is optimized with the Yoast SEO plugin v27.3 - https:\/\/yoast.com\/product\/yoast-seo-wordpress\/ -->\n<title>Advent 2. vas\u00e1rnapja - Stuttgarti Katolikusok<\/title>\n<meta name=\"robots\" content=\"index, follow, max-snippet:-1, max-image-preview:large, max-video-preview:-1\" \/>\n<link rel=\"canonical\" href=\"https:\/\/stuttgarti-katolikusok.de\/index.php\/advent-2-vasarnapja\/\" \/>\n<meta property=\"og:locale\" content=\"hu_HU\" \/>\n<meta property=\"og:type\" content=\"article\" \/>\n<meta property=\"og:title\" content=\"Advent 2. vas\u00e1rnapja - Stuttgarti Katolikusok\" \/>\n<meta property=\"og:description\" content=\"Advent 2. vas\u00e1rnapja Kezd\u0151\u00e9nek: Sion n\u00e9pe, \u00edme, j\u00f6n az \u00dar, hogy megmentse a nemzeteket, \u00e9s hallani fogj\u00e1tok dics\u0151s\u00e9ges szav\u00e1t, sz\u00edvetek \u00f6r\u00f6m\u00e9re. (V\u00f6. Iz 30,19.30) K\u00f6ny\u00f6rg\u00e9s: Mindenhat\u00f3, irgalmas Isten\u00fcnk, seg\u00edts, hogy szent v\u00e1gyakoz\u00e1ssal siess\u00fcnk Fiad el\u00e9. \u00d6r\u00f6k b\u00f6lcsess\u00e9geddel nevelj minket, hogy evil\u00e1gi elfoglalts\u00e1gaink ne akad\u00e1lyozzanak tal\u00e1lkoz\u00e1sunkban szent Fiaddal. Aki veled \u00e9l \u00e9s uralkodik a Szentl\u00e9lekkel egys\u00e9gben, Isten mind\u00f6r\u00f6kk\u00f6n \u00f6r\u00f6kk\u00e9. OLVASM\u00c1NY Izaj\u00e1s pr\u00f3f\u00e9ta k\u00f6nyv\u00e9b\u0151l (Iz 11,1-10) Igazs\u00e1got szolg\u00e1ltat az alacsony sors\u00faaknak. Azon a napon: Vessz\u0151 k\u00e9l majd Iz\u00e1j t\u00f6rzs\u00f6k\u00e9b\u0151l, \u00e9s hajt\u00e1s sarjad gy\u00f6ker\u00e9b\u0151l. Az \u00dar lelke nyugszik rajta: a b\u00f6lcsess\u00e9g \u00e9s az \u00e9rtelem lelke, a tan\u00e1cs \u00e9s az er\u0151ss\u00e9g lelke, a tud\u00e1s \u00e9s az \u00dar f\u00e9lelm\u00e9nek lelke, s az \u00dar f\u00e9lelm\u00e9ben telik \u00f6r\u00f6me. Nem aszerint \u00edt\u00e9l majd, amit a szem l\u00e1t, s nem aszerint \u00edt\u00e9lkezik, amit a f\u00fcl hall, hanem igazs\u00e1got szolg\u00e1ltat az alacsony sors\u00faaknak, \u00e9s m\u00e9lt\u00e1nyos \u00edt\u00e9letet hoz a f\u00f6ld szeg\u00e9nyeinek. Sz\u00e1ja vesszej\u00e9vel megveri a f\u00f6ldet, s ajka lehelet\u00e9vel meg\u00f6li a gonoszt. Az igazs\u00e1goss\u00e1g lesz derek\u00e1n az \u00f6v, s a h\u0171s\u00e9g cs\u00edp\u0151j\u00e9n a k\u00f6t\u0151. Akkor majd egy\u00fctt lakik a farkas a b\u00e1r\u00e1nnyal, \u00e9s a p\u00e1rduc egy\u00fctt tany\u00e1zik a g\u00f6d\u00f6ly\u00e9vel. Egy\u00fctt legel\u00e9szik majd a borj\u00fa s az oroszl\u00e1n, egy kisgyermek is terelgetheti \u0151ket. A teh\u00e9n \u00e9s a medve egy\u00fctt legelnek, kicsinyeik is egy\u00fctt pihennek, \u00e9s szalm\u00e1t eszik az oroszl\u00e1n, ak\u00e1rcsak az \u00f6k\u00f6r. A csecsem\u0151 nyugodtan j\u00e1tszadozhat a viperaf\u00e9szekn\u00e9l, s az \u00e1spisk\u00edgy\u00f3 \u00fcreg\u00e9be is bedughatja kez\u00e9t az anyatejt\u0151l elv\u00e1lasztott kisgyermek. Sehol nem \u00e1rtanak s nem puszt\u00edtanak az \u00e9n szent hegyemen. Mert a f\u00f6ld \u00fagy tele lesz az \u00dar ismeret\u00e9vel, mint ahogy bet\u00f6ltik a vizek a tengert. Azon a napon az Iz\u00e1j gy\u00f6ker\u00e9b\u0151l t\u00e1madt sarj z\u00e1szl\u00f3k\u00e9nt \u00e1ll majd a n\u00e9pek el\u0151tt. Keresni fogj\u00e1k a pog\u00e1ny nemzetek, \u00e9s dics\u0151s\u00e9ges lesz lakhelye. Ez az Isten ig\u00e9je. V\u00c1LASZOS ZSOLT\u00c1R (Zsolt 71,2.7-8.12-13.17) V\u00e1lasz:\u00a0Napjaiban az igazs\u00e1g vir\u00e1ga ny\u00edlj\u00e9k, * \u00e9s teljes b\u00e9ke legyen a vil\u00e1g v\u00e9g\u00e9ig.\u00a05. t\u00f3nus. El\u0151\u00e9nekes: Istenem,... R\u00e9szletek\" \/>\n<meta property=\"og:url\" content=\"https:\/\/stuttgarti-katolikusok.de\/index.php\/advent-2-vasarnapja\/\" \/>\n<meta property=\"og:site_name\" content=\"Stuttgarti Katolikusok\" \/>\n<meta property=\"article:published_time\" content=\"2022-12-04T11:45:25+00:00\" \/>\n<meta property=\"article:modified_time\" content=\"2022-12-06T11:47:40+00:00\" \/>\n<meta property=\"og:image\" content=\"https:\/\/stuttgarti-katolikusok.de\/wp-content\/uploads\/2022\/12\/advent-2-stuttgart.jpg\" \/>\n\t<meta property=\"og:image:width\" content=\"2000\" \/>\n\t<meta property=\"og:image:height\" content=\"1125\" \/>\n\t<meta property=\"og:image:type\" content=\"image\/jpeg\" \/>\n<meta name=\"author\" content=\"Tibor atya\" \/>\n<meta name=\"twitter:card\" content=\"summary_large_image\" \/>\n<meta name=\"twitter:label1\" content=\"Szerz\u0151:\" \/>\n\t<meta name=\"twitter:data1\" content=\"Tibor atya\" \/>\n\t<meta name=\"twitter:label2\" content=\"Becs\u00fclt olvas\u00e1si id\u0151\" \/>\n\t<meta name=\"twitter:data2\" content=\"7 perc\" \/>\n<script type=\"application\/ld+json\" class=\"yoast-schema-graph\">{\"@context\":\"https:\\\/\\\/schema.org\",\"@graph\":[{\"@type\":\"Article\",\"@id\":\"https:\\\/\\\/stuttgarti-katolikusok.de\\\/index.php\\\/advent-2-vasarnapja\\\/#article\",\"isPartOf\":{\"@id\":\"https:\\\/\\\/stuttgarti-katolikusok.de\\\/index.php\\\/advent-2-vasarnapja\\\/\"},\"author\":{\"name\":\"Tibor atya\",\"@id\":\"https:\\\/\\\/stuttgarti-katolikusok.de\\\/#\\\/schema\\\/person\\\/75908d6f8fdc03a57889d27209df7795\"},\"headline\":\"Advent 2. vas\u00e1rnapja\",\"datePublished\":\"2022-12-04T11:45:25+00:00\",\"dateModified\":\"2022-12-06T11:47:40+00:00\",\"mainEntityOfPage\":{\"@id\":\"https:\\\/\\\/stuttgarti-katolikusok.de\\\/index.php\\\/advent-2-vasarnapja\\\/\"},\"wordCount\":1752,\"image\":{\"@id\":\"https:\\\/\\\/stuttgarti-katolikusok.de\\\/index.php\\\/advent-2-vasarnapja\\\/#primaryimage\"},\"thumbnailUrl\":\"https:\\\/\\\/stuttgarti-katolikusok.de\\\/wp-content\\\/uploads\\\/2022\\\/12\\\/advent-2-stuttgart.jpg\",\"articleSection\":[\"Vas\u00e1rnapi gondolatok\"],\"inLanguage\":\"hu\"},{\"@type\":\"WebPage\",\"@id\":\"https:\\\/\\\/stuttgarti-katolikusok.de\\\/index.php\\\/advent-2-vasarnapja\\\/\",\"url\":\"https:\\\/\\\/stuttgarti-katolikusok.de\\\/index.php\\\/advent-2-vasarnapja\\\/\",\"name\":\"Advent 2. vas\u00e1rnapja - Stuttgarti Katolikusok\",\"isPartOf\":{\"@id\":\"https:\\\/\\\/stuttgarti-katolikusok.de\\\/#website\"},\"primaryImageOfPage\":{\"@id\":\"https:\\\/\\\/stuttgarti-katolikusok.de\\\/index.php\\\/advent-2-vasarnapja\\\/#primaryimage\"},\"image\":{\"@id\":\"https:\\\/\\\/stuttgarti-katolikusok.de\\\/index.php\\\/advent-2-vasarnapja\\\/#primaryimage\"},\"thumbnailUrl\":\"https:\\\/\\\/stuttgarti-katolikusok.de\\\/wp-content\\\/uploads\\\/2022\\\/12\\\/advent-2-stuttgart.jpg\",\"datePublished\":\"2022-12-04T11:45:25+00:00\",\"dateModified\":\"2022-12-06T11:47:40+00:00\",\"author\":{\"@id\":\"https:\\\/\\\/stuttgarti-katolikusok.de\\\/#\\\/schema\\\/person\\\/75908d6f8fdc03a57889d27209df7795\"},\"breadcrumb\":{\"@id\":\"https:\\\/\\\/stuttgarti-katolikusok.de\\\/index.php\\\/advent-2-vasarnapja\\\/#breadcrumb\"},\"inLanguage\":\"hu\",\"potentialAction\":[{\"@type\":\"ReadAction\",\"target\":[\"https:\\\/\\\/stuttgarti-katolikusok.de\\\/index.php\\\/advent-2-vasarnapja\\\/\"]}]},{\"@type\":\"ImageObject\",\"inLanguage\":\"hu\",\"@id\":\"https:\\\/\\\/stuttgarti-katolikusok.de\\\/index.php\\\/advent-2-vasarnapja\\\/#primaryimage\",\"url\":\"https:\\\/\\\/stuttgarti-katolikusok.de\\\/wp-content\\\/uploads\\\/2022\\\/12\\\/advent-2-stuttgart.jpg\",\"contentUrl\":\"https:\\\/\\\/stuttgarti-katolikusok.de\\\/wp-content\\\/uploads\\\/2022\\\/12\\\/advent-2-stuttgart.jpg\",\"width\":2000,\"height\":1125},{\"@type\":\"BreadcrumbList\",\"@id\":\"https:\\\/\\\/stuttgarti-katolikusok.de\\\/index.php\\\/advent-2-vasarnapja\\\/#breadcrumb\",\"itemListElement\":[{\"@type\":\"ListItem\",\"position\":1,\"name\":\"Kezd\u0151lap\",\"item\":\"https:\\\/\\\/stuttgarti-katolikusok.de\\\/\"},{\"@type\":\"ListItem\",\"position\":2,\"name\":\"Advent 2. vas\u00e1rnapja\"}]},{\"@type\":\"WebSite\",\"@id\":\"https:\\\/\\\/stuttgarti-katolikusok.de\\\/#website\",\"url\":\"https:\\\/\\\/stuttgarti-katolikusok.de\\\/\",\"name\":\"Stuttgarti Katolikusok\",\"description\":\"\",\"potentialAction\":[{\"@type\":\"SearchAction\",\"target\":{\"@type\":\"EntryPoint\",\"urlTemplate\":\"https:\\\/\\\/stuttgarti-katolikusok.de\\\/?s={search_term_string}\"},\"query-input\":{\"@type\":\"PropertyValueSpecification\",\"valueRequired\":true,\"valueName\":\"search_term_string\"}}],\"inLanguage\":\"hu\"},{\"@type\":\"Person\",\"@id\":\"https:\\\/\\\/stuttgarti-katolikusok.de\\\/#\\\/schema\\\/person\\\/75908d6f8fdc03a57889d27209df7795\",\"name\":\"Tibor atya\",\"image\":{\"@type\":\"ImageObject\",\"inLanguage\":\"hu\",\"@id\":\"https:\\\/\\\/secure.gravatar.com\\\/avatar\\\/61d268e57d1f4525b111222e29d2d5a7f8c420fdbf231ba5566a8ceac74fa960?s=96&d=mm&r=g\",\"url\":\"https:\\\/\\\/secure.gravatar.com\\\/avatar\\\/61d268e57d1f4525b111222e29d2d5a7f8c420fdbf231ba5566a8ceac74fa960?s=96&d=mm&r=g\",\"contentUrl\":\"https:\\\/\\\/secure.gravatar.com\\\/avatar\\\/61d268e57d1f4525b111222e29d2d5a7f8c420fdbf231ba5566a8ceac74fa960?s=96&d=mm&r=g\",\"caption\":\"Tibor atya\"},\"url\":\"https:\\\/\\\/stuttgarti-katolikusok.de\\\/index.php\\\/author\\\/tibor-atya\\\/\"}]}<\/script>\n<!-- \/ Yoast SEO plugin. -->","yoast_head_json":{"title":"Advent 2. vas\u00e1rnapja - Stuttgarti Katolikusok","robots":{"index":"index","follow":"follow","max-snippet":"max-snippet:-1","max-image-preview":"max-image-preview:large","max-video-preview":"max-video-preview:-1"},"canonical":"https:\/\/stuttgarti-katolikusok.de\/index.php\/advent-2-vasarnapja\/","og_locale":"hu_HU","og_type":"article","og_title":"Advent 2. vas\u00e1rnapja - Stuttgarti Katolikusok","og_description":"Advent 2. vas\u00e1rnapja Kezd\u0151\u00e9nek: Sion n\u00e9pe, \u00edme, j\u00f6n az \u00dar, hogy megmentse a nemzeteket, \u00e9s hallani fogj\u00e1tok dics\u0151s\u00e9ges szav\u00e1t, sz\u00edvetek \u00f6r\u00f6m\u00e9re. (V\u00f6. Iz 30,19.30) K\u00f6ny\u00f6rg\u00e9s: Mindenhat\u00f3, irgalmas Isten\u00fcnk, seg\u00edts, hogy szent v\u00e1gyakoz\u00e1ssal siess\u00fcnk Fiad el\u00e9. \u00d6r\u00f6k b\u00f6lcsess\u00e9geddel nevelj minket, hogy evil\u00e1gi elfoglalts\u00e1gaink ne akad\u00e1lyozzanak tal\u00e1lkoz\u00e1sunkban szent Fiaddal. Aki veled \u00e9l \u00e9s uralkodik a Szentl\u00e9lekkel egys\u00e9gben, Isten mind\u00f6r\u00f6kk\u00f6n \u00f6r\u00f6kk\u00e9. OLVASM\u00c1NY Izaj\u00e1s pr\u00f3f\u00e9ta k\u00f6nyv\u00e9b\u0151l (Iz 11,1-10) Igazs\u00e1got szolg\u00e1ltat az alacsony sors\u00faaknak. Azon a napon: Vessz\u0151 k\u00e9l majd Iz\u00e1j t\u00f6rzs\u00f6k\u00e9b\u0151l, \u00e9s hajt\u00e1s sarjad gy\u00f6ker\u00e9b\u0151l. Az \u00dar lelke nyugszik rajta: a b\u00f6lcsess\u00e9g \u00e9s az \u00e9rtelem lelke, a tan\u00e1cs \u00e9s az er\u0151ss\u00e9g lelke, a tud\u00e1s \u00e9s az \u00dar f\u00e9lelm\u00e9nek lelke, s az \u00dar f\u00e9lelm\u00e9ben telik \u00f6r\u00f6me. Nem aszerint \u00edt\u00e9l majd, amit a szem l\u00e1t, s nem aszerint \u00edt\u00e9lkezik, amit a f\u00fcl hall, hanem igazs\u00e1got szolg\u00e1ltat az alacsony sors\u00faaknak, \u00e9s m\u00e9lt\u00e1nyos \u00edt\u00e9letet hoz a f\u00f6ld szeg\u00e9nyeinek. Sz\u00e1ja vesszej\u00e9vel megveri a f\u00f6ldet, s ajka lehelet\u00e9vel meg\u00f6li a gonoszt. Az igazs\u00e1goss\u00e1g lesz derek\u00e1n az \u00f6v, s a h\u0171s\u00e9g cs\u00edp\u0151j\u00e9n a k\u00f6t\u0151. Akkor majd egy\u00fctt lakik a farkas a b\u00e1r\u00e1nnyal, \u00e9s a p\u00e1rduc egy\u00fctt tany\u00e1zik a g\u00f6d\u00f6ly\u00e9vel. Egy\u00fctt legel\u00e9szik majd a borj\u00fa s az oroszl\u00e1n, egy kisgyermek is terelgetheti \u0151ket. A teh\u00e9n \u00e9s a medve egy\u00fctt legelnek, kicsinyeik is egy\u00fctt pihennek, \u00e9s szalm\u00e1t eszik az oroszl\u00e1n, ak\u00e1rcsak az \u00f6k\u00f6r. A csecsem\u0151 nyugodtan j\u00e1tszadozhat a viperaf\u00e9szekn\u00e9l, s az \u00e1spisk\u00edgy\u00f3 \u00fcreg\u00e9be is bedughatja kez\u00e9t az anyatejt\u0151l elv\u00e1lasztott kisgyermek. Sehol nem \u00e1rtanak s nem puszt\u00edtanak az \u00e9n szent hegyemen. Mert a f\u00f6ld \u00fagy tele lesz az \u00dar ismeret\u00e9vel, mint ahogy bet\u00f6ltik a vizek a tengert. Azon a napon az Iz\u00e1j gy\u00f6ker\u00e9b\u0151l t\u00e1madt sarj z\u00e1szl\u00f3k\u00e9nt \u00e1ll majd a n\u00e9pek el\u0151tt. Keresni fogj\u00e1k a pog\u00e1ny nemzetek, \u00e9s dics\u0151s\u00e9ges lesz lakhelye. Ez az Isten ig\u00e9je. V\u00c1LASZOS ZSOLT\u00c1R (Zsolt 71,2.7-8.12-13.17) V\u00e1lasz:\u00a0Napjaiban az igazs\u00e1g vir\u00e1ga ny\u00edlj\u00e9k, * \u00e9s teljes b\u00e9ke legyen a vil\u00e1g v\u00e9g\u00e9ig.\u00a05. t\u00f3nus. El\u0151\u00e9nekes: Istenem,... R\u00e9szletek","og_url":"https:\/\/stuttgarti-katolikusok.de\/index.php\/advent-2-vasarnapja\/","og_site_name":"Stuttgarti Katolikusok","article_published_time":"2022-12-04T11:45:25+00:00","article_modified_time":"2022-12-06T11:47:40+00:00","og_image":[{"width":2000,"height":1125,"url":"https:\/\/stuttgarti-katolikusok.de\/wp-content\/uploads\/2022\/12\/advent-2-stuttgart.jpg","type":"image\/jpeg"}],"author":"Tibor atya","twitter_card":"summary_large_image","twitter_misc":{"Szerz\u0151:":"Tibor atya","Becs\u00fclt olvas\u00e1si id\u0151":"7 perc"},"schema":{"@context":"https:\/\/schema.org","@graph":[{"@type":"Article","@id":"https:\/\/stuttgarti-katolikusok.de\/index.php\/advent-2-vasarnapja\/#article","isPartOf":{"@id":"https:\/\/stuttgarti-katolikusok.de\/index.php\/advent-2-vasarnapja\/"},"author":{"name":"Tibor atya","@id":"https:\/\/stuttgarti-katolikusok.de\/#\/schema\/person\/75908d6f8fdc03a57889d27209df7795"},"headline":"Advent 2. vas\u00e1rnapja","datePublished":"2022-12-04T11:45:25+00:00","dateModified":"2022-12-06T11:47:40+00:00","mainEntityOfPage":{"@id":"https:\/\/stuttgarti-katolikusok.de\/index.php\/advent-2-vasarnapja\/"},"wordCount":1752,"image":{"@id":"https:\/\/stuttgarti-katolikusok.de\/index.php\/advent-2-vasarnapja\/#primaryimage"},"thumbnailUrl":"https:\/\/stuttgarti-katolikusok.de\/wp-content\/uploads\/2022\/12\/advent-2-stuttgart.jpg","articleSection":["Vas\u00e1rnapi gondolatok"],"inLanguage":"hu"},{"@type":"WebPage","@id":"https:\/\/stuttgarti-katolikusok.de\/index.php\/advent-2-vasarnapja\/","url":"https:\/\/stuttgarti-katolikusok.de\/index.php\/advent-2-vasarnapja\/","name":"Advent 2. vas\u00e1rnapja - Stuttgarti Katolikusok","isPartOf":{"@id":"https:\/\/stuttgarti-katolikusok.de\/#website"},"primaryImageOfPage":{"@id":"https:\/\/stuttgarti-katolikusok.de\/index.php\/advent-2-vasarnapja\/#primaryimage"},"image":{"@id":"https:\/\/stuttgarti-katolikusok.de\/index.php\/advent-2-vasarnapja\/#primaryimage"},"thumbnailUrl":"https:\/\/stuttgarti-katolikusok.de\/wp-content\/uploads\/2022\/12\/advent-2-stuttgart.jpg","datePublished":"2022-12-04T11:45:25+00:00","dateModified":"2022-12-06T11:47:40+00:00","author":{"@id":"https:\/\/stuttgarti-katolikusok.de\/#\/schema\/person\/75908d6f8fdc03a57889d27209df7795"},"breadcrumb":{"@id":"https:\/\/stuttgarti-katolikusok.de\/index.php\/advent-2-vasarnapja\/#breadcrumb"},"inLanguage":"hu","potentialAction":[{"@type":"ReadAction","target":["https:\/\/stuttgarti-katolikusok.de\/index.php\/advent-2-vasarnapja\/"]}]},{"@type":"ImageObject","inLanguage":"hu","@id":"https:\/\/stuttgarti-katolikusok.de\/index.php\/advent-2-vasarnapja\/#primaryimage","url":"https:\/\/stuttgarti-katolikusok.de\/wp-content\/uploads\/2022\/12\/advent-2-stuttgart.jpg","contentUrl":"https:\/\/stuttgarti-katolikusok.de\/wp-content\/uploads\/2022\/12\/advent-2-stuttgart.jpg","width":2000,"height":1125},{"@type":"BreadcrumbList","@id":"https:\/\/stuttgarti-katolikusok.de\/index.php\/advent-2-vasarnapja\/#breadcrumb","itemListElement":[{"@type":"ListItem","position":1,"name":"Kezd\u0151lap","item":"https:\/\/stuttgarti-katolikusok.de\/"},{"@type":"ListItem","position":2,"name":"Advent 2. vas\u00e1rnapja"}]},{"@type":"WebSite","@id":"https:\/\/stuttgarti-katolikusok.de\/#website","url":"https:\/\/stuttgarti-katolikusok.de\/","name":"Stuttgarti Katolikusok","description":"","potentialAction":[{"@type":"SearchAction","target":{"@type":"EntryPoint","urlTemplate":"https:\/\/stuttgarti-katolikusok.de\/?s={search_term_string}"},"query-input":{"@type":"PropertyValueSpecification","valueRequired":true,"valueName":"search_term_string"}}],"inLanguage":"hu"},{"@type":"Person","@id":"https:\/\/stuttgarti-katolikusok.de\/#\/schema\/person\/75908d6f8fdc03a57889d27209df7795","name":"Tibor atya","image":{"@type":"ImageObject","inLanguage":"hu","@id":"https:\/\/secure.gravatar.com\/avatar\/61d268e57d1f4525b111222e29d2d5a7f8c420fdbf231ba5566a8ceac74fa960?s=96&d=mm&r=g","url":"https:\/\/secure.gravatar.com\/avatar\/61d268e57d1f4525b111222e29d2d5a7f8c420fdbf231ba5566a8ceac74fa960?s=96&d=mm&r=g","contentUrl":"https:\/\/secure.gravatar.com\/avatar\/61d268e57d1f4525b111222e29d2d5a7f8c420fdbf231ba5566a8ceac74fa960?s=96&d=mm&r=g","caption":"Tibor atya"},"url":"https:\/\/stuttgarti-katolikusok.de\/index.php\/author\/tibor-atya\/"}]}},"_links":{"self":[{"href":"https:\/\/stuttgarti-katolikusok.de\/index.php\/wp-json\/wp\/v2\/posts\/24065","targetHints":{"allow":["GET"]}}],"collection":[{"href":"https:\/\/stuttgarti-katolikusok.de\/index.php\/wp-json\/wp\/v2\/posts"}],"about":[{"href":"https:\/\/stuttgarti-katolikusok.de\/index.php\/wp-json\/wp\/v2\/types\/post"}],"author":[{"embeddable":true,"href":"https:\/\/stuttgarti-katolikusok.de\/index.php\/wp-json\/wp\/v2\/users\/3"}],"replies":[{"embeddable":true,"href":"https:\/\/stuttgarti-katolikusok.de\/index.php\/wp-json\/wp\/v2\/comments?post=24065"}],"version-history":[{"count":2,"href":"https:\/\/stuttgarti-katolikusok.de\/index.php\/wp-json\/wp\/v2\/posts\/24065\/revisions"}],"predecessor-version":[{"id":24067,"href":"https:\/\/stuttgarti-katolikusok.de\/index.php\/wp-json\/wp\/v2\/posts\/24065\/revisions\/24067"}],"wp:featuredmedia":[{"embeddable":true,"href":"https:\/\/stuttgarti-katolikusok.de\/index.php\/wp-json\/wp\/v2\/media\/24043"}],"wp:attachment":[{"href":"https:\/\/stuttgarti-katolikusok.de\/index.php\/wp-json\/wp\/v2\/media?parent=24065"}],"wp:term":[{"taxonomy":"category","embeddable":true,"href":"https:\/\/stuttgarti-katolikusok.de\/index.php\/wp-json\/wp\/v2\/categories?post=24065"},{"taxonomy":"post_tag","embeddable":true,"href":"https:\/\/stuttgarti-katolikusok.de\/index.php\/wp-json\/wp\/v2\/tags?post=24065"}],"curies":[{"name":"wp","href":"https:\/\/api.w.org\/{rel}","templated":true}]}}