{"id":23957,"date":"2022-11-13T22:47:29","date_gmt":"2022-11-13T21:47:29","guid":{"rendered":"https:\/\/stuttgarti-katolikusok.de\/?p=23957"},"modified":"2022-11-20T22:57:37","modified_gmt":"2022-11-20T21:57:37","slug":"evkozi-33-vasarnap-2","status":"publish","type":"post","link":"https:\/\/stuttgarti-katolikusok.de\/index.php\/evkozi-33-vasarnap-2\/","title":{"rendered":"\u00c9vk\u00f6zi 33. vas\u00e1rnap"},"content":{"rendered":"<p><span style=\"color: #008000;\"><strong>\u00c9vk\u00f6zi 33. vas\u00e1rnap<\/strong><\/span><\/p>\n<p><span style=\"color: #ff6600;\">Kezd\u0151\u00e9nek:<\/span><br \/>\n\u00cdgy sz\u00f3l az \u00dar: Az \u00e9n gondolatom a b\u00e9ke \u00e9s nem a pusztul\u00e1s; h\u00edvjatok seg\u00edts\u00e9g\u00fcl, meghallgatlak titeket, \u00e9s hazavezetlek a fogs\u00e1gb\u00f3l, b\u00e1rhol is \u00e9ltek. (Jer 29,11.12.14)<\/p>\n<p><span style=\"color: #ff6600;\">K\u00f6ny\u00f6rg\u00e9s:<\/span><br \/>\nUrunk, Isten\u00fcnk, add, hogy \u00f6rvendezve mindig neked \u00e9lj\u00fcnk, mert soha meg nem fogyatkoz\u00f3 \u00e9s teljes \u00f6r\u00f6m az, ha sz\u00fcntelen\u00fcl szolg\u00e1lhatunk neked, minden javak szerz\u0151j\u00e9nek. A mi Urunk, J\u00e9zus Krisztus, a te Fiad \u00e1ltal, aki veled \u00e9l \u00e9s uralkodik a Szentl\u00e9lekkel egys\u00e9gben, Isten mind\u00f6r\u00f6kk\u00f6n \u00f6r\u00f6kk\u00e9.<\/p>\n<p><span style=\"color: #ff6600;\">OLVASM\u00c1NY Malaki\u00e1s pr\u00f3f\u00e9ta k\u00f6nyv\u00e9b\u0151l (Mal 3,19-20a)<\/span><br \/>\n<em>Az utols\u00f3 \u00edt\u00e9letkor felk\u00e9l az igazs\u00e1g napja: Isten megfizet mindenkinek cselekedetei szerint.<\/em><br \/>\n\u00cdme, el\u00e9rkezik az a nap, s izz\u00f3 lesz, mint a kemence. Minden kev\u00e9ly \u00e9s minden gonosztev\u0151 olyan lesz, mint a szalma: az a nap, amely el\u00e9rkezik, l\u00e1ngra lobbantja \u0151ket \u2013 mondja a Seregek Ura \u2013, \u00fagy hogy sem gy\u00f6k\u00e9r, sem lombozat nem marad bel\u0151l\u00fck.<br \/>\nNektek pedig, akik f\u00e9litek a nevemet, felragyog az igazs\u00e1g napja, \u00e9s sugarai \u00fcdv\u00f6ss\u00e9get \u00e1rasztanak.<br \/>\nEz az Isten ig\u00e9je.<\/p>\n<p><span style=\"color: #ff6600;\">V\u00c1LASZOS ZSOLT\u00c1R (Zsolt 97,5-6.7-8.9a.9bc)<\/span><br \/>\nV\u00e1lasz:\u00a0<strong>Elj\u00f6n az \u00dar \u00edt\u00e9lni a f\u00f6ldet, * igazs\u00e1gban \u00edt\u00e9li az eg\u00e9sz vil\u00e1got.<\/strong>\u00a0V\u00f6. 9. vers. (6. t\u00f3nus)<br \/>\nEl\u0151\u00e9nekes: Daloljatok az \u00darnak citer\u00e1val, * citer\u00e1val \u00e9s a zsolt\u00e1rok szav\u00e1val.<br \/>\nHarson\u00e1kkal \u00e9s zeng\u0151 k\u00fcrt\u00f6kkel, * ujjongjatok az \u00dar \u00e9s kir\u00e1ly el\u0151tt.<br \/>\nH\u00edvek: Elj\u00f6n az \u00dar \u00edt\u00e9lni a f\u00f6ldet, * igazs\u00e1gban \u00edt\u00e9li az eg\u00e9sz vil\u00e1got.<br \/>\nE: Z\u00fagjon a tenger, \u00e9s ami bet\u00f6lti, * a f\u00f6ldkereks\u00e9g, \u00e9s akik rajta \u00e9lnek.<br \/>\nTapsoljanak a folyamok, * \u00e9s a hegyek is ujjongjanak az \u00dar sz\u00edne el\u0151tt.<br \/>\nH: Elj\u00f6n az \u00dar \u00edt\u00e9lni a f\u00f6ldet, * igazs\u00e1gban \u00edt\u00e9li az eg\u00e9sz vil\u00e1got.<br \/>\nE: Mert elj\u00f6n \u00edt\u00e9lni a f\u00f6ldet, \u2020 igazs\u00e1gban \u00edt\u00e9li az eg\u00e9sz vil\u00e1got, * egyenl\u0151k\u00e9ppen minden n\u00e9pet.<br \/>\nH: Elj\u00f6n az \u00dar \u00edt\u00e9lni a f\u00f6ldet, * igazs\u00e1gban \u00edt\u00e9li az eg\u00e9sz vil\u00e1got.<\/p>\n<p><span style=\"color: #ff6600;\">SZENTLECKE Szent P\u00e1l apostolnak a tesszaloniki h\u00edvekhez \u00edrt m\u00e1sodik level\u00e9b\u0151l (2Tessz 3,7-12)<\/span><br \/>\n<em>Krisztus k\u00f6vet\u0151je azt vallja: Aki nem akar dolgozni, ne is egy\u00e9k!<\/em><br \/>\nTestv\u00e9reim!<br \/>\nTudj\u00e1tok, hogyan kell minket k\u00f6vetni. Nem \u00e9lt\u00fcnk t\u00e9tlen\u00fcl k\u00f6z\u00f6ttetek. Senki kenyer\u00e9t ingyen nem ett\u00fck, hanem keserves f\u00e1rads\u00e1ggal, \u00e9jjel nappal megdolgoztunk \u00e9rte, hogy senkinek ne legy\u00fcnk terh\u00e9re.<br \/>\nNem mintha nem lett volna r\u00e1 jogunk, hanem mert p\u00e9ld\u00e1t akartunk nektek adni, hogy k\u00f6vess\u00e9tek. M\u00e1r amikor n\u00e1latok voltunk, meghagytuk nektek, hogy aki nem akar dolgozni, ne is egy\u00e9k.<br \/>\nMost m\u00e9gis azt halljuk, hogy n\u00e9melyek rendetlen\u00fcl \u00e9lnek, nem dolgoznak, hanem haszontalans\u00e1gra fecs\u00e9rlik idej\u00fcket.<br \/>\nAz ilyeneknek megparancsoljuk, \u00e9s a lelk\u00fckre k\u00f6tj\u00fck Urunkban, J\u00e9zus Krisztusban, hogy b\u00e9k\u00e9ben dolgozva a maguk kenyer\u00e9t egy\u00e9k.<br \/>\nEz az Isten ig\u00e9je.<\/p>\n<p><span style=\"color: #ff6600;\">ALLELUJA<\/span><br \/>\nN\u00e9zzetek f\u00f6l, \u00e9s emelj\u00e9tek f\u00f6l fejeteket, * mert el\u00e9rkezett megv\u00e1lt\u00e1stok ideje. Lk 21,28 \u2013 6. t\u00f3nus.<\/p>\n<p><span style=\"color: #ff6600;\">\u2020 EVANG\u00c9LIUM Szent Luk\u00e1cs k\u00f6nyv\u00e9b\u0151l (Lk 21,5-19)<\/span><br \/>\n<em>Semmi sem maradand\u00f3 ezen a f\u00f6ld\u00f6n. Aki mindv\u00e9gig \u00e1llhatatos, az \u00fcdv\u00f6z\u00fcl.<\/em><br \/>\nAbban az id\u0151ben:<br \/>\nAmikor n\u00e9melyek megjegyezt\u00e9k, hogy milyen sz\u00e9p k\u00f6vekkel \u00e9s d\u00edszes fogadalmi aj\u00e1nd\u00e9kokkal van d\u00edsz\u00edtve a templom, J\u00e9zus ezt mondta:<br \/>\n\u201eJ\u00f6nnek majd napok, amikor abb\u00f3l, amit most itt l\u00e1ttok, k\u0151 k\u00f6v\u00f6n nem marad, mindent lerombolnak.\u201d<br \/>\nErre megk\u00e9rdezt\u00e9k t\u0151le: \u201eMester, mikor t\u00f6rt\u00e9nik mindez? \u00c9s milyen jelek el\u0151zik meg?\u201d<br \/>\n\u0150 \u00edgy v\u00e1laszolt: \u201eVigy\u00e1zzatok, nehogy f\u00e9lrevezessenek titeket! Sokan j\u00f6nnek az \u00e9n nevemben s mondj\u00e1k: \u00bb\u00c9n vagyok.\u00ab \u00c9s: \u00bbEl\u00e9rkezett az id\u0151.\u00ab Ne k\u00f6vess\u00e9tek \u0151ket.<br \/>\nAmikor h\u00e1bor\u00fakr\u00f3l \u00e9s l\u00e1zad\u00e1sokr\u00f3l hallotok, ne r\u00e9m\u00fcld\u00f6zzetek. Mindennek el\u0151bb meg kell t\u00f6rt\u00e9nnie, de ezzel m\u00e9g nincs itt a v\u00e9g!\u201d<br \/>\nAzt\u00e1n \u00edgy folytatta: \u201eNemzet nemzet ellen \u00e9s orsz\u00e1g orsz\u00e1g ellen t\u00e1mad. Nagy f\u00f6ldreng\u00e9s lesz itt is, ott is, \u00e9h\u00edns\u00e9g \u00e9s d\u00f6gv\u00e9sz. F\u00e9lelmetes t\u00fcnem\u00e9nyek \u00e9s rendk\u00edv\u00fcli jelek t\u0171nnek fel az \u00e9gen.<br \/>\nDe el\u0151bb kezet emelnek r\u00e1tok, \u00e9s \u00fcld\u00f6zni fognak benneteket. Kiszolg\u00e1ltatnak a zsinag\u00f3g\u00e1knak \u00e9s b\u00f6rt\u00f6nbe vetnek. Kir\u00e1lyok \u00e9s helytart\u00f3k el\u00e9 hurcolnak az \u00e9n nevem\u00e9rt, az\u00e9rt, hogy tan\u00fas\u00e1got tegyetek.<br \/>\nV\u00e9ss\u00e9tek h\u00e1t sz\u00edvetekbe: Ne t\u00f6rj\u00e9tek fejeteket el\u0151re, hogyan v\u00e9dekezzetek. \u00c9n olyan \u00e9kessz\u00f3l\u00e1st \u00e9s b\u00f6lcsess\u00e9get adok majd nektek, hogy egyetlen ellenfeletek sem tud ellen\u00e1llni vagy ellentmondani.<br \/>\nKiszolg\u00e1ltatnak benneteket a sz\u00fcl\u0151k, testv\u00e9rek, rokonok \u00e9s bar\u00e1tok, s n\u00e9melyeket meg is \u00f6lnek. Az \u00e9n nevem\u00e9rt mindenki gy\u0171l\u00f6lni fog titeket. De egyetlen hajsz\u00e1l sem v\u00e9sz el a fejetekr\u0151l. \u00c1llhatatoss\u00e1ggal \u0151rzitek meg lelketeket.\u201d<br \/>\nEzek az evang\u00e9lium ig\u00e9i.<\/p>\n<p><span style=\"color: #ff6600;\">EGYETEMES K\u00d6NY\u00d6RG\u00c9SEK<\/span><br \/>\nPap: Testv\u00e9reim! Az id\u0151 \u00e9s az \u00f6r\u00f6kk\u00e9val\u00f3s\u00e1g Ura nem el\u00edt\u00e9lni, hanem \u00fcdv\u00f6z\u00edteni akar minket. K\u00e9rj\u00fck kegyelm\u00e9t, hogy minden megpr\u00f3b\u00e1ltat\u00e1s k\u00f6z\u00f6tt is h\u0171s\u00e9gesek maradjunk hozz\u00e1!<br \/>\nLektor: 1. V\u00e9sd sz\u00edv\u00fcnkbe, Urunk, azt az igazs\u00e1got, hogy te minden megpr\u00f3b\u00e1ltat\u00e1s k\u00f6zepette v\u00e1ltozatlanul szeretsz minket!<br \/>\nH\u00edvek: K\u00e9r\u00fcnk T\u00e9ged, hallgass meg minket!<br \/>\n2. Er\u0151s\u00edtsd Egyh\u00e1zadat, hogy minden viszontags\u00e1g ellen\u00e9re h\u0171s\u00e9gesen tan\u00faskodj\u00e9k r\u00f3lad az emberek el\u0151tt!<br \/>\nH\u00edvek: K\u00e9r\u00fcnk T\u00e9ged, hallgass meg minket!<br \/>\n3. Seg\u00edtsd a n\u00e9peket, hogy a visz\u00e1lyok megsz\u0171njenek, \u00e9s t\u00f6retlen\u00fcl megmaradjon a lelkekben a testv\u00e9ri \u00f6sszetartoz\u00e1s tudata!<br \/>\nH\u00edvek: K\u00e9r\u00fcnk T\u00e9ged, hallgass meg minket!<br \/>\n4. Ne engedd, hogy a rosszat rosszal viszonozzuk, \u00e9s ford\u00edtsd fel\u00e9nk azok sz\u00edv\u00e9t, akik nem szeretnek minket!<br \/>\nH\u00edvek: K\u00e9r\u00fcnk T\u00e9ged, hallgass meg minket!<br \/>\n5. Add meg h\u00edveidnek a mindv\u00e9gig val\u00f3 \u00e1llhatatoss\u00e1g kegyelm\u00e9t!<br \/>\nH\u00edvek: K\u00e9r\u00fcnk T\u00e9ged, hallgass meg minket!<br \/>\nPap: Urunk, Isten\u00fcnk, \u0151rizd meg n\u00e9pedben az \u00f6r\u00f6k \u00e9let rem\u00e9ny\u00e9t \u00e9s az ir\u00e1ntad val\u00f3 igaz szeretetet, hogy semmif\u00e9le viszontags\u00e1g el ne szak\u00edtson t\u0151le! Krisztus, a mi Urunk \u00e1ltal.<br \/>\nH\u00edvek: \u00c1men.<\/p>\n<p><span style=\"color: #ff6600;\">Felaj\u00e1nl\u00f3 k\u00f6ny\u00f6rg\u00e9s:<\/span><br \/>\nK\u00e9r\u00fcnk, Isten\u00fcnk, hogy a F\u00f6ls\u00e9gednek bemutatott \u00e1ldozati adom\u00e1ny szerezze meg nek\u00fcnk a sz\u00edvb\u00e9li odaad\u00e1s kegyelm\u00e9t, \u00e9s vezessen el az \u00f6r\u00f6k \u00e9letre. Krisztus, a mi Urunk \u00e1ltal.<\/p>\n<p><span style=\"color: #ff6600;\">\u00c1ldoz\u00e1si \u00e9nek:<\/span><br \/>\nNekem j\u00f3 az Istennel lennem, \u00e9s az \u00daristenbe helyeznem bizakod\u00e1som. (Zsolt 72,28)<br \/>\n<em>vagy<\/em><br \/>\nBizony mondom nektek, hogyha im\u00e1dkoztok \u00e9s k\u00f6ny\u00f6r\u00f6gt\u00f6k valami\u00e9rt, higgy\u00e9tek, hogy megkapj\u00e1tok, \u00e9s akkor val\u00f3ban teljes\u00fcl k\u00e9r\u00e9setek &#8211; mondja az \u00dar. (Mk 11,23.24)<\/p>\n<p><span style=\"color: #ff6600;\">\u00c1ldoz\u00e1s ut\u00e1ni k\u00f6ny\u00f6rg\u00e9s:<\/span><br \/>\nUrunk, Isten\u00fcnk, magunkhoz vett\u00fck a szent \u00e1ldozat aj\u00e1nd\u00e9kait. Al\u00e1zattal k\u00e9r\u00fcnk, hogy n\u00f6velje szeretet\u00fcnket az, amit szent Fiad az \u0151 eml\u00e9kezet\u00e9re cselekedn\u00fcnk parancsolt. Aki \u00e9l \u00e9s uralkodik mind\u00f6r\u00f6kk\u00f6n \u00f6r\u00f6kk\u00e9.<\/p>\n<p><em>(K\u00e9p forr\u00e1sa: pixabay.com)<\/em><\/p>\n","protected":false},"excerpt":{"rendered":"<p>\u00c9vk\u00f6zi 33. vas\u00e1rnap Kezd\u0151\u00e9nek: \u00cdgy sz\u00f3l az \u00dar: Az \u00e9n gondolatom a b\u00e9ke \u00e9s nem a pusztul\u00e1s; h\u00edvjatok seg\u00edts\u00e9g\u00fcl, meghallgatlak titeket, \u00e9s hazavezetlek a fogs\u00e1gb\u00f3l, b\u00e1rhol is \u00e9ltek. (Jer 29,11.12.14) K\u00f6ny\u00f6rg\u00e9s: Urunk, Isten\u00fcnk, add, hogy \u00f6rvendezve mindig neked \u00e9lj\u00fcnk, mert soha meg nem fogyatkoz\u00f3 \u00e9s teljes \u00f6r\u00f6m az, ha sz\u00fcntelen\u00fcl szolg\u00e1lhatunk neked, minden javak szerz\u0151j\u00e9nek. A mi Urunk, J\u00e9zus Krisztus, a te Fiad \u00e1ltal, aki veled \u00e9l \u00e9s uralkodik a Szentl\u00e9lekkel egys\u00e9gben, Isten mind\u00f6r\u00f6kk\u00f6n \u00f6r\u00f6kk\u00e9. OLVASM\u00c1NY Malaki\u00e1s pr\u00f3f\u00e9ta k\u00f6nyv\u00e9b\u0151l (Mal 3,19-20a) Az utols\u00f3 \u00edt\u00e9letkor felk\u00e9l az igazs\u00e1g napja: Isten megfizet mindenkinek cselekedetei szerint. \u00cdme, el\u00e9rkezik az a nap, s izz\u00f3 lesz, mint a kemence. Minden kev\u00e9ly \u00e9s minden gonosztev\u0151 olyan lesz, mint a szalma: az a nap, amely el\u00e9rkezik, l\u00e1ngra lobbantja \u0151ket \u2013 mondja a Seregek Ura \u2013, \u00fagy hogy sem gy\u00f6k\u00e9r, sem lombozat nem marad bel\u0151l\u00fck. Nektek pedig, akik f\u00e9litek a nevemet, felragyog az igazs\u00e1g napja, \u00e9s sugarai \u00fcdv\u00f6ss\u00e9get \u00e1rasztanak. Ez az Isten ig\u00e9je. V\u00c1LASZOS ZSOLT\u00c1R (Zsolt 97,5-6.7-8.9a.9bc) V\u00e1lasz:\u00a0Elj\u00f6n az \u00dar \u00edt\u00e9lni a f\u00f6ldet, * igazs\u00e1gban \u00edt\u00e9li az eg\u00e9sz vil\u00e1got.\u00a0V\u00f6. 9. vers. (6. t\u00f3nus) El\u0151\u00e9nekes: Daloljatok az \u00darnak citer\u00e1val, * citer\u00e1val \u00e9s a zsolt\u00e1rok szav\u00e1val. Harson\u00e1kkal \u00e9s zeng\u0151 k\u00fcrt\u00f6kkel, * ujjongjatok az \u00dar \u00e9s kir\u00e1ly el\u0151tt. H\u00edvek: Elj\u00f6n az \u00dar \u00edt\u00e9lni a f\u00f6ldet, * igazs\u00e1gban \u00edt\u00e9li az eg\u00e9sz vil\u00e1got. E: Z\u00fagjon a tenger, \u00e9s ami bet\u00f6lti, * a f\u00f6ldkereks\u00e9g, \u00e9s akik rajta \u00e9lnek. Tapsoljanak a folyamok, * \u00e9s a hegyek is ujjongjanak az \u00dar sz\u00edne el\u0151tt. H: Elj\u00f6n az \u00dar \u00edt\u00e9lni a f\u00f6ldet, * igazs\u00e1gban \u00edt\u00e9li az eg\u00e9sz vil\u00e1got. E: Mert elj\u00f6n \u00edt\u00e9lni a f\u00f6ldet, \u2020 igazs\u00e1gban \u00edt\u00e9li az eg\u00e9sz vil\u00e1got, * egyenl\u0151k\u00e9ppen minden n\u00e9pet. H: Elj\u00f6n az \u00dar \u00edt\u00e9lni a f\u00f6ldet, * igazs\u00e1gban \u00edt\u00e9li az eg\u00e9sz vil\u00e1got. SZENTLECKE Szent P\u00e1l apostolnak a tesszaloniki h\u00edvekhez \u00edrt m\u00e1sodik level\u00e9b\u0151l (2Tessz 3,7-12) Krisztus k\u00f6vet\u0151je azt vallja: Aki nem akar dolgozni, ne&#8230; <\/p>\n<p><a class=\"readmore\" href=\"https:\/\/stuttgarti-katolikusok.de\/index.php\/evkozi-33-vasarnap-2\/\">R\u00e9szletek<\/a><\/p>\n","protected":false},"author":3,"featured_media":23959,"comment_status":"closed","ping_status":"closed","sticky":false,"template":"","format":"standard","meta":{"footnotes":""},"categories":[63],"tags":[],"class_list":["post-23957","post","type-post","status-publish","format-standard","has-post-thumbnail","hentry","category-vasarnapi-gondolatok"],"yoast_head":"<!-- This site is optimized with the Yoast SEO plugin v27.3 - https:\/\/yoast.com\/product\/yoast-seo-wordpress\/ -->\n<title>\u00c9vk\u00f6zi 33. vas\u00e1rnap - Stuttgarti Katolikusok<\/title>\n<meta name=\"robots\" content=\"index, follow, max-snippet:-1, max-image-preview:large, max-video-preview:-1\" \/>\n<link rel=\"canonical\" href=\"https:\/\/stuttgarti-katolikusok.de\/index.php\/evkozi-33-vasarnap-2\/\" \/>\n<meta property=\"og:locale\" content=\"hu_HU\" \/>\n<meta property=\"og:type\" content=\"article\" \/>\n<meta property=\"og:title\" content=\"\u00c9vk\u00f6zi 33. vas\u00e1rnap - Stuttgarti Katolikusok\" \/>\n<meta property=\"og:description\" content=\"\u00c9vk\u00f6zi 33. vas\u00e1rnap Kezd\u0151\u00e9nek: \u00cdgy sz\u00f3l az \u00dar: Az \u00e9n gondolatom a b\u00e9ke \u00e9s nem a pusztul\u00e1s; h\u00edvjatok seg\u00edts\u00e9g\u00fcl, meghallgatlak titeket, \u00e9s hazavezetlek a fogs\u00e1gb\u00f3l, b\u00e1rhol is \u00e9ltek. (Jer 29,11.12.14) K\u00f6ny\u00f6rg\u00e9s: Urunk, Isten\u00fcnk, add, hogy \u00f6rvendezve mindig neked \u00e9lj\u00fcnk, mert soha meg nem fogyatkoz\u00f3 \u00e9s teljes \u00f6r\u00f6m az, ha sz\u00fcntelen\u00fcl szolg\u00e1lhatunk neked, minden javak szerz\u0151j\u00e9nek. A mi Urunk, J\u00e9zus Krisztus, a te Fiad \u00e1ltal, aki veled \u00e9l \u00e9s uralkodik a Szentl\u00e9lekkel egys\u00e9gben, Isten mind\u00f6r\u00f6kk\u00f6n \u00f6r\u00f6kk\u00e9. OLVASM\u00c1NY Malaki\u00e1s pr\u00f3f\u00e9ta k\u00f6nyv\u00e9b\u0151l (Mal 3,19-20a) Az utols\u00f3 \u00edt\u00e9letkor felk\u00e9l az igazs\u00e1g napja: Isten megfizet mindenkinek cselekedetei szerint. \u00cdme, el\u00e9rkezik az a nap, s izz\u00f3 lesz, mint a kemence. Minden kev\u00e9ly \u00e9s minden gonosztev\u0151 olyan lesz, mint a szalma: az a nap, amely el\u00e9rkezik, l\u00e1ngra lobbantja \u0151ket \u2013 mondja a Seregek Ura \u2013, \u00fagy hogy sem gy\u00f6k\u00e9r, sem lombozat nem marad bel\u0151l\u00fck. Nektek pedig, akik f\u00e9litek a nevemet, felragyog az igazs\u00e1g napja, \u00e9s sugarai \u00fcdv\u00f6ss\u00e9get \u00e1rasztanak. Ez az Isten ig\u00e9je. V\u00c1LASZOS ZSOLT\u00c1R (Zsolt 97,5-6.7-8.9a.9bc) V\u00e1lasz:\u00a0Elj\u00f6n az \u00dar \u00edt\u00e9lni a f\u00f6ldet, * igazs\u00e1gban \u00edt\u00e9li az eg\u00e9sz vil\u00e1got.\u00a0V\u00f6. 9. vers. (6. t\u00f3nus) El\u0151\u00e9nekes: Daloljatok az \u00darnak citer\u00e1val, * citer\u00e1val \u00e9s a zsolt\u00e1rok szav\u00e1val. Harson\u00e1kkal \u00e9s zeng\u0151 k\u00fcrt\u00f6kkel, * ujjongjatok az \u00dar \u00e9s kir\u00e1ly el\u0151tt. H\u00edvek: Elj\u00f6n az \u00dar \u00edt\u00e9lni a f\u00f6ldet, * igazs\u00e1gban \u00edt\u00e9li az eg\u00e9sz vil\u00e1got. E: Z\u00fagjon a tenger, \u00e9s ami bet\u00f6lti, * a f\u00f6ldkereks\u00e9g, \u00e9s akik rajta \u00e9lnek. Tapsoljanak a folyamok, * \u00e9s a hegyek is ujjongjanak az \u00dar sz\u00edne el\u0151tt. H: Elj\u00f6n az \u00dar \u00edt\u00e9lni a f\u00f6ldet, * igazs\u00e1gban \u00edt\u00e9li az eg\u00e9sz vil\u00e1got. E: Mert elj\u00f6n \u00edt\u00e9lni a f\u00f6ldet, \u2020 igazs\u00e1gban \u00edt\u00e9li az eg\u00e9sz vil\u00e1got, * egyenl\u0151k\u00e9ppen minden n\u00e9pet. H: Elj\u00f6n az \u00dar \u00edt\u00e9lni a f\u00f6ldet, * igazs\u00e1gban \u00edt\u00e9li az eg\u00e9sz vil\u00e1got. SZENTLECKE Szent P\u00e1l apostolnak a tesszaloniki h\u00edvekhez \u00edrt m\u00e1sodik level\u00e9b\u0151l (2Tessz 3,7-12) Krisztus k\u00f6vet\u0151je azt vallja: Aki nem akar dolgozni, ne... R\u00e9szletek\" \/>\n<meta property=\"og:url\" content=\"https:\/\/stuttgarti-katolikusok.de\/index.php\/evkozi-33-vasarnap-2\/\" \/>\n<meta property=\"og:site_name\" content=\"Stuttgarti Katolikusok\" \/>\n<meta property=\"article:published_time\" content=\"2022-11-13T21:47:29+00:00\" \/>\n<meta property=\"article:modified_time\" content=\"2022-11-20T21:57:37+00:00\" \/>\n<meta property=\"og:image\" content=\"https:\/\/stuttgarti-katolikusok.de\/wp-content\/uploads\/2022\/11\/beach-gf2c694919-1280.jpg\" \/>\n\t<meta property=\"og:image:width\" content=\"1280\" \/>\n\t<meta property=\"og:image:height\" content=\"933\" \/>\n\t<meta property=\"og:image:type\" content=\"image\/jpeg\" \/>\n<meta name=\"author\" content=\"Tibor atya\" \/>\n<meta name=\"twitter:card\" content=\"summary_large_image\" \/>\n<meta name=\"twitter:label1\" content=\"Szerz\u0151:\" \/>\n\t<meta name=\"twitter:data1\" content=\"Tibor atya\" \/>\n\t<meta name=\"twitter:label2\" content=\"Becs\u00fclt olvas\u00e1si id\u0151\" \/>\n\t<meta name=\"twitter:data2\" content=\"5 perc\" \/>\n<script type=\"application\/ld+json\" class=\"yoast-schema-graph\">{\"@context\":\"https:\\\/\\\/schema.org\",\"@graph\":[{\"@type\":\"Article\",\"@id\":\"https:\\\/\\\/stuttgarti-katolikusok.de\\\/index.php\\\/evkozi-33-vasarnap-2\\\/#article\",\"isPartOf\":{\"@id\":\"https:\\\/\\\/stuttgarti-katolikusok.de\\\/index.php\\\/evkozi-33-vasarnap-2\\\/\"},\"author\":{\"name\":\"Tibor atya\",\"@id\":\"https:\\\/\\\/stuttgarti-katolikusok.de\\\/#\\\/schema\\\/person\\\/75908d6f8fdc03a57889d27209df7795\"},\"headline\":\"\u00c9vk\u00f6zi 33. vas\u00e1rnap\",\"datePublished\":\"2022-11-13T21:47:29+00:00\",\"dateModified\":\"2022-11-20T21:57:37+00:00\",\"mainEntityOfPage\":{\"@id\":\"https:\\\/\\\/stuttgarti-katolikusok.de\\\/index.php\\\/evkozi-33-vasarnap-2\\\/\"},\"wordCount\":1293,\"image\":{\"@id\":\"https:\\\/\\\/stuttgarti-katolikusok.de\\\/index.php\\\/evkozi-33-vasarnap-2\\\/#primaryimage\"},\"thumbnailUrl\":\"https:\\\/\\\/stuttgarti-katolikusok.de\\\/wp-content\\\/uploads\\\/2022\\\/11\\\/beach-gf2c694919-1280.jpg\",\"articleSection\":[\"Vas\u00e1rnapi gondolatok\"],\"inLanguage\":\"hu\"},{\"@type\":\"WebPage\",\"@id\":\"https:\\\/\\\/stuttgarti-katolikusok.de\\\/index.php\\\/evkozi-33-vasarnap-2\\\/\",\"url\":\"https:\\\/\\\/stuttgarti-katolikusok.de\\\/index.php\\\/evkozi-33-vasarnap-2\\\/\",\"name\":\"\u00c9vk\u00f6zi 33. vas\u00e1rnap - Stuttgarti Katolikusok\",\"isPartOf\":{\"@id\":\"https:\\\/\\\/stuttgarti-katolikusok.de\\\/#website\"},\"primaryImageOfPage\":{\"@id\":\"https:\\\/\\\/stuttgarti-katolikusok.de\\\/index.php\\\/evkozi-33-vasarnap-2\\\/#primaryimage\"},\"image\":{\"@id\":\"https:\\\/\\\/stuttgarti-katolikusok.de\\\/index.php\\\/evkozi-33-vasarnap-2\\\/#primaryimage\"},\"thumbnailUrl\":\"https:\\\/\\\/stuttgarti-katolikusok.de\\\/wp-content\\\/uploads\\\/2022\\\/11\\\/beach-gf2c694919-1280.jpg\",\"datePublished\":\"2022-11-13T21:47:29+00:00\",\"dateModified\":\"2022-11-20T21:57:37+00:00\",\"author\":{\"@id\":\"https:\\\/\\\/stuttgarti-katolikusok.de\\\/#\\\/schema\\\/person\\\/75908d6f8fdc03a57889d27209df7795\"},\"breadcrumb\":{\"@id\":\"https:\\\/\\\/stuttgarti-katolikusok.de\\\/index.php\\\/evkozi-33-vasarnap-2\\\/#breadcrumb\"},\"inLanguage\":\"hu\",\"potentialAction\":[{\"@type\":\"ReadAction\",\"target\":[\"https:\\\/\\\/stuttgarti-katolikusok.de\\\/index.php\\\/evkozi-33-vasarnap-2\\\/\"]}]},{\"@type\":\"ImageObject\",\"inLanguage\":\"hu\",\"@id\":\"https:\\\/\\\/stuttgarti-katolikusok.de\\\/index.php\\\/evkozi-33-vasarnap-2\\\/#primaryimage\",\"url\":\"https:\\\/\\\/stuttgarti-katolikusok.de\\\/wp-content\\\/uploads\\\/2022\\\/11\\\/beach-gf2c694919-1280.jpg\",\"contentUrl\":\"https:\\\/\\\/stuttgarti-katolikusok.de\\\/wp-content\\\/uploads\\\/2022\\\/11\\\/beach-gf2c694919-1280.jpg\",\"width\":1280,\"height\":933},{\"@type\":\"BreadcrumbList\",\"@id\":\"https:\\\/\\\/stuttgarti-katolikusok.de\\\/index.php\\\/evkozi-33-vasarnap-2\\\/#breadcrumb\",\"itemListElement\":[{\"@type\":\"ListItem\",\"position\":1,\"name\":\"Kezd\u0151lap\",\"item\":\"https:\\\/\\\/stuttgarti-katolikusok.de\\\/\"},{\"@type\":\"ListItem\",\"position\":2,\"name\":\"\u00c9vk\u00f6zi 33. vas\u00e1rnap\"}]},{\"@type\":\"WebSite\",\"@id\":\"https:\\\/\\\/stuttgarti-katolikusok.de\\\/#website\",\"url\":\"https:\\\/\\\/stuttgarti-katolikusok.de\\\/\",\"name\":\"Stuttgarti Katolikusok\",\"description\":\"\",\"potentialAction\":[{\"@type\":\"SearchAction\",\"target\":{\"@type\":\"EntryPoint\",\"urlTemplate\":\"https:\\\/\\\/stuttgarti-katolikusok.de\\\/?s={search_term_string}\"},\"query-input\":{\"@type\":\"PropertyValueSpecification\",\"valueRequired\":true,\"valueName\":\"search_term_string\"}}],\"inLanguage\":\"hu\"},{\"@type\":\"Person\",\"@id\":\"https:\\\/\\\/stuttgarti-katolikusok.de\\\/#\\\/schema\\\/person\\\/75908d6f8fdc03a57889d27209df7795\",\"name\":\"Tibor atya\",\"image\":{\"@type\":\"ImageObject\",\"inLanguage\":\"hu\",\"@id\":\"https:\\\/\\\/secure.gravatar.com\\\/avatar\\\/61d268e57d1f4525b111222e29d2d5a7f8c420fdbf231ba5566a8ceac74fa960?s=96&d=mm&r=g\",\"url\":\"https:\\\/\\\/secure.gravatar.com\\\/avatar\\\/61d268e57d1f4525b111222e29d2d5a7f8c420fdbf231ba5566a8ceac74fa960?s=96&d=mm&r=g\",\"contentUrl\":\"https:\\\/\\\/secure.gravatar.com\\\/avatar\\\/61d268e57d1f4525b111222e29d2d5a7f8c420fdbf231ba5566a8ceac74fa960?s=96&d=mm&r=g\",\"caption\":\"Tibor atya\"},\"url\":\"https:\\\/\\\/stuttgarti-katolikusok.de\\\/index.php\\\/author\\\/tibor-atya\\\/\"}]}<\/script>\n<!-- \/ Yoast SEO plugin. -->","yoast_head_json":{"title":"\u00c9vk\u00f6zi 33. vas\u00e1rnap - Stuttgarti Katolikusok","robots":{"index":"index","follow":"follow","max-snippet":"max-snippet:-1","max-image-preview":"max-image-preview:large","max-video-preview":"max-video-preview:-1"},"canonical":"https:\/\/stuttgarti-katolikusok.de\/index.php\/evkozi-33-vasarnap-2\/","og_locale":"hu_HU","og_type":"article","og_title":"\u00c9vk\u00f6zi 33. vas\u00e1rnap - Stuttgarti Katolikusok","og_description":"\u00c9vk\u00f6zi 33. vas\u00e1rnap Kezd\u0151\u00e9nek: \u00cdgy sz\u00f3l az \u00dar: Az \u00e9n gondolatom a b\u00e9ke \u00e9s nem a pusztul\u00e1s; h\u00edvjatok seg\u00edts\u00e9g\u00fcl, meghallgatlak titeket, \u00e9s hazavezetlek a fogs\u00e1gb\u00f3l, b\u00e1rhol is \u00e9ltek. (Jer 29,11.12.14) K\u00f6ny\u00f6rg\u00e9s: Urunk, Isten\u00fcnk, add, hogy \u00f6rvendezve mindig neked \u00e9lj\u00fcnk, mert soha meg nem fogyatkoz\u00f3 \u00e9s teljes \u00f6r\u00f6m az, ha sz\u00fcntelen\u00fcl szolg\u00e1lhatunk neked, minden javak szerz\u0151j\u00e9nek. A mi Urunk, J\u00e9zus Krisztus, a te Fiad \u00e1ltal, aki veled \u00e9l \u00e9s uralkodik a Szentl\u00e9lekkel egys\u00e9gben, Isten mind\u00f6r\u00f6kk\u00f6n \u00f6r\u00f6kk\u00e9. OLVASM\u00c1NY Malaki\u00e1s pr\u00f3f\u00e9ta k\u00f6nyv\u00e9b\u0151l (Mal 3,19-20a) Az utols\u00f3 \u00edt\u00e9letkor felk\u00e9l az igazs\u00e1g napja: Isten megfizet mindenkinek cselekedetei szerint. \u00cdme, el\u00e9rkezik az a nap, s izz\u00f3 lesz, mint a kemence. Minden kev\u00e9ly \u00e9s minden gonosztev\u0151 olyan lesz, mint a szalma: az a nap, amely el\u00e9rkezik, l\u00e1ngra lobbantja \u0151ket \u2013 mondja a Seregek Ura \u2013, \u00fagy hogy sem gy\u00f6k\u00e9r, sem lombozat nem marad bel\u0151l\u00fck. Nektek pedig, akik f\u00e9litek a nevemet, felragyog az igazs\u00e1g napja, \u00e9s sugarai \u00fcdv\u00f6ss\u00e9get \u00e1rasztanak. Ez az Isten ig\u00e9je. V\u00c1LASZOS ZSOLT\u00c1R (Zsolt 97,5-6.7-8.9a.9bc) V\u00e1lasz:\u00a0Elj\u00f6n az \u00dar \u00edt\u00e9lni a f\u00f6ldet, * igazs\u00e1gban \u00edt\u00e9li az eg\u00e9sz vil\u00e1got.\u00a0V\u00f6. 9. vers. (6. t\u00f3nus) El\u0151\u00e9nekes: Daloljatok az \u00darnak citer\u00e1val, * citer\u00e1val \u00e9s a zsolt\u00e1rok szav\u00e1val. Harson\u00e1kkal \u00e9s zeng\u0151 k\u00fcrt\u00f6kkel, * ujjongjatok az \u00dar \u00e9s kir\u00e1ly el\u0151tt. H\u00edvek: Elj\u00f6n az \u00dar \u00edt\u00e9lni a f\u00f6ldet, * igazs\u00e1gban \u00edt\u00e9li az eg\u00e9sz vil\u00e1got. E: Z\u00fagjon a tenger, \u00e9s ami bet\u00f6lti, * a f\u00f6ldkereks\u00e9g, \u00e9s akik rajta \u00e9lnek. Tapsoljanak a folyamok, * \u00e9s a hegyek is ujjongjanak az \u00dar sz\u00edne el\u0151tt. H: Elj\u00f6n az \u00dar \u00edt\u00e9lni a f\u00f6ldet, * igazs\u00e1gban \u00edt\u00e9li az eg\u00e9sz vil\u00e1got. E: Mert elj\u00f6n \u00edt\u00e9lni a f\u00f6ldet, \u2020 igazs\u00e1gban \u00edt\u00e9li az eg\u00e9sz vil\u00e1got, * egyenl\u0151k\u00e9ppen minden n\u00e9pet. H: Elj\u00f6n az \u00dar \u00edt\u00e9lni a f\u00f6ldet, * igazs\u00e1gban \u00edt\u00e9li az eg\u00e9sz vil\u00e1got. SZENTLECKE Szent P\u00e1l apostolnak a tesszaloniki h\u00edvekhez \u00edrt m\u00e1sodik level\u00e9b\u0151l (2Tessz 3,7-12) Krisztus k\u00f6vet\u0151je azt vallja: Aki nem akar dolgozni, ne... R\u00e9szletek","og_url":"https:\/\/stuttgarti-katolikusok.de\/index.php\/evkozi-33-vasarnap-2\/","og_site_name":"Stuttgarti Katolikusok","article_published_time":"2022-11-13T21:47:29+00:00","article_modified_time":"2022-11-20T21:57:37+00:00","og_image":[{"width":1280,"height":933,"url":"https:\/\/stuttgarti-katolikusok.de\/wp-content\/uploads\/2022\/11\/beach-gf2c694919-1280.jpg","type":"image\/jpeg"}],"author":"Tibor atya","twitter_card":"summary_large_image","twitter_misc":{"Szerz\u0151:":"Tibor atya","Becs\u00fclt olvas\u00e1si id\u0151":"5 perc"},"schema":{"@context":"https:\/\/schema.org","@graph":[{"@type":"Article","@id":"https:\/\/stuttgarti-katolikusok.de\/index.php\/evkozi-33-vasarnap-2\/#article","isPartOf":{"@id":"https:\/\/stuttgarti-katolikusok.de\/index.php\/evkozi-33-vasarnap-2\/"},"author":{"name":"Tibor atya","@id":"https:\/\/stuttgarti-katolikusok.de\/#\/schema\/person\/75908d6f8fdc03a57889d27209df7795"},"headline":"\u00c9vk\u00f6zi 33. vas\u00e1rnap","datePublished":"2022-11-13T21:47:29+00:00","dateModified":"2022-11-20T21:57:37+00:00","mainEntityOfPage":{"@id":"https:\/\/stuttgarti-katolikusok.de\/index.php\/evkozi-33-vasarnap-2\/"},"wordCount":1293,"image":{"@id":"https:\/\/stuttgarti-katolikusok.de\/index.php\/evkozi-33-vasarnap-2\/#primaryimage"},"thumbnailUrl":"https:\/\/stuttgarti-katolikusok.de\/wp-content\/uploads\/2022\/11\/beach-gf2c694919-1280.jpg","articleSection":["Vas\u00e1rnapi gondolatok"],"inLanguage":"hu"},{"@type":"WebPage","@id":"https:\/\/stuttgarti-katolikusok.de\/index.php\/evkozi-33-vasarnap-2\/","url":"https:\/\/stuttgarti-katolikusok.de\/index.php\/evkozi-33-vasarnap-2\/","name":"\u00c9vk\u00f6zi 33. vas\u00e1rnap - Stuttgarti Katolikusok","isPartOf":{"@id":"https:\/\/stuttgarti-katolikusok.de\/#website"},"primaryImageOfPage":{"@id":"https:\/\/stuttgarti-katolikusok.de\/index.php\/evkozi-33-vasarnap-2\/#primaryimage"},"image":{"@id":"https:\/\/stuttgarti-katolikusok.de\/index.php\/evkozi-33-vasarnap-2\/#primaryimage"},"thumbnailUrl":"https:\/\/stuttgarti-katolikusok.de\/wp-content\/uploads\/2022\/11\/beach-gf2c694919-1280.jpg","datePublished":"2022-11-13T21:47:29+00:00","dateModified":"2022-11-20T21:57:37+00:00","author":{"@id":"https:\/\/stuttgarti-katolikusok.de\/#\/schema\/person\/75908d6f8fdc03a57889d27209df7795"},"breadcrumb":{"@id":"https:\/\/stuttgarti-katolikusok.de\/index.php\/evkozi-33-vasarnap-2\/#breadcrumb"},"inLanguage":"hu","potentialAction":[{"@type":"ReadAction","target":["https:\/\/stuttgarti-katolikusok.de\/index.php\/evkozi-33-vasarnap-2\/"]}]},{"@type":"ImageObject","inLanguage":"hu","@id":"https:\/\/stuttgarti-katolikusok.de\/index.php\/evkozi-33-vasarnap-2\/#primaryimage","url":"https:\/\/stuttgarti-katolikusok.de\/wp-content\/uploads\/2022\/11\/beach-gf2c694919-1280.jpg","contentUrl":"https:\/\/stuttgarti-katolikusok.de\/wp-content\/uploads\/2022\/11\/beach-gf2c694919-1280.jpg","width":1280,"height":933},{"@type":"BreadcrumbList","@id":"https:\/\/stuttgarti-katolikusok.de\/index.php\/evkozi-33-vasarnap-2\/#breadcrumb","itemListElement":[{"@type":"ListItem","position":1,"name":"Kezd\u0151lap","item":"https:\/\/stuttgarti-katolikusok.de\/"},{"@type":"ListItem","position":2,"name":"\u00c9vk\u00f6zi 33. vas\u00e1rnap"}]},{"@type":"WebSite","@id":"https:\/\/stuttgarti-katolikusok.de\/#website","url":"https:\/\/stuttgarti-katolikusok.de\/","name":"Stuttgarti Katolikusok","description":"","potentialAction":[{"@type":"SearchAction","target":{"@type":"EntryPoint","urlTemplate":"https:\/\/stuttgarti-katolikusok.de\/?s={search_term_string}"},"query-input":{"@type":"PropertyValueSpecification","valueRequired":true,"valueName":"search_term_string"}}],"inLanguage":"hu"},{"@type":"Person","@id":"https:\/\/stuttgarti-katolikusok.de\/#\/schema\/person\/75908d6f8fdc03a57889d27209df7795","name":"Tibor atya","image":{"@type":"ImageObject","inLanguage":"hu","@id":"https:\/\/secure.gravatar.com\/avatar\/61d268e57d1f4525b111222e29d2d5a7f8c420fdbf231ba5566a8ceac74fa960?s=96&d=mm&r=g","url":"https:\/\/secure.gravatar.com\/avatar\/61d268e57d1f4525b111222e29d2d5a7f8c420fdbf231ba5566a8ceac74fa960?s=96&d=mm&r=g","contentUrl":"https:\/\/secure.gravatar.com\/avatar\/61d268e57d1f4525b111222e29d2d5a7f8c420fdbf231ba5566a8ceac74fa960?s=96&d=mm&r=g","caption":"Tibor atya"},"url":"https:\/\/stuttgarti-katolikusok.de\/index.php\/author\/tibor-atya\/"}]}},"_links":{"self":[{"href":"https:\/\/stuttgarti-katolikusok.de\/index.php\/wp-json\/wp\/v2\/posts\/23957","targetHints":{"allow":["GET"]}}],"collection":[{"href":"https:\/\/stuttgarti-katolikusok.de\/index.php\/wp-json\/wp\/v2\/posts"}],"about":[{"href":"https:\/\/stuttgarti-katolikusok.de\/index.php\/wp-json\/wp\/v2\/types\/post"}],"author":[{"embeddable":true,"href":"https:\/\/stuttgarti-katolikusok.de\/index.php\/wp-json\/wp\/v2\/users\/3"}],"replies":[{"embeddable":true,"href":"https:\/\/stuttgarti-katolikusok.de\/index.php\/wp-json\/wp\/v2\/comments?post=23957"}],"version-history":[{"count":3,"href":"https:\/\/stuttgarti-katolikusok.de\/index.php\/wp-json\/wp\/v2\/posts\/23957\/revisions"}],"predecessor-version":[{"id":23961,"href":"https:\/\/stuttgarti-katolikusok.de\/index.php\/wp-json\/wp\/v2\/posts\/23957\/revisions\/23961"}],"wp:featuredmedia":[{"embeddable":true,"href":"https:\/\/stuttgarti-katolikusok.de\/index.php\/wp-json\/wp\/v2\/media\/23959"}],"wp:attachment":[{"href":"https:\/\/stuttgarti-katolikusok.de\/index.php\/wp-json\/wp\/v2\/media?parent=23957"}],"wp:term":[{"taxonomy":"category","embeddable":true,"href":"https:\/\/stuttgarti-katolikusok.de\/index.php\/wp-json\/wp\/v2\/categories?post=23957"},{"taxonomy":"post_tag","embeddable":true,"href":"https:\/\/stuttgarti-katolikusok.de\/index.php\/wp-json\/wp\/v2\/tags?post=23957"}],"curies":[{"name":"wp","href":"https:\/\/api.w.org\/{rel}","templated":true}]}}