{"id":23952,"date":"2022-11-20T00:49:42","date_gmt":"2022-11-19T23:49:42","guid":{"rendered":"https:\/\/stuttgarti-katolikusok.de\/?p=23952"},"modified":"2022-11-20T00:49:42","modified_gmt":"2022-11-19T23:49:42","slug":"krisztus-a-mindenseg-kiralya","status":"publish","type":"post","link":"https:\/\/stuttgarti-katolikusok.de\/index.php\/krisztus-a-mindenseg-kiralya\/","title":{"rendered":"Krisztus a Mindens\u00e9g Kir\u00e1lya"},"content":{"rendered":"<p><em><strong><span style=\"color: #ffcc00;\">\u00c9vk\u00f6zi 34. vas\u00e1rnap. Krisztus a Mindens\u00e9g Kir\u00e1lya<\/span><\/strong><\/em><\/p>\n<p><span style=\"color: #ff6600;\">Kezd\u0151\u00e9nek:<\/span><br \/>\nM\u00e9lt\u00f3 a B\u00e1r\u00e1ny, akit meg\u00f6ltek, hogy \u00f6v\u00e9 legyen a hatalom, az isteni m\u00e9lt\u00f3s\u00e1g, a b\u00f6lcsess\u00e9g, az er\u0151 \u00e9s a tisztelet. \u00d6v\u00e9 a dics\u0151s\u00e9g \u00e9s a hatalom \u00f6r\u00f6kk\u00f6n \u00f6r\u00f6kk\u00e9! (Jel 5,12;1,6)<\/p>\n<p><span style=\"color: #ff6600;\">K\u00f6ny\u00f6rg\u00e9s:<\/span><br \/>\nMindenhat\u00f3 Isten\u00fcnk, te \u00f6r\u00f6kt\u0151l fogva \u00fagy hat\u00e1rozt\u00e1l, hogy szeretett Fiadban, a mindens\u00e9g Kir\u00e1ly\u00e1ban meg\u00faj\u00edtasz mindent. Add, hogy az eg\u00e9sz teremtett vil\u00e1g megszabaduljon a b\u0171n szolgas\u00e1g\u00e1t\u00f3l, F\u00f6ls\u00e9gednek h\u00f3doljon, \u00e9s sz\u00fcntelen\u00fcl dics\u0151\u00edtsen t\u00e9ged. A mi Urunk, J\u00e9zus Krisztus, a te Fiad \u00e1ltal, aki veled \u00e9l \u00e9s uralkodik a Szentl\u00e9lekkel egys\u00e9gben, Isten <span style=\"color: #ff6600;\">mind\u00f6r\u00f6kk\u00f6n \u00f6r\u00f6kk\u00e9.<\/span><\/p>\n<p><span style=\"color: #ff6600;\">OLVASM\u00c1NY S\u00e1muel m\u00e1sodik k\u00f6nyv\u00e9b\u0151l (2S\u00e1m 5,1-3)<\/span><br \/>\nD\u00e1vid, Krisztus Kir\u00e1ly el\u0151k\u00e9pe, a v\u00e1lasztott n\u00e9p f\u00f6lkent kir\u00e1lya.<br \/>\nSaul kir\u00e1ly hal\u00e1la ut\u00e1n Izraelnek \u00f6sszes t\u00f6rzse elment D\u00e1vidhoz Hebronba, \u00e9s azt mondt\u00e1k: \u201e\u00cdme, csontod \u00e9s h\u00fasod vagyunk. M\u00e1r tegnap \u00e9s tegnapel\u0151tt is, amikor m\u00e9g Saul volt a kir\u00e1lyunk, te volt\u00e1l az, aki vezetted Izrael hadj\u00e1ratait. Az \u00dar is azt mondta neked: Legeltesd n\u00e9pemet, Izraelt, \u00e9s l\u00e9gy fejedelme Izraelnek.\u201d<br \/>\nIzrael v\u00e9nei teh\u00e1t mind elmentek a kir\u00e1lyhoz Hebronba, \u00e9s D\u00e1vid kir\u00e1ly sz\u00f6vets\u00e9get k\u00f6t\u00f6tt vel\u00fck Hebronban, az \u00dar el\u0151tt. Azt\u00e1n f\u00f6lkent\u00e9k D\u00e1vidot Izrael kir\u00e1ly\u00e1v\u00e1.<br \/>\nEz az Isten ig\u00e9je.<\/p>\n<p><span style=\"color: #ff6600;\">V\u00c1LASZOS ZSOLT\u00c1R (Zsolt 121,1-2.4-5)<\/span><br \/>\nV\u00e1lasz: Isten h\u00e1z\u00e1ba indulunk, * \u00f6r\u00f6mt\u0151l dobban a sz\u00edv\u00fcnk. V\u00f6. 1. vers. (7. b t\u00f3nus)<br \/>\nEl\u0151\u00e9nekes: \u00d6rvendtem, mikor azt mondt\u00e1k n\u00e9kem, * az \u00dar h\u00e1z\u00e1ba megy\u00fcnk.<br \/>\n\u00cdme, itt \u00e1llnak l\u00e1baink * kapuid el\u0151tt, Jeruzs\u00e1lem!<br \/>\nH\u00edvek: Isten h\u00e1z\u00e1ba indulunk, * \u00f6r\u00f6mt\u0151l dobban a sz\u00edv\u00fcnk.<br \/>\nE: Oda j\u00e1rnak f\u00f6l a t\u00f6rzsek, * az \u00dar n\u00e9p\u00e9nek t\u00f6rzsei.<br \/>\nAz \u00dar Izraelnek t\u00f6rv\u00e9nybe adta, * hogy ott nev\u00e9re \u00e1ld\u00e1st mondjanak.<br \/>\nMert ott \u00e1llnak az \u00edt\u00e9l\u0151sz\u00e9kek, * D\u00e1vid h\u00e1z\u00e1nak sz\u00e9kei.<br \/>\nH: Isten h\u00e1z\u00e1ba indulunk, * \u00f6r\u00f6mt\u0151l dobban a sz\u00edv\u00fcnk.<\/p>\n<p><span style=\"color: #ff6600;\">SZENTLECKE Szent P\u00e1l apostolnak a kolosszeiekhez \u00edrt level\u00e9b\u0151l (Kol 1,12-20)<\/span><br \/>\nA mennyei Atya nek\u00fcnk is helyet ad szeretett Fia orsz\u00e1g\u00e1ban.<br \/>\nTestv\u00e9reim!<br \/>\n\u00d6r\u00f6mmel adjatok h\u00e1l\u00e1t az Aty\u00e1nak, aki arra m\u00e9ltatott benneteket, hogy r\u00e9szetek legyen a szentek \u00f6r\u00f6ks\u00e9g\u00e9ben, a vil\u00e1goss\u00e1gban.<br \/>\nKiragadott minket a s\u00f6t\u00e9ts\u00e9g hatalm\u00e1b\u00f3l, \u00e9s helyet adott szeretett Fia orsz\u00e1g\u00e1ban. Benne nyert\u00fck el a megv\u00e1lt\u00e1st, b\u0171neink bocs\u00e1nat\u00e1t. \u0150 a l\u00e1thatatlan Isten k\u00e9pm\u00e1sa, minden teremtm\u00e9ny els\u0151sz\u00fcl\u00f6ttje. Mert benne teremtett mindent a mennyben \u00e9s a f\u00f6ld\u00f6n: a l\u00e1that\u00f3kat \u00e9s a l\u00e1thatatlanokat, a tr\u00f3nusokat, uralmakat, fejedelems\u00e9geket \u00e9s hatalmass\u00e1gokat. Minden \u00e1ltala \u00e9s \u00e9rte lett teremtve.<br \/>\n\u0150 el\u0151bb van mindenn\u00e9l, \u00e9s minden benne \u00e1ll fenn. \u0150 a testnek, az Egyh\u00e1znak a feje. \u0150 a kezdet, az els\u0151sz\u00fcl\u00f6tt a halottak k\u00f6z\u00fcl, hogy \u00f6v\u00e9 legyen az els\u0151s\u00e9g mindenben.<br \/>\n\u00dagy tetszett (az Aty\u00e1nak), hogy benne lakj\u00e9k az eg\u00e9sz teljess\u00e9g, s hogy \u00e1ltala b\u00e9k\u00edtsen ki mag\u00e1val mindent a f\u00f6ld\u00f6n \u00e9s a mennyben, minthogy a kereszten kiontott v\u00e9r\u00e9vel b\u00e9kess\u00e9get szerzett mindenkinek.<br \/>\nEz az Isten ig\u00e9je.<\/p>\n<p><span style=\"color: #ff6600;\">ALLELUJA<\/span><br \/>\n\u00c1ldott, aki j\u00f6n az \u00dar nev\u00e9ben. * \u00c1ldott legyen D\u00e1vid \u0151saty\u00e1nknak elj\u00f6vend\u0151 orsz\u00e1ga! Mk 11,9b-10a. \u2013 4g. t\u00f3nus.<\/p>\n<p><span style=\"color: #ff6600;\">\u2020 EVANG\u00c9LIUM Szent Luk\u00e1cs k\u00f6nyv\u00e9b\u0151l (Lk 23,35-43)<\/span><br \/>\nKrisztus az \u00f6r\u00f6k \u00e9let Kir\u00e1lya.<br \/>\n\u201eUram, eml\u00e9kezz\u00e9l meg r\u00f3lam, ha orsz\u00e1godba \u00e9rsz!\u201d<br \/>\nAbban az id\u0151ben mikor J\u00e9zust keresztre fesz\u00edtett\u00e9k, a n\u00e9p b\u00e1m\u00e9szkodott, a f\u0151tan\u00e1cs tagjai pedig g\u00fanyol\u00f3dtak: \u201eM\u00e1sokat megszabad\u00edtott \u2013 mondt\u00e1k \u2013, most szabad\u00edtsa meg \u00f6nmag\u00e1t, ha \u0151 a Messi\u00e1s, az Isten v\u00e1lasztottja.\u201d<br \/>\nG\u00fanyt \u0171ztek bel\u0151le a katon\u00e1k is, odamentek \u00e9s ecettel k\u00edn\u00e1lt\u00e1k: \u201eHa te vagy a zsid\u00f3k kir\u00e1lya, szabad\u00edtsd meg magadat!\u201d \u2013 mondt\u00e1k.<br \/>\nFelirat is volt a feje f\u00f6l\u00f6tt: Ez a zsid\u00f3k kir\u00e1lya.<br \/>\nAz egyik f\u00f6lfesz\u00edtett gonosztev\u0151 k\u00e1romolta: \u201eNem te vagy a Messi\u00e1s? Szabad\u00edtsd meg h\u00e1t magadat \u00e9s minket is.\u201d A m\u00e1sik r\u00e1sz\u00f3lt: \u201eNem f\u00e9lsz az Istent\u0151l? Hisz te is ugyanazt a b\u00fcntet\u00e9st szenveded. Mi legal\u00e1bb tetteink m\u00e9lt\u00f3 b\u00fcntet\u00e9s\u00e9t kapjuk. De ez semmi rosszat sem tett.\u201d<br \/>\nAzt\u00e1n hozz\u00e1 fordult: \u201eJ\u00e9zus, eml\u00e9kezz\u00e9l meg r\u00f3lam, amikor orsz\u00e1godba \u00e9rkezel.\u201d<br \/>\n\u0150 ezt v\u00e1laszolta neki: \u201eBizony mondom neked, m\u00e9g ma velem leszel a paradicsomban.\u201d<br \/>\nEzek az evang\u00e9lium ig\u00e9i.<\/p>\n<p><span style=\"color: #ff6600;\">EGYETEMES K\u00d6NY\u00d6RG\u00c9SEK<\/span><br \/>\nPap: Testv\u00e9reim! A mi Urunk a kir\u00e1lyok Kir\u00e1lya \u00e9s az uralkod\u00f3k Ura. H\u00f3dolatunkkal egy\u00fctt terjessz\u00fck el\u00e9je k\u00e9r\u00e9seinket!<br \/>\nLektor: 1. Te vagy, Urunk, az \u00f6r\u00f6k \u00e9s egyetemes Kir\u00e1ly: terjeszd ki szel\u00edd uralmadat minden emberre!<br \/>\nH\u00edvek: K\u00e9r\u00fcnk T\u00e9ged, hallgass meg minket!<br \/>\n2. Te vagy, Urunk, a szents\u00e9g \u00e9s a kegyelem Kir\u00e1lya: szenteld meg Egyh\u00e1zadat!<br \/>\nH\u00edvek: K\u00e9r\u00fcnk T\u00e9ged, hallgass meg minket!<br \/>\n3. Te vagy, Urunk, az igazs\u00e1goss\u00e1g \u00e9s a b\u00e9ke Kir\u00e1lya: adj b\u00e9k\u00e9t a n\u00e9peknek!<br \/>\nH\u00edvek: K\u00e9r\u00fcnk T\u00e9ged, hallgass meg minket!<br \/>\n4. Te vagy, Urunk, a szeretet \u00e9s az \u00e9let Kir\u00e1lya: er\u0151s\u00edtsd meg a kereszt\u00e9ny csal\u00e1dokat!<br \/>\nH\u00edvek: K\u00e9r\u00fcnk T\u00e9ged, hallgass meg minket!<br \/>\n5. Te vagy, Urunk, a j\u00f3s\u00e1g Kir\u00e1lya: gondvisel\u00e9seddel gy\u00e1mol\u00edts minden embert!<br \/>\nH\u00edvek: K\u00e9r\u00fcnk T\u00e9ged, hallgass meg minket!<br \/>\nPap: Urunk, J\u00e9zus Krisztus! Hittel valljuk, hogy te vagy a mindens\u00e9g Kir\u00e1lya. Irgalmas j\u00f3s\u00e1goddal hallgasd meg esdekl\u0151 n\u00e9pedet, \u00e9s \u00e1ldd meg \u00f6r\u00f6ks\u00e9gedet! Aki \u00e9lsz \u00e9s uralkodol mind\u00f6r\u00f6kk\u00f6n-\u00f6r\u00f6kk\u00e9.<br \/>\nH\u00edvek: \u00c1men.<\/p>\n<p><span style=\"color: #ff6600;\">Felaj\u00e1nl\u00f3 k\u00f6ny\u00f6rg\u00e9s:<\/span><br \/>\nUrunk, Isten\u00fcnk, felaj\u00e1nljuk neked ezt az engesztel\u0151 \u00e1ldozatot, \u00e9s k\u00f6ny\u00f6r\u00f6gve k\u00e9r\u00fcnk, hogy az egys\u00e9g \u00e9s a b\u00e9ke aj\u00e1nd\u00e9k\u00e1t adja meg minden n\u00e9pnek szent Fiad. Aki \u00e9l \u00e9s uralkodik mind\u00f6r\u00f6kk\u00f6n \u00f6r\u00f6kk\u00e9.<\/p>\n<p><span style=\"color: #ff6600;\">Pref\u00e1ci\u00f3:<\/span><br \/>\nAz \u00dar legyen veletek.<br \/>\nH.: \u00c9s a te lelkeddel.<br \/>\nEmelj\u00fck f\u00f6l sz\u00edv\u00fcnket.<br \/>\nH.: F\u00f6lemelt\u00fck az \u00darhoz.<br \/>\nAdjunk h\u00e1l\u00e1t Urunknak, Isten\u00fcnknek.<br \/>\nH.: M\u00e9lt\u00f3 \u00e9s igazs\u00e1gos.<\/p>\n<p>(Mert) Val\u00f3ban m\u00e9lt\u00f3 \u00e9s igazs\u00e1gos, ill\u0151 \u00e9s \u00fcdv\u00f6s, hogy mindig \u00e9s minden\u00fctt h\u00e1l\u00e1t adjunk n\u00e9ked, \u2013 mi Urunk, szents\u00e9ges ATy\u00e1nk, mindenhat\u00f3, \u00f6r\u00f6k Isten:<br \/>\nTe egysz\u00fcl\u00f6tt Fiadat, a mi Urunkat, J\u00e9zus Krisztust az \u00f6r\u00f6m olaj\u00e1val \u00f6r\u00f6k f\u0151papp\u00e1 \u00e9s a mindens\u00e9g kir\u00e1ly\u00e1v\u00e1 kented, \u2013 hogy a kereszt olt\u00e1r\u00e1n t\u00f6k\u00e9letes engesztel\u0151 \u00e1ldozatul felaj\u00e1nlja \u00d6Nmag\u00e1t, \u00e9s v\u00e9ghezvigye az emberek megv\u00e1lt\u00e1s\u00e1nak szent m\u0171v\u00e9t.<br \/>\n(\u00c9s) Miut\u00e1n hatalma al\u00e1 vetett minden teremtm\u00e9nyt, \u2013 az \u00f6r\u00f6k \u00e9s egyetemes ORsz\u00e1got m\u00e9rhetetlen f\u00f6ls\u00e9gednek \u00e1tadja: az \u0151 orsz\u00e1ga igazs\u00e1g \u00e9s \u00e9let, kegyelem \u00e9s szents\u00e9g, igazs\u00e1goss\u00e1g, szeretet \u00e9s b\u00e9ke.<br \/>\n(\u00c9s) Ez\u00e9rt mi is, mik\u00e9nt az angyalok \u00e9s f\u0151angyalok, a tr\u00f3nod k\u00f6r\u00fcl \u00e1ll\u00f3 hatalmas \u00e9gi szellemek, \u00e9s minden seregek a mennyben, a te dics\u0151s\u00e9ged himnusz\u00e1t zengj\u00fck, \u2013 \u00e9s vel\u00fck EGy\u00fctt v\u00e9g n\u00e9lk\u00fcl mondjuk: (\u00e9nekelj\u00fck:)<br \/>\nSzent vagy, szent vagy, szent vagy, mindens\u00e9g Ura, Istene,&#8230;<\/p>\n<p><span style=\"color: #ff6600;\">\u00c1ldoz\u00e1si \u00e9nek:<\/span><br \/>\nAz \u00dar kir\u00e1lyk\u00e9nt tr\u00f3nol mind\u00f6r\u00f6kk\u00e9; az \u00dar b\u00e9k\u00e9vel \u00e1ldja meg n\u00e9p\u00e9t. (Zsolt 28,10-11)<\/p>\n<p><span style=\"color: #ff6600;\">\u00c1ldoz\u00e1s ut\u00e1ni k\u00f6ny\u00f6rg\u00e9s:<\/span><br \/>\nA halhatatlans\u00e1g eledel\u00e9t magunkhoz v\u00e9ve, k\u00e9r\u00fcnk, Isten\u00fcnk, hogy mi, akik dics\u0151s\u00e9g\u00fcnknek tartjuk azt, hogy Krisztust, a mindens\u00e9g Kir\u00e1ly\u00e1t szolg\u00e1ljuk, a mennyek orsz\u00e1g\u00e1ban \u00f6r\u00f6kre vele \u00e9lj\u00fcnk. Aki \u00e9l \u00e9s uralkodik mind\u00f6r\u00f6kk\u00f6n \u00f6r\u00f6kk\u00e9.<\/p>\n","protected":false},"excerpt":{"rendered":"<p>\u00c9vk\u00f6zi 34. vas\u00e1rnap. Krisztus a Mindens\u00e9g Kir\u00e1lya Kezd\u0151\u00e9nek: M\u00e9lt\u00f3 a B\u00e1r\u00e1ny, akit meg\u00f6ltek, hogy \u00f6v\u00e9 legyen a hatalom, az isteni m\u00e9lt\u00f3s\u00e1g, a b\u00f6lcsess\u00e9g, az er\u0151 \u00e9s a tisztelet. \u00d6v\u00e9 a dics\u0151s\u00e9g \u00e9s a hatalom \u00f6r\u00f6kk\u00f6n \u00f6r\u00f6kk\u00e9! (Jel 5,12;1,6) K\u00f6ny\u00f6rg\u00e9s: Mindenhat\u00f3 Isten\u00fcnk, te \u00f6r\u00f6kt\u0151l fogva \u00fagy hat\u00e1rozt\u00e1l, hogy szeretett Fiadban, a mindens\u00e9g Kir\u00e1ly\u00e1ban meg\u00faj\u00edtasz mindent. Add, hogy az eg\u00e9sz teremtett vil\u00e1g megszabaduljon a b\u0171n szolgas\u00e1g\u00e1t\u00f3l, F\u00f6ls\u00e9gednek h\u00f3doljon, \u00e9s sz\u00fcntelen\u00fcl dics\u0151\u00edtsen t\u00e9ged. A mi Urunk, J\u00e9zus Krisztus, a te Fiad \u00e1ltal, aki veled \u00e9l \u00e9s uralkodik a Szentl\u00e9lekkel egys\u00e9gben, Isten mind\u00f6r\u00f6kk\u00f6n \u00f6r\u00f6kk\u00e9. OLVASM\u00c1NY S\u00e1muel m\u00e1sodik k\u00f6nyv\u00e9b\u0151l (2S\u00e1m 5,1-3) D\u00e1vid, Krisztus Kir\u00e1ly el\u0151k\u00e9pe, a v\u00e1lasztott n\u00e9p f\u00f6lkent kir\u00e1lya. Saul kir\u00e1ly hal\u00e1la ut\u00e1n Izraelnek \u00f6sszes t\u00f6rzse elment D\u00e1vidhoz Hebronba, \u00e9s azt mondt\u00e1k: \u201e\u00cdme, csontod \u00e9s h\u00fasod vagyunk. M\u00e1r tegnap \u00e9s tegnapel\u0151tt is, amikor m\u00e9g Saul volt a kir\u00e1lyunk, te volt\u00e1l az, aki vezetted Izrael hadj\u00e1ratait. Az \u00dar is azt mondta neked: Legeltesd n\u00e9pemet, Izraelt, \u00e9s l\u00e9gy fejedelme Izraelnek.\u201d Izrael v\u00e9nei teh\u00e1t mind elmentek a kir\u00e1lyhoz Hebronba, \u00e9s D\u00e1vid kir\u00e1ly sz\u00f6vets\u00e9get k\u00f6t\u00f6tt vel\u00fck Hebronban, az \u00dar el\u0151tt. Azt\u00e1n f\u00f6lkent\u00e9k D\u00e1vidot Izrael kir\u00e1ly\u00e1v\u00e1. Ez az Isten ig\u00e9je. V\u00c1LASZOS ZSOLT\u00c1R (Zsolt 121,1-2.4-5) V\u00e1lasz: Isten h\u00e1z\u00e1ba indulunk, * \u00f6r\u00f6mt\u0151l dobban a sz\u00edv\u00fcnk. V\u00f6. 1. vers. (7. b t\u00f3nus) El\u0151\u00e9nekes: \u00d6rvendtem, mikor azt mondt\u00e1k n\u00e9kem, * az \u00dar h\u00e1z\u00e1ba megy\u00fcnk. \u00cdme, itt \u00e1llnak l\u00e1baink * kapuid el\u0151tt, Jeruzs\u00e1lem! H\u00edvek: Isten h\u00e1z\u00e1ba indulunk, * \u00f6r\u00f6mt\u0151l dobban a sz\u00edv\u00fcnk. E: Oda j\u00e1rnak f\u00f6l a t\u00f6rzsek, * az \u00dar n\u00e9p\u00e9nek t\u00f6rzsei. Az \u00dar Izraelnek t\u00f6rv\u00e9nybe adta, * hogy ott nev\u00e9re \u00e1ld\u00e1st mondjanak. Mert ott \u00e1llnak az \u00edt\u00e9l\u0151sz\u00e9kek, * D\u00e1vid h\u00e1z\u00e1nak sz\u00e9kei. H: Isten h\u00e1z\u00e1ba indulunk, * \u00f6r\u00f6mt\u0151l dobban a sz\u00edv\u00fcnk. SZENTLECKE Szent P\u00e1l apostolnak a kolosszeiekhez \u00edrt level\u00e9b\u0151l (Kol 1,12-20) A mennyei Atya nek\u00fcnk is helyet ad szeretett Fia orsz\u00e1g\u00e1ban. Testv\u00e9reim! \u00d6r\u00f6mmel adjatok h\u00e1l\u00e1t az Aty\u00e1nak, aki arra m\u00e9ltatott benneteket, hogy r\u00e9szetek&#8230; <\/p>\n<p><a class=\"readmore\" href=\"https:\/\/stuttgarti-katolikusok.de\/index.php\/krisztus-a-mindenseg-kiralya\/\">R\u00e9szletek<\/a><\/p>\n","protected":false},"author":3,"featured_media":23953,"comment_status":"closed","ping_status":"closed","sticky":false,"template":"","format":"standard","meta":{"footnotes":""},"categories":[63],"tags":[],"class_list":["post-23952","post","type-post","status-publish","format-standard","has-post-thumbnail","hentry","category-vasarnapi-gondolatok"],"yoast_head":"<!-- This site is optimized with the Yoast SEO plugin v27.3 - https:\/\/yoast.com\/product\/yoast-seo-wordpress\/ -->\n<title>Krisztus a Mindens\u00e9g Kir\u00e1lya - Stuttgarti Katolikusok<\/title>\n<meta name=\"robots\" content=\"index, follow, max-snippet:-1, max-image-preview:large, max-video-preview:-1\" \/>\n<link rel=\"canonical\" href=\"https:\/\/stuttgarti-katolikusok.de\/index.php\/krisztus-a-mindenseg-kiralya\/\" \/>\n<meta property=\"og:locale\" content=\"hu_HU\" \/>\n<meta property=\"og:type\" content=\"article\" \/>\n<meta property=\"og:title\" content=\"Krisztus a Mindens\u00e9g Kir\u00e1lya - Stuttgarti Katolikusok\" \/>\n<meta property=\"og:description\" content=\"\u00c9vk\u00f6zi 34. vas\u00e1rnap. Krisztus a Mindens\u00e9g Kir\u00e1lya Kezd\u0151\u00e9nek: M\u00e9lt\u00f3 a B\u00e1r\u00e1ny, akit meg\u00f6ltek, hogy \u00f6v\u00e9 legyen a hatalom, az isteni m\u00e9lt\u00f3s\u00e1g, a b\u00f6lcsess\u00e9g, az er\u0151 \u00e9s a tisztelet. \u00d6v\u00e9 a dics\u0151s\u00e9g \u00e9s a hatalom \u00f6r\u00f6kk\u00f6n \u00f6r\u00f6kk\u00e9! (Jel 5,12;1,6) K\u00f6ny\u00f6rg\u00e9s: Mindenhat\u00f3 Isten\u00fcnk, te \u00f6r\u00f6kt\u0151l fogva \u00fagy hat\u00e1rozt\u00e1l, hogy szeretett Fiadban, a mindens\u00e9g Kir\u00e1ly\u00e1ban meg\u00faj\u00edtasz mindent. Add, hogy az eg\u00e9sz teremtett vil\u00e1g megszabaduljon a b\u0171n szolgas\u00e1g\u00e1t\u00f3l, F\u00f6ls\u00e9gednek h\u00f3doljon, \u00e9s sz\u00fcntelen\u00fcl dics\u0151\u00edtsen t\u00e9ged. A mi Urunk, J\u00e9zus Krisztus, a te Fiad \u00e1ltal, aki veled \u00e9l \u00e9s uralkodik a Szentl\u00e9lekkel egys\u00e9gben, Isten mind\u00f6r\u00f6kk\u00f6n \u00f6r\u00f6kk\u00e9. OLVASM\u00c1NY S\u00e1muel m\u00e1sodik k\u00f6nyv\u00e9b\u0151l (2S\u00e1m 5,1-3) D\u00e1vid, Krisztus Kir\u00e1ly el\u0151k\u00e9pe, a v\u00e1lasztott n\u00e9p f\u00f6lkent kir\u00e1lya. Saul kir\u00e1ly hal\u00e1la ut\u00e1n Izraelnek \u00f6sszes t\u00f6rzse elment D\u00e1vidhoz Hebronba, \u00e9s azt mondt\u00e1k: \u201e\u00cdme, csontod \u00e9s h\u00fasod vagyunk. M\u00e1r tegnap \u00e9s tegnapel\u0151tt is, amikor m\u00e9g Saul volt a kir\u00e1lyunk, te volt\u00e1l az, aki vezetted Izrael hadj\u00e1ratait. Az \u00dar is azt mondta neked: Legeltesd n\u00e9pemet, Izraelt, \u00e9s l\u00e9gy fejedelme Izraelnek.\u201d Izrael v\u00e9nei teh\u00e1t mind elmentek a kir\u00e1lyhoz Hebronba, \u00e9s D\u00e1vid kir\u00e1ly sz\u00f6vets\u00e9get k\u00f6t\u00f6tt vel\u00fck Hebronban, az \u00dar el\u0151tt. Azt\u00e1n f\u00f6lkent\u00e9k D\u00e1vidot Izrael kir\u00e1ly\u00e1v\u00e1. Ez az Isten ig\u00e9je. V\u00c1LASZOS ZSOLT\u00c1R (Zsolt 121,1-2.4-5) V\u00e1lasz: Isten h\u00e1z\u00e1ba indulunk, * \u00f6r\u00f6mt\u0151l dobban a sz\u00edv\u00fcnk. V\u00f6. 1. vers. (7. b t\u00f3nus) El\u0151\u00e9nekes: \u00d6rvendtem, mikor azt mondt\u00e1k n\u00e9kem, * az \u00dar h\u00e1z\u00e1ba megy\u00fcnk. \u00cdme, itt \u00e1llnak l\u00e1baink * kapuid el\u0151tt, Jeruzs\u00e1lem! H\u00edvek: Isten h\u00e1z\u00e1ba indulunk, * \u00f6r\u00f6mt\u0151l dobban a sz\u00edv\u00fcnk. E: Oda j\u00e1rnak f\u00f6l a t\u00f6rzsek, * az \u00dar n\u00e9p\u00e9nek t\u00f6rzsei. Az \u00dar Izraelnek t\u00f6rv\u00e9nybe adta, * hogy ott nev\u00e9re \u00e1ld\u00e1st mondjanak. Mert ott \u00e1llnak az \u00edt\u00e9l\u0151sz\u00e9kek, * D\u00e1vid h\u00e1z\u00e1nak sz\u00e9kei. H: Isten h\u00e1z\u00e1ba indulunk, * \u00f6r\u00f6mt\u0151l dobban a sz\u00edv\u00fcnk. SZENTLECKE Szent P\u00e1l apostolnak a kolosszeiekhez \u00edrt level\u00e9b\u0151l (Kol 1,12-20) A mennyei Atya nek\u00fcnk is helyet ad szeretett Fia orsz\u00e1g\u00e1ban. Testv\u00e9reim! \u00d6r\u00f6mmel adjatok h\u00e1l\u00e1t az Aty\u00e1nak, aki arra m\u00e9ltatott benneteket, hogy r\u00e9szetek... R\u00e9szletek\" \/>\n<meta property=\"og:url\" content=\"https:\/\/stuttgarti-katolikusok.de\/index.php\/krisztus-a-mindenseg-kiralya\/\" \/>\n<meta property=\"og:site_name\" content=\"Stuttgarti Katolikusok\" \/>\n<meta property=\"article:published_time\" content=\"2022-11-19T23:49:42+00:00\" \/>\n<meta property=\"og:image\" content=\"https:\/\/stuttgarti-katolikusok.de\/wp-content\/uploads\/2022\/11\/christ-the-king-g621473647-1920.jpg\" \/>\n\t<meta property=\"og:image:width\" content=\"1453\" \/>\n\t<meta property=\"og:image:height\" content=\"1920\" \/>\n\t<meta property=\"og:image:type\" content=\"image\/jpeg\" \/>\n<meta name=\"author\" content=\"Tibor atya\" \/>\n<meta name=\"twitter:card\" content=\"summary_large_image\" \/>\n<meta name=\"twitter:label1\" content=\"Szerz\u0151:\" \/>\n\t<meta name=\"twitter:data1\" content=\"Tibor atya\" \/>\n\t<meta name=\"twitter:label2\" content=\"Becs\u00fclt olvas\u00e1si id\u0151\" \/>\n\t<meta name=\"twitter:data2\" content=\"6 perc\" \/>\n<script type=\"application\/ld+json\" class=\"yoast-schema-graph\">{\"@context\":\"https:\\\/\\\/schema.org\",\"@graph\":[{\"@type\":\"Article\",\"@id\":\"https:\\\/\\\/stuttgarti-katolikusok.de\\\/index.php\\\/krisztus-a-mindenseg-kiralya\\\/#article\",\"isPartOf\":{\"@id\":\"https:\\\/\\\/stuttgarti-katolikusok.de\\\/index.php\\\/krisztus-a-mindenseg-kiralya\\\/\"},\"author\":{\"name\":\"Tibor atya\",\"@id\":\"https:\\\/\\\/stuttgarti-katolikusok.de\\\/#\\\/schema\\\/person\\\/75908d6f8fdc03a57889d27209df7795\"},\"headline\":\"Krisztus a Mindens\u00e9g Kir\u00e1lya\",\"datePublished\":\"2022-11-19T23:49:42+00:00\",\"mainEntityOfPage\":{\"@id\":\"https:\\\/\\\/stuttgarti-katolikusok.de\\\/index.php\\\/krisztus-a-mindenseg-kiralya\\\/\"},\"wordCount\":1449,\"image\":{\"@id\":\"https:\\\/\\\/stuttgarti-katolikusok.de\\\/index.php\\\/krisztus-a-mindenseg-kiralya\\\/#primaryimage\"},\"thumbnailUrl\":\"https:\\\/\\\/stuttgarti-katolikusok.de\\\/wp-content\\\/uploads\\\/2022\\\/11\\\/christ-the-king-g621473647-1920.jpg\",\"articleSection\":[\"Vas\u00e1rnapi gondolatok\"],\"inLanguage\":\"hu\"},{\"@type\":\"WebPage\",\"@id\":\"https:\\\/\\\/stuttgarti-katolikusok.de\\\/index.php\\\/krisztus-a-mindenseg-kiralya\\\/\",\"url\":\"https:\\\/\\\/stuttgarti-katolikusok.de\\\/index.php\\\/krisztus-a-mindenseg-kiralya\\\/\",\"name\":\"Krisztus a Mindens\u00e9g Kir\u00e1lya - Stuttgarti Katolikusok\",\"isPartOf\":{\"@id\":\"https:\\\/\\\/stuttgarti-katolikusok.de\\\/#website\"},\"primaryImageOfPage\":{\"@id\":\"https:\\\/\\\/stuttgarti-katolikusok.de\\\/index.php\\\/krisztus-a-mindenseg-kiralya\\\/#primaryimage\"},\"image\":{\"@id\":\"https:\\\/\\\/stuttgarti-katolikusok.de\\\/index.php\\\/krisztus-a-mindenseg-kiralya\\\/#primaryimage\"},\"thumbnailUrl\":\"https:\\\/\\\/stuttgarti-katolikusok.de\\\/wp-content\\\/uploads\\\/2022\\\/11\\\/christ-the-king-g621473647-1920.jpg\",\"datePublished\":\"2022-11-19T23:49:42+00:00\",\"author\":{\"@id\":\"https:\\\/\\\/stuttgarti-katolikusok.de\\\/#\\\/schema\\\/person\\\/75908d6f8fdc03a57889d27209df7795\"},\"breadcrumb\":{\"@id\":\"https:\\\/\\\/stuttgarti-katolikusok.de\\\/index.php\\\/krisztus-a-mindenseg-kiralya\\\/#breadcrumb\"},\"inLanguage\":\"hu\",\"potentialAction\":[{\"@type\":\"ReadAction\",\"target\":[\"https:\\\/\\\/stuttgarti-katolikusok.de\\\/index.php\\\/krisztus-a-mindenseg-kiralya\\\/\"]}]},{\"@type\":\"ImageObject\",\"inLanguage\":\"hu\",\"@id\":\"https:\\\/\\\/stuttgarti-katolikusok.de\\\/index.php\\\/krisztus-a-mindenseg-kiralya\\\/#primaryimage\",\"url\":\"https:\\\/\\\/stuttgarti-katolikusok.de\\\/wp-content\\\/uploads\\\/2022\\\/11\\\/christ-the-king-g621473647-1920.jpg\",\"contentUrl\":\"https:\\\/\\\/stuttgarti-katolikusok.de\\\/wp-content\\\/uploads\\\/2022\\\/11\\\/christ-the-king-g621473647-1920.jpg\",\"width\":1453,\"height\":1920},{\"@type\":\"BreadcrumbList\",\"@id\":\"https:\\\/\\\/stuttgarti-katolikusok.de\\\/index.php\\\/krisztus-a-mindenseg-kiralya\\\/#breadcrumb\",\"itemListElement\":[{\"@type\":\"ListItem\",\"position\":1,\"name\":\"Kezd\u0151lap\",\"item\":\"https:\\\/\\\/stuttgarti-katolikusok.de\\\/\"},{\"@type\":\"ListItem\",\"position\":2,\"name\":\"Krisztus a Mindens\u00e9g Kir\u00e1lya\"}]},{\"@type\":\"WebSite\",\"@id\":\"https:\\\/\\\/stuttgarti-katolikusok.de\\\/#website\",\"url\":\"https:\\\/\\\/stuttgarti-katolikusok.de\\\/\",\"name\":\"Stuttgarti Katolikusok\",\"description\":\"\",\"potentialAction\":[{\"@type\":\"SearchAction\",\"target\":{\"@type\":\"EntryPoint\",\"urlTemplate\":\"https:\\\/\\\/stuttgarti-katolikusok.de\\\/?s={search_term_string}\"},\"query-input\":{\"@type\":\"PropertyValueSpecification\",\"valueRequired\":true,\"valueName\":\"search_term_string\"}}],\"inLanguage\":\"hu\"},{\"@type\":\"Person\",\"@id\":\"https:\\\/\\\/stuttgarti-katolikusok.de\\\/#\\\/schema\\\/person\\\/75908d6f8fdc03a57889d27209df7795\",\"name\":\"Tibor atya\",\"image\":{\"@type\":\"ImageObject\",\"inLanguage\":\"hu\",\"@id\":\"https:\\\/\\\/secure.gravatar.com\\\/avatar\\\/61d268e57d1f4525b111222e29d2d5a7f8c420fdbf231ba5566a8ceac74fa960?s=96&d=mm&r=g\",\"url\":\"https:\\\/\\\/secure.gravatar.com\\\/avatar\\\/61d268e57d1f4525b111222e29d2d5a7f8c420fdbf231ba5566a8ceac74fa960?s=96&d=mm&r=g\",\"contentUrl\":\"https:\\\/\\\/secure.gravatar.com\\\/avatar\\\/61d268e57d1f4525b111222e29d2d5a7f8c420fdbf231ba5566a8ceac74fa960?s=96&d=mm&r=g\",\"caption\":\"Tibor atya\"},\"url\":\"https:\\\/\\\/stuttgarti-katolikusok.de\\\/index.php\\\/author\\\/tibor-atya\\\/\"}]}<\/script>\n<!-- \/ Yoast SEO plugin. -->","yoast_head_json":{"title":"Krisztus a Mindens\u00e9g Kir\u00e1lya - Stuttgarti Katolikusok","robots":{"index":"index","follow":"follow","max-snippet":"max-snippet:-1","max-image-preview":"max-image-preview:large","max-video-preview":"max-video-preview:-1"},"canonical":"https:\/\/stuttgarti-katolikusok.de\/index.php\/krisztus-a-mindenseg-kiralya\/","og_locale":"hu_HU","og_type":"article","og_title":"Krisztus a Mindens\u00e9g Kir\u00e1lya - Stuttgarti Katolikusok","og_description":"\u00c9vk\u00f6zi 34. vas\u00e1rnap. Krisztus a Mindens\u00e9g Kir\u00e1lya Kezd\u0151\u00e9nek: M\u00e9lt\u00f3 a B\u00e1r\u00e1ny, akit meg\u00f6ltek, hogy \u00f6v\u00e9 legyen a hatalom, az isteni m\u00e9lt\u00f3s\u00e1g, a b\u00f6lcsess\u00e9g, az er\u0151 \u00e9s a tisztelet. \u00d6v\u00e9 a dics\u0151s\u00e9g \u00e9s a hatalom \u00f6r\u00f6kk\u00f6n \u00f6r\u00f6kk\u00e9! (Jel 5,12;1,6) K\u00f6ny\u00f6rg\u00e9s: Mindenhat\u00f3 Isten\u00fcnk, te \u00f6r\u00f6kt\u0151l fogva \u00fagy hat\u00e1rozt\u00e1l, hogy szeretett Fiadban, a mindens\u00e9g Kir\u00e1ly\u00e1ban meg\u00faj\u00edtasz mindent. Add, hogy az eg\u00e9sz teremtett vil\u00e1g megszabaduljon a b\u0171n szolgas\u00e1g\u00e1t\u00f3l, F\u00f6ls\u00e9gednek h\u00f3doljon, \u00e9s sz\u00fcntelen\u00fcl dics\u0151\u00edtsen t\u00e9ged. A mi Urunk, J\u00e9zus Krisztus, a te Fiad \u00e1ltal, aki veled \u00e9l \u00e9s uralkodik a Szentl\u00e9lekkel egys\u00e9gben, Isten mind\u00f6r\u00f6kk\u00f6n \u00f6r\u00f6kk\u00e9. OLVASM\u00c1NY S\u00e1muel m\u00e1sodik k\u00f6nyv\u00e9b\u0151l (2S\u00e1m 5,1-3) D\u00e1vid, Krisztus Kir\u00e1ly el\u0151k\u00e9pe, a v\u00e1lasztott n\u00e9p f\u00f6lkent kir\u00e1lya. Saul kir\u00e1ly hal\u00e1la ut\u00e1n Izraelnek \u00f6sszes t\u00f6rzse elment D\u00e1vidhoz Hebronba, \u00e9s azt mondt\u00e1k: \u201e\u00cdme, csontod \u00e9s h\u00fasod vagyunk. M\u00e1r tegnap \u00e9s tegnapel\u0151tt is, amikor m\u00e9g Saul volt a kir\u00e1lyunk, te volt\u00e1l az, aki vezetted Izrael hadj\u00e1ratait. Az \u00dar is azt mondta neked: Legeltesd n\u00e9pemet, Izraelt, \u00e9s l\u00e9gy fejedelme Izraelnek.\u201d Izrael v\u00e9nei teh\u00e1t mind elmentek a kir\u00e1lyhoz Hebronba, \u00e9s D\u00e1vid kir\u00e1ly sz\u00f6vets\u00e9get k\u00f6t\u00f6tt vel\u00fck Hebronban, az \u00dar el\u0151tt. Azt\u00e1n f\u00f6lkent\u00e9k D\u00e1vidot Izrael kir\u00e1ly\u00e1v\u00e1. Ez az Isten ig\u00e9je. V\u00c1LASZOS ZSOLT\u00c1R (Zsolt 121,1-2.4-5) V\u00e1lasz: Isten h\u00e1z\u00e1ba indulunk, * \u00f6r\u00f6mt\u0151l dobban a sz\u00edv\u00fcnk. V\u00f6. 1. vers. (7. b t\u00f3nus) El\u0151\u00e9nekes: \u00d6rvendtem, mikor azt mondt\u00e1k n\u00e9kem, * az \u00dar h\u00e1z\u00e1ba megy\u00fcnk. \u00cdme, itt \u00e1llnak l\u00e1baink * kapuid el\u0151tt, Jeruzs\u00e1lem! H\u00edvek: Isten h\u00e1z\u00e1ba indulunk, * \u00f6r\u00f6mt\u0151l dobban a sz\u00edv\u00fcnk. E: Oda j\u00e1rnak f\u00f6l a t\u00f6rzsek, * az \u00dar n\u00e9p\u00e9nek t\u00f6rzsei. Az \u00dar Izraelnek t\u00f6rv\u00e9nybe adta, * hogy ott nev\u00e9re \u00e1ld\u00e1st mondjanak. Mert ott \u00e1llnak az \u00edt\u00e9l\u0151sz\u00e9kek, * D\u00e1vid h\u00e1z\u00e1nak sz\u00e9kei. H: Isten h\u00e1z\u00e1ba indulunk, * \u00f6r\u00f6mt\u0151l dobban a sz\u00edv\u00fcnk. SZENTLECKE Szent P\u00e1l apostolnak a kolosszeiekhez \u00edrt level\u00e9b\u0151l (Kol 1,12-20) A mennyei Atya nek\u00fcnk is helyet ad szeretett Fia orsz\u00e1g\u00e1ban. Testv\u00e9reim! \u00d6r\u00f6mmel adjatok h\u00e1l\u00e1t az Aty\u00e1nak, aki arra m\u00e9ltatott benneteket, hogy r\u00e9szetek... R\u00e9szletek","og_url":"https:\/\/stuttgarti-katolikusok.de\/index.php\/krisztus-a-mindenseg-kiralya\/","og_site_name":"Stuttgarti Katolikusok","article_published_time":"2022-11-19T23:49:42+00:00","og_image":[{"width":1453,"height":1920,"url":"https:\/\/stuttgarti-katolikusok.de\/wp-content\/uploads\/2022\/11\/christ-the-king-g621473647-1920.jpg","type":"image\/jpeg"}],"author":"Tibor atya","twitter_card":"summary_large_image","twitter_misc":{"Szerz\u0151:":"Tibor atya","Becs\u00fclt olvas\u00e1si id\u0151":"6 perc"},"schema":{"@context":"https:\/\/schema.org","@graph":[{"@type":"Article","@id":"https:\/\/stuttgarti-katolikusok.de\/index.php\/krisztus-a-mindenseg-kiralya\/#article","isPartOf":{"@id":"https:\/\/stuttgarti-katolikusok.de\/index.php\/krisztus-a-mindenseg-kiralya\/"},"author":{"name":"Tibor atya","@id":"https:\/\/stuttgarti-katolikusok.de\/#\/schema\/person\/75908d6f8fdc03a57889d27209df7795"},"headline":"Krisztus a Mindens\u00e9g Kir\u00e1lya","datePublished":"2022-11-19T23:49:42+00:00","mainEntityOfPage":{"@id":"https:\/\/stuttgarti-katolikusok.de\/index.php\/krisztus-a-mindenseg-kiralya\/"},"wordCount":1449,"image":{"@id":"https:\/\/stuttgarti-katolikusok.de\/index.php\/krisztus-a-mindenseg-kiralya\/#primaryimage"},"thumbnailUrl":"https:\/\/stuttgarti-katolikusok.de\/wp-content\/uploads\/2022\/11\/christ-the-king-g621473647-1920.jpg","articleSection":["Vas\u00e1rnapi gondolatok"],"inLanguage":"hu"},{"@type":"WebPage","@id":"https:\/\/stuttgarti-katolikusok.de\/index.php\/krisztus-a-mindenseg-kiralya\/","url":"https:\/\/stuttgarti-katolikusok.de\/index.php\/krisztus-a-mindenseg-kiralya\/","name":"Krisztus a Mindens\u00e9g Kir\u00e1lya - Stuttgarti Katolikusok","isPartOf":{"@id":"https:\/\/stuttgarti-katolikusok.de\/#website"},"primaryImageOfPage":{"@id":"https:\/\/stuttgarti-katolikusok.de\/index.php\/krisztus-a-mindenseg-kiralya\/#primaryimage"},"image":{"@id":"https:\/\/stuttgarti-katolikusok.de\/index.php\/krisztus-a-mindenseg-kiralya\/#primaryimage"},"thumbnailUrl":"https:\/\/stuttgarti-katolikusok.de\/wp-content\/uploads\/2022\/11\/christ-the-king-g621473647-1920.jpg","datePublished":"2022-11-19T23:49:42+00:00","author":{"@id":"https:\/\/stuttgarti-katolikusok.de\/#\/schema\/person\/75908d6f8fdc03a57889d27209df7795"},"breadcrumb":{"@id":"https:\/\/stuttgarti-katolikusok.de\/index.php\/krisztus-a-mindenseg-kiralya\/#breadcrumb"},"inLanguage":"hu","potentialAction":[{"@type":"ReadAction","target":["https:\/\/stuttgarti-katolikusok.de\/index.php\/krisztus-a-mindenseg-kiralya\/"]}]},{"@type":"ImageObject","inLanguage":"hu","@id":"https:\/\/stuttgarti-katolikusok.de\/index.php\/krisztus-a-mindenseg-kiralya\/#primaryimage","url":"https:\/\/stuttgarti-katolikusok.de\/wp-content\/uploads\/2022\/11\/christ-the-king-g621473647-1920.jpg","contentUrl":"https:\/\/stuttgarti-katolikusok.de\/wp-content\/uploads\/2022\/11\/christ-the-king-g621473647-1920.jpg","width":1453,"height":1920},{"@type":"BreadcrumbList","@id":"https:\/\/stuttgarti-katolikusok.de\/index.php\/krisztus-a-mindenseg-kiralya\/#breadcrumb","itemListElement":[{"@type":"ListItem","position":1,"name":"Kezd\u0151lap","item":"https:\/\/stuttgarti-katolikusok.de\/"},{"@type":"ListItem","position":2,"name":"Krisztus a Mindens\u00e9g Kir\u00e1lya"}]},{"@type":"WebSite","@id":"https:\/\/stuttgarti-katolikusok.de\/#website","url":"https:\/\/stuttgarti-katolikusok.de\/","name":"Stuttgarti Katolikusok","description":"","potentialAction":[{"@type":"SearchAction","target":{"@type":"EntryPoint","urlTemplate":"https:\/\/stuttgarti-katolikusok.de\/?s={search_term_string}"},"query-input":{"@type":"PropertyValueSpecification","valueRequired":true,"valueName":"search_term_string"}}],"inLanguage":"hu"},{"@type":"Person","@id":"https:\/\/stuttgarti-katolikusok.de\/#\/schema\/person\/75908d6f8fdc03a57889d27209df7795","name":"Tibor atya","image":{"@type":"ImageObject","inLanguage":"hu","@id":"https:\/\/secure.gravatar.com\/avatar\/61d268e57d1f4525b111222e29d2d5a7f8c420fdbf231ba5566a8ceac74fa960?s=96&d=mm&r=g","url":"https:\/\/secure.gravatar.com\/avatar\/61d268e57d1f4525b111222e29d2d5a7f8c420fdbf231ba5566a8ceac74fa960?s=96&d=mm&r=g","contentUrl":"https:\/\/secure.gravatar.com\/avatar\/61d268e57d1f4525b111222e29d2d5a7f8c420fdbf231ba5566a8ceac74fa960?s=96&d=mm&r=g","caption":"Tibor atya"},"url":"https:\/\/stuttgarti-katolikusok.de\/index.php\/author\/tibor-atya\/"}]}},"_links":{"self":[{"href":"https:\/\/stuttgarti-katolikusok.de\/index.php\/wp-json\/wp\/v2\/posts\/23952","targetHints":{"allow":["GET"]}}],"collection":[{"href":"https:\/\/stuttgarti-katolikusok.de\/index.php\/wp-json\/wp\/v2\/posts"}],"about":[{"href":"https:\/\/stuttgarti-katolikusok.de\/index.php\/wp-json\/wp\/v2\/types\/post"}],"author":[{"embeddable":true,"href":"https:\/\/stuttgarti-katolikusok.de\/index.php\/wp-json\/wp\/v2\/users\/3"}],"replies":[{"embeddable":true,"href":"https:\/\/stuttgarti-katolikusok.de\/index.php\/wp-json\/wp\/v2\/comments?post=23952"}],"version-history":[{"count":1,"href":"https:\/\/stuttgarti-katolikusok.de\/index.php\/wp-json\/wp\/v2\/posts\/23952\/revisions"}],"predecessor-version":[{"id":23954,"href":"https:\/\/stuttgarti-katolikusok.de\/index.php\/wp-json\/wp\/v2\/posts\/23952\/revisions\/23954"}],"wp:featuredmedia":[{"embeddable":true,"href":"https:\/\/stuttgarti-katolikusok.de\/index.php\/wp-json\/wp\/v2\/media\/23953"}],"wp:attachment":[{"href":"https:\/\/stuttgarti-katolikusok.de\/index.php\/wp-json\/wp\/v2\/media?parent=23952"}],"wp:term":[{"taxonomy":"category","embeddable":true,"href":"https:\/\/stuttgarti-katolikusok.de\/index.php\/wp-json\/wp\/v2\/categories?post=23952"},{"taxonomy":"post_tag","embeddable":true,"href":"https:\/\/stuttgarti-katolikusok.de\/index.php\/wp-json\/wp\/v2\/tags?post=23952"}],"curies":[{"name":"wp","href":"https:\/\/api.w.org\/{rel}","templated":true}]}}