{"id":23806,"date":"2022-10-18T10:07:30","date_gmt":"2022-10-18T08:07:30","guid":{"rendered":"https:\/\/stuttgarti-katolikusok.de\/?p=23806"},"modified":"2022-10-18T10:35:12","modified_gmt":"2022-10-18T08:35:12","slug":"2022-oktober-17-es-23-kozott","status":"publish","type":"post","link":"https:\/\/stuttgarti-katolikusok.de\/index.php\/2022-oktober-17-es-23-kozott\/","title":{"rendered":"2022 OKT\u00d3BER 17 \u00c9S 23 K\u00d6Z\u00d6TT"},"content":{"rendered":"<p><span style=\"color: #339966;\"><strong>Programel\u0151zetes<\/strong><\/span><\/p>\n<p style=\"text-align: center;\"><span style=\"color: #339966;\"><strong><em>*<\/em><\/strong><\/span><\/p>\n<p><strong>Okt\u00f3ber 20-\u00e1n<\/strong>, cs\u00fct\u00f6rt\u00f6k\u00f6n, <em><strong>Ulmi d\u00e9lut\u00e1n<\/strong><\/em>, 17.30 \u00f3rakor r\u00f3zsaf\u00fcz\u00e9rt im\u00e1dkozunk, ezt k\u00f6vet\u0151en<em> szentmise, <\/em>melynek keret\u00e9ben <em>katek\u00e9zis.<\/em><\/p>\n<p style=\"text-align: center;\"><span style=\"color: #339966;\"><strong>*<\/strong><\/span><\/p>\n<p><strong>Okt\u00f3ber 21-\u00e9n,<\/strong>\u00a0p\u00e9nteken, <strong>Stuttgartban <\/strong>mind a <strong><em>Bar\u00e1ts\u00e1gklub<\/em><\/strong><strong>, <\/strong>mind a <strong><em>szentmise <span style=\"color: #ff0000;\">ELMARAD!!!<\/span><\/em><\/strong><\/p>\n<p style=\"text-align: center;\"><span style=\"color: #339966;\"><strong><em>\u00a0<\/em><em>*<\/em><\/strong><\/span><\/p>\n<p><strong>Okt\u00f3ber 22-\u00e9n<\/strong><em><strong>, <\/strong><\/em>szombaton,<em><strong> Tuttlingenben <\/strong><\/em>16.30 \u00f3rakor <em>szentmise<\/em><em>,<\/em> ut\u00e1na <em>\u00e1g\u00e1p\u00e9.<\/em><\/p>\n<p style=\"text-align: center;\"><span style=\"color: #339966;\"><em><strong>\u00a0<\/strong><\/em><em><strong>*<\/strong><\/em><\/span><\/p>\n<p><strong>Okt\u00f3ber 23-\u00e1<\/strong><strong>n<\/strong>,<span style=\"color: #339966;\"> <em><strong>\u00e9vk\u00f6zi 30. vas\u00e1rnap<\/strong><\/em><\/span><em>,<\/em><\/p>\n<p><em><strong>B\u00f6blingenben <\/strong><\/em>9.30 \u00f3rakor <em>szentmise<\/em><em>, <\/em>ut\u00e1na <em>\u00e1g\u00e1p\u00e9,<\/em><\/p>\n<p><em><strong>Heilbronnban <\/strong><\/em>15.30 \u00f3rakor <em>szentmise,<\/em> ut\u00e1na <em>\u00e1g\u00e1p\u00e9.<\/em><\/p>\n<p style=\"text-align: center;\"><span style=\"color: #339966;\"><strong>\u00a0<\/strong><strong>*<\/strong><\/span><\/p>\n<p>Minden helyen mindenkit szeretettel v\u00e1r a k\u00f6z\u00f6ss\u00e9g \u00e9s Tibor atya!<\/p>\n<p style=\"text-align: center;\"><span style=\"color: #339966;\"><strong>*<\/strong><\/span><\/p>\n<p><a href=\"https:\/\/stuttgarti-katolikusok.de\/wp-content\/uploads\/2022\/10\/whatsapp-kep-2022-10-18-095507.jpg\"><img loading=\"lazy\" decoding=\"async\" class=\"alignnone size-full wp-image-23807\" src=\"https:\/\/stuttgarti-katolikusok.de\/wp-content\/uploads\/2022\/10\/whatsapp-kep-2022-10-18-095507.jpg\" alt=\"\" width=\"1886\" height=\"1308\" srcset=\"https:\/\/stuttgarti-katolikusok.de\/wp-content\/uploads\/2022\/10\/whatsapp-kep-2022-10-18-095507.jpg 1886w, https:\/\/stuttgarti-katolikusok.de\/wp-content\/uploads\/2022\/10\/whatsapp-kep-2022-10-18-095507-300x208.jpg 300w, https:\/\/stuttgarti-katolikusok.de\/wp-content\/uploads\/2022\/10\/whatsapp-kep-2022-10-18-095507-1024x710.jpg 1024w, https:\/\/stuttgarti-katolikusok.de\/wp-content\/uploads\/2022\/10\/whatsapp-kep-2022-10-18-095507-1536x1065.jpg 1536w\" sizes=\"auto, (max-width: 1886px) 100vw, 1886px\" \/><\/a><\/p>\n<p style=\"text-align: center;\"><span style=\"color: #339966;\"><em><strong>*<\/strong><\/em><\/span><\/p>\n<p><span style=\"color: #339966;\"><em><strong>Bens\u0151s\u00e9ges \u0151szi napokat, j\u00f3 munk\u00e1t, tartalmas besz\u00e9lget\u00e9seket \u00e9s \u00f6r\u00f6mteli tal\u00e1lkoz\u00e1sokat k\u00edv\u00e1nunk minden Kedves H\u00edv\u00fcnknek!<\/strong><\/em><\/span><\/p>\n<p style=\"text-align: center;\"><span style=\"color: #339966;\"><em><strong>*<\/strong><\/em><\/span><\/p>\n<p>\u201eCsak az k\u00e9pes a m\u00e1sok \u00e9let\u00e9\u00e9rt \u00f6nmag\u00e1t m\u00e9lyen \u00e9s \u00e1lland\u00f3an odaadni, aki a saj\u00e1t \u00e9letakarat\u00e1\u00e9rt val\u00f3 odaad\u00e1sban az esem\u00e9nyekt\u0151l val\u00f3 bels\u0151 szabads\u00e1got megtapasztalta.\u201d<\/p>\n<p><em>(Albert Schweitzer \u2013 1875-1965)<\/em><\/p>\n","protected":false},"excerpt":{"rendered":"<p>Programel\u0151zetes * Okt\u00f3ber 20-\u00e1n, cs\u00fct\u00f6rt\u00f6k\u00f6n, Ulmi d\u00e9lut\u00e1n, 17.30 \u00f3rakor r\u00f3zsaf\u00fcz\u00e9rt im\u00e1dkozunk, ezt k\u00f6vet\u0151en szentmise, melynek keret\u00e9ben katek\u00e9zis. * Okt\u00f3ber 21-\u00e9n,\u00a0p\u00e9nteken, Stuttgartban mind a Bar\u00e1ts\u00e1gklub, mind a szentmise ELMARAD!!! \u00a0* Okt\u00f3ber 22-\u00e9n, szombaton, Tuttlingenben 16.30 \u00f3rakor szentmise, ut\u00e1na \u00e1g\u00e1p\u00e9. \u00a0* Okt\u00f3ber 23-\u00e1n, \u00e9vk\u00f6zi 30. vas\u00e1rnap, B\u00f6blingenben 9.30 \u00f3rakor szentmise, ut\u00e1na \u00e1g\u00e1p\u00e9, Heilbronnban 15.30 \u00f3rakor szentmise, ut\u00e1na \u00e1g\u00e1p\u00e9. \u00a0* Minden helyen mindenkit szeretettel v\u00e1r a k\u00f6z\u00f6ss\u00e9g \u00e9s Tibor atya! * * Bens\u0151s\u00e9ges \u0151szi napokat, j\u00f3 munk\u00e1t, tartalmas besz\u00e9lget\u00e9seket \u00e9s \u00f6r\u00f6mteli tal\u00e1lkoz\u00e1sokat k\u00edv\u00e1nunk minden Kedves H\u00edv\u00fcnknek! * \u201eCsak az k\u00e9pes a m\u00e1sok \u00e9let\u00e9\u00e9rt \u00f6nmag\u00e1t m\u00e9lyen \u00e9s \u00e1lland\u00f3an odaadni, aki a saj\u00e1t \u00e9letakarat\u00e1\u00e9rt val\u00f3 odaad\u00e1sban az esem\u00e9nyekt\u0151l val\u00f3 bels\u0151 szabads\u00e1got megtapasztalta.\u201d (Albert Schweitzer \u2013 1875-1965)<\/p>\n","protected":false},"author":3,"featured_media":23808,"comment_status":"closed","ping_status":"closed","sticky":false,"template":"","format":"standard","meta":{"footnotes":""},"categories":[37],"tags":[],"class_list":["post-23806","post","type-post","status-publish","format-standard","has-post-thumbnail","hentry","category-progamelozetes"],"yoast_head":"<!-- This site is optimized with the Yoast SEO plugin v27.3 - https:\/\/yoast.com\/product\/yoast-seo-wordpress\/ -->\n<title>2022 OKT\u00d3BER 17 \u00c9S 23 K\u00d6Z\u00d6TT - Stuttgarti Katolikusok<\/title>\n<meta name=\"robots\" content=\"index, follow, max-snippet:-1, max-image-preview:large, max-video-preview:-1\" \/>\n<link rel=\"canonical\" href=\"https:\/\/stuttgarti-katolikusok.de\/index.php\/2022-oktober-17-es-23-kozott\/\" \/>\n<meta property=\"og:locale\" content=\"hu_HU\" \/>\n<meta property=\"og:type\" content=\"article\" \/>\n<meta property=\"og:title\" content=\"2022 OKT\u00d3BER 17 \u00c9S 23 K\u00d6Z\u00d6TT - Stuttgarti Katolikusok\" \/>\n<meta property=\"og:description\" content=\"Programel\u0151zetes * Okt\u00f3ber 20-\u00e1n, cs\u00fct\u00f6rt\u00f6k\u00f6n, Ulmi d\u00e9lut\u00e1n, 17.30 \u00f3rakor r\u00f3zsaf\u00fcz\u00e9rt im\u00e1dkozunk, ezt k\u00f6vet\u0151en szentmise, melynek keret\u00e9ben katek\u00e9zis. * Okt\u00f3ber 21-\u00e9n,\u00a0p\u00e9nteken, Stuttgartban mind a Bar\u00e1ts\u00e1gklub, mind a szentmise ELMARAD!!! \u00a0* Okt\u00f3ber 22-\u00e9n, szombaton, Tuttlingenben 16.30 \u00f3rakor szentmise, ut\u00e1na \u00e1g\u00e1p\u00e9. \u00a0* Okt\u00f3ber 23-\u00e1n, \u00e9vk\u00f6zi 30. vas\u00e1rnap, B\u00f6blingenben 9.30 \u00f3rakor szentmise, ut\u00e1na \u00e1g\u00e1p\u00e9, Heilbronnban 15.30 \u00f3rakor szentmise, ut\u00e1na \u00e1g\u00e1p\u00e9. \u00a0* Minden helyen mindenkit szeretettel v\u00e1r a k\u00f6z\u00f6ss\u00e9g \u00e9s Tibor atya! * * Bens\u0151s\u00e9ges \u0151szi napokat, j\u00f3 munk\u00e1t, tartalmas besz\u00e9lget\u00e9seket \u00e9s \u00f6r\u00f6mteli tal\u00e1lkoz\u00e1sokat k\u00edv\u00e1nunk minden Kedves H\u00edv\u00fcnknek! * \u201eCsak az k\u00e9pes a m\u00e1sok \u00e9let\u00e9\u00e9rt \u00f6nmag\u00e1t m\u00e9lyen \u00e9s \u00e1lland\u00f3an odaadni, aki a saj\u00e1t \u00e9letakarat\u00e1\u00e9rt val\u00f3 odaad\u00e1sban az esem\u00e9nyekt\u0151l val\u00f3 bels\u0151 szabads\u00e1got megtapasztalta.\u201d (Albert Schweitzer \u2013 1875-1965)\" \/>\n<meta property=\"og:url\" content=\"https:\/\/stuttgarti-katolikusok.de\/index.php\/2022-oktober-17-es-23-kozott\/\" \/>\n<meta property=\"og:site_name\" content=\"Stuttgarti Katolikusok\" \/>\n<meta property=\"article:published_time\" content=\"2022-10-18T08:07:30+00:00\" \/>\n<meta property=\"article:modified_time\" content=\"2022-10-18T08:35:12+00:00\" \/>\n<meta property=\"og:image\" content=\"https:\/\/stuttgarti-katolikusok.de\/wp-content\/uploads\/2022\/10\/whatsapp-kep-2022-10-18-095449.jpg\" \/>\n\t<meta property=\"og:image:width\" content=\"2000\" \/>\n\t<meta property=\"og:image:height\" content=\"1269\" \/>\n\t<meta property=\"og:image:type\" content=\"image\/jpeg\" \/>\n<meta name=\"author\" content=\"Tibor atya\" \/>\n<meta name=\"twitter:card\" content=\"summary_large_image\" \/>\n<meta name=\"twitter:label1\" content=\"Szerz\u0151:\" \/>\n\t<meta name=\"twitter:data1\" content=\"Tibor atya\" \/>\n\t<meta name=\"twitter:label2\" content=\"Becs\u00fclt olvas\u00e1si id\u0151\" \/>\n\t<meta name=\"twitter:data2\" content=\"1 perc\" \/>\n<script type=\"application\/ld+json\" class=\"yoast-schema-graph\">{\"@context\":\"https:\\\/\\\/schema.org\",\"@graph\":[{\"@type\":\"Article\",\"@id\":\"https:\\\/\\\/stuttgarti-katolikusok.de\\\/index.php\\\/2022-oktober-17-es-23-kozott\\\/#article\",\"isPartOf\":{\"@id\":\"https:\\\/\\\/stuttgarti-katolikusok.de\\\/index.php\\\/2022-oktober-17-es-23-kozott\\\/\"},\"author\":{\"name\":\"Tibor atya\",\"@id\":\"https:\\\/\\\/stuttgarti-katolikusok.de\\\/#\\\/schema\\\/person\\\/75908d6f8fdc03a57889d27209df7795\"},\"headline\":\"2022 OKT\u00d3BER 17 \u00c9S 23 K\u00d6Z\u00d6TT\",\"datePublished\":\"2022-10-18T08:07:30+00:00\",\"dateModified\":\"2022-10-18T08:35:12+00:00\",\"mainEntityOfPage\":{\"@id\":\"https:\\\/\\\/stuttgarti-katolikusok.de\\\/index.php\\\/2022-oktober-17-es-23-kozott\\\/\"},\"wordCount\":167,\"image\":{\"@id\":\"https:\\\/\\\/stuttgarti-katolikusok.de\\\/index.php\\\/2022-oktober-17-es-23-kozott\\\/#primaryimage\"},\"thumbnailUrl\":\"https:\\\/\\\/stuttgarti-katolikusok.de\\\/wp-content\\\/uploads\\\/2022\\\/10\\\/whatsapp-kep-2022-10-18-095449.jpg\",\"articleSection\":[\"Progamel\u0151zetes\"],\"inLanguage\":\"hu\"},{\"@type\":\"WebPage\",\"@id\":\"https:\\\/\\\/stuttgarti-katolikusok.de\\\/index.php\\\/2022-oktober-17-es-23-kozott\\\/\",\"url\":\"https:\\\/\\\/stuttgarti-katolikusok.de\\\/index.php\\\/2022-oktober-17-es-23-kozott\\\/\",\"name\":\"2022 OKT\u00d3BER 17 \u00c9S 23 K\u00d6Z\u00d6TT - Stuttgarti Katolikusok\",\"isPartOf\":{\"@id\":\"https:\\\/\\\/stuttgarti-katolikusok.de\\\/#website\"},\"primaryImageOfPage\":{\"@id\":\"https:\\\/\\\/stuttgarti-katolikusok.de\\\/index.php\\\/2022-oktober-17-es-23-kozott\\\/#primaryimage\"},\"image\":{\"@id\":\"https:\\\/\\\/stuttgarti-katolikusok.de\\\/index.php\\\/2022-oktober-17-es-23-kozott\\\/#primaryimage\"},\"thumbnailUrl\":\"https:\\\/\\\/stuttgarti-katolikusok.de\\\/wp-content\\\/uploads\\\/2022\\\/10\\\/whatsapp-kep-2022-10-18-095449.jpg\",\"datePublished\":\"2022-10-18T08:07:30+00:00\",\"dateModified\":\"2022-10-18T08:35:12+00:00\",\"author\":{\"@id\":\"https:\\\/\\\/stuttgarti-katolikusok.de\\\/#\\\/schema\\\/person\\\/75908d6f8fdc03a57889d27209df7795\"},\"breadcrumb\":{\"@id\":\"https:\\\/\\\/stuttgarti-katolikusok.de\\\/index.php\\\/2022-oktober-17-es-23-kozott\\\/#breadcrumb\"},\"inLanguage\":\"hu\",\"potentialAction\":[{\"@type\":\"ReadAction\",\"target\":[\"https:\\\/\\\/stuttgarti-katolikusok.de\\\/index.php\\\/2022-oktober-17-es-23-kozott\\\/\"]}]},{\"@type\":\"ImageObject\",\"inLanguage\":\"hu\",\"@id\":\"https:\\\/\\\/stuttgarti-katolikusok.de\\\/index.php\\\/2022-oktober-17-es-23-kozott\\\/#primaryimage\",\"url\":\"https:\\\/\\\/stuttgarti-katolikusok.de\\\/wp-content\\\/uploads\\\/2022\\\/10\\\/whatsapp-kep-2022-10-18-095449.jpg\",\"contentUrl\":\"https:\\\/\\\/stuttgarti-katolikusok.de\\\/wp-content\\\/uploads\\\/2022\\\/10\\\/whatsapp-kep-2022-10-18-095449.jpg\",\"width\":2000,\"height\":1269},{\"@type\":\"BreadcrumbList\",\"@id\":\"https:\\\/\\\/stuttgarti-katolikusok.de\\\/index.php\\\/2022-oktober-17-es-23-kozott\\\/#breadcrumb\",\"itemListElement\":[{\"@type\":\"ListItem\",\"position\":1,\"name\":\"Kezd\u0151lap\",\"item\":\"https:\\\/\\\/stuttgarti-katolikusok.de\\\/\"},{\"@type\":\"ListItem\",\"position\":2,\"name\":\"2022 OKT\u00d3BER 17 \u00c9S 23 K\u00d6Z\u00d6TT\"}]},{\"@type\":\"WebSite\",\"@id\":\"https:\\\/\\\/stuttgarti-katolikusok.de\\\/#website\",\"url\":\"https:\\\/\\\/stuttgarti-katolikusok.de\\\/\",\"name\":\"Stuttgarti Katolikusok\",\"description\":\"\",\"potentialAction\":[{\"@type\":\"SearchAction\",\"target\":{\"@type\":\"EntryPoint\",\"urlTemplate\":\"https:\\\/\\\/stuttgarti-katolikusok.de\\\/?s={search_term_string}\"},\"query-input\":{\"@type\":\"PropertyValueSpecification\",\"valueRequired\":true,\"valueName\":\"search_term_string\"}}],\"inLanguage\":\"hu\"},{\"@type\":\"Person\",\"@id\":\"https:\\\/\\\/stuttgarti-katolikusok.de\\\/#\\\/schema\\\/person\\\/75908d6f8fdc03a57889d27209df7795\",\"name\":\"Tibor atya\",\"image\":{\"@type\":\"ImageObject\",\"inLanguage\":\"hu\",\"@id\":\"https:\\\/\\\/secure.gravatar.com\\\/avatar\\\/61d268e57d1f4525b111222e29d2d5a7f8c420fdbf231ba5566a8ceac74fa960?s=96&d=mm&r=g\",\"url\":\"https:\\\/\\\/secure.gravatar.com\\\/avatar\\\/61d268e57d1f4525b111222e29d2d5a7f8c420fdbf231ba5566a8ceac74fa960?s=96&d=mm&r=g\",\"contentUrl\":\"https:\\\/\\\/secure.gravatar.com\\\/avatar\\\/61d268e57d1f4525b111222e29d2d5a7f8c420fdbf231ba5566a8ceac74fa960?s=96&d=mm&r=g\",\"caption\":\"Tibor atya\"},\"url\":\"https:\\\/\\\/stuttgarti-katolikusok.de\\\/index.php\\\/author\\\/tibor-atya\\\/\"}]}<\/script>\n<!-- \/ Yoast SEO plugin. -->","yoast_head_json":{"title":"2022 OKT\u00d3BER 17 \u00c9S 23 K\u00d6Z\u00d6TT - Stuttgarti Katolikusok","robots":{"index":"index","follow":"follow","max-snippet":"max-snippet:-1","max-image-preview":"max-image-preview:large","max-video-preview":"max-video-preview:-1"},"canonical":"https:\/\/stuttgarti-katolikusok.de\/index.php\/2022-oktober-17-es-23-kozott\/","og_locale":"hu_HU","og_type":"article","og_title":"2022 OKT\u00d3BER 17 \u00c9S 23 K\u00d6Z\u00d6TT - Stuttgarti Katolikusok","og_description":"Programel\u0151zetes * Okt\u00f3ber 20-\u00e1n, cs\u00fct\u00f6rt\u00f6k\u00f6n, Ulmi d\u00e9lut\u00e1n, 17.30 \u00f3rakor r\u00f3zsaf\u00fcz\u00e9rt im\u00e1dkozunk, ezt k\u00f6vet\u0151en szentmise, melynek keret\u00e9ben katek\u00e9zis. * Okt\u00f3ber 21-\u00e9n,\u00a0p\u00e9nteken, Stuttgartban mind a Bar\u00e1ts\u00e1gklub, mind a szentmise ELMARAD!!! \u00a0* Okt\u00f3ber 22-\u00e9n, szombaton, Tuttlingenben 16.30 \u00f3rakor szentmise, ut\u00e1na \u00e1g\u00e1p\u00e9. \u00a0* Okt\u00f3ber 23-\u00e1n, \u00e9vk\u00f6zi 30. vas\u00e1rnap, B\u00f6blingenben 9.30 \u00f3rakor szentmise, ut\u00e1na \u00e1g\u00e1p\u00e9, Heilbronnban 15.30 \u00f3rakor szentmise, ut\u00e1na \u00e1g\u00e1p\u00e9. \u00a0* Minden helyen mindenkit szeretettel v\u00e1r a k\u00f6z\u00f6ss\u00e9g \u00e9s Tibor atya! * * Bens\u0151s\u00e9ges \u0151szi napokat, j\u00f3 munk\u00e1t, tartalmas besz\u00e9lget\u00e9seket \u00e9s \u00f6r\u00f6mteli tal\u00e1lkoz\u00e1sokat k\u00edv\u00e1nunk minden Kedves H\u00edv\u00fcnknek! * \u201eCsak az k\u00e9pes a m\u00e1sok \u00e9let\u00e9\u00e9rt \u00f6nmag\u00e1t m\u00e9lyen \u00e9s \u00e1lland\u00f3an odaadni, aki a saj\u00e1t \u00e9letakarat\u00e1\u00e9rt val\u00f3 odaad\u00e1sban az esem\u00e9nyekt\u0151l val\u00f3 bels\u0151 szabads\u00e1got megtapasztalta.\u201d (Albert Schweitzer \u2013 1875-1965)","og_url":"https:\/\/stuttgarti-katolikusok.de\/index.php\/2022-oktober-17-es-23-kozott\/","og_site_name":"Stuttgarti Katolikusok","article_published_time":"2022-10-18T08:07:30+00:00","article_modified_time":"2022-10-18T08:35:12+00:00","og_image":[{"width":2000,"height":1269,"url":"https:\/\/stuttgarti-katolikusok.de\/wp-content\/uploads\/2022\/10\/whatsapp-kep-2022-10-18-095449.jpg","type":"image\/jpeg"}],"author":"Tibor atya","twitter_card":"summary_large_image","twitter_misc":{"Szerz\u0151:":"Tibor atya","Becs\u00fclt olvas\u00e1si id\u0151":"1 perc"},"schema":{"@context":"https:\/\/schema.org","@graph":[{"@type":"Article","@id":"https:\/\/stuttgarti-katolikusok.de\/index.php\/2022-oktober-17-es-23-kozott\/#article","isPartOf":{"@id":"https:\/\/stuttgarti-katolikusok.de\/index.php\/2022-oktober-17-es-23-kozott\/"},"author":{"name":"Tibor atya","@id":"https:\/\/stuttgarti-katolikusok.de\/#\/schema\/person\/75908d6f8fdc03a57889d27209df7795"},"headline":"2022 OKT\u00d3BER 17 \u00c9S 23 K\u00d6Z\u00d6TT","datePublished":"2022-10-18T08:07:30+00:00","dateModified":"2022-10-18T08:35:12+00:00","mainEntityOfPage":{"@id":"https:\/\/stuttgarti-katolikusok.de\/index.php\/2022-oktober-17-es-23-kozott\/"},"wordCount":167,"image":{"@id":"https:\/\/stuttgarti-katolikusok.de\/index.php\/2022-oktober-17-es-23-kozott\/#primaryimage"},"thumbnailUrl":"https:\/\/stuttgarti-katolikusok.de\/wp-content\/uploads\/2022\/10\/whatsapp-kep-2022-10-18-095449.jpg","articleSection":["Progamel\u0151zetes"],"inLanguage":"hu"},{"@type":"WebPage","@id":"https:\/\/stuttgarti-katolikusok.de\/index.php\/2022-oktober-17-es-23-kozott\/","url":"https:\/\/stuttgarti-katolikusok.de\/index.php\/2022-oktober-17-es-23-kozott\/","name":"2022 OKT\u00d3BER 17 \u00c9S 23 K\u00d6Z\u00d6TT - Stuttgarti Katolikusok","isPartOf":{"@id":"https:\/\/stuttgarti-katolikusok.de\/#website"},"primaryImageOfPage":{"@id":"https:\/\/stuttgarti-katolikusok.de\/index.php\/2022-oktober-17-es-23-kozott\/#primaryimage"},"image":{"@id":"https:\/\/stuttgarti-katolikusok.de\/index.php\/2022-oktober-17-es-23-kozott\/#primaryimage"},"thumbnailUrl":"https:\/\/stuttgarti-katolikusok.de\/wp-content\/uploads\/2022\/10\/whatsapp-kep-2022-10-18-095449.jpg","datePublished":"2022-10-18T08:07:30+00:00","dateModified":"2022-10-18T08:35:12+00:00","author":{"@id":"https:\/\/stuttgarti-katolikusok.de\/#\/schema\/person\/75908d6f8fdc03a57889d27209df7795"},"breadcrumb":{"@id":"https:\/\/stuttgarti-katolikusok.de\/index.php\/2022-oktober-17-es-23-kozott\/#breadcrumb"},"inLanguage":"hu","potentialAction":[{"@type":"ReadAction","target":["https:\/\/stuttgarti-katolikusok.de\/index.php\/2022-oktober-17-es-23-kozott\/"]}]},{"@type":"ImageObject","inLanguage":"hu","@id":"https:\/\/stuttgarti-katolikusok.de\/index.php\/2022-oktober-17-es-23-kozott\/#primaryimage","url":"https:\/\/stuttgarti-katolikusok.de\/wp-content\/uploads\/2022\/10\/whatsapp-kep-2022-10-18-095449.jpg","contentUrl":"https:\/\/stuttgarti-katolikusok.de\/wp-content\/uploads\/2022\/10\/whatsapp-kep-2022-10-18-095449.jpg","width":2000,"height":1269},{"@type":"BreadcrumbList","@id":"https:\/\/stuttgarti-katolikusok.de\/index.php\/2022-oktober-17-es-23-kozott\/#breadcrumb","itemListElement":[{"@type":"ListItem","position":1,"name":"Kezd\u0151lap","item":"https:\/\/stuttgarti-katolikusok.de\/"},{"@type":"ListItem","position":2,"name":"2022 OKT\u00d3BER 17 \u00c9S 23 K\u00d6Z\u00d6TT"}]},{"@type":"WebSite","@id":"https:\/\/stuttgarti-katolikusok.de\/#website","url":"https:\/\/stuttgarti-katolikusok.de\/","name":"Stuttgarti Katolikusok","description":"","potentialAction":[{"@type":"SearchAction","target":{"@type":"EntryPoint","urlTemplate":"https:\/\/stuttgarti-katolikusok.de\/?s={search_term_string}"},"query-input":{"@type":"PropertyValueSpecification","valueRequired":true,"valueName":"search_term_string"}}],"inLanguage":"hu"},{"@type":"Person","@id":"https:\/\/stuttgarti-katolikusok.de\/#\/schema\/person\/75908d6f8fdc03a57889d27209df7795","name":"Tibor atya","image":{"@type":"ImageObject","inLanguage":"hu","@id":"https:\/\/secure.gravatar.com\/avatar\/61d268e57d1f4525b111222e29d2d5a7f8c420fdbf231ba5566a8ceac74fa960?s=96&d=mm&r=g","url":"https:\/\/secure.gravatar.com\/avatar\/61d268e57d1f4525b111222e29d2d5a7f8c420fdbf231ba5566a8ceac74fa960?s=96&d=mm&r=g","contentUrl":"https:\/\/secure.gravatar.com\/avatar\/61d268e57d1f4525b111222e29d2d5a7f8c420fdbf231ba5566a8ceac74fa960?s=96&d=mm&r=g","caption":"Tibor atya"},"url":"https:\/\/stuttgarti-katolikusok.de\/index.php\/author\/tibor-atya\/"}]}},"_links":{"self":[{"href":"https:\/\/stuttgarti-katolikusok.de\/index.php\/wp-json\/wp\/v2\/posts\/23806","targetHints":{"allow":["GET"]}}],"collection":[{"href":"https:\/\/stuttgarti-katolikusok.de\/index.php\/wp-json\/wp\/v2\/posts"}],"about":[{"href":"https:\/\/stuttgarti-katolikusok.de\/index.php\/wp-json\/wp\/v2\/types\/post"}],"author":[{"embeddable":true,"href":"https:\/\/stuttgarti-katolikusok.de\/index.php\/wp-json\/wp\/v2\/users\/3"}],"replies":[{"embeddable":true,"href":"https:\/\/stuttgarti-katolikusok.de\/index.php\/wp-json\/wp\/v2\/comments?post=23806"}],"version-history":[{"count":2,"href":"https:\/\/stuttgarti-katolikusok.de\/index.php\/wp-json\/wp\/v2\/posts\/23806\/revisions"}],"predecessor-version":[{"id":23810,"href":"https:\/\/stuttgarti-katolikusok.de\/index.php\/wp-json\/wp\/v2\/posts\/23806\/revisions\/23810"}],"wp:featuredmedia":[{"embeddable":true,"href":"https:\/\/stuttgarti-katolikusok.de\/index.php\/wp-json\/wp\/v2\/media\/23808"}],"wp:attachment":[{"href":"https:\/\/stuttgarti-katolikusok.de\/index.php\/wp-json\/wp\/v2\/media?parent=23806"}],"wp:term":[{"taxonomy":"category","embeddable":true,"href":"https:\/\/stuttgarti-katolikusok.de\/index.php\/wp-json\/wp\/v2\/categories?post=23806"},{"taxonomy":"post_tag","embeddable":true,"href":"https:\/\/stuttgarti-katolikusok.de\/index.php\/wp-json\/wp\/v2\/tags?post=23806"}],"curies":[{"name":"wp","href":"https:\/\/api.w.org\/{rel}","templated":true}]}}