{"id":23780,"date":"2022-10-18T03:19:49","date_gmt":"2022-10-18T01:19:49","guid":{"rendered":"https:\/\/stuttgarti-katolikusok.de\/?p=23780"},"modified":"2022-11-01T08:23:03","modified_gmt":"2022-11-01T07:23:03","slug":"1956-es-az-ifjusag-unnepi-megemlekezo-musor","status":"publish","type":"post","link":"https:\/\/stuttgarti-katolikusok.de\/index.php\/1956-es-az-ifjusag-unnepi-megemlekezo-musor\/","title":{"rendered":"&#8222;1956 \u00e9s az ifj\u00fas\u00e1g&#8221; &#8211; \u00dcnnepi megeml\u00e9kez\u0151 m\u0171sor"},"content":{"rendered":"<p><span style=\"color: #ff6600;\"><em><strong>&#8222;1956 \u00e9s az ifj\u00fas\u00e1g&#8221;<\/strong><\/em> c\u00edmmel \u00fcnnepi megeml\u00e9kez\u0151 m\u0171sort tartottunk az \u00f6kumenikus istentiszteletet k\u00f6vet\u0151en a Bruder Klaus templomban<\/span><\/p>\n<p><span style=\"color: #ff6600;\">Az al\u00e1bbi\u00a0 linkre kattintva megtekinthet\u0151 \u00fcnnepi m\u0171sorunk. H\u00e1l\u00e1s k\u00f6sz\u00f6net Schultheis \u00c9v\u00e1nak, aki m\u0171sorunkat \u00f6ssze\u00e1ll\u00edtotta, s term\u00e9szetesen minden k\u00f6zrem\u0171k\u00f6d\u0151nek.\u00a0<\/span><\/p>\n<p><span style=\"color: #ff00ff;\"><strong><a style=\"color: #ff00ff;\" href=\"https:\/\/youtu.be\/Ns2rX9_Pngo\" target=\"_blank\" rel=\"noopener\">&#8222;1956 \u00e9s az ifj\u00fas\u00e1g&#8221;<\/a><\/strong><\/span><\/p>\n<p>F\u0151bb r\u00e9szei a m\u0171sornak:<\/p>\n<ul>\n<li><em><strong><span style=\"color: #ff6600;\">K\u00f6sz\u00f6nt\u0151 gondolatok &#8211; Tibor atya<\/span><\/strong><\/em><\/li>\n<li><em><strong><span style=\"color: #ff6600;\">Bart\u00f3k B\u00e9la: Este a sz\u00e9kelyekn\u00e9l &#8211; P\u00e1l Ram\u00f3na, zongora<\/span><\/strong><\/em><\/li>\n<\/ul>\n<p><a href=\"https:\/\/stuttgarti-katolikusok.de\/wp-content\/uploads\/2022\/10\/kepernyofelvetel-86.png\"><img loading=\"lazy\" decoding=\"async\" class=\"alignnone size-full wp-image-23791\" src=\"https:\/\/stuttgarti-katolikusok.de\/wp-content\/uploads\/2022\/10\/kepernyofelvetel-86.png\" alt=\"\" width=\"1618\" height=\"907\" srcset=\"https:\/\/stuttgarti-katolikusok.de\/wp-content\/uploads\/2022\/10\/kepernyofelvetel-86.png 1618w, https:\/\/stuttgarti-katolikusok.de\/wp-content\/uploads\/2022\/10\/kepernyofelvetel-86-300x168.png 300w, https:\/\/stuttgarti-katolikusok.de\/wp-content\/uploads\/2022\/10\/kepernyofelvetel-86-1024x574.png 1024w, https:\/\/stuttgarti-katolikusok.de\/wp-content\/uploads\/2022\/10\/kepernyofelvetel-86-1536x861.png 1536w\" sizes=\"auto, (max-width: 1618px) 100vw, 1618px\" \/><\/a><\/p>\n<p><em><strong>Bart\u00f3k B\u00e9la- Este a sz\u00e9kelyekn\u00e9l<\/strong><\/em><\/p>\n<p>Az Este a sz\u00e9kelyekn\u00e9l Bart\u00f3k B\u00e9la legismertebb zongor\u00e1ra \u00edrott m\u0171ve, amelyet 1908-ban kompon\u00e1lt. Nyilatkozat\u00e1b\u00f3l tudjuk, hogy ez a rendk\u00edv\u00fcl n\u00e9pszer\u0171v\u00e9 v\u00e1lt kompoz\u00edci\u00f3ja k\u00f6veti ugyan az erd\u00e9lyi n\u00e9pdalok st\u00edlus\u00e1t, zenei anyaga azonban nem n\u00e9pi eredet\u0171, hanem a komponista saj\u00e1t invenci\u00f3j\u00e1b\u00f3l sz\u00e1rmazik. A m\u0171 k\u00e9tf\u00e9le anyagb\u00f3l szerkesztett: az egyik lass\u00fa temp\u00f3j\u00fa, parlando dallam, \u00e9nek ill\u00fazi\u00f3j\u00e1t kelti, m\u00edg a m\u00e1sik feszes ritmus\u00fa, gyors t\u00e1nczene, amelyet nyilv\u00e1n furulya sz\u00f3laltat meg az elk\u00e9pzelt sz\u00e9kely falu esti \u00f6sszej\u00f6vetel\u00e9n. Ezt a k\u00e9t anyagot a bemutat\u00e1s ut\u00e1n vari\u00e1lt form\u00e1ban megism\u00e9tli a darab, majd az \u00e9nekelt dallam szenved\u00e9lyes unison\u00f3j\u00e1val \u00e9r v\u00e9get. A darabot 1931-ben zenekari v\u00e1ltozatban is elk\u00e9sz\u00edtette Bart\u00f3k.<\/p>\n<ul>\n<li><em><strong><span style=\"color: #ff6600;\">Dr. Horv\u00e1th D\u00e1niel vezet\u0151 konzul \u00far \u00fcnnepi besz\u00e9de<\/span><\/strong><\/em><\/li>\n<\/ul>\n<p><a href=\"https:\/\/stuttgarti-katolikusok.de\/wp-content\/uploads\/2022\/10\/kepernyofelvetel-70.png\"><img loading=\"lazy\" decoding=\"async\" class=\"alignnone size-full wp-image-23784\" src=\"https:\/\/stuttgarti-katolikusok.de\/wp-content\/uploads\/2022\/10\/kepernyofelvetel-70.png\" alt=\"\" width=\"1623\" height=\"913\" srcset=\"https:\/\/stuttgarti-katolikusok.de\/wp-content\/uploads\/2022\/10\/kepernyofelvetel-70.png 1623w, https:\/\/stuttgarti-katolikusok.de\/wp-content\/uploads\/2022\/10\/kepernyofelvetel-70-300x169.png 300w, https:\/\/stuttgarti-katolikusok.de\/wp-content\/uploads\/2022\/10\/kepernyofelvetel-70-1024x576.png 1024w, https:\/\/stuttgarti-katolikusok.de\/wp-content\/uploads\/2022\/10\/kepernyofelvetel-70-1536x864.png 1536w\" sizes=\"auto, (max-width: 1623px) 100vw, 1623px\" \/><\/a><\/p>\n<ul>\n<li><em><strong><span style=\"color: #ff6600;\">Baka Istv\u00e1n: Halottak napja &#8211; vers &#8211; el\u0151adja T\u00f3th M\u00e1rta<\/span><\/strong><\/em><\/li>\n<\/ul>\n<p><a href=\"https:\/\/stuttgarti-katolikusok.de\/wp-content\/uploads\/2022\/10\/kepernyofelvetel-89.png\"><img loading=\"lazy\" decoding=\"async\" class=\"alignnone size-full wp-image-23792\" src=\"https:\/\/stuttgarti-katolikusok.de\/wp-content\/uploads\/2022\/10\/kepernyofelvetel-89.png\" alt=\"\" width=\"1591\" height=\"894\" srcset=\"https:\/\/stuttgarti-katolikusok.de\/wp-content\/uploads\/2022\/10\/kepernyofelvetel-89.png 1591w, https:\/\/stuttgarti-katolikusok.de\/wp-content\/uploads\/2022\/10\/kepernyofelvetel-89-300x169.png 300w, https:\/\/stuttgarti-katolikusok.de\/wp-content\/uploads\/2022\/10\/kepernyofelvetel-89-1024x575.png 1024w, https:\/\/stuttgarti-katolikusok.de\/wp-content\/uploads\/2022\/10\/kepernyofelvetel-89-1536x863.png 1536w\" sizes=\"auto, (max-width: 1591px) 100vw, 1591px\" \/><\/a><\/p>\n<ul>\n<li><em><strong><span style=\"color: #ff6600;\">Jan\u00e1k R\u00e9ka vezet\u00e9s\u00e9vel a gyermekek el\u0151ad\u00e1sa<\/span><\/strong><\/em><\/li>\n<\/ul>\n<p><a href=\"https:\/\/stuttgarti-katolikusok.de\/wp-content\/uploads\/2022\/10\/kepernyofelvetel-76.png\"><img loading=\"lazy\" decoding=\"async\" class=\"alignnone size-full wp-image-23786\" src=\"https:\/\/stuttgarti-katolikusok.de\/wp-content\/uploads\/2022\/10\/kepernyofelvetel-76.png\" alt=\"\" width=\"1601\" height=\"897\" srcset=\"https:\/\/stuttgarti-katolikusok.de\/wp-content\/uploads\/2022\/10\/kepernyofelvetel-76.png 1601w, https:\/\/stuttgarti-katolikusok.de\/wp-content\/uploads\/2022\/10\/kepernyofelvetel-76-300x168.png 300w, https:\/\/stuttgarti-katolikusok.de\/wp-content\/uploads\/2022\/10\/kepernyofelvetel-76-1024x574.png 1024w, https:\/\/stuttgarti-katolikusok.de\/wp-content\/uploads\/2022\/10\/kepernyofelvetel-76-1536x861.png 1536w, https:\/\/stuttgarti-katolikusok.de\/wp-content\/uploads\/2022\/10\/kepernyofelvetel-76-670x374.png 670w\" sizes=\"auto, (max-width: 1601px) 100vw, 1601px\" \/><\/a><\/p>\n<ul>\n<li><em><strong><span style=\"color: #ff6600;\">Sipos Gyula: Egy orosz katon\u00e1r\u00f3l &#8211; vers &#8211; el\u0151adja J\u00f3zsa Tam\u00e1s<\/span><\/strong><\/em><\/li>\n<\/ul>\n<p><span style=\"color: #ff9900;\"><a style=\"color: #ff9900;\" href=\"https:\/\/stuttgarti-katolikusok.de\/wp-content\/uploads\/2022\/10\/kepernyofelvetel-78.png\"><img loading=\"lazy\" decoding=\"async\" class=\"alignnone size-full wp-image-23787\" src=\"https:\/\/stuttgarti-katolikusok.de\/wp-content\/uploads\/2022\/10\/kepernyofelvetel-78.png\" alt=\"\" width=\"1590\" height=\"915\" srcset=\"https:\/\/stuttgarti-katolikusok.de\/wp-content\/uploads\/2022\/10\/kepernyofelvetel-78.png 1590w, https:\/\/stuttgarti-katolikusok.de\/wp-content\/uploads\/2022\/10\/kepernyofelvetel-78-300x173.png 300w, https:\/\/stuttgarti-katolikusok.de\/wp-content\/uploads\/2022\/10\/kepernyofelvetel-78-1024x589.png 1024w, https:\/\/stuttgarti-katolikusok.de\/wp-content\/uploads\/2022\/10\/kepernyofelvetel-78-1536x884.png 1536w\" sizes=\"auto, (max-width: 1590px) 100vw, 1590px\" \/><\/a><\/span><\/p>\n<ul>\n<li><em><strong><span style=\"color: #ff6600;\">Berem\u00e9nyi G\u00e9za: Magyar Copperfield &#8211; r\u00e9szlet &#8211; el\u0151adja Andriska G\u00e1bor<\/span><\/strong><\/em><\/li>\n<\/ul>\n<p><a href=\"https:\/\/stuttgarti-katolikusok.de\/wp-content\/uploads\/2022\/10\/kepernyofelvetel-80.png\"><img loading=\"lazy\" decoding=\"async\" class=\"alignnone size-full wp-image-23788\" src=\"https:\/\/stuttgarti-katolikusok.de\/wp-content\/uploads\/2022\/10\/kepernyofelvetel-80.png\" alt=\"\" width=\"1609\" height=\"895\" srcset=\"https:\/\/stuttgarti-katolikusok.de\/wp-content\/uploads\/2022\/10\/kepernyofelvetel-80.png 1609w, https:\/\/stuttgarti-katolikusok.de\/wp-content\/uploads\/2022\/10\/kepernyofelvetel-80-300x167.png 300w, https:\/\/stuttgarti-katolikusok.de\/wp-content\/uploads\/2022\/10\/kepernyofelvetel-80-1024x570.png 1024w, https:\/\/stuttgarti-katolikusok.de\/wp-content\/uploads\/2022\/10\/kepernyofelvetel-80-1536x854.png 1536w, https:\/\/stuttgarti-katolikusok.de\/wp-content\/uploads\/2022\/10\/kepernyofelvetel-80-670x374.png 670w\" sizes=\"auto, (max-width: 1609px) 100vw, 1609px\" \/><\/a><\/p>\n<ul>\n<li><em><strong><span style=\"color: #ff6600;\">J. S. Bach &#8211; C-d\u00far prel\u00fadium &#8211; P\u00e1l Ram\u00f3na, zongora<\/span><\/strong><\/em><\/li>\n<\/ul>\n<p><a href=\"https:\/\/stuttgarti-katolikusok.de\/wp-content\/uploads\/2022\/10\/kepernyofelvetel-84.png\"><img loading=\"lazy\" decoding=\"async\" class=\"alignnone size-full wp-image-23790\" src=\"https:\/\/stuttgarti-katolikusok.de\/wp-content\/uploads\/2022\/10\/kepernyofelvetel-84.png\" alt=\"\" width=\"1618\" height=\"909\" srcset=\"https:\/\/stuttgarti-katolikusok.de\/wp-content\/uploads\/2022\/10\/kepernyofelvetel-84.png 1618w, https:\/\/stuttgarti-katolikusok.de\/wp-content\/uploads\/2022\/10\/kepernyofelvetel-84-300x169.png 300w, https:\/\/stuttgarti-katolikusok.de\/wp-content\/uploads\/2022\/10\/kepernyofelvetel-84-1024x575.png 1024w, https:\/\/stuttgarti-katolikusok.de\/wp-content\/uploads\/2022\/10\/kepernyofelvetel-84-1536x863.png 1536w\" sizes=\"auto, (max-width: 1618px) 100vw, 1618px\" \/><\/a><\/p>\n<p><em><strong><span style=\"color: #ff6600;\">D\u00e1vid Melinda vezeti f\u00f6l mind a k\u00e9t elhangz\u00f3 zenei m\u0171vet<\/span><\/strong><\/em><\/p>\n<p><em><strong>Johann Sebastian Bach &#8211; C-d\u00far prel\u00fadium <\/strong><\/em><\/p>\n<p>Johann Sebastian Bach monument\u00e1lis \u00e9letm\u0171v\u00e9nek egyik nagy pill\u00e9re Wohltemperiertes Klavier c\u00edmmel publik\u00e1lt k\u00e9tk\u00f6tetes sorozata. Pontos c\u00edme magyarra ford\u00edtva: A j\u00f3l hangolt zongora, azaz prel\u00fadiumok \u00e9s f\u00fag\u00e1k minden eg\u00e9sz- \u00e9s f\u00e9lhangr\u00f3l. A C-d\u00far prel\u00fadium a k\u00f6tet legels\u0151 m\u0171ve, amire 2 \u00e9vsz\u00e1zaddal k\u00e9s\u0151bb Charles Gounod kompon\u00e1lt egy Ave Mari\u00e1t. Szent Istv\u00e1n kir\u00e1ly 1038. Augusztus 15-\u00e9n, Nagyboldogasszony napj\u00e1n, Sz\u00e9kesfeh\u00e9rv\u00e1rott f\u00f6laj\u00e1nlotta Magyarorsz\u00e1got Sz\u0171z M\u00e1ri\u00e1nak. A 17. Sz\u00e1zadban a Patrona Hungariae-eszm\u00e9re alapozva alakult ki Regnum Marianum (M\u00e1ria Orsz\u00e1ga) fogalma, ami azt fejezi ki, hogy Szent Istv\u00e1n felaj\u00e1nl\u00e1s\u00e1val nemcsak oltalmaz\u00f3ja, hanem mindenkori tulajdonosa is Magyarorsz\u00e1gnak. Az\u00e9rt esett e m\u0171re a v\u00e1laszt\u00e1s, mert az 56-os forradalom fiataljai is Magyarorsz\u00e1g\u00e9rt, M\u00e1ria orsz\u00e1g\u00e1\u00e9rt harcoltak, tov\u00e1bb\u00e1 okt\u00f3ber 7-\u00e9n volt a R\u00f3zsaf\u00fcz\u00e9r kir\u00e1lyn\u0151j\u00e9nek \u00fcnnepe. 1571. okt\u00f3ber 7-\u00e9n a lepant\u00f3i tengeri \u00fctk\u00f6zetben a kereszt\u00e9ny seregek \u00e1ltal alkotott Szent Liga \u00f6sszecsapott az oszm\u00e1n flott\u00e1val. A csat\u00e1t seg\u00edtend\u0151 V. Piusz p\u00e1pa elrendelte a r\u00f3zsaf\u00fcz\u00e9r im\u00e1dkoz\u00e1s\u00e1t, melyet maga is kitart\u00f3an v\u00e9gzett.<\/p>\n<p>Ma az eredeti, Bach \u00e1ltal \u00edrt m\u0171 fog elhangzani.<\/p>\n<ul>\n<li><em><strong><span style=\"color: #ff6600;\">Nemzeti Himnusz<\/span><\/strong><\/em><\/li>\n<\/ul>\n<p><a href=\"https:\/\/stuttgarti-katolikusok.de\/wp-content\/uploads\/2022\/10\/kepernyofelvetel-82-1.png\"><img loading=\"lazy\" decoding=\"async\" class=\"alignnone size-full wp-image-23795\" src=\"https:\/\/stuttgarti-katolikusok.de\/wp-content\/uploads\/2022\/10\/kepernyofelvetel-82-1.png\" alt=\"\" width=\"1597\" height=\"889\" srcset=\"https:\/\/stuttgarti-katolikusok.de\/wp-content\/uploads\/2022\/10\/kepernyofelvetel-82-1.png 1597w, https:\/\/stuttgarti-katolikusok.de\/wp-content\/uploads\/2022\/10\/kepernyofelvetel-82-1-300x167.png 300w, https:\/\/stuttgarti-katolikusok.de\/wp-content\/uploads\/2022\/10\/kepernyofelvetel-82-1-1024x570.png 1024w, https:\/\/stuttgarti-katolikusok.de\/wp-content\/uploads\/2022\/10\/kepernyofelvetel-82-1-1536x855.png 1536w, https:\/\/stuttgarti-katolikusok.de\/wp-content\/uploads\/2022\/10\/kepernyofelvetel-82-1-670x374.png 670w\" sizes=\"auto, (max-width: 1597px) 100vw, 1597px\" \/><\/a><\/p>\n","protected":false},"excerpt":{"rendered":"<p>&#8222;1956 \u00e9s az ifj\u00fas\u00e1g&#8221; c\u00edmmel \u00fcnnepi megeml\u00e9kez\u0151 m\u0171sort tartottunk az \u00f6kumenikus istentiszteletet k\u00f6vet\u0151en a Bruder Klaus templomban Az al\u00e1bbi\u00a0 linkre kattintva megtekinthet\u0151 \u00fcnnepi m\u0171sorunk. H\u00e1l\u00e1s k\u00f6sz\u00f6net Schultheis \u00c9v\u00e1nak, aki m\u0171sorunkat \u00f6ssze\u00e1ll\u00edtotta, s term\u00e9szetesen minden k\u00f6zrem\u0171k\u00f6d\u0151nek.\u00a0 &#8222;1956 \u00e9s az ifj\u00fas\u00e1g&#8221; F\u0151bb r\u00e9szei a m\u0171sornak: K\u00f6sz\u00f6nt\u0151 gondolatok &#8211; Tibor atya Bart\u00f3k B\u00e9la: Este a sz\u00e9kelyekn\u00e9l &#8211; P\u00e1l Ram\u00f3na, zongora Bart\u00f3k B\u00e9la- Este a sz\u00e9kelyekn\u00e9l Az Este a sz\u00e9kelyekn\u00e9l Bart\u00f3k B\u00e9la legismertebb zongor\u00e1ra \u00edrott m\u0171ve, amelyet 1908-ban kompon\u00e1lt. Nyilatkozat\u00e1b\u00f3l tudjuk, hogy ez a rendk\u00edv\u00fcl n\u00e9pszer\u0171v\u00e9 v\u00e1lt kompoz\u00edci\u00f3ja k\u00f6veti ugyan az erd\u00e9lyi n\u00e9pdalok st\u00edlus\u00e1t, zenei anyaga azonban nem n\u00e9pi eredet\u0171, hanem a komponista saj\u00e1t invenci\u00f3j\u00e1b\u00f3l sz\u00e1rmazik. A m\u0171 k\u00e9tf\u00e9le anyagb\u00f3l szerkesztett: az egyik lass\u00fa temp\u00f3j\u00fa, parlando dallam, \u00e9nek ill\u00fazi\u00f3j\u00e1t kelti, m\u00edg a m\u00e1sik feszes ritmus\u00fa, gyors t\u00e1nczene, amelyet nyilv\u00e1n furulya sz\u00f3laltat meg az elk\u00e9pzelt sz\u00e9kely falu esti \u00f6sszej\u00f6vetel\u00e9n. Ezt a k\u00e9t anyagot a bemutat\u00e1s ut\u00e1n vari\u00e1lt form\u00e1ban megism\u00e9tli a darab, majd az \u00e9nekelt dallam szenved\u00e9lyes unison\u00f3j\u00e1val \u00e9r v\u00e9get. A darabot 1931-ben zenekari v\u00e1ltozatban is elk\u00e9sz\u00edtette Bart\u00f3k. Dr. Horv\u00e1th D\u00e1niel vezet\u0151 konzul \u00far \u00fcnnepi besz\u00e9de Baka Istv\u00e1n: Halottak napja &#8211; vers &#8211; el\u0151adja T\u00f3th M\u00e1rta Jan\u00e1k R\u00e9ka vezet\u00e9s\u00e9vel a gyermekek el\u0151ad\u00e1sa Sipos Gyula: Egy orosz katon\u00e1r\u00f3l &#8211; vers &#8211; el\u0151adja J\u00f3zsa Tam\u00e1s Berem\u00e9nyi G\u00e9za: Magyar Copperfield &#8211; r\u00e9szlet &#8211; el\u0151adja Andriska G\u00e1bor J. S. Bach &#8211; C-d\u00far prel\u00fadium &#8211; P\u00e1l Ram\u00f3na, zongora D\u00e1vid Melinda vezeti f\u00f6l mind a k\u00e9t elhangz\u00f3 zenei m\u0171vet Johann Sebastian Bach &#8211; C-d\u00far prel\u00fadium Johann Sebastian Bach monument\u00e1lis \u00e9letm\u0171v\u00e9nek egyik nagy pill\u00e9re Wohltemperiertes Klavier c\u00edmmel publik\u00e1lt k\u00e9tk\u00f6tetes sorozata. Pontos c\u00edme magyarra ford\u00edtva: A j\u00f3l hangolt zongora, azaz prel\u00fadiumok \u00e9s f\u00fag\u00e1k minden eg\u00e9sz- \u00e9s f\u00e9lhangr\u00f3l. A C-d\u00far prel\u00fadium a k\u00f6tet legels\u0151 m\u0171ve, amire 2 \u00e9vsz\u00e1zaddal k\u00e9s\u0151bb Charles Gounod kompon\u00e1lt egy Ave Mari\u00e1t. Szent Istv\u00e1n kir\u00e1ly 1038. Augusztus 15-\u00e9n, Nagyboldogasszony napj\u00e1n, Sz\u00e9kesfeh\u00e9rv\u00e1rott f\u00f6laj\u00e1nlotta Magyarorsz\u00e1got Sz\u0171z M\u00e1ri\u00e1nak. A 17. Sz\u00e1zadban a Patrona Hungariae-eszm\u00e9re alapozva&#8230; <\/p>\n<p><a class=\"readmore\" href=\"https:\/\/stuttgarti-katolikusok.de\/index.php\/1956-es-az-ifjusag-unnepi-megemlekezo-musor\/\">R\u00e9szletek<\/a><\/p>\n","protected":false},"author":3,"featured_media":23872,"comment_status":"closed","ping_status":"closed","sticky":false,"template":"","format":"standard","meta":{"footnotes":""},"categories":[5],"tags":[],"class_list":["post-23780","post","type-post","status-publish","format-standard","has-post-thumbnail","hentry","category-hirek"],"yoast_head":"<!-- This site is optimized with the Yoast SEO plugin v27.3 - https:\/\/yoast.com\/product\/yoast-seo-wordpress\/ -->\n<title>&quot;1956 \u00e9s az ifj\u00fas\u00e1g&quot; - \u00dcnnepi megeml\u00e9kez\u0151 m\u0171sor - Stuttgarti Katolikusok<\/title>\n<meta name=\"robots\" content=\"index, follow, max-snippet:-1, max-image-preview:large, max-video-preview:-1\" \/>\n<link rel=\"canonical\" href=\"https:\/\/stuttgarti-katolikusok.de\/index.php\/1956-es-az-ifjusag-unnepi-megemlekezo-musor\/\" \/>\n<meta property=\"og:locale\" content=\"hu_HU\" \/>\n<meta property=\"og:type\" content=\"article\" \/>\n<meta property=\"og:title\" content=\"&quot;1956 \u00e9s az ifj\u00fas\u00e1g&quot; - \u00dcnnepi megeml\u00e9kez\u0151 m\u0171sor - Stuttgarti Katolikusok\" \/>\n<meta property=\"og:description\" content=\"&#8222;1956 \u00e9s az ifj\u00fas\u00e1g&#8221; c\u00edmmel \u00fcnnepi megeml\u00e9kez\u0151 m\u0171sort tartottunk az \u00f6kumenikus istentiszteletet k\u00f6vet\u0151en a Bruder Klaus templomban Az al\u00e1bbi\u00a0 linkre kattintva megtekinthet\u0151 \u00fcnnepi m\u0171sorunk. H\u00e1l\u00e1s k\u00f6sz\u00f6net Schultheis \u00c9v\u00e1nak, aki m\u0171sorunkat \u00f6ssze\u00e1ll\u00edtotta, s term\u00e9szetesen minden k\u00f6zrem\u0171k\u00f6d\u0151nek.\u00a0 &#8222;1956 \u00e9s az ifj\u00fas\u00e1g&#8221; F\u0151bb r\u00e9szei a m\u0171sornak: K\u00f6sz\u00f6nt\u0151 gondolatok &#8211; Tibor atya Bart\u00f3k B\u00e9la: Este a sz\u00e9kelyekn\u00e9l &#8211; P\u00e1l Ram\u00f3na, zongora Bart\u00f3k B\u00e9la- Este a sz\u00e9kelyekn\u00e9l Az Este a sz\u00e9kelyekn\u00e9l Bart\u00f3k B\u00e9la legismertebb zongor\u00e1ra \u00edrott m\u0171ve, amelyet 1908-ban kompon\u00e1lt. Nyilatkozat\u00e1b\u00f3l tudjuk, hogy ez a rendk\u00edv\u00fcl n\u00e9pszer\u0171v\u00e9 v\u00e1lt kompoz\u00edci\u00f3ja k\u00f6veti ugyan az erd\u00e9lyi n\u00e9pdalok st\u00edlus\u00e1t, zenei anyaga azonban nem n\u00e9pi eredet\u0171, hanem a komponista saj\u00e1t invenci\u00f3j\u00e1b\u00f3l sz\u00e1rmazik. A m\u0171 k\u00e9tf\u00e9le anyagb\u00f3l szerkesztett: az egyik lass\u00fa temp\u00f3j\u00fa, parlando dallam, \u00e9nek ill\u00fazi\u00f3j\u00e1t kelti, m\u00edg a m\u00e1sik feszes ritmus\u00fa, gyors t\u00e1nczene, amelyet nyilv\u00e1n furulya sz\u00f3laltat meg az elk\u00e9pzelt sz\u00e9kely falu esti \u00f6sszej\u00f6vetel\u00e9n. Ezt a k\u00e9t anyagot a bemutat\u00e1s ut\u00e1n vari\u00e1lt form\u00e1ban megism\u00e9tli a darab, majd az \u00e9nekelt dallam szenved\u00e9lyes unison\u00f3j\u00e1val \u00e9r v\u00e9get. A darabot 1931-ben zenekari v\u00e1ltozatban is elk\u00e9sz\u00edtette Bart\u00f3k. Dr. Horv\u00e1th D\u00e1niel vezet\u0151 konzul \u00far \u00fcnnepi besz\u00e9de Baka Istv\u00e1n: Halottak napja &#8211; vers &#8211; el\u0151adja T\u00f3th M\u00e1rta Jan\u00e1k R\u00e9ka vezet\u00e9s\u00e9vel a gyermekek el\u0151ad\u00e1sa Sipos Gyula: Egy orosz katon\u00e1r\u00f3l &#8211; vers &#8211; el\u0151adja J\u00f3zsa Tam\u00e1s Berem\u00e9nyi G\u00e9za: Magyar Copperfield &#8211; r\u00e9szlet &#8211; el\u0151adja Andriska G\u00e1bor J. S. Bach &#8211; C-d\u00far prel\u00fadium &#8211; P\u00e1l Ram\u00f3na, zongora D\u00e1vid Melinda vezeti f\u00f6l mind a k\u00e9t elhangz\u00f3 zenei m\u0171vet Johann Sebastian Bach &#8211; C-d\u00far prel\u00fadium Johann Sebastian Bach monument\u00e1lis \u00e9letm\u0171v\u00e9nek egyik nagy pill\u00e9re Wohltemperiertes Klavier c\u00edmmel publik\u00e1lt k\u00e9tk\u00f6tetes sorozata. Pontos c\u00edme magyarra ford\u00edtva: A j\u00f3l hangolt zongora, azaz prel\u00fadiumok \u00e9s f\u00fag\u00e1k minden eg\u00e9sz- \u00e9s f\u00e9lhangr\u00f3l. A C-d\u00far prel\u00fadium a k\u00f6tet legels\u0151 m\u0171ve, amire 2 \u00e9vsz\u00e1zaddal k\u00e9s\u0151bb Charles Gounod kompon\u00e1lt egy Ave Mari\u00e1t. Szent Istv\u00e1n kir\u00e1ly 1038. Augusztus 15-\u00e9n, Nagyboldogasszony napj\u00e1n, Sz\u00e9kesfeh\u00e9rv\u00e1rott f\u00f6laj\u00e1nlotta Magyarorsz\u00e1got Sz\u0171z M\u00e1ri\u00e1nak. A 17. Sz\u00e1zadban a Patrona Hungariae-eszm\u00e9re alapozva... R\u00e9szletek\" \/>\n<meta property=\"og:url\" content=\"https:\/\/stuttgarti-katolikusok.de\/index.php\/1956-es-az-ifjusag-unnepi-megemlekezo-musor\/\" \/>\n<meta property=\"og:site_name\" content=\"Stuttgarti Katolikusok\" \/>\n<meta property=\"article:published_time\" content=\"2022-10-18T01:19:49+00:00\" \/>\n<meta property=\"article:modified_time\" content=\"2022-11-01T07:23:03+00:00\" \/>\n<meta property=\"og:image\" content=\"https:\/\/stuttgarti-katolikusok.de\/wp-content\/uploads\/2022\/11\/kepernyofelvetel-76-komp.jpg\" \/>\n\t<meta property=\"og:image:width\" content=\"1280\" \/>\n\t<meta property=\"og:image:height\" content=\"717\" \/>\n\t<meta property=\"og:image:type\" content=\"image\/jpeg\" \/>\n<meta name=\"author\" content=\"Tibor atya\" \/>\n<meta name=\"twitter:card\" content=\"summary_large_image\" \/>\n<meta name=\"twitter:label1\" content=\"Szerz\u0151:\" \/>\n\t<meta name=\"twitter:data1\" content=\"Tibor atya\" \/>\n\t<meta name=\"twitter:label2\" content=\"Becs\u00fclt olvas\u00e1si id\u0151\" \/>\n\t<meta name=\"twitter:data2\" content=\"4 perc\" \/>\n<script type=\"application\/ld+json\" class=\"yoast-schema-graph\">{\"@context\":\"https:\\\/\\\/schema.org\",\"@graph\":[{\"@type\":\"Article\",\"@id\":\"https:\\\/\\\/stuttgarti-katolikusok.de\\\/index.php\\\/1956-es-az-ifjusag-unnepi-megemlekezo-musor\\\/#article\",\"isPartOf\":{\"@id\":\"https:\\\/\\\/stuttgarti-katolikusok.de\\\/index.php\\\/1956-es-az-ifjusag-unnepi-megemlekezo-musor\\\/\"},\"author\":{\"name\":\"Tibor atya\",\"@id\":\"https:\\\/\\\/stuttgarti-katolikusok.de\\\/#\\\/schema\\\/person\\\/75908d6f8fdc03a57889d27209df7795\"},\"headline\":\"&#8222;1956 \u00e9s az ifj\u00fas\u00e1g&#8221; &#8211; \u00dcnnepi megeml\u00e9kez\u0151 m\u0171sor\",\"datePublished\":\"2022-10-18T01:19:49+00:00\",\"dateModified\":\"2022-11-01T07:23:03+00:00\",\"mainEntityOfPage\":{\"@id\":\"https:\\\/\\\/stuttgarti-katolikusok.de\\\/index.php\\\/1956-es-az-ifjusag-unnepi-megemlekezo-musor\\\/\"},\"wordCount\":609,\"image\":{\"@id\":\"https:\\\/\\\/stuttgarti-katolikusok.de\\\/index.php\\\/1956-es-az-ifjusag-unnepi-megemlekezo-musor\\\/#primaryimage\"},\"thumbnailUrl\":\"https:\\\/\\\/stuttgarti-katolikusok.de\\\/wp-content\\\/uploads\\\/2022\\\/11\\\/kepernyofelvetel-76-komp.jpg\",\"articleSection\":[\"H\u00edrek\"],\"inLanguage\":\"hu\"},{\"@type\":\"WebPage\",\"@id\":\"https:\\\/\\\/stuttgarti-katolikusok.de\\\/index.php\\\/1956-es-az-ifjusag-unnepi-megemlekezo-musor\\\/\",\"url\":\"https:\\\/\\\/stuttgarti-katolikusok.de\\\/index.php\\\/1956-es-az-ifjusag-unnepi-megemlekezo-musor\\\/\",\"name\":\"\\\"1956 \u00e9s az ifj\u00fas\u00e1g\\\" - \u00dcnnepi megeml\u00e9kez\u0151 m\u0171sor - Stuttgarti Katolikusok\",\"isPartOf\":{\"@id\":\"https:\\\/\\\/stuttgarti-katolikusok.de\\\/#website\"},\"primaryImageOfPage\":{\"@id\":\"https:\\\/\\\/stuttgarti-katolikusok.de\\\/index.php\\\/1956-es-az-ifjusag-unnepi-megemlekezo-musor\\\/#primaryimage\"},\"image\":{\"@id\":\"https:\\\/\\\/stuttgarti-katolikusok.de\\\/index.php\\\/1956-es-az-ifjusag-unnepi-megemlekezo-musor\\\/#primaryimage\"},\"thumbnailUrl\":\"https:\\\/\\\/stuttgarti-katolikusok.de\\\/wp-content\\\/uploads\\\/2022\\\/11\\\/kepernyofelvetel-76-komp.jpg\",\"datePublished\":\"2022-10-18T01:19:49+00:00\",\"dateModified\":\"2022-11-01T07:23:03+00:00\",\"author\":{\"@id\":\"https:\\\/\\\/stuttgarti-katolikusok.de\\\/#\\\/schema\\\/person\\\/75908d6f8fdc03a57889d27209df7795\"},\"breadcrumb\":{\"@id\":\"https:\\\/\\\/stuttgarti-katolikusok.de\\\/index.php\\\/1956-es-az-ifjusag-unnepi-megemlekezo-musor\\\/#breadcrumb\"},\"inLanguage\":\"hu\",\"potentialAction\":[{\"@type\":\"ReadAction\",\"target\":[\"https:\\\/\\\/stuttgarti-katolikusok.de\\\/index.php\\\/1956-es-az-ifjusag-unnepi-megemlekezo-musor\\\/\"]}]},{\"@type\":\"ImageObject\",\"inLanguage\":\"hu\",\"@id\":\"https:\\\/\\\/stuttgarti-katolikusok.de\\\/index.php\\\/1956-es-az-ifjusag-unnepi-megemlekezo-musor\\\/#primaryimage\",\"url\":\"https:\\\/\\\/stuttgarti-katolikusok.de\\\/wp-content\\\/uploads\\\/2022\\\/11\\\/kepernyofelvetel-76-komp.jpg\",\"contentUrl\":\"https:\\\/\\\/stuttgarti-katolikusok.de\\\/wp-content\\\/uploads\\\/2022\\\/11\\\/kepernyofelvetel-76-komp.jpg\",\"width\":1280,\"height\":717},{\"@type\":\"BreadcrumbList\",\"@id\":\"https:\\\/\\\/stuttgarti-katolikusok.de\\\/index.php\\\/1956-es-az-ifjusag-unnepi-megemlekezo-musor\\\/#breadcrumb\",\"itemListElement\":[{\"@type\":\"ListItem\",\"position\":1,\"name\":\"Kezd\u0151lap\",\"item\":\"https:\\\/\\\/stuttgarti-katolikusok.de\\\/\"},{\"@type\":\"ListItem\",\"position\":2,\"name\":\"&#8220;1956 \u00e9s az ifj\u00fas\u00e1g&#8221; &#8211; \u00dcnnepi megeml\u00e9kez\u0151 m\u0171sor\"}]},{\"@type\":\"WebSite\",\"@id\":\"https:\\\/\\\/stuttgarti-katolikusok.de\\\/#website\",\"url\":\"https:\\\/\\\/stuttgarti-katolikusok.de\\\/\",\"name\":\"Stuttgarti Katolikusok\",\"description\":\"\",\"potentialAction\":[{\"@type\":\"SearchAction\",\"target\":{\"@type\":\"EntryPoint\",\"urlTemplate\":\"https:\\\/\\\/stuttgarti-katolikusok.de\\\/?s={search_term_string}\"},\"query-input\":{\"@type\":\"PropertyValueSpecification\",\"valueRequired\":true,\"valueName\":\"search_term_string\"}}],\"inLanguage\":\"hu\"},{\"@type\":\"Person\",\"@id\":\"https:\\\/\\\/stuttgarti-katolikusok.de\\\/#\\\/schema\\\/person\\\/75908d6f8fdc03a57889d27209df7795\",\"name\":\"Tibor atya\",\"image\":{\"@type\":\"ImageObject\",\"inLanguage\":\"hu\",\"@id\":\"https:\\\/\\\/secure.gravatar.com\\\/avatar\\\/61d268e57d1f4525b111222e29d2d5a7f8c420fdbf231ba5566a8ceac74fa960?s=96&d=mm&r=g\",\"url\":\"https:\\\/\\\/secure.gravatar.com\\\/avatar\\\/61d268e57d1f4525b111222e29d2d5a7f8c420fdbf231ba5566a8ceac74fa960?s=96&d=mm&r=g\",\"contentUrl\":\"https:\\\/\\\/secure.gravatar.com\\\/avatar\\\/61d268e57d1f4525b111222e29d2d5a7f8c420fdbf231ba5566a8ceac74fa960?s=96&d=mm&r=g\",\"caption\":\"Tibor atya\"},\"url\":\"https:\\\/\\\/stuttgarti-katolikusok.de\\\/index.php\\\/author\\\/tibor-atya\\\/\"}]}<\/script>\n<!-- \/ Yoast SEO plugin. -->","yoast_head_json":{"title":"\"1956 \u00e9s az ifj\u00fas\u00e1g\" - \u00dcnnepi megeml\u00e9kez\u0151 m\u0171sor - Stuttgarti Katolikusok","robots":{"index":"index","follow":"follow","max-snippet":"max-snippet:-1","max-image-preview":"max-image-preview:large","max-video-preview":"max-video-preview:-1"},"canonical":"https:\/\/stuttgarti-katolikusok.de\/index.php\/1956-es-az-ifjusag-unnepi-megemlekezo-musor\/","og_locale":"hu_HU","og_type":"article","og_title":"\"1956 \u00e9s az ifj\u00fas\u00e1g\" - \u00dcnnepi megeml\u00e9kez\u0151 m\u0171sor - Stuttgarti Katolikusok","og_description":"&#8222;1956 \u00e9s az ifj\u00fas\u00e1g&#8221; c\u00edmmel \u00fcnnepi megeml\u00e9kez\u0151 m\u0171sort tartottunk az \u00f6kumenikus istentiszteletet k\u00f6vet\u0151en a Bruder Klaus templomban Az al\u00e1bbi\u00a0 linkre kattintva megtekinthet\u0151 \u00fcnnepi m\u0171sorunk. H\u00e1l\u00e1s k\u00f6sz\u00f6net Schultheis \u00c9v\u00e1nak, aki m\u0171sorunkat \u00f6ssze\u00e1ll\u00edtotta, s term\u00e9szetesen minden k\u00f6zrem\u0171k\u00f6d\u0151nek.\u00a0 &#8222;1956 \u00e9s az ifj\u00fas\u00e1g&#8221; F\u0151bb r\u00e9szei a m\u0171sornak: K\u00f6sz\u00f6nt\u0151 gondolatok &#8211; Tibor atya Bart\u00f3k B\u00e9la: Este a sz\u00e9kelyekn\u00e9l &#8211; P\u00e1l Ram\u00f3na, zongora Bart\u00f3k B\u00e9la- Este a sz\u00e9kelyekn\u00e9l Az Este a sz\u00e9kelyekn\u00e9l Bart\u00f3k B\u00e9la legismertebb zongor\u00e1ra \u00edrott m\u0171ve, amelyet 1908-ban kompon\u00e1lt. Nyilatkozat\u00e1b\u00f3l tudjuk, hogy ez a rendk\u00edv\u00fcl n\u00e9pszer\u0171v\u00e9 v\u00e1lt kompoz\u00edci\u00f3ja k\u00f6veti ugyan az erd\u00e9lyi n\u00e9pdalok st\u00edlus\u00e1t, zenei anyaga azonban nem n\u00e9pi eredet\u0171, hanem a komponista saj\u00e1t invenci\u00f3j\u00e1b\u00f3l sz\u00e1rmazik. A m\u0171 k\u00e9tf\u00e9le anyagb\u00f3l szerkesztett: az egyik lass\u00fa temp\u00f3j\u00fa, parlando dallam, \u00e9nek ill\u00fazi\u00f3j\u00e1t kelti, m\u00edg a m\u00e1sik feszes ritmus\u00fa, gyors t\u00e1nczene, amelyet nyilv\u00e1n furulya sz\u00f3laltat meg az elk\u00e9pzelt sz\u00e9kely falu esti \u00f6sszej\u00f6vetel\u00e9n. Ezt a k\u00e9t anyagot a bemutat\u00e1s ut\u00e1n vari\u00e1lt form\u00e1ban megism\u00e9tli a darab, majd az \u00e9nekelt dallam szenved\u00e9lyes unison\u00f3j\u00e1val \u00e9r v\u00e9get. A darabot 1931-ben zenekari v\u00e1ltozatban is elk\u00e9sz\u00edtette Bart\u00f3k. Dr. Horv\u00e1th D\u00e1niel vezet\u0151 konzul \u00far \u00fcnnepi besz\u00e9de Baka Istv\u00e1n: Halottak napja &#8211; vers &#8211; el\u0151adja T\u00f3th M\u00e1rta Jan\u00e1k R\u00e9ka vezet\u00e9s\u00e9vel a gyermekek el\u0151ad\u00e1sa Sipos Gyula: Egy orosz katon\u00e1r\u00f3l &#8211; vers &#8211; el\u0151adja J\u00f3zsa Tam\u00e1s Berem\u00e9nyi G\u00e9za: Magyar Copperfield &#8211; r\u00e9szlet &#8211; el\u0151adja Andriska G\u00e1bor J. S. Bach &#8211; C-d\u00far prel\u00fadium &#8211; P\u00e1l Ram\u00f3na, zongora D\u00e1vid Melinda vezeti f\u00f6l mind a k\u00e9t elhangz\u00f3 zenei m\u0171vet Johann Sebastian Bach &#8211; C-d\u00far prel\u00fadium Johann Sebastian Bach monument\u00e1lis \u00e9letm\u0171v\u00e9nek egyik nagy pill\u00e9re Wohltemperiertes Klavier c\u00edmmel publik\u00e1lt k\u00e9tk\u00f6tetes sorozata. Pontos c\u00edme magyarra ford\u00edtva: A j\u00f3l hangolt zongora, azaz prel\u00fadiumok \u00e9s f\u00fag\u00e1k minden eg\u00e9sz- \u00e9s f\u00e9lhangr\u00f3l. A C-d\u00far prel\u00fadium a k\u00f6tet legels\u0151 m\u0171ve, amire 2 \u00e9vsz\u00e1zaddal k\u00e9s\u0151bb Charles Gounod kompon\u00e1lt egy Ave Mari\u00e1t. Szent Istv\u00e1n kir\u00e1ly 1038. Augusztus 15-\u00e9n, Nagyboldogasszony napj\u00e1n, Sz\u00e9kesfeh\u00e9rv\u00e1rott f\u00f6laj\u00e1nlotta Magyarorsz\u00e1got Sz\u0171z M\u00e1ri\u00e1nak. A 17. Sz\u00e1zadban a Patrona Hungariae-eszm\u00e9re alapozva... R\u00e9szletek","og_url":"https:\/\/stuttgarti-katolikusok.de\/index.php\/1956-es-az-ifjusag-unnepi-megemlekezo-musor\/","og_site_name":"Stuttgarti Katolikusok","article_published_time":"2022-10-18T01:19:49+00:00","article_modified_time":"2022-11-01T07:23:03+00:00","og_image":[{"width":1280,"height":717,"url":"https:\/\/stuttgarti-katolikusok.de\/wp-content\/uploads\/2022\/11\/kepernyofelvetel-76-komp.jpg","type":"image\/jpeg"}],"author":"Tibor atya","twitter_card":"summary_large_image","twitter_misc":{"Szerz\u0151:":"Tibor atya","Becs\u00fclt olvas\u00e1si id\u0151":"4 perc"},"schema":{"@context":"https:\/\/schema.org","@graph":[{"@type":"Article","@id":"https:\/\/stuttgarti-katolikusok.de\/index.php\/1956-es-az-ifjusag-unnepi-megemlekezo-musor\/#article","isPartOf":{"@id":"https:\/\/stuttgarti-katolikusok.de\/index.php\/1956-es-az-ifjusag-unnepi-megemlekezo-musor\/"},"author":{"name":"Tibor atya","@id":"https:\/\/stuttgarti-katolikusok.de\/#\/schema\/person\/75908d6f8fdc03a57889d27209df7795"},"headline":"&#8222;1956 \u00e9s az ifj\u00fas\u00e1g&#8221; &#8211; \u00dcnnepi megeml\u00e9kez\u0151 m\u0171sor","datePublished":"2022-10-18T01:19:49+00:00","dateModified":"2022-11-01T07:23:03+00:00","mainEntityOfPage":{"@id":"https:\/\/stuttgarti-katolikusok.de\/index.php\/1956-es-az-ifjusag-unnepi-megemlekezo-musor\/"},"wordCount":609,"image":{"@id":"https:\/\/stuttgarti-katolikusok.de\/index.php\/1956-es-az-ifjusag-unnepi-megemlekezo-musor\/#primaryimage"},"thumbnailUrl":"https:\/\/stuttgarti-katolikusok.de\/wp-content\/uploads\/2022\/11\/kepernyofelvetel-76-komp.jpg","articleSection":["H\u00edrek"],"inLanguage":"hu"},{"@type":"WebPage","@id":"https:\/\/stuttgarti-katolikusok.de\/index.php\/1956-es-az-ifjusag-unnepi-megemlekezo-musor\/","url":"https:\/\/stuttgarti-katolikusok.de\/index.php\/1956-es-az-ifjusag-unnepi-megemlekezo-musor\/","name":"\"1956 \u00e9s az ifj\u00fas\u00e1g\" - \u00dcnnepi megeml\u00e9kez\u0151 m\u0171sor - Stuttgarti Katolikusok","isPartOf":{"@id":"https:\/\/stuttgarti-katolikusok.de\/#website"},"primaryImageOfPage":{"@id":"https:\/\/stuttgarti-katolikusok.de\/index.php\/1956-es-az-ifjusag-unnepi-megemlekezo-musor\/#primaryimage"},"image":{"@id":"https:\/\/stuttgarti-katolikusok.de\/index.php\/1956-es-az-ifjusag-unnepi-megemlekezo-musor\/#primaryimage"},"thumbnailUrl":"https:\/\/stuttgarti-katolikusok.de\/wp-content\/uploads\/2022\/11\/kepernyofelvetel-76-komp.jpg","datePublished":"2022-10-18T01:19:49+00:00","dateModified":"2022-11-01T07:23:03+00:00","author":{"@id":"https:\/\/stuttgarti-katolikusok.de\/#\/schema\/person\/75908d6f8fdc03a57889d27209df7795"},"breadcrumb":{"@id":"https:\/\/stuttgarti-katolikusok.de\/index.php\/1956-es-az-ifjusag-unnepi-megemlekezo-musor\/#breadcrumb"},"inLanguage":"hu","potentialAction":[{"@type":"ReadAction","target":["https:\/\/stuttgarti-katolikusok.de\/index.php\/1956-es-az-ifjusag-unnepi-megemlekezo-musor\/"]}]},{"@type":"ImageObject","inLanguage":"hu","@id":"https:\/\/stuttgarti-katolikusok.de\/index.php\/1956-es-az-ifjusag-unnepi-megemlekezo-musor\/#primaryimage","url":"https:\/\/stuttgarti-katolikusok.de\/wp-content\/uploads\/2022\/11\/kepernyofelvetel-76-komp.jpg","contentUrl":"https:\/\/stuttgarti-katolikusok.de\/wp-content\/uploads\/2022\/11\/kepernyofelvetel-76-komp.jpg","width":1280,"height":717},{"@type":"BreadcrumbList","@id":"https:\/\/stuttgarti-katolikusok.de\/index.php\/1956-es-az-ifjusag-unnepi-megemlekezo-musor\/#breadcrumb","itemListElement":[{"@type":"ListItem","position":1,"name":"Kezd\u0151lap","item":"https:\/\/stuttgarti-katolikusok.de\/"},{"@type":"ListItem","position":2,"name":"&#8220;1956 \u00e9s az ifj\u00fas\u00e1g&#8221; &#8211; \u00dcnnepi megeml\u00e9kez\u0151 m\u0171sor"}]},{"@type":"WebSite","@id":"https:\/\/stuttgarti-katolikusok.de\/#website","url":"https:\/\/stuttgarti-katolikusok.de\/","name":"Stuttgarti Katolikusok","description":"","potentialAction":[{"@type":"SearchAction","target":{"@type":"EntryPoint","urlTemplate":"https:\/\/stuttgarti-katolikusok.de\/?s={search_term_string}"},"query-input":{"@type":"PropertyValueSpecification","valueRequired":true,"valueName":"search_term_string"}}],"inLanguage":"hu"},{"@type":"Person","@id":"https:\/\/stuttgarti-katolikusok.de\/#\/schema\/person\/75908d6f8fdc03a57889d27209df7795","name":"Tibor atya","image":{"@type":"ImageObject","inLanguage":"hu","@id":"https:\/\/secure.gravatar.com\/avatar\/61d268e57d1f4525b111222e29d2d5a7f8c420fdbf231ba5566a8ceac74fa960?s=96&d=mm&r=g","url":"https:\/\/secure.gravatar.com\/avatar\/61d268e57d1f4525b111222e29d2d5a7f8c420fdbf231ba5566a8ceac74fa960?s=96&d=mm&r=g","contentUrl":"https:\/\/secure.gravatar.com\/avatar\/61d268e57d1f4525b111222e29d2d5a7f8c420fdbf231ba5566a8ceac74fa960?s=96&d=mm&r=g","caption":"Tibor atya"},"url":"https:\/\/stuttgarti-katolikusok.de\/index.php\/author\/tibor-atya\/"}]}},"_links":{"self":[{"href":"https:\/\/stuttgarti-katolikusok.de\/index.php\/wp-json\/wp\/v2\/posts\/23780","targetHints":{"allow":["GET"]}}],"collection":[{"href":"https:\/\/stuttgarti-katolikusok.de\/index.php\/wp-json\/wp\/v2\/posts"}],"about":[{"href":"https:\/\/stuttgarti-katolikusok.de\/index.php\/wp-json\/wp\/v2\/types\/post"}],"author":[{"embeddable":true,"href":"https:\/\/stuttgarti-katolikusok.de\/index.php\/wp-json\/wp\/v2\/users\/3"}],"replies":[{"embeddable":true,"href":"https:\/\/stuttgarti-katolikusok.de\/index.php\/wp-json\/wp\/v2\/comments?post=23780"}],"version-history":[{"count":10,"href":"https:\/\/stuttgarti-katolikusok.de\/index.php\/wp-json\/wp\/v2\/posts\/23780\/revisions"}],"predecessor-version":[{"id":23805,"href":"https:\/\/stuttgarti-katolikusok.de\/index.php\/wp-json\/wp\/v2\/posts\/23780\/revisions\/23805"}],"wp:featuredmedia":[{"embeddable":true,"href":"https:\/\/stuttgarti-katolikusok.de\/index.php\/wp-json\/wp\/v2\/media\/23872"}],"wp:attachment":[{"href":"https:\/\/stuttgarti-katolikusok.de\/index.php\/wp-json\/wp\/v2\/media?parent=23780"}],"wp:term":[{"taxonomy":"category","embeddable":true,"href":"https:\/\/stuttgarti-katolikusok.de\/index.php\/wp-json\/wp\/v2\/categories?post=23780"},{"taxonomy":"post_tag","embeddable":true,"href":"https:\/\/stuttgarti-katolikusok.de\/index.php\/wp-json\/wp\/v2\/tags?post=23780"}],"curies":[{"name":"wp","href":"https:\/\/api.w.org\/{rel}","templated":true}]}}