{"id":23744,"date":"2022-10-08T14:06:17","date_gmt":"2022-10-08T12:06:17","guid":{"rendered":"https:\/\/stuttgarti-katolikusok.de\/?p=23744"},"modified":"2022-10-08T14:06:17","modified_gmt":"2022-10-08T12:06:17","slug":"okumenikus-istentisztelet-es-unnepi-musor-stuttgartban","status":"publish","type":"post","link":"https:\/\/stuttgarti-katolikusok.de\/index.php\/okumenikus-istentisztelet-es-unnepi-musor-stuttgartban\/","title":{"rendered":"\u00d6kumenikus istentisztelet \u00e9s \u00fcnnepi m\u0171sor Stuttgartban"},"content":{"rendered":"<p>2022. okt\u00f3ber 16-\u00e1n Stuttgartban 11.30 \u00f3rakor \u00f6kumenikus istentisztelet lesz, amelyet r\u00f6vid \u00fcnnepi m\u0171sor k\u00f6vet 1956 okt\u00f3ber 23-ra eml\u00e9kezve.<\/p>\n<p>Szeretettel v\u00e1runk benneteket Stuttgartb\u00f3l \u00e9s k\u00f6rny\u00e9k\u00e9r\u0151l, a k\u00f6z\u00f6ss\u00e9g \u00e9s Tibor atya<\/p>\n","protected":false},"excerpt":{"rendered":"<p>2022. okt\u00f3ber 16-\u00e1n Stuttgartban 11.30 \u00f3rakor \u00f6kumenikus istentisztelet lesz, amelyet r\u00f6vid \u00fcnnepi m\u0171sor k\u00f6vet 1956 okt\u00f3ber 23-ra eml\u00e9kezve. Szeretettel v\u00e1runk benneteket Stuttgartb\u00f3l \u00e9s k\u00f6rny\u00e9k\u00e9r\u0151l, a k\u00f6z\u00f6ss\u00e9g \u00e9s Tibor atya<\/p>\n","protected":false},"author":3,"featured_media":23746,"comment_status":"closed","ping_status":"closed","sticky":false,"template":"","format":"standard","meta":{"footnotes":""},"categories":[5],"tags":[],"class_list":["post-23744","post","type-post","status-publish","format-standard","has-post-thumbnail","hentry","category-hirek"],"yoast_head":"<!-- This site is optimized with the Yoast SEO plugin v27.3 - https:\/\/yoast.com\/product\/yoast-seo-wordpress\/ -->\n<title>\u00d6kumenikus istentisztelet \u00e9s \u00fcnnepi m\u0171sor Stuttgartban - Stuttgarti Katolikusok<\/title>\n<meta name=\"robots\" content=\"index, follow, max-snippet:-1, max-image-preview:large, max-video-preview:-1\" \/>\n<link rel=\"canonical\" href=\"https:\/\/stuttgarti-katolikusok.de\/index.php\/okumenikus-istentisztelet-es-unnepi-musor-stuttgartban\/\" \/>\n<meta property=\"og:locale\" content=\"hu_HU\" \/>\n<meta property=\"og:type\" content=\"article\" \/>\n<meta property=\"og:title\" content=\"\u00d6kumenikus istentisztelet \u00e9s \u00fcnnepi m\u0171sor Stuttgartban - Stuttgarti Katolikusok\" \/>\n<meta property=\"og:description\" content=\"2022. okt\u00f3ber 16-\u00e1n Stuttgartban 11.30 \u00f3rakor \u00f6kumenikus istentisztelet lesz, amelyet r\u00f6vid \u00fcnnepi m\u0171sor k\u00f6vet 1956 okt\u00f3ber 23-ra eml\u00e9kezve. Szeretettel v\u00e1runk benneteket Stuttgartb\u00f3l \u00e9s k\u00f6rny\u00e9k\u00e9r\u0151l, a k\u00f6z\u00f6ss\u00e9g \u00e9s Tibor atya\" \/>\n<meta property=\"og:url\" content=\"https:\/\/stuttgarti-katolikusok.de\/index.php\/okumenikus-istentisztelet-es-unnepi-musor-stuttgartban\/\" \/>\n<meta property=\"og:site_name\" content=\"Stuttgarti Katolikusok\" \/>\n<meta property=\"article:published_time\" content=\"2022-10-08T12:06:17+00:00\" \/>\n<meta property=\"og:image\" content=\"https:\/\/stuttgarti-katolikusok.de\/wp-content\/uploads\/2022\/10\/plakat-mitflagge.png\" \/>\n\t<meta property=\"og:image:width\" content=\"1513\" \/>\n\t<meta property=\"og:image:height\" content=\"2140\" \/>\n\t<meta property=\"og:image:type\" content=\"image\/png\" \/>\n<meta name=\"author\" content=\"Tibor atya\" \/>\n<meta name=\"twitter:card\" content=\"summary_large_image\" \/>\n<meta name=\"twitter:label1\" content=\"Szerz\u0151:\" \/>\n\t<meta name=\"twitter:data1\" content=\"Tibor atya\" \/>\n\t<meta name=\"twitter:label2\" content=\"Becs\u00fclt olvas\u00e1si id\u0151\" \/>\n\t<meta name=\"twitter:data2\" content=\"1 perc\" \/>\n<script type=\"application\/ld+json\" class=\"yoast-schema-graph\">{\"@context\":\"https:\\\/\\\/schema.org\",\"@graph\":[{\"@type\":\"Article\",\"@id\":\"https:\\\/\\\/stuttgarti-katolikusok.de\\\/index.php\\\/okumenikus-istentisztelet-es-unnepi-musor-stuttgartban\\\/#article\",\"isPartOf\":{\"@id\":\"https:\\\/\\\/stuttgarti-katolikusok.de\\\/index.php\\\/okumenikus-istentisztelet-es-unnepi-musor-stuttgartban\\\/\"},\"author\":{\"name\":\"Tibor atya\",\"@id\":\"https:\\\/\\\/stuttgarti-katolikusok.de\\\/#\\\/schema\\\/person\\\/75908d6f8fdc03a57889d27209df7795\"},\"headline\":\"\u00d6kumenikus istentisztelet \u00e9s \u00fcnnepi m\u0171sor Stuttgartban\",\"datePublished\":\"2022-10-08T12:06:17+00:00\",\"mainEntityOfPage\":{\"@id\":\"https:\\\/\\\/stuttgarti-katolikusok.de\\\/index.php\\\/okumenikus-istentisztelet-es-unnepi-musor-stuttgartban\\\/\"},\"wordCount\":49,\"image\":{\"@id\":\"https:\\\/\\\/stuttgarti-katolikusok.de\\\/index.php\\\/okumenikus-istentisztelet-es-unnepi-musor-stuttgartban\\\/#primaryimage\"},\"thumbnailUrl\":\"https:\\\/\\\/stuttgarti-katolikusok.de\\\/wp-content\\\/uploads\\\/2022\\\/10\\\/plakat-mitflagge.png\",\"articleSection\":[\"H\u00edrek\"],\"inLanguage\":\"hu\"},{\"@type\":\"WebPage\",\"@id\":\"https:\\\/\\\/stuttgarti-katolikusok.de\\\/index.php\\\/okumenikus-istentisztelet-es-unnepi-musor-stuttgartban\\\/\",\"url\":\"https:\\\/\\\/stuttgarti-katolikusok.de\\\/index.php\\\/okumenikus-istentisztelet-es-unnepi-musor-stuttgartban\\\/\",\"name\":\"\u00d6kumenikus istentisztelet \u00e9s \u00fcnnepi m\u0171sor Stuttgartban - Stuttgarti Katolikusok\",\"isPartOf\":{\"@id\":\"https:\\\/\\\/stuttgarti-katolikusok.de\\\/#website\"},\"primaryImageOfPage\":{\"@id\":\"https:\\\/\\\/stuttgarti-katolikusok.de\\\/index.php\\\/okumenikus-istentisztelet-es-unnepi-musor-stuttgartban\\\/#primaryimage\"},\"image\":{\"@id\":\"https:\\\/\\\/stuttgarti-katolikusok.de\\\/index.php\\\/okumenikus-istentisztelet-es-unnepi-musor-stuttgartban\\\/#primaryimage\"},\"thumbnailUrl\":\"https:\\\/\\\/stuttgarti-katolikusok.de\\\/wp-content\\\/uploads\\\/2022\\\/10\\\/plakat-mitflagge.png\",\"datePublished\":\"2022-10-08T12:06:17+00:00\",\"author\":{\"@id\":\"https:\\\/\\\/stuttgarti-katolikusok.de\\\/#\\\/schema\\\/person\\\/75908d6f8fdc03a57889d27209df7795\"},\"breadcrumb\":{\"@id\":\"https:\\\/\\\/stuttgarti-katolikusok.de\\\/index.php\\\/okumenikus-istentisztelet-es-unnepi-musor-stuttgartban\\\/#breadcrumb\"},\"inLanguage\":\"hu\",\"potentialAction\":[{\"@type\":\"ReadAction\",\"target\":[\"https:\\\/\\\/stuttgarti-katolikusok.de\\\/index.php\\\/okumenikus-istentisztelet-es-unnepi-musor-stuttgartban\\\/\"]}]},{\"@type\":\"ImageObject\",\"inLanguage\":\"hu\",\"@id\":\"https:\\\/\\\/stuttgarti-katolikusok.de\\\/index.php\\\/okumenikus-istentisztelet-es-unnepi-musor-stuttgartban\\\/#primaryimage\",\"url\":\"https:\\\/\\\/stuttgarti-katolikusok.de\\\/wp-content\\\/uploads\\\/2022\\\/10\\\/plakat-mitflagge.png\",\"contentUrl\":\"https:\\\/\\\/stuttgarti-katolikusok.de\\\/wp-content\\\/uploads\\\/2022\\\/10\\\/plakat-mitflagge.png\",\"width\":1513,\"height\":2140},{\"@type\":\"BreadcrumbList\",\"@id\":\"https:\\\/\\\/stuttgarti-katolikusok.de\\\/index.php\\\/okumenikus-istentisztelet-es-unnepi-musor-stuttgartban\\\/#breadcrumb\",\"itemListElement\":[{\"@type\":\"ListItem\",\"position\":1,\"name\":\"Kezd\u0151lap\",\"item\":\"https:\\\/\\\/stuttgarti-katolikusok.de\\\/\"},{\"@type\":\"ListItem\",\"position\":2,\"name\":\"\u00d6kumenikus istentisztelet \u00e9s \u00fcnnepi m\u0171sor Stuttgartban\"}]},{\"@type\":\"WebSite\",\"@id\":\"https:\\\/\\\/stuttgarti-katolikusok.de\\\/#website\",\"url\":\"https:\\\/\\\/stuttgarti-katolikusok.de\\\/\",\"name\":\"Stuttgarti Katolikusok\",\"description\":\"\",\"potentialAction\":[{\"@type\":\"SearchAction\",\"target\":{\"@type\":\"EntryPoint\",\"urlTemplate\":\"https:\\\/\\\/stuttgarti-katolikusok.de\\\/?s={search_term_string}\"},\"query-input\":{\"@type\":\"PropertyValueSpecification\",\"valueRequired\":true,\"valueName\":\"search_term_string\"}}],\"inLanguage\":\"hu\"},{\"@type\":\"Person\",\"@id\":\"https:\\\/\\\/stuttgarti-katolikusok.de\\\/#\\\/schema\\\/person\\\/75908d6f8fdc03a57889d27209df7795\",\"name\":\"Tibor atya\",\"image\":{\"@type\":\"ImageObject\",\"inLanguage\":\"hu\",\"@id\":\"https:\\\/\\\/secure.gravatar.com\\\/avatar\\\/61d268e57d1f4525b111222e29d2d5a7f8c420fdbf231ba5566a8ceac74fa960?s=96&d=mm&r=g\",\"url\":\"https:\\\/\\\/secure.gravatar.com\\\/avatar\\\/61d268e57d1f4525b111222e29d2d5a7f8c420fdbf231ba5566a8ceac74fa960?s=96&d=mm&r=g\",\"contentUrl\":\"https:\\\/\\\/secure.gravatar.com\\\/avatar\\\/61d268e57d1f4525b111222e29d2d5a7f8c420fdbf231ba5566a8ceac74fa960?s=96&d=mm&r=g\",\"caption\":\"Tibor atya\"},\"url\":\"https:\\\/\\\/stuttgarti-katolikusok.de\\\/index.php\\\/author\\\/tibor-atya\\\/\"}]}<\/script>\n<!-- \/ Yoast SEO plugin. -->","yoast_head_json":{"title":"\u00d6kumenikus istentisztelet \u00e9s \u00fcnnepi m\u0171sor Stuttgartban - Stuttgarti Katolikusok","robots":{"index":"index","follow":"follow","max-snippet":"max-snippet:-1","max-image-preview":"max-image-preview:large","max-video-preview":"max-video-preview:-1"},"canonical":"https:\/\/stuttgarti-katolikusok.de\/index.php\/okumenikus-istentisztelet-es-unnepi-musor-stuttgartban\/","og_locale":"hu_HU","og_type":"article","og_title":"\u00d6kumenikus istentisztelet \u00e9s \u00fcnnepi m\u0171sor Stuttgartban - Stuttgarti Katolikusok","og_description":"2022. okt\u00f3ber 16-\u00e1n Stuttgartban 11.30 \u00f3rakor \u00f6kumenikus istentisztelet lesz, amelyet r\u00f6vid \u00fcnnepi m\u0171sor k\u00f6vet 1956 okt\u00f3ber 23-ra eml\u00e9kezve. Szeretettel v\u00e1runk benneteket Stuttgartb\u00f3l \u00e9s k\u00f6rny\u00e9k\u00e9r\u0151l, a k\u00f6z\u00f6ss\u00e9g \u00e9s Tibor atya","og_url":"https:\/\/stuttgarti-katolikusok.de\/index.php\/okumenikus-istentisztelet-es-unnepi-musor-stuttgartban\/","og_site_name":"Stuttgarti Katolikusok","article_published_time":"2022-10-08T12:06:17+00:00","og_image":[{"width":1513,"height":2140,"url":"https:\/\/stuttgarti-katolikusok.de\/wp-content\/uploads\/2022\/10\/plakat-mitflagge.png","type":"image\/png"}],"author":"Tibor atya","twitter_card":"summary_large_image","twitter_misc":{"Szerz\u0151:":"Tibor atya","Becs\u00fclt olvas\u00e1si id\u0151":"1 perc"},"schema":{"@context":"https:\/\/schema.org","@graph":[{"@type":"Article","@id":"https:\/\/stuttgarti-katolikusok.de\/index.php\/okumenikus-istentisztelet-es-unnepi-musor-stuttgartban\/#article","isPartOf":{"@id":"https:\/\/stuttgarti-katolikusok.de\/index.php\/okumenikus-istentisztelet-es-unnepi-musor-stuttgartban\/"},"author":{"name":"Tibor atya","@id":"https:\/\/stuttgarti-katolikusok.de\/#\/schema\/person\/75908d6f8fdc03a57889d27209df7795"},"headline":"\u00d6kumenikus istentisztelet \u00e9s \u00fcnnepi m\u0171sor Stuttgartban","datePublished":"2022-10-08T12:06:17+00:00","mainEntityOfPage":{"@id":"https:\/\/stuttgarti-katolikusok.de\/index.php\/okumenikus-istentisztelet-es-unnepi-musor-stuttgartban\/"},"wordCount":49,"image":{"@id":"https:\/\/stuttgarti-katolikusok.de\/index.php\/okumenikus-istentisztelet-es-unnepi-musor-stuttgartban\/#primaryimage"},"thumbnailUrl":"https:\/\/stuttgarti-katolikusok.de\/wp-content\/uploads\/2022\/10\/plakat-mitflagge.png","articleSection":["H\u00edrek"],"inLanguage":"hu"},{"@type":"WebPage","@id":"https:\/\/stuttgarti-katolikusok.de\/index.php\/okumenikus-istentisztelet-es-unnepi-musor-stuttgartban\/","url":"https:\/\/stuttgarti-katolikusok.de\/index.php\/okumenikus-istentisztelet-es-unnepi-musor-stuttgartban\/","name":"\u00d6kumenikus istentisztelet \u00e9s \u00fcnnepi m\u0171sor Stuttgartban - Stuttgarti Katolikusok","isPartOf":{"@id":"https:\/\/stuttgarti-katolikusok.de\/#website"},"primaryImageOfPage":{"@id":"https:\/\/stuttgarti-katolikusok.de\/index.php\/okumenikus-istentisztelet-es-unnepi-musor-stuttgartban\/#primaryimage"},"image":{"@id":"https:\/\/stuttgarti-katolikusok.de\/index.php\/okumenikus-istentisztelet-es-unnepi-musor-stuttgartban\/#primaryimage"},"thumbnailUrl":"https:\/\/stuttgarti-katolikusok.de\/wp-content\/uploads\/2022\/10\/plakat-mitflagge.png","datePublished":"2022-10-08T12:06:17+00:00","author":{"@id":"https:\/\/stuttgarti-katolikusok.de\/#\/schema\/person\/75908d6f8fdc03a57889d27209df7795"},"breadcrumb":{"@id":"https:\/\/stuttgarti-katolikusok.de\/index.php\/okumenikus-istentisztelet-es-unnepi-musor-stuttgartban\/#breadcrumb"},"inLanguage":"hu","potentialAction":[{"@type":"ReadAction","target":["https:\/\/stuttgarti-katolikusok.de\/index.php\/okumenikus-istentisztelet-es-unnepi-musor-stuttgartban\/"]}]},{"@type":"ImageObject","inLanguage":"hu","@id":"https:\/\/stuttgarti-katolikusok.de\/index.php\/okumenikus-istentisztelet-es-unnepi-musor-stuttgartban\/#primaryimage","url":"https:\/\/stuttgarti-katolikusok.de\/wp-content\/uploads\/2022\/10\/plakat-mitflagge.png","contentUrl":"https:\/\/stuttgarti-katolikusok.de\/wp-content\/uploads\/2022\/10\/plakat-mitflagge.png","width":1513,"height":2140},{"@type":"BreadcrumbList","@id":"https:\/\/stuttgarti-katolikusok.de\/index.php\/okumenikus-istentisztelet-es-unnepi-musor-stuttgartban\/#breadcrumb","itemListElement":[{"@type":"ListItem","position":1,"name":"Kezd\u0151lap","item":"https:\/\/stuttgarti-katolikusok.de\/"},{"@type":"ListItem","position":2,"name":"\u00d6kumenikus istentisztelet \u00e9s \u00fcnnepi m\u0171sor Stuttgartban"}]},{"@type":"WebSite","@id":"https:\/\/stuttgarti-katolikusok.de\/#website","url":"https:\/\/stuttgarti-katolikusok.de\/","name":"Stuttgarti Katolikusok","description":"","potentialAction":[{"@type":"SearchAction","target":{"@type":"EntryPoint","urlTemplate":"https:\/\/stuttgarti-katolikusok.de\/?s={search_term_string}"},"query-input":{"@type":"PropertyValueSpecification","valueRequired":true,"valueName":"search_term_string"}}],"inLanguage":"hu"},{"@type":"Person","@id":"https:\/\/stuttgarti-katolikusok.de\/#\/schema\/person\/75908d6f8fdc03a57889d27209df7795","name":"Tibor atya","image":{"@type":"ImageObject","inLanguage":"hu","@id":"https:\/\/secure.gravatar.com\/avatar\/61d268e57d1f4525b111222e29d2d5a7f8c420fdbf231ba5566a8ceac74fa960?s=96&d=mm&r=g","url":"https:\/\/secure.gravatar.com\/avatar\/61d268e57d1f4525b111222e29d2d5a7f8c420fdbf231ba5566a8ceac74fa960?s=96&d=mm&r=g","contentUrl":"https:\/\/secure.gravatar.com\/avatar\/61d268e57d1f4525b111222e29d2d5a7f8c420fdbf231ba5566a8ceac74fa960?s=96&d=mm&r=g","caption":"Tibor atya"},"url":"https:\/\/stuttgarti-katolikusok.de\/index.php\/author\/tibor-atya\/"}]}},"_links":{"self":[{"href":"https:\/\/stuttgarti-katolikusok.de\/index.php\/wp-json\/wp\/v2\/posts\/23744","targetHints":{"allow":["GET"]}}],"collection":[{"href":"https:\/\/stuttgarti-katolikusok.de\/index.php\/wp-json\/wp\/v2\/posts"}],"about":[{"href":"https:\/\/stuttgarti-katolikusok.de\/index.php\/wp-json\/wp\/v2\/types\/post"}],"author":[{"embeddable":true,"href":"https:\/\/stuttgarti-katolikusok.de\/index.php\/wp-json\/wp\/v2\/users\/3"}],"replies":[{"embeddable":true,"href":"https:\/\/stuttgarti-katolikusok.de\/index.php\/wp-json\/wp\/v2\/comments?post=23744"}],"version-history":[{"count":1,"href":"https:\/\/stuttgarti-katolikusok.de\/index.php\/wp-json\/wp\/v2\/posts\/23744\/revisions"}],"predecessor-version":[{"id":23747,"href":"https:\/\/stuttgarti-katolikusok.de\/index.php\/wp-json\/wp\/v2\/posts\/23744\/revisions\/23747"}],"wp:featuredmedia":[{"embeddable":true,"href":"https:\/\/stuttgarti-katolikusok.de\/index.php\/wp-json\/wp\/v2\/media\/23746"}],"wp:attachment":[{"href":"https:\/\/stuttgarti-katolikusok.de\/index.php\/wp-json\/wp\/v2\/media?parent=23744"}],"wp:term":[{"taxonomy":"category","embeddable":true,"href":"https:\/\/stuttgarti-katolikusok.de\/index.php\/wp-json\/wp\/v2\/categories?post=23744"},{"taxonomy":"post_tag","embeddable":true,"href":"https:\/\/stuttgarti-katolikusok.de\/index.php\/wp-json\/wp\/v2\/tags?post=23744"}],"curies":[{"name":"wp","href":"https:\/\/api.w.org\/{rel}","templated":true}]}}