{"id":23681,"date":"2022-09-19T23:38:59","date_gmt":"2022-09-19T21:38:59","guid":{"rendered":"https:\/\/stuttgarti-katolikusok.de\/?p=23681"},"modified":"2022-09-19T23:38:59","modified_gmt":"2022-09-19T21:38:59","slug":"lenart-linda-orgonamuveszno-orgonahangversenye","status":"publish","type":"post","link":"https:\/\/stuttgarti-katolikusok.de\/index.php\/lenart-linda-orgonamuveszno-orgonahangversenye\/","title":{"rendered":"L\u00e9n\u00e1rt Linda orgonam\u0171v\u00e9szn\u0151 orgonahangversenye"},"content":{"rendered":"<p>A Nyitott templomok \u00e9jszak\u00e1ja rendezv\u00e9ny keret\u00e9ben \u00e9s a k\u00f6z\u00f6ss\u00e9g Szent Gell\u00e9rt b\u00facs\u00faj\u00e1hoz kapcsol\u00f3d\u00f3an 2022. szeptember 17-\u00e9n, szombaton 19.00 \u00f3rakor L\u00e9n\u00e1rt Linda orgona hangverseny\u00e9re ker\u00fclt sor.<\/p>\n<p>A m\u0171v\u00e9szn\u0151 virtu\u00f3z j\u00e1t\u00e9ka mag\u00e1val ragad\u00f3 volt. K\u00f6sz\u00f6net \u00e9rte<\/p>\n<p>Ugyan\u00edgy k\u00f6sz\u00f6net P\u00e1l Ram\u00f3n\u00e1nak, k\u00f6z\u00f6ss\u00e9g\u00fcnk tagj\u00e1nak, aki az elhangz\u00f3 m\u0171vek szerz\u0151inek vil\u00e1g\u00e1ba kalauzolt el benn\u00fcnket. A Magnificat feldolgoz\u00e1s\u00e1ban pedig \u00e9nek\u00e9vel gazdag\u00edtotta est\u00e9nket.<\/p>\n<p>Az orgonahangversenyen k\u00e9sz\u00fclt felv\u00e9tel, k\u00f6sz\u00f6net D\u00e1vid Ferencnek, csak r\u00e9szben adja vissza mindazon \u00e9rz\u00e9seket, amelyekben r\u00e9sz\u00fcnk lehetett.<\/p>\n<p>K\u00f6sz\u00f6net a felejthetetlen est\u00e9\u00e9rt!<\/p>\n<p><em>Tibor atya<\/em><\/p>\n<p><em>U.i. Vas\u00e1rnap lehet\u0151s\u00e9g volt \u00fajra meghallgatni m\u0171v\u00e9szn\u0151 orgonahangverseny\u00e9t.<\/em><\/p>\n<p><a href=\"https:\/\/www.youtube.com\/watch?v=T9XH2h9kXhI\">L\u00e9n\u00e1rt Linda m\u0171v\u00e9szn\u0151 orgonahangversenye<\/a><\/p>\n","protected":false},"excerpt":{"rendered":"<p>A Nyitott templomok \u00e9jszak\u00e1ja rendezv\u00e9ny keret\u00e9ben \u00e9s a k\u00f6z\u00f6ss\u00e9g Szent Gell\u00e9rt b\u00facs\u00faj\u00e1hoz kapcsol\u00f3d\u00f3an 2022. szeptember 17-\u00e9n, szombaton 19.00 \u00f3rakor L\u00e9n\u00e1rt Linda orgona hangverseny\u00e9re ker\u00fclt sor. A m\u0171v\u00e9szn\u0151 virtu\u00f3z j\u00e1t\u00e9ka mag\u00e1val ragad\u00f3 volt. K\u00f6sz\u00f6net \u00e9rte Ugyan\u00edgy k\u00f6sz\u00f6net P\u00e1l Ram\u00f3n\u00e1nak, k\u00f6z\u00f6ss\u00e9g\u00fcnk tagj\u00e1nak, aki az elhangz\u00f3 m\u0171vek szerz\u0151inek vil\u00e1g\u00e1ba kalauzolt el benn\u00fcnket. A Magnificat feldolgoz\u00e1s\u00e1ban pedig \u00e9nek\u00e9vel gazdag\u00edtotta est\u00e9nket. Az orgonahangversenyen k\u00e9sz\u00fclt felv\u00e9tel, k\u00f6sz\u00f6net D\u00e1vid Ferencnek, csak r\u00e9szben adja vissza mindazon \u00e9rz\u00e9seket, amelyekben r\u00e9sz\u00fcnk lehetett. K\u00f6sz\u00f6net a felejthetetlen est\u00e9\u00e9rt! Tibor atya U.i. Vas\u00e1rnap lehet\u0151s\u00e9g volt \u00fajra meghallgatni m\u0171v\u00e9szn\u0151 orgonahangverseny\u00e9t. L\u00e9n\u00e1rt Linda m\u0171v\u00e9szn\u0151 orgonahangversenye<\/p>\n","protected":false},"author":3,"featured_media":23682,"comment_status":"closed","ping_status":"closed","sticky":false,"template":"","format":"standard","meta":{"footnotes":""},"categories":[5],"tags":[],"class_list":["post-23681","post","type-post","status-publish","format-standard","has-post-thumbnail","hentry","category-hirek"],"yoast_head":"<!-- This site is optimized with the Yoast SEO plugin v27.3 - https:\/\/yoast.com\/product\/yoast-seo-wordpress\/ -->\n<title>L\u00e9n\u00e1rt Linda orgonam\u0171v\u00e9szn\u0151 orgonahangversenye - Stuttgarti Katolikusok<\/title>\n<meta name=\"robots\" content=\"index, follow, max-snippet:-1, max-image-preview:large, max-video-preview:-1\" \/>\n<link rel=\"canonical\" href=\"https:\/\/stuttgarti-katolikusok.de\/index.php\/lenart-linda-orgonamuveszno-orgonahangversenye\/\" \/>\n<meta property=\"og:locale\" content=\"hu_HU\" \/>\n<meta property=\"og:type\" content=\"article\" \/>\n<meta property=\"og:title\" content=\"L\u00e9n\u00e1rt Linda orgonam\u0171v\u00e9szn\u0151 orgonahangversenye - Stuttgarti Katolikusok\" \/>\n<meta property=\"og:description\" content=\"A Nyitott templomok \u00e9jszak\u00e1ja rendezv\u00e9ny keret\u00e9ben \u00e9s a k\u00f6z\u00f6ss\u00e9g Szent Gell\u00e9rt b\u00facs\u00faj\u00e1hoz kapcsol\u00f3d\u00f3an 2022. szeptember 17-\u00e9n, szombaton 19.00 \u00f3rakor L\u00e9n\u00e1rt Linda orgona hangverseny\u00e9re ker\u00fclt sor. A m\u0171v\u00e9szn\u0151 virtu\u00f3z j\u00e1t\u00e9ka mag\u00e1val ragad\u00f3 volt. K\u00f6sz\u00f6net \u00e9rte Ugyan\u00edgy k\u00f6sz\u00f6net P\u00e1l Ram\u00f3n\u00e1nak, k\u00f6z\u00f6ss\u00e9g\u00fcnk tagj\u00e1nak, aki az elhangz\u00f3 m\u0171vek szerz\u0151inek vil\u00e1g\u00e1ba kalauzolt el benn\u00fcnket. A Magnificat feldolgoz\u00e1s\u00e1ban pedig \u00e9nek\u00e9vel gazdag\u00edtotta est\u00e9nket. Az orgonahangversenyen k\u00e9sz\u00fclt felv\u00e9tel, k\u00f6sz\u00f6net D\u00e1vid Ferencnek, csak r\u00e9szben adja vissza mindazon \u00e9rz\u00e9seket, amelyekben r\u00e9sz\u00fcnk lehetett. K\u00f6sz\u00f6net a felejthetetlen est\u00e9\u00e9rt! Tibor atya U.i. Vas\u00e1rnap lehet\u0151s\u00e9g volt \u00fajra meghallgatni m\u0171v\u00e9szn\u0151 orgonahangverseny\u00e9t. L\u00e9n\u00e1rt Linda m\u0171v\u00e9szn\u0151 orgonahangversenye\" \/>\n<meta property=\"og:url\" content=\"https:\/\/stuttgarti-katolikusok.de\/index.php\/lenart-linda-orgonamuveszno-orgonahangversenye\/\" \/>\n<meta property=\"og:site_name\" content=\"Stuttgarti Katolikusok\" \/>\n<meta property=\"article:published_time\" content=\"2022-09-19T21:38:59+00:00\" \/>\n<meta property=\"og:image\" content=\"https:\/\/stuttgarti-katolikusok.de\/wp-content\/uploads\/2022\/09\/lenart-linda.jpeg\" \/>\n\t<meta property=\"og:image:width\" content=\"2000\" \/>\n\t<meta property=\"og:image:height\" content=\"1500\" \/>\n\t<meta property=\"og:image:type\" content=\"image\/jpeg\" \/>\n<meta name=\"author\" content=\"Tibor atya\" \/>\n<meta name=\"twitter:card\" content=\"summary_large_image\" \/>\n<meta name=\"twitter:label1\" content=\"Szerz\u0151:\" \/>\n\t<meta name=\"twitter:data1\" content=\"Tibor atya\" \/>\n\t<meta name=\"twitter:label2\" content=\"Becs\u00fclt olvas\u00e1si id\u0151\" \/>\n\t<meta name=\"twitter:data2\" content=\"1 perc\" \/>\n<script type=\"application\/ld+json\" class=\"yoast-schema-graph\">{\"@context\":\"https:\\\/\\\/schema.org\",\"@graph\":[{\"@type\":\"Article\",\"@id\":\"https:\\\/\\\/stuttgarti-katolikusok.de\\\/index.php\\\/lenart-linda-orgonamuveszno-orgonahangversenye\\\/#article\",\"isPartOf\":{\"@id\":\"https:\\\/\\\/stuttgarti-katolikusok.de\\\/index.php\\\/lenart-linda-orgonamuveszno-orgonahangversenye\\\/\"},\"author\":{\"name\":\"Tibor atya\",\"@id\":\"https:\\\/\\\/stuttgarti-katolikusok.de\\\/#\\\/schema\\\/person\\\/75908d6f8fdc03a57889d27209df7795\"},\"headline\":\"L\u00e9n\u00e1rt Linda orgonam\u0171v\u00e9szn\u0151 orgonahangversenye\",\"datePublished\":\"2022-09-19T21:38:59+00:00\",\"mainEntityOfPage\":{\"@id\":\"https:\\\/\\\/stuttgarti-katolikusok.de\\\/index.php\\\/lenart-linda-orgonamuveszno-orgonahangversenye\\\/\"},\"wordCount\":166,\"image\":{\"@id\":\"https:\\\/\\\/stuttgarti-katolikusok.de\\\/index.php\\\/lenart-linda-orgonamuveszno-orgonahangversenye\\\/#primaryimage\"},\"thumbnailUrl\":\"https:\\\/\\\/stuttgarti-katolikusok.de\\\/wp-content\\\/uploads\\\/2022\\\/09\\\/lenart-linda.jpeg\",\"articleSection\":[\"H\u00edrek\"],\"inLanguage\":\"hu\"},{\"@type\":\"WebPage\",\"@id\":\"https:\\\/\\\/stuttgarti-katolikusok.de\\\/index.php\\\/lenart-linda-orgonamuveszno-orgonahangversenye\\\/\",\"url\":\"https:\\\/\\\/stuttgarti-katolikusok.de\\\/index.php\\\/lenart-linda-orgonamuveszno-orgonahangversenye\\\/\",\"name\":\"L\u00e9n\u00e1rt Linda orgonam\u0171v\u00e9szn\u0151 orgonahangversenye - Stuttgarti Katolikusok\",\"isPartOf\":{\"@id\":\"https:\\\/\\\/stuttgarti-katolikusok.de\\\/#website\"},\"primaryImageOfPage\":{\"@id\":\"https:\\\/\\\/stuttgarti-katolikusok.de\\\/index.php\\\/lenart-linda-orgonamuveszno-orgonahangversenye\\\/#primaryimage\"},\"image\":{\"@id\":\"https:\\\/\\\/stuttgarti-katolikusok.de\\\/index.php\\\/lenart-linda-orgonamuveszno-orgonahangversenye\\\/#primaryimage\"},\"thumbnailUrl\":\"https:\\\/\\\/stuttgarti-katolikusok.de\\\/wp-content\\\/uploads\\\/2022\\\/09\\\/lenart-linda.jpeg\",\"datePublished\":\"2022-09-19T21:38:59+00:00\",\"author\":{\"@id\":\"https:\\\/\\\/stuttgarti-katolikusok.de\\\/#\\\/schema\\\/person\\\/75908d6f8fdc03a57889d27209df7795\"},\"breadcrumb\":{\"@id\":\"https:\\\/\\\/stuttgarti-katolikusok.de\\\/index.php\\\/lenart-linda-orgonamuveszno-orgonahangversenye\\\/#breadcrumb\"},\"inLanguage\":\"hu\",\"potentialAction\":[{\"@type\":\"ReadAction\",\"target\":[\"https:\\\/\\\/stuttgarti-katolikusok.de\\\/index.php\\\/lenart-linda-orgonamuveszno-orgonahangversenye\\\/\"]}]},{\"@type\":\"ImageObject\",\"inLanguage\":\"hu\",\"@id\":\"https:\\\/\\\/stuttgarti-katolikusok.de\\\/index.php\\\/lenart-linda-orgonamuveszno-orgonahangversenye\\\/#primaryimage\",\"url\":\"https:\\\/\\\/stuttgarti-katolikusok.de\\\/wp-content\\\/uploads\\\/2022\\\/09\\\/lenart-linda.jpeg\",\"contentUrl\":\"https:\\\/\\\/stuttgarti-katolikusok.de\\\/wp-content\\\/uploads\\\/2022\\\/09\\\/lenart-linda.jpeg\",\"width\":2000,\"height\":1500},{\"@type\":\"BreadcrumbList\",\"@id\":\"https:\\\/\\\/stuttgarti-katolikusok.de\\\/index.php\\\/lenart-linda-orgonamuveszno-orgonahangversenye\\\/#breadcrumb\",\"itemListElement\":[{\"@type\":\"ListItem\",\"position\":1,\"name\":\"Kezd\u0151lap\",\"item\":\"https:\\\/\\\/stuttgarti-katolikusok.de\\\/\"},{\"@type\":\"ListItem\",\"position\":2,\"name\":\"L\u00e9n\u00e1rt Linda orgonam\u0171v\u00e9szn\u0151 orgonahangversenye\"}]},{\"@type\":\"WebSite\",\"@id\":\"https:\\\/\\\/stuttgarti-katolikusok.de\\\/#website\",\"url\":\"https:\\\/\\\/stuttgarti-katolikusok.de\\\/\",\"name\":\"Stuttgarti Katolikusok\",\"description\":\"\",\"potentialAction\":[{\"@type\":\"SearchAction\",\"target\":{\"@type\":\"EntryPoint\",\"urlTemplate\":\"https:\\\/\\\/stuttgarti-katolikusok.de\\\/?s={search_term_string}\"},\"query-input\":{\"@type\":\"PropertyValueSpecification\",\"valueRequired\":true,\"valueName\":\"search_term_string\"}}],\"inLanguage\":\"hu\"},{\"@type\":\"Person\",\"@id\":\"https:\\\/\\\/stuttgarti-katolikusok.de\\\/#\\\/schema\\\/person\\\/75908d6f8fdc03a57889d27209df7795\",\"name\":\"Tibor atya\",\"image\":{\"@type\":\"ImageObject\",\"inLanguage\":\"hu\",\"@id\":\"https:\\\/\\\/secure.gravatar.com\\\/avatar\\\/61d268e57d1f4525b111222e29d2d5a7f8c420fdbf231ba5566a8ceac74fa960?s=96&d=mm&r=g\",\"url\":\"https:\\\/\\\/secure.gravatar.com\\\/avatar\\\/61d268e57d1f4525b111222e29d2d5a7f8c420fdbf231ba5566a8ceac74fa960?s=96&d=mm&r=g\",\"contentUrl\":\"https:\\\/\\\/secure.gravatar.com\\\/avatar\\\/61d268e57d1f4525b111222e29d2d5a7f8c420fdbf231ba5566a8ceac74fa960?s=96&d=mm&r=g\",\"caption\":\"Tibor atya\"},\"url\":\"https:\\\/\\\/stuttgarti-katolikusok.de\\\/index.php\\\/author\\\/tibor-atya\\\/\"}]}<\/script>\n<!-- \/ Yoast SEO plugin. -->","yoast_head_json":{"title":"L\u00e9n\u00e1rt Linda orgonam\u0171v\u00e9szn\u0151 orgonahangversenye - Stuttgarti Katolikusok","robots":{"index":"index","follow":"follow","max-snippet":"max-snippet:-1","max-image-preview":"max-image-preview:large","max-video-preview":"max-video-preview:-1"},"canonical":"https:\/\/stuttgarti-katolikusok.de\/index.php\/lenart-linda-orgonamuveszno-orgonahangversenye\/","og_locale":"hu_HU","og_type":"article","og_title":"L\u00e9n\u00e1rt Linda orgonam\u0171v\u00e9szn\u0151 orgonahangversenye - Stuttgarti Katolikusok","og_description":"A Nyitott templomok \u00e9jszak\u00e1ja rendezv\u00e9ny keret\u00e9ben \u00e9s a k\u00f6z\u00f6ss\u00e9g Szent Gell\u00e9rt b\u00facs\u00faj\u00e1hoz kapcsol\u00f3d\u00f3an 2022. szeptember 17-\u00e9n, szombaton 19.00 \u00f3rakor L\u00e9n\u00e1rt Linda orgona hangverseny\u00e9re ker\u00fclt sor. A m\u0171v\u00e9szn\u0151 virtu\u00f3z j\u00e1t\u00e9ka mag\u00e1val ragad\u00f3 volt. K\u00f6sz\u00f6net \u00e9rte Ugyan\u00edgy k\u00f6sz\u00f6net P\u00e1l Ram\u00f3n\u00e1nak, k\u00f6z\u00f6ss\u00e9g\u00fcnk tagj\u00e1nak, aki az elhangz\u00f3 m\u0171vek szerz\u0151inek vil\u00e1g\u00e1ba kalauzolt el benn\u00fcnket. A Magnificat feldolgoz\u00e1s\u00e1ban pedig \u00e9nek\u00e9vel gazdag\u00edtotta est\u00e9nket. Az orgonahangversenyen k\u00e9sz\u00fclt felv\u00e9tel, k\u00f6sz\u00f6net D\u00e1vid Ferencnek, csak r\u00e9szben adja vissza mindazon \u00e9rz\u00e9seket, amelyekben r\u00e9sz\u00fcnk lehetett. K\u00f6sz\u00f6net a felejthetetlen est\u00e9\u00e9rt! Tibor atya U.i. Vas\u00e1rnap lehet\u0151s\u00e9g volt \u00fajra meghallgatni m\u0171v\u00e9szn\u0151 orgonahangverseny\u00e9t. L\u00e9n\u00e1rt Linda m\u0171v\u00e9szn\u0151 orgonahangversenye","og_url":"https:\/\/stuttgarti-katolikusok.de\/index.php\/lenart-linda-orgonamuveszno-orgonahangversenye\/","og_site_name":"Stuttgarti Katolikusok","article_published_time":"2022-09-19T21:38:59+00:00","og_image":[{"width":2000,"height":1500,"url":"https:\/\/stuttgarti-katolikusok.de\/wp-content\/uploads\/2022\/09\/lenart-linda.jpeg","type":"image\/jpeg"}],"author":"Tibor atya","twitter_card":"summary_large_image","twitter_misc":{"Szerz\u0151:":"Tibor atya","Becs\u00fclt olvas\u00e1si id\u0151":"1 perc"},"schema":{"@context":"https:\/\/schema.org","@graph":[{"@type":"Article","@id":"https:\/\/stuttgarti-katolikusok.de\/index.php\/lenart-linda-orgonamuveszno-orgonahangversenye\/#article","isPartOf":{"@id":"https:\/\/stuttgarti-katolikusok.de\/index.php\/lenart-linda-orgonamuveszno-orgonahangversenye\/"},"author":{"name":"Tibor atya","@id":"https:\/\/stuttgarti-katolikusok.de\/#\/schema\/person\/75908d6f8fdc03a57889d27209df7795"},"headline":"L\u00e9n\u00e1rt Linda orgonam\u0171v\u00e9szn\u0151 orgonahangversenye","datePublished":"2022-09-19T21:38:59+00:00","mainEntityOfPage":{"@id":"https:\/\/stuttgarti-katolikusok.de\/index.php\/lenart-linda-orgonamuveszno-orgonahangversenye\/"},"wordCount":166,"image":{"@id":"https:\/\/stuttgarti-katolikusok.de\/index.php\/lenart-linda-orgonamuveszno-orgonahangversenye\/#primaryimage"},"thumbnailUrl":"https:\/\/stuttgarti-katolikusok.de\/wp-content\/uploads\/2022\/09\/lenart-linda.jpeg","articleSection":["H\u00edrek"],"inLanguage":"hu"},{"@type":"WebPage","@id":"https:\/\/stuttgarti-katolikusok.de\/index.php\/lenart-linda-orgonamuveszno-orgonahangversenye\/","url":"https:\/\/stuttgarti-katolikusok.de\/index.php\/lenart-linda-orgonamuveszno-orgonahangversenye\/","name":"L\u00e9n\u00e1rt Linda orgonam\u0171v\u00e9szn\u0151 orgonahangversenye - Stuttgarti Katolikusok","isPartOf":{"@id":"https:\/\/stuttgarti-katolikusok.de\/#website"},"primaryImageOfPage":{"@id":"https:\/\/stuttgarti-katolikusok.de\/index.php\/lenart-linda-orgonamuveszno-orgonahangversenye\/#primaryimage"},"image":{"@id":"https:\/\/stuttgarti-katolikusok.de\/index.php\/lenart-linda-orgonamuveszno-orgonahangversenye\/#primaryimage"},"thumbnailUrl":"https:\/\/stuttgarti-katolikusok.de\/wp-content\/uploads\/2022\/09\/lenart-linda.jpeg","datePublished":"2022-09-19T21:38:59+00:00","author":{"@id":"https:\/\/stuttgarti-katolikusok.de\/#\/schema\/person\/75908d6f8fdc03a57889d27209df7795"},"breadcrumb":{"@id":"https:\/\/stuttgarti-katolikusok.de\/index.php\/lenart-linda-orgonamuveszno-orgonahangversenye\/#breadcrumb"},"inLanguage":"hu","potentialAction":[{"@type":"ReadAction","target":["https:\/\/stuttgarti-katolikusok.de\/index.php\/lenart-linda-orgonamuveszno-orgonahangversenye\/"]}]},{"@type":"ImageObject","inLanguage":"hu","@id":"https:\/\/stuttgarti-katolikusok.de\/index.php\/lenart-linda-orgonamuveszno-orgonahangversenye\/#primaryimage","url":"https:\/\/stuttgarti-katolikusok.de\/wp-content\/uploads\/2022\/09\/lenart-linda.jpeg","contentUrl":"https:\/\/stuttgarti-katolikusok.de\/wp-content\/uploads\/2022\/09\/lenart-linda.jpeg","width":2000,"height":1500},{"@type":"BreadcrumbList","@id":"https:\/\/stuttgarti-katolikusok.de\/index.php\/lenart-linda-orgonamuveszno-orgonahangversenye\/#breadcrumb","itemListElement":[{"@type":"ListItem","position":1,"name":"Kezd\u0151lap","item":"https:\/\/stuttgarti-katolikusok.de\/"},{"@type":"ListItem","position":2,"name":"L\u00e9n\u00e1rt Linda orgonam\u0171v\u00e9szn\u0151 orgonahangversenye"}]},{"@type":"WebSite","@id":"https:\/\/stuttgarti-katolikusok.de\/#website","url":"https:\/\/stuttgarti-katolikusok.de\/","name":"Stuttgarti Katolikusok","description":"","potentialAction":[{"@type":"SearchAction","target":{"@type":"EntryPoint","urlTemplate":"https:\/\/stuttgarti-katolikusok.de\/?s={search_term_string}"},"query-input":{"@type":"PropertyValueSpecification","valueRequired":true,"valueName":"search_term_string"}}],"inLanguage":"hu"},{"@type":"Person","@id":"https:\/\/stuttgarti-katolikusok.de\/#\/schema\/person\/75908d6f8fdc03a57889d27209df7795","name":"Tibor atya","image":{"@type":"ImageObject","inLanguage":"hu","@id":"https:\/\/secure.gravatar.com\/avatar\/61d268e57d1f4525b111222e29d2d5a7f8c420fdbf231ba5566a8ceac74fa960?s=96&d=mm&r=g","url":"https:\/\/secure.gravatar.com\/avatar\/61d268e57d1f4525b111222e29d2d5a7f8c420fdbf231ba5566a8ceac74fa960?s=96&d=mm&r=g","contentUrl":"https:\/\/secure.gravatar.com\/avatar\/61d268e57d1f4525b111222e29d2d5a7f8c420fdbf231ba5566a8ceac74fa960?s=96&d=mm&r=g","caption":"Tibor atya"},"url":"https:\/\/stuttgarti-katolikusok.de\/index.php\/author\/tibor-atya\/"}]}},"_links":{"self":[{"href":"https:\/\/stuttgarti-katolikusok.de\/index.php\/wp-json\/wp\/v2\/posts\/23681","targetHints":{"allow":["GET"]}}],"collection":[{"href":"https:\/\/stuttgarti-katolikusok.de\/index.php\/wp-json\/wp\/v2\/posts"}],"about":[{"href":"https:\/\/stuttgarti-katolikusok.de\/index.php\/wp-json\/wp\/v2\/types\/post"}],"author":[{"embeddable":true,"href":"https:\/\/stuttgarti-katolikusok.de\/index.php\/wp-json\/wp\/v2\/users\/3"}],"replies":[{"embeddable":true,"href":"https:\/\/stuttgarti-katolikusok.de\/index.php\/wp-json\/wp\/v2\/comments?post=23681"}],"version-history":[{"count":1,"href":"https:\/\/stuttgarti-katolikusok.de\/index.php\/wp-json\/wp\/v2\/posts\/23681\/revisions"}],"predecessor-version":[{"id":23683,"href":"https:\/\/stuttgarti-katolikusok.de\/index.php\/wp-json\/wp\/v2\/posts\/23681\/revisions\/23683"}],"wp:featuredmedia":[{"embeddable":true,"href":"https:\/\/stuttgarti-katolikusok.de\/index.php\/wp-json\/wp\/v2\/media\/23682"}],"wp:attachment":[{"href":"https:\/\/stuttgarti-katolikusok.de\/index.php\/wp-json\/wp\/v2\/media?parent=23681"}],"wp:term":[{"taxonomy":"category","embeddable":true,"href":"https:\/\/stuttgarti-katolikusok.de\/index.php\/wp-json\/wp\/v2\/categories?post=23681"},{"taxonomy":"post_tag","embeddable":true,"href":"https:\/\/stuttgarti-katolikusok.de\/index.php\/wp-json\/wp\/v2\/tags?post=23681"}],"curies":[{"name":"wp","href":"https:\/\/api.w.org\/{rel}","templated":true}]}}