{"id":23641,"date":"2022-09-15T11:11:49","date_gmt":"2022-09-15T09:11:49","guid":{"rendered":"https:\/\/stuttgarti-katolikusok.de\/?p=23641"},"modified":"2022-09-15T11:11:49","modified_gmt":"2022-09-15T09:11:49","slug":"szent-gellert-bucsu-stuttgartban-4","status":"publish","type":"post","link":"https:\/\/stuttgarti-katolikusok.de\/index.php\/szent-gellert-bucsu-stuttgartban-4\/","title":{"rendered":"Szent Gell\u00e9rt b\u00facs\u00fa Stuttgartban"},"content":{"rendered":"<div>\n<div class=\"\" dir=\"auto\">\n<div id=\"jsc_c_1el\" class=\"d2hqwtrz r227ecj6 ez8dtbzv gt60zsk1\" data-ad-comet-preview=\"message\" data-ad-preview=\"message\">\n<div class=\"alzwoclg cqf1kptm siwo0mpr gu5uzgus\">\n<div class=\"jroqu855 nthtkgg5\">\n<div class=\"m8h3af8h l7ghb35v kjdc1dyq kmwttqpk gh25dzvf n3t5jt4f\">\n<div dir=\"auto\">Kedves H\u00edveim \u00e9s Bar\u00e1taim!<\/div>\n<div dir=\"auto\"><\/div>\n<\/div>\n<div class=\"l7ghb35v kjdc1dyq kmwttqpk gh25dzvf jikcssrz n3t5jt4f\">\n<div dir=\"auto\">Ezen h\u00e9tv\u00e9g\u00e9n, 2022. szeptember 18-\u00e1n Stuttgartban a Bruder Klaus Kirche-ben egyh\u00e1zk\u00f6zs\u00e9g\u00fcnk b\u00facs\u00fa\u00fcnnep\u00e9t tartjuk.<\/div>\n<\/div>\n<div class=\"l7ghb35v kjdc1dyq kmwttqpk gh25dzvf jikcssrz n3t5jt4f\">\n<div dir=\"auto\">Szent Gell\u00e9rt v\u00e9rtan\u00fa p\u00fcsp\u00f6k\u00f6t k\u00f6sz\u00f6ntj\u00fck.<\/div>\n<div dir=\"auto\"><\/div>\n<\/div>\n<div class=\"l7ghb35v kjdc1dyq kmwttqpk gh25dzvf jikcssrz n3t5jt4f\">\n<div dir=\"auto\">Szombaton, azaz 2022. szeptember 17-\u00e9n, 19.00 \u00f3rakor a Nyitott templomok \u00e9jszak\u00e1ja rendezv\u00e9ny sorozathoz csatlakozva orgonahangverseny lesz.<\/div>\n<div dir=\"auto\"><\/div>\n<div dir=\"auto\">Elhelyezz\u00fck egyh\u00e1zk\u00f6zs\u00e9g\u00fcnk 75 esztend\u00f6j\u00e9t bemutat\u00f3 k\u00e9pki\u00e1ll\u00edt\u00e1sunkat is.<\/div>\n<div dir=\"auto\"><a href=\"https:\/\/stuttgarti-katolikusok.de\/wp-content\/uploads\/2022\/09\/lenart-linda-konzertplakat.jpg\"><img loading=\"lazy\" decoding=\"async\" class=\"alignnone size-full wp-image-23614\" src=\"https:\/\/stuttgarti-katolikusok.de\/wp-content\/uploads\/2022\/09\/lenart-linda-konzertplakat.jpg\" alt=\"\" width=\"1754\" height=\"2480\" srcset=\"https:\/\/stuttgarti-katolikusok.de\/wp-content\/uploads\/2022\/09\/lenart-linda-konzertplakat.jpg 1754w, https:\/\/stuttgarti-katolikusok.de\/wp-content\/uploads\/2022\/09\/lenart-linda-konzertplakat-212x300.jpg 212w, https:\/\/stuttgarti-katolikusok.de\/wp-content\/uploads\/2022\/09\/lenart-linda-konzertplakat-724x1024.jpg 724w, https:\/\/stuttgarti-katolikusok.de\/wp-content\/uploads\/2022\/09\/lenart-linda-konzertplakat-1086x1536.jpg 1086w, https:\/\/stuttgarti-katolikusok.de\/wp-content\/uploads\/2022\/09\/lenart-linda-konzertplakat-1448x2048.jpg 1448w\" sizes=\"auto, (max-width: 1754px) 100vw, 1754px\" \/><\/a><\/div>\n<\/div>\n<div class=\"l7ghb35v kjdc1dyq kmwttqpk gh25dzvf jikcssrz n3t5jt4f\">\n<div dir=\"auto\">M\u00e1snap, vas\u00e1rnap, 11.30 \u00f3rakor kezd\u0151dik az \u00fcnnepi szentmise. E napnak programja az al\u00e1bbi megh\u00edv\u00f3nkon is l\u00e1that\u00f3.<\/div>\n<div dir=\"auto\"><a href=\"https:\/\/stuttgarti-katolikusok.de\/wp-content\/uploads\/2022\/09\/szent-gellert-meghivo-bucsu.png\"><img loading=\"lazy\" decoding=\"async\" class=\"alignnone size-full wp-image-23642\" src=\"https:\/\/stuttgarti-katolikusok.de\/wp-content\/uploads\/2022\/09\/szent-gellert-meghivo-bucsu.png\" alt=\"\" width=\"2667\" height=\"1500\" srcset=\"https:\/\/stuttgarti-katolikusok.de\/wp-content\/uploads\/2022\/09\/szent-gellert-meghivo-bucsu.png 2667w, https:\/\/stuttgarti-katolikusok.de\/wp-content\/uploads\/2022\/09\/szent-gellert-meghivo-bucsu-300x169.png 300w, https:\/\/stuttgarti-katolikusok.de\/wp-content\/uploads\/2022\/09\/szent-gellert-meghivo-bucsu-1024x576.png 1024w, https:\/\/stuttgarti-katolikusok.de\/wp-content\/uploads\/2022\/09\/szent-gellert-meghivo-bucsu-1536x864.png 1536w, https:\/\/stuttgarti-katolikusok.de\/wp-content\/uploads\/2022\/09\/szent-gellert-meghivo-bucsu-2048x1152.png 2048w\" sizes=\"auto, (max-width: 2667px) 100vw, 2667px\" \/><\/a><\/div>\n<\/div>\n<div class=\"l7ghb35v kjdc1dyq kmwttqpk gh25dzvf jikcssrz n3t5jt4f\">\n<div dir=\"auto\">K\u00e9rlek benneteket, hogy min\u00e9l t\u00f6bbekhez juttass\u00e1tok el a h\u00edrt!<\/div>\n<div dir=\"auto\"><\/div>\n<\/div>\n<div class=\"l7ghb35v kjdc1dyq kmwttqpk gh25dzvf jikcssrz n3t5jt4f\">\n<div dir=\"auto\">\u00d6r\u00f6m sz\u00e1munkra, hogy ilyen form\u00e1ban is h\u00e1l\u00e1t adhatunk a 75 esztend\u0151k\u00e9rt itt, a Rottenburg-Stuttgart Egyh\u00e1zmegy\u00e9ben.<\/div>\n<\/div>\n<div class=\"l7ghb35v kjdc1dyq kmwttqpk gh25dzvf jikcssrz n3t5jt4f\">\n<div dir=\"auto\">V\u00e9d\u0151szent\u00fcnk, Szent Gell\u00e9rt v\u00e9rtan\u00fa p\u00fcsp\u00f6k legyen oltalmaz\u00f3ja k\u00f6z\u00f6ss\u00e9geinknek \u00e9s csal\u00e1djainknak!<\/div>\n<div dir=\"auto\"><\/div>\n<\/div>\n<div class=\"l7ghb35v kjdc1dyq kmwttqpk gh25dzvf jikcssrz n3t5jt4f\">\n<div dir=\"auto\">V\u00e1runk szeretettel benneteket Stuttgartb\u00f3l \u00e9s k\u00f6rny\u00e9k\u00e9r\u0151l.<\/div>\n<div dir=\"auto\"><\/div>\n<\/div>\n<div class=\"l7ghb35v kjdc1dyq kmwttqpk gh25dzvf jikcssrz n3t5jt4f\">\n<div dir=\"auto\"><em>A k\u00f6z\u00f6ss\u00e9g \u00e9s Tibor atya<\/em><\/div>\n<\/div>\n<\/div>\n<\/div>\n<\/div>\n<\/div>\n<div id=\"jsc_c_1em\" class=\"om3e55n1\">\n<div class=\"om3e55n1\">\n<div class=\"om3e55n1\">\n<div class=\"om3e55n1\">\n<div class=\"lq84ybu9 hf30pyar s8sjc6am\">\n<div class=\"hf30pyar lq84ybu9\">\n<div class=\"ekq1a7f9 myo4itp8 s8sjc6am l10tt5db on4d8346 bdao358l z6erz7xo r8vnayig a05blw6y\"><\/div>\n<\/div>\n<\/div>\n<\/div>\n<\/div>\n<\/div>\n<\/div>\n<\/div>\n","protected":false},"excerpt":{"rendered":"<p>Kedves H\u00edveim \u00e9s Bar\u00e1taim! Ezen h\u00e9tv\u00e9g\u00e9n, 2022. szeptember 18-\u00e1n Stuttgartban a Bruder Klaus Kirche-ben egyh\u00e1zk\u00f6zs\u00e9g\u00fcnk b\u00facs\u00fa\u00fcnnep\u00e9t tartjuk. Szent Gell\u00e9rt v\u00e9rtan\u00fa p\u00fcsp\u00f6k\u00f6t k\u00f6sz\u00f6ntj\u00fck. Szombaton, azaz 2022. szeptember 17-\u00e9n, 19.00 \u00f3rakor a Nyitott templomok \u00e9jszak\u00e1ja rendezv\u00e9ny sorozathoz csatlakozva orgonahangverseny lesz. Elhelyezz\u00fck egyh\u00e1zk\u00f6zs\u00e9g\u00fcnk 75 esztend\u00f6j\u00e9t bemutat\u00f3 k\u00e9pki\u00e1ll\u00edt\u00e1sunkat is. M\u00e1snap, vas\u00e1rnap, 11.30 \u00f3rakor kezd\u0151dik az \u00fcnnepi szentmise. E napnak programja az al\u00e1bbi megh\u00edv\u00f3nkon is l\u00e1that\u00f3. K\u00e9rlek benneteket, hogy min\u00e9l t\u00f6bbekhez juttass\u00e1tok el a h\u00edrt! \u00d6r\u00f6m sz\u00e1munkra, hogy ilyen form\u00e1ban is h\u00e1l\u00e1t adhatunk a 75 esztend\u0151k\u00e9rt itt, a Rottenburg-Stuttgart Egyh\u00e1zmegy\u00e9ben. V\u00e9d\u0151szent\u00fcnk, Szent Gell\u00e9rt v\u00e9rtan\u00fa p\u00fcsp\u00f6k legyen oltalmaz\u00f3ja k\u00f6z\u00f6ss\u00e9geinknek \u00e9s csal\u00e1djainknak! V\u00e1runk szeretettel benneteket Stuttgartb\u00f3l \u00e9s k\u00f6rny\u00e9k\u00e9r\u0151l. A k\u00f6z\u00f6ss\u00e9g \u00e9s Tibor atya<\/p>\n","protected":false},"author":3,"featured_media":23642,"comment_status":"closed","ping_status":"closed","sticky":false,"template":"","format":"standard","meta":{"footnotes":""},"categories":[5],"tags":[],"class_list":["post-23641","post","type-post","status-publish","format-standard","has-post-thumbnail","hentry","category-hirek"],"yoast_head":"<!-- This site is optimized with the Yoast SEO plugin v27.3 - https:\/\/yoast.com\/product\/yoast-seo-wordpress\/ -->\n<title>Szent Gell\u00e9rt b\u00facs\u00fa Stuttgartban - Stuttgarti Katolikusok<\/title>\n<meta name=\"robots\" content=\"index, follow, max-snippet:-1, max-image-preview:large, max-video-preview:-1\" \/>\n<link rel=\"canonical\" href=\"https:\/\/stuttgarti-katolikusok.de\/index.php\/szent-gellert-bucsu-stuttgartban-4\/\" \/>\n<meta property=\"og:locale\" content=\"hu_HU\" \/>\n<meta property=\"og:type\" content=\"article\" \/>\n<meta property=\"og:title\" content=\"Szent Gell\u00e9rt b\u00facs\u00fa Stuttgartban - Stuttgarti Katolikusok\" \/>\n<meta property=\"og:description\" content=\"Kedves H\u00edveim \u00e9s Bar\u00e1taim! Ezen h\u00e9tv\u00e9g\u00e9n, 2022. szeptember 18-\u00e1n Stuttgartban a Bruder Klaus Kirche-ben egyh\u00e1zk\u00f6zs\u00e9g\u00fcnk b\u00facs\u00fa\u00fcnnep\u00e9t tartjuk. Szent Gell\u00e9rt v\u00e9rtan\u00fa p\u00fcsp\u00f6k\u00f6t k\u00f6sz\u00f6ntj\u00fck. Szombaton, azaz 2022. szeptember 17-\u00e9n, 19.00 \u00f3rakor a Nyitott templomok \u00e9jszak\u00e1ja rendezv\u00e9ny sorozathoz csatlakozva orgonahangverseny lesz. Elhelyezz\u00fck egyh\u00e1zk\u00f6zs\u00e9g\u00fcnk 75 esztend\u00f6j\u00e9t bemutat\u00f3 k\u00e9pki\u00e1ll\u00edt\u00e1sunkat is. M\u00e1snap, vas\u00e1rnap, 11.30 \u00f3rakor kezd\u0151dik az \u00fcnnepi szentmise. E napnak programja az al\u00e1bbi megh\u00edv\u00f3nkon is l\u00e1that\u00f3. K\u00e9rlek benneteket, hogy min\u00e9l t\u00f6bbekhez juttass\u00e1tok el a h\u00edrt! \u00d6r\u00f6m sz\u00e1munkra, hogy ilyen form\u00e1ban is h\u00e1l\u00e1t adhatunk a 75 esztend\u0151k\u00e9rt itt, a Rottenburg-Stuttgart Egyh\u00e1zmegy\u00e9ben. V\u00e9d\u0151szent\u00fcnk, Szent Gell\u00e9rt v\u00e9rtan\u00fa p\u00fcsp\u00f6k legyen oltalmaz\u00f3ja k\u00f6z\u00f6ss\u00e9geinknek \u00e9s csal\u00e1djainknak! V\u00e1runk szeretettel benneteket Stuttgartb\u00f3l \u00e9s k\u00f6rny\u00e9k\u00e9r\u0151l. A k\u00f6z\u00f6ss\u00e9g \u00e9s Tibor atya\" \/>\n<meta property=\"og:url\" content=\"https:\/\/stuttgarti-katolikusok.de\/index.php\/szent-gellert-bucsu-stuttgartban-4\/\" \/>\n<meta property=\"og:site_name\" content=\"Stuttgarti Katolikusok\" \/>\n<meta property=\"article:published_time\" content=\"2022-09-15T09:11:49+00:00\" \/>\n<meta property=\"og:image\" content=\"https:\/\/stuttgarti-katolikusok.de\/wp-content\/uploads\/2022\/09\/szent-gellert-meghivo-bucsu.png\" \/>\n\t<meta property=\"og:image:width\" content=\"2667\" \/>\n\t<meta property=\"og:image:height\" content=\"1500\" \/>\n\t<meta property=\"og:image:type\" content=\"image\/png\" \/>\n<meta name=\"author\" content=\"Tibor atya\" \/>\n<meta name=\"twitter:card\" content=\"summary_large_image\" \/>\n<meta name=\"twitter:label1\" content=\"Szerz\u0151:\" \/>\n\t<meta name=\"twitter:data1\" content=\"Tibor atya\" \/>\n\t<meta name=\"twitter:label2\" content=\"Becs\u00fclt olvas\u00e1si id\u0151\" \/>\n\t<meta name=\"twitter:data2\" content=\"1 perc\" \/>\n<script type=\"application\/ld+json\" class=\"yoast-schema-graph\">{\"@context\":\"https:\\\/\\\/schema.org\",\"@graph\":[{\"@type\":\"Article\",\"@id\":\"https:\\\/\\\/stuttgarti-katolikusok.de\\\/index.php\\\/szent-gellert-bucsu-stuttgartban-4\\\/#article\",\"isPartOf\":{\"@id\":\"https:\\\/\\\/stuttgarti-katolikusok.de\\\/index.php\\\/szent-gellert-bucsu-stuttgartban-4\\\/\"},\"author\":{\"name\":\"Tibor atya\",\"@id\":\"https:\\\/\\\/stuttgarti-katolikusok.de\\\/#\\\/schema\\\/person\\\/75908d6f8fdc03a57889d27209df7795\"},\"headline\":\"Szent Gell\u00e9rt b\u00facs\u00fa Stuttgartban\",\"datePublished\":\"2022-09-15T09:11:49+00:00\",\"mainEntityOfPage\":{\"@id\":\"https:\\\/\\\/stuttgarti-katolikusok.de\\\/index.php\\\/szent-gellert-bucsu-stuttgartban-4\\\/\"},\"wordCount\":183,\"image\":{\"@id\":\"https:\\\/\\\/stuttgarti-katolikusok.de\\\/index.php\\\/szent-gellert-bucsu-stuttgartban-4\\\/#primaryimage\"},\"thumbnailUrl\":\"https:\\\/\\\/stuttgarti-katolikusok.de\\\/wp-content\\\/uploads\\\/2022\\\/09\\\/szent-gellert-meghivo-bucsu.png\",\"articleSection\":[\"H\u00edrek\"],\"inLanguage\":\"hu\"},{\"@type\":\"WebPage\",\"@id\":\"https:\\\/\\\/stuttgarti-katolikusok.de\\\/index.php\\\/szent-gellert-bucsu-stuttgartban-4\\\/\",\"url\":\"https:\\\/\\\/stuttgarti-katolikusok.de\\\/index.php\\\/szent-gellert-bucsu-stuttgartban-4\\\/\",\"name\":\"Szent Gell\u00e9rt b\u00facs\u00fa Stuttgartban - Stuttgarti Katolikusok\",\"isPartOf\":{\"@id\":\"https:\\\/\\\/stuttgarti-katolikusok.de\\\/#website\"},\"primaryImageOfPage\":{\"@id\":\"https:\\\/\\\/stuttgarti-katolikusok.de\\\/index.php\\\/szent-gellert-bucsu-stuttgartban-4\\\/#primaryimage\"},\"image\":{\"@id\":\"https:\\\/\\\/stuttgarti-katolikusok.de\\\/index.php\\\/szent-gellert-bucsu-stuttgartban-4\\\/#primaryimage\"},\"thumbnailUrl\":\"https:\\\/\\\/stuttgarti-katolikusok.de\\\/wp-content\\\/uploads\\\/2022\\\/09\\\/szent-gellert-meghivo-bucsu.png\",\"datePublished\":\"2022-09-15T09:11:49+00:00\",\"author\":{\"@id\":\"https:\\\/\\\/stuttgarti-katolikusok.de\\\/#\\\/schema\\\/person\\\/75908d6f8fdc03a57889d27209df7795\"},\"breadcrumb\":{\"@id\":\"https:\\\/\\\/stuttgarti-katolikusok.de\\\/index.php\\\/szent-gellert-bucsu-stuttgartban-4\\\/#breadcrumb\"},\"inLanguage\":\"hu\",\"potentialAction\":[{\"@type\":\"ReadAction\",\"target\":[\"https:\\\/\\\/stuttgarti-katolikusok.de\\\/index.php\\\/szent-gellert-bucsu-stuttgartban-4\\\/\"]}]},{\"@type\":\"ImageObject\",\"inLanguage\":\"hu\",\"@id\":\"https:\\\/\\\/stuttgarti-katolikusok.de\\\/index.php\\\/szent-gellert-bucsu-stuttgartban-4\\\/#primaryimage\",\"url\":\"https:\\\/\\\/stuttgarti-katolikusok.de\\\/wp-content\\\/uploads\\\/2022\\\/09\\\/szent-gellert-meghivo-bucsu.png\",\"contentUrl\":\"https:\\\/\\\/stuttgarti-katolikusok.de\\\/wp-content\\\/uploads\\\/2022\\\/09\\\/szent-gellert-meghivo-bucsu.png\",\"width\":2667,\"height\":1500},{\"@type\":\"BreadcrumbList\",\"@id\":\"https:\\\/\\\/stuttgarti-katolikusok.de\\\/index.php\\\/szent-gellert-bucsu-stuttgartban-4\\\/#breadcrumb\",\"itemListElement\":[{\"@type\":\"ListItem\",\"position\":1,\"name\":\"Kezd\u0151lap\",\"item\":\"https:\\\/\\\/stuttgarti-katolikusok.de\\\/\"},{\"@type\":\"ListItem\",\"position\":2,\"name\":\"Szent Gell\u00e9rt b\u00facs\u00fa Stuttgartban\"}]},{\"@type\":\"WebSite\",\"@id\":\"https:\\\/\\\/stuttgarti-katolikusok.de\\\/#website\",\"url\":\"https:\\\/\\\/stuttgarti-katolikusok.de\\\/\",\"name\":\"Stuttgarti Katolikusok\",\"description\":\"\",\"potentialAction\":[{\"@type\":\"SearchAction\",\"target\":{\"@type\":\"EntryPoint\",\"urlTemplate\":\"https:\\\/\\\/stuttgarti-katolikusok.de\\\/?s={search_term_string}\"},\"query-input\":{\"@type\":\"PropertyValueSpecification\",\"valueRequired\":true,\"valueName\":\"search_term_string\"}}],\"inLanguage\":\"hu\"},{\"@type\":\"Person\",\"@id\":\"https:\\\/\\\/stuttgarti-katolikusok.de\\\/#\\\/schema\\\/person\\\/75908d6f8fdc03a57889d27209df7795\",\"name\":\"Tibor atya\",\"image\":{\"@type\":\"ImageObject\",\"inLanguage\":\"hu\",\"@id\":\"https:\\\/\\\/secure.gravatar.com\\\/avatar\\\/61d268e57d1f4525b111222e29d2d5a7f8c420fdbf231ba5566a8ceac74fa960?s=96&d=mm&r=g\",\"url\":\"https:\\\/\\\/secure.gravatar.com\\\/avatar\\\/61d268e57d1f4525b111222e29d2d5a7f8c420fdbf231ba5566a8ceac74fa960?s=96&d=mm&r=g\",\"contentUrl\":\"https:\\\/\\\/secure.gravatar.com\\\/avatar\\\/61d268e57d1f4525b111222e29d2d5a7f8c420fdbf231ba5566a8ceac74fa960?s=96&d=mm&r=g\",\"caption\":\"Tibor atya\"},\"url\":\"https:\\\/\\\/stuttgarti-katolikusok.de\\\/index.php\\\/author\\\/tibor-atya\\\/\"}]}<\/script>\n<!-- \/ Yoast SEO plugin. -->","yoast_head_json":{"title":"Szent Gell\u00e9rt b\u00facs\u00fa Stuttgartban - Stuttgarti Katolikusok","robots":{"index":"index","follow":"follow","max-snippet":"max-snippet:-1","max-image-preview":"max-image-preview:large","max-video-preview":"max-video-preview:-1"},"canonical":"https:\/\/stuttgarti-katolikusok.de\/index.php\/szent-gellert-bucsu-stuttgartban-4\/","og_locale":"hu_HU","og_type":"article","og_title":"Szent Gell\u00e9rt b\u00facs\u00fa Stuttgartban - Stuttgarti Katolikusok","og_description":"Kedves H\u00edveim \u00e9s Bar\u00e1taim! Ezen h\u00e9tv\u00e9g\u00e9n, 2022. szeptember 18-\u00e1n Stuttgartban a Bruder Klaus Kirche-ben egyh\u00e1zk\u00f6zs\u00e9g\u00fcnk b\u00facs\u00fa\u00fcnnep\u00e9t tartjuk. Szent Gell\u00e9rt v\u00e9rtan\u00fa p\u00fcsp\u00f6k\u00f6t k\u00f6sz\u00f6ntj\u00fck. Szombaton, azaz 2022. szeptember 17-\u00e9n, 19.00 \u00f3rakor a Nyitott templomok \u00e9jszak\u00e1ja rendezv\u00e9ny sorozathoz csatlakozva orgonahangverseny lesz. Elhelyezz\u00fck egyh\u00e1zk\u00f6zs\u00e9g\u00fcnk 75 esztend\u00f6j\u00e9t bemutat\u00f3 k\u00e9pki\u00e1ll\u00edt\u00e1sunkat is. M\u00e1snap, vas\u00e1rnap, 11.30 \u00f3rakor kezd\u0151dik az \u00fcnnepi szentmise. E napnak programja az al\u00e1bbi megh\u00edv\u00f3nkon is l\u00e1that\u00f3. K\u00e9rlek benneteket, hogy min\u00e9l t\u00f6bbekhez juttass\u00e1tok el a h\u00edrt! \u00d6r\u00f6m sz\u00e1munkra, hogy ilyen form\u00e1ban is h\u00e1l\u00e1t adhatunk a 75 esztend\u0151k\u00e9rt itt, a Rottenburg-Stuttgart Egyh\u00e1zmegy\u00e9ben. V\u00e9d\u0151szent\u00fcnk, Szent Gell\u00e9rt v\u00e9rtan\u00fa p\u00fcsp\u00f6k legyen oltalmaz\u00f3ja k\u00f6z\u00f6ss\u00e9geinknek \u00e9s csal\u00e1djainknak! V\u00e1runk szeretettel benneteket Stuttgartb\u00f3l \u00e9s k\u00f6rny\u00e9k\u00e9r\u0151l. A k\u00f6z\u00f6ss\u00e9g \u00e9s Tibor atya","og_url":"https:\/\/stuttgarti-katolikusok.de\/index.php\/szent-gellert-bucsu-stuttgartban-4\/","og_site_name":"Stuttgarti Katolikusok","article_published_time":"2022-09-15T09:11:49+00:00","og_image":[{"width":2667,"height":1500,"url":"https:\/\/stuttgarti-katolikusok.de\/wp-content\/uploads\/2022\/09\/szent-gellert-meghivo-bucsu.png","type":"image\/png"}],"author":"Tibor atya","twitter_card":"summary_large_image","twitter_misc":{"Szerz\u0151:":"Tibor atya","Becs\u00fclt olvas\u00e1si id\u0151":"1 perc"},"schema":{"@context":"https:\/\/schema.org","@graph":[{"@type":"Article","@id":"https:\/\/stuttgarti-katolikusok.de\/index.php\/szent-gellert-bucsu-stuttgartban-4\/#article","isPartOf":{"@id":"https:\/\/stuttgarti-katolikusok.de\/index.php\/szent-gellert-bucsu-stuttgartban-4\/"},"author":{"name":"Tibor atya","@id":"https:\/\/stuttgarti-katolikusok.de\/#\/schema\/person\/75908d6f8fdc03a57889d27209df7795"},"headline":"Szent Gell\u00e9rt b\u00facs\u00fa Stuttgartban","datePublished":"2022-09-15T09:11:49+00:00","mainEntityOfPage":{"@id":"https:\/\/stuttgarti-katolikusok.de\/index.php\/szent-gellert-bucsu-stuttgartban-4\/"},"wordCount":183,"image":{"@id":"https:\/\/stuttgarti-katolikusok.de\/index.php\/szent-gellert-bucsu-stuttgartban-4\/#primaryimage"},"thumbnailUrl":"https:\/\/stuttgarti-katolikusok.de\/wp-content\/uploads\/2022\/09\/szent-gellert-meghivo-bucsu.png","articleSection":["H\u00edrek"],"inLanguage":"hu"},{"@type":"WebPage","@id":"https:\/\/stuttgarti-katolikusok.de\/index.php\/szent-gellert-bucsu-stuttgartban-4\/","url":"https:\/\/stuttgarti-katolikusok.de\/index.php\/szent-gellert-bucsu-stuttgartban-4\/","name":"Szent Gell\u00e9rt b\u00facs\u00fa Stuttgartban - Stuttgarti Katolikusok","isPartOf":{"@id":"https:\/\/stuttgarti-katolikusok.de\/#website"},"primaryImageOfPage":{"@id":"https:\/\/stuttgarti-katolikusok.de\/index.php\/szent-gellert-bucsu-stuttgartban-4\/#primaryimage"},"image":{"@id":"https:\/\/stuttgarti-katolikusok.de\/index.php\/szent-gellert-bucsu-stuttgartban-4\/#primaryimage"},"thumbnailUrl":"https:\/\/stuttgarti-katolikusok.de\/wp-content\/uploads\/2022\/09\/szent-gellert-meghivo-bucsu.png","datePublished":"2022-09-15T09:11:49+00:00","author":{"@id":"https:\/\/stuttgarti-katolikusok.de\/#\/schema\/person\/75908d6f8fdc03a57889d27209df7795"},"breadcrumb":{"@id":"https:\/\/stuttgarti-katolikusok.de\/index.php\/szent-gellert-bucsu-stuttgartban-4\/#breadcrumb"},"inLanguage":"hu","potentialAction":[{"@type":"ReadAction","target":["https:\/\/stuttgarti-katolikusok.de\/index.php\/szent-gellert-bucsu-stuttgartban-4\/"]}]},{"@type":"ImageObject","inLanguage":"hu","@id":"https:\/\/stuttgarti-katolikusok.de\/index.php\/szent-gellert-bucsu-stuttgartban-4\/#primaryimage","url":"https:\/\/stuttgarti-katolikusok.de\/wp-content\/uploads\/2022\/09\/szent-gellert-meghivo-bucsu.png","contentUrl":"https:\/\/stuttgarti-katolikusok.de\/wp-content\/uploads\/2022\/09\/szent-gellert-meghivo-bucsu.png","width":2667,"height":1500},{"@type":"BreadcrumbList","@id":"https:\/\/stuttgarti-katolikusok.de\/index.php\/szent-gellert-bucsu-stuttgartban-4\/#breadcrumb","itemListElement":[{"@type":"ListItem","position":1,"name":"Kezd\u0151lap","item":"https:\/\/stuttgarti-katolikusok.de\/"},{"@type":"ListItem","position":2,"name":"Szent Gell\u00e9rt b\u00facs\u00fa Stuttgartban"}]},{"@type":"WebSite","@id":"https:\/\/stuttgarti-katolikusok.de\/#website","url":"https:\/\/stuttgarti-katolikusok.de\/","name":"Stuttgarti Katolikusok","description":"","potentialAction":[{"@type":"SearchAction","target":{"@type":"EntryPoint","urlTemplate":"https:\/\/stuttgarti-katolikusok.de\/?s={search_term_string}"},"query-input":{"@type":"PropertyValueSpecification","valueRequired":true,"valueName":"search_term_string"}}],"inLanguage":"hu"},{"@type":"Person","@id":"https:\/\/stuttgarti-katolikusok.de\/#\/schema\/person\/75908d6f8fdc03a57889d27209df7795","name":"Tibor atya","image":{"@type":"ImageObject","inLanguage":"hu","@id":"https:\/\/secure.gravatar.com\/avatar\/61d268e57d1f4525b111222e29d2d5a7f8c420fdbf231ba5566a8ceac74fa960?s=96&d=mm&r=g","url":"https:\/\/secure.gravatar.com\/avatar\/61d268e57d1f4525b111222e29d2d5a7f8c420fdbf231ba5566a8ceac74fa960?s=96&d=mm&r=g","contentUrl":"https:\/\/secure.gravatar.com\/avatar\/61d268e57d1f4525b111222e29d2d5a7f8c420fdbf231ba5566a8ceac74fa960?s=96&d=mm&r=g","caption":"Tibor atya"},"url":"https:\/\/stuttgarti-katolikusok.de\/index.php\/author\/tibor-atya\/"}]}},"_links":{"self":[{"href":"https:\/\/stuttgarti-katolikusok.de\/index.php\/wp-json\/wp\/v2\/posts\/23641","targetHints":{"allow":["GET"]}}],"collection":[{"href":"https:\/\/stuttgarti-katolikusok.de\/index.php\/wp-json\/wp\/v2\/posts"}],"about":[{"href":"https:\/\/stuttgarti-katolikusok.de\/index.php\/wp-json\/wp\/v2\/types\/post"}],"author":[{"embeddable":true,"href":"https:\/\/stuttgarti-katolikusok.de\/index.php\/wp-json\/wp\/v2\/users\/3"}],"replies":[{"embeddable":true,"href":"https:\/\/stuttgarti-katolikusok.de\/index.php\/wp-json\/wp\/v2\/comments?post=23641"}],"version-history":[{"count":1,"href":"https:\/\/stuttgarti-katolikusok.de\/index.php\/wp-json\/wp\/v2\/posts\/23641\/revisions"}],"predecessor-version":[{"id":23643,"href":"https:\/\/stuttgarti-katolikusok.de\/index.php\/wp-json\/wp\/v2\/posts\/23641\/revisions\/23643"}],"wp:featuredmedia":[{"embeddable":true,"href":"https:\/\/stuttgarti-katolikusok.de\/index.php\/wp-json\/wp\/v2\/media\/23642"}],"wp:attachment":[{"href":"https:\/\/stuttgarti-katolikusok.de\/index.php\/wp-json\/wp\/v2\/media?parent=23641"}],"wp:term":[{"taxonomy":"category","embeddable":true,"href":"https:\/\/stuttgarti-katolikusok.de\/index.php\/wp-json\/wp\/v2\/categories?post=23641"},{"taxonomy":"post_tag","embeddable":true,"href":"https:\/\/stuttgarti-katolikusok.de\/index.php\/wp-json\/wp\/v2\/tags?post=23641"}],"curies":[{"name":"wp","href":"https:\/\/api.w.org\/{rel}","templated":true}]}}