{"id":23569,"date":"2022-08-30T23:02:33","date_gmt":"2022-08-30T21:02:33","guid":{"rendered":"https:\/\/stuttgarti-katolikusok.de\/?p=23569"},"modified":"2022-09-02T12:50:41","modified_gmt":"2022-09-02T10:50:41","slug":"2022-szeptember-1-es-4-kozott","status":"publish","type":"post","link":"https:\/\/stuttgarti-katolikusok.de\/index.php\/2022-szeptember-1-es-4-kozott\/","title":{"rendered":"2022 SZEPTEMBER 1 \u00e9s 4 K\u00d6Z\u00d6TT"},"content":{"rendered":"<p><span style=\"color: #008000;\"><strong>Programel\u0151zetes<\/strong><\/span><\/p>\n<p style=\"text-align: center;\"><strong><span style=\"color: #008000;\">*<\/span><\/strong><\/p>\n<p><strong>Szeptember 2-\u00e1n,<\/strong> p\u00e9nteken,\u00a0<strong>Stuttgartban\u00a0<\/strong>18.00 \u00f3rakor\u00a0<em>J\u00e9zus Sz\u00edve \u00e1jtatoss\u00e1g,\u00a0<\/em>majd\u00a0<em>szentmise. <\/em>Ezt k\u00f6vet\u0151en pedig a jelenl\u00e9v\u0151kkel egy\u00fctt visszatekint\u00fcnk az elm\u00falt h\u00f3napok t\u00f6rt\u00e9n\u00e9seire.<\/p>\n<p style=\"text-align: center;\"><strong><span style=\"color: #008000;\">*<\/span><\/strong><\/p>\n<p><strong>Szeptember 3-\u00e1n<\/strong><em>, szombaton, <\/em><strong>Balingenben <\/strong>16.00 \u00f3rakor<em> szentmise,\u00a0<\/em>ut\u00e1na <em>\u00e1g\u00e1p\u00e9.<\/em><\/p>\n<p style=\"text-align: center;\"><strong><span style=\"color: #008000;\">*<\/span><\/strong><\/p>\n<p><em>\u00a0<\/em><\/p>\n<p><strong>Szeptember 4-\u00e9n<\/strong><em>, <span style=\"color: #008000;\"><strong>\u00e9vk\u00f6zi 23. vas\u00e1rnap<\/strong><\/span>,<\/em><\/p>\n<p><strong>Schw\u00e4bisch-Gm\u00fcndben <\/strong>9.30 \u00f3rakor<em> szentmise, <\/em>ut\u00e1na<em> \u00e1g\u00e1p\u00e9,<\/em><\/p>\n<p><strong>Stuttgartban <\/strong>15.00 \u00f3rakor<em> szentmise. <\/em>Szentmise v\u00e9g\u00e9n b\u00e1r <em><strong>nincs \u00e1g\u00e1p\u00e9<\/strong>, <\/em>ellenben a k\u00f6z\u00f6ss\u00e9gi teremben besz\u00e9lget\u00e9sre v\u00e1rlak benneteket.<\/p>\n<p style=\"text-align: center;\"><span style=\"color: #008000;\"><strong>*<\/strong><\/span><\/p>\n<p>Minden helyen mindenkit szeretettel v\u00e1r a k\u00f6z\u00f6ss\u00e9g \u00e9s Tibor atya!<\/p>\n<p style=\"text-align: center;\"><strong><span style=\"color: #008000;\">*<\/span><\/strong><\/p>\n<p><strong><em>Mennyei Aty\u00e1nk,<\/em><\/strong><strong><em><br \/>\nminden \u00e9let forr\u00e1sa!<br \/>\nK\u00fcldd el Szentlelkedet,<br \/>\nhogy az \u00f6nmag\u00e1t \u00e9rt\u00fcnk fel\u00e1ldoz\u00f3<br \/>\n\u00e9s az Olt\u00e1riszents\u00e9gben<br \/>\nvel\u00fcnk lev\u0151 Krisztust felismerj\u00fck<br \/>\n\u00e9s egyre jobban szeress\u00fck!<br \/>\n\u0150 Urunk \u00e9s Mester\u00fcnk,<br \/>\nbar\u00e1tunk \u00e9s t\u00e1pl\u00e1l\u00e9kunk,<br \/>\norvosunk \u00e9s b\u00e9kess\u00e9g\u00fcnk.<br \/>\nAdj b\u00e1tors\u00e1got, hogy az \u0150 erej\u00e9t \u00e9s \u00f6r\u00f6m\u00e9t<br \/>\nelvigy\u00fck minden emberhez!<br \/>\nAdd, hogy a k\u00e9sz\u00fclet ideje<br \/>\n\u00e9s az Eucharisztikus Kongresszus \u00fcnnepl\u00e9se<br \/>\neg\u00e9sz h\u00edv\u0151 k\u00f6z\u00f6ss\u00e9g\u00fcnk,<br \/>\nf\u0151v\u00e1rosunk, n\u00e9p\u00fcnk,<br \/>\nEur\u00f3pa \u00e9s a vil\u00e1g<br \/>\nlelki meg\u00fajul\u00e1s\u00e1ra szolg\u00e1ljon!<br \/>\n\u00c1men.<\/em><\/strong><\/p>\n","protected":false},"excerpt":{"rendered":"<p>Programel\u0151zetes * Szeptember 2-\u00e1n, p\u00e9nteken,\u00a0Stuttgartban\u00a018.00 \u00f3rakor\u00a0J\u00e9zus Sz\u00edve \u00e1jtatoss\u00e1g,\u00a0majd\u00a0szentmise. Ezt k\u00f6vet\u0151en pedig a jelenl\u00e9v\u0151kkel egy\u00fctt visszatekint\u00fcnk az elm\u00falt h\u00f3napok t\u00f6rt\u00e9n\u00e9seire. * Szeptember 3-\u00e1n, szombaton, Balingenben 16.00 \u00f3rakor szentmise,\u00a0ut\u00e1na \u00e1g\u00e1p\u00e9. * \u00a0 Szeptember 4-\u00e9n, \u00e9vk\u00f6zi 23. vas\u00e1rnap, Schw\u00e4bisch-Gm\u00fcndben 9.30 \u00f3rakor szentmise, ut\u00e1na \u00e1g\u00e1p\u00e9, Stuttgartban 15.00 \u00f3rakor szentmise. Szentmise v\u00e9g\u00e9n b\u00e1r nincs \u00e1g\u00e1p\u00e9, ellenben a k\u00f6z\u00f6ss\u00e9gi teremben besz\u00e9lget\u00e9sre v\u00e1rlak benneteket. * Minden helyen mindenkit szeretettel v\u00e1r a k\u00f6z\u00f6ss\u00e9g \u00e9s Tibor atya! * Mennyei Aty\u00e1nk, minden \u00e9let forr\u00e1sa! K\u00fcldd el Szentlelkedet, hogy az \u00f6nmag\u00e1t \u00e9rt\u00fcnk fel\u00e1ldoz\u00f3 \u00e9s az Olt\u00e1riszents\u00e9gben vel\u00fcnk lev\u0151 Krisztust felismerj\u00fck \u00e9s egyre jobban szeress\u00fck! \u0150 Urunk \u00e9s Mester\u00fcnk, bar\u00e1tunk \u00e9s t\u00e1pl\u00e1l\u00e9kunk, orvosunk \u00e9s b\u00e9kess\u00e9g\u00fcnk. Adj b\u00e1tors\u00e1got, hogy az \u0150 erej\u00e9t \u00e9s \u00f6r\u00f6m\u00e9t elvigy\u00fck minden emberhez! Add, hogy a k\u00e9sz\u00fclet ideje \u00e9s az Eucharisztikus Kongresszus \u00fcnnepl\u00e9se eg\u00e9sz h\u00edv\u0151 k\u00f6z\u00f6ss\u00e9g\u00fcnk, f\u0151v\u00e1rosunk, n\u00e9p\u00fcnk, Eur\u00f3pa \u00e9s a vil\u00e1g lelki meg\u00fajul\u00e1s\u00e1ra szolg\u00e1ljon! \u00c1men.<\/p>\n","protected":false},"author":3,"featured_media":22179,"comment_status":"closed","ping_status":"closed","sticky":false,"template":"","format":"standard","meta":{"footnotes":""},"categories":[37],"tags":[],"class_list":["post-23569","post","type-post","status-publish","format-standard","has-post-thumbnail","hentry","category-progamelozetes"],"yoast_head":"<!-- This site is optimized with the Yoast SEO plugin v27.3 - https:\/\/yoast.com\/product\/yoast-seo-wordpress\/ -->\n<title>2022 SZEPTEMBER 1 \u00e9s 4 K\u00d6Z\u00d6TT - Stuttgarti Katolikusok<\/title>\n<meta name=\"robots\" content=\"index, follow, max-snippet:-1, max-image-preview:large, max-video-preview:-1\" \/>\n<link rel=\"canonical\" href=\"https:\/\/stuttgarti-katolikusok.de\/index.php\/2022-szeptember-1-es-4-kozott\/\" \/>\n<meta property=\"og:locale\" content=\"hu_HU\" \/>\n<meta property=\"og:type\" content=\"article\" \/>\n<meta property=\"og:title\" content=\"2022 SZEPTEMBER 1 \u00e9s 4 K\u00d6Z\u00d6TT - Stuttgarti Katolikusok\" \/>\n<meta property=\"og:description\" content=\"Programel\u0151zetes * Szeptember 2-\u00e1n, p\u00e9nteken,\u00a0Stuttgartban\u00a018.00 \u00f3rakor\u00a0J\u00e9zus Sz\u00edve \u00e1jtatoss\u00e1g,\u00a0majd\u00a0szentmise. Ezt k\u00f6vet\u0151en pedig a jelenl\u00e9v\u0151kkel egy\u00fctt visszatekint\u00fcnk az elm\u00falt h\u00f3napok t\u00f6rt\u00e9n\u00e9seire. * Szeptember 3-\u00e1n, szombaton, Balingenben 16.00 \u00f3rakor szentmise,\u00a0ut\u00e1na \u00e1g\u00e1p\u00e9. * \u00a0 Szeptember 4-\u00e9n, \u00e9vk\u00f6zi 23. vas\u00e1rnap, Schw\u00e4bisch-Gm\u00fcndben 9.30 \u00f3rakor szentmise, ut\u00e1na \u00e1g\u00e1p\u00e9, Stuttgartban 15.00 \u00f3rakor szentmise. Szentmise v\u00e9g\u00e9n b\u00e1r nincs \u00e1g\u00e1p\u00e9, ellenben a k\u00f6z\u00f6ss\u00e9gi teremben besz\u00e9lget\u00e9sre v\u00e1rlak benneteket. * Minden helyen mindenkit szeretettel v\u00e1r a k\u00f6z\u00f6ss\u00e9g \u00e9s Tibor atya! * Mennyei Aty\u00e1nk, minden \u00e9let forr\u00e1sa! K\u00fcldd el Szentlelkedet, hogy az \u00f6nmag\u00e1t \u00e9rt\u00fcnk fel\u00e1ldoz\u00f3 \u00e9s az Olt\u00e1riszents\u00e9gben vel\u00fcnk lev\u0151 Krisztust felismerj\u00fck \u00e9s egyre jobban szeress\u00fck! \u0150 Urunk \u00e9s Mester\u00fcnk, bar\u00e1tunk \u00e9s t\u00e1pl\u00e1l\u00e9kunk, orvosunk \u00e9s b\u00e9kess\u00e9g\u00fcnk. Adj b\u00e1tors\u00e1got, hogy az \u0150 erej\u00e9t \u00e9s \u00f6r\u00f6m\u00e9t elvigy\u00fck minden emberhez! Add, hogy a k\u00e9sz\u00fclet ideje \u00e9s az Eucharisztikus Kongresszus \u00fcnnepl\u00e9se eg\u00e9sz h\u00edv\u0151 k\u00f6z\u00f6ss\u00e9g\u00fcnk, f\u0151v\u00e1rosunk, n\u00e9p\u00fcnk, Eur\u00f3pa \u00e9s a vil\u00e1g lelki meg\u00fajul\u00e1s\u00e1ra szolg\u00e1ljon! \u00c1men.\" \/>\n<meta property=\"og:url\" content=\"https:\/\/stuttgarti-katolikusok.de\/index.php\/2022-szeptember-1-es-4-kozott\/\" \/>\n<meta property=\"og:site_name\" content=\"Stuttgarti Katolikusok\" \/>\n<meta property=\"article:published_time\" content=\"2022-08-30T21:02:33+00:00\" \/>\n<meta property=\"article:modified_time\" content=\"2022-09-02T10:50:41+00:00\" \/>\n<meta property=\"og:image\" content=\"https:\/\/stuttgarti-katolikusok.de\/wp-content\/uploads\/2021\/09\/241764757-1977533565729233-4246059194345201475-n.jpg\" \/>\n\t<meta property=\"og:image:width\" content=\"2048\" \/>\n\t<meta property=\"og:image:height\" content=\"1153\" \/>\n\t<meta property=\"og:image:type\" content=\"image\/jpeg\" \/>\n<meta name=\"author\" content=\"Tibor atya\" \/>\n<meta name=\"twitter:card\" content=\"summary_large_image\" \/>\n<meta name=\"twitter:label1\" content=\"Szerz\u0151:\" \/>\n\t<meta name=\"twitter:data1\" content=\"Tibor atya\" \/>\n\t<meta name=\"twitter:label2\" content=\"Becs\u00fclt olvas\u00e1si id\u0151\" \/>\n\t<meta name=\"twitter:data2\" content=\"1 perc\" \/>\n<script type=\"application\/ld+json\" class=\"yoast-schema-graph\">{\"@context\":\"https:\\\/\\\/schema.org\",\"@graph\":[{\"@type\":\"Article\",\"@id\":\"https:\\\/\\\/stuttgarti-katolikusok.de\\\/index.php\\\/2022-szeptember-1-es-4-kozott\\\/#article\",\"isPartOf\":{\"@id\":\"https:\\\/\\\/stuttgarti-katolikusok.de\\\/index.php\\\/2022-szeptember-1-es-4-kozott\\\/\"},\"author\":{\"name\":\"Tibor atya\",\"@id\":\"https:\\\/\\\/stuttgarti-katolikusok.de\\\/#\\\/schema\\\/person\\\/75908d6f8fdc03a57889d27209df7795\"},\"headline\":\"2022 SZEPTEMBER 1 \u00e9s 4 K\u00d6Z\u00d6TT\",\"datePublished\":\"2022-08-30T21:02:33+00:00\",\"dateModified\":\"2022-09-02T10:50:41+00:00\",\"mainEntityOfPage\":{\"@id\":\"https:\\\/\\\/stuttgarti-katolikusok.de\\\/index.php\\\/2022-szeptember-1-es-4-kozott\\\/\"},\"wordCount\":220,\"image\":{\"@id\":\"https:\\\/\\\/stuttgarti-katolikusok.de\\\/index.php\\\/2022-szeptember-1-es-4-kozott\\\/#primaryimage\"},\"thumbnailUrl\":\"https:\\\/\\\/stuttgarti-katolikusok.de\\\/wp-content\\\/uploads\\\/2021\\\/09\\\/241764757-1977533565729233-4246059194345201475-n.jpg\",\"articleSection\":[\"Progamel\u0151zetes\"],\"inLanguage\":\"hu\"},{\"@type\":\"WebPage\",\"@id\":\"https:\\\/\\\/stuttgarti-katolikusok.de\\\/index.php\\\/2022-szeptember-1-es-4-kozott\\\/\",\"url\":\"https:\\\/\\\/stuttgarti-katolikusok.de\\\/index.php\\\/2022-szeptember-1-es-4-kozott\\\/\",\"name\":\"2022 SZEPTEMBER 1 \u00e9s 4 K\u00d6Z\u00d6TT - Stuttgarti Katolikusok\",\"isPartOf\":{\"@id\":\"https:\\\/\\\/stuttgarti-katolikusok.de\\\/#website\"},\"primaryImageOfPage\":{\"@id\":\"https:\\\/\\\/stuttgarti-katolikusok.de\\\/index.php\\\/2022-szeptember-1-es-4-kozott\\\/#primaryimage\"},\"image\":{\"@id\":\"https:\\\/\\\/stuttgarti-katolikusok.de\\\/index.php\\\/2022-szeptember-1-es-4-kozott\\\/#primaryimage\"},\"thumbnailUrl\":\"https:\\\/\\\/stuttgarti-katolikusok.de\\\/wp-content\\\/uploads\\\/2021\\\/09\\\/241764757-1977533565729233-4246059194345201475-n.jpg\",\"datePublished\":\"2022-08-30T21:02:33+00:00\",\"dateModified\":\"2022-09-02T10:50:41+00:00\",\"author\":{\"@id\":\"https:\\\/\\\/stuttgarti-katolikusok.de\\\/#\\\/schema\\\/person\\\/75908d6f8fdc03a57889d27209df7795\"},\"breadcrumb\":{\"@id\":\"https:\\\/\\\/stuttgarti-katolikusok.de\\\/index.php\\\/2022-szeptember-1-es-4-kozott\\\/#breadcrumb\"},\"inLanguage\":\"hu\",\"potentialAction\":[{\"@type\":\"ReadAction\",\"target\":[\"https:\\\/\\\/stuttgarti-katolikusok.de\\\/index.php\\\/2022-szeptember-1-es-4-kozott\\\/\"]}]},{\"@type\":\"ImageObject\",\"inLanguage\":\"hu\",\"@id\":\"https:\\\/\\\/stuttgarti-katolikusok.de\\\/index.php\\\/2022-szeptember-1-es-4-kozott\\\/#primaryimage\",\"url\":\"https:\\\/\\\/stuttgarti-katolikusok.de\\\/wp-content\\\/uploads\\\/2021\\\/09\\\/241764757-1977533565729233-4246059194345201475-n.jpg\",\"contentUrl\":\"https:\\\/\\\/stuttgarti-katolikusok.de\\\/wp-content\\\/uploads\\\/2021\\\/09\\\/241764757-1977533565729233-4246059194345201475-n.jpg\",\"width\":2048,\"height\":1153},{\"@type\":\"BreadcrumbList\",\"@id\":\"https:\\\/\\\/stuttgarti-katolikusok.de\\\/index.php\\\/2022-szeptember-1-es-4-kozott\\\/#breadcrumb\",\"itemListElement\":[{\"@type\":\"ListItem\",\"position\":1,\"name\":\"Kezd\u0151lap\",\"item\":\"https:\\\/\\\/stuttgarti-katolikusok.de\\\/\"},{\"@type\":\"ListItem\",\"position\":2,\"name\":\"2022 SZEPTEMBER 1 \u00e9s 4 K\u00d6Z\u00d6TT\"}]},{\"@type\":\"WebSite\",\"@id\":\"https:\\\/\\\/stuttgarti-katolikusok.de\\\/#website\",\"url\":\"https:\\\/\\\/stuttgarti-katolikusok.de\\\/\",\"name\":\"Stuttgarti Katolikusok\",\"description\":\"\",\"potentialAction\":[{\"@type\":\"SearchAction\",\"target\":{\"@type\":\"EntryPoint\",\"urlTemplate\":\"https:\\\/\\\/stuttgarti-katolikusok.de\\\/?s={search_term_string}\"},\"query-input\":{\"@type\":\"PropertyValueSpecification\",\"valueRequired\":true,\"valueName\":\"search_term_string\"}}],\"inLanguage\":\"hu\"},{\"@type\":\"Person\",\"@id\":\"https:\\\/\\\/stuttgarti-katolikusok.de\\\/#\\\/schema\\\/person\\\/75908d6f8fdc03a57889d27209df7795\",\"name\":\"Tibor atya\",\"image\":{\"@type\":\"ImageObject\",\"inLanguage\":\"hu\",\"@id\":\"https:\\\/\\\/secure.gravatar.com\\\/avatar\\\/61d268e57d1f4525b111222e29d2d5a7f8c420fdbf231ba5566a8ceac74fa960?s=96&d=mm&r=g\",\"url\":\"https:\\\/\\\/secure.gravatar.com\\\/avatar\\\/61d268e57d1f4525b111222e29d2d5a7f8c420fdbf231ba5566a8ceac74fa960?s=96&d=mm&r=g\",\"contentUrl\":\"https:\\\/\\\/secure.gravatar.com\\\/avatar\\\/61d268e57d1f4525b111222e29d2d5a7f8c420fdbf231ba5566a8ceac74fa960?s=96&d=mm&r=g\",\"caption\":\"Tibor atya\"},\"url\":\"https:\\\/\\\/stuttgarti-katolikusok.de\\\/index.php\\\/author\\\/tibor-atya\\\/\"}]}<\/script>\n<!-- \/ Yoast SEO plugin. -->","yoast_head_json":{"title":"2022 SZEPTEMBER 1 \u00e9s 4 K\u00d6Z\u00d6TT - Stuttgarti Katolikusok","robots":{"index":"index","follow":"follow","max-snippet":"max-snippet:-1","max-image-preview":"max-image-preview:large","max-video-preview":"max-video-preview:-1"},"canonical":"https:\/\/stuttgarti-katolikusok.de\/index.php\/2022-szeptember-1-es-4-kozott\/","og_locale":"hu_HU","og_type":"article","og_title":"2022 SZEPTEMBER 1 \u00e9s 4 K\u00d6Z\u00d6TT - Stuttgarti Katolikusok","og_description":"Programel\u0151zetes * Szeptember 2-\u00e1n, p\u00e9nteken,\u00a0Stuttgartban\u00a018.00 \u00f3rakor\u00a0J\u00e9zus Sz\u00edve \u00e1jtatoss\u00e1g,\u00a0majd\u00a0szentmise. Ezt k\u00f6vet\u0151en pedig a jelenl\u00e9v\u0151kkel egy\u00fctt visszatekint\u00fcnk az elm\u00falt h\u00f3napok t\u00f6rt\u00e9n\u00e9seire. * Szeptember 3-\u00e1n, szombaton, Balingenben 16.00 \u00f3rakor szentmise,\u00a0ut\u00e1na \u00e1g\u00e1p\u00e9. * \u00a0 Szeptember 4-\u00e9n, \u00e9vk\u00f6zi 23. vas\u00e1rnap, Schw\u00e4bisch-Gm\u00fcndben 9.30 \u00f3rakor szentmise, ut\u00e1na \u00e1g\u00e1p\u00e9, Stuttgartban 15.00 \u00f3rakor szentmise. Szentmise v\u00e9g\u00e9n b\u00e1r nincs \u00e1g\u00e1p\u00e9, ellenben a k\u00f6z\u00f6ss\u00e9gi teremben besz\u00e9lget\u00e9sre v\u00e1rlak benneteket. * Minden helyen mindenkit szeretettel v\u00e1r a k\u00f6z\u00f6ss\u00e9g \u00e9s Tibor atya! * Mennyei Aty\u00e1nk, minden \u00e9let forr\u00e1sa! K\u00fcldd el Szentlelkedet, hogy az \u00f6nmag\u00e1t \u00e9rt\u00fcnk fel\u00e1ldoz\u00f3 \u00e9s az Olt\u00e1riszents\u00e9gben vel\u00fcnk lev\u0151 Krisztust felismerj\u00fck \u00e9s egyre jobban szeress\u00fck! \u0150 Urunk \u00e9s Mester\u00fcnk, bar\u00e1tunk \u00e9s t\u00e1pl\u00e1l\u00e9kunk, orvosunk \u00e9s b\u00e9kess\u00e9g\u00fcnk. Adj b\u00e1tors\u00e1got, hogy az \u0150 erej\u00e9t \u00e9s \u00f6r\u00f6m\u00e9t elvigy\u00fck minden emberhez! Add, hogy a k\u00e9sz\u00fclet ideje \u00e9s az Eucharisztikus Kongresszus \u00fcnnepl\u00e9se eg\u00e9sz h\u00edv\u0151 k\u00f6z\u00f6ss\u00e9g\u00fcnk, f\u0151v\u00e1rosunk, n\u00e9p\u00fcnk, Eur\u00f3pa \u00e9s a vil\u00e1g lelki meg\u00fajul\u00e1s\u00e1ra szolg\u00e1ljon! \u00c1men.","og_url":"https:\/\/stuttgarti-katolikusok.de\/index.php\/2022-szeptember-1-es-4-kozott\/","og_site_name":"Stuttgarti Katolikusok","article_published_time":"2022-08-30T21:02:33+00:00","article_modified_time":"2022-09-02T10:50:41+00:00","og_image":[{"width":2048,"height":1153,"url":"https:\/\/stuttgarti-katolikusok.de\/wp-content\/uploads\/2021\/09\/241764757-1977533565729233-4246059194345201475-n.jpg","type":"image\/jpeg"}],"author":"Tibor atya","twitter_card":"summary_large_image","twitter_misc":{"Szerz\u0151:":"Tibor atya","Becs\u00fclt olvas\u00e1si id\u0151":"1 perc"},"schema":{"@context":"https:\/\/schema.org","@graph":[{"@type":"Article","@id":"https:\/\/stuttgarti-katolikusok.de\/index.php\/2022-szeptember-1-es-4-kozott\/#article","isPartOf":{"@id":"https:\/\/stuttgarti-katolikusok.de\/index.php\/2022-szeptember-1-es-4-kozott\/"},"author":{"name":"Tibor atya","@id":"https:\/\/stuttgarti-katolikusok.de\/#\/schema\/person\/75908d6f8fdc03a57889d27209df7795"},"headline":"2022 SZEPTEMBER 1 \u00e9s 4 K\u00d6Z\u00d6TT","datePublished":"2022-08-30T21:02:33+00:00","dateModified":"2022-09-02T10:50:41+00:00","mainEntityOfPage":{"@id":"https:\/\/stuttgarti-katolikusok.de\/index.php\/2022-szeptember-1-es-4-kozott\/"},"wordCount":220,"image":{"@id":"https:\/\/stuttgarti-katolikusok.de\/index.php\/2022-szeptember-1-es-4-kozott\/#primaryimage"},"thumbnailUrl":"https:\/\/stuttgarti-katolikusok.de\/wp-content\/uploads\/2021\/09\/241764757-1977533565729233-4246059194345201475-n.jpg","articleSection":["Progamel\u0151zetes"],"inLanguage":"hu"},{"@type":"WebPage","@id":"https:\/\/stuttgarti-katolikusok.de\/index.php\/2022-szeptember-1-es-4-kozott\/","url":"https:\/\/stuttgarti-katolikusok.de\/index.php\/2022-szeptember-1-es-4-kozott\/","name":"2022 SZEPTEMBER 1 \u00e9s 4 K\u00d6Z\u00d6TT - Stuttgarti Katolikusok","isPartOf":{"@id":"https:\/\/stuttgarti-katolikusok.de\/#website"},"primaryImageOfPage":{"@id":"https:\/\/stuttgarti-katolikusok.de\/index.php\/2022-szeptember-1-es-4-kozott\/#primaryimage"},"image":{"@id":"https:\/\/stuttgarti-katolikusok.de\/index.php\/2022-szeptember-1-es-4-kozott\/#primaryimage"},"thumbnailUrl":"https:\/\/stuttgarti-katolikusok.de\/wp-content\/uploads\/2021\/09\/241764757-1977533565729233-4246059194345201475-n.jpg","datePublished":"2022-08-30T21:02:33+00:00","dateModified":"2022-09-02T10:50:41+00:00","author":{"@id":"https:\/\/stuttgarti-katolikusok.de\/#\/schema\/person\/75908d6f8fdc03a57889d27209df7795"},"breadcrumb":{"@id":"https:\/\/stuttgarti-katolikusok.de\/index.php\/2022-szeptember-1-es-4-kozott\/#breadcrumb"},"inLanguage":"hu","potentialAction":[{"@type":"ReadAction","target":["https:\/\/stuttgarti-katolikusok.de\/index.php\/2022-szeptember-1-es-4-kozott\/"]}]},{"@type":"ImageObject","inLanguage":"hu","@id":"https:\/\/stuttgarti-katolikusok.de\/index.php\/2022-szeptember-1-es-4-kozott\/#primaryimage","url":"https:\/\/stuttgarti-katolikusok.de\/wp-content\/uploads\/2021\/09\/241764757-1977533565729233-4246059194345201475-n.jpg","contentUrl":"https:\/\/stuttgarti-katolikusok.de\/wp-content\/uploads\/2021\/09\/241764757-1977533565729233-4246059194345201475-n.jpg","width":2048,"height":1153},{"@type":"BreadcrumbList","@id":"https:\/\/stuttgarti-katolikusok.de\/index.php\/2022-szeptember-1-es-4-kozott\/#breadcrumb","itemListElement":[{"@type":"ListItem","position":1,"name":"Kezd\u0151lap","item":"https:\/\/stuttgarti-katolikusok.de\/"},{"@type":"ListItem","position":2,"name":"2022 SZEPTEMBER 1 \u00e9s 4 K\u00d6Z\u00d6TT"}]},{"@type":"WebSite","@id":"https:\/\/stuttgarti-katolikusok.de\/#website","url":"https:\/\/stuttgarti-katolikusok.de\/","name":"Stuttgarti Katolikusok","description":"","potentialAction":[{"@type":"SearchAction","target":{"@type":"EntryPoint","urlTemplate":"https:\/\/stuttgarti-katolikusok.de\/?s={search_term_string}"},"query-input":{"@type":"PropertyValueSpecification","valueRequired":true,"valueName":"search_term_string"}}],"inLanguage":"hu"},{"@type":"Person","@id":"https:\/\/stuttgarti-katolikusok.de\/#\/schema\/person\/75908d6f8fdc03a57889d27209df7795","name":"Tibor atya","image":{"@type":"ImageObject","inLanguage":"hu","@id":"https:\/\/secure.gravatar.com\/avatar\/61d268e57d1f4525b111222e29d2d5a7f8c420fdbf231ba5566a8ceac74fa960?s=96&d=mm&r=g","url":"https:\/\/secure.gravatar.com\/avatar\/61d268e57d1f4525b111222e29d2d5a7f8c420fdbf231ba5566a8ceac74fa960?s=96&d=mm&r=g","contentUrl":"https:\/\/secure.gravatar.com\/avatar\/61d268e57d1f4525b111222e29d2d5a7f8c420fdbf231ba5566a8ceac74fa960?s=96&d=mm&r=g","caption":"Tibor atya"},"url":"https:\/\/stuttgarti-katolikusok.de\/index.php\/author\/tibor-atya\/"}]}},"_links":{"self":[{"href":"https:\/\/stuttgarti-katolikusok.de\/index.php\/wp-json\/wp\/v2\/posts\/23569","targetHints":{"allow":["GET"]}}],"collection":[{"href":"https:\/\/stuttgarti-katolikusok.de\/index.php\/wp-json\/wp\/v2\/posts"}],"about":[{"href":"https:\/\/stuttgarti-katolikusok.de\/index.php\/wp-json\/wp\/v2\/types\/post"}],"author":[{"embeddable":true,"href":"https:\/\/stuttgarti-katolikusok.de\/index.php\/wp-json\/wp\/v2\/users\/3"}],"replies":[{"embeddable":true,"href":"https:\/\/stuttgarti-katolikusok.de\/index.php\/wp-json\/wp\/v2\/comments?post=23569"}],"version-history":[{"count":4,"href":"https:\/\/stuttgarti-katolikusok.de\/index.php\/wp-json\/wp\/v2\/posts\/23569\/revisions"}],"predecessor-version":[{"id":23581,"href":"https:\/\/stuttgarti-katolikusok.de\/index.php\/wp-json\/wp\/v2\/posts\/23569\/revisions\/23581"}],"wp:featuredmedia":[{"embeddable":true,"href":"https:\/\/stuttgarti-katolikusok.de\/index.php\/wp-json\/wp\/v2\/media\/22179"}],"wp:attachment":[{"href":"https:\/\/stuttgarti-katolikusok.de\/index.php\/wp-json\/wp\/v2\/media?parent=23569"}],"wp:term":[{"taxonomy":"category","embeddable":true,"href":"https:\/\/stuttgarti-katolikusok.de\/index.php\/wp-json\/wp\/v2\/categories?post=23569"},{"taxonomy":"post_tag","embeddable":true,"href":"https:\/\/stuttgarti-katolikusok.de\/index.php\/wp-json\/wp\/v2\/tags?post=23569"}],"curies":[{"name":"wp","href":"https:\/\/api.w.org\/{rel}","templated":true}]}}