{"id":23533,"date":"2022-06-21T12:33:54","date_gmt":"2022-06-21T10:33:54","guid":{"rendered":"https:\/\/stuttgarti-katolikusok.de\/?p=23533"},"modified":"2022-06-21T12:33:54","modified_gmt":"2022-06-21T10:33:54","slug":"visegradi-csoport-ifju-virtuozainak-unnepi-koncertje","status":"publish","type":"post","link":"https:\/\/stuttgarti-katolikusok.de\/index.php\/visegradi-csoport-ifju-virtuozainak-unnepi-koncertje\/","title":{"rendered":"Visegr\u00e1di Csoport ifj\u00fa virtu\u00f3zainak \u00fcnnepi koncertje"},"content":{"rendered":"<p>A <em><strong>Liszt Int\u00e9zet &#8211; Magyar Kultur\u00e1lis K\u00f6zpont Stuttgart<\/strong><\/em> kar\u00f6ltve a<em><strong> Stuttgarti Magyar F\u0151konzul\u00e1tus-<\/strong><\/em>sal szeretettel \u00e9s \u00f6r\u00f6mmel h\u00edv minden kedves \u00e9rdekl\u0151d\u0151t a Visegr\u00e1di Csoport ifj\u00fa virtu\u00f3zainak \u00fcnnepi koncertj\u00e9re.<\/p>\n<p><em><strong>Helysz\u00edn:<\/strong><\/em><\/p>\n<p>Liszt Int\u00e9zet &#8211; Magyar Kultur\u00e1lis K\u00f6zpont Stuttgart<\/p>\n<p>Christophstra\u00dfe 7<\/p>\n<p>70178 Stuttgart<\/p>\n<p><em><strong>Id\u0151pont:<\/strong><\/em><\/p>\n<p>2022. j\u00fanius 25., 19.00 \u00f3ra<\/p>\n<p><em><strong>Fell\u00e9p\u0151k:<\/strong><\/em><\/p>\n<ul>\n<li><strong>Zarina Zaranda<\/strong> &#8211; h\u00e1rfa (Lengyelorsz\u00e1g)<\/li>\n<li><strong>Miriam Minkova<\/strong> &#8211; heged\u0171 (Szlov\u00e1kia)<\/li>\n<li><strong>Eduard Kollert<\/strong> &#8211; heged\u0171 (Csehorsz\u00e1g)<\/li>\n<li><strong>Ildik\u00f3 Rozsonits<\/strong> &#8211; zongora (Magyarorsz\u00e1g)<\/li>\n<\/ul>\n<p>A bel\u00e9p\u0151 ingyenes, k\u00edv\u00e1natos az el\u0151zetes bejelentkez\u00e9s. A koncert v\u00e9gezt\u00e9vel \u00e1ll\u00f3 fogad\u00e1s lesz.<\/p>\n","protected":false},"excerpt":{"rendered":"<p>A Liszt Int\u00e9zet &#8211; Magyar Kultur\u00e1lis K\u00f6zpont Stuttgart kar\u00f6ltve a Stuttgarti Magyar F\u0151konzul\u00e1tus-sal szeretettel \u00e9s \u00f6r\u00f6mmel h\u00edv minden kedves \u00e9rdekl\u0151d\u0151t a Visegr\u00e1di Csoport ifj\u00fa virtu\u00f3zainak \u00fcnnepi koncertj\u00e9re. Helysz\u00edn: Liszt Int\u00e9zet &#8211; Magyar Kultur\u00e1lis K\u00f6zpont Stuttgart Christophstra\u00dfe 7 70178 Stuttgart Id\u0151pont: 2022. j\u00fanius 25., 19.00 \u00f3ra Fell\u00e9p\u0151k: Zarina Zaranda &#8211; h\u00e1rfa (Lengyelorsz\u00e1g) Miriam Minkova &#8211; heged\u0171 (Szlov\u00e1kia) Eduard Kollert &#8211; heged\u0171 (Csehorsz\u00e1g) Ildik\u00f3 Rozsonits &#8211; zongora (Magyarorsz\u00e1g) A bel\u00e9p\u0151 ingyenes, k\u00edv\u00e1natos az el\u0151zetes bejelentkez\u00e9s. A koncert v\u00e9gezt\u00e9vel \u00e1ll\u00f3 fogad\u00e1s lesz.<\/p>\n","protected":false},"author":3,"featured_media":23534,"comment_status":"closed","ping_status":"closed","sticky":false,"template":"","format":"standard","meta":{"footnotes":""},"categories":[5],"tags":[],"class_list":["post-23533","post","type-post","status-publish","format-standard","has-post-thumbnail","hentry","category-hirek"],"yoast_head":"<!-- This site is optimized with the Yoast SEO plugin v27.3 - https:\/\/yoast.com\/product\/yoast-seo-wordpress\/ -->\n<title>Visegr\u00e1di Csoport ifj\u00fa virtu\u00f3zainak \u00fcnnepi koncertje - Stuttgarti Katolikusok<\/title>\n<meta name=\"robots\" content=\"index, follow, max-snippet:-1, max-image-preview:large, max-video-preview:-1\" \/>\n<link rel=\"canonical\" href=\"https:\/\/stuttgarti-katolikusok.de\/index.php\/visegradi-csoport-ifju-virtuozainak-unnepi-koncertje\/\" \/>\n<meta property=\"og:locale\" content=\"hu_HU\" \/>\n<meta property=\"og:type\" content=\"article\" \/>\n<meta property=\"og:title\" content=\"Visegr\u00e1di Csoport ifj\u00fa virtu\u00f3zainak \u00fcnnepi koncertje - Stuttgarti Katolikusok\" \/>\n<meta property=\"og:description\" content=\"A Liszt Int\u00e9zet &#8211; Magyar Kultur\u00e1lis K\u00f6zpont Stuttgart kar\u00f6ltve a Stuttgarti Magyar F\u0151konzul\u00e1tus-sal szeretettel \u00e9s \u00f6r\u00f6mmel h\u00edv minden kedves \u00e9rdekl\u0151d\u0151t a Visegr\u00e1di Csoport ifj\u00fa virtu\u00f3zainak \u00fcnnepi koncertj\u00e9re. Helysz\u00edn: Liszt Int\u00e9zet &#8211; Magyar Kultur\u00e1lis K\u00f6zpont Stuttgart Christophstra\u00dfe 7 70178 Stuttgart Id\u0151pont: 2022. j\u00fanius 25., 19.00 \u00f3ra Fell\u00e9p\u0151k: Zarina Zaranda &#8211; h\u00e1rfa (Lengyelorsz\u00e1g) Miriam Minkova &#8211; heged\u0171 (Szlov\u00e1kia) Eduard Kollert &#8211; heged\u0171 (Csehorsz\u00e1g) Ildik\u00f3 Rozsonits &#8211; zongora (Magyarorsz\u00e1g) A bel\u00e9p\u0151 ingyenes, k\u00edv\u00e1natos az el\u0151zetes bejelentkez\u00e9s. A koncert v\u00e9gezt\u00e9vel \u00e1ll\u00f3 fogad\u00e1s lesz.\" \/>\n<meta property=\"og:url\" content=\"https:\/\/stuttgarti-katolikusok.de\/index.php\/visegradi-csoport-ifju-virtuozainak-unnepi-koncertje\/\" \/>\n<meta property=\"og:site_name\" content=\"Stuttgarti Katolikusok\" \/>\n<meta property=\"article:published_time\" content=\"2022-06-21T10:33:54+00:00\" \/>\n<meta property=\"og:image\" content=\"https:\/\/stuttgarti-katolikusok.de\/wp-content\/uploads\/2022\/06\/virtuozok-fris.jpg\" \/>\n\t<meta property=\"og:image:width\" content=\"1920\" \/>\n\t<meta property=\"og:image:height\" content=\"1180\" \/>\n\t<meta property=\"og:image:type\" content=\"image\/jpeg\" \/>\n<meta name=\"author\" content=\"Tibor atya\" \/>\n<meta name=\"twitter:card\" content=\"summary_large_image\" \/>\n<meta name=\"twitter:label1\" content=\"Szerz\u0151:\" \/>\n\t<meta name=\"twitter:data1\" content=\"Tibor atya\" \/>\n\t<meta name=\"twitter:label2\" content=\"Becs\u00fclt olvas\u00e1si id\u0151\" \/>\n\t<meta name=\"twitter:data2\" content=\"1 perc\" \/>\n<script type=\"application\/ld+json\" class=\"yoast-schema-graph\">{\"@context\":\"https:\\\/\\\/schema.org\",\"@graph\":[{\"@type\":\"Article\",\"@id\":\"https:\\\/\\\/stuttgarti-katolikusok.de\\\/index.php\\\/visegradi-csoport-ifju-virtuozainak-unnepi-koncertje\\\/#article\",\"isPartOf\":{\"@id\":\"https:\\\/\\\/stuttgarti-katolikusok.de\\\/index.php\\\/visegradi-csoport-ifju-virtuozainak-unnepi-koncertje\\\/\"},\"author\":{\"name\":\"Tibor atya\",\"@id\":\"https:\\\/\\\/stuttgarti-katolikusok.de\\\/#\\\/schema\\\/person\\\/75908d6f8fdc03a57889d27209df7795\"},\"headline\":\"Visegr\u00e1di Csoport ifj\u00fa virtu\u00f3zainak \u00fcnnepi koncertje\",\"datePublished\":\"2022-06-21T10:33:54+00:00\",\"mainEntityOfPage\":{\"@id\":\"https:\\\/\\\/stuttgarti-katolikusok.de\\\/index.php\\\/visegradi-csoport-ifju-virtuozainak-unnepi-koncertje\\\/\"},\"wordCount\":118,\"image\":{\"@id\":\"https:\\\/\\\/stuttgarti-katolikusok.de\\\/index.php\\\/visegradi-csoport-ifju-virtuozainak-unnepi-koncertje\\\/#primaryimage\"},\"thumbnailUrl\":\"https:\\\/\\\/stuttgarti-katolikusok.de\\\/wp-content\\\/uploads\\\/2022\\\/06\\\/virtuozok-fris.jpg\",\"articleSection\":[\"H\u00edrek\"],\"inLanguage\":\"hu\"},{\"@type\":\"WebPage\",\"@id\":\"https:\\\/\\\/stuttgarti-katolikusok.de\\\/index.php\\\/visegradi-csoport-ifju-virtuozainak-unnepi-koncertje\\\/\",\"url\":\"https:\\\/\\\/stuttgarti-katolikusok.de\\\/index.php\\\/visegradi-csoport-ifju-virtuozainak-unnepi-koncertje\\\/\",\"name\":\"Visegr\u00e1di Csoport ifj\u00fa virtu\u00f3zainak \u00fcnnepi koncertje - Stuttgarti Katolikusok\",\"isPartOf\":{\"@id\":\"https:\\\/\\\/stuttgarti-katolikusok.de\\\/#website\"},\"primaryImageOfPage\":{\"@id\":\"https:\\\/\\\/stuttgarti-katolikusok.de\\\/index.php\\\/visegradi-csoport-ifju-virtuozainak-unnepi-koncertje\\\/#primaryimage\"},\"image\":{\"@id\":\"https:\\\/\\\/stuttgarti-katolikusok.de\\\/index.php\\\/visegradi-csoport-ifju-virtuozainak-unnepi-koncertje\\\/#primaryimage\"},\"thumbnailUrl\":\"https:\\\/\\\/stuttgarti-katolikusok.de\\\/wp-content\\\/uploads\\\/2022\\\/06\\\/virtuozok-fris.jpg\",\"datePublished\":\"2022-06-21T10:33:54+00:00\",\"author\":{\"@id\":\"https:\\\/\\\/stuttgarti-katolikusok.de\\\/#\\\/schema\\\/person\\\/75908d6f8fdc03a57889d27209df7795\"},\"breadcrumb\":{\"@id\":\"https:\\\/\\\/stuttgarti-katolikusok.de\\\/index.php\\\/visegradi-csoport-ifju-virtuozainak-unnepi-koncertje\\\/#breadcrumb\"},\"inLanguage\":\"hu\",\"potentialAction\":[{\"@type\":\"ReadAction\",\"target\":[\"https:\\\/\\\/stuttgarti-katolikusok.de\\\/index.php\\\/visegradi-csoport-ifju-virtuozainak-unnepi-koncertje\\\/\"]}]},{\"@type\":\"ImageObject\",\"inLanguage\":\"hu\",\"@id\":\"https:\\\/\\\/stuttgarti-katolikusok.de\\\/index.php\\\/visegradi-csoport-ifju-virtuozainak-unnepi-koncertje\\\/#primaryimage\",\"url\":\"https:\\\/\\\/stuttgarti-katolikusok.de\\\/wp-content\\\/uploads\\\/2022\\\/06\\\/virtuozok-fris.jpg\",\"contentUrl\":\"https:\\\/\\\/stuttgarti-katolikusok.de\\\/wp-content\\\/uploads\\\/2022\\\/06\\\/virtuozok-fris.jpg\",\"width\":1920,\"height\":1180},{\"@type\":\"BreadcrumbList\",\"@id\":\"https:\\\/\\\/stuttgarti-katolikusok.de\\\/index.php\\\/visegradi-csoport-ifju-virtuozainak-unnepi-koncertje\\\/#breadcrumb\",\"itemListElement\":[{\"@type\":\"ListItem\",\"position\":1,\"name\":\"Kezd\u0151lap\",\"item\":\"https:\\\/\\\/stuttgarti-katolikusok.de\\\/\"},{\"@type\":\"ListItem\",\"position\":2,\"name\":\"Visegr\u00e1di Csoport ifj\u00fa virtu\u00f3zainak \u00fcnnepi koncertje\"}]},{\"@type\":\"WebSite\",\"@id\":\"https:\\\/\\\/stuttgarti-katolikusok.de\\\/#website\",\"url\":\"https:\\\/\\\/stuttgarti-katolikusok.de\\\/\",\"name\":\"Stuttgarti Katolikusok\",\"description\":\"\",\"potentialAction\":[{\"@type\":\"SearchAction\",\"target\":{\"@type\":\"EntryPoint\",\"urlTemplate\":\"https:\\\/\\\/stuttgarti-katolikusok.de\\\/?s={search_term_string}\"},\"query-input\":{\"@type\":\"PropertyValueSpecification\",\"valueRequired\":true,\"valueName\":\"search_term_string\"}}],\"inLanguage\":\"hu\"},{\"@type\":\"Person\",\"@id\":\"https:\\\/\\\/stuttgarti-katolikusok.de\\\/#\\\/schema\\\/person\\\/75908d6f8fdc03a57889d27209df7795\",\"name\":\"Tibor atya\",\"image\":{\"@type\":\"ImageObject\",\"inLanguage\":\"hu\",\"@id\":\"https:\\\/\\\/secure.gravatar.com\\\/avatar\\\/61d268e57d1f4525b111222e29d2d5a7f8c420fdbf231ba5566a8ceac74fa960?s=96&d=mm&r=g\",\"url\":\"https:\\\/\\\/secure.gravatar.com\\\/avatar\\\/61d268e57d1f4525b111222e29d2d5a7f8c420fdbf231ba5566a8ceac74fa960?s=96&d=mm&r=g\",\"contentUrl\":\"https:\\\/\\\/secure.gravatar.com\\\/avatar\\\/61d268e57d1f4525b111222e29d2d5a7f8c420fdbf231ba5566a8ceac74fa960?s=96&d=mm&r=g\",\"caption\":\"Tibor atya\"},\"url\":\"https:\\\/\\\/stuttgarti-katolikusok.de\\\/index.php\\\/author\\\/tibor-atya\\\/\"}]}<\/script>\n<!-- \/ Yoast SEO plugin. -->","yoast_head_json":{"title":"Visegr\u00e1di Csoport ifj\u00fa virtu\u00f3zainak \u00fcnnepi koncertje - Stuttgarti Katolikusok","robots":{"index":"index","follow":"follow","max-snippet":"max-snippet:-1","max-image-preview":"max-image-preview:large","max-video-preview":"max-video-preview:-1"},"canonical":"https:\/\/stuttgarti-katolikusok.de\/index.php\/visegradi-csoport-ifju-virtuozainak-unnepi-koncertje\/","og_locale":"hu_HU","og_type":"article","og_title":"Visegr\u00e1di Csoport ifj\u00fa virtu\u00f3zainak \u00fcnnepi koncertje - Stuttgarti Katolikusok","og_description":"A Liszt Int\u00e9zet &#8211; Magyar Kultur\u00e1lis K\u00f6zpont Stuttgart kar\u00f6ltve a Stuttgarti Magyar F\u0151konzul\u00e1tus-sal szeretettel \u00e9s \u00f6r\u00f6mmel h\u00edv minden kedves \u00e9rdekl\u0151d\u0151t a Visegr\u00e1di Csoport ifj\u00fa virtu\u00f3zainak \u00fcnnepi koncertj\u00e9re. Helysz\u00edn: Liszt Int\u00e9zet &#8211; Magyar Kultur\u00e1lis K\u00f6zpont Stuttgart Christophstra\u00dfe 7 70178 Stuttgart Id\u0151pont: 2022. j\u00fanius 25., 19.00 \u00f3ra Fell\u00e9p\u0151k: Zarina Zaranda &#8211; h\u00e1rfa (Lengyelorsz\u00e1g) Miriam Minkova &#8211; heged\u0171 (Szlov\u00e1kia) Eduard Kollert &#8211; heged\u0171 (Csehorsz\u00e1g) Ildik\u00f3 Rozsonits &#8211; zongora (Magyarorsz\u00e1g) A bel\u00e9p\u0151 ingyenes, k\u00edv\u00e1natos az el\u0151zetes bejelentkez\u00e9s. A koncert v\u00e9gezt\u00e9vel \u00e1ll\u00f3 fogad\u00e1s lesz.","og_url":"https:\/\/stuttgarti-katolikusok.de\/index.php\/visegradi-csoport-ifju-virtuozainak-unnepi-koncertje\/","og_site_name":"Stuttgarti Katolikusok","article_published_time":"2022-06-21T10:33:54+00:00","og_image":[{"width":1920,"height":1180,"url":"https:\/\/stuttgarti-katolikusok.de\/wp-content\/uploads\/2022\/06\/virtuozok-fris.jpg","type":"image\/jpeg"}],"author":"Tibor atya","twitter_card":"summary_large_image","twitter_misc":{"Szerz\u0151:":"Tibor atya","Becs\u00fclt olvas\u00e1si id\u0151":"1 perc"},"schema":{"@context":"https:\/\/schema.org","@graph":[{"@type":"Article","@id":"https:\/\/stuttgarti-katolikusok.de\/index.php\/visegradi-csoport-ifju-virtuozainak-unnepi-koncertje\/#article","isPartOf":{"@id":"https:\/\/stuttgarti-katolikusok.de\/index.php\/visegradi-csoport-ifju-virtuozainak-unnepi-koncertje\/"},"author":{"name":"Tibor atya","@id":"https:\/\/stuttgarti-katolikusok.de\/#\/schema\/person\/75908d6f8fdc03a57889d27209df7795"},"headline":"Visegr\u00e1di Csoport ifj\u00fa virtu\u00f3zainak \u00fcnnepi koncertje","datePublished":"2022-06-21T10:33:54+00:00","mainEntityOfPage":{"@id":"https:\/\/stuttgarti-katolikusok.de\/index.php\/visegradi-csoport-ifju-virtuozainak-unnepi-koncertje\/"},"wordCount":118,"image":{"@id":"https:\/\/stuttgarti-katolikusok.de\/index.php\/visegradi-csoport-ifju-virtuozainak-unnepi-koncertje\/#primaryimage"},"thumbnailUrl":"https:\/\/stuttgarti-katolikusok.de\/wp-content\/uploads\/2022\/06\/virtuozok-fris.jpg","articleSection":["H\u00edrek"],"inLanguage":"hu"},{"@type":"WebPage","@id":"https:\/\/stuttgarti-katolikusok.de\/index.php\/visegradi-csoport-ifju-virtuozainak-unnepi-koncertje\/","url":"https:\/\/stuttgarti-katolikusok.de\/index.php\/visegradi-csoport-ifju-virtuozainak-unnepi-koncertje\/","name":"Visegr\u00e1di Csoport ifj\u00fa virtu\u00f3zainak \u00fcnnepi koncertje - Stuttgarti Katolikusok","isPartOf":{"@id":"https:\/\/stuttgarti-katolikusok.de\/#website"},"primaryImageOfPage":{"@id":"https:\/\/stuttgarti-katolikusok.de\/index.php\/visegradi-csoport-ifju-virtuozainak-unnepi-koncertje\/#primaryimage"},"image":{"@id":"https:\/\/stuttgarti-katolikusok.de\/index.php\/visegradi-csoport-ifju-virtuozainak-unnepi-koncertje\/#primaryimage"},"thumbnailUrl":"https:\/\/stuttgarti-katolikusok.de\/wp-content\/uploads\/2022\/06\/virtuozok-fris.jpg","datePublished":"2022-06-21T10:33:54+00:00","author":{"@id":"https:\/\/stuttgarti-katolikusok.de\/#\/schema\/person\/75908d6f8fdc03a57889d27209df7795"},"breadcrumb":{"@id":"https:\/\/stuttgarti-katolikusok.de\/index.php\/visegradi-csoport-ifju-virtuozainak-unnepi-koncertje\/#breadcrumb"},"inLanguage":"hu","potentialAction":[{"@type":"ReadAction","target":["https:\/\/stuttgarti-katolikusok.de\/index.php\/visegradi-csoport-ifju-virtuozainak-unnepi-koncertje\/"]}]},{"@type":"ImageObject","inLanguage":"hu","@id":"https:\/\/stuttgarti-katolikusok.de\/index.php\/visegradi-csoport-ifju-virtuozainak-unnepi-koncertje\/#primaryimage","url":"https:\/\/stuttgarti-katolikusok.de\/wp-content\/uploads\/2022\/06\/virtuozok-fris.jpg","contentUrl":"https:\/\/stuttgarti-katolikusok.de\/wp-content\/uploads\/2022\/06\/virtuozok-fris.jpg","width":1920,"height":1180},{"@type":"BreadcrumbList","@id":"https:\/\/stuttgarti-katolikusok.de\/index.php\/visegradi-csoport-ifju-virtuozainak-unnepi-koncertje\/#breadcrumb","itemListElement":[{"@type":"ListItem","position":1,"name":"Kezd\u0151lap","item":"https:\/\/stuttgarti-katolikusok.de\/"},{"@type":"ListItem","position":2,"name":"Visegr\u00e1di Csoport ifj\u00fa virtu\u00f3zainak \u00fcnnepi koncertje"}]},{"@type":"WebSite","@id":"https:\/\/stuttgarti-katolikusok.de\/#website","url":"https:\/\/stuttgarti-katolikusok.de\/","name":"Stuttgarti Katolikusok","description":"","potentialAction":[{"@type":"SearchAction","target":{"@type":"EntryPoint","urlTemplate":"https:\/\/stuttgarti-katolikusok.de\/?s={search_term_string}"},"query-input":{"@type":"PropertyValueSpecification","valueRequired":true,"valueName":"search_term_string"}}],"inLanguage":"hu"},{"@type":"Person","@id":"https:\/\/stuttgarti-katolikusok.de\/#\/schema\/person\/75908d6f8fdc03a57889d27209df7795","name":"Tibor atya","image":{"@type":"ImageObject","inLanguage":"hu","@id":"https:\/\/secure.gravatar.com\/avatar\/61d268e57d1f4525b111222e29d2d5a7f8c420fdbf231ba5566a8ceac74fa960?s=96&d=mm&r=g","url":"https:\/\/secure.gravatar.com\/avatar\/61d268e57d1f4525b111222e29d2d5a7f8c420fdbf231ba5566a8ceac74fa960?s=96&d=mm&r=g","contentUrl":"https:\/\/secure.gravatar.com\/avatar\/61d268e57d1f4525b111222e29d2d5a7f8c420fdbf231ba5566a8ceac74fa960?s=96&d=mm&r=g","caption":"Tibor atya"},"url":"https:\/\/stuttgarti-katolikusok.de\/index.php\/author\/tibor-atya\/"}]}},"_links":{"self":[{"href":"https:\/\/stuttgarti-katolikusok.de\/index.php\/wp-json\/wp\/v2\/posts\/23533","targetHints":{"allow":["GET"]}}],"collection":[{"href":"https:\/\/stuttgarti-katolikusok.de\/index.php\/wp-json\/wp\/v2\/posts"}],"about":[{"href":"https:\/\/stuttgarti-katolikusok.de\/index.php\/wp-json\/wp\/v2\/types\/post"}],"author":[{"embeddable":true,"href":"https:\/\/stuttgarti-katolikusok.de\/index.php\/wp-json\/wp\/v2\/users\/3"}],"replies":[{"embeddable":true,"href":"https:\/\/stuttgarti-katolikusok.de\/index.php\/wp-json\/wp\/v2\/comments?post=23533"}],"version-history":[{"count":1,"href":"https:\/\/stuttgarti-katolikusok.de\/index.php\/wp-json\/wp\/v2\/posts\/23533\/revisions"}],"predecessor-version":[{"id":23535,"href":"https:\/\/stuttgarti-katolikusok.de\/index.php\/wp-json\/wp\/v2\/posts\/23533\/revisions\/23535"}],"wp:featuredmedia":[{"embeddable":true,"href":"https:\/\/stuttgarti-katolikusok.de\/index.php\/wp-json\/wp\/v2\/media\/23534"}],"wp:attachment":[{"href":"https:\/\/stuttgarti-katolikusok.de\/index.php\/wp-json\/wp\/v2\/media?parent=23533"}],"wp:term":[{"taxonomy":"category","embeddable":true,"href":"https:\/\/stuttgarti-katolikusok.de\/index.php\/wp-json\/wp\/v2\/categories?post=23533"},{"taxonomy":"post_tag","embeddable":true,"href":"https:\/\/stuttgarti-katolikusok.de\/index.php\/wp-json\/wp\/v2\/tags?post=23533"}],"curies":[{"name":"wp","href":"https:\/\/api.w.org\/{rel}","templated":true}]}}