{"id":23517,"date":"2022-06-20T22:51:12","date_gmt":"2022-06-20T20:51:12","guid":{"rendered":"https:\/\/stuttgarti-katolikusok.de\/?p=23517"},"modified":"2022-06-20T22:51:12","modified_gmt":"2022-06-20T20:51:12","slug":"2022-junius-20-es-26-kozott","status":"publish","type":"post","link":"https:\/\/stuttgarti-katolikusok.de\/index.php\/2022-junius-20-es-26-kozott\/","title":{"rendered":"2022 J\u00daNIUS 20 \u00e9s 26 K\u00d6Z\u00d6TT"},"content":{"rendered":"<p><span style=\"color: #ff6600;\"><strong>Programel\u0151zetes<\/strong><\/span><\/p>\n<p style=\"text-align: center;\"><span style=\"color: #ff6600;\"><strong>*<\/strong><\/span><\/p>\n<p><strong>J\u00fanius 22-\u00e9n, szerd\u00e1n<em>, <span style=\"color: #ff6600;\">Weingarteni d\u00e9lut\u00e1n<\/span><\/em><\/strong>, a <span style=\"color: #ff6600;\"><em>14 Nothelfer Kapelle<\/em><\/span>-ben. 17.30 \u00f3rakor <em>r\u00f3zsaf\u00fcz\u00e9rt im\u00e1dkozunk, <\/em>18.00 \u00f3rakor <em>szentmise, <\/em>keret\u00e9ben <em>katek\u00e9zis.<\/em><\/p>\n<p style=\"text-align: center;\"><span style=\"color: #ff6600;\"><strong><em>*<\/em><\/strong><\/span><\/p>\n<p><strong>J\u00fanius 23-\u00e1n, cs\u00fct\u00f6rt\u00f6k\u00f6n <\/strong><strong><em><span style=\"color: #ff6600;\">Ulmi d\u00e9lut\u00e1n<\/span>. <\/em><\/strong>17.30 \u00f3rakor <em>r\u00f3zsaf\u00fcz\u00e9rt im\u00e1dkozunk, <\/em>18.00 \u00f3rakor <em>szentmise, <\/em>keret\u00e9ben <em>katek\u00e9zis.<\/em><\/p>\n<p style=\"text-align: center;\"><span style=\"color: #ff6600;\"><strong><em>*<\/em><\/strong><\/span><\/p>\n<p><strong>J\u00fanius 24-\u00e9n, p\u00e9nteken,<em><span style=\"color: #ff6600;\"> Stuttgarti d\u00e9lut\u00e1n<\/span>, <span style=\"color: #ff0000;\">J\u00e9zus Szent Sz\u00edv\u00e9nek \u00fcnnepe<\/span>,<\/em><\/strong><\/p>\n<p>16.00 \u00f3rakor <em>Bar\u00e1ts\u00e1gklub,<\/em><\/p>\n<p>18.00 \u00f3rakor<em> \u00fcnnepi szentmise, <\/em>el\u0151tte <em>r\u00f3zsaf\u00fcz\u00e9rt im\u00e1dkozunk. <\/em><\/p>\n<p style=\"text-align: center;\"><span style=\"color: #ff6600;\"><strong><em>*<\/em><\/strong><\/span><\/p>\n<p><strong>J\u00fanius 25-\u00e9n, szombaton,<\/strong> <span style=\"color: #ff6600;\"><strong><em>Tuttlingenben<\/em><\/strong><\/span><em>, <\/em>16.00 \u00f3rakor <em>szentmise,\u00a0<\/em>ut\u00e1na\u00a0<em>\u00e1g\u00e1p\u00e9.<\/em><\/p>\n<p style=\"text-align: center;\"><span style=\"color: #ff6600;\"><strong><em>\u00a0*<\/em><\/strong><\/span><\/p>\n<p><strong>J\u00fanius 26-\u00e1n<em>, <span style=\"color: #008000;\">\u00c9vk\u00f6zi 13. vas\u00e1rnap<\/span><\/em><\/strong><em>,<\/em><\/p>\n<p><span style=\"color: #ff6600;\"><strong><em>B\u00f6blinegnben<\/em><\/strong><\/span><strong><em>\u00a0<\/em><\/strong>9.30 \u00f3rakor <em>b\u00facs\u00fas-szentmise,<\/em> <em>Boldog Dr. Scheffler J\u00e1nos p\u00fcsp\u00f6k<\/em> \u00fcnnepe, ut\u00e1na\u00a0<em>\u00e1g\u00e1p\u00e9,<\/em><\/p>\n<p><span style=\"color: #ff6600;\"><strong><em>Heilbronnban<\/em><\/strong><\/span> 15.30 \u00f3rakor<em> szentmise,\u00a0<\/em>ut\u00e1na\u00a0<em>\u00e1g\u00e1p\u00e9.<\/em><\/p>\n<p style=\"text-align: center;\"><span style=\"color: #ff6600;\"><strong>*<\/strong><\/span><\/p>\n<p>Minden helyen mindenkit szeretettel v\u00e1r a k\u00f6z\u00f6ss\u00e9g \u00e9s Tibor atya!<\/p>\n<p style=\"text-align: center;\"><span style=\"color: #ff6600;\"><strong>*<\/strong><\/span><\/p>\n<p><a href=\"https:\/\/stuttgarti-katolikusok.de\/wp-content\/uploads\/2021\/06\/oltarkep2-copy-scaled.jpg\"><img loading=\"lazy\" decoding=\"async\" class=\"alignnone size-full wp-image-22069\" src=\"https:\/\/stuttgarti-katolikusok.de\/wp-content\/uploads\/2021\/06\/oltarkep2-copy-scaled.jpg\" alt=\"\" width=\"2560\" height=\"2060\" srcset=\"https:\/\/stuttgarti-katolikusok.de\/wp-content\/uploads\/2021\/06\/oltarkep2-copy-scaled.jpg 2560w, https:\/\/stuttgarti-katolikusok.de\/wp-content\/uploads\/2021\/06\/oltarkep2-copy-300x241.jpg 300w, https:\/\/stuttgarti-katolikusok.de\/wp-content\/uploads\/2021\/06\/oltarkep2-copy-1024x824.jpg 1024w, https:\/\/stuttgarti-katolikusok.de\/wp-content\/uploads\/2021\/06\/oltarkep2-copy-1536x1236.jpg 1536w, https:\/\/stuttgarti-katolikusok.de\/wp-content\/uploads\/2021\/06\/oltarkep2-copy-2048x1648.jpg 2048w\" sizes=\"auto, (max-width: 2560px) 100vw, 2560px\" \/><\/a><\/p>\n<p style=\"text-align: center;\"><span style=\"color: #ff6600;\"><strong><em>*<\/em><\/strong><\/span><\/p>\n<p><span style=\"color: #008000;\"><strong><em>Kegyelemteljes napokat, tartalmas besz\u00e9lget\u00e9seket \u00e9s \u00f6r\u00f6mteli tal\u00e1lkoz\u00e1sokat k\u00edv\u00e1nunk minden Kedves H\u00edv\u00fcnknek!<\/em><\/strong><\/span><\/p>\n<p style=\"text-align: center;\"><span style=\"color: #ff6600;\"><strong><em>*<\/em><\/strong><\/span><\/p>\n<p><strong><em>\u201eA b\u00f6lcs ember t\u00f6bbet tanul ellens\u00e9geit\u0151l, mint a bolond bar\u00e1tait\u00f3l.\u201d<\/em><\/strong><\/p>\n<p><em>(Baltasar Gracian \u2013 jezsuita szerzetes, spanyol barokk pr\u00f3za\u00edr\u00f3 -1601-1958)<\/em><\/p>\n<p><em>(K\u00e9p forr\u00e1sa: pixabay.com)<\/em><\/p>\n","protected":false},"excerpt":{"rendered":"<p>Programel\u0151zetes * J\u00fanius 22-\u00e9n, szerd\u00e1n, Weingarteni d\u00e9lut\u00e1n, a 14 Nothelfer Kapelle-ben. 17.30 \u00f3rakor r\u00f3zsaf\u00fcz\u00e9rt im\u00e1dkozunk, 18.00 \u00f3rakor szentmise, keret\u00e9ben katek\u00e9zis. * J\u00fanius 23-\u00e1n, cs\u00fct\u00f6rt\u00f6k\u00f6n Ulmi d\u00e9lut\u00e1n. 17.30 \u00f3rakor r\u00f3zsaf\u00fcz\u00e9rt im\u00e1dkozunk, 18.00 \u00f3rakor szentmise, keret\u00e9ben katek\u00e9zis. * J\u00fanius 24-\u00e9n, p\u00e9nteken, Stuttgarti d\u00e9lut\u00e1n, J\u00e9zus Szent Sz\u00edv\u00e9nek \u00fcnnepe, 16.00 \u00f3rakor Bar\u00e1ts\u00e1gklub, 18.00 \u00f3rakor \u00fcnnepi szentmise, el\u0151tte r\u00f3zsaf\u00fcz\u00e9rt im\u00e1dkozunk. * J\u00fanius 25-\u00e9n, szombaton, Tuttlingenben, 16.00 \u00f3rakor szentmise,\u00a0ut\u00e1na\u00a0\u00e1g\u00e1p\u00e9. \u00a0* J\u00fanius 26-\u00e1n, \u00c9vk\u00f6zi 13. vas\u00e1rnap, B\u00f6blinegnben\u00a09.30 \u00f3rakor b\u00facs\u00fas-szentmise, Boldog Dr. Scheffler J\u00e1nos p\u00fcsp\u00f6k \u00fcnnepe, ut\u00e1na\u00a0\u00e1g\u00e1p\u00e9, Heilbronnban 15.30 \u00f3rakor szentmise,\u00a0ut\u00e1na\u00a0\u00e1g\u00e1p\u00e9. * Minden helyen mindenkit szeretettel v\u00e1r a k\u00f6z\u00f6ss\u00e9g \u00e9s Tibor atya! * * Kegyelemteljes napokat, tartalmas besz\u00e9lget\u00e9seket \u00e9s \u00f6r\u00f6mteli tal\u00e1lkoz\u00e1sokat k\u00edv\u00e1nunk minden Kedves H\u00edv\u00fcnknek! * \u201eA b\u00f6lcs ember t\u00f6bbet tanul ellens\u00e9geit\u0151l, mint a bolond bar\u00e1tait\u00f3l.\u201d (Baltasar Gracian \u2013 jezsuita szerzetes, spanyol barokk pr\u00f3za\u00edr\u00f3 -1601-1958) (K\u00e9p forr\u00e1sa: pixabay.com)<\/p>\n","protected":false},"author":3,"featured_media":23518,"comment_status":"closed","ping_status":"closed","sticky":false,"template":"","format":"standard","meta":{"footnotes":""},"categories":[37],"tags":[],"class_list":["post-23517","post","type-post","status-publish","format-standard","has-post-thumbnail","hentry","category-progamelozetes"],"yoast_head":"<!-- This site is optimized with the Yoast SEO plugin v27.3 - https:\/\/yoast.com\/product\/yoast-seo-wordpress\/ -->\n<title>2022 J\u00daNIUS 20 \u00e9s 26 K\u00d6Z\u00d6TT - Stuttgarti Katolikusok<\/title>\n<meta name=\"robots\" content=\"index, follow, max-snippet:-1, max-image-preview:large, max-video-preview:-1\" \/>\n<link rel=\"canonical\" href=\"https:\/\/stuttgarti-katolikusok.de\/index.php\/2022-junius-20-es-26-kozott\/\" \/>\n<meta property=\"og:locale\" content=\"hu_HU\" \/>\n<meta property=\"og:type\" content=\"article\" \/>\n<meta property=\"og:title\" content=\"2022 J\u00daNIUS 20 \u00e9s 26 K\u00d6Z\u00d6TT - Stuttgarti Katolikusok\" \/>\n<meta property=\"og:description\" content=\"Programel\u0151zetes * J\u00fanius 22-\u00e9n, szerd\u00e1n, Weingarteni d\u00e9lut\u00e1n, a 14 Nothelfer Kapelle-ben. 17.30 \u00f3rakor r\u00f3zsaf\u00fcz\u00e9rt im\u00e1dkozunk, 18.00 \u00f3rakor szentmise, keret\u00e9ben katek\u00e9zis. * J\u00fanius 23-\u00e1n, cs\u00fct\u00f6rt\u00f6k\u00f6n Ulmi d\u00e9lut\u00e1n. 17.30 \u00f3rakor r\u00f3zsaf\u00fcz\u00e9rt im\u00e1dkozunk, 18.00 \u00f3rakor szentmise, keret\u00e9ben katek\u00e9zis. * J\u00fanius 24-\u00e9n, p\u00e9nteken, Stuttgarti d\u00e9lut\u00e1n, J\u00e9zus Szent Sz\u00edv\u00e9nek \u00fcnnepe, 16.00 \u00f3rakor Bar\u00e1ts\u00e1gklub, 18.00 \u00f3rakor \u00fcnnepi szentmise, el\u0151tte r\u00f3zsaf\u00fcz\u00e9rt im\u00e1dkozunk. * J\u00fanius 25-\u00e9n, szombaton, Tuttlingenben, 16.00 \u00f3rakor szentmise,\u00a0ut\u00e1na\u00a0\u00e1g\u00e1p\u00e9. \u00a0* J\u00fanius 26-\u00e1n, \u00c9vk\u00f6zi 13. vas\u00e1rnap, B\u00f6blinegnben\u00a09.30 \u00f3rakor b\u00facs\u00fas-szentmise, Boldog Dr. Scheffler J\u00e1nos p\u00fcsp\u00f6k \u00fcnnepe, ut\u00e1na\u00a0\u00e1g\u00e1p\u00e9, Heilbronnban 15.30 \u00f3rakor szentmise,\u00a0ut\u00e1na\u00a0\u00e1g\u00e1p\u00e9. * Minden helyen mindenkit szeretettel v\u00e1r a k\u00f6z\u00f6ss\u00e9g \u00e9s Tibor atya! * * Kegyelemteljes napokat, tartalmas besz\u00e9lget\u00e9seket \u00e9s \u00f6r\u00f6mteli tal\u00e1lkoz\u00e1sokat k\u00edv\u00e1nunk minden Kedves H\u00edv\u00fcnknek! * \u201eA b\u00f6lcs ember t\u00f6bbet tanul ellens\u00e9geit\u0151l, mint a bolond bar\u00e1tait\u00f3l.\u201d (Baltasar Gracian \u2013 jezsuita szerzetes, spanyol barokk pr\u00f3za\u00edr\u00f3 -1601-1958) (K\u00e9p forr\u00e1sa: pixabay.com)\" \/>\n<meta property=\"og:url\" content=\"https:\/\/stuttgarti-katolikusok.de\/index.php\/2022-junius-20-es-26-kozott\/\" \/>\n<meta property=\"og:site_name\" content=\"Stuttgarti Katolikusok\" \/>\n<meta property=\"article:published_time\" content=\"2022-06-20T20:51:12+00:00\" \/>\n<meta property=\"og:image\" content=\"https:\/\/stuttgarti-katolikusok.de\/wp-content\/uploads\/2022\/06\/fall-2923305-1280.jpg\" \/>\n\t<meta property=\"og:image:width\" content=\"1280\" \/>\n\t<meta property=\"og:image:height\" content=\"853\" \/>\n\t<meta property=\"og:image:type\" content=\"image\/jpeg\" \/>\n<meta name=\"author\" content=\"Tibor atya\" \/>\n<meta name=\"twitter:card\" content=\"summary_large_image\" \/>\n<meta name=\"twitter:label1\" content=\"Szerz\u0151:\" \/>\n\t<meta name=\"twitter:data1\" content=\"Tibor atya\" \/>\n\t<meta name=\"twitter:label2\" content=\"Becs\u00fclt olvas\u00e1si id\u0151\" \/>\n\t<meta name=\"twitter:data2\" content=\"1 perc\" \/>\n<script type=\"application\/ld+json\" class=\"yoast-schema-graph\">{\"@context\":\"https:\\\/\\\/schema.org\",\"@graph\":[{\"@type\":\"Article\",\"@id\":\"https:\\\/\\\/stuttgarti-katolikusok.de\\\/index.php\\\/2022-junius-20-es-26-kozott\\\/#article\",\"isPartOf\":{\"@id\":\"https:\\\/\\\/stuttgarti-katolikusok.de\\\/index.php\\\/2022-junius-20-es-26-kozott\\\/\"},\"author\":{\"name\":\"Tibor atya\",\"@id\":\"https:\\\/\\\/stuttgarti-katolikusok.de\\\/#\\\/schema\\\/person\\\/75908d6f8fdc03a57889d27209df7795\"},\"headline\":\"2022 J\u00daNIUS 20 \u00e9s 26 K\u00d6Z\u00d6TT\",\"datePublished\":\"2022-06-20T20:51:12+00:00\",\"mainEntityOfPage\":{\"@id\":\"https:\\\/\\\/stuttgarti-katolikusok.de\\\/index.php\\\/2022-junius-20-es-26-kozott\\\/\"},\"wordCount\":206,\"image\":{\"@id\":\"https:\\\/\\\/stuttgarti-katolikusok.de\\\/index.php\\\/2022-junius-20-es-26-kozott\\\/#primaryimage\"},\"thumbnailUrl\":\"https:\\\/\\\/stuttgarti-katolikusok.de\\\/wp-content\\\/uploads\\\/2022\\\/06\\\/fall-2923305-1280.jpg\",\"articleSection\":[\"Progamel\u0151zetes\"],\"inLanguage\":\"hu\"},{\"@type\":\"WebPage\",\"@id\":\"https:\\\/\\\/stuttgarti-katolikusok.de\\\/index.php\\\/2022-junius-20-es-26-kozott\\\/\",\"url\":\"https:\\\/\\\/stuttgarti-katolikusok.de\\\/index.php\\\/2022-junius-20-es-26-kozott\\\/\",\"name\":\"2022 J\u00daNIUS 20 \u00e9s 26 K\u00d6Z\u00d6TT - Stuttgarti Katolikusok\",\"isPartOf\":{\"@id\":\"https:\\\/\\\/stuttgarti-katolikusok.de\\\/#website\"},\"primaryImageOfPage\":{\"@id\":\"https:\\\/\\\/stuttgarti-katolikusok.de\\\/index.php\\\/2022-junius-20-es-26-kozott\\\/#primaryimage\"},\"image\":{\"@id\":\"https:\\\/\\\/stuttgarti-katolikusok.de\\\/index.php\\\/2022-junius-20-es-26-kozott\\\/#primaryimage\"},\"thumbnailUrl\":\"https:\\\/\\\/stuttgarti-katolikusok.de\\\/wp-content\\\/uploads\\\/2022\\\/06\\\/fall-2923305-1280.jpg\",\"datePublished\":\"2022-06-20T20:51:12+00:00\",\"author\":{\"@id\":\"https:\\\/\\\/stuttgarti-katolikusok.de\\\/#\\\/schema\\\/person\\\/75908d6f8fdc03a57889d27209df7795\"},\"breadcrumb\":{\"@id\":\"https:\\\/\\\/stuttgarti-katolikusok.de\\\/index.php\\\/2022-junius-20-es-26-kozott\\\/#breadcrumb\"},\"inLanguage\":\"hu\",\"potentialAction\":[{\"@type\":\"ReadAction\",\"target\":[\"https:\\\/\\\/stuttgarti-katolikusok.de\\\/index.php\\\/2022-junius-20-es-26-kozott\\\/\"]}]},{\"@type\":\"ImageObject\",\"inLanguage\":\"hu\",\"@id\":\"https:\\\/\\\/stuttgarti-katolikusok.de\\\/index.php\\\/2022-junius-20-es-26-kozott\\\/#primaryimage\",\"url\":\"https:\\\/\\\/stuttgarti-katolikusok.de\\\/wp-content\\\/uploads\\\/2022\\\/06\\\/fall-2923305-1280.jpg\",\"contentUrl\":\"https:\\\/\\\/stuttgarti-katolikusok.de\\\/wp-content\\\/uploads\\\/2022\\\/06\\\/fall-2923305-1280.jpg\",\"width\":1280,\"height\":853},{\"@type\":\"BreadcrumbList\",\"@id\":\"https:\\\/\\\/stuttgarti-katolikusok.de\\\/index.php\\\/2022-junius-20-es-26-kozott\\\/#breadcrumb\",\"itemListElement\":[{\"@type\":\"ListItem\",\"position\":1,\"name\":\"Kezd\u0151lap\",\"item\":\"https:\\\/\\\/stuttgarti-katolikusok.de\\\/\"},{\"@type\":\"ListItem\",\"position\":2,\"name\":\"2022 J\u00daNIUS 20 \u00e9s 26 K\u00d6Z\u00d6TT\"}]},{\"@type\":\"WebSite\",\"@id\":\"https:\\\/\\\/stuttgarti-katolikusok.de\\\/#website\",\"url\":\"https:\\\/\\\/stuttgarti-katolikusok.de\\\/\",\"name\":\"Stuttgarti Katolikusok\",\"description\":\"\",\"potentialAction\":[{\"@type\":\"SearchAction\",\"target\":{\"@type\":\"EntryPoint\",\"urlTemplate\":\"https:\\\/\\\/stuttgarti-katolikusok.de\\\/?s={search_term_string}\"},\"query-input\":{\"@type\":\"PropertyValueSpecification\",\"valueRequired\":true,\"valueName\":\"search_term_string\"}}],\"inLanguage\":\"hu\"},{\"@type\":\"Person\",\"@id\":\"https:\\\/\\\/stuttgarti-katolikusok.de\\\/#\\\/schema\\\/person\\\/75908d6f8fdc03a57889d27209df7795\",\"name\":\"Tibor atya\",\"image\":{\"@type\":\"ImageObject\",\"inLanguage\":\"hu\",\"@id\":\"https:\\\/\\\/secure.gravatar.com\\\/avatar\\\/61d268e57d1f4525b111222e29d2d5a7f8c420fdbf231ba5566a8ceac74fa960?s=96&d=mm&r=g\",\"url\":\"https:\\\/\\\/secure.gravatar.com\\\/avatar\\\/61d268e57d1f4525b111222e29d2d5a7f8c420fdbf231ba5566a8ceac74fa960?s=96&d=mm&r=g\",\"contentUrl\":\"https:\\\/\\\/secure.gravatar.com\\\/avatar\\\/61d268e57d1f4525b111222e29d2d5a7f8c420fdbf231ba5566a8ceac74fa960?s=96&d=mm&r=g\",\"caption\":\"Tibor atya\"},\"url\":\"https:\\\/\\\/stuttgarti-katolikusok.de\\\/index.php\\\/author\\\/tibor-atya\\\/\"}]}<\/script>\n<!-- \/ Yoast SEO plugin. -->","yoast_head_json":{"title":"2022 J\u00daNIUS 20 \u00e9s 26 K\u00d6Z\u00d6TT - Stuttgarti Katolikusok","robots":{"index":"index","follow":"follow","max-snippet":"max-snippet:-1","max-image-preview":"max-image-preview:large","max-video-preview":"max-video-preview:-1"},"canonical":"https:\/\/stuttgarti-katolikusok.de\/index.php\/2022-junius-20-es-26-kozott\/","og_locale":"hu_HU","og_type":"article","og_title":"2022 J\u00daNIUS 20 \u00e9s 26 K\u00d6Z\u00d6TT - Stuttgarti Katolikusok","og_description":"Programel\u0151zetes * J\u00fanius 22-\u00e9n, szerd\u00e1n, Weingarteni d\u00e9lut\u00e1n, a 14 Nothelfer Kapelle-ben. 17.30 \u00f3rakor r\u00f3zsaf\u00fcz\u00e9rt im\u00e1dkozunk, 18.00 \u00f3rakor szentmise, keret\u00e9ben katek\u00e9zis. * J\u00fanius 23-\u00e1n, cs\u00fct\u00f6rt\u00f6k\u00f6n Ulmi d\u00e9lut\u00e1n. 17.30 \u00f3rakor r\u00f3zsaf\u00fcz\u00e9rt im\u00e1dkozunk, 18.00 \u00f3rakor szentmise, keret\u00e9ben katek\u00e9zis. * J\u00fanius 24-\u00e9n, p\u00e9nteken, Stuttgarti d\u00e9lut\u00e1n, J\u00e9zus Szent Sz\u00edv\u00e9nek \u00fcnnepe, 16.00 \u00f3rakor Bar\u00e1ts\u00e1gklub, 18.00 \u00f3rakor \u00fcnnepi szentmise, el\u0151tte r\u00f3zsaf\u00fcz\u00e9rt im\u00e1dkozunk. * J\u00fanius 25-\u00e9n, szombaton, Tuttlingenben, 16.00 \u00f3rakor szentmise,\u00a0ut\u00e1na\u00a0\u00e1g\u00e1p\u00e9. \u00a0* J\u00fanius 26-\u00e1n, \u00c9vk\u00f6zi 13. vas\u00e1rnap, B\u00f6blinegnben\u00a09.30 \u00f3rakor b\u00facs\u00fas-szentmise, Boldog Dr. Scheffler J\u00e1nos p\u00fcsp\u00f6k \u00fcnnepe, ut\u00e1na\u00a0\u00e1g\u00e1p\u00e9, Heilbronnban 15.30 \u00f3rakor szentmise,\u00a0ut\u00e1na\u00a0\u00e1g\u00e1p\u00e9. * Minden helyen mindenkit szeretettel v\u00e1r a k\u00f6z\u00f6ss\u00e9g \u00e9s Tibor atya! * * Kegyelemteljes napokat, tartalmas besz\u00e9lget\u00e9seket \u00e9s \u00f6r\u00f6mteli tal\u00e1lkoz\u00e1sokat k\u00edv\u00e1nunk minden Kedves H\u00edv\u00fcnknek! * \u201eA b\u00f6lcs ember t\u00f6bbet tanul ellens\u00e9geit\u0151l, mint a bolond bar\u00e1tait\u00f3l.\u201d (Baltasar Gracian \u2013 jezsuita szerzetes, spanyol barokk pr\u00f3za\u00edr\u00f3 -1601-1958) (K\u00e9p forr\u00e1sa: pixabay.com)","og_url":"https:\/\/stuttgarti-katolikusok.de\/index.php\/2022-junius-20-es-26-kozott\/","og_site_name":"Stuttgarti Katolikusok","article_published_time":"2022-06-20T20:51:12+00:00","og_image":[{"width":1280,"height":853,"url":"https:\/\/stuttgarti-katolikusok.de\/wp-content\/uploads\/2022\/06\/fall-2923305-1280.jpg","type":"image\/jpeg"}],"author":"Tibor atya","twitter_card":"summary_large_image","twitter_misc":{"Szerz\u0151:":"Tibor atya","Becs\u00fclt olvas\u00e1si id\u0151":"1 perc"},"schema":{"@context":"https:\/\/schema.org","@graph":[{"@type":"Article","@id":"https:\/\/stuttgarti-katolikusok.de\/index.php\/2022-junius-20-es-26-kozott\/#article","isPartOf":{"@id":"https:\/\/stuttgarti-katolikusok.de\/index.php\/2022-junius-20-es-26-kozott\/"},"author":{"name":"Tibor atya","@id":"https:\/\/stuttgarti-katolikusok.de\/#\/schema\/person\/75908d6f8fdc03a57889d27209df7795"},"headline":"2022 J\u00daNIUS 20 \u00e9s 26 K\u00d6Z\u00d6TT","datePublished":"2022-06-20T20:51:12+00:00","mainEntityOfPage":{"@id":"https:\/\/stuttgarti-katolikusok.de\/index.php\/2022-junius-20-es-26-kozott\/"},"wordCount":206,"image":{"@id":"https:\/\/stuttgarti-katolikusok.de\/index.php\/2022-junius-20-es-26-kozott\/#primaryimage"},"thumbnailUrl":"https:\/\/stuttgarti-katolikusok.de\/wp-content\/uploads\/2022\/06\/fall-2923305-1280.jpg","articleSection":["Progamel\u0151zetes"],"inLanguage":"hu"},{"@type":"WebPage","@id":"https:\/\/stuttgarti-katolikusok.de\/index.php\/2022-junius-20-es-26-kozott\/","url":"https:\/\/stuttgarti-katolikusok.de\/index.php\/2022-junius-20-es-26-kozott\/","name":"2022 J\u00daNIUS 20 \u00e9s 26 K\u00d6Z\u00d6TT - Stuttgarti Katolikusok","isPartOf":{"@id":"https:\/\/stuttgarti-katolikusok.de\/#website"},"primaryImageOfPage":{"@id":"https:\/\/stuttgarti-katolikusok.de\/index.php\/2022-junius-20-es-26-kozott\/#primaryimage"},"image":{"@id":"https:\/\/stuttgarti-katolikusok.de\/index.php\/2022-junius-20-es-26-kozott\/#primaryimage"},"thumbnailUrl":"https:\/\/stuttgarti-katolikusok.de\/wp-content\/uploads\/2022\/06\/fall-2923305-1280.jpg","datePublished":"2022-06-20T20:51:12+00:00","author":{"@id":"https:\/\/stuttgarti-katolikusok.de\/#\/schema\/person\/75908d6f8fdc03a57889d27209df7795"},"breadcrumb":{"@id":"https:\/\/stuttgarti-katolikusok.de\/index.php\/2022-junius-20-es-26-kozott\/#breadcrumb"},"inLanguage":"hu","potentialAction":[{"@type":"ReadAction","target":["https:\/\/stuttgarti-katolikusok.de\/index.php\/2022-junius-20-es-26-kozott\/"]}]},{"@type":"ImageObject","inLanguage":"hu","@id":"https:\/\/stuttgarti-katolikusok.de\/index.php\/2022-junius-20-es-26-kozott\/#primaryimage","url":"https:\/\/stuttgarti-katolikusok.de\/wp-content\/uploads\/2022\/06\/fall-2923305-1280.jpg","contentUrl":"https:\/\/stuttgarti-katolikusok.de\/wp-content\/uploads\/2022\/06\/fall-2923305-1280.jpg","width":1280,"height":853},{"@type":"BreadcrumbList","@id":"https:\/\/stuttgarti-katolikusok.de\/index.php\/2022-junius-20-es-26-kozott\/#breadcrumb","itemListElement":[{"@type":"ListItem","position":1,"name":"Kezd\u0151lap","item":"https:\/\/stuttgarti-katolikusok.de\/"},{"@type":"ListItem","position":2,"name":"2022 J\u00daNIUS 20 \u00e9s 26 K\u00d6Z\u00d6TT"}]},{"@type":"WebSite","@id":"https:\/\/stuttgarti-katolikusok.de\/#website","url":"https:\/\/stuttgarti-katolikusok.de\/","name":"Stuttgarti Katolikusok","description":"","potentialAction":[{"@type":"SearchAction","target":{"@type":"EntryPoint","urlTemplate":"https:\/\/stuttgarti-katolikusok.de\/?s={search_term_string}"},"query-input":{"@type":"PropertyValueSpecification","valueRequired":true,"valueName":"search_term_string"}}],"inLanguage":"hu"},{"@type":"Person","@id":"https:\/\/stuttgarti-katolikusok.de\/#\/schema\/person\/75908d6f8fdc03a57889d27209df7795","name":"Tibor atya","image":{"@type":"ImageObject","inLanguage":"hu","@id":"https:\/\/secure.gravatar.com\/avatar\/61d268e57d1f4525b111222e29d2d5a7f8c420fdbf231ba5566a8ceac74fa960?s=96&d=mm&r=g","url":"https:\/\/secure.gravatar.com\/avatar\/61d268e57d1f4525b111222e29d2d5a7f8c420fdbf231ba5566a8ceac74fa960?s=96&d=mm&r=g","contentUrl":"https:\/\/secure.gravatar.com\/avatar\/61d268e57d1f4525b111222e29d2d5a7f8c420fdbf231ba5566a8ceac74fa960?s=96&d=mm&r=g","caption":"Tibor atya"},"url":"https:\/\/stuttgarti-katolikusok.de\/index.php\/author\/tibor-atya\/"}]}},"_links":{"self":[{"href":"https:\/\/stuttgarti-katolikusok.de\/index.php\/wp-json\/wp\/v2\/posts\/23517","targetHints":{"allow":["GET"]}}],"collection":[{"href":"https:\/\/stuttgarti-katolikusok.de\/index.php\/wp-json\/wp\/v2\/posts"}],"about":[{"href":"https:\/\/stuttgarti-katolikusok.de\/index.php\/wp-json\/wp\/v2\/types\/post"}],"author":[{"embeddable":true,"href":"https:\/\/stuttgarti-katolikusok.de\/index.php\/wp-json\/wp\/v2\/users\/3"}],"replies":[{"embeddable":true,"href":"https:\/\/stuttgarti-katolikusok.de\/index.php\/wp-json\/wp\/v2\/comments?post=23517"}],"version-history":[{"count":1,"href":"https:\/\/stuttgarti-katolikusok.de\/index.php\/wp-json\/wp\/v2\/posts\/23517\/revisions"}],"predecessor-version":[{"id":23519,"href":"https:\/\/stuttgarti-katolikusok.de\/index.php\/wp-json\/wp\/v2\/posts\/23517\/revisions\/23519"}],"wp:featuredmedia":[{"embeddable":true,"href":"https:\/\/stuttgarti-katolikusok.de\/index.php\/wp-json\/wp\/v2\/media\/23518"}],"wp:attachment":[{"href":"https:\/\/stuttgarti-katolikusok.de\/index.php\/wp-json\/wp\/v2\/media?parent=23517"}],"wp:term":[{"taxonomy":"category","embeddable":true,"href":"https:\/\/stuttgarti-katolikusok.de\/index.php\/wp-json\/wp\/v2\/categories?post=23517"},{"taxonomy":"post_tag","embeddable":true,"href":"https:\/\/stuttgarti-katolikusok.de\/index.php\/wp-json\/wp\/v2\/tags?post=23517"}],"curies":[{"name":"wp","href":"https:\/\/api.w.org\/{rel}","templated":true}]}}