{"id":23461,"date":"2022-06-14T01:03:38","date_gmt":"2022-06-13T23:03:38","guid":{"rendered":"https:\/\/stuttgarti-katolikusok.de\/?p=23461"},"modified":"2022-06-14T01:16:41","modified_gmt":"2022-06-13T23:16:41","slug":"2022-junius-13-es-19-kozott","status":"publish","type":"post","link":"https:\/\/stuttgarti-katolikusok.de\/index.php\/2022-junius-13-es-19-kozott\/","title":{"rendered":"2022 J\u00daNIUS 13 \u00e9s 19 K\u00d6Z\u00d6TT"},"content":{"rendered":"<p><span style=\"color: #ff6600;\"><strong>Programel\u0151zetes<\/strong><\/span><\/p>\n<p style=\"text-align: center;\"><span style=\"color: #ff6600;\"><em>\u00a0<\/em><strong>*<\/strong><\/span><\/p>\n<p><strong>J\u00fanius 16-\u00e1n<\/strong>,\u00a0cs\u00fct\u00f6rt\u00f6k\u00f6n<em>,<\/em><span style=\"color: #ff6600;\"><em>\u00a0<strong>\u00darnapja, Krisztus Szent Test\u00e9nek \u00e9s V\u00e9r\u00e9nek \u00fcnnepe<\/strong><\/em><\/span>,<\/p>\n<p><span style=\"color: #ff6600;\"><em><strong>Weingartenben<\/strong><\/em> <\/span>\u00a0ebben az esztend\u0151ben bekapcsol\u00f3dunk a Weingartenben l\u00e9v\u0151 h\u00e1rom n\u00e9met k\u00f6z\u00f6ss\u00e9g k\u00f6z\u00f6s \u00fcnnep\u00e9be.<\/p>\n<p><span style=\"color: #ff0000;\">Sz\u00e9p id\u0151 eset\u00e9n:<\/span><\/p>\n<p>9.30 \u00f3rakor gy\u00fclekez\u0151 a M\u00fcnsterplatz-on\u00a0 \u00e9s k\u00f6z\u00f6s vonul\u00e1s a szentmise helysz\u00edn\u00e9hez, Stadtgarten-hez.<\/p>\n<p>10.00 \u00f3rakor \u00fcnnepi \u00farnapi szentmise a h\u00e1rom helyi n\u00e9met egyh\u00e1zk\u00f6zs\u00e9g h\u00edveinek r\u00e9szv\u00e9tel\u00e9vel. K\u00f6zrem\u0171k\u00f6dik Weingarten v\u00e1ros zenekara. V\u00e9g\u00fcl pedig \u00fcnnep\u00e9lyes k\u00f6rmenetben a M\u00e1ria templomhoz vonulunk. Itt pedig bekapcsol\u00f3dunk a k\u00f6z\u00f6ss\u00e9gek \u00fcnnep\u00e9be.<\/p>\n<p><span style=\"color: #ff0000;\">Es\u0151s id\u0151 eset\u00e9n:<\/span><\/p>\n<p>10.00 \u00f3rakor szentmise a M\u00e1ria templomban, amelyet k\u00f6z\u00f6s \u00e1g\u00e1p\u00e9 k\u00f6vet a templomhoz tartoz\u00f3 k\u00f6z\u00f6ss\u00e9gi h\u00e1zban.<\/p>\n<p><span style=\"color: #ff6600;\"><em><strong>Ulmban <\/strong><\/em><\/span>15.00 \u00f3rakor<em> szentmise.<\/em><\/p>\n<p><span style=\"color: #ff6600;\"><em><strong>Stuttgartban <\/strong><\/em><\/span><em>18.00 \u00f3rakor <\/em><em>szentmise.<\/em><\/p>\n<p style=\"text-align: center;\"><span style=\"color: #ff6600;\"><strong>*<\/strong><\/span><\/p>\n<p><strong>J\u00fanius 18-\u00e1n<\/strong><em><strong>,<\/strong><\/em> <em>szombaton<\/em>,<span style=\"color: #ff6600;\"> <em><strong>Heidenheimban<\/strong><\/em><\/span><em>, <\/em><em>15.30 \u00f3rakor <\/em><em>szentmise, <\/em><em>keret\u00e9ben<\/em><em> keresztel\u00e9s,<\/em><em> v\u00e9gezt\u00e9vel<\/em><em> motor szentel\u00e9s.<\/em><\/p>\n<p style=\"text-align: center;\"><strong><span style=\"color: #ff6600;\"><em>\u00a0*<\/em><\/span><\/strong><\/p>\n<p><strong>J\u00fanius 19-\u00e9n<\/strong><em><strong>, <\/strong><\/em><span style=\"color: #008000;\"><em><strong>\u00c9vk\u00f6zi 12. vas\u00e1rnap<\/strong><\/em><\/span><em>,<\/em><\/p>\n<p><em><strong><span style=\"color: #ff6600;\">Ludwigsburgban<\/span> \u00a0<\/strong><\/em>9.00 \u00f3rakor <em>b\u00facs\u00fas szentmise, <\/em>Szent L\u00e1szl\u00f3 kir\u00e1lyt k\u00f6sz\u00f6ntj\u00fck, v\u00e9gezt\u00e9vel <em>\u00e1g\u00e1p\u00e9,<\/em><\/p>\n<p><a href=\"https:\/\/stuttgarti-katolikusok.de\/wp-content\/uploads\/2022\/06\/holy-laszlo-1808237-640.jpg\"><img loading=\"lazy\" decoding=\"async\" class=\"alignnone size-full wp-image-23462\" src=\"https:\/\/stuttgarti-katolikusok.de\/wp-content\/uploads\/2022\/06\/holy-laszlo-1808237-640.jpg\" alt=\"\" width=\"403\" height=\"640\" srcset=\"https:\/\/stuttgarti-katolikusok.de\/wp-content\/uploads\/2022\/06\/holy-laszlo-1808237-640.jpg 403w, https:\/\/stuttgarti-katolikusok.de\/wp-content\/uploads\/2022\/06\/holy-laszlo-1808237-640-189x300.jpg 189w\" sizes=\"auto, (max-width: 403px) 100vw, 403px\" \/><\/a><\/p>\n<p><span style=\"color: #ff6600;\"><em><strong>Stuttgartban <\/strong><\/em><\/span>11.30 \u00f3rakor<em> szentmise,<\/em><\/p>\n<p><span style=\"color: #ff6600;\"><em><strong>Eislingenben <\/strong><\/em><\/span>15.30 \u00f3rakor <em>szentmise, <\/em>amelyet <em>\u00e1g\u00e1p\u00e9 <\/em>k\u00f6vet. Ennek keret\u00e9ben sor ker\u00fcl a hagyom\u00e1nyos l\u00e1ngos s\u00fct\u00e9sre!<\/p>\n<p style=\"text-align: center;\"><span style=\"color: #ff6600;\"><strong>*<\/strong><\/span><\/p>\n<p>Minden helyen mindenkit szeretettel v\u00e1r a k\u00f6z\u00f6ss\u00e9g \u00e9s Tibor atya!<\/p>\n<p><a href=\"https:\/\/stuttgarti-katolikusok.de\/wp-content\/uploads\/2021\/06\/corpus-christi-244393-640.jpg\"><img loading=\"lazy\" decoding=\"async\" class=\"alignnone size-full wp-image-21972\" src=\"https:\/\/stuttgarti-katolikusok.de\/wp-content\/uploads\/2021\/06\/corpus-christi-244393-640.jpg\" alt=\"\" width=\"480\" height=\"640\" srcset=\"https:\/\/stuttgarti-katolikusok.de\/wp-content\/uploads\/2021\/06\/corpus-christi-244393-640.jpg 480w, https:\/\/stuttgarti-katolikusok.de\/wp-content\/uploads\/2021\/06\/corpus-christi-244393-640-225x300.jpg 225w\" sizes=\"auto, (max-width: 480px) 100vw, 480px\" \/><\/a><\/p>\n<p style=\"text-align: center;\"><span style=\"color: #ff6600;\"><em><strong>*<\/strong><\/em><\/span><\/p>\n<p style=\"text-align: center;\"><span style=\"color: #ff6600;\"><em><strong>Kegyelemteljes napokat, tartalmas besz\u00e9lget\u00e9seket \u00e9s \u00f6r\u00f6mteli tal\u00e1lkoz\u00e1sokat k\u00edv\u00e1nunk minden Kedves H\u00edv\u00fcnknek!<\/strong><\/em><\/span><\/p>\n<p style=\"text-align: center;\"><span style=\"color: #ff6600;\"><em><strong>*<\/strong><\/em><\/span><\/p>\n<p><em>\u201eGy\u0151zelemr\u0151l \u00e9nekeljen Napkelet \u00e9s Napnyugat,<\/em><em><br \/>\n<\/em><em>Milli\u00f3 sz\u00edv \u00f6sszecsengjen, magasztalja az Urat!<\/em><em><br \/>\n<\/em><em>Krisztus \u00fajra f\u00f6ldre sz\u00e1llott, v\u00e1ndorl\u00e1sunk t\u00e1rsa lett,<\/em><em><br \/>\n<\/em><em>Mert szerette a vil\u00e1got, keny\u00e9rsz\u00ednbe rejtezett.<\/em><em><br \/>\n<\/em><em>Krisztus keny\u00e9r s bor sz\u00edn\u00e9ben \u00dar s Kir\u00e1ly a f\u00f6ld felett,<\/em><em><br \/>\n<\/em><em>Forrassz eggy\u00e9 b\u00e9kess\u00e9gben minden n\u00e9pet s nemzetet!<\/em><\/p>\n<p><em>Egykor \u00e9rt\u00fcnk testet \u00f6lt\u00f6tt, kisgyermekk\u00e9nt j\u00f6tt k\u00f6z\u00e9nk,<\/em><em><br \/>\n<\/em><em>A keresztf\u00e1n v\u00e9re \u00f6ml\u00f6tt v\u00e1lts\u00e1gunknak b\u00e9rek\u00e9nt.<\/em><em><br \/>\n<\/em><em>Most az olt\u00e1r Golgot\u00e1j\u00e1n \u00fajra itt a dr\u00e1ga v\u00e9r,<\/em><em><br \/>\n<\/em><em>\u00c1ldozat az Isten-B\u00e1r\u00e1ny, Krisztus teste a keny\u00e9r.<\/em><em><br \/>\n<\/em><em>Krisztus keny\u00e9r s bor sz\u00edn\u00e9ben \u00dar s Kir\u00e1ly a f\u00f6ld felett,<\/em><em><br \/>\n<\/em><em>Forrassz eggy\u00e9 b\u00e9kess\u00e9gben minden n\u00e9pet s nemzetet!<\/em><\/p>\n<p><em>Z\u00fagjon h\u00e1t a h\u00e1la\u00e9nek, sz\u00e1lljon v\u00f6lgy\u00f6n, tengeren,<\/em><em><br \/>\n<\/em><em>A szeretet Isten\u00e9nek dics\u0151s\u00e9g \u00e9s \u00fcdv legyen.<\/em><em><br \/>\n<\/em><em>Az eg\u00e9sz f\u00f6ld legyen olt\u00e1r, vir\u00e1g rajta a sz\u00edv\u00fcnk,<\/em><em><br \/>\n<\/em><em>Minden dalunk zeng\u0151 zsolt\u00e1r, t\u00f6mj\u00e9nillat a hit\u00fcnk.<\/em><em><br \/>\n<\/em><em>Krisztus keny\u00e9r s bor sz\u00edn\u00e9ben \u00dar s Kir\u00e1ly a f\u00f6ld felett,<\/em><em><br \/>\n<\/em><em>Forrassz eggy\u00e9 b\u00e9kess\u00e9gben minden n\u00e9pet s nemzetet!<\/em><\/p>\n<p><em>\u00a0<\/em><\/p>\n<p><em>Istv\u00e1n kir\u00e1ly \u00e1rva n\u00e9pe, te is hajtsd meg homlokod,<\/em><em><br \/>\n<\/em><em>Borulj t\u00e9rdre, sz\u00f3rd el\u00e9be minden gondod, b\u00e1natod!<\/em><em><br \/>\n<\/em><em>A kereszt volt ezer \u00e9ven rem\u00e9nys\u00e9ged oszlopa,<\/em><em><br \/>\n<\/em><em>Most is Krisztus jele l\u00e9gyen jobb j\u00f6v\u0151dnek z\u00e1loga.<\/em><em><br \/>\n<\/em><em>Krisztus keny\u00e9r s bor sz\u00edn\u00e9ben \u00dar s Kir\u00e1ly a f\u00f6ld felett,<\/em><em><br \/>\n<\/em><em>Forrassz eggy\u00e9 b\u00e9kess\u00e9gben minden n\u00e9pet s nemzetet!\u201d<\/em><\/p>\n<p><em>(A 34. \u00e9s 52. Nemzetk\u00f6zi Eucharisztikus Kongresszus himnusza)<\/em><\/p>\n","protected":false},"excerpt":{"rendered":"<p>Programel\u0151zetes \u00a0* J\u00fanius 16-\u00e1n,\u00a0cs\u00fct\u00f6rt\u00f6k\u00f6n,\u00a0\u00darnapja, Krisztus Szent Test\u00e9nek \u00e9s V\u00e9r\u00e9nek \u00fcnnepe, Weingartenben \u00a0ebben az esztend\u0151ben bekapcsol\u00f3dunk a Weingartenben l\u00e9v\u0151 h\u00e1rom n\u00e9met k\u00f6z\u00f6ss\u00e9g k\u00f6z\u00f6s \u00fcnnep\u00e9be. Sz\u00e9p id\u0151 eset\u00e9n: 9.30 \u00f3rakor gy\u00fclekez\u0151 a M\u00fcnsterplatz-on\u00a0 \u00e9s k\u00f6z\u00f6s vonul\u00e1s a szentmise helysz\u00edn\u00e9hez, Stadtgarten-hez. 10.00 \u00f3rakor \u00fcnnepi \u00farnapi szentmise a h\u00e1rom helyi n\u00e9met egyh\u00e1zk\u00f6zs\u00e9g h\u00edveinek r\u00e9szv\u00e9tel\u00e9vel. K\u00f6zrem\u0171k\u00f6dik Weingarten v\u00e1ros zenekara. V\u00e9g\u00fcl pedig \u00fcnnep\u00e9lyes k\u00f6rmenetben a M\u00e1ria templomhoz vonulunk. Itt pedig bekapcsol\u00f3dunk a k\u00f6z\u00f6ss\u00e9gek \u00fcnnep\u00e9be. Es\u0151s id\u0151 eset\u00e9n: 10.00 \u00f3rakor szentmise a M\u00e1ria templomban, amelyet k\u00f6z\u00f6s \u00e1g\u00e1p\u00e9 k\u00f6vet a templomhoz tartoz\u00f3 k\u00f6z\u00f6ss\u00e9gi h\u00e1zban. Ulmban 15.00 \u00f3rakor szentmise. Stuttgartban 18.00 \u00f3rakor szentmise. * J\u00fanius 18-\u00e1n, szombaton, Heidenheimban, 15.30 \u00f3rakor szentmise, keret\u00e9ben keresztel\u00e9s, v\u00e9gezt\u00e9vel motor szentel\u00e9s. \u00a0* J\u00fanius 19-\u00e9n, \u00c9vk\u00f6zi 12. vas\u00e1rnap, Ludwigsburgban \u00a09.00 \u00f3rakor b\u00facs\u00fas szentmise, Szent L\u00e1szl\u00f3 kir\u00e1lyt k\u00f6sz\u00f6ntj\u00fck, v\u00e9gezt\u00e9vel \u00e1g\u00e1p\u00e9, Stuttgartban 11.30 \u00f3rakor szentmise, Eislingenben 15.30 \u00f3rakor szentmise, amelyet \u00e1g\u00e1p\u00e9 k\u00f6vet. Ennek keret\u00e9ben sor ker\u00fcl a hagyom\u00e1nyos l\u00e1ngos s\u00fct\u00e9sre! * Minden helyen mindenkit szeretettel v\u00e1r a k\u00f6z\u00f6ss\u00e9g \u00e9s Tibor atya! * Kegyelemteljes napokat, tartalmas besz\u00e9lget\u00e9seket \u00e9s \u00f6r\u00f6mteli tal\u00e1lkoz\u00e1sokat k\u00edv\u00e1nunk minden Kedves H\u00edv\u00fcnknek! * \u201eGy\u0151zelemr\u0151l \u00e9nekeljen Napkelet \u00e9s Napnyugat, Milli\u00f3 sz\u00edv \u00f6sszecsengjen, magasztalja az Urat! Krisztus \u00fajra f\u00f6ldre sz\u00e1llott, v\u00e1ndorl\u00e1sunk t\u00e1rsa lett, Mert szerette a vil\u00e1got, keny\u00e9rsz\u00ednbe rejtezett. Krisztus keny\u00e9r s bor sz\u00edn\u00e9ben \u00dar s Kir\u00e1ly a f\u00f6ld felett, Forrassz eggy\u00e9 b\u00e9kess\u00e9gben minden n\u00e9pet s nemzetet! Egykor \u00e9rt\u00fcnk testet \u00f6lt\u00f6tt, kisgyermekk\u00e9nt j\u00f6tt k\u00f6z\u00e9nk, A keresztf\u00e1n v\u00e9re \u00f6ml\u00f6tt v\u00e1lts\u00e1gunknak b\u00e9rek\u00e9nt. Most az olt\u00e1r Golgot\u00e1j\u00e1n \u00fajra itt a dr\u00e1ga v\u00e9r, \u00c1ldozat az Isten-B\u00e1r\u00e1ny, Krisztus teste a keny\u00e9r. Krisztus keny\u00e9r s bor sz\u00edn\u00e9ben \u00dar s Kir\u00e1ly a f\u00f6ld felett, Forrassz eggy\u00e9 b\u00e9kess\u00e9gben minden n\u00e9pet s nemzetet! Z\u00fagjon h\u00e1t a h\u00e1la\u00e9nek, sz\u00e1lljon v\u00f6lgy\u00f6n, tengeren, A szeretet Isten\u00e9nek dics\u0151s\u00e9g \u00e9s \u00fcdv legyen. Az eg\u00e9sz f\u00f6ld legyen olt\u00e1r, vir\u00e1g rajta a sz\u00edv\u00fcnk, Minden dalunk zeng\u0151 zsolt\u00e1r, t\u00f6mj\u00e9nillat a hit\u00fcnk. Krisztus keny\u00e9r s bor sz\u00edn\u00e9ben \u00dar s Kir\u00e1ly a f\u00f6ld felett, Forrassz eggy\u00e9 b\u00e9kess\u00e9gben&#8230; <\/p>\n<p><a class=\"readmore\" href=\"https:\/\/stuttgarti-katolikusok.de\/index.php\/2022-junius-13-es-19-kozott\/\">R\u00e9szletek<\/a><\/p>\n","protected":false},"author":3,"featured_media":19754,"comment_status":"closed","ping_status":"closed","sticky":false,"template":"","format":"standard","meta":{"footnotes":""},"categories":[37],"tags":[],"class_list":["post-23461","post","type-post","status-publish","format-standard","has-post-thumbnail","hentry","category-progamelozetes"],"yoast_head":"<!-- This site is optimized with the Yoast SEO plugin v27.3 - https:\/\/yoast.com\/product\/yoast-seo-wordpress\/ -->\n<title>2022 J\u00daNIUS 13 \u00e9s 19 K\u00d6Z\u00d6TT - Stuttgarti Katolikusok<\/title>\n<meta name=\"robots\" content=\"index, follow, max-snippet:-1, max-image-preview:large, max-video-preview:-1\" \/>\n<link rel=\"canonical\" href=\"https:\/\/stuttgarti-katolikusok.de\/index.php\/2022-junius-13-es-19-kozott\/\" \/>\n<meta property=\"og:locale\" content=\"hu_HU\" \/>\n<meta property=\"og:type\" content=\"article\" \/>\n<meta property=\"og:title\" content=\"2022 J\u00daNIUS 13 \u00e9s 19 K\u00d6Z\u00d6TT - Stuttgarti Katolikusok\" \/>\n<meta property=\"og:description\" content=\"Programel\u0151zetes \u00a0* J\u00fanius 16-\u00e1n,\u00a0cs\u00fct\u00f6rt\u00f6k\u00f6n,\u00a0\u00darnapja, Krisztus Szent Test\u00e9nek \u00e9s V\u00e9r\u00e9nek \u00fcnnepe, Weingartenben \u00a0ebben az esztend\u0151ben bekapcsol\u00f3dunk a Weingartenben l\u00e9v\u0151 h\u00e1rom n\u00e9met k\u00f6z\u00f6ss\u00e9g k\u00f6z\u00f6s \u00fcnnep\u00e9be. Sz\u00e9p id\u0151 eset\u00e9n: 9.30 \u00f3rakor gy\u00fclekez\u0151 a M\u00fcnsterplatz-on\u00a0 \u00e9s k\u00f6z\u00f6s vonul\u00e1s a szentmise helysz\u00edn\u00e9hez, Stadtgarten-hez. 10.00 \u00f3rakor \u00fcnnepi \u00farnapi szentmise a h\u00e1rom helyi n\u00e9met egyh\u00e1zk\u00f6zs\u00e9g h\u00edveinek r\u00e9szv\u00e9tel\u00e9vel. K\u00f6zrem\u0171k\u00f6dik Weingarten v\u00e1ros zenekara. V\u00e9g\u00fcl pedig \u00fcnnep\u00e9lyes k\u00f6rmenetben a M\u00e1ria templomhoz vonulunk. Itt pedig bekapcsol\u00f3dunk a k\u00f6z\u00f6ss\u00e9gek \u00fcnnep\u00e9be. Es\u0151s id\u0151 eset\u00e9n: 10.00 \u00f3rakor szentmise a M\u00e1ria templomban, amelyet k\u00f6z\u00f6s \u00e1g\u00e1p\u00e9 k\u00f6vet a templomhoz tartoz\u00f3 k\u00f6z\u00f6ss\u00e9gi h\u00e1zban. Ulmban 15.00 \u00f3rakor szentmise. Stuttgartban 18.00 \u00f3rakor szentmise. * J\u00fanius 18-\u00e1n, szombaton, Heidenheimban, 15.30 \u00f3rakor szentmise, keret\u00e9ben keresztel\u00e9s, v\u00e9gezt\u00e9vel motor szentel\u00e9s. \u00a0* J\u00fanius 19-\u00e9n, \u00c9vk\u00f6zi 12. vas\u00e1rnap, Ludwigsburgban \u00a09.00 \u00f3rakor b\u00facs\u00fas szentmise, Szent L\u00e1szl\u00f3 kir\u00e1lyt k\u00f6sz\u00f6ntj\u00fck, v\u00e9gezt\u00e9vel \u00e1g\u00e1p\u00e9, Stuttgartban 11.30 \u00f3rakor szentmise, Eislingenben 15.30 \u00f3rakor szentmise, amelyet \u00e1g\u00e1p\u00e9 k\u00f6vet. Ennek keret\u00e9ben sor ker\u00fcl a hagyom\u00e1nyos l\u00e1ngos s\u00fct\u00e9sre! * Minden helyen mindenkit szeretettel v\u00e1r a k\u00f6z\u00f6ss\u00e9g \u00e9s Tibor atya! * Kegyelemteljes napokat, tartalmas besz\u00e9lget\u00e9seket \u00e9s \u00f6r\u00f6mteli tal\u00e1lkoz\u00e1sokat k\u00edv\u00e1nunk minden Kedves H\u00edv\u00fcnknek! * \u201eGy\u0151zelemr\u0151l \u00e9nekeljen Napkelet \u00e9s Napnyugat, Milli\u00f3 sz\u00edv \u00f6sszecsengjen, magasztalja az Urat! Krisztus \u00fajra f\u00f6ldre sz\u00e1llott, v\u00e1ndorl\u00e1sunk t\u00e1rsa lett, Mert szerette a vil\u00e1got, keny\u00e9rsz\u00ednbe rejtezett. Krisztus keny\u00e9r s bor sz\u00edn\u00e9ben \u00dar s Kir\u00e1ly a f\u00f6ld felett, Forrassz eggy\u00e9 b\u00e9kess\u00e9gben minden n\u00e9pet s nemzetet! Egykor \u00e9rt\u00fcnk testet \u00f6lt\u00f6tt, kisgyermekk\u00e9nt j\u00f6tt k\u00f6z\u00e9nk, A keresztf\u00e1n v\u00e9re \u00f6ml\u00f6tt v\u00e1lts\u00e1gunknak b\u00e9rek\u00e9nt. Most az olt\u00e1r Golgot\u00e1j\u00e1n \u00fajra itt a dr\u00e1ga v\u00e9r, \u00c1ldozat az Isten-B\u00e1r\u00e1ny, Krisztus teste a keny\u00e9r. Krisztus keny\u00e9r s bor sz\u00edn\u00e9ben \u00dar s Kir\u00e1ly a f\u00f6ld felett, Forrassz eggy\u00e9 b\u00e9kess\u00e9gben minden n\u00e9pet s nemzetet! Z\u00fagjon h\u00e1t a h\u00e1la\u00e9nek, sz\u00e1lljon v\u00f6lgy\u00f6n, tengeren, A szeretet Isten\u00e9nek dics\u0151s\u00e9g \u00e9s \u00fcdv legyen. Az eg\u00e9sz f\u00f6ld legyen olt\u00e1r, vir\u00e1g rajta a sz\u00edv\u00fcnk, Minden dalunk zeng\u0151 zsolt\u00e1r, t\u00f6mj\u00e9nillat a hit\u00fcnk. Krisztus keny\u00e9r s bor sz\u00edn\u00e9ben \u00dar s Kir\u00e1ly a f\u00f6ld felett, Forrassz eggy\u00e9 b\u00e9kess\u00e9gben... R\u00e9szletek\" \/>\n<meta property=\"og:url\" content=\"https:\/\/stuttgarti-katolikusok.de\/index.php\/2022-junius-13-es-19-kozott\/\" \/>\n<meta property=\"og:site_name\" content=\"Stuttgarti Katolikusok\" \/>\n<meta property=\"article:published_time\" content=\"2022-06-13T23:03:38+00:00\" \/>\n<meta property=\"article:modified_time\" content=\"2022-06-13T23:16:41+00:00\" \/>\n<meta property=\"og:image\" content=\"https:\/\/stuttgarti-katolikusok.de\/wp-content\/uploads\/2020\/06\/urnapja-2020-ulm.jpeg\" \/>\n\t<meta property=\"og:image:width\" content=\"1600\" \/>\n\t<meta property=\"og:image:height\" content=\"1200\" \/>\n\t<meta property=\"og:image:type\" content=\"image\/jpeg\" \/>\n<meta name=\"author\" content=\"Tibor atya\" \/>\n<meta name=\"twitter:card\" content=\"summary_large_image\" \/>\n<meta name=\"twitter:label1\" content=\"Szerz\u0151:\" \/>\n\t<meta name=\"twitter:data1\" content=\"Tibor atya\" \/>\n\t<meta name=\"twitter:label2\" content=\"Becs\u00fclt olvas\u00e1si id\u0151\" \/>\n\t<meta name=\"twitter:data2\" content=\"3 perc\" \/>\n<script type=\"application\/ld+json\" class=\"yoast-schema-graph\">{\"@context\":\"https:\\\/\\\/schema.org\",\"@graph\":[{\"@type\":\"Article\",\"@id\":\"https:\\\/\\\/stuttgarti-katolikusok.de\\\/index.php\\\/2022-junius-13-es-19-kozott\\\/#article\",\"isPartOf\":{\"@id\":\"https:\\\/\\\/stuttgarti-katolikusok.de\\\/index.php\\\/2022-junius-13-es-19-kozott\\\/\"},\"author\":{\"name\":\"Tibor atya\",\"@id\":\"https:\\\/\\\/stuttgarti-katolikusok.de\\\/#\\\/schema\\\/person\\\/75908d6f8fdc03a57889d27209df7795\"},\"headline\":\"2022 J\u00daNIUS 13 \u00e9s 19 K\u00d6Z\u00d6TT\",\"datePublished\":\"2022-06-13T23:03:38+00:00\",\"dateModified\":\"2022-06-13T23:16:41+00:00\",\"mainEntityOfPage\":{\"@id\":\"https:\\\/\\\/stuttgarti-katolikusok.de\\\/index.php\\\/2022-junius-13-es-19-kozott\\\/\"},\"wordCount\":555,\"image\":{\"@id\":\"https:\\\/\\\/stuttgarti-katolikusok.de\\\/index.php\\\/2022-junius-13-es-19-kozott\\\/#primaryimage\"},\"thumbnailUrl\":\"https:\\\/\\\/stuttgarti-katolikusok.de\\\/wp-content\\\/uploads\\\/2020\\\/06\\\/urnapja-2020-ulm.jpeg\",\"articleSection\":[\"Progamel\u0151zetes\"],\"inLanguage\":\"hu\"},{\"@type\":\"WebPage\",\"@id\":\"https:\\\/\\\/stuttgarti-katolikusok.de\\\/index.php\\\/2022-junius-13-es-19-kozott\\\/\",\"url\":\"https:\\\/\\\/stuttgarti-katolikusok.de\\\/index.php\\\/2022-junius-13-es-19-kozott\\\/\",\"name\":\"2022 J\u00daNIUS 13 \u00e9s 19 K\u00d6Z\u00d6TT - Stuttgarti Katolikusok\",\"isPartOf\":{\"@id\":\"https:\\\/\\\/stuttgarti-katolikusok.de\\\/#website\"},\"primaryImageOfPage\":{\"@id\":\"https:\\\/\\\/stuttgarti-katolikusok.de\\\/index.php\\\/2022-junius-13-es-19-kozott\\\/#primaryimage\"},\"image\":{\"@id\":\"https:\\\/\\\/stuttgarti-katolikusok.de\\\/index.php\\\/2022-junius-13-es-19-kozott\\\/#primaryimage\"},\"thumbnailUrl\":\"https:\\\/\\\/stuttgarti-katolikusok.de\\\/wp-content\\\/uploads\\\/2020\\\/06\\\/urnapja-2020-ulm.jpeg\",\"datePublished\":\"2022-06-13T23:03:38+00:00\",\"dateModified\":\"2022-06-13T23:16:41+00:00\",\"author\":{\"@id\":\"https:\\\/\\\/stuttgarti-katolikusok.de\\\/#\\\/schema\\\/person\\\/75908d6f8fdc03a57889d27209df7795\"},\"breadcrumb\":{\"@id\":\"https:\\\/\\\/stuttgarti-katolikusok.de\\\/index.php\\\/2022-junius-13-es-19-kozott\\\/#breadcrumb\"},\"inLanguage\":\"hu\",\"potentialAction\":[{\"@type\":\"ReadAction\",\"target\":[\"https:\\\/\\\/stuttgarti-katolikusok.de\\\/index.php\\\/2022-junius-13-es-19-kozott\\\/\"]}]},{\"@type\":\"ImageObject\",\"inLanguage\":\"hu\",\"@id\":\"https:\\\/\\\/stuttgarti-katolikusok.de\\\/index.php\\\/2022-junius-13-es-19-kozott\\\/#primaryimage\",\"url\":\"https:\\\/\\\/stuttgarti-katolikusok.de\\\/wp-content\\\/uploads\\\/2020\\\/06\\\/urnapja-2020-ulm.jpeg\",\"contentUrl\":\"https:\\\/\\\/stuttgarti-katolikusok.de\\\/wp-content\\\/uploads\\\/2020\\\/06\\\/urnapja-2020-ulm.jpeg\",\"width\":1600,\"height\":1200},{\"@type\":\"BreadcrumbList\",\"@id\":\"https:\\\/\\\/stuttgarti-katolikusok.de\\\/index.php\\\/2022-junius-13-es-19-kozott\\\/#breadcrumb\",\"itemListElement\":[{\"@type\":\"ListItem\",\"position\":1,\"name\":\"Kezd\u0151lap\",\"item\":\"https:\\\/\\\/stuttgarti-katolikusok.de\\\/\"},{\"@type\":\"ListItem\",\"position\":2,\"name\":\"2022 J\u00daNIUS 13 \u00e9s 19 K\u00d6Z\u00d6TT\"}]},{\"@type\":\"WebSite\",\"@id\":\"https:\\\/\\\/stuttgarti-katolikusok.de\\\/#website\",\"url\":\"https:\\\/\\\/stuttgarti-katolikusok.de\\\/\",\"name\":\"Stuttgarti Katolikusok\",\"description\":\"\",\"potentialAction\":[{\"@type\":\"SearchAction\",\"target\":{\"@type\":\"EntryPoint\",\"urlTemplate\":\"https:\\\/\\\/stuttgarti-katolikusok.de\\\/?s={search_term_string}\"},\"query-input\":{\"@type\":\"PropertyValueSpecification\",\"valueRequired\":true,\"valueName\":\"search_term_string\"}}],\"inLanguage\":\"hu\"},{\"@type\":\"Person\",\"@id\":\"https:\\\/\\\/stuttgarti-katolikusok.de\\\/#\\\/schema\\\/person\\\/75908d6f8fdc03a57889d27209df7795\",\"name\":\"Tibor atya\",\"image\":{\"@type\":\"ImageObject\",\"inLanguage\":\"hu\",\"@id\":\"https:\\\/\\\/secure.gravatar.com\\\/avatar\\\/61d268e57d1f4525b111222e29d2d5a7f8c420fdbf231ba5566a8ceac74fa960?s=96&d=mm&r=g\",\"url\":\"https:\\\/\\\/secure.gravatar.com\\\/avatar\\\/61d268e57d1f4525b111222e29d2d5a7f8c420fdbf231ba5566a8ceac74fa960?s=96&d=mm&r=g\",\"contentUrl\":\"https:\\\/\\\/secure.gravatar.com\\\/avatar\\\/61d268e57d1f4525b111222e29d2d5a7f8c420fdbf231ba5566a8ceac74fa960?s=96&d=mm&r=g\",\"caption\":\"Tibor atya\"},\"url\":\"https:\\\/\\\/stuttgarti-katolikusok.de\\\/index.php\\\/author\\\/tibor-atya\\\/\"}]}<\/script>\n<!-- \/ Yoast SEO plugin. -->","yoast_head_json":{"title":"2022 J\u00daNIUS 13 \u00e9s 19 K\u00d6Z\u00d6TT - Stuttgarti Katolikusok","robots":{"index":"index","follow":"follow","max-snippet":"max-snippet:-1","max-image-preview":"max-image-preview:large","max-video-preview":"max-video-preview:-1"},"canonical":"https:\/\/stuttgarti-katolikusok.de\/index.php\/2022-junius-13-es-19-kozott\/","og_locale":"hu_HU","og_type":"article","og_title":"2022 J\u00daNIUS 13 \u00e9s 19 K\u00d6Z\u00d6TT - Stuttgarti Katolikusok","og_description":"Programel\u0151zetes \u00a0* J\u00fanius 16-\u00e1n,\u00a0cs\u00fct\u00f6rt\u00f6k\u00f6n,\u00a0\u00darnapja, Krisztus Szent Test\u00e9nek \u00e9s V\u00e9r\u00e9nek \u00fcnnepe, Weingartenben \u00a0ebben az esztend\u0151ben bekapcsol\u00f3dunk a Weingartenben l\u00e9v\u0151 h\u00e1rom n\u00e9met k\u00f6z\u00f6ss\u00e9g k\u00f6z\u00f6s \u00fcnnep\u00e9be. Sz\u00e9p id\u0151 eset\u00e9n: 9.30 \u00f3rakor gy\u00fclekez\u0151 a M\u00fcnsterplatz-on\u00a0 \u00e9s k\u00f6z\u00f6s vonul\u00e1s a szentmise helysz\u00edn\u00e9hez, Stadtgarten-hez. 10.00 \u00f3rakor \u00fcnnepi \u00farnapi szentmise a h\u00e1rom helyi n\u00e9met egyh\u00e1zk\u00f6zs\u00e9g h\u00edveinek r\u00e9szv\u00e9tel\u00e9vel. K\u00f6zrem\u0171k\u00f6dik Weingarten v\u00e1ros zenekara. V\u00e9g\u00fcl pedig \u00fcnnep\u00e9lyes k\u00f6rmenetben a M\u00e1ria templomhoz vonulunk. Itt pedig bekapcsol\u00f3dunk a k\u00f6z\u00f6ss\u00e9gek \u00fcnnep\u00e9be. Es\u0151s id\u0151 eset\u00e9n: 10.00 \u00f3rakor szentmise a M\u00e1ria templomban, amelyet k\u00f6z\u00f6s \u00e1g\u00e1p\u00e9 k\u00f6vet a templomhoz tartoz\u00f3 k\u00f6z\u00f6ss\u00e9gi h\u00e1zban. Ulmban 15.00 \u00f3rakor szentmise. Stuttgartban 18.00 \u00f3rakor szentmise. * J\u00fanius 18-\u00e1n, szombaton, Heidenheimban, 15.30 \u00f3rakor szentmise, keret\u00e9ben keresztel\u00e9s, v\u00e9gezt\u00e9vel motor szentel\u00e9s. \u00a0* J\u00fanius 19-\u00e9n, \u00c9vk\u00f6zi 12. vas\u00e1rnap, Ludwigsburgban \u00a09.00 \u00f3rakor b\u00facs\u00fas szentmise, Szent L\u00e1szl\u00f3 kir\u00e1lyt k\u00f6sz\u00f6ntj\u00fck, v\u00e9gezt\u00e9vel \u00e1g\u00e1p\u00e9, Stuttgartban 11.30 \u00f3rakor szentmise, Eislingenben 15.30 \u00f3rakor szentmise, amelyet \u00e1g\u00e1p\u00e9 k\u00f6vet. Ennek keret\u00e9ben sor ker\u00fcl a hagyom\u00e1nyos l\u00e1ngos s\u00fct\u00e9sre! * Minden helyen mindenkit szeretettel v\u00e1r a k\u00f6z\u00f6ss\u00e9g \u00e9s Tibor atya! * Kegyelemteljes napokat, tartalmas besz\u00e9lget\u00e9seket \u00e9s \u00f6r\u00f6mteli tal\u00e1lkoz\u00e1sokat k\u00edv\u00e1nunk minden Kedves H\u00edv\u00fcnknek! * \u201eGy\u0151zelemr\u0151l \u00e9nekeljen Napkelet \u00e9s Napnyugat, Milli\u00f3 sz\u00edv \u00f6sszecsengjen, magasztalja az Urat! Krisztus \u00fajra f\u00f6ldre sz\u00e1llott, v\u00e1ndorl\u00e1sunk t\u00e1rsa lett, Mert szerette a vil\u00e1got, keny\u00e9rsz\u00ednbe rejtezett. Krisztus keny\u00e9r s bor sz\u00edn\u00e9ben \u00dar s Kir\u00e1ly a f\u00f6ld felett, Forrassz eggy\u00e9 b\u00e9kess\u00e9gben minden n\u00e9pet s nemzetet! Egykor \u00e9rt\u00fcnk testet \u00f6lt\u00f6tt, kisgyermekk\u00e9nt j\u00f6tt k\u00f6z\u00e9nk, A keresztf\u00e1n v\u00e9re \u00f6ml\u00f6tt v\u00e1lts\u00e1gunknak b\u00e9rek\u00e9nt. Most az olt\u00e1r Golgot\u00e1j\u00e1n \u00fajra itt a dr\u00e1ga v\u00e9r, \u00c1ldozat az Isten-B\u00e1r\u00e1ny, Krisztus teste a keny\u00e9r. Krisztus keny\u00e9r s bor sz\u00edn\u00e9ben \u00dar s Kir\u00e1ly a f\u00f6ld felett, Forrassz eggy\u00e9 b\u00e9kess\u00e9gben minden n\u00e9pet s nemzetet! Z\u00fagjon h\u00e1t a h\u00e1la\u00e9nek, sz\u00e1lljon v\u00f6lgy\u00f6n, tengeren, A szeretet Isten\u00e9nek dics\u0151s\u00e9g \u00e9s \u00fcdv legyen. Az eg\u00e9sz f\u00f6ld legyen olt\u00e1r, vir\u00e1g rajta a sz\u00edv\u00fcnk, Minden dalunk zeng\u0151 zsolt\u00e1r, t\u00f6mj\u00e9nillat a hit\u00fcnk. Krisztus keny\u00e9r s bor sz\u00edn\u00e9ben \u00dar s Kir\u00e1ly a f\u00f6ld felett, Forrassz eggy\u00e9 b\u00e9kess\u00e9gben... R\u00e9szletek","og_url":"https:\/\/stuttgarti-katolikusok.de\/index.php\/2022-junius-13-es-19-kozott\/","og_site_name":"Stuttgarti Katolikusok","article_published_time":"2022-06-13T23:03:38+00:00","article_modified_time":"2022-06-13T23:16:41+00:00","og_image":[{"width":1600,"height":1200,"url":"https:\/\/stuttgarti-katolikusok.de\/wp-content\/uploads\/2020\/06\/urnapja-2020-ulm.jpeg","type":"image\/jpeg"}],"author":"Tibor atya","twitter_card":"summary_large_image","twitter_misc":{"Szerz\u0151:":"Tibor atya","Becs\u00fclt olvas\u00e1si id\u0151":"3 perc"},"schema":{"@context":"https:\/\/schema.org","@graph":[{"@type":"Article","@id":"https:\/\/stuttgarti-katolikusok.de\/index.php\/2022-junius-13-es-19-kozott\/#article","isPartOf":{"@id":"https:\/\/stuttgarti-katolikusok.de\/index.php\/2022-junius-13-es-19-kozott\/"},"author":{"name":"Tibor atya","@id":"https:\/\/stuttgarti-katolikusok.de\/#\/schema\/person\/75908d6f8fdc03a57889d27209df7795"},"headline":"2022 J\u00daNIUS 13 \u00e9s 19 K\u00d6Z\u00d6TT","datePublished":"2022-06-13T23:03:38+00:00","dateModified":"2022-06-13T23:16:41+00:00","mainEntityOfPage":{"@id":"https:\/\/stuttgarti-katolikusok.de\/index.php\/2022-junius-13-es-19-kozott\/"},"wordCount":555,"image":{"@id":"https:\/\/stuttgarti-katolikusok.de\/index.php\/2022-junius-13-es-19-kozott\/#primaryimage"},"thumbnailUrl":"https:\/\/stuttgarti-katolikusok.de\/wp-content\/uploads\/2020\/06\/urnapja-2020-ulm.jpeg","articleSection":["Progamel\u0151zetes"],"inLanguage":"hu"},{"@type":"WebPage","@id":"https:\/\/stuttgarti-katolikusok.de\/index.php\/2022-junius-13-es-19-kozott\/","url":"https:\/\/stuttgarti-katolikusok.de\/index.php\/2022-junius-13-es-19-kozott\/","name":"2022 J\u00daNIUS 13 \u00e9s 19 K\u00d6Z\u00d6TT - Stuttgarti Katolikusok","isPartOf":{"@id":"https:\/\/stuttgarti-katolikusok.de\/#website"},"primaryImageOfPage":{"@id":"https:\/\/stuttgarti-katolikusok.de\/index.php\/2022-junius-13-es-19-kozott\/#primaryimage"},"image":{"@id":"https:\/\/stuttgarti-katolikusok.de\/index.php\/2022-junius-13-es-19-kozott\/#primaryimage"},"thumbnailUrl":"https:\/\/stuttgarti-katolikusok.de\/wp-content\/uploads\/2020\/06\/urnapja-2020-ulm.jpeg","datePublished":"2022-06-13T23:03:38+00:00","dateModified":"2022-06-13T23:16:41+00:00","author":{"@id":"https:\/\/stuttgarti-katolikusok.de\/#\/schema\/person\/75908d6f8fdc03a57889d27209df7795"},"breadcrumb":{"@id":"https:\/\/stuttgarti-katolikusok.de\/index.php\/2022-junius-13-es-19-kozott\/#breadcrumb"},"inLanguage":"hu","potentialAction":[{"@type":"ReadAction","target":["https:\/\/stuttgarti-katolikusok.de\/index.php\/2022-junius-13-es-19-kozott\/"]}]},{"@type":"ImageObject","inLanguage":"hu","@id":"https:\/\/stuttgarti-katolikusok.de\/index.php\/2022-junius-13-es-19-kozott\/#primaryimage","url":"https:\/\/stuttgarti-katolikusok.de\/wp-content\/uploads\/2020\/06\/urnapja-2020-ulm.jpeg","contentUrl":"https:\/\/stuttgarti-katolikusok.de\/wp-content\/uploads\/2020\/06\/urnapja-2020-ulm.jpeg","width":1600,"height":1200},{"@type":"BreadcrumbList","@id":"https:\/\/stuttgarti-katolikusok.de\/index.php\/2022-junius-13-es-19-kozott\/#breadcrumb","itemListElement":[{"@type":"ListItem","position":1,"name":"Kezd\u0151lap","item":"https:\/\/stuttgarti-katolikusok.de\/"},{"@type":"ListItem","position":2,"name":"2022 J\u00daNIUS 13 \u00e9s 19 K\u00d6Z\u00d6TT"}]},{"@type":"WebSite","@id":"https:\/\/stuttgarti-katolikusok.de\/#website","url":"https:\/\/stuttgarti-katolikusok.de\/","name":"Stuttgarti Katolikusok","description":"","potentialAction":[{"@type":"SearchAction","target":{"@type":"EntryPoint","urlTemplate":"https:\/\/stuttgarti-katolikusok.de\/?s={search_term_string}"},"query-input":{"@type":"PropertyValueSpecification","valueRequired":true,"valueName":"search_term_string"}}],"inLanguage":"hu"},{"@type":"Person","@id":"https:\/\/stuttgarti-katolikusok.de\/#\/schema\/person\/75908d6f8fdc03a57889d27209df7795","name":"Tibor atya","image":{"@type":"ImageObject","inLanguage":"hu","@id":"https:\/\/secure.gravatar.com\/avatar\/61d268e57d1f4525b111222e29d2d5a7f8c420fdbf231ba5566a8ceac74fa960?s=96&d=mm&r=g","url":"https:\/\/secure.gravatar.com\/avatar\/61d268e57d1f4525b111222e29d2d5a7f8c420fdbf231ba5566a8ceac74fa960?s=96&d=mm&r=g","contentUrl":"https:\/\/secure.gravatar.com\/avatar\/61d268e57d1f4525b111222e29d2d5a7f8c420fdbf231ba5566a8ceac74fa960?s=96&d=mm&r=g","caption":"Tibor atya"},"url":"https:\/\/stuttgarti-katolikusok.de\/index.php\/author\/tibor-atya\/"}]}},"_links":{"self":[{"href":"https:\/\/stuttgarti-katolikusok.de\/index.php\/wp-json\/wp\/v2\/posts\/23461","targetHints":{"allow":["GET"]}}],"collection":[{"href":"https:\/\/stuttgarti-katolikusok.de\/index.php\/wp-json\/wp\/v2\/posts"}],"about":[{"href":"https:\/\/stuttgarti-katolikusok.de\/index.php\/wp-json\/wp\/v2\/types\/post"}],"author":[{"embeddable":true,"href":"https:\/\/stuttgarti-katolikusok.de\/index.php\/wp-json\/wp\/v2\/users\/3"}],"replies":[{"embeddable":true,"href":"https:\/\/stuttgarti-katolikusok.de\/index.php\/wp-json\/wp\/v2\/comments?post=23461"}],"version-history":[{"count":5,"href":"https:\/\/stuttgarti-katolikusok.de\/index.php\/wp-json\/wp\/v2\/posts\/23461\/revisions"}],"predecessor-version":[{"id":23473,"href":"https:\/\/stuttgarti-katolikusok.de\/index.php\/wp-json\/wp\/v2\/posts\/23461\/revisions\/23473"}],"wp:featuredmedia":[{"embeddable":true,"href":"https:\/\/stuttgarti-katolikusok.de\/index.php\/wp-json\/wp\/v2\/media\/19754"}],"wp:attachment":[{"href":"https:\/\/stuttgarti-katolikusok.de\/index.php\/wp-json\/wp\/v2\/media?parent=23461"}],"wp:term":[{"taxonomy":"category","embeddable":true,"href":"https:\/\/stuttgarti-katolikusok.de\/index.php\/wp-json\/wp\/v2\/categories?post=23461"},{"taxonomy":"post_tag","embeddable":true,"href":"https:\/\/stuttgarti-katolikusok.de\/index.php\/wp-json\/wp\/v2\/tags?post=23461"}],"curies":[{"name":"wp","href":"https:\/\/api.w.org\/{rel}","templated":true}]}}