{"id":23379,"date":"2022-05-29T00:45:50","date_gmt":"2022-05-28T22:45:50","guid":{"rendered":"https:\/\/stuttgarti-katolikusok.de\/?p=23379"},"modified":"2022-05-29T00:51:29","modified_gmt":"2022-05-28T22:51:29","slug":"beke-es-szabadsag-szent-marton-utjan-stuttgartban","status":"publish","type":"post","link":"https:\/\/stuttgarti-katolikusok.de\/index.php\/beke-es-szabadsag-szent-marton-utjan-stuttgartban\/","title":{"rendered":"B\u00e9ke \u00e9s szabads\u00e1g &#8211; Szent M\u00e1rton \u00fatj\u00e1n Stuttgartban"},"content":{"rendered":"<p>Dr. Sz\u00e9kely J\u00e1nos szombathelyi p\u00fcsp\u00f6k atya is bekapcsol\u00f3dott a 102. Katolikus Napok \u00fcnnepi rendezv\u00e9ny\u00e9be.<\/p>\n<p>Az Eberhard templomt\u00f3l indult a gyalogos zar\u00e1ndoklat, \u00e9rintve a Bruder Klaus templomot is.<\/p>\n<p>K\u00f6z\u00f6ss\u00e9g\u00fcnk fogadta p\u00fcsp\u00f6k atya vezette zar\u00e1ndoklatot.<\/p>\n<p>Err\u0151l k\u00e9sz\u00edtett felv\u00e9telt fogadj\u00e1tok szeretettel.<\/p>\n<div class=\"brlbs-cmpnt-container brlbs-cmpnt-content-blocker brlbs-cmpnt-with-individual-styles\" data-borlabs-cookie-content-blocker-id=\"youtube-content-blocker\" data-borlabs-cookie-content=\"PGlmcmFtZSB0aXRsZT0iU3plbnQgTcOhcnRvbiDDunRqw6FuIHphcsOhbmRva29ra2FsIEV1csOzcMOhYsOzbCAtIFN0dXR0Z2FydCAtIDIwMjIuIG3DoWp1cyAyOC4iIHdpZHRoPSI5NDAiIGhlaWdodD0iNTI5IiBzcmM9Imh0dHBzOi8vd3d3LnlvdXR1YmUtbm9jb29raWUuY29tL2VtYmVkL2dNWV9DZ2UwS2FBP2ZlYXR1cmU9b2VtYmVkIiBmcmFtZWJvcmRlcj0iMCIgYWxsb3c9ImFjY2VsZXJvbWV0ZXI7IGF1dG9wbGF5OyBjbGlwYm9hcmQtd3JpdGU7IGVuY3J5cHRlZC1tZWRpYTsgZ3lyb3Njb3BlOyBwaWN0dXJlLWluLXBpY3R1cmUiIGFsbG93ZnVsbHNjcmVlbj48L2lmcmFtZT4=\">\n<div class=\"brlbs-cmpnt-cb-preset-c brlbs-cmpnt-cb-youtube\">\n<div class=\"brlbs-cmpnt-cb-thumbnail\" style=\"background-image: url('https:\/\/stuttgarti-katolikusok.de\/wp-content\/uploads\/borlabs-cookie\/1\/yt_gMY_Cge0KaA_hqdefault.jpg')\"><\/div>\n<div class=\"brlbs-cmpnt-cb-main\">\n<div class=\"brlbs-cmpnt-cb-play-button\"><\/div>\n<div class=\"brlbs-cmpnt-cb-content\">\n<p class=\"brlbs-cmpnt-cb-description\">You are currently viewing a placeholder content from <strong>YouTube<\/strong>. To access the actual content, click the button below. Please note that doing so will share data with third-party providers.<\/p>\n<p> <a class=\"brlbs-cmpnt-cb-provider-toggle\" href=\"#\" data-borlabs-cookie-show-provider-information role=\"button\">More Information<\/a> <\/div>\n<div class=\"brlbs-cmpnt-cb-buttons\"> <a class=\"brlbs-cmpnt-cb-btn\" href=\"#\" data-borlabs-cookie-unblock role=\"button\">Unblock content<\/a> <a class=\"brlbs-cmpnt-cb-btn\" href=\"#\" data-borlabs-cookie-accept-service role=\"button\" style=\"display: inherit\">Accept required service and unblock content<\/a> <\/div><\/div><\/div>\n<\/div>\n","protected":false},"excerpt":{"rendered":"<p>Dr. Sz\u00e9kely J\u00e1nos szombathelyi p\u00fcsp\u00f6k atya is bekapcsol\u00f3dott a 102. Katolikus Napok \u00fcnnepi rendezv\u00e9ny\u00e9be. Az Eberhard templomt\u00f3l indult a gyalogos zar\u00e1ndoklat, \u00e9rintve a Bruder Klaus templomot is. K\u00f6z\u00f6ss\u00e9g\u00fcnk fogadta p\u00fcsp\u00f6k atya vezette zar\u00e1ndoklatot. Err\u0151l k\u00e9sz\u00edtett felv\u00e9telt fogadj\u00e1tok szeretettel. You are currently viewing a placeholder content from YouTube. To access the actual content, click the button below. Please note that doing so will share data with third-party providers. More Information Unblock content Accept required service and unblock content<\/p>\n","protected":false},"author":3,"featured_media":23380,"comment_status":"closed","ping_status":"closed","sticky":false,"template":"","format":"standard","meta":{"footnotes":""},"categories":[1],"tags":[],"class_list":["post-23379","post","type-post","status-publish","format-standard","has-post-thumbnail","hentry","category-valogatott"],"yoast_head":"<!-- This site is optimized with the Yoast SEO plugin v27.3 - https:\/\/yoast.com\/product\/yoast-seo-wordpress\/ -->\n<title>B\u00e9ke \u00e9s szabads\u00e1g - Szent M\u00e1rton \u00fatj\u00e1n Stuttgartban - Stuttgarti Katolikusok<\/title>\n<meta name=\"robots\" content=\"index, follow, max-snippet:-1, max-image-preview:large, max-video-preview:-1\" \/>\n<link rel=\"canonical\" href=\"https:\/\/stuttgarti-katolikusok.de\/index.php\/beke-es-szabadsag-szent-marton-utjan-stuttgartban\/\" \/>\n<meta property=\"og:locale\" content=\"hu_HU\" \/>\n<meta property=\"og:type\" content=\"article\" \/>\n<meta property=\"og:title\" content=\"B\u00e9ke \u00e9s szabads\u00e1g - Szent M\u00e1rton \u00fatj\u00e1n Stuttgartban - Stuttgarti Katolikusok\" \/>\n<meta property=\"og:description\" content=\"Dr. Sz\u00e9kely J\u00e1nos szombathelyi p\u00fcsp\u00f6k atya is bekapcsol\u00f3dott a 102. Katolikus Napok \u00fcnnepi rendezv\u00e9ny\u00e9be. Az Eberhard templomt\u00f3l indult a gyalogos zar\u00e1ndoklat, \u00e9rintve a Bruder Klaus templomot is. K\u00f6z\u00f6ss\u00e9g\u00fcnk fogadta p\u00fcsp\u00f6k atya vezette zar\u00e1ndoklatot. Err\u0151l k\u00e9sz\u00edtett felv\u00e9telt fogadj\u00e1tok szeretettel. You are currently viewing a placeholder content from YouTube. To access the actual content, click the button below. Please note that doing so will share data with third-party providers. More Information Unblock content Accept required service and unblock content\" \/>\n<meta property=\"og:url\" content=\"https:\/\/stuttgarti-katolikusok.de\/index.php\/beke-es-szabadsag-szent-marton-utjan-stuttgartban\/\" \/>\n<meta property=\"og:site_name\" content=\"Stuttgarti Katolikusok\" \/>\n<meta property=\"article:published_time\" content=\"2022-05-28T22:45:50+00:00\" \/>\n<meta property=\"article:modified_time\" content=\"2022-05-28T22:51:29+00:00\" \/>\n<meta property=\"og:image\" content=\"https:\/\/stuttgarti-katolikusok.de\/wp-content\/uploads\/2022\/05\/img-20220528-wa0015.jpg\" \/>\n\t<meta property=\"og:image:width\" content=\"2000\" \/>\n\t<meta property=\"og:image:height\" content=\"1125\" \/>\n\t<meta property=\"og:image:type\" content=\"image\/jpeg\" \/>\n<meta name=\"author\" content=\"Tibor atya\" \/>\n<meta name=\"twitter:card\" content=\"summary_large_image\" \/>\n<meta name=\"twitter:label1\" content=\"Szerz\u0151:\" \/>\n\t<meta name=\"twitter:data1\" content=\"Tibor atya\" \/>\n<script type=\"application\/ld+json\" class=\"yoast-schema-graph\">{\"@context\":\"https:\\\/\\\/schema.org\",\"@graph\":[{\"@type\":\"Article\",\"@id\":\"https:\\\/\\\/stuttgarti-katolikusok.de\\\/index.php\\\/beke-es-szabadsag-szent-marton-utjan-stuttgartban\\\/#article\",\"isPartOf\":{\"@id\":\"https:\\\/\\\/stuttgarti-katolikusok.de\\\/index.php\\\/beke-es-szabadsag-szent-marton-utjan-stuttgartban\\\/\"},\"author\":{\"name\":\"Tibor atya\",\"@id\":\"https:\\\/\\\/stuttgarti-katolikusok.de\\\/#\\\/schema\\\/person\\\/75908d6f8fdc03a57889d27209df7795\"},\"headline\":\"B\u00e9ke \u00e9s szabads\u00e1g &#8211; Szent M\u00e1rton \u00fatj\u00e1n Stuttgartban\",\"datePublished\":\"2022-05-28T22:45:50+00:00\",\"dateModified\":\"2022-05-28T22:51:29+00:00\",\"mainEntityOfPage\":{\"@id\":\"https:\\\/\\\/stuttgarti-katolikusok.de\\\/index.php\\\/beke-es-szabadsag-szent-marton-utjan-stuttgartban\\\/\"},\"wordCount\":76,\"image\":{\"@id\":\"https:\\\/\\\/stuttgarti-katolikusok.de\\\/index.php\\\/beke-es-szabadsag-szent-marton-utjan-stuttgartban\\\/#primaryimage\"},\"thumbnailUrl\":\"https:\\\/\\\/stuttgarti-katolikusok.de\\\/wp-content\\\/uploads\\\/2022\\\/05\\\/img-20220528-wa0015.jpg\",\"articleSection\":[\"V\u00e1logatott \u00edr\u00e1sok\"],\"inLanguage\":\"hu\"},{\"@type\":\"WebPage\",\"@id\":\"https:\\\/\\\/stuttgarti-katolikusok.de\\\/index.php\\\/beke-es-szabadsag-szent-marton-utjan-stuttgartban\\\/\",\"url\":\"https:\\\/\\\/stuttgarti-katolikusok.de\\\/index.php\\\/beke-es-szabadsag-szent-marton-utjan-stuttgartban\\\/\",\"name\":\"B\u00e9ke \u00e9s szabads\u00e1g - Szent M\u00e1rton \u00fatj\u00e1n Stuttgartban - Stuttgarti Katolikusok\",\"isPartOf\":{\"@id\":\"https:\\\/\\\/stuttgarti-katolikusok.de\\\/#website\"},\"primaryImageOfPage\":{\"@id\":\"https:\\\/\\\/stuttgarti-katolikusok.de\\\/index.php\\\/beke-es-szabadsag-szent-marton-utjan-stuttgartban\\\/#primaryimage\"},\"image\":{\"@id\":\"https:\\\/\\\/stuttgarti-katolikusok.de\\\/index.php\\\/beke-es-szabadsag-szent-marton-utjan-stuttgartban\\\/#primaryimage\"},\"thumbnailUrl\":\"https:\\\/\\\/stuttgarti-katolikusok.de\\\/wp-content\\\/uploads\\\/2022\\\/05\\\/img-20220528-wa0015.jpg\",\"datePublished\":\"2022-05-28T22:45:50+00:00\",\"dateModified\":\"2022-05-28T22:51:29+00:00\",\"author\":{\"@id\":\"https:\\\/\\\/stuttgarti-katolikusok.de\\\/#\\\/schema\\\/person\\\/75908d6f8fdc03a57889d27209df7795\"},\"breadcrumb\":{\"@id\":\"https:\\\/\\\/stuttgarti-katolikusok.de\\\/index.php\\\/beke-es-szabadsag-szent-marton-utjan-stuttgartban\\\/#breadcrumb\"},\"inLanguage\":\"hu\",\"potentialAction\":[{\"@type\":\"ReadAction\",\"target\":[\"https:\\\/\\\/stuttgarti-katolikusok.de\\\/index.php\\\/beke-es-szabadsag-szent-marton-utjan-stuttgartban\\\/\"]}]},{\"@type\":\"ImageObject\",\"inLanguage\":\"hu\",\"@id\":\"https:\\\/\\\/stuttgarti-katolikusok.de\\\/index.php\\\/beke-es-szabadsag-szent-marton-utjan-stuttgartban\\\/#primaryimage\",\"url\":\"https:\\\/\\\/stuttgarti-katolikusok.de\\\/wp-content\\\/uploads\\\/2022\\\/05\\\/img-20220528-wa0015.jpg\",\"contentUrl\":\"https:\\\/\\\/stuttgarti-katolikusok.de\\\/wp-content\\\/uploads\\\/2022\\\/05\\\/img-20220528-wa0015.jpg\",\"width\":2000,\"height\":1125},{\"@type\":\"BreadcrumbList\",\"@id\":\"https:\\\/\\\/stuttgarti-katolikusok.de\\\/index.php\\\/beke-es-szabadsag-szent-marton-utjan-stuttgartban\\\/#breadcrumb\",\"itemListElement\":[{\"@type\":\"ListItem\",\"position\":1,\"name\":\"Kezd\u0151lap\",\"item\":\"https:\\\/\\\/stuttgarti-katolikusok.de\\\/\"},{\"@type\":\"ListItem\",\"position\":2,\"name\":\"B\u00e9ke \u00e9s szabads\u00e1g &#8211; Szent M\u00e1rton \u00fatj\u00e1n Stuttgartban\"}]},{\"@type\":\"WebSite\",\"@id\":\"https:\\\/\\\/stuttgarti-katolikusok.de\\\/#website\",\"url\":\"https:\\\/\\\/stuttgarti-katolikusok.de\\\/\",\"name\":\"Stuttgarti Katolikusok\",\"description\":\"\",\"potentialAction\":[{\"@type\":\"SearchAction\",\"target\":{\"@type\":\"EntryPoint\",\"urlTemplate\":\"https:\\\/\\\/stuttgarti-katolikusok.de\\\/?s={search_term_string}\"},\"query-input\":{\"@type\":\"PropertyValueSpecification\",\"valueRequired\":true,\"valueName\":\"search_term_string\"}}],\"inLanguage\":\"hu\"},{\"@type\":\"Person\",\"@id\":\"https:\\\/\\\/stuttgarti-katolikusok.de\\\/#\\\/schema\\\/person\\\/75908d6f8fdc03a57889d27209df7795\",\"name\":\"Tibor atya\",\"image\":{\"@type\":\"ImageObject\",\"inLanguage\":\"hu\",\"@id\":\"https:\\\/\\\/secure.gravatar.com\\\/avatar\\\/61d268e57d1f4525b111222e29d2d5a7f8c420fdbf231ba5566a8ceac74fa960?s=96&d=mm&r=g\",\"url\":\"https:\\\/\\\/secure.gravatar.com\\\/avatar\\\/61d268e57d1f4525b111222e29d2d5a7f8c420fdbf231ba5566a8ceac74fa960?s=96&d=mm&r=g\",\"contentUrl\":\"https:\\\/\\\/secure.gravatar.com\\\/avatar\\\/61d268e57d1f4525b111222e29d2d5a7f8c420fdbf231ba5566a8ceac74fa960?s=96&d=mm&r=g\",\"caption\":\"Tibor atya\"},\"url\":\"https:\\\/\\\/stuttgarti-katolikusok.de\\\/index.php\\\/author\\\/tibor-atya\\\/\"}]}<\/script>\n<!-- \/ Yoast SEO plugin. -->","yoast_head_json":{"title":"B\u00e9ke \u00e9s szabads\u00e1g - Szent M\u00e1rton \u00fatj\u00e1n Stuttgartban - Stuttgarti Katolikusok","robots":{"index":"index","follow":"follow","max-snippet":"max-snippet:-1","max-image-preview":"max-image-preview:large","max-video-preview":"max-video-preview:-1"},"canonical":"https:\/\/stuttgarti-katolikusok.de\/index.php\/beke-es-szabadsag-szent-marton-utjan-stuttgartban\/","og_locale":"hu_HU","og_type":"article","og_title":"B\u00e9ke \u00e9s szabads\u00e1g - Szent M\u00e1rton \u00fatj\u00e1n Stuttgartban - Stuttgarti Katolikusok","og_description":"Dr. Sz\u00e9kely J\u00e1nos szombathelyi p\u00fcsp\u00f6k atya is bekapcsol\u00f3dott a 102. Katolikus Napok \u00fcnnepi rendezv\u00e9ny\u00e9be. Az Eberhard templomt\u00f3l indult a gyalogos zar\u00e1ndoklat, \u00e9rintve a Bruder Klaus templomot is. K\u00f6z\u00f6ss\u00e9g\u00fcnk fogadta p\u00fcsp\u00f6k atya vezette zar\u00e1ndoklatot. Err\u0151l k\u00e9sz\u00edtett felv\u00e9telt fogadj\u00e1tok szeretettel. You are currently viewing a placeholder content from YouTube. To access the actual content, click the button below. Please note that doing so will share data with third-party providers. More Information Unblock content Accept required service and unblock content","og_url":"https:\/\/stuttgarti-katolikusok.de\/index.php\/beke-es-szabadsag-szent-marton-utjan-stuttgartban\/","og_site_name":"Stuttgarti Katolikusok","article_published_time":"2022-05-28T22:45:50+00:00","article_modified_time":"2022-05-28T22:51:29+00:00","og_image":[{"width":2000,"height":1125,"url":"https:\/\/stuttgarti-katolikusok.de\/wp-content\/uploads\/2022\/05\/img-20220528-wa0015.jpg","type":"image\/jpeg"}],"author":"Tibor atya","twitter_card":"summary_large_image","twitter_misc":{"Szerz\u0151:":"Tibor atya"},"schema":{"@context":"https:\/\/schema.org","@graph":[{"@type":"Article","@id":"https:\/\/stuttgarti-katolikusok.de\/index.php\/beke-es-szabadsag-szent-marton-utjan-stuttgartban\/#article","isPartOf":{"@id":"https:\/\/stuttgarti-katolikusok.de\/index.php\/beke-es-szabadsag-szent-marton-utjan-stuttgartban\/"},"author":{"name":"Tibor atya","@id":"https:\/\/stuttgarti-katolikusok.de\/#\/schema\/person\/75908d6f8fdc03a57889d27209df7795"},"headline":"B\u00e9ke \u00e9s szabads\u00e1g &#8211; Szent M\u00e1rton \u00fatj\u00e1n Stuttgartban","datePublished":"2022-05-28T22:45:50+00:00","dateModified":"2022-05-28T22:51:29+00:00","mainEntityOfPage":{"@id":"https:\/\/stuttgarti-katolikusok.de\/index.php\/beke-es-szabadsag-szent-marton-utjan-stuttgartban\/"},"wordCount":76,"image":{"@id":"https:\/\/stuttgarti-katolikusok.de\/index.php\/beke-es-szabadsag-szent-marton-utjan-stuttgartban\/#primaryimage"},"thumbnailUrl":"https:\/\/stuttgarti-katolikusok.de\/wp-content\/uploads\/2022\/05\/img-20220528-wa0015.jpg","articleSection":["V\u00e1logatott \u00edr\u00e1sok"],"inLanguage":"hu"},{"@type":"WebPage","@id":"https:\/\/stuttgarti-katolikusok.de\/index.php\/beke-es-szabadsag-szent-marton-utjan-stuttgartban\/","url":"https:\/\/stuttgarti-katolikusok.de\/index.php\/beke-es-szabadsag-szent-marton-utjan-stuttgartban\/","name":"B\u00e9ke \u00e9s szabads\u00e1g - Szent M\u00e1rton \u00fatj\u00e1n Stuttgartban - Stuttgarti Katolikusok","isPartOf":{"@id":"https:\/\/stuttgarti-katolikusok.de\/#website"},"primaryImageOfPage":{"@id":"https:\/\/stuttgarti-katolikusok.de\/index.php\/beke-es-szabadsag-szent-marton-utjan-stuttgartban\/#primaryimage"},"image":{"@id":"https:\/\/stuttgarti-katolikusok.de\/index.php\/beke-es-szabadsag-szent-marton-utjan-stuttgartban\/#primaryimage"},"thumbnailUrl":"https:\/\/stuttgarti-katolikusok.de\/wp-content\/uploads\/2022\/05\/img-20220528-wa0015.jpg","datePublished":"2022-05-28T22:45:50+00:00","dateModified":"2022-05-28T22:51:29+00:00","author":{"@id":"https:\/\/stuttgarti-katolikusok.de\/#\/schema\/person\/75908d6f8fdc03a57889d27209df7795"},"breadcrumb":{"@id":"https:\/\/stuttgarti-katolikusok.de\/index.php\/beke-es-szabadsag-szent-marton-utjan-stuttgartban\/#breadcrumb"},"inLanguage":"hu","potentialAction":[{"@type":"ReadAction","target":["https:\/\/stuttgarti-katolikusok.de\/index.php\/beke-es-szabadsag-szent-marton-utjan-stuttgartban\/"]}]},{"@type":"ImageObject","inLanguage":"hu","@id":"https:\/\/stuttgarti-katolikusok.de\/index.php\/beke-es-szabadsag-szent-marton-utjan-stuttgartban\/#primaryimage","url":"https:\/\/stuttgarti-katolikusok.de\/wp-content\/uploads\/2022\/05\/img-20220528-wa0015.jpg","contentUrl":"https:\/\/stuttgarti-katolikusok.de\/wp-content\/uploads\/2022\/05\/img-20220528-wa0015.jpg","width":2000,"height":1125},{"@type":"BreadcrumbList","@id":"https:\/\/stuttgarti-katolikusok.de\/index.php\/beke-es-szabadsag-szent-marton-utjan-stuttgartban\/#breadcrumb","itemListElement":[{"@type":"ListItem","position":1,"name":"Kezd\u0151lap","item":"https:\/\/stuttgarti-katolikusok.de\/"},{"@type":"ListItem","position":2,"name":"B\u00e9ke \u00e9s szabads\u00e1g &#8211; Szent M\u00e1rton \u00fatj\u00e1n Stuttgartban"}]},{"@type":"WebSite","@id":"https:\/\/stuttgarti-katolikusok.de\/#website","url":"https:\/\/stuttgarti-katolikusok.de\/","name":"Stuttgarti Katolikusok","description":"","potentialAction":[{"@type":"SearchAction","target":{"@type":"EntryPoint","urlTemplate":"https:\/\/stuttgarti-katolikusok.de\/?s={search_term_string}"},"query-input":{"@type":"PropertyValueSpecification","valueRequired":true,"valueName":"search_term_string"}}],"inLanguage":"hu"},{"@type":"Person","@id":"https:\/\/stuttgarti-katolikusok.de\/#\/schema\/person\/75908d6f8fdc03a57889d27209df7795","name":"Tibor atya","image":{"@type":"ImageObject","inLanguage":"hu","@id":"https:\/\/secure.gravatar.com\/avatar\/61d268e57d1f4525b111222e29d2d5a7f8c420fdbf231ba5566a8ceac74fa960?s=96&d=mm&r=g","url":"https:\/\/secure.gravatar.com\/avatar\/61d268e57d1f4525b111222e29d2d5a7f8c420fdbf231ba5566a8ceac74fa960?s=96&d=mm&r=g","contentUrl":"https:\/\/secure.gravatar.com\/avatar\/61d268e57d1f4525b111222e29d2d5a7f8c420fdbf231ba5566a8ceac74fa960?s=96&d=mm&r=g","caption":"Tibor atya"},"url":"https:\/\/stuttgarti-katolikusok.de\/index.php\/author\/tibor-atya\/"}]}},"_links":{"self":[{"href":"https:\/\/stuttgarti-katolikusok.de\/index.php\/wp-json\/wp\/v2\/posts\/23379","targetHints":{"allow":["GET"]}}],"collection":[{"href":"https:\/\/stuttgarti-katolikusok.de\/index.php\/wp-json\/wp\/v2\/posts"}],"about":[{"href":"https:\/\/stuttgarti-katolikusok.de\/index.php\/wp-json\/wp\/v2\/types\/post"}],"author":[{"embeddable":true,"href":"https:\/\/stuttgarti-katolikusok.de\/index.php\/wp-json\/wp\/v2\/users\/3"}],"replies":[{"embeddable":true,"href":"https:\/\/stuttgarti-katolikusok.de\/index.php\/wp-json\/wp\/v2\/comments?post=23379"}],"version-history":[{"count":4,"href":"https:\/\/stuttgarti-katolikusok.de\/index.php\/wp-json\/wp\/v2\/posts\/23379\/revisions"}],"predecessor-version":[{"id":23384,"href":"https:\/\/stuttgarti-katolikusok.de\/index.php\/wp-json\/wp\/v2\/posts\/23379\/revisions\/23384"}],"wp:featuredmedia":[{"embeddable":true,"href":"https:\/\/stuttgarti-katolikusok.de\/index.php\/wp-json\/wp\/v2\/media\/23380"}],"wp:attachment":[{"href":"https:\/\/stuttgarti-katolikusok.de\/index.php\/wp-json\/wp\/v2\/media?parent=23379"}],"wp:term":[{"taxonomy":"category","embeddable":true,"href":"https:\/\/stuttgarti-katolikusok.de\/index.php\/wp-json\/wp\/v2\/categories?post=23379"},{"taxonomy":"post_tag","embeddable":true,"href":"https:\/\/stuttgarti-katolikusok.de\/index.php\/wp-json\/wp\/v2\/tags?post=23379"}],"curies":[{"name":"wp","href":"https:\/\/api.w.org\/{rel}","templated":true}]}}