{"id":23352,"date":"2022-05-23T19:59:08","date_gmt":"2022-05-23T17:59:08","guid":{"rendered":"https:\/\/stuttgarti-katolikusok.de\/?p=23352"},"modified":"2022-05-23T20:07:29","modified_gmt":"2022-05-23T18:07:29","slug":"2022-majus-23-es-29-kozott","status":"publish","type":"post","link":"https:\/\/stuttgarti-katolikusok.de\/index.php\/2022-majus-23-es-29-kozott\/","title":{"rendered":"2022 m\u00e1jus 23 \u00e9s 29 k\u00f6z\u00f6tt"},"content":{"rendered":"<p><span style=\"color: #ff6600;\"><strong><em>Programel\u0151zetes<\/em><\/strong><\/span><\/p>\n<p><span style=\"color: #ff6600;\"><strong><em>\u00d6r\u00f6mmel jelezz\u00fck, hogy \u00fajra szabadon, minden korl\u00e1toz\u00e1s n\u00e9lk\u00fcl l\u00e1togathatjuk templomainkat.\u00a0<\/em><\/strong><\/span><\/p>\n<p><span style=\"color: #ff6600;\"><strong><em>Nincs sz\u00fcks\u00e9g t\u00e1vols\u00e1g megtart\u00e1s\u00e1ra \u00e9s a maszk haszn\u00e1lat\u00e1ra.<\/em><\/strong><\/span><\/p>\n<p style=\"text-align: center;\"><strong><span style=\"color: #ff6600;\"><em>\u00a0<\/em>*<\/span><\/strong><\/p>\n<p><strong>M\u00e1jus 26-\u00e1n,<\/strong>\u00a0cs\u00fct\u00f6rt\u00f6k\u00f6n<em>,\u00a0<strong><span style=\"color: #ff6600;\">Urunk mennybemenetel\u00e9nek \u00fcnnepe<\/span>,<\/strong><\/em><\/p>\n<p><strong>10.00 \u00f3rakor<\/strong> \u00fcnnepi szentmise a Schlosspaltz-on a <em><strong><span style=\"color: #ff6600;\">\u201e102. Deutscher Katholikentag Stuttgart 2022\u201d<\/span><\/strong><\/em>.<\/p>\n<p>Ennek menete:<\/p>\n<ul>\n<li>8.30 \u00a0\u00e9s 9.00 \u00f3ra k\u00f6z\u00f6tt \u00e9rkez\u00e9s, gy\u00fclekez\u00e9s \u00a0a Neckartor-n\u00e1l ( U-Bahn meg\u00e1ll\u00f3 Schlossgarten kij\u00e1rat\u00e1n\u00e1l fent ). A Hauptbahnhof-t\u00f3l is\u00a0 el lehet oda gyalogolni a Schlosspark-on kereszt\u00fcl ( kb. 10perc) az \u00fat.<\/li>\n<\/ul>\n<p>&nbsp;<\/p>\n<ul>\n<li>9.00 \u00f3rakor ( h\u00faszperces) gyalogos &#8222;Sternwallfahrt&#8221; a Neckartort\u00f3l\u00a0 a Schlossplatzra\u00a0\u00a0( a Schlossgartenon) kereszt\u00fcl.<\/li>\n<\/ul>\n<p>&nbsp;<\/p>\n<ul>\n<li>9.30 \u00f3rakor felsorakozunk az olt\u00e1r el\u00f6tt a Schlossplatz-on , ahol minden n\u00e9pcsoportot szem\u00e9lyesen k\u00f6sz\u00f6ntenek.<\/li>\n<\/ul>\n<p>&nbsp;<\/p>\n<ul>\n<li><em><span style=\"color: #ff6600;\"><strong>10.00 \u00f3rakor \u00fcnnepi szentmise<\/strong><\/span><\/em> \u2013 <em><strong><span style=\"color: #ff6600;\">\u201eGeteiltes Leben \u2013 offener Himmel\u201d<\/span><\/strong><\/em> mott\u00f3val.<\/li>\n<\/ul>\n<p>&nbsp;<\/p>\n<ul>\n<li><span style=\"color: #ff6600;\"><em><strong>14.00 \u2013 15.30 \u00f3ra<\/strong> <\/em><\/span>k\u00f6z\u00f6tt <span style=\"color: #ff6600;\"><em>Gesellschaft und Politik in Deutschland und Europa \/ Gespr\u00e4ch<\/em><\/span><\/li>\n<\/ul>\n<p><em><span style=\"color: #ff6600;\"><strong>Br\u00fccken zwischen West und Ost<\/strong><\/span><\/em><\/p>\n<p><span style=\"color: #ff6600;\"><em>Gemeinden anderer Muttersprachen gestalten mit: Das Beispiel Ungarn<\/em><\/span><\/p>\n<p>(Rathaus, 4. OG, Mittlerer Sitzungssaal, Marktplatz 1)<\/p>\n<p>Ezen p\u00f3dium besz\u00e9lget\u00e9s k\u00f6z\u00f6ss\u00e9g\u00fcnk szervez\u00e9s\u00e9ben t\u00f6rt\u00e9nik. Megh\u00edvott el\u0151ad\u00f3nk <em><strong>Dr. Csisz\u00e1r Kl\u00e1ra pasztor\u00e1lteol\u00f3gus<\/strong>.<\/em> A p\u00f3dium besz\u00e9lget\u00e9st moder\u00e1lja <em><strong>Merk Csaba Franz, a weingarteni k\u00f6z\u00f6ss\u00e9g leg\u00e1tusa<\/strong><\/em>. K\u00f6z\u00f6ss\u00e9g\u00fcnk k\u00e9pviselet\u00e9ben pedig <em><strong>D\u00e1vid Melinda, egyh\u00e1zk\u00f6zs\u00e9g\u00fcnk titk\u00e1rn\u0151je<\/strong><\/em> van jelen.<\/p>\n<p>Mindazok, aki szeretn\u00e9nek ezen a p\u00f3dium besz\u00e9lget\u00e9sen r\u00e9szt venni, bel\u00e9p\u0151vel (\u00e1lland\u00f3 k\u00e1rtya, illetve napi jegy) tehetik meg.<\/p>\n<p style=\"text-align: center;\"><strong><span style=\"color: #ff6600;\">*<\/span><\/strong><\/p>\n<p><strong>M\u00e1jus 28-\u00e1n<\/strong><em>, <\/em>szombaton<em>,<span style=\"color: #ff6600;\"><strong> Tuttlingenben <\/strong><\/span><\/em>a<em>\u00a0<\/em>16.00 \u00f3rai szentmise<strong> elmarad!!<\/strong><\/p>\n<p>&nbsp;<\/p>\n<p><span style=\"color: #ff6600;\"><strong>Stuttgartban eg\u00e9sz napos programunk van!<\/strong><\/span><\/p>\n<ul>\n<li><strong>11.00 \u00f3rakor &#8211; <span style=\"color: #ff6600;\">Den Weg teilen &#8211; Pilgern f\u00fcr Europa<\/span><\/strong><\/li>\n<\/ul>\n<p><span style=\"color: #ff6600;\"><strong><em>Gemeinsam auf dem Martinusweg mit Pilgern aus Europa<\/em><\/strong><\/span><\/p>\n<p><em>\u00a0<\/em>Tal\u00e1lkoz\u00e1si hely: Domkirche St. Eberhard Haupteingang, K\u00f6nigstr. 7<\/p>\n<p>A zar\u00e1ndok csoportot, t\u00f6bbek k\u00f6z\u00f6tt, <strong><em>Dr. Sz\u00e9kely J\u00e1nos, szombathelyi p\u00fcsp\u00f6k<\/em><\/strong> <strong><em>atya<\/em><\/strong> vezeti.<\/p>\n<ul>\n<li><span style=\"color: #ff6600;\"><strong>12.30 \u00f3rakor<\/strong><\/span> \u00e9rkez\u00e9s a Bruder Klaus templomhoz. Itt fogadjuk a zar\u00e1ndok csoportot. <span style=\"color: #ff6600;\"><strong><em>B\u00e9ke \u00e9s szabads\u00e1g<\/em><\/strong><\/span> t\u00e9m\u00e1ban Sz\u00e9kely J\u00e1nos p\u00fcsp\u00f6k \u00far tart egy r\u00f6vid el\u0151ad\u00e1st. R\u00f6vid pihen\u0151 \u00e9s friss\u00fcl\u00e9s ut\u00e1n folytatj\u00e1k \u00fatjukat.<\/li>\n<\/ul>\n<p>&nbsp;<\/p>\n<ul>\n<li><span style=\"color: #ff6600;\"><strong>14.00 \u00f3rakor<\/strong><\/span> a Bruder Klaus templomban <span style=\"color: #ff6600;\"><strong><em>magyar nyelv\u0171 szentmise <\/em><\/strong><\/span>lesz, amelyet Dr. Sz\u00e9kely J\u00e1nos p\u00fcsp\u00f6k atya celebr\u00e1l. Nagy \u00f6r\u00f6mmel \u00e9rkezik hozz\u00e1nk, \u00e9ppen ez\u00e9rt legy\u00fcnk min\u00e9l t\u00f6bben, akik fogadjuk \u0151t \u00e9s r\u00e9szt vesz\u00fcnk a szentmis\u00e9n.<\/li>\n<\/ul>\n<p>&nbsp;<\/p>\n<ul>\n<li><span style=\"color: #ff6600;\"><strong>14.30 \u2013 17.00 \u00f3ra k\u00f6z\u00f6tt<\/strong><\/span> a <span style=\"color: #ff6600;\"><strong>Karlsplatz<\/strong><\/span>-on saj\u00e1t, <span style=\"color: #ff6600;\">\u201e<strong><em>Magyar stand<\/em><\/strong>\u201d<\/span>-unk lesz. C\u00e9lcsoportk\u00e9nt a gyermekes csal\u00e1dokat szeretn\u00e9nk megsz\u00f3l\u00edtani \u00c1rp\u00e1d-h\u00e1zi Szent Erzs\u00e9bet, azaz Heilige Elisabeth von Th\u00fcringen szem\u00e9ly\u00e9n kereszt\u00fcl. A Katholikentag mott\u00f3ja: Leben teilen! Osszuk meg \u00e9let\u00fcnket mi is Istennel, csal\u00e1ddal, k\u00f6z\u00f6ss\u00e9ggel! Szeress\u00fck J\u00e9zust \u00fagy, ahogy \u0150 szeret minket, ahogy Erzs\u00e9bet szerette \u0150t!<\/li>\n<\/ul>\n<p>V\u00e1r benn\u00fcnket j\u00e1t\u00e9k, tanul\u00e1s, bark\u00e1csol\u00e1s, rem\u00e9ny szerint Flashmob is.<\/p>\n<p>Ezen program szervez\u0151i: <strong><em>Geiger Erika, T\u00f3th M\u00e1rta \u00e9s Kamilla.<\/em><\/strong><\/p>\n<p style=\"text-align: center;\"><span style=\"color: #ff6600;\"><strong><em>\u00a0<\/em><\/strong><strong>*<\/strong><\/span><\/p>\n<p><strong>M\u00e1jus 29-\u00e9n<em>,<\/em><\/strong>\u00a0<span style=\"color: #ff6600;\"><strong><em>H\u00fasv\u00e9t 7. vas\u00e1rnapja<\/em><\/strong><\/span><em>,\u00a0<\/em><\/p>\n<p><span style=\"color: #ff6600;\"><strong><em>Munderkingenben<\/em><\/strong><strong><em>\u00a0<\/em><\/strong><\/span>9.00 \u00f3rakor<em>\u00a0szentmise,<\/em><\/p>\n<p><span style=\"color: #ff6600;\"><strong><em>Reutlingenben <\/em><\/strong><\/span><em>16.30 \u00f3rakor szentmise, <\/em>ut\u00e1na <em>\u00e1g\u00e1p\u00e9.<\/em><\/p>\n<p style=\"text-align: center;\"><span style=\"color: #ff6600;\"><strong><em>\u00a0*<\/em><\/strong><\/span><\/p>\n<p>Minden helyen mindenkit szeretettel v\u00e1r a k\u00f6z\u00f6ss\u00e9g \u00e9s Tibor atya!<\/p>\n<p style=\"text-align: center;\"><span style=\"color: #ff6600;\"><strong>*<\/strong><\/span><\/p>\n<p><a href=\"https:\/\/stuttgarti-katolikusok.de\/wp-content\/uploads\/2022\/05\/saint-martin-5202955-1280.jpg\"><img loading=\"lazy\" decoding=\"async\" class=\"alignnone size-full wp-image-23355\" src=\"https:\/\/stuttgarti-katolikusok.de\/wp-content\/uploads\/2022\/05\/saint-martin-5202955-1280.jpg\" alt=\"\" width=\"853\" height=\"1280\" srcset=\"https:\/\/stuttgarti-katolikusok.de\/wp-content\/uploads\/2022\/05\/saint-martin-5202955-1280.jpg 853w, https:\/\/stuttgarti-katolikusok.de\/wp-content\/uploads\/2022\/05\/saint-martin-5202955-1280-200x300.jpg 200w, https:\/\/stuttgarti-katolikusok.de\/wp-content\/uploads\/2022\/05\/saint-martin-5202955-1280-682x1024.jpg 682w\" sizes=\"auto, (max-width: 853px) 100vw, 853px\" \/><\/a><\/p>\n<p style=\"text-align: center;\"><span style=\"color: #ff6600;\"><strong><em>*<\/em><\/strong><\/span><\/p>\n<p><span style=\"color: #ff6600;\"><strong><em>Kegyelemteljes h\u00fasv\u00e9ti napokat, tartalmas besz\u00e9lget\u00e9seket \u00e9s \u00f6r\u00f6mteli tal\u00e1lkoz\u00e1sokat k\u00edv\u00e1nunk minden Kedves H\u00edv\u00fcnknek!<\/em><\/strong><\/span><\/p>\n<p style=\"text-align: center;\"><span style=\"color: #ff6600;\"><strong><em>*<\/em><\/strong><\/span><\/p>\n<p><strong><em>\u201eAk\u00e1r \u00f3ri\u00e1sok \u00e9p\u00edtik a kast\u00e9lyokat, ak\u00e1r emberek a kunyh\u00f3kat: kast\u00e9lyok, kunyh\u00f3k mind muland\u00f3 dolgok. Csup\u00e1n a hegyek, a v\u00f6lgyek, a foly\u00f3k \u00e9s a n\u00e9pek \u00f6r\u00f6kk\u00e9val\u00f3k, mert azokat Isten teremtette!\u201d\u00a0<\/em><\/strong><em>(Wass Albert, erd\u00e9lyi magyar \u00edr\u00f3 \u00e9s k\u00f6lt\u0151 &#8211; 1908 \u2013 1998)<\/em><\/p>\n<p><em>(K\u00e9p forr\u00e1sa: Pixabay)<\/em><\/p>\n","protected":false},"excerpt":{"rendered":"<p>Programel\u0151zetes \u00d6r\u00f6mmel jelezz\u00fck, hogy \u00fajra szabadon, minden korl\u00e1toz\u00e1s n\u00e9lk\u00fcl l\u00e1togathatjuk templomainkat.\u00a0 Nincs sz\u00fcks\u00e9g t\u00e1vols\u00e1g megtart\u00e1s\u00e1ra \u00e9s a maszk haszn\u00e1lat\u00e1ra. \u00a0* M\u00e1jus 26-\u00e1n,\u00a0cs\u00fct\u00f6rt\u00f6k\u00f6n,\u00a0Urunk mennybemenetel\u00e9nek \u00fcnnepe, 10.00 \u00f3rakor \u00fcnnepi szentmise a Schlosspaltz-on a \u201e102. Deutscher Katholikentag Stuttgart 2022\u201d. Ennek menete: 8.30 \u00a0\u00e9s 9.00 \u00f3ra k\u00f6z\u00f6tt \u00e9rkez\u00e9s, gy\u00fclekez\u00e9s \u00a0a Neckartor-n\u00e1l ( U-Bahn meg\u00e1ll\u00f3 Schlossgarten kij\u00e1rat\u00e1n\u00e1l fent ). A Hauptbahnhof-t\u00f3l is\u00a0 el lehet oda gyalogolni a Schlosspark-on kereszt\u00fcl ( kb. 10perc) az \u00fat. &nbsp; 9.00 \u00f3rakor ( h\u00faszperces) gyalogos &#8222;Sternwallfahrt&#8221; a Neckartort\u00f3l\u00a0 a Schlossplatzra\u00a0\u00a0( a Schlossgartenon) kereszt\u00fcl. &nbsp; 9.30 \u00f3rakor felsorakozunk az olt\u00e1r el\u00f6tt a Schlossplatz-on , ahol minden n\u00e9pcsoportot szem\u00e9lyesen k\u00f6sz\u00f6ntenek. &nbsp; 10.00 \u00f3rakor \u00fcnnepi szentmise \u2013 \u201eGeteiltes Leben \u2013 offener Himmel\u201d mott\u00f3val. &nbsp; 14.00 \u2013 15.30 \u00f3ra k\u00f6z\u00f6tt Gesellschaft und Politik in Deutschland und Europa \/ Gespr\u00e4ch Br\u00fccken zwischen West und Ost Gemeinden anderer Muttersprachen gestalten mit: Das Beispiel Ungarn (Rathaus, 4. OG, Mittlerer Sitzungssaal, Marktplatz 1) Ezen p\u00f3dium besz\u00e9lget\u00e9s k\u00f6z\u00f6ss\u00e9g\u00fcnk szervez\u00e9s\u00e9ben t\u00f6rt\u00e9nik. Megh\u00edvott el\u0151ad\u00f3nk Dr. Csisz\u00e1r Kl\u00e1ra pasztor\u00e1lteol\u00f3gus. A p\u00f3dium besz\u00e9lget\u00e9st moder\u00e1lja Merk Csaba Franz, a weingarteni k\u00f6z\u00f6ss\u00e9g leg\u00e1tusa. K\u00f6z\u00f6ss\u00e9g\u00fcnk k\u00e9pviselet\u00e9ben pedig D\u00e1vid Melinda, egyh\u00e1zk\u00f6zs\u00e9g\u00fcnk titk\u00e1rn\u0151je van jelen. Mindazok, aki szeretn\u00e9nek ezen a p\u00f3dium besz\u00e9lget\u00e9sen r\u00e9szt venni, bel\u00e9p\u0151vel (\u00e1lland\u00f3 k\u00e1rtya, illetve napi jegy) tehetik meg. * M\u00e1jus 28-\u00e1n, szombaton, Tuttlingenben a\u00a016.00 \u00f3rai szentmise elmarad!! &nbsp; Stuttgartban eg\u00e9sz napos programunk van! 11.00 \u00f3rakor &#8211; Den Weg teilen &#8211; Pilgern f\u00fcr Europa Gemeinsam auf dem Martinusweg mit Pilgern aus Europa \u00a0Tal\u00e1lkoz\u00e1si hely: Domkirche St. Eberhard Haupteingang, K\u00f6nigstr. 7 A zar\u00e1ndok csoportot, t\u00f6bbek k\u00f6z\u00f6tt, Dr. Sz\u00e9kely J\u00e1nos, szombathelyi p\u00fcsp\u00f6k atya vezeti. 12.30 \u00f3rakor \u00e9rkez\u00e9s a Bruder Klaus templomhoz. Itt fogadjuk a zar\u00e1ndok csoportot. B\u00e9ke \u00e9s szabads\u00e1g t\u00e9m\u00e1ban Sz\u00e9kely J\u00e1nos p\u00fcsp\u00f6k \u00far tart egy r\u00f6vid el\u0151ad\u00e1st. R\u00f6vid pihen\u0151 \u00e9s friss\u00fcl\u00e9s ut\u00e1n folytatj\u00e1k \u00fatjukat. &nbsp; 14.00 \u00f3rakor a Bruder Klaus templomban magyar nyelv\u0171 szentmise lesz, amelyet Dr. Sz\u00e9kely J\u00e1nos p\u00fcsp\u00f6k atya celebr\u00e1l. Nagy \u00f6r\u00f6mmel \u00e9rkezik hozz\u00e1nk,&#8230; <\/p>\n<p><a class=\"readmore\" href=\"https:\/\/stuttgarti-katolikusok.de\/index.php\/2022-majus-23-es-29-kozott\/\">R\u00e9szletek<\/a><\/p>\n","protected":false},"author":3,"featured_media":23353,"comment_status":"closed","ping_status":"closed","sticky":false,"template":"","format":"standard","meta":{"footnotes":""},"categories":[37],"tags":[],"class_list":["post-23352","post","type-post","status-publish","format-standard","has-post-thumbnail","hentry","category-progamelozetes"],"yoast_head":"<!-- This site is optimized with the Yoast SEO plugin v27.3 - https:\/\/yoast.com\/product\/yoast-seo-wordpress\/ -->\n<title>2022 m\u00e1jus 23 \u00e9s 29 k\u00f6z\u00f6tt - Stuttgarti Katolikusok<\/title>\n<meta name=\"robots\" content=\"index, follow, max-snippet:-1, max-image-preview:large, max-video-preview:-1\" \/>\n<link rel=\"canonical\" href=\"https:\/\/stuttgarti-katolikusok.de\/index.php\/2022-majus-23-es-29-kozott\/\" \/>\n<meta property=\"og:locale\" content=\"hu_HU\" \/>\n<meta property=\"og:type\" content=\"article\" \/>\n<meta property=\"og:title\" content=\"2022 m\u00e1jus 23 \u00e9s 29 k\u00f6z\u00f6tt - Stuttgarti Katolikusok\" \/>\n<meta property=\"og:description\" content=\"Programel\u0151zetes \u00d6r\u00f6mmel jelezz\u00fck, hogy \u00fajra szabadon, minden korl\u00e1toz\u00e1s n\u00e9lk\u00fcl l\u00e1togathatjuk templomainkat.\u00a0 Nincs sz\u00fcks\u00e9g t\u00e1vols\u00e1g megtart\u00e1s\u00e1ra \u00e9s a maszk haszn\u00e1lat\u00e1ra. \u00a0* M\u00e1jus 26-\u00e1n,\u00a0cs\u00fct\u00f6rt\u00f6k\u00f6n,\u00a0Urunk mennybemenetel\u00e9nek \u00fcnnepe, 10.00 \u00f3rakor \u00fcnnepi szentmise a Schlosspaltz-on a \u201e102. Deutscher Katholikentag Stuttgart 2022\u201d. Ennek menete: 8.30 \u00a0\u00e9s 9.00 \u00f3ra k\u00f6z\u00f6tt \u00e9rkez\u00e9s, gy\u00fclekez\u00e9s \u00a0a Neckartor-n\u00e1l ( U-Bahn meg\u00e1ll\u00f3 Schlossgarten kij\u00e1rat\u00e1n\u00e1l fent ). A Hauptbahnhof-t\u00f3l is\u00a0 el lehet oda gyalogolni a Schlosspark-on kereszt\u00fcl ( kb. 10perc) az \u00fat. &nbsp; 9.00 \u00f3rakor ( h\u00faszperces) gyalogos &#8222;Sternwallfahrt&#8221; a Neckartort\u00f3l\u00a0 a Schlossplatzra\u00a0\u00a0( a Schlossgartenon) kereszt\u00fcl. &nbsp; 9.30 \u00f3rakor felsorakozunk az olt\u00e1r el\u00f6tt a Schlossplatz-on , ahol minden n\u00e9pcsoportot szem\u00e9lyesen k\u00f6sz\u00f6ntenek. &nbsp; 10.00 \u00f3rakor \u00fcnnepi szentmise \u2013 \u201eGeteiltes Leben \u2013 offener Himmel\u201d mott\u00f3val. &nbsp; 14.00 \u2013 15.30 \u00f3ra k\u00f6z\u00f6tt Gesellschaft und Politik in Deutschland und Europa \/ Gespr\u00e4ch Br\u00fccken zwischen West und Ost Gemeinden anderer Muttersprachen gestalten mit: Das Beispiel Ungarn (Rathaus, 4. OG, Mittlerer Sitzungssaal, Marktplatz 1) Ezen p\u00f3dium besz\u00e9lget\u00e9s k\u00f6z\u00f6ss\u00e9g\u00fcnk szervez\u00e9s\u00e9ben t\u00f6rt\u00e9nik. Megh\u00edvott el\u0151ad\u00f3nk Dr. Csisz\u00e1r Kl\u00e1ra pasztor\u00e1lteol\u00f3gus. A p\u00f3dium besz\u00e9lget\u00e9st moder\u00e1lja Merk Csaba Franz, a weingarteni k\u00f6z\u00f6ss\u00e9g leg\u00e1tusa. K\u00f6z\u00f6ss\u00e9g\u00fcnk k\u00e9pviselet\u00e9ben pedig D\u00e1vid Melinda, egyh\u00e1zk\u00f6zs\u00e9g\u00fcnk titk\u00e1rn\u0151je van jelen. Mindazok, aki szeretn\u00e9nek ezen a p\u00f3dium besz\u00e9lget\u00e9sen r\u00e9szt venni, bel\u00e9p\u0151vel (\u00e1lland\u00f3 k\u00e1rtya, illetve napi jegy) tehetik meg. * M\u00e1jus 28-\u00e1n, szombaton, Tuttlingenben a\u00a016.00 \u00f3rai szentmise elmarad!! &nbsp; Stuttgartban eg\u00e9sz napos programunk van! 11.00 \u00f3rakor &#8211; Den Weg teilen &#8211; Pilgern f\u00fcr Europa Gemeinsam auf dem Martinusweg mit Pilgern aus Europa \u00a0Tal\u00e1lkoz\u00e1si hely: Domkirche St. Eberhard Haupteingang, K\u00f6nigstr. 7 A zar\u00e1ndok csoportot, t\u00f6bbek k\u00f6z\u00f6tt, Dr. Sz\u00e9kely J\u00e1nos, szombathelyi p\u00fcsp\u00f6k atya vezeti. 12.30 \u00f3rakor \u00e9rkez\u00e9s a Bruder Klaus templomhoz. Itt fogadjuk a zar\u00e1ndok csoportot. B\u00e9ke \u00e9s szabads\u00e1g t\u00e9m\u00e1ban Sz\u00e9kely J\u00e1nos p\u00fcsp\u00f6k \u00far tart egy r\u00f6vid el\u0151ad\u00e1st. R\u00f6vid pihen\u0151 \u00e9s friss\u00fcl\u00e9s ut\u00e1n folytatj\u00e1k \u00fatjukat. &nbsp; 14.00 \u00f3rakor a Bruder Klaus templomban magyar nyelv\u0171 szentmise lesz, amelyet Dr. Sz\u00e9kely J\u00e1nos p\u00fcsp\u00f6k atya celebr\u00e1l. Nagy \u00f6r\u00f6mmel \u00e9rkezik hozz\u00e1nk,... R\u00e9szletek\" \/>\n<meta property=\"og:url\" content=\"https:\/\/stuttgarti-katolikusok.de\/index.php\/2022-majus-23-es-29-kozott\/\" \/>\n<meta property=\"og:site_name\" content=\"Stuttgarti Katolikusok\" \/>\n<meta property=\"article:published_time\" content=\"2022-05-23T17:59:08+00:00\" \/>\n<meta property=\"article:modified_time\" content=\"2022-05-23T18:07:29+00:00\" \/>\n<meta property=\"og:image\" content=\"https:\/\/stuttgarti-katolikusok.de\/wp-content\/uploads\/2022\/05\/szent-marton-psk.jpg\" \/>\n\t<meta property=\"og:image:width\" content=\"640\" \/>\n\t<meta property=\"og:image:height\" content=\"425\" \/>\n\t<meta property=\"og:image:type\" content=\"image\/jpeg\" \/>\n<meta name=\"author\" content=\"Tibor atya\" \/>\n<meta name=\"twitter:card\" content=\"summary_large_image\" \/>\n<meta name=\"twitter:label1\" content=\"Szerz\u0151:\" \/>\n\t<meta name=\"twitter:data1\" content=\"Tibor atya\" \/>\n\t<meta name=\"twitter:label2\" content=\"Becs\u00fclt olvas\u00e1si id\u0151\" \/>\n\t<meta name=\"twitter:data2\" content=\"3 perc\" \/>\n<script type=\"application\/ld+json\" class=\"yoast-schema-graph\">{\"@context\":\"https:\\\/\\\/schema.org\",\"@graph\":[{\"@type\":\"Article\",\"@id\":\"https:\\\/\\\/stuttgarti-katolikusok.de\\\/index.php\\\/2022-majus-23-es-29-kozott\\\/#article\",\"isPartOf\":{\"@id\":\"https:\\\/\\\/stuttgarti-katolikusok.de\\\/index.php\\\/2022-majus-23-es-29-kozott\\\/\"},\"author\":{\"name\":\"Tibor atya\",\"@id\":\"https:\\\/\\\/stuttgarti-katolikusok.de\\\/#\\\/schema\\\/person\\\/75908d6f8fdc03a57889d27209df7795\"},\"headline\":\"2022 m\u00e1jus 23 \u00e9s 29 k\u00f6z\u00f6tt\",\"datePublished\":\"2022-05-23T17:59:08+00:00\",\"dateModified\":\"2022-05-23T18:07:29+00:00\",\"mainEntityOfPage\":{\"@id\":\"https:\\\/\\\/stuttgarti-katolikusok.de\\\/index.php\\\/2022-majus-23-es-29-kozott\\\/\"},\"wordCount\":656,\"image\":{\"@id\":\"https:\\\/\\\/stuttgarti-katolikusok.de\\\/index.php\\\/2022-majus-23-es-29-kozott\\\/#primaryimage\"},\"thumbnailUrl\":\"https:\\\/\\\/stuttgarti-katolikusok.de\\\/wp-content\\\/uploads\\\/2022\\\/05\\\/szent-marton-psk.jpg\",\"articleSection\":[\"Progamel\u0151zetes\"],\"inLanguage\":\"hu\"},{\"@type\":\"WebPage\",\"@id\":\"https:\\\/\\\/stuttgarti-katolikusok.de\\\/index.php\\\/2022-majus-23-es-29-kozott\\\/\",\"url\":\"https:\\\/\\\/stuttgarti-katolikusok.de\\\/index.php\\\/2022-majus-23-es-29-kozott\\\/\",\"name\":\"2022 m\u00e1jus 23 \u00e9s 29 k\u00f6z\u00f6tt - Stuttgarti Katolikusok\",\"isPartOf\":{\"@id\":\"https:\\\/\\\/stuttgarti-katolikusok.de\\\/#website\"},\"primaryImageOfPage\":{\"@id\":\"https:\\\/\\\/stuttgarti-katolikusok.de\\\/index.php\\\/2022-majus-23-es-29-kozott\\\/#primaryimage\"},\"image\":{\"@id\":\"https:\\\/\\\/stuttgarti-katolikusok.de\\\/index.php\\\/2022-majus-23-es-29-kozott\\\/#primaryimage\"},\"thumbnailUrl\":\"https:\\\/\\\/stuttgarti-katolikusok.de\\\/wp-content\\\/uploads\\\/2022\\\/05\\\/szent-marton-psk.jpg\",\"datePublished\":\"2022-05-23T17:59:08+00:00\",\"dateModified\":\"2022-05-23T18:07:29+00:00\",\"author\":{\"@id\":\"https:\\\/\\\/stuttgarti-katolikusok.de\\\/#\\\/schema\\\/person\\\/75908d6f8fdc03a57889d27209df7795\"},\"breadcrumb\":{\"@id\":\"https:\\\/\\\/stuttgarti-katolikusok.de\\\/index.php\\\/2022-majus-23-es-29-kozott\\\/#breadcrumb\"},\"inLanguage\":\"hu\",\"potentialAction\":[{\"@type\":\"ReadAction\",\"target\":[\"https:\\\/\\\/stuttgarti-katolikusok.de\\\/index.php\\\/2022-majus-23-es-29-kozott\\\/\"]}]},{\"@type\":\"ImageObject\",\"inLanguage\":\"hu\",\"@id\":\"https:\\\/\\\/stuttgarti-katolikusok.de\\\/index.php\\\/2022-majus-23-es-29-kozott\\\/#primaryimage\",\"url\":\"https:\\\/\\\/stuttgarti-katolikusok.de\\\/wp-content\\\/uploads\\\/2022\\\/05\\\/szent-marton-psk.jpg\",\"contentUrl\":\"https:\\\/\\\/stuttgarti-katolikusok.de\\\/wp-content\\\/uploads\\\/2022\\\/05\\\/szent-marton-psk.jpg\",\"width\":640,\"height\":425},{\"@type\":\"BreadcrumbList\",\"@id\":\"https:\\\/\\\/stuttgarti-katolikusok.de\\\/index.php\\\/2022-majus-23-es-29-kozott\\\/#breadcrumb\",\"itemListElement\":[{\"@type\":\"ListItem\",\"position\":1,\"name\":\"Kezd\u0151lap\",\"item\":\"https:\\\/\\\/stuttgarti-katolikusok.de\\\/\"},{\"@type\":\"ListItem\",\"position\":2,\"name\":\"2022 m\u00e1jus 23 \u00e9s 29 k\u00f6z\u00f6tt\"}]},{\"@type\":\"WebSite\",\"@id\":\"https:\\\/\\\/stuttgarti-katolikusok.de\\\/#website\",\"url\":\"https:\\\/\\\/stuttgarti-katolikusok.de\\\/\",\"name\":\"Stuttgarti Katolikusok\",\"description\":\"\",\"potentialAction\":[{\"@type\":\"SearchAction\",\"target\":{\"@type\":\"EntryPoint\",\"urlTemplate\":\"https:\\\/\\\/stuttgarti-katolikusok.de\\\/?s={search_term_string}\"},\"query-input\":{\"@type\":\"PropertyValueSpecification\",\"valueRequired\":true,\"valueName\":\"search_term_string\"}}],\"inLanguage\":\"hu\"},{\"@type\":\"Person\",\"@id\":\"https:\\\/\\\/stuttgarti-katolikusok.de\\\/#\\\/schema\\\/person\\\/75908d6f8fdc03a57889d27209df7795\",\"name\":\"Tibor atya\",\"image\":{\"@type\":\"ImageObject\",\"inLanguage\":\"hu\",\"@id\":\"https:\\\/\\\/secure.gravatar.com\\\/avatar\\\/61d268e57d1f4525b111222e29d2d5a7f8c420fdbf231ba5566a8ceac74fa960?s=96&d=mm&r=g\",\"url\":\"https:\\\/\\\/secure.gravatar.com\\\/avatar\\\/61d268e57d1f4525b111222e29d2d5a7f8c420fdbf231ba5566a8ceac74fa960?s=96&d=mm&r=g\",\"contentUrl\":\"https:\\\/\\\/secure.gravatar.com\\\/avatar\\\/61d268e57d1f4525b111222e29d2d5a7f8c420fdbf231ba5566a8ceac74fa960?s=96&d=mm&r=g\",\"caption\":\"Tibor atya\"},\"url\":\"https:\\\/\\\/stuttgarti-katolikusok.de\\\/index.php\\\/author\\\/tibor-atya\\\/\"}]}<\/script>\n<!-- \/ Yoast SEO plugin. -->","yoast_head_json":{"title":"2022 m\u00e1jus 23 \u00e9s 29 k\u00f6z\u00f6tt - Stuttgarti Katolikusok","robots":{"index":"index","follow":"follow","max-snippet":"max-snippet:-1","max-image-preview":"max-image-preview:large","max-video-preview":"max-video-preview:-1"},"canonical":"https:\/\/stuttgarti-katolikusok.de\/index.php\/2022-majus-23-es-29-kozott\/","og_locale":"hu_HU","og_type":"article","og_title":"2022 m\u00e1jus 23 \u00e9s 29 k\u00f6z\u00f6tt - Stuttgarti Katolikusok","og_description":"Programel\u0151zetes \u00d6r\u00f6mmel jelezz\u00fck, hogy \u00fajra szabadon, minden korl\u00e1toz\u00e1s n\u00e9lk\u00fcl l\u00e1togathatjuk templomainkat.\u00a0 Nincs sz\u00fcks\u00e9g t\u00e1vols\u00e1g megtart\u00e1s\u00e1ra \u00e9s a maszk haszn\u00e1lat\u00e1ra. \u00a0* M\u00e1jus 26-\u00e1n,\u00a0cs\u00fct\u00f6rt\u00f6k\u00f6n,\u00a0Urunk mennybemenetel\u00e9nek \u00fcnnepe, 10.00 \u00f3rakor \u00fcnnepi szentmise a Schlosspaltz-on a \u201e102. Deutscher Katholikentag Stuttgart 2022\u201d. Ennek menete: 8.30 \u00a0\u00e9s 9.00 \u00f3ra k\u00f6z\u00f6tt \u00e9rkez\u00e9s, gy\u00fclekez\u00e9s \u00a0a Neckartor-n\u00e1l ( U-Bahn meg\u00e1ll\u00f3 Schlossgarten kij\u00e1rat\u00e1n\u00e1l fent ). A Hauptbahnhof-t\u00f3l is\u00a0 el lehet oda gyalogolni a Schlosspark-on kereszt\u00fcl ( kb. 10perc) az \u00fat. &nbsp; 9.00 \u00f3rakor ( h\u00faszperces) gyalogos &#8222;Sternwallfahrt&#8221; a Neckartort\u00f3l\u00a0 a Schlossplatzra\u00a0\u00a0( a Schlossgartenon) kereszt\u00fcl. &nbsp; 9.30 \u00f3rakor felsorakozunk az olt\u00e1r el\u00f6tt a Schlossplatz-on , ahol minden n\u00e9pcsoportot szem\u00e9lyesen k\u00f6sz\u00f6ntenek. &nbsp; 10.00 \u00f3rakor \u00fcnnepi szentmise \u2013 \u201eGeteiltes Leben \u2013 offener Himmel\u201d mott\u00f3val. &nbsp; 14.00 \u2013 15.30 \u00f3ra k\u00f6z\u00f6tt Gesellschaft und Politik in Deutschland und Europa \/ Gespr\u00e4ch Br\u00fccken zwischen West und Ost Gemeinden anderer Muttersprachen gestalten mit: Das Beispiel Ungarn (Rathaus, 4. OG, Mittlerer Sitzungssaal, Marktplatz 1) Ezen p\u00f3dium besz\u00e9lget\u00e9s k\u00f6z\u00f6ss\u00e9g\u00fcnk szervez\u00e9s\u00e9ben t\u00f6rt\u00e9nik. Megh\u00edvott el\u0151ad\u00f3nk Dr. Csisz\u00e1r Kl\u00e1ra pasztor\u00e1lteol\u00f3gus. A p\u00f3dium besz\u00e9lget\u00e9st moder\u00e1lja Merk Csaba Franz, a weingarteni k\u00f6z\u00f6ss\u00e9g leg\u00e1tusa. K\u00f6z\u00f6ss\u00e9g\u00fcnk k\u00e9pviselet\u00e9ben pedig D\u00e1vid Melinda, egyh\u00e1zk\u00f6zs\u00e9g\u00fcnk titk\u00e1rn\u0151je van jelen. Mindazok, aki szeretn\u00e9nek ezen a p\u00f3dium besz\u00e9lget\u00e9sen r\u00e9szt venni, bel\u00e9p\u0151vel (\u00e1lland\u00f3 k\u00e1rtya, illetve napi jegy) tehetik meg. * M\u00e1jus 28-\u00e1n, szombaton, Tuttlingenben a\u00a016.00 \u00f3rai szentmise elmarad!! &nbsp; Stuttgartban eg\u00e9sz napos programunk van! 11.00 \u00f3rakor &#8211; Den Weg teilen &#8211; Pilgern f\u00fcr Europa Gemeinsam auf dem Martinusweg mit Pilgern aus Europa \u00a0Tal\u00e1lkoz\u00e1si hely: Domkirche St. Eberhard Haupteingang, K\u00f6nigstr. 7 A zar\u00e1ndok csoportot, t\u00f6bbek k\u00f6z\u00f6tt, Dr. Sz\u00e9kely J\u00e1nos, szombathelyi p\u00fcsp\u00f6k atya vezeti. 12.30 \u00f3rakor \u00e9rkez\u00e9s a Bruder Klaus templomhoz. Itt fogadjuk a zar\u00e1ndok csoportot. B\u00e9ke \u00e9s szabads\u00e1g t\u00e9m\u00e1ban Sz\u00e9kely J\u00e1nos p\u00fcsp\u00f6k \u00far tart egy r\u00f6vid el\u0151ad\u00e1st. R\u00f6vid pihen\u0151 \u00e9s friss\u00fcl\u00e9s ut\u00e1n folytatj\u00e1k \u00fatjukat. &nbsp; 14.00 \u00f3rakor a Bruder Klaus templomban magyar nyelv\u0171 szentmise lesz, amelyet Dr. Sz\u00e9kely J\u00e1nos p\u00fcsp\u00f6k atya celebr\u00e1l. Nagy \u00f6r\u00f6mmel \u00e9rkezik hozz\u00e1nk,... R\u00e9szletek","og_url":"https:\/\/stuttgarti-katolikusok.de\/index.php\/2022-majus-23-es-29-kozott\/","og_site_name":"Stuttgarti Katolikusok","article_published_time":"2022-05-23T17:59:08+00:00","article_modified_time":"2022-05-23T18:07:29+00:00","og_image":[{"width":640,"height":425,"url":"https:\/\/stuttgarti-katolikusok.de\/wp-content\/uploads\/2022\/05\/szent-marton-psk.jpg","type":"image\/jpeg"}],"author":"Tibor atya","twitter_card":"summary_large_image","twitter_misc":{"Szerz\u0151:":"Tibor atya","Becs\u00fclt olvas\u00e1si id\u0151":"3 perc"},"schema":{"@context":"https:\/\/schema.org","@graph":[{"@type":"Article","@id":"https:\/\/stuttgarti-katolikusok.de\/index.php\/2022-majus-23-es-29-kozott\/#article","isPartOf":{"@id":"https:\/\/stuttgarti-katolikusok.de\/index.php\/2022-majus-23-es-29-kozott\/"},"author":{"name":"Tibor atya","@id":"https:\/\/stuttgarti-katolikusok.de\/#\/schema\/person\/75908d6f8fdc03a57889d27209df7795"},"headline":"2022 m\u00e1jus 23 \u00e9s 29 k\u00f6z\u00f6tt","datePublished":"2022-05-23T17:59:08+00:00","dateModified":"2022-05-23T18:07:29+00:00","mainEntityOfPage":{"@id":"https:\/\/stuttgarti-katolikusok.de\/index.php\/2022-majus-23-es-29-kozott\/"},"wordCount":656,"image":{"@id":"https:\/\/stuttgarti-katolikusok.de\/index.php\/2022-majus-23-es-29-kozott\/#primaryimage"},"thumbnailUrl":"https:\/\/stuttgarti-katolikusok.de\/wp-content\/uploads\/2022\/05\/szent-marton-psk.jpg","articleSection":["Progamel\u0151zetes"],"inLanguage":"hu"},{"@type":"WebPage","@id":"https:\/\/stuttgarti-katolikusok.de\/index.php\/2022-majus-23-es-29-kozott\/","url":"https:\/\/stuttgarti-katolikusok.de\/index.php\/2022-majus-23-es-29-kozott\/","name":"2022 m\u00e1jus 23 \u00e9s 29 k\u00f6z\u00f6tt - Stuttgarti Katolikusok","isPartOf":{"@id":"https:\/\/stuttgarti-katolikusok.de\/#website"},"primaryImageOfPage":{"@id":"https:\/\/stuttgarti-katolikusok.de\/index.php\/2022-majus-23-es-29-kozott\/#primaryimage"},"image":{"@id":"https:\/\/stuttgarti-katolikusok.de\/index.php\/2022-majus-23-es-29-kozott\/#primaryimage"},"thumbnailUrl":"https:\/\/stuttgarti-katolikusok.de\/wp-content\/uploads\/2022\/05\/szent-marton-psk.jpg","datePublished":"2022-05-23T17:59:08+00:00","dateModified":"2022-05-23T18:07:29+00:00","author":{"@id":"https:\/\/stuttgarti-katolikusok.de\/#\/schema\/person\/75908d6f8fdc03a57889d27209df7795"},"breadcrumb":{"@id":"https:\/\/stuttgarti-katolikusok.de\/index.php\/2022-majus-23-es-29-kozott\/#breadcrumb"},"inLanguage":"hu","potentialAction":[{"@type":"ReadAction","target":["https:\/\/stuttgarti-katolikusok.de\/index.php\/2022-majus-23-es-29-kozott\/"]}]},{"@type":"ImageObject","inLanguage":"hu","@id":"https:\/\/stuttgarti-katolikusok.de\/index.php\/2022-majus-23-es-29-kozott\/#primaryimage","url":"https:\/\/stuttgarti-katolikusok.de\/wp-content\/uploads\/2022\/05\/szent-marton-psk.jpg","contentUrl":"https:\/\/stuttgarti-katolikusok.de\/wp-content\/uploads\/2022\/05\/szent-marton-psk.jpg","width":640,"height":425},{"@type":"BreadcrumbList","@id":"https:\/\/stuttgarti-katolikusok.de\/index.php\/2022-majus-23-es-29-kozott\/#breadcrumb","itemListElement":[{"@type":"ListItem","position":1,"name":"Kezd\u0151lap","item":"https:\/\/stuttgarti-katolikusok.de\/"},{"@type":"ListItem","position":2,"name":"2022 m\u00e1jus 23 \u00e9s 29 k\u00f6z\u00f6tt"}]},{"@type":"WebSite","@id":"https:\/\/stuttgarti-katolikusok.de\/#website","url":"https:\/\/stuttgarti-katolikusok.de\/","name":"Stuttgarti Katolikusok","description":"","potentialAction":[{"@type":"SearchAction","target":{"@type":"EntryPoint","urlTemplate":"https:\/\/stuttgarti-katolikusok.de\/?s={search_term_string}"},"query-input":{"@type":"PropertyValueSpecification","valueRequired":true,"valueName":"search_term_string"}}],"inLanguage":"hu"},{"@type":"Person","@id":"https:\/\/stuttgarti-katolikusok.de\/#\/schema\/person\/75908d6f8fdc03a57889d27209df7795","name":"Tibor atya","image":{"@type":"ImageObject","inLanguage":"hu","@id":"https:\/\/secure.gravatar.com\/avatar\/61d268e57d1f4525b111222e29d2d5a7f8c420fdbf231ba5566a8ceac74fa960?s=96&d=mm&r=g","url":"https:\/\/secure.gravatar.com\/avatar\/61d268e57d1f4525b111222e29d2d5a7f8c420fdbf231ba5566a8ceac74fa960?s=96&d=mm&r=g","contentUrl":"https:\/\/secure.gravatar.com\/avatar\/61d268e57d1f4525b111222e29d2d5a7f8c420fdbf231ba5566a8ceac74fa960?s=96&d=mm&r=g","caption":"Tibor atya"},"url":"https:\/\/stuttgarti-katolikusok.de\/index.php\/author\/tibor-atya\/"}]}},"_links":{"self":[{"href":"https:\/\/stuttgarti-katolikusok.de\/index.php\/wp-json\/wp\/v2\/posts\/23352","targetHints":{"allow":["GET"]}}],"collection":[{"href":"https:\/\/stuttgarti-katolikusok.de\/index.php\/wp-json\/wp\/v2\/posts"}],"about":[{"href":"https:\/\/stuttgarti-katolikusok.de\/index.php\/wp-json\/wp\/v2\/types\/post"}],"author":[{"embeddable":true,"href":"https:\/\/stuttgarti-katolikusok.de\/index.php\/wp-json\/wp\/v2\/users\/3"}],"replies":[{"embeddable":true,"href":"https:\/\/stuttgarti-katolikusok.de\/index.php\/wp-json\/wp\/v2\/comments?post=23352"}],"version-history":[{"count":3,"href":"https:\/\/stuttgarti-katolikusok.de\/index.php\/wp-json\/wp\/v2\/posts\/23352\/revisions"}],"predecessor-version":[{"id":23358,"href":"https:\/\/stuttgarti-katolikusok.de\/index.php\/wp-json\/wp\/v2\/posts\/23352\/revisions\/23358"}],"wp:featuredmedia":[{"embeddable":true,"href":"https:\/\/stuttgarti-katolikusok.de\/index.php\/wp-json\/wp\/v2\/media\/23353"}],"wp:attachment":[{"href":"https:\/\/stuttgarti-katolikusok.de\/index.php\/wp-json\/wp\/v2\/media?parent=23352"}],"wp:term":[{"taxonomy":"category","embeddable":true,"href":"https:\/\/stuttgarti-katolikusok.de\/index.php\/wp-json\/wp\/v2\/categories?post=23352"},{"taxonomy":"post_tag","embeddable":true,"href":"https:\/\/stuttgarti-katolikusok.de\/index.php\/wp-json\/wp\/v2\/tags?post=23352"}],"curies":[{"name":"wp","href":"https:\/\/api.w.org\/{rel}","templated":true}]}}