{"id":23298,"date":"2022-05-08T02:36:18","date_gmt":"2022-05-08T00:36:18","guid":{"rendered":"https:\/\/stuttgarti-katolikusok.de\/?p=23298"},"modified":"2022-05-09T09:35:11","modified_gmt":"2022-05-09T07:35:11","slug":"75-eves-jubileumi-unnepunk-programja","status":"publish","type":"post","link":"https:\/\/stuttgarti-katolikusok.de\/index.php\/75-eves-jubileumi-unnepunk-programja\/","title":{"rendered":"75 \u00e9ves jubileumi \u00fcnnep\u00fcnk programja"},"content":{"rendered":"<p><span style=\"color: #ff6600;\">Kedves H\u00edveim, kedves Bar\u00e1taim!<\/span><\/p>\n<p><span style=\"color: #ff6600;\">Nagy szeretettel h\u00edvlak benneteket Egyh\u00e1zk\u00f6zs\u00e9g\u00fcnk alap\u00edt\u00e1sa 75. \u00e9vfordul\u00f3j\u00e1nak meg\u00fcnnepl\u00e9s\u00e9re.\u00a0<\/span><\/p>\n<p><span style=\"color: #ff6600;\">A h\u00e1rom napos \u00fcnnepi programunk az al\u00e1bbiakban tekinthet\u0151 meg.<\/span><\/p>\n<p><span style=\"color: #ff6600;\">K\u00e9rlek egyben benneteket, hogy min\u00e9l t\u00f6bbeket sz\u00f3l\u00edtsatok meg bar\u00e1ti \u00e9s ismer\u0151si k\u00f6r\u00f6t\u00f6kben. Szeretn\u00e9nk k\u00f6z\u00f6sen k\u00f6sz\u00f6netet mondani az elm\u00falt 75 esztend\u0151\u00e9rt. Term\u00e9szetesen benne h\u00e1l\u00e1val tekint\u00fcnk azokra az esztend\u0151kre, amelyekben \u00e9let\u00fcnk r\u00e9szese volt ennek t\u00f6bb mint h\u00e9t \u00e9vtizednek.<\/span><\/p>\n<p><span style=\"color: #ff6600;\">Lelkip\u00e1sztori \u00e9s bar\u00e1ti szeretettel,<\/span><\/p>\n<p><span style=\"color: #ff6600;\"><em>Tibor atya<\/em><\/span><\/p>\n<a href=\"https:\/\/stuttgarti-katolikusok.de\/wp-content\/uploads\/2022\/05\/Meghivo75.pdf\" class=\"pdfemb-viewer\" style=\"\" data-width=\"max\" data-height=\"max\" data-toolbar=\"bottom\" data-toolbar-fixed=\"off\">Meghivo75<\/a>\n","protected":false},"excerpt":{"rendered":"<p>Kedves H\u00edveim, kedves Bar\u00e1taim! Nagy szeretettel h\u00edvlak benneteket Egyh\u00e1zk\u00f6zs\u00e9g\u00fcnk alap\u00edt\u00e1sa 75. \u00e9vfordul\u00f3j\u00e1nak meg\u00fcnnepl\u00e9s\u00e9re.\u00a0 A h\u00e1rom napos \u00fcnnepi programunk az al\u00e1bbiakban tekinthet\u0151 meg. K\u00e9rlek egyben benneteket, hogy min\u00e9l t\u00f6bbeket sz\u00f3l\u00edtsatok meg bar\u00e1ti \u00e9s ismer\u0151si k\u00f6r\u00f6t\u00f6kben. Szeretn\u00e9nk k\u00f6z\u00f6sen k\u00f6sz\u00f6netet mondani az elm\u00falt 75 esztend\u0151\u00e9rt. Term\u00e9szetesen benne h\u00e1l\u00e1val tekint\u00fcnk azokra az esztend\u0151kre, amelyekben \u00e9let\u00fcnk r\u00e9szese volt ennek t\u00f6bb mint h\u00e9t \u00e9vtizednek. Lelkip\u00e1sztori \u00e9s bar\u00e1ti szeretettel, Tibor atya<\/p>\n","protected":false},"author":3,"featured_media":23311,"comment_status":"closed","ping_status":"closed","sticky":false,"template":"","format":"standard","meta":{"footnotes":""},"categories":[5],"tags":[],"class_list":["post-23298","post","type-post","status-publish","format-standard","has-post-thumbnail","hentry","category-hirek"],"yoast_head":"<!-- This site is optimized with the Yoast SEO plugin v27.3 - https:\/\/yoast.com\/product\/yoast-seo-wordpress\/ -->\n<title>75 \u00e9ves jubileumi \u00fcnnep\u00fcnk programja - Stuttgarti Katolikusok<\/title>\n<meta name=\"robots\" content=\"index, follow, max-snippet:-1, max-image-preview:large, max-video-preview:-1\" \/>\n<link rel=\"canonical\" href=\"https:\/\/stuttgarti-katolikusok.de\/index.php\/75-eves-jubileumi-unnepunk-programja\/\" \/>\n<meta property=\"og:locale\" content=\"hu_HU\" \/>\n<meta property=\"og:type\" content=\"article\" \/>\n<meta property=\"og:title\" content=\"75 \u00e9ves jubileumi \u00fcnnep\u00fcnk programja - Stuttgarti Katolikusok\" \/>\n<meta property=\"og:description\" content=\"Kedves H\u00edveim, kedves Bar\u00e1taim! Nagy szeretettel h\u00edvlak benneteket Egyh\u00e1zk\u00f6zs\u00e9g\u00fcnk alap\u00edt\u00e1sa 75. \u00e9vfordul\u00f3j\u00e1nak meg\u00fcnnepl\u00e9s\u00e9re.\u00a0 A h\u00e1rom napos \u00fcnnepi programunk az al\u00e1bbiakban tekinthet\u0151 meg. K\u00e9rlek egyben benneteket, hogy min\u00e9l t\u00f6bbeket sz\u00f3l\u00edtsatok meg bar\u00e1ti \u00e9s ismer\u0151si k\u00f6r\u00f6t\u00f6kben. Szeretn\u00e9nk k\u00f6z\u00f6sen k\u00f6sz\u00f6netet mondani az elm\u00falt 75 esztend\u0151\u00e9rt. Term\u00e9szetesen benne h\u00e1l\u00e1val tekint\u00fcnk azokra az esztend\u0151kre, amelyekben \u00e9let\u00fcnk r\u00e9szese volt ennek t\u00f6bb mint h\u00e9t \u00e9vtizednek. Lelkip\u00e1sztori \u00e9s bar\u00e1ti szeretettel, Tibor atya\" \/>\n<meta property=\"og:url\" content=\"https:\/\/stuttgarti-katolikusok.de\/index.php\/75-eves-jubileumi-unnepunk-programja\/\" \/>\n<meta property=\"og:site_name\" content=\"Stuttgarti Katolikusok\" \/>\n<meta property=\"article:published_time\" content=\"2022-05-08T00:36:18+00:00\" \/>\n<meta property=\"article:modified_time\" content=\"2022-05-09T07:35:11+00:00\" \/>\n<meta property=\"og:image\" content=\"https:\/\/stuttgarti-katolikusok.de\/wp-content\/uploads\/2022\/05\/75-jubileum-foto-2-scaled.jpg\" \/>\n\t<meta property=\"og:image:width\" content=\"2560\" \/>\n\t<meta property=\"og:image:height\" content=\"2560\" \/>\n\t<meta property=\"og:image:type\" content=\"image\/jpeg\" \/>\n<meta name=\"author\" content=\"Tibor atya\" \/>\n<meta name=\"twitter:card\" content=\"summary_large_image\" \/>\n<meta name=\"twitter:label1\" content=\"Szerz\u0151:\" \/>\n\t<meta name=\"twitter:data1\" content=\"Tibor atya\" \/>\n\t<meta name=\"twitter:label2\" content=\"Becs\u00fclt olvas\u00e1si id\u0151\" \/>\n\t<meta name=\"twitter:data2\" content=\"1 perc\" \/>\n<script type=\"application\/ld+json\" class=\"yoast-schema-graph\">{\"@context\":\"https:\\\/\\\/schema.org\",\"@graph\":[{\"@type\":\"Article\",\"@id\":\"https:\\\/\\\/stuttgarti-katolikusok.de\\\/index.php\\\/75-eves-jubileumi-unnepunk-programja\\\/#article\",\"isPartOf\":{\"@id\":\"https:\\\/\\\/stuttgarti-katolikusok.de\\\/index.php\\\/75-eves-jubileumi-unnepunk-programja\\\/\"},\"author\":{\"name\":\"Tibor atya\",\"@id\":\"https:\\\/\\\/stuttgarti-katolikusok.de\\\/#\\\/schema\\\/person\\\/75908d6f8fdc03a57889d27209df7795\"},\"headline\":\"75 \u00e9ves jubileumi \u00fcnnep\u00fcnk programja\",\"datePublished\":\"2022-05-08T00:36:18+00:00\",\"dateModified\":\"2022-05-09T07:35:11+00:00\",\"mainEntityOfPage\":{\"@id\":\"https:\\\/\\\/stuttgarti-katolikusok.de\\\/index.php\\\/75-eves-jubileumi-unnepunk-programja\\\/\"},\"wordCount\":120,\"image\":{\"@id\":\"https:\\\/\\\/stuttgarti-katolikusok.de\\\/index.php\\\/75-eves-jubileumi-unnepunk-programja\\\/#primaryimage\"},\"thumbnailUrl\":\"https:\\\/\\\/stuttgarti-katolikusok.de\\\/wp-content\\\/uploads\\\/2022\\\/05\\\/75-jubileum-foto-2-scaled.jpg\",\"articleSection\":[\"H\u00edrek\"],\"inLanguage\":\"hu\"},{\"@type\":\"WebPage\",\"@id\":\"https:\\\/\\\/stuttgarti-katolikusok.de\\\/index.php\\\/75-eves-jubileumi-unnepunk-programja\\\/\",\"url\":\"https:\\\/\\\/stuttgarti-katolikusok.de\\\/index.php\\\/75-eves-jubileumi-unnepunk-programja\\\/\",\"name\":\"75 \u00e9ves jubileumi \u00fcnnep\u00fcnk programja - Stuttgarti Katolikusok\",\"isPartOf\":{\"@id\":\"https:\\\/\\\/stuttgarti-katolikusok.de\\\/#website\"},\"primaryImageOfPage\":{\"@id\":\"https:\\\/\\\/stuttgarti-katolikusok.de\\\/index.php\\\/75-eves-jubileumi-unnepunk-programja\\\/#primaryimage\"},\"image\":{\"@id\":\"https:\\\/\\\/stuttgarti-katolikusok.de\\\/index.php\\\/75-eves-jubileumi-unnepunk-programja\\\/#primaryimage\"},\"thumbnailUrl\":\"https:\\\/\\\/stuttgarti-katolikusok.de\\\/wp-content\\\/uploads\\\/2022\\\/05\\\/75-jubileum-foto-2-scaled.jpg\",\"datePublished\":\"2022-05-08T00:36:18+00:00\",\"dateModified\":\"2022-05-09T07:35:11+00:00\",\"author\":{\"@id\":\"https:\\\/\\\/stuttgarti-katolikusok.de\\\/#\\\/schema\\\/person\\\/75908d6f8fdc03a57889d27209df7795\"},\"breadcrumb\":{\"@id\":\"https:\\\/\\\/stuttgarti-katolikusok.de\\\/index.php\\\/75-eves-jubileumi-unnepunk-programja\\\/#breadcrumb\"},\"inLanguage\":\"hu\",\"potentialAction\":[{\"@type\":\"ReadAction\",\"target\":[\"https:\\\/\\\/stuttgarti-katolikusok.de\\\/index.php\\\/75-eves-jubileumi-unnepunk-programja\\\/\"]}]},{\"@type\":\"ImageObject\",\"inLanguage\":\"hu\",\"@id\":\"https:\\\/\\\/stuttgarti-katolikusok.de\\\/index.php\\\/75-eves-jubileumi-unnepunk-programja\\\/#primaryimage\",\"url\":\"https:\\\/\\\/stuttgarti-katolikusok.de\\\/wp-content\\\/uploads\\\/2022\\\/05\\\/75-jubileum-foto-2-scaled.jpg\",\"contentUrl\":\"https:\\\/\\\/stuttgarti-katolikusok.de\\\/wp-content\\\/uploads\\\/2022\\\/05\\\/75-jubileum-foto-2-scaled.jpg\",\"width\":2560,\"height\":2560},{\"@type\":\"BreadcrumbList\",\"@id\":\"https:\\\/\\\/stuttgarti-katolikusok.de\\\/index.php\\\/75-eves-jubileumi-unnepunk-programja\\\/#breadcrumb\",\"itemListElement\":[{\"@type\":\"ListItem\",\"position\":1,\"name\":\"Kezd\u0151lap\",\"item\":\"https:\\\/\\\/stuttgarti-katolikusok.de\\\/\"},{\"@type\":\"ListItem\",\"position\":2,\"name\":\"75 \u00e9ves jubileumi \u00fcnnep\u00fcnk programja\"}]},{\"@type\":\"WebSite\",\"@id\":\"https:\\\/\\\/stuttgarti-katolikusok.de\\\/#website\",\"url\":\"https:\\\/\\\/stuttgarti-katolikusok.de\\\/\",\"name\":\"Stuttgarti Katolikusok\",\"description\":\"\",\"potentialAction\":[{\"@type\":\"SearchAction\",\"target\":{\"@type\":\"EntryPoint\",\"urlTemplate\":\"https:\\\/\\\/stuttgarti-katolikusok.de\\\/?s={search_term_string}\"},\"query-input\":{\"@type\":\"PropertyValueSpecification\",\"valueRequired\":true,\"valueName\":\"search_term_string\"}}],\"inLanguage\":\"hu\"},{\"@type\":\"Person\",\"@id\":\"https:\\\/\\\/stuttgarti-katolikusok.de\\\/#\\\/schema\\\/person\\\/75908d6f8fdc03a57889d27209df7795\",\"name\":\"Tibor atya\",\"image\":{\"@type\":\"ImageObject\",\"inLanguage\":\"hu\",\"@id\":\"https:\\\/\\\/secure.gravatar.com\\\/avatar\\\/61d268e57d1f4525b111222e29d2d5a7f8c420fdbf231ba5566a8ceac74fa960?s=96&d=mm&r=g\",\"url\":\"https:\\\/\\\/secure.gravatar.com\\\/avatar\\\/61d268e57d1f4525b111222e29d2d5a7f8c420fdbf231ba5566a8ceac74fa960?s=96&d=mm&r=g\",\"contentUrl\":\"https:\\\/\\\/secure.gravatar.com\\\/avatar\\\/61d268e57d1f4525b111222e29d2d5a7f8c420fdbf231ba5566a8ceac74fa960?s=96&d=mm&r=g\",\"caption\":\"Tibor atya\"},\"url\":\"https:\\\/\\\/stuttgarti-katolikusok.de\\\/index.php\\\/author\\\/tibor-atya\\\/\"}]}<\/script>\n<!-- \/ Yoast SEO plugin. -->","yoast_head_json":{"title":"75 \u00e9ves jubileumi \u00fcnnep\u00fcnk programja - Stuttgarti Katolikusok","robots":{"index":"index","follow":"follow","max-snippet":"max-snippet:-1","max-image-preview":"max-image-preview:large","max-video-preview":"max-video-preview:-1"},"canonical":"https:\/\/stuttgarti-katolikusok.de\/index.php\/75-eves-jubileumi-unnepunk-programja\/","og_locale":"hu_HU","og_type":"article","og_title":"75 \u00e9ves jubileumi \u00fcnnep\u00fcnk programja - Stuttgarti Katolikusok","og_description":"Kedves H\u00edveim, kedves Bar\u00e1taim! Nagy szeretettel h\u00edvlak benneteket Egyh\u00e1zk\u00f6zs\u00e9g\u00fcnk alap\u00edt\u00e1sa 75. \u00e9vfordul\u00f3j\u00e1nak meg\u00fcnnepl\u00e9s\u00e9re.\u00a0 A h\u00e1rom napos \u00fcnnepi programunk az al\u00e1bbiakban tekinthet\u0151 meg. K\u00e9rlek egyben benneteket, hogy min\u00e9l t\u00f6bbeket sz\u00f3l\u00edtsatok meg bar\u00e1ti \u00e9s ismer\u0151si k\u00f6r\u00f6t\u00f6kben. Szeretn\u00e9nk k\u00f6z\u00f6sen k\u00f6sz\u00f6netet mondani az elm\u00falt 75 esztend\u0151\u00e9rt. Term\u00e9szetesen benne h\u00e1l\u00e1val tekint\u00fcnk azokra az esztend\u0151kre, amelyekben \u00e9let\u00fcnk r\u00e9szese volt ennek t\u00f6bb mint h\u00e9t \u00e9vtizednek. Lelkip\u00e1sztori \u00e9s bar\u00e1ti szeretettel, Tibor atya","og_url":"https:\/\/stuttgarti-katolikusok.de\/index.php\/75-eves-jubileumi-unnepunk-programja\/","og_site_name":"Stuttgarti Katolikusok","article_published_time":"2022-05-08T00:36:18+00:00","article_modified_time":"2022-05-09T07:35:11+00:00","og_image":[{"width":2560,"height":2560,"url":"https:\/\/stuttgarti-katolikusok.de\/wp-content\/uploads\/2022\/05\/75-jubileum-foto-2-scaled.jpg","type":"image\/jpeg"}],"author":"Tibor atya","twitter_card":"summary_large_image","twitter_misc":{"Szerz\u0151:":"Tibor atya","Becs\u00fclt olvas\u00e1si id\u0151":"1 perc"},"schema":{"@context":"https:\/\/schema.org","@graph":[{"@type":"Article","@id":"https:\/\/stuttgarti-katolikusok.de\/index.php\/75-eves-jubileumi-unnepunk-programja\/#article","isPartOf":{"@id":"https:\/\/stuttgarti-katolikusok.de\/index.php\/75-eves-jubileumi-unnepunk-programja\/"},"author":{"name":"Tibor atya","@id":"https:\/\/stuttgarti-katolikusok.de\/#\/schema\/person\/75908d6f8fdc03a57889d27209df7795"},"headline":"75 \u00e9ves jubileumi \u00fcnnep\u00fcnk programja","datePublished":"2022-05-08T00:36:18+00:00","dateModified":"2022-05-09T07:35:11+00:00","mainEntityOfPage":{"@id":"https:\/\/stuttgarti-katolikusok.de\/index.php\/75-eves-jubileumi-unnepunk-programja\/"},"wordCount":120,"image":{"@id":"https:\/\/stuttgarti-katolikusok.de\/index.php\/75-eves-jubileumi-unnepunk-programja\/#primaryimage"},"thumbnailUrl":"https:\/\/stuttgarti-katolikusok.de\/wp-content\/uploads\/2022\/05\/75-jubileum-foto-2-scaled.jpg","articleSection":["H\u00edrek"],"inLanguage":"hu"},{"@type":"WebPage","@id":"https:\/\/stuttgarti-katolikusok.de\/index.php\/75-eves-jubileumi-unnepunk-programja\/","url":"https:\/\/stuttgarti-katolikusok.de\/index.php\/75-eves-jubileumi-unnepunk-programja\/","name":"75 \u00e9ves jubileumi \u00fcnnep\u00fcnk programja - Stuttgarti Katolikusok","isPartOf":{"@id":"https:\/\/stuttgarti-katolikusok.de\/#website"},"primaryImageOfPage":{"@id":"https:\/\/stuttgarti-katolikusok.de\/index.php\/75-eves-jubileumi-unnepunk-programja\/#primaryimage"},"image":{"@id":"https:\/\/stuttgarti-katolikusok.de\/index.php\/75-eves-jubileumi-unnepunk-programja\/#primaryimage"},"thumbnailUrl":"https:\/\/stuttgarti-katolikusok.de\/wp-content\/uploads\/2022\/05\/75-jubileum-foto-2-scaled.jpg","datePublished":"2022-05-08T00:36:18+00:00","dateModified":"2022-05-09T07:35:11+00:00","author":{"@id":"https:\/\/stuttgarti-katolikusok.de\/#\/schema\/person\/75908d6f8fdc03a57889d27209df7795"},"breadcrumb":{"@id":"https:\/\/stuttgarti-katolikusok.de\/index.php\/75-eves-jubileumi-unnepunk-programja\/#breadcrumb"},"inLanguage":"hu","potentialAction":[{"@type":"ReadAction","target":["https:\/\/stuttgarti-katolikusok.de\/index.php\/75-eves-jubileumi-unnepunk-programja\/"]}]},{"@type":"ImageObject","inLanguage":"hu","@id":"https:\/\/stuttgarti-katolikusok.de\/index.php\/75-eves-jubileumi-unnepunk-programja\/#primaryimage","url":"https:\/\/stuttgarti-katolikusok.de\/wp-content\/uploads\/2022\/05\/75-jubileum-foto-2-scaled.jpg","contentUrl":"https:\/\/stuttgarti-katolikusok.de\/wp-content\/uploads\/2022\/05\/75-jubileum-foto-2-scaled.jpg","width":2560,"height":2560},{"@type":"BreadcrumbList","@id":"https:\/\/stuttgarti-katolikusok.de\/index.php\/75-eves-jubileumi-unnepunk-programja\/#breadcrumb","itemListElement":[{"@type":"ListItem","position":1,"name":"Kezd\u0151lap","item":"https:\/\/stuttgarti-katolikusok.de\/"},{"@type":"ListItem","position":2,"name":"75 \u00e9ves jubileumi \u00fcnnep\u00fcnk programja"}]},{"@type":"WebSite","@id":"https:\/\/stuttgarti-katolikusok.de\/#website","url":"https:\/\/stuttgarti-katolikusok.de\/","name":"Stuttgarti Katolikusok","description":"","potentialAction":[{"@type":"SearchAction","target":{"@type":"EntryPoint","urlTemplate":"https:\/\/stuttgarti-katolikusok.de\/?s={search_term_string}"},"query-input":{"@type":"PropertyValueSpecification","valueRequired":true,"valueName":"search_term_string"}}],"inLanguage":"hu"},{"@type":"Person","@id":"https:\/\/stuttgarti-katolikusok.de\/#\/schema\/person\/75908d6f8fdc03a57889d27209df7795","name":"Tibor atya","image":{"@type":"ImageObject","inLanguage":"hu","@id":"https:\/\/secure.gravatar.com\/avatar\/61d268e57d1f4525b111222e29d2d5a7f8c420fdbf231ba5566a8ceac74fa960?s=96&d=mm&r=g","url":"https:\/\/secure.gravatar.com\/avatar\/61d268e57d1f4525b111222e29d2d5a7f8c420fdbf231ba5566a8ceac74fa960?s=96&d=mm&r=g","contentUrl":"https:\/\/secure.gravatar.com\/avatar\/61d268e57d1f4525b111222e29d2d5a7f8c420fdbf231ba5566a8ceac74fa960?s=96&d=mm&r=g","caption":"Tibor atya"},"url":"https:\/\/stuttgarti-katolikusok.de\/index.php\/author\/tibor-atya\/"}]}},"_links":{"self":[{"href":"https:\/\/stuttgarti-katolikusok.de\/index.php\/wp-json\/wp\/v2\/posts\/23298","targetHints":{"allow":["GET"]}}],"collection":[{"href":"https:\/\/stuttgarti-katolikusok.de\/index.php\/wp-json\/wp\/v2\/posts"}],"about":[{"href":"https:\/\/stuttgarti-katolikusok.de\/index.php\/wp-json\/wp\/v2\/types\/post"}],"author":[{"embeddable":true,"href":"https:\/\/stuttgarti-katolikusok.de\/index.php\/wp-json\/wp\/v2\/users\/3"}],"replies":[{"embeddable":true,"href":"https:\/\/stuttgarti-katolikusok.de\/index.php\/wp-json\/wp\/v2\/comments?post=23298"}],"version-history":[{"count":6,"href":"https:\/\/stuttgarti-katolikusok.de\/index.php\/wp-json\/wp\/v2\/posts\/23298\/revisions"}],"predecessor-version":[{"id":23313,"href":"https:\/\/stuttgarti-katolikusok.de\/index.php\/wp-json\/wp\/v2\/posts\/23298\/revisions\/23313"}],"wp:featuredmedia":[{"embeddable":true,"href":"https:\/\/stuttgarti-katolikusok.de\/index.php\/wp-json\/wp\/v2\/media\/23311"}],"wp:attachment":[{"href":"https:\/\/stuttgarti-katolikusok.de\/index.php\/wp-json\/wp\/v2\/media?parent=23298"}],"wp:term":[{"taxonomy":"category","embeddable":true,"href":"https:\/\/stuttgarti-katolikusok.de\/index.php\/wp-json\/wp\/v2\/categories?post=23298"},{"taxonomy":"post_tag","embeddable":true,"href":"https:\/\/stuttgarti-katolikusok.de\/index.php\/wp-json\/wp\/v2\/tags?post=23298"}],"curies":[{"name":"wp","href":"https:\/\/api.w.org\/{rel}","templated":true}]}}