{"id":23226,"date":"2022-04-19T21:22:27","date_gmt":"2022-04-19T19:22:27","guid":{"rendered":"https:\/\/stuttgarti-katolikusok.de\/?p=23226"},"modified":"2022-04-19T21:22:27","modified_gmt":"2022-04-19T19:22:27","slug":"2022-aprilis-19-es-24-kozott","status":"publish","type":"post","link":"https:\/\/stuttgarti-katolikusok.de\/index.php\/2022-aprilis-19-es-24-kozott\/","title":{"rendered":"2022 \u00e1prilis 19 \u00e9s 24 k\u00f6z\u00f6tt"},"content":{"rendered":"<p><span style=\"color: #ff9900;\"><strong><em>Programel\u0151zetes<\/em><\/strong><\/span><\/p>\n<p><span style=\"color: #ff9900;\"><strong><em>\u00d6r\u00f6mmel jelezz\u00fck, hogy \u00fajra szabadon, minden korl\u00e1toz\u00e1s n\u00e9lk\u00fcl l\u00e1togathatjuk templomainkat.\u00a0<\/em><\/strong><\/span><\/p>\n<p><span style=\"color: #ff9900;\"><strong><em>Nincs sz\u00fcks\u00e9g t\u00e1vols\u00e1g megtart\u00e1s\u00e1ra, ellenben aj\u00e1nlott az FFP2-es maszk haszn\u00e1lata.<\/em><\/strong><\/span><\/p>\n<p style=\"text-align: center;\"><span style=\"color: #ff9900;\"><em>\u00a0<\/em><strong>*<\/strong><\/span><\/p>\n<p><a href=\"https:\/\/stuttgarti-katolikusok.de\/wp-content\/uploads\/2021\/04\/img-1133.jpg\"><img loading=\"lazy\" decoding=\"async\" class=\"alignnone size-full wp-image-21632\" src=\"https:\/\/stuttgarti-katolikusok.de\/wp-content\/uploads\/2021\/04\/img-1133.jpg\" alt=\"\" width=\"600\" height=\"900\" srcset=\"https:\/\/stuttgarti-katolikusok.de\/wp-content\/uploads\/2021\/04\/img-1133.jpg 600w, https:\/\/stuttgarti-katolikusok.de\/wp-content\/uploads\/2021\/04\/img-1133-200x300.jpg 200w\" sizes=\"auto, (max-width: 600px) 100vw, 600px\" \/><\/a><\/p>\n<p style=\"text-align: center;\"><span style=\"color: #ff9900;\"><em>\u00a0*<\/em><\/span><\/p>\n<p><strong>\u00c1prilis 23-\u00e1n<\/strong><em>,<\/em> szombaton,<em> <strong>Tuttlingenben\u00a0<\/strong><\/em>16.00 \u00f3rakor <em>szentmise, <\/em>\u00a0ut\u00e1na <em>\u00e1g\u00e1p\u00e1\u00e9<\/em>.<\/p>\n<p style=\"text-align: center;\"><span style=\"color: #ff9900;\"><strong><em>*<\/em><\/strong><\/span><\/p>\n<p><strong>\u00c1prilis 24-\u00e9n<\/strong><em>, <strong>Feh\u00e9rvas\u00e1rnap<\/strong>, <strong>Isteni irgalmass\u00e1g vas\u00e1rnapja<\/strong>,<\/em><\/p>\n<p><strong>B\u00f6blingenben<\/strong><em>,\u00a0<\/em>9.30 \u00f3rakor <em>szentmise, <\/em>ut\u00e1na <em>\u00e1g\u00e1p\u00e9,<\/em><\/p>\n<p><strong>Heilbronnban<\/strong>\u00a015.30 \u00f3rakor\u00a0<em>b\u00facs\u00fas-szentmise, <\/em>ut\u00e1na<em> \u00e1g\u00e1p\u00e9.<\/em><\/p>\n<p style=\"text-align: center;\"><span style=\"color: #ff9900;\"><strong>*<\/strong><\/span><\/p>\n<p>Mindenkit szeretettel v\u00e1r a k\u00f6z\u00f6ss\u00e9g \u00e9s Tibor atya!<\/p>\n<p style=\"text-align: center;\"><span style=\"color: #ff9900;\"><strong>*<\/strong><\/span><\/p>\n<p><span style=\"color: #ff9900;\"><strong><em>Kegyelemteljes H\u00fasv\u00e9tot k\u00edv\u00e1nunk minden Kedves H\u00edv\u00fcnknek!<\/em><\/strong><\/span><\/p>\n<p style=\"text-align: center;\"><span style=\"color: #ff9900;\"><strong>*<\/strong><\/span><\/p>\n<p><strong><em>\u201eA H\u00fasv\u00e9t a legnagyobb m\u00e9lys\u00e9geket \u00e9s legnagyobb magass\u00e1gokat meg\u00e9l\u0151 \u00fcnnep\u00fcnk.\u201d<\/em><\/strong><em>\u00a0<\/em><em>(J\u00f3kai Anna \u2013 k\u00f6lt\u0151n\u0151 \u2013 1932-2017)<\/em><\/p>\n","protected":false},"excerpt":{"rendered":"<p>Programel\u0151zetes \u00d6r\u00f6mmel jelezz\u00fck, hogy \u00fajra szabadon, minden korl\u00e1toz\u00e1s n\u00e9lk\u00fcl l\u00e1togathatjuk templomainkat.\u00a0 Nincs sz\u00fcks\u00e9g t\u00e1vols\u00e1g megtart\u00e1s\u00e1ra, ellenben aj\u00e1nlott az FFP2-es maszk haszn\u00e1lata. \u00a0* \u00a0* \u00c1prilis 23-\u00e1n, szombaton, Tuttlingenben\u00a016.00 \u00f3rakor szentmise, \u00a0ut\u00e1na \u00e1g\u00e1p\u00e1\u00e9. * \u00c1prilis 24-\u00e9n, Feh\u00e9rvas\u00e1rnap, Isteni irgalmass\u00e1g vas\u00e1rnapja, B\u00f6blingenben,\u00a09.30 \u00f3rakor szentmise, ut\u00e1na \u00e1g\u00e1p\u00e9, Heilbronnban\u00a015.30 \u00f3rakor\u00a0b\u00facs\u00fas-szentmise, ut\u00e1na \u00e1g\u00e1p\u00e9. * Mindenkit szeretettel v\u00e1r a k\u00f6z\u00f6ss\u00e9g \u00e9s Tibor atya! * Kegyelemteljes H\u00fasv\u00e9tot k\u00edv\u00e1nunk minden Kedves H\u00edv\u00fcnknek! * \u201eA H\u00fasv\u00e9t a legnagyobb m\u00e9lys\u00e9geket \u00e9s legnagyobb magass\u00e1gokat meg\u00e9l\u0151 \u00fcnnep\u00fcnk.\u201d\u00a0(J\u00f3kai Anna \u2013 k\u00f6lt\u0151n\u0151 \u2013 1932-2017)<\/p>\n","protected":false},"author":3,"featured_media":23227,"comment_status":"closed","ping_status":"closed","sticky":false,"template":"","format":"standard","meta":{"footnotes":""},"categories":[37],"tags":[],"class_list":["post-23226","post","type-post","status-publish","format-standard","has-post-thumbnail","hentry","category-progamelozetes"],"yoast_head":"<!-- This site is optimized with the Yoast SEO plugin v27.3 - https:\/\/yoast.com\/product\/yoast-seo-wordpress\/ -->\n<title>2022 \u00e1prilis 19 \u00e9s 24 k\u00f6z\u00f6tt - Stuttgarti Katolikusok<\/title>\n<meta name=\"robots\" content=\"index, follow, max-snippet:-1, max-image-preview:large, max-video-preview:-1\" \/>\n<link rel=\"canonical\" href=\"https:\/\/stuttgarti-katolikusok.de\/index.php\/2022-aprilis-19-es-24-kozott\/\" \/>\n<meta property=\"og:locale\" content=\"hu_HU\" \/>\n<meta property=\"og:type\" content=\"article\" \/>\n<meta property=\"og:title\" content=\"2022 \u00e1prilis 19 \u00e9s 24 k\u00f6z\u00f6tt - Stuttgarti Katolikusok\" \/>\n<meta property=\"og:description\" content=\"Programel\u0151zetes \u00d6r\u00f6mmel jelezz\u00fck, hogy \u00fajra szabadon, minden korl\u00e1toz\u00e1s n\u00e9lk\u00fcl l\u00e1togathatjuk templomainkat.\u00a0 Nincs sz\u00fcks\u00e9g t\u00e1vols\u00e1g megtart\u00e1s\u00e1ra, ellenben aj\u00e1nlott az FFP2-es maszk haszn\u00e1lata. \u00a0* \u00a0* \u00c1prilis 23-\u00e1n, szombaton, Tuttlingenben\u00a016.00 \u00f3rakor szentmise, \u00a0ut\u00e1na \u00e1g\u00e1p\u00e1\u00e9. * \u00c1prilis 24-\u00e9n, Feh\u00e9rvas\u00e1rnap, Isteni irgalmass\u00e1g vas\u00e1rnapja, B\u00f6blingenben,\u00a09.30 \u00f3rakor szentmise, ut\u00e1na \u00e1g\u00e1p\u00e9, Heilbronnban\u00a015.30 \u00f3rakor\u00a0b\u00facs\u00fas-szentmise, ut\u00e1na \u00e1g\u00e1p\u00e9. * Mindenkit szeretettel v\u00e1r a k\u00f6z\u00f6ss\u00e9g \u00e9s Tibor atya! * Kegyelemteljes H\u00fasv\u00e9tot k\u00edv\u00e1nunk minden Kedves H\u00edv\u00fcnknek! * \u201eA H\u00fasv\u00e9t a legnagyobb m\u00e9lys\u00e9geket \u00e9s legnagyobb magass\u00e1gokat meg\u00e9l\u0151 \u00fcnnep\u00fcnk.\u201d\u00a0(J\u00f3kai Anna \u2013 k\u00f6lt\u0151n\u0151 \u2013 1932-2017)\" \/>\n<meta property=\"og:url\" content=\"https:\/\/stuttgarti-katolikusok.de\/index.php\/2022-aprilis-19-es-24-kozott\/\" \/>\n<meta property=\"og:site_name\" content=\"Stuttgarti Katolikusok\" \/>\n<meta property=\"article:published_time\" content=\"2022-04-19T19:22:27+00:00\" \/>\n<meta property=\"og:image\" content=\"https:\/\/stuttgarti-katolikusok.de\/wp-content\/uploads\/2022\/04\/whatsapp-image-2022-04-19-at-212010.jpeg\" \/>\n\t<meta property=\"og:image:width\" content=\"2048\" \/>\n\t<meta property=\"og:image:height\" content=\"2048\" \/>\n\t<meta property=\"og:image:type\" content=\"image\/jpeg\" \/>\n<meta name=\"author\" content=\"Tibor atya\" \/>\n<meta name=\"twitter:card\" content=\"summary_large_image\" \/>\n<meta name=\"twitter:label1\" content=\"Szerz\u0151:\" \/>\n\t<meta name=\"twitter:data1\" content=\"Tibor atya\" \/>\n\t<meta name=\"twitter:label2\" content=\"Becs\u00fclt olvas\u00e1si id\u0151\" \/>\n\t<meta name=\"twitter:data2\" content=\"1 perc\" \/>\n<script type=\"application\/ld+json\" class=\"yoast-schema-graph\">{\"@context\":\"https:\\\/\\\/schema.org\",\"@graph\":[{\"@type\":\"Article\",\"@id\":\"https:\\\/\\\/stuttgarti-katolikusok.de\\\/index.php\\\/2022-aprilis-19-es-24-kozott\\\/#article\",\"isPartOf\":{\"@id\":\"https:\\\/\\\/stuttgarti-katolikusok.de\\\/index.php\\\/2022-aprilis-19-es-24-kozott\\\/\"},\"author\":{\"name\":\"Tibor atya\",\"@id\":\"https:\\\/\\\/stuttgarti-katolikusok.de\\\/#\\\/schema\\\/person\\\/75908d6f8fdc03a57889d27209df7795\"},\"headline\":\"2022 \u00e1prilis 19 \u00e9s 24 k\u00f6z\u00f6tt\",\"datePublished\":\"2022-04-19T19:22:27+00:00\",\"mainEntityOfPage\":{\"@id\":\"https:\\\/\\\/stuttgarti-katolikusok.de\\\/index.php\\\/2022-aprilis-19-es-24-kozott\\\/\"},\"wordCount\":130,\"image\":{\"@id\":\"https:\\\/\\\/stuttgarti-katolikusok.de\\\/index.php\\\/2022-aprilis-19-es-24-kozott\\\/#primaryimage\"},\"thumbnailUrl\":\"https:\\\/\\\/stuttgarti-katolikusok.de\\\/wp-content\\\/uploads\\\/2022\\\/04\\\/whatsapp-image-2022-04-19-at-212010.jpeg\",\"articleSection\":[\"Progamel\u0151zetes\"],\"inLanguage\":\"hu\"},{\"@type\":\"WebPage\",\"@id\":\"https:\\\/\\\/stuttgarti-katolikusok.de\\\/index.php\\\/2022-aprilis-19-es-24-kozott\\\/\",\"url\":\"https:\\\/\\\/stuttgarti-katolikusok.de\\\/index.php\\\/2022-aprilis-19-es-24-kozott\\\/\",\"name\":\"2022 \u00e1prilis 19 \u00e9s 24 k\u00f6z\u00f6tt - Stuttgarti Katolikusok\",\"isPartOf\":{\"@id\":\"https:\\\/\\\/stuttgarti-katolikusok.de\\\/#website\"},\"primaryImageOfPage\":{\"@id\":\"https:\\\/\\\/stuttgarti-katolikusok.de\\\/index.php\\\/2022-aprilis-19-es-24-kozott\\\/#primaryimage\"},\"image\":{\"@id\":\"https:\\\/\\\/stuttgarti-katolikusok.de\\\/index.php\\\/2022-aprilis-19-es-24-kozott\\\/#primaryimage\"},\"thumbnailUrl\":\"https:\\\/\\\/stuttgarti-katolikusok.de\\\/wp-content\\\/uploads\\\/2022\\\/04\\\/whatsapp-image-2022-04-19-at-212010.jpeg\",\"datePublished\":\"2022-04-19T19:22:27+00:00\",\"author\":{\"@id\":\"https:\\\/\\\/stuttgarti-katolikusok.de\\\/#\\\/schema\\\/person\\\/75908d6f8fdc03a57889d27209df7795\"},\"breadcrumb\":{\"@id\":\"https:\\\/\\\/stuttgarti-katolikusok.de\\\/index.php\\\/2022-aprilis-19-es-24-kozott\\\/#breadcrumb\"},\"inLanguage\":\"hu\",\"potentialAction\":[{\"@type\":\"ReadAction\",\"target\":[\"https:\\\/\\\/stuttgarti-katolikusok.de\\\/index.php\\\/2022-aprilis-19-es-24-kozott\\\/\"]}]},{\"@type\":\"ImageObject\",\"inLanguage\":\"hu\",\"@id\":\"https:\\\/\\\/stuttgarti-katolikusok.de\\\/index.php\\\/2022-aprilis-19-es-24-kozott\\\/#primaryimage\",\"url\":\"https:\\\/\\\/stuttgarti-katolikusok.de\\\/wp-content\\\/uploads\\\/2022\\\/04\\\/whatsapp-image-2022-04-19-at-212010.jpeg\",\"contentUrl\":\"https:\\\/\\\/stuttgarti-katolikusok.de\\\/wp-content\\\/uploads\\\/2022\\\/04\\\/whatsapp-image-2022-04-19-at-212010.jpeg\",\"width\":2048,\"height\":2048},{\"@type\":\"BreadcrumbList\",\"@id\":\"https:\\\/\\\/stuttgarti-katolikusok.de\\\/index.php\\\/2022-aprilis-19-es-24-kozott\\\/#breadcrumb\",\"itemListElement\":[{\"@type\":\"ListItem\",\"position\":1,\"name\":\"Kezd\u0151lap\",\"item\":\"https:\\\/\\\/stuttgarti-katolikusok.de\\\/\"},{\"@type\":\"ListItem\",\"position\":2,\"name\":\"2022 \u00e1prilis 19 \u00e9s 24 k\u00f6z\u00f6tt\"}]},{\"@type\":\"WebSite\",\"@id\":\"https:\\\/\\\/stuttgarti-katolikusok.de\\\/#website\",\"url\":\"https:\\\/\\\/stuttgarti-katolikusok.de\\\/\",\"name\":\"Stuttgarti Katolikusok\",\"description\":\"\",\"potentialAction\":[{\"@type\":\"SearchAction\",\"target\":{\"@type\":\"EntryPoint\",\"urlTemplate\":\"https:\\\/\\\/stuttgarti-katolikusok.de\\\/?s={search_term_string}\"},\"query-input\":{\"@type\":\"PropertyValueSpecification\",\"valueRequired\":true,\"valueName\":\"search_term_string\"}}],\"inLanguage\":\"hu\"},{\"@type\":\"Person\",\"@id\":\"https:\\\/\\\/stuttgarti-katolikusok.de\\\/#\\\/schema\\\/person\\\/75908d6f8fdc03a57889d27209df7795\",\"name\":\"Tibor atya\",\"image\":{\"@type\":\"ImageObject\",\"inLanguage\":\"hu\",\"@id\":\"https:\\\/\\\/secure.gravatar.com\\\/avatar\\\/61d268e57d1f4525b111222e29d2d5a7f8c420fdbf231ba5566a8ceac74fa960?s=96&d=mm&r=g\",\"url\":\"https:\\\/\\\/secure.gravatar.com\\\/avatar\\\/61d268e57d1f4525b111222e29d2d5a7f8c420fdbf231ba5566a8ceac74fa960?s=96&d=mm&r=g\",\"contentUrl\":\"https:\\\/\\\/secure.gravatar.com\\\/avatar\\\/61d268e57d1f4525b111222e29d2d5a7f8c420fdbf231ba5566a8ceac74fa960?s=96&d=mm&r=g\",\"caption\":\"Tibor atya\"},\"url\":\"https:\\\/\\\/stuttgarti-katolikusok.de\\\/index.php\\\/author\\\/tibor-atya\\\/\"}]}<\/script>\n<!-- \/ Yoast SEO plugin. -->","yoast_head_json":{"title":"2022 \u00e1prilis 19 \u00e9s 24 k\u00f6z\u00f6tt - Stuttgarti Katolikusok","robots":{"index":"index","follow":"follow","max-snippet":"max-snippet:-1","max-image-preview":"max-image-preview:large","max-video-preview":"max-video-preview:-1"},"canonical":"https:\/\/stuttgarti-katolikusok.de\/index.php\/2022-aprilis-19-es-24-kozott\/","og_locale":"hu_HU","og_type":"article","og_title":"2022 \u00e1prilis 19 \u00e9s 24 k\u00f6z\u00f6tt - Stuttgarti Katolikusok","og_description":"Programel\u0151zetes \u00d6r\u00f6mmel jelezz\u00fck, hogy \u00fajra szabadon, minden korl\u00e1toz\u00e1s n\u00e9lk\u00fcl l\u00e1togathatjuk templomainkat.\u00a0 Nincs sz\u00fcks\u00e9g t\u00e1vols\u00e1g megtart\u00e1s\u00e1ra, ellenben aj\u00e1nlott az FFP2-es maszk haszn\u00e1lata. \u00a0* \u00a0* \u00c1prilis 23-\u00e1n, szombaton, Tuttlingenben\u00a016.00 \u00f3rakor szentmise, \u00a0ut\u00e1na \u00e1g\u00e1p\u00e1\u00e9. * \u00c1prilis 24-\u00e9n, Feh\u00e9rvas\u00e1rnap, Isteni irgalmass\u00e1g vas\u00e1rnapja, B\u00f6blingenben,\u00a09.30 \u00f3rakor szentmise, ut\u00e1na \u00e1g\u00e1p\u00e9, Heilbronnban\u00a015.30 \u00f3rakor\u00a0b\u00facs\u00fas-szentmise, ut\u00e1na \u00e1g\u00e1p\u00e9. * Mindenkit szeretettel v\u00e1r a k\u00f6z\u00f6ss\u00e9g \u00e9s Tibor atya! * Kegyelemteljes H\u00fasv\u00e9tot k\u00edv\u00e1nunk minden Kedves H\u00edv\u00fcnknek! * \u201eA H\u00fasv\u00e9t a legnagyobb m\u00e9lys\u00e9geket \u00e9s legnagyobb magass\u00e1gokat meg\u00e9l\u0151 \u00fcnnep\u00fcnk.\u201d\u00a0(J\u00f3kai Anna \u2013 k\u00f6lt\u0151n\u0151 \u2013 1932-2017)","og_url":"https:\/\/stuttgarti-katolikusok.de\/index.php\/2022-aprilis-19-es-24-kozott\/","og_site_name":"Stuttgarti Katolikusok","article_published_time":"2022-04-19T19:22:27+00:00","og_image":[{"width":2048,"height":2048,"url":"https:\/\/stuttgarti-katolikusok.de\/wp-content\/uploads\/2022\/04\/whatsapp-image-2022-04-19-at-212010.jpeg","type":"image\/jpeg"}],"author":"Tibor atya","twitter_card":"summary_large_image","twitter_misc":{"Szerz\u0151:":"Tibor atya","Becs\u00fclt olvas\u00e1si id\u0151":"1 perc"},"schema":{"@context":"https:\/\/schema.org","@graph":[{"@type":"Article","@id":"https:\/\/stuttgarti-katolikusok.de\/index.php\/2022-aprilis-19-es-24-kozott\/#article","isPartOf":{"@id":"https:\/\/stuttgarti-katolikusok.de\/index.php\/2022-aprilis-19-es-24-kozott\/"},"author":{"name":"Tibor atya","@id":"https:\/\/stuttgarti-katolikusok.de\/#\/schema\/person\/75908d6f8fdc03a57889d27209df7795"},"headline":"2022 \u00e1prilis 19 \u00e9s 24 k\u00f6z\u00f6tt","datePublished":"2022-04-19T19:22:27+00:00","mainEntityOfPage":{"@id":"https:\/\/stuttgarti-katolikusok.de\/index.php\/2022-aprilis-19-es-24-kozott\/"},"wordCount":130,"image":{"@id":"https:\/\/stuttgarti-katolikusok.de\/index.php\/2022-aprilis-19-es-24-kozott\/#primaryimage"},"thumbnailUrl":"https:\/\/stuttgarti-katolikusok.de\/wp-content\/uploads\/2022\/04\/whatsapp-image-2022-04-19-at-212010.jpeg","articleSection":["Progamel\u0151zetes"],"inLanguage":"hu"},{"@type":"WebPage","@id":"https:\/\/stuttgarti-katolikusok.de\/index.php\/2022-aprilis-19-es-24-kozott\/","url":"https:\/\/stuttgarti-katolikusok.de\/index.php\/2022-aprilis-19-es-24-kozott\/","name":"2022 \u00e1prilis 19 \u00e9s 24 k\u00f6z\u00f6tt - Stuttgarti Katolikusok","isPartOf":{"@id":"https:\/\/stuttgarti-katolikusok.de\/#website"},"primaryImageOfPage":{"@id":"https:\/\/stuttgarti-katolikusok.de\/index.php\/2022-aprilis-19-es-24-kozott\/#primaryimage"},"image":{"@id":"https:\/\/stuttgarti-katolikusok.de\/index.php\/2022-aprilis-19-es-24-kozott\/#primaryimage"},"thumbnailUrl":"https:\/\/stuttgarti-katolikusok.de\/wp-content\/uploads\/2022\/04\/whatsapp-image-2022-04-19-at-212010.jpeg","datePublished":"2022-04-19T19:22:27+00:00","author":{"@id":"https:\/\/stuttgarti-katolikusok.de\/#\/schema\/person\/75908d6f8fdc03a57889d27209df7795"},"breadcrumb":{"@id":"https:\/\/stuttgarti-katolikusok.de\/index.php\/2022-aprilis-19-es-24-kozott\/#breadcrumb"},"inLanguage":"hu","potentialAction":[{"@type":"ReadAction","target":["https:\/\/stuttgarti-katolikusok.de\/index.php\/2022-aprilis-19-es-24-kozott\/"]}]},{"@type":"ImageObject","inLanguage":"hu","@id":"https:\/\/stuttgarti-katolikusok.de\/index.php\/2022-aprilis-19-es-24-kozott\/#primaryimage","url":"https:\/\/stuttgarti-katolikusok.de\/wp-content\/uploads\/2022\/04\/whatsapp-image-2022-04-19-at-212010.jpeg","contentUrl":"https:\/\/stuttgarti-katolikusok.de\/wp-content\/uploads\/2022\/04\/whatsapp-image-2022-04-19-at-212010.jpeg","width":2048,"height":2048},{"@type":"BreadcrumbList","@id":"https:\/\/stuttgarti-katolikusok.de\/index.php\/2022-aprilis-19-es-24-kozott\/#breadcrumb","itemListElement":[{"@type":"ListItem","position":1,"name":"Kezd\u0151lap","item":"https:\/\/stuttgarti-katolikusok.de\/"},{"@type":"ListItem","position":2,"name":"2022 \u00e1prilis 19 \u00e9s 24 k\u00f6z\u00f6tt"}]},{"@type":"WebSite","@id":"https:\/\/stuttgarti-katolikusok.de\/#website","url":"https:\/\/stuttgarti-katolikusok.de\/","name":"Stuttgarti Katolikusok","description":"","potentialAction":[{"@type":"SearchAction","target":{"@type":"EntryPoint","urlTemplate":"https:\/\/stuttgarti-katolikusok.de\/?s={search_term_string}"},"query-input":{"@type":"PropertyValueSpecification","valueRequired":true,"valueName":"search_term_string"}}],"inLanguage":"hu"},{"@type":"Person","@id":"https:\/\/stuttgarti-katolikusok.de\/#\/schema\/person\/75908d6f8fdc03a57889d27209df7795","name":"Tibor atya","image":{"@type":"ImageObject","inLanguage":"hu","@id":"https:\/\/secure.gravatar.com\/avatar\/61d268e57d1f4525b111222e29d2d5a7f8c420fdbf231ba5566a8ceac74fa960?s=96&d=mm&r=g","url":"https:\/\/secure.gravatar.com\/avatar\/61d268e57d1f4525b111222e29d2d5a7f8c420fdbf231ba5566a8ceac74fa960?s=96&d=mm&r=g","contentUrl":"https:\/\/secure.gravatar.com\/avatar\/61d268e57d1f4525b111222e29d2d5a7f8c420fdbf231ba5566a8ceac74fa960?s=96&d=mm&r=g","caption":"Tibor atya"},"url":"https:\/\/stuttgarti-katolikusok.de\/index.php\/author\/tibor-atya\/"}]}},"_links":{"self":[{"href":"https:\/\/stuttgarti-katolikusok.de\/index.php\/wp-json\/wp\/v2\/posts\/23226","targetHints":{"allow":["GET"]}}],"collection":[{"href":"https:\/\/stuttgarti-katolikusok.de\/index.php\/wp-json\/wp\/v2\/posts"}],"about":[{"href":"https:\/\/stuttgarti-katolikusok.de\/index.php\/wp-json\/wp\/v2\/types\/post"}],"author":[{"embeddable":true,"href":"https:\/\/stuttgarti-katolikusok.de\/index.php\/wp-json\/wp\/v2\/users\/3"}],"replies":[{"embeddable":true,"href":"https:\/\/stuttgarti-katolikusok.de\/index.php\/wp-json\/wp\/v2\/comments?post=23226"}],"version-history":[{"count":1,"href":"https:\/\/stuttgarti-katolikusok.de\/index.php\/wp-json\/wp\/v2\/posts\/23226\/revisions"}],"predecessor-version":[{"id":23228,"href":"https:\/\/stuttgarti-katolikusok.de\/index.php\/wp-json\/wp\/v2\/posts\/23226\/revisions\/23228"}],"wp:featuredmedia":[{"embeddable":true,"href":"https:\/\/stuttgarti-katolikusok.de\/index.php\/wp-json\/wp\/v2\/media\/23227"}],"wp:attachment":[{"href":"https:\/\/stuttgarti-katolikusok.de\/index.php\/wp-json\/wp\/v2\/media?parent=23226"}],"wp:term":[{"taxonomy":"category","embeddable":true,"href":"https:\/\/stuttgarti-katolikusok.de\/index.php\/wp-json\/wp\/v2\/categories?post=23226"},{"taxonomy":"post_tag","embeddable":true,"href":"https:\/\/stuttgarti-katolikusok.de\/index.php\/wp-json\/wp\/v2\/tags?post=23226"}],"curies":[{"name":"wp","href":"https:\/\/api.w.org\/{rel}","templated":true}]}}