{"id":23186,"date":"2022-04-11T10:43:28","date_gmt":"2022-04-11T08:43:28","guid":{"rendered":"https:\/\/stuttgarti-katolikusok.de\/?p=23186"},"modified":"2022-04-11T10:43:28","modified_gmt":"2022-04-11T08:43:28","slug":"2022-aprilis-11-es-18-kozott","status":"publish","type":"post","link":"https:\/\/stuttgarti-katolikusok.de\/index.php\/2022-aprilis-11-es-18-kozott\/","title":{"rendered":"2022 \u00e1prilis 11 \u00e9s 18 k\u00f6z\u00f6tt"},"content":{"rendered":"<p><span style=\"color: #800080;\"><em><strong>Programel\u0151zetes<\/strong><\/em><\/span><\/p>\n<p><span style=\"color: #800080;\"><em><strong>\u00d6r\u00f6mmel jelezz\u00fck, hogy \u00fajra szabadon, minden korl\u00e1toz\u00e1s n\u00e9lk\u00fcl l\u00e1togathatjuk templomainkat.\u00a0<\/strong><\/em><\/span><\/p>\n<p><span style=\"color: #800080;\"><em><strong>Nincs sz\u00fcks\u00e9g t\u00e1vols\u00e1g megtart\u00e1s\u00e1ra, ellenben aj\u00e1nlott az FFP2-es maszk haszn\u00e1lata.<\/strong><\/em><\/span><\/p>\n<p style=\"text-align: center;\"><strong><span style=\"color: #800080;\"><em>\u00a0<\/em>*<\/span><\/strong><\/p>\n<p><a href=\"https:\/\/stuttgarti-katolikusok.de\/wp-content\/uploads\/2021\/03\/last-supper-780993-1280.jpg\"><img loading=\"lazy\" decoding=\"async\" class=\"alignnone size-full wp-image-21514\" src=\"https:\/\/stuttgarti-katolikusok.de\/wp-content\/uploads\/2021\/03\/last-supper-780993-1280.jpg\" alt=\"\" width=\"1280\" height=\"856\" srcset=\"https:\/\/stuttgarti-katolikusok.de\/wp-content\/uploads\/2021\/03\/last-supper-780993-1280.jpg 1280w, https:\/\/stuttgarti-katolikusok.de\/wp-content\/uploads\/2021\/03\/last-supper-780993-1280-300x201.jpg 300w, https:\/\/stuttgarti-katolikusok.de\/wp-content\/uploads\/2021\/03\/last-supper-780993-1280-1024x685.jpg 1024w, https:\/\/stuttgarti-katolikusok.de\/wp-content\/uploads\/2021\/03\/last-supper-780993-1280-420x280.jpg 420w, https:\/\/stuttgarti-katolikusok.de\/wp-content\/uploads\/2021\/03\/last-supper-780993-1280-690x460.jpg 690w\" sizes=\"auto, (max-width: 1280px) 100vw, 1280px\" \/><\/a><\/p>\n<p><strong>\u00c1prilis 14-\u00e9n<\/strong>, <strong><span style=\"color: #800080;\">Nagycs\u00fct\u00f6rt\u00f6k<\/span><em>,<\/em><\/strong>\u00a0<strong><em>Stuttgartban<\/em><\/strong><em> 19.00 \u00f3rakor szentmise az Utols\u00f3 Vacsora eml\u00e9k\u00e9re.<\/em><\/p>\n<p style=\"text-align: center;\"><span style=\"color: #800080;\"><strong><em>\u00a0<\/em>*<\/strong><\/span><\/p>\n<p><a href=\"https:\/\/stuttgarti-katolikusok.de\/wp-content\/uploads\/2021\/03\/good-friday-3278188-1280.jpg\"><img loading=\"lazy\" decoding=\"async\" class=\"alignnone size-full wp-image-21515\" src=\"https:\/\/stuttgarti-katolikusok.de\/wp-content\/uploads\/2021\/03\/good-friday-3278188-1280.jpg\" alt=\"\" width=\"1280\" height=\"850\" srcset=\"https:\/\/stuttgarti-katolikusok.de\/wp-content\/uploads\/2021\/03\/good-friday-3278188-1280.jpg 1280w, https:\/\/stuttgarti-katolikusok.de\/wp-content\/uploads\/2021\/03\/good-friday-3278188-1280-300x199.jpg 300w, https:\/\/stuttgarti-katolikusok.de\/wp-content\/uploads\/2021\/03\/good-friday-3278188-1280-1024x680.jpg 1024w, https:\/\/stuttgarti-katolikusok.de\/wp-content\/uploads\/2021\/03\/good-friday-3278188-1280-420x280.jpg 420w\" sizes=\"auto, (max-width: 1280px) 100vw, 1280px\" \/><\/a><\/p>\n<p><strong>\u00c1prilis 15-\u00e9n,<\/strong> <strong><span style=\"color: #800080;\">Nagyp\u00e9ntek<\/span><em>,<\/em><\/strong><\/p>\n<p><em><strong>Weingartenben<\/strong><\/em> 15.00 \u00f3rakor<em> Urunk szenved\u00e9s\u00e9nek \u00fcnnepl\u00e9se a 14 Nothelfer Kapelle-ben<\/em>,<\/p>\n<p><strong><em> Stuttgartban <\/em><\/strong>18.00 \u00f3rakor <em>Urunk szenved\u00e9s\u00e9nek \u00fcnnepl\u00e9se.<\/em><\/p>\n<p style=\"text-align: center;\"><em>\u00a0<\/em><span style=\"color: #800080;\"><strong><em>*<\/em><\/strong><\/span><\/p>\n<p><a href=\"https:\/\/stuttgarti-katolikusok.de\/wp-content\/uploads\/2021\/03\/jesus-4779543-1280.jpg\"><img loading=\"lazy\" decoding=\"async\" class=\"alignnone size-full wp-image-21516\" src=\"https:\/\/stuttgarti-katolikusok.de\/wp-content\/uploads\/2021\/03\/jesus-4779543-1280.jpg\" alt=\"\" width=\"1280\" height=\"723\" srcset=\"https:\/\/stuttgarti-katolikusok.de\/wp-content\/uploads\/2021\/03\/jesus-4779543-1280.jpg 1280w, https:\/\/stuttgarti-katolikusok.de\/wp-content\/uploads\/2021\/03\/jesus-4779543-1280-300x169.jpg 300w, https:\/\/stuttgarti-katolikusok.de\/wp-content\/uploads\/2021\/03\/jesus-4779543-1280-1024x578.jpg 1024w, https:\/\/stuttgarti-katolikusok.de\/wp-content\/uploads\/2021\/03\/jesus-4779543-1280-518x294.jpg 518w\" sizes=\"auto, (max-width: 1280px) 100vw, 1280px\" \/><\/a><\/p>\n<p><strong>\u00c1prilis 16-\u00e1n<\/strong><em>, <\/em><strong><span style=\"color: #ff9900;\">Nagyszombat<\/span><em>.<\/em><\/strong> <strong><em>Stuttgartban <\/em><\/strong><em>20.00 \u00f3rakor <\/em><em><span style=\"color: #ff9900;\">H\u00fasv\u00e9ti vig\u00edlia, felt\u00e1mad\u00e1si szertart\u00e1s ut\u00e1na \u00e9telszentel\u00e9s.<\/span><\/em><em>\u00a0<\/em><\/p>\n<p><a href=\"https:\/\/stuttgarti-katolikusok.de\/wp-content\/uploads\/2021\/03\/easter-6063668-1280.jpg\"><img loading=\"lazy\" decoding=\"async\" class=\"alignnone size-full wp-image-21522\" src=\"https:\/\/stuttgarti-katolikusok.de\/wp-content\/uploads\/2021\/03\/easter-6063668-1280.jpg\" alt=\"\" width=\"1280\" height=\"853\" srcset=\"https:\/\/stuttgarti-katolikusok.de\/wp-content\/uploads\/2021\/03\/easter-6063668-1280.jpg 1280w, https:\/\/stuttgarti-katolikusok.de\/wp-content\/uploads\/2021\/03\/easter-6063668-1280-300x200.jpg 300w, https:\/\/stuttgarti-katolikusok.de\/wp-content\/uploads\/2021\/03\/easter-6063668-1280-1024x682.jpg 1024w, https:\/\/stuttgarti-katolikusok.de\/wp-content\/uploads\/2021\/03\/easter-6063668-1280-420x280.jpg 420w, https:\/\/stuttgarti-katolikusok.de\/wp-content\/uploads\/2021\/03\/easter-6063668-1280-690x460.jpg 690w\" sizes=\"auto, (max-width: 1280px) 100vw, 1280px\" \/><\/a><\/p>\n<p><strong>\u00c1prilis 17-\u00e9n,<\/strong> <strong><span style=\"color: #ff9900;\">H\u00fasv\u00e9tvas\u00e1rnap<\/span><em>, <span style=\"color: #ff9900;\">Urunk felt\u00e1mad\u00e1sa<\/span>,<\/em><\/strong><\/p>\n<p><strong><em>Ludwigsburgban<\/em><\/strong>\u00a09.00 \u00f3rakor<em> \u00fcnnepi szentmise, ut\u00e1na \u00e9telszentel\u00e9s,<\/em><\/p>\n<p><strong><em>Stuttgartban<\/em><\/strong> <em>1<\/em>1.30 \u00f3rakor<em> \u00fcnnepi szentmise, ut\u00e1na \u00e9telszentel\u00e9s,<\/em><\/p>\n<p><strong><em>Weingartenben<\/em><\/strong> 16.00 \u00f3rakor a<em> Marienkirche-ben \u00fcnnepi szentmise, ut\u00e1na \u00e9telszentel\u00e9s.<\/em><\/p>\n<p style=\"text-align: center;\"><strong><span style=\"color: #ff9900;\"><em>\u00a0<\/em><em>*<\/em><\/span><\/strong><\/p>\n<p><a href=\"https:\/\/stuttgarti-katolikusok.de\/wp-content\/uploads\/2021\/03\/husvethetfo.jpg\"><img loading=\"lazy\" decoding=\"async\" class=\"alignnone size-full wp-image-21517\" src=\"https:\/\/stuttgarti-katolikusok.de\/wp-content\/uploads\/2021\/03\/husvethetfo.jpg\" alt=\"\" width=\"1280\" height=\"960\" srcset=\"https:\/\/stuttgarti-katolikusok.de\/wp-content\/uploads\/2021\/03\/husvethetfo.jpg 1280w, https:\/\/stuttgarti-katolikusok.de\/wp-content\/uploads\/2021\/03\/husvethetfo-300x225.jpg 300w, https:\/\/stuttgarti-katolikusok.de\/wp-content\/uploads\/2021\/03\/husvethetfo-1024x768.jpg 1024w, https:\/\/stuttgarti-katolikusok.de\/wp-content\/uploads\/2021\/03\/husvethetfo-164x124.jpg 164w\" sizes=\"auto, (max-width: 1280px) 100vw, 1280px\" \/><\/a><\/p>\n<p><strong>\u00c1prilis 18-\u00e1n<em>, <\/em><span style=\"color: #ff9900;\">H\u00fasv\u00e9th\u00e9tf\u0151<\/span><em>,<\/em><\/strong><\/p>\n<p><strong><em>Stuttgartban <\/em><\/strong>9.30 \u00f3rakor<em> szentmise,<\/em><\/p>\n<p><strong><em>Ulmban <\/em><\/strong>13.00 \u00f3rakor<em> szentmise.<\/em><\/p>\n<p style=\"text-align: center;\"><strong><span style=\"color: #ff9900;\"><em>\u00a0*<\/em><\/span><\/strong><\/p>\n<p>Minden helyen mindenkit szeretettel v\u00e1r a k\u00f6z\u00f6ss\u00e9g \u00e9s Tibor atya!<\/p>\n<p style=\"text-align: center;\"><span style=\"color: #ff9900;\"><strong>*<\/strong><\/span><\/p>\n<p><a href=\"https:\/\/stuttgarti-katolikusok.de\/wp-content\/uploads\/2021\/03\/triduum-paschale.jpg\"><img loading=\"lazy\" decoding=\"async\" class=\"alignnone size-full wp-image-21519\" src=\"https:\/\/stuttgarti-katolikusok.de\/wp-content\/uploads\/2021\/03\/triduum-paschale.jpg\" alt=\"\" width=\"1280\" height=\"761\" srcset=\"https:\/\/stuttgarti-katolikusok.de\/wp-content\/uploads\/2021\/03\/triduum-paschale.jpg 1280w, https:\/\/stuttgarti-katolikusok.de\/wp-content\/uploads\/2021\/03\/triduum-paschale-300x178.jpg 300w, https:\/\/stuttgarti-katolikusok.de\/wp-content\/uploads\/2021\/03\/triduum-paschale-1024x609.jpg 1024w\" sizes=\"auto, (max-width: 1280px) 100vw, 1280px\" \/><\/a><\/p>\n<p style=\"text-align: center;\"><span style=\"color: #ff9900;\"><strong><em>*<\/em><\/strong><\/span><\/p>\n<p><span style=\"color: #ff9900;\"><strong><em>Kegyelemteljes H\u00fasv\u00e9tot k\u00edv\u00e1nunk minden Kedves H\u00edv\u00fcnknek!<\/em><\/strong><\/span><\/p>\n<p style=\"text-align: center;\"><span style=\"color: #ff9900;\"><strong>*<\/strong><\/span><\/p>\n<p><strong><em>\u201eA H\u00fasv\u00e9t a legnagyobb m\u00e9lys\u00e9geket \u00e9s legnagyobb magass\u00e1gokat meg\u00e9l\u0151 \u00fcnnep\u00fcnk.\u201d<\/em><\/strong><em> (J\u00f3kai Anna \u2013 k\u00f6lt\u0151n\u0151 \u2013 1932-2017)<\/em><\/p>\n<p>(K\u00e9pek forr\u00e1sa: Pixabay.com)<\/p>\n","protected":false},"excerpt":{"rendered":"<p>Programel\u0151zetes \u00d6r\u00f6mmel jelezz\u00fck, hogy \u00fajra szabadon, minden korl\u00e1toz\u00e1s n\u00e9lk\u00fcl l\u00e1togathatjuk templomainkat.\u00a0 Nincs sz\u00fcks\u00e9g t\u00e1vols\u00e1g megtart\u00e1s\u00e1ra, ellenben aj\u00e1nlott az FFP2-es maszk haszn\u00e1lata. \u00a0* \u00c1prilis 14-\u00e9n, Nagycs\u00fct\u00f6rt\u00f6k,\u00a0Stuttgartban 19.00 \u00f3rakor szentmise az Utols\u00f3 Vacsora eml\u00e9k\u00e9re. \u00a0* \u00c1prilis 15-\u00e9n, Nagyp\u00e9ntek, Weingartenben 15.00 \u00f3rakor Urunk szenved\u00e9s\u00e9nek \u00fcnnepl\u00e9se a 14 Nothelfer Kapelle-ben, Stuttgartban 18.00 \u00f3rakor Urunk szenved\u00e9s\u00e9nek \u00fcnnepl\u00e9se. \u00a0* \u00c1prilis 16-\u00e1n, Nagyszombat. Stuttgartban 20.00 \u00f3rakor H\u00fasv\u00e9ti vig\u00edlia, felt\u00e1mad\u00e1si szertart\u00e1s ut\u00e1na \u00e9telszentel\u00e9s.\u00a0 \u00c1prilis 17-\u00e9n, H\u00fasv\u00e9tvas\u00e1rnap, Urunk felt\u00e1mad\u00e1sa, Ludwigsburgban\u00a09.00 \u00f3rakor \u00fcnnepi szentmise, ut\u00e1na \u00e9telszentel\u00e9s, Stuttgartban 11.30 \u00f3rakor \u00fcnnepi szentmise, ut\u00e1na \u00e9telszentel\u00e9s, Weingartenben 16.00 \u00f3rakor a Marienkirche-ben \u00fcnnepi szentmise, ut\u00e1na \u00e9telszentel\u00e9s. \u00a0* \u00c1prilis 18-\u00e1n, H\u00fasv\u00e9th\u00e9tf\u0151, Stuttgartban 9.30 \u00f3rakor szentmise, Ulmban 13.00 \u00f3rakor szentmise. \u00a0* Minden helyen mindenkit szeretettel v\u00e1r a k\u00f6z\u00f6ss\u00e9g \u00e9s Tibor atya! * * Kegyelemteljes H\u00fasv\u00e9tot k\u00edv\u00e1nunk minden Kedves H\u00edv\u00fcnknek! * \u201eA H\u00fasv\u00e9t a legnagyobb m\u00e9lys\u00e9geket \u00e9s legnagyobb magass\u00e1gokat meg\u00e9l\u0151 \u00fcnnep\u00fcnk.\u201d (J\u00f3kai Anna \u2013 k\u00f6lt\u0151n\u0151 \u2013 1932-2017) (K\u00e9pek forr\u00e1sa: Pixabay.com)<\/p>\n","protected":false},"author":3,"featured_media":0,"comment_status":"closed","ping_status":"closed","sticky":false,"template":"","format":"standard","meta":{"footnotes":""},"categories":[37],"tags":[],"class_list":["post-23186","post","type-post","status-publish","format-standard","hentry","category-progamelozetes"],"yoast_head":"<!-- This site is optimized with the Yoast SEO plugin v27.3 - https:\/\/yoast.com\/product\/yoast-seo-wordpress\/ -->\n<title>2022 \u00e1prilis 11 \u00e9s 18 k\u00f6z\u00f6tt - Stuttgarti Katolikusok<\/title>\n<meta name=\"robots\" content=\"index, follow, max-snippet:-1, max-image-preview:large, max-video-preview:-1\" \/>\n<link rel=\"canonical\" href=\"https:\/\/stuttgarti-katolikusok.de\/index.php\/2022-aprilis-11-es-18-kozott\/\" \/>\n<meta property=\"og:locale\" content=\"hu_HU\" \/>\n<meta property=\"og:type\" content=\"article\" \/>\n<meta property=\"og:title\" content=\"2022 \u00e1prilis 11 \u00e9s 18 k\u00f6z\u00f6tt - Stuttgarti Katolikusok\" \/>\n<meta property=\"og:description\" content=\"Programel\u0151zetes \u00d6r\u00f6mmel jelezz\u00fck, hogy \u00fajra szabadon, minden korl\u00e1toz\u00e1s n\u00e9lk\u00fcl l\u00e1togathatjuk templomainkat.\u00a0 Nincs sz\u00fcks\u00e9g t\u00e1vols\u00e1g megtart\u00e1s\u00e1ra, ellenben aj\u00e1nlott az FFP2-es maszk haszn\u00e1lata. \u00a0* \u00c1prilis 14-\u00e9n, Nagycs\u00fct\u00f6rt\u00f6k,\u00a0Stuttgartban 19.00 \u00f3rakor szentmise az Utols\u00f3 Vacsora eml\u00e9k\u00e9re. \u00a0* \u00c1prilis 15-\u00e9n, Nagyp\u00e9ntek, Weingartenben 15.00 \u00f3rakor Urunk szenved\u00e9s\u00e9nek \u00fcnnepl\u00e9se a 14 Nothelfer Kapelle-ben, Stuttgartban 18.00 \u00f3rakor Urunk szenved\u00e9s\u00e9nek \u00fcnnepl\u00e9se. \u00a0* \u00c1prilis 16-\u00e1n, Nagyszombat. Stuttgartban 20.00 \u00f3rakor H\u00fasv\u00e9ti vig\u00edlia, felt\u00e1mad\u00e1si szertart\u00e1s ut\u00e1na \u00e9telszentel\u00e9s.\u00a0 \u00c1prilis 17-\u00e9n, H\u00fasv\u00e9tvas\u00e1rnap, Urunk felt\u00e1mad\u00e1sa, Ludwigsburgban\u00a09.00 \u00f3rakor \u00fcnnepi szentmise, ut\u00e1na \u00e9telszentel\u00e9s, Stuttgartban 11.30 \u00f3rakor \u00fcnnepi szentmise, ut\u00e1na \u00e9telszentel\u00e9s, Weingartenben 16.00 \u00f3rakor a Marienkirche-ben \u00fcnnepi szentmise, ut\u00e1na \u00e9telszentel\u00e9s. \u00a0* \u00c1prilis 18-\u00e1n, H\u00fasv\u00e9th\u00e9tf\u0151, Stuttgartban 9.30 \u00f3rakor szentmise, Ulmban 13.00 \u00f3rakor szentmise. \u00a0* Minden helyen mindenkit szeretettel v\u00e1r a k\u00f6z\u00f6ss\u00e9g \u00e9s Tibor atya! * * Kegyelemteljes H\u00fasv\u00e9tot k\u00edv\u00e1nunk minden Kedves H\u00edv\u00fcnknek! * \u201eA H\u00fasv\u00e9t a legnagyobb m\u00e9lys\u00e9geket \u00e9s legnagyobb magass\u00e1gokat meg\u00e9l\u0151 \u00fcnnep\u00fcnk.\u201d (J\u00f3kai Anna \u2013 k\u00f6lt\u0151n\u0151 \u2013 1932-2017) (K\u00e9pek forr\u00e1sa: Pixabay.com)\" \/>\n<meta property=\"og:url\" content=\"https:\/\/stuttgarti-katolikusok.de\/index.php\/2022-aprilis-11-es-18-kozott\/\" \/>\n<meta property=\"og:site_name\" content=\"Stuttgarti Katolikusok\" \/>\n<meta property=\"article:published_time\" content=\"2022-04-11T08:43:28+00:00\" \/>\n<meta property=\"og:image\" content=\"https:\/\/stuttgarti-katolikusok.de\/wp-content\/uploads\/2021\/03\/jesus-6124304-1280-1.jpg\" \/>\n\t<meta property=\"og:image:width\" content=\"1280\" \/>\n\t<meta property=\"og:image:height\" content=\"720\" \/>\n\t<meta property=\"og:image:type\" content=\"image\/jpeg\" \/>\n<meta name=\"author\" content=\"Tibor atya\" \/>\n<meta name=\"twitter:card\" content=\"summary_large_image\" \/>\n<meta name=\"twitter:label1\" content=\"Szerz\u0151:\" \/>\n\t<meta name=\"twitter:data1\" content=\"Tibor atya\" \/>\n\t<meta name=\"twitter:label2\" content=\"Becs\u00fclt olvas\u00e1si id\u0151\" \/>\n\t<meta name=\"twitter:data2\" content=\"1 perc\" \/>\n<script type=\"application\/ld+json\" class=\"yoast-schema-graph\">{\"@context\":\"https:\\\/\\\/schema.org\",\"@graph\":[{\"@type\":\"Article\",\"@id\":\"https:\\\/\\\/stuttgarti-katolikusok.de\\\/index.php\\\/2022-aprilis-11-es-18-kozott\\\/#article\",\"isPartOf\":{\"@id\":\"https:\\\/\\\/stuttgarti-katolikusok.de\\\/index.php\\\/2022-aprilis-11-es-18-kozott\\\/\"},\"author\":{\"name\":\"Tibor atya\",\"@id\":\"https:\\\/\\\/stuttgarti-katolikusok.de\\\/#\\\/schema\\\/person\\\/75908d6f8fdc03a57889d27209df7795\"},\"headline\":\"2022 \u00e1prilis 11 \u00e9s 18 k\u00f6z\u00f6tt\",\"datePublished\":\"2022-04-11T08:43:28+00:00\",\"mainEntityOfPage\":{\"@id\":\"https:\\\/\\\/stuttgarti-katolikusok.de\\\/index.php\\\/2022-aprilis-11-es-18-kozott\\\/\"},\"wordCount\":209,\"image\":{\"@id\":\"https:\\\/\\\/stuttgarti-katolikusok.de\\\/index.php\\\/2022-aprilis-11-es-18-kozott\\\/#primaryimage\"},\"thumbnailUrl\":\"https:\\\/\\\/stuttgarti-katolikusok.de\\\/wp-content\\\/uploads\\\/2021\\\/03\\\/last-supper-780993-1280.jpg\",\"articleSection\":[\"Progamel\u0151zetes\"],\"inLanguage\":\"hu\"},{\"@type\":\"WebPage\",\"@id\":\"https:\\\/\\\/stuttgarti-katolikusok.de\\\/index.php\\\/2022-aprilis-11-es-18-kozott\\\/\",\"url\":\"https:\\\/\\\/stuttgarti-katolikusok.de\\\/index.php\\\/2022-aprilis-11-es-18-kozott\\\/\",\"name\":\"2022 \u00e1prilis 11 \u00e9s 18 k\u00f6z\u00f6tt - Stuttgarti Katolikusok\",\"isPartOf\":{\"@id\":\"https:\\\/\\\/stuttgarti-katolikusok.de\\\/#website\"},\"primaryImageOfPage\":{\"@id\":\"https:\\\/\\\/stuttgarti-katolikusok.de\\\/index.php\\\/2022-aprilis-11-es-18-kozott\\\/#primaryimage\"},\"image\":{\"@id\":\"https:\\\/\\\/stuttgarti-katolikusok.de\\\/index.php\\\/2022-aprilis-11-es-18-kozott\\\/#primaryimage\"},\"thumbnailUrl\":\"https:\\\/\\\/stuttgarti-katolikusok.de\\\/wp-content\\\/uploads\\\/2021\\\/03\\\/last-supper-780993-1280.jpg\",\"datePublished\":\"2022-04-11T08:43:28+00:00\",\"author\":{\"@id\":\"https:\\\/\\\/stuttgarti-katolikusok.de\\\/#\\\/schema\\\/person\\\/75908d6f8fdc03a57889d27209df7795\"},\"breadcrumb\":{\"@id\":\"https:\\\/\\\/stuttgarti-katolikusok.de\\\/index.php\\\/2022-aprilis-11-es-18-kozott\\\/#breadcrumb\"},\"inLanguage\":\"hu\",\"potentialAction\":[{\"@type\":\"ReadAction\",\"target\":[\"https:\\\/\\\/stuttgarti-katolikusok.de\\\/index.php\\\/2022-aprilis-11-es-18-kozott\\\/\"]}]},{\"@type\":\"ImageObject\",\"inLanguage\":\"hu\",\"@id\":\"https:\\\/\\\/stuttgarti-katolikusok.de\\\/index.php\\\/2022-aprilis-11-es-18-kozott\\\/#primaryimage\",\"url\":\"https:\\\/\\\/stuttgarti-katolikusok.de\\\/wp-content\\\/uploads\\\/2021\\\/03\\\/last-supper-780993-1280.jpg\",\"contentUrl\":\"https:\\\/\\\/stuttgarti-katolikusok.de\\\/wp-content\\\/uploads\\\/2021\\\/03\\\/last-supper-780993-1280.jpg\",\"width\":1280,\"height\":856},{\"@type\":\"BreadcrumbList\",\"@id\":\"https:\\\/\\\/stuttgarti-katolikusok.de\\\/index.php\\\/2022-aprilis-11-es-18-kozott\\\/#breadcrumb\",\"itemListElement\":[{\"@type\":\"ListItem\",\"position\":1,\"name\":\"Kezd\u0151lap\",\"item\":\"https:\\\/\\\/stuttgarti-katolikusok.de\\\/\"},{\"@type\":\"ListItem\",\"position\":2,\"name\":\"2022 \u00e1prilis 11 \u00e9s 18 k\u00f6z\u00f6tt\"}]},{\"@type\":\"WebSite\",\"@id\":\"https:\\\/\\\/stuttgarti-katolikusok.de\\\/#website\",\"url\":\"https:\\\/\\\/stuttgarti-katolikusok.de\\\/\",\"name\":\"Stuttgarti Katolikusok\",\"description\":\"\",\"potentialAction\":[{\"@type\":\"SearchAction\",\"target\":{\"@type\":\"EntryPoint\",\"urlTemplate\":\"https:\\\/\\\/stuttgarti-katolikusok.de\\\/?s={search_term_string}\"},\"query-input\":{\"@type\":\"PropertyValueSpecification\",\"valueRequired\":true,\"valueName\":\"search_term_string\"}}],\"inLanguage\":\"hu\"},{\"@type\":\"Person\",\"@id\":\"https:\\\/\\\/stuttgarti-katolikusok.de\\\/#\\\/schema\\\/person\\\/75908d6f8fdc03a57889d27209df7795\",\"name\":\"Tibor atya\",\"image\":{\"@type\":\"ImageObject\",\"inLanguage\":\"hu\",\"@id\":\"https:\\\/\\\/secure.gravatar.com\\\/avatar\\\/61d268e57d1f4525b111222e29d2d5a7f8c420fdbf231ba5566a8ceac74fa960?s=96&d=mm&r=g\",\"url\":\"https:\\\/\\\/secure.gravatar.com\\\/avatar\\\/61d268e57d1f4525b111222e29d2d5a7f8c420fdbf231ba5566a8ceac74fa960?s=96&d=mm&r=g\",\"contentUrl\":\"https:\\\/\\\/secure.gravatar.com\\\/avatar\\\/61d268e57d1f4525b111222e29d2d5a7f8c420fdbf231ba5566a8ceac74fa960?s=96&d=mm&r=g\",\"caption\":\"Tibor atya\"},\"url\":\"https:\\\/\\\/stuttgarti-katolikusok.de\\\/index.php\\\/author\\\/tibor-atya\\\/\"}]}<\/script>\n<!-- \/ Yoast SEO plugin. -->","yoast_head_json":{"title":"2022 \u00e1prilis 11 \u00e9s 18 k\u00f6z\u00f6tt - Stuttgarti Katolikusok","robots":{"index":"index","follow":"follow","max-snippet":"max-snippet:-1","max-image-preview":"max-image-preview:large","max-video-preview":"max-video-preview:-1"},"canonical":"https:\/\/stuttgarti-katolikusok.de\/index.php\/2022-aprilis-11-es-18-kozott\/","og_locale":"hu_HU","og_type":"article","og_title":"2022 \u00e1prilis 11 \u00e9s 18 k\u00f6z\u00f6tt - Stuttgarti Katolikusok","og_description":"Programel\u0151zetes \u00d6r\u00f6mmel jelezz\u00fck, hogy \u00fajra szabadon, minden korl\u00e1toz\u00e1s n\u00e9lk\u00fcl l\u00e1togathatjuk templomainkat.\u00a0 Nincs sz\u00fcks\u00e9g t\u00e1vols\u00e1g megtart\u00e1s\u00e1ra, ellenben aj\u00e1nlott az FFP2-es maszk haszn\u00e1lata. \u00a0* \u00c1prilis 14-\u00e9n, Nagycs\u00fct\u00f6rt\u00f6k,\u00a0Stuttgartban 19.00 \u00f3rakor szentmise az Utols\u00f3 Vacsora eml\u00e9k\u00e9re. \u00a0* \u00c1prilis 15-\u00e9n, Nagyp\u00e9ntek, Weingartenben 15.00 \u00f3rakor Urunk szenved\u00e9s\u00e9nek \u00fcnnepl\u00e9se a 14 Nothelfer Kapelle-ben, Stuttgartban 18.00 \u00f3rakor Urunk szenved\u00e9s\u00e9nek \u00fcnnepl\u00e9se. \u00a0* \u00c1prilis 16-\u00e1n, Nagyszombat. Stuttgartban 20.00 \u00f3rakor H\u00fasv\u00e9ti vig\u00edlia, felt\u00e1mad\u00e1si szertart\u00e1s ut\u00e1na \u00e9telszentel\u00e9s.\u00a0 \u00c1prilis 17-\u00e9n, H\u00fasv\u00e9tvas\u00e1rnap, Urunk felt\u00e1mad\u00e1sa, Ludwigsburgban\u00a09.00 \u00f3rakor \u00fcnnepi szentmise, ut\u00e1na \u00e9telszentel\u00e9s, Stuttgartban 11.30 \u00f3rakor \u00fcnnepi szentmise, ut\u00e1na \u00e9telszentel\u00e9s, Weingartenben 16.00 \u00f3rakor a Marienkirche-ben \u00fcnnepi szentmise, ut\u00e1na \u00e9telszentel\u00e9s. \u00a0* \u00c1prilis 18-\u00e1n, H\u00fasv\u00e9th\u00e9tf\u0151, Stuttgartban 9.30 \u00f3rakor szentmise, Ulmban 13.00 \u00f3rakor szentmise. \u00a0* Minden helyen mindenkit szeretettel v\u00e1r a k\u00f6z\u00f6ss\u00e9g \u00e9s Tibor atya! * * Kegyelemteljes H\u00fasv\u00e9tot k\u00edv\u00e1nunk minden Kedves H\u00edv\u00fcnknek! * \u201eA H\u00fasv\u00e9t a legnagyobb m\u00e9lys\u00e9geket \u00e9s legnagyobb magass\u00e1gokat meg\u00e9l\u0151 \u00fcnnep\u00fcnk.\u201d (J\u00f3kai Anna \u2013 k\u00f6lt\u0151n\u0151 \u2013 1932-2017) (K\u00e9pek forr\u00e1sa: Pixabay.com)","og_url":"https:\/\/stuttgarti-katolikusok.de\/index.php\/2022-aprilis-11-es-18-kozott\/","og_site_name":"Stuttgarti Katolikusok","article_published_time":"2022-04-11T08:43:28+00:00","og_image":[{"width":1280,"height":720,"url":"https:\/\/stuttgarti-katolikusok.de\/wp-content\/uploads\/2021\/03\/jesus-6124304-1280-1.jpg","type":"image\/jpeg"}],"author":"Tibor atya","twitter_card":"summary_large_image","twitter_misc":{"Szerz\u0151:":"Tibor atya","Becs\u00fclt olvas\u00e1si id\u0151":"1 perc"},"schema":{"@context":"https:\/\/schema.org","@graph":[{"@type":"Article","@id":"https:\/\/stuttgarti-katolikusok.de\/index.php\/2022-aprilis-11-es-18-kozott\/#article","isPartOf":{"@id":"https:\/\/stuttgarti-katolikusok.de\/index.php\/2022-aprilis-11-es-18-kozott\/"},"author":{"name":"Tibor atya","@id":"https:\/\/stuttgarti-katolikusok.de\/#\/schema\/person\/75908d6f8fdc03a57889d27209df7795"},"headline":"2022 \u00e1prilis 11 \u00e9s 18 k\u00f6z\u00f6tt","datePublished":"2022-04-11T08:43:28+00:00","mainEntityOfPage":{"@id":"https:\/\/stuttgarti-katolikusok.de\/index.php\/2022-aprilis-11-es-18-kozott\/"},"wordCount":209,"image":{"@id":"https:\/\/stuttgarti-katolikusok.de\/index.php\/2022-aprilis-11-es-18-kozott\/#primaryimage"},"thumbnailUrl":"https:\/\/stuttgarti-katolikusok.de\/wp-content\/uploads\/2021\/03\/last-supper-780993-1280.jpg","articleSection":["Progamel\u0151zetes"],"inLanguage":"hu"},{"@type":"WebPage","@id":"https:\/\/stuttgarti-katolikusok.de\/index.php\/2022-aprilis-11-es-18-kozott\/","url":"https:\/\/stuttgarti-katolikusok.de\/index.php\/2022-aprilis-11-es-18-kozott\/","name":"2022 \u00e1prilis 11 \u00e9s 18 k\u00f6z\u00f6tt - Stuttgarti Katolikusok","isPartOf":{"@id":"https:\/\/stuttgarti-katolikusok.de\/#website"},"primaryImageOfPage":{"@id":"https:\/\/stuttgarti-katolikusok.de\/index.php\/2022-aprilis-11-es-18-kozott\/#primaryimage"},"image":{"@id":"https:\/\/stuttgarti-katolikusok.de\/index.php\/2022-aprilis-11-es-18-kozott\/#primaryimage"},"thumbnailUrl":"https:\/\/stuttgarti-katolikusok.de\/wp-content\/uploads\/2021\/03\/last-supper-780993-1280.jpg","datePublished":"2022-04-11T08:43:28+00:00","author":{"@id":"https:\/\/stuttgarti-katolikusok.de\/#\/schema\/person\/75908d6f8fdc03a57889d27209df7795"},"breadcrumb":{"@id":"https:\/\/stuttgarti-katolikusok.de\/index.php\/2022-aprilis-11-es-18-kozott\/#breadcrumb"},"inLanguage":"hu","potentialAction":[{"@type":"ReadAction","target":["https:\/\/stuttgarti-katolikusok.de\/index.php\/2022-aprilis-11-es-18-kozott\/"]}]},{"@type":"ImageObject","inLanguage":"hu","@id":"https:\/\/stuttgarti-katolikusok.de\/index.php\/2022-aprilis-11-es-18-kozott\/#primaryimage","url":"https:\/\/stuttgarti-katolikusok.de\/wp-content\/uploads\/2021\/03\/last-supper-780993-1280.jpg","contentUrl":"https:\/\/stuttgarti-katolikusok.de\/wp-content\/uploads\/2021\/03\/last-supper-780993-1280.jpg","width":1280,"height":856},{"@type":"BreadcrumbList","@id":"https:\/\/stuttgarti-katolikusok.de\/index.php\/2022-aprilis-11-es-18-kozott\/#breadcrumb","itemListElement":[{"@type":"ListItem","position":1,"name":"Kezd\u0151lap","item":"https:\/\/stuttgarti-katolikusok.de\/"},{"@type":"ListItem","position":2,"name":"2022 \u00e1prilis 11 \u00e9s 18 k\u00f6z\u00f6tt"}]},{"@type":"WebSite","@id":"https:\/\/stuttgarti-katolikusok.de\/#website","url":"https:\/\/stuttgarti-katolikusok.de\/","name":"Stuttgarti Katolikusok","description":"","potentialAction":[{"@type":"SearchAction","target":{"@type":"EntryPoint","urlTemplate":"https:\/\/stuttgarti-katolikusok.de\/?s={search_term_string}"},"query-input":{"@type":"PropertyValueSpecification","valueRequired":true,"valueName":"search_term_string"}}],"inLanguage":"hu"},{"@type":"Person","@id":"https:\/\/stuttgarti-katolikusok.de\/#\/schema\/person\/75908d6f8fdc03a57889d27209df7795","name":"Tibor atya","image":{"@type":"ImageObject","inLanguage":"hu","@id":"https:\/\/secure.gravatar.com\/avatar\/61d268e57d1f4525b111222e29d2d5a7f8c420fdbf231ba5566a8ceac74fa960?s=96&d=mm&r=g","url":"https:\/\/secure.gravatar.com\/avatar\/61d268e57d1f4525b111222e29d2d5a7f8c420fdbf231ba5566a8ceac74fa960?s=96&d=mm&r=g","contentUrl":"https:\/\/secure.gravatar.com\/avatar\/61d268e57d1f4525b111222e29d2d5a7f8c420fdbf231ba5566a8ceac74fa960?s=96&d=mm&r=g","caption":"Tibor atya"},"url":"https:\/\/stuttgarti-katolikusok.de\/index.php\/author\/tibor-atya\/"}]}},"_links":{"self":[{"href":"https:\/\/stuttgarti-katolikusok.de\/index.php\/wp-json\/wp\/v2\/posts\/23186","targetHints":{"allow":["GET"]}}],"collection":[{"href":"https:\/\/stuttgarti-katolikusok.de\/index.php\/wp-json\/wp\/v2\/posts"}],"about":[{"href":"https:\/\/stuttgarti-katolikusok.de\/index.php\/wp-json\/wp\/v2\/types\/post"}],"author":[{"embeddable":true,"href":"https:\/\/stuttgarti-katolikusok.de\/index.php\/wp-json\/wp\/v2\/users\/3"}],"replies":[{"embeddable":true,"href":"https:\/\/stuttgarti-katolikusok.de\/index.php\/wp-json\/wp\/v2\/comments?post=23186"}],"version-history":[{"count":1,"href":"https:\/\/stuttgarti-katolikusok.de\/index.php\/wp-json\/wp\/v2\/posts\/23186\/revisions"}],"predecessor-version":[{"id":23187,"href":"https:\/\/stuttgarti-katolikusok.de\/index.php\/wp-json\/wp\/v2\/posts\/23186\/revisions\/23187"}],"wp:attachment":[{"href":"https:\/\/stuttgarti-katolikusok.de\/index.php\/wp-json\/wp\/v2\/media?parent=23186"}],"wp:term":[{"taxonomy":"category","embeddable":true,"href":"https:\/\/stuttgarti-katolikusok.de\/index.php\/wp-json\/wp\/v2\/categories?post=23186"},{"taxonomy":"post_tag","embeddable":true,"href":"https:\/\/stuttgarti-katolikusok.de\/index.php\/wp-json\/wp\/v2\/tags?post=23186"}],"curies":[{"name":"wp","href":"https:\/\/api.w.org\/{rel}","templated":true}]}}