{"id":23175,"date":"2022-04-09T12:40:16","date_gmt":"2022-04-09T10:40:16","guid":{"rendered":"https:\/\/stuttgarti-katolikusok.de\/?p=23175"},"modified":"2022-04-09T12:47:41","modified_gmt":"2022-04-09T10:47:41","slug":"47-stuttgarti-magyar-katolikus-jotekonysagi-bal-helyfoglalas","status":"publish","type":"post","link":"https:\/\/stuttgarti-katolikusok.de\/index.php\/47-stuttgarti-magyar-katolikus-jotekonysagi-bal-helyfoglalas\/","title":{"rendered":"47. Stuttgarti Magyar Katolikus J\u00f3t\u00e9konys\u00e1gi B\u00e1l &#8211; Helyfoglal\u00e1s"},"content":{"rendered":"<div class=\"kvgmc6g5 cxmmr5t8 oygrvhab hcukyx3x c1et5uql ii04i59q\">\n<div dir=\"auto\">\n<p>Kedves Bar\u00e1taink, kedves H\u00edveink!<\/p>\n<p>A mai napt\u00f3l honlapunkon is meg lehet rendelni a b\u00e1li jegyeket.<\/p>\n<p>Amennyiben online rendeli meg valaki a jegyeket, egy meger\u0151s\u00edt\u0151 e-mailt kap. Ebben az e-mailben feln\u0151ttek sz\u00e1ma szerint jelenik meg a fizetend\u0151 \u00f6sszeg. Amennyiben gyermekek is vannak a csoportban (ingyenes vagy f\u00e9l\u00e1r, az \u00e9letkort\u00f3l f\u00fcgg\u0151en), azt rendszer\u00fcnk m\u00e9g nem \u00e9rz\u00e9keli. Ilyenkor k\u00e9r\u00fcnk telefonon kereszt\u00fcli megkeres\u00e9st, hogy szem\u00e9lyesen is egyeztess\u00fcnk.<\/p>\n<p>Fizet\u00e9s t\u00f6rt\u00e9nhet szem\u00e9lyesen vagy \u00e1tutal\u00e1ssal.<\/p>\n<p>Amennyiben \u00e1tutal\u00e1ssal t\u00f6rt\u00e9nik a fizet\u00e9s, a k\u00f6vetkez\u0151 sz\u00e1mlasz\u00e1mra kell \u00e1tutalni az \u00f6sszeget:<\/p>\n<p><span style=\"color: #ff6600;\"><strong>LB-BW Bank Kontoinhaber: Kath. Stadtdekanat Stuttgart<\/strong><\/span><\/p>\n<p><span style=\"color: #ff6600;\"><strong>IBAN: DE63 600 501 01 000 46 46 192 BIC: SOLADEST600<\/strong><\/span><\/p>\n<p><span style=\"color: #ff6600;\"><strong>\u00c1tutal\u00e1skor k\u00e9rj\u00fck f\u00f6lt\u00e9tlen\u00fcl felt\u00fcntetni a nevet, az asztalsz\u00e1mot \u00e9s a Kunden-Referenznummer \/Verwendungszweck: \u201cBenefizgala\u201d be\u00edrni.<\/strong><\/span><\/p>\n<p>Amint az \u00f6sszeg meg\u00e9rkezik a Stadtdekanat-ra, \u00e9rtes\u00edtenek benn\u00fcnket. Ezt k\u00f6vet\u0151en lev\u00e9lben k\u00fcldj\u00fck a bel\u00e9p\u0151 jegyeket. Term\u00e9szetesen amennyiben valaki szem\u00e9lyesen \u00f3hajtja \u00e1tvenni, \u00fagy \u00e9rtes\u00edt benn\u00fcnket, s szem\u00e9lyesen teszi meg.<\/p>\n<p>Helyfoglal\u00e1s itt: <a href=\"https:\/\/magyarbal.stuttgarti-katolikusok.de\/?fbclid=IwAR09UsIicWXOw-WzewDpT5VDlVsWsFibdY4Ixqm5nSrs6NMMMfWIU2q9G8A\">https:\/\/magyarbal.stuttgarti-katolikusok.de\/<\/a><\/p>\n<p>vagy: <a href=\"https:\/\/stuttgarti-katolikusok.de\/?fbclid=IwAR09UsIicWXOw-WzewDpT5VDlVsWsFibdY4Ixqm5nSrs6NMMMfWIU2q9G8A\">https:\/\/stuttgarti-katolikusok.de\/<\/a><\/p>\n<p>A nyit\u00f3oldalon pedig r\u00e1 kell klikkelni a <em><strong><span style=\"color: #ff6600;\">&#8222;Helyfoglal\u00e1s&#8221;<\/span><\/strong><\/em> linkre.<\/p>\n<p><em>Tibor atya<\/em><\/p>\n<\/div>\n<\/div>\n","protected":false},"excerpt":{"rendered":"<p>Kedves Bar\u00e1taink, kedves H\u00edveink! A mai napt\u00f3l honlapunkon is meg lehet rendelni a b\u00e1li jegyeket. Amennyiben online rendeli meg valaki a jegyeket, egy meger\u0151s\u00edt\u0151 e-mailt kap. Ebben az e-mailben feln\u0151ttek sz\u00e1ma szerint jelenik meg a fizetend\u0151 \u00f6sszeg. Amennyiben gyermekek is vannak a csoportban (ingyenes vagy f\u00e9l\u00e1r, az \u00e9letkort\u00f3l f\u00fcgg\u0151en), azt rendszer\u00fcnk m\u00e9g nem \u00e9rz\u00e9keli. Ilyenkor k\u00e9r\u00fcnk telefonon kereszt\u00fcli megkeres\u00e9st, hogy szem\u00e9lyesen is egyeztess\u00fcnk. Fizet\u00e9s t\u00f6rt\u00e9nhet szem\u00e9lyesen vagy \u00e1tutal\u00e1ssal. Amennyiben \u00e1tutal\u00e1ssal t\u00f6rt\u00e9nik a fizet\u00e9s, a k\u00f6vetkez\u0151 sz\u00e1mlasz\u00e1mra kell \u00e1tutalni az \u00f6sszeget: LB-BW Bank Kontoinhaber: Kath. Stadtdekanat Stuttgart IBAN: DE63 600 501 01 000 46 46 192 BIC: SOLADEST600 \u00c1tutal\u00e1skor k\u00e9rj\u00fck f\u00f6lt\u00e9tlen\u00fcl felt\u00fcntetni a nevet, az asztalsz\u00e1mot \u00e9s a Kunden-Referenznummer \/Verwendungszweck: \u201cBenefizgala\u201d be\u00edrni. Amint az \u00f6sszeg meg\u00e9rkezik a Stadtdekanat-ra, \u00e9rtes\u00edtenek benn\u00fcnket. Ezt k\u00f6vet\u0151en lev\u00e9lben k\u00fcldj\u00fck a bel\u00e9p\u0151 jegyeket. Term\u00e9szetesen amennyiben valaki szem\u00e9lyesen \u00f3hajtja \u00e1tvenni, \u00fagy \u00e9rtes\u00edt benn\u00fcnket, s szem\u00e9lyesen teszi meg. Helyfoglal\u00e1s itt: https:\/\/magyarbal.stuttgarti-katolikusok.de\/ vagy: https:\/\/stuttgarti-katolikusok.de\/ A nyit\u00f3oldalon pedig r\u00e1 kell klikkelni a &#8222;Helyfoglal\u00e1s&#8221; linkre. Tibor atya<\/p>\n","protected":false},"author":3,"featured_media":23176,"comment_status":"closed","ping_status":"closed","sticky":false,"template":"","format":"standard","meta":{"footnotes":""},"categories":[5],"tags":[],"class_list":["post-23175","post","type-post","status-publish","format-standard","has-post-thumbnail","hentry","category-hirek"],"yoast_head":"<!-- This site is optimized with the Yoast SEO plugin v27.3 - https:\/\/yoast.com\/product\/yoast-seo-wordpress\/ -->\n<title>47. Stuttgarti Magyar Katolikus J\u00f3t\u00e9konys\u00e1gi B\u00e1l - Helyfoglal\u00e1s - Stuttgarti Katolikusok<\/title>\n<meta name=\"robots\" content=\"index, follow, max-snippet:-1, max-image-preview:large, max-video-preview:-1\" \/>\n<link rel=\"canonical\" href=\"https:\/\/stuttgarti-katolikusok.de\/index.php\/47-stuttgarti-magyar-katolikus-jotekonysagi-bal-helyfoglalas\/\" \/>\n<meta property=\"og:locale\" content=\"hu_HU\" \/>\n<meta property=\"og:type\" content=\"article\" \/>\n<meta property=\"og:title\" content=\"47. Stuttgarti Magyar Katolikus J\u00f3t\u00e9konys\u00e1gi B\u00e1l - Helyfoglal\u00e1s - Stuttgarti Katolikusok\" \/>\n<meta property=\"og:description\" content=\"Kedves Bar\u00e1taink, kedves H\u00edveink! A mai napt\u00f3l honlapunkon is meg lehet rendelni a b\u00e1li jegyeket. Amennyiben online rendeli meg valaki a jegyeket, egy meger\u0151s\u00edt\u0151 e-mailt kap. Ebben az e-mailben feln\u0151ttek sz\u00e1ma szerint jelenik meg a fizetend\u0151 \u00f6sszeg. Amennyiben gyermekek is vannak a csoportban (ingyenes vagy f\u00e9l\u00e1r, az \u00e9letkort\u00f3l f\u00fcgg\u0151en), azt rendszer\u00fcnk m\u00e9g nem \u00e9rz\u00e9keli. Ilyenkor k\u00e9r\u00fcnk telefonon kereszt\u00fcli megkeres\u00e9st, hogy szem\u00e9lyesen is egyeztess\u00fcnk. Fizet\u00e9s t\u00f6rt\u00e9nhet szem\u00e9lyesen vagy \u00e1tutal\u00e1ssal. Amennyiben \u00e1tutal\u00e1ssal t\u00f6rt\u00e9nik a fizet\u00e9s, a k\u00f6vetkez\u0151 sz\u00e1mlasz\u00e1mra kell \u00e1tutalni az \u00f6sszeget: LB-BW Bank Kontoinhaber: Kath. Stadtdekanat Stuttgart IBAN: DE63 600 501 01 000 46 46 192 BIC: SOLADEST600 \u00c1tutal\u00e1skor k\u00e9rj\u00fck f\u00f6lt\u00e9tlen\u00fcl felt\u00fcntetni a nevet, az asztalsz\u00e1mot \u00e9s a Kunden-Referenznummer \/Verwendungszweck: \u201cBenefizgala\u201d be\u00edrni. Amint az \u00f6sszeg meg\u00e9rkezik a Stadtdekanat-ra, \u00e9rtes\u00edtenek benn\u00fcnket. Ezt k\u00f6vet\u0151en lev\u00e9lben k\u00fcldj\u00fck a bel\u00e9p\u0151 jegyeket. Term\u00e9szetesen amennyiben valaki szem\u00e9lyesen \u00f3hajtja \u00e1tvenni, \u00fagy \u00e9rtes\u00edt benn\u00fcnket, s szem\u00e9lyesen teszi meg. Helyfoglal\u00e1s itt: https:\/\/magyarbal.stuttgarti-katolikusok.de\/ vagy: https:\/\/stuttgarti-katolikusok.de\/ A nyit\u00f3oldalon pedig r\u00e1 kell klikkelni a &#8222;Helyfoglal\u00e1s&#8221; linkre. Tibor atya\" \/>\n<meta property=\"og:url\" content=\"https:\/\/stuttgarti-katolikusok.de\/index.php\/47-stuttgarti-magyar-katolikus-jotekonysagi-bal-helyfoglalas\/\" \/>\n<meta property=\"og:site_name\" content=\"Stuttgarti Katolikusok\" \/>\n<meta property=\"article:published_time\" content=\"2022-04-09T10:40:16+00:00\" \/>\n<meta property=\"article:modified_time\" content=\"2022-04-09T10:47:41+00:00\" \/>\n<meta property=\"og:image\" content=\"https:\/\/stuttgarti-katolikusok.de\/wp-content\/uploads\/2022\/04\/47-magyar-bal.jpg\" \/>\n\t<meta property=\"og:image:width\" content=\"500\" \/>\n\t<meta property=\"og:image:height\" content=\"261\" \/>\n\t<meta property=\"og:image:type\" content=\"image\/jpeg\" \/>\n<meta name=\"author\" content=\"Tibor atya\" \/>\n<meta name=\"twitter:card\" content=\"summary_large_image\" \/>\n<meta name=\"twitter:label1\" content=\"Szerz\u0151:\" \/>\n\t<meta name=\"twitter:data1\" content=\"Tibor atya\" \/>\n\t<meta name=\"twitter:label2\" content=\"Becs\u00fclt olvas\u00e1si id\u0151\" \/>\n\t<meta name=\"twitter:data2\" content=\"1 perc\" \/>\n<script type=\"application\/ld+json\" class=\"yoast-schema-graph\">{\"@context\":\"https:\\\/\\\/schema.org\",\"@graph\":[{\"@type\":\"Article\",\"@id\":\"https:\\\/\\\/stuttgarti-katolikusok.de\\\/index.php\\\/47-stuttgarti-magyar-katolikus-jotekonysagi-bal-helyfoglalas\\\/#article\",\"isPartOf\":{\"@id\":\"https:\\\/\\\/stuttgarti-katolikusok.de\\\/index.php\\\/47-stuttgarti-magyar-katolikus-jotekonysagi-bal-helyfoglalas\\\/\"},\"author\":{\"name\":\"Tibor atya\",\"@id\":\"https:\\\/\\\/stuttgarti-katolikusok.de\\\/#\\\/schema\\\/person\\\/75908d6f8fdc03a57889d27209df7795\"},\"headline\":\"47. Stuttgarti Magyar Katolikus J\u00f3t\u00e9konys\u00e1gi B\u00e1l &#8211; Helyfoglal\u00e1s\",\"datePublished\":\"2022-04-09T10:40:16+00:00\",\"dateModified\":\"2022-04-09T10:47:41+00:00\",\"mainEntityOfPage\":{\"@id\":\"https:\\\/\\\/stuttgarti-katolikusok.de\\\/index.php\\\/47-stuttgarti-magyar-katolikus-jotekonysagi-bal-helyfoglalas\\\/\"},\"wordCount\":225,\"image\":{\"@id\":\"https:\\\/\\\/stuttgarti-katolikusok.de\\\/index.php\\\/47-stuttgarti-magyar-katolikus-jotekonysagi-bal-helyfoglalas\\\/#primaryimage\"},\"thumbnailUrl\":\"https:\\\/\\\/stuttgarti-katolikusok.de\\\/wp-content\\\/uploads\\\/2022\\\/04\\\/47-magyar-bal.jpg\",\"articleSection\":[\"H\u00edrek\"],\"inLanguage\":\"hu\"},{\"@type\":\"WebPage\",\"@id\":\"https:\\\/\\\/stuttgarti-katolikusok.de\\\/index.php\\\/47-stuttgarti-magyar-katolikus-jotekonysagi-bal-helyfoglalas\\\/\",\"url\":\"https:\\\/\\\/stuttgarti-katolikusok.de\\\/index.php\\\/47-stuttgarti-magyar-katolikus-jotekonysagi-bal-helyfoglalas\\\/\",\"name\":\"47. Stuttgarti Magyar Katolikus J\u00f3t\u00e9konys\u00e1gi B\u00e1l - Helyfoglal\u00e1s - Stuttgarti Katolikusok\",\"isPartOf\":{\"@id\":\"https:\\\/\\\/stuttgarti-katolikusok.de\\\/#website\"},\"primaryImageOfPage\":{\"@id\":\"https:\\\/\\\/stuttgarti-katolikusok.de\\\/index.php\\\/47-stuttgarti-magyar-katolikus-jotekonysagi-bal-helyfoglalas\\\/#primaryimage\"},\"image\":{\"@id\":\"https:\\\/\\\/stuttgarti-katolikusok.de\\\/index.php\\\/47-stuttgarti-magyar-katolikus-jotekonysagi-bal-helyfoglalas\\\/#primaryimage\"},\"thumbnailUrl\":\"https:\\\/\\\/stuttgarti-katolikusok.de\\\/wp-content\\\/uploads\\\/2022\\\/04\\\/47-magyar-bal.jpg\",\"datePublished\":\"2022-04-09T10:40:16+00:00\",\"dateModified\":\"2022-04-09T10:47:41+00:00\",\"author\":{\"@id\":\"https:\\\/\\\/stuttgarti-katolikusok.de\\\/#\\\/schema\\\/person\\\/75908d6f8fdc03a57889d27209df7795\"},\"breadcrumb\":{\"@id\":\"https:\\\/\\\/stuttgarti-katolikusok.de\\\/index.php\\\/47-stuttgarti-magyar-katolikus-jotekonysagi-bal-helyfoglalas\\\/#breadcrumb\"},\"inLanguage\":\"hu\",\"potentialAction\":[{\"@type\":\"ReadAction\",\"target\":[\"https:\\\/\\\/stuttgarti-katolikusok.de\\\/index.php\\\/47-stuttgarti-magyar-katolikus-jotekonysagi-bal-helyfoglalas\\\/\"]}]},{\"@type\":\"ImageObject\",\"inLanguage\":\"hu\",\"@id\":\"https:\\\/\\\/stuttgarti-katolikusok.de\\\/index.php\\\/47-stuttgarti-magyar-katolikus-jotekonysagi-bal-helyfoglalas\\\/#primaryimage\",\"url\":\"https:\\\/\\\/stuttgarti-katolikusok.de\\\/wp-content\\\/uploads\\\/2022\\\/04\\\/47-magyar-bal.jpg\",\"contentUrl\":\"https:\\\/\\\/stuttgarti-katolikusok.de\\\/wp-content\\\/uploads\\\/2022\\\/04\\\/47-magyar-bal.jpg\",\"width\":500,\"height\":261},{\"@type\":\"BreadcrumbList\",\"@id\":\"https:\\\/\\\/stuttgarti-katolikusok.de\\\/index.php\\\/47-stuttgarti-magyar-katolikus-jotekonysagi-bal-helyfoglalas\\\/#breadcrumb\",\"itemListElement\":[{\"@type\":\"ListItem\",\"position\":1,\"name\":\"Kezd\u0151lap\",\"item\":\"https:\\\/\\\/stuttgarti-katolikusok.de\\\/\"},{\"@type\":\"ListItem\",\"position\":2,\"name\":\"47. Stuttgarti Magyar Katolikus J\u00f3t\u00e9konys\u00e1gi B\u00e1l &#8211; Helyfoglal\u00e1s\"}]},{\"@type\":\"WebSite\",\"@id\":\"https:\\\/\\\/stuttgarti-katolikusok.de\\\/#website\",\"url\":\"https:\\\/\\\/stuttgarti-katolikusok.de\\\/\",\"name\":\"Stuttgarti Katolikusok\",\"description\":\"\",\"potentialAction\":[{\"@type\":\"SearchAction\",\"target\":{\"@type\":\"EntryPoint\",\"urlTemplate\":\"https:\\\/\\\/stuttgarti-katolikusok.de\\\/?s={search_term_string}\"},\"query-input\":{\"@type\":\"PropertyValueSpecification\",\"valueRequired\":true,\"valueName\":\"search_term_string\"}}],\"inLanguage\":\"hu\"},{\"@type\":\"Person\",\"@id\":\"https:\\\/\\\/stuttgarti-katolikusok.de\\\/#\\\/schema\\\/person\\\/75908d6f8fdc03a57889d27209df7795\",\"name\":\"Tibor atya\",\"image\":{\"@type\":\"ImageObject\",\"inLanguage\":\"hu\",\"@id\":\"https:\\\/\\\/secure.gravatar.com\\\/avatar\\\/61d268e57d1f4525b111222e29d2d5a7f8c420fdbf231ba5566a8ceac74fa960?s=96&d=mm&r=g\",\"url\":\"https:\\\/\\\/secure.gravatar.com\\\/avatar\\\/61d268e57d1f4525b111222e29d2d5a7f8c420fdbf231ba5566a8ceac74fa960?s=96&d=mm&r=g\",\"contentUrl\":\"https:\\\/\\\/secure.gravatar.com\\\/avatar\\\/61d268e57d1f4525b111222e29d2d5a7f8c420fdbf231ba5566a8ceac74fa960?s=96&d=mm&r=g\",\"caption\":\"Tibor atya\"},\"url\":\"https:\\\/\\\/stuttgarti-katolikusok.de\\\/index.php\\\/author\\\/tibor-atya\\\/\"}]}<\/script>\n<!-- \/ Yoast SEO plugin. -->","yoast_head_json":{"title":"47. Stuttgarti Magyar Katolikus J\u00f3t\u00e9konys\u00e1gi B\u00e1l - Helyfoglal\u00e1s - Stuttgarti Katolikusok","robots":{"index":"index","follow":"follow","max-snippet":"max-snippet:-1","max-image-preview":"max-image-preview:large","max-video-preview":"max-video-preview:-1"},"canonical":"https:\/\/stuttgarti-katolikusok.de\/index.php\/47-stuttgarti-magyar-katolikus-jotekonysagi-bal-helyfoglalas\/","og_locale":"hu_HU","og_type":"article","og_title":"47. Stuttgarti Magyar Katolikus J\u00f3t\u00e9konys\u00e1gi B\u00e1l - Helyfoglal\u00e1s - Stuttgarti Katolikusok","og_description":"Kedves Bar\u00e1taink, kedves H\u00edveink! A mai napt\u00f3l honlapunkon is meg lehet rendelni a b\u00e1li jegyeket. Amennyiben online rendeli meg valaki a jegyeket, egy meger\u0151s\u00edt\u0151 e-mailt kap. Ebben az e-mailben feln\u0151ttek sz\u00e1ma szerint jelenik meg a fizetend\u0151 \u00f6sszeg. Amennyiben gyermekek is vannak a csoportban (ingyenes vagy f\u00e9l\u00e1r, az \u00e9letkort\u00f3l f\u00fcgg\u0151en), azt rendszer\u00fcnk m\u00e9g nem \u00e9rz\u00e9keli. Ilyenkor k\u00e9r\u00fcnk telefonon kereszt\u00fcli megkeres\u00e9st, hogy szem\u00e9lyesen is egyeztess\u00fcnk. Fizet\u00e9s t\u00f6rt\u00e9nhet szem\u00e9lyesen vagy \u00e1tutal\u00e1ssal. Amennyiben \u00e1tutal\u00e1ssal t\u00f6rt\u00e9nik a fizet\u00e9s, a k\u00f6vetkez\u0151 sz\u00e1mlasz\u00e1mra kell \u00e1tutalni az \u00f6sszeget: LB-BW Bank Kontoinhaber: Kath. Stadtdekanat Stuttgart IBAN: DE63 600 501 01 000 46 46 192 BIC: SOLADEST600 \u00c1tutal\u00e1skor k\u00e9rj\u00fck f\u00f6lt\u00e9tlen\u00fcl felt\u00fcntetni a nevet, az asztalsz\u00e1mot \u00e9s a Kunden-Referenznummer \/Verwendungszweck: \u201cBenefizgala\u201d be\u00edrni. Amint az \u00f6sszeg meg\u00e9rkezik a Stadtdekanat-ra, \u00e9rtes\u00edtenek benn\u00fcnket. Ezt k\u00f6vet\u0151en lev\u00e9lben k\u00fcldj\u00fck a bel\u00e9p\u0151 jegyeket. Term\u00e9szetesen amennyiben valaki szem\u00e9lyesen \u00f3hajtja \u00e1tvenni, \u00fagy \u00e9rtes\u00edt benn\u00fcnket, s szem\u00e9lyesen teszi meg. Helyfoglal\u00e1s itt: https:\/\/magyarbal.stuttgarti-katolikusok.de\/ vagy: https:\/\/stuttgarti-katolikusok.de\/ A nyit\u00f3oldalon pedig r\u00e1 kell klikkelni a &#8222;Helyfoglal\u00e1s&#8221; linkre. Tibor atya","og_url":"https:\/\/stuttgarti-katolikusok.de\/index.php\/47-stuttgarti-magyar-katolikus-jotekonysagi-bal-helyfoglalas\/","og_site_name":"Stuttgarti Katolikusok","article_published_time":"2022-04-09T10:40:16+00:00","article_modified_time":"2022-04-09T10:47:41+00:00","og_image":[{"width":500,"height":261,"url":"https:\/\/stuttgarti-katolikusok.de\/wp-content\/uploads\/2022\/04\/47-magyar-bal.jpg","type":"image\/jpeg"}],"author":"Tibor atya","twitter_card":"summary_large_image","twitter_misc":{"Szerz\u0151:":"Tibor atya","Becs\u00fclt olvas\u00e1si id\u0151":"1 perc"},"schema":{"@context":"https:\/\/schema.org","@graph":[{"@type":"Article","@id":"https:\/\/stuttgarti-katolikusok.de\/index.php\/47-stuttgarti-magyar-katolikus-jotekonysagi-bal-helyfoglalas\/#article","isPartOf":{"@id":"https:\/\/stuttgarti-katolikusok.de\/index.php\/47-stuttgarti-magyar-katolikus-jotekonysagi-bal-helyfoglalas\/"},"author":{"name":"Tibor atya","@id":"https:\/\/stuttgarti-katolikusok.de\/#\/schema\/person\/75908d6f8fdc03a57889d27209df7795"},"headline":"47. Stuttgarti Magyar Katolikus J\u00f3t\u00e9konys\u00e1gi B\u00e1l &#8211; Helyfoglal\u00e1s","datePublished":"2022-04-09T10:40:16+00:00","dateModified":"2022-04-09T10:47:41+00:00","mainEntityOfPage":{"@id":"https:\/\/stuttgarti-katolikusok.de\/index.php\/47-stuttgarti-magyar-katolikus-jotekonysagi-bal-helyfoglalas\/"},"wordCount":225,"image":{"@id":"https:\/\/stuttgarti-katolikusok.de\/index.php\/47-stuttgarti-magyar-katolikus-jotekonysagi-bal-helyfoglalas\/#primaryimage"},"thumbnailUrl":"https:\/\/stuttgarti-katolikusok.de\/wp-content\/uploads\/2022\/04\/47-magyar-bal.jpg","articleSection":["H\u00edrek"],"inLanguage":"hu"},{"@type":"WebPage","@id":"https:\/\/stuttgarti-katolikusok.de\/index.php\/47-stuttgarti-magyar-katolikus-jotekonysagi-bal-helyfoglalas\/","url":"https:\/\/stuttgarti-katolikusok.de\/index.php\/47-stuttgarti-magyar-katolikus-jotekonysagi-bal-helyfoglalas\/","name":"47. Stuttgarti Magyar Katolikus J\u00f3t\u00e9konys\u00e1gi B\u00e1l - Helyfoglal\u00e1s - Stuttgarti Katolikusok","isPartOf":{"@id":"https:\/\/stuttgarti-katolikusok.de\/#website"},"primaryImageOfPage":{"@id":"https:\/\/stuttgarti-katolikusok.de\/index.php\/47-stuttgarti-magyar-katolikus-jotekonysagi-bal-helyfoglalas\/#primaryimage"},"image":{"@id":"https:\/\/stuttgarti-katolikusok.de\/index.php\/47-stuttgarti-magyar-katolikus-jotekonysagi-bal-helyfoglalas\/#primaryimage"},"thumbnailUrl":"https:\/\/stuttgarti-katolikusok.de\/wp-content\/uploads\/2022\/04\/47-magyar-bal.jpg","datePublished":"2022-04-09T10:40:16+00:00","dateModified":"2022-04-09T10:47:41+00:00","author":{"@id":"https:\/\/stuttgarti-katolikusok.de\/#\/schema\/person\/75908d6f8fdc03a57889d27209df7795"},"breadcrumb":{"@id":"https:\/\/stuttgarti-katolikusok.de\/index.php\/47-stuttgarti-magyar-katolikus-jotekonysagi-bal-helyfoglalas\/#breadcrumb"},"inLanguage":"hu","potentialAction":[{"@type":"ReadAction","target":["https:\/\/stuttgarti-katolikusok.de\/index.php\/47-stuttgarti-magyar-katolikus-jotekonysagi-bal-helyfoglalas\/"]}]},{"@type":"ImageObject","inLanguage":"hu","@id":"https:\/\/stuttgarti-katolikusok.de\/index.php\/47-stuttgarti-magyar-katolikus-jotekonysagi-bal-helyfoglalas\/#primaryimage","url":"https:\/\/stuttgarti-katolikusok.de\/wp-content\/uploads\/2022\/04\/47-magyar-bal.jpg","contentUrl":"https:\/\/stuttgarti-katolikusok.de\/wp-content\/uploads\/2022\/04\/47-magyar-bal.jpg","width":500,"height":261},{"@type":"BreadcrumbList","@id":"https:\/\/stuttgarti-katolikusok.de\/index.php\/47-stuttgarti-magyar-katolikus-jotekonysagi-bal-helyfoglalas\/#breadcrumb","itemListElement":[{"@type":"ListItem","position":1,"name":"Kezd\u0151lap","item":"https:\/\/stuttgarti-katolikusok.de\/"},{"@type":"ListItem","position":2,"name":"47. Stuttgarti Magyar Katolikus J\u00f3t\u00e9konys\u00e1gi B\u00e1l &#8211; Helyfoglal\u00e1s"}]},{"@type":"WebSite","@id":"https:\/\/stuttgarti-katolikusok.de\/#website","url":"https:\/\/stuttgarti-katolikusok.de\/","name":"Stuttgarti Katolikusok","description":"","potentialAction":[{"@type":"SearchAction","target":{"@type":"EntryPoint","urlTemplate":"https:\/\/stuttgarti-katolikusok.de\/?s={search_term_string}"},"query-input":{"@type":"PropertyValueSpecification","valueRequired":true,"valueName":"search_term_string"}}],"inLanguage":"hu"},{"@type":"Person","@id":"https:\/\/stuttgarti-katolikusok.de\/#\/schema\/person\/75908d6f8fdc03a57889d27209df7795","name":"Tibor atya","image":{"@type":"ImageObject","inLanguage":"hu","@id":"https:\/\/secure.gravatar.com\/avatar\/61d268e57d1f4525b111222e29d2d5a7f8c420fdbf231ba5566a8ceac74fa960?s=96&d=mm&r=g","url":"https:\/\/secure.gravatar.com\/avatar\/61d268e57d1f4525b111222e29d2d5a7f8c420fdbf231ba5566a8ceac74fa960?s=96&d=mm&r=g","contentUrl":"https:\/\/secure.gravatar.com\/avatar\/61d268e57d1f4525b111222e29d2d5a7f8c420fdbf231ba5566a8ceac74fa960?s=96&d=mm&r=g","caption":"Tibor atya"},"url":"https:\/\/stuttgarti-katolikusok.de\/index.php\/author\/tibor-atya\/"}]}},"_links":{"self":[{"href":"https:\/\/stuttgarti-katolikusok.de\/index.php\/wp-json\/wp\/v2\/posts\/23175","targetHints":{"allow":["GET"]}}],"collection":[{"href":"https:\/\/stuttgarti-katolikusok.de\/index.php\/wp-json\/wp\/v2\/posts"}],"about":[{"href":"https:\/\/stuttgarti-katolikusok.de\/index.php\/wp-json\/wp\/v2\/types\/post"}],"author":[{"embeddable":true,"href":"https:\/\/stuttgarti-katolikusok.de\/index.php\/wp-json\/wp\/v2\/users\/3"}],"replies":[{"embeddable":true,"href":"https:\/\/stuttgarti-katolikusok.de\/index.php\/wp-json\/wp\/v2\/comments?post=23175"}],"version-history":[{"count":7,"href":"https:\/\/stuttgarti-katolikusok.de\/index.php\/wp-json\/wp\/v2\/posts\/23175\/revisions"}],"predecessor-version":[{"id":23183,"href":"https:\/\/stuttgarti-katolikusok.de\/index.php\/wp-json\/wp\/v2\/posts\/23175\/revisions\/23183"}],"wp:featuredmedia":[{"embeddable":true,"href":"https:\/\/stuttgarti-katolikusok.de\/index.php\/wp-json\/wp\/v2\/media\/23176"}],"wp:attachment":[{"href":"https:\/\/stuttgarti-katolikusok.de\/index.php\/wp-json\/wp\/v2\/media?parent=23175"}],"wp:term":[{"taxonomy":"category","embeddable":true,"href":"https:\/\/stuttgarti-katolikusok.de\/index.php\/wp-json\/wp\/v2\/categories?post=23175"},{"taxonomy":"post_tag","embeddable":true,"href":"https:\/\/stuttgarti-katolikusok.de\/index.php\/wp-json\/wp\/v2\/tags?post=23175"}],"curies":[{"name":"wp","href":"https:\/\/api.w.org\/{rel}","templated":true}]}}