{"id":23156,"date":"2022-04-07T08:40:51","date_gmt":"2022-04-07T06:40:51","guid":{"rendered":"https:\/\/stuttgarti-katolikusok.de\/?p=23156"},"modified":"2022-04-07T08:47:46","modified_gmt":"2022-04-07T06:47:46","slug":"az-elet-konyvebol","status":"publish","type":"post","link":"https:\/\/stuttgarti-katolikusok.de\/index.php\/az-elet-konyvebol\/","title":{"rendered":"Az \u00e9let k\u00f6nyv\u00e9b\u0151l"},"content":{"rendered":"<p>Szomor\u00fa sz\u00edvvel eml\u00e9kez\u00fcnk meg Stauder sz\u00fcl. Kaiser \u00c9v\u00e1r\u00f3l, Egyh\u00e1zk\u00f6zs\u00e9g\u00fcnk oszlopos tagj\u00e1r\u00f3l, aki hossz\u00fa, de t\u00fcrelmesen viselt szenved\u00e9s ut\u00e1n, 2022. m\u00e1rcius 27-\u00e9n, vas\u00e1rnap reggel hunyt el.<\/p>\n<p>\u00c9v\u00e1t \u00e9vtizedek \u00f3ta ismerj\u00fck, egy\u00fctt im\u00e1dkoztunk, l\u00e1togattuk a zar\u00e1ndokhelyeket, ismerkedt\u00fcnk a k\u00fcl\u00f6nb\u00f6z\u0151 orsz\u00e1gok kult\u00far\u00e1j\u00e1val, nevezetess\u00e9geivel azokon a felejthetetlen utakon, amelyeket Horv\u00e1th J\u00e1nos atya kezdem\u00e9nyez\u00e9s\u00e9vel tett\u00fcnk meg.<\/p>\n<p>\u0150 volt az \u00f6nk\u00e9ntes munk\u00e1t v\u00e1llal\u00f3k egyik legnagyobb p\u00e9ldak\u00e9pe Egyh\u00e1zk\u00f6zs\u00e9g\u00fcnkben. \u00c9veken \u00e1t vezette Imre atya k\u00e9r\u00e9s\u00e9re a p\u00e9ntek d\u00e9lut\u00e1ni Bar\u00e1ts\u00e1g Klubot, programokat szervezett megh\u00edvott vend\u00e9gekkel, akik egyh\u00e1zi \u00fcnnepekr\u0151l, m\u0171v\u00e9szetr\u0151l, irodalomr\u00f3l, t\u00f6rt\u00e9nelemr\u0151l tartottak el\u0151ad\u00e1sokat, zar\u00e1ndokutakr\u00f3l mutattak be filmeket.<\/p>\n<p>T\u00f6bbsz\u00f6r \u00e9n is ott voltam ezeken a d\u00e9lut\u00e1ni esem\u00e9nyeken. \u00c9v\u00e1t dics\u00e9rte a gy\u00f6ny\u00f6r\u0171 ter\u00edt\u00e9k az asztalokon \u00e9s a bar\u00e1ts\u00e1gos fogadtat\u00e1s.<\/p>\n<p>\u00c9v\u00e1nak k\u00f6sz\u00f6nhetj\u00fck azt is, hogy testv\u00e9re, Vit\u00e9z Nemes Kaiser Ern\u0151, a Szent Gy\u00f6rgy Lovagrend tagjak\u00e9nt, lovagt\u00e1rsaival egy\u00fctt 2017-ben Szent Erzs\u00e9bet erekly\u00e9t adom\u00e1nyozott Egyh\u00e1zk\u00f6zs\u00e9g\u00fcnknek. Tavaly szeptemberben, a stuttgarti b\u00facs\u00fankon, Tibor aty\u00e1nak tov\u00e1bbi k\u00e9t erekly\u00e9t ny\u00fajtott \u00e1t, Szent Gell\u00e9rt \u00e9s Szent Istv\u00e1n erekly\u00e9t, \u00edgy h\u00e1rom ereklye el\u0151tt k\u00e9rhetj\u00fck Isten k\u00f6zbenj\u00e1r\u00e1s\u00e1t.<\/p>\n<p>Stauder \u00c9va testv\u00e9r\u00fcnkt\u0151l 2022. \u00e1prilis 13-\u00e1n, szerd\u00e1n, 12.00 \u00f3rakor vesz\u00fcnk b\u00facs\u00fat Stuttgartban a Pragfriedhof temet\u0151ben.<\/p>\n<p>Kedves \u00c9va, p\u00e9ld\u00e1dat k\u00f6vetni fogjuk. Isten nyugtasson b\u00e9k\u00e9ben!<\/p>\n<p><em>D\u00e1vid Melinda<\/em><\/p>\n","protected":false},"excerpt":{"rendered":"<p>Szomor\u00fa sz\u00edvvel eml\u00e9kez\u00fcnk meg Stauder sz\u00fcl. Kaiser \u00c9v\u00e1r\u00f3l, Egyh\u00e1zk\u00f6zs\u00e9g\u00fcnk oszlopos tagj\u00e1r\u00f3l, aki hossz\u00fa, de t\u00fcrelmesen viselt szenved\u00e9s ut\u00e1n, 2022. m\u00e1rcius 27-\u00e9n, vas\u00e1rnap reggel hunyt el. \u00c9v\u00e1t \u00e9vtizedek \u00f3ta ismerj\u00fck, egy\u00fctt im\u00e1dkoztunk, l\u00e1togattuk a zar\u00e1ndokhelyeket, ismerkedt\u00fcnk a k\u00fcl\u00f6nb\u00f6z\u0151 orsz\u00e1gok kult\u00far\u00e1j\u00e1val, nevezetess\u00e9geivel azokon a felejthetetlen utakon, amelyeket Horv\u00e1th J\u00e1nos atya kezdem\u00e9nyez\u00e9s\u00e9vel tett\u00fcnk meg. \u0150 volt az \u00f6nk\u00e9ntes munk\u00e1t v\u00e1llal\u00f3k egyik legnagyobb p\u00e9ldak\u00e9pe Egyh\u00e1zk\u00f6zs\u00e9g\u00fcnkben. \u00c9veken \u00e1t vezette Imre atya k\u00e9r\u00e9s\u00e9re a p\u00e9ntek d\u00e9lut\u00e1ni Bar\u00e1ts\u00e1g Klubot, programokat szervezett megh\u00edvott vend\u00e9gekkel, akik egyh\u00e1zi \u00fcnnepekr\u0151l, m\u0171v\u00e9szetr\u0151l, irodalomr\u00f3l, t\u00f6rt\u00e9nelemr\u0151l tartottak el\u0151ad\u00e1sokat, zar\u00e1ndokutakr\u00f3l mutattak be filmeket. T\u00f6bbsz\u00f6r \u00e9n is ott voltam ezeken a d\u00e9lut\u00e1ni esem\u00e9nyeken. \u00c9v\u00e1t dics\u00e9rte a gy\u00f6ny\u00f6r\u0171 ter\u00edt\u00e9k az asztalokon \u00e9s a bar\u00e1ts\u00e1gos fogadtat\u00e1s. \u00c9v\u00e1nak k\u00f6sz\u00f6nhetj\u00fck azt is, hogy testv\u00e9re, Vit\u00e9z Nemes Kaiser Ern\u0151, a Szent Gy\u00f6rgy Lovagrend tagjak\u00e9nt, lovagt\u00e1rsaival egy\u00fctt 2017-ben Szent Erzs\u00e9bet erekly\u00e9t adom\u00e1nyozott Egyh\u00e1zk\u00f6zs\u00e9g\u00fcnknek. Tavaly szeptemberben, a stuttgarti b\u00facs\u00fankon, Tibor aty\u00e1nak tov\u00e1bbi k\u00e9t erekly\u00e9t ny\u00fajtott \u00e1t, Szent Gell\u00e9rt \u00e9s Szent Istv\u00e1n erekly\u00e9t, \u00edgy h\u00e1rom ereklye el\u0151tt k\u00e9rhetj\u00fck Isten k\u00f6zbenj\u00e1r\u00e1s\u00e1t. Stauder \u00c9va testv\u00e9r\u00fcnkt\u0151l 2022. \u00e1prilis 13-\u00e1n, szerd\u00e1n, 12.00 \u00f3rakor vesz\u00fcnk b\u00facs\u00fat Stuttgartban a Pragfriedhof temet\u0151ben. Kedves \u00c9va, p\u00e9ld\u00e1dat k\u00f6vetni fogjuk. Isten nyugtasson b\u00e9k\u00e9ben! D\u00e1vid Melinda<\/p>\n","protected":false},"author":3,"featured_media":23159,"comment_status":"closed","ping_status":"closed","sticky":false,"template":"","format":"standard","meta":{"footnotes":""},"categories":[5],"tags":[],"class_list":["post-23156","post","type-post","status-publish","format-standard","has-post-thumbnail","hentry","category-hirek"],"yoast_head":"<!-- This site is optimized with the Yoast SEO plugin v27.3 - https:\/\/yoast.com\/product\/yoast-seo-wordpress\/ -->\n<title>Az \u00e9let k\u00f6nyv\u00e9b\u0151l - Stuttgarti Katolikusok<\/title>\n<meta name=\"robots\" content=\"index, follow, max-snippet:-1, max-image-preview:large, max-video-preview:-1\" \/>\n<link rel=\"canonical\" href=\"https:\/\/stuttgarti-katolikusok.de\/index.php\/az-elet-konyvebol\/\" \/>\n<meta property=\"og:locale\" content=\"hu_HU\" \/>\n<meta property=\"og:type\" content=\"article\" \/>\n<meta property=\"og:title\" content=\"Az \u00e9let k\u00f6nyv\u00e9b\u0151l - Stuttgarti Katolikusok\" \/>\n<meta property=\"og:description\" content=\"Szomor\u00fa sz\u00edvvel eml\u00e9kez\u00fcnk meg Stauder sz\u00fcl. Kaiser \u00c9v\u00e1r\u00f3l, Egyh\u00e1zk\u00f6zs\u00e9g\u00fcnk oszlopos tagj\u00e1r\u00f3l, aki hossz\u00fa, de t\u00fcrelmesen viselt szenved\u00e9s ut\u00e1n, 2022. m\u00e1rcius 27-\u00e9n, vas\u00e1rnap reggel hunyt el. \u00c9v\u00e1t \u00e9vtizedek \u00f3ta ismerj\u00fck, egy\u00fctt im\u00e1dkoztunk, l\u00e1togattuk a zar\u00e1ndokhelyeket, ismerkedt\u00fcnk a k\u00fcl\u00f6nb\u00f6z\u0151 orsz\u00e1gok kult\u00far\u00e1j\u00e1val, nevezetess\u00e9geivel azokon a felejthetetlen utakon, amelyeket Horv\u00e1th J\u00e1nos atya kezdem\u00e9nyez\u00e9s\u00e9vel tett\u00fcnk meg. \u0150 volt az \u00f6nk\u00e9ntes munk\u00e1t v\u00e1llal\u00f3k egyik legnagyobb p\u00e9ldak\u00e9pe Egyh\u00e1zk\u00f6zs\u00e9g\u00fcnkben. \u00c9veken \u00e1t vezette Imre atya k\u00e9r\u00e9s\u00e9re a p\u00e9ntek d\u00e9lut\u00e1ni Bar\u00e1ts\u00e1g Klubot, programokat szervezett megh\u00edvott vend\u00e9gekkel, akik egyh\u00e1zi \u00fcnnepekr\u0151l, m\u0171v\u00e9szetr\u0151l, irodalomr\u00f3l, t\u00f6rt\u00e9nelemr\u0151l tartottak el\u0151ad\u00e1sokat, zar\u00e1ndokutakr\u00f3l mutattak be filmeket. T\u00f6bbsz\u00f6r \u00e9n is ott voltam ezeken a d\u00e9lut\u00e1ni esem\u00e9nyeken. \u00c9v\u00e1t dics\u00e9rte a gy\u00f6ny\u00f6r\u0171 ter\u00edt\u00e9k az asztalokon \u00e9s a bar\u00e1ts\u00e1gos fogadtat\u00e1s. \u00c9v\u00e1nak k\u00f6sz\u00f6nhetj\u00fck azt is, hogy testv\u00e9re, Vit\u00e9z Nemes Kaiser Ern\u0151, a Szent Gy\u00f6rgy Lovagrend tagjak\u00e9nt, lovagt\u00e1rsaival egy\u00fctt 2017-ben Szent Erzs\u00e9bet erekly\u00e9t adom\u00e1nyozott Egyh\u00e1zk\u00f6zs\u00e9g\u00fcnknek. Tavaly szeptemberben, a stuttgarti b\u00facs\u00fankon, Tibor aty\u00e1nak tov\u00e1bbi k\u00e9t erekly\u00e9t ny\u00fajtott \u00e1t, Szent Gell\u00e9rt \u00e9s Szent Istv\u00e1n erekly\u00e9t, \u00edgy h\u00e1rom ereklye el\u0151tt k\u00e9rhetj\u00fck Isten k\u00f6zbenj\u00e1r\u00e1s\u00e1t. Stauder \u00c9va testv\u00e9r\u00fcnkt\u0151l 2022. \u00e1prilis 13-\u00e1n, szerd\u00e1n, 12.00 \u00f3rakor vesz\u00fcnk b\u00facs\u00fat Stuttgartban a Pragfriedhof temet\u0151ben. Kedves \u00c9va, p\u00e9ld\u00e1dat k\u00f6vetni fogjuk. Isten nyugtasson b\u00e9k\u00e9ben! D\u00e1vid Melinda\" \/>\n<meta property=\"og:url\" content=\"https:\/\/stuttgarti-katolikusok.de\/index.php\/az-elet-konyvebol\/\" \/>\n<meta property=\"og:site_name\" content=\"Stuttgarti Katolikusok\" \/>\n<meta property=\"article:published_time\" content=\"2022-04-07T06:40:51+00:00\" \/>\n<meta property=\"article:modified_time\" content=\"2022-04-07T06:47:46+00:00\" \/>\n<meta property=\"og:image\" content=\"https:\/\/stuttgarti-katolikusok.de\/wp-content\/uploads\/2022\/04\/stauder-eva-1.jpg\" \/>\n\t<meta property=\"og:image:width\" content=\"840\" \/>\n\t<meta property=\"og:image:height\" content=\"897\" \/>\n\t<meta property=\"og:image:type\" content=\"image\/jpeg\" \/>\n<meta name=\"author\" content=\"Tibor atya\" \/>\n<meta name=\"twitter:card\" content=\"summary_large_image\" \/>\n<meta name=\"twitter:label1\" content=\"Szerz\u0151:\" \/>\n\t<meta name=\"twitter:data1\" content=\"Tibor atya\" \/>\n\t<meta name=\"twitter:label2\" content=\"Becs\u00fclt olvas\u00e1si id\u0151\" \/>\n\t<meta name=\"twitter:data2\" content=\"1 perc\" \/>\n<script type=\"application\/ld+json\" class=\"yoast-schema-graph\">{\"@context\":\"https:\\\/\\\/schema.org\",\"@graph\":[{\"@type\":\"Article\",\"@id\":\"https:\\\/\\\/stuttgarti-katolikusok.de\\\/index.php\\\/az-elet-konyvebol\\\/#article\",\"isPartOf\":{\"@id\":\"https:\\\/\\\/stuttgarti-katolikusok.de\\\/index.php\\\/az-elet-konyvebol\\\/\"},\"author\":{\"name\":\"Tibor atya\",\"@id\":\"https:\\\/\\\/stuttgarti-katolikusok.de\\\/#\\\/schema\\\/person\\\/75908d6f8fdc03a57889d27209df7795\"},\"headline\":\"Az \u00e9let k\u00f6nyv\u00e9b\u0151l\",\"datePublished\":\"2022-04-07T06:40:51+00:00\",\"dateModified\":\"2022-04-07T06:47:46+00:00\",\"mainEntityOfPage\":{\"@id\":\"https:\\\/\\\/stuttgarti-katolikusok.de\\\/index.php\\\/az-elet-konyvebol\\\/\"},\"wordCount\":319,\"image\":{\"@id\":\"https:\\\/\\\/stuttgarti-katolikusok.de\\\/index.php\\\/az-elet-konyvebol\\\/#primaryimage\"},\"thumbnailUrl\":\"https:\\\/\\\/stuttgarti-katolikusok.de\\\/wp-content\\\/uploads\\\/2022\\\/04\\\/stauder-eva-1.jpg\",\"articleSection\":[\"H\u00edrek\"],\"inLanguage\":\"hu\"},{\"@type\":\"WebPage\",\"@id\":\"https:\\\/\\\/stuttgarti-katolikusok.de\\\/index.php\\\/az-elet-konyvebol\\\/\",\"url\":\"https:\\\/\\\/stuttgarti-katolikusok.de\\\/index.php\\\/az-elet-konyvebol\\\/\",\"name\":\"Az \u00e9let k\u00f6nyv\u00e9b\u0151l - Stuttgarti Katolikusok\",\"isPartOf\":{\"@id\":\"https:\\\/\\\/stuttgarti-katolikusok.de\\\/#website\"},\"primaryImageOfPage\":{\"@id\":\"https:\\\/\\\/stuttgarti-katolikusok.de\\\/index.php\\\/az-elet-konyvebol\\\/#primaryimage\"},\"image\":{\"@id\":\"https:\\\/\\\/stuttgarti-katolikusok.de\\\/index.php\\\/az-elet-konyvebol\\\/#primaryimage\"},\"thumbnailUrl\":\"https:\\\/\\\/stuttgarti-katolikusok.de\\\/wp-content\\\/uploads\\\/2022\\\/04\\\/stauder-eva-1.jpg\",\"datePublished\":\"2022-04-07T06:40:51+00:00\",\"dateModified\":\"2022-04-07T06:47:46+00:00\",\"author\":{\"@id\":\"https:\\\/\\\/stuttgarti-katolikusok.de\\\/#\\\/schema\\\/person\\\/75908d6f8fdc03a57889d27209df7795\"},\"breadcrumb\":{\"@id\":\"https:\\\/\\\/stuttgarti-katolikusok.de\\\/index.php\\\/az-elet-konyvebol\\\/#breadcrumb\"},\"inLanguage\":\"hu\",\"potentialAction\":[{\"@type\":\"ReadAction\",\"target\":[\"https:\\\/\\\/stuttgarti-katolikusok.de\\\/index.php\\\/az-elet-konyvebol\\\/\"]}]},{\"@type\":\"ImageObject\",\"inLanguage\":\"hu\",\"@id\":\"https:\\\/\\\/stuttgarti-katolikusok.de\\\/index.php\\\/az-elet-konyvebol\\\/#primaryimage\",\"url\":\"https:\\\/\\\/stuttgarti-katolikusok.de\\\/wp-content\\\/uploads\\\/2022\\\/04\\\/stauder-eva-1.jpg\",\"contentUrl\":\"https:\\\/\\\/stuttgarti-katolikusok.de\\\/wp-content\\\/uploads\\\/2022\\\/04\\\/stauder-eva-1.jpg\",\"width\":840,\"height\":897},{\"@type\":\"BreadcrumbList\",\"@id\":\"https:\\\/\\\/stuttgarti-katolikusok.de\\\/index.php\\\/az-elet-konyvebol\\\/#breadcrumb\",\"itemListElement\":[{\"@type\":\"ListItem\",\"position\":1,\"name\":\"Kezd\u0151lap\",\"item\":\"https:\\\/\\\/stuttgarti-katolikusok.de\\\/\"},{\"@type\":\"ListItem\",\"position\":2,\"name\":\"Az \u00e9let k\u00f6nyv\u00e9b\u0151l\"}]},{\"@type\":\"WebSite\",\"@id\":\"https:\\\/\\\/stuttgarti-katolikusok.de\\\/#website\",\"url\":\"https:\\\/\\\/stuttgarti-katolikusok.de\\\/\",\"name\":\"Stuttgarti Katolikusok\",\"description\":\"\",\"potentialAction\":[{\"@type\":\"SearchAction\",\"target\":{\"@type\":\"EntryPoint\",\"urlTemplate\":\"https:\\\/\\\/stuttgarti-katolikusok.de\\\/?s={search_term_string}\"},\"query-input\":{\"@type\":\"PropertyValueSpecification\",\"valueRequired\":true,\"valueName\":\"search_term_string\"}}],\"inLanguage\":\"hu\"},{\"@type\":\"Person\",\"@id\":\"https:\\\/\\\/stuttgarti-katolikusok.de\\\/#\\\/schema\\\/person\\\/75908d6f8fdc03a57889d27209df7795\",\"name\":\"Tibor atya\",\"image\":{\"@type\":\"ImageObject\",\"inLanguage\":\"hu\",\"@id\":\"https:\\\/\\\/secure.gravatar.com\\\/avatar\\\/61d268e57d1f4525b111222e29d2d5a7f8c420fdbf231ba5566a8ceac74fa960?s=96&d=mm&r=g\",\"url\":\"https:\\\/\\\/secure.gravatar.com\\\/avatar\\\/61d268e57d1f4525b111222e29d2d5a7f8c420fdbf231ba5566a8ceac74fa960?s=96&d=mm&r=g\",\"contentUrl\":\"https:\\\/\\\/secure.gravatar.com\\\/avatar\\\/61d268e57d1f4525b111222e29d2d5a7f8c420fdbf231ba5566a8ceac74fa960?s=96&d=mm&r=g\",\"caption\":\"Tibor atya\"},\"url\":\"https:\\\/\\\/stuttgarti-katolikusok.de\\\/index.php\\\/author\\\/tibor-atya\\\/\"}]}<\/script>\n<!-- \/ Yoast SEO plugin. -->","yoast_head_json":{"title":"Az \u00e9let k\u00f6nyv\u00e9b\u0151l - Stuttgarti Katolikusok","robots":{"index":"index","follow":"follow","max-snippet":"max-snippet:-1","max-image-preview":"max-image-preview:large","max-video-preview":"max-video-preview:-1"},"canonical":"https:\/\/stuttgarti-katolikusok.de\/index.php\/az-elet-konyvebol\/","og_locale":"hu_HU","og_type":"article","og_title":"Az \u00e9let k\u00f6nyv\u00e9b\u0151l - Stuttgarti Katolikusok","og_description":"Szomor\u00fa sz\u00edvvel eml\u00e9kez\u00fcnk meg Stauder sz\u00fcl. Kaiser \u00c9v\u00e1r\u00f3l, Egyh\u00e1zk\u00f6zs\u00e9g\u00fcnk oszlopos tagj\u00e1r\u00f3l, aki hossz\u00fa, de t\u00fcrelmesen viselt szenved\u00e9s ut\u00e1n, 2022. m\u00e1rcius 27-\u00e9n, vas\u00e1rnap reggel hunyt el. \u00c9v\u00e1t \u00e9vtizedek \u00f3ta ismerj\u00fck, egy\u00fctt im\u00e1dkoztunk, l\u00e1togattuk a zar\u00e1ndokhelyeket, ismerkedt\u00fcnk a k\u00fcl\u00f6nb\u00f6z\u0151 orsz\u00e1gok kult\u00far\u00e1j\u00e1val, nevezetess\u00e9geivel azokon a felejthetetlen utakon, amelyeket Horv\u00e1th J\u00e1nos atya kezdem\u00e9nyez\u00e9s\u00e9vel tett\u00fcnk meg. \u0150 volt az \u00f6nk\u00e9ntes munk\u00e1t v\u00e1llal\u00f3k egyik legnagyobb p\u00e9ldak\u00e9pe Egyh\u00e1zk\u00f6zs\u00e9g\u00fcnkben. \u00c9veken \u00e1t vezette Imre atya k\u00e9r\u00e9s\u00e9re a p\u00e9ntek d\u00e9lut\u00e1ni Bar\u00e1ts\u00e1g Klubot, programokat szervezett megh\u00edvott vend\u00e9gekkel, akik egyh\u00e1zi \u00fcnnepekr\u0151l, m\u0171v\u00e9szetr\u0151l, irodalomr\u00f3l, t\u00f6rt\u00e9nelemr\u0151l tartottak el\u0151ad\u00e1sokat, zar\u00e1ndokutakr\u00f3l mutattak be filmeket. T\u00f6bbsz\u00f6r \u00e9n is ott voltam ezeken a d\u00e9lut\u00e1ni esem\u00e9nyeken. \u00c9v\u00e1t dics\u00e9rte a gy\u00f6ny\u00f6r\u0171 ter\u00edt\u00e9k az asztalokon \u00e9s a bar\u00e1ts\u00e1gos fogadtat\u00e1s. \u00c9v\u00e1nak k\u00f6sz\u00f6nhetj\u00fck azt is, hogy testv\u00e9re, Vit\u00e9z Nemes Kaiser Ern\u0151, a Szent Gy\u00f6rgy Lovagrend tagjak\u00e9nt, lovagt\u00e1rsaival egy\u00fctt 2017-ben Szent Erzs\u00e9bet erekly\u00e9t adom\u00e1nyozott Egyh\u00e1zk\u00f6zs\u00e9g\u00fcnknek. Tavaly szeptemberben, a stuttgarti b\u00facs\u00fankon, Tibor aty\u00e1nak tov\u00e1bbi k\u00e9t erekly\u00e9t ny\u00fajtott \u00e1t, Szent Gell\u00e9rt \u00e9s Szent Istv\u00e1n erekly\u00e9t, \u00edgy h\u00e1rom ereklye el\u0151tt k\u00e9rhetj\u00fck Isten k\u00f6zbenj\u00e1r\u00e1s\u00e1t. Stauder \u00c9va testv\u00e9r\u00fcnkt\u0151l 2022. \u00e1prilis 13-\u00e1n, szerd\u00e1n, 12.00 \u00f3rakor vesz\u00fcnk b\u00facs\u00fat Stuttgartban a Pragfriedhof temet\u0151ben. Kedves \u00c9va, p\u00e9ld\u00e1dat k\u00f6vetni fogjuk. Isten nyugtasson b\u00e9k\u00e9ben! D\u00e1vid Melinda","og_url":"https:\/\/stuttgarti-katolikusok.de\/index.php\/az-elet-konyvebol\/","og_site_name":"Stuttgarti Katolikusok","article_published_time":"2022-04-07T06:40:51+00:00","article_modified_time":"2022-04-07T06:47:46+00:00","og_image":[{"width":840,"height":897,"url":"https:\/\/stuttgarti-katolikusok.de\/wp-content\/uploads\/2022\/04\/stauder-eva-1.jpg","type":"image\/jpeg"}],"author":"Tibor atya","twitter_card":"summary_large_image","twitter_misc":{"Szerz\u0151:":"Tibor atya","Becs\u00fclt olvas\u00e1si id\u0151":"1 perc"},"schema":{"@context":"https:\/\/schema.org","@graph":[{"@type":"Article","@id":"https:\/\/stuttgarti-katolikusok.de\/index.php\/az-elet-konyvebol\/#article","isPartOf":{"@id":"https:\/\/stuttgarti-katolikusok.de\/index.php\/az-elet-konyvebol\/"},"author":{"name":"Tibor atya","@id":"https:\/\/stuttgarti-katolikusok.de\/#\/schema\/person\/75908d6f8fdc03a57889d27209df7795"},"headline":"Az \u00e9let k\u00f6nyv\u00e9b\u0151l","datePublished":"2022-04-07T06:40:51+00:00","dateModified":"2022-04-07T06:47:46+00:00","mainEntityOfPage":{"@id":"https:\/\/stuttgarti-katolikusok.de\/index.php\/az-elet-konyvebol\/"},"wordCount":319,"image":{"@id":"https:\/\/stuttgarti-katolikusok.de\/index.php\/az-elet-konyvebol\/#primaryimage"},"thumbnailUrl":"https:\/\/stuttgarti-katolikusok.de\/wp-content\/uploads\/2022\/04\/stauder-eva-1.jpg","articleSection":["H\u00edrek"],"inLanguage":"hu"},{"@type":"WebPage","@id":"https:\/\/stuttgarti-katolikusok.de\/index.php\/az-elet-konyvebol\/","url":"https:\/\/stuttgarti-katolikusok.de\/index.php\/az-elet-konyvebol\/","name":"Az \u00e9let k\u00f6nyv\u00e9b\u0151l - Stuttgarti Katolikusok","isPartOf":{"@id":"https:\/\/stuttgarti-katolikusok.de\/#website"},"primaryImageOfPage":{"@id":"https:\/\/stuttgarti-katolikusok.de\/index.php\/az-elet-konyvebol\/#primaryimage"},"image":{"@id":"https:\/\/stuttgarti-katolikusok.de\/index.php\/az-elet-konyvebol\/#primaryimage"},"thumbnailUrl":"https:\/\/stuttgarti-katolikusok.de\/wp-content\/uploads\/2022\/04\/stauder-eva-1.jpg","datePublished":"2022-04-07T06:40:51+00:00","dateModified":"2022-04-07T06:47:46+00:00","author":{"@id":"https:\/\/stuttgarti-katolikusok.de\/#\/schema\/person\/75908d6f8fdc03a57889d27209df7795"},"breadcrumb":{"@id":"https:\/\/stuttgarti-katolikusok.de\/index.php\/az-elet-konyvebol\/#breadcrumb"},"inLanguage":"hu","potentialAction":[{"@type":"ReadAction","target":["https:\/\/stuttgarti-katolikusok.de\/index.php\/az-elet-konyvebol\/"]}]},{"@type":"ImageObject","inLanguage":"hu","@id":"https:\/\/stuttgarti-katolikusok.de\/index.php\/az-elet-konyvebol\/#primaryimage","url":"https:\/\/stuttgarti-katolikusok.de\/wp-content\/uploads\/2022\/04\/stauder-eva-1.jpg","contentUrl":"https:\/\/stuttgarti-katolikusok.de\/wp-content\/uploads\/2022\/04\/stauder-eva-1.jpg","width":840,"height":897},{"@type":"BreadcrumbList","@id":"https:\/\/stuttgarti-katolikusok.de\/index.php\/az-elet-konyvebol\/#breadcrumb","itemListElement":[{"@type":"ListItem","position":1,"name":"Kezd\u0151lap","item":"https:\/\/stuttgarti-katolikusok.de\/"},{"@type":"ListItem","position":2,"name":"Az \u00e9let k\u00f6nyv\u00e9b\u0151l"}]},{"@type":"WebSite","@id":"https:\/\/stuttgarti-katolikusok.de\/#website","url":"https:\/\/stuttgarti-katolikusok.de\/","name":"Stuttgarti Katolikusok","description":"","potentialAction":[{"@type":"SearchAction","target":{"@type":"EntryPoint","urlTemplate":"https:\/\/stuttgarti-katolikusok.de\/?s={search_term_string}"},"query-input":{"@type":"PropertyValueSpecification","valueRequired":true,"valueName":"search_term_string"}}],"inLanguage":"hu"},{"@type":"Person","@id":"https:\/\/stuttgarti-katolikusok.de\/#\/schema\/person\/75908d6f8fdc03a57889d27209df7795","name":"Tibor atya","image":{"@type":"ImageObject","inLanguage":"hu","@id":"https:\/\/secure.gravatar.com\/avatar\/61d268e57d1f4525b111222e29d2d5a7f8c420fdbf231ba5566a8ceac74fa960?s=96&d=mm&r=g","url":"https:\/\/secure.gravatar.com\/avatar\/61d268e57d1f4525b111222e29d2d5a7f8c420fdbf231ba5566a8ceac74fa960?s=96&d=mm&r=g","contentUrl":"https:\/\/secure.gravatar.com\/avatar\/61d268e57d1f4525b111222e29d2d5a7f8c420fdbf231ba5566a8ceac74fa960?s=96&d=mm&r=g","caption":"Tibor atya"},"url":"https:\/\/stuttgarti-katolikusok.de\/index.php\/author\/tibor-atya\/"}]}},"_links":{"self":[{"href":"https:\/\/stuttgarti-katolikusok.de\/index.php\/wp-json\/wp\/v2\/posts\/23156","targetHints":{"allow":["GET"]}}],"collection":[{"href":"https:\/\/stuttgarti-katolikusok.de\/index.php\/wp-json\/wp\/v2\/posts"}],"about":[{"href":"https:\/\/stuttgarti-katolikusok.de\/index.php\/wp-json\/wp\/v2\/types\/post"}],"author":[{"embeddable":true,"href":"https:\/\/stuttgarti-katolikusok.de\/index.php\/wp-json\/wp\/v2\/users\/3"}],"replies":[{"embeddable":true,"href":"https:\/\/stuttgarti-katolikusok.de\/index.php\/wp-json\/wp\/v2\/comments?post=23156"}],"version-history":[{"count":1,"href":"https:\/\/stuttgarti-katolikusok.de\/index.php\/wp-json\/wp\/v2\/posts\/23156\/revisions"}],"predecessor-version":[{"id":23158,"href":"https:\/\/stuttgarti-katolikusok.de\/index.php\/wp-json\/wp\/v2\/posts\/23156\/revisions\/23158"}],"wp:featuredmedia":[{"embeddable":true,"href":"https:\/\/stuttgarti-katolikusok.de\/index.php\/wp-json\/wp\/v2\/media\/23159"}],"wp:attachment":[{"href":"https:\/\/stuttgarti-katolikusok.de\/index.php\/wp-json\/wp\/v2\/media?parent=23156"}],"wp:term":[{"taxonomy":"category","embeddable":true,"href":"https:\/\/stuttgarti-katolikusok.de\/index.php\/wp-json\/wp\/v2\/categories?post=23156"},{"taxonomy":"post_tag","embeddable":true,"href":"https:\/\/stuttgarti-katolikusok.de\/index.php\/wp-json\/wp\/v2\/tags?post=23156"}],"curies":[{"name":"wp","href":"https:\/\/api.w.org\/{rel}","templated":true}]}}