{"id":23103,"date":"2022-02-02T11:17:40","date_gmt":"2022-02-02T10:17:40","guid":{"rendered":"https:\/\/stuttgarti-katolikusok.de\/?p=23103"},"modified":"2022-03-24T11:37:40","modified_gmt":"2022-03-24T10:37:40","slug":"dr-gebhard-furst-puspok-nagybojti-uzenete","status":"publish","type":"post","link":"https:\/\/stuttgarti-katolikusok.de\/index.php\/dr-gebhard-furst-puspok-nagybojti-uzenete\/","title":{"rendered":"Dr. Gebhard F\u00fcrst p\u00fcsp\u00f6k nagyb\u00f6jti \u00fczenete"},"content":{"rendered":"<p><span style=\"color: #800080;\"><strong>P\u00fcsp\u00f6ki lev\u00e9l<\/strong><\/span><\/p>\n<p><span style=\"color: #800080;\"><strong>a Rottenburg-Stuttgarti Egyh\u00e1zmegye egyh\u00e1zk\u00f6zs\u00e9gei sz\u00e1m\u00e1ra<\/strong><\/span><\/p>\n<p><span style=\"color: #800080;\"><strong>a 2022-es h\u00fasv\u00e9ti b\u0171nb\u00e1nati id\u0151szakra<\/strong><\/span><\/p>\n<p>Nagyb\u00f6jt 1. vas\u00e1rnapja m\u00e1rcius 6.<\/p>\n<p>Dr. Gebhard F\u00fcrst p\u00fcsp\u00f6k<\/p>\n<p style=\"text-align: center;\"><span style=\"color: #800080;\"><strong>Az egyh\u00e1z struktur\u00e1lis \u00e9s lelki meg\u00fajul\u00e1sa J\u00e9zus Krisztus szellem\u00e9ben<\/strong><\/span><\/p>\n<p>Kedves Gy\u00fclekezeti tagok, kedves N\u0151v\u00e9rek \u00e9s Testv\u00e9rek!<\/p>\n<p>A h\u00fasv\u00e9ti b\u0171nb\u00e1nati id\u0151szak kezdet\u00e9n sz\u00edvb\u0151l j\u00f6v\u0151 szeretettel fordulok \u00d6n\u00f6kh\u00f6z. De ugyanakkor m\u00e9ly aggodalommal is.<\/p>\n<p>Neh\u00e9z id\u0151ket \u00e9l\u00fcnk. A nyugtalan\u00edt\u00f3 esem\u00e9nyek &#8211; b\u00e1rmerre is n\u00e9z\u00fcnk &#8211; lehangolnak minket \u00e9s sokakat megr\u00e9m\u00edtenek. A viharos id\u0151k viharos konfliktusokba sodornak benn\u00fcnket. A kib\u00e9k\u00edthetetlen helyzetek sz\u00e9tszak\u00edtj\u00e1k az egy\u00fctt\u00e9l\u00e9s\u00fcnket, \u00e9s megosztotts\u00e1ghoz vezetnek.<\/p>\n<p>A koronav\u00edrus-j\u00e1rv\u00e1ny harmadik \u00e9v\u00e9ben tov\u00e1bbra is a betegs\u00e9g \u00e9s a hal\u00e1l, a mag\u00e1ny \u00e9s a mut\u00e1l\u00f3d\u00f3 v\u00edrus okozta egzisztenci\u00e1lis szorong\u00e1s miatt szenved\u00fcnk.<\/p>\n<p>M\u00e9g ink\u00e1bb \u00e9rezz\u00fck egyh\u00e1zunk megr\u00e1z\u00f3 v\u00e1ls\u00e1g\u00e1t. \u00dajra \u00e9s \u00fajra \u00fajabb \u00e9s \u00fajabb botr\u00e1nyok ker\u00fclnek napvil\u00e1gra a papok, diak\u00f3nusok, egyh\u00e1zi szem\u00e9lyek \u00e9s egyh\u00e1zi alkalmazottak \u00e1ltal gyermekek \u00e9s fiatalok ellen elk\u00f6vetett vissza\u00e9l\u00e9sekkel kapcsolatban. Mindebben k\u00fcl\u00f6n\u00f6sen megd\u00f6bbent\u0151nek tartom a vissza\u00e9l\u00e9sek \u00e1ltal \u00e9rintettekkel szembeni rideg, elutas\u00edt\u00f3 b\u00e1n\u00e1sm\u00f3dot, a szenved\u00e9seik semmibe v\u00e9tel\u00e9t \u00e9s a seg\u00edts\u00e9g elutas\u00edt\u00e1s\u00e1t a legmagasabb egyh\u00e1zi tiszts\u00e9gvisel\u0151k r\u00e9sz\u00e9r\u0151l.<\/p>\n<p>A b\u0171ncselekm\u00e9nyeknek az elk\u00f6vet\u0151k felt\u00e9telezett v\u00e9delme \u00e9rdek\u00e9ben t\u00f6rt\u00e9n\u0151 elhom\u00e1lyos\u00edt\u00e1s\u00e1val kapcsolatban tov\u00e1bbi, a rendszerben rejl\u0151 probl\u00e9m\u00e1k v\u00e1lnak nyilv\u00e1nval\u00f3v\u00e1:<\/p>\n<ul>\n<li>a nyilv\u00e1noss\u00e1gra ker\u00fclt hatalommal val\u00f3 vissza\u00e9l\u00e9s,<\/li>\n<li>az egyh\u00e1z meg\u00fajul\u00e1s\u00e1nak elutas\u00edt\u00e1sa,<\/li>\n<li>a k\u00e9ptelens\u00e9g arra, hogy az embereket egy\u00e9ni \u00e9lethelyzet\u00fckben elfogadjuk, \u00e9s megbecs\u00fcl\u00e9ssel b\u00e1njunk vel\u00fck,<\/li>\n<li>\u00e9s a k\u00e9ptelens\u00e9g, hogy a nagy probl\u00e9m\u00e1kat j\u00f6v\u0151orient\u00e1lt m\u00f3don kezelj\u00fck.<\/li>\n<\/ul>\n<p>Mindez rendk\u00edv\u00fcli m\u00f3don megterheli az egyh\u00e1zi egy\u00fcttl\u00e9t\u00fcnket. Egyh\u00e1zunk l\u00e9te vesz\u00e9lyben van.<\/p>\n<p>Kedves N\u0151v\u00e9reim \u00e9s Testv\u00e9reim, p\u00fcsp\u00f6kk\u00e9nt felel\u0151ss\u00e9get kell v\u00e1llalnom. \u00d6n\u00f6kkel egy\u00fctt szeretn\u00e9k az egyh\u00e1z fenntarthat\u00f3 meg\u00fajul\u00e1s\u00e1\u00e9rt dolgozni. Az egyh\u00e1z struktur\u00e1lis meg\u00fajul\u00e1s\u00e1\u00e9rt, de a lelki meg\u00fajul\u00e1s\u00e9rt is a sz\u00edv\u00fcnkben.<\/p>\n<p>Sok besz\u00e9lget\u00e9sb\u0151l, valamint a levelekb\u0151l \u00e9s az e-mailekb\u0151l, amelyeket sokan \u00edrtak \u00d6n\u00f6k k\u00f6z\u00fcl nekem, tudok az \u00d6n\u00f6kben l\u00e9v\u0151 d\u00fchr\u0151l, szomor\u00fas\u00e1gr\u00f3l \u00e9s csal\u00f3dotts\u00e1gr\u00f3l, \u00e9s tudok az \u00d6n\u00f6k meghasonlotts\u00e1g\u00e1r\u00f3l; k\u00fcl\u00f6n\u00f6sen akkor, amikor \u00d6n\u00f6k a felel\u0151s\u00f6k. Jelenleg sz\u00e1mos h\u00edv\u0151 ford\u00edt h\u00e1tat az egyh\u00e1znak, vagy hagyja el azt a hatalommal val\u00f3 vissza\u00e9l\u00e9s miatt: az\u00e9rt is, mert sok mindent m\u00e1r nem tudnak meg\u00e9rteni \u00e9s t\u00e1mogatni. Az eltussol\u00e1snak, a kirekeszt\u00e9snek \u00e9s a szeretetlens\u00e9gnek, a vissza\u00e9l\u00e9sek b\u00e1rmilyen form\u00e1j\u00e1nak nincs helye egy olyan egyh\u00e1zban, amely elk\u00f6telezett J\u00e9zus Krisztus \u00e9s az \u0150 evang\u00e9liuma mellett.<\/p>\n<p>Az \u00fcdv\u00f6ss\u00e9get \u00e9s az emberek \u00fcdv\u00f6ss\u00e9g\u00e9t, \u00e9let\u00fck siker\u00e9t \u00e9s J\u00e9zus Krisztus Istene szeret\u0151 k\u00f6zels\u00e9g\u00e9nek megtapasztal\u00e1s\u00e1t k\u00f6z\u00f6tt\u00fcnk val\u00f3s\u00e1goss\u00e1, k\u00e9zzelfoghat\u00f3v\u00e1 \u00e9s \u00e9rz\u00e9kelhet\u0151v\u00e9 tenni, ez a k\u00fcldet\u00e9se mindenkinek az Egyh\u00e1zban. Isten n\u00e9p\u00e9nek \u00e9pp\u00fagy, mint azoknak, akik Isten n\u00e9p\u00e9ben szolg\u00e1lnak.<\/p>\n<p>Ha mi, J\u00e9zus Krisztus k\u00f6vet\u0151i nem tudjuk t\u00f6bb\u00e9 hitelesen meg\u00e9lni ezt az \u00fczenet\u00e9t &#8211; minden embert\u00e1rsunk \u00fcdv\u00f6ss\u00e9g\u00e9\u00e9rt -, akkor kereszt\u00e9ny mivoltunk l\u00e9nyeg\u00e9t vesz\u00edtett\u00fck el.<\/p>\n<p>M\u00e9g egyszer: a jelenleg meg\u00e9lt keserves \u00f3r\u00e1inknak \u00e9ppen az a parancsolata, hogy az egyh\u00e1zi strukt\u00far\u00e1k meg\u00fajuljanak, de a sz\u00edv\u00fcnkben is J\u00e9zus Krisztusb\u00f3l \u00e9s az \u0150 evang\u00e9lium\u00e1b\u00f3l t\u00e1pl\u00e1lkoz\u00f3 lelki meg\u00fajul\u00e1s t\u00f6rt\u00e9njen.<\/p>\n<p>Vigy\u00e1znunk kell arra, hogy J\u00e9zus Krisztus Lelke j\u00f3 \u00e9rtelemben ir\u00e1ny\u00edtsa minden er\u0151fesz\u00edt\u00e9s\u00fcnket. Ez\u00e9rt a strukt\u00far\u00e1k meg\u00faj\u00edt\u00e1sa mindenekel\u0151tt akkor lehet sikeres, ha k\u00e9szek vagyunk meg\u00faj\u00edtani a sz\u00edv\u00fcnket is. Az \u0150 Lelke vezessen minket ehhez.<\/p>\n<p><a href=\"https:\/\/stuttgarti-katolikusok.de\/wp-content\/uploads\/2022\/03\/nagybojti-level.jpg\"><img loading=\"lazy\" decoding=\"async\" class=\"alignnone size-full wp-image-23104\" src=\"https:\/\/stuttgarti-katolikusok.de\/wp-content\/uploads\/2022\/03\/nagybojti-level.jpg\" alt=\"\" width=\"1386\" height=\"1051\" srcset=\"https:\/\/stuttgarti-katolikusok.de\/wp-content\/uploads\/2022\/03\/nagybojti-level.jpg 1386w, https:\/\/stuttgarti-katolikusok.de\/wp-content\/uploads\/2022\/03\/nagybojti-level-300x227.jpg 300w, https:\/\/stuttgarti-katolikusok.de\/wp-content\/uploads\/2022\/03\/nagybojti-level-1024x776.jpg 1024w, https:\/\/stuttgarti-katolikusok.de\/wp-content\/uploads\/2022\/03\/nagybojti-level-164x124.jpg 164w\" sizes=\"auto, (max-width: 1386px) 100vw, 1386px\" \/><\/a><\/p>\n<p>Echternachi evang\u00e9liumok, Vihar a tavon, Germanisches Nationalmuseum (N\u00e9met Nemzeti M\u00fazeum), N\u00fcrnberg, N\u00e9metorsz\u00e1g<\/p>\n<p>V\u00e9gezet\u00fcl egy er\u0151teljes hat\u00e1s\u00fa k\u00e9pet szeretn\u00e9k \u00d6n\u00f6kkel egy\u00fctt megtekinteni. Ezt v\u00e1lasztottam a keserves \u00f3r\u00e1kra ebben a viharos id\u0151ben. Itt van \u00d6n\u00f6k el\u0151tt.<\/p>\n<p>N\u00e9ha egy k\u00e9p jobban seg\u00edt \u00e9rtelmezni a helyzetet, amelyben vagyunk, mint a szavak \u00f6nmagukban. Ez\u00e9rt szeretn\u00e9m megh\u00edvni \u00d6n\u00f6ket, hogy n\u00e9zz\u00e9k meg velem egy\u00fctt a k\u00e9pet!<\/p>\n<p>Kedves N\u0151v\u00e9reim \u00e9s Testv\u00e9reim! Az \u00dajsz\u00f6vets\u00e9gb\u0151l a &#8222;Vihar a tavon&#8221; t\u00f6rt\u00e9net\u00e9nek \u00e1br\u00e1zol\u00e1s\u00e1t l\u00e1thatj\u00e1k. Szem\u00e9ly szerint nekem ez az evang\u00e9liumokb\u00f3l<a href=\"#_ftn1\" name=\"_ftnref1\">[1]<\/a> val\u00f3 jelenet nagyon tetszik.<\/p>\n<p>Az evang\u00e9list\u00e1k nem csak t\u00f6rt\u00e9nelmi t\u00e9nyk\u00e9nt mutatj\u00e1k be a tavon kit\u00f6rt vihart. K\u00e9pszer\u0171en \u00edrj\u00e1k le, hogyan k\u00fczd az akkori fiatal kereszt\u00e9nys\u00e9g a t\u00fal\u00e9l\u00e9s\u00e9rt a viharos id\u0151kben. J\u00e9zus tan\u00edtv\u00e1nyai a cs\u00f3nakban vannak J\u00e9zussal. A haj\u00f3 \u00e9s az emberek egy heves forg\u00f3sz\u00e9lbe ker\u00fclnek. Att\u00f3l f\u00e9lnek, hogy elmer\u00fclnek.<\/p>\n<p>J\u00e9zus k\u00e9tszer is l\u00e1that\u00f3. A k\u00e9p bal oldal\u00e1n a tenger vihara k\u00f6zepette alszik. &#8211; Az egyik tan\u00edtv\u00e1ny &#8211; val\u00f3sz\u00edn\u0171leg P\u00e9ter &#8211; gesztus\u00e1val fejezi ki azt, amit ma mi is k\u00e9rdez\u00fcnk: &#8222;J\u00e9zusom, Mester, nem t\u00f6r\u0151dsz azzal ebben a fenyeget\u0151 viharban, hogy elpusztulunk?&#8221; &#8211; &#8222;Hol vagy J\u00e9zus, hol van a seg\u00edts\u00e9ged, hogy megments minket?&#8221; &#8211; J\u00e9zust m\u00e1sodszor is megpillantjuk, ez\u00fattal a h\u00e1borg\u00f3 v\u00edzen \u00fasz\u00f3 kis haj\u00f3 orr\u00e1ban. Itt nem alszik. Kiny\u00fajtott karj\u00e1val meg\u00e1lljt parancsol a viharoknak \u00e9s a hull\u00e1moknak. Eg\u00e9sz alakj\u00e1val el\u0151re mutat. J\u00e1nos, a J\u00e9zust k\u00fcl\u00f6n\u00f6sen szeret\u0151 tan\u00edtv\u00e1ny, a felkelt J\u00e9zus Krisztus m\u00f6g\u00f6tt \u00e1ll, \u00e9s b\u00e1tran n\u00e9z vele egy\u00fctt el\u0151re.<\/p>\n<p>Kedves N\u0151v\u00e9reim \u00e9s Testv\u00e9reim! Sz\u00e1momra ez a k\u00e9p nagy jelent\u0151s\u00e9ggel b\u00edr. Ebben a k\u00e9pben a s\u00falyos v\u00e1ls\u00e1gban l\u00e9v\u0151, fenyegetett egyh\u00e1zat ismerem fel, amely viharos id\u0151kben tart a j\u00f6v\u0151 fel\u00e9.<\/p>\n<p>N\u00e9ha \u00fagy t\u0171nik, hogy Isten k\u00f6z\u00f6mb\u00f6s a helyzet\u00fcnkkel szemben, mintha az alv\u00f3 J\u00e9zus magunkra hagyna benn\u00fcnket. De P\u00e9ter fel\u00e9breszti \u0151t. Igen, nek\u00fcnk, kereszt\u00e9nyeknek az a feladatunk, hogy J\u00e9zus Krisztust hat\u00e9konny\u00e1 \u00e9s er\u0151ss\u00e9 tegy\u00fck az egyh\u00e1zunkban. Hogy az \u0150 Lelke vezessen minket ezekben a viharos id\u0151kben. Hogy a J\u00e9zus Krisztusb\u00f3l \u00e1rad\u00f3 seg\u00edt\u0151 \u00e9s gy\u00f3gy\u00edt\u00f3 er\u0151 meghat\u00e1roz\u00f3v\u00e1 v\u00e1ljon az egyh\u00e1z meg\u00fajul\u00e1s\u00e1ban.<\/p>\n<p>Mint J\u00e1nosnak a cs\u00f3nakban, nek\u00fcnk is J\u00e9zus m\u00f6g\u00f6tt kell \u00e1llnunk, szeretn\u00fcnk kell \u0151t, \u00e9s vele egy\u00fctt b\u00e1tran el\u0151re kell haladnunk. Ha \u0150 \u00e1ll az egyh\u00e1z k\u00f6zep\u00e9n, ha az \u0150 Lelke munk\u00e1lkodik benn\u00fcnk \u00e9s \u00e1ltalunk, akkor megmutatja nek\u00fcnk a viharb\u00f3l kivezet\u0151 utat. Az \u0150 aj\u00e1nd\u00e9ka sz\u00e1munkra a j\u00f6v\u0151 \u00e9s a rem\u00e9ny. Az \u0150 Lelk\u00e9vel \u00e9s \u00e1ltala siker\u00fclhet az Egyh\u00e1z meg\u00fajul\u00e1sa.<\/p>\n<p>Kedves N\u0151v\u00e9reim \u00e9s Testv\u00e9reim! \u00cdg\u00e9rem \u00d6n\u00f6knek, hogy p\u00fcsp\u00f6kk\u00e9nt az egyh\u00e1zmegyei vezet\u00e9s felel\u0151seivel egy\u00fctt mindent megteszek, ami a meg\u00fajul\u00e1shoz sz\u00fcks\u00e9ges: legyen sz\u00f3 a b\u0171ncselekm\u00e9nyek tov\u00e1bbi tiszt\u00e1z\u00e1s\u00e1r\u00f3l, a struktur\u00e1lis feldolgoz\u00e1sr\u00f3l, az \u00e9rintettek szenved\u00e9s\u00e9nek elismer\u00e9s\u00e9r\u0151l vagy a vissza\u00e9l\u00e9sek megel\u0151z\u00e9s\u00e9r\u0151l.<\/p>\n<p>\u00d6n\u00f6k k\u00f6z\u00fcl sokan tudj\u00e1k, hogy mi a Rottenburg-Stuttgarti Egyh\u00e1zmegy\u00e9ben &#8211; \u00e9n mint p\u00fcsp\u00f6k \u00e9s az egyh\u00e1zmegye vezet\u0151s\u00e9g\u00e9nek felel\u0151sei &#8211; k\u00e9t \u00e9vtizede szisztematikusan foglalkozunk a gyermekek \u00e9s fiatalok ellen elk\u00f6vetett szexu\u00e1lis vissza\u00e9l\u00e9sekkel a f\u00fcggetlen\u00fcl m\u0171k\u00f6d\u0151 &#8222;Szexu\u00e1lis vissza\u00e9l\u00e9sek Bizotts\u00e1ga&#8221; r\u00e9v\u00e9n. A tudom\u00e1sunkra jutott eseteket nem tussoltuk el vagy h\u00faztuk el sz\u00e1nd\u00e9kosan, \u00e9s a j\u00f6v\u0151ben sem tessz\u00fck ezt. A szexu\u00e1lis vissza\u00e9l\u00e9sek valamennyi eset\u00e9t a p\u00fcsp\u00f6ki utas\u00edt\u00e1sokt\u00f3l f\u00fcggetlen\u00fcl m\u0171k\u00f6d\u0151 test\u00fclet vizsg\u00e1lta \u00e9s vizsg\u00e1lja. A tudom\u00e1sunkra jutott b\u0171ncselekm\u00e9nyeket a hat\u00e1lyos \u00e1llami b\u00fcntet\u0151jog \u00e9s az egyh\u00e1zi t\u00f6rv\u00e9nyek szerinti szankcion\u00e1l\u00e1s k\u00f6vette, \u00e9s az elk\u00f6vet\u0151ket megb\u00fcntett\u00e9k.<\/p>\n<p>Meg\u00e9rtem, hogy sokan \u00d6n\u00f6k k\u00f6z\u00fcl t\u00fcrelmetlen\u00fcl v\u00e1rj\u00e1k a \u201ezsinati \u00fat\u201d pozit\u00edv eredm\u00e9nyeit. A &#8222;zsinati \u00fat&#8221; intenz\u00edv tan\u00e1cskoz\u00e1sai nem maradhatnak k\u00f6vetkezm\u00e9nyek n\u00e9lk\u00fcl:<\/p>\n<ul>\n<li>meg kell er\u0151s\u00edteni az egyh\u00e1zban a laikusok r\u00e9szv\u00e9tel\u00e9t.<\/li>\n<li>a n\u0151knek a kor\u00e1bbin\u00e1l sokkal nagyobb m\u00e9rt\u00e9kben kell tudni r\u00e9szt venni az egyh\u00e1zban, vezet\u0151 poz\u00edci\u00f3kban \u00e9s diak\u00f3nusk\u00e9nt.<\/li>\n<li>olyan form\u00e1kat \u00e9s jeleket kell tal\u00e1lnunk, hogy minden ember \u00fagy \u00e9rezze, hogy Isten \u00e9s J\u00e9zus Krisztus egyh\u00e1za elfogadja \u0151t &#8211; testi-lelki identit\u00e1s\u00e1ban, szexu\u00e1lis ir\u00e1nyults\u00e1g\u00e1ban \u00e9s egym\u00e1s ir\u00e1nti szeretet\u00e9ben.<\/li>\n<\/ul>\n<p>P\u00fcsp\u00f6kk\u00e9nt szeretn\u00e9k szemben\u00e9zni ezekkel a kih\u00edv\u00e1sokkal, \u00e9s J\u00e9zus Krisztusra tekinteni, hogy megmutassa nek\u00fcnk az utat. Ahhoz, hogy az \u0150 gy\u00f3gy\u00edt\u00f3 \u00e9s \u00fcdv\u00f6z\u00edt\u0151 \u00fczenete hathasson ebben a vil\u00e1gban, J\u00e9zus Krisztusnak mindannyiunk elk\u00f6telezetts\u00e9g\u00e9re \u00e9s szeretet\u00e9re sz\u00fcks\u00e9ge van.<\/p>\n<p>Im\u00e1dkozzunk egym\u00e1s\u00e9rt ebben a neh\u00e9z id\u0151szakban!<\/p>\n<p>Rottenburg, 2022. febru\u00e1r 2., Az \u00dar bemutat\u00e1s\u00e1nak \u00fcnnepe<\/p>\n<p>Az \u00d6n\u00f6k p\u00fcsp\u00f6ke, Dr. Gebhard F\u00fcrst<\/p>\n<p><a href=\"#_ftnref1\" name=\"_ftn1\">[1]<\/a> Mk 4,35-41; Mt 8,18.23-27; Lk 8,22-25.<\/p>\n","protected":false},"excerpt":{"rendered":"<p>P\u00fcsp\u00f6ki lev\u00e9l a Rottenburg-Stuttgarti Egyh\u00e1zmegye egyh\u00e1zk\u00f6zs\u00e9gei sz\u00e1m\u00e1ra a 2022-es h\u00fasv\u00e9ti b\u0171nb\u00e1nati id\u0151szakra Nagyb\u00f6jt 1. vas\u00e1rnapja m\u00e1rcius 6. Dr. Gebhard F\u00fcrst p\u00fcsp\u00f6k Az egyh\u00e1z struktur\u00e1lis \u00e9s lelki meg\u00fajul\u00e1sa J\u00e9zus Krisztus szellem\u00e9ben Kedves Gy\u00fclekezeti tagok, kedves N\u0151v\u00e9rek \u00e9s Testv\u00e9rek! A h\u00fasv\u00e9ti b\u0171nb\u00e1nati id\u0151szak kezdet\u00e9n sz\u00edvb\u0151l j\u00f6v\u0151 szeretettel fordulok \u00d6n\u00f6kh\u00f6z. De ugyanakkor m\u00e9ly aggodalommal is. Neh\u00e9z id\u0151ket \u00e9l\u00fcnk. A nyugtalan\u00edt\u00f3 esem\u00e9nyek &#8211; b\u00e1rmerre is n\u00e9z\u00fcnk &#8211; lehangolnak minket \u00e9s sokakat megr\u00e9m\u00edtenek. A viharos id\u0151k viharos konfliktusokba sodornak benn\u00fcnket. A kib\u00e9k\u00edthetetlen helyzetek sz\u00e9tszak\u00edtj\u00e1k az egy\u00fctt\u00e9l\u00e9s\u00fcnket, \u00e9s megosztotts\u00e1ghoz vezetnek. A koronav\u00edrus-j\u00e1rv\u00e1ny harmadik \u00e9v\u00e9ben tov\u00e1bbra is a betegs\u00e9g \u00e9s a hal\u00e1l, a mag\u00e1ny \u00e9s a mut\u00e1l\u00f3d\u00f3 v\u00edrus okozta egzisztenci\u00e1lis szorong\u00e1s miatt szenved\u00fcnk. M\u00e9g ink\u00e1bb \u00e9rezz\u00fck egyh\u00e1zunk megr\u00e1z\u00f3 v\u00e1ls\u00e1g\u00e1t. \u00dajra \u00e9s \u00fajra \u00fajabb \u00e9s \u00fajabb botr\u00e1nyok ker\u00fclnek napvil\u00e1gra a papok, diak\u00f3nusok, egyh\u00e1zi szem\u00e9lyek \u00e9s egyh\u00e1zi alkalmazottak \u00e1ltal gyermekek \u00e9s fiatalok ellen elk\u00f6vetett vissza\u00e9l\u00e9sekkel kapcsolatban. Mindebben k\u00fcl\u00f6n\u00f6sen megd\u00f6bbent\u0151nek tartom a vissza\u00e9l\u00e9sek \u00e1ltal \u00e9rintettekkel szembeni rideg, elutas\u00edt\u00f3 b\u00e1n\u00e1sm\u00f3dot, a szenved\u00e9seik semmibe v\u00e9tel\u00e9t \u00e9s a seg\u00edts\u00e9g elutas\u00edt\u00e1s\u00e1t a legmagasabb egyh\u00e1zi tiszts\u00e9gvisel\u0151k r\u00e9sz\u00e9r\u0151l. A b\u0171ncselekm\u00e9nyeknek az elk\u00f6vet\u0151k felt\u00e9telezett v\u00e9delme \u00e9rdek\u00e9ben t\u00f6rt\u00e9n\u0151 elhom\u00e1lyos\u00edt\u00e1s\u00e1val kapcsolatban tov\u00e1bbi, a rendszerben rejl\u0151 probl\u00e9m\u00e1k v\u00e1lnak nyilv\u00e1nval\u00f3v\u00e1: a nyilv\u00e1noss\u00e1gra ker\u00fclt hatalommal val\u00f3 vissza\u00e9l\u00e9s, az egyh\u00e1z meg\u00fajul\u00e1s\u00e1nak elutas\u00edt\u00e1sa, a k\u00e9ptelens\u00e9g arra, hogy az embereket egy\u00e9ni \u00e9lethelyzet\u00fckben elfogadjuk, \u00e9s megbecs\u00fcl\u00e9ssel b\u00e1njunk vel\u00fck, \u00e9s a k\u00e9ptelens\u00e9g, hogy a nagy probl\u00e9m\u00e1kat j\u00f6v\u0151orient\u00e1lt m\u00f3don kezelj\u00fck. Mindez rendk\u00edv\u00fcli m\u00f3don megterheli az egyh\u00e1zi egy\u00fcttl\u00e9t\u00fcnket. Egyh\u00e1zunk l\u00e9te vesz\u00e9lyben van. Kedves N\u0151v\u00e9reim \u00e9s Testv\u00e9reim, p\u00fcsp\u00f6kk\u00e9nt felel\u0151ss\u00e9get kell v\u00e1llalnom. \u00d6n\u00f6kkel egy\u00fctt szeretn\u00e9k az egyh\u00e1z fenntarthat\u00f3 meg\u00fajul\u00e1s\u00e1\u00e9rt dolgozni. Az egyh\u00e1z struktur\u00e1lis meg\u00fajul\u00e1s\u00e1\u00e9rt, de a lelki meg\u00fajul\u00e1s\u00e9rt is a sz\u00edv\u00fcnkben. Sok besz\u00e9lget\u00e9sb\u0151l, valamint a levelekb\u0151l \u00e9s az e-mailekb\u0151l, amelyeket sokan \u00edrtak \u00d6n\u00f6k k\u00f6z\u00fcl nekem, tudok az \u00d6n\u00f6kben l\u00e9v\u0151 d\u00fchr\u0151l, szomor\u00fas\u00e1gr\u00f3l \u00e9s csal\u00f3dotts\u00e1gr\u00f3l, \u00e9s tudok az \u00d6n\u00f6k meghasonlotts\u00e1g\u00e1r\u00f3l; k\u00fcl\u00f6n\u00f6sen akkor, amikor \u00d6n\u00f6k a felel\u0151s\u00f6k. Jelenleg sz\u00e1mos h\u00edv\u0151 ford\u00edt h\u00e1tat az egyh\u00e1znak, vagy hagyja el azt a hatalommal val\u00f3 vissza\u00e9l\u00e9s miatt: az\u00e9rt&#8230; <\/p>\n<p><a class=\"readmore\" href=\"https:\/\/stuttgarti-katolikusok.de\/index.php\/dr-gebhard-furst-puspok-nagybojti-uzenete\/\">R\u00e9szletek<\/a><\/p>\n","protected":false},"author":3,"featured_media":19884,"comment_status":"closed","ping_status":"closed","sticky":false,"template":"","format":"standard","meta":{"footnotes":""},"categories":[24],"tags":[],"class_list":["post-23103","post","type-post","status-publish","format-standard","has-post-thumbnail","hentry","category-gondolatok"],"yoast_head":"<!-- This site is optimized with the Yoast SEO plugin v27.3 - https:\/\/yoast.com\/product\/yoast-seo-wordpress\/ -->\n<title>Dr. Gebhard F\u00fcrst p\u00fcsp\u00f6k nagyb\u00f6jti \u00fczenete - Stuttgarti Katolikusok<\/title>\n<meta name=\"robots\" content=\"index, follow, max-snippet:-1, max-image-preview:large, max-video-preview:-1\" \/>\n<link rel=\"canonical\" href=\"https:\/\/stuttgarti-katolikusok.de\/index.php\/dr-gebhard-furst-puspok-nagybojti-uzenete\/\" \/>\n<meta property=\"og:locale\" content=\"hu_HU\" \/>\n<meta property=\"og:type\" content=\"article\" \/>\n<meta property=\"og:title\" content=\"Dr. Gebhard F\u00fcrst p\u00fcsp\u00f6k nagyb\u00f6jti \u00fczenete - Stuttgarti Katolikusok\" \/>\n<meta property=\"og:description\" content=\"P\u00fcsp\u00f6ki lev\u00e9l a Rottenburg-Stuttgarti Egyh\u00e1zmegye egyh\u00e1zk\u00f6zs\u00e9gei sz\u00e1m\u00e1ra a 2022-es h\u00fasv\u00e9ti b\u0171nb\u00e1nati id\u0151szakra Nagyb\u00f6jt 1. vas\u00e1rnapja m\u00e1rcius 6. Dr. Gebhard F\u00fcrst p\u00fcsp\u00f6k Az egyh\u00e1z struktur\u00e1lis \u00e9s lelki meg\u00fajul\u00e1sa J\u00e9zus Krisztus szellem\u00e9ben Kedves Gy\u00fclekezeti tagok, kedves N\u0151v\u00e9rek \u00e9s Testv\u00e9rek! A h\u00fasv\u00e9ti b\u0171nb\u00e1nati id\u0151szak kezdet\u00e9n sz\u00edvb\u0151l j\u00f6v\u0151 szeretettel fordulok \u00d6n\u00f6kh\u00f6z. De ugyanakkor m\u00e9ly aggodalommal is. Neh\u00e9z id\u0151ket \u00e9l\u00fcnk. A nyugtalan\u00edt\u00f3 esem\u00e9nyek &#8211; b\u00e1rmerre is n\u00e9z\u00fcnk &#8211; lehangolnak minket \u00e9s sokakat megr\u00e9m\u00edtenek. A viharos id\u0151k viharos konfliktusokba sodornak benn\u00fcnket. A kib\u00e9k\u00edthetetlen helyzetek sz\u00e9tszak\u00edtj\u00e1k az egy\u00fctt\u00e9l\u00e9s\u00fcnket, \u00e9s megosztotts\u00e1ghoz vezetnek. A koronav\u00edrus-j\u00e1rv\u00e1ny harmadik \u00e9v\u00e9ben tov\u00e1bbra is a betegs\u00e9g \u00e9s a hal\u00e1l, a mag\u00e1ny \u00e9s a mut\u00e1l\u00f3d\u00f3 v\u00edrus okozta egzisztenci\u00e1lis szorong\u00e1s miatt szenved\u00fcnk. M\u00e9g ink\u00e1bb \u00e9rezz\u00fck egyh\u00e1zunk megr\u00e1z\u00f3 v\u00e1ls\u00e1g\u00e1t. \u00dajra \u00e9s \u00fajra \u00fajabb \u00e9s \u00fajabb botr\u00e1nyok ker\u00fclnek napvil\u00e1gra a papok, diak\u00f3nusok, egyh\u00e1zi szem\u00e9lyek \u00e9s egyh\u00e1zi alkalmazottak \u00e1ltal gyermekek \u00e9s fiatalok ellen elk\u00f6vetett vissza\u00e9l\u00e9sekkel kapcsolatban. Mindebben k\u00fcl\u00f6n\u00f6sen megd\u00f6bbent\u0151nek tartom a vissza\u00e9l\u00e9sek \u00e1ltal \u00e9rintettekkel szembeni rideg, elutas\u00edt\u00f3 b\u00e1n\u00e1sm\u00f3dot, a szenved\u00e9seik semmibe v\u00e9tel\u00e9t \u00e9s a seg\u00edts\u00e9g elutas\u00edt\u00e1s\u00e1t a legmagasabb egyh\u00e1zi tiszts\u00e9gvisel\u0151k r\u00e9sz\u00e9r\u0151l. A b\u0171ncselekm\u00e9nyeknek az elk\u00f6vet\u0151k felt\u00e9telezett v\u00e9delme \u00e9rdek\u00e9ben t\u00f6rt\u00e9n\u0151 elhom\u00e1lyos\u00edt\u00e1s\u00e1val kapcsolatban tov\u00e1bbi, a rendszerben rejl\u0151 probl\u00e9m\u00e1k v\u00e1lnak nyilv\u00e1nval\u00f3v\u00e1: a nyilv\u00e1noss\u00e1gra ker\u00fclt hatalommal val\u00f3 vissza\u00e9l\u00e9s, az egyh\u00e1z meg\u00fajul\u00e1s\u00e1nak elutas\u00edt\u00e1sa, a k\u00e9ptelens\u00e9g arra, hogy az embereket egy\u00e9ni \u00e9lethelyzet\u00fckben elfogadjuk, \u00e9s megbecs\u00fcl\u00e9ssel b\u00e1njunk vel\u00fck, \u00e9s a k\u00e9ptelens\u00e9g, hogy a nagy probl\u00e9m\u00e1kat j\u00f6v\u0151orient\u00e1lt m\u00f3don kezelj\u00fck. Mindez rendk\u00edv\u00fcli m\u00f3don megterheli az egyh\u00e1zi egy\u00fcttl\u00e9t\u00fcnket. Egyh\u00e1zunk l\u00e9te vesz\u00e9lyben van. Kedves N\u0151v\u00e9reim \u00e9s Testv\u00e9reim, p\u00fcsp\u00f6kk\u00e9nt felel\u0151ss\u00e9get kell v\u00e1llalnom. \u00d6n\u00f6kkel egy\u00fctt szeretn\u00e9k az egyh\u00e1z fenntarthat\u00f3 meg\u00fajul\u00e1s\u00e1\u00e9rt dolgozni. Az egyh\u00e1z struktur\u00e1lis meg\u00fajul\u00e1s\u00e1\u00e9rt, de a lelki meg\u00fajul\u00e1s\u00e9rt is a sz\u00edv\u00fcnkben. Sok besz\u00e9lget\u00e9sb\u0151l, valamint a levelekb\u0151l \u00e9s az e-mailekb\u0151l, amelyeket sokan \u00edrtak \u00d6n\u00f6k k\u00f6z\u00fcl nekem, tudok az \u00d6n\u00f6kben l\u00e9v\u0151 d\u00fchr\u0151l, szomor\u00fas\u00e1gr\u00f3l \u00e9s csal\u00f3dotts\u00e1gr\u00f3l, \u00e9s tudok az \u00d6n\u00f6k meghasonlotts\u00e1g\u00e1r\u00f3l; k\u00fcl\u00f6n\u00f6sen akkor, amikor \u00d6n\u00f6k a felel\u0151s\u00f6k. Jelenleg sz\u00e1mos h\u00edv\u0151 ford\u00edt h\u00e1tat az egyh\u00e1znak, vagy hagyja el azt a hatalommal val\u00f3 vissza\u00e9l\u00e9s miatt: az\u00e9rt... R\u00e9szletek\" \/>\n<meta property=\"og:url\" content=\"https:\/\/stuttgarti-katolikusok.de\/index.php\/dr-gebhard-furst-puspok-nagybojti-uzenete\/\" \/>\n<meta property=\"og:site_name\" content=\"Stuttgarti Katolikusok\" \/>\n<meta property=\"article:published_time\" content=\"2022-02-02T10:17:40+00:00\" \/>\n<meta property=\"article:modified_time\" content=\"2022-03-24T10:37:40+00:00\" \/>\n<meta property=\"og:image\" content=\"https:\/\/stuttgarti-katolikusok.de\/wp-content\/uploads\/2020\/07\/furst2.jpg\" \/>\n\t<meta property=\"og:image:width\" content=\"1280\" \/>\n\t<meta property=\"og:image:height\" content=\"720\" \/>\n\t<meta property=\"og:image:type\" content=\"image\/jpeg\" \/>\n<meta name=\"author\" content=\"Tibor atya\" \/>\n<meta name=\"twitter:card\" content=\"summary_large_image\" \/>\n<meta name=\"twitter:label1\" content=\"Szerz\u0151:\" \/>\n\t<meta name=\"twitter:data1\" content=\"Tibor atya\" \/>\n\t<meta name=\"twitter:label2\" content=\"Becs\u00fclt olvas\u00e1si id\u0151\" \/>\n\t<meta name=\"twitter:data2\" content=\"7 perc\" \/>\n<script type=\"application\/ld+json\" class=\"yoast-schema-graph\">{\"@context\":\"https:\\\/\\\/schema.org\",\"@graph\":[{\"@type\":\"Article\",\"@id\":\"https:\\\/\\\/stuttgarti-katolikusok.de\\\/index.php\\\/dr-gebhard-furst-puspok-nagybojti-uzenete\\\/#article\",\"isPartOf\":{\"@id\":\"https:\\\/\\\/stuttgarti-katolikusok.de\\\/index.php\\\/dr-gebhard-furst-puspok-nagybojti-uzenete\\\/\"},\"author\":{\"name\":\"Tibor atya\",\"@id\":\"https:\\\/\\\/stuttgarti-katolikusok.de\\\/#\\\/schema\\\/person\\\/75908d6f8fdc03a57889d27209df7795\"},\"headline\":\"Dr. Gebhard F\u00fcrst p\u00fcsp\u00f6k nagyb\u00f6jti \u00fczenete\",\"datePublished\":\"2022-02-02T10:17:40+00:00\",\"dateModified\":\"2022-03-24T10:37:40+00:00\",\"mainEntityOfPage\":{\"@id\":\"https:\\\/\\\/stuttgarti-katolikusok.de\\\/index.php\\\/dr-gebhard-furst-puspok-nagybojti-uzenete\\\/\"},\"wordCount\":1810,\"image\":{\"@id\":\"https:\\\/\\\/stuttgarti-katolikusok.de\\\/index.php\\\/dr-gebhard-furst-puspok-nagybojti-uzenete\\\/#primaryimage\"},\"thumbnailUrl\":\"https:\\\/\\\/stuttgarti-katolikusok.de\\\/wp-content\\\/uploads\\\/2020\\\/07\\\/furst2.jpg\",\"articleSection\":[\"Gondolatok\"],\"inLanguage\":\"hu\"},{\"@type\":\"WebPage\",\"@id\":\"https:\\\/\\\/stuttgarti-katolikusok.de\\\/index.php\\\/dr-gebhard-furst-puspok-nagybojti-uzenete\\\/\",\"url\":\"https:\\\/\\\/stuttgarti-katolikusok.de\\\/index.php\\\/dr-gebhard-furst-puspok-nagybojti-uzenete\\\/\",\"name\":\"Dr. Gebhard F\u00fcrst p\u00fcsp\u00f6k nagyb\u00f6jti \u00fczenete - Stuttgarti Katolikusok\",\"isPartOf\":{\"@id\":\"https:\\\/\\\/stuttgarti-katolikusok.de\\\/#website\"},\"primaryImageOfPage\":{\"@id\":\"https:\\\/\\\/stuttgarti-katolikusok.de\\\/index.php\\\/dr-gebhard-furst-puspok-nagybojti-uzenete\\\/#primaryimage\"},\"image\":{\"@id\":\"https:\\\/\\\/stuttgarti-katolikusok.de\\\/index.php\\\/dr-gebhard-furst-puspok-nagybojti-uzenete\\\/#primaryimage\"},\"thumbnailUrl\":\"https:\\\/\\\/stuttgarti-katolikusok.de\\\/wp-content\\\/uploads\\\/2020\\\/07\\\/furst2.jpg\",\"datePublished\":\"2022-02-02T10:17:40+00:00\",\"dateModified\":\"2022-03-24T10:37:40+00:00\",\"author\":{\"@id\":\"https:\\\/\\\/stuttgarti-katolikusok.de\\\/#\\\/schema\\\/person\\\/75908d6f8fdc03a57889d27209df7795\"},\"breadcrumb\":{\"@id\":\"https:\\\/\\\/stuttgarti-katolikusok.de\\\/index.php\\\/dr-gebhard-furst-puspok-nagybojti-uzenete\\\/#breadcrumb\"},\"inLanguage\":\"hu\",\"potentialAction\":[{\"@type\":\"ReadAction\",\"target\":[\"https:\\\/\\\/stuttgarti-katolikusok.de\\\/index.php\\\/dr-gebhard-furst-puspok-nagybojti-uzenete\\\/\"]}]},{\"@type\":\"ImageObject\",\"inLanguage\":\"hu\",\"@id\":\"https:\\\/\\\/stuttgarti-katolikusok.de\\\/index.php\\\/dr-gebhard-furst-puspok-nagybojti-uzenete\\\/#primaryimage\",\"url\":\"https:\\\/\\\/stuttgarti-katolikusok.de\\\/wp-content\\\/uploads\\\/2020\\\/07\\\/furst2.jpg\",\"contentUrl\":\"https:\\\/\\\/stuttgarti-katolikusok.de\\\/wp-content\\\/uploads\\\/2020\\\/07\\\/furst2.jpg\",\"width\":1280,\"height\":720},{\"@type\":\"BreadcrumbList\",\"@id\":\"https:\\\/\\\/stuttgarti-katolikusok.de\\\/index.php\\\/dr-gebhard-furst-puspok-nagybojti-uzenete\\\/#breadcrumb\",\"itemListElement\":[{\"@type\":\"ListItem\",\"position\":1,\"name\":\"Kezd\u0151lap\",\"item\":\"https:\\\/\\\/stuttgarti-katolikusok.de\\\/\"},{\"@type\":\"ListItem\",\"position\":2,\"name\":\"Dr. Gebhard F\u00fcrst p\u00fcsp\u00f6k nagyb\u00f6jti \u00fczenete\"}]},{\"@type\":\"WebSite\",\"@id\":\"https:\\\/\\\/stuttgarti-katolikusok.de\\\/#website\",\"url\":\"https:\\\/\\\/stuttgarti-katolikusok.de\\\/\",\"name\":\"Stuttgarti Katolikusok\",\"description\":\"\",\"potentialAction\":[{\"@type\":\"SearchAction\",\"target\":{\"@type\":\"EntryPoint\",\"urlTemplate\":\"https:\\\/\\\/stuttgarti-katolikusok.de\\\/?s={search_term_string}\"},\"query-input\":{\"@type\":\"PropertyValueSpecification\",\"valueRequired\":true,\"valueName\":\"search_term_string\"}}],\"inLanguage\":\"hu\"},{\"@type\":\"Person\",\"@id\":\"https:\\\/\\\/stuttgarti-katolikusok.de\\\/#\\\/schema\\\/person\\\/75908d6f8fdc03a57889d27209df7795\",\"name\":\"Tibor atya\",\"image\":{\"@type\":\"ImageObject\",\"inLanguage\":\"hu\",\"@id\":\"https:\\\/\\\/secure.gravatar.com\\\/avatar\\\/61d268e57d1f4525b111222e29d2d5a7f8c420fdbf231ba5566a8ceac74fa960?s=96&d=mm&r=g\",\"url\":\"https:\\\/\\\/secure.gravatar.com\\\/avatar\\\/61d268e57d1f4525b111222e29d2d5a7f8c420fdbf231ba5566a8ceac74fa960?s=96&d=mm&r=g\",\"contentUrl\":\"https:\\\/\\\/secure.gravatar.com\\\/avatar\\\/61d268e57d1f4525b111222e29d2d5a7f8c420fdbf231ba5566a8ceac74fa960?s=96&d=mm&r=g\",\"caption\":\"Tibor atya\"},\"url\":\"https:\\\/\\\/stuttgarti-katolikusok.de\\\/index.php\\\/author\\\/tibor-atya\\\/\"}]}<\/script>\n<!-- \/ Yoast SEO plugin. -->","yoast_head_json":{"title":"Dr. Gebhard F\u00fcrst p\u00fcsp\u00f6k nagyb\u00f6jti \u00fczenete - Stuttgarti Katolikusok","robots":{"index":"index","follow":"follow","max-snippet":"max-snippet:-1","max-image-preview":"max-image-preview:large","max-video-preview":"max-video-preview:-1"},"canonical":"https:\/\/stuttgarti-katolikusok.de\/index.php\/dr-gebhard-furst-puspok-nagybojti-uzenete\/","og_locale":"hu_HU","og_type":"article","og_title":"Dr. Gebhard F\u00fcrst p\u00fcsp\u00f6k nagyb\u00f6jti \u00fczenete - Stuttgarti Katolikusok","og_description":"P\u00fcsp\u00f6ki lev\u00e9l a Rottenburg-Stuttgarti Egyh\u00e1zmegye egyh\u00e1zk\u00f6zs\u00e9gei sz\u00e1m\u00e1ra a 2022-es h\u00fasv\u00e9ti b\u0171nb\u00e1nati id\u0151szakra Nagyb\u00f6jt 1. vas\u00e1rnapja m\u00e1rcius 6. Dr. Gebhard F\u00fcrst p\u00fcsp\u00f6k Az egyh\u00e1z struktur\u00e1lis \u00e9s lelki meg\u00fajul\u00e1sa J\u00e9zus Krisztus szellem\u00e9ben Kedves Gy\u00fclekezeti tagok, kedves N\u0151v\u00e9rek \u00e9s Testv\u00e9rek! A h\u00fasv\u00e9ti b\u0171nb\u00e1nati id\u0151szak kezdet\u00e9n sz\u00edvb\u0151l j\u00f6v\u0151 szeretettel fordulok \u00d6n\u00f6kh\u00f6z. De ugyanakkor m\u00e9ly aggodalommal is. Neh\u00e9z id\u0151ket \u00e9l\u00fcnk. A nyugtalan\u00edt\u00f3 esem\u00e9nyek &#8211; b\u00e1rmerre is n\u00e9z\u00fcnk &#8211; lehangolnak minket \u00e9s sokakat megr\u00e9m\u00edtenek. A viharos id\u0151k viharos konfliktusokba sodornak benn\u00fcnket. A kib\u00e9k\u00edthetetlen helyzetek sz\u00e9tszak\u00edtj\u00e1k az egy\u00fctt\u00e9l\u00e9s\u00fcnket, \u00e9s megosztotts\u00e1ghoz vezetnek. A koronav\u00edrus-j\u00e1rv\u00e1ny harmadik \u00e9v\u00e9ben tov\u00e1bbra is a betegs\u00e9g \u00e9s a hal\u00e1l, a mag\u00e1ny \u00e9s a mut\u00e1l\u00f3d\u00f3 v\u00edrus okozta egzisztenci\u00e1lis szorong\u00e1s miatt szenved\u00fcnk. M\u00e9g ink\u00e1bb \u00e9rezz\u00fck egyh\u00e1zunk megr\u00e1z\u00f3 v\u00e1ls\u00e1g\u00e1t. \u00dajra \u00e9s \u00fajra \u00fajabb \u00e9s \u00fajabb botr\u00e1nyok ker\u00fclnek napvil\u00e1gra a papok, diak\u00f3nusok, egyh\u00e1zi szem\u00e9lyek \u00e9s egyh\u00e1zi alkalmazottak \u00e1ltal gyermekek \u00e9s fiatalok ellen elk\u00f6vetett vissza\u00e9l\u00e9sekkel kapcsolatban. Mindebben k\u00fcl\u00f6n\u00f6sen megd\u00f6bbent\u0151nek tartom a vissza\u00e9l\u00e9sek \u00e1ltal \u00e9rintettekkel szembeni rideg, elutas\u00edt\u00f3 b\u00e1n\u00e1sm\u00f3dot, a szenved\u00e9seik semmibe v\u00e9tel\u00e9t \u00e9s a seg\u00edts\u00e9g elutas\u00edt\u00e1s\u00e1t a legmagasabb egyh\u00e1zi tiszts\u00e9gvisel\u0151k r\u00e9sz\u00e9r\u0151l. A b\u0171ncselekm\u00e9nyeknek az elk\u00f6vet\u0151k felt\u00e9telezett v\u00e9delme \u00e9rdek\u00e9ben t\u00f6rt\u00e9n\u0151 elhom\u00e1lyos\u00edt\u00e1s\u00e1val kapcsolatban tov\u00e1bbi, a rendszerben rejl\u0151 probl\u00e9m\u00e1k v\u00e1lnak nyilv\u00e1nval\u00f3v\u00e1: a nyilv\u00e1noss\u00e1gra ker\u00fclt hatalommal val\u00f3 vissza\u00e9l\u00e9s, az egyh\u00e1z meg\u00fajul\u00e1s\u00e1nak elutas\u00edt\u00e1sa, a k\u00e9ptelens\u00e9g arra, hogy az embereket egy\u00e9ni \u00e9lethelyzet\u00fckben elfogadjuk, \u00e9s megbecs\u00fcl\u00e9ssel b\u00e1njunk vel\u00fck, \u00e9s a k\u00e9ptelens\u00e9g, hogy a nagy probl\u00e9m\u00e1kat j\u00f6v\u0151orient\u00e1lt m\u00f3don kezelj\u00fck. Mindez rendk\u00edv\u00fcli m\u00f3don megterheli az egyh\u00e1zi egy\u00fcttl\u00e9t\u00fcnket. Egyh\u00e1zunk l\u00e9te vesz\u00e9lyben van. Kedves N\u0151v\u00e9reim \u00e9s Testv\u00e9reim, p\u00fcsp\u00f6kk\u00e9nt felel\u0151ss\u00e9get kell v\u00e1llalnom. \u00d6n\u00f6kkel egy\u00fctt szeretn\u00e9k az egyh\u00e1z fenntarthat\u00f3 meg\u00fajul\u00e1s\u00e1\u00e9rt dolgozni. Az egyh\u00e1z struktur\u00e1lis meg\u00fajul\u00e1s\u00e1\u00e9rt, de a lelki meg\u00fajul\u00e1s\u00e9rt is a sz\u00edv\u00fcnkben. Sok besz\u00e9lget\u00e9sb\u0151l, valamint a levelekb\u0151l \u00e9s az e-mailekb\u0151l, amelyeket sokan \u00edrtak \u00d6n\u00f6k k\u00f6z\u00fcl nekem, tudok az \u00d6n\u00f6kben l\u00e9v\u0151 d\u00fchr\u0151l, szomor\u00fas\u00e1gr\u00f3l \u00e9s csal\u00f3dotts\u00e1gr\u00f3l, \u00e9s tudok az \u00d6n\u00f6k meghasonlotts\u00e1g\u00e1r\u00f3l; k\u00fcl\u00f6n\u00f6sen akkor, amikor \u00d6n\u00f6k a felel\u0151s\u00f6k. Jelenleg sz\u00e1mos h\u00edv\u0151 ford\u00edt h\u00e1tat az egyh\u00e1znak, vagy hagyja el azt a hatalommal val\u00f3 vissza\u00e9l\u00e9s miatt: az\u00e9rt... R\u00e9szletek","og_url":"https:\/\/stuttgarti-katolikusok.de\/index.php\/dr-gebhard-furst-puspok-nagybojti-uzenete\/","og_site_name":"Stuttgarti Katolikusok","article_published_time":"2022-02-02T10:17:40+00:00","article_modified_time":"2022-03-24T10:37:40+00:00","og_image":[{"width":1280,"height":720,"url":"https:\/\/stuttgarti-katolikusok.de\/wp-content\/uploads\/2020\/07\/furst2.jpg","type":"image\/jpeg"}],"author":"Tibor atya","twitter_card":"summary_large_image","twitter_misc":{"Szerz\u0151:":"Tibor atya","Becs\u00fclt olvas\u00e1si id\u0151":"7 perc"},"schema":{"@context":"https:\/\/schema.org","@graph":[{"@type":"Article","@id":"https:\/\/stuttgarti-katolikusok.de\/index.php\/dr-gebhard-furst-puspok-nagybojti-uzenete\/#article","isPartOf":{"@id":"https:\/\/stuttgarti-katolikusok.de\/index.php\/dr-gebhard-furst-puspok-nagybojti-uzenete\/"},"author":{"name":"Tibor atya","@id":"https:\/\/stuttgarti-katolikusok.de\/#\/schema\/person\/75908d6f8fdc03a57889d27209df7795"},"headline":"Dr. Gebhard F\u00fcrst p\u00fcsp\u00f6k nagyb\u00f6jti \u00fczenete","datePublished":"2022-02-02T10:17:40+00:00","dateModified":"2022-03-24T10:37:40+00:00","mainEntityOfPage":{"@id":"https:\/\/stuttgarti-katolikusok.de\/index.php\/dr-gebhard-furst-puspok-nagybojti-uzenete\/"},"wordCount":1810,"image":{"@id":"https:\/\/stuttgarti-katolikusok.de\/index.php\/dr-gebhard-furst-puspok-nagybojti-uzenete\/#primaryimage"},"thumbnailUrl":"https:\/\/stuttgarti-katolikusok.de\/wp-content\/uploads\/2020\/07\/furst2.jpg","articleSection":["Gondolatok"],"inLanguage":"hu"},{"@type":"WebPage","@id":"https:\/\/stuttgarti-katolikusok.de\/index.php\/dr-gebhard-furst-puspok-nagybojti-uzenete\/","url":"https:\/\/stuttgarti-katolikusok.de\/index.php\/dr-gebhard-furst-puspok-nagybojti-uzenete\/","name":"Dr. Gebhard F\u00fcrst p\u00fcsp\u00f6k nagyb\u00f6jti \u00fczenete - Stuttgarti Katolikusok","isPartOf":{"@id":"https:\/\/stuttgarti-katolikusok.de\/#website"},"primaryImageOfPage":{"@id":"https:\/\/stuttgarti-katolikusok.de\/index.php\/dr-gebhard-furst-puspok-nagybojti-uzenete\/#primaryimage"},"image":{"@id":"https:\/\/stuttgarti-katolikusok.de\/index.php\/dr-gebhard-furst-puspok-nagybojti-uzenete\/#primaryimage"},"thumbnailUrl":"https:\/\/stuttgarti-katolikusok.de\/wp-content\/uploads\/2020\/07\/furst2.jpg","datePublished":"2022-02-02T10:17:40+00:00","dateModified":"2022-03-24T10:37:40+00:00","author":{"@id":"https:\/\/stuttgarti-katolikusok.de\/#\/schema\/person\/75908d6f8fdc03a57889d27209df7795"},"breadcrumb":{"@id":"https:\/\/stuttgarti-katolikusok.de\/index.php\/dr-gebhard-furst-puspok-nagybojti-uzenete\/#breadcrumb"},"inLanguage":"hu","potentialAction":[{"@type":"ReadAction","target":["https:\/\/stuttgarti-katolikusok.de\/index.php\/dr-gebhard-furst-puspok-nagybojti-uzenete\/"]}]},{"@type":"ImageObject","inLanguage":"hu","@id":"https:\/\/stuttgarti-katolikusok.de\/index.php\/dr-gebhard-furst-puspok-nagybojti-uzenete\/#primaryimage","url":"https:\/\/stuttgarti-katolikusok.de\/wp-content\/uploads\/2020\/07\/furst2.jpg","contentUrl":"https:\/\/stuttgarti-katolikusok.de\/wp-content\/uploads\/2020\/07\/furst2.jpg","width":1280,"height":720},{"@type":"BreadcrumbList","@id":"https:\/\/stuttgarti-katolikusok.de\/index.php\/dr-gebhard-furst-puspok-nagybojti-uzenete\/#breadcrumb","itemListElement":[{"@type":"ListItem","position":1,"name":"Kezd\u0151lap","item":"https:\/\/stuttgarti-katolikusok.de\/"},{"@type":"ListItem","position":2,"name":"Dr. Gebhard F\u00fcrst p\u00fcsp\u00f6k nagyb\u00f6jti \u00fczenete"}]},{"@type":"WebSite","@id":"https:\/\/stuttgarti-katolikusok.de\/#website","url":"https:\/\/stuttgarti-katolikusok.de\/","name":"Stuttgarti Katolikusok","description":"","potentialAction":[{"@type":"SearchAction","target":{"@type":"EntryPoint","urlTemplate":"https:\/\/stuttgarti-katolikusok.de\/?s={search_term_string}"},"query-input":{"@type":"PropertyValueSpecification","valueRequired":true,"valueName":"search_term_string"}}],"inLanguage":"hu"},{"@type":"Person","@id":"https:\/\/stuttgarti-katolikusok.de\/#\/schema\/person\/75908d6f8fdc03a57889d27209df7795","name":"Tibor atya","image":{"@type":"ImageObject","inLanguage":"hu","@id":"https:\/\/secure.gravatar.com\/avatar\/61d268e57d1f4525b111222e29d2d5a7f8c420fdbf231ba5566a8ceac74fa960?s=96&d=mm&r=g","url":"https:\/\/secure.gravatar.com\/avatar\/61d268e57d1f4525b111222e29d2d5a7f8c420fdbf231ba5566a8ceac74fa960?s=96&d=mm&r=g","contentUrl":"https:\/\/secure.gravatar.com\/avatar\/61d268e57d1f4525b111222e29d2d5a7f8c420fdbf231ba5566a8ceac74fa960?s=96&d=mm&r=g","caption":"Tibor atya"},"url":"https:\/\/stuttgarti-katolikusok.de\/index.php\/author\/tibor-atya\/"}]}},"_links":{"self":[{"href":"https:\/\/stuttgarti-katolikusok.de\/index.php\/wp-json\/wp\/v2\/posts\/23103","targetHints":{"allow":["GET"]}}],"collection":[{"href":"https:\/\/stuttgarti-katolikusok.de\/index.php\/wp-json\/wp\/v2\/posts"}],"about":[{"href":"https:\/\/stuttgarti-katolikusok.de\/index.php\/wp-json\/wp\/v2\/types\/post"}],"author":[{"embeddable":true,"href":"https:\/\/stuttgarti-katolikusok.de\/index.php\/wp-json\/wp\/v2\/users\/3"}],"replies":[{"embeddable":true,"href":"https:\/\/stuttgarti-katolikusok.de\/index.php\/wp-json\/wp\/v2\/comments?post=23103"}],"version-history":[{"count":2,"href":"https:\/\/stuttgarti-katolikusok.de\/index.php\/wp-json\/wp\/v2\/posts\/23103\/revisions"}],"predecessor-version":[{"id":23106,"href":"https:\/\/stuttgarti-katolikusok.de\/index.php\/wp-json\/wp\/v2\/posts\/23103\/revisions\/23106"}],"wp:featuredmedia":[{"embeddable":true,"href":"https:\/\/stuttgarti-katolikusok.de\/index.php\/wp-json\/wp\/v2\/media\/19884"}],"wp:attachment":[{"href":"https:\/\/stuttgarti-katolikusok.de\/index.php\/wp-json\/wp\/v2\/media?parent=23103"}],"wp:term":[{"taxonomy":"category","embeddable":true,"href":"https:\/\/stuttgarti-katolikusok.de\/index.php\/wp-json\/wp\/v2\/categories?post=23103"},{"taxonomy":"post_tag","embeddable":true,"href":"https:\/\/stuttgarti-katolikusok.de\/index.php\/wp-json\/wp\/v2\/tags?post=23103"}],"curies":[{"name":"wp","href":"https:\/\/api.w.org\/{rel}","templated":true}]}}