{"id":23068,"date":"2022-03-20T00:08:44","date_gmt":"2022-03-19T23:08:44","guid":{"rendered":"https:\/\/stuttgarti-katolikusok.de\/?p=23068"},"modified":"2022-03-21T22:19:32","modified_gmt":"2022-03-21T21:19:32","slug":"stuttgarti-csendes-napok-2022-marcius-19","status":"publish","type":"post","link":"https:\/\/stuttgarti-katolikusok.de\/index.php\/stuttgarti-csendes-napok-2022-marcius-19\/","title":{"rendered":"Stuttgarti Csendes Napok &#8211; 2022. m\u00e1rcius 19."},"content":{"rendered":"<p>K\u00e9t esztend\u0151 ut\u00e1n \u00fajb\u00f3l lehet\u0151s\u00e9g k\u00edn\u00e1lkozott, hogy a k\u00f6z\u00f6ss\u00e9gi teremben tal\u00e1lkozhassunk. K\u00f6sz\u00f6net mindazoknak, akik jelen voltak, hogy az elm\u00falt \u00e9vek hagyom\u00e1ny\u00e1t k\u00f6vetve, k\u00f6zel egy napot ism\u00e9t egy\u00fctt t\u00f6lthess\u00fcnk.<\/p>\n<p>Az al\u00e1bbi linkeken el\u00e9rhet\u0151k az elm\u00e9lked\u00e9sek. Fogadj\u00e1tok szeretettel!<\/p>\n<p><em>Tibor atya<\/em><\/p>\n<p><a href=\"https:\/\/youtu.be\/lcB67gD_y7Q\">Els\u0151 elm\u00e9lked\u00e9s<\/a><\/p>\n<p><a href=\"https:\/\/youtu.be\/EsLLIjVD_DE\">M\u00e1sodik elm\u00e9lked\u00e9s<\/a><\/p>\n<p><a href=\"https:\/\/youtu.be\/Tx3TpSqjg1k\">Harmadik elm\u00e9lked\u00e9s<\/a><\/p>\n","protected":false},"excerpt":{"rendered":"<p>K\u00e9t esztend\u0151 ut\u00e1n \u00fajb\u00f3l lehet\u0151s\u00e9g k\u00edn\u00e1lkozott, hogy a k\u00f6z\u00f6ss\u00e9gi teremben tal\u00e1lkozhassunk. K\u00f6sz\u00f6net mindazoknak, akik jelen voltak, hogy az elm\u00falt \u00e9vek hagyom\u00e1ny\u00e1t k\u00f6vetve, k\u00f6zel egy napot ism\u00e9t egy\u00fctt t\u00f6lthess\u00fcnk. Az al\u00e1bbi linkeken el\u00e9rhet\u0151k az elm\u00e9lked\u00e9sek. Fogadj\u00e1tok szeretettel! Tibor atya Els\u0151 elm\u00e9lked\u00e9s M\u00e1sodik elm\u00e9lked\u00e9s Harmadik elm\u00e9lked\u00e9s<\/p>\n","protected":false},"author":3,"featured_media":23071,"comment_status":"closed","ping_status":"closed","sticky":false,"template":"","format":"standard","meta":{"footnotes":""},"categories":[5],"tags":[],"class_list":["post-23068","post","type-post","status-publish","format-standard","has-post-thumbnail","hentry","category-hirek"],"yoast_head":"<!-- This site is optimized with the Yoast SEO plugin v27.3 - https:\/\/yoast.com\/product\/yoast-seo-wordpress\/ -->\n<title>Stuttgarti Csendes Napok - 2022. m\u00e1rcius 19. - Stuttgarti Katolikusok<\/title>\n<meta name=\"robots\" content=\"index, follow, max-snippet:-1, max-image-preview:large, max-video-preview:-1\" \/>\n<link rel=\"canonical\" href=\"https:\/\/stuttgarti-katolikusok.de\/index.php\/stuttgarti-csendes-napok-2022-marcius-19\/\" \/>\n<meta property=\"og:locale\" content=\"hu_HU\" \/>\n<meta property=\"og:type\" content=\"article\" \/>\n<meta property=\"og:title\" content=\"Stuttgarti Csendes Napok - 2022. m\u00e1rcius 19. - Stuttgarti Katolikusok\" \/>\n<meta property=\"og:description\" content=\"K\u00e9t esztend\u0151 ut\u00e1n \u00fajb\u00f3l lehet\u0151s\u00e9g k\u00edn\u00e1lkozott, hogy a k\u00f6z\u00f6ss\u00e9gi teremben tal\u00e1lkozhassunk. K\u00f6sz\u00f6net mindazoknak, akik jelen voltak, hogy az elm\u00falt \u00e9vek hagyom\u00e1ny\u00e1t k\u00f6vetve, k\u00f6zel egy napot ism\u00e9t egy\u00fctt t\u00f6lthess\u00fcnk. Az al\u00e1bbi linkeken el\u00e9rhet\u0151k az elm\u00e9lked\u00e9sek. Fogadj\u00e1tok szeretettel! Tibor atya Els\u0151 elm\u00e9lked\u00e9s M\u00e1sodik elm\u00e9lked\u00e9s Harmadik elm\u00e9lked\u00e9s\" \/>\n<meta property=\"og:url\" content=\"https:\/\/stuttgarti-katolikusok.de\/index.php\/stuttgarti-csendes-napok-2022-marcius-19\/\" \/>\n<meta property=\"og:site_name\" content=\"Stuttgarti Katolikusok\" \/>\n<meta property=\"article:published_time\" content=\"2022-03-19T23:08:44+00:00\" \/>\n<meta property=\"article:modified_time\" content=\"2022-03-21T21:19:32+00:00\" \/>\n<meta property=\"og:image\" content=\"https:\/\/stuttgarti-katolikusok.de\/wp-content\/uploads\/2022\/03\/stuttgarti-csendes-nap.jpeg\" \/>\n\t<meta property=\"og:image:width\" content=\"2000\" \/>\n\t<meta property=\"og:image:height\" content=\"1500\" \/>\n\t<meta property=\"og:image:type\" content=\"image\/jpeg\" \/>\n<meta name=\"author\" content=\"Tibor atya\" \/>\n<meta name=\"twitter:card\" content=\"summary_large_image\" \/>\n<meta name=\"twitter:label1\" content=\"Szerz\u0151:\" \/>\n\t<meta name=\"twitter:data1\" content=\"Tibor atya\" \/>\n\t<meta name=\"twitter:label2\" content=\"Becs\u00fclt olvas\u00e1si id\u0151\" \/>\n\t<meta name=\"twitter:data2\" content=\"1 perc\" \/>\n<script type=\"application\/ld+json\" class=\"yoast-schema-graph\">{\"@context\":\"https:\\\/\\\/schema.org\",\"@graph\":[{\"@type\":\"Article\",\"@id\":\"https:\\\/\\\/stuttgarti-katolikusok.de\\\/index.php\\\/stuttgarti-csendes-napok-2022-marcius-19\\\/#article\",\"isPartOf\":{\"@id\":\"https:\\\/\\\/stuttgarti-katolikusok.de\\\/index.php\\\/stuttgarti-csendes-napok-2022-marcius-19\\\/\"},\"author\":{\"name\":\"Tibor atya\",\"@id\":\"https:\\\/\\\/stuttgarti-katolikusok.de\\\/#\\\/schema\\\/person\\\/75908d6f8fdc03a57889d27209df7795\"},\"headline\":\"Stuttgarti Csendes Napok &#8211; 2022. m\u00e1rcius 19.\",\"datePublished\":\"2022-03-19T23:08:44+00:00\",\"dateModified\":\"2022-03-21T21:19:32+00:00\",\"mainEntityOfPage\":{\"@id\":\"https:\\\/\\\/stuttgarti-katolikusok.de\\\/index.php\\\/stuttgarti-csendes-napok-2022-marcius-19\\\/\"},\"wordCount\":85,\"image\":{\"@id\":\"https:\\\/\\\/stuttgarti-katolikusok.de\\\/index.php\\\/stuttgarti-csendes-napok-2022-marcius-19\\\/#primaryimage\"},\"thumbnailUrl\":\"https:\\\/\\\/stuttgarti-katolikusok.de\\\/wp-content\\\/uploads\\\/2022\\\/03\\\/stuttgarti-csendes-nap.jpeg\",\"articleSection\":[\"H\u00edrek\"],\"inLanguage\":\"hu\"},{\"@type\":\"WebPage\",\"@id\":\"https:\\\/\\\/stuttgarti-katolikusok.de\\\/index.php\\\/stuttgarti-csendes-napok-2022-marcius-19\\\/\",\"url\":\"https:\\\/\\\/stuttgarti-katolikusok.de\\\/index.php\\\/stuttgarti-csendes-napok-2022-marcius-19\\\/\",\"name\":\"Stuttgarti Csendes Napok - 2022. m\u00e1rcius 19. - Stuttgarti Katolikusok\",\"isPartOf\":{\"@id\":\"https:\\\/\\\/stuttgarti-katolikusok.de\\\/#website\"},\"primaryImageOfPage\":{\"@id\":\"https:\\\/\\\/stuttgarti-katolikusok.de\\\/index.php\\\/stuttgarti-csendes-napok-2022-marcius-19\\\/#primaryimage\"},\"image\":{\"@id\":\"https:\\\/\\\/stuttgarti-katolikusok.de\\\/index.php\\\/stuttgarti-csendes-napok-2022-marcius-19\\\/#primaryimage\"},\"thumbnailUrl\":\"https:\\\/\\\/stuttgarti-katolikusok.de\\\/wp-content\\\/uploads\\\/2022\\\/03\\\/stuttgarti-csendes-nap.jpeg\",\"datePublished\":\"2022-03-19T23:08:44+00:00\",\"dateModified\":\"2022-03-21T21:19:32+00:00\",\"author\":{\"@id\":\"https:\\\/\\\/stuttgarti-katolikusok.de\\\/#\\\/schema\\\/person\\\/75908d6f8fdc03a57889d27209df7795\"},\"breadcrumb\":{\"@id\":\"https:\\\/\\\/stuttgarti-katolikusok.de\\\/index.php\\\/stuttgarti-csendes-napok-2022-marcius-19\\\/#breadcrumb\"},\"inLanguage\":\"hu\",\"potentialAction\":[{\"@type\":\"ReadAction\",\"target\":[\"https:\\\/\\\/stuttgarti-katolikusok.de\\\/index.php\\\/stuttgarti-csendes-napok-2022-marcius-19\\\/\"]}]},{\"@type\":\"ImageObject\",\"inLanguage\":\"hu\",\"@id\":\"https:\\\/\\\/stuttgarti-katolikusok.de\\\/index.php\\\/stuttgarti-csendes-napok-2022-marcius-19\\\/#primaryimage\",\"url\":\"https:\\\/\\\/stuttgarti-katolikusok.de\\\/wp-content\\\/uploads\\\/2022\\\/03\\\/stuttgarti-csendes-nap.jpeg\",\"contentUrl\":\"https:\\\/\\\/stuttgarti-katolikusok.de\\\/wp-content\\\/uploads\\\/2022\\\/03\\\/stuttgarti-csendes-nap.jpeg\",\"width\":2000,\"height\":1500},{\"@type\":\"BreadcrumbList\",\"@id\":\"https:\\\/\\\/stuttgarti-katolikusok.de\\\/index.php\\\/stuttgarti-csendes-napok-2022-marcius-19\\\/#breadcrumb\",\"itemListElement\":[{\"@type\":\"ListItem\",\"position\":1,\"name\":\"Kezd\u0151lap\",\"item\":\"https:\\\/\\\/stuttgarti-katolikusok.de\\\/\"},{\"@type\":\"ListItem\",\"position\":2,\"name\":\"Stuttgarti Csendes Napok &#8211; 2022. m\u00e1rcius 19.\"}]},{\"@type\":\"WebSite\",\"@id\":\"https:\\\/\\\/stuttgarti-katolikusok.de\\\/#website\",\"url\":\"https:\\\/\\\/stuttgarti-katolikusok.de\\\/\",\"name\":\"Stuttgarti Katolikusok\",\"description\":\"\",\"potentialAction\":[{\"@type\":\"SearchAction\",\"target\":{\"@type\":\"EntryPoint\",\"urlTemplate\":\"https:\\\/\\\/stuttgarti-katolikusok.de\\\/?s={search_term_string}\"},\"query-input\":{\"@type\":\"PropertyValueSpecification\",\"valueRequired\":true,\"valueName\":\"search_term_string\"}}],\"inLanguage\":\"hu\"},{\"@type\":\"Person\",\"@id\":\"https:\\\/\\\/stuttgarti-katolikusok.de\\\/#\\\/schema\\\/person\\\/75908d6f8fdc03a57889d27209df7795\",\"name\":\"Tibor atya\",\"image\":{\"@type\":\"ImageObject\",\"inLanguage\":\"hu\",\"@id\":\"https:\\\/\\\/secure.gravatar.com\\\/avatar\\\/61d268e57d1f4525b111222e29d2d5a7f8c420fdbf231ba5566a8ceac74fa960?s=96&d=mm&r=g\",\"url\":\"https:\\\/\\\/secure.gravatar.com\\\/avatar\\\/61d268e57d1f4525b111222e29d2d5a7f8c420fdbf231ba5566a8ceac74fa960?s=96&d=mm&r=g\",\"contentUrl\":\"https:\\\/\\\/secure.gravatar.com\\\/avatar\\\/61d268e57d1f4525b111222e29d2d5a7f8c420fdbf231ba5566a8ceac74fa960?s=96&d=mm&r=g\",\"caption\":\"Tibor atya\"},\"url\":\"https:\\\/\\\/stuttgarti-katolikusok.de\\\/index.php\\\/author\\\/tibor-atya\\\/\"}]}<\/script>\n<!-- \/ Yoast SEO plugin. -->","yoast_head_json":{"title":"Stuttgarti Csendes Napok - 2022. m\u00e1rcius 19. - Stuttgarti Katolikusok","robots":{"index":"index","follow":"follow","max-snippet":"max-snippet:-1","max-image-preview":"max-image-preview:large","max-video-preview":"max-video-preview:-1"},"canonical":"https:\/\/stuttgarti-katolikusok.de\/index.php\/stuttgarti-csendes-napok-2022-marcius-19\/","og_locale":"hu_HU","og_type":"article","og_title":"Stuttgarti Csendes Napok - 2022. m\u00e1rcius 19. - Stuttgarti Katolikusok","og_description":"K\u00e9t esztend\u0151 ut\u00e1n \u00fajb\u00f3l lehet\u0151s\u00e9g k\u00edn\u00e1lkozott, hogy a k\u00f6z\u00f6ss\u00e9gi teremben tal\u00e1lkozhassunk. K\u00f6sz\u00f6net mindazoknak, akik jelen voltak, hogy az elm\u00falt \u00e9vek hagyom\u00e1ny\u00e1t k\u00f6vetve, k\u00f6zel egy napot ism\u00e9t egy\u00fctt t\u00f6lthess\u00fcnk. Az al\u00e1bbi linkeken el\u00e9rhet\u0151k az elm\u00e9lked\u00e9sek. Fogadj\u00e1tok szeretettel! Tibor atya Els\u0151 elm\u00e9lked\u00e9s M\u00e1sodik elm\u00e9lked\u00e9s Harmadik elm\u00e9lked\u00e9s","og_url":"https:\/\/stuttgarti-katolikusok.de\/index.php\/stuttgarti-csendes-napok-2022-marcius-19\/","og_site_name":"Stuttgarti Katolikusok","article_published_time":"2022-03-19T23:08:44+00:00","article_modified_time":"2022-03-21T21:19:32+00:00","og_image":[{"width":2000,"height":1500,"url":"https:\/\/stuttgarti-katolikusok.de\/wp-content\/uploads\/2022\/03\/stuttgarti-csendes-nap.jpeg","type":"image\/jpeg"}],"author":"Tibor atya","twitter_card":"summary_large_image","twitter_misc":{"Szerz\u0151:":"Tibor atya","Becs\u00fclt olvas\u00e1si id\u0151":"1 perc"},"schema":{"@context":"https:\/\/schema.org","@graph":[{"@type":"Article","@id":"https:\/\/stuttgarti-katolikusok.de\/index.php\/stuttgarti-csendes-napok-2022-marcius-19\/#article","isPartOf":{"@id":"https:\/\/stuttgarti-katolikusok.de\/index.php\/stuttgarti-csendes-napok-2022-marcius-19\/"},"author":{"name":"Tibor atya","@id":"https:\/\/stuttgarti-katolikusok.de\/#\/schema\/person\/75908d6f8fdc03a57889d27209df7795"},"headline":"Stuttgarti Csendes Napok &#8211; 2022. m\u00e1rcius 19.","datePublished":"2022-03-19T23:08:44+00:00","dateModified":"2022-03-21T21:19:32+00:00","mainEntityOfPage":{"@id":"https:\/\/stuttgarti-katolikusok.de\/index.php\/stuttgarti-csendes-napok-2022-marcius-19\/"},"wordCount":85,"image":{"@id":"https:\/\/stuttgarti-katolikusok.de\/index.php\/stuttgarti-csendes-napok-2022-marcius-19\/#primaryimage"},"thumbnailUrl":"https:\/\/stuttgarti-katolikusok.de\/wp-content\/uploads\/2022\/03\/stuttgarti-csendes-nap.jpeg","articleSection":["H\u00edrek"],"inLanguage":"hu"},{"@type":"WebPage","@id":"https:\/\/stuttgarti-katolikusok.de\/index.php\/stuttgarti-csendes-napok-2022-marcius-19\/","url":"https:\/\/stuttgarti-katolikusok.de\/index.php\/stuttgarti-csendes-napok-2022-marcius-19\/","name":"Stuttgarti Csendes Napok - 2022. m\u00e1rcius 19. - Stuttgarti Katolikusok","isPartOf":{"@id":"https:\/\/stuttgarti-katolikusok.de\/#website"},"primaryImageOfPage":{"@id":"https:\/\/stuttgarti-katolikusok.de\/index.php\/stuttgarti-csendes-napok-2022-marcius-19\/#primaryimage"},"image":{"@id":"https:\/\/stuttgarti-katolikusok.de\/index.php\/stuttgarti-csendes-napok-2022-marcius-19\/#primaryimage"},"thumbnailUrl":"https:\/\/stuttgarti-katolikusok.de\/wp-content\/uploads\/2022\/03\/stuttgarti-csendes-nap.jpeg","datePublished":"2022-03-19T23:08:44+00:00","dateModified":"2022-03-21T21:19:32+00:00","author":{"@id":"https:\/\/stuttgarti-katolikusok.de\/#\/schema\/person\/75908d6f8fdc03a57889d27209df7795"},"breadcrumb":{"@id":"https:\/\/stuttgarti-katolikusok.de\/index.php\/stuttgarti-csendes-napok-2022-marcius-19\/#breadcrumb"},"inLanguage":"hu","potentialAction":[{"@type":"ReadAction","target":["https:\/\/stuttgarti-katolikusok.de\/index.php\/stuttgarti-csendes-napok-2022-marcius-19\/"]}]},{"@type":"ImageObject","inLanguage":"hu","@id":"https:\/\/stuttgarti-katolikusok.de\/index.php\/stuttgarti-csendes-napok-2022-marcius-19\/#primaryimage","url":"https:\/\/stuttgarti-katolikusok.de\/wp-content\/uploads\/2022\/03\/stuttgarti-csendes-nap.jpeg","contentUrl":"https:\/\/stuttgarti-katolikusok.de\/wp-content\/uploads\/2022\/03\/stuttgarti-csendes-nap.jpeg","width":2000,"height":1500},{"@type":"BreadcrumbList","@id":"https:\/\/stuttgarti-katolikusok.de\/index.php\/stuttgarti-csendes-napok-2022-marcius-19\/#breadcrumb","itemListElement":[{"@type":"ListItem","position":1,"name":"Kezd\u0151lap","item":"https:\/\/stuttgarti-katolikusok.de\/"},{"@type":"ListItem","position":2,"name":"Stuttgarti Csendes Napok &#8211; 2022. m\u00e1rcius 19."}]},{"@type":"WebSite","@id":"https:\/\/stuttgarti-katolikusok.de\/#website","url":"https:\/\/stuttgarti-katolikusok.de\/","name":"Stuttgarti Katolikusok","description":"","potentialAction":[{"@type":"SearchAction","target":{"@type":"EntryPoint","urlTemplate":"https:\/\/stuttgarti-katolikusok.de\/?s={search_term_string}"},"query-input":{"@type":"PropertyValueSpecification","valueRequired":true,"valueName":"search_term_string"}}],"inLanguage":"hu"},{"@type":"Person","@id":"https:\/\/stuttgarti-katolikusok.de\/#\/schema\/person\/75908d6f8fdc03a57889d27209df7795","name":"Tibor atya","image":{"@type":"ImageObject","inLanguage":"hu","@id":"https:\/\/secure.gravatar.com\/avatar\/61d268e57d1f4525b111222e29d2d5a7f8c420fdbf231ba5566a8ceac74fa960?s=96&d=mm&r=g","url":"https:\/\/secure.gravatar.com\/avatar\/61d268e57d1f4525b111222e29d2d5a7f8c420fdbf231ba5566a8ceac74fa960?s=96&d=mm&r=g","contentUrl":"https:\/\/secure.gravatar.com\/avatar\/61d268e57d1f4525b111222e29d2d5a7f8c420fdbf231ba5566a8ceac74fa960?s=96&d=mm&r=g","caption":"Tibor atya"},"url":"https:\/\/stuttgarti-katolikusok.de\/index.php\/author\/tibor-atya\/"}]}},"_links":{"self":[{"href":"https:\/\/stuttgarti-katolikusok.de\/index.php\/wp-json\/wp\/v2\/posts\/23068","targetHints":{"allow":["GET"]}}],"collection":[{"href":"https:\/\/stuttgarti-katolikusok.de\/index.php\/wp-json\/wp\/v2\/posts"}],"about":[{"href":"https:\/\/stuttgarti-katolikusok.de\/index.php\/wp-json\/wp\/v2\/types\/post"}],"author":[{"embeddable":true,"href":"https:\/\/stuttgarti-katolikusok.de\/index.php\/wp-json\/wp\/v2\/users\/3"}],"replies":[{"embeddable":true,"href":"https:\/\/stuttgarti-katolikusok.de\/index.php\/wp-json\/wp\/v2\/comments?post=23068"}],"version-history":[{"count":4,"href":"https:\/\/stuttgarti-katolikusok.de\/index.php\/wp-json\/wp\/v2\/posts\/23068\/revisions"}],"predecessor-version":[{"id":23073,"href":"https:\/\/stuttgarti-katolikusok.de\/index.php\/wp-json\/wp\/v2\/posts\/23068\/revisions\/23073"}],"wp:featuredmedia":[{"embeddable":true,"href":"https:\/\/stuttgarti-katolikusok.de\/index.php\/wp-json\/wp\/v2\/media\/23071"}],"wp:attachment":[{"href":"https:\/\/stuttgarti-katolikusok.de\/index.php\/wp-json\/wp\/v2\/media?parent=23068"}],"wp:term":[{"taxonomy":"category","embeddable":true,"href":"https:\/\/stuttgarti-katolikusok.de\/index.php\/wp-json\/wp\/v2\/categories?post=23068"},{"taxonomy":"post_tag","embeddable":true,"href":"https:\/\/stuttgarti-katolikusok.de\/index.php\/wp-json\/wp\/v2\/tags?post=23068"}],"curies":[{"name":"wp","href":"https:\/\/api.w.org\/{rel}","templated":true}]}}