{"id":23022,"date":"2022-03-05T12:48:28","date_gmt":"2022-03-05T11:48:28","guid":{"rendered":"https:\/\/stuttgarti-katolikusok.de\/?p=23022"},"modified":"2022-03-06T01:07:22","modified_gmt":"2022-03-06T00:07:22","slug":"nagybojt-1-vasarnapja","status":"publish","type":"post","link":"https:\/\/stuttgarti-katolikusok.de\/index.php\/nagybojt-1-vasarnapja\/","title":{"rendered":"Nagyb\u00f6jt 1. vas\u00e1rnapja"},"content":{"rendered":"<p><span style=\"color: #800080;\"><b>Nagyb\u00f6jt 1. vas\u00e1rnap<\/b><\/span><\/p>\n<p><span style=\"color: #800080;\">Kezd\u0151\u00e9nek:<\/span><br \/>\nHa ki\u00e1lt hozz\u00e1m, meghallgatom; megszabad\u00edtom \u00e9s dics\u0151s\u00e9get szerzek neki, hossz\u00fa \u00e9lettel \u00e1ldom meg. (Zsolt 90,15-16)<\/p>\n<p><span style=\"color: #800080;\">K\u00f6ny\u00f6rg\u00e9s:<\/span><br \/>\nMindenhat\u00f3 Isten\u00fcnk, add kegyelmedet, hogy a nagyb\u00f6jti szent id\u0151szak \u00e9venk\u00e9nt visszat\u00e9r\u0151 gyakorlatai \u00e1ltal egyre jobban megismerj\u00fck Krisztus \u00e9let\u00e9nek titkait, \u00e9s m\u00e9lt\u00f3 kereszt\u00e9ny \u00e9let\u00fcnkkel igazodjunk hozz\u00e1. Aki veled \u00e9l \u00e9s uralkodik a Szentl\u00e9lekkel egys\u00e9gben, Isten mind\u00f6r\u00f6kk\u00f6n \u00f6r\u00f6kk\u00e9.<\/p>\n<p align=\"justify\"><span style=\"color: #800080;\">OLVASM\u00c1NY M\u00f3zes \u00f6t\u00f6dik k\u00f6nyv\u00e9b\u0151l<\/span> <em>(MT\u00f6rv 26,4-10)<\/em><br \/>\n<i>A v\u00e1lasztott n\u00e9p hitvall\u00e1sa \u00e9s im\u00e1ds\u00e1ga az \u00dar el\u0151tt.<\/i><br \/>\nM\u00f3zes \u00edgy tan\u00edtotta a n\u00e9pet:<br \/>\nAmikor term\u00e9sed legjav\u00e1b\u00f3l aj\u00e1nd\u00e9kot hozol, a pap vegye ki kezedb\u0151l a kosarat, s \u00e1ll\u00edtsa az \u00dar, a te Istened olt\u00e1ra el\u00e9. Te pedig mondd az \u00dar, a te Istened el\u0151tt:<br \/>\n\u201eAp\u00e1m v\u00e1ndorl\u00f3 ar\u00e1m volt, lement Egyiptomba, s ott \u00e9lt idegenk\u00e9nt kevesed mag\u00e1val, m\u00e9gis nagy, er\u0151s \u00e9s hatalmas n\u00e9pp\u00e9 lett.<br \/>\nAmikor azt\u00e1n az egyiptomiak rosszul b\u00e1ntak vel\u00fcnk, sanyargattak \u00e9s kem\u00e9ny szolgas\u00e1gba vetettek minket, akkor az \u00darhoz, aty\u00e1ink Isten\u00e9hez ki\u00e1ltottunk. S az \u00dar meghallgatta k\u00f6ny\u00f6rg\u00e9s\u00fcnket, megl\u00e1tta nyomor\u00fas\u00e1gunkat, elnyomat\u00e1sunkat \u00e9s sanyar\u00fa sorsunkat. Az \u00dar er\u0151s k\u00e9zzel \u00e9s kiny\u00fajtott karral kivezetett minket Egyiptomb\u00f3l, nagy r\u00e9m\u00fcletet t\u00e1masztva, jelek \u00e9s csod\u00e1k k\u00eds\u00e9ret\u00e9ben. Erre a f\u00f6ldre hozott, \u00e9s nek\u00fcnk adta ezt a tejjel-m\u00e9zzel foly\u00f3 orsz\u00e1got.<br \/>\n\u00cdme, most hozom annak a f\u00f6ldnek els\u0151 term\u00e9s\u00e9t, amelyet te, az \u00dar, nekem adt\u00e1l.\u201d<br \/>\nEzzel hagyd ott a kosarat az \u00dar, a te Istened sz\u00edne el\u0151tt, majd borulj le az \u00dar, a te Istened el\u0151tt.<br \/>\nEz az Isten ig\u00e9je.<\/p>\n<p align=\"justify\"><span style=\"color: #800080;\">V\u00c1LASZOS ZSOLT\u00c1R<\/span> <em>(Zsolt 90,1-2.10-11.12-13.14-15)<\/em><br \/>\nV\u00e1lasz:\u00a0<b>L\u00e9gy velem, Uram, * minden sz\u00fcks\u00e9gemben.<\/b>\u00a015b. vers. (2. t\u00f3nus)<br \/>\nEl\u0151\u00e9nekes: Aki a F\u00f6ls\u00e9ges oltalm\u00e1ban lakik, * a Mindenhat\u00f3 \u00e1rny\u00e9k\u00e1ban tart\u00f3zkodik.<br \/>\n\u00cdgy sz\u00f3l az \u00darhoz: \u2020 \u201eMened\u00e9kem \u00e9s v\u00e1ram te vagy n\u00e9kem, * Istenem, benned b\u00edzom.\u201d<br \/>\nH\u00edvek: L\u00e9gy velem, Uram, * minden sz\u00fcks\u00e9gemben.<br \/>\nE: Nem eshet semmi bajod, * otthonodhoz nem k\u00f6zel\u00edthet semmi csap\u00e1s.<br \/>\nMert angyalainak parancsol fel\u0151led, * hogy \u0151rizzenek minden utadon.<br \/>\nH: L\u00e9gy velem, Uram, * minden sz\u00fcks\u00e9gemben.<br \/>\nE: Kez\u00fckben hordoznak t\u00e9ged, * hogy k\u0151be ne \u00fcssed l\u00e1badat.<br \/>\n\u00c1spisk\u00edgy\u00f3n \u00e9s viper\u00e1n l\u00e9pdelsz, * oroszl\u00e1nt \u00e9s s\u00e1rk\u00e1nyt eltiporsz.<br \/>\nH: L\u00e9gy velem, Uram, * minden sz\u00fcks\u00e9gemben.<br \/>\nE: \u201eMegszabad\u00edtom \u0151t, mivel ragaszkodik hozz\u00e1m, * oltalmazom, mert nevemet ismeri.<br \/>\nHozz\u00e1m ki\u00e1lt, \u00e9s \u00e9n meghallgatom \u0151t, \u2020 minden sz\u00fcks\u00e9gben vele vagyok, * megszabad\u00edtom \u00e9s dics\u0151s\u00e9get szerzek n\u00e9ki.\u201d<br \/>\nH: L\u00e9gy velem, Uram, * minden sz\u00fcks\u00e9gemben.<\/p>\n<p>S<span style=\"color: #800080;\">ZENTLECKE Szent P\u00e1l apostolnak a r\u00f3maiakhoz \u00edrt level\u00e9b\u0151l<\/span> <em>(R\u00f3m 10,8-13)<\/em><br \/>\n<i>A hit \u00f6r\u00f6k \u00e9letet szerez.<br \/>\nAki Krisztusban hisz, megvallja hit\u00e9t.<\/i><br \/>\nTestv\u00e9reim!<br \/>\nHogyan mondja az \u00cdr\u00e1s? K\u00f6zel van hozz\u00e1d a tan\u00edt\u00e1s, ajkadon \u00e9s sz\u00edvedben, tudniillik a hit tan\u00edt\u00e1sa, amelyet hirdet\u00fcnk. Ha teh\u00e1t sz\u00e1ddal vallod, hogy J\u00e9zus az \u00dar, \u00e9s sz\u00edvedben hiszed, hogy Isten felt\u00e1masztotta \u0151t a hal\u00e1lb\u00f3l, \u00fcdv\u00f6z\u00fclsz. A sz\u00edvbeli hit ugyanis megigazul\u00e1sra, a sz\u00e1jjal val\u00f3 megvall\u00e1s pedig \u00fcdv\u00f6ss\u00e9gre szolg\u00e1l. Az \u00cdr\u00e1s ugyanis azt mondja: Senki nem vall sz\u00e9gyent, aki \u0151benne hisz.<br \/>\nNincs k\u00fcl\u00f6nbs\u00e9g zsid\u00f3 meg pog\u00e1ny k\u00f6z\u00f6tt, mert mindny\u00e1junknak egy az Ura. \u0150 b\u0151kez\u0171 mindazokhoz, akik seg\u00edts\u00e9g\u00fcl h\u00edvj\u00e1k. Mindenki, aki seg\u00edts\u00e9g\u00fcl h\u00edvja az \u00dar nev\u00e9t, \u00fcdv\u00f6z\u00fcl.<br \/>\nEz az Isten ig\u00e9je.<\/p>\n<p><span style=\"color: #800080;\">EVANG\u00c9LIUM EL\u0150TTI VERS<\/span><br \/>\nNemcsak keny\u00e9rrel \u00e9l az ember, * hanem minden ig\u00e9vel is, mely Isten ajk\u00e1r\u00f3l val\u00f3. Mt 4,4b \u2013 2. t\u00f3nus.<\/p>\n<p><span style=\"color: #800080;\">\u2020 EVANG\u00c9LIUM Szent Luk\u00e1cs k\u00f6nyv\u00e9b\u0151l<\/span> <em>(Lk 4,1-13)<\/em><br \/>\n<i>J\u00e9zust a Szentl\u00e9lek a puszt\u00e1ba vitte, \u00e9s ott megk\u00eds\u00e9rtette a s\u00e1t\u00e1n.<\/i><br \/>\nAbban az id\u0151ben J\u00e9zus a Szentl\u00e9lekt\u0151l eltelve otthagyta a Jord\u00e1nt, s a L\u00e9lek \u00f6szt\u00f6nz\u00e9s\u00e9re a puszt\u00e1ba vonult negyven napra. Itt megk\u00eds\u00e9rtette a s\u00e1t\u00e1n. Ezekben a napokban nem evett semmit sem, de v\u00e9g\u00fcl is meg\u00e9hezett. Ekkor megsz\u00f3l\u00edtotta a s\u00e1t\u00e1n: \u201eHa Isten Fia vagy, mondd ennek a k\u0151nek, hogy v\u00e1lj\u00e9k keny\u00e9rr\u00e9.\u201d De J\u00e9zus ezt felelte: \u201e\u00cdrva van, nemcsak keny\u00e9rrel \u00e9l az ember.\u201d Erre a s\u00e1t\u00e1n f\u00f6lvezette egy magas hegyre, \u00e9s egy szempillant\u00e1s alatt felvonultatta szeme el\u0151tt a f\u00f6ldkereks\u00e9g minden orsz\u00e1g\u00e1t. \u201eMinden hatalmat \u00e9s dics\u0151s\u00e9get neked adok \u2013 mondta \u2013, mert hisz \u00e9n kaptam meg \u00e9s annak adom, akinek akarom. Ha leborulva h\u00f3dolsz el\u0151ttem, az mind a tied lesz.\u201d J\u00e9zus elutas\u00edtotta: \u201e\u00cdrva van: Uradat, Istenedet im\u00e1dd \u00e9s csak neki szolg\u00e1lj!\u201d Ekkor a s\u00e1t\u00e1n Jeruzs\u00e1lembe vitte, a templom p\u00e1rk\u00e1ny\u00e1ra \u00e1ll\u00edtotta, \u00e9s \u00edgy sz\u00f3lt: \u201eHa Isten Fia vagy, vesd le magad inn\u00e9t. Hisz \u00edrva van: angyalainak parancsolta, hogy oltalmazzanak, \u00e9s: kez\u00fck\u00f6n hordoznak majd, nehogy k\u0151be \u00fcsd a l\u00e1bad.\u201d De J\u00e9zus ezt v\u00e1laszolta: \u201eAz is \u00edrva van: Ne k\u00eds\u00e9rtsd Uradat, Istenedet!\u201d<br \/>\nMiut\u00e1n a s\u00e1t\u00e1n ezekkel a k\u00eds\u00e9rt\u00e9sekkel hi\u00e1ba pr\u00f3b\u00e1lkozott, egy id\u0151re elhagyta J\u00e9zust.<br \/>\nEzek az evang\u00e9lium ig\u00e9i.<\/p>\n<p><a href=\"https:\/\/stuttgarti-katolikusok.de\/wp-content\/uploads\/2022\/03\/kisertes-helye.jpg\"><img loading=\"lazy\" decoding=\"async\" class=\"alignnone size-full wp-image-23028\" src=\"https:\/\/stuttgarti-katolikusok.de\/wp-content\/uploads\/2022\/03\/kisertes-helye.jpg\" alt=\"\" width=\"1200\" height=\"630\" srcset=\"https:\/\/stuttgarti-katolikusok.de\/wp-content\/uploads\/2022\/03\/kisertes-helye.jpg 1200w, https:\/\/stuttgarti-katolikusok.de\/wp-content\/uploads\/2022\/03\/kisertes-helye-300x158.jpg 300w, https:\/\/stuttgarti-katolikusok.de\/wp-content\/uploads\/2022\/03\/kisertes-helye-1024x538.jpg 1024w\" sizes=\"auto, (max-width: 1200px) 100vw, 1200px\" \/><\/a><\/p>\n<p><span style=\"color: #800080;\">EGYETEMES K\u00d6NY\u00d6RG\u00c9SEK<\/span><br \/>\nPap: K\u00e9rj\u00fck, testv\u00e9reim, mindenhat\u00f3 Aty\u00e1nkat, hogy a h\u00fasv\u00e9ti el\u0151k\u00e9sz\u00fclet szent negyven napja idej\u00e9n \u00f6nfegyelemben \u00e9lj\u00fcnk, \u0151szinte b\u0171nb\u00e1natot tartsunk, \u00e9s sok j\u00f3t cselekedj\u00fcnk!<br \/>\nLektor: 1. Add meg, Urunk, h\u00edveidnek, hogy szent ig\u00e9idet felid\u00e9zve utas\u00edts\u00e1k vissza a s\u00e1t\u00e1n minden k\u00eds\u00e9rt\u00e9s\u00e9t!<br \/>\nH\u00edvek: K\u00e9r\u00fcnk t\u00e9ged, hallgass meg minket!<br \/>\n2. Add meg Egyh\u00e1zad p\u00e1sztorainak, hogy sz\u00edvesen hozzanak meg minden \u00e1ldozatot a maguk \u00e9s a r\u00e1juk b\u00edzott ny\u00e1j megszentel\u00e9s\u00e9re!<br \/>\nH\u00edvek: K\u00e9r\u00fcnk t\u00e9ged . . .<br \/>\n3. Add meg a vil\u00e1g n\u00e9peinek, hogy testv\u00e9riesen seg\u00edts\u00e9k egym\u00e1st az \u00e9hs\u00e9g \u00e9s a tudatlans\u00e1g megsz\u00fcntet\u00e9s\u00e9ben!<br \/>\nH\u00edvek: K\u00e9r\u00fcnk t\u00e9ged . . .<br \/>\n4. Add meg a betegeknek \u00e9s a szenved\u0151knek, hogy Krisztus Urunk b\u00e9ket\u0171r\u00e9s\u00e9b\u0151l er\u0151t mer\u00edtsenek!<br \/>\nH\u00edvek: K\u00e9r\u00fcnk t\u00e9ged . . .<br \/>\n5. Add meg mindny\u00e1junknak, hogy buzg\u00f3 im\u00e1ds\u00e1gos \u00e9let\u00fcnk, \u00f6nmegtagad\u00e1saink \u00e9s j\u00f3t\u00e9konys\u00e1gunk \u00e1ltal el\u0151seg\u00edts\u00fck egyh\u00e1zk\u00f6zs\u00e9geink meg\u00fajul\u00e1s\u00e1t!<br \/>\nH\u00edvek: K\u00e9r\u00fcnk t\u00e9ged . . .<br \/>\nPap: Mindenhat\u00f3 Isten\u00fcnk! Szent Fiad \u00e9rdemei\u00e9rt seg\u00edts minket, hogy a Szentl\u00e9lek \u00f6szt\u00f6nz\u00e9s\u00e9re elforduljunk a rosszt\u00f3l, \u00e9s kegyelmedben gyarapodva k\u00e9sz\u00fclj\u00fcnk a h\u00fasv\u00e9ti \u00f6r\u00f6mre! Krisztus, a mi urunk \u00e1ltal.<br \/>\nH\u00edvek: \u00c1men.<\/p>\n<p><span style=\"color: #800080;\">Felaj\u00e1nl\u00f3 k\u00f6ny\u00f6rg\u00e9s:<\/span><br \/>\nUrunk, Isten\u00fcnk, t\u00e9gy m\u00e9lt\u00f3v\u00e1 minket az \u00e1ldozati adom\u00e1nyok felaj\u00e1nl\u00e1s\u00e1ra, amelyekkel az \u00e1ldott nagyb\u00f6jti id\u0151szak kezdet\u00e9t \u00fcnnepelj\u00fck. Krisztus, a mi Urunk \u00e1ltal.<\/p>\n<p><span style=\"color: #800080;\">Pref\u00e1ci\u00f3:<\/span><br \/>\n<i>Krisztus megk\u00eds\u00e9rt\u00e9s\u00e9r\u0151l<\/i><br \/>\nAz \u00dar legyen veletek.<br \/>\nH.: \u00c9s a te lelkeddel.<br \/>\nEmelj\u00fck f\u00f6l sz\u00edv\u00fcnket.<br \/>\nH.: F\u00f6lemelt\u00fck az \u00darhoz.<br \/>\nAdjunk h\u00e1l\u00e1t Urunknak, Isten\u00fcnknek.<br \/>\nH.: M\u00e9lt\u00f3 \u00e9s igazs\u00e1gos.<br \/>\n(Mert) Val\u00f3ban m\u00e9lt\u00f3 \u00e9s igazs\u00e1gos, ill\u0151 \u00e9s \u00fcdv\u00f6s, hogy mindig \u00e9s minden\u00fctt h\u00e1l\u00e1t adjunk n\u00e9ked, mi Urunk, szents\u00e9ges Aty\u00e1nk, mindenhat\u00f3 \u00f6r\u00f6k Isten: Krisztus, a mi Urunk \u00e1ltal.<br \/>\n(\u0150) Amikor negyven napon \u00e1t a f\u00f6ldi t\u00e1pl\u00e1l\u00e9kt\u00f3l megtart\u00f3ztatta mag\u00e1t, \u2013 megszentelte B\u00d6JTj\u00e9vel az \u00f6nfegyelmez\u00e9snek ezt a m\u00f3dj\u00e1t. A s\u00e1t\u00e1n minden cselvet\u00e9s\u00e9t legy\u0151zve megtan\u00edtott arra, hogy a roml\u00e1s kov\u00e1sz\u00e1nak ellen\u00e1lljunk, \u2013 \u00edgy m\u00e9lt\u00f3 l\u00e9lekkel \u00fcnnepelj\u00fck a H\u00fasv\u00e9t szent TITk\u00e1t, \u00e9s az \u00f6r\u00f6k h\u00fasv\u00e9tra is eljussunk. Mi ez\u00e9rt az angyalok \u00e9s szentek k\u00f3rus\u00e1val egy\u00fctt, \u2013 dics\u00e9reted himnusz\u00e1t ZENGj\u00fck, \u00e9s v\u00e9g n\u00e9lk\u00fcl mondjuk: (\u00e9nekelj\u00fck:)<\/p>\n<p><span style=\"color: #800080;\">\u00c1ldoz\u00e1si \u00e9nek:<\/span><br \/>\nNemcsak keny\u00e9rrel \u00e9l az ember, hanem minden tan\u00edt\u00e1ssal is, amely az Isten sz\u00e1j\u00e1b\u00f3l sz\u00e1rmazik. (Mt 4,4)<\/p>\n<p><span style=\"color: #800080;\">\u00c1ldoz\u00e1s ut\u00e1ni k\u00f6ny\u00f6rg\u00e9s:<\/span><br \/>\nIsten\u00fcnk, te mennyei keny\u00e9rrel t\u00e1pl\u00e1lt\u00e1l minket: ett\u0151l n\u00f6vekszik hit\u00fcnk, \u00e9led rem\u00e9ny\u00fcnk, er\u0151s\u00f6dik szeretet\u00fcnk. K\u00e9r\u00fcnk, tan\u00edts meg, hogy Krisztusra, az \u00e9l\u0151 keny\u00e9rre \u00e9hezz\u00fcnk, \u00e9s \u00e9lni tudjunk minden ig\u00e9b\u0151l, amely ajkadr\u00f3l sz\u00e1rmazik. Krisztus, a mi Urunk \u00e1ltal.<\/p>\n<p><em>(K\u00e9p forr\u00e1sa: pixabay)<\/em><\/p>\n","protected":false},"excerpt":{"rendered":"<p>Nagyb\u00f6jt 1. vas\u00e1rnap Kezd\u0151\u00e9nek: Ha ki\u00e1lt hozz\u00e1m, meghallgatom; megszabad\u00edtom \u00e9s dics\u0151s\u00e9get szerzek neki, hossz\u00fa \u00e9lettel \u00e1ldom meg. (Zsolt 90,15-16) K\u00f6ny\u00f6rg\u00e9s: Mindenhat\u00f3 Isten\u00fcnk, add kegyelmedet, hogy a nagyb\u00f6jti szent id\u0151szak \u00e9venk\u00e9nt visszat\u00e9r\u0151 gyakorlatai \u00e1ltal egyre jobban megismerj\u00fck Krisztus \u00e9let\u00e9nek titkait, \u00e9s m\u00e9lt\u00f3 kereszt\u00e9ny \u00e9let\u00fcnkkel igazodjunk hozz\u00e1. Aki veled \u00e9l \u00e9s uralkodik a Szentl\u00e9lekkel egys\u00e9gben, Isten mind\u00f6r\u00f6kk\u00f6n \u00f6r\u00f6kk\u00e9. OLVASM\u00c1NY M\u00f3zes \u00f6t\u00f6dik k\u00f6nyv\u00e9b\u0151l (MT\u00f6rv 26,4-10) A v\u00e1lasztott n\u00e9p hitvall\u00e1sa \u00e9s im\u00e1ds\u00e1ga az \u00dar el\u0151tt. M\u00f3zes \u00edgy tan\u00edtotta a n\u00e9pet: Amikor term\u00e9sed legjav\u00e1b\u00f3l aj\u00e1nd\u00e9kot hozol, a pap vegye ki kezedb\u0151l a kosarat, s \u00e1ll\u00edtsa az \u00dar, a te Istened olt\u00e1ra el\u00e9. Te pedig mondd az \u00dar, a te Istened el\u0151tt: \u201eAp\u00e1m v\u00e1ndorl\u00f3 ar\u00e1m volt, lement Egyiptomba, s ott \u00e9lt idegenk\u00e9nt kevesed mag\u00e1val, m\u00e9gis nagy, er\u0151s \u00e9s hatalmas n\u00e9pp\u00e9 lett. Amikor azt\u00e1n az egyiptomiak rosszul b\u00e1ntak vel\u00fcnk, sanyargattak \u00e9s kem\u00e9ny szolgas\u00e1gba vetettek minket, akkor az \u00darhoz, aty\u00e1ink Isten\u00e9hez ki\u00e1ltottunk. S az \u00dar meghallgatta k\u00f6ny\u00f6rg\u00e9s\u00fcnket, megl\u00e1tta nyomor\u00fas\u00e1gunkat, elnyomat\u00e1sunkat \u00e9s sanyar\u00fa sorsunkat. Az \u00dar er\u0151s k\u00e9zzel \u00e9s kiny\u00fajtott karral kivezetett minket Egyiptomb\u00f3l, nagy r\u00e9m\u00fcletet t\u00e1masztva, jelek \u00e9s csod\u00e1k k\u00eds\u00e9ret\u00e9ben. Erre a f\u00f6ldre hozott, \u00e9s nek\u00fcnk adta ezt a tejjel-m\u00e9zzel foly\u00f3 orsz\u00e1got. \u00cdme, most hozom annak a f\u00f6ldnek els\u0151 term\u00e9s\u00e9t, amelyet te, az \u00dar, nekem adt\u00e1l.\u201d Ezzel hagyd ott a kosarat az \u00dar, a te Istened sz\u00edne el\u0151tt, majd borulj le az \u00dar, a te Istened el\u0151tt. Ez az Isten ig\u00e9je. V\u00c1LASZOS ZSOLT\u00c1R (Zsolt 90,1-2.10-11.12-13.14-15) V\u00e1lasz:\u00a0L\u00e9gy velem, Uram, * minden sz\u00fcks\u00e9gemben.\u00a015b. vers. (2. t\u00f3nus) El\u0151\u00e9nekes: Aki a F\u00f6ls\u00e9ges oltalm\u00e1ban lakik, * a Mindenhat\u00f3 \u00e1rny\u00e9k\u00e1ban tart\u00f3zkodik. \u00cdgy sz\u00f3l az \u00darhoz: \u2020 \u201eMened\u00e9kem \u00e9s v\u00e1ram te vagy n\u00e9kem, * Istenem, benned b\u00edzom.\u201d H\u00edvek: L\u00e9gy velem, Uram, * minden sz\u00fcks\u00e9gemben. E: Nem eshet semmi bajod, * otthonodhoz nem k\u00f6zel\u00edthet semmi csap\u00e1s. Mert angyalainak parancsol fel\u0151led, * hogy \u0151rizzenek minden utadon. H: L\u00e9gy velem, Uram, * minden sz\u00fcks\u00e9gemben. E: Kez\u00fckben hordoznak t\u00e9ged,&#8230; <\/p>\n<p><a class=\"readmore\" href=\"https:\/\/stuttgarti-katolikusok.de\/index.php\/nagybojt-1-vasarnapja\/\">R\u00e9szletek<\/a><\/p>\n","protected":false},"author":3,"featured_media":23023,"comment_status":"closed","ping_status":"closed","sticky":false,"template":"","format":"standard","meta":{"footnotes":""},"categories":[63],"tags":[],"class_list":["post-23022","post","type-post","status-publish","format-standard","has-post-thumbnail","hentry","category-vasarnapi-gondolatok"],"yoast_head":"<!-- This site is optimized with the Yoast SEO plugin v27.3 - https:\/\/yoast.com\/product\/yoast-seo-wordpress\/ -->\n<title>Nagyb\u00f6jt 1. vas\u00e1rnapja - Stuttgarti Katolikusok<\/title>\n<meta name=\"robots\" content=\"index, follow, max-snippet:-1, max-image-preview:large, max-video-preview:-1\" \/>\n<link rel=\"canonical\" href=\"https:\/\/stuttgarti-katolikusok.de\/index.php\/nagybojt-1-vasarnapja\/\" \/>\n<meta property=\"og:locale\" content=\"hu_HU\" \/>\n<meta property=\"og:type\" content=\"article\" \/>\n<meta property=\"og:title\" content=\"Nagyb\u00f6jt 1. vas\u00e1rnapja - Stuttgarti Katolikusok\" \/>\n<meta property=\"og:description\" content=\"Nagyb\u00f6jt 1. vas\u00e1rnap Kezd\u0151\u00e9nek: Ha ki\u00e1lt hozz\u00e1m, meghallgatom; megszabad\u00edtom \u00e9s dics\u0151s\u00e9get szerzek neki, hossz\u00fa \u00e9lettel \u00e1ldom meg. (Zsolt 90,15-16) K\u00f6ny\u00f6rg\u00e9s: Mindenhat\u00f3 Isten\u00fcnk, add kegyelmedet, hogy a nagyb\u00f6jti szent id\u0151szak \u00e9venk\u00e9nt visszat\u00e9r\u0151 gyakorlatai \u00e1ltal egyre jobban megismerj\u00fck Krisztus \u00e9let\u00e9nek titkait, \u00e9s m\u00e9lt\u00f3 kereszt\u00e9ny \u00e9let\u00fcnkkel igazodjunk hozz\u00e1. Aki veled \u00e9l \u00e9s uralkodik a Szentl\u00e9lekkel egys\u00e9gben, Isten mind\u00f6r\u00f6kk\u00f6n \u00f6r\u00f6kk\u00e9. OLVASM\u00c1NY M\u00f3zes \u00f6t\u00f6dik k\u00f6nyv\u00e9b\u0151l (MT\u00f6rv 26,4-10) A v\u00e1lasztott n\u00e9p hitvall\u00e1sa \u00e9s im\u00e1ds\u00e1ga az \u00dar el\u0151tt. M\u00f3zes \u00edgy tan\u00edtotta a n\u00e9pet: Amikor term\u00e9sed legjav\u00e1b\u00f3l aj\u00e1nd\u00e9kot hozol, a pap vegye ki kezedb\u0151l a kosarat, s \u00e1ll\u00edtsa az \u00dar, a te Istened olt\u00e1ra el\u00e9. Te pedig mondd az \u00dar, a te Istened el\u0151tt: \u201eAp\u00e1m v\u00e1ndorl\u00f3 ar\u00e1m volt, lement Egyiptomba, s ott \u00e9lt idegenk\u00e9nt kevesed mag\u00e1val, m\u00e9gis nagy, er\u0151s \u00e9s hatalmas n\u00e9pp\u00e9 lett. Amikor azt\u00e1n az egyiptomiak rosszul b\u00e1ntak vel\u00fcnk, sanyargattak \u00e9s kem\u00e9ny szolgas\u00e1gba vetettek minket, akkor az \u00darhoz, aty\u00e1ink Isten\u00e9hez ki\u00e1ltottunk. S az \u00dar meghallgatta k\u00f6ny\u00f6rg\u00e9s\u00fcnket, megl\u00e1tta nyomor\u00fas\u00e1gunkat, elnyomat\u00e1sunkat \u00e9s sanyar\u00fa sorsunkat. Az \u00dar er\u0151s k\u00e9zzel \u00e9s kiny\u00fajtott karral kivezetett minket Egyiptomb\u00f3l, nagy r\u00e9m\u00fcletet t\u00e1masztva, jelek \u00e9s csod\u00e1k k\u00eds\u00e9ret\u00e9ben. Erre a f\u00f6ldre hozott, \u00e9s nek\u00fcnk adta ezt a tejjel-m\u00e9zzel foly\u00f3 orsz\u00e1got. \u00cdme, most hozom annak a f\u00f6ldnek els\u0151 term\u00e9s\u00e9t, amelyet te, az \u00dar, nekem adt\u00e1l.\u201d Ezzel hagyd ott a kosarat az \u00dar, a te Istened sz\u00edne el\u0151tt, majd borulj le az \u00dar, a te Istened el\u0151tt. Ez az Isten ig\u00e9je. V\u00c1LASZOS ZSOLT\u00c1R (Zsolt 90,1-2.10-11.12-13.14-15) V\u00e1lasz:\u00a0L\u00e9gy velem, Uram, * minden sz\u00fcks\u00e9gemben.\u00a015b. vers. (2. t\u00f3nus) El\u0151\u00e9nekes: Aki a F\u00f6ls\u00e9ges oltalm\u00e1ban lakik, * a Mindenhat\u00f3 \u00e1rny\u00e9k\u00e1ban tart\u00f3zkodik. \u00cdgy sz\u00f3l az \u00darhoz: \u2020 \u201eMened\u00e9kem \u00e9s v\u00e1ram te vagy n\u00e9kem, * Istenem, benned b\u00edzom.\u201d H\u00edvek: L\u00e9gy velem, Uram, * minden sz\u00fcks\u00e9gemben. E: Nem eshet semmi bajod, * otthonodhoz nem k\u00f6zel\u00edthet semmi csap\u00e1s. Mert angyalainak parancsol fel\u0151led, * hogy \u0151rizzenek minden utadon. H: L\u00e9gy velem, Uram, * minden sz\u00fcks\u00e9gemben. E: Kez\u00fckben hordoznak t\u00e9ged,... R\u00e9szletek\" \/>\n<meta property=\"og:url\" content=\"https:\/\/stuttgarti-katolikusok.de\/index.php\/nagybojt-1-vasarnapja\/\" \/>\n<meta property=\"og:site_name\" content=\"Stuttgarti Katolikusok\" \/>\n<meta property=\"article:published_time\" content=\"2022-03-05T11:48:28+00:00\" \/>\n<meta property=\"article:modified_time\" content=\"2022-03-06T00:07:22+00:00\" \/>\n<meta property=\"og:image\" content=\"https:\/\/stuttgarti-katolikusok.de\/wp-content\/uploads\/2022\/03\/kisertes.png\" \/>\n\t<meta property=\"og:image:width\" content=\"1280\" \/>\n\t<meta property=\"og:image:height\" content=\"930\" \/>\n\t<meta property=\"og:image:type\" content=\"image\/png\" \/>\n<meta name=\"author\" content=\"Tibor atya\" \/>\n<meta name=\"twitter:card\" content=\"summary_large_image\" \/>\n<meta name=\"twitter:label1\" content=\"Szerz\u0151:\" \/>\n\t<meta name=\"twitter:data1\" content=\"Tibor atya\" \/>\n\t<meta name=\"twitter:label2\" content=\"Becs\u00fclt olvas\u00e1si id\u0151\" \/>\n\t<meta name=\"twitter:data2\" content=\"6 perc\" \/>\n<script type=\"application\/ld+json\" class=\"yoast-schema-graph\">{\"@context\":\"https:\\\/\\\/schema.org\",\"@graph\":[{\"@type\":\"Article\",\"@id\":\"https:\\\/\\\/stuttgarti-katolikusok.de\\\/index.php\\\/nagybojt-1-vasarnapja\\\/#article\",\"isPartOf\":{\"@id\":\"https:\\\/\\\/stuttgarti-katolikusok.de\\\/index.php\\\/nagybojt-1-vasarnapja\\\/\"},\"author\":{\"name\":\"Tibor atya\",\"@id\":\"https:\\\/\\\/stuttgarti-katolikusok.de\\\/#\\\/schema\\\/person\\\/75908d6f8fdc03a57889d27209df7795\"},\"headline\":\"Nagyb\u00f6jt 1. vas\u00e1rnapja\",\"datePublished\":\"2022-03-05T11:48:28+00:00\",\"dateModified\":\"2022-03-06T00:07:22+00:00\",\"mainEntityOfPage\":{\"@id\":\"https:\\\/\\\/stuttgarti-katolikusok.de\\\/index.php\\\/nagybojt-1-vasarnapja\\\/\"},\"wordCount\":1548,\"image\":{\"@id\":\"https:\\\/\\\/stuttgarti-katolikusok.de\\\/index.php\\\/nagybojt-1-vasarnapja\\\/#primaryimage\"},\"thumbnailUrl\":\"https:\\\/\\\/stuttgarti-katolikusok.de\\\/wp-content\\\/uploads\\\/2022\\\/03\\\/kisertes.png\",\"articleSection\":[\"Vas\u00e1rnapi gondolatok\"],\"inLanguage\":\"hu\"},{\"@type\":\"WebPage\",\"@id\":\"https:\\\/\\\/stuttgarti-katolikusok.de\\\/index.php\\\/nagybojt-1-vasarnapja\\\/\",\"url\":\"https:\\\/\\\/stuttgarti-katolikusok.de\\\/index.php\\\/nagybojt-1-vasarnapja\\\/\",\"name\":\"Nagyb\u00f6jt 1. vas\u00e1rnapja - Stuttgarti Katolikusok\",\"isPartOf\":{\"@id\":\"https:\\\/\\\/stuttgarti-katolikusok.de\\\/#website\"},\"primaryImageOfPage\":{\"@id\":\"https:\\\/\\\/stuttgarti-katolikusok.de\\\/index.php\\\/nagybojt-1-vasarnapja\\\/#primaryimage\"},\"image\":{\"@id\":\"https:\\\/\\\/stuttgarti-katolikusok.de\\\/index.php\\\/nagybojt-1-vasarnapja\\\/#primaryimage\"},\"thumbnailUrl\":\"https:\\\/\\\/stuttgarti-katolikusok.de\\\/wp-content\\\/uploads\\\/2022\\\/03\\\/kisertes.png\",\"datePublished\":\"2022-03-05T11:48:28+00:00\",\"dateModified\":\"2022-03-06T00:07:22+00:00\",\"author\":{\"@id\":\"https:\\\/\\\/stuttgarti-katolikusok.de\\\/#\\\/schema\\\/person\\\/75908d6f8fdc03a57889d27209df7795\"},\"breadcrumb\":{\"@id\":\"https:\\\/\\\/stuttgarti-katolikusok.de\\\/index.php\\\/nagybojt-1-vasarnapja\\\/#breadcrumb\"},\"inLanguage\":\"hu\",\"potentialAction\":[{\"@type\":\"ReadAction\",\"target\":[\"https:\\\/\\\/stuttgarti-katolikusok.de\\\/index.php\\\/nagybojt-1-vasarnapja\\\/\"]}]},{\"@type\":\"ImageObject\",\"inLanguage\":\"hu\",\"@id\":\"https:\\\/\\\/stuttgarti-katolikusok.de\\\/index.php\\\/nagybojt-1-vasarnapja\\\/#primaryimage\",\"url\":\"https:\\\/\\\/stuttgarti-katolikusok.de\\\/wp-content\\\/uploads\\\/2022\\\/03\\\/kisertes.png\",\"contentUrl\":\"https:\\\/\\\/stuttgarti-katolikusok.de\\\/wp-content\\\/uploads\\\/2022\\\/03\\\/kisertes.png\",\"width\":1280,\"height\":930},{\"@type\":\"BreadcrumbList\",\"@id\":\"https:\\\/\\\/stuttgarti-katolikusok.de\\\/index.php\\\/nagybojt-1-vasarnapja\\\/#breadcrumb\",\"itemListElement\":[{\"@type\":\"ListItem\",\"position\":1,\"name\":\"Kezd\u0151lap\",\"item\":\"https:\\\/\\\/stuttgarti-katolikusok.de\\\/\"},{\"@type\":\"ListItem\",\"position\":2,\"name\":\"Nagyb\u00f6jt 1. vas\u00e1rnapja\"}]},{\"@type\":\"WebSite\",\"@id\":\"https:\\\/\\\/stuttgarti-katolikusok.de\\\/#website\",\"url\":\"https:\\\/\\\/stuttgarti-katolikusok.de\\\/\",\"name\":\"Stuttgarti Katolikusok\",\"description\":\"\",\"potentialAction\":[{\"@type\":\"SearchAction\",\"target\":{\"@type\":\"EntryPoint\",\"urlTemplate\":\"https:\\\/\\\/stuttgarti-katolikusok.de\\\/?s={search_term_string}\"},\"query-input\":{\"@type\":\"PropertyValueSpecification\",\"valueRequired\":true,\"valueName\":\"search_term_string\"}}],\"inLanguage\":\"hu\"},{\"@type\":\"Person\",\"@id\":\"https:\\\/\\\/stuttgarti-katolikusok.de\\\/#\\\/schema\\\/person\\\/75908d6f8fdc03a57889d27209df7795\",\"name\":\"Tibor atya\",\"image\":{\"@type\":\"ImageObject\",\"inLanguage\":\"hu\",\"@id\":\"https:\\\/\\\/secure.gravatar.com\\\/avatar\\\/61d268e57d1f4525b111222e29d2d5a7f8c420fdbf231ba5566a8ceac74fa960?s=96&d=mm&r=g\",\"url\":\"https:\\\/\\\/secure.gravatar.com\\\/avatar\\\/61d268e57d1f4525b111222e29d2d5a7f8c420fdbf231ba5566a8ceac74fa960?s=96&d=mm&r=g\",\"contentUrl\":\"https:\\\/\\\/secure.gravatar.com\\\/avatar\\\/61d268e57d1f4525b111222e29d2d5a7f8c420fdbf231ba5566a8ceac74fa960?s=96&d=mm&r=g\",\"caption\":\"Tibor atya\"},\"url\":\"https:\\\/\\\/stuttgarti-katolikusok.de\\\/index.php\\\/author\\\/tibor-atya\\\/\"}]}<\/script>\n<!-- \/ Yoast SEO plugin. -->","yoast_head_json":{"title":"Nagyb\u00f6jt 1. vas\u00e1rnapja - Stuttgarti Katolikusok","robots":{"index":"index","follow":"follow","max-snippet":"max-snippet:-1","max-image-preview":"max-image-preview:large","max-video-preview":"max-video-preview:-1"},"canonical":"https:\/\/stuttgarti-katolikusok.de\/index.php\/nagybojt-1-vasarnapja\/","og_locale":"hu_HU","og_type":"article","og_title":"Nagyb\u00f6jt 1. vas\u00e1rnapja - Stuttgarti Katolikusok","og_description":"Nagyb\u00f6jt 1. vas\u00e1rnap Kezd\u0151\u00e9nek: Ha ki\u00e1lt hozz\u00e1m, meghallgatom; megszabad\u00edtom \u00e9s dics\u0151s\u00e9get szerzek neki, hossz\u00fa \u00e9lettel \u00e1ldom meg. (Zsolt 90,15-16) K\u00f6ny\u00f6rg\u00e9s: Mindenhat\u00f3 Isten\u00fcnk, add kegyelmedet, hogy a nagyb\u00f6jti szent id\u0151szak \u00e9venk\u00e9nt visszat\u00e9r\u0151 gyakorlatai \u00e1ltal egyre jobban megismerj\u00fck Krisztus \u00e9let\u00e9nek titkait, \u00e9s m\u00e9lt\u00f3 kereszt\u00e9ny \u00e9let\u00fcnkkel igazodjunk hozz\u00e1. Aki veled \u00e9l \u00e9s uralkodik a Szentl\u00e9lekkel egys\u00e9gben, Isten mind\u00f6r\u00f6kk\u00f6n \u00f6r\u00f6kk\u00e9. OLVASM\u00c1NY M\u00f3zes \u00f6t\u00f6dik k\u00f6nyv\u00e9b\u0151l (MT\u00f6rv 26,4-10) A v\u00e1lasztott n\u00e9p hitvall\u00e1sa \u00e9s im\u00e1ds\u00e1ga az \u00dar el\u0151tt. M\u00f3zes \u00edgy tan\u00edtotta a n\u00e9pet: Amikor term\u00e9sed legjav\u00e1b\u00f3l aj\u00e1nd\u00e9kot hozol, a pap vegye ki kezedb\u0151l a kosarat, s \u00e1ll\u00edtsa az \u00dar, a te Istened olt\u00e1ra el\u00e9. Te pedig mondd az \u00dar, a te Istened el\u0151tt: \u201eAp\u00e1m v\u00e1ndorl\u00f3 ar\u00e1m volt, lement Egyiptomba, s ott \u00e9lt idegenk\u00e9nt kevesed mag\u00e1val, m\u00e9gis nagy, er\u0151s \u00e9s hatalmas n\u00e9pp\u00e9 lett. Amikor azt\u00e1n az egyiptomiak rosszul b\u00e1ntak vel\u00fcnk, sanyargattak \u00e9s kem\u00e9ny szolgas\u00e1gba vetettek minket, akkor az \u00darhoz, aty\u00e1ink Isten\u00e9hez ki\u00e1ltottunk. S az \u00dar meghallgatta k\u00f6ny\u00f6rg\u00e9s\u00fcnket, megl\u00e1tta nyomor\u00fas\u00e1gunkat, elnyomat\u00e1sunkat \u00e9s sanyar\u00fa sorsunkat. Az \u00dar er\u0151s k\u00e9zzel \u00e9s kiny\u00fajtott karral kivezetett minket Egyiptomb\u00f3l, nagy r\u00e9m\u00fcletet t\u00e1masztva, jelek \u00e9s csod\u00e1k k\u00eds\u00e9ret\u00e9ben. Erre a f\u00f6ldre hozott, \u00e9s nek\u00fcnk adta ezt a tejjel-m\u00e9zzel foly\u00f3 orsz\u00e1got. \u00cdme, most hozom annak a f\u00f6ldnek els\u0151 term\u00e9s\u00e9t, amelyet te, az \u00dar, nekem adt\u00e1l.\u201d Ezzel hagyd ott a kosarat az \u00dar, a te Istened sz\u00edne el\u0151tt, majd borulj le az \u00dar, a te Istened el\u0151tt. Ez az Isten ig\u00e9je. V\u00c1LASZOS ZSOLT\u00c1R (Zsolt 90,1-2.10-11.12-13.14-15) V\u00e1lasz:\u00a0L\u00e9gy velem, Uram, * minden sz\u00fcks\u00e9gemben.\u00a015b. vers. (2. t\u00f3nus) El\u0151\u00e9nekes: Aki a F\u00f6ls\u00e9ges oltalm\u00e1ban lakik, * a Mindenhat\u00f3 \u00e1rny\u00e9k\u00e1ban tart\u00f3zkodik. \u00cdgy sz\u00f3l az \u00darhoz: \u2020 \u201eMened\u00e9kem \u00e9s v\u00e1ram te vagy n\u00e9kem, * Istenem, benned b\u00edzom.\u201d H\u00edvek: L\u00e9gy velem, Uram, * minden sz\u00fcks\u00e9gemben. E: Nem eshet semmi bajod, * otthonodhoz nem k\u00f6zel\u00edthet semmi csap\u00e1s. Mert angyalainak parancsol fel\u0151led, * hogy \u0151rizzenek minden utadon. H: L\u00e9gy velem, Uram, * minden sz\u00fcks\u00e9gemben. E: Kez\u00fckben hordoznak t\u00e9ged,... R\u00e9szletek","og_url":"https:\/\/stuttgarti-katolikusok.de\/index.php\/nagybojt-1-vasarnapja\/","og_site_name":"Stuttgarti Katolikusok","article_published_time":"2022-03-05T11:48:28+00:00","article_modified_time":"2022-03-06T00:07:22+00:00","og_image":[{"width":1280,"height":930,"url":"https:\/\/stuttgarti-katolikusok.de\/wp-content\/uploads\/2022\/03\/kisertes.png","type":"image\/png"}],"author":"Tibor atya","twitter_card":"summary_large_image","twitter_misc":{"Szerz\u0151:":"Tibor atya","Becs\u00fclt olvas\u00e1si id\u0151":"6 perc"},"schema":{"@context":"https:\/\/schema.org","@graph":[{"@type":"Article","@id":"https:\/\/stuttgarti-katolikusok.de\/index.php\/nagybojt-1-vasarnapja\/#article","isPartOf":{"@id":"https:\/\/stuttgarti-katolikusok.de\/index.php\/nagybojt-1-vasarnapja\/"},"author":{"name":"Tibor atya","@id":"https:\/\/stuttgarti-katolikusok.de\/#\/schema\/person\/75908d6f8fdc03a57889d27209df7795"},"headline":"Nagyb\u00f6jt 1. vas\u00e1rnapja","datePublished":"2022-03-05T11:48:28+00:00","dateModified":"2022-03-06T00:07:22+00:00","mainEntityOfPage":{"@id":"https:\/\/stuttgarti-katolikusok.de\/index.php\/nagybojt-1-vasarnapja\/"},"wordCount":1548,"image":{"@id":"https:\/\/stuttgarti-katolikusok.de\/index.php\/nagybojt-1-vasarnapja\/#primaryimage"},"thumbnailUrl":"https:\/\/stuttgarti-katolikusok.de\/wp-content\/uploads\/2022\/03\/kisertes.png","articleSection":["Vas\u00e1rnapi gondolatok"],"inLanguage":"hu"},{"@type":"WebPage","@id":"https:\/\/stuttgarti-katolikusok.de\/index.php\/nagybojt-1-vasarnapja\/","url":"https:\/\/stuttgarti-katolikusok.de\/index.php\/nagybojt-1-vasarnapja\/","name":"Nagyb\u00f6jt 1. vas\u00e1rnapja - Stuttgarti Katolikusok","isPartOf":{"@id":"https:\/\/stuttgarti-katolikusok.de\/#website"},"primaryImageOfPage":{"@id":"https:\/\/stuttgarti-katolikusok.de\/index.php\/nagybojt-1-vasarnapja\/#primaryimage"},"image":{"@id":"https:\/\/stuttgarti-katolikusok.de\/index.php\/nagybojt-1-vasarnapja\/#primaryimage"},"thumbnailUrl":"https:\/\/stuttgarti-katolikusok.de\/wp-content\/uploads\/2022\/03\/kisertes.png","datePublished":"2022-03-05T11:48:28+00:00","dateModified":"2022-03-06T00:07:22+00:00","author":{"@id":"https:\/\/stuttgarti-katolikusok.de\/#\/schema\/person\/75908d6f8fdc03a57889d27209df7795"},"breadcrumb":{"@id":"https:\/\/stuttgarti-katolikusok.de\/index.php\/nagybojt-1-vasarnapja\/#breadcrumb"},"inLanguage":"hu","potentialAction":[{"@type":"ReadAction","target":["https:\/\/stuttgarti-katolikusok.de\/index.php\/nagybojt-1-vasarnapja\/"]}]},{"@type":"ImageObject","inLanguage":"hu","@id":"https:\/\/stuttgarti-katolikusok.de\/index.php\/nagybojt-1-vasarnapja\/#primaryimage","url":"https:\/\/stuttgarti-katolikusok.de\/wp-content\/uploads\/2022\/03\/kisertes.png","contentUrl":"https:\/\/stuttgarti-katolikusok.de\/wp-content\/uploads\/2022\/03\/kisertes.png","width":1280,"height":930},{"@type":"BreadcrumbList","@id":"https:\/\/stuttgarti-katolikusok.de\/index.php\/nagybojt-1-vasarnapja\/#breadcrumb","itemListElement":[{"@type":"ListItem","position":1,"name":"Kezd\u0151lap","item":"https:\/\/stuttgarti-katolikusok.de\/"},{"@type":"ListItem","position":2,"name":"Nagyb\u00f6jt 1. vas\u00e1rnapja"}]},{"@type":"WebSite","@id":"https:\/\/stuttgarti-katolikusok.de\/#website","url":"https:\/\/stuttgarti-katolikusok.de\/","name":"Stuttgarti Katolikusok","description":"","potentialAction":[{"@type":"SearchAction","target":{"@type":"EntryPoint","urlTemplate":"https:\/\/stuttgarti-katolikusok.de\/?s={search_term_string}"},"query-input":{"@type":"PropertyValueSpecification","valueRequired":true,"valueName":"search_term_string"}}],"inLanguage":"hu"},{"@type":"Person","@id":"https:\/\/stuttgarti-katolikusok.de\/#\/schema\/person\/75908d6f8fdc03a57889d27209df7795","name":"Tibor atya","image":{"@type":"ImageObject","inLanguage":"hu","@id":"https:\/\/secure.gravatar.com\/avatar\/61d268e57d1f4525b111222e29d2d5a7f8c420fdbf231ba5566a8ceac74fa960?s=96&d=mm&r=g","url":"https:\/\/secure.gravatar.com\/avatar\/61d268e57d1f4525b111222e29d2d5a7f8c420fdbf231ba5566a8ceac74fa960?s=96&d=mm&r=g","contentUrl":"https:\/\/secure.gravatar.com\/avatar\/61d268e57d1f4525b111222e29d2d5a7f8c420fdbf231ba5566a8ceac74fa960?s=96&d=mm&r=g","caption":"Tibor atya"},"url":"https:\/\/stuttgarti-katolikusok.de\/index.php\/author\/tibor-atya\/"}]}},"_links":{"self":[{"href":"https:\/\/stuttgarti-katolikusok.de\/index.php\/wp-json\/wp\/v2\/posts\/23022","targetHints":{"allow":["GET"]}}],"collection":[{"href":"https:\/\/stuttgarti-katolikusok.de\/index.php\/wp-json\/wp\/v2\/posts"}],"about":[{"href":"https:\/\/stuttgarti-katolikusok.de\/index.php\/wp-json\/wp\/v2\/types\/post"}],"author":[{"embeddable":true,"href":"https:\/\/stuttgarti-katolikusok.de\/index.php\/wp-json\/wp\/v2\/users\/3"}],"replies":[{"embeddable":true,"href":"https:\/\/stuttgarti-katolikusok.de\/index.php\/wp-json\/wp\/v2\/comments?post=23022"}],"version-history":[{"count":4,"href":"https:\/\/stuttgarti-katolikusok.de\/index.php\/wp-json\/wp\/v2\/posts\/23022\/revisions"}],"predecessor-version":[{"id":30615,"href":"https:\/\/stuttgarti-katolikusok.de\/index.php\/wp-json\/wp\/v2\/posts\/23022\/revisions\/30615"}],"wp:featuredmedia":[{"embeddable":true,"href":"https:\/\/stuttgarti-katolikusok.de\/index.php\/wp-json\/wp\/v2\/media\/23023"}],"wp:attachment":[{"href":"https:\/\/stuttgarti-katolikusok.de\/index.php\/wp-json\/wp\/v2\/media?parent=23022"}],"wp:term":[{"taxonomy":"category","embeddable":true,"href":"https:\/\/stuttgarti-katolikusok.de\/index.php\/wp-json\/wp\/v2\/categories?post=23022"},{"taxonomy":"post_tag","embeddable":true,"href":"https:\/\/stuttgarti-katolikusok.de\/index.php\/wp-json\/wp\/v2\/tags?post=23022"}],"curies":[{"name":"wp","href":"https:\/\/api.w.org\/{rel}","templated":true}]}}