{"id":22918,"date":"2022-02-11T11:12:54","date_gmt":"2022-02-11T10:12:54","guid":{"rendered":"https:\/\/stuttgarti-katolikusok.de\/?p=22918"},"modified":"2022-02-11T11:12:54","modified_gmt":"2022-02-11T10:12:54","slug":"megszunik-a-szentmisere-torteno-bejelentkezes-kotelezettsege","status":"publish","type":"post","link":"https:\/\/stuttgarti-katolikusok.de\/index.php\/megszunik-a-szentmisere-torteno-bejelentkezes-kotelezettsege\/","title":{"rendered":"Megsz\u0171nik a szentmis\u00e9re t\u00f6rt\u00e9n\u0151 bejelentkez\u00e9s k\u00f6telezetts\u00e9ge!!!"},"content":{"rendered":"<p><em><span style=\"color: #008000;\">Dr. Gebhard F\u00fcrst p\u00fcsp\u00f6k \u00far 2022. febru\u00e1r 8-\u00e1n keltezett level\u00e9nek fontos \u00fczenet\u00e9t foglalom \u00f6ssze az al\u00e1bbiakban.<\/span><\/em><\/p>\n<p><em><span style=\"color: #008000;\">Ezen lev\u00e9l \u00e9rtelm\u00e9ben \u00f6r\u00f6mmel \u00e9rtes\u00edtelek benneteket, hogy 2022. febru\u00e1r 9-ei hat\u00e1llyal nincs m\u00e1r sz\u00fcks\u00e9g a jelenl\u00e9ti lista vezet\u00e9s\u00e9re \u00e9s \u0151rz\u00e9s\u00e9re.\u00a0<\/span><\/em><\/p>\n<p><em><span style=\"color: #ff0000;\">Szentmis\u00e9n tov\u00e1bbra is k\u00f6telez\u0151 az FFP2 maszk haszn\u00e1lata \u00e9s a megfelel\u0151 t\u00e1vols\u00e1g (1,5 m) megtart\u00e1sa. A 6 \u00e9s 18 \u00e9v k\u00f6z\u00f6ttiek sz\u00e1m\u00e1ra m\u00e1s t\u00edpus\u00fa maszk haszn\u00e1lata enged\u00e9lyezett (orvosi maszk).<\/span><\/em><\/p>\n<p><em><span style=\"color: #008000;\">Mindezen enyh\u00edt\u00e9s csak a szentmis\u00e9ken val\u00f3 r\u00e9szv\u00e9telt \u00e9rinti. <\/span><\/em><\/p>\n<p><em><span style=\"color: #008000;\">A k\u00f6z\u00f6ss\u00e9gi termeket tov\u00e1bbra is 2G-vel lehet haszn\u00e1lni. Tov\u00e1bb\u00e1 meg kell tartani azon el\u0151\u00edr\u00e1sokat ezzel kapcsolatosan, amelyek eddig is \u00e9rv\u00e9nyben voltak. A gyakorlatban ez azt jelent, hogy \u00e1g\u00e1p\u00e9 megtart\u00e1s\u00e1ra csak ezen el\u0151\u00edr\u00e1sok f\u00e9ny\u00e9ben van lehet\u0151s\u00e9g\u00fcnk. Ez minden mis\u00e9z\u0151 helyen saj\u00e1t szervez\u00e9st \u00e9s rendez\u00e9st ig\u00e9nyel. <\/span><\/em><\/p>\n<p><em><span style=\"color: #008000;\"><span style=\"color: #008000;\">Gyermek-szentmis\u00e9k megtart\u00e1sa eset\u00e9ben szint\u00e9n a k\u00f6z\u00f6ss\u00e9gi termek haszn\u00e1lat\u00e1ra vonatkoz\u00f3 el\u0151\u00edr\u00e1sok a m\u00e9rvad\u00f3k.\u00a0<\/span><\/span><\/em><\/p>\n<p><em><span style=\"color: #008000;\">Amint \u00fajabb fejlem\u00e9nyek \u00e9s rendelkez\u00e9sek l\u00e1tnak napvil\u00e1got, ism\u00e9telten jelentkezem. <\/span><\/em><\/p>\n<p><em><span style=\"color: #008000;\">Stuttgart, 2022. febru\u00e1r 11., Lourdes-i Sz\u0171zanya \u00fcnnep\u00e9n<\/span><\/em><\/p>\n<p><em><span style=\"color: #008000;\">Tibor atya\u00a0<\/span><\/em><\/p>\n","protected":false},"excerpt":{"rendered":"<p>Dr. Gebhard F\u00fcrst p\u00fcsp\u00f6k \u00far 2022. febru\u00e1r 8-\u00e1n keltezett level\u00e9nek fontos \u00fczenet\u00e9t foglalom \u00f6ssze az al\u00e1bbiakban. Ezen lev\u00e9l \u00e9rtelm\u00e9ben \u00f6r\u00f6mmel \u00e9rtes\u00edtelek benneteket, hogy 2022. febru\u00e1r 9-ei hat\u00e1llyal nincs m\u00e1r sz\u00fcks\u00e9g a jelenl\u00e9ti lista vezet\u00e9s\u00e9re \u00e9s \u0151rz\u00e9s\u00e9re.\u00a0 Szentmis\u00e9n tov\u00e1bbra is k\u00f6telez\u0151 az FFP2 maszk haszn\u00e1lata \u00e9s a megfelel\u0151 t\u00e1vols\u00e1g (1,5 m) megtart\u00e1sa. A 6 \u00e9s 18 \u00e9v k\u00f6z\u00f6ttiek sz\u00e1m\u00e1ra m\u00e1s t\u00edpus\u00fa maszk haszn\u00e1lata enged\u00e9lyezett (orvosi maszk). Mindezen enyh\u00edt\u00e9s csak a szentmis\u00e9ken val\u00f3 r\u00e9szv\u00e9telt \u00e9rinti. A k\u00f6z\u00f6ss\u00e9gi termeket tov\u00e1bbra is 2G-vel lehet haszn\u00e1lni. Tov\u00e1bb\u00e1 meg kell tartani azon el\u0151\u00edr\u00e1sokat ezzel kapcsolatosan, amelyek eddig is \u00e9rv\u00e9nyben voltak. A gyakorlatban ez azt jelent, hogy \u00e1g\u00e1p\u00e9 megtart\u00e1s\u00e1ra csak ezen el\u0151\u00edr\u00e1sok f\u00e9ny\u00e9ben van lehet\u0151s\u00e9g\u00fcnk. Ez minden mis\u00e9z\u0151 helyen saj\u00e1t szervez\u00e9st \u00e9s rendez\u00e9st ig\u00e9nyel. Gyermek-szentmis\u00e9k megtart\u00e1sa eset\u00e9ben szint\u00e9n a k\u00f6z\u00f6ss\u00e9gi termek haszn\u00e1lat\u00e1ra vonatkoz\u00f3 el\u0151\u00edr\u00e1sok a m\u00e9rvad\u00f3k.\u00a0 Amint \u00fajabb fejlem\u00e9nyek \u00e9s rendelkez\u00e9sek l\u00e1tnak napvil\u00e1got, ism\u00e9telten jelentkezem. Stuttgart, 2022. febru\u00e1r 11., Lourdes-i Sz\u0171zanya \u00fcnnep\u00e9n Tibor atya\u00a0<\/p>\n","protected":false},"author":3,"featured_media":19452,"comment_status":"closed","ping_status":"closed","sticky":false,"template":"","format":"standard","meta":{"footnotes":""},"categories":[5],"tags":[],"class_list":["post-22918","post","type-post","status-publish","format-standard","has-post-thumbnail","hentry","category-hirek"],"yoast_head":"<!-- This site is optimized with the Yoast SEO plugin v27.3 - https:\/\/yoast.com\/product\/yoast-seo-wordpress\/ -->\n<title>Megsz\u0171nik a szentmis\u00e9re t\u00f6rt\u00e9n\u0151 bejelentkez\u00e9s k\u00f6telezetts\u00e9ge!!! - Stuttgarti Katolikusok<\/title>\n<meta name=\"robots\" content=\"index, follow, max-snippet:-1, max-image-preview:large, max-video-preview:-1\" \/>\n<link rel=\"canonical\" href=\"https:\/\/stuttgarti-katolikusok.de\/index.php\/megszunik-a-szentmisere-torteno-bejelentkezes-kotelezettsege\/\" \/>\n<meta property=\"og:locale\" content=\"hu_HU\" \/>\n<meta property=\"og:type\" content=\"article\" \/>\n<meta property=\"og:title\" content=\"Megsz\u0171nik a szentmis\u00e9re t\u00f6rt\u00e9n\u0151 bejelentkez\u00e9s k\u00f6telezetts\u00e9ge!!! - Stuttgarti Katolikusok\" \/>\n<meta property=\"og:description\" content=\"Dr. Gebhard F\u00fcrst p\u00fcsp\u00f6k \u00far 2022. febru\u00e1r 8-\u00e1n keltezett level\u00e9nek fontos \u00fczenet\u00e9t foglalom \u00f6ssze az al\u00e1bbiakban. Ezen lev\u00e9l \u00e9rtelm\u00e9ben \u00f6r\u00f6mmel \u00e9rtes\u00edtelek benneteket, hogy 2022. febru\u00e1r 9-ei hat\u00e1llyal nincs m\u00e1r sz\u00fcks\u00e9g a jelenl\u00e9ti lista vezet\u00e9s\u00e9re \u00e9s \u0151rz\u00e9s\u00e9re.\u00a0 Szentmis\u00e9n tov\u00e1bbra is k\u00f6telez\u0151 az FFP2 maszk haszn\u00e1lata \u00e9s a megfelel\u0151 t\u00e1vols\u00e1g (1,5 m) megtart\u00e1sa. A 6 \u00e9s 18 \u00e9v k\u00f6z\u00f6ttiek sz\u00e1m\u00e1ra m\u00e1s t\u00edpus\u00fa maszk haszn\u00e1lata enged\u00e9lyezett (orvosi maszk). Mindezen enyh\u00edt\u00e9s csak a szentmis\u00e9ken val\u00f3 r\u00e9szv\u00e9telt \u00e9rinti. A k\u00f6z\u00f6ss\u00e9gi termeket tov\u00e1bbra is 2G-vel lehet haszn\u00e1lni. Tov\u00e1bb\u00e1 meg kell tartani azon el\u0151\u00edr\u00e1sokat ezzel kapcsolatosan, amelyek eddig is \u00e9rv\u00e9nyben voltak. A gyakorlatban ez azt jelent, hogy \u00e1g\u00e1p\u00e9 megtart\u00e1s\u00e1ra csak ezen el\u0151\u00edr\u00e1sok f\u00e9ny\u00e9ben van lehet\u0151s\u00e9g\u00fcnk. Ez minden mis\u00e9z\u0151 helyen saj\u00e1t szervez\u00e9st \u00e9s rendez\u00e9st ig\u00e9nyel. Gyermek-szentmis\u00e9k megtart\u00e1sa eset\u00e9ben szint\u00e9n a k\u00f6z\u00f6ss\u00e9gi termek haszn\u00e1lat\u00e1ra vonatkoz\u00f3 el\u0151\u00edr\u00e1sok a m\u00e9rvad\u00f3k.\u00a0 Amint \u00fajabb fejlem\u00e9nyek \u00e9s rendelkez\u00e9sek l\u00e1tnak napvil\u00e1got, ism\u00e9telten jelentkezem. Stuttgart, 2022. febru\u00e1r 11., Lourdes-i Sz\u0171zanya \u00fcnnep\u00e9n Tibor atya\u00a0\" \/>\n<meta property=\"og:url\" content=\"https:\/\/stuttgarti-katolikusok.de\/index.php\/megszunik-a-szentmisere-torteno-bejelentkezes-kotelezettsege\/\" \/>\n<meta property=\"og:site_name\" content=\"Stuttgarti Katolikusok\" \/>\n<meta property=\"article:published_time\" content=\"2022-02-11T10:12:54+00:00\" \/>\n<meta property=\"og:image\" content=\"https:\/\/stuttgarti-katolikusok.de\/wp-content\/uploads\/2020\/05\/furst2.jpg\" \/>\n\t<meta property=\"og:image:width\" content=\"1280\" \/>\n\t<meta property=\"og:image:height\" content=\"720\" \/>\n\t<meta property=\"og:image:type\" content=\"image\/jpeg\" \/>\n<meta name=\"author\" content=\"Tibor atya\" \/>\n<meta name=\"twitter:card\" content=\"summary_large_image\" \/>\n<meta name=\"twitter:label1\" content=\"Szerz\u0151:\" \/>\n\t<meta name=\"twitter:data1\" content=\"Tibor atya\" \/>\n\t<meta name=\"twitter:label2\" content=\"Becs\u00fclt olvas\u00e1si id\u0151\" \/>\n\t<meta name=\"twitter:data2\" content=\"1 perc\" \/>\n<script type=\"application\/ld+json\" class=\"yoast-schema-graph\">{\"@context\":\"https:\\\/\\\/schema.org\",\"@graph\":[{\"@type\":\"Article\",\"@id\":\"https:\\\/\\\/stuttgarti-katolikusok.de\\\/index.php\\\/megszunik-a-szentmisere-torteno-bejelentkezes-kotelezettsege\\\/#article\",\"isPartOf\":{\"@id\":\"https:\\\/\\\/stuttgarti-katolikusok.de\\\/index.php\\\/megszunik-a-szentmisere-torteno-bejelentkezes-kotelezettsege\\\/\"},\"author\":{\"name\":\"Tibor atya\",\"@id\":\"https:\\\/\\\/stuttgarti-katolikusok.de\\\/#\\\/schema\\\/person\\\/75908d6f8fdc03a57889d27209df7795\"},\"headline\":\"Megsz\u0171nik a szentmis\u00e9re t\u00f6rt\u00e9n\u0151 bejelentkez\u00e9s k\u00f6telezetts\u00e9ge!!!\",\"datePublished\":\"2022-02-11T10:12:54+00:00\",\"mainEntityOfPage\":{\"@id\":\"https:\\\/\\\/stuttgarti-katolikusok.de\\\/index.php\\\/megszunik-a-szentmisere-torteno-bejelentkezes-kotelezettsege\\\/\"},\"wordCount\":240,\"image\":{\"@id\":\"https:\\\/\\\/stuttgarti-katolikusok.de\\\/index.php\\\/megszunik-a-szentmisere-torteno-bejelentkezes-kotelezettsege\\\/#primaryimage\"},\"thumbnailUrl\":\"https:\\\/\\\/stuttgarti-katolikusok.de\\\/wp-content\\\/uploads\\\/2020\\\/05\\\/furst2.jpg\",\"articleSection\":[\"H\u00edrek\"],\"inLanguage\":\"hu\"},{\"@type\":\"WebPage\",\"@id\":\"https:\\\/\\\/stuttgarti-katolikusok.de\\\/index.php\\\/megszunik-a-szentmisere-torteno-bejelentkezes-kotelezettsege\\\/\",\"url\":\"https:\\\/\\\/stuttgarti-katolikusok.de\\\/index.php\\\/megszunik-a-szentmisere-torteno-bejelentkezes-kotelezettsege\\\/\",\"name\":\"Megsz\u0171nik a szentmis\u00e9re t\u00f6rt\u00e9n\u0151 bejelentkez\u00e9s k\u00f6telezetts\u00e9ge!!! - Stuttgarti Katolikusok\",\"isPartOf\":{\"@id\":\"https:\\\/\\\/stuttgarti-katolikusok.de\\\/#website\"},\"primaryImageOfPage\":{\"@id\":\"https:\\\/\\\/stuttgarti-katolikusok.de\\\/index.php\\\/megszunik-a-szentmisere-torteno-bejelentkezes-kotelezettsege\\\/#primaryimage\"},\"image\":{\"@id\":\"https:\\\/\\\/stuttgarti-katolikusok.de\\\/index.php\\\/megszunik-a-szentmisere-torteno-bejelentkezes-kotelezettsege\\\/#primaryimage\"},\"thumbnailUrl\":\"https:\\\/\\\/stuttgarti-katolikusok.de\\\/wp-content\\\/uploads\\\/2020\\\/05\\\/furst2.jpg\",\"datePublished\":\"2022-02-11T10:12:54+00:00\",\"author\":{\"@id\":\"https:\\\/\\\/stuttgarti-katolikusok.de\\\/#\\\/schema\\\/person\\\/75908d6f8fdc03a57889d27209df7795\"},\"breadcrumb\":{\"@id\":\"https:\\\/\\\/stuttgarti-katolikusok.de\\\/index.php\\\/megszunik-a-szentmisere-torteno-bejelentkezes-kotelezettsege\\\/#breadcrumb\"},\"inLanguage\":\"hu\",\"potentialAction\":[{\"@type\":\"ReadAction\",\"target\":[\"https:\\\/\\\/stuttgarti-katolikusok.de\\\/index.php\\\/megszunik-a-szentmisere-torteno-bejelentkezes-kotelezettsege\\\/\"]}]},{\"@type\":\"ImageObject\",\"inLanguage\":\"hu\",\"@id\":\"https:\\\/\\\/stuttgarti-katolikusok.de\\\/index.php\\\/megszunik-a-szentmisere-torteno-bejelentkezes-kotelezettsege\\\/#primaryimage\",\"url\":\"https:\\\/\\\/stuttgarti-katolikusok.de\\\/wp-content\\\/uploads\\\/2020\\\/05\\\/furst2.jpg\",\"contentUrl\":\"https:\\\/\\\/stuttgarti-katolikusok.de\\\/wp-content\\\/uploads\\\/2020\\\/05\\\/furst2.jpg\",\"width\":1280,\"height\":720},{\"@type\":\"BreadcrumbList\",\"@id\":\"https:\\\/\\\/stuttgarti-katolikusok.de\\\/index.php\\\/megszunik-a-szentmisere-torteno-bejelentkezes-kotelezettsege\\\/#breadcrumb\",\"itemListElement\":[{\"@type\":\"ListItem\",\"position\":1,\"name\":\"Kezd\u0151lap\",\"item\":\"https:\\\/\\\/stuttgarti-katolikusok.de\\\/\"},{\"@type\":\"ListItem\",\"position\":2,\"name\":\"Megsz\u0171nik a szentmis\u00e9re t\u00f6rt\u00e9n\u0151 bejelentkez\u00e9s k\u00f6telezetts\u00e9ge!!!\"}]},{\"@type\":\"WebSite\",\"@id\":\"https:\\\/\\\/stuttgarti-katolikusok.de\\\/#website\",\"url\":\"https:\\\/\\\/stuttgarti-katolikusok.de\\\/\",\"name\":\"Stuttgarti Katolikusok\",\"description\":\"\",\"potentialAction\":[{\"@type\":\"SearchAction\",\"target\":{\"@type\":\"EntryPoint\",\"urlTemplate\":\"https:\\\/\\\/stuttgarti-katolikusok.de\\\/?s={search_term_string}\"},\"query-input\":{\"@type\":\"PropertyValueSpecification\",\"valueRequired\":true,\"valueName\":\"search_term_string\"}}],\"inLanguage\":\"hu\"},{\"@type\":\"Person\",\"@id\":\"https:\\\/\\\/stuttgarti-katolikusok.de\\\/#\\\/schema\\\/person\\\/75908d6f8fdc03a57889d27209df7795\",\"name\":\"Tibor atya\",\"image\":{\"@type\":\"ImageObject\",\"inLanguage\":\"hu\",\"@id\":\"https:\\\/\\\/secure.gravatar.com\\\/avatar\\\/61d268e57d1f4525b111222e29d2d5a7f8c420fdbf231ba5566a8ceac74fa960?s=96&d=mm&r=g\",\"url\":\"https:\\\/\\\/secure.gravatar.com\\\/avatar\\\/61d268e57d1f4525b111222e29d2d5a7f8c420fdbf231ba5566a8ceac74fa960?s=96&d=mm&r=g\",\"contentUrl\":\"https:\\\/\\\/secure.gravatar.com\\\/avatar\\\/61d268e57d1f4525b111222e29d2d5a7f8c420fdbf231ba5566a8ceac74fa960?s=96&d=mm&r=g\",\"caption\":\"Tibor atya\"},\"url\":\"https:\\\/\\\/stuttgarti-katolikusok.de\\\/index.php\\\/author\\\/tibor-atya\\\/\"}]}<\/script>\n<!-- \/ Yoast SEO plugin. -->","yoast_head_json":{"title":"Megsz\u0171nik a szentmis\u00e9re t\u00f6rt\u00e9n\u0151 bejelentkez\u00e9s k\u00f6telezetts\u00e9ge!!! - Stuttgarti Katolikusok","robots":{"index":"index","follow":"follow","max-snippet":"max-snippet:-1","max-image-preview":"max-image-preview:large","max-video-preview":"max-video-preview:-1"},"canonical":"https:\/\/stuttgarti-katolikusok.de\/index.php\/megszunik-a-szentmisere-torteno-bejelentkezes-kotelezettsege\/","og_locale":"hu_HU","og_type":"article","og_title":"Megsz\u0171nik a szentmis\u00e9re t\u00f6rt\u00e9n\u0151 bejelentkez\u00e9s k\u00f6telezetts\u00e9ge!!! - Stuttgarti Katolikusok","og_description":"Dr. Gebhard F\u00fcrst p\u00fcsp\u00f6k \u00far 2022. febru\u00e1r 8-\u00e1n keltezett level\u00e9nek fontos \u00fczenet\u00e9t foglalom \u00f6ssze az al\u00e1bbiakban. Ezen lev\u00e9l \u00e9rtelm\u00e9ben \u00f6r\u00f6mmel \u00e9rtes\u00edtelek benneteket, hogy 2022. febru\u00e1r 9-ei hat\u00e1llyal nincs m\u00e1r sz\u00fcks\u00e9g a jelenl\u00e9ti lista vezet\u00e9s\u00e9re \u00e9s \u0151rz\u00e9s\u00e9re.\u00a0 Szentmis\u00e9n tov\u00e1bbra is k\u00f6telez\u0151 az FFP2 maszk haszn\u00e1lata \u00e9s a megfelel\u0151 t\u00e1vols\u00e1g (1,5 m) megtart\u00e1sa. A 6 \u00e9s 18 \u00e9v k\u00f6z\u00f6ttiek sz\u00e1m\u00e1ra m\u00e1s t\u00edpus\u00fa maszk haszn\u00e1lata enged\u00e9lyezett (orvosi maszk). Mindezen enyh\u00edt\u00e9s csak a szentmis\u00e9ken val\u00f3 r\u00e9szv\u00e9telt \u00e9rinti. A k\u00f6z\u00f6ss\u00e9gi termeket tov\u00e1bbra is 2G-vel lehet haszn\u00e1lni. Tov\u00e1bb\u00e1 meg kell tartani azon el\u0151\u00edr\u00e1sokat ezzel kapcsolatosan, amelyek eddig is \u00e9rv\u00e9nyben voltak. A gyakorlatban ez azt jelent, hogy \u00e1g\u00e1p\u00e9 megtart\u00e1s\u00e1ra csak ezen el\u0151\u00edr\u00e1sok f\u00e9ny\u00e9ben van lehet\u0151s\u00e9g\u00fcnk. Ez minden mis\u00e9z\u0151 helyen saj\u00e1t szervez\u00e9st \u00e9s rendez\u00e9st ig\u00e9nyel. Gyermek-szentmis\u00e9k megtart\u00e1sa eset\u00e9ben szint\u00e9n a k\u00f6z\u00f6ss\u00e9gi termek haszn\u00e1lat\u00e1ra vonatkoz\u00f3 el\u0151\u00edr\u00e1sok a m\u00e9rvad\u00f3k.\u00a0 Amint \u00fajabb fejlem\u00e9nyek \u00e9s rendelkez\u00e9sek l\u00e1tnak napvil\u00e1got, ism\u00e9telten jelentkezem. Stuttgart, 2022. febru\u00e1r 11., Lourdes-i Sz\u0171zanya \u00fcnnep\u00e9n Tibor atya\u00a0","og_url":"https:\/\/stuttgarti-katolikusok.de\/index.php\/megszunik-a-szentmisere-torteno-bejelentkezes-kotelezettsege\/","og_site_name":"Stuttgarti Katolikusok","article_published_time":"2022-02-11T10:12:54+00:00","og_image":[{"width":1280,"height":720,"url":"https:\/\/stuttgarti-katolikusok.de\/wp-content\/uploads\/2020\/05\/furst2.jpg","type":"image\/jpeg"}],"author":"Tibor atya","twitter_card":"summary_large_image","twitter_misc":{"Szerz\u0151:":"Tibor atya","Becs\u00fclt olvas\u00e1si id\u0151":"1 perc"},"schema":{"@context":"https:\/\/schema.org","@graph":[{"@type":"Article","@id":"https:\/\/stuttgarti-katolikusok.de\/index.php\/megszunik-a-szentmisere-torteno-bejelentkezes-kotelezettsege\/#article","isPartOf":{"@id":"https:\/\/stuttgarti-katolikusok.de\/index.php\/megszunik-a-szentmisere-torteno-bejelentkezes-kotelezettsege\/"},"author":{"name":"Tibor atya","@id":"https:\/\/stuttgarti-katolikusok.de\/#\/schema\/person\/75908d6f8fdc03a57889d27209df7795"},"headline":"Megsz\u0171nik a szentmis\u00e9re t\u00f6rt\u00e9n\u0151 bejelentkez\u00e9s k\u00f6telezetts\u00e9ge!!!","datePublished":"2022-02-11T10:12:54+00:00","mainEntityOfPage":{"@id":"https:\/\/stuttgarti-katolikusok.de\/index.php\/megszunik-a-szentmisere-torteno-bejelentkezes-kotelezettsege\/"},"wordCount":240,"image":{"@id":"https:\/\/stuttgarti-katolikusok.de\/index.php\/megszunik-a-szentmisere-torteno-bejelentkezes-kotelezettsege\/#primaryimage"},"thumbnailUrl":"https:\/\/stuttgarti-katolikusok.de\/wp-content\/uploads\/2020\/05\/furst2.jpg","articleSection":["H\u00edrek"],"inLanguage":"hu"},{"@type":"WebPage","@id":"https:\/\/stuttgarti-katolikusok.de\/index.php\/megszunik-a-szentmisere-torteno-bejelentkezes-kotelezettsege\/","url":"https:\/\/stuttgarti-katolikusok.de\/index.php\/megszunik-a-szentmisere-torteno-bejelentkezes-kotelezettsege\/","name":"Megsz\u0171nik a szentmis\u00e9re t\u00f6rt\u00e9n\u0151 bejelentkez\u00e9s k\u00f6telezetts\u00e9ge!!! - Stuttgarti Katolikusok","isPartOf":{"@id":"https:\/\/stuttgarti-katolikusok.de\/#website"},"primaryImageOfPage":{"@id":"https:\/\/stuttgarti-katolikusok.de\/index.php\/megszunik-a-szentmisere-torteno-bejelentkezes-kotelezettsege\/#primaryimage"},"image":{"@id":"https:\/\/stuttgarti-katolikusok.de\/index.php\/megszunik-a-szentmisere-torteno-bejelentkezes-kotelezettsege\/#primaryimage"},"thumbnailUrl":"https:\/\/stuttgarti-katolikusok.de\/wp-content\/uploads\/2020\/05\/furst2.jpg","datePublished":"2022-02-11T10:12:54+00:00","author":{"@id":"https:\/\/stuttgarti-katolikusok.de\/#\/schema\/person\/75908d6f8fdc03a57889d27209df7795"},"breadcrumb":{"@id":"https:\/\/stuttgarti-katolikusok.de\/index.php\/megszunik-a-szentmisere-torteno-bejelentkezes-kotelezettsege\/#breadcrumb"},"inLanguage":"hu","potentialAction":[{"@type":"ReadAction","target":["https:\/\/stuttgarti-katolikusok.de\/index.php\/megszunik-a-szentmisere-torteno-bejelentkezes-kotelezettsege\/"]}]},{"@type":"ImageObject","inLanguage":"hu","@id":"https:\/\/stuttgarti-katolikusok.de\/index.php\/megszunik-a-szentmisere-torteno-bejelentkezes-kotelezettsege\/#primaryimage","url":"https:\/\/stuttgarti-katolikusok.de\/wp-content\/uploads\/2020\/05\/furst2.jpg","contentUrl":"https:\/\/stuttgarti-katolikusok.de\/wp-content\/uploads\/2020\/05\/furst2.jpg","width":1280,"height":720},{"@type":"BreadcrumbList","@id":"https:\/\/stuttgarti-katolikusok.de\/index.php\/megszunik-a-szentmisere-torteno-bejelentkezes-kotelezettsege\/#breadcrumb","itemListElement":[{"@type":"ListItem","position":1,"name":"Kezd\u0151lap","item":"https:\/\/stuttgarti-katolikusok.de\/"},{"@type":"ListItem","position":2,"name":"Megsz\u0171nik a szentmis\u00e9re t\u00f6rt\u00e9n\u0151 bejelentkez\u00e9s k\u00f6telezetts\u00e9ge!!!"}]},{"@type":"WebSite","@id":"https:\/\/stuttgarti-katolikusok.de\/#website","url":"https:\/\/stuttgarti-katolikusok.de\/","name":"Stuttgarti Katolikusok","description":"","potentialAction":[{"@type":"SearchAction","target":{"@type":"EntryPoint","urlTemplate":"https:\/\/stuttgarti-katolikusok.de\/?s={search_term_string}"},"query-input":{"@type":"PropertyValueSpecification","valueRequired":true,"valueName":"search_term_string"}}],"inLanguage":"hu"},{"@type":"Person","@id":"https:\/\/stuttgarti-katolikusok.de\/#\/schema\/person\/75908d6f8fdc03a57889d27209df7795","name":"Tibor atya","image":{"@type":"ImageObject","inLanguage":"hu","@id":"https:\/\/secure.gravatar.com\/avatar\/61d268e57d1f4525b111222e29d2d5a7f8c420fdbf231ba5566a8ceac74fa960?s=96&d=mm&r=g","url":"https:\/\/secure.gravatar.com\/avatar\/61d268e57d1f4525b111222e29d2d5a7f8c420fdbf231ba5566a8ceac74fa960?s=96&d=mm&r=g","contentUrl":"https:\/\/secure.gravatar.com\/avatar\/61d268e57d1f4525b111222e29d2d5a7f8c420fdbf231ba5566a8ceac74fa960?s=96&d=mm&r=g","caption":"Tibor atya"},"url":"https:\/\/stuttgarti-katolikusok.de\/index.php\/author\/tibor-atya\/"}]}},"_links":{"self":[{"href":"https:\/\/stuttgarti-katolikusok.de\/index.php\/wp-json\/wp\/v2\/posts\/22918","targetHints":{"allow":["GET"]}}],"collection":[{"href":"https:\/\/stuttgarti-katolikusok.de\/index.php\/wp-json\/wp\/v2\/posts"}],"about":[{"href":"https:\/\/stuttgarti-katolikusok.de\/index.php\/wp-json\/wp\/v2\/types\/post"}],"author":[{"embeddable":true,"href":"https:\/\/stuttgarti-katolikusok.de\/index.php\/wp-json\/wp\/v2\/users\/3"}],"replies":[{"embeddable":true,"href":"https:\/\/stuttgarti-katolikusok.de\/index.php\/wp-json\/wp\/v2\/comments?post=22918"}],"version-history":[{"count":1,"href":"https:\/\/stuttgarti-katolikusok.de\/index.php\/wp-json\/wp\/v2\/posts\/22918\/revisions"}],"predecessor-version":[{"id":22919,"href":"https:\/\/stuttgarti-katolikusok.de\/index.php\/wp-json\/wp\/v2\/posts\/22918\/revisions\/22919"}],"wp:featuredmedia":[{"embeddable":true,"href":"https:\/\/stuttgarti-katolikusok.de\/index.php\/wp-json\/wp\/v2\/media\/19452"}],"wp:attachment":[{"href":"https:\/\/stuttgarti-katolikusok.de\/index.php\/wp-json\/wp\/v2\/media?parent=22918"}],"wp:term":[{"taxonomy":"category","embeddable":true,"href":"https:\/\/stuttgarti-katolikusok.de\/index.php\/wp-json\/wp\/v2\/categories?post=22918"},{"taxonomy":"post_tag","embeddable":true,"href":"https:\/\/stuttgarti-katolikusok.de\/index.php\/wp-json\/wp\/v2\/tags?post=22918"}],"curies":[{"name":"wp","href":"https:\/\/api.w.org\/{rel}","templated":true}]}}