{"id":22901,"date":"2022-02-07T19:10:45","date_gmt":"2022-02-07T18:10:45","guid":{"rendered":"https:\/\/stuttgarti-katolikusok.de\/?p=22901"},"modified":"2022-02-11T10:34:45","modified_gmt":"2022-02-11T09:34:45","slug":"februar-7-es-13-kozott","status":"publish","type":"post","link":"https:\/\/stuttgarti-katolikusok.de\/index.php\/februar-7-es-13-kozott\/","title":{"rendered":"Febru\u00e1r 7 \u00e9s 13 k\u00f6z\u00f6tt"},"content":{"rendered":"<p><span style=\"color: #008000;\"><strong>Programel\u0151zetes<\/strong><\/span><\/p>\n<p><span style=\"color: #008000;\"><strong>\u00d6r\u00f6mmel \u00e9rtes\u00edt\u00fcnk benneteket, hogy 2022. febru\u00e1r 9-ei hat\u00e1llyal nincs m\u00e1r sz\u00fcks\u00e9g a jelenl\u00e9ti lista vezet\u00e9s\u00e9re \u00e9s \u0151rz\u00e9s\u00e9re.\u00a0<\/strong><\/span><\/p>\n<p><strong><em><span style=\"color: #ff0000;\">Szentmis\u00e9n tov\u00e1bbra is k\u00f6telez\u0151 az FFP2 maszk haszn\u00e1lata \u00e9s a megfelel\u0151 t\u00e1vols\u00e1g megtart\u00e1sa. A 6 \u00e9s 18 \u00e9v k\u00f6z\u00f6ttiek sz\u00e1m\u00e1ra m\u00e1s t\u00edpus\u00fa maszk haszn\u00e1lata enged\u00e9lyezett (orvosi maszk).<\/span><\/em><\/strong><\/p>\n<p><span style=\"color: #008000;\"><strong>Amint \u00fajabb fejlem\u00e9nyek \u00e9s rendelkez\u00e9sek l\u00e1tnak napvil\u00e1got, ism\u00e9telten jelentkez\u00fcnk.\u00a0<\/strong><\/span><\/p>\n<p style=\"text-align: center;\"><span style=\"color: #008000;\"><strong>*<\/strong><\/span><\/p>\n<p><strong>Febru\u00e1r 11-\u00e9n, <\/strong>p\u00e9nteken<em>, <strong>Stuttgarti d\u00e9lut\u00e1n, <\/strong><\/em>18.00 \u00f3rakor <em>szentmise, <\/em>el\u0151tte<em> r\u00f3zsaf\u00fcz\u00e9rt im\u00e1dkozunk.<\/em><\/p>\n<p style=\"text-align: center;\"><span style=\"color: #008000;\"><em><strong>*<\/strong><\/em><\/span><\/p>\n<p><strong>Febru\u00e1r 12-\u00e9n<\/strong>, szombaton,<em><strong> Biberachban <\/strong><\/em>16.30 \u00f3rakor<em>\u00a0szentmise a Dreifaltigkeitskirche-ben (Mittelbergstrasse 29).<\/em><\/p>\n<p style=\"text-align: center;\"><em>\u00a0<\/em><span style=\"color: #008000;\"><em><strong>*<\/strong><\/em><\/span><\/p>\n<p><strong>Febru\u00e1r 13-\u00e1n<\/strong><em><strong>,<\/strong><\/em> <span style=\"color: #008000;\"><em><strong>\u00c9vk\u00f6zi 6. vas\u00e1rnap<\/strong><\/em><\/span><em>,<\/em><\/p>\n<p><em><strong>Weingartenben <\/strong><\/em>11.00 \u00f3rakor<em> szentmise a \u00a0Marienkirche-<\/em><em>ben.<\/em><\/p>\n<p><em><strong>Ulmban <\/strong><\/em>15.00 \u00f3rakor<em> szentmise.<\/em><\/p>\n<p style=\"text-align: center;\"><em>\u00a0<\/em><span style=\"color: #008000;\"><em><strong>*<\/strong><\/em><\/span><\/p>\n<p>Minden helyen mindenkit szeretettel v\u00e1r a k\u00f6z\u00f6ss\u00e9g \u00e9s Tibor atya!<\/p>\n<p style=\"text-align: center;\"><span style=\"color: #008000;\"><strong>*<\/strong><\/span><\/p>\n<p><a href=\"https:\/\/stuttgarti-katolikusok.de\/wp-content\/uploads\/2021\/02\/ketsegbeeses.jpg\"><img loading=\"lazy\" decoding=\"async\" class=\"alignnone size-full wp-image-21176\" src=\"https:\/\/stuttgarti-katolikusok.de\/wp-content\/uploads\/2021\/02\/ketsegbeeses.jpg\" alt=\"\" width=\"1280\" height=\"721\" srcset=\"https:\/\/stuttgarti-katolikusok.de\/wp-content\/uploads\/2021\/02\/ketsegbeeses.jpg 1280w, https:\/\/stuttgarti-katolikusok.de\/wp-content\/uploads\/2021\/02\/ketsegbeeses-300x169.jpg 300w, https:\/\/stuttgarti-katolikusok.de\/wp-content\/uploads\/2021\/02\/ketsegbeeses-1024x577.jpg 1024w\" sizes=\"auto, (max-width: 1280px) 100vw, 1280px\" \/><\/a><\/p>\n<p><span style=\"color: #008000;\"><em><strong>Bens\u0151s\u00e9ges \u00e9s kellemes farsangi napokat, j\u00f3 tal\u00e1lkoz\u00e1sokat \u00e9s sok \u00f6r\u00f6met k\u00edv\u00e1nok minden kedves H\u00edvemnek.<\/strong><\/em><\/span><\/p>\n<p style=\"text-align: center;\"><span style=\"color: #008000;\"><em><strong>*<\/strong><\/em><\/span><\/p>\n<p><em><strong>\u00a0<\/strong><\/em><em><strong><span style=\"color: #ff6600;\">\u201eA testi betegs\u00e9gekre ott vannak a gy\u00f3gyszerek, de a mag\u00e1nyt, k\u00e9ts\u00e9gbees\u00e9st \u00e9s rem\u00e9nytelens\u00e9get egyed\u00fcl a szeretet k\u00e9pes meggy\u00f3gy\u00edtani. Sokan vannak a vil\u00e1gban, akik egy darabka keny\u00e9rre \u00e9heznek, de m\u00e9g t\u00f6bben olyanok, akik csak egy kis szeretetre.\u201d<\/span> (<\/strong><\/em><em>Kalkuttai Szent Ter\u00e9z, 1910 &#8211; 1997)<\/em><\/p>\n<p><em>(K\u00e9p forr\u00e1sa: pixabay.com)<\/em><\/p>\n","protected":false},"excerpt":{"rendered":"<p>Programel\u0151zetes \u00d6r\u00f6mmel \u00e9rtes\u00edt\u00fcnk benneteket, hogy 2022. febru\u00e1r 9-ei hat\u00e1llyal nincs m\u00e1r sz\u00fcks\u00e9g a jelenl\u00e9ti lista vezet\u00e9s\u00e9re \u00e9s \u0151rz\u00e9s\u00e9re.\u00a0 Szentmis\u00e9n tov\u00e1bbra is k\u00f6telez\u0151 az FFP2 maszk haszn\u00e1lata \u00e9s a megfelel\u0151 t\u00e1vols\u00e1g megtart\u00e1sa. A 6 \u00e9s 18 \u00e9v k\u00f6z\u00f6ttiek sz\u00e1m\u00e1ra m\u00e1s t\u00edpus\u00fa maszk haszn\u00e1lata enged\u00e9lyezett (orvosi maszk). Amint \u00fajabb fejlem\u00e9nyek \u00e9s rendelkez\u00e9sek l\u00e1tnak napvil\u00e1got, ism\u00e9telten jelentkez\u00fcnk.\u00a0 * Febru\u00e1r 11-\u00e9n, p\u00e9nteken, Stuttgarti d\u00e9lut\u00e1n, 18.00 \u00f3rakor szentmise, el\u0151tte r\u00f3zsaf\u00fcz\u00e9rt im\u00e1dkozunk. * Febru\u00e1r 12-\u00e9n, szombaton, Biberachban 16.30 \u00f3rakor\u00a0szentmise a Dreifaltigkeitskirche-ben (Mittelbergstrasse 29). \u00a0* Febru\u00e1r 13-\u00e1n, \u00c9vk\u00f6zi 6. vas\u00e1rnap, Weingartenben 11.00 \u00f3rakor szentmise a \u00a0Marienkirche-ben. Ulmban 15.00 \u00f3rakor szentmise. \u00a0* Minden helyen mindenkit szeretettel v\u00e1r a k\u00f6z\u00f6ss\u00e9g \u00e9s Tibor atya! * Bens\u0151s\u00e9ges \u00e9s kellemes farsangi napokat, j\u00f3 tal\u00e1lkoz\u00e1sokat \u00e9s sok \u00f6r\u00f6met k\u00edv\u00e1nok minden kedves H\u00edvemnek. * \u00a0\u201eA testi betegs\u00e9gekre ott vannak a gy\u00f3gyszerek, de a mag\u00e1nyt, k\u00e9ts\u00e9gbees\u00e9st \u00e9s rem\u00e9nytelens\u00e9get egyed\u00fcl a szeretet k\u00e9pes meggy\u00f3gy\u00edtani. Sokan vannak a vil\u00e1gban, akik egy darabka keny\u00e9rre \u00e9heznek, de m\u00e9g t\u00f6bben olyanok, akik csak egy kis szeretetre.\u201d (Kalkuttai Szent Ter\u00e9z, 1910 &#8211; 1997) (K\u00e9p forr\u00e1sa: pixabay.com)<\/p>\n","protected":false},"author":3,"featured_media":21177,"comment_status":"closed","ping_status":"closed","sticky":false,"template":"","format":"standard","meta":{"footnotes":""},"categories":[37],"tags":[],"class_list":["post-22901","post","type-post","status-publish","format-standard","has-post-thumbnail","hentry","category-progamelozetes"],"yoast_head":"<!-- This site is optimized with the Yoast SEO plugin v27.3 - https:\/\/yoast.com\/product\/yoast-seo-wordpress\/ -->\n<title>Febru\u00e1r 7 \u00e9s 13 k\u00f6z\u00f6tt - Stuttgarti Katolikusok<\/title>\n<meta name=\"robots\" content=\"index, follow, max-snippet:-1, max-image-preview:large, max-video-preview:-1\" \/>\n<link rel=\"canonical\" href=\"https:\/\/stuttgarti-katolikusok.de\/index.php\/februar-7-es-13-kozott\/\" \/>\n<meta property=\"og:locale\" content=\"hu_HU\" \/>\n<meta property=\"og:type\" content=\"article\" \/>\n<meta property=\"og:title\" content=\"Febru\u00e1r 7 \u00e9s 13 k\u00f6z\u00f6tt - Stuttgarti Katolikusok\" \/>\n<meta property=\"og:description\" content=\"Programel\u0151zetes \u00d6r\u00f6mmel \u00e9rtes\u00edt\u00fcnk benneteket, hogy 2022. febru\u00e1r 9-ei hat\u00e1llyal nincs m\u00e1r sz\u00fcks\u00e9g a jelenl\u00e9ti lista vezet\u00e9s\u00e9re \u00e9s \u0151rz\u00e9s\u00e9re.\u00a0 Szentmis\u00e9n tov\u00e1bbra is k\u00f6telez\u0151 az FFP2 maszk haszn\u00e1lata \u00e9s a megfelel\u0151 t\u00e1vols\u00e1g megtart\u00e1sa. A 6 \u00e9s 18 \u00e9v k\u00f6z\u00f6ttiek sz\u00e1m\u00e1ra m\u00e1s t\u00edpus\u00fa maszk haszn\u00e1lata enged\u00e9lyezett (orvosi maszk). Amint \u00fajabb fejlem\u00e9nyek \u00e9s rendelkez\u00e9sek l\u00e1tnak napvil\u00e1got, ism\u00e9telten jelentkez\u00fcnk.\u00a0 * Febru\u00e1r 11-\u00e9n, p\u00e9nteken, Stuttgarti d\u00e9lut\u00e1n, 18.00 \u00f3rakor szentmise, el\u0151tte r\u00f3zsaf\u00fcz\u00e9rt im\u00e1dkozunk. * Febru\u00e1r 12-\u00e9n, szombaton, Biberachban 16.30 \u00f3rakor\u00a0szentmise a Dreifaltigkeitskirche-ben (Mittelbergstrasse 29). \u00a0* Febru\u00e1r 13-\u00e1n, \u00c9vk\u00f6zi 6. vas\u00e1rnap, Weingartenben 11.00 \u00f3rakor szentmise a \u00a0Marienkirche-ben. Ulmban 15.00 \u00f3rakor szentmise. \u00a0* Minden helyen mindenkit szeretettel v\u00e1r a k\u00f6z\u00f6ss\u00e9g \u00e9s Tibor atya! * Bens\u0151s\u00e9ges \u00e9s kellemes farsangi napokat, j\u00f3 tal\u00e1lkoz\u00e1sokat \u00e9s sok \u00f6r\u00f6met k\u00edv\u00e1nok minden kedves H\u00edvemnek. * \u00a0\u201eA testi betegs\u00e9gekre ott vannak a gy\u00f3gyszerek, de a mag\u00e1nyt, k\u00e9ts\u00e9gbees\u00e9st \u00e9s rem\u00e9nytelens\u00e9get egyed\u00fcl a szeretet k\u00e9pes meggy\u00f3gy\u00edtani. Sokan vannak a vil\u00e1gban, akik egy darabka keny\u00e9rre \u00e9heznek, de m\u00e9g t\u00f6bben olyanok, akik csak egy kis szeretetre.\u201d (Kalkuttai Szent Ter\u00e9z, 1910 &#8211; 1997) (K\u00e9p forr\u00e1sa: pixabay.com)\" \/>\n<meta property=\"og:url\" content=\"https:\/\/stuttgarti-katolikusok.de\/index.php\/februar-7-es-13-kozott\/\" \/>\n<meta property=\"og:site_name\" content=\"Stuttgarti Katolikusok\" \/>\n<meta property=\"article:published_time\" content=\"2022-02-07T18:10:45+00:00\" \/>\n<meta property=\"article:modified_time\" content=\"2022-02-11T09:34:45+00:00\" \/>\n<meta property=\"og:image\" content=\"https:\/\/stuttgarti-katolikusok.de\/wp-content\/uploads\/2021\/02\/kovek.jpg\" \/>\n\t<meta property=\"og:image:width\" content=\"1280\" \/>\n\t<meta property=\"og:image:height\" content=\"955\" \/>\n\t<meta property=\"og:image:type\" content=\"image\/jpeg\" \/>\n<meta name=\"author\" content=\"Tibor atya\" \/>\n<meta name=\"twitter:card\" content=\"summary_large_image\" \/>\n<meta name=\"twitter:label1\" content=\"Szerz\u0151:\" \/>\n\t<meta name=\"twitter:data1\" content=\"Tibor atya\" \/>\n\t<meta name=\"twitter:label2\" content=\"Becs\u00fclt olvas\u00e1si id\u0151\" \/>\n\t<meta name=\"twitter:data2\" content=\"2 perc\" \/>\n<script type=\"application\/ld+json\" class=\"yoast-schema-graph\">{\"@context\":\"https:\\\/\\\/schema.org\",\"@graph\":[{\"@type\":\"Article\",\"@id\":\"https:\\\/\\\/stuttgarti-katolikusok.de\\\/index.php\\\/februar-7-es-13-kozott\\\/#article\",\"isPartOf\":{\"@id\":\"https:\\\/\\\/stuttgarti-katolikusok.de\\\/index.php\\\/februar-7-es-13-kozott\\\/\"},\"author\":{\"name\":\"Tibor atya\",\"@id\":\"https:\\\/\\\/stuttgarti-katolikusok.de\\\/#\\\/schema\\\/person\\\/75908d6f8fdc03a57889d27209df7795\"},\"headline\":\"Febru\u00e1r 7 \u00e9s 13 k\u00f6z\u00f6tt\",\"datePublished\":\"2022-02-07T18:10:45+00:00\",\"dateModified\":\"2022-02-11T09:34:45+00:00\",\"mainEntityOfPage\":{\"@id\":\"https:\\\/\\\/stuttgarti-katolikusok.de\\\/index.php\\\/februar-7-es-13-kozott\\\/\"},\"wordCount\":239,\"image\":{\"@id\":\"https:\\\/\\\/stuttgarti-katolikusok.de\\\/index.php\\\/februar-7-es-13-kozott\\\/#primaryimage\"},\"thumbnailUrl\":\"https:\\\/\\\/stuttgarti-katolikusok.de\\\/wp-content\\\/uploads\\\/2021\\\/02\\\/kovek.jpg\",\"articleSection\":[\"Progamel\u0151zetes\"],\"inLanguage\":\"hu\"},{\"@type\":\"WebPage\",\"@id\":\"https:\\\/\\\/stuttgarti-katolikusok.de\\\/index.php\\\/februar-7-es-13-kozott\\\/\",\"url\":\"https:\\\/\\\/stuttgarti-katolikusok.de\\\/index.php\\\/februar-7-es-13-kozott\\\/\",\"name\":\"Febru\u00e1r 7 \u00e9s 13 k\u00f6z\u00f6tt - Stuttgarti Katolikusok\",\"isPartOf\":{\"@id\":\"https:\\\/\\\/stuttgarti-katolikusok.de\\\/#website\"},\"primaryImageOfPage\":{\"@id\":\"https:\\\/\\\/stuttgarti-katolikusok.de\\\/index.php\\\/februar-7-es-13-kozott\\\/#primaryimage\"},\"image\":{\"@id\":\"https:\\\/\\\/stuttgarti-katolikusok.de\\\/index.php\\\/februar-7-es-13-kozott\\\/#primaryimage\"},\"thumbnailUrl\":\"https:\\\/\\\/stuttgarti-katolikusok.de\\\/wp-content\\\/uploads\\\/2021\\\/02\\\/kovek.jpg\",\"datePublished\":\"2022-02-07T18:10:45+00:00\",\"dateModified\":\"2022-02-11T09:34:45+00:00\",\"author\":{\"@id\":\"https:\\\/\\\/stuttgarti-katolikusok.de\\\/#\\\/schema\\\/person\\\/75908d6f8fdc03a57889d27209df7795\"},\"breadcrumb\":{\"@id\":\"https:\\\/\\\/stuttgarti-katolikusok.de\\\/index.php\\\/februar-7-es-13-kozott\\\/#breadcrumb\"},\"inLanguage\":\"hu\",\"potentialAction\":[{\"@type\":\"ReadAction\",\"target\":[\"https:\\\/\\\/stuttgarti-katolikusok.de\\\/index.php\\\/februar-7-es-13-kozott\\\/\"]}]},{\"@type\":\"ImageObject\",\"inLanguage\":\"hu\",\"@id\":\"https:\\\/\\\/stuttgarti-katolikusok.de\\\/index.php\\\/februar-7-es-13-kozott\\\/#primaryimage\",\"url\":\"https:\\\/\\\/stuttgarti-katolikusok.de\\\/wp-content\\\/uploads\\\/2021\\\/02\\\/kovek.jpg\",\"contentUrl\":\"https:\\\/\\\/stuttgarti-katolikusok.de\\\/wp-content\\\/uploads\\\/2021\\\/02\\\/kovek.jpg\",\"width\":1280,\"height\":955},{\"@type\":\"BreadcrumbList\",\"@id\":\"https:\\\/\\\/stuttgarti-katolikusok.de\\\/index.php\\\/februar-7-es-13-kozott\\\/#breadcrumb\",\"itemListElement\":[{\"@type\":\"ListItem\",\"position\":1,\"name\":\"Kezd\u0151lap\",\"item\":\"https:\\\/\\\/stuttgarti-katolikusok.de\\\/\"},{\"@type\":\"ListItem\",\"position\":2,\"name\":\"Febru\u00e1r 7 \u00e9s 13 k\u00f6z\u00f6tt\"}]},{\"@type\":\"WebSite\",\"@id\":\"https:\\\/\\\/stuttgarti-katolikusok.de\\\/#website\",\"url\":\"https:\\\/\\\/stuttgarti-katolikusok.de\\\/\",\"name\":\"Stuttgarti Katolikusok\",\"description\":\"\",\"potentialAction\":[{\"@type\":\"SearchAction\",\"target\":{\"@type\":\"EntryPoint\",\"urlTemplate\":\"https:\\\/\\\/stuttgarti-katolikusok.de\\\/?s={search_term_string}\"},\"query-input\":{\"@type\":\"PropertyValueSpecification\",\"valueRequired\":true,\"valueName\":\"search_term_string\"}}],\"inLanguage\":\"hu\"},{\"@type\":\"Person\",\"@id\":\"https:\\\/\\\/stuttgarti-katolikusok.de\\\/#\\\/schema\\\/person\\\/75908d6f8fdc03a57889d27209df7795\",\"name\":\"Tibor atya\",\"image\":{\"@type\":\"ImageObject\",\"inLanguage\":\"hu\",\"@id\":\"https:\\\/\\\/secure.gravatar.com\\\/avatar\\\/61d268e57d1f4525b111222e29d2d5a7f8c420fdbf231ba5566a8ceac74fa960?s=96&d=mm&r=g\",\"url\":\"https:\\\/\\\/secure.gravatar.com\\\/avatar\\\/61d268e57d1f4525b111222e29d2d5a7f8c420fdbf231ba5566a8ceac74fa960?s=96&d=mm&r=g\",\"contentUrl\":\"https:\\\/\\\/secure.gravatar.com\\\/avatar\\\/61d268e57d1f4525b111222e29d2d5a7f8c420fdbf231ba5566a8ceac74fa960?s=96&d=mm&r=g\",\"caption\":\"Tibor atya\"},\"url\":\"https:\\\/\\\/stuttgarti-katolikusok.de\\\/index.php\\\/author\\\/tibor-atya\\\/\"}]}<\/script>\n<!-- \/ Yoast SEO plugin. -->","yoast_head_json":{"title":"Febru\u00e1r 7 \u00e9s 13 k\u00f6z\u00f6tt - Stuttgarti Katolikusok","robots":{"index":"index","follow":"follow","max-snippet":"max-snippet:-1","max-image-preview":"max-image-preview:large","max-video-preview":"max-video-preview:-1"},"canonical":"https:\/\/stuttgarti-katolikusok.de\/index.php\/februar-7-es-13-kozott\/","og_locale":"hu_HU","og_type":"article","og_title":"Febru\u00e1r 7 \u00e9s 13 k\u00f6z\u00f6tt - Stuttgarti Katolikusok","og_description":"Programel\u0151zetes \u00d6r\u00f6mmel \u00e9rtes\u00edt\u00fcnk benneteket, hogy 2022. febru\u00e1r 9-ei hat\u00e1llyal nincs m\u00e1r sz\u00fcks\u00e9g a jelenl\u00e9ti lista vezet\u00e9s\u00e9re \u00e9s \u0151rz\u00e9s\u00e9re.\u00a0 Szentmis\u00e9n tov\u00e1bbra is k\u00f6telez\u0151 az FFP2 maszk haszn\u00e1lata \u00e9s a megfelel\u0151 t\u00e1vols\u00e1g megtart\u00e1sa. A 6 \u00e9s 18 \u00e9v k\u00f6z\u00f6ttiek sz\u00e1m\u00e1ra m\u00e1s t\u00edpus\u00fa maszk haszn\u00e1lata enged\u00e9lyezett (orvosi maszk). Amint \u00fajabb fejlem\u00e9nyek \u00e9s rendelkez\u00e9sek l\u00e1tnak napvil\u00e1got, ism\u00e9telten jelentkez\u00fcnk.\u00a0 * Febru\u00e1r 11-\u00e9n, p\u00e9nteken, Stuttgarti d\u00e9lut\u00e1n, 18.00 \u00f3rakor szentmise, el\u0151tte r\u00f3zsaf\u00fcz\u00e9rt im\u00e1dkozunk. * Febru\u00e1r 12-\u00e9n, szombaton, Biberachban 16.30 \u00f3rakor\u00a0szentmise a Dreifaltigkeitskirche-ben (Mittelbergstrasse 29). \u00a0* Febru\u00e1r 13-\u00e1n, \u00c9vk\u00f6zi 6. vas\u00e1rnap, Weingartenben 11.00 \u00f3rakor szentmise a \u00a0Marienkirche-ben. Ulmban 15.00 \u00f3rakor szentmise. \u00a0* Minden helyen mindenkit szeretettel v\u00e1r a k\u00f6z\u00f6ss\u00e9g \u00e9s Tibor atya! * Bens\u0151s\u00e9ges \u00e9s kellemes farsangi napokat, j\u00f3 tal\u00e1lkoz\u00e1sokat \u00e9s sok \u00f6r\u00f6met k\u00edv\u00e1nok minden kedves H\u00edvemnek. * \u00a0\u201eA testi betegs\u00e9gekre ott vannak a gy\u00f3gyszerek, de a mag\u00e1nyt, k\u00e9ts\u00e9gbees\u00e9st \u00e9s rem\u00e9nytelens\u00e9get egyed\u00fcl a szeretet k\u00e9pes meggy\u00f3gy\u00edtani. Sokan vannak a vil\u00e1gban, akik egy darabka keny\u00e9rre \u00e9heznek, de m\u00e9g t\u00f6bben olyanok, akik csak egy kis szeretetre.\u201d (Kalkuttai Szent Ter\u00e9z, 1910 &#8211; 1997) (K\u00e9p forr\u00e1sa: pixabay.com)","og_url":"https:\/\/stuttgarti-katolikusok.de\/index.php\/februar-7-es-13-kozott\/","og_site_name":"Stuttgarti Katolikusok","article_published_time":"2022-02-07T18:10:45+00:00","article_modified_time":"2022-02-11T09:34:45+00:00","og_image":[{"width":1280,"height":955,"url":"https:\/\/stuttgarti-katolikusok.de\/wp-content\/uploads\/2021\/02\/kovek.jpg","type":"image\/jpeg"}],"author":"Tibor atya","twitter_card":"summary_large_image","twitter_misc":{"Szerz\u0151:":"Tibor atya","Becs\u00fclt olvas\u00e1si id\u0151":"2 perc"},"schema":{"@context":"https:\/\/schema.org","@graph":[{"@type":"Article","@id":"https:\/\/stuttgarti-katolikusok.de\/index.php\/februar-7-es-13-kozott\/#article","isPartOf":{"@id":"https:\/\/stuttgarti-katolikusok.de\/index.php\/februar-7-es-13-kozott\/"},"author":{"name":"Tibor atya","@id":"https:\/\/stuttgarti-katolikusok.de\/#\/schema\/person\/75908d6f8fdc03a57889d27209df7795"},"headline":"Febru\u00e1r 7 \u00e9s 13 k\u00f6z\u00f6tt","datePublished":"2022-02-07T18:10:45+00:00","dateModified":"2022-02-11T09:34:45+00:00","mainEntityOfPage":{"@id":"https:\/\/stuttgarti-katolikusok.de\/index.php\/februar-7-es-13-kozott\/"},"wordCount":239,"image":{"@id":"https:\/\/stuttgarti-katolikusok.de\/index.php\/februar-7-es-13-kozott\/#primaryimage"},"thumbnailUrl":"https:\/\/stuttgarti-katolikusok.de\/wp-content\/uploads\/2021\/02\/kovek.jpg","articleSection":["Progamel\u0151zetes"],"inLanguage":"hu"},{"@type":"WebPage","@id":"https:\/\/stuttgarti-katolikusok.de\/index.php\/februar-7-es-13-kozott\/","url":"https:\/\/stuttgarti-katolikusok.de\/index.php\/februar-7-es-13-kozott\/","name":"Febru\u00e1r 7 \u00e9s 13 k\u00f6z\u00f6tt - Stuttgarti Katolikusok","isPartOf":{"@id":"https:\/\/stuttgarti-katolikusok.de\/#website"},"primaryImageOfPage":{"@id":"https:\/\/stuttgarti-katolikusok.de\/index.php\/februar-7-es-13-kozott\/#primaryimage"},"image":{"@id":"https:\/\/stuttgarti-katolikusok.de\/index.php\/februar-7-es-13-kozott\/#primaryimage"},"thumbnailUrl":"https:\/\/stuttgarti-katolikusok.de\/wp-content\/uploads\/2021\/02\/kovek.jpg","datePublished":"2022-02-07T18:10:45+00:00","dateModified":"2022-02-11T09:34:45+00:00","author":{"@id":"https:\/\/stuttgarti-katolikusok.de\/#\/schema\/person\/75908d6f8fdc03a57889d27209df7795"},"breadcrumb":{"@id":"https:\/\/stuttgarti-katolikusok.de\/index.php\/februar-7-es-13-kozott\/#breadcrumb"},"inLanguage":"hu","potentialAction":[{"@type":"ReadAction","target":["https:\/\/stuttgarti-katolikusok.de\/index.php\/februar-7-es-13-kozott\/"]}]},{"@type":"ImageObject","inLanguage":"hu","@id":"https:\/\/stuttgarti-katolikusok.de\/index.php\/februar-7-es-13-kozott\/#primaryimage","url":"https:\/\/stuttgarti-katolikusok.de\/wp-content\/uploads\/2021\/02\/kovek.jpg","contentUrl":"https:\/\/stuttgarti-katolikusok.de\/wp-content\/uploads\/2021\/02\/kovek.jpg","width":1280,"height":955},{"@type":"BreadcrumbList","@id":"https:\/\/stuttgarti-katolikusok.de\/index.php\/februar-7-es-13-kozott\/#breadcrumb","itemListElement":[{"@type":"ListItem","position":1,"name":"Kezd\u0151lap","item":"https:\/\/stuttgarti-katolikusok.de\/"},{"@type":"ListItem","position":2,"name":"Febru\u00e1r 7 \u00e9s 13 k\u00f6z\u00f6tt"}]},{"@type":"WebSite","@id":"https:\/\/stuttgarti-katolikusok.de\/#website","url":"https:\/\/stuttgarti-katolikusok.de\/","name":"Stuttgarti Katolikusok","description":"","potentialAction":[{"@type":"SearchAction","target":{"@type":"EntryPoint","urlTemplate":"https:\/\/stuttgarti-katolikusok.de\/?s={search_term_string}"},"query-input":{"@type":"PropertyValueSpecification","valueRequired":true,"valueName":"search_term_string"}}],"inLanguage":"hu"},{"@type":"Person","@id":"https:\/\/stuttgarti-katolikusok.de\/#\/schema\/person\/75908d6f8fdc03a57889d27209df7795","name":"Tibor atya","image":{"@type":"ImageObject","inLanguage":"hu","@id":"https:\/\/secure.gravatar.com\/avatar\/61d268e57d1f4525b111222e29d2d5a7f8c420fdbf231ba5566a8ceac74fa960?s=96&d=mm&r=g","url":"https:\/\/secure.gravatar.com\/avatar\/61d268e57d1f4525b111222e29d2d5a7f8c420fdbf231ba5566a8ceac74fa960?s=96&d=mm&r=g","contentUrl":"https:\/\/secure.gravatar.com\/avatar\/61d268e57d1f4525b111222e29d2d5a7f8c420fdbf231ba5566a8ceac74fa960?s=96&d=mm&r=g","caption":"Tibor atya"},"url":"https:\/\/stuttgarti-katolikusok.de\/index.php\/author\/tibor-atya\/"}]}},"_links":{"self":[{"href":"https:\/\/stuttgarti-katolikusok.de\/index.php\/wp-json\/wp\/v2\/posts\/22901","targetHints":{"allow":["GET"]}}],"collection":[{"href":"https:\/\/stuttgarti-katolikusok.de\/index.php\/wp-json\/wp\/v2\/posts"}],"about":[{"href":"https:\/\/stuttgarti-katolikusok.de\/index.php\/wp-json\/wp\/v2\/types\/post"}],"author":[{"embeddable":true,"href":"https:\/\/stuttgarti-katolikusok.de\/index.php\/wp-json\/wp\/v2\/users\/3"}],"replies":[{"embeddable":true,"href":"https:\/\/stuttgarti-katolikusok.de\/index.php\/wp-json\/wp\/v2\/comments?post=22901"}],"version-history":[{"count":4,"href":"https:\/\/stuttgarti-katolikusok.de\/index.php\/wp-json\/wp\/v2\/posts\/22901\/revisions"}],"predecessor-version":[{"id":22913,"href":"https:\/\/stuttgarti-katolikusok.de\/index.php\/wp-json\/wp\/v2\/posts\/22901\/revisions\/22913"}],"wp:featuredmedia":[{"embeddable":true,"href":"https:\/\/stuttgarti-katolikusok.de\/index.php\/wp-json\/wp\/v2\/media\/21177"}],"wp:attachment":[{"href":"https:\/\/stuttgarti-katolikusok.de\/index.php\/wp-json\/wp\/v2\/media?parent=22901"}],"wp:term":[{"taxonomy":"category","embeddable":true,"href":"https:\/\/stuttgarti-katolikusok.de\/index.php\/wp-json\/wp\/v2\/categories?post=22901"},{"taxonomy":"post_tag","embeddable":true,"href":"https:\/\/stuttgarti-katolikusok.de\/index.php\/wp-json\/wp\/v2\/tags?post=22901"}],"curies":[{"name":"wp","href":"https:\/\/api.w.org\/{rel}","templated":true}]}}