{"id":22826,"date":"2022-01-14T14:14:44","date_gmt":"2022-01-14T13:14:44","guid":{"rendered":"https:\/\/stuttgarti-katolikusok.de\/?p=22826"},"modified":"2022-01-14T19:29:05","modified_gmt":"2022-01-14T18:29:05","slug":"ffp2-maszk-hasznalata-a-szentmisen","status":"publish","type":"post","link":"https:\/\/stuttgarti-katolikusok.de\/index.php\/ffp2-maszk-hasznalata-a-szentmisen\/","title":{"rendered":"FFP2 maszk haszn\u00e1lata a szentmis\u00e9n!"},"content":{"rendered":"<p>Kedves H\u00edveim!<\/p>\n<p>\u00d6r\u00f6mmel \u00e9s h\u00e1l\u00e1val a sz\u00edvemben mondok k\u00f6sz\u00f6netet\u00a0 a j\u00f3 Istennek, hogy Kar\u00e1csony \u00fcnnepe alkalm\u00e1val mindenhol, \u00fagy, ahogyan terveztem, siker\u00fclt ajt\u00f3t nyitni minden kedves Testv\u00e9r sz\u00e1m\u00e1ra, hogy egyik legnagyobb \u00fcnnep\u00fcnk alkalm\u00e1val szentmis\u00e9n vehessen r\u00e9szt. Mind\u00f6ssze k\u00e9t helyen (B\u00f6blingenben \u00e9s Biberachban voltak szigor\u00fabb el\u0151\u00edr\u00e1sok).<\/p>\n<p>Most ellenben egy szigor\u00fabb id\u0151szak k\u00f6vetkezik. \u00c9ppen ez\u00e9rt mindenkit megk\u00e9rek, hogy ezekhez az el\u0151\u00edr\u00e1sokhoz alkalmazkodjunk.<\/p>\n<p>A legfontosabb, hogy a szentmis\u00e9ket tov\u00e1bbra is megtarthatjuk!<\/p>\n<p>A legfontosabb, hogy szentmis\u00e9inket ne kell lemondanunk! Helyileg mindig az aktu\u00e1lis befogad\u00f3 (n\u00e9met) k\u00f6z\u00f6ss\u00e9g szab\u00e1lyaihoz \u00e9s el\u0151\u00edr\u00e1saihoz kell igazodnunk.<\/p>\n<p>A szentmis\u00e9ken a 18 \u00e9v f\u00f6l\u00f6ttieknek FFP2 maszk haszn\u00e1lata k\u00f6telez\u0151! A 6 \u00e9s 18 \u00e9v k\u00f6z\u00f6ttiek orvosi-seb\u00e9szeti maszkot is haszn\u00e1lhatnak.<\/p>\n<p>A k\u00f6z\u00f6ss\u00e9gi termek \u00e9s m\u00e1s helyis\u00e9gek haszn\u00e1lat\u00e1t illet\u0151en pedig a 2G+ szab\u00e1lyoz\u00e1s van \u00e9rv\u00e9nyben!<\/p>\n<p>Saj\u00e1tos helyzetben vagyunk Stuttgartban. A gyermekmis\u00e9k megtart\u00e1s\u00e1t egyel\u0151re sz\u00fcneteltetj\u00fck. Itt ugyanis gondot jelent a terem szell\u0151ztet\u00e9se. Laupheimer aty\u00e1val egyeztetve \u00e9s aj\u00e1nl\u00e1s\u00e1t k\u00f6vetve hoztam meg ezen d\u00f6nt\u00e9semet. A gyermekek sz\u00fcleinek meg\u00e9rt\u00e9s\u00e9t k\u00e9rem.<\/p>\n<p>Ezzel az im\u00e1ds\u00e1ggal k\u00edv\u00e1nok mindannyiotoknak \u00e1ldott \u00e9s b\u00e9k\u00e9s napot:<\/p>\n<p><em><strong>J\u00e9zusom, milyen csod\u00e1latos a Te b\u00f6lcsess\u00e9ged! M\u00e1sok hit\u00e9t l\u00e1tva megk\u00f6ny\u00f6r\u00fclsz a magatehetetlen b\u0171n\u00f6s\u00f6n is. Add, hogy felismerjem az egym\u00e1s ir\u00e1nt \u00e9rzett felel\u0151ss\u00e9g fontoss\u00e1g\u00e1t! Seg\u00edts, hogy k\u00e9pes legyek saj\u00e1t magamban is felismerni gyenges\u00e9geimet, \u00e9s k\u00e9sz legyek al\u00e1zattal m\u00e1sok seg\u00edts\u00e9g\u00e9t k\u00e9rni lelki \u00e9s ak\u00e1r testi gy\u00f3gyul\u00e1som\u00e9rt!<\/strong><\/em><\/p>\n<p>Szeretettel,<\/p>\n<p>Tibor atya<\/p>\n","protected":false},"excerpt":{"rendered":"<p>Kedves H\u00edveim! \u00d6r\u00f6mmel \u00e9s h\u00e1l\u00e1val a sz\u00edvemben mondok k\u00f6sz\u00f6netet\u00a0 a j\u00f3 Istennek, hogy Kar\u00e1csony \u00fcnnepe alkalm\u00e1val mindenhol, \u00fagy, ahogyan terveztem, siker\u00fclt ajt\u00f3t nyitni minden kedves Testv\u00e9r sz\u00e1m\u00e1ra, hogy egyik legnagyobb \u00fcnnep\u00fcnk alkalm\u00e1val szentmis\u00e9n vehessen r\u00e9szt. Mind\u00f6ssze k\u00e9t helyen (B\u00f6blingenben \u00e9s Biberachban voltak szigor\u00fabb el\u0151\u00edr\u00e1sok). Most ellenben egy szigor\u00fabb id\u0151szak k\u00f6vetkezik. \u00c9ppen ez\u00e9rt mindenkit megk\u00e9rek, hogy ezekhez az el\u0151\u00edr\u00e1sokhoz alkalmazkodjunk. A legfontosabb, hogy a szentmis\u00e9ket tov\u00e1bbra is megtarthatjuk! A legfontosabb, hogy szentmis\u00e9inket ne kell lemondanunk! Helyileg mindig az aktu\u00e1lis befogad\u00f3 (n\u00e9met) k\u00f6z\u00f6ss\u00e9g szab\u00e1lyaihoz \u00e9s el\u0151\u00edr\u00e1saihoz kell igazodnunk. A szentmis\u00e9ken a 18 \u00e9v f\u00f6l\u00f6ttieknek FFP2 maszk haszn\u00e1lata k\u00f6telez\u0151! A 6 \u00e9s 18 \u00e9v k\u00f6z\u00f6ttiek orvosi-seb\u00e9szeti maszkot is haszn\u00e1lhatnak. A k\u00f6z\u00f6ss\u00e9gi termek \u00e9s m\u00e1s helyis\u00e9gek haszn\u00e1lat\u00e1t illet\u0151en pedig a 2G+ szab\u00e1lyoz\u00e1s van \u00e9rv\u00e9nyben! Saj\u00e1tos helyzetben vagyunk Stuttgartban. A gyermekmis\u00e9k megtart\u00e1s\u00e1t egyel\u0151re sz\u00fcneteltetj\u00fck. Itt ugyanis gondot jelent a terem szell\u0151ztet\u00e9se. Laupheimer aty\u00e1val egyeztetve \u00e9s aj\u00e1nl\u00e1s\u00e1t k\u00f6vetve hoztam meg ezen d\u00f6nt\u00e9semet. A gyermekek sz\u00fcleinek meg\u00e9rt\u00e9s\u00e9t k\u00e9rem. Ezzel az im\u00e1ds\u00e1ggal k\u00edv\u00e1nok mindannyiotoknak \u00e1ldott \u00e9s b\u00e9k\u00e9s napot: J\u00e9zusom, milyen csod\u00e1latos a Te b\u00f6lcsess\u00e9ged! M\u00e1sok hit\u00e9t l\u00e1tva megk\u00f6ny\u00f6r\u00fclsz a magatehetetlen b\u0171n\u00f6s\u00f6n is. Add, hogy felismerjem az egym\u00e1s ir\u00e1nt \u00e9rzett felel\u0151ss\u00e9g fontoss\u00e1g\u00e1t! Seg\u00edts, hogy k\u00e9pes legyek saj\u00e1t magamban is felismerni gyenges\u00e9geimet, \u00e9s k\u00e9sz legyek al\u00e1zattal m\u00e1sok seg\u00edts\u00e9g\u00e9t k\u00e9rni lelki \u00e9s ak\u00e1r testi gy\u00f3gyul\u00e1som\u00e9rt! Szeretettel, Tibor atya<\/p>\n","protected":false},"author":3,"featured_media":20162,"comment_status":"closed","ping_status":"closed","sticky":false,"template":"","format":"standard","meta":{"footnotes":""},"categories":[5],"tags":[],"class_list":["post-22826","post","type-post","status-publish","format-standard","has-post-thumbnail","hentry","category-hirek"],"yoast_head":"<!-- This site is optimized with the Yoast SEO plugin v27.3 - https:\/\/yoast.com\/product\/yoast-seo-wordpress\/ -->\n<title>FFP2 maszk haszn\u00e1lata a szentmis\u00e9n! - Stuttgarti Katolikusok<\/title>\n<meta name=\"robots\" content=\"index, follow, max-snippet:-1, max-image-preview:large, max-video-preview:-1\" \/>\n<link rel=\"canonical\" href=\"https:\/\/stuttgarti-katolikusok.de\/index.php\/ffp2-maszk-hasznalata-a-szentmisen\/\" \/>\n<meta property=\"og:locale\" content=\"hu_HU\" \/>\n<meta property=\"og:type\" content=\"article\" \/>\n<meta property=\"og:title\" content=\"FFP2 maszk haszn\u00e1lata a szentmis\u00e9n! - Stuttgarti Katolikusok\" \/>\n<meta property=\"og:description\" content=\"Kedves H\u00edveim! \u00d6r\u00f6mmel \u00e9s h\u00e1l\u00e1val a sz\u00edvemben mondok k\u00f6sz\u00f6netet\u00a0 a j\u00f3 Istennek, hogy Kar\u00e1csony \u00fcnnepe alkalm\u00e1val mindenhol, \u00fagy, ahogyan terveztem, siker\u00fclt ajt\u00f3t nyitni minden kedves Testv\u00e9r sz\u00e1m\u00e1ra, hogy egyik legnagyobb \u00fcnnep\u00fcnk alkalm\u00e1val szentmis\u00e9n vehessen r\u00e9szt. Mind\u00f6ssze k\u00e9t helyen (B\u00f6blingenben \u00e9s Biberachban voltak szigor\u00fabb el\u0151\u00edr\u00e1sok). Most ellenben egy szigor\u00fabb id\u0151szak k\u00f6vetkezik. \u00c9ppen ez\u00e9rt mindenkit megk\u00e9rek, hogy ezekhez az el\u0151\u00edr\u00e1sokhoz alkalmazkodjunk. A legfontosabb, hogy a szentmis\u00e9ket tov\u00e1bbra is megtarthatjuk! A legfontosabb, hogy szentmis\u00e9inket ne kell lemondanunk! Helyileg mindig az aktu\u00e1lis befogad\u00f3 (n\u00e9met) k\u00f6z\u00f6ss\u00e9g szab\u00e1lyaihoz \u00e9s el\u0151\u00edr\u00e1saihoz kell igazodnunk. A szentmis\u00e9ken a 18 \u00e9v f\u00f6l\u00f6ttieknek FFP2 maszk haszn\u00e1lata k\u00f6telez\u0151! A 6 \u00e9s 18 \u00e9v k\u00f6z\u00f6ttiek orvosi-seb\u00e9szeti maszkot is haszn\u00e1lhatnak. A k\u00f6z\u00f6ss\u00e9gi termek \u00e9s m\u00e1s helyis\u00e9gek haszn\u00e1lat\u00e1t illet\u0151en pedig a 2G+ szab\u00e1lyoz\u00e1s van \u00e9rv\u00e9nyben! Saj\u00e1tos helyzetben vagyunk Stuttgartban. A gyermekmis\u00e9k megtart\u00e1s\u00e1t egyel\u0151re sz\u00fcneteltetj\u00fck. Itt ugyanis gondot jelent a terem szell\u0151ztet\u00e9se. Laupheimer aty\u00e1val egyeztetve \u00e9s aj\u00e1nl\u00e1s\u00e1t k\u00f6vetve hoztam meg ezen d\u00f6nt\u00e9semet. A gyermekek sz\u00fcleinek meg\u00e9rt\u00e9s\u00e9t k\u00e9rem. Ezzel az im\u00e1ds\u00e1ggal k\u00edv\u00e1nok mindannyiotoknak \u00e1ldott \u00e9s b\u00e9k\u00e9s napot: J\u00e9zusom, milyen csod\u00e1latos a Te b\u00f6lcsess\u00e9ged! M\u00e1sok hit\u00e9t l\u00e1tva megk\u00f6ny\u00f6r\u00fclsz a magatehetetlen b\u0171n\u00f6s\u00f6n is. Add, hogy felismerjem az egym\u00e1s ir\u00e1nt \u00e9rzett felel\u0151ss\u00e9g fontoss\u00e1g\u00e1t! Seg\u00edts, hogy k\u00e9pes legyek saj\u00e1t magamban is felismerni gyenges\u00e9geimet, \u00e9s k\u00e9sz legyek al\u00e1zattal m\u00e1sok seg\u00edts\u00e9g\u00e9t k\u00e9rni lelki \u00e9s ak\u00e1r testi gy\u00f3gyul\u00e1som\u00e9rt! Szeretettel, Tibor atya\" \/>\n<meta property=\"og:url\" content=\"https:\/\/stuttgarti-katolikusok.de\/index.php\/ffp2-maszk-hasznalata-a-szentmisen\/\" \/>\n<meta property=\"og:site_name\" content=\"Stuttgarti Katolikusok\" \/>\n<meta property=\"article:published_time\" content=\"2022-01-14T13:14:44+00:00\" \/>\n<meta property=\"article:modified_time\" content=\"2022-01-14T18:29:05+00:00\" \/>\n<meta property=\"og:image\" content=\"https:\/\/stuttgarti-katolikusok.de\/wp-content\/uploads\/2020\/09\/corona-5174671_640.jpg\" \/>\n\t<meta property=\"og:image:width\" content=\"640\" \/>\n\t<meta property=\"og:image:height\" content=\"427\" \/>\n\t<meta property=\"og:image:type\" content=\"image\/jpeg\" \/>\n<meta name=\"author\" content=\"Tibor atya\" \/>\n<meta name=\"twitter:card\" content=\"summary_large_image\" \/>\n<meta name=\"twitter:label1\" content=\"Szerz\u0151:\" \/>\n\t<meta name=\"twitter:data1\" content=\"Tibor atya\" \/>\n\t<meta name=\"twitter:label2\" content=\"Becs\u00fclt olvas\u00e1si id\u0151\" \/>\n\t<meta name=\"twitter:data2\" content=\"1 perc\" \/>\n<script type=\"application\/ld+json\" class=\"yoast-schema-graph\">{\"@context\":\"https:\\\/\\\/schema.org\",\"@graph\":[{\"@type\":\"Article\",\"@id\":\"https:\\\/\\\/stuttgarti-katolikusok.de\\\/index.php\\\/ffp2-maszk-hasznalata-a-szentmisen\\\/#article\",\"isPartOf\":{\"@id\":\"https:\\\/\\\/stuttgarti-katolikusok.de\\\/index.php\\\/ffp2-maszk-hasznalata-a-szentmisen\\\/\"},\"author\":{\"name\":\"Tibor atya\",\"@id\":\"https:\\\/\\\/stuttgarti-katolikusok.de\\\/#\\\/schema\\\/person\\\/75908d6f8fdc03a57889d27209df7795\"},\"headline\":\"FFP2 maszk haszn\u00e1lata a szentmis\u00e9n!\",\"datePublished\":\"2022-01-14T13:14:44+00:00\",\"dateModified\":\"2022-01-14T18:29:05+00:00\",\"mainEntityOfPage\":{\"@id\":\"https:\\\/\\\/stuttgarti-katolikusok.de\\\/index.php\\\/ffp2-maszk-hasznalata-a-szentmisen\\\/\"},\"wordCount\":334,\"image\":{\"@id\":\"https:\\\/\\\/stuttgarti-katolikusok.de\\\/index.php\\\/ffp2-maszk-hasznalata-a-szentmisen\\\/#primaryimage\"},\"thumbnailUrl\":\"https:\\\/\\\/stuttgarti-katolikusok.de\\\/wp-content\\\/uploads\\\/2020\\\/09\\\/corona-5174671_640.jpg\",\"articleSection\":[\"H\u00edrek\"],\"inLanguage\":\"hu\"},{\"@type\":\"WebPage\",\"@id\":\"https:\\\/\\\/stuttgarti-katolikusok.de\\\/index.php\\\/ffp2-maszk-hasznalata-a-szentmisen\\\/\",\"url\":\"https:\\\/\\\/stuttgarti-katolikusok.de\\\/index.php\\\/ffp2-maszk-hasznalata-a-szentmisen\\\/\",\"name\":\"FFP2 maszk haszn\u00e1lata a szentmis\u00e9n! - Stuttgarti Katolikusok\",\"isPartOf\":{\"@id\":\"https:\\\/\\\/stuttgarti-katolikusok.de\\\/#website\"},\"primaryImageOfPage\":{\"@id\":\"https:\\\/\\\/stuttgarti-katolikusok.de\\\/index.php\\\/ffp2-maszk-hasznalata-a-szentmisen\\\/#primaryimage\"},\"image\":{\"@id\":\"https:\\\/\\\/stuttgarti-katolikusok.de\\\/index.php\\\/ffp2-maszk-hasznalata-a-szentmisen\\\/#primaryimage\"},\"thumbnailUrl\":\"https:\\\/\\\/stuttgarti-katolikusok.de\\\/wp-content\\\/uploads\\\/2020\\\/09\\\/corona-5174671_640.jpg\",\"datePublished\":\"2022-01-14T13:14:44+00:00\",\"dateModified\":\"2022-01-14T18:29:05+00:00\",\"author\":{\"@id\":\"https:\\\/\\\/stuttgarti-katolikusok.de\\\/#\\\/schema\\\/person\\\/75908d6f8fdc03a57889d27209df7795\"},\"breadcrumb\":{\"@id\":\"https:\\\/\\\/stuttgarti-katolikusok.de\\\/index.php\\\/ffp2-maszk-hasznalata-a-szentmisen\\\/#breadcrumb\"},\"inLanguage\":\"hu\",\"potentialAction\":[{\"@type\":\"ReadAction\",\"target\":[\"https:\\\/\\\/stuttgarti-katolikusok.de\\\/index.php\\\/ffp2-maszk-hasznalata-a-szentmisen\\\/\"]}]},{\"@type\":\"ImageObject\",\"inLanguage\":\"hu\",\"@id\":\"https:\\\/\\\/stuttgarti-katolikusok.de\\\/index.php\\\/ffp2-maszk-hasznalata-a-szentmisen\\\/#primaryimage\",\"url\":\"https:\\\/\\\/stuttgarti-katolikusok.de\\\/wp-content\\\/uploads\\\/2020\\\/09\\\/corona-5174671_640.jpg\",\"contentUrl\":\"https:\\\/\\\/stuttgarti-katolikusok.de\\\/wp-content\\\/uploads\\\/2020\\\/09\\\/corona-5174671_640.jpg\",\"width\":640,\"height\":427},{\"@type\":\"BreadcrumbList\",\"@id\":\"https:\\\/\\\/stuttgarti-katolikusok.de\\\/index.php\\\/ffp2-maszk-hasznalata-a-szentmisen\\\/#breadcrumb\",\"itemListElement\":[{\"@type\":\"ListItem\",\"position\":1,\"name\":\"Kezd\u0151lap\",\"item\":\"https:\\\/\\\/stuttgarti-katolikusok.de\\\/\"},{\"@type\":\"ListItem\",\"position\":2,\"name\":\"FFP2 maszk haszn\u00e1lata a szentmis\u00e9n!\"}]},{\"@type\":\"WebSite\",\"@id\":\"https:\\\/\\\/stuttgarti-katolikusok.de\\\/#website\",\"url\":\"https:\\\/\\\/stuttgarti-katolikusok.de\\\/\",\"name\":\"Stuttgarti Katolikusok\",\"description\":\"\",\"potentialAction\":[{\"@type\":\"SearchAction\",\"target\":{\"@type\":\"EntryPoint\",\"urlTemplate\":\"https:\\\/\\\/stuttgarti-katolikusok.de\\\/?s={search_term_string}\"},\"query-input\":{\"@type\":\"PropertyValueSpecification\",\"valueRequired\":true,\"valueName\":\"search_term_string\"}}],\"inLanguage\":\"hu\"},{\"@type\":\"Person\",\"@id\":\"https:\\\/\\\/stuttgarti-katolikusok.de\\\/#\\\/schema\\\/person\\\/75908d6f8fdc03a57889d27209df7795\",\"name\":\"Tibor atya\",\"image\":{\"@type\":\"ImageObject\",\"inLanguage\":\"hu\",\"@id\":\"https:\\\/\\\/secure.gravatar.com\\\/avatar\\\/61d268e57d1f4525b111222e29d2d5a7f8c420fdbf231ba5566a8ceac74fa960?s=96&d=mm&r=g\",\"url\":\"https:\\\/\\\/secure.gravatar.com\\\/avatar\\\/61d268e57d1f4525b111222e29d2d5a7f8c420fdbf231ba5566a8ceac74fa960?s=96&d=mm&r=g\",\"contentUrl\":\"https:\\\/\\\/secure.gravatar.com\\\/avatar\\\/61d268e57d1f4525b111222e29d2d5a7f8c420fdbf231ba5566a8ceac74fa960?s=96&d=mm&r=g\",\"caption\":\"Tibor atya\"},\"url\":\"https:\\\/\\\/stuttgarti-katolikusok.de\\\/index.php\\\/author\\\/tibor-atya\\\/\"}]}<\/script>\n<!-- \/ Yoast SEO plugin. -->","yoast_head_json":{"title":"FFP2 maszk haszn\u00e1lata a szentmis\u00e9n! - Stuttgarti Katolikusok","robots":{"index":"index","follow":"follow","max-snippet":"max-snippet:-1","max-image-preview":"max-image-preview:large","max-video-preview":"max-video-preview:-1"},"canonical":"https:\/\/stuttgarti-katolikusok.de\/index.php\/ffp2-maszk-hasznalata-a-szentmisen\/","og_locale":"hu_HU","og_type":"article","og_title":"FFP2 maszk haszn\u00e1lata a szentmis\u00e9n! - Stuttgarti Katolikusok","og_description":"Kedves H\u00edveim! \u00d6r\u00f6mmel \u00e9s h\u00e1l\u00e1val a sz\u00edvemben mondok k\u00f6sz\u00f6netet\u00a0 a j\u00f3 Istennek, hogy Kar\u00e1csony \u00fcnnepe alkalm\u00e1val mindenhol, \u00fagy, ahogyan terveztem, siker\u00fclt ajt\u00f3t nyitni minden kedves Testv\u00e9r sz\u00e1m\u00e1ra, hogy egyik legnagyobb \u00fcnnep\u00fcnk alkalm\u00e1val szentmis\u00e9n vehessen r\u00e9szt. Mind\u00f6ssze k\u00e9t helyen (B\u00f6blingenben \u00e9s Biberachban voltak szigor\u00fabb el\u0151\u00edr\u00e1sok). Most ellenben egy szigor\u00fabb id\u0151szak k\u00f6vetkezik. \u00c9ppen ez\u00e9rt mindenkit megk\u00e9rek, hogy ezekhez az el\u0151\u00edr\u00e1sokhoz alkalmazkodjunk. A legfontosabb, hogy a szentmis\u00e9ket tov\u00e1bbra is megtarthatjuk! A legfontosabb, hogy szentmis\u00e9inket ne kell lemondanunk! Helyileg mindig az aktu\u00e1lis befogad\u00f3 (n\u00e9met) k\u00f6z\u00f6ss\u00e9g szab\u00e1lyaihoz \u00e9s el\u0151\u00edr\u00e1saihoz kell igazodnunk. A szentmis\u00e9ken a 18 \u00e9v f\u00f6l\u00f6ttieknek FFP2 maszk haszn\u00e1lata k\u00f6telez\u0151! A 6 \u00e9s 18 \u00e9v k\u00f6z\u00f6ttiek orvosi-seb\u00e9szeti maszkot is haszn\u00e1lhatnak. A k\u00f6z\u00f6ss\u00e9gi termek \u00e9s m\u00e1s helyis\u00e9gek haszn\u00e1lat\u00e1t illet\u0151en pedig a 2G+ szab\u00e1lyoz\u00e1s van \u00e9rv\u00e9nyben! Saj\u00e1tos helyzetben vagyunk Stuttgartban. A gyermekmis\u00e9k megtart\u00e1s\u00e1t egyel\u0151re sz\u00fcneteltetj\u00fck. Itt ugyanis gondot jelent a terem szell\u0151ztet\u00e9se. Laupheimer aty\u00e1val egyeztetve \u00e9s aj\u00e1nl\u00e1s\u00e1t k\u00f6vetve hoztam meg ezen d\u00f6nt\u00e9semet. A gyermekek sz\u00fcleinek meg\u00e9rt\u00e9s\u00e9t k\u00e9rem. Ezzel az im\u00e1ds\u00e1ggal k\u00edv\u00e1nok mindannyiotoknak \u00e1ldott \u00e9s b\u00e9k\u00e9s napot: J\u00e9zusom, milyen csod\u00e1latos a Te b\u00f6lcsess\u00e9ged! M\u00e1sok hit\u00e9t l\u00e1tva megk\u00f6ny\u00f6r\u00fclsz a magatehetetlen b\u0171n\u00f6s\u00f6n is. Add, hogy felismerjem az egym\u00e1s ir\u00e1nt \u00e9rzett felel\u0151ss\u00e9g fontoss\u00e1g\u00e1t! Seg\u00edts, hogy k\u00e9pes legyek saj\u00e1t magamban is felismerni gyenges\u00e9geimet, \u00e9s k\u00e9sz legyek al\u00e1zattal m\u00e1sok seg\u00edts\u00e9g\u00e9t k\u00e9rni lelki \u00e9s ak\u00e1r testi gy\u00f3gyul\u00e1som\u00e9rt! Szeretettel, Tibor atya","og_url":"https:\/\/stuttgarti-katolikusok.de\/index.php\/ffp2-maszk-hasznalata-a-szentmisen\/","og_site_name":"Stuttgarti Katolikusok","article_published_time":"2022-01-14T13:14:44+00:00","article_modified_time":"2022-01-14T18:29:05+00:00","og_image":[{"width":640,"height":427,"url":"https:\/\/stuttgarti-katolikusok.de\/wp-content\/uploads\/2020\/09\/corona-5174671_640.jpg","type":"image\/jpeg"}],"author":"Tibor atya","twitter_card":"summary_large_image","twitter_misc":{"Szerz\u0151:":"Tibor atya","Becs\u00fclt olvas\u00e1si id\u0151":"1 perc"},"schema":{"@context":"https:\/\/schema.org","@graph":[{"@type":"Article","@id":"https:\/\/stuttgarti-katolikusok.de\/index.php\/ffp2-maszk-hasznalata-a-szentmisen\/#article","isPartOf":{"@id":"https:\/\/stuttgarti-katolikusok.de\/index.php\/ffp2-maszk-hasznalata-a-szentmisen\/"},"author":{"name":"Tibor atya","@id":"https:\/\/stuttgarti-katolikusok.de\/#\/schema\/person\/75908d6f8fdc03a57889d27209df7795"},"headline":"FFP2 maszk haszn\u00e1lata a szentmis\u00e9n!","datePublished":"2022-01-14T13:14:44+00:00","dateModified":"2022-01-14T18:29:05+00:00","mainEntityOfPage":{"@id":"https:\/\/stuttgarti-katolikusok.de\/index.php\/ffp2-maszk-hasznalata-a-szentmisen\/"},"wordCount":334,"image":{"@id":"https:\/\/stuttgarti-katolikusok.de\/index.php\/ffp2-maszk-hasznalata-a-szentmisen\/#primaryimage"},"thumbnailUrl":"https:\/\/stuttgarti-katolikusok.de\/wp-content\/uploads\/2020\/09\/corona-5174671_640.jpg","articleSection":["H\u00edrek"],"inLanguage":"hu"},{"@type":"WebPage","@id":"https:\/\/stuttgarti-katolikusok.de\/index.php\/ffp2-maszk-hasznalata-a-szentmisen\/","url":"https:\/\/stuttgarti-katolikusok.de\/index.php\/ffp2-maszk-hasznalata-a-szentmisen\/","name":"FFP2 maszk haszn\u00e1lata a szentmis\u00e9n! - Stuttgarti Katolikusok","isPartOf":{"@id":"https:\/\/stuttgarti-katolikusok.de\/#website"},"primaryImageOfPage":{"@id":"https:\/\/stuttgarti-katolikusok.de\/index.php\/ffp2-maszk-hasznalata-a-szentmisen\/#primaryimage"},"image":{"@id":"https:\/\/stuttgarti-katolikusok.de\/index.php\/ffp2-maszk-hasznalata-a-szentmisen\/#primaryimage"},"thumbnailUrl":"https:\/\/stuttgarti-katolikusok.de\/wp-content\/uploads\/2020\/09\/corona-5174671_640.jpg","datePublished":"2022-01-14T13:14:44+00:00","dateModified":"2022-01-14T18:29:05+00:00","author":{"@id":"https:\/\/stuttgarti-katolikusok.de\/#\/schema\/person\/75908d6f8fdc03a57889d27209df7795"},"breadcrumb":{"@id":"https:\/\/stuttgarti-katolikusok.de\/index.php\/ffp2-maszk-hasznalata-a-szentmisen\/#breadcrumb"},"inLanguage":"hu","potentialAction":[{"@type":"ReadAction","target":["https:\/\/stuttgarti-katolikusok.de\/index.php\/ffp2-maszk-hasznalata-a-szentmisen\/"]}]},{"@type":"ImageObject","inLanguage":"hu","@id":"https:\/\/stuttgarti-katolikusok.de\/index.php\/ffp2-maszk-hasznalata-a-szentmisen\/#primaryimage","url":"https:\/\/stuttgarti-katolikusok.de\/wp-content\/uploads\/2020\/09\/corona-5174671_640.jpg","contentUrl":"https:\/\/stuttgarti-katolikusok.de\/wp-content\/uploads\/2020\/09\/corona-5174671_640.jpg","width":640,"height":427},{"@type":"BreadcrumbList","@id":"https:\/\/stuttgarti-katolikusok.de\/index.php\/ffp2-maszk-hasznalata-a-szentmisen\/#breadcrumb","itemListElement":[{"@type":"ListItem","position":1,"name":"Kezd\u0151lap","item":"https:\/\/stuttgarti-katolikusok.de\/"},{"@type":"ListItem","position":2,"name":"FFP2 maszk haszn\u00e1lata a szentmis\u00e9n!"}]},{"@type":"WebSite","@id":"https:\/\/stuttgarti-katolikusok.de\/#website","url":"https:\/\/stuttgarti-katolikusok.de\/","name":"Stuttgarti Katolikusok","description":"","potentialAction":[{"@type":"SearchAction","target":{"@type":"EntryPoint","urlTemplate":"https:\/\/stuttgarti-katolikusok.de\/?s={search_term_string}"},"query-input":{"@type":"PropertyValueSpecification","valueRequired":true,"valueName":"search_term_string"}}],"inLanguage":"hu"},{"@type":"Person","@id":"https:\/\/stuttgarti-katolikusok.de\/#\/schema\/person\/75908d6f8fdc03a57889d27209df7795","name":"Tibor atya","image":{"@type":"ImageObject","inLanguage":"hu","@id":"https:\/\/secure.gravatar.com\/avatar\/61d268e57d1f4525b111222e29d2d5a7f8c420fdbf231ba5566a8ceac74fa960?s=96&d=mm&r=g","url":"https:\/\/secure.gravatar.com\/avatar\/61d268e57d1f4525b111222e29d2d5a7f8c420fdbf231ba5566a8ceac74fa960?s=96&d=mm&r=g","contentUrl":"https:\/\/secure.gravatar.com\/avatar\/61d268e57d1f4525b111222e29d2d5a7f8c420fdbf231ba5566a8ceac74fa960?s=96&d=mm&r=g","caption":"Tibor atya"},"url":"https:\/\/stuttgarti-katolikusok.de\/index.php\/author\/tibor-atya\/"}]}},"_links":{"self":[{"href":"https:\/\/stuttgarti-katolikusok.de\/index.php\/wp-json\/wp\/v2\/posts\/22826","targetHints":{"allow":["GET"]}}],"collection":[{"href":"https:\/\/stuttgarti-katolikusok.de\/index.php\/wp-json\/wp\/v2\/posts"}],"about":[{"href":"https:\/\/stuttgarti-katolikusok.de\/index.php\/wp-json\/wp\/v2\/types\/post"}],"author":[{"embeddable":true,"href":"https:\/\/stuttgarti-katolikusok.de\/index.php\/wp-json\/wp\/v2\/users\/3"}],"replies":[{"embeddable":true,"href":"https:\/\/stuttgarti-katolikusok.de\/index.php\/wp-json\/wp\/v2\/comments?post=22826"}],"version-history":[{"count":2,"href":"https:\/\/stuttgarti-katolikusok.de\/index.php\/wp-json\/wp\/v2\/posts\/22826\/revisions"}],"predecessor-version":[{"id":22828,"href":"https:\/\/stuttgarti-katolikusok.de\/index.php\/wp-json\/wp\/v2\/posts\/22826\/revisions\/22828"}],"wp:featuredmedia":[{"embeddable":true,"href":"https:\/\/stuttgarti-katolikusok.de\/index.php\/wp-json\/wp\/v2\/media\/20162"}],"wp:attachment":[{"href":"https:\/\/stuttgarti-katolikusok.de\/index.php\/wp-json\/wp\/v2\/media?parent=22826"}],"wp:term":[{"taxonomy":"category","embeddable":true,"href":"https:\/\/stuttgarti-katolikusok.de\/index.php\/wp-json\/wp\/v2\/categories?post=22826"},{"taxonomy":"post_tag","embeddable":true,"href":"https:\/\/stuttgarti-katolikusok.de\/index.php\/wp-json\/wp\/v2\/tags?post=22826"}],"curies":[{"name":"wp","href":"https:\/\/api.w.org\/{rel}","templated":true}]}}