{"id":22724,"date":"2021-12-21T21:42:49","date_gmt":"2021-12-21T20:42:49","guid":{"rendered":"https:\/\/stuttgarti-katolikusok.de\/?p=22724"},"modified":"2021-12-21T21:43:43","modified_gmt":"2021-12-21T20:43:43","slug":"elmarad-a-47-stuttgarti-magyar-katolikus-jotekonysagi-bal","status":"publish","type":"post","link":"https:\/\/stuttgarti-katolikusok.de\/index.php\/elmarad-a-47-stuttgarti-magyar-katolikus-jotekonysagi-bal\/","title":{"rendered":"Elmarad a 47. Stuttgarti Magyar Katolikus J\u00f3t\u00e9konys\u00e1gi B\u00e1l!"},"content":{"rendered":"<p>Tisztelt Vend\u00e9geink, Tisztelt T\u00e1mogat\u00f3k!<\/p>\n<p>Sajn\u00e1lattal \u00e9rtes\u00edtj\u00fck \u00d6n\u00f6ket, hogy a stuttgarti Szent Gell\u00e9rt Katolikus Egyh\u00e1zk\u00f6zs\u00e9g szervez\u00e9s\u00e9ben a 2022. janu\u00e1r 29-re tervezett 47. Stuttgarti Magyar Katolikus J\u00f3t\u00e9konys\u00e1gi B\u00e1l az \u00e9rv\u00e9nyben l\u00e9v\u0151 j\u00e1rv\u00e1ny\u00fcgyi rendelkez\u00e9sek miatt nem tarthat\u00f3 meg.<\/p>\n<p>A MBRB d\u00f6nt\u00e9se \u00e9rtelm\u00e9ben a b\u00e1l megtart\u00e1s\u00e1t 2022. \u00e1prilis 30-\u00e1n tervezz\u00fck a megszokott helysz\u00ednen. Ennek r\u00e9szleteir\u0151l term\u00e9szetesen a k\u00e9s\u0151bbiek folyam\u00e1n \u00e9rtes\u00edtj\u00fck \u00d6n\u00f6ket. Egyben b\u00edzunk abban, hogy a jelzett id\u0151ben a k\u00f6r\u00fclm\u00e9nyek lehet\u0151v\u00e9 teszik, hogy m\u00e9lt\u00f3 felt\u00e9telek mellett tal\u00e1lkozhassunk.<\/p>\n<p>Mindenk\u00e9ppen sz\u00e1m\u00edtunk \u00d6n\u00f6kre, s egyben k\u00f6sz\u00f6nj\u00fck meg\u00e9rt\u00e9s\u00fcket, melyet jelen helyzetben tan\u00fas\u00edtanak. C\u00e9lunk a folytonoss\u00e1g megtart\u00e1sa.<\/p>\n<p>MBRB nev\u00e9ben k\u00edv\u00e1nunk \u00e1ldott, boldog kar\u00e1csonyt \u00e9s b\u00e9k\u00e9s \u00faj esztend\u0151t!<\/p>\n<p>Tisztelettel:<\/p>\n<p>Szegi Oszk\u00e1r\u00a0 \u00a0 \u00a0\u00e9s\u00a0 \u00a0 \u00a0Merl\u00e1s Tibor<\/p>\n<p>MBRB eln\u00f6ke\u00a0 \u00a0 \u00a0 \u00a0 \u00a0 \u00a0 \u00a0 \u00a0 pl\u00e9b\u00e1nos<\/p>\n<p>Stuttgart, 2021. december 20.<\/p>\n","protected":false},"excerpt":{"rendered":"<p>Tisztelt Vend\u00e9geink, Tisztelt T\u00e1mogat\u00f3k! Sajn\u00e1lattal \u00e9rtes\u00edtj\u00fck \u00d6n\u00f6ket, hogy a stuttgarti Szent Gell\u00e9rt Katolikus Egyh\u00e1zk\u00f6zs\u00e9g szervez\u00e9s\u00e9ben a 2022. janu\u00e1r 29-re tervezett 47. Stuttgarti Magyar Katolikus J\u00f3t\u00e9konys\u00e1gi B\u00e1l az \u00e9rv\u00e9nyben l\u00e9v\u0151 j\u00e1rv\u00e1ny\u00fcgyi rendelkez\u00e9sek miatt nem tarthat\u00f3 meg. A MBRB d\u00f6nt\u00e9se \u00e9rtelm\u00e9ben a b\u00e1l megtart\u00e1s\u00e1t 2022. \u00e1prilis 30-\u00e1n tervezz\u00fck a megszokott helysz\u00ednen. Ennek r\u00e9szleteir\u0151l term\u00e9szetesen a k\u00e9s\u0151bbiek folyam\u00e1n \u00e9rtes\u00edtj\u00fck \u00d6n\u00f6ket. Egyben b\u00edzunk abban, hogy a jelzett id\u0151ben a k\u00f6r\u00fclm\u00e9nyek lehet\u0151v\u00e9 teszik, hogy m\u00e9lt\u00f3 felt\u00e9telek mellett tal\u00e1lkozhassunk. Mindenk\u00e9ppen sz\u00e1m\u00edtunk \u00d6n\u00f6kre, s egyben k\u00f6sz\u00f6nj\u00fck meg\u00e9rt\u00e9s\u00fcket, melyet jelen helyzetben tan\u00fas\u00edtanak. C\u00e9lunk a folytonoss\u00e1g megtart\u00e1sa. MBRB nev\u00e9ben k\u00edv\u00e1nunk \u00e1ldott, boldog kar\u00e1csonyt \u00e9s b\u00e9k\u00e9s \u00faj esztend\u0151t! Tisztelettel: Szegi Oszk\u00e1r\u00a0 \u00a0 \u00a0\u00e9s\u00a0 \u00a0 \u00a0Merl\u00e1s Tibor MBRB eln\u00f6ke\u00a0 \u00a0 \u00a0 \u00a0 \u00a0 \u00a0 \u00a0 \u00a0 pl\u00e9b\u00e1nos Stuttgart, 2021. december 20.<\/p>\n","protected":false},"author":3,"featured_media":16049,"comment_status":"closed","ping_status":"closed","sticky":false,"template":"","format":"standard","meta":{"footnotes":""},"categories":[5],"tags":[],"class_list":["post-22724","post","type-post","status-publish","format-standard","has-post-thumbnail","hentry","category-hirek"],"yoast_head":"<!-- This site is optimized with the Yoast SEO plugin v27.3 - https:\/\/yoast.com\/product\/yoast-seo-wordpress\/ -->\n<title>Elmarad a 47. Stuttgarti Magyar Katolikus J\u00f3t\u00e9konys\u00e1gi B\u00e1l! - Stuttgarti Katolikusok<\/title>\n<meta name=\"robots\" content=\"index, follow, max-snippet:-1, max-image-preview:large, max-video-preview:-1\" \/>\n<link rel=\"canonical\" href=\"https:\/\/stuttgarti-katolikusok.de\/index.php\/elmarad-a-47-stuttgarti-magyar-katolikus-jotekonysagi-bal\/\" \/>\n<meta property=\"og:locale\" content=\"hu_HU\" \/>\n<meta property=\"og:type\" content=\"article\" \/>\n<meta property=\"og:title\" content=\"Elmarad a 47. Stuttgarti Magyar Katolikus J\u00f3t\u00e9konys\u00e1gi B\u00e1l! - Stuttgarti Katolikusok\" \/>\n<meta property=\"og:description\" content=\"Tisztelt Vend\u00e9geink, Tisztelt T\u00e1mogat\u00f3k! Sajn\u00e1lattal \u00e9rtes\u00edtj\u00fck \u00d6n\u00f6ket, hogy a stuttgarti Szent Gell\u00e9rt Katolikus Egyh\u00e1zk\u00f6zs\u00e9g szervez\u00e9s\u00e9ben a 2022. janu\u00e1r 29-re tervezett 47. Stuttgarti Magyar Katolikus J\u00f3t\u00e9konys\u00e1gi B\u00e1l az \u00e9rv\u00e9nyben l\u00e9v\u0151 j\u00e1rv\u00e1ny\u00fcgyi rendelkez\u00e9sek miatt nem tarthat\u00f3 meg. A MBRB d\u00f6nt\u00e9se \u00e9rtelm\u00e9ben a b\u00e1l megtart\u00e1s\u00e1t 2022. \u00e1prilis 30-\u00e1n tervezz\u00fck a megszokott helysz\u00ednen. Ennek r\u00e9szleteir\u0151l term\u00e9szetesen a k\u00e9s\u0151bbiek folyam\u00e1n \u00e9rtes\u00edtj\u00fck \u00d6n\u00f6ket. Egyben b\u00edzunk abban, hogy a jelzett id\u0151ben a k\u00f6r\u00fclm\u00e9nyek lehet\u0151v\u00e9 teszik, hogy m\u00e9lt\u00f3 felt\u00e9telek mellett tal\u00e1lkozhassunk. Mindenk\u00e9ppen sz\u00e1m\u00edtunk \u00d6n\u00f6kre, s egyben k\u00f6sz\u00f6nj\u00fck meg\u00e9rt\u00e9s\u00fcket, melyet jelen helyzetben tan\u00fas\u00edtanak. C\u00e9lunk a folytonoss\u00e1g megtart\u00e1sa. MBRB nev\u00e9ben k\u00edv\u00e1nunk \u00e1ldott, boldog kar\u00e1csonyt \u00e9s b\u00e9k\u00e9s \u00faj esztend\u0151t! Tisztelettel: Szegi Oszk\u00e1r\u00a0 \u00a0 \u00a0\u00e9s\u00a0 \u00a0 \u00a0Merl\u00e1s Tibor MBRB eln\u00f6ke\u00a0 \u00a0 \u00a0 \u00a0 \u00a0 \u00a0 \u00a0 \u00a0 pl\u00e9b\u00e1nos Stuttgart, 2021. december 20.\" \/>\n<meta property=\"og:url\" content=\"https:\/\/stuttgarti-katolikusok.de\/index.php\/elmarad-a-47-stuttgarti-magyar-katolikus-jotekonysagi-bal\/\" \/>\n<meta property=\"og:site_name\" content=\"Stuttgarti Katolikusok\" \/>\n<meta property=\"article:published_time\" content=\"2021-12-21T20:42:49+00:00\" \/>\n<meta property=\"article:modified_time\" content=\"2021-12-21T20:43:43+00:00\" \/>\n<meta property=\"og:image\" content=\"https:\/\/stuttgarti-katolikusok.de\/wp-content\/uploads\/2019\/01\/44-magyar-bal-50.jpg\" \/>\n\t<meta property=\"og:image:width\" content=\"800\" \/>\n\t<meta property=\"og:image:height\" content=\"533\" \/>\n\t<meta property=\"og:image:type\" content=\"image\/jpeg\" \/>\n<meta name=\"author\" content=\"Tibor atya\" \/>\n<meta name=\"twitter:card\" content=\"summary_large_image\" \/>\n<meta name=\"twitter:label1\" content=\"Szerz\u0151:\" \/>\n\t<meta name=\"twitter:data1\" content=\"Tibor atya\" \/>\n\t<meta name=\"twitter:label2\" content=\"Becs\u00fclt olvas\u00e1si id\u0151\" \/>\n\t<meta name=\"twitter:data2\" content=\"1 perc\" \/>\n<script type=\"application\/ld+json\" class=\"yoast-schema-graph\">{\"@context\":\"https:\\\/\\\/schema.org\",\"@graph\":[{\"@type\":\"Article\",\"@id\":\"https:\\\/\\\/stuttgarti-katolikusok.de\\\/index.php\\\/elmarad-a-47-stuttgarti-magyar-katolikus-jotekonysagi-bal\\\/#article\",\"isPartOf\":{\"@id\":\"https:\\\/\\\/stuttgarti-katolikusok.de\\\/index.php\\\/elmarad-a-47-stuttgarti-magyar-katolikus-jotekonysagi-bal\\\/\"},\"author\":{\"name\":\"Tibor atya\",\"@id\":\"https:\\\/\\\/stuttgarti-katolikusok.de\\\/#\\\/schema\\\/person\\\/75908d6f8fdc03a57889d27209df7795\"},\"headline\":\"Elmarad a 47. Stuttgarti Magyar Katolikus J\u00f3t\u00e9konys\u00e1gi B\u00e1l!\",\"datePublished\":\"2021-12-21T20:42:49+00:00\",\"dateModified\":\"2021-12-21T20:43:43+00:00\",\"mainEntityOfPage\":{\"@id\":\"https:\\\/\\\/stuttgarti-katolikusok.de\\\/index.php\\\/elmarad-a-47-stuttgarti-magyar-katolikus-jotekonysagi-bal\\\/\"},\"wordCount\":195,\"image\":{\"@id\":\"https:\\\/\\\/stuttgarti-katolikusok.de\\\/index.php\\\/elmarad-a-47-stuttgarti-magyar-katolikus-jotekonysagi-bal\\\/#primaryimage\"},\"thumbnailUrl\":\"https:\\\/\\\/stuttgarti-katolikusok.de\\\/wp-content\\\/uploads\\\/2019\\\/01\\\/44-magyar-bal-50.jpg\",\"articleSection\":[\"H\u00edrek\"],\"inLanguage\":\"hu\"},{\"@type\":\"WebPage\",\"@id\":\"https:\\\/\\\/stuttgarti-katolikusok.de\\\/index.php\\\/elmarad-a-47-stuttgarti-magyar-katolikus-jotekonysagi-bal\\\/\",\"url\":\"https:\\\/\\\/stuttgarti-katolikusok.de\\\/index.php\\\/elmarad-a-47-stuttgarti-magyar-katolikus-jotekonysagi-bal\\\/\",\"name\":\"Elmarad a 47. Stuttgarti Magyar Katolikus J\u00f3t\u00e9konys\u00e1gi B\u00e1l! - Stuttgarti Katolikusok\",\"isPartOf\":{\"@id\":\"https:\\\/\\\/stuttgarti-katolikusok.de\\\/#website\"},\"primaryImageOfPage\":{\"@id\":\"https:\\\/\\\/stuttgarti-katolikusok.de\\\/index.php\\\/elmarad-a-47-stuttgarti-magyar-katolikus-jotekonysagi-bal\\\/#primaryimage\"},\"image\":{\"@id\":\"https:\\\/\\\/stuttgarti-katolikusok.de\\\/index.php\\\/elmarad-a-47-stuttgarti-magyar-katolikus-jotekonysagi-bal\\\/#primaryimage\"},\"thumbnailUrl\":\"https:\\\/\\\/stuttgarti-katolikusok.de\\\/wp-content\\\/uploads\\\/2019\\\/01\\\/44-magyar-bal-50.jpg\",\"datePublished\":\"2021-12-21T20:42:49+00:00\",\"dateModified\":\"2021-12-21T20:43:43+00:00\",\"author\":{\"@id\":\"https:\\\/\\\/stuttgarti-katolikusok.de\\\/#\\\/schema\\\/person\\\/75908d6f8fdc03a57889d27209df7795\"},\"breadcrumb\":{\"@id\":\"https:\\\/\\\/stuttgarti-katolikusok.de\\\/index.php\\\/elmarad-a-47-stuttgarti-magyar-katolikus-jotekonysagi-bal\\\/#breadcrumb\"},\"inLanguage\":\"hu\",\"potentialAction\":[{\"@type\":\"ReadAction\",\"target\":[\"https:\\\/\\\/stuttgarti-katolikusok.de\\\/index.php\\\/elmarad-a-47-stuttgarti-magyar-katolikus-jotekonysagi-bal\\\/\"]}]},{\"@type\":\"ImageObject\",\"inLanguage\":\"hu\",\"@id\":\"https:\\\/\\\/stuttgarti-katolikusok.de\\\/index.php\\\/elmarad-a-47-stuttgarti-magyar-katolikus-jotekonysagi-bal\\\/#primaryimage\",\"url\":\"https:\\\/\\\/stuttgarti-katolikusok.de\\\/wp-content\\\/uploads\\\/2019\\\/01\\\/44-magyar-bal-50.jpg\",\"contentUrl\":\"https:\\\/\\\/stuttgarti-katolikusok.de\\\/wp-content\\\/uploads\\\/2019\\\/01\\\/44-magyar-bal-50.jpg\",\"width\":800,\"height\":533},{\"@type\":\"BreadcrumbList\",\"@id\":\"https:\\\/\\\/stuttgarti-katolikusok.de\\\/index.php\\\/elmarad-a-47-stuttgarti-magyar-katolikus-jotekonysagi-bal\\\/#breadcrumb\",\"itemListElement\":[{\"@type\":\"ListItem\",\"position\":1,\"name\":\"Kezd\u0151lap\",\"item\":\"https:\\\/\\\/stuttgarti-katolikusok.de\\\/\"},{\"@type\":\"ListItem\",\"position\":2,\"name\":\"Elmarad a 47. Stuttgarti Magyar Katolikus J\u00f3t\u00e9konys\u00e1gi B\u00e1l!\"}]},{\"@type\":\"WebSite\",\"@id\":\"https:\\\/\\\/stuttgarti-katolikusok.de\\\/#website\",\"url\":\"https:\\\/\\\/stuttgarti-katolikusok.de\\\/\",\"name\":\"Stuttgarti Katolikusok\",\"description\":\"\",\"potentialAction\":[{\"@type\":\"SearchAction\",\"target\":{\"@type\":\"EntryPoint\",\"urlTemplate\":\"https:\\\/\\\/stuttgarti-katolikusok.de\\\/?s={search_term_string}\"},\"query-input\":{\"@type\":\"PropertyValueSpecification\",\"valueRequired\":true,\"valueName\":\"search_term_string\"}}],\"inLanguage\":\"hu\"},{\"@type\":\"Person\",\"@id\":\"https:\\\/\\\/stuttgarti-katolikusok.de\\\/#\\\/schema\\\/person\\\/75908d6f8fdc03a57889d27209df7795\",\"name\":\"Tibor atya\",\"image\":{\"@type\":\"ImageObject\",\"inLanguage\":\"hu\",\"@id\":\"https:\\\/\\\/secure.gravatar.com\\\/avatar\\\/61d268e57d1f4525b111222e29d2d5a7f8c420fdbf231ba5566a8ceac74fa960?s=96&d=mm&r=g\",\"url\":\"https:\\\/\\\/secure.gravatar.com\\\/avatar\\\/61d268e57d1f4525b111222e29d2d5a7f8c420fdbf231ba5566a8ceac74fa960?s=96&d=mm&r=g\",\"contentUrl\":\"https:\\\/\\\/secure.gravatar.com\\\/avatar\\\/61d268e57d1f4525b111222e29d2d5a7f8c420fdbf231ba5566a8ceac74fa960?s=96&d=mm&r=g\",\"caption\":\"Tibor atya\"},\"url\":\"https:\\\/\\\/stuttgarti-katolikusok.de\\\/index.php\\\/author\\\/tibor-atya\\\/\"}]}<\/script>\n<!-- \/ Yoast SEO plugin. -->","yoast_head_json":{"title":"Elmarad a 47. Stuttgarti Magyar Katolikus J\u00f3t\u00e9konys\u00e1gi B\u00e1l! - Stuttgarti Katolikusok","robots":{"index":"index","follow":"follow","max-snippet":"max-snippet:-1","max-image-preview":"max-image-preview:large","max-video-preview":"max-video-preview:-1"},"canonical":"https:\/\/stuttgarti-katolikusok.de\/index.php\/elmarad-a-47-stuttgarti-magyar-katolikus-jotekonysagi-bal\/","og_locale":"hu_HU","og_type":"article","og_title":"Elmarad a 47. Stuttgarti Magyar Katolikus J\u00f3t\u00e9konys\u00e1gi B\u00e1l! - Stuttgarti Katolikusok","og_description":"Tisztelt Vend\u00e9geink, Tisztelt T\u00e1mogat\u00f3k! Sajn\u00e1lattal \u00e9rtes\u00edtj\u00fck \u00d6n\u00f6ket, hogy a stuttgarti Szent Gell\u00e9rt Katolikus Egyh\u00e1zk\u00f6zs\u00e9g szervez\u00e9s\u00e9ben a 2022. janu\u00e1r 29-re tervezett 47. Stuttgarti Magyar Katolikus J\u00f3t\u00e9konys\u00e1gi B\u00e1l az \u00e9rv\u00e9nyben l\u00e9v\u0151 j\u00e1rv\u00e1ny\u00fcgyi rendelkez\u00e9sek miatt nem tarthat\u00f3 meg. A MBRB d\u00f6nt\u00e9se \u00e9rtelm\u00e9ben a b\u00e1l megtart\u00e1s\u00e1t 2022. \u00e1prilis 30-\u00e1n tervezz\u00fck a megszokott helysz\u00ednen. Ennek r\u00e9szleteir\u0151l term\u00e9szetesen a k\u00e9s\u0151bbiek folyam\u00e1n \u00e9rtes\u00edtj\u00fck \u00d6n\u00f6ket. Egyben b\u00edzunk abban, hogy a jelzett id\u0151ben a k\u00f6r\u00fclm\u00e9nyek lehet\u0151v\u00e9 teszik, hogy m\u00e9lt\u00f3 felt\u00e9telek mellett tal\u00e1lkozhassunk. Mindenk\u00e9ppen sz\u00e1m\u00edtunk \u00d6n\u00f6kre, s egyben k\u00f6sz\u00f6nj\u00fck meg\u00e9rt\u00e9s\u00fcket, melyet jelen helyzetben tan\u00fas\u00edtanak. C\u00e9lunk a folytonoss\u00e1g megtart\u00e1sa. MBRB nev\u00e9ben k\u00edv\u00e1nunk \u00e1ldott, boldog kar\u00e1csonyt \u00e9s b\u00e9k\u00e9s \u00faj esztend\u0151t! Tisztelettel: Szegi Oszk\u00e1r\u00a0 \u00a0 \u00a0\u00e9s\u00a0 \u00a0 \u00a0Merl\u00e1s Tibor MBRB eln\u00f6ke\u00a0 \u00a0 \u00a0 \u00a0 \u00a0 \u00a0 \u00a0 \u00a0 pl\u00e9b\u00e1nos Stuttgart, 2021. december 20.","og_url":"https:\/\/stuttgarti-katolikusok.de\/index.php\/elmarad-a-47-stuttgarti-magyar-katolikus-jotekonysagi-bal\/","og_site_name":"Stuttgarti Katolikusok","article_published_time":"2021-12-21T20:42:49+00:00","article_modified_time":"2021-12-21T20:43:43+00:00","og_image":[{"width":800,"height":533,"url":"https:\/\/stuttgarti-katolikusok.de\/wp-content\/uploads\/2019\/01\/44-magyar-bal-50.jpg","type":"image\/jpeg"}],"author":"Tibor atya","twitter_card":"summary_large_image","twitter_misc":{"Szerz\u0151:":"Tibor atya","Becs\u00fclt olvas\u00e1si id\u0151":"1 perc"},"schema":{"@context":"https:\/\/schema.org","@graph":[{"@type":"Article","@id":"https:\/\/stuttgarti-katolikusok.de\/index.php\/elmarad-a-47-stuttgarti-magyar-katolikus-jotekonysagi-bal\/#article","isPartOf":{"@id":"https:\/\/stuttgarti-katolikusok.de\/index.php\/elmarad-a-47-stuttgarti-magyar-katolikus-jotekonysagi-bal\/"},"author":{"name":"Tibor atya","@id":"https:\/\/stuttgarti-katolikusok.de\/#\/schema\/person\/75908d6f8fdc03a57889d27209df7795"},"headline":"Elmarad a 47. Stuttgarti Magyar Katolikus J\u00f3t\u00e9konys\u00e1gi B\u00e1l!","datePublished":"2021-12-21T20:42:49+00:00","dateModified":"2021-12-21T20:43:43+00:00","mainEntityOfPage":{"@id":"https:\/\/stuttgarti-katolikusok.de\/index.php\/elmarad-a-47-stuttgarti-magyar-katolikus-jotekonysagi-bal\/"},"wordCount":195,"image":{"@id":"https:\/\/stuttgarti-katolikusok.de\/index.php\/elmarad-a-47-stuttgarti-magyar-katolikus-jotekonysagi-bal\/#primaryimage"},"thumbnailUrl":"https:\/\/stuttgarti-katolikusok.de\/wp-content\/uploads\/2019\/01\/44-magyar-bal-50.jpg","articleSection":["H\u00edrek"],"inLanguage":"hu"},{"@type":"WebPage","@id":"https:\/\/stuttgarti-katolikusok.de\/index.php\/elmarad-a-47-stuttgarti-magyar-katolikus-jotekonysagi-bal\/","url":"https:\/\/stuttgarti-katolikusok.de\/index.php\/elmarad-a-47-stuttgarti-magyar-katolikus-jotekonysagi-bal\/","name":"Elmarad a 47. Stuttgarti Magyar Katolikus J\u00f3t\u00e9konys\u00e1gi B\u00e1l! - Stuttgarti Katolikusok","isPartOf":{"@id":"https:\/\/stuttgarti-katolikusok.de\/#website"},"primaryImageOfPage":{"@id":"https:\/\/stuttgarti-katolikusok.de\/index.php\/elmarad-a-47-stuttgarti-magyar-katolikus-jotekonysagi-bal\/#primaryimage"},"image":{"@id":"https:\/\/stuttgarti-katolikusok.de\/index.php\/elmarad-a-47-stuttgarti-magyar-katolikus-jotekonysagi-bal\/#primaryimage"},"thumbnailUrl":"https:\/\/stuttgarti-katolikusok.de\/wp-content\/uploads\/2019\/01\/44-magyar-bal-50.jpg","datePublished":"2021-12-21T20:42:49+00:00","dateModified":"2021-12-21T20:43:43+00:00","author":{"@id":"https:\/\/stuttgarti-katolikusok.de\/#\/schema\/person\/75908d6f8fdc03a57889d27209df7795"},"breadcrumb":{"@id":"https:\/\/stuttgarti-katolikusok.de\/index.php\/elmarad-a-47-stuttgarti-magyar-katolikus-jotekonysagi-bal\/#breadcrumb"},"inLanguage":"hu","potentialAction":[{"@type":"ReadAction","target":["https:\/\/stuttgarti-katolikusok.de\/index.php\/elmarad-a-47-stuttgarti-magyar-katolikus-jotekonysagi-bal\/"]}]},{"@type":"ImageObject","inLanguage":"hu","@id":"https:\/\/stuttgarti-katolikusok.de\/index.php\/elmarad-a-47-stuttgarti-magyar-katolikus-jotekonysagi-bal\/#primaryimage","url":"https:\/\/stuttgarti-katolikusok.de\/wp-content\/uploads\/2019\/01\/44-magyar-bal-50.jpg","contentUrl":"https:\/\/stuttgarti-katolikusok.de\/wp-content\/uploads\/2019\/01\/44-magyar-bal-50.jpg","width":800,"height":533},{"@type":"BreadcrumbList","@id":"https:\/\/stuttgarti-katolikusok.de\/index.php\/elmarad-a-47-stuttgarti-magyar-katolikus-jotekonysagi-bal\/#breadcrumb","itemListElement":[{"@type":"ListItem","position":1,"name":"Kezd\u0151lap","item":"https:\/\/stuttgarti-katolikusok.de\/"},{"@type":"ListItem","position":2,"name":"Elmarad a 47. Stuttgarti Magyar Katolikus J\u00f3t\u00e9konys\u00e1gi B\u00e1l!"}]},{"@type":"WebSite","@id":"https:\/\/stuttgarti-katolikusok.de\/#website","url":"https:\/\/stuttgarti-katolikusok.de\/","name":"Stuttgarti Katolikusok","description":"","potentialAction":[{"@type":"SearchAction","target":{"@type":"EntryPoint","urlTemplate":"https:\/\/stuttgarti-katolikusok.de\/?s={search_term_string}"},"query-input":{"@type":"PropertyValueSpecification","valueRequired":true,"valueName":"search_term_string"}}],"inLanguage":"hu"},{"@type":"Person","@id":"https:\/\/stuttgarti-katolikusok.de\/#\/schema\/person\/75908d6f8fdc03a57889d27209df7795","name":"Tibor atya","image":{"@type":"ImageObject","inLanguage":"hu","@id":"https:\/\/secure.gravatar.com\/avatar\/61d268e57d1f4525b111222e29d2d5a7f8c420fdbf231ba5566a8ceac74fa960?s=96&d=mm&r=g","url":"https:\/\/secure.gravatar.com\/avatar\/61d268e57d1f4525b111222e29d2d5a7f8c420fdbf231ba5566a8ceac74fa960?s=96&d=mm&r=g","contentUrl":"https:\/\/secure.gravatar.com\/avatar\/61d268e57d1f4525b111222e29d2d5a7f8c420fdbf231ba5566a8ceac74fa960?s=96&d=mm&r=g","caption":"Tibor atya"},"url":"https:\/\/stuttgarti-katolikusok.de\/index.php\/author\/tibor-atya\/"}]}},"_links":{"self":[{"href":"https:\/\/stuttgarti-katolikusok.de\/index.php\/wp-json\/wp\/v2\/posts\/22724","targetHints":{"allow":["GET"]}}],"collection":[{"href":"https:\/\/stuttgarti-katolikusok.de\/index.php\/wp-json\/wp\/v2\/posts"}],"about":[{"href":"https:\/\/stuttgarti-katolikusok.de\/index.php\/wp-json\/wp\/v2\/types\/post"}],"author":[{"embeddable":true,"href":"https:\/\/stuttgarti-katolikusok.de\/index.php\/wp-json\/wp\/v2\/users\/3"}],"replies":[{"embeddable":true,"href":"https:\/\/stuttgarti-katolikusok.de\/index.php\/wp-json\/wp\/v2\/comments?post=22724"}],"version-history":[{"count":2,"href":"https:\/\/stuttgarti-katolikusok.de\/index.php\/wp-json\/wp\/v2\/posts\/22724\/revisions"}],"predecessor-version":[{"id":22726,"href":"https:\/\/stuttgarti-katolikusok.de\/index.php\/wp-json\/wp\/v2\/posts\/22724\/revisions\/22726"}],"wp:featuredmedia":[{"embeddable":true,"href":"https:\/\/stuttgarti-katolikusok.de\/index.php\/wp-json\/wp\/v2\/media\/16049"}],"wp:attachment":[{"href":"https:\/\/stuttgarti-katolikusok.de\/index.php\/wp-json\/wp\/v2\/media?parent=22724"}],"wp:term":[{"taxonomy":"category","embeddable":true,"href":"https:\/\/stuttgarti-katolikusok.de\/index.php\/wp-json\/wp\/v2\/categories?post=22724"},{"taxonomy":"post_tag","embeddable":true,"href":"https:\/\/stuttgarti-katolikusok.de\/index.php\/wp-json\/wp\/v2\/tags?post=22724"}],"curies":[{"name":"wp","href":"https:\/\/api.w.org\/{rel}","templated":true}]}}