{"id":22683,"date":"2021-12-19T23:49:19","date_gmt":"2021-12-19T22:49:19","guid":{"rendered":"https:\/\/stuttgarti-katolikusok.de\/?p=22683"},"modified":"2021-12-19T23:51:12","modified_gmt":"2021-12-19T22:51:12","slug":"cserkesz-advent-stuttgartban-2","status":"publish","type":"post","link":"https:\/\/stuttgarti-katolikusok.de\/index.php\/cserkesz-advent-stuttgartban-2\/","title":{"rendered":"Cserk\u00e9sz-advent Stuttgartban"},"content":{"rendered":"<p>Kor\u00e1bbi \u00e9vek hagyom\u00e1ny\u00e1t folytatva a mai adventi vas\u00e1rnapon a cserk\u00e9szek aj\u00e1nd\u00e9koztak meg minket \u00f6teletes \u00fczenet\u00fckkel. K\u00f6sz\u00f6net \u00e9rte.<\/p>\n<p><em>Tibor atya<\/em><\/p>\n<div class=\"brlbs-cmpnt-container brlbs-cmpnt-content-blocker brlbs-cmpnt-with-individual-styles\" data-borlabs-cookie-content-blocker-id=\"youtube-content-blocker\" data-borlabs-cookie-content=\"PGlmcmFtZSB0aXRsZT0iQ3NlcmvDqXN6IGFkdmVudCDDqXMga2Fyw6Fjc29ueSAtIFN0dXR0Z2FydCAtIDIwMjEuIGRlY2VtYmVyIDE5LiIgd2lkdGg9Ijk0MCIgaGVpZ2h0PSI1MjkiIHNyYz0iaHR0cHM6Ly93d3cueW91dHViZS1ub2Nvb2tpZS5jb20vZW1iZWQvYXdzUHNOVWR4WjQ\/ZmVhdHVyZT1vZW1iZWQiIGZyYW1lYm9yZGVyPSIwIiBhbGxvdz0iYWNjZWxlcm9tZXRlcjsgYXV0b3BsYXk7IGNsaXBib2FyZC13cml0ZTsgZW5jcnlwdGVkLW1lZGlhOyBneXJvc2NvcGU7IHBpY3R1cmUtaW4tcGljdHVyZSIgYWxsb3dmdWxsc2NyZWVuPjwvaWZyYW1lPg==\">\n<div class=\"brlbs-cmpnt-cb-preset-c brlbs-cmpnt-cb-youtube\">\n<div class=\"brlbs-cmpnt-cb-thumbnail\" style=\"background-image: url('https:\/\/stuttgarti-katolikusok.de\/wp-content\/uploads\/borlabs-cookie\/1\/yt_awsPsNUdxZ4_hqdefault.jpg')\"><\/div>\n<div class=\"brlbs-cmpnt-cb-main\">\n<div class=\"brlbs-cmpnt-cb-play-button\"><\/div>\n<div class=\"brlbs-cmpnt-cb-content\">\n<p class=\"brlbs-cmpnt-cb-description\">You are currently viewing a placeholder content from <strong>YouTube<\/strong>. To access the actual content, click the button below. Please note that doing so will share data with third-party providers.<\/p>\n<p> <a class=\"brlbs-cmpnt-cb-provider-toggle\" href=\"#\" data-borlabs-cookie-show-provider-information role=\"button\">More Information<\/a> <\/div>\n<div class=\"brlbs-cmpnt-cb-buttons\"> <a class=\"brlbs-cmpnt-cb-btn\" href=\"#\" data-borlabs-cookie-unblock role=\"button\">Unblock content<\/a> <a class=\"brlbs-cmpnt-cb-btn\" href=\"#\" data-borlabs-cookie-accept-service role=\"button\" style=\"display: inherit\">Accept required service and unblock content<\/a> <\/div><\/div><\/div>\n<\/div>\n","protected":false},"excerpt":{"rendered":"<p>Kor\u00e1bbi \u00e9vek hagyom\u00e1ny\u00e1t folytatva a mai adventi vas\u00e1rnapon a cserk\u00e9szek aj\u00e1nd\u00e9koztak meg minket \u00f6teletes \u00fczenet\u00fckkel. K\u00f6sz\u00f6net \u00e9rte. Tibor atya You are currently viewing a placeholder content from YouTube. To access the actual content, click the button below. Please note that doing so will share data with third-party providers. More Information Unblock content Accept required service and unblock content<\/p>\n","protected":false},"author":3,"featured_media":22684,"comment_status":"closed","ping_status":"closed","sticky":false,"template":"","format":"standard","meta":{"footnotes":""},"categories":[1],"tags":[],"class_list":["post-22683","post","type-post","status-publish","format-standard","has-post-thumbnail","hentry","category-valogatott"],"yoast_head":"<!-- This site is optimized with the Yoast SEO plugin v27.3 - https:\/\/yoast.com\/product\/yoast-seo-wordpress\/ -->\n<title>Cserk\u00e9sz-advent Stuttgartban - Stuttgarti Katolikusok<\/title>\n<meta name=\"robots\" content=\"index, follow, max-snippet:-1, max-image-preview:large, max-video-preview:-1\" \/>\n<link rel=\"canonical\" href=\"https:\/\/stuttgarti-katolikusok.de\/index.php\/cserkesz-advent-stuttgartban-2\/\" \/>\n<meta property=\"og:locale\" content=\"hu_HU\" \/>\n<meta property=\"og:type\" content=\"article\" \/>\n<meta property=\"og:title\" content=\"Cserk\u00e9sz-advent Stuttgartban - Stuttgarti Katolikusok\" \/>\n<meta property=\"og:description\" content=\"Kor\u00e1bbi \u00e9vek hagyom\u00e1ny\u00e1t folytatva a mai adventi vas\u00e1rnapon a cserk\u00e9szek aj\u00e1nd\u00e9koztak meg minket \u00f6teletes \u00fczenet\u00fckkel. K\u00f6sz\u00f6net \u00e9rte. Tibor atya You are currently viewing a placeholder content from YouTube. To access the actual content, click the button below. Please note that doing so will share data with third-party providers. More Information Unblock content Accept required service and unblock content\" \/>\n<meta property=\"og:url\" content=\"https:\/\/stuttgarti-katolikusok.de\/index.php\/cserkesz-advent-stuttgartban-2\/\" \/>\n<meta property=\"og:site_name\" content=\"Stuttgarti Katolikusok\" \/>\n<meta property=\"article:published_time\" content=\"2021-12-19T22:49:19+00:00\" \/>\n<meta property=\"article:modified_time\" content=\"2021-12-19T22:51:12+00:00\" \/>\n<meta property=\"og:image\" content=\"https:\/\/stuttgarti-katolikusok.de\/wp-content\/uploads\/2021\/12\/stgt-cserkesz.jpeg\" \/>\n\t<meta property=\"og:image:width\" content=\"2000\" \/>\n\t<meta property=\"og:image:height\" content=\"1500\" \/>\n\t<meta property=\"og:image:type\" content=\"image\/jpeg\" \/>\n<meta name=\"author\" content=\"Tibor atya\" \/>\n<meta name=\"twitter:card\" content=\"summary_large_image\" \/>\n<meta name=\"twitter:label1\" content=\"Szerz\u0151:\" \/>\n\t<meta name=\"twitter:data1\" content=\"Tibor atya\" \/>\n<script type=\"application\/ld+json\" class=\"yoast-schema-graph\">{\"@context\":\"https:\\\/\\\/schema.org\",\"@graph\":[{\"@type\":\"Article\",\"@id\":\"https:\\\/\\\/stuttgarti-katolikusok.de\\\/index.php\\\/cserkesz-advent-stuttgartban-2\\\/#article\",\"isPartOf\":{\"@id\":\"https:\\\/\\\/stuttgarti-katolikusok.de\\\/index.php\\\/cserkesz-advent-stuttgartban-2\\\/\"},\"author\":{\"name\":\"Tibor atya\",\"@id\":\"https:\\\/\\\/stuttgarti-katolikusok.de\\\/#\\\/schema\\\/person\\\/75908d6f8fdc03a57889d27209df7795\"},\"headline\":\"Cserk\u00e9sz-advent Stuttgartban\",\"datePublished\":\"2021-12-19T22:49:19+00:00\",\"dateModified\":\"2021-12-19T22:51:12+00:00\",\"mainEntityOfPage\":{\"@id\":\"https:\\\/\\\/stuttgarti-katolikusok.de\\\/index.php\\\/cserkesz-advent-stuttgartban-2\\\/\"},\"wordCount\":36,\"image\":{\"@id\":\"https:\\\/\\\/stuttgarti-katolikusok.de\\\/index.php\\\/cserkesz-advent-stuttgartban-2\\\/#primaryimage\"},\"thumbnailUrl\":\"https:\\\/\\\/stuttgarti-katolikusok.de\\\/wp-content\\\/uploads\\\/2021\\\/12\\\/stgt-cserkesz.jpeg\",\"articleSection\":[\"V\u00e1logatott \u00edr\u00e1sok\"],\"inLanguage\":\"hu\"},{\"@type\":\"WebPage\",\"@id\":\"https:\\\/\\\/stuttgarti-katolikusok.de\\\/index.php\\\/cserkesz-advent-stuttgartban-2\\\/\",\"url\":\"https:\\\/\\\/stuttgarti-katolikusok.de\\\/index.php\\\/cserkesz-advent-stuttgartban-2\\\/\",\"name\":\"Cserk\u00e9sz-advent Stuttgartban - Stuttgarti Katolikusok\",\"isPartOf\":{\"@id\":\"https:\\\/\\\/stuttgarti-katolikusok.de\\\/#website\"},\"primaryImageOfPage\":{\"@id\":\"https:\\\/\\\/stuttgarti-katolikusok.de\\\/index.php\\\/cserkesz-advent-stuttgartban-2\\\/#primaryimage\"},\"image\":{\"@id\":\"https:\\\/\\\/stuttgarti-katolikusok.de\\\/index.php\\\/cserkesz-advent-stuttgartban-2\\\/#primaryimage\"},\"thumbnailUrl\":\"https:\\\/\\\/stuttgarti-katolikusok.de\\\/wp-content\\\/uploads\\\/2021\\\/12\\\/stgt-cserkesz.jpeg\",\"datePublished\":\"2021-12-19T22:49:19+00:00\",\"dateModified\":\"2021-12-19T22:51:12+00:00\",\"author\":{\"@id\":\"https:\\\/\\\/stuttgarti-katolikusok.de\\\/#\\\/schema\\\/person\\\/75908d6f8fdc03a57889d27209df7795\"},\"breadcrumb\":{\"@id\":\"https:\\\/\\\/stuttgarti-katolikusok.de\\\/index.php\\\/cserkesz-advent-stuttgartban-2\\\/#breadcrumb\"},\"inLanguage\":\"hu\",\"potentialAction\":[{\"@type\":\"ReadAction\",\"target\":[\"https:\\\/\\\/stuttgarti-katolikusok.de\\\/index.php\\\/cserkesz-advent-stuttgartban-2\\\/\"]}]},{\"@type\":\"ImageObject\",\"inLanguage\":\"hu\",\"@id\":\"https:\\\/\\\/stuttgarti-katolikusok.de\\\/index.php\\\/cserkesz-advent-stuttgartban-2\\\/#primaryimage\",\"url\":\"https:\\\/\\\/stuttgarti-katolikusok.de\\\/wp-content\\\/uploads\\\/2021\\\/12\\\/stgt-cserkesz.jpeg\",\"contentUrl\":\"https:\\\/\\\/stuttgarti-katolikusok.de\\\/wp-content\\\/uploads\\\/2021\\\/12\\\/stgt-cserkesz.jpeg\",\"width\":2000,\"height\":1500},{\"@type\":\"BreadcrumbList\",\"@id\":\"https:\\\/\\\/stuttgarti-katolikusok.de\\\/index.php\\\/cserkesz-advent-stuttgartban-2\\\/#breadcrumb\",\"itemListElement\":[{\"@type\":\"ListItem\",\"position\":1,\"name\":\"Kezd\u0151lap\",\"item\":\"https:\\\/\\\/stuttgarti-katolikusok.de\\\/\"},{\"@type\":\"ListItem\",\"position\":2,\"name\":\"Cserk\u00e9sz-advent Stuttgartban\"}]},{\"@type\":\"WebSite\",\"@id\":\"https:\\\/\\\/stuttgarti-katolikusok.de\\\/#website\",\"url\":\"https:\\\/\\\/stuttgarti-katolikusok.de\\\/\",\"name\":\"Stuttgarti Katolikusok\",\"description\":\"\",\"potentialAction\":[{\"@type\":\"SearchAction\",\"target\":{\"@type\":\"EntryPoint\",\"urlTemplate\":\"https:\\\/\\\/stuttgarti-katolikusok.de\\\/?s={search_term_string}\"},\"query-input\":{\"@type\":\"PropertyValueSpecification\",\"valueRequired\":true,\"valueName\":\"search_term_string\"}}],\"inLanguage\":\"hu\"},{\"@type\":\"Person\",\"@id\":\"https:\\\/\\\/stuttgarti-katolikusok.de\\\/#\\\/schema\\\/person\\\/75908d6f8fdc03a57889d27209df7795\",\"name\":\"Tibor atya\",\"image\":{\"@type\":\"ImageObject\",\"inLanguage\":\"hu\",\"@id\":\"https:\\\/\\\/secure.gravatar.com\\\/avatar\\\/61d268e57d1f4525b111222e29d2d5a7f8c420fdbf231ba5566a8ceac74fa960?s=96&d=mm&r=g\",\"url\":\"https:\\\/\\\/secure.gravatar.com\\\/avatar\\\/61d268e57d1f4525b111222e29d2d5a7f8c420fdbf231ba5566a8ceac74fa960?s=96&d=mm&r=g\",\"contentUrl\":\"https:\\\/\\\/secure.gravatar.com\\\/avatar\\\/61d268e57d1f4525b111222e29d2d5a7f8c420fdbf231ba5566a8ceac74fa960?s=96&d=mm&r=g\",\"caption\":\"Tibor atya\"},\"url\":\"https:\\\/\\\/stuttgarti-katolikusok.de\\\/index.php\\\/author\\\/tibor-atya\\\/\"}]}<\/script>\n<!-- \/ Yoast SEO plugin. -->","yoast_head_json":{"title":"Cserk\u00e9sz-advent Stuttgartban - Stuttgarti Katolikusok","robots":{"index":"index","follow":"follow","max-snippet":"max-snippet:-1","max-image-preview":"max-image-preview:large","max-video-preview":"max-video-preview:-1"},"canonical":"https:\/\/stuttgarti-katolikusok.de\/index.php\/cserkesz-advent-stuttgartban-2\/","og_locale":"hu_HU","og_type":"article","og_title":"Cserk\u00e9sz-advent Stuttgartban - Stuttgarti Katolikusok","og_description":"Kor\u00e1bbi \u00e9vek hagyom\u00e1ny\u00e1t folytatva a mai adventi vas\u00e1rnapon a cserk\u00e9szek aj\u00e1nd\u00e9koztak meg minket \u00f6teletes \u00fczenet\u00fckkel. K\u00f6sz\u00f6net \u00e9rte. Tibor atya You are currently viewing a placeholder content from YouTube. To access the actual content, click the button below. Please note that doing so will share data with third-party providers. More Information Unblock content Accept required service and unblock content","og_url":"https:\/\/stuttgarti-katolikusok.de\/index.php\/cserkesz-advent-stuttgartban-2\/","og_site_name":"Stuttgarti Katolikusok","article_published_time":"2021-12-19T22:49:19+00:00","article_modified_time":"2021-12-19T22:51:12+00:00","og_image":[{"width":2000,"height":1500,"url":"https:\/\/stuttgarti-katolikusok.de\/wp-content\/uploads\/2021\/12\/stgt-cserkesz.jpeg","type":"image\/jpeg"}],"author":"Tibor atya","twitter_card":"summary_large_image","twitter_misc":{"Szerz\u0151:":"Tibor atya"},"schema":{"@context":"https:\/\/schema.org","@graph":[{"@type":"Article","@id":"https:\/\/stuttgarti-katolikusok.de\/index.php\/cserkesz-advent-stuttgartban-2\/#article","isPartOf":{"@id":"https:\/\/stuttgarti-katolikusok.de\/index.php\/cserkesz-advent-stuttgartban-2\/"},"author":{"name":"Tibor atya","@id":"https:\/\/stuttgarti-katolikusok.de\/#\/schema\/person\/75908d6f8fdc03a57889d27209df7795"},"headline":"Cserk\u00e9sz-advent Stuttgartban","datePublished":"2021-12-19T22:49:19+00:00","dateModified":"2021-12-19T22:51:12+00:00","mainEntityOfPage":{"@id":"https:\/\/stuttgarti-katolikusok.de\/index.php\/cserkesz-advent-stuttgartban-2\/"},"wordCount":36,"image":{"@id":"https:\/\/stuttgarti-katolikusok.de\/index.php\/cserkesz-advent-stuttgartban-2\/#primaryimage"},"thumbnailUrl":"https:\/\/stuttgarti-katolikusok.de\/wp-content\/uploads\/2021\/12\/stgt-cserkesz.jpeg","articleSection":["V\u00e1logatott \u00edr\u00e1sok"],"inLanguage":"hu"},{"@type":"WebPage","@id":"https:\/\/stuttgarti-katolikusok.de\/index.php\/cserkesz-advent-stuttgartban-2\/","url":"https:\/\/stuttgarti-katolikusok.de\/index.php\/cserkesz-advent-stuttgartban-2\/","name":"Cserk\u00e9sz-advent Stuttgartban - Stuttgarti Katolikusok","isPartOf":{"@id":"https:\/\/stuttgarti-katolikusok.de\/#website"},"primaryImageOfPage":{"@id":"https:\/\/stuttgarti-katolikusok.de\/index.php\/cserkesz-advent-stuttgartban-2\/#primaryimage"},"image":{"@id":"https:\/\/stuttgarti-katolikusok.de\/index.php\/cserkesz-advent-stuttgartban-2\/#primaryimage"},"thumbnailUrl":"https:\/\/stuttgarti-katolikusok.de\/wp-content\/uploads\/2021\/12\/stgt-cserkesz.jpeg","datePublished":"2021-12-19T22:49:19+00:00","dateModified":"2021-12-19T22:51:12+00:00","author":{"@id":"https:\/\/stuttgarti-katolikusok.de\/#\/schema\/person\/75908d6f8fdc03a57889d27209df7795"},"breadcrumb":{"@id":"https:\/\/stuttgarti-katolikusok.de\/index.php\/cserkesz-advent-stuttgartban-2\/#breadcrumb"},"inLanguage":"hu","potentialAction":[{"@type":"ReadAction","target":["https:\/\/stuttgarti-katolikusok.de\/index.php\/cserkesz-advent-stuttgartban-2\/"]}]},{"@type":"ImageObject","inLanguage":"hu","@id":"https:\/\/stuttgarti-katolikusok.de\/index.php\/cserkesz-advent-stuttgartban-2\/#primaryimage","url":"https:\/\/stuttgarti-katolikusok.de\/wp-content\/uploads\/2021\/12\/stgt-cserkesz.jpeg","contentUrl":"https:\/\/stuttgarti-katolikusok.de\/wp-content\/uploads\/2021\/12\/stgt-cserkesz.jpeg","width":2000,"height":1500},{"@type":"BreadcrumbList","@id":"https:\/\/stuttgarti-katolikusok.de\/index.php\/cserkesz-advent-stuttgartban-2\/#breadcrumb","itemListElement":[{"@type":"ListItem","position":1,"name":"Kezd\u0151lap","item":"https:\/\/stuttgarti-katolikusok.de\/"},{"@type":"ListItem","position":2,"name":"Cserk\u00e9sz-advent Stuttgartban"}]},{"@type":"WebSite","@id":"https:\/\/stuttgarti-katolikusok.de\/#website","url":"https:\/\/stuttgarti-katolikusok.de\/","name":"Stuttgarti Katolikusok","description":"","potentialAction":[{"@type":"SearchAction","target":{"@type":"EntryPoint","urlTemplate":"https:\/\/stuttgarti-katolikusok.de\/?s={search_term_string}"},"query-input":{"@type":"PropertyValueSpecification","valueRequired":true,"valueName":"search_term_string"}}],"inLanguage":"hu"},{"@type":"Person","@id":"https:\/\/stuttgarti-katolikusok.de\/#\/schema\/person\/75908d6f8fdc03a57889d27209df7795","name":"Tibor atya","image":{"@type":"ImageObject","inLanguage":"hu","@id":"https:\/\/secure.gravatar.com\/avatar\/61d268e57d1f4525b111222e29d2d5a7f8c420fdbf231ba5566a8ceac74fa960?s=96&d=mm&r=g","url":"https:\/\/secure.gravatar.com\/avatar\/61d268e57d1f4525b111222e29d2d5a7f8c420fdbf231ba5566a8ceac74fa960?s=96&d=mm&r=g","contentUrl":"https:\/\/secure.gravatar.com\/avatar\/61d268e57d1f4525b111222e29d2d5a7f8c420fdbf231ba5566a8ceac74fa960?s=96&d=mm&r=g","caption":"Tibor atya"},"url":"https:\/\/stuttgarti-katolikusok.de\/index.php\/author\/tibor-atya\/"}]}},"_links":{"self":[{"href":"https:\/\/stuttgarti-katolikusok.de\/index.php\/wp-json\/wp\/v2\/posts\/22683","targetHints":{"allow":["GET"]}}],"collection":[{"href":"https:\/\/stuttgarti-katolikusok.de\/index.php\/wp-json\/wp\/v2\/posts"}],"about":[{"href":"https:\/\/stuttgarti-katolikusok.de\/index.php\/wp-json\/wp\/v2\/types\/post"}],"author":[{"embeddable":true,"href":"https:\/\/stuttgarti-katolikusok.de\/index.php\/wp-json\/wp\/v2\/users\/3"}],"replies":[{"embeddable":true,"href":"https:\/\/stuttgarti-katolikusok.de\/index.php\/wp-json\/wp\/v2\/comments?post=22683"}],"version-history":[{"count":2,"href":"https:\/\/stuttgarti-katolikusok.de\/index.php\/wp-json\/wp\/v2\/posts\/22683\/revisions"}],"predecessor-version":[{"id":22686,"href":"https:\/\/stuttgarti-katolikusok.de\/index.php\/wp-json\/wp\/v2\/posts\/22683\/revisions\/22686"}],"wp:featuredmedia":[{"embeddable":true,"href":"https:\/\/stuttgarti-katolikusok.de\/index.php\/wp-json\/wp\/v2\/media\/22684"}],"wp:attachment":[{"href":"https:\/\/stuttgarti-katolikusok.de\/index.php\/wp-json\/wp\/v2\/media?parent=22683"}],"wp:term":[{"taxonomy":"category","embeddable":true,"href":"https:\/\/stuttgarti-katolikusok.de\/index.php\/wp-json\/wp\/v2\/categories?post=22683"},{"taxonomy":"post_tag","embeddable":true,"href":"https:\/\/stuttgarti-katolikusok.de\/index.php\/wp-json\/wp\/v2\/tags?post=22683"}],"curies":[{"name":"wp","href":"https:\/\/api.w.org\/{rel}","templated":true}]}}