{"id":22619,"date":"2021-12-13T13:19:28","date_gmt":"2021-12-13T12:19:28","guid":{"rendered":"https:\/\/stuttgarti-katolikusok.de\/?p=22619"},"modified":"2021-12-13T13:19:28","modified_gmt":"2021-12-13T12:19:28","slug":"december-13-es-19-kozott","status":"publish","type":"post","link":"https:\/\/stuttgarti-katolikusok.de\/index.php\/december-13-es-19-kozott\/","title":{"rendered":"December 13 \u00e9s 19 k\u00f6z\u00f6tt"},"content":{"rendered":"<p><span style=\"color: #800080;\"><strong>Programel\u0151zetes<\/strong><\/span><\/p>\n<p><span style=\"color: #800080;\"><em>A jelenlegi egyh\u00e1zi rendelkez\u00e9sek \u00e9rtelm\u00e9ben a szentmise megtarthat\u00f3.<\/em><\/span><\/p>\n<p><span style=\"color: #800080;\"><em>Szentmis\u00e9n k\u00f6telez\u0151 a maszk haszn\u00e1lata, jelenl\u00e9ti lista n\u00e9vvel \u00e9s el\u00e9rhet\u0151s\u00e9ggel, kezek fert\u0151tlen\u00edt\u00e9se!<\/em><\/span><\/p>\n<p><span style=\"color: #800080;\"><em>Akik Stuttgartban vesznek r\u00e9szt a szentmis\u00e9n, azok sz\u00e1m\u00e1ra tov\u00e1bbra is el\u0151zetes bejelentkez\u00e9sre van sz\u00fcks\u00e9g, amelyet telefonon kereszt\u00fcl, vagy e-mailben tehetnek meg. <\/em><\/span><\/p>\n<p><span style=\"color: #ff0000;\"><em>Jelen helyzetben a legfontosabb sz\u00e1munkra, hogy a szentmis\u00e9ken mindenki r\u00e9szt vehet. <\/em><\/span><\/p>\n<p style=\"text-align: center;\"><em>\u00a0\u00a0<\/em><span style=\"color: #800080;\"><strong>*<\/strong><\/span><\/p>\n<p><strong>December 16-\u00e1n<\/strong>, cs\u00fct\u00f6rt\u00f6k\u00f6n, <strong>Ulmi d\u00e9lut\u00e1n<\/strong>, 17.30 \u00f3rakor <em>r\u00f3zsaf\u00fcz\u00e9rt im\u00e1dkozunk<\/em>, ut\u00e1na 18.00 \u00f3r\u00e1t\u00f3l <em>szentmise<\/em>, keret\u00e9ben <em>katek\u00e9zis<\/em>.<\/p>\n<p style=\"text-align: center;\"><strong><span style=\"color: #800080;\">*<\/span><\/strong><\/p>\n<p><strong>December 17-\u00e9n,<\/strong>\u00a0p\u00e9nteken, <strong>Stuttgartban <\/strong>8.00 \u00f3rakor <em>r\u00f3r\u00e1t\u00e9-szentmise.<\/em><\/p>\n<p style=\"text-align: center;\"><span style=\"color: #800080;\"><strong><em>*<\/em><\/strong><\/span><\/p>\n<p><strong>December 18-\u00e1n<\/strong>, szombaton,<\/p>\n<p><strong>Weingartenben<\/strong> a <em>14 Nothelfer Kapelle-<\/em>ben 7.00 \u00f3rakor\u00a0<em>r\u00f3r\u00e1t\u00e9<\/em>&#8211;<em>szentmise,<\/em><\/p>\n<p><strong>Heidenheimban <\/strong>15.30 \u00f3rakor <em>szentmise<\/em>, keret\u00e9ben a 4. adventi gyertya meggy\u00fajt\u00e1sa.<\/p>\n<p style=\"text-align: center;\"><em>\u00a0<\/em><span style=\"color: #800080;\"><em>*<\/em><\/span><\/p>\n<p><strong>December 19-\u00e9n<em>,<\/em><\/strong><em>\u00a0<\/em><span style=\"color: #800080;\"><em>Advent IV. vas\u00e1rnapj\u00e1n<\/em><\/span><em>,<\/em><\/p>\n<p><strong>Ludwigsburgban <\/strong>9.30 \u00f3rakor <em>szentmise, <\/em>keret\u00e9ben a 4. adventi gyertya meggy\u00fajt\u00e1sa,<\/p>\n<p><strong>Stuttgartban<\/strong> 12.00 \u00f3rakor<em> szentmise, <\/em>keret\u00e9ben a 4. adventi gyertya meggy\u00fajt\u00e1sa, szentmise ut\u00e1n <em>Cserk\u00e9sz-advent \u00e9s a betlehemi b\u00e9kel\u00e1ng<\/em> \u00e1tad\u00e1sa,<\/p>\n<p><strong>Eislingenben <\/strong>15.30 \u00f3rakor <em>szentmise, <\/em>keret\u00e9ben a 4. adventi gyertya meggy\u00fajt\u00e1sa.<\/p>\n<p style=\"text-align: center;\"><span style=\"color: #800080;\"><strong>*<\/strong><\/span><\/p>\n<p><em> <a href=\"https:\/\/stuttgarti-katolikusok.de\/wp-content\/uploads\/2021\/12\/advent-04-2.jpg\"><img loading=\"lazy\" decoding=\"async\" class=\"alignnone size-full wp-image-22620\" src=\"https:\/\/stuttgarti-katolikusok.de\/wp-content\/uploads\/2021\/12\/advent-04-2.jpg\" alt=\"\" width=\"636\" height=\"427\" srcset=\"https:\/\/stuttgarti-katolikusok.de\/wp-content\/uploads\/2021\/12\/advent-04-2.jpg 636w, https:\/\/stuttgarti-katolikusok.de\/wp-content\/uploads\/2021\/12\/advent-04-2-300x201.jpg 300w\" sizes=\"auto, (max-width: 636px) 100vw, 636px\" \/><\/a><\/em><\/p>\n<p style=\"text-align: center;\"><span style=\"color: #800080;\"><strong>*<\/strong><\/span><\/p>\n<p>Minden helyen mindenkit szeretettel v\u00e1r a k\u00f6z\u00f6ss\u00e9g \u00e9s Tibor atya!<\/p>\n<p><span style=\"color: #800080;\"><strong><em>Bens\u0151s\u00e9ges adventi napokat, j\u00f3 tal\u00e1lkoz\u00e1sokat \u00e9s sok \u00f6r\u00f6met k\u00edv\u00e1nunk minden Kedves H\u00edv\u00fcnknek!<\/em><\/strong><\/span><\/p>\n<p style=\"text-align: center;\"><span style=\"color: #800080;\"><strong><em>*<\/em><\/strong><\/span><\/p>\n<p><span style=\"color: #800080;\"><strong><em>&#8222;Ne a f\u00e9lelmeidt<\/em><\/strong><strong><em>\u0151<\/em><\/strong><strong><em>l k\u00e9rj tan\u00e1csot, hanem a rem\u00e9nyeidt<\/em><\/strong><strong><em>\u0151<\/em><\/strong><strong><em>l \u00e9s az \u00e1lmaidt\u00f3l. Ne a kudarcokon gondolkozz, hanem a m\u00e9g meg nem val\u00f3s\u00edtott lehet<\/em><\/strong><strong><em>\u0151<\/em><\/strong><strong><em>s\u00e9geiden. Ne azzal foglalkozz, amit megpr\u00f3b\u00e1lt\u00e1l, de nem siker\u00fclt, hanem azzal, amit m\u00e9g van lehet<\/em><\/strong><strong><em>\u0151<\/em><\/strong><strong><em>s\u00e9ged megtenni. &#8222;<\/em><\/strong><\/span><em> (Szent XXIII. J\u00e1nos p\u00e1pa \u2013 1881-1963)<\/em><\/p>\n","protected":false},"excerpt":{"rendered":"<p>Programel\u0151zetes A jelenlegi egyh\u00e1zi rendelkez\u00e9sek \u00e9rtelm\u00e9ben a szentmise megtarthat\u00f3. Szentmis\u00e9n k\u00f6telez\u0151 a maszk haszn\u00e1lata, jelenl\u00e9ti lista n\u00e9vvel \u00e9s el\u00e9rhet\u0151s\u00e9ggel, kezek fert\u0151tlen\u00edt\u00e9se! Akik Stuttgartban vesznek r\u00e9szt a szentmis\u00e9n, azok sz\u00e1m\u00e1ra tov\u00e1bbra is el\u0151zetes bejelentkez\u00e9sre van sz\u00fcks\u00e9g, amelyet telefonon kereszt\u00fcl, vagy e-mailben tehetnek meg. Jelen helyzetben a legfontosabb sz\u00e1munkra, hogy a szentmis\u00e9ken mindenki r\u00e9szt vehet. \u00a0\u00a0* December 16-\u00e1n, cs\u00fct\u00f6rt\u00f6k\u00f6n, Ulmi d\u00e9lut\u00e1n, 17.30 \u00f3rakor r\u00f3zsaf\u00fcz\u00e9rt im\u00e1dkozunk, ut\u00e1na 18.00 \u00f3r\u00e1t\u00f3l szentmise, keret\u00e9ben katek\u00e9zis. * December 17-\u00e9n,\u00a0p\u00e9nteken, Stuttgartban 8.00 \u00f3rakor r\u00f3r\u00e1t\u00e9-szentmise. * December 18-\u00e1n, szombaton, Weingartenben a 14 Nothelfer Kapelle-ben 7.00 \u00f3rakor\u00a0r\u00f3r\u00e1t\u00e9&#8211;szentmise, Heidenheimban 15.30 \u00f3rakor szentmise, keret\u00e9ben a 4. adventi gyertya meggy\u00fajt\u00e1sa. \u00a0* December 19-\u00e9n,\u00a0Advent IV. vas\u00e1rnapj\u00e1n, Ludwigsburgban 9.30 \u00f3rakor szentmise, keret\u00e9ben a 4. adventi gyertya meggy\u00fajt\u00e1sa, Stuttgartban 12.00 \u00f3rakor szentmise, keret\u00e9ben a 4. adventi gyertya meggy\u00fajt\u00e1sa, szentmise ut\u00e1n Cserk\u00e9sz-advent \u00e9s a betlehemi b\u00e9kel\u00e1ng \u00e1tad\u00e1sa, Eislingenben 15.30 \u00f3rakor szentmise, keret\u00e9ben a 4. adventi gyertya meggy\u00fajt\u00e1sa. * * Minden helyen mindenkit szeretettel v\u00e1r a k\u00f6z\u00f6ss\u00e9g \u00e9s Tibor atya! Bens\u0151s\u00e9ges adventi napokat, j\u00f3 tal\u00e1lkoz\u00e1sokat \u00e9s sok \u00f6r\u00f6met k\u00edv\u00e1nunk minden Kedves H\u00edv\u00fcnknek! * &#8222;Ne a f\u00e9lelmeidt\u0151l k\u00e9rj tan\u00e1csot, hanem a rem\u00e9nyeidt\u0151l \u00e9s az \u00e1lmaidt\u00f3l. Ne a kudarcokon gondolkozz, hanem a m\u00e9g meg nem val\u00f3s\u00edtott lehet\u0151s\u00e9geiden. Ne azzal foglalkozz, amit megpr\u00f3b\u00e1lt\u00e1l, de nem siker\u00fclt, hanem azzal, amit m\u00e9g van lehet\u0151s\u00e9ged megtenni. &#8222; (Szent XXIII. J\u00e1nos p\u00e1pa \u2013 1881-1963)<\/p>\n","protected":false},"author":3,"featured_media":20730,"comment_status":"closed","ping_status":"closed","sticky":false,"template":"","format":"standard","meta":{"footnotes":""},"categories":[37],"tags":[],"class_list":["post-22619","post","type-post","status-publish","format-standard","has-post-thumbnail","hentry","category-progamelozetes"],"yoast_head":"<!-- This site is optimized with the Yoast SEO plugin v27.3 - https:\/\/yoast.com\/product\/yoast-seo-wordpress\/ -->\n<title>December 13 \u00e9s 19 k\u00f6z\u00f6tt - Stuttgarti Katolikusok<\/title>\n<meta name=\"robots\" content=\"index, follow, max-snippet:-1, max-image-preview:large, max-video-preview:-1\" \/>\n<link rel=\"canonical\" href=\"https:\/\/stuttgarti-katolikusok.de\/index.php\/december-13-es-19-kozott\/\" \/>\n<meta property=\"og:locale\" content=\"hu_HU\" \/>\n<meta property=\"og:type\" content=\"article\" \/>\n<meta property=\"og:title\" content=\"December 13 \u00e9s 19 k\u00f6z\u00f6tt - Stuttgarti Katolikusok\" \/>\n<meta property=\"og:description\" content=\"Programel\u0151zetes A jelenlegi egyh\u00e1zi rendelkez\u00e9sek \u00e9rtelm\u00e9ben a szentmise megtarthat\u00f3. Szentmis\u00e9n k\u00f6telez\u0151 a maszk haszn\u00e1lata, jelenl\u00e9ti lista n\u00e9vvel \u00e9s el\u00e9rhet\u0151s\u00e9ggel, kezek fert\u0151tlen\u00edt\u00e9se! Akik Stuttgartban vesznek r\u00e9szt a szentmis\u00e9n, azok sz\u00e1m\u00e1ra tov\u00e1bbra is el\u0151zetes bejelentkez\u00e9sre van sz\u00fcks\u00e9g, amelyet telefonon kereszt\u00fcl, vagy e-mailben tehetnek meg. Jelen helyzetben a legfontosabb sz\u00e1munkra, hogy a szentmis\u00e9ken mindenki r\u00e9szt vehet. \u00a0\u00a0* December 16-\u00e1n, cs\u00fct\u00f6rt\u00f6k\u00f6n, Ulmi d\u00e9lut\u00e1n, 17.30 \u00f3rakor r\u00f3zsaf\u00fcz\u00e9rt im\u00e1dkozunk, ut\u00e1na 18.00 \u00f3r\u00e1t\u00f3l szentmise, keret\u00e9ben katek\u00e9zis. * December 17-\u00e9n,\u00a0p\u00e9nteken, Stuttgartban 8.00 \u00f3rakor r\u00f3r\u00e1t\u00e9-szentmise. * December 18-\u00e1n, szombaton, Weingartenben a 14 Nothelfer Kapelle-ben 7.00 \u00f3rakor\u00a0r\u00f3r\u00e1t\u00e9&#8211;szentmise, Heidenheimban 15.30 \u00f3rakor szentmise, keret\u00e9ben a 4. adventi gyertya meggy\u00fajt\u00e1sa. \u00a0* December 19-\u00e9n,\u00a0Advent IV. vas\u00e1rnapj\u00e1n, Ludwigsburgban 9.30 \u00f3rakor szentmise, keret\u00e9ben a 4. adventi gyertya meggy\u00fajt\u00e1sa, Stuttgartban 12.00 \u00f3rakor szentmise, keret\u00e9ben a 4. adventi gyertya meggy\u00fajt\u00e1sa, szentmise ut\u00e1n Cserk\u00e9sz-advent \u00e9s a betlehemi b\u00e9kel\u00e1ng \u00e1tad\u00e1sa, Eislingenben 15.30 \u00f3rakor szentmise, keret\u00e9ben a 4. adventi gyertya meggy\u00fajt\u00e1sa. * * Minden helyen mindenkit szeretettel v\u00e1r a k\u00f6z\u00f6ss\u00e9g \u00e9s Tibor atya! Bens\u0151s\u00e9ges adventi napokat, j\u00f3 tal\u00e1lkoz\u00e1sokat \u00e9s sok \u00f6r\u00f6met k\u00edv\u00e1nunk minden Kedves H\u00edv\u00fcnknek! * &#8222;Ne a f\u00e9lelmeidt\u0151l k\u00e9rj tan\u00e1csot, hanem a rem\u00e9nyeidt\u0151l \u00e9s az \u00e1lmaidt\u00f3l. Ne a kudarcokon gondolkozz, hanem a m\u00e9g meg nem val\u00f3s\u00edtott lehet\u0151s\u00e9geiden. Ne azzal foglalkozz, amit megpr\u00f3b\u00e1lt\u00e1l, de nem siker\u00fclt, hanem azzal, amit m\u00e9g van lehet\u0151s\u00e9ged megtenni. &#8222; (Szent XXIII. J\u00e1nos p\u00e1pa \u2013 1881-1963)\" \/>\n<meta property=\"og:url\" content=\"https:\/\/stuttgarti-katolikusok.de\/index.php\/december-13-es-19-kozott\/\" \/>\n<meta property=\"og:site_name\" content=\"Stuttgarti Katolikusok\" \/>\n<meta property=\"article:published_time\" content=\"2021-12-13T12:19:28+00:00\" \/>\n<meta property=\"og:image\" content=\"https:\/\/stuttgarti-katolikusok.de\/wp-content\/uploads\/2020\/12\/ajandek.jpg\" \/>\n\t<meta property=\"og:image:width\" content=\"640\" \/>\n\t<meta property=\"og:image:height\" content=\"355\" \/>\n\t<meta property=\"og:image:type\" content=\"image\/jpeg\" \/>\n<meta name=\"author\" content=\"Tibor atya\" \/>\n<meta name=\"twitter:card\" content=\"summary_large_image\" \/>\n<meta name=\"twitter:label1\" content=\"Szerz\u0151:\" \/>\n\t<meta name=\"twitter:data1\" content=\"Tibor atya\" \/>\n\t<meta name=\"twitter:label2\" content=\"Becs\u00fclt olvas\u00e1si id\u0151\" \/>\n\t<meta name=\"twitter:data2\" content=\"1 perc\" \/>\n<script type=\"application\/ld+json\" class=\"yoast-schema-graph\">{\"@context\":\"https:\\\/\\\/schema.org\",\"@graph\":[{\"@type\":\"Article\",\"@id\":\"https:\\\/\\\/stuttgarti-katolikusok.de\\\/index.php\\\/december-13-es-19-kozott\\\/#article\",\"isPartOf\":{\"@id\":\"https:\\\/\\\/stuttgarti-katolikusok.de\\\/index.php\\\/december-13-es-19-kozott\\\/\"},\"author\":{\"name\":\"Tibor atya\",\"@id\":\"https:\\\/\\\/stuttgarti-katolikusok.de\\\/#\\\/schema\\\/person\\\/75908d6f8fdc03a57889d27209df7795\"},\"headline\":\"December 13 \u00e9s 19 k\u00f6z\u00f6tt\",\"datePublished\":\"2021-12-13T12:19:28+00:00\",\"mainEntityOfPage\":{\"@id\":\"https:\\\/\\\/stuttgarti-katolikusok.de\\\/index.php\\\/december-13-es-19-kozott\\\/\"},\"wordCount\":302,\"image\":{\"@id\":\"https:\\\/\\\/stuttgarti-katolikusok.de\\\/index.php\\\/december-13-es-19-kozott\\\/#primaryimage\"},\"thumbnailUrl\":\"https:\\\/\\\/stuttgarti-katolikusok.de\\\/wp-content\\\/uploads\\\/2020\\\/12\\\/ajandek.jpg\",\"articleSection\":[\"Progamel\u0151zetes\"],\"inLanguage\":\"hu\"},{\"@type\":\"WebPage\",\"@id\":\"https:\\\/\\\/stuttgarti-katolikusok.de\\\/index.php\\\/december-13-es-19-kozott\\\/\",\"url\":\"https:\\\/\\\/stuttgarti-katolikusok.de\\\/index.php\\\/december-13-es-19-kozott\\\/\",\"name\":\"December 13 \u00e9s 19 k\u00f6z\u00f6tt - Stuttgarti Katolikusok\",\"isPartOf\":{\"@id\":\"https:\\\/\\\/stuttgarti-katolikusok.de\\\/#website\"},\"primaryImageOfPage\":{\"@id\":\"https:\\\/\\\/stuttgarti-katolikusok.de\\\/index.php\\\/december-13-es-19-kozott\\\/#primaryimage\"},\"image\":{\"@id\":\"https:\\\/\\\/stuttgarti-katolikusok.de\\\/index.php\\\/december-13-es-19-kozott\\\/#primaryimage\"},\"thumbnailUrl\":\"https:\\\/\\\/stuttgarti-katolikusok.de\\\/wp-content\\\/uploads\\\/2020\\\/12\\\/ajandek.jpg\",\"datePublished\":\"2021-12-13T12:19:28+00:00\",\"author\":{\"@id\":\"https:\\\/\\\/stuttgarti-katolikusok.de\\\/#\\\/schema\\\/person\\\/75908d6f8fdc03a57889d27209df7795\"},\"breadcrumb\":{\"@id\":\"https:\\\/\\\/stuttgarti-katolikusok.de\\\/index.php\\\/december-13-es-19-kozott\\\/#breadcrumb\"},\"inLanguage\":\"hu\",\"potentialAction\":[{\"@type\":\"ReadAction\",\"target\":[\"https:\\\/\\\/stuttgarti-katolikusok.de\\\/index.php\\\/december-13-es-19-kozott\\\/\"]}]},{\"@type\":\"ImageObject\",\"inLanguage\":\"hu\",\"@id\":\"https:\\\/\\\/stuttgarti-katolikusok.de\\\/index.php\\\/december-13-es-19-kozott\\\/#primaryimage\",\"url\":\"https:\\\/\\\/stuttgarti-katolikusok.de\\\/wp-content\\\/uploads\\\/2020\\\/12\\\/ajandek.jpg\",\"contentUrl\":\"https:\\\/\\\/stuttgarti-katolikusok.de\\\/wp-content\\\/uploads\\\/2020\\\/12\\\/ajandek.jpg\",\"width\":640,\"height\":355},{\"@type\":\"BreadcrumbList\",\"@id\":\"https:\\\/\\\/stuttgarti-katolikusok.de\\\/index.php\\\/december-13-es-19-kozott\\\/#breadcrumb\",\"itemListElement\":[{\"@type\":\"ListItem\",\"position\":1,\"name\":\"Kezd\u0151lap\",\"item\":\"https:\\\/\\\/stuttgarti-katolikusok.de\\\/\"},{\"@type\":\"ListItem\",\"position\":2,\"name\":\"December 13 \u00e9s 19 k\u00f6z\u00f6tt\"}]},{\"@type\":\"WebSite\",\"@id\":\"https:\\\/\\\/stuttgarti-katolikusok.de\\\/#website\",\"url\":\"https:\\\/\\\/stuttgarti-katolikusok.de\\\/\",\"name\":\"Stuttgarti Katolikusok\",\"description\":\"\",\"potentialAction\":[{\"@type\":\"SearchAction\",\"target\":{\"@type\":\"EntryPoint\",\"urlTemplate\":\"https:\\\/\\\/stuttgarti-katolikusok.de\\\/?s={search_term_string}\"},\"query-input\":{\"@type\":\"PropertyValueSpecification\",\"valueRequired\":true,\"valueName\":\"search_term_string\"}}],\"inLanguage\":\"hu\"},{\"@type\":\"Person\",\"@id\":\"https:\\\/\\\/stuttgarti-katolikusok.de\\\/#\\\/schema\\\/person\\\/75908d6f8fdc03a57889d27209df7795\",\"name\":\"Tibor atya\",\"image\":{\"@type\":\"ImageObject\",\"inLanguage\":\"hu\",\"@id\":\"https:\\\/\\\/secure.gravatar.com\\\/avatar\\\/61d268e57d1f4525b111222e29d2d5a7f8c420fdbf231ba5566a8ceac74fa960?s=96&d=mm&r=g\",\"url\":\"https:\\\/\\\/secure.gravatar.com\\\/avatar\\\/61d268e57d1f4525b111222e29d2d5a7f8c420fdbf231ba5566a8ceac74fa960?s=96&d=mm&r=g\",\"contentUrl\":\"https:\\\/\\\/secure.gravatar.com\\\/avatar\\\/61d268e57d1f4525b111222e29d2d5a7f8c420fdbf231ba5566a8ceac74fa960?s=96&d=mm&r=g\",\"caption\":\"Tibor atya\"},\"url\":\"https:\\\/\\\/stuttgarti-katolikusok.de\\\/index.php\\\/author\\\/tibor-atya\\\/\"}]}<\/script>\n<!-- \/ Yoast SEO plugin. -->","yoast_head_json":{"title":"December 13 \u00e9s 19 k\u00f6z\u00f6tt - Stuttgarti Katolikusok","robots":{"index":"index","follow":"follow","max-snippet":"max-snippet:-1","max-image-preview":"max-image-preview:large","max-video-preview":"max-video-preview:-1"},"canonical":"https:\/\/stuttgarti-katolikusok.de\/index.php\/december-13-es-19-kozott\/","og_locale":"hu_HU","og_type":"article","og_title":"December 13 \u00e9s 19 k\u00f6z\u00f6tt - Stuttgarti Katolikusok","og_description":"Programel\u0151zetes A jelenlegi egyh\u00e1zi rendelkez\u00e9sek \u00e9rtelm\u00e9ben a szentmise megtarthat\u00f3. Szentmis\u00e9n k\u00f6telez\u0151 a maszk haszn\u00e1lata, jelenl\u00e9ti lista n\u00e9vvel \u00e9s el\u00e9rhet\u0151s\u00e9ggel, kezek fert\u0151tlen\u00edt\u00e9se! Akik Stuttgartban vesznek r\u00e9szt a szentmis\u00e9n, azok sz\u00e1m\u00e1ra tov\u00e1bbra is el\u0151zetes bejelentkez\u00e9sre van sz\u00fcks\u00e9g, amelyet telefonon kereszt\u00fcl, vagy e-mailben tehetnek meg. Jelen helyzetben a legfontosabb sz\u00e1munkra, hogy a szentmis\u00e9ken mindenki r\u00e9szt vehet. \u00a0\u00a0* December 16-\u00e1n, cs\u00fct\u00f6rt\u00f6k\u00f6n, Ulmi d\u00e9lut\u00e1n, 17.30 \u00f3rakor r\u00f3zsaf\u00fcz\u00e9rt im\u00e1dkozunk, ut\u00e1na 18.00 \u00f3r\u00e1t\u00f3l szentmise, keret\u00e9ben katek\u00e9zis. * December 17-\u00e9n,\u00a0p\u00e9nteken, Stuttgartban 8.00 \u00f3rakor r\u00f3r\u00e1t\u00e9-szentmise. * December 18-\u00e1n, szombaton, Weingartenben a 14 Nothelfer Kapelle-ben 7.00 \u00f3rakor\u00a0r\u00f3r\u00e1t\u00e9&#8211;szentmise, Heidenheimban 15.30 \u00f3rakor szentmise, keret\u00e9ben a 4. adventi gyertya meggy\u00fajt\u00e1sa. \u00a0* December 19-\u00e9n,\u00a0Advent IV. vas\u00e1rnapj\u00e1n, Ludwigsburgban 9.30 \u00f3rakor szentmise, keret\u00e9ben a 4. adventi gyertya meggy\u00fajt\u00e1sa, Stuttgartban 12.00 \u00f3rakor szentmise, keret\u00e9ben a 4. adventi gyertya meggy\u00fajt\u00e1sa, szentmise ut\u00e1n Cserk\u00e9sz-advent \u00e9s a betlehemi b\u00e9kel\u00e1ng \u00e1tad\u00e1sa, Eislingenben 15.30 \u00f3rakor szentmise, keret\u00e9ben a 4. adventi gyertya meggy\u00fajt\u00e1sa. * * Minden helyen mindenkit szeretettel v\u00e1r a k\u00f6z\u00f6ss\u00e9g \u00e9s Tibor atya! Bens\u0151s\u00e9ges adventi napokat, j\u00f3 tal\u00e1lkoz\u00e1sokat \u00e9s sok \u00f6r\u00f6met k\u00edv\u00e1nunk minden Kedves H\u00edv\u00fcnknek! * &#8222;Ne a f\u00e9lelmeidt\u0151l k\u00e9rj tan\u00e1csot, hanem a rem\u00e9nyeidt\u0151l \u00e9s az \u00e1lmaidt\u00f3l. Ne a kudarcokon gondolkozz, hanem a m\u00e9g meg nem val\u00f3s\u00edtott lehet\u0151s\u00e9geiden. Ne azzal foglalkozz, amit megpr\u00f3b\u00e1lt\u00e1l, de nem siker\u00fclt, hanem azzal, amit m\u00e9g van lehet\u0151s\u00e9ged megtenni. &#8222; (Szent XXIII. J\u00e1nos p\u00e1pa \u2013 1881-1963)","og_url":"https:\/\/stuttgarti-katolikusok.de\/index.php\/december-13-es-19-kozott\/","og_site_name":"Stuttgarti Katolikusok","article_published_time":"2021-12-13T12:19:28+00:00","og_image":[{"width":640,"height":355,"url":"https:\/\/stuttgarti-katolikusok.de\/wp-content\/uploads\/2020\/12\/ajandek.jpg","type":"image\/jpeg"}],"author":"Tibor atya","twitter_card":"summary_large_image","twitter_misc":{"Szerz\u0151:":"Tibor atya","Becs\u00fclt olvas\u00e1si id\u0151":"1 perc"},"schema":{"@context":"https:\/\/schema.org","@graph":[{"@type":"Article","@id":"https:\/\/stuttgarti-katolikusok.de\/index.php\/december-13-es-19-kozott\/#article","isPartOf":{"@id":"https:\/\/stuttgarti-katolikusok.de\/index.php\/december-13-es-19-kozott\/"},"author":{"name":"Tibor atya","@id":"https:\/\/stuttgarti-katolikusok.de\/#\/schema\/person\/75908d6f8fdc03a57889d27209df7795"},"headline":"December 13 \u00e9s 19 k\u00f6z\u00f6tt","datePublished":"2021-12-13T12:19:28+00:00","mainEntityOfPage":{"@id":"https:\/\/stuttgarti-katolikusok.de\/index.php\/december-13-es-19-kozott\/"},"wordCount":302,"image":{"@id":"https:\/\/stuttgarti-katolikusok.de\/index.php\/december-13-es-19-kozott\/#primaryimage"},"thumbnailUrl":"https:\/\/stuttgarti-katolikusok.de\/wp-content\/uploads\/2020\/12\/ajandek.jpg","articleSection":["Progamel\u0151zetes"],"inLanguage":"hu"},{"@type":"WebPage","@id":"https:\/\/stuttgarti-katolikusok.de\/index.php\/december-13-es-19-kozott\/","url":"https:\/\/stuttgarti-katolikusok.de\/index.php\/december-13-es-19-kozott\/","name":"December 13 \u00e9s 19 k\u00f6z\u00f6tt - Stuttgarti Katolikusok","isPartOf":{"@id":"https:\/\/stuttgarti-katolikusok.de\/#website"},"primaryImageOfPage":{"@id":"https:\/\/stuttgarti-katolikusok.de\/index.php\/december-13-es-19-kozott\/#primaryimage"},"image":{"@id":"https:\/\/stuttgarti-katolikusok.de\/index.php\/december-13-es-19-kozott\/#primaryimage"},"thumbnailUrl":"https:\/\/stuttgarti-katolikusok.de\/wp-content\/uploads\/2020\/12\/ajandek.jpg","datePublished":"2021-12-13T12:19:28+00:00","author":{"@id":"https:\/\/stuttgarti-katolikusok.de\/#\/schema\/person\/75908d6f8fdc03a57889d27209df7795"},"breadcrumb":{"@id":"https:\/\/stuttgarti-katolikusok.de\/index.php\/december-13-es-19-kozott\/#breadcrumb"},"inLanguage":"hu","potentialAction":[{"@type":"ReadAction","target":["https:\/\/stuttgarti-katolikusok.de\/index.php\/december-13-es-19-kozott\/"]}]},{"@type":"ImageObject","inLanguage":"hu","@id":"https:\/\/stuttgarti-katolikusok.de\/index.php\/december-13-es-19-kozott\/#primaryimage","url":"https:\/\/stuttgarti-katolikusok.de\/wp-content\/uploads\/2020\/12\/ajandek.jpg","contentUrl":"https:\/\/stuttgarti-katolikusok.de\/wp-content\/uploads\/2020\/12\/ajandek.jpg","width":640,"height":355},{"@type":"BreadcrumbList","@id":"https:\/\/stuttgarti-katolikusok.de\/index.php\/december-13-es-19-kozott\/#breadcrumb","itemListElement":[{"@type":"ListItem","position":1,"name":"Kezd\u0151lap","item":"https:\/\/stuttgarti-katolikusok.de\/"},{"@type":"ListItem","position":2,"name":"December 13 \u00e9s 19 k\u00f6z\u00f6tt"}]},{"@type":"WebSite","@id":"https:\/\/stuttgarti-katolikusok.de\/#website","url":"https:\/\/stuttgarti-katolikusok.de\/","name":"Stuttgarti Katolikusok","description":"","potentialAction":[{"@type":"SearchAction","target":{"@type":"EntryPoint","urlTemplate":"https:\/\/stuttgarti-katolikusok.de\/?s={search_term_string}"},"query-input":{"@type":"PropertyValueSpecification","valueRequired":true,"valueName":"search_term_string"}}],"inLanguage":"hu"},{"@type":"Person","@id":"https:\/\/stuttgarti-katolikusok.de\/#\/schema\/person\/75908d6f8fdc03a57889d27209df7795","name":"Tibor atya","image":{"@type":"ImageObject","inLanguage":"hu","@id":"https:\/\/secure.gravatar.com\/avatar\/61d268e57d1f4525b111222e29d2d5a7f8c420fdbf231ba5566a8ceac74fa960?s=96&d=mm&r=g","url":"https:\/\/secure.gravatar.com\/avatar\/61d268e57d1f4525b111222e29d2d5a7f8c420fdbf231ba5566a8ceac74fa960?s=96&d=mm&r=g","contentUrl":"https:\/\/secure.gravatar.com\/avatar\/61d268e57d1f4525b111222e29d2d5a7f8c420fdbf231ba5566a8ceac74fa960?s=96&d=mm&r=g","caption":"Tibor atya"},"url":"https:\/\/stuttgarti-katolikusok.de\/index.php\/author\/tibor-atya\/"}]}},"_links":{"self":[{"href":"https:\/\/stuttgarti-katolikusok.de\/index.php\/wp-json\/wp\/v2\/posts\/22619","targetHints":{"allow":["GET"]}}],"collection":[{"href":"https:\/\/stuttgarti-katolikusok.de\/index.php\/wp-json\/wp\/v2\/posts"}],"about":[{"href":"https:\/\/stuttgarti-katolikusok.de\/index.php\/wp-json\/wp\/v2\/types\/post"}],"author":[{"embeddable":true,"href":"https:\/\/stuttgarti-katolikusok.de\/index.php\/wp-json\/wp\/v2\/users\/3"}],"replies":[{"embeddable":true,"href":"https:\/\/stuttgarti-katolikusok.de\/index.php\/wp-json\/wp\/v2\/comments?post=22619"}],"version-history":[{"count":1,"href":"https:\/\/stuttgarti-katolikusok.de\/index.php\/wp-json\/wp\/v2\/posts\/22619\/revisions"}],"predecessor-version":[{"id":22621,"href":"https:\/\/stuttgarti-katolikusok.de\/index.php\/wp-json\/wp\/v2\/posts\/22619\/revisions\/22621"}],"wp:featuredmedia":[{"embeddable":true,"href":"https:\/\/stuttgarti-katolikusok.de\/index.php\/wp-json\/wp\/v2\/media\/20730"}],"wp:attachment":[{"href":"https:\/\/stuttgarti-katolikusok.de\/index.php\/wp-json\/wp\/v2\/media?parent=22619"}],"wp:term":[{"taxonomy":"category","embeddable":true,"href":"https:\/\/stuttgarti-katolikusok.de\/index.php\/wp-json\/wp\/v2\/categories?post=22619"},{"taxonomy":"post_tag","embeddable":true,"href":"https:\/\/stuttgarti-katolikusok.de\/index.php\/wp-json\/wp\/v2\/tags?post=22619"}],"curies":[{"name":"wp","href":"https:\/\/api.w.org\/{rel}","templated":true}]}}