{"id":22525,"date":"2021-11-22T15:05:21","date_gmt":"2021-11-22T14:05:21","guid":{"rendered":"https:\/\/stuttgarti-katolikusok.de\/?p=22525"},"modified":"2021-11-22T16:40:27","modified_gmt":"2021-11-22T15:40:27","slug":"november-22-es-28-kozott","status":"publish","type":"post","link":"https:\/\/stuttgarti-katolikusok.de\/index.php\/november-22-es-28-kozott\/","title":{"rendered":"November 22 \u00e9s 28 k\u00f6z\u00f6tt"},"content":{"rendered":"<p><span style=\"color: #ff6600;\"><strong>Programel\u0151zetes<\/strong><\/span><\/p>\n<p><span style=\"color: #ff6600;\"><em>A jelenlegi egyh\u00e1zi rendelkez\u00e9sek \u00e9rtelm\u00e9ben nem csak a szentmise tarthat\u00f3 meg.<\/em><\/span><\/p>\n<p><span style=\"color: #ff6600;\"><em>K\u00f6z\u00f6ss\u00e9gi termeinket imm\u00e1r haszn\u00e1lhatjuk, a helyi szab\u00e1lyok k\u00edn\u00e1lta lehet\u0151s\u00e9gek f\u00fcggv\u00e9ny\u00e9ben! Mindez helys\u00e9gekk\u00e9nt v\u00e1ltozik! <\/em><\/span><\/p>\n<p><span style=\"color: #ff6600;\"><em>Szentmis\u00e9n k\u00f6telez\u0151 a maszk haszn\u00e1lata, jelenl\u00e9ti lista n\u00e9vvel \u00e9s el\u00e9rhet\u0151s\u00e9ggel, kezek fert\u0151tlen\u00edt\u00e9se!<\/em><\/span><\/p>\n<p><span style=\"color: #ff6600;\"><em>Akik Stuttgartban vesznek r\u00e9szt a szentmis\u00e9n, azok sz\u00e1m\u00e1ra tov\u00e1bbra is el\u0151zetes bejelentkez\u00e9sre van sz\u00fcks\u00e9g, amelyet telefonon kereszt\u00fcl, vagy e-mailben tehetnek meg. <\/em><\/span><\/p>\n<p style=\"text-align: center;\"><span style=\"color: #ff6600;\"><em>\u00a0\u00a0<\/em><strong>*<\/strong><\/span><\/p>\n<p><strong>November 26-\u00e1n,<\/strong>\u00a0p\u00e9nteken, <strong>Stuttgarti d\u00e9lut\u00e1n<\/strong>,<\/p>\n<p>16.00 \u00f3rakor <em>Bar\u00e1ts\u00e1gklub<\/em> (2G-vel lehet r\u00e9szt venni)<\/p>\n<p>18.00 \u00f3rakor<em>\u00a0n\u00e9met- <\/em>\u00e9s<em> magyarnyelv\u0171<\/em> <em>szentmise. <\/em><\/p>\n<p style=\"text-align: center;\"><span style=\"color: #ff6600;\"><strong>*<\/strong><\/span><\/p>\n<p><strong>November 27-\u00e9n<\/strong>, szombaton,\u00a0<strong>Reutlingenben<\/strong>\u00a016.30 \u00f3rakor\u00a0<em>b\u00facs\u00fas\u00a0szentmise,\u00a0<\/em>keret\u00e9ben \u00c1rp\u00e1d-h\u00e1zi Szent Erzs\u00e9betet k\u00f6sz\u00f6ntj\u00fck.<\/p>\n<p style=\"text-align: center;\"><a href=\"https:\/\/stuttgarti-katolikusok.de\/wp-content\/uploads\/2021\/11\/szterzsebet.jpg\"><img loading=\"lazy\" decoding=\"async\" class=\"alignnone size-full wp-image-22526\" src=\"https:\/\/stuttgarti-katolikusok.de\/wp-content\/uploads\/2021\/11\/szterzsebet.jpg\" alt=\"\" width=\"425\" height=\"640\" srcset=\"https:\/\/stuttgarti-katolikusok.de\/wp-content\/uploads\/2021\/11\/szterzsebet.jpg 425w, https:\/\/stuttgarti-katolikusok.de\/wp-content\/uploads\/2021\/11\/szterzsebet-199x300.jpg 199w\" sizes=\"auto, (max-width: 425px) 100vw, 425px\" \/><\/a><\/p>\n<p style=\"text-align: center;\"><span style=\"color: #ff6600;\"><strong>*<\/strong><\/span><\/p>\n<p><strong>November 28-\u00e1n<em>,<\/em><\/strong><em>\u00a0<\/em><span style=\"color: #800080;\"><em>Advent I. vas\u00e1rnapj\u00e1n<\/em><\/span><em>,<\/em><\/p>\n<p><strong><em>B\u00f6blingenben<\/em><\/strong> 9.30 \u00f3rakor<em>, adventi gyertyagy\u00fajt\u00e1s, szentmise, <\/em><\/p>\n<p><em><strong>Heilbronnban<\/strong>\u00a0<\/em>15.30 \u00f3rakor<em> adventi gyertyagy\u00fajt\u00e1s, szentmise.<\/em><\/p>\n<p style=\"text-align: center;\"><span style=\"color: #800080;\"><strong>*<\/strong><\/span><\/p>\n<p style=\"text-align: center;\"><em> <a href=\"https:\/\/stuttgarti-katolikusok.de\/wp-content\/uploads\/2020\/11\/adventi-koszoru.png\"><img loading=\"lazy\" decoding=\"async\" class=\"alignnone size-full wp-image-20579\" src=\"https:\/\/stuttgarti-katolikusok.de\/wp-content\/uploads\/2020\/11\/adventi-koszoru.png\" alt=\"\" width=\"640\" height=\"640\" srcset=\"https:\/\/stuttgarti-katolikusok.de\/wp-content\/uploads\/2020\/11\/adventi-koszoru.png 640w, https:\/\/stuttgarti-katolikusok.de\/wp-content\/uploads\/2020\/11\/adventi-koszoru-300x300.png 300w, https:\/\/stuttgarti-katolikusok.de\/wp-content\/uploads\/2020\/11\/adventi-koszoru-150x150.png 150w, https:\/\/stuttgarti-katolikusok.de\/wp-content\/uploads\/2020\/11\/adventi-koszoru-460x460.png 460w\" sizes=\"auto, (max-width: 640px) 100vw, 640px\" \/><\/a><\/em><\/p>\n<p style=\"text-align: center;\"><span style=\"color: #800080;\"><strong>*<\/strong><\/span><\/p>\n<p>Minden helyen mindenkit szeretettel v\u00e1r a k\u00f6z\u00f6ss\u00e9g \u00e9s Tibor atya!<\/p>\n<p><span style=\"color: #800080;\"><strong><em>Bens\u0151s\u00e9ges \u0151szi napokat, j\u00f3 munk\u00e1t, tartalmas besz\u00e9lget\u00e9seket, \u00f6r\u00f6mteli tal\u00e1lkoz\u00e1sokat \u00e9s \u00e1ldott adventi k\u00e9sz\u00fcletet k\u00edv\u00e1nunk minden Kedves H\u00edv\u00fcnknek!<\/em><\/strong><\/span><\/p>\n<p style=\"text-align: center;\"><strong><span style=\"color: #800080;\">*<\/span><\/strong><\/p>\n<p><span style=\"color: #800080;\"><strong><em>Van-e \u00e9rz\u00e9s, mely forr\u00f3ban \u00e9s sejtelmesebben megdobogtatja az emberi sz\u00edvet, mint az \u00fcnnep \u00e9s a v\u00e1rakoz\u00e1s izgalma?<\/em><\/strong><\/span>\u00a0<em>(M\u00e1rai S\u00e1ndor \u2013 1900-1989)<\/em><\/p>\n<p><em>(K\u00e9pek forr\u00e1sa: pixabay.com)<\/em><\/p>\n","protected":false},"excerpt":{"rendered":"<p>Programel\u0151zetes A jelenlegi egyh\u00e1zi rendelkez\u00e9sek \u00e9rtelm\u00e9ben nem csak a szentmise tarthat\u00f3 meg. K\u00f6z\u00f6ss\u00e9gi termeinket imm\u00e1r haszn\u00e1lhatjuk, a helyi szab\u00e1lyok k\u00edn\u00e1lta lehet\u0151s\u00e9gek f\u00fcggv\u00e9ny\u00e9ben! Mindez helys\u00e9gekk\u00e9nt v\u00e1ltozik! Szentmis\u00e9n k\u00f6telez\u0151 a maszk haszn\u00e1lata, jelenl\u00e9ti lista n\u00e9vvel \u00e9s el\u00e9rhet\u0151s\u00e9ggel, kezek fert\u0151tlen\u00edt\u00e9se! Akik Stuttgartban vesznek r\u00e9szt a szentmis\u00e9n, azok sz\u00e1m\u00e1ra tov\u00e1bbra is el\u0151zetes bejelentkez\u00e9sre van sz\u00fcks\u00e9g, amelyet telefonon kereszt\u00fcl, vagy e-mailben tehetnek meg. \u00a0\u00a0* November 26-\u00e1n,\u00a0p\u00e9nteken, Stuttgarti d\u00e9lut\u00e1n, 16.00 \u00f3rakor Bar\u00e1ts\u00e1gklub (2G-vel lehet r\u00e9szt venni) 18.00 \u00f3rakor\u00a0n\u00e9met- \u00e9s magyarnyelv\u0171 szentmise. * November 27-\u00e9n, szombaton,\u00a0Reutlingenben\u00a016.30 \u00f3rakor\u00a0b\u00facs\u00fas\u00a0szentmise,\u00a0keret\u00e9ben \u00c1rp\u00e1d-h\u00e1zi Szent Erzs\u00e9betet k\u00f6sz\u00f6ntj\u00fck. * November 28-\u00e1n,\u00a0Advent I. vas\u00e1rnapj\u00e1n, B\u00f6blingenben 9.30 \u00f3rakor, adventi gyertyagy\u00fajt\u00e1s, szentmise, Heilbronnban\u00a015.30 \u00f3rakor adventi gyertyagy\u00fajt\u00e1s, szentmise. * * Minden helyen mindenkit szeretettel v\u00e1r a k\u00f6z\u00f6ss\u00e9g \u00e9s Tibor atya! Bens\u0151s\u00e9ges \u0151szi napokat, j\u00f3 munk\u00e1t, tartalmas besz\u00e9lget\u00e9seket, \u00f6r\u00f6mteli tal\u00e1lkoz\u00e1sokat \u00e9s \u00e1ldott adventi k\u00e9sz\u00fcletet k\u00edv\u00e1nunk minden Kedves H\u00edv\u00fcnknek! * Van-e \u00e9rz\u00e9s, mely forr\u00f3ban \u00e9s sejtelmesebben megdobogtatja az emberi sz\u00edvet, mint az \u00fcnnep \u00e9s a v\u00e1rakoz\u00e1s izgalma?\u00a0(M\u00e1rai S\u00e1ndor \u2013 1900-1989) (K\u00e9pek forr\u00e1sa: pixabay.com)<\/p>\n","protected":false},"author":3,"featured_media":22527,"comment_status":"closed","ping_status":"closed","sticky":false,"template":"","format":"standard","meta":{"footnotes":""},"categories":[37],"tags":[],"class_list":["post-22525","post","type-post","status-publish","format-standard","has-post-thumbnail","hentry","category-progamelozetes"],"yoast_head":"<!-- This site is optimized with the Yoast SEO plugin v27.3 - https:\/\/yoast.com\/product\/yoast-seo-wordpress\/ -->\n<title>November 22 \u00e9s 28 k\u00f6z\u00f6tt - Stuttgarti Katolikusok<\/title>\n<meta name=\"robots\" content=\"index, follow, max-snippet:-1, max-image-preview:large, max-video-preview:-1\" \/>\n<link rel=\"canonical\" href=\"https:\/\/stuttgarti-katolikusok.de\/index.php\/november-22-es-28-kozott\/\" \/>\n<meta property=\"og:locale\" content=\"hu_HU\" \/>\n<meta property=\"og:type\" content=\"article\" \/>\n<meta property=\"og:title\" content=\"November 22 \u00e9s 28 k\u00f6z\u00f6tt - Stuttgarti Katolikusok\" \/>\n<meta property=\"og:description\" content=\"Programel\u0151zetes A jelenlegi egyh\u00e1zi rendelkez\u00e9sek \u00e9rtelm\u00e9ben nem csak a szentmise tarthat\u00f3 meg. K\u00f6z\u00f6ss\u00e9gi termeinket imm\u00e1r haszn\u00e1lhatjuk, a helyi szab\u00e1lyok k\u00edn\u00e1lta lehet\u0151s\u00e9gek f\u00fcggv\u00e9ny\u00e9ben! Mindez helys\u00e9gekk\u00e9nt v\u00e1ltozik! Szentmis\u00e9n k\u00f6telez\u0151 a maszk haszn\u00e1lata, jelenl\u00e9ti lista n\u00e9vvel \u00e9s el\u00e9rhet\u0151s\u00e9ggel, kezek fert\u0151tlen\u00edt\u00e9se! Akik Stuttgartban vesznek r\u00e9szt a szentmis\u00e9n, azok sz\u00e1m\u00e1ra tov\u00e1bbra is el\u0151zetes bejelentkez\u00e9sre van sz\u00fcks\u00e9g, amelyet telefonon kereszt\u00fcl, vagy e-mailben tehetnek meg. \u00a0\u00a0* November 26-\u00e1n,\u00a0p\u00e9nteken, Stuttgarti d\u00e9lut\u00e1n, 16.00 \u00f3rakor Bar\u00e1ts\u00e1gklub (2G-vel lehet r\u00e9szt venni) 18.00 \u00f3rakor\u00a0n\u00e9met- \u00e9s magyarnyelv\u0171 szentmise. * November 27-\u00e9n, szombaton,\u00a0Reutlingenben\u00a016.30 \u00f3rakor\u00a0b\u00facs\u00fas\u00a0szentmise,\u00a0keret\u00e9ben \u00c1rp\u00e1d-h\u00e1zi Szent Erzs\u00e9betet k\u00f6sz\u00f6ntj\u00fck. * November 28-\u00e1n,\u00a0Advent I. vas\u00e1rnapj\u00e1n, B\u00f6blingenben 9.30 \u00f3rakor, adventi gyertyagy\u00fajt\u00e1s, szentmise, Heilbronnban\u00a015.30 \u00f3rakor adventi gyertyagy\u00fajt\u00e1s, szentmise. * * Minden helyen mindenkit szeretettel v\u00e1r a k\u00f6z\u00f6ss\u00e9g \u00e9s Tibor atya! Bens\u0151s\u00e9ges \u0151szi napokat, j\u00f3 munk\u00e1t, tartalmas besz\u00e9lget\u00e9seket, \u00f6r\u00f6mteli tal\u00e1lkoz\u00e1sokat \u00e9s \u00e1ldott adventi k\u00e9sz\u00fcletet k\u00edv\u00e1nunk minden Kedves H\u00edv\u00fcnknek! * Van-e \u00e9rz\u00e9s, mely forr\u00f3ban \u00e9s sejtelmesebben megdobogtatja az emberi sz\u00edvet, mint az \u00fcnnep \u00e9s a v\u00e1rakoz\u00e1s izgalma?\u00a0(M\u00e1rai S\u00e1ndor \u2013 1900-1989) (K\u00e9pek forr\u00e1sa: pixabay.com)\" \/>\n<meta property=\"og:url\" content=\"https:\/\/stuttgarti-katolikusok.de\/index.php\/november-22-es-28-kozott\/\" \/>\n<meta property=\"og:site_name\" content=\"Stuttgarti Katolikusok\" \/>\n<meta property=\"article:published_time\" content=\"2021-11-22T14:05:21+00:00\" \/>\n<meta property=\"article:modified_time\" content=\"2021-11-22T15:40:27+00:00\" \/>\n<meta property=\"og:image\" content=\"https:\/\/stuttgarti-katolikusok.de\/wp-content\/uploads\/2021\/11\/osz.jpg\" \/>\n\t<meta property=\"og:image:width\" content=\"1280\" \/>\n\t<meta property=\"og:image:height\" content=\"853\" \/>\n\t<meta property=\"og:image:type\" content=\"image\/jpeg\" \/>\n<meta name=\"author\" content=\"Tibor atya\" \/>\n<meta name=\"twitter:card\" content=\"summary_large_image\" \/>\n<meta name=\"twitter:label1\" content=\"Szerz\u0151:\" \/>\n\t<meta name=\"twitter:data1\" content=\"Tibor atya\" \/>\n\t<meta name=\"twitter:label2\" content=\"Becs\u00fclt olvas\u00e1si id\u0151\" \/>\n\t<meta name=\"twitter:data2\" content=\"2 perc\" \/>\n<script type=\"application\/ld+json\" class=\"yoast-schema-graph\">{\"@context\":\"https:\\\/\\\/schema.org\",\"@graph\":[{\"@type\":\"Article\",\"@id\":\"https:\\\/\\\/stuttgarti-katolikusok.de\\\/index.php\\\/november-22-es-28-kozott\\\/#article\",\"isPartOf\":{\"@id\":\"https:\\\/\\\/stuttgarti-katolikusok.de\\\/index.php\\\/november-22-es-28-kozott\\\/\"},\"author\":{\"name\":\"Tibor atya\",\"@id\":\"https:\\\/\\\/stuttgarti-katolikusok.de\\\/#\\\/schema\\\/person\\\/75908d6f8fdc03a57889d27209df7795\"},\"headline\":\"November 22 \u00e9s 28 k\u00f6z\u00f6tt\",\"datePublished\":\"2021-11-22T14:05:21+00:00\",\"dateModified\":\"2021-11-22T15:40:27+00:00\",\"mainEntityOfPage\":{\"@id\":\"https:\\\/\\\/stuttgarti-katolikusok.de\\\/index.php\\\/november-22-es-28-kozott\\\/\"},\"wordCount\":251,\"image\":{\"@id\":\"https:\\\/\\\/stuttgarti-katolikusok.de\\\/index.php\\\/november-22-es-28-kozott\\\/#primaryimage\"},\"thumbnailUrl\":\"https:\\\/\\\/stuttgarti-katolikusok.de\\\/wp-content\\\/uploads\\\/2021\\\/11\\\/osz.jpg\",\"articleSection\":[\"Progamel\u0151zetes\"],\"inLanguage\":\"hu\"},{\"@type\":\"WebPage\",\"@id\":\"https:\\\/\\\/stuttgarti-katolikusok.de\\\/index.php\\\/november-22-es-28-kozott\\\/\",\"url\":\"https:\\\/\\\/stuttgarti-katolikusok.de\\\/index.php\\\/november-22-es-28-kozott\\\/\",\"name\":\"November 22 \u00e9s 28 k\u00f6z\u00f6tt - Stuttgarti Katolikusok\",\"isPartOf\":{\"@id\":\"https:\\\/\\\/stuttgarti-katolikusok.de\\\/#website\"},\"primaryImageOfPage\":{\"@id\":\"https:\\\/\\\/stuttgarti-katolikusok.de\\\/index.php\\\/november-22-es-28-kozott\\\/#primaryimage\"},\"image\":{\"@id\":\"https:\\\/\\\/stuttgarti-katolikusok.de\\\/index.php\\\/november-22-es-28-kozott\\\/#primaryimage\"},\"thumbnailUrl\":\"https:\\\/\\\/stuttgarti-katolikusok.de\\\/wp-content\\\/uploads\\\/2021\\\/11\\\/osz.jpg\",\"datePublished\":\"2021-11-22T14:05:21+00:00\",\"dateModified\":\"2021-11-22T15:40:27+00:00\",\"author\":{\"@id\":\"https:\\\/\\\/stuttgarti-katolikusok.de\\\/#\\\/schema\\\/person\\\/75908d6f8fdc03a57889d27209df7795\"},\"breadcrumb\":{\"@id\":\"https:\\\/\\\/stuttgarti-katolikusok.de\\\/index.php\\\/november-22-es-28-kozott\\\/#breadcrumb\"},\"inLanguage\":\"hu\",\"potentialAction\":[{\"@type\":\"ReadAction\",\"target\":[\"https:\\\/\\\/stuttgarti-katolikusok.de\\\/index.php\\\/november-22-es-28-kozott\\\/\"]}]},{\"@type\":\"ImageObject\",\"inLanguage\":\"hu\",\"@id\":\"https:\\\/\\\/stuttgarti-katolikusok.de\\\/index.php\\\/november-22-es-28-kozott\\\/#primaryimage\",\"url\":\"https:\\\/\\\/stuttgarti-katolikusok.de\\\/wp-content\\\/uploads\\\/2021\\\/11\\\/osz.jpg\",\"contentUrl\":\"https:\\\/\\\/stuttgarti-katolikusok.de\\\/wp-content\\\/uploads\\\/2021\\\/11\\\/osz.jpg\",\"width\":1280,\"height\":853},{\"@type\":\"BreadcrumbList\",\"@id\":\"https:\\\/\\\/stuttgarti-katolikusok.de\\\/index.php\\\/november-22-es-28-kozott\\\/#breadcrumb\",\"itemListElement\":[{\"@type\":\"ListItem\",\"position\":1,\"name\":\"Kezd\u0151lap\",\"item\":\"https:\\\/\\\/stuttgarti-katolikusok.de\\\/\"},{\"@type\":\"ListItem\",\"position\":2,\"name\":\"November 22 \u00e9s 28 k\u00f6z\u00f6tt\"}]},{\"@type\":\"WebSite\",\"@id\":\"https:\\\/\\\/stuttgarti-katolikusok.de\\\/#website\",\"url\":\"https:\\\/\\\/stuttgarti-katolikusok.de\\\/\",\"name\":\"Stuttgarti Katolikusok\",\"description\":\"\",\"potentialAction\":[{\"@type\":\"SearchAction\",\"target\":{\"@type\":\"EntryPoint\",\"urlTemplate\":\"https:\\\/\\\/stuttgarti-katolikusok.de\\\/?s={search_term_string}\"},\"query-input\":{\"@type\":\"PropertyValueSpecification\",\"valueRequired\":true,\"valueName\":\"search_term_string\"}}],\"inLanguage\":\"hu\"},{\"@type\":\"Person\",\"@id\":\"https:\\\/\\\/stuttgarti-katolikusok.de\\\/#\\\/schema\\\/person\\\/75908d6f8fdc03a57889d27209df7795\",\"name\":\"Tibor atya\",\"image\":{\"@type\":\"ImageObject\",\"inLanguage\":\"hu\",\"@id\":\"https:\\\/\\\/secure.gravatar.com\\\/avatar\\\/61d268e57d1f4525b111222e29d2d5a7f8c420fdbf231ba5566a8ceac74fa960?s=96&d=mm&r=g\",\"url\":\"https:\\\/\\\/secure.gravatar.com\\\/avatar\\\/61d268e57d1f4525b111222e29d2d5a7f8c420fdbf231ba5566a8ceac74fa960?s=96&d=mm&r=g\",\"contentUrl\":\"https:\\\/\\\/secure.gravatar.com\\\/avatar\\\/61d268e57d1f4525b111222e29d2d5a7f8c420fdbf231ba5566a8ceac74fa960?s=96&d=mm&r=g\",\"caption\":\"Tibor atya\"},\"url\":\"https:\\\/\\\/stuttgarti-katolikusok.de\\\/index.php\\\/author\\\/tibor-atya\\\/\"}]}<\/script>\n<!-- \/ Yoast SEO plugin. -->","yoast_head_json":{"title":"November 22 \u00e9s 28 k\u00f6z\u00f6tt - Stuttgarti Katolikusok","robots":{"index":"index","follow":"follow","max-snippet":"max-snippet:-1","max-image-preview":"max-image-preview:large","max-video-preview":"max-video-preview:-1"},"canonical":"https:\/\/stuttgarti-katolikusok.de\/index.php\/november-22-es-28-kozott\/","og_locale":"hu_HU","og_type":"article","og_title":"November 22 \u00e9s 28 k\u00f6z\u00f6tt - Stuttgarti Katolikusok","og_description":"Programel\u0151zetes A jelenlegi egyh\u00e1zi rendelkez\u00e9sek \u00e9rtelm\u00e9ben nem csak a szentmise tarthat\u00f3 meg. K\u00f6z\u00f6ss\u00e9gi termeinket imm\u00e1r haszn\u00e1lhatjuk, a helyi szab\u00e1lyok k\u00edn\u00e1lta lehet\u0151s\u00e9gek f\u00fcggv\u00e9ny\u00e9ben! Mindez helys\u00e9gekk\u00e9nt v\u00e1ltozik! Szentmis\u00e9n k\u00f6telez\u0151 a maszk haszn\u00e1lata, jelenl\u00e9ti lista n\u00e9vvel \u00e9s el\u00e9rhet\u0151s\u00e9ggel, kezek fert\u0151tlen\u00edt\u00e9se! Akik Stuttgartban vesznek r\u00e9szt a szentmis\u00e9n, azok sz\u00e1m\u00e1ra tov\u00e1bbra is el\u0151zetes bejelentkez\u00e9sre van sz\u00fcks\u00e9g, amelyet telefonon kereszt\u00fcl, vagy e-mailben tehetnek meg. \u00a0\u00a0* November 26-\u00e1n,\u00a0p\u00e9nteken, Stuttgarti d\u00e9lut\u00e1n, 16.00 \u00f3rakor Bar\u00e1ts\u00e1gklub (2G-vel lehet r\u00e9szt venni) 18.00 \u00f3rakor\u00a0n\u00e9met- \u00e9s magyarnyelv\u0171 szentmise. * November 27-\u00e9n, szombaton,\u00a0Reutlingenben\u00a016.30 \u00f3rakor\u00a0b\u00facs\u00fas\u00a0szentmise,\u00a0keret\u00e9ben \u00c1rp\u00e1d-h\u00e1zi Szent Erzs\u00e9betet k\u00f6sz\u00f6ntj\u00fck. * November 28-\u00e1n,\u00a0Advent I. vas\u00e1rnapj\u00e1n, B\u00f6blingenben 9.30 \u00f3rakor, adventi gyertyagy\u00fajt\u00e1s, szentmise, Heilbronnban\u00a015.30 \u00f3rakor adventi gyertyagy\u00fajt\u00e1s, szentmise. * * Minden helyen mindenkit szeretettel v\u00e1r a k\u00f6z\u00f6ss\u00e9g \u00e9s Tibor atya! Bens\u0151s\u00e9ges \u0151szi napokat, j\u00f3 munk\u00e1t, tartalmas besz\u00e9lget\u00e9seket, \u00f6r\u00f6mteli tal\u00e1lkoz\u00e1sokat \u00e9s \u00e1ldott adventi k\u00e9sz\u00fcletet k\u00edv\u00e1nunk minden Kedves H\u00edv\u00fcnknek! * Van-e \u00e9rz\u00e9s, mely forr\u00f3ban \u00e9s sejtelmesebben megdobogtatja az emberi sz\u00edvet, mint az \u00fcnnep \u00e9s a v\u00e1rakoz\u00e1s izgalma?\u00a0(M\u00e1rai S\u00e1ndor \u2013 1900-1989) (K\u00e9pek forr\u00e1sa: pixabay.com)","og_url":"https:\/\/stuttgarti-katolikusok.de\/index.php\/november-22-es-28-kozott\/","og_site_name":"Stuttgarti Katolikusok","article_published_time":"2021-11-22T14:05:21+00:00","article_modified_time":"2021-11-22T15:40:27+00:00","og_image":[{"width":1280,"height":853,"url":"https:\/\/stuttgarti-katolikusok.de\/wp-content\/uploads\/2021\/11\/osz.jpg","type":"image\/jpeg"}],"author":"Tibor atya","twitter_card":"summary_large_image","twitter_misc":{"Szerz\u0151:":"Tibor atya","Becs\u00fclt olvas\u00e1si id\u0151":"2 perc"},"schema":{"@context":"https:\/\/schema.org","@graph":[{"@type":"Article","@id":"https:\/\/stuttgarti-katolikusok.de\/index.php\/november-22-es-28-kozott\/#article","isPartOf":{"@id":"https:\/\/stuttgarti-katolikusok.de\/index.php\/november-22-es-28-kozott\/"},"author":{"name":"Tibor atya","@id":"https:\/\/stuttgarti-katolikusok.de\/#\/schema\/person\/75908d6f8fdc03a57889d27209df7795"},"headline":"November 22 \u00e9s 28 k\u00f6z\u00f6tt","datePublished":"2021-11-22T14:05:21+00:00","dateModified":"2021-11-22T15:40:27+00:00","mainEntityOfPage":{"@id":"https:\/\/stuttgarti-katolikusok.de\/index.php\/november-22-es-28-kozott\/"},"wordCount":251,"image":{"@id":"https:\/\/stuttgarti-katolikusok.de\/index.php\/november-22-es-28-kozott\/#primaryimage"},"thumbnailUrl":"https:\/\/stuttgarti-katolikusok.de\/wp-content\/uploads\/2021\/11\/osz.jpg","articleSection":["Progamel\u0151zetes"],"inLanguage":"hu"},{"@type":"WebPage","@id":"https:\/\/stuttgarti-katolikusok.de\/index.php\/november-22-es-28-kozott\/","url":"https:\/\/stuttgarti-katolikusok.de\/index.php\/november-22-es-28-kozott\/","name":"November 22 \u00e9s 28 k\u00f6z\u00f6tt - Stuttgarti Katolikusok","isPartOf":{"@id":"https:\/\/stuttgarti-katolikusok.de\/#website"},"primaryImageOfPage":{"@id":"https:\/\/stuttgarti-katolikusok.de\/index.php\/november-22-es-28-kozott\/#primaryimage"},"image":{"@id":"https:\/\/stuttgarti-katolikusok.de\/index.php\/november-22-es-28-kozott\/#primaryimage"},"thumbnailUrl":"https:\/\/stuttgarti-katolikusok.de\/wp-content\/uploads\/2021\/11\/osz.jpg","datePublished":"2021-11-22T14:05:21+00:00","dateModified":"2021-11-22T15:40:27+00:00","author":{"@id":"https:\/\/stuttgarti-katolikusok.de\/#\/schema\/person\/75908d6f8fdc03a57889d27209df7795"},"breadcrumb":{"@id":"https:\/\/stuttgarti-katolikusok.de\/index.php\/november-22-es-28-kozott\/#breadcrumb"},"inLanguage":"hu","potentialAction":[{"@type":"ReadAction","target":["https:\/\/stuttgarti-katolikusok.de\/index.php\/november-22-es-28-kozott\/"]}]},{"@type":"ImageObject","inLanguage":"hu","@id":"https:\/\/stuttgarti-katolikusok.de\/index.php\/november-22-es-28-kozott\/#primaryimage","url":"https:\/\/stuttgarti-katolikusok.de\/wp-content\/uploads\/2021\/11\/osz.jpg","contentUrl":"https:\/\/stuttgarti-katolikusok.de\/wp-content\/uploads\/2021\/11\/osz.jpg","width":1280,"height":853},{"@type":"BreadcrumbList","@id":"https:\/\/stuttgarti-katolikusok.de\/index.php\/november-22-es-28-kozott\/#breadcrumb","itemListElement":[{"@type":"ListItem","position":1,"name":"Kezd\u0151lap","item":"https:\/\/stuttgarti-katolikusok.de\/"},{"@type":"ListItem","position":2,"name":"November 22 \u00e9s 28 k\u00f6z\u00f6tt"}]},{"@type":"WebSite","@id":"https:\/\/stuttgarti-katolikusok.de\/#website","url":"https:\/\/stuttgarti-katolikusok.de\/","name":"Stuttgarti Katolikusok","description":"","potentialAction":[{"@type":"SearchAction","target":{"@type":"EntryPoint","urlTemplate":"https:\/\/stuttgarti-katolikusok.de\/?s={search_term_string}"},"query-input":{"@type":"PropertyValueSpecification","valueRequired":true,"valueName":"search_term_string"}}],"inLanguage":"hu"},{"@type":"Person","@id":"https:\/\/stuttgarti-katolikusok.de\/#\/schema\/person\/75908d6f8fdc03a57889d27209df7795","name":"Tibor atya","image":{"@type":"ImageObject","inLanguage":"hu","@id":"https:\/\/secure.gravatar.com\/avatar\/61d268e57d1f4525b111222e29d2d5a7f8c420fdbf231ba5566a8ceac74fa960?s=96&d=mm&r=g","url":"https:\/\/secure.gravatar.com\/avatar\/61d268e57d1f4525b111222e29d2d5a7f8c420fdbf231ba5566a8ceac74fa960?s=96&d=mm&r=g","contentUrl":"https:\/\/secure.gravatar.com\/avatar\/61d268e57d1f4525b111222e29d2d5a7f8c420fdbf231ba5566a8ceac74fa960?s=96&d=mm&r=g","caption":"Tibor atya"},"url":"https:\/\/stuttgarti-katolikusok.de\/index.php\/author\/tibor-atya\/"}]}},"_links":{"self":[{"href":"https:\/\/stuttgarti-katolikusok.de\/index.php\/wp-json\/wp\/v2\/posts\/22525","targetHints":{"allow":["GET"]}}],"collection":[{"href":"https:\/\/stuttgarti-katolikusok.de\/index.php\/wp-json\/wp\/v2\/posts"}],"about":[{"href":"https:\/\/stuttgarti-katolikusok.de\/index.php\/wp-json\/wp\/v2\/types\/post"}],"author":[{"embeddable":true,"href":"https:\/\/stuttgarti-katolikusok.de\/index.php\/wp-json\/wp\/v2\/users\/3"}],"replies":[{"embeddable":true,"href":"https:\/\/stuttgarti-katolikusok.de\/index.php\/wp-json\/wp\/v2\/comments?post=22525"}],"version-history":[{"count":4,"href":"https:\/\/stuttgarti-katolikusok.de\/index.php\/wp-json\/wp\/v2\/posts\/22525\/revisions"}],"predecessor-version":[{"id":22542,"href":"https:\/\/stuttgarti-katolikusok.de\/index.php\/wp-json\/wp\/v2\/posts\/22525\/revisions\/22542"}],"wp:featuredmedia":[{"embeddable":true,"href":"https:\/\/stuttgarti-katolikusok.de\/index.php\/wp-json\/wp\/v2\/media\/22527"}],"wp:attachment":[{"href":"https:\/\/stuttgarti-katolikusok.de\/index.php\/wp-json\/wp\/v2\/media?parent=22525"}],"wp:term":[{"taxonomy":"category","embeddable":true,"href":"https:\/\/stuttgarti-katolikusok.de\/index.php\/wp-json\/wp\/v2\/categories?post=22525"},{"taxonomy":"post_tag","embeddable":true,"href":"https:\/\/stuttgarti-katolikusok.de\/index.php\/wp-json\/wp\/v2\/tags?post=22525"}],"curies":[{"name":"wp","href":"https:\/\/api.w.org\/{rel}","templated":true}]}}