{"id":22494,"date":"2021-11-15T18:03:28","date_gmt":"2021-11-15T17:03:28","guid":{"rendered":"https:\/\/stuttgarti-katolikusok.de\/?p=22494"},"modified":"2021-11-15T18:41:36","modified_gmt":"2021-11-15T17:41:36","slug":"2021-november-15-es-21-kozott","status":"publish","type":"post","link":"https:\/\/stuttgarti-katolikusok.de\/index.php\/2021-november-15-es-21-kozott\/","title":{"rendered":"November 15 \u00e9s 21 k\u00f6z\u00f6tt"},"content":{"rendered":"<p><span style=\"color: #ff6600;\"><strong>Programel\u0151zetes<\/strong><\/span><\/p>\n<p><span style=\"color: #ff6600;\"><em>A jelenlegi egyh\u00e1zi rendelkez\u00e9sek \u00e9rtelm\u00e9ben nem csak a szentmise tarthat\u00f3 meg.<\/em><\/span><\/p>\n<p><span style=\"color: #ff6600;\"><em>K\u00f6z\u00f6ss\u00e9gi termeinket imm\u00e1r haszn\u00e1lhatjuk, a helyi szab\u00e1lyok k\u00edn\u00e1lta lehet\u0151s\u00e9gek f\u00fcggv\u00e9ny\u00e9ben!<\/em><\/span><\/p>\n<p><span style=\"color: #ff6600;\"><em>Szentmis\u00e9n k\u00f6telez\u0151 a maszk haszn\u00e1lata, jelenl\u00e9ti lista n\u00e9vvel \u00e9s el\u00e9rhet\u0151s\u00e9ggel, kezek fert\u0151tlen\u00edt\u00e9se!<\/em><\/span><\/p>\n<p style=\"text-align: center;\"><span style=\"color: #ff6600;\"><em>\u00a0\u00a0<\/em>*<\/span><\/p>\n<p><strong>November 17-\u00e9n<\/strong>, szerd\u00e1n, <strong>Weingarteni d\u00e9lut\u00e1n<\/strong>,\u00a0 a <em>14 Nothelfer Kapelle<\/em>-ben 17.30 \u00f3rakor <em>r\u00f3zsaf\u00fcz\u00e9rt im\u00e1dkozunk<\/em>, ezt k\u00f6vet\u0151en 18.00 \u00f3r\u00e1t\u00f3l<em> szentmise<\/em>, keret\u00e9ben<em> Besz\u00e9lget\u00e9sek a Katekizmusr\u00f3l.<\/em><\/p>\n<p style=\"text-align: center;\"><span style=\"color: #ff6600;\"><strong>*<\/strong><\/span><\/p>\n<p><strong>November 18-\u00e1n<\/strong>, cs\u00fct\u00f6rt\u00f6k\u00f6n, <strong>Ulmi d\u00e9lut\u00e1n<\/strong>, 17.30 \u00f3rakor <em>r\u00f3zsaf\u00fcz\u00e9rt im\u00e1dkozunk<\/em>, ezt k\u00f6vet\u0151en 18.00 \u00f3r\u00e1t\u00f3l<em> szentmise<\/em>, keret\u00e9ben<em> Besz\u00e9lget\u00e9sek a Katekizmusr\u00f3l.<\/em><\/p>\n<p style=\"text-align: center;\"><span style=\"color: #ff6600;\"><strong>*<\/strong><\/span><\/p>\n<p><strong>November 19-\u00e9n,<\/strong>\u00a0p\u00e9nteken, <strong>Stuttgarti d\u00e9lut\u00e1n<\/strong>, <em>\u00c1rp\u00e1d-h\u00e1zi Szent Erzs\u00e9bet \u00fcnnepe,<\/em><\/p>\n<p>16.00 \u00f3rakor <em>Bar\u00e1ts\u00e1gklub<\/em>. Sajnos a k\u00f6z\u00f6ss\u00e9gi terem konyh\u00e1j\u00e1t egyel\u0151re m\u00e9g nem tudjuk haszn\u00e1lni,<\/p>\n<p>18.00 \u00f3rakor\u00a0<em>szentmise, <\/em>ut\u00e1na <em>bibliak\u00f6r. <\/em><\/p>\n<p style=\"text-align: center;\"><span style=\"color: #ff6600;\">*<\/span><\/p>\n<p><strong>November 20-\u00e1n<em>,<\/em><\/strong> szombaton<em> <strong>Heidenheimban <\/strong><\/em>15.30 \u00f3rakor<em> szentmise, <\/em>ezt k\u00f6vet\u0151en <em>szents\u00e9gim\u00e1d\u00e1st<\/em> tartunk.<\/p>\n<p>J\u00e9zus Krisztus a budapesti 52. Nemzetk\u00f6zi Eucharisztikus Kongresszust k\u00f6vet\u0151en is k\u00f6zt\u00fcnk maradt. \u0150 \u00dar, s Kir\u00e1ly a f\u00f6ld felett. H\u00e1l\u00e1t adunk a Kongresszus aj\u00e1nd\u00e9kai\u00e9rt, \u0150t im\u00e1djuk az Olt\u00e1riszents\u00e9gben.<\/p>\n<p><a href=\"https:\/\/stuttgarti-katolikusok.de\/wp-content\/uploads\/2021\/11\/poster-bianco-hu.png\"><img loading=\"lazy\" decoding=\"async\" class=\"alignnone size-full wp-image-22495\" src=\"https:\/\/stuttgarti-katolikusok.de\/wp-content\/uploads\/2021\/11\/poster-bianco-hu.png\" alt=\"\" width=\"595\" height=\"842\" srcset=\"https:\/\/stuttgarti-katolikusok.de\/wp-content\/uploads\/2021\/11\/poster-bianco-hu.png 595w, https:\/\/stuttgarti-katolikusok.de\/wp-content\/uploads\/2021\/11\/poster-bianco-hu-212x300.png 212w\" sizes=\"auto, (max-width: 595px) 100vw, 595px\" \/><\/a><\/p>\n<p style=\"text-align: center;\"><span style=\"color: #ff6600;\">*<\/span><\/p>\n<p><strong>November 21-\u00e9n<\/strong><em>, <span style=\"color: #ff6600;\">Krisztus Kir\u00e1ly vas\u00e1rnapja<\/span>,<\/em><\/p>\n<p><strong><em>Ludwigsburgban <\/em><\/strong>9.30 \u00f3rakor <em>szentmise,<\/em><\/p>\n<p><strong><em>Stuttgartban <\/em><\/strong>12.00 \u00f3rakor<em> szentmise, <\/em>ezt k\u00f6vet\u0151en <em>szents\u00e9gim\u00e1d\u00e1st tartunk.<\/em><\/p>\n<p>J\u00e9zus Krisztus a budapesti 52. Nemzetk\u00f6zi Eucharisztikus Kongresszust k\u00f6vet\u0151en is k\u00f6zt\u00fcnk maradt. \u0150 \u00dar, s Kir\u00e1ly a f\u00f6ld felett. H\u00e1l\u00e1t adunk a Kongresszus aj\u00e1nd\u00e9kai\u00e9rt, \u0150t im\u00e1djuk az Olt\u00e1riszents\u00e9gben.<\/p>\n<p><strong><em>Eislingenben <\/em><\/strong>15.30 \u00f3rakor<em> b\u00facs\u00fas-szentmise, Sk\u00f3ciai Szent Margitot <\/em>k\u00f6sz\u00f6ntj\u00fck.<\/p>\n<p style=\"text-align: center;\"><a href=\"https:\/\/stuttgarti-katolikusok.de\/wp-content\/uploads\/2021\/11\/skociai-szent-margit.jpeg\"><img loading=\"lazy\" decoding=\"async\" class=\"alignnone size-full wp-image-22496\" src=\"https:\/\/stuttgarti-katolikusok.de\/wp-content\/uploads\/2021\/11\/skociai-szent-margit.jpeg\" alt=\"\" width=\"194\" height=\"259\" \/><\/a><\/p>\n<p style=\"text-align: center;\"><span style=\"color: #ff6600;\">*<\/span><\/p>\n<p>Minden helyen mindenkit szeretettel v\u00e1r a k\u00f6z\u00f6ss\u00e9g \u00e9s Tibor atya!<\/p>\n<p><span style=\"color: #ff6600;\"><strong><em>Bens\u0151s\u00e9ges \u0151szi napokat, j\u00f3 munk\u00e1t, tartalmas besz\u00e9lget\u00e9seket \u00e9s \u00f6r\u00f6mteli tal\u00e1lkoz\u00e1sokat k\u00edv\u00e1nunk minden Kedves H\u00edv\u00fcnknek!<\/em><\/strong><\/span><\/p>\n<p style=\"text-align: center;\"><span style=\"color: #ff6600;\"><strong>*<\/strong><\/span><\/p>\n<p><em><span style=\"color: #ff6600;\">\u201eATY\u00c1M,<\/span><\/em><\/p>\n<p><em><span style=\"color: #ff6600;\">R\u00e1d hagyatkozom, tedd velem azt, ami neked tetszik.<\/span><\/em><\/p>\n<p><em><span style=\"color: #ff6600;\">B\u00e1rmit teszel is velem, megk\u00f6sz\u00f6n\u00f6m.<\/span><\/em><\/p>\n<p><em><span style=\"color: #ff6600;\">K\u00e9sz vagyok mindenre, elfogadok mindent,<\/span><\/em><\/p>\n<p><em><span style=\"color: #ff6600;\">csak akaratod teljesedj\u00e9k, bennem \u00e9s minden teremtm\u00e9nyedben.<\/span><\/em><\/p>\n<p><em><span style=\"color: #ff6600;\">Semmi m\u00e1st nem \u00f3hajtok, Istenem!<\/span><\/em><\/p>\n<p><em><span style=\"color: #ff6600;\">Kezedbe aj\u00e1nlom lelkemet, neked adom, Istenem,<\/span><\/em><\/p>\n<p><em><span style=\"color: #ff6600;\">sz\u00edvem eg\u00e9sz szeretet\u00e9vel,<\/span><\/em><\/p>\n<p><em><span style=\"color: #ff6600;\">mert szeretlek t\u00e9ged, \u00e9s a szeretet s\u00fcrget,<\/span><\/em><\/p>\n<p><em><span style=\"color: #ff6600;\">hogy eg\u00e9szen neked adjam magam,<\/span><\/em><\/p>\n<p><em><span style=\"color: #ff6600;\">hogy fenntart\u00e1s n\u00e9lk\u00fcl kezedbe helyezzem \u00e9letemet<\/span><\/em><\/p>\n<p><em><span style=\"color: #ff6600;\">hat\u00e1rtalan bizalommal,<\/span><\/em><\/p>\n<p><em><span style=\"color: #ff6600;\">mert te vagy az \u00e9n Aty\u00e1m!\u201d<\/span><\/em><\/p>\n<p><em>(Boldog Charles de Foucauld \u2013 1858-1916 \u2013 trappista szerzetes, katolikus pap)<\/em><\/p>\n","protected":false},"excerpt":{"rendered":"<p>Programel\u0151zetes A jelenlegi egyh\u00e1zi rendelkez\u00e9sek \u00e9rtelm\u00e9ben nem csak a szentmise tarthat\u00f3 meg. K\u00f6z\u00f6ss\u00e9gi termeinket imm\u00e1r haszn\u00e1lhatjuk, a helyi szab\u00e1lyok k\u00edn\u00e1lta lehet\u0151s\u00e9gek f\u00fcggv\u00e9ny\u00e9ben! Szentmis\u00e9n k\u00f6telez\u0151 a maszk haszn\u00e1lata, jelenl\u00e9ti lista n\u00e9vvel \u00e9s el\u00e9rhet\u0151s\u00e9ggel, kezek fert\u0151tlen\u00edt\u00e9se! \u00a0\u00a0* November 17-\u00e9n, szerd\u00e1n, Weingarteni d\u00e9lut\u00e1n,\u00a0 a 14 Nothelfer Kapelle-ben 17.30 \u00f3rakor r\u00f3zsaf\u00fcz\u00e9rt im\u00e1dkozunk, ezt k\u00f6vet\u0151en 18.00 \u00f3r\u00e1t\u00f3l szentmise, keret\u00e9ben Besz\u00e9lget\u00e9sek a Katekizmusr\u00f3l. * November 18-\u00e1n, cs\u00fct\u00f6rt\u00f6k\u00f6n, Ulmi d\u00e9lut\u00e1n, 17.30 \u00f3rakor r\u00f3zsaf\u00fcz\u00e9rt im\u00e1dkozunk, ezt k\u00f6vet\u0151en 18.00 \u00f3r\u00e1t\u00f3l szentmise, keret\u00e9ben Besz\u00e9lget\u00e9sek a Katekizmusr\u00f3l. * November 19-\u00e9n,\u00a0p\u00e9nteken, Stuttgarti d\u00e9lut\u00e1n, \u00c1rp\u00e1d-h\u00e1zi Szent Erzs\u00e9bet \u00fcnnepe, 16.00 \u00f3rakor Bar\u00e1ts\u00e1gklub. Sajnos a k\u00f6z\u00f6ss\u00e9gi terem konyh\u00e1j\u00e1t egyel\u0151re m\u00e9g nem tudjuk haszn\u00e1lni, 18.00 \u00f3rakor\u00a0szentmise, ut\u00e1na bibliak\u00f6r. * November 20-\u00e1n, szombaton Heidenheimban 15.30 \u00f3rakor szentmise, ezt k\u00f6vet\u0151en szents\u00e9gim\u00e1d\u00e1st tartunk. J\u00e9zus Krisztus a budapesti 52. Nemzetk\u00f6zi Eucharisztikus Kongresszust k\u00f6vet\u0151en is k\u00f6zt\u00fcnk maradt. \u0150 \u00dar, s Kir\u00e1ly a f\u00f6ld felett. H\u00e1l\u00e1t adunk a Kongresszus aj\u00e1nd\u00e9kai\u00e9rt, \u0150t im\u00e1djuk az Olt\u00e1riszents\u00e9gben. * November 21-\u00e9n, Krisztus Kir\u00e1ly vas\u00e1rnapja, Ludwigsburgban 9.30 \u00f3rakor szentmise, Stuttgartban 12.00 \u00f3rakor szentmise, ezt k\u00f6vet\u0151en szents\u00e9gim\u00e1d\u00e1st tartunk. J\u00e9zus Krisztus a budapesti 52. Nemzetk\u00f6zi Eucharisztikus Kongresszust k\u00f6vet\u0151en is k\u00f6zt\u00fcnk maradt. \u0150 \u00dar, s Kir\u00e1ly a f\u00f6ld felett. H\u00e1l\u00e1t adunk a Kongresszus aj\u00e1nd\u00e9kai\u00e9rt, \u0150t im\u00e1djuk az Olt\u00e1riszents\u00e9gben. Eislingenben 15.30 \u00f3rakor b\u00facs\u00fas-szentmise, Sk\u00f3ciai Szent Margitot k\u00f6sz\u00f6ntj\u00fck. * Minden helyen mindenkit szeretettel v\u00e1r a k\u00f6z\u00f6ss\u00e9g \u00e9s Tibor atya! Bens\u0151s\u00e9ges \u0151szi napokat, j\u00f3 munk\u00e1t, tartalmas besz\u00e9lget\u00e9seket \u00e9s \u00f6r\u00f6mteli tal\u00e1lkoz\u00e1sokat k\u00edv\u00e1nunk minden Kedves H\u00edv\u00fcnknek! * \u201eATY\u00c1M, R\u00e1d hagyatkozom, tedd velem azt, ami neked tetszik. B\u00e1rmit teszel is velem, megk\u00f6sz\u00f6n\u00f6m. K\u00e9sz vagyok mindenre, elfogadok mindent, csak akaratod teljesedj\u00e9k, bennem \u00e9s minden teremtm\u00e9nyedben. Semmi m\u00e1st nem \u00f3hajtok, Istenem! Kezedbe aj\u00e1nlom lelkemet, neked adom, Istenem, sz\u00edvem eg\u00e9sz szeretet\u00e9vel, mert szeretlek t\u00e9ged, \u00e9s a szeretet s\u00fcrget, hogy eg\u00e9szen neked adjam magam, hogy fenntart\u00e1s n\u00e9lk\u00fcl kezedbe helyezzem \u00e9letemet hat\u00e1rtalan bizalommal, mert te vagy az \u00e9n Aty\u00e1m!\u201d (Boldog Charles de Foucauld \u2013 1858-1916 \u2013 trappista szerzetes, katolikus pap)<\/p>\n","protected":false},"author":3,"featured_media":20509,"comment_status":"closed","ping_status":"closed","sticky":false,"template":"","format":"standard","meta":{"footnotes":""},"categories":[37],"tags":[],"class_list":["post-22494","post","type-post","status-publish","format-standard","has-post-thumbnail","hentry","category-progamelozetes"],"yoast_head":"<!-- This site is optimized with the Yoast SEO plugin v27.3 - https:\/\/yoast.com\/product\/yoast-seo-wordpress\/ -->\n<title>November 15 \u00e9s 21 k\u00f6z\u00f6tt - Stuttgarti Katolikusok<\/title>\n<meta name=\"robots\" content=\"index, follow, max-snippet:-1, max-image-preview:large, max-video-preview:-1\" \/>\n<link rel=\"canonical\" href=\"https:\/\/stuttgarti-katolikusok.de\/index.php\/2021-november-15-es-21-kozott\/\" \/>\n<meta property=\"og:locale\" content=\"hu_HU\" \/>\n<meta property=\"og:type\" content=\"article\" \/>\n<meta property=\"og:title\" content=\"November 15 \u00e9s 21 k\u00f6z\u00f6tt - Stuttgarti Katolikusok\" \/>\n<meta property=\"og:description\" content=\"Programel\u0151zetes A jelenlegi egyh\u00e1zi rendelkez\u00e9sek \u00e9rtelm\u00e9ben nem csak a szentmise tarthat\u00f3 meg. K\u00f6z\u00f6ss\u00e9gi termeinket imm\u00e1r haszn\u00e1lhatjuk, a helyi szab\u00e1lyok k\u00edn\u00e1lta lehet\u0151s\u00e9gek f\u00fcggv\u00e9ny\u00e9ben! Szentmis\u00e9n k\u00f6telez\u0151 a maszk haszn\u00e1lata, jelenl\u00e9ti lista n\u00e9vvel \u00e9s el\u00e9rhet\u0151s\u00e9ggel, kezek fert\u0151tlen\u00edt\u00e9se! \u00a0\u00a0* November 17-\u00e9n, szerd\u00e1n, Weingarteni d\u00e9lut\u00e1n,\u00a0 a 14 Nothelfer Kapelle-ben 17.30 \u00f3rakor r\u00f3zsaf\u00fcz\u00e9rt im\u00e1dkozunk, ezt k\u00f6vet\u0151en 18.00 \u00f3r\u00e1t\u00f3l szentmise, keret\u00e9ben Besz\u00e9lget\u00e9sek a Katekizmusr\u00f3l. * November 18-\u00e1n, cs\u00fct\u00f6rt\u00f6k\u00f6n, Ulmi d\u00e9lut\u00e1n, 17.30 \u00f3rakor r\u00f3zsaf\u00fcz\u00e9rt im\u00e1dkozunk, ezt k\u00f6vet\u0151en 18.00 \u00f3r\u00e1t\u00f3l szentmise, keret\u00e9ben Besz\u00e9lget\u00e9sek a Katekizmusr\u00f3l. * November 19-\u00e9n,\u00a0p\u00e9nteken, Stuttgarti d\u00e9lut\u00e1n, \u00c1rp\u00e1d-h\u00e1zi Szent Erzs\u00e9bet \u00fcnnepe, 16.00 \u00f3rakor Bar\u00e1ts\u00e1gklub. Sajnos a k\u00f6z\u00f6ss\u00e9gi terem konyh\u00e1j\u00e1t egyel\u0151re m\u00e9g nem tudjuk haszn\u00e1lni, 18.00 \u00f3rakor\u00a0szentmise, ut\u00e1na bibliak\u00f6r. * November 20-\u00e1n, szombaton Heidenheimban 15.30 \u00f3rakor szentmise, ezt k\u00f6vet\u0151en szents\u00e9gim\u00e1d\u00e1st tartunk. J\u00e9zus Krisztus a budapesti 52. Nemzetk\u00f6zi Eucharisztikus Kongresszust k\u00f6vet\u0151en is k\u00f6zt\u00fcnk maradt. \u0150 \u00dar, s Kir\u00e1ly a f\u00f6ld felett. H\u00e1l\u00e1t adunk a Kongresszus aj\u00e1nd\u00e9kai\u00e9rt, \u0150t im\u00e1djuk az Olt\u00e1riszents\u00e9gben. * November 21-\u00e9n, Krisztus Kir\u00e1ly vas\u00e1rnapja, Ludwigsburgban 9.30 \u00f3rakor szentmise, Stuttgartban 12.00 \u00f3rakor szentmise, ezt k\u00f6vet\u0151en szents\u00e9gim\u00e1d\u00e1st tartunk. J\u00e9zus Krisztus a budapesti 52. Nemzetk\u00f6zi Eucharisztikus Kongresszust k\u00f6vet\u0151en is k\u00f6zt\u00fcnk maradt. \u0150 \u00dar, s Kir\u00e1ly a f\u00f6ld felett. H\u00e1l\u00e1t adunk a Kongresszus aj\u00e1nd\u00e9kai\u00e9rt, \u0150t im\u00e1djuk az Olt\u00e1riszents\u00e9gben. Eislingenben 15.30 \u00f3rakor b\u00facs\u00fas-szentmise, Sk\u00f3ciai Szent Margitot k\u00f6sz\u00f6ntj\u00fck. * Minden helyen mindenkit szeretettel v\u00e1r a k\u00f6z\u00f6ss\u00e9g \u00e9s Tibor atya! Bens\u0151s\u00e9ges \u0151szi napokat, j\u00f3 munk\u00e1t, tartalmas besz\u00e9lget\u00e9seket \u00e9s \u00f6r\u00f6mteli tal\u00e1lkoz\u00e1sokat k\u00edv\u00e1nunk minden Kedves H\u00edv\u00fcnknek! * \u201eATY\u00c1M, R\u00e1d hagyatkozom, tedd velem azt, ami neked tetszik. B\u00e1rmit teszel is velem, megk\u00f6sz\u00f6n\u00f6m. K\u00e9sz vagyok mindenre, elfogadok mindent, csak akaratod teljesedj\u00e9k, bennem \u00e9s minden teremtm\u00e9nyedben. Semmi m\u00e1st nem \u00f3hajtok, Istenem! Kezedbe aj\u00e1nlom lelkemet, neked adom, Istenem, sz\u00edvem eg\u00e9sz szeretet\u00e9vel, mert szeretlek t\u00e9ged, \u00e9s a szeretet s\u00fcrget, hogy eg\u00e9szen neked adjam magam, hogy fenntart\u00e1s n\u00e9lk\u00fcl kezedbe helyezzem \u00e9letemet hat\u00e1rtalan bizalommal, mert te vagy az \u00e9n Aty\u00e1m!\u201d (Boldog Charles de Foucauld \u2013 1858-1916 \u2013 trappista szerzetes, katolikus pap)\" \/>\n<meta property=\"og:url\" content=\"https:\/\/stuttgarti-katolikusok.de\/index.php\/2021-november-15-es-21-kozott\/\" \/>\n<meta property=\"og:site_name\" content=\"Stuttgarti Katolikusok\" \/>\n<meta property=\"article:published_time\" content=\"2021-11-15T17:03:28+00:00\" \/>\n<meta property=\"article:modified_time\" content=\"2021-11-15T17:41:36+00:00\" \/>\n<meta property=\"og:image\" content=\"https:\/\/stuttgarti-katolikusok.de\/wp-content\/uploads\/2020\/11\/nek.jpg\" \/>\n\t<meta property=\"og:image:width\" content=\"508\" \/>\n\t<meta property=\"og:image:height\" content=\"375\" \/>\n\t<meta property=\"og:image:type\" content=\"image\/jpeg\" \/>\n<meta name=\"author\" content=\"Tibor atya\" \/>\n<meta name=\"twitter:card\" content=\"summary_large_image\" \/>\n<meta name=\"twitter:label1\" content=\"Szerz\u0151:\" \/>\n\t<meta name=\"twitter:data1\" content=\"Tibor atya\" \/>\n\t<meta name=\"twitter:label2\" content=\"Becs\u00fclt olvas\u00e1si id\u0151\" \/>\n\t<meta name=\"twitter:data2\" content=\"2 perc\" \/>\n<script type=\"application\/ld+json\" class=\"yoast-schema-graph\">{\"@context\":\"https:\\\/\\\/schema.org\",\"@graph\":[{\"@type\":\"Article\",\"@id\":\"https:\\\/\\\/stuttgarti-katolikusok.de\\\/index.php\\\/2021-november-15-es-21-kozott\\\/#article\",\"isPartOf\":{\"@id\":\"https:\\\/\\\/stuttgarti-katolikusok.de\\\/index.php\\\/2021-november-15-es-21-kozott\\\/\"},\"author\":{\"name\":\"Tibor atya\",\"@id\":\"https:\\\/\\\/stuttgarti-katolikusok.de\\\/#\\\/schema\\\/person\\\/75908d6f8fdc03a57889d27209df7795\"},\"headline\":\"November 15 \u00e9s 21 k\u00f6z\u00f6tt\",\"datePublished\":\"2021-11-15T17:03:28+00:00\",\"dateModified\":\"2021-11-15T17:41:36+00:00\",\"mainEntityOfPage\":{\"@id\":\"https:\\\/\\\/stuttgarti-katolikusok.de\\\/index.php\\\/2021-november-15-es-21-kozott\\\/\"},\"wordCount\":454,\"image\":{\"@id\":\"https:\\\/\\\/stuttgarti-katolikusok.de\\\/index.php\\\/2021-november-15-es-21-kozott\\\/#primaryimage\"},\"thumbnailUrl\":\"https:\\\/\\\/stuttgarti-katolikusok.de\\\/wp-content\\\/uploads\\\/2020\\\/11\\\/nek.jpg\",\"articleSection\":[\"Progamel\u0151zetes\"],\"inLanguage\":\"hu\"},{\"@type\":\"WebPage\",\"@id\":\"https:\\\/\\\/stuttgarti-katolikusok.de\\\/index.php\\\/2021-november-15-es-21-kozott\\\/\",\"url\":\"https:\\\/\\\/stuttgarti-katolikusok.de\\\/index.php\\\/2021-november-15-es-21-kozott\\\/\",\"name\":\"November 15 \u00e9s 21 k\u00f6z\u00f6tt - Stuttgarti Katolikusok\",\"isPartOf\":{\"@id\":\"https:\\\/\\\/stuttgarti-katolikusok.de\\\/#website\"},\"primaryImageOfPage\":{\"@id\":\"https:\\\/\\\/stuttgarti-katolikusok.de\\\/index.php\\\/2021-november-15-es-21-kozott\\\/#primaryimage\"},\"image\":{\"@id\":\"https:\\\/\\\/stuttgarti-katolikusok.de\\\/index.php\\\/2021-november-15-es-21-kozott\\\/#primaryimage\"},\"thumbnailUrl\":\"https:\\\/\\\/stuttgarti-katolikusok.de\\\/wp-content\\\/uploads\\\/2020\\\/11\\\/nek.jpg\",\"datePublished\":\"2021-11-15T17:03:28+00:00\",\"dateModified\":\"2021-11-15T17:41:36+00:00\",\"author\":{\"@id\":\"https:\\\/\\\/stuttgarti-katolikusok.de\\\/#\\\/schema\\\/person\\\/75908d6f8fdc03a57889d27209df7795\"},\"breadcrumb\":{\"@id\":\"https:\\\/\\\/stuttgarti-katolikusok.de\\\/index.php\\\/2021-november-15-es-21-kozott\\\/#breadcrumb\"},\"inLanguage\":\"hu\",\"potentialAction\":[{\"@type\":\"ReadAction\",\"target\":[\"https:\\\/\\\/stuttgarti-katolikusok.de\\\/index.php\\\/2021-november-15-es-21-kozott\\\/\"]}]},{\"@type\":\"ImageObject\",\"inLanguage\":\"hu\",\"@id\":\"https:\\\/\\\/stuttgarti-katolikusok.de\\\/index.php\\\/2021-november-15-es-21-kozott\\\/#primaryimage\",\"url\":\"https:\\\/\\\/stuttgarti-katolikusok.de\\\/wp-content\\\/uploads\\\/2020\\\/11\\\/nek.jpg\",\"contentUrl\":\"https:\\\/\\\/stuttgarti-katolikusok.de\\\/wp-content\\\/uploads\\\/2020\\\/11\\\/nek.jpg\",\"width\":508,\"height\":375},{\"@type\":\"BreadcrumbList\",\"@id\":\"https:\\\/\\\/stuttgarti-katolikusok.de\\\/index.php\\\/2021-november-15-es-21-kozott\\\/#breadcrumb\",\"itemListElement\":[{\"@type\":\"ListItem\",\"position\":1,\"name\":\"Kezd\u0151lap\",\"item\":\"https:\\\/\\\/stuttgarti-katolikusok.de\\\/\"},{\"@type\":\"ListItem\",\"position\":2,\"name\":\"November 15 \u00e9s 21 k\u00f6z\u00f6tt\"}]},{\"@type\":\"WebSite\",\"@id\":\"https:\\\/\\\/stuttgarti-katolikusok.de\\\/#website\",\"url\":\"https:\\\/\\\/stuttgarti-katolikusok.de\\\/\",\"name\":\"Stuttgarti Katolikusok\",\"description\":\"\",\"potentialAction\":[{\"@type\":\"SearchAction\",\"target\":{\"@type\":\"EntryPoint\",\"urlTemplate\":\"https:\\\/\\\/stuttgarti-katolikusok.de\\\/?s={search_term_string}\"},\"query-input\":{\"@type\":\"PropertyValueSpecification\",\"valueRequired\":true,\"valueName\":\"search_term_string\"}}],\"inLanguage\":\"hu\"},{\"@type\":\"Person\",\"@id\":\"https:\\\/\\\/stuttgarti-katolikusok.de\\\/#\\\/schema\\\/person\\\/75908d6f8fdc03a57889d27209df7795\",\"name\":\"Tibor atya\",\"image\":{\"@type\":\"ImageObject\",\"inLanguage\":\"hu\",\"@id\":\"https:\\\/\\\/secure.gravatar.com\\\/avatar\\\/61d268e57d1f4525b111222e29d2d5a7f8c420fdbf231ba5566a8ceac74fa960?s=96&d=mm&r=g\",\"url\":\"https:\\\/\\\/secure.gravatar.com\\\/avatar\\\/61d268e57d1f4525b111222e29d2d5a7f8c420fdbf231ba5566a8ceac74fa960?s=96&d=mm&r=g\",\"contentUrl\":\"https:\\\/\\\/secure.gravatar.com\\\/avatar\\\/61d268e57d1f4525b111222e29d2d5a7f8c420fdbf231ba5566a8ceac74fa960?s=96&d=mm&r=g\",\"caption\":\"Tibor atya\"},\"url\":\"https:\\\/\\\/stuttgarti-katolikusok.de\\\/index.php\\\/author\\\/tibor-atya\\\/\"}]}<\/script>\n<!-- \/ Yoast SEO plugin. -->","yoast_head_json":{"title":"November 15 \u00e9s 21 k\u00f6z\u00f6tt - Stuttgarti Katolikusok","robots":{"index":"index","follow":"follow","max-snippet":"max-snippet:-1","max-image-preview":"max-image-preview:large","max-video-preview":"max-video-preview:-1"},"canonical":"https:\/\/stuttgarti-katolikusok.de\/index.php\/2021-november-15-es-21-kozott\/","og_locale":"hu_HU","og_type":"article","og_title":"November 15 \u00e9s 21 k\u00f6z\u00f6tt - Stuttgarti Katolikusok","og_description":"Programel\u0151zetes A jelenlegi egyh\u00e1zi rendelkez\u00e9sek \u00e9rtelm\u00e9ben nem csak a szentmise tarthat\u00f3 meg. K\u00f6z\u00f6ss\u00e9gi termeinket imm\u00e1r haszn\u00e1lhatjuk, a helyi szab\u00e1lyok k\u00edn\u00e1lta lehet\u0151s\u00e9gek f\u00fcggv\u00e9ny\u00e9ben! Szentmis\u00e9n k\u00f6telez\u0151 a maszk haszn\u00e1lata, jelenl\u00e9ti lista n\u00e9vvel \u00e9s el\u00e9rhet\u0151s\u00e9ggel, kezek fert\u0151tlen\u00edt\u00e9se! \u00a0\u00a0* November 17-\u00e9n, szerd\u00e1n, Weingarteni d\u00e9lut\u00e1n,\u00a0 a 14 Nothelfer Kapelle-ben 17.30 \u00f3rakor r\u00f3zsaf\u00fcz\u00e9rt im\u00e1dkozunk, ezt k\u00f6vet\u0151en 18.00 \u00f3r\u00e1t\u00f3l szentmise, keret\u00e9ben Besz\u00e9lget\u00e9sek a Katekizmusr\u00f3l. * November 18-\u00e1n, cs\u00fct\u00f6rt\u00f6k\u00f6n, Ulmi d\u00e9lut\u00e1n, 17.30 \u00f3rakor r\u00f3zsaf\u00fcz\u00e9rt im\u00e1dkozunk, ezt k\u00f6vet\u0151en 18.00 \u00f3r\u00e1t\u00f3l szentmise, keret\u00e9ben Besz\u00e9lget\u00e9sek a Katekizmusr\u00f3l. * November 19-\u00e9n,\u00a0p\u00e9nteken, Stuttgarti d\u00e9lut\u00e1n, \u00c1rp\u00e1d-h\u00e1zi Szent Erzs\u00e9bet \u00fcnnepe, 16.00 \u00f3rakor Bar\u00e1ts\u00e1gklub. Sajnos a k\u00f6z\u00f6ss\u00e9gi terem konyh\u00e1j\u00e1t egyel\u0151re m\u00e9g nem tudjuk haszn\u00e1lni, 18.00 \u00f3rakor\u00a0szentmise, ut\u00e1na bibliak\u00f6r. * November 20-\u00e1n, szombaton Heidenheimban 15.30 \u00f3rakor szentmise, ezt k\u00f6vet\u0151en szents\u00e9gim\u00e1d\u00e1st tartunk. J\u00e9zus Krisztus a budapesti 52. Nemzetk\u00f6zi Eucharisztikus Kongresszust k\u00f6vet\u0151en is k\u00f6zt\u00fcnk maradt. \u0150 \u00dar, s Kir\u00e1ly a f\u00f6ld felett. H\u00e1l\u00e1t adunk a Kongresszus aj\u00e1nd\u00e9kai\u00e9rt, \u0150t im\u00e1djuk az Olt\u00e1riszents\u00e9gben. * November 21-\u00e9n, Krisztus Kir\u00e1ly vas\u00e1rnapja, Ludwigsburgban 9.30 \u00f3rakor szentmise, Stuttgartban 12.00 \u00f3rakor szentmise, ezt k\u00f6vet\u0151en szents\u00e9gim\u00e1d\u00e1st tartunk. J\u00e9zus Krisztus a budapesti 52. Nemzetk\u00f6zi Eucharisztikus Kongresszust k\u00f6vet\u0151en is k\u00f6zt\u00fcnk maradt. \u0150 \u00dar, s Kir\u00e1ly a f\u00f6ld felett. H\u00e1l\u00e1t adunk a Kongresszus aj\u00e1nd\u00e9kai\u00e9rt, \u0150t im\u00e1djuk az Olt\u00e1riszents\u00e9gben. Eislingenben 15.30 \u00f3rakor b\u00facs\u00fas-szentmise, Sk\u00f3ciai Szent Margitot k\u00f6sz\u00f6ntj\u00fck. * Minden helyen mindenkit szeretettel v\u00e1r a k\u00f6z\u00f6ss\u00e9g \u00e9s Tibor atya! Bens\u0151s\u00e9ges \u0151szi napokat, j\u00f3 munk\u00e1t, tartalmas besz\u00e9lget\u00e9seket \u00e9s \u00f6r\u00f6mteli tal\u00e1lkoz\u00e1sokat k\u00edv\u00e1nunk minden Kedves H\u00edv\u00fcnknek! * \u201eATY\u00c1M, R\u00e1d hagyatkozom, tedd velem azt, ami neked tetszik. B\u00e1rmit teszel is velem, megk\u00f6sz\u00f6n\u00f6m. K\u00e9sz vagyok mindenre, elfogadok mindent, csak akaratod teljesedj\u00e9k, bennem \u00e9s minden teremtm\u00e9nyedben. Semmi m\u00e1st nem \u00f3hajtok, Istenem! Kezedbe aj\u00e1nlom lelkemet, neked adom, Istenem, sz\u00edvem eg\u00e9sz szeretet\u00e9vel, mert szeretlek t\u00e9ged, \u00e9s a szeretet s\u00fcrget, hogy eg\u00e9szen neked adjam magam, hogy fenntart\u00e1s n\u00e9lk\u00fcl kezedbe helyezzem \u00e9letemet hat\u00e1rtalan bizalommal, mert te vagy az \u00e9n Aty\u00e1m!\u201d (Boldog Charles de Foucauld \u2013 1858-1916 \u2013 trappista szerzetes, katolikus pap)","og_url":"https:\/\/stuttgarti-katolikusok.de\/index.php\/2021-november-15-es-21-kozott\/","og_site_name":"Stuttgarti Katolikusok","article_published_time":"2021-11-15T17:03:28+00:00","article_modified_time":"2021-11-15T17:41:36+00:00","og_image":[{"width":508,"height":375,"url":"https:\/\/stuttgarti-katolikusok.de\/wp-content\/uploads\/2020\/11\/nek.jpg","type":"image\/jpeg"}],"author":"Tibor atya","twitter_card":"summary_large_image","twitter_misc":{"Szerz\u0151:":"Tibor atya","Becs\u00fclt olvas\u00e1si id\u0151":"2 perc"},"schema":{"@context":"https:\/\/schema.org","@graph":[{"@type":"Article","@id":"https:\/\/stuttgarti-katolikusok.de\/index.php\/2021-november-15-es-21-kozott\/#article","isPartOf":{"@id":"https:\/\/stuttgarti-katolikusok.de\/index.php\/2021-november-15-es-21-kozott\/"},"author":{"name":"Tibor atya","@id":"https:\/\/stuttgarti-katolikusok.de\/#\/schema\/person\/75908d6f8fdc03a57889d27209df7795"},"headline":"November 15 \u00e9s 21 k\u00f6z\u00f6tt","datePublished":"2021-11-15T17:03:28+00:00","dateModified":"2021-11-15T17:41:36+00:00","mainEntityOfPage":{"@id":"https:\/\/stuttgarti-katolikusok.de\/index.php\/2021-november-15-es-21-kozott\/"},"wordCount":454,"image":{"@id":"https:\/\/stuttgarti-katolikusok.de\/index.php\/2021-november-15-es-21-kozott\/#primaryimage"},"thumbnailUrl":"https:\/\/stuttgarti-katolikusok.de\/wp-content\/uploads\/2020\/11\/nek.jpg","articleSection":["Progamel\u0151zetes"],"inLanguage":"hu"},{"@type":"WebPage","@id":"https:\/\/stuttgarti-katolikusok.de\/index.php\/2021-november-15-es-21-kozott\/","url":"https:\/\/stuttgarti-katolikusok.de\/index.php\/2021-november-15-es-21-kozott\/","name":"November 15 \u00e9s 21 k\u00f6z\u00f6tt - Stuttgarti Katolikusok","isPartOf":{"@id":"https:\/\/stuttgarti-katolikusok.de\/#website"},"primaryImageOfPage":{"@id":"https:\/\/stuttgarti-katolikusok.de\/index.php\/2021-november-15-es-21-kozott\/#primaryimage"},"image":{"@id":"https:\/\/stuttgarti-katolikusok.de\/index.php\/2021-november-15-es-21-kozott\/#primaryimage"},"thumbnailUrl":"https:\/\/stuttgarti-katolikusok.de\/wp-content\/uploads\/2020\/11\/nek.jpg","datePublished":"2021-11-15T17:03:28+00:00","dateModified":"2021-11-15T17:41:36+00:00","author":{"@id":"https:\/\/stuttgarti-katolikusok.de\/#\/schema\/person\/75908d6f8fdc03a57889d27209df7795"},"breadcrumb":{"@id":"https:\/\/stuttgarti-katolikusok.de\/index.php\/2021-november-15-es-21-kozott\/#breadcrumb"},"inLanguage":"hu","potentialAction":[{"@type":"ReadAction","target":["https:\/\/stuttgarti-katolikusok.de\/index.php\/2021-november-15-es-21-kozott\/"]}]},{"@type":"ImageObject","inLanguage":"hu","@id":"https:\/\/stuttgarti-katolikusok.de\/index.php\/2021-november-15-es-21-kozott\/#primaryimage","url":"https:\/\/stuttgarti-katolikusok.de\/wp-content\/uploads\/2020\/11\/nek.jpg","contentUrl":"https:\/\/stuttgarti-katolikusok.de\/wp-content\/uploads\/2020\/11\/nek.jpg","width":508,"height":375},{"@type":"BreadcrumbList","@id":"https:\/\/stuttgarti-katolikusok.de\/index.php\/2021-november-15-es-21-kozott\/#breadcrumb","itemListElement":[{"@type":"ListItem","position":1,"name":"Kezd\u0151lap","item":"https:\/\/stuttgarti-katolikusok.de\/"},{"@type":"ListItem","position":2,"name":"November 15 \u00e9s 21 k\u00f6z\u00f6tt"}]},{"@type":"WebSite","@id":"https:\/\/stuttgarti-katolikusok.de\/#website","url":"https:\/\/stuttgarti-katolikusok.de\/","name":"Stuttgarti Katolikusok","description":"","potentialAction":[{"@type":"SearchAction","target":{"@type":"EntryPoint","urlTemplate":"https:\/\/stuttgarti-katolikusok.de\/?s={search_term_string}"},"query-input":{"@type":"PropertyValueSpecification","valueRequired":true,"valueName":"search_term_string"}}],"inLanguage":"hu"},{"@type":"Person","@id":"https:\/\/stuttgarti-katolikusok.de\/#\/schema\/person\/75908d6f8fdc03a57889d27209df7795","name":"Tibor atya","image":{"@type":"ImageObject","inLanguage":"hu","@id":"https:\/\/secure.gravatar.com\/avatar\/61d268e57d1f4525b111222e29d2d5a7f8c420fdbf231ba5566a8ceac74fa960?s=96&d=mm&r=g","url":"https:\/\/secure.gravatar.com\/avatar\/61d268e57d1f4525b111222e29d2d5a7f8c420fdbf231ba5566a8ceac74fa960?s=96&d=mm&r=g","contentUrl":"https:\/\/secure.gravatar.com\/avatar\/61d268e57d1f4525b111222e29d2d5a7f8c420fdbf231ba5566a8ceac74fa960?s=96&d=mm&r=g","caption":"Tibor atya"},"url":"https:\/\/stuttgarti-katolikusok.de\/index.php\/author\/tibor-atya\/"}]}},"_links":{"self":[{"href":"https:\/\/stuttgarti-katolikusok.de\/index.php\/wp-json\/wp\/v2\/posts\/22494","targetHints":{"allow":["GET"]}}],"collection":[{"href":"https:\/\/stuttgarti-katolikusok.de\/index.php\/wp-json\/wp\/v2\/posts"}],"about":[{"href":"https:\/\/stuttgarti-katolikusok.de\/index.php\/wp-json\/wp\/v2\/types\/post"}],"author":[{"embeddable":true,"href":"https:\/\/stuttgarti-katolikusok.de\/index.php\/wp-json\/wp\/v2\/users\/3"}],"replies":[{"embeddable":true,"href":"https:\/\/stuttgarti-katolikusok.de\/index.php\/wp-json\/wp\/v2\/comments?post=22494"}],"version-history":[{"count":4,"href":"https:\/\/stuttgarti-katolikusok.de\/index.php\/wp-json\/wp\/v2\/posts\/22494\/revisions"}],"predecessor-version":[{"id":22517,"href":"https:\/\/stuttgarti-katolikusok.de\/index.php\/wp-json\/wp\/v2\/posts\/22494\/revisions\/22517"}],"wp:featuredmedia":[{"embeddable":true,"href":"https:\/\/stuttgarti-katolikusok.de\/index.php\/wp-json\/wp\/v2\/media\/20509"}],"wp:attachment":[{"href":"https:\/\/stuttgarti-katolikusok.de\/index.php\/wp-json\/wp\/v2\/media?parent=22494"}],"wp:term":[{"taxonomy":"category","embeddable":true,"href":"https:\/\/stuttgarti-katolikusok.de\/index.php\/wp-json\/wp\/v2\/categories?post=22494"},{"taxonomy":"post_tag","embeddable":true,"href":"https:\/\/stuttgarti-katolikusok.de\/index.php\/wp-json\/wp\/v2\/tags?post=22494"}],"curies":[{"name":"wp","href":"https:\/\/api.w.org\/{rel}","templated":true}]}}