{"id":22477,"date":"2021-11-01T10:40:16","date_gmt":"2021-11-01T09:40:16","guid":{"rendered":"https:\/\/stuttgarti-katolikusok.de\/?p=22477"},"modified":"2021-11-29T00:17:20","modified_gmt":"2021-11-28T23:17:20","slug":"politikamentesen-hazankrol","status":"publish","type":"post","link":"https:\/\/stuttgarti-katolikusok.de\/index.php\/politikamentesen-hazankrol\/","title":{"rendered":"Politikamentesen haz\u00e1nkr\u00f3l"},"content":{"rendered":"<p><span style=\"color: #00ff00;\"><em>Kedves Bar\u00e1taim, \u00f6r\u00f6mmel tov\u00e1bb\u00edtom a Stuttgarti Magyar Kultur\u00e1lis Int\u00e9zet megh\u00edv\u00f3j\u00e1t az izgalmasnak \u00edg\u00e9rkez\u0151 estre, melyet Dr. Szab\u00f3 Dezs\u0151 int\u00e9zetvezet\u0151 \u00far juttatott el hozz\u00e1nk.\u00a0<\/em><\/span><\/p>\n<p><span style=\"color: #00ff00;\"><em>Annak ellen\u00e9re, hogy nem lehetek jelen ezen tal\u00e1lkoz\u00f3n, Ulmban van szentmis\u00e9m ezen a d\u00e9lut\u00e1non, fontosnak tartom e tal\u00e1lkoz\u00e1st, hiszen az el\u0151ad\u00e1s kapcs\u00e1n lehet\u0151s\u00e9g\u00fcnk van t\u00f6bb szempontot is megismerni, tov\u00e1bb\u00e1 tal\u00e1lkozhatunk n\u00e9met bar\u00e1tainkkal is. Lehet\u0151s\u00e9g k\u00edn\u00e1lkozik ez\u00e1ltal, hogy az el\u0151\u00edt\u00e9letek fal\u00e1t egy kicsit megbontsuk, id\u0151vel lebontsuk.<\/em><\/span><\/p>\n<p><span style=\"color: #00ff00;\"><em>Tibor atya<\/em><\/span><\/p>\n<p>Kedves Bar\u00e1taink!<\/p>\n<p>Olyan sok furcsas\u00e1got olvashatunk \u00e9s hallhatunk Magyarorsz\u00e1gr\u00f3l a n\u00e9met m\u00e9di\u00e1ban \u00e9s k\u00f6z\u00e9letben, hogy \u00fagy gondoltuk, hasznos lehet, ha kicsit k\u00f6tetlenebb form\u00e1ban \u2013 politikamentesen &#8211; besz\u00e9lget\u00fcnk haz\u00e1nkr\u00f3l, a hozz\u00e1 kapcsol\u00f3d\u00f3 hiedelmekr\u0151l, sztereot\u00edpi\u00e1kr\u00f3l, azok val\u00f3s\u00e1gtartam\u00e1r\u00f3l n\u00e9met bar\u00e1tainknak. Ebben seg\u00edts\u00e9g\u00fcnkre lesz Eschbach-Szab\u00f3 Vikt\u00f3ria professzor asszony a T\u00fcbingeni Egyetemr\u0151l.<\/p>\n<p>Szeretettel h\u00edvunk \u00e9s v\u00e1runk Benneteket \u00e9s kedves \u00e9rdekl\u0151d\u0151 ismer\u0151seiteket 2021. november 18-\u00e1n 19.00 \u00f3rakor a kultur\u00e1lis int\u00e9zetbe! A mell\u00e9kelt megh\u00edv\u00f3 szabadon tov\u00e1bb k\u00fcldhet\u0151. Felh\u00edvjuk figyelmeteket, hogy int\u00e9zet\u00fcnk jelenleg a szigor\u00edtott 3 G szerint l\u00e1togathat\u00f3 (Genesen, Geimpft \u00e9s Getestet de m\u00e1r csak a PCR-teszt elfogadhat\u00f3!), a maszk visel\u00e9se pedig k\u00f6telez\u0151.<\/p>\n<p>K\u00e9rn\u00e9k sz\u00e9pen egy r\u00f6vid visszajelz\u00e9st, r\u00e9szt tudtok-e venni az alkalmon.<\/p>\n<p>k\u00f6sz\u00f6n\u00f6m sz\u00e9pen!<\/p>\n<p>bar\u00e1ti \u00fcdv\u00f6zlettel,<\/p>\n<p>Dezs\u0151<\/p>\n<p>&nbsp;<\/p>\n<p><em><strong>Mit freundlichen Gr\u00fc\u00dfen \/ Best regards \/ \u00dcdv\u00f6zlettel:<\/strong><\/em><\/p>\n<p><em><strong>Dr. Dezs\u0151 B. Szab\u00f3\u00a0<span style=\"color: #ff0000;\">\u25a0<\/span> Institutsleiter\/int\u00e9zetvezet\u0151<\/strong><\/em><\/p>\n<p><em><strong>Ungarisches Kulturinstitut\/Magyar Kultur\u00e1lis Int\u00e9zet Stuttgart<\/strong><\/em><\/p>\n<p><em><strong>Christophstr. 7, 70178 Stuttgart<\/strong><\/em><\/p>\n<p><em><strong>Tel: <a href=\"tel:00497117269630226\">0049 711.7269630-226<\/a>;<span style=\"color: #0000ff;\"> \u25a0<\/span> <a href=\"http:\/\/www.uki-s.de\/\">www.uki-s.de<\/a><\/strong><\/em><\/p>\n","protected":false},"excerpt":{"rendered":"<p>Kedves Bar\u00e1taim, \u00f6r\u00f6mmel tov\u00e1bb\u00edtom a Stuttgarti Magyar Kultur\u00e1lis Int\u00e9zet megh\u00edv\u00f3j\u00e1t az izgalmasnak \u00edg\u00e9rkez\u0151 estre, melyet Dr. Szab\u00f3 Dezs\u0151 int\u00e9zetvezet\u0151 \u00far juttatott el hozz\u00e1nk.\u00a0 Annak ellen\u00e9re, hogy nem lehetek jelen ezen tal\u00e1lkoz\u00f3n, Ulmban van szentmis\u00e9m ezen a d\u00e9lut\u00e1non, fontosnak tartom e tal\u00e1lkoz\u00e1st, hiszen az el\u0151ad\u00e1s kapcs\u00e1n lehet\u0151s\u00e9g\u00fcnk van t\u00f6bb szempontot is megismerni, tov\u00e1bb\u00e1 tal\u00e1lkozhatunk n\u00e9met bar\u00e1tainkkal is. Lehet\u0151s\u00e9g k\u00edn\u00e1lkozik ez\u00e1ltal, hogy az el\u0151\u00edt\u00e9letek fal\u00e1t egy kicsit megbontsuk, id\u0151vel lebontsuk. Tibor atya Kedves Bar\u00e1taink! Olyan sok furcsas\u00e1got olvashatunk \u00e9s hallhatunk Magyarorsz\u00e1gr\u00f3l a n\u00e9met m\u00e9di\u00e1ban \u00e9s k\u00f6z\u00e9letben, hogy \u00fagy gondoltuk, hasznos lehet, ha kicsit k\u00f6tetlenebb form\u00e1ban \u2013 politikamentesen &#8211; besz\u00e9lget\u00fcnk haz\u00e1nkr\u00f3l, a hozz\u00e1 kapcsol\u00f3d\u00f3 hiedelmekr\u0151l, sztereot\u00edpi\u00e1kr\u00f3l, azok val\u00f3s\u00e1gtartam\u00e1r\u00f3l n\u00e9met bar\u00e1tainknak. Ebben seg\u00edts\u00e9g\u00fcnkre lesz Eschbach-Szab\u00f3 Vikt\u00f3ria professzor asszony a T\u00fcbingeni Egyetemr\u0151l. Szeretettel h\u00edvunk \u00e9s v\u00e1runk Benneteket \u00e9s kedves \u00e9rdekl\u0151d\u0151 ismer\u0151seiteket 2021. november 18-\u00e1n 19.00 \u00f3rakor a kultur\u00e1lis int\u00e9zetbe! A mell\u00e9kelt megh\u00edv\u00f3 szabadon tov\u00e1bb k\u00fcldhet\u0151. Felh\u00edvjuk figyelmeteket, hogy int\u00e9zet\u00fcnk jelenleg a szigor\u00edtott 3 G szerint l\u00e1togathat\u00f3 (Genesen, Geimpft \u00e9s Getestet de m\u00e1r csak a PCR-teszt elfogadhat\u00f3!), a maszk visel\u00e9se pedig k\u00f6telez\u0151. K\u00e9rn\u00e9k sz\u00e9pen egy r\u00f6vid visszajelz\u00e9st, r\u00e9szt tudtok-e venni az alkalmon. k\u00f6sz\u00f6n\u00f6m sz\u00e9pen! bar\u00e1ti \u00fcdv\u00f6zlettel, Dezs\u0151 &nbsp; Mit freundlichen Gr\u00fc\u00dfen \/ Best regards \/ \u00dcdv\u00f6zlettel: Dr. Dezs\u0151 B. Szab\u00f3\u00a0\u25a0 Institutsleiter\/int\u00e9zetvezet\u0151 Ungarisches Kulturinstitut\/Magyar Kultur\u00e1lis Int\u00e9zet Stuttgart Christophstr. 7, 70178 Stuttgart Tel: 0049 711.7269630-226; \u25a0 www.uki-s.de<\/p>\n","protected":false},"author":3,"featured_media":22478,"comment_status":"closed","ping_status":"closed","sticky":false,"template":"","format":"standard","meta":{"footnotes":""},"categories":[5],"tags":[],"class_list":["post-22477","post","type-post","status-publish","format-standard","has-post-thumbnail","hentry","category-hirek"],"yoast_head":"<!-- This site is optimized with the Yoast SEO plugin v27.3 - https:\/\/yoast.com\/product\/yoast-seo-wordpress\/ -->\n<title>Politikamentesen haz\u00e1nkr\u00f3l - Stuttgarti Katolikusok<\/title>\n<meta name=\"robots\" content=\"index, follow, max-snippet:-1, max-image-preview:large, max-video-preview:-1\" \/>\n<link rel=\"canonical\" href=\"https:\/\/stuttgarti-katolikusok.de\/index.php\/politikamentesen-hazankrol\/\" \/>\n<meta property=\"og:locale\" content=\"hu_HU\" \/>\n<meta property=\"og:type\" content=\"article\" \/>\n<meta property=\"og:title\" content=\"Politikamentesen haz\u00e1nkr\u00f3l - Stuttgarti Katolikusok\" \/>\n<meta property=\"og:description\" content=\"Kedves Bar\u00e1taim, \u00f6r\u00f6mmel tov\u00e1bb\u00edtom a Stuttgarti Magyar Kultur\u00e1lis Int\u00e9zet megh\u00edv\u00f3j\u00e1t az izgalmasnak \u00edg\u00e9rkez\u0151 estre, melyet Dr. Szab\u00f3 Dezs\u0151 int\u00e9zetvezet\u0151 \u00far juttatott el hozz\u00e1nk.\u00a0 Annak ellen\u00e9re, hogy nem lehetek jelen ezen tal\u00e1lkoz\u00f3n, Ulmban van szentmis\u00e9m ezen a d\u00e9lut\u00e1non, fontosnak tartom e tal\u00e1lkoz\u00e1st, hiszen az el\u0151ad\u00e1s kapcs\u00e1n lehet\u0151s\u00e9g\u00fcnk van t\u00f6bb szempontot is megismerni, tov\u00e1bb\u00e1 tal\u00e1lkozhatunk n\u00e9met bar\u00e1tainkkal is. Lehet\u0151s\u00e9g k\u00edn\u00e1lkozik ez\u00e1ltal, hogy az el\u0151\u00edt\u00e9letek fal\u00e1t egy kicsit megbontsuk, id\u0151vel lebontsuk. Tibor atya Kedves Bar\u00e1taink! Olyan sok furcsas\u00e1got olvashatunk \u00e9s hallhatunk Magyarorsz\u00e1gr\u00f3l a n\u00e9met m\u00e9di\u00e1ban \u00e9s k\u00f6z\u00e9letben, hogy \u00fagy gondoltuk, hasznos lehet, ha kicsit k\u00f6tetlenebb form\u00e1ban \u2013 politikamentesen &#8211; besz\u00e9lget\u00fcnk haz\u00e1nkr\u00f3l, a hozz\u00e1 kapcsol\u00f3d\u00f3 hiedelmekr\u0151l, sztereot\u00edpi\u00e1kr\u00f3l, azok val\u00f3s\u00e1gtartam\u00e1r\u00f3l n\u00e9met bar\u00e1tainknak. Ebben seg\u00edts\u00e9g\u00fcnkre lesz Eschbach-Szab\u00f3 Vikt\u00f3ria professzor asszony a T\u00fcbingeni Egyetemr\u0151l. Szeretettel h\u00edvunk \u00e9s v\u00e1runk Benneteket \u00e9s kedves \u00e9rdekl\u0151d\u0151 ismer\u0151seiteket 2021. november 18-\u00e1n 19.00 \u00f3rakor a kultur\u00e1lis int\u00e9zetbe! A mell\u00e9kelt megh\u00edv\u00f3 szabadon tov\u00e1bb k\u00fcldhet\u0151. Felh\u00edvjuk figyelmeteket, hogy int\u00e9zet\u00fcnk jelenleg a szigor\u00edtott 3 G szerint l\u00e1togathat\u00f3 (Genesen, Geimpft \u00e9s Getestet de m\u00e1r csak a PCR-teszt elfogadhat\u00f3!), a maszk visel\u00e9se pedig k\u00f6telez\u0151. K\u00e9rn\u00e9k sz\u00e9pen egy r\u00f6vid visszajelz\u00e9st, r\u00e9szt tudtok-e venni az alkalmon. k\u00f6sz\u00f6n\u00f6m sz\u00e9pen! bar\u00e1ti \u00fcdv\u00f6zlettel, Dezs\u0151 &nbsp; Mit freundlichen Gr\u00fc\u00dfen \/ Best regards \/ \u00dcdv\u00f6zlettel: Dr. Dezs\u0151 B. Szab\u00f3\u00a0\u25a0 Institutsleiter\/int\u00e9zetvezet\u0151 Ungarisches Kulturinstitut\/Magyar Kultur\u00e1lis Int\u00e9zet Stuttgart Christophstr. 7, 70178 Stuttgart Tel: 0049 711.7269630-226; \u25a0 www.uki-s.de\" \/>\n<meta property=\"og:url\" content=\"https:\/\/stuttgarti-katolikusok.de\/index.php\/politikamentesen-hazankrol\/\" \/>\n<meta property=\"og:site_name\" content=\"Stuttgarti Katolikusok\" \/>\n<meta property=\"article:published_time\" content=\"2021-11-01T09:40:16+00:00\" \/>\n<meta property=\"article:modified_time\" content=\"2021-11-28T23:17:20+00:00\" \/>\n<meta property=\"og:image\" content=\"https:\/\/stuttgarti-katolikusok.de\/wp-content\/uploads\/2021\/11\/2021-11-18-piroschka.jpg\" \/>\n\t<meta property=\"og:image:width\" content=\"1599\" \/>\n\t<meta property=\"og:image:height\" content=\"1143\" \/>\n\t<meta property=\"og:image:type\" content=\"image\/jpeg\" \/>\n<meta name=\"author\" content=\"Tibor atya\" \/>\n<meta name=\"twitter:card\" content=\"summary_large_image\" \/>\n<meta name=\"twitter:label1\" content=\"Szerz\u0151:\" \/>\n\t<meta name=\"twitter:data1\" content=\"Tibor atya\" \/>\n\t<meta name=\"twitter:label2\" content=\"Becs\u00fclt olvas\u00e1si id\u0151\" \/>\n\t<meta name=\"twitter:data2\" content=\"2 perc\" \/>\n<script type=\"application\/ld+json\" class=\"yoast-schema-graph\">{\"@context\":\"https:\\\/\\\/schema.org\",\"@graph\":[{\"@type\":\"Article\",\"@id\":\"https:\\\/\\\/stuttgarti-katolikusok.de\\\/index.php\\\/politikamentesen-hazankrol\\\/#article\",\"isPartOf\":{\"@id\":\"https:\\\/\\\/stuttgarti-katolikusok.de\\\/index.php\\\/politikamentesen-hazankrol\\\/\"},\"author\":{\"name\":\"Tibor atya\",\"@id\":\"https:\\\/\\\/stuttgarti-katolikusok.de\\\/#\\\/schema\\\/person\\\/75908d6f8fdc03a57889d27209df7795\"},\"headline\":\"Politikamentesen haz\u00e1nkr\u00f3l\",\"datePublished\":\"2021-11-01T09:40:16+00:00\",\"dateModified\":\"2021-11-28T23:17:20+00:00\",\"mainEntityOfPage\":{\"@id\":\"https:\\\/\\\/stuttgarti-katolikusok.de\\\/index.php\\\/politikamentesen-hazankrol\\\/\"},\"wordCount\":315,\"image\":{\"@id\":\"https:\\\/\\\/stuttgarti-katolikusok.de\\\/index.php\\\/politikamentesen-hazankrol\\\/#primaryimage\"},\"thumbnailUrl\":\"https:\\\/\\\/stuttgarti-katolikusok.de\\\/wp-content\\\/uploads\\\/2021\\\/11\\\/2021-11-18-piroschka.jpg\",\"articleSection\":[\"H\u00edrek\"],\"inLanguage\":\"hu\"},{\"@type\":\"WebPage\",\"@id\":\"https:\\\/\\\/stuttgarti-katolikusok.de\\\/index.php\\\/politikamentesen-hazankrol\\\/\",\"url\":\"https:\\\/\\\/stuttgarti-katolikusok.de\\\/index.php\\\/politikamentesen-hazankrol\\\/\",\"name\":\"Politikamentesen haz\u00e1nkr\u00f3l - Stuttgarti Katolikusok\",\"isPartOf\":{\"@id\":\"https:\\\/\\\/stuttgarti-katolikusok.de\\\/#website\"},\"primaryImageOfPage\":{\"@id\":\"https:\\\/\\\/stuttgarti-katolikusok.de\\\/index.php\\\/politikamentesen-hazankrol\\\/#primaryimage\"},\"image\":{\"@id\":\"https:\\\/\\\/stuttgarti-katolikusok.de\\\/index.php\\\/politikamentesen-hazankrol\\\/#primaryimage\"},\"thumbnailUrl\":\"https:\\\/\\\/stuttgarti-katolikusok.de\\\/wp-content\\\/uploads\\\/2021\\\/11\\\/2021-11-18-piroschka.jpg\",\"datePublished\":\"2021-11-01T09:40:16+00:00\",\"dateModified\":\"2021-11-28T23:17:20+00:00\",\"author\":{\"@id\":\"https:\\\/\\\/stuttgarti-katolikusok.de\\\/#\\\/schema\\\/person\\\/75908d6f8fdc03a57889d27209df7795\"},\"breadcrumb\":{\"@id\":\"https:\\\/\\\/stuttgarti-katolikusok.de\\\/index.php\\\/politikamentesen-hazankrol\\\/#breadcrumb\"},\"inLanguage\":\"hu\",\"potentialAction\":[{\"@type\":\"ReadAction\",\"target\":[\"https:\\\/\\\/stuttgarti-katolikusok.de\\\/index.php\\\/politikamentesen-hazankrol\\\/\"]}]},{\"@type\":\"ImageObject\",\"inLanguage\":\"hu\",\"@id\":\"https:\\\/\\\/stuttgarti-katolikusok.de\\\/index.php\\\/politikamentesen-hazankrol\\\/#primaryimage\",\"url\":\"https:\\\/\\\/stuttgarti-katolikusok.de\\\/wp-content\\\/uploads\\\/2021\\\/11\\\/2021-11-18-piroschka.jpg\",\"contentUrl\":\"https:\\\/\\\/stuttgarti-katolikusok.de\\\/wp-content\\\/uploads\\\/2021\\\/11\\\/2021-11-18-piroschka.jpg\",\"width\":1599,\"height\":1143},{\"@type\":\"BreadcrumbList\",\"@id\":\"https:\\\/\\\/stuttgarti-katolikusok.de\\\/index.php\\\/politikamentesen-hazankrol\\\/#breadcrumb\",\"itemListElement\":[{\"@type\":\"ListItem\",\"position\":1,\"name\":\"Kezd\u0151lap\",\"item\":\"https:\\\/\\\/stuttgarti-katolikusok.de\\\/\"},{\"@type\":\"ListItem\",\"position\":2,\"name\":\"Politikamentesen haz\u00e1nkr\u00f3l\"}]},{\"@type\":\"WebSite\",\"@id\":\"https:\\\/\\\/stuttgarti-katolikusok.de\\\/#website\",\"url\":\"https:\\\/\\\/stuttgarti-katolikusok.de\\\/\",\"name\":\"Stuttgarti Katolikusok\",\"description\":\"\",\"potentialAction\":[{\"@type\":\"SearchAction\",\"target\":{\"@type\":\"EntryPoint\",\"urlTemplate\":\"https:\\\/\\\/stuttgarti-katolikusok.de\\\/?s={search_term_string}\"},\"query-input\":{\"@type\":\"PropertyValueSpecification\",\"valueRequired\":true,\"valueName\":\"search_term_string\"}}],\"inLanguage\":\"hu\"},{\"@type\":\"Person\",\"@id\":\"https:\\\/\\\/stuttgarti-katolikusok.de\\\/#\\\/schema\\\/person\\\/75908d6f8fdc03a57889d27209df7795\",\"name\":\"Tibor atya\",\"image\":{\"@type\":\"ImageObject\",\"inLanguage\":\"hu\",\"@id\":\"https:\\\/\\\/secure.gravatar.com\\\/avatar\\\/61d268e57d1f4525b111222e29d2d5a7f8c420fdbf231ba5566a8ceac74fa960?s=96&d=mm&r=g\",\"url\":\"https:\\\/\\\/secure.gravatar.com\\\/avatar\\\/61d268e57d1f4525b111222e29d2d5a7f8c420fdbf231ba5566a8ceac74fa960?s=96&d=mm&r=g\",\"contentUrl\":\"https:\\\/\\\/secure.gravatar.com\\\/avatar\\\/61d268e57d1f4525b111222e29d2d5a7f8c420fdbf231ba5566a8ceac74fa960?s=96&d=mm&r=g\",\"caption\":\"Tibor atya\"},\"url\":\"https:\\\/\\\/stuttgarti-katolikusok.de\\\/index.php\\\/author\\\/tibor-atya\\\/\"}]}<\/script>\n<!-- \/ Yoast SEO plugin. -->","yoast_head_json":{"title":"Politikamentesen haz\u00e1nkr\u00f3l - Stuttgarti Katolikusok","robots":{"index":"index","follow":"follow","max-snippet":"max-snippet:-1","max-image-preview":"max-image-preview:large","max-video-preview":"max-video-preview:-1"},"canonical":"https:\/\/stuttgarti-katolikusok.de\/index.php\/politikamentesen-hazankrol\/","og_locale":"hu_HU","og_type":"article","og_title":"Politikamentesen haz\u00e1nkr\u00f3l - Stuttgarti Katolikusok","og_description":"Kedves Bar\u00e1taim, \u00f6r\u00f6mmel tov\u00e1bb\u00edtom a Stuttgarti Magyar Kultur\u00e1lis Int\u00e9zet megh\u00edv\u00f3j\u00e1t az izgalmasnak \u00edg\u00e9rkez\u0151 estre, melyet Dr. Szab\u00f3 Dezs\u0151 int\u00e9zetvezet\u0151 \u00far juttatott el hozz\u00e1nk.\u00a0 Annak ellen\u00e9re, hogy nem lehetek jelen ezen tal\u00e1lkoz\u00f3n, Ulmban van szentmis\u00e9m ezen a d\u00e9lut\u00e1non, fontosnak tartom e tal\u00e1lkoz\u00e1st, hiszen az el\u0151ad\u00e1s kapcs\u00e1n lehet\u0151s\u00e9g\u00fcnk van t\u00f6bb szempontot is megismerni, tov\u00e1bb\u00e1 tal\u00e1lkozhatunk n\u00e9met bar\u00e1tainkkal is. Lehet\u0151s\u00e9g k\u00edn\u00e1lkozik ez\u00e1ltal, hogy az el\u0151\u00edt\u00e9letek fal\u00e1t egy kicsit megbontsuk, id\u0151vel lebontsuk. Tibor atya Kedves Bar\u00e1taink! Olyan sok furcsas\u00e1got olvashatunk \u00e9s hallhatunk Magyarorsz\u00e1gr\u00f3l a n\u00e9met m\u00e9di\u00e1ban \u00e9s k\u00f6z\u00e9letben, hogy \u00fagy gondoltuk, hasznos lehet, ha kicsit k\u00f6tetlenebb form\u00e1ban \u2013 politikamentesen &#8211; besz\u00e9lget\u00fcnk haz\u00e1nkr\u00f3l, a hozz\u00e1 kapcsol\u00f3d\u00f3 hiedelmekr\u0151l, sztereot\u00edpi\u00e1kr\u00f3l, azok val\u00f3s\u00e1gtartam\u00e1r\u00f3l n\u00e9met bar\u00e1tainknak. Ebben seg\u00edts\u00e9g\u00fcnkre lesz Eschbach-Szab\u00f3 Vikt\u00f3ria professzor asszony a T\u00fcbingeni Egyetemr\u0151l. Szeretettel h\u00edvunk \u00e9s v\u00e1runk Benneteket \u00e9s kedves \u00e9rdekl\u0151d\u0151 ismer\u0151seiteket 2021. november 18-\u00e1n 19.00 \u00f3rakor a kultur\u00e1lis int\u00e9zetbe! A mell\u00e9kelt megh\u00edv\u00f3 szabadon tov\u00e1bb k\u00fcldhet\u0151. Felh\u00edvjuk figyelmeteket, hogy int\u00e9zet\u00fcnk jelenleg a szigor\u00edtott 3 G szerint l\u00e1togathat\u00f3 (Genesen, Geimpft \u00e9s Getestet de m\u00e1r csak a PCR-teszt elfogadhat\u00f3!), a maszk visel\u00e9se pedig k\u00f6telez\u0151. K\u00e9rn\u00e9k sz\u00e9pen egy r\u00f6vid visszajelz\u00e9st, r\u00e9szt tudtok-e venni az alkalmon. k\u00f6sz\u00f6n\u00f6m sz\u00e9pen! bar\u00e1ti \u00fcdv\u00f6zlettel, Dezs\u0151 &nbsp; Mit freundlichen Gr\u00fc\u00dfen \/ Best regards \/ \u00dcdv\u00f6zlettel: Dr. Dezs\u0151 B. Szab\u00f3\u00a0\u25a0 Institutsleiter\/int\u00e9zetvezet\u0151 Ungarisches Kulturinstitut\/Magyar Kultur\u00e1lis Int\u00e9zet Stuttgart Christophstr. 7, 70178 Stuttgart Tel: 0049 711.7269630-226; \u25a0 www.uki-s.de","og_url":"https:\/\/stuttgarti-katolikusok.de\/index.php\/politikamentesen-hazankrol\/","og_site_name":"Stuttgarti Katolikusok","article_published_time":"2021-11-01T09:40:16+00:00","article_modified_time":"2021-11-28T23:17:20+00:00","og_image":[{"width":1599,"height":1143,"url":"https:\/\/stuttgarti-katolikusok.de\/wp-content\/uploads\/2021\/11\/2021-11-18-piroschka.jpg","type":"image\/jpeg"}],"author":"Tibor atya","twitter_card":"summary_large_image","twitter_misc":{"Szerz\u0151:":"Tibor atya","Becs\u00fclt olvas\u00e1si id\u0151":"2 perc"},"schema":{"@context":"https:\/\/schema.org","@graph":[{"@type":"Article","@id":"https:\/\/stuttgarti-katolikusok.de\/index.php\/politikamentesen-hazankrol\/#article","isPartOf":{"@id":"https:\/\/stuttgarti-katolikusok.de\/index.php\/politikamentesen-hazankrol\/"},"author":{"name":"Tibor atya","@id":"https:\/\/stuttgarti-katolikusok.de\/#\/schema\/person\/75908d6f8fdc03a57889d27209df7795"},"headline":"Politikamentesen haz\u00e1nkr\u00f3l","datePublished":"2021-11-01T09:40:16+00:00","dateModified":"2021-11-28T23:17:20+00:00","mainEntityOfPage":{"@id":"https:\/\/stuttgarti-katolikusok.de\/index.php\/politikamentesen-hazankrol\/"},"wordCount":315,"image":{"@id":"https:\/\/stuttgarti-katolikusok.de\/index.php\/politikamentesen-hazankrol\/#primaryimage"},"thumbnailUrl":"https:\/\/stuttgarti-katolikusok.de\/wp-content\/uploads\/2021\/11\/2021-11-18-piroschka.jpg","articleSection":["H\u00edrek"],"inLanguage":"hu"},{"@type":"WebPage","@id":"https:\/\/stuttgarti-katolikusok.de\/index.php\/politikamentesen-hazankrol\/","url":"https:\/\/stuttgarti-katolikusok.de\/index.php\/politikamentesen-hazankrol\/","name":"Politikamentesen haz\u00e1nkr\u00f3l - Stuttgarti Katolikusok","isPartOf":{"@id":"https:\/\/stuttgarti-katolikusok.de\/#website"},"primaryImageOfPage":{"@id":"https:\/\/stuttgarti-katolikusok.de\/index.php\/politikamentesen-hazankrol\/#primaryimage"},"image":{"@id":"https:\/\/stuttgarti-katolikusok.de\/index.php\/politikamentesen-hazankrol\/#primaryimage"},"thumbnailUrl":"https:\/\/stuttgarti-katolikusok.de\/wp-content\/uploads\/2021\/11\/2021-11-18-piroschka.jpg","datePublished":"2021-11-01T09:40:16+00:00","dateModified":"2021-11-28T23:17:20+00:00","author":{"@id":"https:\/\/stuttgarti-katolikusok.de\/#\/schema\/person\/75908d6f8fdc03a57889d27209df7795"},"breadcrumb":{"@id":"https:\/\/stuttgarti-katolikusok.de\/index.php\/politikamentesen-hazankrol\/#breadcrumb"},"inLanguage":"hu","potentialAction":[{"@type":"ReadAction","target":["https:\/\/stuttgarti-katolikusok.de\/index.php\/politikamentesen-hazankrol\/"]}]},{"@type":"ImageObject","inLanguage":"hu","@id":"https:\/\/stuttgarti-katolikusok.de\/index.php\/politikamentesen-hazankrol\/#primaryimage","url":"https:\/\/stuttgarti-katolikusok.de\/wp-content\/uploads\/2021\/11\/2021-11-18-piroschka.jpg","contentUrl":"https:\/\/stuttgarti-katolikusok.de\/wp-content\/uploads\/2021\/11\/2021-11-18-piroschka.jpg","width":1599,"height":1143},{"@type":"BreadcrumbList","@id":"https:\/\/stuttgarti-katolikusok.de\/index.php\/politikamentesen-hazankrol\/#breadcrumb","itemListElement":[{"@type":"ListItem","position":1,"name":"Kezd\u0151lap","item":"https:\/\/stuttgarti-katolikusok.de\/"},{"@type":"ListItem","position":2,"name":"Politikamentesen haz\u00e1nkr\u00f3l"}]},{"@type":"WebSite","@id":"https:\/\/stuttgarti-katolikusok.de\/#website","url":"https:\/\/stuttgarti-katolikusok.de\/","name":"Stuttgarti Katolikusok","description":"","potentialAction":[{"@type":"SearchAction","target":{"@type":"EntryPoint","urlTemplate":"https:\/\/stuttgarti-katolikusok.de\/?s={search_term_string}"},"query-input":{"@type":"PropertyValueSpecification","valueRequired":true,"valueName":"search_term_string"}}],"inLanguage":"hu"},{"@type":"Person","@id":"https:\/\/stuttgarti-katolikusok.de\/#\/schema\/person\/75908d6f8fdc03a57889d27209df7795","name":"Tibor atya","image":{"@type":"ImageObject","inLanguage":"hu","@id":"https:\/\/secure.gravatar.com\/avatar\/61d268e57d1f4525b111222e29d2d5a7f8c420fdbf231ba5566a8ceac74fa960?s=96&d=mm&r=g","url":"https:\/\/secure.gravatar.com\/avatar\/61d268e57d1f4525b111222e29d2d5a7f8c420fdbf231ba5566a8ceac74fa960?s=96&d=mm&r=g","contentUrl":"https:\/\/secure.gravatar.com\/avatar\/61d268e57d1f4525b111222e29d2d5a7f8c420fdbf231ba5566a8ceac74fa960?s=96&d=mm&r=g","caption":"Tibor atya"},"url":"https:\/\/stuttgarti-katolikusok.de\/index.php\/author\/tibor-atya\/"}]}},"_links":{"self":[{"href":"https:\/\/stuttgarti-katolikusok.de\/index.php\/wp-json\/wp\/v2\/posts\/22477","targetHints":{"allow":["GET"]}}],"collection":[{"href":"https:\/\/stuttgarti-katolikusok.de\/index.php\/wp-json\/wp\/v2\/posts"}],"about":[{"href":"https:\/\/stuttgarti-katolikusok.de\/index.php\/wp-json\/wp\/v2\/types\/post"}],"author":[{"embeddable":true,"href":"https:\/\/stuttgarti-katolikusok.de\/index.php\/wp-json\/wp\/v2\/users\/3"}],"replies":[{"embeddable":true,"href":"https:\/\/stuttgarti-katolikusok.de\/index.php\/wp-json\/wp\/v2\/comments?post=22477"}],"version-history":[{"count":3,"href":"https:\/\/stuttgarti-katolikusok.de\/index.php\/wp-json\/wp\/v2\/posts\/22477\/revisions"}],"predecessor-version":[{"id":22481,"href":"https:\/\/stuttgarti-katolikusok.de\/index.php\/wp-json\/wp\/v2\/posts\/22477\/revisions\/22481"}],"wp:featuredmedia":[{"embeddable":true,"href":"https:\/\/stuttgarti-katolikusok.de\/index.php\/wp-json\/wp\/v2\/media\/22478"}],"wp:attachment":[{"href":"https:\/\/stuttgarti-katolikusok.de\/index.php\/wp-json\/wp\/v2\/media?parent=22477"}],"wp:term":[{"taxonomy":"category","embeddable":true,"href":"https:\/\/stuttgarti-katolikusok.de\/index.php\/wp-json\/wp\/v2\/categories?post=22477"},{"taxonomy":"post_tag","embeddable":true,"href":"https:\/\/stuttgarti-katolikusok.de\/index.php\/wp-json\/wp\/v2\/tags?post=22477"}],"curies":[{"name":"wp","href":"https:\/\/api.w.org\/{rel}","templated":true}]}}