{"id":22459,"date":"2021-11-08T12:32:18","date_gmt":"2021-11-08T11:32:18","guid":{"rendered":"https:\/\/stuttgarti-katolikusok.de\/?p=22459"},"modified":"2021-11-08T12:33:45","modified_gmt":"2021-11-08T11:33:45","slug":"november-8-es-14-kozott","status":"publish","type":"post","link":"https:\/\/stuttgarti-katolikusok.de\/index.php\/november-8-es-14-kozott\/","title":{"rendered":"November 8 \u00e9s 14 k\u00f6z\u00f6tt"},"content":{"rendered":"<p><span style=\"color: #ff6600;\"><strong>Programel\u0151zetes<\/strong><\/span><\/p>\n<p><span style=\"color: #ff6600;\"><em>A jelenlegi egyh\u00e1zi rendelkez\u00e9sek \u00e9rtelm\u00e9ben nem csak a szentmise tarthat\u00f3 meg.<\/em><\/span><\/p>\n<p><span style=\"color: #ff6600;\"><em>K\u00f6z\u00f6ss\u00e9gi termeinket imm\u00e1r haszn\u00e1lhatjuk, a helyi szab\u00e1lyok k\u00edn\u00e1lta lehet\u0151s\u00e9gek f\u00fcggv\u00e9ny\u00e9ben!<\/em><\/span><\/p>\n<p><span style=\"color: #ff6600;\"><em>Szentmis\u00e9n k\u00f6telez\u0151 a maszk haszn\u00e1lata, jelenl\u00e9ti lista n\u00e9vvel \u00e9s el\u00e9rhet\u0151s\u00e9ggel, kezek fert\u0151tlen\u00edt\u00e9se!<\/em><\/span><\/p>\n<p style=\"text-align: center;\"><span style=\"color: #ff6600;\"><em>\u00a0\u00a0<\/em>*<\/span><\/p>\n<p><strong>November 12-\u00e9n,<\/strong>\u00a0p\u00e9nteken, <strong>Stuttgarti d\u00e9lut\u00e1n<\/strong>.<\/p>\n<p>16.00 \u00f3rakor <em>Bar\u00e1ts\u00e1gklub<\/em>. Sajnos a k\u00f6z\u00f6ss\u00e9gi terem konyh\u00e1j\u00e1t egyel\u0151re m\u00e9g nem tudjuk haszn\u00e1lni,<\/p>\n<p>18.00 \u00f3rakor\u00a0<em>szentmise, <\/em>keret\u00e9ben<em> Besz\u00e9lget\u00e9sek a Katekizmusr\u00f3l. <\/em><\/p>\n<p style=\"text-align: center;\"><strong><span style=\"color: #ff6600;\">*<\/span><\/strong><\/p>\n<p><strong>November 13-\u00e1n<em>,<\/em><\/strong> szombaton<em>, <strong>Biberachban <\/strong><\/em>16.30 \u00f3rakor<em> szentmise.<\/em><\/p>\n<p style=\"text-align: center;\"><em>\u00a0<\/em><span style=\"color: #ff6600;\"><strong>*<\/strong><\/span><\/p>\n<p><strong>November 14-\u00e9n<\/strong><em>, <span style=\"color: #008000;\">\u00c9vk\u00f6zi 33. vas\u00e1rnap<\/span>,<\/em><\/p>\n<p><strong><em>Weingartenben <\/em><\/strong>11.00 \u00f3rakor<em> b\u00facs\u00fas-szentmise, Szent Imre herceget k\u00f6sz\u00f6ntj\u00fck,<\/em><\/p>\n<p><strong><em>Ulmban <\/em><\/strong>15.00 \u00f3rakor<em> szentmise.<\/em><\/p>\n<p><a href=\"https:\/\/stuttgarti-katolikusok.de\/wp-content\/uploads\/2020\/11\/szent-imre.jpg\"><img loading=\"lazy\" decoding=\"async\" class=\"size-full wp-image-20454 aligncenter\" src=\"https:\/\/stuttgarti-katolikusok.de\/wp-content\/uploads\/2020\/11\/szent-imre.jpg\" alt=\"\" width=\"225\" height=\"354\" srcset=\"https:\/\/stuttgarti-katolikusok.de\/wp-content\/uploads\/2020\/11\/szent-imre.jpg 225w, https:\/\/stuttgarti-katolikusok.de\/wp-content\/uploads\/2020\/11\/szent-imre-191x300.jpg 191w\" sizes=\"auto, (max-width: 225px) 100vw, 225px\" \/><\/a><\/p>\n<p style=\"text-align: center;\"><strong><span style=\"color: #ff6600;\">*<\/span><\/strong><\/p>\n<p>Minden helyen mindenkit szeretettel v\u00e1r a k\u00f6z\u00f6ss\u00e9g \u00e9s Tibor atya!<\/p>\n<p><span style=\"color: #ff6600;\"><strong><em>Bens\u0151s\u00e9ges \u0151szi napokat, j\u00f3 munk\u00e1t, tartalmas besz\u00e9lget\u00e9seket \u00e9s \u00f6r\u00f6mteli tal\u00e1lkoz\u00e1sokat k\u00edv\u00e1nunk minden Kedves H\u00edv\u00fcnknek!<\/em><\/strong><\/span><\/p>\n<p style=\"text-align: center;\"><span style=\"color: #ff6600;\"><strong>*<\/strong><\/span><\/p>\n<p><a href=\"https:\/\/stuttgarti-katolikusok.de\/wp-content\/uploads\/2021\/11\/250551142-3069853013252505-7342526171911996296-n.jpg\"><img loading=\"lazy\" decoding=\"async\" class=\"alignnone size-full wp-image-22460\" src=\"https:\/\/stuttgarti-katolikusok.de\/wp-content\/uploads\/2021\/11\/250551142-3069853013252505-7342526171911996296-n.jpg\" alt=\"\" width=\"1440\" height=\"1800\" srcset=\"https:\/\/stuttgarti-katolikusok.de\/wp-content\/uploads\/2021\/11\/250551142-3069853013252505-7342526171911996296-n.jpg 1440w, https:\/\/stuttgarti-katolikusok.de\/wp-content\/uploads\/2021\/11\/250551142-3069853013252505-7342526171911996296-n-240x300.jpg 240w, https:\/\/stuttgarti-katolikusok.de\/wp-content\/uploads\/2021\/11\/250551142-3069853013252505-7342526171911996296-n-819x1024.jpg 819w, https:\/\/stuttgarti-katolikusok.de\/wp-content\/uploads\/2021\/11\/250551142-3069853013252505-7342526171911996296-n-1229x1536.jpg 1229w\" sizes=\"auto, (max-width: 1440px) 100vw, 1440px\" \/><\/a><\/p>\n<p style=\"text-align: center;\"><strong><span style=\"color: #ff6600;\">*<\/span><\/strong><\/p>\n<p><span style=\"color: #ff6600;\"><strong><em>\u201eKi-ki maga felel\u0151s az\u00e9rt, hogy a saj\u00e1t \u00e9let\u00e9t \u00e9lje \u00e9s \u00f6nmag\u00e1t megtal\u00e1lja. Ha ezt a felel\u0151ss\u00e9get m\u00e1sra igyekszik \u00e1th\u00e1r\u00edtani, akkor nem fogja megtal\u00e1lni saj\u00e1t l\u00e9t\u00e9nek \u00e9rtelm\u00e9t.\u201d<\/em><\/strong> <\/span><em>(Thomas Merton \u2013 1915-1968 \u2013 trappista szerzetes, lelkis\u00e9gi \u00edr\u00f3, k\u00f6lt\u0151)<\/em><\/p>\n<p><em>(K\u00e9pek forr\u00e1sa: Pixabay \u00e9s Lovas Istv\u00e1n)<\/em><\/p>\n","protected":false},"excerpt":{"rendered":"<p>Programel\u0151zetes A jelenlegi egyh\u00e1zi rendelkez\u00e9sek \u00e9rtelm\u00e9ben nem csak a szentmise tarthat\u00f3 meg. K\u00f6z\u00f6ss\u00e9gi termeinket imm\u00e1r haszn\u00e1lhatjuk, a helyi szab\u00e1lyok k\u00edn\u00e1lta lehet\u0151s\u00e9gek f\u00fcggv\u00e9ny\u00e9ben! Szentmis\u00e9n k\u00f6telez\u0151 a maszk haszn\u00e1lata, jelenl\u00e9ti lista n\u00e9vvel \u00e9s el\u00e9rhet\u0151s\u00e9ggel, kezek fert\u0151tlen\u00edt\u00e9se! \u00a0\u00a0* November 12-\u00e9n,\u00a0p\u00e9nteken, Stuttgarti d\u00e9lut\u00e1n. 16.00 \u00f3rakor Bar\u00e1ts\u00e1gklub. Sajnos a k\u00f6z\u00f6ss\u00e9gi terem konyh\u00e1j\u00e1t egyel\u0151re m\u00e9g nem tudjuk haszn\u00e1lni, 18.00 \u00f3rakor\u00a0szentmise, keret\u00e9ben Besz\u00e9lget\u00e9sek a Katekizmusr\u00f3l. * November 13-\u00e1n, szombaton, Biberachban 16.30 \u00f3rakor szentmise. \u00a0* November 14-\u00e9n, \u00c9vk\u00f6zi 33. vas\u00e1rnap, Weingartenben 11.00 \u00f3rakor b\u00facs\u00fas-szentmise, Szent Imre herceget k\u00f6sz\u00f6ntj\u00fck, Ulmban 15.00 \u00f3rakor szentmise. * Minden helyen mindenkit szeretettel v\u00e1r a k\u00f6z\u00f6ss\u00e9g \u00e9s Tibor atya! Bens\u0151s\u00e9ges \u0151szi napokat, j\u00f3 munk\u00e1t, tartalmas besz\u00e9lget\u00e9seket \u00e9s \u00f6r\u00f6mteli tal\u00e1lkoz\u00e1sokat k\u00edv\u00e1nunk minden Kedves H\u00edv\u00fcnknek! * * \u201eKi-ki maga felel\u0151s az\u00e9rt, hogy a saj\u00e1t \u00e9let\u00e9t \u00e9lje \u00e9s \u00f6nmag\u00e1t megtal\u00e1lja. Ha ezt a felel\u0151ss\u00e9get m\u00e1sra igyekszik \u00e1th\u00e1r\u00edtani, akkor nem fogja megtal\u00e1lni saj\u00e1t l\u00e9t\u00e9nek \u00e9rtelm\u00e9t.\u201d (Thomas Merton \u2013 1915-1968 \u2013 trappista szerzetes, lelkis\u00e9gi \u00edr\u00f3, k\u00f6lt\u0151) (K\u00e9pek forr\u00e1sa: Pixabay \u00e9s Lovas Istv\u00e1n)<\/p>\n","protected":false},"author":3,"featured_media":20472,"comment_status":"closed","ping_status":"closed","sticky":false,"template":"","format":"standard","meta":{"footnotes":""},"categories":[37],"tags":[],"class_list":["post-22459","post","type-post","status-publish","format-standard","has-post-thumbnail","hentry","category-progamelozetes"],"yoast_head":"<!-- This site is optimized with the Yoast SEO plugin v27.3 - https:\/\/yoast.com\/product\/yoast-seo-wordpress\/ -->\n<title>November 8 \u00e9s 14 k\u00f6z\u00f6tt - Stuttgarti Katolikusok<\/title>\n<meta name=\"robots\" content=\"index, follow, max-snippet:-1, max-image-preview:large, max-video-preview:-1\" \/>\n<link rel=\"canonical\" href=\"https:\/\/stuttgarti-katolikusok.de\/index.php\/november-8-es-14-kozott\/\" \/>\n<meta property=\"og:locale\" content=\"hu_HU\" \/>\n<meta property=\"og:type\" content=\"article\" \/>\n<meta property=\"og:title\" content=\"November 8 \u00e9s 14 k\u00f6z\u00f6tt - Stuttgarti Katolikusok\" \/>\n<meta property=\"og:description\" content=\"Programel\u0151zetes A jelenlegi egyh\u00e1zi rendelkez\u00e9sek \u00e9rtelm\u00e9ben nem csak a szentmise tarthat\u00f3 meg. K\u00f6z\u00f6ss\u00e9gi termeinket imm\u00e1r haszn\u00e1lhatjuk, a helyi szab\u00e1lyok k\u00edn\u00e1lta lehet\u0151s\u00e9gek f\u00fcggv\u00e9ny\u00e9ben! Szentmis\u00e9n k\u00f6telez\u0151 a maszk haszn\u00e1lata, jelenl\u00e9ti lista n\u00e9vvel \u00e9s el\u00e9rhet\u0151s\u00e9ggel, kezek fert\u0151tlen\u00edt\u00e9se! \u00a0\u00a0* November 12-\u00e9n,\u00a0p\u00e9nteken, Stuttgarti d\u00e9lut\u00e1n. 16.00 \u00f3rakor Bar\u00e1ts\u00e1gklub. Sajnos a k\u00f6z\u00f6ss\u00e9gi terem konyh\u00e1j\u00e1t egyel\u0151re m\u00e9g nem tudjuk haszn\u00e1lni, 18.00 \u00f3rakor\u00a0szentmise, keret\u00e9ben Besz\u00e9lget\u00e9sek a Katekizmusr\u00f3l. * November 13-\u00e1n, szombaton, Biberachban 16.30 \u00f3rakor szentmise. \u00a0* November 14-\u00e9n, \u00c9vk\u00f6zi 33. vas\u00e1rnap, Weingartenben 11.00 \u00f3rakor b\u00facs\u00fas-szentmise, Szent Imre herceget k\u00f6sz\u00f6ntj\u00fck, Ulmban 15.00 \u00f3rakor szentmise. * Minden helyen mindenkit szeretettel v\u00e1r a k\u00f6z\u00f6ss\u00e9g \u00e9s Tibor atya! Bens\u0151s\u00e9ges \u0151szi napokat, j\u00f3 munk\u00e1t, tartalmas besz\u00e9lget\u00e9seket \u00e9s \u00f6r\u00f6mteli tal\u00e1lkoz\u00e1sokat k\u00edv\u00e1nunk minden Kedves H\u00edv\u00fcnknek! * * \u201eKi-ki maga felel\u0151s az\u00e9rt, hogy a saj\u00e1t \u00e9let\u00e9t \u00e9lje \u00e9s \u00f6nmag\u00e1t megtal\u00e1lja. Ha ezt a felel\u0151ss\u00e9get m\u00e1sra igyekszik \u00e1th\u00e1r\u00edtani, akkor nem fogja megtal\u00e1lni saj\u00e1t l\u00e9t\u00e9nek \u00e9rtelm\u00e9t.\u201d (Thomas Merton \u2013 1915-1968 \u2013 trappista szerzetes, lelkis\u00e9gi \u00edr\u00f3, k\u00f6lt\u0151) (K\u00e9pek forr\u00e1sa: Pixabay \u00e9s Lovas Istv\u00e1n)\" \/>\n<meta property=\"og:url\" content=\"https:\/\/stuttgarti-katolikusok.de\/index.php\/november-8-es-14-kozott\/\" \/>\n<meta property=\"og:site_name\" content=\"Stuttgarti Katolikusok\" \/>\n<meta property=\"article:published_time\" content=\"2021-11-08T11:32:18+00:00\" \/>\n<meta property=\"article:modified_time\" content=\"2021-11-08T11:33:45+00:00\" \/>\n<meta property=\"og:image\" content=\"https:\/\/stuttgarti-katolikusok.de\/wp-content\/uploads\/2020\/11\/felelosseg.jpg\" \/>\n\t<meta property=\"og:image:width\" content=\"640\" \/>\n\t<meta property=\"og:image:height\" content=\"452\" \/>\n\t<meta property=\"og:image:type\" content=\"image\/jpeg\" \/>\n<meta name=\"author\" content=\"Tibor atya\" \/>\n<meta name=\"twitter:card\" content=\"summary_large_image\" \/>\n<meta name=\"twitter:label1\" content=\"Szerz\u0151:\" \/>\n\t<meta name=\"twitter:data1\" content=\"Tibor atya\" \/>\n\t<meta name=\"twitter:label2\" content=\"Becs\u00fclt olvas\u00e1si id\u0151\" \/>\n\t<meta name=\"twitter:data2\" content=\"1 perc\" \/>\n<script type=\"application\/ld+json\" class=\"yoast-schema-graph\">{\"@context\":\"https:\\\/\\\/schema.org\",\"@graph\":[{\"@type\":\"Article\",\"@id\":\"https:\\\/\\\/stuttgarti-katolikusok.de\\\/index.php\\\/november-8-es-14-kozott\\\/#article\",\"isPartOf\":{\"@id\":\"https:\\\/\\\/stuttgarti-katolikusok.de\\\/index.php\\\/november-8-es-14-kozott\\\/\"},\"author\":{\"name\":\"Tibor atya\",\"@id\":\"https:\\\/\\\/stuttgarti-katolikusok.de\\\/#\\\/schema\\\/person\\\/75908d6f8fdc03a57889d27209df7795\"},\"headline\":\"November 8 \u00e9s 14 k\u00f6z\u00f6tt\",\"datePublished\":\"2021-11-08T11:32:18+00:00\",\"dateModified\":\"2021-11-08T11:33:45+00:00\",\"mainEntityOfPage\":{\"@id\":\"https:\\\/\\\/stuttgarti-katolikusok.de\\\/index.php\\\/november-8-es-14-kozott\\\/\"},\"wordCount\":238,\"image\":{\"@id\":\"https:\\\/\\\/stuttgarti-katolikusok.de\\\/index.php\\\/november-8-es-14-kozott\\\/#primaryimage\"},\"thumbnailUrl\":\"https:\\\/\\\/stuttgarti-katolikusok.de\\\/wp-content\\\/uploads\\\/2020\\\/11\\\/felelosseg.jpg\",\"articleSection\":[\"Progamel\u0151zetes\"],\"inLanguage\":\"hu\"},{\"@type\":\"WebPage\",\"@id\":\"https:\\\/\\\/stuttgarti-katolikusok.de\\\/index.php\\\/november-8-es-14-kozott\\\/\",\"url\":\"https:\\\/\\\/stuttgarti-katolikusok.de\\\/index.php\\\/november-8-es-14-kozott\\\/\",\"name\":\"November 8 \u00e9s 14 k\u00f6z\u00f6tt - Stuttgarti Katolikusok\",\"isPartOf\":{\"@id\":\"https:\\\/\\\/stuttgarti-katolikusok.de\\\/#website\"},\"primaryImageOfPage\":{\"@id\":\"https:\\\/\\\/stuttgarti-katolikusok.de\\\/index.php\\\/november-8-es-14-kozott\\\/#primaryimage\"},\"image\":{\"@id\":\"https:\\\/\\\/stuttgarti-katolikusok.de\\\/index.php\\\/november-8-es-14-kozott\\\/#primaryimage\"},\"thumbnailUrl\":\"https:\\\/\\\/stuttgarti-katolikusok.de\\\/wp-content\\\/uploads\\\/2020\\\/11\\\/felelosseg.jpg\",\"datePublished\":\"2021-11-08T11:32:18+00:00\",\"dateModified\":\"2021-11-08T11:33:45+00:00\",\"author\":{\"@id\":\"https:\\\/\\\/stuttgarti-katolikusok.de\\\/#\\\/schema\\\/person\\\/75908d6f8fdc03a57889d27209df7795\"},\"breadcrumb\":{\"@id\":\"https:\\\/\\\/stuttgarti-katolikusok.de\\\/index.php\\\/november-8-es-14-kozott\\\/#breadcrumb\"},\"inLanguage\":\"hu\",\"potentialAction\":[{\"@type\":\"ReadAction\",\"target\":[\"https:\\\/\\\/stuttgarti-katolikusok.de\\\/index.php\\\/november-8-es-14-kozott\\\/\"]}]},{\"@type\":\"ImageObject\",\"inLanguage\":\"hu\",\"@id\":\"https:\\\/\\\/stuttgarti-katolikusok.de\\\/index.php\\\/november-8-es-14-kozott\\\/#primaryimage\",\"url\":\"https:\\\/\\\/stuttgarti-katolikusok.de\\\/wp-content\\\/uploads\\\/2020\\\/11\\\/felelosseg.jpg\",\"contentUrl\":\"https:\\\/\\\/stuttgarti-katolikusok.de\\\/wp-content\\\/uploads\\\/2020\\\/11\\\/felelosseg.jpg\",\"width\":640,\"height\":452},{\"@type\":\"BreadcrumbList\",\"@id\":\"https:\\\/\\\/stuttgarti-katolikusok.de\\\/index.php\\\/november-8-es-14-kozott\\\/#breadcrumb\",\"itemListElement\":[{\"@type\":\"ListItem\",\"position\":1,\"name\":\"Kezd\u0151lap\",\"item\":\"https:\\\/\\\/stuttgarti-katolikusok.de\\\/\"},{\"@type\":\"ListItem\",\"position\":2,\"name\":\"November 8 \u00e9s 14 k\u00f6z\u00f6tt\"}]},{\"@type\":\"WebSite\",\"@id\":\"https:\\\/\\\/stuttgarti-katolikusok.de\\\/#website\",\"url\":\"https:\\\/\\\/stuttgarti-katolikusok.de\\\/\",\"name\":\"Stuttgarti Katolikusok\",\"description\":\"\",\"potentialAction\":[{\"@type\":\"SearchAction\",\"target\":{\"@type\":\"EntryPoint\",\"urlTemplate\":\"https:\\\/\\\/stuttgarti-katolikusok.de\\\/?s={search_term_string}\"},\"query-input\":{\"@type\":\"PropertyValueSpecification\",\"valueRequired\":true,\"valueName\":\"search_term_string\"}}],\"inLanguage\":\"hu\"},{\"@type\":\"Person\",\"@id\":\"https:\\\/\\\/stuttgarti-katolikusok.de\\\/#\\\/schema\\\/person\\\/75908d6f8fdc03a57889d27209df7795\",\"name\":\"Tibor atya\",\"image\":{\"@type\":\"ImageObject\",\"inLanguage\":\"hu\",\"@id\":\"https:\\\/\\\/secure.gravatar.com\\\/avatar\\\/61d268e57d1f4525b111222e29d2d5a7f8c420fdbf231ba5566a8ceac74fa960?s=96&d=mm&r=g\",\"url\":\"https:\\\/\\\/secure.gravatar.com\\\/avatar\\\/61d268e57d1f4525b111222e29d2d5a7f8c420fdbf231ba5566a8ceac74fa960?s=96&d=mm&r=g\",\"contentUrl\":\"https:\\\/\\\/secure.gravatar.com\\\/avatar\\\/61d268e57d1f4525b111222e29d2d5a7f8c420fdbf231ba5566a8ceac74fa960?s=96&d=mm&r=g\",\"caption\":\"Tibor atya\"},\"url\":\"https:\\\/\\\/stuttgarti-katolikusok.de\\\/index.php\\\/author\\\/tibor-atya\\\/\"}]}<\/script>\n<!-- \/ Yoast SEO plugin. -->","yoast_head_json":{"title":"November 8 \u00e9s 14 k\u00f6z\u00f6tt - Stuttgarti Katolikusok","robots":{"index":"index","follow":"follow","max-snippet":"max-snippet:-1","max-image-preview":"max-image-preview:large","max-video-preview":"max-video-preview:-1"},"canonical":"https:\/\/stuttgarti-katolikusok.de\/index.php\/november-8-es-14-kozott\/","og_locale":"hu_HU","og_type":"article","og_title":"November 8 \u00e9s 14 k\u00f6z\u00f6tt - Stuttgarti Katolikusok","og_description":"Programel\u0151zetes A jelenlegi egyh\u00e1zi rendelkez\u00e9sek \u00e9rtelm\u00e9ben nem csak a szentmise tarthat\u00f3 meg. K\u00f6z\u00f6ss\u00e9gi termeinket imm\u00e1r haszn\u00e1lhatjuk, a helyi szab\u00e1lyok k\u00edn\u00e1lta lehet\u0151s\u00e9gek f\u00fcggv\u00e9ny\u00e9ben! Szentmis\u00e9n k\u00f6telez\u0151 a maszk haszn\u00e1lata, jelenl\u00e9ti lista n\u00e9vvel \u00e9s el\u00e9rhet\u0151s\u00e9ggel, kezek fert\u0151tlen\u00edt\u00e9se! \u00a0\u00a0* November 12-\u00e9n,\u00a0p\u00e9nteken, Stuttgarti d\u00e9lut\u00e1n. 16.00 \u00f3rakor Bar\u00e1ts\u00e1gklub. Sajnos a k\u00f6z\u00f6ss\u00e9gi terem konyh\u00e1j\u00e1t egyel\u0151re m\u00e9g nem tudjuk haszn\u00e1lni, 18.00 \u00f3rakor\u00a0szentmise, keret\u00e9ben Besz\u00e9lget\u00e9sek a Katekizmusr\u00f3l. * November 13-\u00e1n, szombaton, Biberachban 16.30 \u00f3rakor szentmise. \u00a0* November 14-\u00e9n, \u00c9vk\u00f6zi 33. vas\u00e1rnap, Weingartenben 11.00 \u00f3rakor b\u00facs\u00fas-szentmise, Szent Imre herceget k\u00f6sz\u00f6ntj\u00fck, Ulmban 15.00 \u00f3rakor szentmise. * Minden helyen mindenkit szeretettel v\u00e1r a k\u00f6z\u00f6ss\u00e9g \u00e9s Tibor atya! Bens\u0151s\u00e9ges \u0151szi napokat, j\u00f3 munk\u00e1t, tartalmas besz\u00e9lget\u00e9seket \u00e9s \u00f6r\u00f6mteli tal\u00e1lkoz\u00e1sokat k\u00edv\u00e1nunk minden Kedves H\u00edv\u00fcnknek! * * \u201eKi-ki maga felel\u0151s az\u00e9rt, hogy a saj\u00e1t \u00e9let\u00e9t \u00e9lje \u00e9s \u00f6nmag\u00e1t megtal\u00e1lja. Ha ezt a felel\u0151ss\u00e9get m\u00e1sra igyekszik \u00e1th\u00e1r\u00edtani, akkor nem fogja megtal\u00e1lni saj\u00e1t l\u00e9t\u00e9nek \u00e9rtelm\u00e9t.\u201d (Thomas Merton \u2013 1915-1968 \u2013 trappista szerzetes, lelkis\u00e9gi \u00edr\u00f3, k\u00f6lt\u0151) (K\u00e9pek forr\u00e1sa: Pixabay \u00e9s Lovas Istv\u00e1n)","og_url":"https:\/\/stuttgarti-katolikusok.de\/index.php\/november-8-es-14-kozott\/","og_site_name":"Stuttgarti Katolikusok","article_published_time":"2021-11-08T11:32:18+00:00","article_modified_time":"2021-11-08T11:33:45+00:00","og_image":[{"width":640,"height":452,"url":"https:\/\/stuttgarti-katolikusok.de\/wp-content\/uploads\/2020\/11\/felelosseg.jpg","type":"image\/jpeg"}],"author":"Tibor atya","twitter_card":"summary_large_image","twitter_misc":{"Szerz\u0151:":"Tibor atya","Becs\u00fclt olvas\u00e1si id\u0151":"1 perc"},"schema":{"@context":"https:\/\/schema.org","@graph":[{"@type":"Article","@id":"https:\/\/stuttgarti-katolikusok.de\/index.php\/november-8-es-14-kozott\/#article","isPartOf":{"@id":"https:\/\/stuttgarti-katolikusok.de\/index.php\/november-8-es-14-kozott\/"},"author":{"name":"Tibor atya","@id":"https:\/\/stuttgarti-katolikusok.de\/#\/schema\/person\/75908d6f8fdc03a57889d27209df7795"},"headline":"November 8 \u00e9s 14 k\u00f6z\u00f6tt","datePublished":"2021-11-08T11:32:18+00:00","dateModified":"2021-11-08T11:33:45+00:00","mainEntityOfPage":{"@id":"https:\/\/stuttgarti-katolikusok.de\/index.php\/november-8-es-14-kozott\/"},"wordCount":238,"image":{"@id":"https:\/\/stuttgarti-katolikusok.de\/index.php\/november-8-es-14-kozott\/#primaryimage"},"thumbnailUrl":"https:\/\/stuttgarti-katolikusok.de\/wp-content\/uploads\/2020\/11\/felelosseg.jpg","articleSection":["Progamel\u0151zetes"],"inLanguage":"hu"},{"@type":"WebPage","@id":"https:\/\/stuttgarti-katolikusok.de\/index.php\/november-8-es-14-kozott\/","url":"https:\/\/stuttgarti-katolikusok.de\/index.php\/november-8-es-14-kozott\/","name":"November 8 \u00e9s 14 k\u00f6z\u00f6tt - Stuttgarti Katolikusok","isPartOf":{"@id":"https:\/\/stuttgarti-katolikusok.de\/#website"},"primaryImageOfPage":{"@id":"https:\/\/stuttgarti-katolikusok.de\/index.php\/november-8-es-14-kozott\/#primaryimage"},"image":{"@id":"https:\/\/stuttgarti-katolikusok.de\/index.php\/november-8-es-14-kozott\/#primaryimage"},"thumbnailUrl":"https:\/\/stuttgarti-katolikusok.de\/wp-content\/uploads\/2020\/11\/felelosseg.jpg","datePublished":"2021-11-08T11:32:18+00:00","dateModified":"2021-11-08T11:33:45+00:00","author":{"@id":"https:\/\/stuttgarti-katolikusok.de\/#\/schema\/person\/75908d6f8fdc03a57889d27209df7795"},"breadcrumb":{"@id":"https:\/\/stuttgarti-katolikusok.de\/index.php\/november-8-es-14-kozott\/#breadcrumb"},"inLanguage":"hu","potentialAction":[{"@type":"ReadAction","target":["https:\/\/stuttgarti-katolikusok.de\/index.php\/november-8-es-14-kozott\/"]}]},{"@type":"ImageObject","inLanguage":"hu","@id":"https:\/\/stuttgarti-katolikusok.de\/index.php\/november-8-es-14-kozott\/#primaryimage","url":"https:\/\/stuttgarti-katolikusok.de\/wp-content\/uploads\/2020\/11\/felelosseg.jpg","contentUrl":"https:\/\/stuttgarti-katolikusok.de\/wp-content\/uploads\/2020\/11\/felelosseg.jpg","width":640,"height":452},{"@type":"BreadcrumbList","@id":"https:\/\/stuttgarti-katolikusok.de\/index.php\/november-8-es-14-kozott\/#breadcrumb","itemListElement":[{"@type":"ListItem","position":1,"name":"Kezd\u0151lap","item":"https:\/\/stuttgarti-katolikusok.de\/"},{"@type":"ListItem","position":2,"name":"November 8 \u00e9s 14 k\u00f6z\u00f6tt"}]},{"@type":"WebSite","@id":"https:\/\/stuttgarti-katolikusok.de\/#website","url":"https:\/\/stuttgarti-katolikusok.de\/","name":"Stuttgarti Katolikusok","description":"","potentialAction":[{"@type":"SearchAction","target":{"@type":"EntryPoint","urlTemplate":"https:\/\/stuttgarti-katolikusok.de\/?s={search_term_string}"},"query-input":{"@type":"PropertyValueSpecification","valueRequired":true,"valueName":"search_term_string"}}],"inLanguage":"hu"},{"@type":"Person","@id":"https:\/\/stuttgarti-katolikusok.de\/#\/schema\/person\/75908d6f8fdc03a57889d27209df7795","name":"Tibor atya","image":{"@type":"ImageObject","inLanguage":"hu","@id":"https:\/\/secure.gravatar.com\/avatar\/61d268e57d1f4525b111222e29d2d5a7f8c420fdbf231ba5566a8ceac74fa960?s=96&d=mm&r=g","url":"https:\/\/secure.gravatar.com\/avatar\/61d268e57d1f4525b111222e29d2d5a7f8c420fdbf231ba5566a8ceac74fa960?s=96&d=mm&r=g","contentUrl":"https:\/\/secure.gravatar.com\/avatar\/61d268e57d1f4525b111222e29d2d5a7f8c420fdbf231ba5566a8ceac74fa960?s=96&d=mm&r=g","caption":"Tibor atya"},"url":"https:\/\/stuttgarti-katolikusok.de\/index.php\/author\/tibor-atya\/"}]}},"_links":{"self":[{"href":"https:\/\/stuttgarti-katolikusok.de\/index.php\/wp-json\/wp\/v2\/posts\/22459","targetHints":{"allow":["GET"]}}],"collection":[{"href":"https:\/\/stuttgarti-katolikusok.de\/index.php\/wp-json\/wp\/v2\/posts"}],"about":[{"href":"https:\/\/stuttgarti-katolikusok.de\/index.php\/wp-json\/wp\/v2\/types\/post"}],"author":[{"embeddable":true,"href":"https:\/\/stuttgarti-katolikusok.de\/index.php\/wp-json\/wp\/v2\/users\/3"}],"replies":[{"embeddable":true,"href":"https:\/\/stuttgarti-katolikusok.de\/index.php\/wp-json\/wp\/v2\/comments?post=22459"}],"version-history":[{"count":3,"href":"https:\/\/stuttgarti-katolikusok.de\/index.php\/wp-json\/wp\/v2\/posts\/22459\/revisions"}],"predecessor-version":[{"id":22463,"href":"https:\/\/stuttgarti-katolikusok.de\/index.php\/wp-json\/wp\/v2\/posts\/22459\/revisions\/22463"}],"wp:featuredmedia":[{"embeddable":true,"href":"https:\/\/stuttgarti-katolikusok.de\/index.php\/wp-json\/wp\/v2\/media\/20472"}],"wp:attachment":[{"href":"https:\/\/stuttgarti-katolikusok.de\/index.php\/wp-json\/wp\/v2\/media?parent=22459"}],"wp:term":[{"taxonomy":"category","embeddable":true,"href":"https:\/\/stuttgarti-katolikusok.de\/index.php\/wp-json\/wp\/v2\/categories?post=22459"},{"taxonomy":"post_tag","embeddable":true,"href":"https:\/\/stuttgarti-katolikusok.de\/index.php\/wp-json\/wp\/v2\/tags?post=22459"}],"curies":[{"name":"wp","href":"https:\/\/api.w.org\/{rel}","templated":true}]}}