{"id":22451,"date":"2021-11-07T07:42:36","date_gmt":"2021-11-07T06:42:36","guid":{"rendered":"https:\/\/stuttgarti-katolikusok.de\/?p=22451"},"modified":"2021-11-07T07:42:36","modified_gmt":"2021-11-07T06:42:36","slug":"emlekezem","status":"publish","type":"post","link":"https:\/\/stuttgarti-katolikusok.de\/index.php\/emlekezem\/","title":{"rendered":"Eml\u00e9kezem"},"content":{"rendered":"<p>1990-ben ismertem meg Marg\u00f3t. Egy\u00fctt voltunk k\u00f3rustagok a Magyar Misszi\u00f3 k\u00f3rus\u00e1ban.<\/p>\n<p>Cs\u00edktaplocai sz\u00fclet\u00e9s\u0171 sz\u00e9kely asszony volt, aki nagyon szerette sz\u00fcl\u0151f\u00f6ldj\u00e9t, csal\u00e1dj\u00e1t, kilenc testv\u00e9r\u00e9t, legf\u0151k\u00e9ppen b\u00e1tyj\u00e1t, Andr\u00e1s Imre S. J. jezsuita aty\u00e1t.<\/p>\n<p>Egy alkalommal megh\u00edvott benn\u00fcnket, l\u00e1togassuk meg stuttgarti lak\u00e1s\u00e1ban. Saj\u00e1t maga k\u00e9sz\u00edtette sz\u00ednes kalotaszegi \u00edr\u00e1sos p\u00e1rn\u00e1kat, ter\u00edt\u0151ket \u00e9s fafarag\u00e1sokat csod\u00e1ltunk meg lak\u00e1s\u00e1ban. B\u00facs\u00faz\u00e1skor egy kis k\u00f6nyvvel aj\u00e1nd\u00e9kozott meg benn\u00fcnket. Ebben a k\u00f6nyvben \u00e9desapja, Andr\u00e1s Gy\u00e1rf\u00e1s, \u201eEgy sz\u00e9kely ezermester \u00e9let\u00fatja Cs\u00edkban\u201c c\u00edmmel le\u00edrja csal\u00e1djuk t\u00f6rt\u00e9net\u00e9t. \u00c9desapja hangszalagra felvett visszaeml\u00e9kez\u00e9s\u00e9t Marg\u00f3 \u00edrta le \u00edr\u00f3g\u00e9ppel, majd lelk\u00e9sz testv\u00e9re el\u0151szav\u00e1val \u00e9s sajt\u00f3 al\u00e1 rendez\u00e9s\u00e9vel kiad\u00e1sra ker\u00fclt \u00e9s \u00edgy a m\u00falt, a gy\u00f6kerek ismerete nem veszett el a csal\u00e1d \u00e9s az ut\u00f3kor sz\u00e1m\u00e1ra.<\/p>\n<p>\u00c9desapja \u00edgy eml\u00e9kezik meg Marg\u00f3r\u00f3l: \u201eLegkisebb le\u00e1nyom \u2026 gimnazista kora egybeesik a kul\u00e1ksorsnak legm\u00e9rgesebb id\u0151szak\u00e1val. \u00c9les esz\u0171, igen j\u00f3 megjegyz\u0151 k\u00e9pess\u00e9g\u0171 le\u00e1nyka volt, virgonc mozg\u00e1s\u00fa. Oszt\u00e1lyt\u00e1rsai, a tan\u00e1rok \u00e9s \u2026 igazgat\u00f3 utas\u00edt\u00e1sa folyt\u00e1n t\u0151le m\u00e9g a vele val\u00f3 t\u00e1rsalg\u00e1st, k\u00f6r\u00fckbe val\u00f3 befogad\u00e1st is megtagadt\u00e1k. Vele az \u00faton meg nem indultak, mell\u00e9 nem \u00fcltek, az \u00e9retts\u00e9gi vacsor\u00e1ra oda nem engedt\u00e9k, az \u00e9retts\u00e9gi tabl\u00f3ra \u0151t kitenni nem engedt\u00e9k. Minden alkalmat megragadtak, hogy \u0151t megsz\u00e9gyen\u00edts\u00e9k. Elk\u00e9pzelhet\u0151, hogy milyen lelki \u00e1llapotban hagyta ott az iskol\u00e1t. Hogy egyetemre mehessen, arra nem is sz\u00e1m\u00edthatott, de mert gyors felfog\u00e1sa \u00e9s t\u00f6k\u00e9letes sz\u00e1m\u00edt\u00e1si t\u00e1j\u00e9koz\u00f3d\u00f3 k\u00e9pess\u00e9ge volt, egy nagy \u00e1llami \u00fczlet p\u00e9nzt\u00e1rkezel\u00e9si \u00e1ll\u00e1ssal megk\u00edn\u00e1lta, \u0151 el is fogadta. Munk\u00e1j\u00e1t mind\u00e9g a legnagyobb pontoss\u00e1ggal, p\u00e9nzt\u00e1ri hi\u00e1ny n\u00e9lk\u00fcl v\u00e9gezte. Munkat\u00e1rsai megszerett\u00e9k, megismert\u00e9k \u00e9s megbecs\u00fclt\u00e9k. \u2026 P\u00e1r \u00e9v m\u00falva lehet\u0151s\u00e9g ny\u00edlt, hogy Marosv\u00e1s\u00e1rhelyre a sz\u00fcl\u00e9szeti technikusi kik\u00e9pz\u00e9sre felveszik. Halad\u00e9k n\u00e9lk\u00fcl \u00e1tk\u00e9rezkedett, fel is vett\u00e9k. Igen j\u00f3 eredm\u00e9nnyel v\u00e9gzett, \u00e9s az ottani sz\u00fcl\u00e9szeti klinik\u00e1n \u00e1ll\u00e1st \u00e9s lak\u00e1st is kapott. Id\u0151vel el\u0151l\u00e9ptett\u00e9k \u00e9s f\u0151asszisztensi c\u00edmmel \u00e9s munkak\u00f6rrel szolg\u00e1lja a k\u00f6z\u00f6ss\u00e9get.\u201c<\/p>\n<p>Mai szemmel elk\u00e9pzelhetetlen milyen neh\u00e9zs\u00e9gbe \u00fctk\u00f6ztek az elm\u00falt kor emberei \u00e9s milyen igazs\u00e1gtalans\u00e1gok \u00e9rt\u00e9k \u0151ket.<\/p>\n<p>A sors tov\u00e1bbra se volt kegyes hozz\u00e1: testv\u00e9rei rendre elhunytak, utolj\u00e1ra lelk\u00e9sz b\u00e1tyja ment el az \u00e9l\u0151k sor\u00e1b\u00f3l. Egyetlen fia, nagyon fiatalon, r\u00f6vid betegs\u00e9g ut\u00e1n hunyt el.<\/p>\n<p>L\u00e1togat\u00e1sunk alkalm\u00e1val gerincf\u00e1jdalmakkal k\u00fczd\u00f6tt. K\u00e9rd\u00e9s\u00fcnkre elmondta nek\u00fcnk, hogy a v\u00e1rosi aut\u00f3buszban jegyv\u00e1s\u00e1rl\u00e1s ut\u00e1n, am\u00edg a visszaj\u00e1r\u00f3 \u00f6sszeget az ersz\u00e9ny\u00e9be pr\u00f3b\u00e1lta elhelyezni, a buszvezet\u0151 figyelmeztet\u00e9s n\u00e9lk\u00fcl elindult, \u0151 elesett \u00e9s az orvos csigolyareped\u00e9st \u00e1llap\u00edtott meg, ami azzal j\u00e1rt, hogy hosszabb ideig semmilyen tev\u00e9kenys\u00e9get nem tudott folytatni, er\u0151s f\u00e1jdalomcsillap\u00edtott \u00edrt fel az orvos \u00e9s f\u0171z\u0151 visel\u00e9s\u00e9t.<\/p>\n<p>K\u00e9rd\u00e9s\u00fcnkre, hogy tett-e feljelent\u00e9st, azt v\u00e1laszolta, hogy nem, mert ez nem cs\u00f6kkenti a f\u00e1jdalm\u00e1t.<\/p>\n<p>Marg\u00f3 egyik p\u00e9ldak\u00e9pem lett, mert az \u00e9let neh\u00e9zs\u00e9gei nem tudt\u00e1k megt\u00f6rni, nem panaszkodott \u00e9s nem v\u00e1daskodott, kereszt\u00e9ny hitben \u00e9s szeretetben \u00e9lte le \u00e9let\u00e9t. El\u0151rehaladott kora ellen\u00e9re minden \u00e9rdekelte, rendszeresen k\u00fcld\u00f6tt nek\u00fcnk vall\u00e1si \u00e9s nemzeti t\u00e9m\u00e1j\u00fa tanuls\u00e1gos cikkeket.<\/p>\n<p>Dr\u00e1ga Marg\u00f3, Isten nyugtasson b\u00e9k\u00e9ben!<\/p>\n<p>D\u00e1vid Melinda<\/p>\n<p>2021 november\u00e9ben<\/p>\n","protected":false},"excerpt":{"rendered":"<p>1990-ben ismertem meg Marg\u00f3t. Egy\u00fctt voltunk k\u00f3rustagok a Magyar Misszi\u00f3 k\u00f3rus\u00e1ban. Cs\u00edktaplocai sz\u00fclet\u00e9s\u0171 sz\u00e9kely asszony volt, aki nagyon szerette sz\u00fcl\u0151f\u00f6ldj\u00e9t, csal\u00e1dj\u00e1t, kilenc testv\u00e9r\u00e9t, legf\u0151k\u00e9ppen b\u00e1tyj\u00e1t, Andr\u00e1s Imre S. J. jezsuita aty\u00e1t. Egy alkalommal megh\u00edvott benn\u00fcnket, l\u00e1togassuk meg stuttgarti lak\u00e1s\u00e1ban. Saj\u00e1t maga k\u00e9sz\u00edtette sz\u00ednes kalotaszegi \u00edr\u00e1sos p\u00e1rn\u00e1kat, ter\u00edt\u0151ket \u00e9s fafarag\u00e1sokat csod\u00e1ltunk meg lak\u00e1s\u00e1ban. B\u00facs\u00faz\u00e1skor egy kis k\u00f6nyvvel aj\u00e1nd\u00e9kozott meg benn\u00fcnket. Ebben a k\u00f6nyvben \u00e9desapja, Andr\u00e1s Gy\u00e1rf\u00e1s, \u201eEgy sz\u00e9kely ezermester \u00e9let\u00fatja Cs\u00edkban\u201c c\u00edmmel le\u00edrja csal\u00e1djuk t\u00f6rt\u00e9net\u00e9t. \u00c9desapja hangszalagra felvett visszaeml\u00e9kez\u00e9s\u00e9t Marg\u00f3 \u00edrta le \u00edr\u00f3g\u00e9ppel, majd lelk\u00e9sz testv\u00e9re el\u0151szav\u00e1val \u00e9s sajt\u00f3 al\u00e1 rendez\u00e9s\u00e9vel kiad\u00e1sra ker\u00fclt \u00e9s \u00edgy a m\u00falt, a gy\u00f6kerek ismerete nem veszett el a csal\u00e1d \u00e9s az ut\u00f3kor sz\u00e1m\u00e1ra. \u00c9desapja \u00edgy eml\u00e9kezik meg Marg\u00f3r\u00f3l: \u201eLegkisebb le\u00e1nyom \u2026 gimnazista kora egybeesik a kul\u00e1ksorsnak legm\u00e9rgesebb id\u0151szak\u00e1val. \u00c9les esz\u0171, igen j\u00f3 megjegyz\u0151 k\u00e9pess\u00e9g\u0171 le\u00e1nyka volt, virgonc mozg\u00e1s\u00fa. Oszt\u00e1lyt\u00e1rsai, a tan\u00e1rok \u00e9s \u2026 igazgat\u00f3 utas\u00edt\u00e1sa folyt\u00e1n t\u0151le m\u00e9g a vele val\u00f3 t\u00e1rsalg\u00e1st, k\u00f6r\u00fckbe val\u00f3 befogad\u00e1st is megtagadt\u00e1k. Vele az \u00faton meg nem indultak, mell\u00e9 nem \u00fcltek, az \u00e9retts\u00e9gi vacsor\u00e1ra oda nem engedt\u00e9k, az \u00e9retts\u00e9gi tabl\u00f3ra \u0151t kitenni nem engedt\u00e9k. Minden alkalmat megragadtak, hogy \u0151t megsz\u00e9gyen\u00edts\u00e9k. Elk\u00e9pzelhet\u0151, hogy milyen lelki \u00e1llapotban hagyta ott az iskol\u00e1t. Hogy egyetemre mehessen, arra nem is sz\u00e1m\u00edthatott, de mert gyors felfog\u00e1sa \u00e9s t\u00f6k\u00e9letes sz\u00e1m\u00edt\u00e1si t\u00e1j\u00e9koz\u00f3d\u00f3 k\u00e9pess\u00e9ge volt, egy nagy \u00e1llami \u00fczlet p\u00e9nzt\u00e1rkezel\u00e9si \u00e1ll\u00e1ssal megk\u00edn\u00e1lta, \u0151 el is fogadta. Munk\u00e1j\u00e1t mind\u00e9g a legnagyobb pontoss\u00e1ggal, p\u00e9nzt\u00e1ri hi\u00e1ny n\u00e9lk\u00fcl v\u00e9gezte. Munkat\u00e1rsai megszerett\u00e9k, megismert\u00e9k \u00e9s megbecs\u00fclt\u00e9k. \u2026 P\u00e1r \u00e9v m\u00falva lehet\u0151s\u00e9g ny\u00edlt, hogy Marosv\u00e1s\u00e1rhelyre a sz\u00fcl\u00e9szeti technikusi kik\u00e9pz\u00e9sre felveszik. Halad\u00e9k n\u00e9lk\u00fcl \u00e1tk\u00e9rezkedett, fel is vett\u00e9k. Igen j\u00f3 eredm\u00e9nnyel v\u00e9gzett, \u00e9s az ottani sz\u00fcl\u00e9szeti klinik\u00e1n \u00e1ll\u00e1st \u00e9s lak\u00e1st is kapott. Id\u0151vel el\u0151l\u00e9ptett\u00e9k \u00e9s f\u0151asszisztensi c\u00edmmel \u00e9s munkak\u00f6rrel szolg\u00e1lja a k\u00f6z\u00f6ss\u00e9get.\u201c Mai szemmel elk\u00e9pzelhetetlen milyen neh\u00e9zs\u00e9gbe \u00fctk\u00f6ztek az elm\u00falt kor emberei \u00e9s milyen igazs\u00e1gtalans\u00e1gok \u00e9rt\u00e9k \u0151ket. A sors tov\u00e1bbra se volt kegyes hozz\u00e1: testv\u00e9rei rendre elhunytak, utolj\u00e1ra&#8230; <\/p>\n<p><a class=\"readmore\" href=\"https:\/\/stuttgarti-katolikusok.de\/index.php\/emlekezem\/\">R\u00e9szletek<\/a><\/p>\n","protected":false},"author":3,"featured_media":22452,"comment_status":"closed","ping_status":"closed","sticky":false,"template":"","format":"standard","meta":{"footnotes":""},"categories":[28],"tags":[],"class_list":["post-22451","post","type-post","status-publish","format-standard","has-post-thumbnail","hentry","category-olvasoink-irjak"],"yoast_head":"<!-- This site is optimized with the Yoast SEO plugin v27.3 - https:\/\/yoast.com\/product\/yoast-seo-wordpress\/ -->\n<title>Eml\u00e9kezem - Stuttgarti Katolikusok<\/title>\n<meta name=\"robots\" content=\"index, follow, max-snippet:-1, max-image-preview:large, max-video-preview:-1\" \/>\n<link rel=\"canonical\" href=\"https:\/\/stuttgarti-katolikusok.de\/index.php\/emlekezem\/\" \/>\n<meta property=\"og:locale\" content=\"hu_HU\" \/>\n<meta property=\"og:type\" content=\"article\" \/>\n<meta property=\"og:title\" content=\"Eml\u00e9kezem - Stuttgarti Katolikusok\" \/>\n<meta property=\"og:description\" content=\"1990-ben ismertem meg Marg\u00f3t. Egy\u00fctt voltunk k\u00f3rustagok a Magyar Misszi\u00f3 k\u00f3rus\u00e1ban. Cs\u00edktaplocai sz\u00fclet\u00e9s\u0171 sz\u00e9kely asszony volt, aki nagyon szerette sz\u00fcl\u0151f\u00f6ldj\u00e9t, csal\u00e1dj\u00e1t, kilenc testv\u00e9r\u00e9t, legf\u0151k\u00e9ppen b\u00e1tyj\u00e1t, Andr\u00e1s Imre S. J. jezsuita aty\u00e1t. Egy alkalommal megh\u00edvott benn\u00fcnket, l\u00e1togassuk meg stuttgarti lak\u00e1s\u00e1ban. Saj\u00e1t maga k\u00e9sz\u00edtette sz\u00ednes kalotaszegi \u00edr\u00e1sos p\u00e1rn\u00e1kat, ter\u00edt\u0151ket \u00e9s fafarag\u00e1sokat csod\u00e1ltunk meg lak\u00e1s\u00e1ban. B\u00facs\u00faz\u00e1skor egy kis k\u00f6nyvvel aj\u00e1nd\u00e9kozott meg benn\u00fcnket. Ebben a k\u00f6nyvben \u00e9desapja, Andr\u00e1s Gy\u00e1rf\u00e1s, \u201eEgy sz\u00e9kely ezermester \u00e9let\u00fatja Cs\u00edkban\u201c c\u00edmmel le\u00edrja csal\u00e1djuk t\u00f6rt\u00e9net\u00e9t. \u00c9desapja hangszalagra felvett visszaeml\u00e9kez\u00e9s\u00e9t Marg\u00f3 \u00edrta le \u00edr\u00f3g\u00e9ppel, majd lelk\u00e9sz testv\u00e9re el\u0151szav\u00e1val \u00e9s sajt\u00f3 al\u00e1 rendez\u00e9s\u00e9vel kiad\u00e1sra ker\u00fclt \u00e9s \u00edgy a m\u00falt, a gy\u00f6kerek ismerete nem veszett el a csal\u00e1d \u00e9s az ut\u00f3kor sz\u00e1m\u00e1ra. \u00c9desapja \u00edgy eml\u00e9kezik meg Marg\u00f3r\u00f3l: \u201eLegkisebb le\u00e1nyom \u2026 gimnazista kora egybeesik a kul\u00e1ksorsnak legm\u00e9rgesebb id\u0151szak\u00e1val. \u00c9les esz\u0171, igen j\u00f3 megjegyz\u0151 k\u00e9pess\u00e9g\u0171 le\u00e1nyka volt, virgonc mozg\u00e1s\u00fa. Oszt\u00e1lyt\u00e1rsai, a tan\u00e1rok \u00e9s \u2026 igazgat\u00f3 utas\u00edt\u00e1sa folyt\u00e1n t\u0151le m\u00e9g a vele val\u00f3 t\u00e1rsalg\u00e1st, k\u00f6r\u00fckbe val\u00f3 befogad\u00e1st is megtagadt\u00e1k. Vele az \u00faton meg nem indultak, mell\u00e9 nem \u00fcltek, az \u00e9retts\u00e9gi vacsor\u00e1ra oda nem engedt\u00e9k, az \u00e9retts\u00e9gi tabl\u00f3ra \u0151t kitenni nem engedt\u00e9k. Minden alkalmat megragadtak, hogy \u0151t megsz\u00e9gyen\u00edts\u00e9k. Elk\u00e9pzelhet\u0151, hogy milyen lelki \u00e1llapotban hagyta ott az iskol\u00e1t. Hogy egyetemre mehessen, arra nem is sz\u00e1m\u00edthatott, de mert gyors felfog\u00e1sa \u00e9s t\u00f6k\u00e9letes sz\u00e1m\u00edt\u00e1si t\u00e1j\u00e9koz\u00f3d\u00f3 k\u00e9pess\u00e9ge volt, egy nagy \u00e1llami \u00fczlet p\u00e9nzt\u00e1rkezel\u00e9si \u00e1ll\u00e1ssal megk\u00edn\u00e1lta, \u0151 el is fogadta. Munk\u00e1j\u00e1t mind\u00e9g a legnagyobb pontoss\u00e1ggal, p\u00e9nzt\u00e1ri hi\u00e1ny n\u00e9lk\u00fcl v\u00e9gezte. Munkat\u00e1rsai megszerett\u00e9k, megismert\u00e9k \u00e9s megbecs\u00fclt\u00e9k. \u2026 P\u00e1r \u00e9v m\u00falva lehet\u0151s\u00e9g ny\u00edlt, hogy Marosv\u00e1s\u00e1rhelyre a sz\u00fcl\u00e9szeti technikusi kik\u00e9pz\u00e9sre felveszik. Halad\u00e9k n\u00e9lk\u00fcl \u00e1tk\u00e9rezkedett, fel is vett\u00e9k. Igen j\u00f3 eredm\u00e9nnyel v\u00e9gzett, \u00e9s az ottani sz\u00fcl\u00e9szeti klinik\u00e1n \u00e1ll\u00e1st \u00e9s lak\u00e1st is kapott. Id\u0151vel el\u0151l\u00e9ptett\u00e9k \u00e9s f\u0151asszisztensi c\u00edmmel \u00e9s munkak\u00f6rrel szolg\u00e1lja a k\u00f6z\u00f6ss\u00e9get.\u201c Mai szemmel elk\u00e9pzelhetetlen milyen neh\u00e9zs\u00e9gbe \u00fctk\u00f6ztek az elm\u00falt kor emberei \u00e9s milyen igazs\u00e1gtalans\u00e1gok \u00e9rt\u00e9k \u0151ket. A sors tov\u00e1bbra se volt kegyes hozz\u00e1: testv\u00e9rei rendre elhunytak, utolj\u00e1ra... R\u00e9szletek\" \/>\n<meta property=\"og:url\" content=\"https:\/\/stuttgarti-katolikusok.de\/index.php\/emlekezem\/\" \/>\n<meta property=\"og:site_name\" content=\"Stuttgarti Katolikusok\" \/>\n<meta property=\"article:published_time\" content=\"2021-11-07T06:42:36+00:00\" \/>\n<meta property=\"og:image\" content=\"https:\/\/stuttgarti-katolikusok.de\/wp-content\/uploads\/2021\/11\/david-melinda.jpeg\" \/>\n\t<meta property=\"og:image:width\" content=\"2038\" \/>\n\t<meta property=\"og:image:height\" content=\"1787\" \/>\n\t<meta property=\"og:image:type\" content=\"image\/jpeg\" \/>\n<meta name=\"author\" content=\"Tibor atya\" \/>\n<meta name=\"twitter:card\" content=\"summary_large_image\" \/>\n<meta name=\"twitter:label1\" content=\"Szerz\u0151:\" \/>\n\t<meta name=\"twitter:data1\" content=\"Tibor atya\" \/>\n\t<meta name=\"twitter:label2\" content=\"Becs\u00fclt olvas\u00e1si id\u0151\" \/>\n\t<meta name=\"twitter:data2\" content=\"3 perc\" \/>\n<script type=\"application\/ld+json\" class=\"yoast-schema-graph\">{\"@context\":\"https:\\\/\\\/schema.org\",\"@graph\":[{\"@type\":\"Article\",\"@id\":\"https:\\\/\\\/stuttgarti-katolikusok.de\\\/index.php\\\/emlekezem\\\/#article\",\"isPartOf\":{\"@id\":\"https:\\\/\\\/stuttgarti-katolikusok.de\\\/index.php\\\/emlekezem\\\/\"},\"author\":{\"name\":\"Tibor atya\",\"@id\":\"https:\\\/\\\/stuttgarti-katolikusok.de\\\/#\\\/schema\\\/person\\\/75908d6f8fdc03a57889d27209df7795\"},\"headline\":\"Eml\u00e9kezem\",\"datePublished\":\"2021-11-07T06:42:36+00:00\",\"mainEntityOfPage\":{\"@id\":\"https:\\\/\\\/stuttgarti-katolikusok.de\\\/index.php\\\/emlekezem\\\/\"},\"wordCount\":697,\"image\":{\"@id\":\"https:\\\/\\\/stuttgarti-katolikusok.de\\\/index.php\\\/emlekezem\\\/#primaryimage\"},\"thumbnailUrl\":\"https:\\\/\\\/stuttgarti-katolikusok.de\\\/wp-content\\\/uploads\\\/2021\\\/11\\\/david-melinda.jpeg\",\"articleSection\":[\"Olvas\u00f3ink \u00edrj\u00e1k\"],\"inLanguage\":\"hu\"},{\"@type\":\"WebPage\",\"@id\":\"https:\\\/\\\/stuttgarti-katolikusok.de\\\/index.php\\\/emlekezem\\\/\",\"url\":\"https:\\\/\\\/stuttgarti-katolikusok.de\\\/index.php\\\/emlekezem\\\/\",\"name\":\"Eml\u00e9kezem - Stuttgarti Katolikusok\",\"isPartOf\":{\"@id\":\"https:\\\/\\\/stuttgarti-katolikusok.de\\\/#website\"},\"primaryImageOfPage\":{\"@id\":\"https:\\\/\\\/stuttgarti-katolikusok.de\\\/index.php\\\/emlekezem\\\/#primaryimage\"},\"image\":{\"@id\":\"https:\\\/\\\/stuttgarti-katolikusok.de\\\/index.php\\\/emlekezem\\\/#primaryimage\"},\"thumbnailUrl\":\"https:\\\/\\\/stuttgarti-katolikusok.de\\\/wp-content\\\/uploads\\\/2021\\\/11\\\/david-melinda.jpeg\",\"datePublished\":\"2021-11-07T06:42:36+00:00\",\"author\":{\"@id\":\"https:\\\/\\\/stuttgarti-katolikusok.de\\\/#\\\/schema\\\/person\\\/75908d6f8fdc03a57889d27209df7795\"},\"breadcrumb\":{\"@id\":\"https:\\\/\\\/stuttgarti-katolikusok.de\\\/index.php\\\/emlekezem\\\/#breadcrumb\"},\"inLanguage\":\"hu\",\"potentialAction\":[{\"@type\":\"ReadAction\",\"target\":[\"https:\\\/\\\/stuttgarti-katolikusok.de\\\/index.php\\\/emlekezem\\\/\"]}]},{\"@type\":\"ImageObject\",\"inLanguage\":\"hu\",\"@id\":\"https:\\\/\\\/stuttgarti-katolikusok.de\\\/index.php\\\/emlekezem\\\/#primaryimage\",\"url\":\"https:\\\/\\\/stuttgarti-katolikusok.de\\\/wp-content\\\/uploads\\\/2021\\\/11\\\/david-melinda.jpeg\",\"contentUrl\":\"https:\\\/\\\/stuttgarti-katolikusok.de\\\/wp-content\\\/uploads\\\/2021\\\/11\\\/david-melinda.jpeg\",\"width\":2038,\"height\":1787},{\"@type\":\"BreadcrumbList\",\"@id\":\"https:\\\/\\\/stuttgarti-katolikusok.de\\\/index.php\\\/emlekezem\\\/#breadcrumb\",\"itemListElement\":[{\"@type\":\"ListItem\",\"position\":1,\"name\":\"Kezd\u0151lap\",\"item\":\"https:\\\/\\\/stuttgarti-katolikusok.de\\\/\"},{\"@type\":\"ListItem\",\"position\":2,\"name\":\"Eml\u00e9kezem\"}]},{\"@type\":\"WebSite\",\"@id\":\"https:\\\/\\\/stuttgarti-katolikusok.de\\\/#website\",\"url\":\"https:\\\/\\\/stuttgarti-katolikusok.de\\\/\",\"name\":\"Stuttgarti Katolikusok\",\"description\":\"\",\"potentialAction\":[{\"@type\":\"SearchAction\",\"target\":{\"@type\":\"EntryPoint\",\"urlTemplate\":\"https:\\\/\\\/stuttgarti-katolikusok.de\\\/?s={search_term_string}\"},\"query-input\":{\"@type\":\"PropertyValueSpecification\",\"valueRequired\":true,\"valueName\":\"search_term_string\"}}],\"inLanguage\":\"hu\"},{\"@type\":\"Person\",\"@id\":\"https:\\\/\\\/stuttgarti-katolikusok.de\\\/#\\\/schema\\\/person\\\/75908d6f8fdc03a57889d27209df7795\",\"name\":\"Tibor atya\",\"image\":{\"@type\":\"ImageObject\",\"inLanguage\":\"hu\",\"@id\":\"https:\\\/\\\/secure.gravatar.com\\\/avatar\\\/61d268e57d1f4525b111222e29d2d5a7f8c420fdbf231ba5566a8ceac74fa960?s=96&d=mm&r=g\",\"url\":\"https:\\\/\\\/secure.gravatar.com\\\/avatar\\\/61d268e57d1f4525b111222e29d2d5a7f8c420fdbf231ba5566a8ceac74fa960?s=96&d=mm&r=g\",\"contentUrl\":\"https:\\\/\\\/secure.gravatar.com\\\/avatar\\\/61d268e57d1f4525b111222e29d2d5a7f8c420fdbf231ba5566a8ceac74fa960?s=96&d=mm&r=g\",\"caption\":\"Tibor atya\"},\"url\":\"https:\\\/\\\/stuttgarti-katolikusok.de\\\/index.php\\\/author\\\/tibor-atya\\\/\"}]}<\/script>\n<!-- \/ Yoast SEO plugin. -->","yoast_head_json":{"title":"Eml\u00e9kezem - Stuttgarti Katolikusok","robots":{"index":"index","follow":"follow","max-snippet":"max-snippet:-1","max-image-preview":"max-image-preview:large","max-video-preview":"max-video-preview:-1"},"canonical":"https:\/\/stuttgarti-katolikusok.de\/index.php\/emlekezem\/","og_locale":"hu_HU","og_type":"article","og_title":"Eml\u00e9kezem - Stuttgarti Katolikusok","og_description":"1990-ben ismertem meg Marg\u00f3t. Egy\u00fctt voltunk k\u00f3rustagok a Magyar Misszi\u00f3 k\u00f3rus\u00e1ban. Cs\u00edktaplocai sz\u00fclet\u00e9s\u0171 sz\u00e9kely asszony volt, aki nagyon szerette sz\u00fcl\u0151f\u00f6ldj\u00e9t, csal\u00e1dj\u00e1t, kilenc testv\u00e9r\u00e9t, legf\u0151k\u00e9ppen b\u00e1tyj\u00e1t, Andr\u00e1s Imre S. J. jezsuita aty\u00e1t. Egy alkalommal megh\u00edvott benn\u00fcnket, l\u00e1togassuk meg stuttgarti lak\u00e1s\u00e1ban. Saj\u00e1t maga k\u00e9sz\u00edtette sz\u00ednes kalotaszegi \u00edr\u00e1sos p\u00e1rn\u00e1kat, ter\u00edt\u0151ket \u00e9s fafarag\u00e1sokat csod\u00e1ltunk meg lak\u00e1s\u00e1ban. B\u00facs\u00faz\u00e1skor egy kis k\u00f6nyvvel aj\u00e1nd\u00e9kozott meg benn\u00fcnket. Ebben a k\u00f6nyvben \u00e9desapja, Andr\u00e1s Gy\u00e1rf\u00e1s, \u201eEgy sz\u00e9kely ezermester \u00e9let\u00fatja Cs\u00edkban\u201c c\u00edmmel le\u00edrja csal\u00e1djuk t\u00f6rt\u00e9net\u00e9t. \u00c9desapja hangszalagra felvett visszaeml\u00e9kez\u00e9s\u00e9t Marg\u00f3 \u00edrta le \u00edr\u00f3g\u00e9ppel, majd lelk\u00e9sz testv\u00e9re el\u0151szav\u00e1val \u00e9s sajt\u00f3 al\u00e1 rendez\u00e9s\u00e9vel kiad\u00e1sra ker\u00fclt \u00e9s \u00edgy a m\u00falt, a gy\u00f6kerek ismerete nem veszett el a csal\u00e1d \u00e9s az ut\u00f3kor sz\u00e1m\u00e1ra. \u00c9desapja \u00edgy eml\u00e9kezik meg Marg\u00f3r\u00f3l: \u201eLegkisebb le\u00e1nyom \u2026 gimnazista kora egybeesik a kul\u00e1ksorsnak legm\u00e9rgesebb id\u0151szak\u00e1val. \u00c9les esz\u0171, igen j\u00f3 megjegyz\u0151 k\u00e9pess\u00e9g\u0171 le\u00e1nyka volt, virgonc mozg\u00e1s\u00fa. Oszt\u00e1lyt\u00e1rsai, a tan\u00e1rok \u00e9s \u2026 igazgat\u00f3 utas\u00edt\u00e1sa folyt\u00e1n t\u0151le m\u00e9g a vele val\u00f3 t\u00e1rsalg\u00e1st, k\u00f6r\u00fckbe val\u00f3 befogad\u00e1st is megtagadt\u00e1k. Vele az \u00faton meg nem indultak, mell\u00e9 nem \u00fcltek, az \u00e9retts\u00e9gi vacsor\u00e1ra oda nem engedt\u00e9k, az \u00e9retts\u00e9gi tabl\u00f3ra \u0151t kitenni nem engedt\u00e9k. Minden alkalmat megragadtak, hogy \u0151t megsz\u00e9gyen\u00edts\u00e9k. Elk\u00e9pzelhet\u0151, hogy milyen lelki \u00e1llapotban hagyta ott az iskol\u00e1t. Hogy egyetemre mehessen, arra nem is sz\u00e1m\u00edthatott, de mert gyors felfog\u00e1sa \u00e9s t\u00f6k\u00e9letes sz\u00e1m\u00edt\u00e1si t\u00e1j\u00e9koz\u00f3d\u00f3 k\u00e9pess\u00e9ge volt, egy nagy \u00e1llami \u00fczlet p\u00e9nzt\u00e1rkezel\u00e9si \u00e1ll\u00e1ssal megk\u00edn\u00e1lta, \u0151 el is fogadta. Munk\u00e1j\u00e1t mind\u00e9g a legnagyobb pontoss\u00e1ggal, p\u00e9nzt\u00e1ri hi\u00e1ny n\u00e9lk\u00fcl v\u00e9gezte. Munkat\u00e1rsai megszerett\u00e9k, megismert\u00e9k \u00e9s megbecs\u00fclt\u00e9k. \u2026 P\u00e1r \u00e9v m\u00falva lehet\u0151s\u00e9g ny\u00edlt, hogy Marosv\u00e1s\u00e1rhelyre a sz\u00fcl\u00e9szeti technikusi kik\u00e9pz\u00e9sre felveszik. Halad\u00e9k n\u00e9lk\u00fcl \u00e1tk\u00e9rezkedett, fel is vett\u00e9k. Igen j\u00f3 eredm\u00e9nnyel v\u00e9gzett, \u00e9s az ottani sz\u00fcl\u00e9szeti klinik\u00e1n \u00e1ll\u00e1st \u00e9s lak\u00e1st is kapott. Id\u0151vel el\u0151l\u00e9ptett\u00e9k \u00e9s f\u0151asszisztensi c\u00edmmel \u00e9s munkak\u00f6rrel szolg\u00e1lja a k\u00f6z\u00f6ss\u00e9get.\u201c Mai szemmel elk\u00e9pzelhetetlen milyen neh\u00e9zs\u00e9gbe \u00fctk\u00f6ztek az elm\u00falt kor emberei \u00e9s milyen igazs\u00e1gtalans\u00e1gok \u00e9rt\u00e9k \u0151ket. A sors tov\u00e1bbra se volt kegyes hozz\u00e1: testv\u00e9rei rendre elhunytak, utolj\u00e1ra... R\u00e9szletek","og_url":"https:\/\/stuttgarti-katolikusok.de\/index.php\/emlekezem\/","og_site_name":"Stuttgarti Katolikusok","article_published_time":"2021-11-07T06:42:36+00:00","og_image":[{"width":2038,"height":1787,"url":"https:\/\/stuttgarti-katolikusok.de\/wp-content\/uploads\/2021\/11\/david-melinda.jpeg","type":"image\/jpeg"}],"author":"Tibor atya","twitter_card":"summary_large_image","twitter_misc":{"Szerz\u0151:":"Tibor atya","Becs\u00fclt olvas\u00e1si id\u0151":"3 perc"},"schema":{"@context":"https:\/\/schema.org","@graph":[{"@type":"Article","@id":"https:\/\/stuttgarti-katolikusok.de\/index.php\/emlekezem\/#article","isPartOf":{"@id":"https:\/\/stuttgarti-katolikusok.de\/index.php\/emlekezem\/"},"author":{"name":"Tibor atya","@id":"https:\/\/stuttgarti-katolikusok.de\/#\/schema\/person\/75908d6f8fdc03a57889d27209df7795"},"headline":"Eml\u00e9kezem","datePublished":"2021-11-07T06:42:36+00:00","mainEntityOfPage":{"@id":"https:\/\/stuttgarti-katolikusok.de\/index.php\/emlekezem\/"},"wordCount":697,"image":{"@id":"https:\/\/stuttgarti-katolikusok.de\/index.php\/emlekezem\/#primaryimage"},"thumbnailUrl":"https:\/\/stuttgarti-katolikusok.de\/wp-content\/uploads\/2021\/11\/david-melinda.jpeg","articleSection":["Olvas\u00f3ink \u00edrj\u00e1k"],"inLanguage":"hu"},{"@type":"WebPage","@id":"https:\/\/stuttgarti-katolikusok.de\/index.php\/emlekezem\/","url":"https:\/\/stuttgarti-katolikusok.de\/index.php\/emlekezem\/","name":"Eml\u00e9kezem - Stuttgarti Katolikusok","isPartOf":{"@id":"https:\/\/stuttgarti-katolikusok.de\/#website"},"primaryImageOfPage":{"@id":"https:\/\/stuttgarti-katolikusok.de\/index.php\/emlekezem\/#primaryimage"},"image":{"@id":"https:\/\/stuttgarti-katolikusok.de\/index.php\/emlekezem\/#primaryimage"},"thumbnailUrl":"https:\/\/stuttgarti-katolikusok.de\/wp-content\/uploads\/2021\/11\/david-melinda.jpeg","datePublished":"2021-11-07T06:42:36+00:00","author":{"@id":"https:\/\/stuttgarti-katolikusok.de\/#\/schema\/person\/75908d6f8fdc03a57889d27209df7795"},"breadcrumb":{"@id":"https:\/\/stuttgarti-katolikusok.de\/index.php\/emlekezem\/#breadcrumb"},"inLanguage":"hu","potentialAction":[{"@type":"ReadAction","target":["https:\/\/stuttgarti-katolikusok.de\/index.php\/emlekezem\/"]}]},{"@type":"ImageObject","inLanguage":"hu","@id":"https:\/\/stuttgarti-katolikusok.de\/index.php\/emlekezem\/#primaryimage","url":"https:\/\/stuttgarti-katolikusok.de\/wp-content\/uploads\/2021\/11\/david-melinda.jpeg","contentUrl":"https:\/\/stuttgarti-katolikusok.de\/wp-content\/uploads\/2021\/11\/david-melinda.jpeg","width":2038,"height":1787},{"@type":"BreadcrumbList","@id":"https:\/\/stuttgarti-katolikusok.de\/index.php\/emlekezem\/#breadcrumb","itemListElement":[{"@type":"ListItem","position":1,"name":"Kezd\u0151lap","item":"https:\/\/stuttgarti-katolikusok.de\/"},{"@type":"ListItem","position":2,"name":"Eml\u00e9kezem"}]},{"@type":"WebSite","@id":"https:\/\/stuttgarti-katolikusok.de\/#website","url":"https:\/\/stuttgarti-katolikusok.de\/","name":"Stuttgarti Katolikusok","description":"","potentialAction":[{"@type":"SearchAction","target":{"@type":"EntryPoint","urlTemplate":"https:\/\/stuttgarti-katolikusok.de\/?s={search_term_string}"},"query-input":{"@type":"PropertyValueSpecification","valueRequired":true,"valueName":"search_term_string"}}],"inLanguage":"hu"},{"@type":"Person","@id":"https:\/\/stuttgarti-katolikusok.de\/#\/schema\/person\/75908d6f8fdc03a57889d27209df7795","name":"Tibor atya","image":{"@type":"ImageObject","inLanguage":"hu","@id":"https:\/\/secure.gravatar.com\/avatar\/61d268e57d1f4525b111222e29d2d5a7f8c420fdbf231ba5566a8ceac74fa960?s=96&d=mm&r=g","url":"https:\/\/secure.gravatar.com\/avatar\/61d268e57d1f4525b111222e29d2d5a7f8c420fdbf231ba5566a8ceac74fa960?s=96&d=mm&r=g","contentUrl":"https:\/\/secure.gravatar.com\/avatar\/61d268e57d1f4525b111222e29d2d5a7f8c420fdbf231ba5566a8ceac74fa960?s=96&d=mm&r=g","caption":"Tibor atya"},"url":"https:\/\/stuttgarti-katolikusok.de\/index.php\/author\/tibor-atya\/"}]}},"_links":{"self":[{"href":"https:\/\/stuttgarti-katolikusok.de\/index.php\/wp-json\/wp\/v2\/posts\/22451","targetHints":{"allow":["GET"]}}],"collection":[{"href":"https:\/\/stuttgarti-katolikusok.de\/index.php\/wp-json\/wp\/v2\/posts"}],"about":[{"href":"https:\/\/stuttgarti-katolikusok.de\/index.php\/wp-json\/wp\/v2\/types\/post"}],"author":[{"embeddable":true,"href":"https:\/\/stuttgarti-katolikusok.de\/index.php\/wp-json\/wp\/v2\/users\/3"}],"replies":[{"embeddable":true,"href":"https:\/\/stuttgarti-katolikusok.de\/index.php\/wp-json\/wp\/v2\/comments?post=22451"}],"version-history":[{"count":1,"href":"https:\/\/stuttgarti-katolikusok.de\/index.php\/wp-json\/wp\/v2\/posts\/22451\/revisions"}],"predecessor-version":[{"id":22453,"href":"https:\/\/stuttgarti-katolikusok.de\/index.php\/wp-json\/wp\/v2\/posts\/22451\/revisions\/22453"}],"wp:featuredmedia":[{"embeddable":true,"href":"https:\/\/stuttgarti-katolikusok.de\/index.php\/wp-json\/wp\/v2\/media\/22452"}],"wp:attachment":[{"href":"https:\/\/stuttgarti-katolikusok.de\/index.php\/wp-json\/wp\/v2\/media?parent=22451"}],"wp:term":[{"taxonomy":"category","embeddable":true,"href":"https:\/\/stuttgarti-katolikusok.de\/index.php\/wp-json\/wp\/v2\/categories?post=22451"},{"taxonomy":"post_tag","embeddable":true,"href":"https:\/\/stuttgarti-katolikusok.de\/index.php\/wp-json\/wp\/v2\/tags?post=22451"}],"curies":[{"name":"wp","href":"https:\/\/api.w.org\/{rel}","templated":true}]}}