{"id":22444,"date":"2021-11-03T22:52:02","date_gmt":"2021-11-03T21:52:02","guid":{"rendered":"https:\/\/stuttgarti-katolikusok.de\/?p=22444"},"modified":"2021-11-04T09:17:34","modified_gmt":"2021-11-04T08:17:34","slug":"gondolatok-halottak-napjara","status":"publish","type":"post","link":"https:\/\/stuttgarti-katolikusok.de\/index.php\/gondolatok-halottak-napjara\/","title":{"rendered":"Gondolatok halottak napj\u00e1ra"},"content":{"rendered":"<p>\u201eSakk, matt\u201c &#8211; mondja ellenfelem \u00e9s diadalmasan mosolyog. \u00c1ttekintem lehet\u0151s\u00e9geimet, de be kell ismernem: Ezt a j\u00e1tszm\u00e1t bizony elvesztettem\u2026<\/p>\n<p>Lelki szemem el\u0151tt van m\u00e9g a <em>megnyit\u00e1s <\/em>el\u0151tti koncentr\u00e1ci\u00f3. N\u00e9zem a sorban fel\u00e1ll\u00edtott figur\u00e1kat, mindegyiknek megvan a szigor\u00faan kijel\u00f6lt helye. \u00c9n is \u00e1llok a feh\u00e9r kis <em>gyalogos parasztok<\/em> k\u00f6z\u00f6tt, indul\u00e1sra k\u00e9szen az \u00e9let vil\u00e1gos \u00e9s s\u00f6t\u00e9t mez\u0151in. Milyen j\u00f3, v\u00e9dett \u00e9rz\u00e9s, hogy nem vagyok egyed\u00fcl. K\u00f6r\u00fcl vagyok v\u00e9ve szeretett t\u00e1rsakkal \u2013 egy\u00fctt megy\u00fcnk, hogy k\u00fczdj\u00fcnk a fekete figur\u00e1k ellen \u00e9s v\u00e9dj\u00fck egym\u00e1st. A s\u00f6t\u00e9t ellenf\u00e9l m\u00e9g nem fenyeget, csak \u00e9ppen tudjuk, hogy van\u2026<\/p>\n<p>Azt\u00e1n megindul a j\u00e1t\u00e9k \u2013 megyek lelkesen, hamarosan siker\u00fcl ki\u00fctn\u00f6m egy szemben j\u00f6v\u0151 fekete <em>parasztot\u2026<\/em><\/p>\n<p><em>Els\u0151s elemista voltam, mentem Budapesten a Trefort utcai iskol\u00e1ba, amikor a mell\u00e9kutc\u00e1ban egy hirtelen befordul\u00f3 aut\u00f3 elkapott \u2013 a k\u00f6ny\u00f6k\u00f6met eltal\u00e1lta de egy\u00e9bk\u00e9nt az ijedts\u00e9gen k\u00edv\u00fcl nem okozott bennem k\u00e1rt\u2026<\/em><\/p>\n<p>A fekete figur\u00e1k s\u0171r\u0171s\u00f6dnek k\u00f6r\u00fcl\u00f6ttem, de t\u00e1rsaim velem vannak. Haladunk a v\u00e1ltoz\u00f3 mez\u0151k\u00f6n. Mellettem megint ki\u00fctnek egy fekete b\u00e1but.<\/p>\n<p><em>Ny\u00e1ron, rekken\u0151 h\u0151s\u00e9gben b\u00e1ty\u00e1mmal egy k\u00f6zeli t\u00f3ban f\u00fcr\u00f6dt\u00fcnk, m\u00e9g nem tudtam \u00faszni \u2026 J\u00e1t\u00e9k k\u00f6zben egyre beljebb, m\u00e9lyebbre ker\u00fclt\u00fcnk\u2026 Egyszer csak kics\u00faszott l\u00e1bam al\u00f3l a talaj, elmer\u00fcltem. Egy ideig igyekeztem feldobni magam, de hamar elf\u00e1radtam \u2026 m\u00e1r fel akartam adni a k\u00fczdelmet, amikor egy feln\u0151tt k\u00e9z elkapta a csukl\u00f3mat \u00e9s kih\u00fazott a v\u00edzb\u0151l. Valaki megl\u00e1tta a parton s\u00edr\u00f3 kisfi\u00fat, gyorsan felfogta a helyzetet \u00e9s cselekedett. K\u00f6sz\u00f6netet nem kapott \u2013 csak k\u00f6h\u00f6gni tudtam \u2026 Sokszor k\u00e9rdeztem magamban, vajon ki lehetett a megment\u0151m?<\/em><\/p>\n<p>M\u00e9g egyens\u00falyban van a j\u00e1t\u00e9k, a b\u00e1buk l\u00e9tsz\u00e1ma v\u00e1ltozatlan, minden l\u00e9p\u00e9s megfontoland\u00f3. Vil\u00e1gos \u00e9s s\u00f6t\u00e9t mez\u0151k, boldogs\u00e1g \u00e9s b\u00e1nat, felv\u00e1ltva k\u00f6vetik egym\u00e1st \u2013 Egyszerre csak v\u00e1ratlanul nagy t\u00e1mad\u00e1s \u00e9r. D\u00f6bbenten, hitetlen\u00fcl tapasztalom, hogy ki\u00fctik a mellettem \u00e1ll\u00f3 feh\u00e9r <em>b\u00e1sty\u00e1t. <\/em><\/p>\n<p><em>Els\u0151 felfoghatatlan, komoly vesztes\u00e9g \u00e9letemben: Forr\u00f3n szeretett nagymam\u00e1m, mindenkori p\u00e9ldak\u00e9pem, hirtelen hal\u00e1la. M\u00e9g fiatal voltam, nem tudtam elfogadni, hogy ez az \u00e9let rendje, l\u00e1zadtam a megv\u00e1ltozhatatlan ellen\u2026 Ez k\u00f6zel \u00f6t \u00e9vtizede t\u00f6rt\u00e9nt, de mai napig m\u00e9ly szeretettel, tisztelettel, h\u00e1l\u00e1val gondolok j\u00f3s\u00e1g\u00e1ra, szel\u00edds\u00e9g\u00e9re\u2026 <\/em><\/p>\n<p>A j\u00e1t\u00e9k halad, az ellenf\u00e9l <em>csellel <\/em>egyre t\u00f6bb <em>csapd\u00e1t<\/em> \u00e1ll\u00edt, a mez\u0151n szaporodnak a feket\u00e9k, cs\u00f6kken a feh\u00e9rek l\u00e9tsz\u00e1ma, a ki\u00fct\u00f6tt feh\u00e9r <em>fut\u00e1r, <\/em>a<em> l\u00f3, <\/em>egy-egy <em>paraszt<\/em> ott fek\u00fcsznek a sakkt\u00e1bla mellett.<\/p>\n<p><em>Ahogy telik az id\u0151 \u2013 egyre t\u00f6bben mennek el\u2026, engedik el a kezemet. <\/em><\/p>\n<p><em>Dr\u00e1ga \u00e9desap\u00e1m, akinek kedves humor\u00e1n, mond\u00e1sain mai napig mosolygok \u2026<\/em><\/p>\n<p><em>Szeretett j\u00f3 f\u00e9rjem, akivel \u00e9letemet osztottam meg\u2026<\/em><\/p>\n<p><em>Szigor\u00fa \u00e9desany\u00e1m, aki mindig mellettem \u00e1llt, ha bajban voltam. Okos mond\u00e1sai m\u00e1ig k\u00eds\u00e9rnek, tan\u00e1csait megfogadom \u2026<\/em><\/p>\n<p><em>Sz\u00e1mtalan kedves rokon, bar\u00e1t, egy-egy ismer\u0151s, munkat\u00e1rs k\u00f6veti az id\u0151 folyam\u00e1n nagysz\u00fcleimet, sz\u00fcleimet \u2026<\/em><\/p>\n<p><em>T\u00e1voz\u00e1suk f\u00e1j\u00f3 \u0171rt hagy\u2026 T\u00f6bb\u00e9-kev\u00e9sb\u00e9 mind \u00e9letem r\u00e9szesei.<\/em><\/p>\n<p><em>Di\u00e1k\u00e9veim alatt a templomban egyszer jazz-mis\u00e9n hars\u00e1nyan \u00e9nekelt\u00fck:<\/em><\/p>\n<p><em>\u201cSemmi gondod ne legyen, mert nem vagy egyed\u00fcl,<\/em><\/p>\n<p><em>fordulj Istenhez, ha b\u00e1rmi \u00f3hajod felmer\u00fcl\u2026\u201c<\/em><\/p>\n<p>Nem vagyok egyed\u00fcl! Vagyunk m\u00e9g n\u00e9h\u00e1nyan. L\u00e1tom vil\u00e1gosan, hogy a j\u00e1t\u00e9kban h\u00e1tr\u00e1nyos helyzetbe ker\u00fcltem. Min\u00e9l kevesebben vagyunk \u201cmi feh\u00e9rek\u201d, ann\u00e1l ink\u00e1bb, m\u00e9ly ragaszkod\u00e1ssal szeretem megmaradt t\u00e1rsaimat.<\/p>\n<p>Ez\u00e9rt nem tud legy\u0151zni a fekete ellenf\u00e9l. Akiket j\u00e1t\u00e9k k\u00f6zben ki\u00fct\u00f6tt \u2013 eml\u00e9keimben \u00e9s ez\u00e1ltal bennem \u00e9lnek tov\u00e1bb. Hiszem, hogy a szeretet \u00f6r\u00f6k, hogy a hal\u00e1l csak egy elv\u00e1ltoz\u00e1s \u00e9s hogy valamikor az \u00f6r\u00f6kk\u00e9val\u00f3s\u00e1gban egyes\u00fcl\u00fcnk. Ez a tudat v\u00edgasztal, er\u0151s\u00edt \u00e9s ez\u00e1ltal \u00e9n, a kis <em>gyalogos paraszt, <\/em>legy\u0151zhetetlen <em>kir\u00e1lyn\u00e9v\u00e1 <\/em>v\u00e1lok\u2026<\/p>\n<p>Ellenfelem szem\u00e9be n\u00e9zek. Beismerem, hogy hab\u00e1r a sakkversenyt elvesz\u00edtem, \u00e9s a vesztes\u00e9g f\u00e1j, a Gondvisel\u00e9s ezt a f\u00e1jdalmat enyh\u00edti \u00e9s ez\u00e1ltal az \u00e9let j\u00e1tszm\u00e1j\u00e1ban m\u00e9giscsak \u00e9n vagyok a nyertes!<\/p>\n<p><a href=\"https:\/\/stuttgarti-katolikusok.de\/wp-content\/uploads\/2021\/11\/sakk-matt.jpg\"><img loading=\"lazy\" decoding=\"async\" class=\"alignnone size-full wp-image-22446\" src=\"https:\/\/stuttgarti-katolikusok.de\/wp-content\/uploads\/2021\/11\/sakk-matt.jpg\" alt=\"\" width=\"667\" height=\"888\" srcset=\"https:\/\/stuttgarti-katolikusok.de\/wp-content\/uploads\/2021\/11\/sakk-matt.jpg 667w, https:\/\/stuttgarti-katolikusok.de\/wp-content\/uploads\/2021\/11\/sakk-matt-225x300.jpg 225w\" sizes=\"auto, (max-width: 667px) 100vw, 667px\" \/><\/a><\/p>\n<p>Hal\u00e1szy Erzs\u00e9bet<\/p>\n<p>Stuttgart, 2021. november 2.<\/p>\n<p><em>(nyit\u00f3k\u00e9p forr\u00e1sa: pixabay.com)<\/em><\/p>\n","protected":false},"excerpt":{"rendered":"<p>\u201eSakk, matt\u201c &#8211; mondja ellenfelem \u00e9s diadalmasan mosolyog. \u00c1ttekintem lehet\u0151s\u00e9geimet, de be kell ismernem: Ezt a j\u00e1tszm\u00e1t bizony elvesztettem\u2026 Lelki szemem el\u0151tt van m\u00e9g a megnyit\u00e1s el\u0151tti koncentr\u00e1ci\u00f3. N\u00e9zem a sorban fel\u00e1ll\u00edtott figur\u00e1kat, mindegyiknek megvan a szigor\u00faan kijel\u00f6lt helye. \u00c9n is \u00e1llok a feh\u00e9r kis gyalogos parasztok k\u00f6z\u00f6tt, indul\u00e1sra k\u00e9szen az \u00e9let vil\u00e1gos \u00e9s s\u00f6t\u00e9t mez\u0151in. Milyen j\u00f3, v\u00e9dett \u00e9rz\u00e9s, hogy nem vagyok egyed\u00fcl. K\u00f6r\u00fcl vagyok v\u00e9ve szeretett t\u00e1rsakkal \u2013 egy\u00fctt megy\u00fcnk, hogy k\u00fczdj\u00fcnk a fekete figur\u00e1k ellen \u00e9s v\u00e9dj\u00fck egym\u00e1st. A s\u00f6t\u00e9t ellenf\u00e9l m\u00e9g nem fenyeget, csak \u00e9ppen tudjuk, hogy van\u2026 Azt\u00e1n megindul a j\u00e1t\u00e9k \u2013 megyek lelkesen, hamarosan siker\u00fcl ki\u00fctn\u00f6m egy szemben j\u00f6v\u0151 fekete parasztot\u2026 Els\u0151s elemista voltam, mentem Budapesten a Trefort utcai iskol\u00e1ba, amikor a mell\u00e9kutc\u00e1ban egy hirtelen befordul\u00f3 aut\u00f3 elkapott \u2013 a k\u00f6ny\u00f6k\u00f6met eltal\u00e1lta de egy\u00e9bk\u00e9nt az ijedts\u00e9gen k\u00edv\u00fcl nem okozott bennem k\u00e1rt\u2026 A fekete figur\u00e1k s\u0171r\u0171s\u00f6dnek k\u00f6r\u00fcl\u00f6ttem, de t\u00e1rsaim velem vannak. Haladunk a v\u00e1ltoz\u00f3 mez\u0151k\u00f6n. Mellettem megint ki\u00fctnek egy fekete b\u00e1but. Ny\u00e1ron, rekken\u0151 h\u0151s\u00e9gben b\u00e1ty\u00e1mmal egy k\u00f6zeli t\u00f3ban f\u00fcr\u00f6dt\u00fcnk, m\u00e9g nem tudtam \u00faszni \u2026 J\u00e1t\u00e9k k\u00f6zben egyre beljebb, m\u00e9lyebbre ker\u00fclt\u00fcnk\u2026 Egyszer csak kics\u00faszott l\u00e1bam al\u00f3l a talaj, elmer\u00fcltem. Egy ideig igyekeztem feldobni magam, de hamar elf\u00e1radtam \u2026 m\u00e1r fel akartam adni a k\u00fczdelmet, amikor egy feln\u0151tt k\u00e9z elkapta a csukl\u00f3mat \u00e9s kih\u00fazott a v\u00edzb\u0151l. Valaki megl\u00e1tta a parton s\u00edr\u00f3 kisfi\u00fat, gyorsan felfogta a helyzetet \u00e9s cselekedett. K\u00f6sz\u00f6netet nem kapott \u2013 csak k\u00f6h\u00f6gni tudtam \u2026 Sokszor k\u00e9rdeztem magamban, vajon ki lehetett a megment\u0151m? M\u00e9g egyens\u00falyban van a j\u00e1t\u00e9k, a b\u00e1buk l\u00e9tsz\u00e1ma v\u00e1ltozatlan, minden l\u00e9p\u00e9s megfontoland\u00f3. Vil\u00e1gos \u00e9s s\u00f6t\u00e9t mez\u0151k, boldogs\u00e1g \u00e9s b\u00e1nat, felv\u00e1ltva k\u00f6vetik egym\u00e1st \u2013 Egyszerre csak v\u00e1ratlanul nagy t\u00e1mad\u00e1s \u00e9r. D\u00f6bbenten, hitetlen\u00fcl tapasztalom, hogy ki\u00fctik a mellettem \u00e1ll\u00f3 feh\u00e9r b\u00e1sty\u00e1t. Els\u0151 felfoghatatlan, komoly vesztes\u00e9g \u00e9letemben: Forr\u00f3n szeretett nagymam\u00e1m, mindenkori p\u00e9ldak\u00e9pem, hirtelen hal\u00e1la. M\u00e9g fiatal voltam, nem tudtam elfogadni, hogy ez az \u00e9let rendje, l\u00e1zadtam&#8230; <\/p>\n<p><a class=\"readmore\" href=\"https:\/\/stuttgarti-katolikusok.de\/index.php\/gondolatok-halottak-napjara\/\">R\u00e9szletek<\/a><\/p>\n","protected":false},"author":3,"featured_media":22445,"comment_status":"closed","ping_status":"closed","sticky":false,"template":"","format":"standard","meta":{"footnotes":""},"categories":[28],"tags":[],"class_list":["post-22444","post","type-post","status-publish","format-standard","has-post-thumbnail","hentry","category-olvasoink-irjak"],"yoast_head":"<!-- This site is optimized with the Yoast SEO plugin v27.3 - https:\/\/yoast.com\/product\/yoast-seo-wordpress\/ -->\n<title>Gondolatok halottak napj\u00e1ra - Stuttgarti Katolikusok<\/title>\n<meta name=\"robots\" content=\"index, follow, max-snippet:-1, max-image-preview:large, max-video-preview:-1\" \/>\n<link rel=\"canonical\" href=\"https:\/\/stuttgarti-katolikusok.de\/index.php\/gondolatok-halottak-napjara\/\" \/>\n<meta property=\"og:locale\" content=\"hu_HU\" \/>\n<meta property=\"og:type\" content=\"article\" \/>\n<meta property=\"og:title\" content=\"Gondolatok halottak napj\u00e1ra - Stuttgarti Katolikusok\" \/>\n<meta property=\"og:description\" content=\"\u201eSakk, matt\u201c &#8211; mondja ellenfelem \u00e9s diadalmasan mosolyog. \u00c1ttekintem lehet\u0151s\u00e9geimet, de be kell ismernem: Ezt a j\u00e1tszm\u00e1t bizony elvesztettem\u2026 Lelki szemem el\u0151tt van m\u00e9g a megnyit\u00e1s el\u0151tti koncentr\u00e1ci\u00f3. N\u00e9zem a sorban fel\u00e1ll\u00edtott figur\u00e1kat, mindegyiknek megvan a szigor\u00faan kijel\u00f6lt helye. \u00c9n is \u00e1llok a feh\u00e9r kis gyalogos parasztok k\u00f6z\u00f6tt, indul\u00e1sra k\u00e9szen az \u00e9let vil\u00e1gos \u00e9s s\u00f6t\u00e9t mez\u0151in. Milyen j\u00f3, v\u00e9dett \u00e9rz\u00e9s, hogy nem vagyok egyed\u00fcl. K\u00f6r\u00fcl vagyok v\u00e9ve szeretett t\u00e1rsakkal \u2013 egy\u00fctt megy\u00fcnk, hogy k\u00fczdj\u00fcnk a fekete figur\u00e1k ellen \u00e9s v\u00e9dj\u00fck egym\u00e1st. A s\u00f6t\u00e9t ellenf\u00e9l m\u00e9g nem fenyeget, csak \u00e9ppen tudjuk, hogy van\u2026 Azt\u00e1n megindul a j\u00e1t\u00e9k \u2013 megyek lelkesen, hamarosan siker\u00fcl ki\u00fctn\u00f6m egy szemben j\u00f6v\u0151 fekete parasztot\u2026 Els\u0151s elemista voltam, mentem Budapesten a Trefort utcai iskol\u00e1ba, amikor a mell\u00e9kutc\u00e1ban egy hirtelen befordul\u00f3 aut\u00f3 elkapott \u2013 a k\u00f6ny\u00f6k\u00f6met eltal\u00e1lta de egy\u00e9bk\u00e9nt az ijedts\u00e9gen k\u00edv\u00fcl nem okozott bennem k\u00e1rt\u2026 A fekete figur\u00e1k s\u0171r\u0171s\u00f6dnek k\u00f6r\u00fcl\u00f6ttem, de t\u00e1rsaim velem vannak. Haladunk a v\u00e1ltoz\u00f3 mez\u0151k\u00f6n. Mellettem megint ki\u00fctnek egy fekete b\u00e1but. Ny\u00e1ron, rekken\u0151 h\u0151s\u00e9gben b\u00e1ty\u00e1mmal egy k\u00f6zeli t\u00f3ban f\u00fcr\u00f6dt\u00fcnk, m\u00e9g nem tudtam \u00faszni \u2026 J\u00e1t\u00e9k k\u00f6zben egyre beljebb, m\u00e9lyebbre ker\u00fclt\u00fcnk\u2026 Egyszer csak kics\u00faszott l\u00e1bam al\u00f3l a talaj, elmer\u00fcltem. Egy ideig igyekeztem feldobni magam, de hamar elf\u00e1radtam \u2026 m\u00e1r fel akartam adni a k\u00fczdelmet, amikor egy feln\u0151tt k\u00e9z elkapta a csukl\u00f3mat \u00e9s kih\u00fazott a v\u00edzb\u0151l. Valaki megl\u00e1tta a parton s\u00edr\u00f3 kisfi\u00fat, gyorsan felfogta a helyzetet \u00e9s cselekedett. K\u00f6sz\u00f6netet nem kapott \u2013 csak k\u00f6h\u00f6gni tudtam \u2026 Sokszor k\u00e9rdeztem magamban, vajon ki lehetett a megment\u0151m? M\u00e9g egyens\u00falyban van a j\u00e1t\u00e9k, a b\u00e1buk l\u00e9tsz\u00e1ma v\u00e1ltozatlan, minden l\u00e9p\u00e9s megfontoland\u00f3. Vil\u00e1gos \u00e9s s\u00f6t\u00e9t mez\u0151k, boldogs\u00e1g \u00e9s b\u00e1nat, felv\u00e1ltva k\u00f6vetik egym\u00e1st \u2013 Egyszerre csak v\u00e1ratlanul nagy t\u00e1mad\u00e1s \u00e9r. D\u00f6bbenten, hitetlen\u00fcl tapasztalom, hogy ki\u00fctik a mellettem \u00e1ll\u00f3 feh\u00e9r b\u00e1sty\u00e1t. Els\u0151 felfoghatatlan, komoly vesztes\u00e9g \u00e9letemben: Forr\u00f3n szeretett nagymam\u00e1m, mindenkori p\u00e9ldak\u00e9pem, hirtelen hal\u00e1la. M\u00e9g fiatal voltam, nem tudtam elfogadni, hogy ez az \u00e9let rendje, l\u00e1zadtam... R\u00e9szletek\" \/>\n<meta property=\"og:url\" content=\"https:\/\/stuttgarti-katolikusok.de\/index.php\/gondolatok-halottak-napjara\/\" \/>\n<meta property=\"og:site_name\" content=\"Stuttgarti Katolikusok\" \/>\n<meta property=\"article:published_time\" content=\"2021-11-03T21:52:02+00:00\" \/>\n<meta property=\"article:modified_time\" content=\"2021-11-04T08:17:34+00:00\" \/>\n<meta property=\"og:image\" content=\"https:\/\/stuttgarti-katolikusok.de\/wp-content\/uploads\/2021\/11\/chess-gf2a081bec-1280.jpg\" \/>\n\t<meta property=\"og:image:width\" content=\"1280\" \/>\n\t<meta property=\"og:image:height\" content=\"731\" \/>\n\t<meta property=\"og:image:type\" content=\"image\/jpeg\" \/>\n<meta name=\"author\" content=\"Tibor atya\" \/>\n<meta name=\"twitter:card\" content=\"summary_large_image\" \/>\n<meta name=\"twitter:label1\" content=\"Szerz\u0151:\" \/>\n\t<meta name=\"twitter:data1\" content=\"Tibor atya\" \/>\n\t<meta name=\"twitter:label2\" content=\"Becs\u00fclt olvas\u00e1si id\u0151\" \/>\n\t<meta name=\"twitter:data2\" content=\"4 perc\" \/>\n<script type=\"application\/ld+json\" class=\"yoast-schema-graph\">{\"@context\":\"https:\\\/\\\/schema.org\",\"@graph\":[{\"@type\":\"Article\",\"@id\":\"https:\\\/\\\/stuttgarti-katolikusok.de\\\/index.php\\\/gondolatok-halottak-napjara\\\/#article\",\"isPartOf\":{\"@id\":\"https:\\\/\\\/stuttgarti-katolikusok.de\\\/index.php\\\/gondolatok-halottak-napjara\\\/\"},\"author\":{\"name\":\"Tibor atya\",\"@id\":\"https:\\\/\\\/stuttgarti-katolikusok.de\\\/#\\\/schema\\\/person\\\/75908d6f8fdc03a57889d27209df7795\"},\"headline\":\"Gondolatok halottak napj\u00e1ra\",\"datePublished\":\"2021-11-03T21:52:02+00:00\",\"dateModified\":\"2021-11-04T08:17:34+00:00\",\"mainEntityOfPage\":{\"@id\":\"https:\\\/\\\/stuttgarti-katolikusok.de\\\/index.php\\\/gondolatok-halottak-napjara\\\/\"},\"wordCount\":828,\"image\":{\"@id\":\"https:\\\/\\\/stuttgarti-katolikusok.de\\\/index.php\\\/gondolatok-halottak-napjara\\\/#primaryimage\"},\"thumbnailUrl\":\"https:\\\/\\\/stuttgarti-katolikusok.de\\\/wp-content\\\/uploads\\\/2021\\\/11\\\/chess-gf2a081bec-1280.jpg\",\"articleSection\":[\"Olvas\u00f3ink \u00edrj\u00e1k\"],\"inLanguage\":\"hu\"},{\"@type\":\"WebPage\",\"@id\":\"https:\\\/\\\/stuttgarti-katolikusok.de\\\/index.php\\\/gondolatok-halottak-napjara\\\/\",\"url\":\"https:\\\/\\\/stuttgarti-katolikusok.de\\\/index.php\\\/gondolatok-halottak-napjara\\\/\",\"name\":\"Gondolatok halottak napj\u00e1ra - Stuttgarti Katolikusok\",\"isPartOf\":{\"@id\":\"https:\\\/\\\/stuttgarti-katolikusok.de\\\/#website\"},\"primaryImageOfPage\":{\"@id\":\"https:\\\/\\\/stuttgarti-katolikusok.de\\\/index.php\\\/gondolatok-halottak-napjara\\\/#primaryimage\"},\"image\":{\"@id\":\"https:\\\/\\\/stuttgarti-katolikusok.de\\\/index.php\\\/gondolatok-halottak-napjara\\\/#primaryimage\"},\"thumbnailUrl\":\"https:\\\/\\\/stuttgarti-katolikusok.de\\\/wp-content\\\/uploads\\\/2021\\\/11\\\/chess-gf2a081bec-1280.jpg\",\"datePublished\":\"2021-11-03T21:52:02+00:00\",\"dateModified\":\"2021-11-04T08:17:34+00:00\",\"author\":{\"@id\":\"https:\\\/\\\/stuttgarti-katolikusok.de\\\/#\\\/schema\\\/person\\\/75908d6f8fdc03a57889d27209df7795\"},\"breadcrumb\":{\"@id\":\"https:\\\/\\\/stuttgarti-katolikusok.de\\\/index.php\\\/gondolatok-halottak-napjara\\\/#breadcrumb\"},\"inLanguage\":\"hu\",\"potentialAction\":[{\"@type\":\"ReadAction\",\"target\":[\"https:\\\/\\\/stuttgarti-katolikusok.de\\\/index.php\\\/gondolatok-halottak-napjara\\\/\"]}]},{\"@type\":\"ImageObject\",\"inLanguage\":\"hu\",\"@id\":\"https:\\\/\\\/stuttgarti-katolikusok.de\\\/index.php\\\/gondolatok-halottak-napjara\\\/#primaryimage\",\"url\":\"https:\\\/\\\/stuttgarti-katolikusok.de\\\/wp-content\\\/uploads\\\/2021\\\/11\\\/chess-gf2a081bec-1280.jpg\",\"contentUrl\":\"https:\\\/\\\/stuttgarti-katolikusok.de\\\/wp-content\\\/uploads\\\/2021\\\/11\\\/chess-gf2a081bec-1280.jpg\",\"width\":1280,\"height\":731},{\"@type\":\"BreadcrumbList\",\"@id\":\"https:\\\/\\\/stuttgarti-katolikusok.de\\\/index.php\\\/gondolatok-halottak-napjara\\\/#breadcrumb\",\"itemListElement\":[{\"@type\":\"ListItem\",\"position\":1,\"name\":\"Kezd\u0151lap\",\"item\":\"https:\\\/\\\/stuttgarti-katolikusok.de\\\/\"},{\"@type\":\"ListItem\",\"position\":2,\"name\":\"Gondolatok halottak napj\u00e1ra\"}]},{\"@type\":\"WebSite\",\"@id\":\"https:\\\/\\\/stuttgarti-katolikusok.de\\\/#website\",\"url\":\"https:\\\/\\\/stuttgarti-katolikusok.de\\\/\",\"name\":\"Stuttgarti Katolikusok\",\"description\":\"\",\"potentialAction\":[{\"@type\":\"SearchAction\",\"target\":{\"@type\":\"EntryPoint\",\"urlTemplate\":\"https:\\\/\\\/stuttgarti-katolikusok.de\\\/?s={search_term_string}\"},\"query-input\":{\"@type\":\"PropertyValueSpecification\",\"valueRequired\":true,\"valueName\":\"search_term_string\"}}],\"inLanguage\":\"hu\"},{\"@type\":\"Person\",\"@id\":\"https:\\\/\\\/stuttgarti-katolikusok.de\\\/#\\\/schema\\\/person\\\/75908d6f8fdc03a57889d27209df7795\",\"name\":\"Tibor atya\",\"image\":{\"@type\":\"ImageObject\",\"inLanguage\":\"hu\",\"@id\":\"https:\\\/\\\/secure.gravatar.com\\\/avatar\\\/61d268e57d1f4525b111222e29d2d5a7f8c420fdbf231ba5566a8ceac74fa960?s=96&d=mm&r=g\",\"url\":\"https:\\\/\\\/secure.gravatar.com\\\/avatar\\\/61d268e57d1f4525b111222e29d2d5a7f8c420fdbf231ba5566a8ceac74fa960?s=96&d=mm&r=g\",\"contentUrl\":\"https:\\\/\\\/secure.gravatar.com\\\/avatar\\\/61d268e57d1f4525b111222e29d2d5a7f8c420fdbf231ba5566a8ceac74fa960?s=96&d=mm&r=g\",\"caption\":\"Tibor atya\"},\"url\":\"https:\\\/\\\/stuttgarti-katolikusok.de\\\/index.php\\\/author\\\/tibor-atya\\\/\"}]}<\/script>\n<!-- \/ Yoast SEO plugin. -->","yoast_head_json":{"title":"Gondolatok halottak napj\u00e1ra - Stuttgarti Katolikusok","robots":{"index":"index","follow":"follow","max-snippet":"max-snippet:-1","max-image-preview":"max-image-preview:large","max-video-preview":"max-video-preview:-1"},"canonical":"https:\/\/stuttgarti-katolikusok.de\/index.php\/gondolatok-halottak-napjara\/","og_locale":"hu_HU","og_type":"article","og_title":"Gondolatok halottak napj\u00e1ra - Stuttgarti Katolikusok","og_description":"\u201eSakk, matt\u201c &#8211; mondja ellenfelem \u00e9s diadalmasan mosolyog. \u00c1ttekintem lehet\u0151s\u00e9geimet, de be kell ismernem: Ezt a j\u00e1tszm\u00e1t bizony elvesztettem\u2026 Lelki szemem el\u0151tt van m\u00e9g a megnyit\u00e1s el\u0151tti koncentr\u00e1ci\u00f3. N\u00e9zem a sorban fel\u00e1ll\u00edtott figur\u00e1kat, mindegyiknek megvan a szigor\u00faan kijel\u00f6lt helye. \u00c9n is \u00e1llok a feh\u00e9r kis gyalogos parasztok k\u00f6z\u00f6tt, indul\u00e1sra k\u00e9szen az \u00e9let vil\u00e1gos \u00e9s s\u00f6t\u00e9t mez\u0151in. Milyen j\u00f3, v\u00e9dett \u00e9rz\u00e9s, hogy nem vagyok egyed\u00fcl. K\u00f6r\u00fcl vagyok v\u00e9ve szeretett t\u00e1rsakkal \u2013 egy\u00fctt megy\u00fcnk, hogy k\u00fczdj\u00fcnk a fekete figur\u00e1k ellen \u00e9s v\u00e9dj\u00fck egym\u00e1st. A s\u00f6t\u00e9t ellenf\u00e9l m\u00e9g nem fenyeget, csak \u00e9ppen tudjuk, hogy van\u2026 Azt\u00e1n megindul a j\u00e1t\u00e9k \u2013 megyek lelkesen, hamarosan siker\u00fcl ki\u00fctn\u00f6m egy szemben j\u00f6v\u0151 fekete parasztot\u2026 Els\u0151s elemista voltam, mentem Budapesten a Trefort utcai iskol\u00e1ba, amikor a mell\u00e9kutc\u00e1ban egy hirtelen befordul\u00f3 aut\u00f3 elkapott \u2013 a k\u00f6ny\u00f6k\u00f6met eltal\u00e1lta de egy\u00e9bk\u00e9nt az ijedts\u00e9gen k\u00edv\u00fcl nem okozott bennem k\u00e1rt\u2026 A fekete figur\u00e1k s\u0171r\u0171s\u00f6dnek k\u00f6r\u00fcl\u00f6ttem, de t\u00e1rsaim velem vannak. Haladunk a v\u00e1ltoz\u00f3 mez\u0151k\u00f6n. Mellettem megint ki\u00fctnek egy fekete b\u00e1but. Ny\u00e1ron, rekken\u0151 h\u0151s\u00e9gben b\u00e1ty\u00e1mmal egy k\u00f6zeli t\u00f3ban f\u00fcr\u00f6dt\u00fcnk, m\u00e9g nem tudtam \u00faszni \u2026 J\u00e1t\u00e9k k\u00f6zben egyre beljebb, m\u00e9lyebbre ker\u00fclt\u00fcnk\u2026 Egyszer csak kics\u00faszott l\u00e1bam al\u00f3l a talaj, elmer\u00fcltem. Egy ideig igyekeztem feldobni magam, de hamar elf\u00e1radtam \u2026 m\u00e1r fel akartam adni a k\u00fczdelmet, amikor egy feln\u0151tt k\u00e9z elkapta a csukl\u00f3mat \u00e9s kih\u00fazott a v\u00edzb\u0151l. Valaki megl\u00e1tta a parton s\u00edr\u00f3 kisfi\u00fat, gyorsan felfogta a helyzetet \u00e9s cselekedett. K\u00f6sz\u00f6netet nem kapott \u2013 csak k\u00f6h\u00f6gni tudtam \u2026 Sokszor k\u00e9rdeztem magamban, vajon ki lehetett a megment\u0151m? M\u00e9g egyens\u00falyban van a j\u00e1t\u00e9k, a b\u00e1buk l\u00e9tsz\u00e1ma v\u00e1ltozatlan, minden l\u00e9p\u00e9s megfontoland\u00f3. Vil\u00e1gos \u00e9s s\u00f6t\u00e9t mez\u0151k, boldogs\u00e1g \u00e9s b\u00e1nat, felv\u00e1ltva k\u00f6vetik egym\u00e1st \u2013 Egyszerre csak v\u00e1ratlanul nagy t\u00e1mad\u00e1s \u00e9r. D\u00f6bbenten, hitetlen\u00fcl tapasztalom, hogy ki\u00fctik a mellettem \u00e1ll\u00f3 feh\u00e9r b\u00e1sty\u00e1t. Els\u0151 felfoghatatlan, komoly vesztes\u00e9g \u00e9letemben: Forr\u00f3n szeretett nagymam\u00e1m, mindenkori p\u00e9ldak\u00e9pem, hirtelen hal\u00e1la. M\u00e9g fiatal voltam, nem tudtam elfogadni, hogy ez az \u00e9let rendje, l\u00e1zadtam... R\u00e9szletek","og_url":"https:\/\/stuttgarti-katolikusok.de\/index.php\/gondolatok-halottak-napjara\/","og_site_name":"Stuttgarti Katolikusok","article_published_time":"2021-11-03T21:52:02+00:00","article_modified_time":"2021-11-04T08:17:34+00:00","og_image":[{"width":1280,"height":731,"url":"https:\/\/stuttgarti-katolikusok.de\/wp-content\/uploads\/2021\/11\/chess-gf2a081bec-1280.jpg","type":"image\/jpeg"}],"author":"Tibor atya","twitter_card":"summary_large_image","twitter_misc":{"Szerz\u0151:":"Tibor atya","Becs\u00fclt olvas\u00e1si id\u0151":"4 perc"},"schema":{"@context":"https:\/\/schema.org","@graph":[{"@type":"Article","@id":"https:\/\/stuttgarti-katolikusok.de\/index.php\/gondolatok-halottak-napjara\/#article","isPartOf":{"@id":"https:\/\/stuttgarti-katolikusok.de\/index.php\/gondolatok-halottak-napjara\/"},"author":{"name":"Tibor atya","@id":"https:\/\/stuttgarti-katolikusok.de\/#\/schema\/person\/75908d6f8fdc03a57889d27209df7795"},"headline":"Gondolatok halottak napj\u00e1ra","datePublished":"2021-11-03T21:52:02+00:00","dateModified":"2021-11-04T08:17:34+00:00","mainEntityOfPage":{"@id":"https:\/\/stuttgarti-katolikusok.de\/index.php\/gondolatok-halottak-napjara\/"},"wordCount":828,"image":{"@id":"https:\/\/stuttgarti-katolikusok.de\/index.php\/gondolatok-halottak-napjara\/#primaryimage"},"thumbnailUrl":"https:\/\/stuttgarti-katolikusok.de\/wp-content\/uploads\/2021\/11\/chess-gf2a081bec-1280.jpg","articleSection":["Olvas\u00f3ink \u00edrj\u00e1k"],"inLanguage":"hu"},{"@type":"WebPage","@id":"https:\/\/stuttgarti-katolikusok.de\/index.php\/gondolatok-halottak-napjara\/","url":"https:\/\/stuttgarti-katolikusok.de\/index.php\/gondolatok-halottak-napjara\/","name":"Gondolatok halottak napj\u00e1ra - Stuttgarti Katolikusok","isPartOf":{"@id":"https:\/\/stuttgarti-katolikusok.de\/#website"},"primaryImageOfPage":{"@id":"https:\/\/stuttgarti-katolikusok.de\/index.php\/gondolatok-halottak-napjara\/#primaryimage"},"image":{"@id":"https:\/\/stuttgarti-katolikusok.de\/index.php\/gondolatok-halottak-napjara\/#primaryimage"},"thumbnailUrl":"https:\/\/stuttgarti-katolikusok.de\/wp-content\/uploads\/2021\/11\/chess-gf2a081bec-1280.jpg","datePublished":"2021-11-03T21:52:02+00:00","dateModified":"2021-11-04T08:17:34+00:00","author":{"@id":"https:\/\/stuttgarti-katolikusok.de\/#\/schema\/person\/75908d6f8fdc03a57889d27209df7795"},"breadcrumb":{"@id":"https:\/\/stuttgarti-katolikusok.de\/index.php\/gondolatok-halottak-napjara\/#breadcrumb"},"inLanguage":"hu","potentialAction":[{"@type":"ReadAction","target":["https:\/\/stuttgarti-katolikusok.de\/index.php\/gondolatok-halottak-napjara\/"]}]},{"@type":"ImageObject","inLanguage":"hu","@id":"https:\/\/stuttgarti-katolikusok.de\/index.php\/gondolatok-halottak-napjara\/#primaryimage","url":"https:\/\/stuttgarti-katolikusok.de\/wp-content\/uploads\/2021\/11\/chess-gf2a081bec-1280.jpg","contentUrl":"https:\/\/stuttgarti-katolikusok.de\/wp-content\/uploads\/2021\/11\/chess-gf2a081bec-1280.jpg","width":1280,"height":731},{"@type":"BreadcrumbList","@id":"https:\/\/stuttgarti-katolikusok.de\/index.php\/gondolatok-halottak-napjara\/#breadcrumb","itemListElement":[{"@type":"ListItem","position":1,"name":"Kezd\u0151lap","item":"https:\/\/stuttgarti-katolikusok.de\/"},{"@type":"ListItem","position":2,"name":"Gondolatok halottak napj\u00e1ra"}]},{"@type":"WebSite","@id":"https:\/\/stuttgarti-katolikusok.de\/#website","url":"https:\/\/stuttgarti-katolikusok.de\/","name":"Stuttgarti Katolikusok","description":"","potentialAction":[{"@type":"SearchAction","target":{"@type":"EntryPoint","urlTemplate":"https:\/\/stuttgarti-katolikusok.de\/?s={search_term_string}"},"query-input":{"@type":"PropertyValueSpecification","valueRequired":true,"valueName":"search_term_string"}}],"inLanguage":"hu"},{"@type":"Person","@id":"https:\/\/stuttgarti-katolikusok.de\/#\/schema\/person\/75908d6f8fdc03a57889d27209df7795","name":"Tibor atya","image":{"@type":"ImageObject","inLanguage":"hu","@id":"https:\/\/secure.gravatar.com\/avatar\/61d268e57d1f4525b111222e29d2d5a7f8c420fdbf231ba5566a8ceac74fa960?s=96&d=mm&r=g","url":"https:\/\/secure.gravatar.com\/avatar\/61d268e57d1f4525b111222e29d2d5a7f8c420fdbf231ba5566a8ceac74fa960?s=96&d=mm&r=g","contentUrl":"https:\/\/secure.gravatar.com\/avatar\/61d268e57d1f4525b111222e29d2d5a7f8c420fdbf231ba5566a8ceac74fa960?s=96&d=mm&r=g","caption":"Tibor atya"},"url":"https:\/\/stuttgarti-katolikusok.de\/index.php\/author\/tibor-atya\/"}]}},"_links":{"self":[{"href":"https:\/\/stuttgarti-katolikusok.de\/index.php\/wp-json\/wp\/v2\/posts\/22444","targetHints":{"allow":["GET"]}}],"collection":[{"href":"https:\/\/stuttgarti-katolikusok.de\/index.php\/wp-json\/wp\/v2\/posts"}],"about":[{"href":"https:\/\/stuttgarti-katolikusok.de\/index.php\/wp-json\/wp\/v2\/types\/post"}],"author":[{"embeddable":true,"href":"https:\/\/stuttgarti-katolikusok.de\/index.php\/wp-json\/wp\/v2\/users\/3"}],"replies":[{"embeddable":true,"href":"https:\/\/stuttgarti-katolikusok.de\/index.php\/wp-json\/wp\/v2\/comments?post=22444"}],"version-history":[{"count":1,"href":"https:\/\/stuttgarti-katolikusok.de\/index.php\/wp-json\/wp\/v2\/posts\/22444\/revisions"}],"predecessor-version":[{"id":22447,"href":"https:\/\/stuttgarti-katolikusok.de\/index.php\/wp-json\/wp\/v2\/posts\/22444\/revisions\/22447"}],"wp:featuredmedia":[{"embeddable":true,"href":"https:\/\/stuttgarti-katolikusok.de\/index.php\/wp-json\/wp\/v2\/media\/22445"}],"wp:attachment":[{"href":"https:\/\/stuttgarti-katolikusok.de\/index.php\/wp-json\/wp\/v2\/media?parent=22444"}],"wp:term":[{"taxonomy":"category","embeddable":true,"href":"https:\/\/stuttgarti-katolikusok.de\/index.php\/wp-json\/wp\/v2\/categories?post=22444"},{"taxonomy":"post_tag","embeddable":true,"href":"https:\/\/stuttgarti-katolikusok.de\/index.php\/wp-json\/wp\/v2\/tags?post=22444"}],"curies":[{"name":"wp","href":"https:\/\/api.w.org\/{rel}","templated":true}]}}