{"id":22332,"date":"2021-10-11T22:00:36","date_gmt":"2021-10-11T22:00:36","guid":{"rendered":"https:\/\/stuttgarti-katolikusok.de\/?p=22332"},"modified":"2021-10-11T22:00:36","modified_gmt":"2021-10-11T22:00:36","slug":"oktober-11-es-17-kozott","status":"publish","type":"post","link":"https:\/\/stuttgarti-katolikusok.de\/index.php\/oktober-11-es-17-kozott\/","title":{"rendered":"Okt\u00f3ber 11 \u00e9s 17 k\u00f6z\u00f6tt"},"content":{"rendered":"<p><span style=\"color: #ff6600;\"><strong>Programel\u0151zetes<\/strong><\/span><\/p>\n<p><span style=\"color: #ff6600;\"><em>A jelenlegi egyh\u00e1zi rendelkez\u00e9sek \u00e9rtelm\u00e9ben nem csak a szentmise tarthat\u00f3 meg.<\/em><\/span><\/p>\n<p><span style=\"color: #ff6600;\"><em>K\u00f6z\u00f6ss\u00e9gi termeinket imm\u00e1r haszn\u00e1lhatjuk, a helyi szab\u00e1lyok k\u00edn\u00e1lta lehet\u0151s\u00e9gek f\u00fcggv\u00e9ny\u00e9ben!<\/em><\/span><\/p>\n<p><span style=\"color: #ff6600;\"><em>Szentmis\u00e9n k\u00f6telez\u0151 a maszk haszn\u00e1lata, jelenl\u00e9ti lista n\u00e9vvel \u00e9s el\u00e9rhet\u0151s\u00e9ggel, kezek fert\u0151tlen\u00edt\u00e9se!<\/em><\/span><\/p>\n<p style=\"text-align: center;\"><span style=\"color: #ff6600;\"><em>\u00a0\u00a0<\/em>*<\/span><\/p>\n<p><strong>Okt\u00f3ber 15-\u00e9n,<\/strong>\u00a0p\u00e9nteken, <strong><em>Stuttgarti d\u00e9lut\u00e1n<\/em><\/strong><strong>,<\/strong><strong>\u00a0<\/strong><\/p>\n<p>16.30 \u00f3rakor <em>Bar\u00e1ts\u00e1gklub,<\/em><\/p>\n<p>18.00 \u00f3rakor <em>okt\u00f3beri \u00e1jtatoss\u00e1g<\/em>,<em>\u00a0<\/em>majd <em>szentmise<\/em><em>.<\/em><\/p>\n<p style=\"text-align: center;\"><em>\u00a0<\/em><span style=\"color: #ff6600;\"><em>*<\/em><\/span><\/p>\n<p><strong>Okt\u00f3ber 16-\u00e1n, <\/strong>szombaton,<strong> Heidenheimban<\/strong> 15.30 \u00f3rakor <em>szentmise<\/em>.<\/p>\n<p>Az szentmise megv\u00e1ltozott helysz\u00ednen lesz:<\/p>\n<p><strong><em>\u00d6kumenisches Gemeindezentrum Mittelrein<\/em><\/strong><\/p>\n<p><em>89520 Heidenheim an der Brenz<\/em><\/p>\n<p><em>Hans-Thoma-Stra\u00dfe 50<\/em><\/p>\n<p style=\"text-align: center;\"><em>\u00a0<\/em><span style=\"color: #ff6600;\"><em>*<\/em><\/span><\/p>\n<p><em><strong>Okt\u00f3ber 17-\u00e9n<\/strong><\/em><em>, <\/em><span style=\"color: #008000;\"><em>\u00e9vk\u00f6zi 29. vas\u00e1rnap<\/em><\/span><em>,<\/em><\/p>\n<p><em><strong>Ludwigsburgban <\/strong><\/em><em>9.30 \u00f3rakor <\/em><em>szentmise<\/em><em>,<\/em><\/p>\n<p><em><strong>Stuttgartban <\/strong><\/em><em><strong>Nemzeti \u00fcnnep<\/strong><\/em><em>. <\/em>12.00 \u00f3rakor <em>\u00f6kumenikus istentisztelet<\/em><em>. <\/em>Ig\u00e9t hirdet<em> Nt. G\u00e9mes P\u00e1l <\/em>evang\u00e9likus lelk\u00e9sz.<em> Ut\u00e1na <\/em><em><strong>K\u00e1pl\u00e1n Gy\u00f6rgy<\/strong><\/em> <em>\u00e9nekm\u0171v\u00e9sz<\/em><em> el\u0151ad\u00e1s\u00e1ban r\u00f6vid <\/em><em>kult\u00farm\u0171sor. <\/em>V\u00e9g\u00fcl <em>\u00e1ll\u00f3fogad\u00e1s <\/em>bent a templomban, az erre kialak\u00edtott helyen,<\/p>\n<p><a href=\"https:\/\/stuttgarti-katolikusok.de\/wp-content\/uploads\/2020\/10\/1280px-hungarian_flag_with_hole_1956.jpg\"><img loading=\"lazy\" decoding=\"async\" class=\"size-full wp-image-20252\" src=\"https:\/\/stuttgarti-katolikusok.de\/wp-content\/uploads\/2020\/10\/1280px-hungarian_flag_with_hole_1956.jpg\" alt=\"\" width=\"1280\" height=\"857\" srcset=\"https:\/\/stuttgarti-katolikusok.de\/wp-content\/uploads\/2020\/10\/1280px-hungarian_flag_with_hole_1956.jpg 1280w, https:\/\/stuttgarti-katolikusok.de\/wp-content\/uploads\/2020\/10\/1280px-hungarian_flag_with_hole_1956-300x201.jpg 300w, https:\/\/stuttgarti-katolikusok.de\/wp-content\/uploads\/2020\/10\/1280px-hungarian_flag_with_hole_1956-1024x686.jpg 1024w, https:\/\/stuttgarti-katolikusok.de\/wp-content\/uploads\/2020\/10\/1280px-hungarian_flag_with_hole_1956-420x280.jpg 420w\" sizes=\"auto, (max-width: 1280px) 100vw, 1280px\" \/><\/a><\/p>\n<p><em><strong>Eislingenben <\/strong><\/em><em>15.00 \u00f3rakor <\/em><em>szentmise. <\/em><em>\u00a0\u00a0\u00a0<\/em><\/p>\n<p style=\"text-align: center;\"><em>\u00a0<\/em><span style=\"color: #ff6600;\">*<\/span><\/p>\n<p>Minden helyen mindenkit szeretettel v\u00e1r a k\u00f6z\u00f6ss\u00e9g \u00e9s Tibor atya!<\/p>\n<p style=\"text-align: center;\"><span style=\"color: #ff6600;\">*<\/span><\/p>\n<p><span style=\"color: #ff6600;\"><em><strong>\u201eSzeretet n\u00e9lk\u00fcl magunk sz\u00e1m\u00e1ra is csak teher vagyunk. A szeretetben viszont egym\u00e1st is tudjuk hordozni.\u201d<\/strong><\/em><\/span><em><strong>\u00a0<\/strong><\/em><em>(Szent \u00c1goston \u2013 egyh\u00e1zatya &#8211; 354 \u2013 430)<\/em><\/p>\n<p><span style=\"color: #ff6600;\"><em><strong>Sz\u00e9p \u0151szi napokat, j\u00f3 munk\u00e1t, tartalmas besz\u00e9lget\u00e9seket \u00e9s \u00f6r\u00f6mteli tal\u00e1lkoz\u00e1sokat k\u00edv\u00e1nunk minden kedves H\u00edv\u00fcnknek!<\/strong><\/em><\/span><\/p>\n","protected":false},"excerpt":{"rendered":"<p>Programel\u0151zetes A jelenlegi egyh\u00e1zi rendelkez\u00e9sek \u00e9rtelm\u00e9ben nem csak a szentmise tarthat\u00f3 meg. K\u00f6z\u00f6ss\u00e9gi termeinket imm\u00e1r haszn\u00e1lhatjuk, a helyi szab\u00e1lyok k\u00edn\u00e1lta lehet\u0151s\u00e9gek f\u00fcggv\u00e9ny\u00e9ben! Szentmis\u00e9n k\u00f6telez\u0151 a maszk haszn\u00e1lata, jelenl\u00e9ti lista n\u00e9vvel \u00e9s el\u00e9rhet\u0151s\u00e9ggel, kezek fert\u0151tlen\u00edt\u00e9se! \u00a0\u00a0* Okt\u00f3ber 15-\u00e9n,\u00a0p\u00e9nteken, Stuttgarti d\u00e9lut\u00e1n,\u00a0 16.30 \u00f3rakor Bar\u00e1ts\u00e1gklub, 18.00 \u00f3rakor okt\u00f3beri \u00e1jtatoss\u00e1g,\u00a0majd szentmise. \u00a0* Okt\u00f3ber 16-\u00e1n, szombaton, Heidenheimban 15.30 \u00f3rakor szentmise. Az szentmise megv\u00e1ltozott helysz\u00ednen lesz: \u00d6kumenisches Gemeindezentrum Mittelrein 89520 Heidenheim an der Brenz Hans-Thoma-Stra\u00dfe 50 \u00a0* Okt\u00f3ber 17-\u00e9n, \u00e9vk\u00f6zi 29. vas\u00e1rnap, Ludwigsburgban 9.30 \u00f3rakor szentmise, Stuttgartban Nemzeti \u00fcnnep. 12.00 \u00f3rakor \u00f6kumenikus istentisztelet. Ig\u00e9t hirdet Nt. G\u00e9mes P\u00e1l evang\u00e9likus lelk\u00e9sz. Ut\u00e1na K\u00e1pl\u00e1n Gy\u00f6rgy \u00e9nekm\u0171v\u00e9sz el\u0151ad\u00e1s\u00e1ban r\u00f6vid kult\u00farm\u0171sor. V\u00e9g\u00fcl \u00e1ll\u00f3fogad\u00e1s bent a templomban, az erre kialak\u00edtott helyen, Eislingenben 15.00 \u00f3rakor szentmise. \u00a0\u00a0\u00a0 \u00a0* Minden helyen mindenkit szeretettel v\u00e1r a k\u00f6z\u00f6ss\u00e9g \u00e9s Tibor atya! * \u201eSzeretet n\u00e9lk\u00fcl magunk sz\u00e1m\u00e1ra is csak teher vagyunk. A szeretetben viszont egym\u00e1st is tudjuk hordozni.\u201d\u00a0(Szent \u00c1goston \u2013 egyh\u00e1zatya &#8211; 354 \u2013 430) Sz\u00e9p \u0151szi napokat, j\u00f3 munk\u00e1t, tartalmas besz\u00e9lget\u00e9seket \u00e9s \u00f6r\u00f6mteli tal\u00e1lkoz\u00e1sokat k\u00edv\u00e1nunk minden kedves H\u00edv\u00fcnknek!<\/p>\n","protected":false},"author":3,"featured_media":20253,"comment_status":"closed","ping_status":"closed","sticky":false,"template":"","format":"standard","meta":{"footnotes":""},"categories":[37],"tags":[],"class_list":["post-22332","post","type-post","status-publish","format-standard","has-post-thumbnail","hentry","category-progamelozetes"],"yoast_head":"<!-- This site is optimized with the Yoast SEO plugin v27.3 - https:\/\/yoast.com\/product\/yoast-seo-wordpress\/ -->\n<title>Okt\u00f3ber 11 \u00e9s 17 k\u00f6z\u00f6tt - Stuttgarti Katolikusok<\/title>\n<meta name=\"robots\" content=\"index, follow, max-snippet:-1, max-image-preview:large, max-video-preview:-1\" \/>\n<link rel=\"canonical\" href=\"https:\/\/stuttgarti-katolikusok.de\/index.php\/oktober-11-es-17-kozott\/\" \/>\n<meta property=\"og:locale\" content=\"hu_HU\" \/>\n<meta property=\"og:type\" content=\"article\" \/>\n<meta property=\"og:title\" content=\"Okt\u00f3ber 11 \u00e9s 17 k\u00f6z\u00f6tt - Stuttgarti Katolikusok\" \/>\n<meta property=\"og:description\" content=\"Programel\u0151zetes A jelenlegi egyh\u00e1zi rendelkez\u00e9sek \u00e9rtelm\u00e9ben nem csak a szentmise tarthat\u00f3 meg. K\u00f6z\u00f6ss\u00e9gi termeinket imm\u00e1r haszn\u00e1lhatjuk, a helyi szab\u00e1lyok k\u00edn\u00e1lta lehet\u0151s\u00e9gek f\u00fcggv\u00e9ny\u00e9ben! Szentmis\u00e9n k\u00f6telez\u0151 a maszk haszn\u00e1lata, jelenl\u00e9ti lista n\u00e9vvel \u00e9s el\u00e9rhet\u0151s\u00e9ggel, kezek fert\u0151tlen\u00edt\u00e9se! \u00a0\u00a0* Okt\u00f3ber 15-\u00e9n,\u00a0p\u00e9nteken, Stuttgarti d\u00e9lut\u00e1n,\u00a0 16.30 \u00f3rakor Bar\u00e1ts\u00e1gklub, 18.00 \u00f3rakor okt\u00f3beri \u00e1jtatoss\u00e1g,\u00a0majd szentmise. \u00a0* Okt\u00f3ber 16-\u00e1n, szombaton, Heidenheimban 15.30 \u00f3rakor szentmise. Az szentmise megv\u00e1ltozott helysz\u00ednen lesz: \u00d6kumenisches Gemeindezentrum Mittelrein 89520 Heidenheim an der Brenz Hans-Thoma-Stra\u00dfe 50 \u00a0* Okt\u00f3ber 17-\u00e9n, \u00e9vk\u00f6zi 29. vas\u00e1rnap, Ludwigsburgban 9.30 \u00f3rakor szentmise, Stuttgartban Nemzeti \u00fcnnep. 12.00 \u00f3rakor \u00f6kumenikus istentisztelet. Ig\u00e9t hirdet Nt. G\u00e9mes P\u00e1l evang\u00e9likus lelk\u00e9sz. Ut\u00e1na K\u00e1pl\u00e1n Gy\u00f6rgy \u00e9nekm\u0171v\u00e9sz el\u0151ad\u00e1s\u00e1ban r\u00f6vid kult\u00farm\u0171sor. V\u00e9g\u00fcl \u00e1ll\u00f3fogad\u00e1s bent a templomban, az erre kialak\u00edtott helyen, Eislingenben 15.00 \u00f3rakor szentmise. \u00a0\u00a0\u00a0 \u00a0* Minden helyen mindenkit szeretettel v\u00e1r a k\u00f6z\u00f6ss\u00e9g \u00e9s Tibor atya! * \u201eSzeretet n\u00e9lk\u00fcl magunk sz\u00e1m\u00e1ra is csak teher vagyunk. A szeretetben viszont egym\u00e1st is tudjuk hordozni.\u201d\u00a0(Szent \u00c1goston \u2013 egyh\u00e1zatya &#8211; 354 \u2013 430) Sz\u00e9p \u0151szi napokat, j\u00f3 munk\u00e1t, tartalmas besz\u00e9lget\u00e9seket \u00e9s \u00f6r\u00f6mteli tal\u00e1lkoz\u00e1sokat k\u00edv\u00e1nunk minden kedves H\u00edv\u00fcnknek!\" \/>\n<meta property=\"og:url\" content=\"https:\/\/stuttgarti-katolikusok.de\/index.php\/oktober-11-es-17-kozott\/\" \/>\n<meta property=\"og:site_name\" content=\"Stuttgarti Katolikusok\" \/>\n<meta property=\"article:published_time\" content=\"2021-10-11T22:00:36+00:00\" \/>\n<meta property=\"og:image\" content=\"https:\/\/stuttgarti-katolikusok.de\/wp-content\/uploads\/2020\/10\/cruz-2381213_640.jpg\" \/>\n\t<meta property=\"og:image:width\" content=\"640\" \/>\n\t<meta property=\"og:image:height\" content=\"426\" \/>\n\t<meta property=\"og:image:type\" content=\"image\/jpeg\" \/>\n<meta name=\"author\" content=\"Tibor atya\" \/>\n<meta name=\"twitter:card\" content=\"summary_large_image\" \/>\n<meta name=\"twitter:label1\" content=\"Szerz\u0151:\" \/>\n\t<meta name=\"twitter:data1\" content=\"Tibor atya\" \/>\n\t<meta name=\"twitter:label2\" content=\"Becs\u00fclt olvas\u00e1si id\u0151\" \/>\n\t<meta name=\"twitter:data2\" content=\"1 perc\" \/>\n<script type=\"application\/ld+json\" class=\"yoast-schema-graph\">{\"@context\":\"https:\\\/\\\/schema.org\",\"@graph\":[{\"@type\":\"Article\",\"@id\":\"https:\\\/\\\/stuttgarti-katolikusok.de\\\/index.php\\\/oktober-11-es-17-kozott\\\/#article\",\"isPartOf\":{\"@id\":\"https:\\\/\\\/stuttgarti-katolikusok.de\\\/index.php\\\/oktober-11-es-17-kozott\\\/\"},\"author\":{\"name\":\"Tibor atya\",\"@id\":\"https:\\\/\\\/stuttgarti-katolikusok.de\\\/#\\\/schema\\\/person\\\/75908d6f8fdc03a57889d27209df7795\"},\"headline\":\"Okt\u00f3ber 11 \u00e9s 17 k\u00f6z\u00f6tt\",\"datePublished\":\"2021-10-11T22:00:36+00:00\",\"mainEntityOfPage\":{\"@id\":\"https:\\\/\\\/stuttgarti-katolikusok.de\\\/index.php\\\/oktober-11-es-17-kozott\\\/\"},\"wordCount\":242,\"image\":{\"@id\":\"https:\\\/\\\/stuttgarti-katolikusok.de\\\/index.php\\\/oktober-11-es-17-kozott\\\/#primaryimage\"},\"thumbnailUrl\":\"https:\\\/\\\/stuttgarti-katolikusok.de\\\/wp-content\\\/uploads\\\/2020\\\/10\\\/cruz-2381213_640.jpg\",\"articleSection\":[\"Progamel\u0151zetes\"],\"inLanguage\":\"hu\"},{\"@type\":\"WebPage\",\"@id\":\"https:\\\/\\\/stuttgarti-katolikusok.de\\\/index.php\\\/oktober-11-es-17-kozott\\\/\",\"url\":\"https:\\\/\\\/stuttgarti-katolikusok.de\\\/index.php\\\/oktober-11-es-17-kozott\\\/\",\"name\":\"Okt\u00f3ber 11 \u00e9s 17 k\u00f6z\u00f6tt - Stuttgarti Katolikusok\",\"isPartOf\":{\"@id\":\"https:\\\/\\\/stuttgarti-katolikusok.de\\\/#website\"},\"primaryImageOfPage\":{\"@id\":\"https:\\\/\\\/stuttgarti-katolikusok.de\\\/index.php\\\/oktober-11-es-17-kozott\\\/#primaryimage\"},\"image\":{\"@id\":\"https:\\\/\\\/stuttgarti-katolikusok.de\\\/index.php\\\/oktober-11-es-17-kozott\\\/#primaryimage\"},\"thumbnailUrl\":\"https:\\\/\\\/stuttgarti-katolikusok.de\\\/wp-content\\\/uploads\\\/2020\\\/10\\\/cruz-2381213_640.jpg\",\"datePublished\":\"2021-10-11T22:00:36+00:00\",\"author\":{\"@id\":\"https:\\\/\\\/stuttgarti-katolikusok.de\\\/#\\\/schema\\\/person\\\/75908d6f8fdc03a57889d27209df7795\"},\"breadcrumb\":{\"@id\":\"https:\\\/\\\/stuttgarti-katolikusok.de\\\/index.php\\\/oktober-11-es-17-kozott\\\/#breadcrumb\"},\"inLanguage\":\"hu\",\"potentialAction\":[{\"@type\":\"ReadAction\",\"target\":[\"https:\\\/\\\/stuttgarti-katolikusok.de\\\/index.php\\\/oktober-11-es-17-kozott\\\/\"]}]},{\"@type\":\"ImageObject\",\"inLanguage\":\"hu\",\"@id\":\"https:\\\/\\\/stuttgarti-katolikusok.de\\\/index.php\\\/oktober-11-es-17-kozott\\\/#primaryimage\",\"url\":\"https:\\\/\\\/stuttgarti-katolikusok.de\\\/wp-content\\\/uploads\\\/2020\\\/10\\\/cruz-2381213_640.jpg\",\"contentUrl\":\"https:\\\/\\\/stuttgarti-katolikusok.de\\\/wp-content\\\/uploads\\\/2020\\\/10\\\/cruz-2381213_640.jpg\",\"width\":640,\"height\":426},{\"@type\":\"BreadcrumbList\",\"@id\":\"https:\\\/\\\/stuttgarti-katolikusok.de\\\/index.php\\\/oktober-11-es-17-kozott\\\/#breadcrumb\",\"itemListElement\":[{\"@type\":\"ListItem\",\"position\":1,\"name\":\"Kezd\u0151lap\",\"item\":\"https:\\\/\\\/stuttgarti-katolikusok.de\\\/\"},{\"@type\":\"ListItem\",\"position\":2,\"name\":\"Okt\u00f3ber 11 \u00e9s 17 k\u00f6z\u00f6tt\"}]},{\"@type\":\"WebSite\",\"@id\":\"https:\\\/\\\/stuttgarti-katolikusok.de\\\/#website\",\"url\":\"https:\\\/\\\/stuttgarti-katolikusok.de\\\/\",\"name\":\"Stuttgarti Katolikusok\",\"description\":\"\",\"potentialAction\":[{\"@type\":\"SearchAction\",\"target\":{\"@type\":\"EntryPoint\",\"urlTemplate\":\"https:\\\/\\\/stuttgarti-katolikusok.de\\\/?s={search_term_string}\"},\"query-input\":{\"@type\":\"PropertyValueSpecification\",\"valueRequired\":true,\"valueName\":\"search_term_string\"}}],\"inLanguage\":\"hu\"},{\"@type\":\"Person\",\"@id\":\"https:\\\/\\\/stuttgarti-katolikusok.de\\\/#\\\/schema\\\/person\\\/75908d6f8fdc03a57889d27209df7795\",\"name\":\"Tibor atya\",\"image\":{\"@type\":\"ImageObject\",\"inLanguage\":\"hu\",\"@id\":\"https:\\\/\\\/secure.gravatar.com\\\/avatar\\\/61d268e57d1f4525b111222e29d2d5a7f8c420fdbf231ba5566a8ceac74fa960?s=96&d=mm&r=g\",\"url\":\"https:\\\/\\\/secure.gravatar.com\\\/avatar\\\/61d268e57d1f4525b111222e29d2d5a7f8c420fdbf231ba5566a8ceac74fa960?s=96&d=mm&r=g\",\"contentUrl\":\"https:\\\/\\\/secure.gravatar.com\\\/avatar\\\/61d268e57d1f4525b111222e29d2d5a7f8c420fdbf231ba5566a8ceac74fa960?s=96&d=mm&r=g\",\"caption\":\"Tibor atya\"},\"url\":\"https:\\\/\\\/stuttgarti-katolikusok.de\\\/index.php\\\/author\\\/tibor-atya\\\/\"}]}<\/script>\n<!-- \/ Yoast SEO plugin. -->","yoast_head_json":{"title":"Okt\u00f3ber 11 \u00e9s 17 k\u00f6z\u00f6tt - Stuttgarti Katolikusok","robots":{"index":"index","follow":"follow","max-snippet":"max-snippet:-1","max-image-preview":"max-image-preview:large","max-video-preview":"max-video-preview:-1"},"canonical":"https:\/\/stuttgarti-katolikusok.de\/index.php\/oktober-11-es-17-kozott\/","og_locale":"hu_HU","og_type":"article","og_title":"Okt\u00f3ber 11 \u00e9s 17 k\u00f6z\u00f6tt - Stuttgarti Katolikusok","og_description":"Programel\u0151zetes A jelenlegi egyh\u00e1zi rendelkez\u00e9sek \u00e9rtelm\u00e9ben nem csak a szentmise tarthat\u00f3 meg. K\u00f6z\u00f6ss\u00e9gi termeinket imm\u00e1r haszn\u00e1lhatjuk, a helyi szab\u00e1lyok k\u00edn\u00e1lta lehet\u0151s\u00e9gek f\u00fcggv\u00e9ny\u00e9ben! Szentmis\u00e9n k\u00f6telez\u0151 a maszk haszn\u00e1lata, jelenl\u00e9ti lista n\u00e9vvel \u00e9s el\u00e9rhet\u0151s\u00e9ggel, kezek fert\u0151tlen\u00edt\u00e9se! \u00a0\u00a0* Okt\u00f3ber 15-\u00e9n,\u00a0p\u00e9nteken, Stuttgarti d\u00e9lut\u00e1n,\u00a0 16.30 \u00f3rakor Bar\u00e1ts\u00e1gklub, 18.00 \u00f3rakor okt\u00f3beri \u00e1jtatoss\u00e1g,\u00a0majd szentmise. \u00a0* Okt\u00f3ber 16-\u00e1n, szombaton, Heidenheimban 15.30 \u00f3rakor szentmise. Az szentmise megv\u00e1ltozott helysz\u00ednen lesz: \u00d6kumenisches Gemeindezentrum Mittelrein 89520 Heidenheim an der Brenz Hans-Thoma-Stra\u00dfe 50 \u00a0* Okt\u00f3ber 17-\u00e9n, \u00e9vk\u00f6zi 29. vas\u00e1rnap, Ludwigsburgban 9.30 \u00f3rakor szentmise, Stuttgartban Nemzeti \u00fcnnep. 12.00 \u00f3rakor \u00f6kumenikus istentisztelet. Ig\u00e9t hirdet Nt. G\u00e9mes P\u00e1l evang\u00e9likus lelk\u00e9sz. Ut\u00e1na K\u00e1pl\u00e1n Gy\u00f6rgy \u00e9nekm\u0171v\u00e9sz el\u0151ad\u00e1s\u00e1ban r\u00f6vid kult\u00farm\u0171sor. V\u00e9g\u00fcl \u00e1ll\u00f3fogad\u00e1s bent a templomban, az erre kialak\u00edtott helyen, Eislingenben 15.00 \u00f3rakor szentmise. \u00a0\u00a0\u00a0 \u00a0* Minden helyen mindenkit szeretettel v\u00e1r a k\u00f6z\u00f6ss\u00e9g \u00e9s Tibor atya! * \u201eSzeretet n\u00e9lk\u00fcl magunk sz\u00e1m\u00e1ra is csak teher vagyunk. A szeretetben viszont egym\u00e1st is tudjuk hordozni.\u201d\u00a0(Szent \u00c1goston \u2013 egyh\u00e1zatya &#8211; 354 \u2013 430) Sz\u00e9p \u0151szi napokat, j\u00f3 munk\u00e1t, tartalmas besz\u00e9lget\u00e9seket \u00e9s \u00f6r\u00f6mteli tal\u00e1lkoz\u00e1sokat k\u00edv\u00e1nunk minden kedves H\u00edv\u00fcnknek!","og_url":"https:\/\/stuttgarti-katolikusok.de\/index.php\/oktober-11-es-17-kozott\/","og_site_name":"Stuttgarti Katolikusok","article_published_time":"2021-10-11T22:00:36+00:00","og_image":[{"width":640,"height":426,"url":"https:\/\/stuttgarti-katolikusok.de\/wp-content\/uploads\/2020\/10\/cruz-2381213_640.jpg","type":"image\/jpeg"}],"author":"Tibor atya","twitter_card":"summary_large_image","twitter_misc":{"Szerz\u0151:":"Tibor atya","Becs\u00fclt olvas\u00e1si id\u0151":"1 perc"},"schema":{"@context":"https:\/\/schema.org","@graph":[{"@type":"Article","@id":"https:\/\/stuttgarti-katolikusok.de\/index.php\/oktober-11-es-17-kozott\/#article","isPartOf":{"@id":"https:\/\/stuttgarti-katolikusok.de\/index.php\/oktober-11-es-17-kozott\/"},"author":{"name":"Tibor atya","@id":"https:\/\/stuttgarti-katolikusok.de\/#\/schema\/person\/75908d6f8fdc03a57889d27209df7795"},"headline":"Okt\u00f3ber 11 \u00e9s 17 k\u00f6z\u00f6tt","datePublished":"2021-10-11T22:00:36+00:00","mainEntityOfPage":{"@id":"https:\/\/stuttgarti-katolikusok.de\/index.php\/oktober-11-es-17-kozott\/"},"wordCount":242,"image":{"@id":"https:\/\/stuttgarti-katolikusok.de\/index.php\/oktober-11-es-17-kozott\/#primaryimage"},"thumbnailUrl":"https:\/\/stuttgarti-katolikusok.de\/wp-content\/uploads\/2020\/10\/cruz-2381213_640.jpg","articleSection":["Progamel\u0151zetes"],"inLanguage":"hu"},{"@type":"WebPage","@id":"https:\/\/stuttgarti-katolikusok.de\/index.php\/oktober-11-es-17-kozott\/","url":"https:\/\/stuttgarti-katolikusok.de\/index.php\/oktober-11-es-17-kozott\/","name":"Okt\u00f3ber 11 \u00e9s 17 k\u00f6z\u00f6tt - Stuttgarti Katolikusok","isPartOf":{"@id":"https:\/\/stuttgarti-katolikusok.de\/#website"},"primaryImageOfPage":{"@id":"https:\/\/stuttgarti-katolikusok.de\/index.php\/oktober-11-es-17-kozott\/#primaryimage"},"image":{"@id":"https:\/\/stuttgarti-katolikusok.de\/index.php\/oktober-11-es-17-kozott\/#primaryimage"},"thumbnailUrl":"https:\/\/stuttgarti-katolikusok.de\/wp-content\/uploads\/2020\/10\/cruz-2381213_640.jpg","datePublished":"2021-10-11T22:00:36+00:00","author":{"@id":"https:\/\/stuttgarti-katolikusok.de\/#\/schema\/person\/75908d6f8fdc03a57889d27209df7795"},"breadcrumb":{"@id":"https:\/\/stuttgarti-katolikusok.de\/index.php\/oktober-11-es-17-kozott\/#breadcrumb"},"inLanguage":"hu","potentialAction":[{"@type":"ReadAction","target":["https:\/\/stuttgarti-katolikusok.de\/index.php\/oktober-11-es-17-kozott\/"]}]},{"@type":"ImageObject","inLanguage":"hu","@id":"https:\/\/stuttgarti-katolikusok.de\/index.php\/oktober-11-es-17-kozott\/#primaryimage","url":"https:\/\/stuttgarti-katolikusok.de\/wp-content\/uploads\/2020\/10\/cruz-2381213_640.jpg","contentUrl":"https:\/\/stuttgarti-katolikusok.de\/wp-content\/uploads\/2020\/10\/cruz-2381213_640.jpg","width":640,"height":426},{"@type":"BreadcrumbList","@id":"https:\/\/stuttgarti-katolikusok.de\/index.php\/oktober-11-es-17-kozott\/#breadcrumb","itemListElement":[{"@type":"ListItem","position":1,"name":"Kezd\u0151lap","item":"https:\/\/stuttgarti-katolikusok.de\/"},{"@type":"ListItem","position":2,"name":"Okt\u00f3ber 11 \u00e9s 17 k\u00f6z\u00f6tt"}]},{"@type":"WebSite","@id":"https:\/\/stuttgarti-katolikusok.de\/#website","url":"https:\/\/stuttgarti-katolikusok.de\/","name":"Stuttgarti Katolikusok","description":"","potentialAction":[{"@type":"SearchAction","target":{"@type":"EntryPoint","urlTemplate":"https:\/\/stuttgarti-katolikusok.de\/?s={search_term_string}"},"query-input":{"@type":"PropertyValueSpecification","valueRequired":true,"valueName":"search_term_string"}}],"inLanguage":"hu"},{"@type":"Person","@id":"https:\/\/stuttgarti-katolikusok.de\/#\/schema\/person\/75908d6f8fdc03a57889d27209df7795","name":"Tibor atya","image":{"@type":"ImageObject","inLanguage":"hu","@id":"https:\/\/secure.gravatar.com\/avatar\/61d268e57d1f4525b111222e29d2d5a7f8c420fdbf231ba5566a8ceac74fa960?s=96&d=mm&r=g","url":"https:\/\/secure.gravatar.com\/avatar\/61d268e57d1f4525b111222e29d2d5a7f8c420fdbf231ba5566a8ceac74fa960?s=96&d=mm&r=g","contentUrl":"https:\/\/secure.gravatar.com\/avatar\/61d268e57d1f4525b111222e29d2d5a7f8c420fdbf231ba5566a8ceac74fa960?s=96&d=mm&r=g","caption":"Tibor atya"},"url":"https:\/\/stuttgarti-katolikusok.de\/index.php\/author\/tibor-atya\/"}]}},"_links":{"self":[{"href":"https:\/\/stuttgarti-katolikusok.de\/index.php\/wp-json\/wp\/v2\/posts\/22332","targetHints":{"allow":["GET"]}}],"collection":[{"href":"https:\/\/stuttgarti-katolikusok.de\/index.php\/wp-json\/wp\/v2\/posts"}],"about":[{"href":"https:\/\/stuttgarti-katolikusok.de\/index.php\/wp-json\/wp\/v2\/types\/post"}],"author":[{"embeddable":true,"href":"https:\/\/stuttgarti-katolikusok.de\/index.php\/wp-json\/wp\/v2\/users\/3"}],"replies":[{"embeddable":true,"href":"https:\/\/stuttgarti-katolikusok.de\/index.php\/wp-json\/wp\/v2\/comments?post=22332"}],"version-history":[{"count":1,"href":"https:\/\/stuttgarti-katolikusok.de\/index.php\/wp-json\/wp\/v2\/posts\/22332\/revisions"}],"predecessor-version":[{"id":22333,"href":"https:\/\/stuttgarti-katolikusok.de\/index.php\/wp-json\/wp\/v2\/posts\/22332\/revisions\/22333"}],"wp:featuredmedia":[{"embeddable":true,"href":"https:\/\/stuttgarti-katolikusok.de\/index.php\/wp-json\/wp\/v2\/media\/20253"}],"wp:attachment":[{"href":"https:\/\/stuttgarti-katolikusok.de\/index.php\/wp-json\/wp\/v2\/media?parent=22332"}],"wp:term":[{"taxonomy":"category","embeddable":true,"href":"https:\/\/stuttgarti-katolikusok.de\/index.php\/wp-json\/wp\/v2\/categories?post=22332"},{"taxonomy":"post_tag","embeddable":true,"href":"https:\/\/stuttgarti-katolikusok.de\/index.php\/wp-json\/wp\/v2\/tags?post=22332"}],"curies":[{"name":"wp","href":"https:\/\/api.w.org\/{rel}","templated":true}]}}