{"id":22297,"date":"2021-10-04T11:00:35","date_gmt":"2021-10-04T11:00:35","guid":{"rendered":"https:\/\/stuttgarti-katolikusok.de\/?p=22297"},"modified":"2021-11-04T09:19:29","modified_gmt":"2021-11-04T08:19:29","slug":"oktober-4-es-10-kozott","status":"publish","type":"post","link":"https:\/\/stuttgarti-katolikusok.de\/index.php\/oktober-4-es-10-kozott\/","title":{"rendered":"Okt\u00f3ber 4 \u00e9s 10 k\u00f6z\u00f6tt"},"content":{"rendered":"<p><span style=\"color: #ff6600;\"><strong>Programel\u0151zetes<\/strong><\/span><\/p>\n<p><span style=\"color: #ff6600;\"><em>A jelenlegi egyh\u00e1zi rendelkez\u00e9sek \u00e9rtelm\u00e9ben nem csak a szentmise tarthat\u00f3 meg.<\/em><\/span><\/p>\n<p><span style=\"color: #ff6600;\"><em>K\u00f6z\u00f6ss\u00e9gi termeinket imm\u00e1r haszn\u00e1lhatjuk, a helyi szab\u00e1lyok k\u00edn\u00e1lta lehet\u0151s\u00e9gek f\u00fcggv\u00e9ny\u00e9ben!<\/em><\/span><\/p>\n<p><span style=\"color: #ff6600;\"><em>Szentmis\u00e9n k\u00f6telez\u0151 a maszk haszn\u00e1lata, jelenl\u00e9ti lista n\u00e9vvel \u00e9s el\u00e9rhet\u0151s\u00e9ggel, kezek fert\u0151tlen\u00edt\u00e9se!<\/em><\/span><\/p>\n<p style=\"text-align: center;\"><span style=\"color: #ff6600;\"><em>\u00a0\u00a0<\/em>*<\/span><\/p>\n<p><strong>Okt\u00f3ber 6-\u00e1n<\/strong><strong>,<\/strong> szerd\u00e1n, <strong><em>Weingarteni d\u00e9lut\u00e1n<\/em><\/strong><strong>, <\/strong>17.30 \u00f3rakor <em>okt\u00f3beri \u00e1jtatoss\u00e1g<\/em>, majd <em>szentmise <\/em>\u00a0a <em>14 Nothelfer Kapelle<\/em>-ben.<\/p>\n<p style=\"text-align: center;\">\u00a0<span style=\"color: #ff6600;\">*<\/span><\/p>\n<p><strong>Okt\u00f3ber 7-\u00e9n<\/strong>, cs\u00fct\u00f6rt\u00f6k\u00f6n, <strong><em>Ulmi d\u00e9lut\u00e1n<\/em><\/strong>, 17.30 \u00f3rakor <em>o<\/em><em>kt\u00f3beri \u00e1jtatoss\u00e1g<\/em>, majd <em>szentmise.<\/em><\/p>\n<p style=\"text-align: center;\"><span style=\"color: #ff6600;\"><strong>*<\/strong><\/span><\/p>\n<p><strong>Okt\u00f3ber 8-\u00e1n,<\/strong>\u00a0p\u00e9nteken, <strong><em>Stuttgarti d\u00e9lut\u00e1n<\/em><\/strong><strong>,<\/strong><strong>\u00a0<\/strong><\/p>\n<p>16.30 \u00f3rakor <em>Bar\u00e1ts\u00e1gklub,<\/em><\/p>\n<p>18.00 \u00f3rakor <em>okt\u00f3beri \u00e1jtatoss\u00e1g<\/em>,<em>\u00a0<\/em>majd <em>szentmise<\/em><em>.<\/em><\/p>\n<p style=\"text-align: center;\"><strong><span style=\"color: #ff6600;\">*<\/span><\/strong><\/p>\n<p><em><strong>Okt\u00f3ber 9-\u00e9n<\/strong><\/em><em>, szombaton, <\/em><em><strong>Biberachban<\/strong><\/em> <em>16.30 \u00f3rakor <\/em><em>szentmise<\/em><em>.<\/em><\/p>\n<p style=\"text-align: center;\"><span style=\"color: #ff6600;\"><em>\u00a0<\/em><em>*<\/em><\/span><\/p>\n<p><em>\u00a0<\/em><em><strong>Okt\u00f3ber 10-\u00e9n<\/strong><\/em><em>, <\/em><span style=\"color: #99cc00;\"><em>\u00e9vk\u00f6zi 28. vas\u00e1rnap<\/em><\/span><em>,<\/em><\/p>\n<p><em><strong>Weingartenben <\/strong><\/em>10.30 \u00f3rakor<em> szentmise a <\/em><em><strong>Heilig Geist Kirche<\/strong>&#8211;<\/em><em>ben,<\/em><\/p>\n<p><em><strong>Ulmban <\/strong><\/em>15.00 \u00f3rakor<em> egyh\u00e1zk\u00f6zs\u00e9gi b\u00facs\u00fas szentmise, <\/em>melyben <em><strong>Magyarok Nagyasszony\u00e1t k\u00f6sz\u00f6ntj\u00fck<\/strong><\/em><em>. \u00a0\u00a0<\/em><\/p>\n<p><a href=\"https:\/\/stuttgarti-katolikusok.de\/wp-content\/uploads\/2020\/10\/magyarok-nagyasszonya-custom.jpg\"><img loading=\"lazy\" decoding=\"async\" class=\"alignnone size-full wp-image-20225\" src=\"https:\/\/stuttgarti-katolikusok.de\/wp-content\/uploads\/2020\/10\/magyarok-nagyasszonya-custom.jpg\" alt=\"\" width=\"982\" height=\"651\" srcset=\"https:\/\/stuttgarti-katolikusok.de\/wp-content\/uploads\/2020\/10\/magyarok-nagyasszonya-custom.jpg 982w, https:\/\/stuttgarti-katolikusok.de\/wp-content\/uploads\/2020\/10\/magyarok-nagyasszonya-custom-300x199.jpg 300w\" sizes=\"auto, (max-width: 982px) 100vw, 982px\" \/><\/a><\/p>\n<p style=\"text-align: center;\"><span style=\"color: #ff6600;\"><em>\u00a0<\/em>*<\/span><\/p>\n<p>Minden helyen mindenkit szeretettel v\u00e1r a k\u00f6z\u00f6ss\u00e9g \u00e9s Tibor atya!<\/p>\n<p style=\"text-align: center;\"><span style=\"color: #ff6600;\">*<\/span><\/p>\n<p><span style=\"color: #ff6600;\"><em><strong>\u201eAz ember f\u00f6ldi \u00e9let\u00e9t szabadon rendezheti be, de boldogul\u00e1sa teremtm\u00e9ny mivolt\u00e1b\u00f3l k\u00f6vetkez\u0151leg a Teremt\u0151 akarat\u00e1nak teljes\u00edt\u00e9s\u00e9hez van k\u00f6tve.\u201d<\/strong><\/em><\/span><em><strong>\u00a0<\/strong><\/em><em>(M\u00e1rton \u00c1ron p\u00fcsp\u00f6k \u2013 1896 \u2013 1980)<\/em><\/p>\n","protected":false},"excerpt":{"rendered":"<p>Programel\u0151zetes A jelenlegi egyh\u00e1zi rendelkez\u00e9sek \u00e9rtelm\u00e9ben nem csak a szentmise tarthat\u00f3 meg. K\u00f6z\u00f6ss\u00e9gi termeinket imm\u00e1r haszn\u00e1lhatjuk, a helyi szab\u00e1lyok k\u00edn\u00e1lta lehet\u0151s\u00e9gek f\u00fcggv\u00e9ny\u00e9ben! Szentmis\u00e9n k\u00f6telez\u0151 a maszk haszn\u00e1lata, jelenl\u00e9ti lista n\u00e9vvel \u00e9s el\u00e9rhet\u0151s\u00e9ggel, kezek fert\u0151tlen\u00edt\u00e9se! \u00a0\u00a0* Okt\u00f3ber 6-\u00e1n, szerd\u00e1n, Weingarteni d\u00e9lut\u00e1n, 17.30 \u00f3rakor okt\u00f3beri \u00e1jtatoss\u00e1g, majd szentmise \u00a0a 14 Nothelfer Kapelle-ben. \u00a0* Okt\u00f3ber 7-\u00e9n, cs\u00fct\u00f6rt\u00f6k\u00f6n, Ulmi d\u00e9lut\u00e1n, 17.30 \u00f3rakor okt\u00f3beri \u00e1jtatoss\u00e1g, majd szentmise. * Okt\u00f3ber 8-\u00e1n,\u00a0p\u00e9nteken, Stuttgarti d\u00e9lut\u00e1n,\u00a0 16.30 \u00f3rakor Bar\u00e1ts\u00e1gklub, 18.00 \u00f3rakor okt\u00f3beri \u00e1jtatoss\u00e1g,\u00a0majd szentmise. * Okt\u00f3ber 9-\u00e9n, szombaton, Biberachban 16.30 \u00f3rakor szentmise. \u00a0* \u00a0Okt\u00f3ber 10-\u00e9n, \u00e9vk\u00f6zi 28. vas\u00e1rnap, Weingartenben 10.30 \u00f3rakor szentmise a Heilig Geist Kirche&#8211;ben, Ulmban 15.00 \u00f3rakor egyh\u00e1zk\u00f6zs\u00e9gi b\u00facs\u00fas szentmise, melyben Magyarok Nagyasszony\u00e1t k\u00f6sz\u00f6ntj\u00fck. \u00a0\u00a0 \u00a0* Minden helyen mindenkit szeretettel v\u00e1r a k\u00f6z\u00f6ss\u00e9g \u00e9s Tibor atya! * \u201eAz ember f\u00f6ldi \u00e9let\u00e9t szabadon rendezheti be, de boldogul\u00e1sa teremtm\u00e9ny mivolt\u00e1b\u00f3l k\u00f6vetkez\u0151leg a Teremt\u0151 akarat\u00e1nak teljes\u00edt\u00e9s\u00e9hez van k\u00f6tve.\u201d\u00a0(M\u00e1rton \u00c1ron p\u00fcsp\u00f6k \u2013 1896 \u2013 1980)<\/p>\n","protected":false},"author":3,"featured_media":20221,"comment_status":"closed","ping_status":"closed","sticky":false,"template":"","format":"standard","meta":{"footnotes":""},"categories":[37],"tags":[],"class_list":["post-22297","post","type-post","status-publish","format-standard","has-post-thumbnail","hentry","category-progamelozetes"],"yoast_head":"<!-- This site is optimized with the Yoast SEO plugin v27.3 - https:\/\/yoast.com\/product\/yoast-seo-wordpress\/ -->\n<title>Okt\u00f3ber 4 \u00e9s 10 k\u00f6z\u00f6tt - Stuttgarti Katolikusok<\/title>\n<meta name=\"robots\" content=\"index, follow, max-snippet:-1, max-image-preview:large, max-video-preview:-1\" \/>\n<link rel=\"canonical\" href=\"https:\/\/stuttgarti-katolikusok.de\/index.php\/oktober-4-es-10-kozott\/\" \/>\n<meta property=\"og:locale\" content=\"hu_HU\" \/>\n<meta property=\"og:type\" content=\"article\" \/>\n<meta property=\"og:title\" content=\"Okt\u00f3ber 4 \u00e9s 10 k\u00f6z\u00f6tt - Stuttgarti Katolikusok\" \/>\n<meta property=\"og:description\" content=\"Programel\u0151zetes A jelenlegi egyh\u00e1zi rendelkez\u00e9sek \u00e9rtelm\u00e9ben nem csak a szentmise tarthat\u00f3 meg. K\u00f6z\u00f6ss\u00e9gi termeinket imm\u00e1r haszn\u00e1lhatjuk, a helyi szab\u00e1lyok k\u00edn\u00e1lta lehet\u0151s\u00e9gek f\u00fcggv\u00e9ny\u00e9ben! Szentmis\u00e9n k\u00f6telez\u0151 a maszk haszn\u00e1lata, jelenl\u00e9ti lista n\u00e9vvel \u00e9s el\u00e9rhet\u0151s\u00e9ggel, kezek fert\u0151tlen\u00edt\u00e9se! \u00a0\u00a0* Okt\u00f3ber 6-\u00e1n, szerd\u00e1n, Weingarteni d\u00e9lut\u00e1n, 17.30 \u00f3rakor okt\u00f3beri \u00e1jtatoss\u00e1g, majd szentmise \u00a0a 14 Nothelfer Kapelle-ben. \u00a0* Okt\u00f3ber 7-\u00e9n, cs\u00fct\u00f6rt\u00f6k\u00f6n, Ulmi d\u00e9lut\u00e1n, 17.30 \u00f3rakor okt\u00f3beri \u00e1jtatoss\u00e1g, majd szentmise. * Okt\u00f3ber 8-\u00e1n,\u00a0p\u00e9nteken, Stuttgarti d\u00e9lut\u00e1n,\u00a0 16.30 \u00f3rakor Bar\u00e1ts\u00e1gklub, 18.00 \u00f3rakor okt\u00f3beri \u00e1jtatoss\u00e1g,\u00a0majd szentmise. * Okt\u00f3ber 9-\u00e9n, szombaton, Biberachban 16.30 \u00f3rakor szentmise. \u00a0* \u00a0Okt\u00f3ber 10-\u00e9n, \u00e9vk\u00f6zi 28. vas\u00e1rnap, Weingartenben 10.30 \u00f3rakor szentmise a Heilig Geist Kirche&#8211;ben, Ulmban 15.00 \u00f3rakor egyh\u00e1zk\u00f6zs\u00e9gi b\u00facs\u00fas szentmise, melyben Magyarok Nagyasszony\u00e1t k\u00f6sz\u00f6ntj\u00fck. \u00a0\u00a0 \u00a0* Minden helyen mindenkit szeretettel v\u00e1r a k\u00f6z\u00f6ss\u00e9g \u00e9s Tibor atya! * \u201eAz ember f\u00f6ldi \u00e9let\u00e9t szabadon rendezheti be, de boldogul\u00e1sa teremtm\u00e9ny mivolt\u00e1b\u00f3l k\u00f6vetkez\u0151leg a Teremt\u0151 akarat\u00e1nak teljes\u00edt\u00e9s\u00e9hez van k\u00f6tve.\u201d\u00a0(M\u00e1rton \u00c1ron p\u00fcsp\u00f6k \u2013 1896 \u2013 1980)\" \/>\n<meta property=\"og:url\" content=\"https:\/\/stuttgarti-katolikusok.de\/index.php\/oktober-4-es-10-kozott\/\" \/>\n<meta property=\"og:site_name\" content=\"Stuttgarti Katolikusok\" \/>\n<meta property=\"article:published_time\" content=\"2021-10-04T11:00:35+00:00\" \/>\n<meta property=\"article:modified_time\" content=\"2021-11-04T08:19:29+00:00\" \/>\n<meta property=\"og:image\" content=\"https:\/\/stuttgarti-katolikusok.de\/wp-content\/uploads\/2020\/10\/szoloskert.jpg\" \/>\n\t<meta property=\"og:image:width\" content=\"640\" \/>\n\t<meta property=\"og:image:height\" content=\"426\" \/>\n\t<meta property=\"og:image:type\" content=\"image\/jpeg\" \/>\n<meta name=\"author\" content=\"Tibor atya\" \/>\n<meta name=\"twitter:card\" content=\"summary_large_image\" \/>\n<meta name=\"twitter:label1\" content=\"Szerz\u0151:\" \/>\n\t<meta name=\"twitter:data1\" content=\"Tibor atya\" \/>\n\t<meta name=\"twitter:label2\" content=\"Becs\u00fclt olvas\u00e1si id\u0151\" \/>\n\t<meta name=\"twitter:data2\" content=\"1 perc\" \/>\n<script type=\"application\/ld+json\" class=\"yoast-schema-graph\">{\"@context\":\"https:\\\/\\\/schema.org\",\"@graph\":[{\"@type\":\"Article\",\"@id\":\"https:\\\/\\\/stuttgarti-katolikusok.de\\\/index.php\\\/oktober-4-es-10-kozott\\\/#article\",\"isPartOf\":{\"@id\":\"https:\\\/\\\/stuttgarti-katolikusok.de\\\/index.php\\\/oktober-4-es-10-kozott\\\/\"},\"author\":{\"name\":\"Tibor atya\",\"@id\":\"https:\\\/\\\/stuttgarti-katolikusok.de\\\/#\\\/schema\\\/person\\\/75908d6f8fdc03a57889d27209df7795\"},\"headline\":\"Okt\u00f3ber 4 \u00e9s 10 k\u00f6z\u00f6tt\",\"datePublished\":\"2021-10-04T11:00:35+00:00\",\"dateModified\":\"2021-11-04T08:19:29+00:00\",\"mainEntityOfPage\":{\"@id\":\"https:\\\/\\\/stuttgarti-katolikusok.de\\\/index.php\\\/oktober-4-es-10-kozott\\\/\"},\"wordCount\":223,\"image\":{\"@id\":\"https:\\\/\\\/stuttgarti-katolikusok.de\\\/index.php\\\/oktober-4-es-10-kozott\\\/#primaryimage\"},\"thumbnailUrl\":\"https:\\\/\\\/stuttgarti-katolikusok.de\\\/wp-content\\\/uploads\\\/2020\\\/10\\\/szoloskert.jpg\",\"articleSection\":[\"Progamel\u0151zetes\"],\"inLanguage\":\"hu\"},{\"@type\":\"WebPage\",\"@id\":\"https:\\\/\\\/stuttgarti-katolikusok.de\\\/index.php\\\/oktober-4-es-10-kozott\\\/\",\"url\":\"https:\\\/\\\/stuttgarti-katolikusok.de\\\/index.php\\\/oktober-4-es-10-kozott\\\/\",\"name\":\"Okt\u00f3ber 4 \u00e9s 10 k\u00f6z\u00f6tt - Stuttgarti Katolikusok\",\"isPartOf\":{\"@id\":\"https:\\\/\\\/stuttgarti-katolikusok.de\\\/#website\"},\"primaryImageOfPage\":{\"@id\":\"https:\\\/\\\/stuttgarti-katolikusok.de\\\/index.php\\\/oktober-4-es-10-kozott\\\/#primaryimage\"},\"image\":{\"@id\":\"https:\\\/\\\/stuttgarti-katolikusok.de\\\/index.php\\\/oktober-4-es-10-kozott\\\/#primaryimage\"},\"thumbnailUrl\":\"https:\\\/\\\/stuttgarti-katolikusok.de\\\/wp-content\\\/uploads\\\/2020\\\/10\\\/szoloskert.jpg\",\"datePublished\":\"2021-10-04T11:00:35+00:00\",\"dateModified\":\"2021-11-04T08:19:29+00:00\",\"author\":{\"@id\":\"https:\\\/\\\/stuttgarti-katolikusok.de\\\/#\\\/schema\\\/person\\\/75908d6f8fdc03a57889d27209df7795\"},\"breadcrumb\":{\"@id\":\"https:\\\/\\\/stuttgarti-katolikusok.de\\\/index.php\\\/oktober-4-es-10-kozott\\\/#breadcrumb\"},\"inLanguage\":\"hu\",\"potentialAction\":[{\"@type\":\"ReadAction\",\"target\":[\"https:\\\/\\\/stuttgarti-katolikusok.de\\\/index.php\\\/oktober-4-es-10-kozott\\\/\"]}]},{\"@type\":\"ImageObject\",\"inLanguage\":\"hu\",\"@id\":\"https:\\\/\\\/stuttgarti-katolikusok.de\\\/index.php\\\/oktober-4-es-10-kozott\\\/#primaryimage\",\"url\":\"https:\\\/\\\/stuttgarti-katolikusok.de\\\/wp-content\\\/uploads\\\/2020\\\/10\\\/szoloskert.jpg\",\"contentUrl\":\"https:\\\/\\\/stuttgarti-katolikusok.de\\\/wp-content\\\/uploads\\\/2020\\\/10\\\/szoloskert.jpg\",\"width\":640,\"height\":426},{\"@type\":\"BreadcrumbList\",\"@id\":\"https:\\\/\\\/stuttgarti-katolikusok.de\\\/index.php\\\/oktober-4-es-10-kozott\\\/#breadcrumb\",\"itemListElement\":[{\"@type\":\"ListItem\",\"position\":1,\"name\":\"Kezd\u0151lap\",\"item\":\"https:\\\/\\\/stuttgarti-katolikusok.de\\\/\"},{\"@type\":\"ListItem\",\"position\":2,\"name\":\"Okt\u00f3ber 4 \u00e9s 10 k\u00f6z\u00f6tt\"}]},{\"@type\":\"WebSite\",\"@id\":\"https:\\\/\\\/stuttgarti-katolikusok.de\\\/#website\",\"url\":\"https:\\\/\\\/stuttgarti-katolikusok.de\\\/\",\"name\":\"Stuttgarti Katolikusok\",\"description\":\"\",\"potentialAction\":[{\"@type\":\"SearchAction\",\"target\":{\"@type\":\"EntryPoint\",\"urlTemplate\":\"https:\\\/\\\/stuttgarti-katolikusok.de\\\/?s={search_term_string}\"},\"query-input\":{\"@type\":\"PropertyValueSpecification\",\"valueRequired\":true,\"valueName\":\"search_term_string\"}}],\"inLanguage\":\"hu\"},{\"@type\":\"Person\",\"@id\":\"https:\\\/\\\/stuttgarti-katolikusok.de\\\/#\\\/schema\\\/person\\\/75908d6f8fdc03a57889d27209df7795\",\"name\":\"Tibor atya\",\"image\":{\"@type\":\"ImageObject\",\"inLanguage\":\"hu\",\"@id\":\"https:\\\/\\\/secure.gravatar.com\\\/avatar\\\/61d268e57d1f4525b111222e29d2d5a7f8c420fdbf231ba5566a8ceac74fa960?s=96&d=mm&r=g\",\"url\":\"https:\\\/\\\/secure.gravatar.com\\\/avatar\\\/61d268e57d1f4525b111222e29d2d5a7f8c420fdbf231ba5566a8ceac74fa960?s=96&d=mm&r=g\",\"contentUrl\":\"https:\\\/\\\/secure.gravatar.com\\\/avatar\\\/61d268e57d1f4525b111222e29d2d5a7f8c420fdbf231ba5566a8ceac74fa960?s=96&d=mm&r=g\",\"caption\":\"Tibor atya\"},\"url\":\"https:\\\/\\\/stuttgarti-katolikusok.de\\\/index.php\\\/author\\\/tibor-atya\\\/\"}]}<\/script>\n<!-- \/ Yoast SEO plugin. -->","yoast_head_json":{"title":"Okt\u00f3ber 4 \u00e9s 10 k\u00f6z\u00f6tt - Stuttgarti Katolikusok","robots":{"index":"index","follow":"follow","max-snippet":"max-snippet:-1","max-image-preview":"max-image-preview:large","max-video-preview":"max-video-preview:-1"},"canonical":"https:\/\/stuttgarti-katolikusok.de\/index.php\/oktober-4-es-10-kozott\/","og_locale":"hu_HU","og_type":"article","og_title":"Okt\u00f3ber 4 \u00e9s 10 k\u00f6z\u00f6tt - Stuttgarti Katolikusok","og_description":"Programel\u0151zetes A jelenlegi egyh\u00e1zi rendelkez\u00e9sek \u00e9rtelm\u00e9ben nem csak a szentmise tarthat\u00f3 meg. K\u00f6z\u00f6ss\u00e9gi termeinket imm\u00e1r haszn\u00e1lhatjuk, a helyi szab\u00e1lyok k\u00edn\u00e1lta lehet\u0151s\u00e9gek f\u00fcggv\u00e9ny\u00e9ben! Szentmis\u00e9n k\u00f6telez\u0151 a maszk haszn\u00e1lata, jelenl\u00e9ti lista n\u00e9vvel \u00e9s el\u00e9rhet\u0151s\u00e9ggel, kezek fert\u0151tlen\u00edt\u00e9se! \u00a0\u00a0* Okt\u00f3ber 6-\u00e1n, szerd\u00e1n, Weingarteni d\u00e9lut\u00e1n, 17.30 \u00f3rakor okt\u00f3beri \u00e1jtatoss\u00e1g, majd szentmise \u00a0a 14 Nothelfer Kapelle-ben. \u00a0* Okt\u00f3ber 7-\u00e9n, cs\u00fct\u00f6rt\u00f6k\u00f6n, Ulmi d\u00e9lut\u00e1n, 17.30 \u00f3rakor okt\u00f3beri \u00e1jtatoss\u00e1g, majd szentmise. * Okt\u00f3ber 8-\u00e1n,\u00a0p\u00e9nteken, Stuttgarti d\u00e9lut\u00e1n,\u00a0 16.30 \u00f3rakor Bar\u00e1ts\u00e1gklub, 18.00 \u00f3rakor okt\u00f3beri \u00e1jtatoss\u00e1g,\u00a0majd szentmise. * Okt\u00f3ber 9-\u00e9n, szombaton, Biberachban 16.30 \u00f3rakor szentmise. \u00a0* \u00a0Okt\u00f3ber 10-\u00e9n, \u00e9vk\u00f6zi 28. vas\u00e1rnap, Weingartenben 10.30 \u00f3rakor szentmise a Heilig Geist Kirche&#8211;ben, Ulmban 15.00 \u00f3rakor egyh\u00e1zk\u00f6zs\u00e9gi b\u00facs\u00fas szentmise, melyben Magyarok Nagyasszony\u00e1t k\u00f6sz\u00f6ntj\u00fck. \u00a0\u00a0 \u00a0* Minden helyen mindenkit szeretettel v\u00e1r a k\u00f6z\u00f6ss\u00e9g \u00e9s Tibor atya! * \u201eAz ember f\u00f6ldi \u00e9let\u00e9t szabadon rendezheti be, de boldogul\u00e1sa teremtm\u00e9ny mivolt\u00e1b\u00f3l k\u00f6vetkez\u0151leg a Teremt\u0151 akarat\u00e1nak teljes\u00edt\u00e9s\u00e9hez van k\u00f6tve.\u201d\u00a0(M\u00e1rton \u00c1ron p\u00fcsp\u00f6k \u2013 1896 \u2013 1980)","og_url":"https:\/\/stuttgarti-katolikusok.de\/index.php\/oktober-4-es-10-kozott\/","og_site_name":"Stuttgarti Katolikusok","article_published_time":"2021-10-04T11:00:35+00:00","article_modified_time":"2021-11-04T08:19:29+00:00","og_image":[{"width":640,"height":426,"url":"https:\/\/stuttgarti-katolikusok.de\/wp-content\/uploads\/2020\/10\/szoloskert.jpg","type":"image\/jpeg"}],"author":"Tibor atya","twitter_card":"summary_large_image","twitter_misc":{"Szerz\u0151:":"Tibor atya","Becs\u00fclt olvas\u00e1si id\u0151":"1 perc"},"schema":{"@context":"https:\/\/schema.org","@graph":[{"@type":"Article","@id":"https:\/\/stuttgarti-katolikusok.de\/index.php\/oktober-4-es-10-kozott\/#article","isPartOf":{"@id":"https:\/\/stuttgarti-katolikusok.de\/index.php\/oktober-4-es-10-kozott\/"},"author":{"name":"Tibor atya","@id":"https:\/\/stuttgarti-katolikusok.de\/#\/schema\/person\/75908d6f8fdc03a57889d27209df7795"},"headline":"Okt\u00f3ber 4 \u00e9s 10 k\u00f6z\u00f6tt","datePublished":"2021-10-04T11:00:35+00:00","dateModified":"2021-11-04T08:19:29+00:00","mainEntityOfPage":{"@id":"https:\/\/stuttgarti-katolikusok.de\/index.php\/oktober-4-es-10-kozott\/"},"wordCount":223,"image":{"@id":"https:\/\/stuttgarti-katolikusok.de\/index.php\/oktober-4-es-10-kozott\/#primaryimage"},"thumbnailUrl":"https:\/\/stuttgarti-katolikusok.de\/wp-content\/uploads\/2020\/10\/szoloskert.jpg","articleSection":["Progamel\u0151zetes"],"inLanguage":"hu"},{"@type":"WebPage","@id":"https:\/\/stuttgarti-katolikusok.de\/index.php\/oktober-4-es-10-kozott\/","url":"https:\/\/stuttgarti-katolikusok.de\/index.php\/oktober-4-es-10-kozott\/","name":"Okt\u00f3ber 4 \u00e9s 10 k\u00f6z\u00f6tt - Stuttgarti Katolikusok","isPartOf":{"@id":"https:\/\/stuttgarti-katolikusok.de\/#website"},"primaryImageOfPage":{"@id":"https:\/\/stuttgarti-katolikusok.de\/index.php\/oktober-4-es-10-kozott\/#primaryimage"},"image":{"@id":"https:\/\/stuttgarti-katolikusok.de\/index.php\/oktober-4-es-10-kozott\/#primaryimage"},"thumbnailUrl":"https:\/\/stuttgarti-katolikusok.de\/wp-content\/uploads\/2020\/10\/szoloskert.jpg","datePublished":"2021-10-04T11:00:35+00:00","dateModified":"2021-11-04T08:19:29+00:00","author":{"@id":"https:\/\/stuttgarti-katolikusok.de\/#\/schema\/person\/75908d6f8fdc03a57889d27209df7795"},"breadcrumb":{"@id":"https:\/\/stuttgarti-katolikusok.de\/index.php\/oktober-4-es-10-kozott\/#breadcrumb"},"inLanguage":"hu","potentialAction":[{"@type":"ReadAction","target":["https:\/\/stuttgarti-katolikusok.de\/index.php\/oktober-4-es-10-kozott\/"]}]},{"@type":"ImageObject","inLanguage":"hu","@id":"https:\/\/stuttgarti-katolikusok.de\/index.php\/oktober-4-es-10-kozott\/#primaryimage","url":"https:\/\/stuttgarti-katolikusok.de\/wp-content\/uploads\/2020\/10\/szoloskert.jpg","contentUrl":"https:\/\/stuttgarti-katolikusok.de\/wp-content\/uploads\/2020\/10\/szoloskert.jpg","width":640,"height":426},{"@type":"BreadcrumbList","@id":"https:\/\/stuttgarti-katolikusok.de\/index.php\/oktober-4-es-10-kozott\/#breadcrumb","itemListElement":[{"@type":"ListItem","position":1,"name":"Kezd\u0151lap","item":"https:\/\/stuttgarti-katolikusok.de\/"},{"@type":"ListItem","position":2,"name":"Okt\u00f3ber 4 \u00e9s 10 k\u00f6z\u00f6tt"}]},{"@type":"WebSite","@id":"https:\/\/stuttgarti-katolikusok.de\/#website","url":"https:\/\/stuttgarti-katolikusok.de\/","name":"Stuttgarti Katolikusok","description":"","potentialAction":[{"@type":"SearchAction","target":{"@type":"EntryPoint","urlTemplate":"https:\/\/stuttgarti-katolikusok.de\/?s={search_term_string}"},"query-input":{"@type":"PropertyValueSpecification","valueRequired":true,"valueName":"search_term_string"}}],"inLanguage":"hu"},{"@type":"Person","@id":"https:\/\/stuttgarti-katolikusok.de\/#\/schema\/person\/75908d6f8fdc03a57889d27209df7795","name":"Tibor atya","image":{"@type":"ImageObject","inLanguage":"hu","@id":"https:\/\/secure.gravatar.com\/avatar\/61d268e57d1f4525b111222e29d2d5a7f8c420fdbf231ba5566a8ceac74fa960?s=96&d=mm&r=g","url":"https:\/\/secure.gravatar.com\/avatar\/61d268e57d1f4525b111222e29d2d5a7f8c420fdbf231ba5566a8ceac74fa960?s=96&d=mm&r=g","contentUrl":"https:\/\/secure.gravatar.com\/avatar\/61d268e57d1f4525b111222e29d2d5a7f8c420fdbf231ba5566a8ceac74fa960?s=96&d=mm&r=g","caption":"Tibor atya"},"url":"https:\/\/stuttgarti-katolikusok.de\/index.php\/author\/tibor-atya\/"}]}},"_links":{"self":[{"href":"https:\/\/stuttgarti-katolikusok.de\/index.php\/wp-json\/wp\/v2\/posts\/22297","targetHints":{"allow":["GET"]}}],"collection":[{"href":"https:\/\/stuttgarti-katolikusok.de\/index.php\/wp-json\/wp\/v2\/posts"}],"about":[{"href":"https:\/\/stuttgarti-katolikusok.de\/index.php\/wp-json\/wp\/v2\/types\/post"}],"author":[{"embeddable":true,"href":"https:\/\/stuttgarti-katolikusok.de\/index.php\/wp-json\/wp\/v2\/users\/3"}],"replies":[{"embeddable":true,"href":"https:\/\/stuttgarti-katolikusok.de\/index.php\/wp-json\/wp\/v2\/comments?post=22297"}],"version-history":[{"count":5,"href":"https:\/\/stuttgarti-katolikusok.de\/index.php\/wp-json\/wp\/v2\/posts\/22297\/revisions"}],"predecessor-version":[{"id":22318,"href":"https:\/\/stuttgarti-katolikusok.de\/index.php\/wp-json\/wp\/v2\/posts\/22297\/revisions\/22318"}],"wp:featuredmedia":[{"embeddable":true,"href":"https:\/\/stuttgarti-katolikusok.de\/index.php\/wp-json\/wp\/v2\/media\/20221"}],"wp:attachment":[{"href":"https:\/\/stuttgarti-katolikusok.de\/index.php\/wp-json\/wp\/v2\/media?parent=22297"}],"wp:term":[{"taxonomy":"category","embeddable":true,"href":"https:\/\/stuttgarti-katolikusok.de\/index.php\/wp-json\/wp\/v2\/categories?post=22297"},{"taxonomy":"post_tag","embeddable":true,"href":"https:\/\/stuttgarti-katolikusok.de\/index.php\/wp-json\/wp\/v2\/tags?post=22297"}],"curies":[{"name":"wp","href":"https:\/\/api.w.org\/{rel}","templated":true}]}}