{"id":22290,"date":"2021-10-01T09:14:04","date_gmt":"2021-10-01T09:14:04","guid":{"rendered":"https:\/\/stuttgarti-katolikusok.de\/?p=22290"},"modified":"2021-10-05T15:39:34","modified_gmt":"2021-10-05T15:39:34","slug":"szent-gellert-bucsu-stuttgartban-3","status":"publish","type":"post","link":"https:\/\/stuttgarti-katolikusok.de\/index.php\/szent-gellert-bucsu-stuttgartban-3\/","title":{"rendered":"Szent Gell\u00e9rt b\u00facs\u00fa Stuttgartban"},"content":{"rendered":"<p>A Nemzetk\u00f6zi Eucharisztikus Kongresszusr\u00f3l elf\u00e1radva, de l\u00e9lekben felt\u00f6lt\u0151dve t\u00e9rt\u00fcnk vissza. Szeptember 19 &#8211; \u00e9n \u00fajabb fontos esem\u00e9ny v\u00e1rt r\u00e1k.\u00a0 Szent Gell\u00e9rt b\u00facs\u00fa napj\u00e1t a hagyom\u00e1ny szerint a m\u00e1sodik vas\u00e1rnapon tartjuk. Ez alkalommal szentmis\u00e9nknek k\u00fcl\u00f6n \u00fcnnep\u00e9lyess\u00e9get adott kedves vend\u00e9geink r\u00e9szv\u00e9tele.<\/p>\n<p>F\u0151celebr\u00e1ns \u00e9s \u00fcnnepi sz\u00f3nok Ft. Illy\u00e9s Csaba nagyk\u00e1rolyi esperes atya volt. M\u00e9g a szentmise kezdete el\u0151tt megtekinthett\u00fcnk Szent Istv\u00e1n \u00e9s Szent Gell\u00e9rt erekly\u00e9ket, amelyeket a Szent Gy\u00f6rgy Lovagrend Budav\u00e1ri prior\u00e1tus k\u00e9pviselet\u00e9ben Kaiser Ern\u0151, Kov\u00e1cs G\u00e1bor \u00e9s Dr. T\u00f3thp\u00e1l Tam\u00e1s adtak \u00e1t stuttgarti k\u00f6z\u00f6ss\u00e9g\u00fcnknek.<\/p>\n<p>Egy gy\u00f6ny\u00f6r\u0171\u00a0 &#8211; bord\u00f3 alapon Szent Gell\u00e9rt k\u00e9p\u00e9vel d\u00edsz\u00edtett &#8211; miseruh\u00e1t, egy szatm\u00e1ri m\u0171v\u00e9szn\u0151, Sab\u0103u-Trifu Cristina, munk\u00e1j\u00e1t \u00e1ldotta meg az atya a szentmise keret\u00e9ben.<\/p>\n<p><a href=\"https:\/\/stuttgarti-katolikusok.de\/wp-content\/uploads\/2021\/10\/sztgellert-e-scaled.jpg\"><img loading=\"lazy\" decoding=\"async\" class=\"alignnone size-full wp-image-22291\" src=\"https:\/\/stuttgarti-katolikusok.de\/wp-content\/uploads\/2021\/10\/sztgellert-e-scaled.jpg\" alt=\"\" width=\"1448\" height=\"2560\" srcset=\"https:\/\/stuttgarti-katolikusok.de\/wp-content\/uploads\/2021\/10\/sztgellert-e-scaled.jpg 1448w, https:\/\/stuttgarti-katolikusok.de\/wp-content\/uploads\/2021\/10\/sztgellert-e-170x300.jpg 170w, https:\/\/stuttgarti-katolikusok.de\/wp-content\/uploads\/2021\/10\/sztgellert-e-579x1024.jpg 579w, https:\/\/stuttgarti-katolikusok.de\/wp-content\/uploads\/2021\/10\/sztgellert-e-869x1536.jpg 869w, https:\/\/stuttgarti-katolikusok.de\/wp-content\/uploads\/2021\/10\/sztgellert-e-1158x2048.jpg 1158w\" sizes=\"auto, (max-width: 1448px) 100vw, 1448px\" \/><\/a><\/p>\n<p>A k\u00f3rus szebbn\u00e9l szebb Szent Gell\u00e9rt \u00e9nekkel emelte a liturgia hangulat\u00e1t.\u00a0 K\u00e9t m\u0171v\u00e9szn\u0151, Plecsk\u00f3-Kozma Edina \u00e9s H\u00e4ffner Geiger Ildik\u00f3 a szentmis\u00e9n Brahms \u00e9s Mozart m\u0171veib\u0151l adott el\u0151 heged\u0171n \u00e9s zongor\u00e1n.\u00a0 A konzul\u00e1tus k\u00e9pviselet\u00e9ben Dr. Kov\u00e1cs Rita konzul asszony volt jelen.<\/p>\n<p><a href=\"https:\/\/stuttgarti-katolikusok.de\/wp-content\/uploads\/2021\/10\/sztgellert-h-scaled.jpg\"><img loading=\"lazy\" decoding=\"async\" class=\"alignnone size-full wp-image-22292\" src=\"https:\/\/stuttgarti-katolikusok.de\/wp-content\/uploads\/2021\/10\/sztgellert-h-scaled.jpg\" alt=\"\" width=\"1391\" height=\"2560\" srcset=\"https:\/\/stuttgarti-katolikusok.de\/wp-content\/uploads\/2021\/10\/sztgellert-h-scaled.jpg 1391w, https:\/\/stuttgarti-katolikusok.de\/wp-content\/uploads\/2021\/10\/sztgellert-h-163x300.jpg 163w, https:\/\/stuttgarti-katolikusok.de\/wp-content\/uploads\/2021\/10\/sztgellert-h-557x1024.jpg 557w, https:\/\/stuttgarti-katolikusok.de\/wp-content\/uploads\/2021\/10\/sztgellert-h-835x1536.jpg 835w, https:\/\/stuttgarti-katolikusok.de\/wp-content\/uploads\/2021\/10\/sztgellert-h-1113x2048.jpg 1113w\" sizes=\"auto, (max-width: 1391px) 100vw, 1391px\" \/><\/a><\/p>\n<p>A Bruder Klaus templom pl\u00e9b\u00e1nosa, Josef Laupheimer atya nagy lend\u00fclettel k\u00f6sz\u00f6nt\u00f6tte a jubil\u00e1l\u00f3 magyar k\u00f6z\u00f6ss\u00e9get. A szentmise v\u00e9g\u00e9n \u00e1ll\u00f3fogad\u00e1s keret\u00e9ben, finom falatok \u00e9s italok fogyaszt\u00e1s\u00e1val \u00f6r\u00fclt\u00fcnk a viszontl\u00e1t\u00e1snak.<\/p>\n<p><em>Mezei \u00c9va<\/em><\/p>\n","protected":false},"excerpt":{"rendered":"<p>A Nemzetk\u00f6zi Eucharisztikus Kongresszusr\u00f3l elf\u00e1radva, de l\u00e9lekben felt\u00f6lt\u0151dve t\u00e9rt\u00fcnk vissza. Szeptember 19 &#8211; \u00e9n \u00fajabb fontos esem\u00e9ny v\u00e1rt r\u00e1k.\u00a0 Szent Gell\u00e9rt b\u00facs\u00fa napj\u00e1t a hagyom\u00e1ny szerint a m\u00e1sodik vas\u00e1rnapon tartjuk. Ez alkalommal szentmis\u00e9nknek k\u00fcl\u00f6n \u00fcnnep\u00e9lyess\u00e9get adott kedves vend\u00e9geink r\u00e9szv\u00e9tele. F\u0151celebr\u00e1ns \u00e9s \u00fcnnepi sz\u00f3nok Ft. Illy\u00e9s Csaba nagyk\u00e1rolyi esperes atya volt. M\u00e9g a szentmise kezdete el\u0151tt megtekinthett\u00fcnk Szent Istv\u00e1n \u00e9s Szent Gell\u00e9rt erekly\u00e9ket, amelyeket a Szent Gy\u00f6rgy Lovagrend Budav\u00e1ri prior\u00e1tus k\u00e9pviselet\u00e9ben Kaiser Ern\u0151, Kov\u00e1cs G\u00e1bor \u00e9s Dr. T\u00f3thp\u00e1l Tam\u00e1s adtak \u00e1t stuttgarti k\u00f6z\u00f6ss\u00e9g\u00fcnknek. Egy gy\u00f6ny\u00f6r\u0171\u00a0 &#8211; bord\u00f3 alapon Szent Gell\u00e9rt k\u00e9p\u00e9vel d\u00edsz\u00edtett &#8211; miseruh\u00e1t, egy szatm\u00e1ri m\u0171v\u00e9szn\u0151, Sab\u0103u-Trifu Cristina, munk\u00e1j\u00e1t \u00e1ldotta meg az atya a szentmise keret\u00e9ben. A k\u00f3rus szebbn\u00e9l szebb Szent Gell\u00e9rt \u00e9nekkel emelte a liturgia hangulat\u00e1t.\u00a0 K\u00e9t m\u0171v\u00e9szn\u0151, Plecsk\u00f3-Kozma Edina \u00e9s H\u00e4ffner Geiger Ildik\u00f3 a szentmis\u00e9n Brahms \u00e9s Mozart m\u0171veib\u0151l adott el\u0151 heged\u0171n \u00e9s zongor\u00e1n.\u00a0 A konzul\u00e1tus k\u00e9pviselet\u00e9ben Dr. Kov\u00e1cs Rita konzul asszony volt jelen. A Bruder Klaus templom pl\u00e9b\u00e1nosa, Josef Laupheimer atya nagy lend\u00fclettel k\u00f6sz\u00f6nt\u00f6tte a jubil\u00e1l\u00f3 magyar k\u00f6z\u00f6ss\u00e9get. A szentmise v\u00e9g\u00e9n \u00e1ll\u00f3fogad\u00e1s keret\u00e9ben, finom falatok \u00e9s italok fogyaszt\u00e1s\u00e1val \u00f6r\u00fclt\u00fcnk a viszontl\u00e1t\u00e1snak. Mezei \u00c9va<\/p>\n","protected":false},"author":3,"featured_media":22244,"comment_status":"closed","ping_status":"closed","sticky":false,"template":"","format":"standard","meta":{"footnotes":""},"categories":[1],"tags":[],"class_list":["post-22290","post","type-post","status-publish","format-standard","has-post-thumbnail","hentry","category-valogatott"],"yoast_head":"<!-- This site is optimized with the Yoast SEO plugin v27.3 - https:\/\/yoast.com\/product\/yoast-seo-wordpress\/ -->\n<title>Szent Gell\u00e9rt b\u00facs\u00fa Stuttgartban - Stuttgarti Katolikusok<\/title>\n<meta name=\"robots\" content=\"index, follow, max-snippet:-1, max-image-preview:large, max-video-preview:-1\" \/>\n<link rel=\"canonical\" href=\"https:\/\/stuttgarti-katolikusok.de\/index.php\/szent-gellert-bucsu-stuttgartban-3\/\" \/>\n<meta property=\"og:locale\" content=\"hu_HU\" \/>\n<meta property=\"og:type\" content=\"article\" \/>\n<meta property=\"og:title\" content=\"Szent Gell\u00e9rt b\u00facs\u00fa Stuttgartban - Stuttgarti Katolikusok\" \/>\n<meta property=\"og:description\" content=\"A Nemzetk\u00f6zi Eucharisztikus Kongresszusr\u00f3l elf\u00e1radva, de l\u00e9lekben felt\u00f6lt\u0151dve t\u00e9rt\u00fcnk vissza. Szeptember 19 &#8211; \u00e9n \u00fajabb fontos esem\u00e9ny v\u00e1rt r\u00e1k.\u00a0 Szent Gell\u00e9rt b\u00facs\u00fa napj\u00e1t a hagyom\u00e1ny szerint a m\u00e1sodik vas\u00e1rnapon tartjuk. Ez alkalommal szentmis\u00e9nknek k\u00fcl\u00f6n \u00fcnnep\u00e9lyess\u00e9get adott kedves vend\u00e9geink r\u00e9szv\u00e9tele. F\u0151celebr\u00e1ns \u00e9s \u00fcnnepi sz\u00f3nok Ft. Illy\u00e9s Csaba nagyk\u00e1rolyi esperes atya volt. M\u00e9g a szentmise kezdete el\u0151tt megtekinthett\u00fcnk Szent Istv\u00e1n \u00e9s Szent Gell\u00e9rt erekly\u00e9ket, amelyeket a Szent Gy\u00f6rgy Lovagrend Budav\u00e1ri prior\u00e1tus k\u00e9pviselet\u00e9ben Kaiser Ern\u0151, Kov\u00e1cs G\u00e1bor \u00e9s Dr. T\u00f3thp\u00e1l Tam\u00e1s adtak \u00e1t stuttgarti k\u00f6z\u00f6ss\u00e9g\u00fcnknek. Egy gy\u00f6ny\u00f6r\u0171\u00a0 &#8211; bord\u00f3 alapon Szent Gell\u00e9rt k\u00e9p\u00e9vel d\u00edsz\u00edtett &#8211; miseruh\u00e1t, egy szatm\u00e1ri m\u0171v\u00e9szn\u0151, Sab\u0103u-Trifu Cristina, munk\u00e1j\u00e1t \u00e1ldotta meg az atya a szentmise keret\u00e9ben. A k\u00f3rus szebbn\u00e9l szebb Szent Gell\u00e9rt \u00e9nekkel emelte a liturgia hangulat\u00e1t.\u00a0 K\u00e9t m\u0171v\u00e9szn\u0151, Plecsk\u00f3-Kozma Edina \u00e9s H\u00e4ffner Geiger Ildik\u00f3 a szentmis\u00e9n Brahms \u00e9s Mozart m\u0171veib\u0151l adott el\u0151 heged\u0171n \u00e9s zongor\u00e1n.\u00a0 A konzul\u00e1tus k\u00e9pviselet\u00e9ben Dr. Kov\u00e1cs Rita konzul asszony volt jelen. A Bruder Klaus templom pl\u00e9b\u00e1nosa, Josef Laupheimer atya nagy lend\u00fclettel k\u00f6sz\u00f6nt\u00f6tte a jubil\u00e1l\u00f3 magyar k\u00f6z\u00f6ss\u00e9get. A szentmise v\u00e9g\u00e9n \u00e1ll\u00f3fogad\u00e1s keret\u00e9ben, finom falatok \u00e9s italok fogyaszt\u00e1s\u00e1val \u00f6r\u00fclt\u00fcnk a viszontl\u00e1t\u00e1snak. Mezei \u00c9va\" \/>\n<meta property=\"og:url\" content=\"https:\/\/stuttgarti-katolikusok.de\/index.php\/szent-gellert-bucsu-stuttgartban-3\/\" \/>\n<meta property=\"og:site_name\" content=\"Stuttgarti Katolikusok\" \/>\n<meta property=\"article:published_time\" content=\"2021-10-01T09:14:04+00:00\" \/>\n<meta property=\"article:modified_time\" content=\"2021-10-05T15:39:34+00:00\" \/>\n<meta property=\"og:image\" content=\"https:\/\/stuttgarti-katolikusok.de\/wp-content\/uploads\/2021\/09\/szent-gellert.jpg\" \/>\n\t<meta property=\"og:image:width\" content=\"799\" \/>\n\t<meta property=\"og:image:height\" content=\"533\" \/>\n\t<meta property=\"og:image:type\" content=\"image\/jpeg\" \/>\n<meta name=\"author\" content=\"Tibor atya\" \/>\n<meta name=\"twitter:card\" content=\"summary_large_image\" \/>\n<meta name=\"twitter:label1\" content=\"Szerz\u0151:\" \/>\n\t<meta name=\"twitter:data1\" content=\"Tibor atya\" \/>\n\t<meta name=\"twitter:label2\" content=\"Becs\u00fclt olvas\u00e1si id\u0151\" \/>\n\t<meta name=\"twitter:data2\" content=\"2 perc\" \/>\n<script type=\"application\/ld+json\" class=\"yoast-schema-graph\">{\"@context\":\"https:\\\/\\\/schema.org\",\"@graph\":[{\"@type\":\"Article\",\"@id\":\"https:\\\/\\\/stuttgarti-katolikusok.de\\\/index.php\\\/szent-gellert-bucsu-stuttgartban-3\\\/#article\",\"isPartOf\":{\"@id\":\"https:\\\/\\\/stuttgarti-katolikusok.de\\\/index.php\\\/szent-gellert-bucsu-stuttgartban-3\\\/\"},\"author\":{\"name\":\"Tibor atya\",\"@id\":\"https:\\\/\\\/stuttgarti-katolikusok.de\\\/#\\\/schema\\\/person\\\/75908d6f8fdc03a57889d27209df7795\"},\"headline\":\"Szent Gell\u00e9rt b\u00facs\u00fa Stuttgartban\",\"datePublished\":\"2021-10-01T09:14:04+00:00\",\"dateModified\":\"2021-10-05T15:39:34+00:00\",\"mainEntityOfPage\":{\"@id\":\"https:\\\/\\\/stuttgarti-katolikusok.de\\\/index.php\\\/szent-gellert-bucsu-stuttgartban-3\\\/\"},\"wordCount\":285,\"image\":{\"@id\":\"https:\\\/\\\/stuttgarti-katolikusok.de\\\/index.php\\\/szent-gellert-bucsu-stuttgartban-3\\\/#primaryimage\"},\"thumbnailUrl\":\"https:\\\/\\\/stuttgarti-katolikusok.de\\\/wp-content\\\/uploads\\\/2021\\\/09\\\/szent-gellert.jpg\",\"articleSection\":[\"V\u00e1logatott \u00edr\u00e1sok\"],\"inLanguage\":\"hu\"},{\"@type\":\"WebPage\",\"@id\":\"https:\\\/\\\/stuttgarti-katolikusok.de\\\/index.php\\\/szent-gellert-bucsu-stuttgartban-3\\\/\",\"url\":\"https:\\\/\\\/stuttgarti-katolikusok.de\\\/index.php\\\/szent-gellert-bucsu-stuttgartban-3\\\/\",\"name\":\"Szent Gell\u00e9rt b\u00facs\u00fa Stuttgartban - Stuttgarti Katolikusok\",\"isPartOf\":{\"@id\":\"https:\\\/\\\/stuttgarti-katolikusok.de\\\/#website\"},\"primaryImageOfPage\":{\"@id\":\"https:\\\/\\\/stuttgarti-katolikusok.de\\\/index.php\\\/szent-gellert-bucsu-stuttgartban-3\\\/#primaryimage\"},\"image\":{\"@id\":\"https:\\\/\\\/stuttgarti-katolikusok.de\\\/index.php\\\/szent-gellert-bucsu-stuttgartban-3\\\/#primaryimage\"},\"thumbnailUrl\":\"https:\\\/\\\/stuttgarti-katolikusok.de\\\/wp-content\\\/uploads\\\/2021\\\/09\\\/szent-gellert.jpg\",\"datePublished\":\"2021-10-01T09:14:04+00:00\",\"dateModified\":\"2021-10-05T15:39:34+00:00\",\"author\":{\"@id\":\"https:\\\/\\\/stuttgarti-katolikusok.de\\\/#\\\/schema\\\/person\\\/75908d6f8fdc03a57889d27209df7795\"},\"breadcrumb\":{\"@id\":\"https:\\\/\\\/stuttgarti-katolikusok.de\\\/index.php\\\/szent-gellert-bucsu-stuttgartban-3\\\/#breadcrumb\"},\"inLanguage\":\"hu\",\"potentialAction\":[{\"@type\":\"ReadAction\",\"target\":[\"https:\\\/\\\/stuttgarti-katolikusok.de\\\/index.php\\\/szent-gellert-bucsu-stuttgartban-3\\\/\"]}]},{\"@type\":\"ImageObject\",\"inLanguage\":\"hu\",\"@id\":\"https:\\\/\\\/stuttgarti-katolikusok.de\\\/index.php\\\/szent-gellert-bucsu-stuttgartban-3\\\/#primaryimage\",\"url\":\"https:\\\/\\\/stuttgarti-katolikusok.de\\\/wp-content\\\/uploads\\\/2021\\\/09\\\/szent-gellert.jpg\",\"contentUrl\":\"https:\\\/\\\/stuttgarti-katolikusok.de\\\/wp-content\\\/uploads\\\/2021\\\/09\\\/szent-gellert.jpg\",\"width\":799,\"height\":533},{\"@type\":\"BreadcrumbList\",\"@id\":\"https:\\\/\\\/stuttgarti-katolikusok.de\\\/index.php\\\/szent-gellert-bucsu-stuttgartban-3\\\/#breadcrumb\",\"itemListElement\":[{\"@type\":\"ListItem\",\"position\":1,\"name\":\"Kezd\u0151lap\",\"item\":\"https:\\\/\\\/stuttgarti-katolikusok.de\\\/\"},{\"@type\":\"ListItem\",\"position\":2,\"name\":\"Szent Gell\u00e9rt b\u00facs\u00fa Stuttgartban\"}]},{\"@type\":\"WebSite\",\"@id\":\"https:\\\/\\\/stuttgarti-katolikusok.de\\\/#website\",\"url\":\"https:\\\/\\\/stuttgarti-katolikusok.de\\\/\",\"name\":\"Stuttgarti Katolikusok\",\"description\":\"\",\"potentialAction\":[{\"@type\":\"SearchAction\",\"target\":{\"@type\":\"EntryPoint\",\"urlTemplate\":\"https:\\\/\\\/stuttgarti-katolikusok.de\\\/?s={search_term_string}\"},\"query-input\":{\"@type\":\"PropertyValueSpecification\",\"valueRequired\":true,\"valueName\":\"search_term_string\"}}],\"inLanguage\":\"hu\"},{\"@type\":\"Person\",\"@id\":\"https:\\\/\\\/stuttgarti-katolikusok.de\\\/#\\\/schema\\\/person\\\/75908d6f8fdc03a57889d27209df7795\",\"name\":\"Tibor atya\",\"image\":{\"@type\":\"ImageObject\",\"inLanguage\":\"hu\",\"@id\":\"https:\\\/\\\/secure.gravatar.com\\\/avatar\\\/61d268e57d1f4525b111222e29d2d5a7f8c420fdbf231ba5566a8ceac74fa960?s=96&d=mm&r=g\",\"url\":\"https:\\\/\\\/secure.gravatar.com\\\/avatar\\\/61d268e57d1f4525b111222e29d2d5a7f8c420fdbf231ba5566a8ceac74fa960?s=96&d=mm&r=g\",\"contentUrl\":\"https:\\\/\\\/secure.gravatar.com\\\/avatar\\\/61d268e57d1f4525b111222e29d2d5a7f8c420fdbf231ba5566a8ceac74fa960?s=96&d=mm&r=g\",\"caption\":\"Tibor atya\"},\"url\":\"https:\\\/\\\/stuttgarti-katolikusok.de\\\/index.php\\\/author\\\/tibor-atya\\\/\"}]}<\/script>\n<!-- \/ Yoast SEO plugin. -->","yoast_head_json":{"title":"Szent Gell\u00e9rt b\u00facs\u00fa Stuttgartban - Stuttgarti Katolikusok","robots":{"index":"index","follow":"follow","max-snippet":"max-snippet:-1","max-image-preview":"max-image-preview:large","max-video-preview":"max-video-preview:-1"},"canonical":"https:\/\/stuttgarti-katolikusok.de\/index.php\/szent-gellert-bucsu-stuttgartban-3\/","og_locale":"hu_HU","og_type":"article","og_title":"Szent Gell\u00e9rt b\u00facs\u00fa Stuttgartban - Stuttgarti Katolikusok","og_description":"A Nemzetk\u00f6zi Eucharisztikus Kongresszusr\u00f3l elf\u00e1radva, de l\u00e9lekben felt\u00f6lt\u0151dve t\u00e9rt\u00fcnk vissza. Szeptember 19 &#8211; \u00e9n \u00fajabb fontos esem\u00e9ny v\u00e1rt r\u00e1k.\u00a0 Szent Gell\u00e9rt b\u00facs\u00fa napj\u00e1t a hagyom\u00e1ny szerint a m\u00e1sodik vas\u00e1rnapon tartjuk. Ez alkalommal szentmis\u00e9nknek k\u00fcl\u00f6n \u00fcnnep\u00e9lyess\u00e9get adott kedves vend\u00e9geink r\u00e9szv\u00e9tele. F\u0151celebr\u00e1ns \u00e9s \u00fcnnepi sz\u00f3nok Ft. Illy\u00e9s Csaba nagyk\u00e1rolyi esperes atya volt. M\u00e9g a szentmise kezdete el\u0151tt megtekinthett\u00fcnk Szent Istv\u00e1n \u00e9s Szent Gell\u00e9rt erekly\u00e9ket, amelyeket a Szent Gy\u00f6rgy Lovagrend Budav\u00e1ri prior\u00e1tus k\u00e9pviselet\u00e9ben Kaiser Ern\u0151, Kov\u00e1cs G\u00e1bor \u00e9s Dr. T\u00f3thp\u00e1l Tam\u00e1s adtak \u00e1t stuttgarti k\u00f6z\u00f6ss\u00e9g\u00fcnknek. Egy gy\u00f6ny\u00f6r\u0171\u00a0 &#8211; bord\u00f3 alapon Szent Gell\u00e9rt k\u00e9p\u00e9vel d\u00edsz\u00edtett &#8211; miseruh\u00e1t, egy szatm\u00e1ri m\u0171v\u00e9szn\u0151, Sab\u0103u-Trifu Cristina, munk\u00e1j\u00e1t \u00e1ldotta meg az atya a szentmise keret\u00e9ben. A k\u00f3rus szebbn\u00e9l szebb Szent Gell\u00e9rt \u00e9nekkel emelte a liturgia hangulat\u00e1t.\u00a0 K\u00e9t m\u0171v\u00e9szn\u0151, Plecsk\u00f3-Kozma Edina \u00e9s H\u00e4ffner Geiger Ildik\u00f3 a szentmis\u00e9n Brahms \u00e9s Mozart m\u0171veib\u0151l adott el\u0151 heged\u0171n \u00e9s zongor\u00e1n.\u00a0 A konzul\u00e1tus k\u00e9pviselet\u00e9ben Dr. Kov\u00e1cs Rita konzul asszony volt jelen. A Bruder Klaus templom pl\u00e9b\u00e1nosa, Josef Laupheimer atya nagy lend\u00fclettel k\u00f6sz\u00f6nt\u00f6tte a jubil\u00e1l\u00f3 magyar k\u00f6z\u00f6ss\u00e9get. A szentmise v\u00e9g\u00e9n \u00e1ll\u00f3fogad\u00e1s keret\u00e9ben, finom falatok \u00e9s italok fogyaszt\u00e1s\u00e1val \u00f6r\u00fclt\u00fcnk a viszontl\u00e1t\u00e1snak. Mezei \u00c9va","og_url":"https:\/\/stuttgarti-katolikusok.de\/index.php\/szent-gellert-bucsu-stuttgartban-3\/","og_site_name":"Stuttgarti Katolikusok","article_published_time":"2021-10-01T09:14:04+00:00","article_modified_time":"2021-10-05T15:39:34+00:00","og_image":[{"width":799,"height":533,"url":"https:\/\/stuttgarti-katolikusok.de\/wp-content\/uploads\/2021\/09\/szent-gellert.jpg","type":"image\/jpeg"}],"author":"Tibor atya","twitter_card":"summary_large_image","twitter_misc":{"Szerz\u0151:":"Tibor atya","Becs\u00fclt olvas\u00e1si id\u0151":"2 perc"},"schema":{"@context":"https:\/\/schema.org","@graph":[{"@type":"Article","@id":"https:\/\/stuttgarti-katolikusok.de\/index.php\/szent-gellert-bucsu-stuttgartban-3\/#article","isPartOf":{"@id":"https:\/\/stuttgarti-katolikusok.de\/index.php\/szent-gellert-bucsu-stuttgartban-3\/"},"author":{"name":"Tibor atya","@id":"https:\/\/stuttgarti-katolikusok.de\/#\/schema\/person\/75908d6f8fdc03a57889d27209df7795"},"headline":"Szent Gell\u00e9rt b\u00facs\u00fa Stuttgartban","datePublished":"2021-10-01T09:14:04+00:00","dateModified":"2021-10-05T15:39:34+00:00","mainEntityOfPage":{"@id":"https:\/\/stuttgarti-katolikusok.de\/index.php\/szent-gellert-bucsu-stuttgartban-3\/"},"wordCount":285,"image":{"@id":"https:\/\/stuttgarti-katolikusok.de\/index.php\/szent-gellert-bucsu-stuttgartban-3\/#primaryimage"},"thumbnailUrl":"https:\/\/stuttgarti-katolikusok.de\/wp-content\/uploads\/2021\/09\/szent-gellert.jpg","articleSection":["V\u00e1logatott \u00edr\u00e1sok"],"inLanguage":"hu"},{"@type":"WebPage","@id":"https:\/\/stuttgarti-katolikusok.de\/index.php\/szent-gellert-bucsu-stuttgartban-3\/","url":"https:\/\/stuttgarti-katolikusok.de\/index.php\/szent-gellert-bucsu-stuttgartban-3\/","name":"Szent Gell\u00e9rt b\u00facs\u00fa Stuttgartban - Stuttgarti Katolikusok","isPartOf":{"@id":"https:\/\/stuttgarti-katolikusok.de\/#website"},"primaryImageOfPage":{"@id":"https:\/\/stuttgarti-katolikusok.de\/index.php\/szent-gellert-bucsu-stuttgartban-3\/#primaryimage"},"image":{"@id":"https:\/\/stuttgarti-katolikusok.de\/index.php\/szent-gellert-bucsu-stuttgartban-3\/#primaryimage"},"thumbnailUrl":"https:\/\/stuttgarti-katolikusok.de\/wp-content\/uploads\/2021\/09\/szent-gellert.jpg","datePublished":"2021-10-01T09:14:04+00:00","dateModified":"2021-10-05T15:39:34+00:00","author":{"@id":"https:\/\/stuttgarti-katolikusok.de\/#\/schema\/person\/75908d6f8fdc03a57889d27209df7795"},"breadcrumb":{"@id":"https:\/\/stuttgarti-katolikusok.de\/index.php\/szent-gellert-bucsu-stuttgartban-3\/#breadcrumb"},"inLanguage":"hu","potentialAction":[{"@type":"ReadAction","target":["https:\/\/stuttgarti-katolikusok.de\/index.php\/szent-gellert-bucsu-stuttgartban-3\/"]}]},{"@type":"ImageObject","inLanguage":"hu","@id":"https:\/\/stuttgarti-katolikusok.de\/index.php\/szent-gellert-bucsu-stuttgartban-3\/#primaryimage","url":"https:\/\/stuttgarti-katolikusok.de\/wp-content\/uploads\/2021\/09\/szent-gellert.jpg","contentUrl":"https:\/\/stuttgarti-katolikusok.de\/wp-content\/uploads\/2021\/09\/szent-gellert.jpg","width":799,"height":533},{"@type":"BreadcrumbList","@id":"https:\/\/stuttgarti-katolikusok.de\/index.php\/szent-gellert-bucsu-stuttgartban-3\/#breadcrumb","itemListElement":[{"@type":"ListItem","position":1,"name":"Kezd\u0151lap","item":"https:\/\/stuttgarti-katolikusok.de\/"},{"@type":"ListItem","position":2,"name":"Szent Gell\u00e9rt b\u00facs\u00fa Stuttgartban"}]},{"@type":"WebSite","@id":"https:\/\/stuttgarti-katolikusok.de\/#website","url":"https:\/\/stuttgarti-katolikusok.de\/","name":"Stuttgarti Katolikusok","description":"","potentialAction":[{"@type":"SearchAction","target":{"@type":"EntryPoint","urlTemplate":"https:\/\/stuttgarti-katolikusok.de\/?s={search_term_string}"},"query-input":{"@type":"PropertyValueSpecification","valueRequired":true,"valueName":"search_term_string"}}],"inLanguage":"hu"},{"@type":"Person","@id":"https:\/\/stuttgarti-katolikusok.de\/#\/schema\/person\/75908d6f8fdc03a57889d27209df7795","name":"Tibor atya","image":{"@type":"ImageObject","inLanguage":"hu","@id":"https:\/\/secure.gravatar.com\/avatar\/61d268e57d1f4525b111222e29d2d5a7f8c420fdbf231ba5566a8ceac74fa960?s=96&d=mm&r=g","url":"https:\/\/secure.gravatar.com\/avatar\/61d268e57d1f4525b111222e29d2d5a7f8c420fdbf231ba5566a8ceac74fa960?s=96&d=mm&r=g","contentUrl":"https:\/\/secure.gravatar.com\/avatar\/61d268e57d1f4525b111222e29d2d5a7f8c420fdbf231ba5566a8ceac74fa960?s=96&d=mm&r=g","caption":"Tibor atya"},"url":"https:\/\/stuttgarti-katolikusok.de\/index.php\/author\/tibor-atya\/"}]}},"_links":{"self":[{"href":"https:\/\/stuttgarti-katolikusok.de\/index.php\/wp-json\/wp\/v2\/posts\/22290","targetHints":{"allow":["GET"]}}],"collection":[{"href":"https:\/\/stuttgarti-katolikusok.de\/index.php\/wp-json\/wp\/v2\/posts"}],"about":[{"href":"https:\/\/stuttgarti-katolikusok.de\/index.php\/wp-json\/wp\/v2\/types\/post"}],"author":[{"embeddable":true,"href":"https:\/\/stuttgarti-katolikusok.de\/index.php\/wp-json\/wp\/v2\/users\/3"}],"replies":[{"embeddable":true,"href":"https:\/\/stuttgarti-katolikusok.de\/index.php\/wp-json\/wp\/v2\/comments?post=22290"}],"version-history":[{"count":3,"href":"https:\/\/stuttgarti-katolikusok.de\/index.php\/wp-json\/wp\/v2\/posts\/22290\/revisions"}],"predecessor-version":[{"id":22321,"href":"https:\/\/stuttgarti-katolikusok.de\/index.php\/wp-json\/wp\/v2\/posts\/22290\/revisions\/22321"}],"wp:featuredmedia":[{"embeddable":true,"href":"https:\/\/stuttgarti-katolikusok.de\/index.php\/wp-json\/wp\/v2\/media\/22244"}],"wp:attachment":[{"href":"https:\/\/stuttgarti-katolikusok.de\/index.php\/wp-json\/wp\/v2\/media?parent=22290"}],"wp:term":[{"taxonomy":"category","embeddable":true,"href":"https:\/\/stuttgarti-katolikusok.de\/index.php\/wp-json\/wp\/v2\/categories?post=22290"},{"taxonomy":"post_tag","embeddable":true,"href":"https:\/\/stuttgarti-katolikusok.de\/index.php\/wp-json\/wp\/v2\/tags?post=22290"}],"curies":[{"name":"wp","href":"https:\/\/api.w.org\/{rel}","templated":true}]}}