{"id":22283,"date":"2021-09-28T22:19:39","date_gmt":"2021-09-28T22:19:39","guid":{"rendered":"https:\/\/stuttgarti-katolikusok.de\/?p=22283"},"modified":"2021-10-04T09:20:56","modified_gmt":"2021-10-04T09:20:56","slug":"zarandokcsoportunk-reszvetele-az-52-nemzetkozi-eucharisztikus-kongresszuson","status":"publish","type":"post","link":"https:\/\/stuttgarti-katolikusok.de\/index.php\/zarandokcsoportunk-reszvetele-az-52-nemzetkozi-eucharisztikus-kongresszuson\/","title":{"rendered":"Zar\u00e1ndokcsoportunk r\u00e9szv\u00e9tele az 52. Nemzetk\u00f6zi Eucharisztikus  Kongresszuson"},"content":{"rendered":"<p>Szeptember 6-a reggel\u00e9n 17-en indultunk el Tibor atya vezet\u00e9s\u00e9vel az 52. Nemzetk\u00f6zi Eucharisztikus Kongresszusra Budapestre.<\/p>\n<p>Az Isteni Gondvisel\u00e9s v\u00e9gig k\u00eds\u00e9rte utunkat a zar\u00e1ndoklat megtervez\u00e9s\u00e9t\u0151l a megval\u00f3sul\u00e1sig.<\/p>\n<p>A v\u00edrus ut\u00f3hat\u00e1sa a zar\u00e1ndoklat szervez\u00e9s\u00e9re is r\u00e1nyomta a b\u00e9lyeg\u00e9t, \u00edgy a megszokott utaz\u00e1si irod\u00e1val nem tudtunk megegyezni, t\u00fal dr\u00e1g\u00e1nak bizonyult, ami annak is k\u00f6sz\u00f6nhet\u0151, hogy t\u00f6bben is visszal\u00e9ptek. Ezut\u00e1n Tibor atya vette k\u00e9zbe a szervez\u00e9st \u00e9s m\u00e1r \u00fagy n\u00e9zett ki, hogy minden rendben van, de r\u00e1j\u00f6tt\u00fcnk, hogy ez az aj\u00e1nlat is t\u00fal dr\u00e1ga, mivel a megszabott \u00f6sszeg csak egy kisbuszra \u00e9rv\u00e9nyes, mi pedig k\u00e9t mikrobusszal kellett volna utazzunk.<\/p>\n<p>Id\u0151k\u00f6zben Tibor atya Budapesten szem\u00e9lyesen regisztr\u00e1lta a zar\u00e1ndokcsoportot a Hungexpon, rendezte a sz\u00e1ll\u00e1st \u00e9s itthon r\u00e1nk mosolygott az \u00e9g \u00e9s a 3-ik sz\u00e1ll\u00edt\u00e1si aj\u00e1nlatot v\u00e9g\u00fcl is el tudtuk fogadni \u00e9s m\u00e1r semmi se \u00e1llt utunkba, hogy megkezdhess\u00fck zar\u00e1ndoklatunkat.<\/p>\n<p>K\u00f6sz\u00f6nj\u00fck Tibor aty\u00e1nak a sok f\u00e1rads\u00e1got.<\/p>\n<p>Az els\u0151 kellemes meglepet\u00e9s az indul\u00e1s napj\u00e1n \u00e9rt benn\u00fcnket: a meg\u00edg\u00e9rt kis busz helyett egy vadonat\u00faj nagy aut\u00f3buszt k\u00fcld\u00f6tt az utaz\u00e1si iroda. Az utat im\u00e1dkoz\u00e1ssal \u00e9s \u00e9nekl\u00e9ssel t\u00f6lt\u00f6tt\u00fck el.<\/p>\n<p>Az \u00e1t\u00e9lt \u00e9lm\u00e9nyekr\u0151l nagyon neh\u00e9z besz\u00e1molni, erre szem\u00e9lyes r\u00e9szv\u00e9tel sz\u00fcks\u00e9ges.<\/p>\n<p>A k\u00f6vetkez\u0151 nap az ismerked\u00e9s napja volt. Utaz\u00e1s villamossal \u00e9s busszal a Hungexpora, ott bejelentkez\u00e9s, karszalag \u00e9s zar\u00e1ndokcsomag \u00e1tv\u00e9tele, el\u0151ad\u00e1sok hallgat\u00e1sa, zen\u00e9szek programj\u00e1nak megtekint\u00e9se. Minden reggel, keddt\u0151l p\u00e9ntekig, mosolyg\u00f3 cserk\u00e9szek \u00e9s \u00f6nk\u00e9ntesek k\u00f6sz\u00f6nt\u00f6ttek benn\u00fcnket \u00e9rkez\u00e9skor, kedvesen ir\u00e1ny\u00edtottak benn\u00fcnket a szabadon maradt helyekre, eb\u00e9did\u0151ben jelezt\u00e9k, hol v\u00e1rnak legkevesebben az eb\u00e9d kioszt\u00e1s\u00e1n\u00e1l. T\u00f6bb mint 2500 \u00f6nk\u00e9ntes j\u00e1rult hozz\u00e1 a NEK sikeres lebonyol\u00edt\u00e1s\u00e1hoz.<\/p>\n<p>A zar\u00e1ndokcsomag tartalma is meglepet\u00e9ssel szolg\u00e1lt: a v\u00e1szonszatyor tartalmazta a kongresszus programf\u00fczet\u00e9t, az Adoremus liturgikus kiadv\u00e1nyt, ami seg\u00edts\u00e9get jelentett a szentmis\u00e9kbe \u00e9s liturgikus alkalmakba val\u00f3 bekapcsol\u00f3d\u00e1shoz, egy napl\u00f3t, amibe zar\u00e1ndokutunk \u00e9lm\u00e9nyeit feljegyezhett\u00fck, goly\u00f3stollat \u00e9s kit\u0171z\u0151t a NEK jelk\u00e9p\u00e9vel, k\u00e9zfert\u0151tlen\u00edt\u0151t \u00e9s egy kis r\u00e1di\u00f3t f\u00fclhallgat\u00f3val, amelyen hat nyelven szinkrontolm\u00e1csol\u00e1st biztos\u00edtottak a hallgat\u00f3knak.<\/p>\n<p>A Hungexpon minden napnak k\u00fcl\u00f6n mott\u00f3ja volt. Kedden a b\u00e9kess\u00e9g napja jegy\u00e9ben zajlott le a reggeli ima (Laudes), katek\u00e9zis, kultur\u00e1lis program, tan\u00fas\u00e1gt\u00e9tel, szentmise \u00e9s fakult\u00e1ci\u00f3k, majd k\u00f6vetkezett a t\u00fcrelem, a rem\u00e9ny \u00e9s a hit napja. Keddt\u0151l p\u00e9ntekig meghallgattuk a vil\u00e1g valamennyi t\u00e1j\u00e9k\u00e1r\u00f3l \u00e9rkezett b\u00edboros, \u00e9rsek, civil vall\u00e1si k\u00f6z\u00f6ss\u00e9g vezet\u0151inek el\u0151ad\u00e1s\u00e1t \u00e9s tan\u00fas\u00e1gt\u00e9tel\u00e9t, arr\u00f3l, hogyan sz\u00f3l\u00edtotta meg \u0151ket J\u00e9zus, mit \u00e9lnek \u00e1t haz\u00e1jukban, milyen m\u00f3don szolg\u00e1lj\u00e1k kereszt\u00e9ny hit\u00fcket. Cebu (F\u00fcl\u00f6p-szigetek) \u00e9rseke, S.E.R. Jose Serofia Palma, tette meg a NEK megh\u00edvott el\u0151ad\u00f3i k\u00f6z\u00fcl a legnagyobb t\u00e1vols\u00e1got &#8211; 11 000 kilom\u00e9tert &#8211; hogy egy\u00fctt \u00fcnnepelje vel\u00fcnk az Euchariszti\u00e1t.<\/p>\n<p>Nagy \u00e9lm\u00e9nyt jelentett a kultur\u00e1lis m\u0171sorban Mikl\u00f3sa Erika opera\u00e9nekesn\u0151 hangj\u00e1t hallani \u00e9s a k\u00fcl\u00f6nb\u00f6z\u0151 k\u00f3rusok, zsid\u00f3 \u00e9s cig\u00e1ny zen\u00e9szek el\u0151ad\u00e1s\u00e1t a szentmis\u00e9ken.<\/p>\n<p>Minden d\u00e9lut\u00e1nra is jutottok programok, amelyekre sok\u00e1ig eml\u00e9kezni fogunk. Ezek k\u00f6z\u00e9 tartozik mindj\u00e1rt az els\u0151 napon a Cserh\u00e1ti Ferenc p\u00fcsp\u00f6k atya celebr\u00e1l\u00e1s\u00e1val megtartott szentmise a gazdagr\u00e9ti Szent Angyalok templom\u00e1ban, ami egy k\u00f6z\u00f6s vacsor\u00e1val v\u00e9gz\u0151d\u00f6tt. A sv\u00e9d asztal igazi szeretetlakoma volt.<\/p>\n<p>K\u00f6vetkez\u0151 nap d\u00e9lut\u00e1nj\u00e1n a V\u00e1rnegyedben, a M\u00e1ty\u00e1s templomban vett\u00fcnk r\u00e9szt pl\u00e9b\u00e1niai szentmis\u00e9n, f\u0151celebr\u00e1ns B\u00e1bel Bal\u00e1zs kalocsa-kecskem\u00e9ti \u00e9rsek volt \u00e9s az est\u00e9t az Erkel Sz\u00ednh\u00e1zban a 100 Tag\u00fa Cig\u00e1nyzenekar koncertj\u00e9nek meghallgat\u00e1s\u00e1val fejezt\u00fck be. A zenekar a NEK felk\u00e9r\u00e9s\u00e9re l\u00e9pett fel, harminchat \u00e9ve m\u0171k\u00f6dik \u00e9s a vil\u00e1gon egyed\u00fcl\u00e1ll\u00f3 klasszikus szimfonikus t\u00e1rsulat.<\/p>\n<p>Cs\u00fct\u00f6rt\u00f6k d\u00e9lut\u00e1n Tibor atya idegenvezet\u0151 ismer\u0151se, Rakaczky Oliv\u00e9r mutatta be nek\u00fcnk egy h\u00e1rom \u00f3r\u00e1s buszv\u00e1rosn\u00e9z\u00e9ssel \u00e9s gyalogos sz\u00fcnetekkel a vil\u00e1g legszebb f\u0151v\u00e1ros\u00e1t.<\/p>\n<p><a href=\"https:\/\/stuttgarti-katolikusok.de\/wp-content\/uploads\/2021\/10\/img-0426.jpg\"><img loading=\"lazy\" decoding=\"async\" class=\"alignnone size-full wp-image-22285\" src=\"https:\/\/stuttgarti-katolikusok.de\/wp-content\/uploads\/2021\/10\/img-0426.jpg\" alt=\"\" width=\"1200\" height=\"800\" srcset=\"https:\/\/stuttgarti-katolikusok.de\/wp-content\/uploads\/2021\/10\/img-0426.jpg 1200w, https:\/\/stuttgarti-katolikusok.de\/wp-content\/uploads\/2021\/10\/img-0426-300x200.jpg 300w, https:\/\/stuttgarti-katolikusok.de\/wp-content\/uploads\/2021\/10\/img-0426-1024x683.jpg 1024w, https:\/\/stuttgarti-katolikusok.de\/wp-content\/uploads\/2021\/10\/img-0426-420x280.jpg 420w, https:\/\/stuttgarti-katolikusok.de\/wp-content\/uploads\/2021\/10\/img-0426-690x460.jpg 690w\" sizes=\"auto, (max-width: 1200px) 100vw, 1200px\" \/><\/a><\/p>\n<p>P\u00e9nteken d\u00e9lel\u0151tt abban a nagy \u00e9lm\u00e9nyben r\u00e9szes\u00fclt\u00fcnk, hogy \u00c1der J\u00e1nos k\u00f6zt\u00e1rsas\u00e1gi eln\u00f6k tan\u00fas\u00e1gt\u00e9tel\u00e9t hallgathattuk meg, amit vastaps k\u00f6vetett. Egy orsz\u00e1geln\u00f6k, egy p\u00e9ldak\u00e9p, aki nem sz\u00e9gyelli megvallani hit\u00e9t \u00e9s ki\u00e1llni mellette.<\/p>\n<p>D\u00e9lut\u00e1n a Szent Istv\u00e1n t\u00e9ri program keret\u00e9n bel\u00fcl a bazilika el\u0151tti t\u00e9r szinpad\u00e1n operett, magyar n\u00f3ta \u00e9s cig\u00e1nyzen\u00e9t hallgattunk meg Luk\u00e1cs Anita \u00e9s Vad\u00e1sz Zsolt operett\u00e9nekesek, ifj. Berki B\u00e9la pr\u00edm\u00e1s zenekara k\u00eds\u00e9ret\u00e9ben.<\/p>\n<p>P\u00e9nteken este Tibor atya visszarep\u00fclt Stuttgartba, mert szombaton Biberachban \u00e9s vas\u00e1rnap Weingartenben \u00e9s Ulmban v\u00e1rt\u00e1k h\u00edvei a szentmis\u00e9n, mi pedig maradtunk Merk Csaba vezet\u00e9s\u00e9vel Budapesten, aki p\u00e9ntek \u00e9jszaka csatlakozott hozz\u00e1nk Wolf Ildik\u00f3val egy\u00fctt.<\/p>\n<p>Zar\u00e1ndokutunk utols\u00f3 el\u0151tti napj\u00e1n a Margitszigeten Csal\u00e1di Napon vett\u00fcnk r\u00e9szt, ahol nagyon j\u00f3 volt l\u00e1tni a sok fiatal csal\u00e1dot \u00e9s kisgyermeket.<\/p>\n<p>A d\u00e9lut\u00e1ni szentmise a Kossuth t\u00e9ren \u00e9s az azt k\u00f6vet\u0151 esti eucharisztikus gyerty\u00e1s k\u00f6rmenet t\u00f6bb sz\u00e1zezer r\u00e9sztvev\u0151vel a H\u0151s\u00f6k ter\u00e9ig, \u00f3ri\u00e1si \u00e9lm\u00e9nyt jelentett sz\u00e1munkra. Az \u00fatvonal k\u00e9t oldal\u00e1n f\u00e1kly\u00e1t tart\u00f3 cserk\u00e9szek, a 3,5 km hossz\u00fas\u00e1gban kihelyezett \u00f3ri\u00e1si kivet\u00edt\u0151k, a hangsz\u00f3r\u00f3kb\u00f3l a k\u00f3rusok hangja, a r\u00e9sztvev\u0151k gyerty\u00e1s menete emelte az esem\u00e9ny hangulat\u00e1t. A k\u00f6rmeneti elm\u00e9lked\u00e9sek \u00e9s \u00e9nekek k\u00f6z\u00f6tt visszat\u00e9r\u0151 \u201eGy\u0151zelemr\u0151l \u00e9nekeljen\u201d refr\u00e9nj\u00e9re<\/p>\n<p>\u201eKrisztus, keny\u00e9r s bor sz\u00edn\u00e9ben,<\/p>\n<p>\u00dar s kir\u00e1ly a f\u00f6ld felett:<\/p>\n<p>Forrassz eggy\u00e9 b\u00e9kess\u00e9gben<\/p>\n<p>Minden n\u00e9pet \u00e9s nemzetet.\u201d<\/p>\n<p>valamennyien felemelt\u00fck \u00e9g\u0151 m\u00e9cses\u00fcnket.<\/p>\n<p>A vas\u00e1rnapi p\u00e1pai &#8211; Statio orbis &#8211; \u00fcnnepi z\u00e1r\u00f3mise Ferenc p\u00e1p\u00e1val tet\u0151zte az \u00e9lm\u00e9nyek halmaz\u00e1t.<\/p>\n<p>J\u00f3 volt a k\u00f6z\u00f6ss\u00e9gi \u00e9rz\u00e9st \u00e1t\u00e9lni, ismer\u0151s aty\u00e1kkal tal\u00e1lkozni, Moln\u00e1r Ott\u00f3 atya \u00e9s Urb\u00e1n Erik ferences aty\u00e1val, otthoni \u00e9s stuttgarti h\u00edvekkel besz\u00e9lgetni. Este a sz\u00e1lloda parkj\u00e1ban egy\u00fctt n\u00f3t\u00e1zni zar\u00e1ndokt\u00e1rsainkkal.<\/p>\n<p>A Nemzetk\u00f6zi Eucharisztikus Kongresszust a kit\u0171n\u0151 szervez\u00e9s, a h\u00edvek \u00e1h\u00edtata, a r\u00e9sztvev\u0151k figyelme a szentmis\u00e9ken \u00e9s el\u0151ad\u00e1sokon jellemezte.<\/p>\n<p>Lelkileg felt\u00f6lt\u0151dve \u00e9s sok \u00e9lm\u00e9nnyel t\u00e9rt\u00fcnk haza.<\/p>\n<p><em>D\u00e1vid Melinda<\/em><\/p>\n","protected":false},"excerpt":{"rendered":"<p>Szeptember 6-a reggel\u00e9n 17-en indultunk el Tibor atya vezet\u00e9s\u00e9vel az 52. Nemzetk\u00f6zi Eucharisztikus Kongresszusra Budapestre. Az Isteni Gondvisel\u00e9s v\u00e9gig k\u00eds\u00e9rte utunkat a zar\u00e1ndoklat megtervez\u00e9s\u00e9t\u0151l a megval\u00f3sul\u00e1sig. A v\u00edrus ut\u00f3hat\u00e1sa a zar\u00e1ndoklat szervez\u00e9s\u00e9re is r\u00e1nyomta a b\u00e9lyeg\u00e9t, \u00edgy a megszokott utaz\u00e1si irod\u00e1val nem tudtunk megegyezni, t\u00fal dr\u00e1g\u00e1nak bizonyult, ami annak is k\u00f6sz\u00f6nhet\u0151, hogy t\u00f6bben is visszal\u00e9ptek. Ezut\u00e1n Tibor atya vette k\u00e9zbe a szervez\u00e9st \u00e9s m\u00e1r \u00fagy n\u00e9zett ki, hogy minden rendben van, de r\u00e1j\u00f6tt\u00fcnk, hogy ez az aj\u00e1nlat is t\u00fal dr\u00e1ga, mivel a megszabott \u00f6sszeg csak egy kisbuszra \u00e9rv\u00e9nyes, mi pedig k\u00e9t mikrobusszal kellett volna utazzunk. Id\u0151k\u00f6zben Tibor atya Budapesten szem\u00e9lyesen regisztr\u00e1lta a zar\u00e1ndokcsoportot a Hungexpon, rendezte a sz\u00e1ll\u00e1st \u00e9s itthon r\u00e1nk mosolygott az \u00e9g \u00e9s a 3-ik sz\u00e1ll\u00edt\u00e1si aj\u00e1nlatot v\u00e9g\u00fcl is el tudtuk fogadni \u00e9s m\u00e1r semmi se \u00e1llt utunkba, hogy megkezdhess\u00fck zar\u00e1ndoklatunkat. K\u00f6sz\u00f6nj\u00fck Tibor aty\u00e1nak a sok f\u00e1rads\u00e1got. Az els\u0151 kellemes meglepet\u00e9s az indul\u00e1s napj\u00e1n \u00e9rt benn\u00fcnket: a meg\u00edg\u00e9rt kis busz helyett egy vadonat\u00faj nagy aut\u00f3buszt k\u00fcld\u00f6tt az utaz\u00e1si iroda. Az utat im\u00e1dkoz\u00e1ssal \u00e9s \u00e9nekl\u00e9ssel t\u00f6lt\u00f6tt\u00fck el. Az \u00e1t\u00e9lt \u00e9lm\u00e9nyekr\u0151l nagyon neh\u00e9z besz\u00e1molni, erre szem\u00e9lyes r\u00e9szv\u00e9tel sz\u00fcks\u00e9ges. A k\u00f6vetkez\u0151 nap az ismerked\u00e9s napja volt. Utaz\u00e1s villamossal \u00e9s busszal a Hungexpora, ott bejelentkez\u00e9s, karszalag \u00e9s zar\u00e1ndokcsomag \u00e1tv\u00e9tele, el\u0151ad\u00e1sok hallgat\u00e1sa, zen\u00e9szek programj\u00e1nak megtekint\u00e9se. Minden reggel, keddt\u0151l p\u00e9ntekig, mosolyg\u00f3 cserk\u00e9szek \u00e9s \u00f6nk\u00e9ntesek k\u00f6sz\u00f6nt\u00f6ttek benn\u00fcnket \u00e9rkez\u00e9skor, kedvesen ir\u00e1ny\u00edtottak benn\u00fcnket a szabadon maradt helyekre, eb\u00e9did\u0151ben jelezt\u00e9k, hol v\u00e1rnak legkevesebben az eb\u00e9d kioszt\u00e1s\u00e1n\u00e1l. T\u00f6bb mint 2500 \u00f6nk\u00e9ntes j\u00e1rult hozz\u00e1 a NEK sikeres lebonyol\u00edt\u00e1s\u00e1hoz. A zar\u00e1ndokcsomag tartalma is meglepet\u00e9ssel szolg\u00e1lt: a v\u00e1szonszatyor tartalmazta a kongresszus programf\u00fczet\u00e9t, az Adoremus liturgikus kiadv\u00e1nyt, ami seg\u00edts\u00e9get jelentett a szentmis\u00e9kbe \u00e9s liturgikus alkalmakba val\u00f3 bekapcsol\u00f3d\u00e1shoz, egy napl\u00f3t, amibe zar\u00e1ndokutunk \u00e9lm\u00e9nyeit feljegyezhett\u00fck, goly\u00f3stollat \u00e9s kit\u0171z\u0151t a NEK jelk\u00e9p\u00e9vel, k\u00e9zfert\u0151tlen\u00edt\u0151t \u00e9s egy kis r\u00e1di\u00f3t f\u00fclhallgat\u00f3val, amelyen hat nyelven szinkrontolm\u00e1csol\u00e1st biztos\u00edtottak a hallgat\u00f3knak. A Hungexpon minden napnak k\u00fcl\u00f6n mott\u00f3ja volt. Kedden a b\u00e9kess\u00e9g napja&#8230; <\/p>\n<p><a class=\"readmore\" href=\"https:\/\/stuttgarti-katolikusok.de\/index.php\/zarandokcsoportunk-reszvetele-az-52-nemzetkozi-eucharisztikus-kongresszuson\/\">R\u00e9szletek<\/a><\/p>\n","protected":false},"author":3,"featured_media":22284,"comment_status":"closed","ping_status":"closed","sticky":false,"template":"","format":"standard","meta":{"footnotes":""},"categories":[28],"tags":[],"class_list":["post-22283","post","type-post","status-publish","format-standard","has-post-thumbnail","hentry","category-olvasoink-irjak"],"yoast_head":"<!-- This site is optimized with the Yoast SEO plugin v27.3 - https:\/\/yoast.com\/product\/yoast-seo-wordpress\/ -->\n<title>Zar\u00e1ndokcsoportunk r\u00e9szv\u00e9tele az 52. Nemzetk\u00f6zi Eucharisztikus Kongresszuson - Stuttgarti Katolikusok<\/title>\n<meta name=\"robots\" content=\"index, follow, max-snippet:-1, max-image-preview:large, max-video-preview:-1\" \/>\n<link rel=\"canonical\" href=\"https:\/\/stuttgarti-katolikusok.de\/index.php\/zarandokcsoportunk-reszvetele-az-52-nemzetkozi-eucharisztikus-kongresszuson\/\" \/>\n<meta property=\"og:locale\" content=\"hu_HU\" \/>\n<meta property=\"og:type\" content=\"article\" \/>\n<meta property=\"og:title\" content=\"Zar\u00e1ndokcsoportunk r\u00e9szv\u00e9tele az 52. Nemzetk\u00f6zi Eucharisztikus Kongresszuson - Stuttgarti Katolikusok\" \/>\n<meta property=\"og:description\" content=\"Szeptember 6-a reggel\u00e9n 17-en indultunk el Tibor atya vezet\u00e9s\u00e9vel az 52. Nemzetk\u00f6zi Eucharisztikus Kongresszusra Budapestre. Az Isteni Gondvisel\u00e9s v\u00e9gig k\u00eds\u00e9rte utunkat a zar\u00e1ndoklat megtervez\u00e9s\u00e9t\u0151l a megval\u00f3sul\u00e1sig. A v\u00edrus ut\u00f3hat\u00e1sa a zar\u00e1ndoklat szervez\u00e9s\u00e9re is r\u00e1nyomta a b\u00e9lyeg\u00e9t, \u00edgy a megszokott utaz\u00e1si irod\u00e1val nem tudtunk megegyezni, t\u00fal dr\u00e1g\u00e1nak bizonyult, ami annak is k\u00f6sz\u00f6nhet\u0151, hogy t\u00f6bben is visszal\u00e9ptek. Ezut\u00e1n Tibor atya vette k\u00e9zbe a szervez\u00e9st \u00e9s m\u00e1r \u00fagy n\u00e9zett ki, hogy minden rendben van, de r\u00e1j\u00f6tt\u00fcnk, hogy ez az aj\u00e1nlat is t\u00fal dr\u00e1ga, mivel a megszabott \u00f6sszeg csak egy kisbuszra \u00e9rv\u00e9nyes, mi pedig k\u00e9t mikrobusszal kellett volna utazzunk. Id\u0151k\u00f6zben Tibor atya Budapesten szem\u00e9lyesen regisztr\u00e1lta a zar\u00e1ndokcsoportot a Hungexpon, rendezte a sz\u00e1ll\u00e1st \u00e9s itthon r\u00e1nk mosolygott az \u00e9g \u00e9s a 3-ik sz\u00e1ll\u00edt\u00e1si aj\u00e1nlatot v\u00e9g\u00fcl is el tudtuk fogadni \u00e9s m\u00e1r semmi se \u00e1llt utunkba, hogy megkezdhess\u00fck zar\u00e1ndoklatunkat. K\u00f6sz\u00f6nj\u00fck Tibor aty\u00e1nak a sok f\u00e1rads\u00e1got. Az els\u0151 kellemes meglepet\u00e9s az indul\u00e1s napj\u00e1n \u00e9rt benn\u00fcnket: a meg\u00edg\u00e9rt kis busz helyett egy vadonat\u00faj nagy aut\u00f3buszt k\u00fcld\u00f6tt az utaz\u00e1si iroda. Az utat im\u00e1dkoz\u00e1ssal \u00e9s \u00e9nekl\u00e9ssel t\u00f6lt\u00f6tt\u00fck el. Az \u00e1t\u00e9lt \u00e9lm\u00e9nyekr\u0151l nagyon neh\u00e9z besz\u00e1molni, erre szem\u00e9lyes r\u00e9szv\u00e9tel sz\u00fcks\u00e9ges. A k\u00f6vetkez\u0151 nap az ismerked\u00e9s napja volt. Utaz\u00e1s villamossal \u00e9s busszal a Hungexpora, ott bejelentkez\u00e9s, karszalag \u00e9s zar\u00e1ndokcsomag \u00e1tv\u00e9tele, el\u0151ad\u00e1sok hallgat\u00e1sa, zen\u00e9szek programj\u00e1nak megtekint\u00e9se. Minden reggel, keddt\u0151l p\u00e9ntekig, mosolyg\u00f3 cserk\u00e9szek \u00e9s \u00f6nk\u00e9ntesek k\u00f6sz\u00f6nt\u00f6ttek benn\u00fcnket \u00e9rkez\u00e9skor, kedvesen ir\u00e1ny\u00edtottak benn\u00fcnket a szabadon maradt helyekre, eb\u00e9did\u0151ben jelezt\u00e9k, hol v\u00e1rnak legkevesebben az eb\u00e9d kioszt\u00e1s\u00e1n\u00e1l. T\u00f6bb mint 2500 \u00f6nk\u00e9ntes j\u00e1rult hozz\u00e1 a NEK sikeres lebonyol\u00edt\u00e1s\u00e1hoz. A zar\u00e1ndokcsomag tartalma is meglepet\u00e9ssel szolg\u00e1lt: a v\u00e1szonszatyor tartalmazta a kongresszus programf\u00fczet\u00e9t, az Adoremus liturgikus kiadv\u00e1nyt, ami seg\u00edts\u00e9get jelentett a szentmis\u00e9kbe \u00e9s liturgikus alkalmakba val\u00f3 bekapcsol\u00f3d\u00e1shoz, egy napl\u00f3t, amibe zar\u00e1ndokutunk \u00e9lm\u00e9nyeit feljegyezhett\u00fck, goly\u00f3stollat \u00e9s kit\u0171z\u0151t a NEK jelk\u00e9p\u00e9vel, k\u00e9zfert\u0151tlen\u00edt\u0151t \u00e9s egy kis r\u00e1di\u00f3t f\u00fclhallgat\u00f3val, amelyen hat nyelven szinkrontolm\u00e1csol\u00e1st biztos\u00edtottak a hallgat\u00f3knak. A Hungexpon minden napnak k\u00fcl\u00f6n mott\u00f3ja volt. Kedden a b\u00e9kess\u00e9g napja... R\u00e9szletek\" \/>\n<meta property=\"og:url\" content=\"https:\/\/stuttgarti-katolikusok.de\/index.php\/zarandokcsoportunk-reszvetele-az-52-nemzetkozi-eucharisztikus-kongresszuson\/\" \/>\n<meta property=\"og:site_name\" content=\"Stuttgarti Katolikusok\" \/>\n<meta property=\"article:published_time\" content=\"2021-09-28T22:19:39+00:00\" \/>\n<meta property=\"article:modified_time\" content=\"2021-10-04T09:20:56+00:00\" \/>\n<meta property=\"og:image\" content=\"https:\/\/stuttgarti-katolikusok.de\/wp-content\/uploads\/2021\/10\/img-0732.jpg\" \/>\n\t<meta property=\"og:image:width\" content=\"1024\" \/>\n\t<meta property=\"og:image:height\" content=\"682\" \/>\n\t<meta property=\"og:image:type\" content=\"image\/jpeg\" \/>\n<meta name=\"author\" content=\"Tibor atya\" \/>\n<meta name=\"twitter:card\" content=\"summary_large_image\" \/>\n<meta name=\"twitter:label1\" content=\"Szerz\u0151:\" \/>\n\t<meta name=\"twitter:data1\" content=\"Tibor atya\" \/>\n\t<meta name=\"twitter:label2\" content=\"Becs\u00fclt olvas\u00e1si id\u0151\" \/>\n\t<meta name=\"twitter:data2\" content=\"4 perc\" \/>\n<script type=\"application\/ld+json\" class=\"yoast-schema-graph\">{\"@context\":\"https:\\\/\\\/schema.org\",\"@graph\":[{\"@type\":\"Article\",\"@id\":\"https:\\\/\\\/stuttgarti-katolikusok.de\\\/index.php\\\/zarandokcsoportunk-reszvetele-az-52-nemzetkozi-eucharisztikus-kongresszuson\\\/#article\",\"isPartOf\":{\"@id\":\"https:\\\/\\\/stuttgarti-katolikusok.de\\\/index.php\\\/zarandokcsoportunk-reszvetele-az-52-nemzetkozi-eucharisztikus-kongresszuson\\\/\"},\"author\":{\"name\":\"Tibor atya\",\"@id\":\"https:\\\/\\\/stuttgarti-katolikusok.de\\\/#\\\/schema\\\/person\\\/75908d6f8fdc03a57889d27209df7795\"},\"headline\":\"Zar\u00e1ndokcsoportunk r\u00e9szv\u00e9tele az 52. Nemzetk\u00f6zi Eucharisztikus Kongresszuson\",\"datePublished\":\"2021-09-28T22:19:39+00:00\",\"dateModified\":\"2021-10-04T09:20:56+00:00\",\"mainEntityOfPage\":{\"@id\":\"https:\\\/\\\/stuttgarti-katolikusok.de\\\/index.php\\\/zarandokcsoportunk-reszvetele-az-52-nemzetkozi-eucharisztikus-kongresszuson\\\/\"},\"wordCount\":1275,\"image\":{\"@id\":\"https:\\\/\\\/stuttgarti-katolikusok.de\\\/index.php\\\/zarandokcsoportunk-reszvetele-az-52-nemzetkozi-eucharisztikus-kongresszuson\\\/#primaryimage\"},\"thumbnailUrl\":\"https:\\\/\\\/stuttgarti-katolikusok.de\\\/wp-content\\\/uploads\\\/2021\\\/10\\\/img-0732.jpg\",\"articleSection\":[\"Olvas\u00f3ink \u00edrj\u00e1k\"],\"inLanguage\":\"hu\"},{\"@type\":\"WebPage\",\"@id\":\"https:\\\/\\\/stuttgarti-katolikusok.de\\\/index.php\\\/zarandokcsoportunk-reszvetele-az-52-nemzetkozi-eucharisztikus-kongresszuson\\\/\",\"url\":\"https:\\\/\\\/stuttgarti-katolikusok.de\\\/index.php\\\/zarandokcsoportunk-reszvetele-az-52-nemzetkozi-eucharisztikus-kongresszuson\\\/\",\"name\":\"Zar\u00e1ndokcsoportunk r\u00e9szv\u00e9tele az 52. Nemzetk\u00f6zi Eucharisztikus Kongresszuson - Stuttgarti Katolikusok\",\"isPartOf\":{\"@id\":\"https:\\\/\\\/stuttgarti-katolikusok.de\\\/#website\"},\"primaryImageOfPage\":{\"@id\":\"https:\\\/\\\/stuttgarti-katolikusok.de\\\/index.php\\\/zarandokcsoportunk-reszvetele-az-52-nemzetkozi-eucharisztikus-kongresszuson\\\/#primaryimage\"},\"image\":{\"@id\":\"https:\\\/\\\/stuttgarti-katolikusok.de\\\/index.php\\\/zarandokcsoportunk-reszvetele-az-52-nemzetkozi-eucharisztikus-kongresszuson\\\/#primaryimage\"},\"thumbnailUrl\":\"https:\\\/\\\/stuttgarti-katolikusok.de\\\/wp-content\\\/uploads\\\/2021\\\/10\\\/img-0732.jpg\",\"datePublished\":\"2021-09-28T22:19:39+00:00\",\"dateModified\":\"2021-10-04T09:20:56+00:00\",\"author\":{\"@id\":\"https:\\\/\\\/stuttgarti-katolikusok.de\\\/#\\\/schema\\\/person\\\/75908d6f8fdc03a57889d27209df7795\"},\"breadcrumb\":{\"@id\":\"https:\\\/\\\/stuttgarti-katolikusok.de\\\/index.php\\\/zarandokcsoportunk-reszvetele-az-52-nemzetkozi-eucharisztikus-kongresszuson\\\/#breadcrumb\"},\"inLanguage\":\"hu\",\"potentialAction\":[{\"@type\":\"ReadAction\",\"target\":[\"https:\\\/\\\/stuttgarti-katolikusok.de\\\/index.php\\\/zarandokcsoportunk-reszvetele-az-52-nemzetkozi-eucharisztikus-kongresszuson\\\/\"]}]},{\"@type\":\"ImageObject\",\"inLanguage\":\"hu\",\"@id\":\"https:\\\/\\\/stuttgarti-katolikusok.de\\\/index.php\\\/zarandokcsoportunk-reszvetele-az-52-nemzetkozi-eucharisztikus-kongresszuson\\\/#primaryimage\",\"url\":\"https:\\\/\\\/stuttgarti-katolikusok.de\\\/wp-content\\\/uploads\\\/2021\\\/10\\\/img-0732.jpg\",\"contentUrl\":\"https:\\\/\\\/stuttgarti-katolikusok.de\\\/wp-content\\\/uploads\\\/2021\\\/10\\\/img-0732.jpg\",\"width\":1024,\"height\":682},{\"@type\":\"BreadcrumbList\",\"@id\":\"https:\\\/\\\/stuttgarti-katolikusok.de\\\/index.php\\\/zarandokcsoportunk-reszvetele-az-52-nemzetkozi-eucharisztikus-kongresszuson\\\/#breadcrumb\",\"itemListElement\":[{\"@type\":\"ListItem\",\"position\":1,\"name\":\"Kezd\u0151lap\",\"item\":\"https:\\\/\\\/stuttgarti-katolikusok.de\\\/\"},{\"@type\":\"ListItem\",\"position\":2,\"name\":\"Zar\u00e1ndokcsoportunk r\u00e9szv\u00e9tele az 52. Nemzetk\u00f6zi Eucharisztikus Kongresszuson\"}]},{\"@type\":\"WebSite\",\"@id\":\"https:\\\/\\\/stuttgarti-katolikusok.de\\\/#website\",\"url\":\"https:\\\/\\\/stuttgarti-katolikusok.de\\\/\",\"name\":\"Stuttgarti Katolikusok\",\"description\":\"\",\"potentialAction\":[{\"@type\":\"SearchAction\",\"target\":{\"@type\":\"EntryPoint\",\"urlTemplate\":\"https:\\\/\\\/stuttgarti-katolikusok.de\\\/?s={search_term_string}\"},\"query-input\":{\"@type\":\"PropertyValueSpecification\",\"valueRequired\":true,\"valueName\":\"search_term_string\"}}],\"inLanguage\":\"hu\"},{\"@type\":\"Person\",\"@id\":\"https:\\\/\\\/stuttgarti-katolikusok.de\\\/#\\\/schema\\\/person\\\/75908d6f8fdc03a57889d27209df7795\",\"name\":\"Tibor atya\",\"image\":{\"@type\":\"ImageObject\",\"inLanguage\":\"hu\",\"@id\":\"https:\\\/\\\/secure.gravatar.com\\\/avatar\\\/61d268e57d1f4525b111222e29d2d5a7f8c420fdbf231ba5566a8ceac74fa960?s=96&d=mm&r=g\",\"url\":\"https:\\\/\\\/secure.gravatar.com\\\/avatar\\\/61d268e57d1f4525b111222e29d2d5a7f8c420fdbf231ba5566a8ceac74fa960?s=96&d=mm&r=g\",\"contentUrl\":\"https:\\\/\\\/secure.gravatar.com\\\/avatar\\\/61d268e57d1f4525b111222e29d2d5a7f8c420fdbf231ba5566a8ceac74fa960?s=96&d=mm&r=g\",\"caption\":\"Tibor atya\"},\"url\":\"https:\\\/\\\/stuttgarti-katolikusok.de\\\/index.php\\\/author\\\/tibor-atya\\\/\"}]}<\/script>\n<!-- \/ Yoast SEO plugin. -->","yoast_head_json":{"title":"Zar\u00e1ndokcsoportunk r\u00e9szv\u00e9tele az 52. Nemzetk\u00f6zi Eucharisztikus Kongresszuson - Stuttgarti Katolikusok","robots":{"index":"index","follow":"follow","max-snippet":"max-snippet:-1","max-image-preview":"max-image-preview:large","max-video-preview":"max-video-preview:-1"},"canonical":"https:\/\/stuttgarti-katolikusok.de\/index.php\/zarandokcsoportunk-reszvetele-az-52-nemzetkozi-eucharisztikus-kongresszuson\/","og_locale":"hu_HU","og_type":"article","og_title":"Zar\u00e1ndokcsoportunk r\u00e9szv\u00e9tele az 52. Nemzetk\u00f6zi Eucharisztikus Kongresszuson - Stuttgarti Katolikusok","og_description":"Szeptember 6-a reggel\u00e9n 17-en indultunk el Tibor atya vezet\u00e9s\u00e9vel az 52. Nemzetk\u00f6zi Eucharisztikus Kongresszusra Budapestre. Az Isteni Gondvisel\u00e9s v\u00e9gig k\u00eds\u00e9rte utunkat a zar\u00e1ndoklat megtervez\u00e9s\u00e9t\u0151l a megval\u00f3sul\u00e1sig. A v\u00edrus ut\u00f3hat\u00e1sa a zar\u00e1ndoklat szervez\u00e9s\u00e9re is r\u00e1nyomta a b\u00e9lyeg\u00e9t, \u00edgy a megszokott utaz\u00e1si irod\u00e1val nem tudtunk megegyezni, t\u00fal dr\u00e1g\u00e1nak bizonyult, ami annak is k\u00f6sz\u00f6nhet\u0151, hogy t\u00f6bben is visszal\u00e9ptek. Ezut\u00e1n Tibor atya vette k\u00e9zbe a szervez\u00e9st \u00e9s m\u00e1r \u00fagy n\u00e9zett ki, hogy minden rendben van, de r\u00e1j\u00f6tt\u00fcnk, hogy ez az aj\u00e1nlat is t\u00fal dr\u00e1ga, mivel a megszabott \u00f6sszeg csak egy kisbuszra \u00e9rv\u00e9nyes, mi pedig k\u00e9t mikrobusszal kellett volna utazzunk. Id\u0151k\u00f6zben Tibor atya Budapesten szem\u00e9lyesen regisztr\u00e1lta a zar\u00e1ndokcsoportot a Hungexpon, rendezte a sz\u00e1ll\u00e1st \u00e9s itthon r\u00e1nk mosolygott az \u00e9g \u00e9s a 3-ik sz\u00e1ll\u00edt\u00e1si aj\u00e1nlatot v\u00e9g\u00fcl is el tudtuk fogadni \u00e9s m\u00e1r semmi se \u00e1llt utunkba, hogy megkezdhess\u00fck zar\u00e1ndoklatunkat. K\u00f6sz\u00f6nj\u00fck Tibor aty\u00e1nak a sok f\u00e1rads\u00e1got. Az els\u0151 kellemes meglepet\u00e9s az indul\u00e1s napj\u00e1n \u00e9rt benn\u00fcnket: a meg\u00edg\u00e9rt kis busz helyett egy vadonat\u00faj nagy aut\u00f3buszt k\u00fcld\u00f6tt az utaz\u00e1si iroda. Az utat im\u00e1dkoz\u00e1ssal \u00e9s \u00e9nekl\u00e9ssel t\u00f6lt\u00f6tt\u00fck el. Az \u00e1t\u00e9lt \u00e9lm\u00e9nyekr\u0151l nagyon neh\u00e9z besz\u00e1molni, erre szem\u00e9lyes r\u00e9szv\u00e9tel sz\u00fcks\u00e9ges. A k\u00f6vetkez\u0151 nap az ismerked\u00e9s napja volt. Utaz\u00e1s villamossal \u00e9s busszal a Hungexpora, ott bejelentkez\u00e9s, karszalag \u00e9s zar\u00e1ndokcsomag \u00e1tv\u00e9tele, el\u0151ad\u00e1sok hallgat\u00e1sa, zen\u00e9szek programj\u00e1nak megtekint\u00e9se. Minden reggel, keddt\u0151l p\u00e9ntekig, mosolyg\u00f3 cserk\u00e9szek \u00e9s \u00f6nk\u00e9ntesek k\u00f6sz\u00f6nt\u00f6ttek benn\u00fcnket \u00e9rkez\u00e9skor, kedvesen ir\u00e1ny\u00edtottak benn\u00fcnket a szabadon maradt helyekre, eb\u00e9did\u0151ben jelezt\u00e9k, hol v\u00e1rnak legkevesebben az eb\u00e9d kioszt\u00e1s\u00e1n\u00e1l. T\u00f6bb mint 2500 \u00f6nk\u00e9ntes j\u00e1rult hozz\u00e1 a NEK sikeres lebonyol\u00edt\u00e1s\u00e1hoz. A zar\u00e1ndokcsomag tartalma is meglepet\u00e9ssel szolg\u00e1lt: a v\u00e1szonszatyor tartalmazta a kongresszus programf\u00fczet\u00e9t, az Adoremus liturgikus kiadv\u00e1nyt, ami seg\u00edts\u00e9get jelentett a szentmis\u00e9kbe \u00e9s liturgikus alkalmakba val\u00f3 bekapcsol\u00f3d\u00e1shoz, egy napl\u00f3t, amibe zar\u00e1ndokutunk \u00e9lm\u00e9nyeit feljegyezhett\u00fck, goly\u00f3stollat \u00e9s kit\u0171z\u0151t a NEK jelk\u00e9p\u00e9vel, k\u00e9zfert\u0151tlen\u00edt\u0151t \u00e9s egy kis r\u00e1di\u00f3t f\u00fclhallgat\u00f3val, amelyen hat nyelven szinkrontolm\u00e1csol\u00e1st biztos\u00edtottak a hallgat\u00f3knak. A Hungexpon minden napnak k\u00fcl\u00f6n mott\u00f3ja volt. Kedden a b\u00e9kess\u00e9g napja... R\u00e9szletek","og_url":"https:\/\/stuttgarti-katolikusok.de\/index.php\/zarandokcsoportunk-reszvetele-az-52-nemzetkozi-eucharisztikus-kongresszuson\/","og_site_name":"Stuttgarti Katolikusok","article_published_time":"2021-09-28T22:19:39+00:00","article_modified_time":"2021-10-04T09:20:56+00:00","og_image":[{"width":1024,"height":682,"url":"https:\/\/stuttgarti-katolikusok.de\/wp-content\/uploads\/2021\/10\/img-0732.jpg","type":"image\/jpeg"}],"author":"Tibor atya","twitter_card":"summary_large_image","twitter_misc":{"Szerz\u0151:":"Tibor atya","Becs\u00fclt olvas\u00e1si id\u0151":"4 perc"},"schema":{"@context":"https:\/\/schema.org","@graph":[{"@type":"Article","@id":"https:\/\/stuttgarti-katolikusok.de\/index.php\/zarandokcsoportunk-reszvetele-az-52-nemzetkozi-eucharisztikus-kongresszuson\/#article","isPartOf":{"@id":"https:\/\/stuttgarti-katolikusok.de\/index.php\/zarandokcsoportunk-reszvetele-az-52-nemzetkozi-eucharisztikus-kongresszuson\/"},"author":{"name":"Tibor atya","@id":"https:\/\/stuttgarti-katolikusok.de\/#\/schema\/person\/75908d6f8fdc03a57889d27209df7795"},"headline":"Zar\u00e1ndokcsoportunk r\u00e9szv\u00e9tele az 52. Nemzetk\u00f6zi Eucharisztikus Kongresszuson","datePublished":"2021-09-28T22:19:39+00:00","dateModified":"2021-10-04T09:20:56+00:00","mainEntityOfPage":{"@id":"https:\/\/stuttgarti-katolikusok.de\/index.php\/zarandokcsoportunk-reszvetele-az-52-nemzetkozi-eucharisztikus-kongresszuson\/"},"wordCount":1275,"image":{"@id":"https:\/\/stuttgarti-katolikusok.de\/index.php\/zarandokcsoportunk-reszvetele-az-52-nemzetkozi-eucharisztikus-kongresszuson\/#primaryimage"},"thumbnailUrl":"https:\/\/stuttgarti-katolikusok.de\/wp-content\/uploads\/2021\/10\/img-0732.jpg","articleSection":["Olvas\u00f3ink \u00edrj\u00e1k"],"inLanguage":"hu"},{"@type":"WebPage","@id":"https:\/\/stuttgarti-katolikusok.de\/index.php\/zarandokcsoportunk-reszvetele-az-52-nemzetkozi-eucharisztikus-kongresszuson\/","url":"https:\/\/stuttgarti-katolikusok.de\/index.php\/zarandokcsoportunk-reszvetele-az-52-nemzetkozi-eucharisztikus-kongresszuson\/","name":"Zar\u00e1ndokcsoportunk r\u00e9szv\u00e9tele az 52. Nemzetk\u00f6zi Eucharisztikus Kongresszuson - Stuttgarti Katolikusok","isPartOf":{"@id":"https:\/\/stuttgarti-katolikusok.de\/#website"},"primaryImageOfPage":{"@id":"https:\/\/stuttgarti-katolikusok.de\/index.php\/zarandokcsoportunk-reszvetele-az-52-nemzetkozi-eucharisztikus-kongresszuson\/#primaryimage"},"image":{"@id":"https:\/\/stuttgarti-katolikusok.de\/index.php\/zarandokcsoportunk-reszvetele-az-52-nemzetkozi-eucharisztikus-kongresszuson\/#primaryimage"},"thumbnailUrl":"https:\/\/stuttgarti-katolikusok.de\/wp-content\/uploads\/2021\/10\/img-0732.jpg","datePublished":"2021-09-28T22:19:39+00:00","dateModified":"2021-10-04T09:20:56+00:00","author":{"@id":"https:\/\/stuttgarti-katolikusok.de\/#\/schema\/person\/75908d6f8fdc03a57889d27209df7795"},"breadcrumb":{"@id":"https:\/\/stuttgarti-katolikusok.de\/index.php\/zarandokcsoportunk-reszvetele-az-52-nemzetkozi-eucharisztikus-kongresszuson\/#breadcrumb"},"inLanguage":"hu","potentialAction":[{"@type":"ReadAction","target":["https:\/\/stuttgarti-katolikusok.de\/index.php\/zarandokcsoportunk-reszvetele-az-52-nemzetkozi-eucharisztikus-kongresszuson\/"]}]},{"@type":"ImageObject","inLanguage":"hu","@id":"https:\/\/stuttgarti-katolikusok.de\/index.php\/zarandokcsoportunk-reszvetele-az-52-nemzetkozi-eucharisztikus-kongresszuson\/#primaryimage","url":"https:\/\/stuttgarti-katolikusok.de\/wp-content\/uploads\/2021\/10\/img-0732.jpg","contentUrl":"https:\/\/stuttgarti-katolikusok.de\/wp-content\/uploads\/2021\/10\/img-0732.jpg","width":1024,"height":682},{"@type":"BreadcrumbList","@id":"https:\/\/stuttgarti-katolikusok.de\/index.php\/zarandokcsoportunk-reszvetele-az-52-nemzetkozi-eucharisztikus-kongresszuson\/#breadcrumb","itemListElement":[{"@type":"ListItem","position":1,"name":"Kezd\u0151lap","item":"https:\/\/stuttgarti-katolikusok.de\/"},{"@type":"ListItem","position":2,"name":"Zar\u00e1ndokcsoportunk r\u00e9szv\u00e9tele az 52. Nemzetk\u00f6zi Eucharisztikus Kongresszuson"}]},{"@type":"WebSite","@id":"https:\/\/stuttgarti-katolikusok.de\/#website","url":"https:\/\/stuttgarti-katolikusok.de\/","name":"Stuttgarti Katolikusok","description":"","potentialAction":[{"@type":"SearchAction","target":{"@type":"EntryPoint","urlTemplate":"https:\/\/stuttgarti-katolikusok.de\/?s={search_term_string}"},"query-input":{"@type":"PropertyValueSpecification","valueRequired":true,"valueName":"search_term_string"}}],"inLanguage":"hu"},{"@type":"Person","@id":"https:\/\/stuttgarti-katolikusok.de\/#\/schema\/person\/75908d6f8fdc03a57889d27209df7795","name":"Tibor atya","image":{"@type":"ImageObject","inLanguage":"hu","@id":"https:\/\/secure.gravatar.com\/avatar\/61d268e57d1f4525b111222e29d2d5a7f8c420fdbf231ba5566a8ceac74fa960?s=96&d=mm&r=g","url":"https:\/\/secure.gravatar.com\/avatar\/61d268e57d1f4525b111222e29d2d5a7f8c420fdbf231ba5566a8ceac74fa960?s=96&d=mm&r=g","contentUrl":"https:\/\/secure.gravatar.com\/avatar\/61d268e57d1f4525b111222e29d2d5a7f8c420fdbf231ba5566a8ceac74fa960?s=96&d=mm&r=g","caption":"Tibor atya"},"url":"https:\/\/stuttgarti-katolikusok.de\/index.php\/author\/tibor-atya\/"}]}},"_links":{"self":[{"href":"https:\/\/stuttgarti-katolikusok.de\/index.php\/wp-json\/wp\/v2\/posts\/22283","targetHints":{"allow":["GET"]}}],"collection":[{"href":"https:\/\/stuttgarti-katolikusok.de\/index.php\/wp-json\/wp\/v2\/posts"}],"about":[{"href":"https:\/\/stuttgarti-katolikusok.de\/index.php\/wp-json\/wp\/v2\/types\/post"}],"author":[{"embeddable":true,"href":"https:\/\/stuttgarti-katolikusok.de\/index.php\/wp-json\/wp\/v2\/users\/3"}],"replies":[{"embeddable":true,"href":"https:\/\/stuttgarti-katolikusok.de\/index.php\/wp-json\/wp\/v2\/comments?post=22283"}],"version-history":[{"count":1,"href":"https:\/\/stuttgarti-katolikusok.de\/index.php\/wp-json\/wp\/v2\/posts\/22283\/revisions"}],"predecessor-version":[{"id":22286,"href":"https:\/\/stuttgarti-katolikusok.de\/index.php\/wp-json\/wp\/v2\/posts\/22283\/revisions\/22286"}],"wp:featuredmedia":[{"embeddable":true,"href":"https:\/\/stuttgarti-katolikusok.de\/index.php\/wp-json\/wp\/v2\/media\/22284"}],"wp:attachment":[{"href":"https:\/\/stuttgarti-katolikusok.de\/index.php\/wp-json\/wp\/v2\/media?parent=22283"}],"wp:term":[{"taxonomy":"category","embeddable":true,"href":"https:\/\/stuttgarti-katolikusok.de\/index.php\/wp-json\/wp\/v2\/categories?post=22283"},{"taxonomy":"post_tag","embeddable":true,"href":"https:\/\/stuttgarti-katolikusok.de\/index.php\/wp-json\/wp\/v2\/tags?post=22283"}],"curies":[{"name":"wp","href":"https:\/\/api.w.org\/{rel}","templated":true}]}}