{"id":22262,"date":"2021-10-02T21:12:01","date_gmt":"2021-10-02T21:12:01","guid":{"rendered":"https:\/\/stuttgarti-katolikusok.de\/?p=22262"},"modified":"2021-10-04T09:23:17","modified_gmt":"2021-10-04T09:23:17","slug":"pilinszky-meditacio","status":"publish","type":"post","link":"https:\/\/stuttgarti-katolikusok.de\/index.php\/pilinszky-meditacio\/","title":{"rendered":"Pilinszky: Medit\u00e1ci\u00f3"},"content":{"rendered":"<p>2021. szeptember 25-\u00e9n a J\u00e9zus Sz\u00edve templom adott otthont az Ars Sacra Alap\u00edtv\u00e1ny szervez\u00e9s\u00e9ben Pilinszky 100 \u00fcnnepi el\u0151ad\u00e1snak.<\/p>\n<p>Versek \u00e9s napl\u00f3r\u00e9szletek hangzottak el D\u00f3czy P\u00e9ter sz\u00ednm\u0171v\u00e9sz tolm\u00e1csol\u00e1s\u00e1ban. K\u00f6zrem\u0171k\u00f6d\u00f6tt Csonka Bogl\u00e1rka klarin\u00e9tm\u0171v\u00e9sz, \u00e9nekes.<\/p>\n<p><a href=\"https:\/\/stuttgarti-katolikusok.de\/wp-content\/uploads\/2021\/09\/dsc-3653-scaled.jpg\"><img loading=\"lazy\" decoding=\"async\" class=\"alignnone size-full wp-image-22268\" src=\"https:\/\/stuttgarti-katolikusok.de\/wp-content\/uploads\/2021\/09\/dsc-3653-scaled.jpg\" alt=\"\" width=\"2560\" height=\"1714\" srcset=\"https:\/\/stuttgarti-katolikusok.de\/wp-content\/uploads\/2021\/09\/dsc-3653-scaled.jpg 2560w, https:\/\/stuttgarti-katolikusok.de\/wp-content\/uploads\/2021\/09\/dsc-3653-300x201.jpg 300w, https:\/\/stuttgarti-katolikusok.de\/wp-content\/uploads\/2021\/09\/dsc-3653-1024x685.jpg 1024w, https:\/\/stuttgarti-katolikusok.de\/wp-content\/uploads\/2021\/09\/dsc-3653-1536x1028.jpg 1536w, https:\/\/stuttgarti-katolikusok.de\/wp-content\/uploads\/2021\/09\/dsc-3653-2048x1371.jpg 2048w, https:\/\/stuttgarti-katolikusok.de\/wp-content\/uploads\/2021\/09\/dsc-3653-420x280.jpg 420w\" sizes=\"auto, (max-width: 2560px) 100vw, 2560px\" \/><\/a><\/p>\n<a href=\"https:\/\/stuttgarti-katolikusok.de\/wp-content\/uploads\/2021\/09\/pilinszky_plakat_a4.pdf\" class=\"pdfemb-viewer\" style=\"\" data-width=\"max\" data-height=\"max\" data-toolbar=\"bottom\" data-toolbar-fixed=\"off\">pilinszky_plakat_a4<\/a>\n<p>Az el\u0151ad\u00e1sr\u00f3l k\u00e9sz\u00edtett felv\u00e9tel al\u00e1bbi linken tekinthet\u0151 meg.<\/p>\n<p><a href=\"https:\/\/www.youtube.com\/watch?v=yYW9nKUvl3s\">Vide\u00f3 megtekint\u00e9se<\/a><\/p>\n","protected":false},"excerpt":{"rendered":"<p>2021. szeptember 25-\u00e9n a J\u00e9zus Sz\u00edve templom adott otthont az Ars Sacra Alap\u00edtv\u00e1ny szervez\u00e9s\u00e9ben Pilinszky 100 \u00fcnnepi el\u0151ad\u00e1snak. Versek \u00e9s napl\u00f3r\u00e9szletek hangzottak el D\u00f3czy P\u00e9ter sz\u00ednm\u0171v\u00e9sz tolm\u00e1csol\u00e1s\u00e1ban. K\u00f6zrem\u0171k\u00f6d\u00f6tt Csonka Bogl\u00e1rka klarin\u00e9tm\u0171v\u00e9sz, \u00e9nekes. Az el\u0151ad\u00e1sr\u00f3l k\u00e9sz\u00edtett felv\u00e9tel al\u00e1bbi linken tekinthet\u0151 meg. Vide\u00f3 megtekint\u00e9se<\/p>\n","protected":false},"author":3,"featured_media":22266,"comment_status":"closed","ping_status":"closed","sticky":false,"template":"","format":"standard","meta":{"footnotes":""},"categories":[5,1],"tags":[],"class_list":["post-22262","post","type-post","status-publish","format-standard","has-post-thumbnail","hentry","category-hirek","category-valogatott"],"yoast_head":"<!-- This site is optimized with the Yoast SEO plugin v27.3 - https:\/\/yoast.com\/product\/yoast-seo-wordpress\/ -->\n<title>Pilinszky: Medit\u00e1ci\u00f3 - Stuttgarti Katolikusok<\/title>\n<meta name=\"robots\" content=\"index, follow, max-snippet:-1, max-image-preview:large, max-video-preview:-1\" \/>\n<link rel=\"canonical\" href=\"https:\/\/stuttgarti-katolikusok.de\/index.php\/pilinszky-meditacio\/\" \/>\n<meta property=\"og:locale\" content=\"hu_HU\" \/>\n<meta property=\"og:type\" content=\"article\" \/>\n<meta property=\"og:title\" content=\"Pilinszky: Medit\u00e1ci\u00f3 - Stuttgarti Katolikusok\" \/>\n<meta property=\"og:description\" content=\"2021. szeptember 25-\u00e9n a J\u00e9zus Sz\u00edve templom adott otthont az Ars Sacra Alap\u00edtv\u00e1ny szervez\u00e9s\u00e9ben Pilinszky 100 \u00fcnnepi el\u0151ad\u00e1snak. Versek \u00e9s napl\u00f3r\u00e9szletek hangzottak el D\u00f3czy P\u00e9ter sz\u00ednm\u0171v\u00e9sz tolm\u00e1csol\u00e1s\u00e1ban. K\u00f6zrem\u0171k\u00f6d\u00f6tt Csonka Bogl\u00e1rka klarin\u00e9tm\u0171v\u00e9sz, \u00e9nekes. Az el\u0151ad\u00e1sr\u00f3l k\u00e9sz\u00edtett felv\u00e9tel al\u00e1bbi linken tekinthet\u0151 meg. Vide\u00f3 megtekint\u00e9se\" \/>\n<meta property=\"og:url\" content=\"https:\/\/stuttgarti-katolikusok.de\/index.php\/pilinszky-meditacio\/\" \/>\n<meta property=\"og:site_name\" content=\"Stuttgarti Katolikusok\" \/>\n<meta property=\"article:published_time\" content=\"2021-10-02T21:12:01+00:00\" \/>\n<meta property=\"article:modified_time\" content=\"2021-10-04T09:23:17+00:00\" \/>\n<meta property=\"og:image\" content=\"https:\/\/stuttgarti-katolikusok.de\/wp-content\/uploads\/2021\/09\/dsc-3642-scaled.jpg\" \/>\n\t<meta property=\"og:image:width\" content=\"2560\" \/>\n\t<meta property=\"og:image:height\" content=\"1714\" \/>\n\t<meta property=\"og:image:type\" content=\"image\/jpeg\" \/>\n<meta name=\"author\" content=\"Tibor atya\" \/>\n<meta name=\"twitter:card\" content=\"summary_large_image\" \/>\n<meta name=\"twitter:label1\" content=\"Szerz\u0151:\" \/>\n\t<meta name=\"twitter:data1\" content=\"Tibor atya\" \/>\n\t<meta name=\"twitter:label2\" content=\"Becs\u00fclt olvas\u00e1si id\u0151\" \/>\n\t<meta name=\"twitter:data2\" content=\"1 perc\" \/>\n<script type=\"application\/ld+json\" class=\"yoast-schema-graph\">{\"@context\":\"https:\\\/\\\/schema.org\",\"@graph\":[{\"@type\":\"Article\",\"@id\":\"https:\\\/\\\/stuttgarti-katolikusok.de\\\/index.php\\\/pilinszky-meditacio\\\/#article\",\"isPartOf\":{\"@id\":\"https:\\\/\\\/stuttgarti-katolikusok.de\\\/index.php\\\/pilinszky-meditacio\\\/\"},\"author\":{\"name\":\"Tibor atya\",\"@id\":\"https:\\\/\\\/stuttgarti-katolikusok.de\\\/#\\\/schema\\\/person\\\/75908d6f8fdc03a57889d27209df7795\"},\"headline\":\"Pilinszky: Medit\u00e1ci\u00f3\",\"datePublished\":\"2021-10-02T21:12:01+00:00\",\"dateModified\":\"2021-10-04T09:23:17+00:00\",\"mainEntityOfPage\":{\"@id\":\"https:\\\/\\\/stuttgarti-katolikusok.de\\\/index.php\\\/pilinszky-meditacio\\\/\"},\"wordCount\":89,\"image\":{\"@id\":\"https:\\\/\\\/stuttgarti-katolikusok.de\\\/index.php\\\/pilinszky-meditacio\\\/#primaryimage\"},\"thumbnailUrl\":\"https:\\\/\\\/stuttgarti-katolikusok.de\\\/wp-content\\\/uploads\\\/2021\\\/09\\\/dsc-3642-scaled.jpg\",\"articleSection\":[\"H\u00edrek\",\"V\u00e1logatott \u00edr\u00e1sok\"],\"inLanguage\":\"hu\"},{\"@type\":\"WebPage\",\"@id\":\"https:\\\/\\\/stuttgarti-katolikusok.de\\\/index.php\\\/pilinszky-meditacio\\\/\",\"url\":\"https:\\\/\\\/stuttgarti-katolikusok.de\\\/index.php\\\/pilinszky-meditacio\\\/\",\"name\":\"Pilinszky: Medit\u00e1ci\u00f3 - Stuttgarti Katolikusok\",\"isPartOf\":{\"@id\":\"https:\\\/\\\/stuttgarti-katolikusok.de\\\/#website\"},\"primaryImageOfPage\":{\"@id\":\"https:\\\/\\\/stuttgarti-katolikusok.de\\\/index.php\\\/pilinszky-meditacio\\\/#primaryimage\"},\"image\":{\"@id\":\"https:\\\/\\\/stuttgarti-katolikusok.de\\\/index.php\\\/pilinszky-meditacio\\\/#primaryimage\"},\"thumbnailUrl\":\"https:\\\/\\\/stuttgarti-katolikusok.de\\\/wp-content\\\/uploads\\\/2021\\\/09\\\/dsc-3642-scaled.jpg\",\"datePublished\":\"2021-10-02T21:12:01+00:00\",\"dateModified\":\"2021-10-04T09:23:17+00:00\",\"author\":{\"@id\":\"https:\\\/\\\/stuttgarti-katolikusok.de\\\/#\\\/schema\\\/person\\\/75908d6f8fdc03a57889d27209df7795\"},\"breadcrumb\":{\"@id\":\"https:\\\/\\\/stuttgarti-katolikusok.de\\\/index.php\\\/pilinszky-meditacio\\\/#breadcrumb\"},\"inLanguage\":\"hu\",\"potentialAction\":[{\"@type\":\"ReadAction\",\"target\":[\"https:\\\/\\\/stuttgarti-katolikusok.de\\\/index.php\\\/pilinszky-meditacio\\\/\"]}]},{\"@type\":\"ImageObject\",\"inLanguage\":\"hu\",\"@id\":\"https:\\\/\\\/stuttgarti-katolikusok.de\\\/index.php\\\/pilinszky-meditacio\\\/#primaryimage\",\"url\":\"https:\\\/\\\/stuttgarti-katolikusok.de\\\/wp-content\\\/uploads\\\/2021\\\/09\\\/dsc-3642-scaled.jpg\",\"contentUrl\":\"https:\\\/\\\/stuttgarti-katolikusok.de\\\/wp-content\\\/uploads\\\/2021\\\/09\\\/dsc-3642-scaled.jpg\",\"width\":2560,\"height\":1714},{\"@type\":\"BreadcrumbList\",\"@id\":\"https:\\\/\\\/stuttgarti-katolikusok.de\\\/index.php\\\/pilinszky-meditacio\\\/#breadcrumb\",\"itemListElement\":[{\"@type\":\"ListItem\",\"position\":1,\"name\":\"Kezd\u0151lap\",\"item\":\"https:\\\/\\\/stuttgarti-katolikusok.de\\\/\"},{\"@type\":\"ListItem\",\"position\":2,\"name\":\"Pilinszky: Medit\u00e1ci\u00f3\"}]},{\"@type\":\"WebSite\",\"@id\":\"https:\\\/\\\/stuttgarti-katolikusok.de\\\/#website\",\"url\":\"https:\\\/\\\/stuttgarti-katolikusok.de\\\/\",\"name\":\"Stuttgarti Katolikusok\",\"description\":\"\",\"potentialAction\":[{\"@type\":\"SearchAction\",\"target\":{\"@type\":\"EntryPoint\",\"urlTemplate\":\"https:\\\/\\\/stuttgarti-katolikusok.de\\\/?s={search_term_string}\"},\"query-input\":{\"@type\":\"PropertyValueSpecification\",\"valueRequired\":true,\"valueName\":\"search_term_string\"}}],\"inLanguage\":\"hu\"},{\"@type\":\"Person\",\"@id\":\"https:\\\/\\\/stuttgarti-katolikusok.de\\\/#\\\/schema\\\/person\\\/75908d6f8fdc03a57889d27209df7795\",\"name\":\"Tibor atya\",\"image\":{\"@type\":\"ImageObject\",\"inLanguage\":\"hu\",\"@id\":\"https:\\\/\\\/secure.gravatar.com\\\/avatar\\\/61d268e57d1f4525b111222e29d2d5a7f8c420fdbf231ba5566a8ceac74fa960?s=96&d=mm&r=g\",\"url\":\"https:\\\/\\\/secure.gravatar.com\\\/avatar\\\/61d268e57d1f4525b111222e29d2d5a7f8c420fdbf231ba5566a8ceac74fa960?s=96&d=mm&r=g\",\"contentUrl\":\"https:\\\/\\\/secure.gravatar.com\\\/avatar\\\/61d268e57d1f4525b111222e29d2d5a7f8c420fdbf231ba5566a8ceac74fa960?s=96&d=mm&r=g\",\"caption\":\"Tibor atya\"},\"url\":\"https:\\\/\\\/stuttgarti-katolikusok.de\\\/index.php\\\/author\\\/tibor-atya\\\/\"}]}<\/script>\n<!-- \/ Yoast SEO plugin. -->","yoast_head_json":{"title":"Pilinszky: Medit\u00e1ci\u00f3 - Stuttgarti Katolikusok","robots":{"index":"index","follow":"follow","max-snippet":"max-snippet:-1","max-image-preview":"max-image-preview:large","max-video-preview":"max-video-preview:-1"},"canonical":"https:\/\/stuttgarti-katolikusok.de\/index.php\/pilinszky-meditacio\/","og_locale":"hu_HU","og_type":"article","og_title":"Pilinszky: Medit\u00e1ci\u00f3 - Stuttgarti Katolikusok","og_description":"2021. szeptember 25-\u00e9n a J\u00e9zus Sz\u00edve templom adott otthont az Ars Sacra Alap\u00edtv\u00e1ny szervez\u00e9s\u00e9ben Pilinszky 100 \u00fcnnepi el\u0151ad\u00e1snak. Versek \u00e9s napl\u00f3r\u00e9szletek hangzottak el D\u00f3czy P\u00e9ter sz\u00ednm\u0171v\u00e9sz tolm\u00e1csol\u00e1s\u00e1ban. K\u00f6zrem\u0171k\u00f6d\u00f6tt Csonka Bogl\u00e1rka klarin\u00e9tm\u0171v\u00e9sz, \u00e9nekes. Az el\u0151ad\u00e1sr\u00f3l k\u00e9sz\u00edtett felv\u00e9tel al\u00e1bbi linken tekinthet\u0151 meg. Vide\u00f3 megtekint\u00e9se","og_url":"https:\/\/stuttgarti-katolikusok.de\/index.php\/pilinszky-meditacio\/","og_site_name":"Stuttgarti Katolikusok","article_published_time":"2021-10-02T21:12:01+00:00","article_modified_time":"2021-10-04T09:23:17+00:00","og_image":[{"width":2560,"height":1714,"url":"https:\/\/stuttgarti-katolikusok.de\/wp-content\/uploads\/2021\/09\/dsc-3642-scaled.jpg","type":"image\/jpeg"}],"author":"Tibor atya","twitter_card":"summary_large_image","twitter_misc":{"Szerz\u0151:":"Tibor atya","Becs\u00fclt olvas\u00e1si id\u0151":"1 perc"},"schema":{"@context":"https:\/\/schema.org","@graph":[{"@type":"Article","@id":"https:\/\/stuttgarti-katolikusok.de\/index.php\/pilinszky-meditacio\/#article","isPartOf":{"@id":"https:\/\/stuttgarti-katolikusok.de\/index.php\/pilinszky-meditacio\/"},"author":{"name":"Tibor atya","@id":"https:\/\/stuttgarti-katolikusok.de\/#\/schema\/person\/75908d6f8fdc03a57889d27209df7795"},"headline":"Pilinszky: Medit\u00e1ci\u00f3","datePublished":"2021-10-02T21:12:01+00:00","dateModified":"2021-10-04T09:23:17+00:00","mainEntityOfPage":{"@id":"https:\/\/stuttgarti-katolikusok.de\/index.php\/pilinszky-meditacio\/"},"wordCount":89,"image":{"@id":"https:\/\/stuttgarti-katolikusok.de\/index.php\/pilinszky-meditacio\/#primaryimage"},"thumbnailUrl":"https:\/\/stuttgarti-katolikusok.de\/wp-content\/uploads\/2021\/09\/dsc-3642-scaled.jpg","articleSection":["H\u00edrek","V\u00e1logatott \u00edr\u00e1sok"],"inLanguage":"hu"},{"@type":"WebPage","@id":"https:\/\/stuttgarti-katolikusok.de\/index.php\/pilinszky-meditacio\/","url":"https:\/\/stuttgarti-katolikusok.de\/index.php\/pilinszky-meditacio\/","name":"Pilinszky: Medit\u00e1ci\u00f3 - Stuttgarti Katolikusok","isPartOf":{"@id":"https:\/\/stuttgarti-katolikusok.de\/#website"},"primaryImageOfPage":{"@id":"https:\/\/stuttgarti-katolikusok.de\/index.php\/pilinszky-meditacio\/#primaryimage"},"image":{"@id":"https:\/\/stuttgarti-katolikusok.de\/index.php\/pilinszky-meditacio\/#primaryimage"},"thumbnailUrl":"https:\/\/stuttgarti-katolikusok.de\/wp-content\/uploads\/2021\/09\/dsc-3642-scaled.jpg","datePublished":"2021-10-02T21:12:01+00:00","dateModified":"2021-10-04T09:23:17+00:00","author":{"@id":"https:\/\/stuttgarti-katolikusok.de\/#\/schema\/person\/75908d6f8fdc03a57889d27209df7795"},"breadcrumb":{"@id":"https:\/\/stuttgarti-katolikusok.de\/index.php\/pilinszky-meditacio\/#breadcrumb"},"inLanguage":"hu","potentialAction":[{"@type":"ReadAction","target":["https:\/\/stuttgarti-katolikusok.de\/index.php\/pilinszky-meditacio\/"]}]},{"@type":"ImageObject","inLanguage":"hu","@id":"https:\/\/stuttgarti-katolikusok.de\/index.php\/pilinszky-meditacio\/#primaryimage","url":"https:\/\/stuttgarti-katolikusok.de\/wp-content\/uploads\/2021\/09\/dsc-3642-scaled.jpg","contentUrl":"https:\/\/stuttgarti-katolikusok.de\/wp-content\/uploads\/2021\/09\/dsc-3642-scaled.jpg","width":2560,"height":1714},{"@type":"BreadcrumbList","@id":"https:\/\/stuttgarti-katolikusok.de\/index.php\/pilinszky-meditacio\/#breadcrumb","itemListElement":[{"@type":"ListItem","position":1,"name":"Kezd\u0151lap","item":"https:\/\/stuttgarti-katolikusok.de\/"},{"@type":"ListItem","position":2,"name":"Pilinszky: Medit\u00e1ci\u00f3"}]},{"@type":"WebSite","@id":"https:\/\/stuttgarti-katolikusok.de\/#website","url":"https:\/\/stuttgarti-katolikusok.de\/","name":"Stuttgarti Katolikusok","description":"","potentialAction":[{"@type":"SearchAction","target":{"@type":"EntryPoint","urlTemplate":"https:\/\/stuttgarti-katolikusok.de\/?s={search_term_string}"},"query-input":{"@type":"PropertyValueSpecification","valueRequired":true,"valueName":"search_term_string"}}],"inLanguage":"hu"},{"@type":"Person","@id":"https:\/\/stuttgarti-katolikusok.de\/#\/schema\/person\/75908d6f8fdc03a57889d27209df7795","name":"Tibor atya","image":{"@type":"ImageObject","inLanguage":"hu","@id":"https:\/\/secure.gravatar.com\/avatar\/61d268e57d1f4525b111222e29d2d5a7f8c420fdbf231ba5566a8ceac74fa960?s=96&d=mm&r=g","url":"https:\/\/secure.gravatar.com\/avatar\/61d268e57d1f4525b111222e29d2d5a7f8c420fdbf231ba5566a8ceac74fa960?s=96&d=mm&r=g","contentUrl":"https:\/\/secure.gravatar.com\/avatar\/61d268e57d1f4525b111222e29d2d5a7f8c420fdbf231ba5566a8ceac74fa960?s=96&d=mm&r=g","caption":"Tibor atya"},"url":"https:\/\/stuttgarti-katolikusok.de\/index.php\/author\/tibor-atya\/"}]}},"_links":{"self":[{"href":"https:\/\/stuttgarti-katolikusok.de\/index.php\/wp-json\/wp\/v2\/posts\/22262","targetHints":{"allow":["GET"]}}],"collection":[{"href":"https:\/\/stuttgarti-katolikusok.de\/index.php\/wp-json\/wp\/v2\/posts"}],"about":[{"href":"https:\/\/stuttgarti-katolikusok.de\/index.php\/wp-json\/wp\/v2\/types\/post"}],"author":[{"embeddable":true,"href":"https:\/\/stuttgarti-katolikusok.de\/index.php\/wp-json\/wp\/v2\/users\/3"}],"replies":[{"embeddable":true,"href":"https:\/\/stuttgarti-katolikusok.de\/index.php\/wp-json\/wp\/v2\/comments?post=22262"}],"version-history":[{"count":6,"href":"https:\/\/stuttgarti-katolikusok.de\/index.php\/wp-json\/wp\/v2\/posts\/22262\/revisions"}],"predecessor-version":[{"id":22270,"href":"https:\/\/stuttgarti-katolikusok.de\/index.php\/wp-json\/wp\/v2\/posts\/22262\/revisions\/22270"}],"wp:featuredmedia":[{"embeddable":true,"href":"https:\/\/stuttgarti-katolikusok.de\/index.php\/wp-json\/wp\/v2\/media\/22266"}],"wp:attachment":[{"href":"https:\/\/stuttgarti-katolikusok.de\/index.php\/wp-json\/wp\/v2\/media?parent=22262"}],"wp:term":[{"taxonomy":"category","embeddable":true,"href":"https:\/\/stuttgarti-katolikusok.de\/index.php\/wp-json\/wp\/v2\/categories?post=22262"},{"taxonomy":"post_tag","embeddable":true,"href":"https:\/\/stuttgarti-katolikusok.de\/index.php\/wp-json\/wp\/v2\/tags?post=22262"}],"curies":[{"name":"wp","href":"https:\/\/api.w.org\/{rel}","templated":true}]}}