{"id":22243,"date":"2021-09-23T22:10:57","date_gmt":"2021-09-23T22:10:57","guid":{"rendered":"https:\/\/stuttgarti-katolikusok.de\/?p=22243"},"modified":"2022-05-12T11:17:02","modified_gmt":"2022-05-12T09:17:02","slug":"szent-gellert-bucsu-stuttgartban-2","status":"publish","type":"post","link":"https:\/\/stuttgarti-katolikusok.de\/index.php\/szent-gellert-bucsu-stuttgartban-2\/","title":{"rendered":"Szent Gell\u00e9rt b\u00facs\u00fa Stuttgartban"},"content":{"rendered":"<p>2021. szeptember 19-\u00e9n, vas\u00e1rnap tartottuk meg egyh\u00e1zk\u00f6zs\u00e9gi b\u00facs\u00fa \u00fcnnep\u00fcnket Stuttgartban.<\/p>\n<p>A szentmise f\u0151celebr\u00e1nsa \u00e9s \u00fcnnepi sz\u00f3noka Ft. Ily\u00e9s Csaba, nagyk\u00e1rolyi esperes pl\u00e9b\u00e1nos atya volt. K\u00e9t \u00fcnnepi mozzanata is volt\u00a0 a szentmis\u00e9nek.<\/p>\n<p>A szentmise kezdet\u00e9n\u00a0 meg\u00e1ldottuk az erre az alkalomra k\u00e9sz\u00edtett Szent Gell\u00e9rt miseruh\u00e1t. Ezt k\u00f6vet\u0151en a Szent Gy\u00f6rgy Lovagrend\u00a0 Budav\u00e1ri prior\u00e1tus k\u00e9pviselet\u00e9ben Kaiser Ern\u0151, Kov\u00e1cs G\u00e1bor \u00e9s Dr. T\u00f3thp\u00e1l Tam\u00e1s lovagok Szent Gell\u00e9rt erekly\u00e9t adtak \u00e1t k\u00f6z\u00f6ss\u00e9g\u00fcnknek.<\/p>\n<p>Liturgi\u00e1nkat a Gloria Cantus k\u00f3rusunk \u00e9nekei, tov\u00e1bb\u00e1 Kozma-Plecsk\u00f3 Edina (heged\u0171) \u00e9s H\u00e4fner Geiger Ildik\u00f3 (zongora) \u00e1ltal el\u0151adott m\u0171vek tettek sz\u00e9pp\u00e9 \u00e9s felemel\u0151v\u00e9.<\/p>\n<p>K\u00f6sz\u00f6net Josef Laupheimer aty\u00e1nak, aki szint\u00e9n buzd\u00edt\u00f3 gondolatokkal aj\u00e1nd\u00e9kozott meg benn\u00fcnket.<\/p>\n<p>Az adott k\u00f6r\u00fclm\u00e9nyekhez \u00e9s lehet\u0151s\u00e9gekhez igazodva, szentmise v\u00e9g\u00e9n \u00e1g\u00e1p\u00e9t is tarthattunk.<\/p>\n<p>K\u00f6sz\u00f6net mindazoknak, akik seg\u00edt\u0151 kezet ny\u00fajtottak mind a szentmise, mind alkalm\u00e1val.<\/p>\n<p>Mint mindig, a k\u00e9peket most is D\u00e1vid Ferenc k\u00e9sz\u00edtette.<\/p>\n                    <div class=\"flicgal-gallery-wrapper gallery-22242\">\n                                                    <h3 class=\"flicgal-title\">Szent Gell\u00e9rt b\u00facs\u00fa Stuttgart 2021<\/h3>\n                                                <div class=\"flicgal-gallery-container-wrapper\">\n                            <div class=\"flicgal-spinner-wrapper\">\n                                <div class=\"flicgal-loading-img\"><img decoding=\"async\" src=\"https:\/\/stuttgarti-katolikusok.de\/wp-content\/plugins\/flickr-album-gallery\/img\/loading.gif\" \/><\/div>\n                            <\/div>\n                            <div class=\"flicgal-gallery-container\"><\/div>\n                        <\/div>\n                        <!-- Blueimp gallery -->\n                        <div id=\"blueimp-gallery-22242\" class=\"blueimp-gallery blueimp-gallery-controls\">\n                            <div class=\"slides\"><\/div>\n                            <h3 class=\"title\"><\/h3>\n                            <a class=\"prev\">\u2039<\/a>\n                            <a class=\"next\">\u203a<\/a>\n                            <a class=\"close\">\u00d7<\/a>\n                            <a class=\"play-pause\"><\/a>\n                            <ol class=\"indicator\"><\/ol>\n                        <\/div>\n                    <\/div>\n                    \n            \n","protected":false},"excerpt":{"rendered":"<p>2021. szeptember 19-\u00e9n, vas\u00e1rnap tartottuk meg egyh\u00e1zk\u00f6zs\u00e9gi b\u00facs\u00fa \u00fcnnep\u00fcnket Stuttgartban. A szentmise f\u0151celebr\u00e1nsa \u00e9s \u00fcnnepi sz\u00f3noka Ft. Ily\u00e9s Csaba, nagyk\u00e1rolyi esperes pl\u00e9b\u00e1nos atya volt. K\u00e9t \u00fcnnepi mozzanata is volt\u00a0 a szentmis\u00e9nek. A szentmise kezdet\u00e9n\u00a0 meg\u00e1ldottuk az erre az alkalomra k\u00e9sz\u00edtett Szent Gell\u00e9rt miseruh\u00e1t. Ezt k\u00f6vet\u0151en a Szent Gy\u00f6rgy Lovagrend\u00a0 Budav\u00e1ri prior\u00e1tus k\u00e9pviselet\u00e9ben Kaiser Ern\u0151, Kov\u00e1cs G\u00e1bor \u00e9s Dr. T\u00f3thp\u00e1l Tam\u00e1s lovagok Szent Gell\u00e9rt erekly\u00e9t adtak \u00e1t k\u00f6z\u00f6ss\u00e9g\u00fcnknek. Liturgi\u00e1nkat a Gloria Cantus k\u00f3rusunk \u00e9nekei, tov\u00e1bb\u00e1 Kozma-Plecsk\u00f3 Edina (heged\u0171) \u00e9s H\u00e4fner Geiger Ildik\u00f3 (zongora) \u00e1ltal el\u0151adott m\u0171vek tettek sz\u00e9pp\u00e9 \u00e9s felemel\u0151v\u00e9. K\u00f6sz\u00f6net Josef Laupheimer aty\u00e1nak, aki szint\u00e9n buzd\u00edt\u00f3 gondolatokkal aj\u00e1nd\u00e9kozott meg benn\u00fcnket. Az adott k\u00f6r\u00fclm\u00e9nyekhez \u00e9s lehet\u0151s\u00e9gekhez igazodva, szentmise v\u00e9g\u00e9n \u00e1g\u00e1p\u00e9t is tarthattunk. K\u00f6sz\u00f6net mindazoknak, akik seg\u00edt\u0151 kezet ny\u00fajtottak mind a szentmise, mind alkalm\u00e1val. Mint mindig, a k\u00e9peket most is D\u00e1vid Ferenc k\u00e9sz\u00edtette.<\/p>\n","protected":false},"author":3,"featured_media":22244,"comment_status":"closed","ping_status":"closed","sticky":false,"template":"","format":"standard","meta":{"footnotes":""},"categories":[39],"tags":[],"class_list":["post-22243","post","type-post","status-publish","format-standard","has-post-thumbnail","hentry","category-kepgaleria"],"yoast_head":"<!-- This site is optimized with the Yoast SEO plugin v27.3 - https:\/\/yoast.com\/product\/yoast-seo-wordpress\/ -->\n<title>Szent Gell\u00e9rt b\u00facs\u00fa Stuttgartban - Stuttgarti Katolikusok<\/title>\n<meta name=\"robots\" content=\"index, follow, max-snippet:-1, max-image-preview:large, max-video-preview:-1\" \/>\n<link rel=\"canonical\" href=\"https:\/\/stuttgarti-katolikusok.de\/index.php\/szent-gellert-bucsu-stuttgartban-2\/\" \/>\n<meta property=\"og:locale\" content=\"hu_HU\" \/>\n<meta property=\"og:type\" content=\"article\" \/>\n<meta property=\"og:title\" content=\"Szent Gell\u00e9rt b\u00facs\u00fa Stuttgartban - Stuttgarti Katolikusok\" \/>\n<meta property=\"og:description\" content=\"2021. szeptember 19-\u00e9n, vas\u00e1rnap tartottuk meg egyh\u00e1zk\u00f6zs\u00e9gi b\u00facs\u00fa \u00fcnnep\u00fcnket Stuttgartban. A szentmise f\u0151celebr\u00e1nsa \u00e9s \u00fcnnepi sz\u00f3noka Ft. Ily\u00e9s Csaba, nagyk\u00e1rolyi esperes pl\u00e9b\u00e1nos atya volt. K\u00e9t \u00fcnnepi mozzanata is volt\u00a0 a szentmis\u00e9nek. A szentmise kezdet\u00e9n\u00a0 meg\u00e1ldottuk az erre az alkalomra k\u00e9sz\u00edtett Szent Gell\u00e9rt miseruh\u00e1t. Ezt k\u00f6vet\u0151en a Szent Gy\u00f6rgy Lovagrend\u00a0 Budav\u00e1ri prior\u00e1tus k\u00e9pviselet\u00e9ben Kaiser Ern\u0151, Kov\u00e1cs G\u00e1bor \u00e9s Dr. T\u00f3thp\u00e1l Tam\u00e1s lovagok Szent Gell\u00e9rt erekly\u00e9t adtak \u00e1t k\u00f6z\u00f6ss\u00e9g\u00fcnknek. Liturgi\u00e1nkat a Gloria Cantus k\u00f3rusunk \u00e9nekei, tov\u00e1bb\u00e1 Kozma-Plecsk\u00f3 Edina (heged\u0171) \u00e9s H\u00e4fner Geiger Ildik\u00f3 (zongora) \u00e1ltal el\u0151adott m\u0171vek tettek sz\u00e9pp\u00e9 \u00e9s felemel\u0151v\u00e9. K\u00f6sz\u00f6net Josef Laupheimer aty\u00e1nak, aki szint\u00e9n buzd\u00edt\u00f3 gondolatokkal aj\u00e1nd\u00e9kozott meg benn\u00fcnket. Az adott k\u00f6r\u00fclm\u00e9nyekhez \u00e9s lehet\u0151s\u00e9gekhez igazodva, szentmise v\u00e9g\u00e9n \u00e1g\u00e1p\u00e9t is tarthattunk. K\u00f6sz\u00f6net mindazoknak, akik seg\u00edt\u0151 kezet ny\u00fajtottak mind a szentmise, mind alkalm\u00e1val. Mint mindig, a k\u00e9peket most is D\u00e1vid Ferenc k\u00e9sz\u00edtette.\" \/>\n<meta property=\"og:url\" content=\"https:\/\/stuttgarti-katolikusok.de\/index.php\/szent-gellert-bucsu-stuttgartban-2\/\" \/>\n<meta property=\"og:site_name\" content=\"Stuttgarti Katolikusok\" \/>\n<meta property=\"article:published_time\" content=\"2021-09-23T22:10:57+00:00\" \/>\n<meta property=\"article:modified_time\" content=\"2022-05-12T09:17:02+00:00\" \/>\n<meta property=\"og:image\" content=\"https:\/\/stuttgarti-katolikusok.de\/wp-content\/uploads\/2021\/09\/szent-gellert.jpg\" \/>\n\t<meta property=\"og:image:width\" content=\"799\" \/>\n\t<meta property=\"og:image:height\" content=\"533\" \/>\n\t<meta property=\"og:image:type\" content=\"image\/jpeg\" \/>\n<meta name=\"author\" content=\"Tibor atya\" \/>\n<meta name=\"twitter:card\" content=\"summary_large_image\" \/>\n<meta name=\"twitter:label1\" content=\"Szerz\u0151:\" \/>\n\t<meta name=\"twitter:data1\" content=\"Tibor atya\" \/>\n\t<meta name=\"twitter:label2\" content=\"Becs\u00fclt olvas\u00e1si id\u0151\" \/>\n\t<meta name=\"twitter:data2\" content=\"1 perc\" \/>\n<script type=\"application\/ld+json\" class=\"yoast-schema-graph\">{\"@context\":\"https:\\\/\\\/schema.org\",\"@graph\":[{\"@type\":\"Article\",\"@id\":\"https:\\\/\\\/stuttgarti-katolikusok.de\\\/index.php\\\/szent-gellert-bucsu-stuttgartban-2\\\/#article\",\"isPartOf\":{\"@id\":\"https:\\\/\\\/stuttgarti-katolikusok.de\\\/index.php\\\/szent-gellert-bucsu-stuttgartban-2\\\/\"},\"author\":{\"name\":\"Tibor atya\",\"@id\":\"https:\\\/\\\/stuttgarti-katolikusok.de\\\/#\\\/schema\\\/person\\\/75908d6f8fdc03a57889d27209df7795\"},\"headline\":\"Szent Gell\u00e9rt b\u00facs\u00fa Stuttgartban\",\"datePublished\":\"2021-09-23T22:10:57+00:00\",\"dateModified\":\"2022-05-12T09:17:02+00:00\",\"mainEntityOfPage\":{\"@id\":\"https:\\\/\\\/stuttgarti-katolikusok.de\\\/index.php\\\/szent-gellert-bucsu-stuttgartban-2\\\/\"},\"wordCount\":212,\"image\":{\"@id\":\"https:\\\/\\\/stuttgarti-katolikusok.de\\\/index.php\\\/szent-gellert-bucsu-stuttgartban-2\\\/#primaryimage\"},\"thumbnailUrl\":\"https:\\\/\\\/stuttgarti-katolikusok.de\\\/wp-content\\\/uploads\\\/2021\\\/09\\\/szent-gellert.jpg\",\"articleSection\":[\"K\u00e9pgal\u00e9ria\"],\"inLanguage\":\"hu\"},{\"@type\":\"WebPage\",\"@id\":\"https:\\\/\\\/stuttgarti-katolikusok.de\\\/index.php\\\/szent-gellert-bucsu-stuttgartban-2\\\/\",\"url\":\"https:\\\/\\\/stuttgarti-katolikusok.de\\\/index.php\\\/szent-gellert-bucsu-stuttgartban-2\\\/\",\"name\":\"Szent Gell\u00e9rt b\u00facs\u00fa Stuttgartban - Stuttgarti Katolikusok\",\"isPartOf\":{\"@id\":\"https:\\\/\\\/stuttgarti-katolikusok.de\\\/#website\"},\"primaryImageOfPage\":{\"@id\":\"https:\\\/\\\/stuttgarti-katolikusok.de\\\/index.php\\\/szent-gellert-bucsu-stuttgartban-2\\\/#primaryimage\"},\"image\":{\"@id\":\"https:\\\/\\\/stuttgarti-katolikusok.de\\\/index.php\\\/szent-gellert-bucsu-stuttgartban-2\\\/#primaryimage\"},\"thumbnailUrl\":\"https:\\\/\\\/stuttgarti-katolikusok.de\\\/wp-content\\\/uploads\\\/2021\\\/09\\\/szent-gellert.jpg\",\"datePublished\":\"2021-09-23T22:10:57+00:00\",\"dateModified\":\"2022-05-12T09:17:02+00:00\",\"author\":{\"@id\":\"https:\\\/\\\/stuttgarti-katolikusok.de\\\/#\\\/schema\\\/person\\\/75908d6f8fdc03a57889d27209df7795\"},\"breadcrumb\":{\"@id\":\"https:\\\/\\\/stuttgarti-katolikusok.de\\\/index.php\\\/szent-gellert-bucsu-stuttgartban-2\\\/#breadcrumb\"},\"inLanguage\":\"hu\",\"potentialAction\":[{\"@type\":\"ReadAction\",\"target\":[\"https:\\\/\\\/stuttgarti-katolikusok.de\\\/index.php\\\/szent-gellert-bucsu-stuttgartban-2\\\/\"]}]},{\"@type\":\"ImageObject\",\"inLanguage\":\"hu\",\"@id\":\"https:\\\/\\\/stuttgarti-katolikusok.de\\\/index.php\\\/szent-gellert-bucsu-stuttgartban-2\\\/#primaryimage\",\"url\":\"https:\\\/\\\/stuttgarti-katolikusok.de\\\/wp-content\\\/uploads\\\/2021\\\/09\\\/szent-gellert.jpg\",\"contentUrl\":\"https:\\\/\\\/stuttgarti-katolikusok.de\\\/wp-content\\\/uploads\\\/2021\\\/09\\\/szent-gellert.jpg\",\"width\":799,\"height\":533},{\"@type\":\"BreadcrumbList\",\"@id\":\"https:\\\/\\\/stuttgarti-katolikusok.de\\\/index.php\\\/szent-gellert-bucsu-stuttgartban-2\\\/#breadcrumb\",\"itemListElement\":[{\"@type\":\"ListItem\",\"position\":1,\"name\":\"Kezd\u0151lap\",\"item\":\"https:\\\/\\\/stuttgarti-katolikusok.de\\\/\"},{\"@type\":\"ListItem\",\"position\":2,\"name\":\"Szent Gell\u00e9rt b\u00facs\u00fa Stuttgartban\"}]},{\"@type\":\"WebSite\",\"@id\":\"https:\\\/\\\/stuttgarti-katolikusok.de\\\/#website\",\"url\":\"https:\\\/\\\/stuttgarti-katolikusok.de\\\/\",\"name\":\"Stuttgarti Katolikusok\",\"description\":\"\",\"potentialAction\":[{\"@type\":\"SearchAction\",\"target\":{\"@type\":\"EntryPoint\",\"urlTemplate\":\"https:\\\/\\\/stuttgarti-katolikusok.de\\\/?s={search_term_string}\"},\"query-input\":{\"@type\":\"PropertyValueSpecification\",\"valueRequired\":true,\"valueName\":\"search_term_string\"}}],\"inLanguage\":\"hu\"},{\"@type\":\"Person\",\"@id\":\"https:\\\/\\\/stuttgarti-katolikusok.de\\\/#\\\/schema\\\/person\\\/75908d6f8fdc03a57889d27209df7795\",\"name\":\"Tibor atya\",\"image\":{\"@type\":\"ImageObject\",\"inLanguage\":\"hu\",\"@id\":\"https:\\\/\\\/secure.gravatar.com\\\/avatar\\\/61d268e57d1f4525b111222e29d2d5a7f8c420fdbf231ba5566a8ceac74fa960?s=96&d=mm&r=g\",\"url\":\"https:\\\/\\\/secure.gravatar.com\\\/avatar\\\/61d268e57d1f4525b111222e29d2d5a7f8c420fdbf231ba5566a8ceac74fa960?s=96&d=mm&r=g\",\"contentUrl\":\"https:\\\/\\\/secure.gravatar.com\\\/avatar\\\/61d268e57d1f4525b111222e29d2d5a7f8c420fdbf231ba5566a8ceac74fa960?s=96&d=mm&r=g\",\"caption\":\"Tibor atya\"},\"url\":\"https:\\\/\\\/stuttgarti-katolikusok.de\\\/index.php\\\/author\\\/tibor-atya\\\/\"}]}<\/script>\n<!-- \/ Yoast SEO plugin. -->","yoast_head_json":{"title":"Szent Gell\u00e9rt b\u00facs\u00fa Stuttgartban - Stuttgarti Katolikusok","robots":{"index":"index","follow":"follow","max-snippet":"max-snippet:-1","max-image-preview":"max-image-preview:large","max-video-preview":"max-video-preview:-1"},"canonical":"https:\/\/stuttgarti-katolikusok.de\/index.php\/szent-gellert-bucsu-stuttgartban-2\/","og_locale":"hu_HU","og_type":"article","og_title":"Szent Gell\u00e9rt b\u00facs\u00fa Stuttgartban - Stuttgarti Katolikusok","og_description":"2021. szeptember 19-\u00e9n, vas\u00e1rnap tartottuk meg egyh\u00e1zk\u00f6zs\u00e9gi b\u00facs\u00fa \u00fcnnep\u00fcnket Stuttgartban. A szentmise f\u0151celebr\u00e1nsa \u00e9s \u00fcnnepi sz\u00f3noka Ft. Ily\u00e9s Csaba, nagyk\u00e1rolyi esperes pl\u00e9b\u00e1nos atya volt. K\u00e9t \u00fcnnepi mozzanata is volt\u00a0 a szentmis\u00e9nek. A szentmise kezdet\u00e9n\u00a0 meg\u00e1ldottuk az erre az alkalomra k\u00e9sz\u00edtett Szent Gell\u00e9rt miseruh\u00e1t. Ezt k\u00f6vet\u0151en a Szent Gy\u00f6rgy Lovagrend\u00a0 Budav\u00e1ri prior\u00e1tus k\u00e9pviselet\u00e9ben Kaiser Ern\u0151, Kov\u00e1cs G\u00e1bor \u00e9s Dr. T\u00f3thp\u00e1l Tam\u00e1s lovagok Szent Gell\u00e9rt erekly\u00e9t adtak \u00e1t k\u00f6z\u00f6ss\u00e9g\u00fcnknek. Liturgi\u00e1nkat a Gloria Cantus k\u00f3rusunk \u00e9nekei, tov\u00e1bb\u00e1 Kozma-Plecsk\u00f3 Edina (heged\u0171) \u00e9s H\u00e4fner Geiger Ildik\u00f3 (zongora) \u00e1ltal el\u0151adott m\u0171vek tettek sz\u00e9pp\u00e9 \u00e9s felemel\u0151v\u00e9. K\u00f6sz\u00f6net Josef Laupheimer aty\u00e1nak, aki szint\u00e9n buzd\u00edt\u00f3 gondolatokkal aj\u00e1nd\u00e9kozott meg benn\u00fcnket. Az adott k\u00f6r\u00fclm\u00e9nyekhez \u00e9s lehet\u0151s\u00e9gekhez igazodva, szentmise v\u00e9g\u00e9n \u00e1g\u00e1p\u00e9t is tarthattunk. K\u00f6sz\u00f6net mindazoknak, akik seg\u00edt\u0151 kezet ny\u00fajtottak mind a szentmise, mind alkalm\u00e1val. Mint mindig, a k\u00e9peket most is D\u00e1vid Ferenc k\u00e9sz\u00edtette.","og_url":"https:\/\/stuttgarti-katolikusok.de\/index.php\/szent-gellert-bucsu-stuttgartban-2\/","og_site_name":"Stuttgarti Katolikusok","article_published_time":"2021-09-23T22:10:57+00:00","article_modified_time":"2022-05-12T09:17:02+00:00","og_image":[{"width":799,"height":533,"url":"https:\/\/stuttgarti-katolikusok.de\/wp-content\/uploads\/2021\/09\/szent-gellert.jpg","type":"image\/jpeg"}],"author":"Tibor atya","twitter_card":"summary_large_image","twitter_misc":{"Szerz\u0151:":"Tibor atya","Becs\u00fclt olvas\u00e1si id\u0151":"1 perc"},"schema":{"@context":"https:\/\/schema.org","@graph":[{"@type":"Article","@id":"https:\/\/stuttgarti-katolikusok.de\/index.php\/szent-gellert-bucsu-stuttgartban-2\/#article","isPartOf":{"@id":"https:\/\/stuttgarti-katolikusok.de\/index.php\/szent-gellert-bucsu-stuttgartban-2\/"},"author":{"name":"Tibor atya","@id":"https:\/\/stuttgarti-katolikusok.de\/#\/schema\/person\/75908d6f8fdc03a57889d27209df7795"},"headline":"Szent Gell\u00e9rt b\u00facs\u00fa Stuttgartban","datePublished":"2021-09-23T22:10:57+00:00","dateModified":"2022-05-12T09:17:02+00:00","mainEntityOfPage":{"@id":"https:\/\/stuttgarti-katolikusok.de\/index.php\/szent-gellert-bucsu-stuttgartban-2\/"},"wordCount":212,"image":{"@id":"https:\/\/stuttgarti-katolikusok.de\/index.php\/szent-gellert-bucsu-stuttgartban-2\/#primaryimage"},"thumbnailUrl":"https:\/\/stuttgarti-katolikusok.de\/wp-content\/uploads\/2021\/09\/szent-gellert.jpg","articleSection":["K\u00e9pgal\u00e9ria"],"inLanguage":"hu"},{"@type":"WebPage","@id":"https:\/\/stuttgarti-katolikusok.de\/index.php\/szent-gellert-bucsu-stuttgartban-2\/","url":"https:\/\/stuttgarti-katolikusok.de\/index.php\/szent-gellert-bucsu-stuttgartban-2\/","name":"Szent Gell\u00e9rt b\u00facs\u00fa Stuttgartban - Stuttgarti Katolikusok","isPartOf":{"@id":"https:\/\/stuttgarti-katolikusok.de\/#website"},"primaryImageOfPage":{"@id":"https:\/\/stuttgarti-katolikusok.de\/index.php\/szent-gellert-bucsu-stuttgartban-2\/#primaryimage"},"image":{"@id":"https:\/\/stuttgarti-katolikusok.de\/index.php\/szent-gellert-bucsu-stuttgartban-2\/#primaryimage"},"thumbnailUrl":"https:\/\/stuttgarti-katolikusok.de\/wp-content\/uploads\/2021\/09\/szent-gellert.jpg","datePublished":"2021-09-23T22:10:57+00:00","dateModified":"2022-05-12T09:17:02+00:00","author":{"@id":"https:\/\/stuttgarti-katolikusok.de\/#\/schema\/person\/75908d6f8fdc03a57889d27209df7795"},"breadcrumb":{"@id":"https:\/\/stuttgarti-katolikusok.de\/index.php\/szent-gellert-bucsu-stuttgartban-2\/#breadcrumb"},"inLanguage":"hu","potentialAction":[{"@type":"ReadAction","target":["https:\/\/stuttgarti-katolikusok.de\/index.php\/szent-gellert-bucsu-stuttgartban-2\/"]}]},{"@type":"ImageObject","inLanguage":"hu","@id":"https:\/\/stuttgarti-katolikusok.de\/index.php\/szent-gellert-bucsu-stuttgartban-2\/#primaryimage","url":"https:\/\/stuttgarti-katolikusok.de\/wp-content\/uploads\/2021\/09\/szent-gellert.jpg","contentUrl":"https:\/\/stuttgarti-katolikusok.de\/wp-content\/uploads\/2021\/09\/szent-gellert.jpg","width":799,"height":533},{"@type":"BreadcrumbList","@id":"https:\/\/stuttgarti-katolikusok.de\/index.php\/szent-gellert-bucsu-stuttgartban-2\/#breadcrumb","itemListElement":[{"@type":"ListItem","position":1,"name":"Kezd\u0151lap","item":"https:\/\/stuttgarti-katolikusok.de\/"},{"@type":"ListItem","position":2,"name":"Szent Gell\u00e9rt b\u00facs\u00fa Stuttgartban"}]},{"@type":"WebSite","@id":"https:\/\/stuttgarti-katolikusok.de\/#website","url":"https:\/\/stuttgarti-katolikusok.de\/","name":"Stuttgarti Katolikusok","description":"","potentialAction":[{"@type":"SearchAction","target":{"@type":"EntryPoint","urlTemplate":"https:\/\/stuttgarti-katolikusok.de\/?s={search_term_string}"},"query-input":{"@type":"PropertyValueSpecification","valueRequired":true,"valueName":"search_term_string"}}],"inLanguage":"hu"},{"@type":"Person","@id":"https:\/\/stuttgarti-katolikusok.de\/#\/schema\/person\/75908d6f8fdc03a57889d27209df7795","name":"Tibor atya","image":{"@type":"ImageObject","inLanguage":"hu","@id":"https:\/\/secure.gravatar.com\/avatar\/61d268e57d1f4525b111222e29d2d5a7f8c420fdbf231ba5566a8ceac74fa960?s=96&d=mm&r=g","url":"https:\/\/secure.gravatar.com\/avatar\/61d268e57d1f4525b111222e29d2d5a7f8c420fdbf231ba5566a8ceac74fa960?s=96&d=mm&r=g","contentUrl":"https:\/\/secure.gravatar.com\/avatar\/61d268e57d1f4525b111222e29d2d5a7f8c420fdbf231ba5566a8ceac74fa960?s=96&d=mm&r=g","caption":"Tibor atya"},"url":"https:\/\/stuttgarti-katolikusok.de\/index.php\/author\/tibor-atya\/"}]}},"_links":{"self":[{"href":"https:\/\/stuttgarti-katolikusok.de\/index.php\/wp-json\/wp\/v2\/posts\/22243","targetHints":{"allow":["GET"]}}],"collection":[{"href":"https:\/\/stuttgarti-katolikusok.de\/index.php\/wp-json\/wp\/v2\/posts"}],"about":[{"href":"https:\/\/stuttgarti-katolikusok.de\/index.php\/wp-json\/wp\/v2\/types\/post"}],"author":[{"embeddable":true,"href":"https:\/\/stuttgarti-katolikusok.de\/index.php\/wp-json\/wp\/v2\/users\/3"}],"replies":[{"embeddable":true,"href":"https:\/\/stuttgarti-katolikusok.de\/index.php\/wp-json\/wp\/v2\/comments?post=22243"}],"version-history":[{"count":1,"href":"https:\/\/stuttgarti-katolikusok.de\/index.php\/wp-json\/wp\/v2\/posts\/22243\/revisions"}],"predecessor-version":[{"id":22245,"href":"https:\/\/stuttgarti-katolikusok.de\/index.php\/wp-json\/wp\/v2\/posts\/22243\/revisions\/22245"}],"wp:featuredmedia":[{"embeddable":true,"href":"https:\/\/stuttgarti-katolikusok.de\/index.php\/wp-json\/wp\/v2\/media\/22244"}],"wp:attachment":[{"href":"https:\/\/stuttgarti-katolikusok.de\/index.php\/wp-json\/wp\/v2\/media?parent=22243"}],"wp:term":[{"taxonomy":"category","embeddable":true,"href":"https:\/\/stuttgarti-katolikusok.de\/index.php\/wp-json\/wp\/v2\/categories?post=22243"},{"taxonomy":"post_tag","embeddable":true,"href":"https:\/\/stuttgarti-katolikusok.de\/index.php\/wp-json\/wp\/v2\/tags?post=22243"}],"curies":[{"name":"wp","href":"https:\/\/api.w.org\/{rel}","templated":true}]}}