{"id":22239,"date":"2021-09-23T21:31:36","date_gmt":"2021-09-23T21:31:36","guid":{"rendered":"https:\/\/stuttgarti-katolikusok.de\/?p=22239"},"modified":"2022-05-12T11:50:53","modified_gmt":"2022-05-12T09:50:53","slug":"szent-istvan-bucsu-heidenheimban-2","status":"publish","type":"post","link":"https:\/\/stuttgarti-katolikusok.de\/index.php\/szent-istvan-bucsu-heidenheimban-2\/","title":{"rendered":"Szent Istv\u00e1n b\u00facs\u00fa Heidenheimban"},"content":{"rendered":"<p>2021.szeptember 18-\u00e1n \u00fcnnep\u00e9lyes keretek k\u00f6z\u00f6tt k\u00f6z\u00f6s\u00e9g\u00fcnk tisztelgett v\u00e9d\u0151szent\u00fcnk Szent Istv\u00e1n kir\u00e1ly eml\u00e9k\u00e9nek. A szentmis\u00e9t vezette f\u0151tisztelend\u0151 Ily\u00e9s Csaba nagyk\u00e1rolyi esperes ( Szatm\u00e1r megye) \u00e9s Tibor atya.<\/p>\n<p>Az esperes \u00far p\u00e9ldabesz\u00e9d\u00e9ben besz\u00e9lt arr\u00f3l, hogy milyen fontos \u00e9let\u00fcnkben a szem\u00e9lyes, csal\u00e1di \u00e9s egyh\u00e1zk\u00f6zs\u00e9gi alapok lerak\u00e1sa. P\u00e9ld\u00e1nak \u00e1ll\u00edtotta el\u00e9nk Szent Istv\u00e1nt aki J\u00e9zus tan\u00edt\u00e1sa alapj\u00e1n, szikl\u00e1ra \u00e9p\u00edtve \u00e9let\u00e9t el\u00e9rhette, hogy egy nemzet is hely \u00e1lljon az \u00e9let viszontags\u00e1gaiban.<\/p>\n<p>Egyh\u00e1z k\u00f6z\u00f6ss\u00e9g\u00fcnket az a megtiszteltet\u00e9s \u00e9rte, hogy aj\u00e1nd\u00e9kba kapott egy Szent Istv\u00e1n erekly\u00e9t, valamint vend\u00e9g\u00fcl l\u00e1thatott egy Szent Gell\u00e9rt erekly\u00e9t, amelyeket Dr. Tothp\u00e1l Tam\u00e1s \u00e9s Kov\u00e1cs G\u00e1bor, a Szent Gy\u00f6rgy Lovagrend budav\u00e1ri prior\u00e1tus k\u00e9pvisel\u0151i hoztak el k\u00f6r\u00fcnkbe.<\/p>\n<p><a href=\"https:\/\/stuttgarti-katolikusok.de\/wp-content\/uploads\/2021\/09\/szt-istvan-e-scaled.jpg\"><img loading=\"lazy\" decoding=\"async\" class=\"alignnone size-full wp-image-22294\" src=\"https:\/\/stuttgarti-katolikusok.de\/wp-content\/uploads\/2021\/09\/szt-istvan-e-scaled.jpg\" alt=\"\" width=\"1173\" height=\"2560\" srcset=\"https:\/\/stuttgarti-katolikusok.de\/wp-content\/uploads\/2021\/09\/szt-istvan-e-scaled.jpg 1173w, https:\/\/stuttgarti-katolikusok.de\/wp-content\/uploads\/2021\/09\/szt-istvan-e-138x300.jpg 138w, https:\/\/stuttgarti-katolikusok.de\/wp-content\/uploads\/2021\/09\/szt-istvan-e-469x1024.jpg 469w, https:\/\/stuttgarti-katolikusok.de\/wp-content\/uploads\/2021\/09\/szt-istvan-e-704x1536.jpg 704w, https:\/\/stuttgarti-katolikusok.de\/wp-content\/uploads\/2021\/09\/szt-istvan-e-939x2048.jpg 939w\" sizes=\"auto, (max-width: 1173px) 100vw, 1173px\" \/><\/a><\/p>\n<p>Tibor atya meglepet\u00e9s aj\u00e1nd\u00e9ka egy egyedi miseruha, amelyet Trifu Cristina egyh\u00e1z-m\u0171v\u00e9szn\u0151 tervezett Szatm\u00e1rn\u00e9metiben. Ezent\u00fal a Szatm\u00e1rn\u00e9metib\u0151l \u00e9rkezett miseruha emeli \u00fcnnepeink f\u00e9ny\u00e9t.<\/p>\n<p><a href=\"https:\/\/stuttgarti-katolikusok.de\/wp-content\/uploads\/2021\/09\/sztistvan-h-scaled.jpg\"><img loading=\"lazy\" decoding=\"async\" class=\"alignnone size-full wp-image-22295\" src=\"https:\/\/stuttgarti-katolikusok.de\/wp-content\/uploads\/2021\/09\/sztistvan-h-scaled.jpg\" alt=\"\" width=\"1121\" height=\"2560\" srcset=\"https:\/\/stuttgarti-katolikusok.de\/wp-content\/uploads\/2021\/09\/sztistvan-h-scaled.jpg 1121w, https:\/\/stuttgarti-katolikusok.de\/wp-content\/uploads\/2021\/09\/sztistvan-h-131x300.jpg 131w, https:\/\/stuttgarti-katolikusok.de\/wp-content\/uploads\/2021\/09\/sztistvan-h-448x1024.jpg 448w, https:\/\/stuttgarti-katolikusok.de\/wp-content\/uploads\/2021\/09\/sztistvan-h-673x1536.jpg 673w, https:\/\/stuttgarti-katolikusok.de\/wp-content\/uploads\/2021\/09\/sztistvan-h-897x2048.jpg 897w\" sizes=\"auto, (max-width: 1121px) 100vw, 1121px\" \/><\/a><\/p>\n<p>Ez\u00faton mondunk neki k\u00f6sz\u00f6netet, ami\u00e9rt gondoskodik k\u00f6z\u00f6s\u00e9g\u00fcnk hitbeli meger\u0151s\u00edt\u00e9s\u00e9n, egybekov\u00e1csol\u00e1s\u00e1n.<\/p>\n<p>A szentmise keretein bel\u00fcl sor ker\u00fclt Zs\u00e1mboki Barbara megkeresztel\u00e9s\u00e9re. Szeretettel fogadjuk k\u00f6r\u00fcnkben \u00e9s k\u00edv\u00e1nunk neki Istent\u0151l \u00e1ldott, boldog \u00e9letet.<\/p>\n<p>Konkoly Jutka<\/p>\n<p><a href=\"https:\/\/stuttgarti-katolikusok.de\/wp-content\/uploads\/2021\/09\/a7306595-scaled.jpg\"><img loading=\"lazy\" decoding=\"async\" class=\"alignnone size-full wp-image-22249\" src=\"https:\/\/stuttgarti-katolikusok.de\/wp-content\/uploads\/2021\/09\/a7306595-scaled.jpg\" alt=\"\" width=\"2560\" height=\"1707\" srcset=\"https:\/\/stuttgarti-katolikusok.de\/wp-content\/uploads\/2021\/09\/a7306595-scaled.jpg 2560w, https:\/\/stuttgarti-katolikusok.de\/wp-content\/uploads\/2021\/09\/a7306595-300x200.jpg 300w, https:\/\/stuttgarti-katolikusok.de\/wp-content\/uploads\/2021\/09\/a7306595-1024x683.jpg 1024w, https:\/\/stuttgarti-katolikusok.de\/wp-content\/uploads\/2021\/09\/a7306595-1536x1024.jpg 1536w, https:\/\/stuttgarti-katolikusok.de\/wp-content\/uploads\/2021\/09\/a7306595-2048x1365.jpg 2048w, https:\/\/stuttgarti-katolikusok.de\/wp-content\/uploads\/2021\/09\/a7306595-420x280.jpg 420w, https:\/\/stuttgarti-katolikusok.de\/wp-content\/uploads\/2021\/09\/a7306595-690x460.jpg 690w\" sizes=\"auto, (max-width: 2560px) 100vw, 2560px\" \/><\/a><\/p>\n<p><em>Ezt k\u00f6vet\u0151en pedig a templom el\u0151tti t\u00e9ren hossz\u00fa id\u0151 ut\u00e1n \u00e1g\u00e1p\u00e9t tarthattunk. Megyeri Andrea megszegte a szentmis\u00e9n meg\u00e1ldott kenyeret \u00e9s erre az alkalomra k\u00e9sz\u00edtett k\u00fcl\u00f6nleges d\u00edsz\u00edt\u00e9s\u0171 tort\u00e1t.<\/em><\/p>\n<p><em>K\u00f6sz\u00f6net a szentmis\u00e9n seg\u00e9dkez\u0151\u00a0 minden kedves h\u00edvemnek, k\u00fcl\u00f6n\u00f6sen a Megyeri csal\u00e1d minden tagj\u00e1nak.<\/em><\/p>\n<p><em>Tibor atya<\/em><\/p>\n                    <div class=\"flicgal-gallery-wrapper gallery-22238\">\n                                                    <h3 class=\"flicgal-title\">Szent Istv\u00e1n b\u00facs\u00fa Heidenheim-2021<\/h3>\n                                                <div class=\"flicgal-gallery-container-wrapper\">\n                            <div class=\"flicgal-spinner-wrapper\">\n                                <div class=\"flicgal-loading-img\"><img decoding=\"async\" src=\"https:\/\/stuttgarti-katolikusok.de\/wp-content\/plugins\/flickr-album-gallery\/img\/loading.gif\" \/><\/div>\n                            <\/div>\n                            <div class=\"flicgal-gallery-container\"><\/div>\n                        <\/div>\n                        <!-- Blueimp gallery -->\n                        <div id=\"blueimp-gallery-22238\" class=\"blueimp-gallery blueimp-gallery-controls\">\n                            <div class=\"slides\"><\/div>\n                            <h3 class=\"title\"><\/h3>\n                            <a class=\"prev\"><\/a>\n                            <a class=\"next\"><\/a>\n                            <a class=\"close\"><\/a>\n                            <a class=\"play-pause\"><\/a>\n                            <ol class=\"indicator\"><\/ol>\n                        <\/div>\n                    <\/div>\n                    \n            \n","protected":false},"excerpt":{"rendered":"<p>2021.szeptember 18-\u00e1n \u00fcnnep\u00e9lyes keretek k\u00f6z\u00f6tt k\u00f6z\u00f6s\u00e9g\u00fcnk tisztelgett v\u00e9d\u0151szent\u00fcnk Szent Istv\u00e1n kir\u00e1ly eml\u00e9k\u00e9nek. A szentmis\u00e9t vezette f\u0151tisztelend\u0151 Ily\u00e9s Csaba nagyk\u00e1rolyi esperes ( Szatm\u00e1r megye) \u00e9s Tibor atya. Az esperes \u00far p\u00e9ldabesz\u00e9d\u00e9ben besz\u00e9lt arr\u00f3l, hogy milyen fontos \u00e9let\u00fcnkben a szem\u00e9lyes, csal\u00e1di \u00e9s egyh\u00e1zk\u00f6zs\u00e9gi alapok lerak\u00e1sa. P\u00e9ld\u00e1nak \u00e1ll\u00edtotta el\u00e9nk Szent Istv\u00e1nt aki J\u00e9zus tan\u00edt\u00e1sa alapj\u00e1n, szikl\u00e1ra \u00e9p\u00edtve \u00e9let\u00e9t el\u00e9rhette, hogy egy nemzet is hely \u00e1lljon az \u00e9let viszontags\u00e1gaiban. Egyh\u00e1z k\u00f6z\u00f6ss\u00e9g\u00fcnket az a megtiszteltet\u00e9s \u00e9rte, hogy aj\u00e1nd\u00e9kba kapott egy Szent Istv\u00e1n erekly\u00e9t, valamint vend\u00e9g\u00fcl l\u00e1thatott egy Szent Gell\u00e9rt erekly\u00e9t, amelyeket Dr. Tothp\u00e1l Tam\u00e1s \u00e9s Kov\u00e1cs G\u00e1bor, a Szent Gy\u00f6rgy Lovagrend budav\u00e1ri prior\u00e1tus k\u00e9pvisel\u0151i hoztak el k\u00f6r\u00fcnkbe. Tibor atya meglepet\u00e9s aj\u00e1nd\u00e9ka egy egyedi miseruha, amelyet Trifu Cristina egyh\u00e1z-m\u0171v\u00e9szn\u0151 tervezett Szatm\u00e1rn\u00e9metiben. Ezent\u00fal a Szatm\u00e1rn\u00e9metib\u0151l \u00e9rkezett miseruha emeli \u00fcnnepeink f\u00e9ny\u00e9t. Ez\u00faton mondunk neki k\u00f6sz\u00f6netet, ami\u00e9rt gondoskodik k\u00f6z\u00f6s\u00e9g\u00fcnk hitbeli meger\u0151s\u00edt\u00e9s\u00e9n, egybekov\u00e1csol\u00e1s\u00e1n. A szentmise keretein bel\u00fcl sor ker\u00fclt Zs\u00e1mboki Barbara megkeresztel\u00e9s\u00e9re. Szeretettel fogadjuk k\u00f6r\u00fcnkben \u00e9s k\u00edv\u00e1nunk neki Istent\u0151l \u00e1ldott, boldog \u00e9letet. Konkoly Jutka Ezt k\u00f6vet\u0151en pedig a templom el\u0151tti t\u00e9ren hossz\u00fa id\u0151 ut\u00e1n \u00e1g\u00e1p\u00e9t tarthattunk. Megyeri Andrea megszegte a szentmis\u00e9n meg\u00e1ldott kenyeret \u00e9s erre az alkalomra k\u00e9sz\u00edtett k\u00fcl\u00f6nleges d\u00edsz\u00edt\u00e9s\u0171 tort\u00e1t. K\u00f6sz\u00f6net a szentmis\u00e9n seg\u00e9dkez\u0151\u00a0 minden kedves h\u00edvemnek, k\u00fcl\u00f6n\u00f6sen a Megyeri csal\u00e1d minden tagj\u00e1nak. Tibor atya<\/p>\n","protected":false},"author":3,"featured_media":22240,"comment_status":"closed","ping_status":"closed","sticky":false,"template":"","format":"standard","meta":{"footnotes":""},"categories":[39],"tags":[],"class_list":["post-22239","post","type-post","status-publish","format-standard","has-post-thumbnail","hentry","category-kepgaleria"],"yoast_head":"<!-- This site is optimized with the Yoast SEO plugin v27.3 - https:\/\/yoast.com\/product\/yoast-seo-wordpress\/ -->\n<title>Szent Istv\u00e1n b\u00facs\u00fa Heidenheimban - Stuttgarti Katolikusok<\/title>\n<meta name=\"robots\" content=\"index, follow, max-snippet:-1, max-image-preview:large, max-video-preview:-1\" \/>\n<link rel=\"canonical\" href=\"https:\/\/stuttgarti-katolikusok.de\/index.php\/szent-istvan-bucsu-heidenheimban-2\/\" \/>\n<meta property=\"og:locale\" content=\"hu_HU\" \/>\n<meta property=\"og:type\" content=\"article\" \/>\n<meta property=\"og:title\" content=\"Szent Istv\u00e1n b\u00facs\u00fa Heidenheimban - Stuttgarti Katolikusok\" \/>\n<meta property=\"og:description\" content=\"2021.szeptember 18-\u00e1n \u00fcnnep\u00e9lyes keretek k\u00f6z\u00f6tt k\u00f6z\u00f6s\u00e9g\u00fcnk tisztelgett v\u00e9d\u0151szent\u00fcnk Szent Istv\u00e1n kir\u00e1ly eml\u00e9k\u00e9nek. A szentmis\u00e9t vezette f\u0151tisztelend\u0151 Ily\u00e9s Csaba nagyk\u00e1rolyi esperes ( Szatm\u00e1r megye) \u00e9s Tibor atya. Az esperes \u00far p\u00e9ldabesz\u00e9d\u00e9ben besz\u00e9lt arr\u00f3l, hogy milyen fontos \u00e9let\u00fcnkben a szem\u00e9lyes, csal\u00e1di \u00e9s egyh\u00e1zk\u00f6zs\u00e9gi alapok lerak\u00e1sa. P\u00e9ld\u00e1nak \u00e1ll\u00edtotta el\u00e9nk Szent Istv\u00e1nt aki J\u00e9zus tan\u00edt\u00e1sa alapj\u00e1n, szikl\u00e1ra \u00e9p\u00edtve \u00e9let\u00e9t el\u00e9rhette, hogy egy nemzet is hely \u00e1lljon az \u00e9let viszontags\u00e1gaiban. Egyh\u00e1z k\u00f6z\u00f6ss\u00e9g\u00fcnket az a megtiszteltet\u00e9s \u00e9rte, hogy aj\u00e1nd\u00e9kba kapott egy Szent Istv\u00e1n erekly\u00e9t, valamint vend\u00e9g\u00fcl l\u00e1thatott egy Szent Gell\u00e9rt erekly\u00e9t, amelyeket Dr. Tothp\u00e1l Tam\u00e1s \u00e9s Kov\u00e1cs G\u00e1bor, a Szent Gy\u00f6rgy Lovagrend budav\u00e1ri prior\u00e1tus k\u00e9pvisel\u0151i hoztak el k\u00f6r\u00fcnkbe. Tibor atya meglepet\u00e9s aj\u00e1nd\u00e9ka egy egyedi miseruha, amelyet Trifu Cristina egyh\u00e1z-m\u0171v\u00e9szn\u0151 tervezett Szatm\u00e1rn\u00e9metiben. Ezent\u00fal a Szatm\u00e1rn\u00e9metib\u0151l \u00e9rkezett miseruha emeli \u00fcnnepeink f\u00e9ny\u00e9t. Ez\u00faton mondunk neki k\u00f6sz\u00f6netet, ami\u00e9rt gondoskodik k\u00f6z\u00f6s\u00e9g\u00fcnk hitbeli meger\u0151s\u00edt\u00e9s\u00e9n, egybekov\u00e1csol\u00e1s\u00e1n. A szentmise keretein bel\u00fcl sor ker\u00fclt Zs\u00e1mboki Barbara megkeresztel\u00e9s\u00e9re. Szeretettel fogadjuk k\u00f6r\u00fcnkben \u00e9s k\u00edv\u00e1nunk neki Istent\u0151l \u00e1ldott, boldog \u00e9letet. Konkoly Jutka Ezt k\u00f6vet\u0151en pedig a templom el\u0151tti t\u00e9ren hossz\u00fa id\u0151 ut\u00e1n \u00e1g\u00e1p\u00e9t tarthattunk. Megyeri Andrea megszegte a szentmis\u00e9n meg\u00e1ldott kenyeret \u00e9s erre az alkalomra k\u00e9sz\u00edtett k\u00fcl\u00f6nleges d\u00edsz\u00edt\u00e9s\u0171 tort\u00e1t. K\u00f6sz\u00f6net a szentmis\u00e9n seg\u00e9dkez\u0151\u00a0 minden kedves h\u00edvemnek, k\u00fcl\u00f6n\u00f6sen a Megyeri csal\u00e1d minden tagj\u00e1nak. Tibor atya\" \/>\n<meta property=\"og:url\" content=\"https:\/\/stuttgarti-katolikusok.de\/index.php\/szent-istvan-bucsu-heidenheimban-2\/\" \/>\n<meta property=\"og:site_name\" content=\"Stuttgarti Katolikusok\" \/>\n<meta property=\"article:published_time\" content=\"2021-09-23T21:31:36+00:00\" \/>\n<meta property=\"article:modified_time\" content=\"2022-05-12T09:50:53+00:00\" \/>\n<meta property=\"og:image\" content=\"https:\/\/stuttgarti-katolikusok.de\/wp-content\/uploads\/2021\/09\/szent-istvan-1.jpg\" \/>\n\t<meta property=\"og:image:width\" content=\"800\" \/>\n\t<meta property=\"og:image:height\" content=\"602\" \/>\n\t<meta property=\"og:image:type\" content=\"image\/jpeg\" \/>\n<meta name=\"author\" content=\"Tibor atya\" \/>\n<meta name=\"twitter:card\" content=\"summary_large_image\" \/>\n<meta name=\"twitter:label1\" content=\"Szerz\u0151:\" \/>\n\t<meta name=\"twitter:data1\" content=\"Tibor atya\" \/>\n\t<meta name=\"twitter:label2\" content=\"Becs\u00fclt olvas\u00e1si id\u0151\" \/>\n\t<meta name=\"twitter:data2\" content=\"2 perc\" \/>\n<script type=\"application\/ld+json\" class=\"yoast-schema-graph\">{\"@context\":\"https:\\\/\\\/schema.org\",\"@graph\":[{\"@type\":\"Article\",\"@id\":\"https:\\\/\\\/stuttgarti-katolikusok.de\\\/index.php\\\/szent-istvan-bucsu-heidenheimban-2\\\/#article\",\"isPartOf\":{\"@id\":\"https:\\\/\\\/stuttgarti-katolikusok.de\\\/index.php\\\/szent-istvan-bucsu-heidenheimban-2\\\/\"},\"author\":{\"name\":\"Tibor atya\",\"@id\":\"https:\\\/\\\/stuttgarti-katolikusok.de\\\/#\\\/schema\\\/person\\\/75908d6f8fdc03a57889d27209df7795\"},\"headline\":\"Szent Istv\u00e1n b\u00facs\u00fa Heidenheimban\",\"datePublished\":\"2021-09-23T21:31:36+00:00\",\"dateModified\":\"2022-05-12T09:50:53+00:00\",\"mainEntityOfPage\":{\"@id\":\"https:\\\/\\\/stuttgarti-katolikusok.de\\\/index.php\\\/szent-istvan-bucsu-heidenheimban-2\\\/\"},\"wordCount\":341,\"image\":{\"@id\":\"https:\\\/\\\/stuttgarti-katolikusok.de\\\/index.php\\\/szent-istvan-bucsu-heidenheimban-2\\\/#primaryimage\"},\"thumbnailUrl\":\"https:\\\/\\\/stuttgarti-katolikusok.de\\\/wp-content\\\/uploads\\\/2021\\\/09\\\/szent-istvan-1.jpg\",\"articleSection\":[\"K\u00e9pgal\u00e9ria\"],\"inLanguage\":\"hu\"},{\"@type\":\"WebPage\",\"@id\":\"https:\\\/\\\/stuttgarti-katolikusok.de\\\/index.php\\\/szent-istvan-bucsu-heidenheimban-2\\\/\",\"url\":\"https:\\\/\\\/stuttgarti-katolikusok.de\\\/index.php\\\/szent-istvan-bucsu-heidenheimban-2\\\/\",\"name\":\"Szent Istv\u00e1n b\u00facs\u00fa Heidenheimban - Stuttgarti Katolikusok\",\"isPartOf\":{\"@id\":\"https:\\\/\\\/stuttgarti-katolikusok.de\\\/#website\"},\"primaryImageOfPage\":{\"@id\":\"https:\\\/\\\/stuttgarti-katolikusok.de\\\/index.php\\\/szent-istvan-bucsu-heidenheimban-2\\\/#primaryimage\"},\"image\":{\"@id\":\"https:\\\/\\\/stuttgarti-katolikusok.de\\\/index.php\\\/szent-istvan-bucsu-heidenheimban-2\\\/#primaryimage\"},\"thumbnailUrl\":\"https:\\\/\\\/stuttgarti-katolikusok.de\\\/wp-content\\\/uploads\\\/2021\\\/09\\\/szent-istvan-1.jpg\",\"datePublished\":\"2021-09-23T21:31:36+00:00\",\"dateModified\":\"2022-05-12T09:50:53+00:00\",\"author\":{\"@id\":\"https:\\\/\\\/stuttgarti-katolikusok.de\\\/#\\\/schema\\\/person\\\/75908d6f8fdc03a57889d27209df7795\"},\"breadcrumb\":{\"@id\":\"https:\\\/\\\/stuttgarti-katolikusok.de\\\/index.php\\\/szent-istvan-bucsu-heidenheimban-2\\\/#breadcrumb\"},\"inLanguage\":\"hu\",\"potentialAction\":[{\"@type\":\"ReadAction\",\"target\":[\"https:\\\/\\\/stuttgarti-katolikusok.de\\\/index.php\\\/szent-istvan-bucsu-heidenheimban-2\\\/\"]}]},{\"@type\":\"ImageObject\",\"inLanguage\":\"hu\",\"@id\":\"https:\\\/\\\/stuttgarti-katolikusok.de\\\/index.php\\\/szent-istvan-bucsu-heidenheimban-2\\\/#primaryimage\",\"url\":\"https:\\\/\\\/stuttgarti-katolikusok.de\\\/wp-content\\\/uploads\\\/2021\\\/09\\\/szent-istvan-1.jpg\",\"contentUrl\":\"https:\\\/\\\/stuttgarti-katolikusok.de\\\/wp-content\\\/uploads\\\/2021\\\/09\\\/szent-istvan-1.jpg\",\"width\":800,\"height\":602},{\"@type\":\"BreadcrumbList\",\"@id\":\"https:\\\/\\\/stuttgarti-katolikusok.de\\\/index.php\\\/szent-istvan-bucsu-heidenheimban-2\\\/#breadcrumb\",\"itemListElement\":[{\"@type\":\"ListItem\",\"position\":1,\"name\":\"Kezd\u0151lap\",\"item\":\"https:\\\/\\\/stuttgarti-katolikusok.de\\\/\"},{\"@type\":\"ListItem\",\"position\":2,\"name\":\"Szent Istv\u00e1n b\u00facs\u00fa Heidenheimban\"}]},{\"@type\":\"WebSite\",\"@id\":\"https:\\\/\\\/stuttgarti-katolikusok.de\\\/#website\",\"url\":\"https:\\\/\\\/stuttgarti-katolikusok.de\\\/\",\"name\":\"Stuttgarti Katolikusok\",\"description\":\"\",\"potentialAction\":[{\"@type\":\"SearchAction\",\"target\":{\"@type\":\"EntryPoint\",\"urlTemplate\":\"https:\\\/\\\/stuttgarti-katolikusok.de\\\/?s={search_term_string}\"},\"query-input\":{\"@type\":\"PropertyValueSpecification\",\"valueRequired\":true,\"valueName\":\"search_term_string\"}}],\"inLanguage\":\"hu\"},{\"@type\":\"Person\",\"@id\":\"https:\\\/\\\/stuttgarti-katolikusok.de\\\/#\\\/schema\\\/person\\\/75908d6f8fdc03a57889d27209df7795\",\"name\":\"Tibor atya\",\"image\":{\"@type\":\"ImageObject\",\"inLanguage\":\"hu\",\"@id\":\"https:\\\/\\\/secure.gravatar.com\\\/avatar\\\/61d268e57d1f4525b111222e29d2d5a7f8c420fdbf231ba5566a8ceac74fa960?s=96&d=mm&r=g\",\"url\":\"https:\\\/\\\/secure.gravatar.com\\\/avatar\\\/61d268e57d1f4525b111222e29d2d5a7f8c420fdbf231ba5566a8ceac74fa960?s=96&d=mm&r=g\",\"contentUrl\":\"https:\\\/\\\/secure.gravatar.com\\\/avatar\\\/61d268e57d1f4525b111222e29d2d5a7f8c420fdbf231ba5566a8ceac74fa960?s=96&d=mm&r=g\",\"caption\":\"Tibor atya\"},\"url\":\"https:\\\/\\\/stuttgarti-katolikusok.de\\\/index.php\\\/author\\\/tibor-atya\\\/\"}]}<\/script>\n<!-- \/ Yoast SEO plugin. -->","yoast_head_json":{"title":"Szent Istv\u00e1n b\u00facs\u00fa Heidenheimban - Stuttgarti Katolikusok","robots":{"index":"index","follow":"follow","max-snippet":"max-snippet:-1","max-image-preview":"max-image-preview:large","max-video-preview":"max-video-preview:-1"},"canonical":"https:\/\/stuttgarti-katolikusok.de\/index.php\/szent-istvan-bucsu-heidenheimban-2\/","og_locale":"hu_HU","og_type":"article","og_title":"Szent Istv\u00e1n b\u00facs\u00fa Heidenheimban - Stuttgarti Katolikusok","og_description":"2021.szeptember 18-\u00e1n \u00fcnnep\u00e9lyes keretek k\u00f6z\u00f6tt k\u00f6z\u00f6s\u00e9g\u00fcnk tisztelgett v\u00e9d\u0151szent\u00fcnk Szent Istv\u00e1n kir\u00e1ly eml\u00e9k\u00e9nek. A szentmis\u00e9t vezette f\u0151tisztelend\u0151 Ily\u00e9s Csaba nagyk\u00e1rolyi esperes ( Szatm\u00e1r megye) \u00e9s Tibor atya. Az esperes \u00far p\u00e9ldabesz\u00e9d\u00e9ben besz\u00e9lt arr\u00f3l, hogy milyen fontos \u00e9let\u00fcnkben a szem\u00e9lyes, csal\u00e1di \u00e9s egyh\u00e1zk\u00f6zs\u00e9gi alapok lerak\u00e1sa. P\u00e9ld\u00e1nak \u00e1ll\u00edtotta el\u00e9nk Szent Istv\u00e1nt aki J\u00e9zus tan\u00edt\u00e1sa alapj\u00e1n, szikl\u00e1ra \u00e9p\u00edtve \u00e9let\u00e9t el\u00e9rhette, hogy egy nemzet is hely \u00e1lljon az \u00e9let viszontags\u00e1gaiban. Egyh\u00e1z k\u00f6z\u00f6ss\u00e9g\u00fcnket az a megtiszteltet\u00e9s \u00e9rte, hogy aj\u00e1nd\u00e9kba kapott egy Szent Istv\u00e1n erekly\u00e9t, valamint vend\u00e9g\u00fcl l\u00e1thatott egy Szent Gell\u00e9rt erekly\u00e9t, amelyeket Dr. Tothp\u00e1l Tam\u00e1s \u00e9s Kov\u00e1cs G\u00e1bor, a Szent Gy\u00f6rgy Lovagrend budav\u00e1ri prior\u00e1tus k\u00e9pvisel\u0151i hoztak el k\u00f6r\u00fcnkbe. Tibor atya meglepet\u00e9s aj\u00e1nd\u00e9ka egy egyedi miseruha, amelyet Trifu Cristina egyh\u00e1z-m\u0171v\u00e9szn\u0151 tervezett Szatm\u00e1rn\u00e9metiben. Ezent\u00fal a Szatm\u00e1rn\u00e9metib\u0151l \u00e9rkezett miseruha emeli \u00fcnnepeink f\u00e9ny\u00e9t. Ez\u00faton mondunk neki k\u00f6sz\u00f6netet, ami\u00e9rt gondoskodik k\u00f6z\u00f6s\u00e9g\u00fcnk hitbeli meger\u0151s\u00edt\u00e9s\u00e9n, egybekov\u00e1csol\u00e1s\u00e1n. A szentmise keretein bel\u00fcl sor ker\u00fclt Zs\u00e1mboki Barbara megkeresztel\u00e9s\u00e9re. Szeretettel fogadjuk k\u00f6r\u00fcnkben \u00e9s k\u00edv\u00e1nunk neki Istent\u0151l \u00e1ldott, boldog \u00e9letet. Konkoly Jutka Ezt k\u00f6vet\u0151en pedig a templom el\u0151tti t\u00e9ren hossz\u00fa id\u0151 ut\u00e1n \u00e1g\u00e1p\u00e9t tarthattunk. Megyeri Andrea megszegte a szentmis\u00e9n meg\u00e1ldott kenyeret \u00e9s erre az alkalomra k\u00e9sz\u00edtett k\u00fcl\u00f6nleges d\u00edsz\u00edt\u00e9s\u0171 tort\u00e1t. K\u00f6sz\u00f6net a szentmis\u00e9n seg\u00e9dkez\u0151\u00a0 minden kedves h\u00edvemnek, k\u00fcl\u00f6n\u00f6sen a Megyeri csal\u00e1d minden tagj\u00e1nak. Tibor atya","og_url":"https:\/\/stuttgarti-katolikusok.de\/index.php\/szent-istvan-bucsu-heidenheimban-2\/","og_site_name":"Stuttgarti Katolikusok","article_published_time":"2021-09-23T21:31:36+00:00","article_modified_time":"2022-05-12T09:50:53+00:00","og_image":[{"width":800,"height":602,"url":"https:\/\/stuttgarti-katolikusok.de\/wp-content\/uploads\/2021\/09\/szent-istvan-1.jpg","type":"image\/jpeg"}],"author":"Tibor atya","twitter_card":"summary_large_image","twitter_misc":{"Szerz\u0151:":"Tibor atya","Becs\u00fclt olvas\u00e1si id\u0151":"2 perc"},"schema":{"@context":"https:\/\/schema.org","@graph":[{"@type":"Article","@id":"https:\/\/stuttgarti-katolikusok.de\/index.php\/szent-istvan-bucsu-heidenheimban-2\/#article","isPartOf":{"@id":"https:\/\/stuttgarti-katolikusok.de\/index.php\/szent-istvan-bucsu-heidenheimban-2\/"},"author":{"name":"Tibor atya","@id":"https:\/\/stuttgarti-katolikusok.de\/#\/schema\/person\/75908d6f8fdc03a57889d27209df7795"},"headline":"Szent Istv\u00e1n b\u00facs\u00fa Heidenheimban","datePublished":"2021-09-23T21:31:36+00:00","dateModified":"2022-05-12T09:50:53+00:00","mainEntityOfPage":{"@id":"https:\/\/stuttgarti-katolikusok.de\/index.php\/szent-istvan-bucsu-heidenheimban-2\/"},"wordCount":341,"image":{"@id":"https:\/\/stuttgarti-katolikusok.de\/index.php\/szent-istvan-bucsu-heidenheimban-2\/#primaryimage"},"thumbnailUrl":"https:\/\/stuttgarti-katolikusok.de\/wp-content\/uploads\/2021\/09\/szent-istvan-1.jpg","articleSection":["K\u00e9pgal\u00e9ria"],"inLanguage":"hu"},{"@type":"WebPage","@id":"https:\/\/stuttgarti-katolikusok.de\/index.php\/szent-istvan-bucsu-heidenheimban-2\/","url":"https:\/\/stuttgarti-katolikusok.de\/index.php\/szent-istvan-bucsu-heidenheimban-2\/","name":"Szent Istv\u00e1n b\u00facs\u00fa Heidenheimban - Stuttgarti Katolikusok","isPartOf":{"@id":"https:\/\/stuttgarti-katolikusok.de\/#website"},"primaryImageOfPage":{"@id":"https:\/\/stuttgarti-katolikusok.de\/index.php\/szent-istvan-bucsu-heidenheimban-2\/#primaryimage"},"image":{"@id":"https:\/\/stuttgarti-katolikusok.de\/index.php\/szent-istvan-bucsu-heidenheimban-2\/#primaryimage"},"thumbnailUrl":"https:\/\/stuttgarti-katolikusok.de\/wp-content\/uploads\/2021\/09\/szent-istvan-1.jpg","datePublished":"2021-09-23T21:31:36+00:00","dateModified":"2022-05-12T09:50:53+00:00","author":{"@id":"https:\/\/stuttgarti-katolikusok.de\/#\/schema\/person\/75908d6f8fdc03a57889d27209df7795"},"breadcrumb":{"@id":"https:\/\/stuttgarti-katolikusok.de\/index.php\/szent-istvan-bucsu-heidenheimban-2\/#breadcrumb"},"inLanguage":"hu","potentialAction":[{"@type":"ReadAction","target":["https:\/\/stuttgarti-katolikusok.de\/index.php\/szent-istvan-bucsu-heidenheimban-2\/"]}]},{"@type":"ImageObject","inLanguage":"hu","@id":"https:\/\/stuttgarti-katolikusok.de\/index.php\/szent-istvan-bucsu-heidenheimban-2\/#primaryimage","url":"https:\/\/stuttgarti-katolikusok.de\/wp-content\/uploads\/2021\/09\/szent-istvan-1.jpg","contentUrl":"https:\/\/stuttgarti-katolikusok.de\/wp-content\/uploads\/2021\/09\/szent-istvan-1.jpg","width":800,"height":602},{"@type":"BreadcrumbList","@id":"https:\/\/stuttgarti-katolikusok.de\/index.php\/szent-istvan-bucsu-heidenheimban-2\/#breadcrumb","itemListElement":[{"@type":"ListItem","position":1,"name":"Kezd\u0151lap","item":"https:\/\/stuttgarti-katolikusok.de\/"},{"@type":"ListItem","position":2,"name":"Szent Istv\u00e1n b\u00facs\u00fa Heidenheimban"}]},{"@type":"WebSite","@id":"https:\/\/stuttgarti-katolikusok.de\/#website","url":"https:\/\/stuttgarti-katolikusok.de\/","name":"Stuttgarti Katolikusok","description":"","potentialAction":[{"@type":"SearchAction","target":{"@type":"EntryPoint","urlTemplate":"https:\/\/stuttgarti-katolikusok.de\/?s={search_term_string}"},"query-input":{"@type":"PropertyValueSpecification","valueRequired":true,"valueName":"search_term_string"}}],"inLanguage":"hu"},{"@type":"Person","@id":"https:\/\/stuttgarti-katolikusok.de\/#\/schema\/person\/75908d6f8fdc03a57889d27209df7795","name":"Tibor atya","image":{"@type":"ImageObject","inLanguage":"hu","@id":"https:\/\/secure.gravatar.com\/avatar\/61d268e57d1f4525b111222e29d2d5a7f8c420fdbf231ba5566a8ceac74fa960?s=96&d=mm&r=g","url":"https:\/\/secure.gravatar.com\/avatar\/61d268e57d1f4525b111222e29d2d5a7f8c420fdbf231ba5566a8ceac74fa960?s=96&d=mm&r=g","contentUrl":"https:\/\/secure.gravatar.com\/avatar\/61d268e57d1f4525b111222e29d2d5a7f8c420fdbf231ba5566a8ceac74fa960?s=96&d=mm&r=g","caption":"Tibor atya"},"url":"https:\/\/stuttgarti-katolikusok.de\/index.php\/author\/tibor-atya\/"}]}},"_links":{"self":[{"href":"https:\/\/stuttgarti-katolikusok.de\/index.php\/wp-json\/wp\/v2\/posts\/22239","targetHints":{"allow":["GET"]}}],"collection":[{"href":"https:\/\/stuttgarti-katolikusok.de\/index.php\/wp-json\/wp\/v2\/posts"}],"about":[{"href":"https:\/\/stuttgarti-katolikusok.de\/index.php\/wp-json\/wp\/v2\/types\/post"}],"author":[{"embeddable":true,"href":"https:\/\/stuttgarti-katolikusok.de\/index.php\/wp-json\/wp\/v2\/users\/3"}],"replies":[{"embeddable":true,"href":"https:\/\/stuttgarti-katolikusok.de\/index.php\/wp-json\/wp\/v2\/comments?post=22239"}],"version-history":[{"count":5,"href":"https:\/\/stuttgarti-katolikusok.de\/index.php\/wp-json\/wp\/v2\/posts\/22239\/revisions"}],"predecessor-version":[{"id":22296,"href":"https:\/\/stuttgarti-katolikusok.de\/index.php\/wp-json\/wp\/v2\/posts\/22239\/revisions\/22296"}],"wp:featuredmedia":[{"embeddable":true,"href":"https:\/\/stuttgarti-katolikusok.de\/index.php\/wp-json\/wp\/v2\/media\/22240"}],"wp:attachment":[{"href":"https:\/\/stuttgarti-katolikusok.de\/index.php\/wp-json\/wp\/v2\/media?parent=22239"}],"wp:term":[{"taxonomy":"category","embeddable":true,"href":"https:\/\/stuttgarti-katolikusok.de\/index.php\/wp-json\/wp\/v2\/categories?post=22239"},{"taxonomy":"post_tag","embeddable":true,"href":"https:\/\/stuttgarti-katolikusok.de\/index.php\/wp-json\/wp\/v2\/tags?post=22239"}],"curies":[{"name":"wp","href":"https:\/\/api.w.org\/{rel}","templated":true}]}}