{"id":22178,"date":"2021-09-14T11:06:33","date_gmt":"2021-09-14T11:06:33","guid":{"rendered":"https:\/\/stuttgarti-katolikusok.de\/?p=22178"},"modified":"2021-09-14T11:18:55","modified_gmt":"2021-09-14T11:18:55","slug":"2021-szeptember-13-es-19-kozott","status":"publish","type":"post","link":"https:\/\/stuttgarti-katolikusok.de\/index.php\/2021-szeptember-13-es-19-kozott\/","title":{"rendered":"2021 szeptember 13 \u00e9s 19 k\u00f6z\u00f6tt"},"content":{"rendered":"<p><span style=\"color: #ff6600;\"><strong>Programel\u0151zetes<\/strong><\/span><\/p>\n<p><span style=\"color: #ff6600;\"><em>A jelenlegi egyh\u00e1zi rendelkez\u00e9sek \u00e9rtelm\u00e9ben csak a szentmise tarthat\u00f3 meg.<\/em><\/span><\/p>\n<p><span style=\"color: #ff6600;\"><em>Szentmis\u00e9n k\u00f6telez\u0151 a maszk haszn\u00e1lata, jelenl\u00e9ti lista n\u00e9vvel \u00e9s el\u00e9rhet\u0151s\u00e9ggel, kezek fert\u0151tlen\u00edt\u00e9se!<\/em><\/span><\/p>\n<p><span style=\"color: #ff6600;\"><em>Amennyiben k\u00f6z\u00f6ss\u00e9gi termeinket is haszn\u00e1lhatjuk, azonnal jelezz\u00fck!\u00a0\u00a0<\/em><\/span><\/p>\n<p style=\"text-align: center;\"><span style=\"color: #ff6600;\">*<\/span><\/p>\n<p><em><strong>Szeptember 15-\u00e9n<\/strong><\/em><em>, szerd\u00e1n, <\/em><em><strong>Weingarteni d\u00e9lut\u00e1n<\/strong><\/em><em>, a <\/em><em>14 Nothelfer Kapelle<\/em><em>-ben 17.30 \u00f3rakor <\/em><em>r\u00f3zsaf\u00fcz\u00e9rt im\u00e1dkozunk<\/em><em>, ut\u00e1na <\/em><em>szentmise<\/em><em>, benne visszatekint\u00e9s az 52. Nemzetk\u00f6zi Eucharisztikus Kongresszusra.<\/em><\/p>\n<p style=\"text-align: center;\"><span style=\"color: #ff6600;\"><em>*<\/em><\/span><\/p>\n<p><em><strong>Szeptember 16-\u00e1n<\/strong><\/em><em>, cs\u00fct\u00f6rt\u00f6k\u00f6n, <\/em><em><strong>Ulmi d\u00e9lut\u00e1n<\/strong><\/em><em>, 17.30 \u00f3rakor <\/em><em>r\u00f3zsaf\u00fcz\u00e9rt im\u00e1dkozunk<\/em><em>, ut\u00e1na <\/em><em>szentmise<\/em><em>, benne visszatekint\u00e9s az 52. Nemzetk\u00f6zi Eucharisztikus Kongresszusra.<\/em><\/p>\n<p style=\"text-align: center;\"><span style=\"color: #ff6600;\"><em>*<\/em><\/span><\/p>\n<p><strong>Szeptember 17-\u00e9n,<\/strong>\u00a0p\u00e9nteken, <strong><em>Stuttgarti d\u00e9lut\u00e1n<\/em><\/strong><strong>,<\/strong><strong>\u00a0<\/strong>17.30 \u00f3rakor\u00a0r\u00f3zsaf\u00fcz\u00e9rt im\u00e1dkozunk<em>,\u00a0<\/em>majd\u00a018.00 \u00f3rakor <em>szentmise, <\/em><em>benne visszatekint\u00e9s az 52. Nemzetk\u00f6zi Eucharisztikus Kongresszusra.<\/em><\/p>\n<p style=\"text-align: center;\"><span style=\"color: #ff6600;\"><em>*<\/em><\/span><\/p>\n<p><em><strong>Szeptember 18-\u00e1n<\/strong><\/em><em>, szombaton, <strong>Heidenheimban <\/strong>15.30 \u00f3rakor <\/em><em>b\u00facs\u00fas-szentmise<\/em><em>, <\/em><em>Szent Istv\u00e1n kir\u00e1lyra eml\u00e9kez\u00fcnk.<\/em><\/p>\n<p><a href=\"https:\/\/stuttgarti-katolikusok.de\/wp-content\/uploads\/2021\/09\/szent-istvan.jpg\"><img loading=\"lazy\" decoding=\"async\" class=\"alignnone size-full wp-image-22181\" src=\"https:\/\/stuttgarti-katolikusok.de\/wp-content\/uploads\/2021\/09\/szent-istvan.jpg\" alt=\"\" width=\"1280\" height=\"853\" srcset=\"https:\/\/stuttgarti-katolikusok.de\/wp-content\/uploads\/2021\/09\/szent-istvan.jpg 1280w, https:\/\/stuttgarti-katolikusok.de\/wp-content\/uploads\/2021\/09\/szent-istvan-300x200.jpg 300w, https:\/\/stuttgarti-katolikusok.de\/wp-content\/uploads\/2021\/09\/szent-istvan-1024x682.jpg 1024w, https:\/\/stuttgarti-katolikusok.de\/wp-content\/uploads\/2021\/09\/szent-istvan-420x280.jpg 420w, https:\/\/stuttgarti-katolikusok.de\/wp-content\/uploads\/2021\/09\/szent-istvan-690x460.jpg 690w\" sizes=\"auto, (max-width: 1280px) 100vw, 1280px\" \/><\/a><\/p>\n<p style=\"text-align: center;\"><span style=\"color: #ff6600;\"><em>*<\/em><\/span><\/p>\n<p><em><strong>Szeptember 19-\u00e9n<\/strong><\/em><em>, <span style=\"color: #008000;\">\u00e9vk\u00f6zi 25. vas\u00e1rnap<\/span>,<\/em><\/p>\n<p><em><strong>Ludwigsburgban <\/strong><\/em><em>9.30 \u00f3rakor szentmise,<\/em><\/p>\n<p><em><strong>Stuttgartban <\/strong><\/em><em>12.00 \u00f3rakor b\u00facs\u00fas-szentmise, Szent Gell\u00e9rt egyh\u00e1zk\u00f6zs\u00e9gi b\u00facs\u00fa,<\/em><\/p>\n<p><em><strong>Eislingenben<\/strong><\/em><em> 15.00 \u00f3rakor szentmise. \u00a0<\/em><\/p>\n<p style=\"text-align: center;\"><a href=\"https:\/\/stuttgarti-katolikusok.de\/wp-content\/uploads\/2016\/09\/gellert-22.jpg\"><img loading=\"lazy\" decoding=\"async\" class=\"alignnone size-full wp-image-9725\" src=\"https:\/\/stuttgarti-katolikusok.de\/wp-content\/uploads\/2016\/09\/gellert-22.jpg\" alt=\"\" width=\"288\" height=\"287\" srcset=\"https:\/\/stuttgarti-katolikusok.de\/wp-content\/uploads\/2016\/09\/gellert-22.jpg 288w, https:\/\/stuttgarti-katolikusok.de\/wp-content\/uploads\/2016\/09\/gellert-22-150x150.jpg 150w\" sizes=\"auto, (max-width: 288px) 100vw, 288px\" \/><\/a><\/p>\n<p style=\"text-align: center;\"><span style=\"color: #ff6600;\">*<\/span><\/p>\n<p>Minden helyen mindenkit szeretettel v\u00e1r a k\u00f6z\u00f6ss\u00e9g \u00e9s Tibor atya!<\/p>\n<p style=\"text-align: center;\"><span style=\"color: #ff6600;\">*<\/span><\/p>\n<p><a href=\"https:\/\/stuttgarti-katolikusok.de\/wp-content\/uploads\/2021\/09\/241764757-1977533565729233-4246059194345201475-n.jpg\"><img loading=\"lazy\" decoding=\"async\" class=\"alignnone size-full wp-image-22179\" src=\"https:\/\/stuttgarti-katolikusok.de\/wp-content\/uploads\/2021\/09\/241764757-1977533565729233-4246059194345201475-n.jpg\" alt=\"\" width=\"2048\" height=\"1153\" srcset=\"https:\/\/stuttgarti-katolikusok.de\/wp-content\/uploads\/2021\/09\/241764757-1977533565729233-4246059194345201475-n.jpg 2048w, https:\/\/stuttgarti-katolikusok.de\/wp-content\/uploads\/2021\/09\/241764757-1977533565729233-4246059194345201475-n-300x169.jpg 300w, https:\/\/stuttgarti-katolikusok.de\/wp-content\/uploads\/2021\/09\/241764757-1977533565729233-4246059194345201475-n-1024x577.jpg 1024w, https:\/\/stuttgarti-katolikusok.de\/wp-content\/uploads\/2021\/09\/241764757-1977533565729233-4246059194345201475-n-1536x865.jpg 1536w\" sizes=\"auto, (max-width: 2048px) 100vw, 2048px\" \/><\/a><\/p>\n<p><span style=\"color: #ff6600;\"><strong><em>Mennyei Aty\u00e1nk,<\/em><\/strong><strong><em><br \/>\nminden \u00e9let forr\u00e1sa!<br \/>\nK\u00fcldd el Szentlelkedet,<br \/>\nhogy az \u00f6nmag\u00e1t \u00e9rt\u00fcnk fel\u00e1ldoz\u00f3<br \/>\n\u00e9s az Olt\u00e1riszents\u00e9gben<br \/>\nvel\u00fcnk lev\u0151 Krisztust felismerj\u00fck<br \/>\n\u00e9s egyre jobban szeress\u00fck!<br \/>\n\u0150 Urunk \u00e9s Mester\u00fcnk,<br \/>\nbar\u00e1tunk \u00e9s t\u00e1pl\u00e1l\u00e9kunk,<br \/>\norvosunk \u00e9s b\u00e9kess\u00e9g\u00fcnk.<br \/>\nAdj b\u00e1tors\u00e1got, hogy az \u0150 erej\u00e9t \u00e9s \u00f6r\u00f6m\u00e9t<br \/>\nelvigy\u00fck minden emberhez!<br \/>\nAdd, hogy a k\u00e9sz\u00fclet ideje<br \/>\n\u00e9s az Eucharisztikus Kongresszus \u00fcnnepl\u00e9se<br \/>\neg\u00e9sz h\u00edv\u0151 k\u00f6z\u00f6ss\u00e9g\u00fcnk,<br \/>\nf\u0151v\u00e1rosunk, n\u00e9p\u00fcnk,<br \/>\nEur\u00f3pa \u00e9s a vil\u00e1g<br \/>\nlelki meg\u00fajul\u00e1s\u00e1ra szolg\u00e1ljon!<br \/>\n\u00c1men.<\/em><\/strong><\/span><\/p>\n","protected":false},"excerpt":{"rendered":"<p>Programel\u0151zetes A jelenlegi egyh\u00e1zi rendelkez\u00e9sek \u00e9rtelm\u00e9ben csak a szentmise tarthat\u00f3 meg. Szentmis\u00e9n k\u00f6telez\u0151 a maszk haszn\u00e1lata, jelenl\u00e9ti lista n\u00e9vvel \u00e9s el\u00e9rhet\u0151s\u00e9ggel, kezek fert\u0151tlen\u00edt\u00e9se! Amennyiben k\u00f6z\u00f6ss\u00e9gi termeinket is haszn\u00e1lhatjuk, azonnal jelezz\u00fck!\u00a0\u00a0 * Szeptember 15-\u00e9n, szerd\u00e1n, Weingarteni d\u00e9lut\u00e1n, a 14 Nothelfer Kapelle-ben 17.30 \u00f3rakor r\u00f3zsaf\u00fcz\u00e9rt im\u00e1dkozunk, ut\u00e1na szentmise, benne visszatekint\u00e9s az 52. Nemzetk\u00f6zi Eucharisztikus Kongresszusra. * Szeptember 16-\u00e1n, cs\u00fct\u00f6rt\u00f6k\u00f6n, Ulmi d\u00e9lut\u00e1n, 17.30 \u00f3rakor r\u00f3zsaf\u00fcz\u00e9rt im\u00e1dkozunk, ut\u00e1na szentmise, benne visszatekint\u00e9s az 52. Nemzetk\u00f6zi Eucharisztikus Kongresszusra. * Szeptember 17-\u00e9n,\u00a0p\u00e9nteken, Stuttgarti d\u00e9lut\u00e1n,\u00a017.30 \u00f3rakor\u00a0r\u00f3zsaf\u00fcz\u00e9rt im\u00e1dkozunk,\u00a0majd\u00a018.00 \u00f3rakor szentmise, benne visszatekint\u00e9s az 52. Nemzetk\u00f6zi Eucharisztikus Kongresszusra. * Szeptember 18-\u00e1n, szombaton, Heidenheimban 15.30 \u00f3rakor b\u00facs\u00fas-szentmise, Szent Istv\u00e1n kir\u00e1lyra eml\u00e9kez\u00fcnk. * Szeptember 19-\u00e9n, \u00e9vk\u00f6zi 25. vas\u00e1rnap, Ludwigsburgban 9.30 \u00f3rakor szentmise, Stuttgartban 12.00 \u00f3rakor b\u00facs\u00fas-szentmise, Szent Gell\u00e9rt egyh\u00e1zk\u00f6zs\u00e9gi b\u00facs\u00fa, Eislingenben 15.00 \u00f3rakor szentmise. \u00a0 * Minden helyen mindenkit szeretettel v\u00e1r a k\u00f6z\u00f6ss\u00e9g \u00e9s Tibor atya! * Mennyei Aty\u00e1nk, minden \u00e9let forr\u00e1sa! K\u00fcldd el Szentlelkedet, hogy az \u00f6nmag\u00e1t \u00e9rt\u00fcnk fel\u00e1ldoz\u00f3 \u00e9s az Olt\u00e1riszents\u00e9gben vel\u00fcnk lev\u0151 Krisztust felismerj\u00fck \u00e9s egyre jobban szeress\u00fck! \u0150 Urunk \u00e9s Mester\u00fcnk, bar\u00e1tunk \u00e9s t\u00e1pl\u00e1l\u00e9kunk, orvosunk \u00e9s b\u00e9kess\u00e9g\u00fcnk. Adj b\u00e1tors\u00e1got, hogy az \u0150 erej\u00e9t \u00e9s \u00f6r\u00f6m\u00e9t elvigy\u00fck minden emberhez! Add, hogy a k\u00e9sz\u00fclet ideje \u00e9s az Eucharisztikus Kongresszus \u00fcnnepl\u00e9se eg\u00e9sz h\u00edv\u0151 k\u00f6z\u00f6ss\u00e9g\u00fcnk, f\u0151v\u00e1rosunk, n\u00e9p\u00fcnk, Eur\u00f3pa \u00e9s a vil\u00e1g lelki meg\u00fajul\u00e1s\u00e1ra szolg\u00e1ljon! \u00c1men.<\/p>\n","protected":false},"author":3,"featured_media":22180,"comment_status":"closed","ping_status":"closed","sticky":false,"template":"","format":"standard","meta":{"footnotes":""},"categories":[37],"tags":[],"class_list":["post-22178","post","type-post","status-publish","format-standard","has-post-thumbnail","hentry","category-progamelozetes"],"yoast_head":"<!-- This site is optimized with the Yoast SEO plugin v27.3 - https:\/\/yoast.com\/product\/yoast-seo-wordpress\/ -->\n<title>2021 szeptember 13 \u00e9s 19 k\u00f6z\u00f6tt - Stuttgarti Katolikusok<\/title>\n<meta name=\"robots\" content=\"index, follow, max-snippet:-1, max-image-preview:large, max-video-preview:-1\" \/>\n<link rel=\"canonical\" href=\"https:\/\/stuttgarti-katolikusok.de\/index.php\/2021-szeptember-13-es-19-kozott\/\" \/>\n<meta property=\"og:locale\" content=\"hu_HU\" \/>\n<meta property=\"og:type\" content=\"article\" \/>\n<meta property=\"og:title\" content=\"2021 szeptember 13 \u00e9s 19 k\u00f6z\u00f6tt - Stuttgarti Katolikusok\" \/>\n<meta property=\"og:description\" content=\"Programel\u0151zetes A jelenlegi egyh\u00e1zi rendelkez\u00e9sek \u00e9rtelm\u00e9ben csak a szentmise tarthat\u00f3 meg. Szentmis\u00e9n k\u00f6telez\u0151 a maszk haszn\u00e1lata, jelenl\u00e9ti lista n\u00e9vvel \u00e9s el\u00e9rhet\u0151s\u00e9ggel, kezek fert\u0151tlen\u00edt\u00e9se! Amennyiben k\u00f6z\u00f6ss\u00e9gi termeinket is haszn\u00e1lhatjuk, azonnal jelezz\u00fck!\u00a0\u00a0 * Szeptember 15-\u00e9n, szerd\u00e1n, Weingarteni d\u00e9lut\u00e1n, a 14 Nothelfer Kapelle-ben 17.30 \u00f3rakor r\u00f3zsaf\u00fcz\u00e9rt im\u00e1dkozunk, ut\u00e1na szentmise, benne visszatekint\u00e9s az 52. Nemzetk\u00f6zi Eucharisztikus Kongresszusra. * Szeptember 16-\u00e1n, cs\u00fct\u00f6rt\u00f6k\u00f6n, Ulmi d\u00e9lut\u00e1n, 17.30 \u00f3rakor r\u00f3zsaf\u00fcz\u00e9rt im\u00e1dkozunk, ut\u00e1na szentmise, benne visszatekint\u00e9s az 52. Nemzetk\u00f6zi Eucharisztikus Kongresszusra. * Szeptember 17-\u00e9n,\u00a0p\u00e9nteken, Stuttgarti d\u00e9lut\u00e1n,\u00a017.30 \u00f3rakor\u00a0r\u00f3zsaf\u00fcz\u00e9rt im\u00e1dkozunk,\u00a0majd\u00a018.00 \u00f3rakor szentmise, benne visszatekint\u00e9s az 52. Nemzetk\u00f6zi Eucharisztikus Kongresszusra. * Szeptember 18-\u00e1n, szombaton, Heidenheimban 15.30 \u00f3rakor b\u00facs\u00fas-szentmise, Szent Istv\u00e1n kir\u00e1lyra eml\u00e9kez\u00fcnk. * Szeptember 19-\u00e9n, \u00e9vk\u00f6zi 25. vas\u00e1rnap, Ludwigsburgban 9.30 \u00f3rakor szentmise, Stuttgartban 12.00 \u00f3rakor b\u00facs\u00fas-szentmise, Szent Gell\u00e9rt egyh\u00e1zk\u00f6zs\u00e9gi b\u00facs\u00fa, Eislingenben 15.00 \u00f3rakor szentmise. \u00a0 * Minden helyen mindenkit szeretettel v\u00e1r a k\u00f6z\u00f6ss\u00e9g \u00e9s Tibor atya! * Mennyei Aty\u00e1nk, minden \u00e9let forr\u00e1sa! K\u00fcldd el Szentlelkedet, hogy az \u00f6nmag\u00e1t \u00e9rt\u00fcnk fel\u00e1ldoz\u00f3 \u00e9s az Olt\u00e1riszents\u00e9gben vel\u00fcnk lev\u0151 Krisztust felismerj\u00fck \u00e9s egyre jobban szeress\u00fck! \u0150 Urunk \u00e9s Mester\u00fcnk, bar\u00e1tunk \u00e9s t\u00e1pl\u00e1l\u00e9kunk, orvosunk \u00e9s b\u00e9kess\u00e9g\u00fcnk. Adj b\u00e1tors\u00e1got, hogy az \u0150 erej\u00e9t \u00e9s \u00f6r\u00f6m\u00e9t elvigy\u00fck minden emberhez! Add, hogy a k\u00e9sz\u00fclet ideje \u00e9s az Eucharisztikus Kongresszus \u00fcnnepl\u00e9se eg\u00e9sz h\u00edv\u0151 k\u00f6z\u00f6ss\u00e9g\u00fcnk, f\u0151v\u00e1rosunk, n\u00e9p\u00fcnk, Eur\u00f3pa \u00e9s a vil\u00e1g lelki meg\u00fajul\u00e1s\u00e1ra szolg\u00e1ljon! \u00c1men.\" \/>\n<meta property=\"og:url\" content=\"https:\/\/stuttgarti-katolikusok.de\/index.php\/2021-szeptember-13-es-19-kozott\/\" \/>\n<meta property=\"og:site_name\" content=\"Stuttgarti Katolikusok\" \/>\n<meta property=\"article:published_time\" content=\"2021-09-14T11:06:33+00:00\" \/>\n<meta property=\"article:modified_time\" content=\"2021-09-14T11:18:55+00:00\" \/>\n<meta property=\"og:image\" content=\"https:\/\/stuttgarti-katolikusok.de\/wp-content\/uploads\/2021\/09\/241966484-1978318502317406-4490573436640145444-n.jpg\" \/>\n\t<meta property=\"og:image:width\" content=\"2048\" \/>\n\t<meta property=\"og:image:height\" content=\"1365\" \/>\n\t<meta property=\"og:image:type\" content=\"image\/jpeg\" \/>\n<meta name=\"author\" content=\"Tibor atya\" \/>\n<meta name=\"twitter:card\" content=\"summary_large_image\" \/>\n<meta name=\"twitter:label1\" content=\"Szerz\u0151:\" \/>\n\t<meta name=\"twitter:data1\" content=\"Tibor atya\" \/>\n\t<meta name=\"twitter:label2\" content=\"Becs\u00fclt olvas\u00e1si id\u0151\" \/>\n\t<meta name=\"twitter:data2\" content=\"2 perc\" \/>\n<script type=\"application\/ld+json\" class=\"yoast-schema-graph\">{\"@context\":\"https:\\\/\\\/schema.org\",\"@graph\":[{\"@type\":\"Article\",\"@id\":\"https:\\\/\\\/stuttgarti-katolikusok.de\\\/index.php\\\/2021-szeptember-13-es-19-kozott\\\/#article\",\"isPartOf\":{\"@id\":\"https:\\\/\\\/stuttgarti-katolikusok.de\\\/index.php\\\/2021-szeptember-13-es-19-kozott\\\/\"},\"author\":{\"name\":\"Tibor atya\",\"@id\":\"https:\\\/\\\/stuttgarti-katolikusok.de\\\/#\\\/schema\\\/person\\\/75908d6f8fdc03a57889d27209df7795\"},\"headline\":\"2021 szeptember 13 \u00e9s 19 k\u00f6z\u00f6tt\",\"datePublished\":\"2021-09-14T11:06:33+00:00\",\"dateModified\":\"2021-09-14T11:18:55+00:00\",\"mainEntityOfPage\":{\"@id\":\"https:\\\/\\\/stuttgarti-katolikusok.de\\\/index.php\\\/2021-szeptember-13-es-19-kozott\\\/\"},\"wordCount\":311,\"image\":{\"@id\":\"https:\\\/\\\/stuttgarti-katolikusok.de\\\/index.php\\\/2021-szeptember-13-es-19-kozott\\\/#primaryimage\"},\"thumbnailUrl\":\"https:\\\/\\\/stuttgarti-katolikusok.de\\\/wp-content\\\/uploads\\\/2021\\\/09\\\/241966484-1978318502317406-4490573436640145444-n.jpg\",\"articleSection\":[\"Progamel\u0151zetes\"],\"inLanguage\":\"hu\"},{\"@type\":\"WebPage\",\"@id\":\"https:\\\/\\\/stuttgarti-katolikusok.de\\\/index.php\\\/2021-szeptember-13-es-19-kozott\\\/\",\"url\":\"https:\\\/\\\/stuttgarti-katolikusok.de\\\/index.php\\\/2021-szeptember-13-es-19-kozott\\\/\",\"name\":\"2021 szeptember 13 \u00e9s 19 k\u00f6z\u00f6tt - Stuttgarti Katolikusok\",\"isPartOf\":{\"@id\":\"https:\\\/\\\/stuttgarti-katolikusok.de\\\/#website\"},\"primaryImageOfPage\":{\"@id\":\"https:\\\/\\\/stuttgarti-katolikusok.de\\\/index.php\\\/2021-szeptember-13-es-19-kozott\\\/#primaryimage\"},\"image\":{\"@id\":\"https:\\\/\\\/stuttgarti-katolikusok.de\\\/index.php\\\/2021-szeptember-13-es-19-kozott\\\/#primaryimage\"},\"thumbnailUrl\":\"https:\\\/\\\/stuttgarti-katolikusok.de\\\/wp-content\\\/uploads\\\/2021\\\/09\\\/241966484-1978318502317406-4490573436640145444-n.jpg\",\"datePublished\":\"2021-09-14T11:06:33+00:00\",\"dateModified\":\"2021-09-14T11:18:55+00:00\",\"author\":{\"@id\":\"https:\\\/\\\/stuttgarti-katolikusok.de\\\/#\\\/schema\\\/person\\\/75908d6f8fdc03a57889d27209df7795\"},\"breadcrumb\":{\"@id\":\"https:\\\/\\\/stuttgarti-katolikusok.de\\\/index.php\\\/2021-szeptember-13-es-19-kozott\\\/#breadcrumb\"},\"inLanguage\":\"hu\",\"potentialAction\":[{\"@type\":\"ReadAction\",\"target\":[\"https:\\\/\\\/stuttgarti-katolikusok.de\\\/index.php\\\/2021-szeptember-13-es-19-kozott\\\/\"]}]},{\"@type\":\"ImageObject\",\"inLanguage\":\"hu\",\"@id\":\"https:\\\/\\\/stuttgarti-katolikusok.de\\\/index.php\\\/2021-szeptember-13-es-19-kozott\\\/#primaryimage\",\"url\":\"https:\\\/\\\/stuttgarti-katolikusok.de\\\/wp-content\\\/uploads\\\/2021\\\/09\\\/241966484-1978318502317406-4490573436640145444-n.jpg\",\"contentUrl\":\"https:\\\/\\\/stuttgarti-katolikusok.de\\\/wp-content\\\/uploads\\\/2021\\\/09\\\/241966484-1978318502317406-4490573436640145444-n.jpg\",\"width\":2048,\"height\":1365},{\"@type\":\"BreadcrumbList\",\"@id\":\"https:\\\/\\\/stuttgarti-katolikusok.de\\\/index.php\\\/2021-szeptember-13-es-19-kozott\\\/#breadcrumb\",\"itemListElement\":[{\"@type\":\"ListItem\",\"position\":1,\"name\":\"Kezd\u0151lap\",\"item\":\"https:\\\/\\\/stuttgarti-katolikusok.de\\\/\"},{\"@type\":\"ListItem\",\"position\":2,\"name\":\"2021 szeptember 13 \u00e9s 19 k\u00f6z\u00f6tt\"}]},{\"@type\":\"WebSite\",\"@id\":\"https:\\\/\\\/stuttgarti-katolikusok.de\\\/#website\",\"url\":\"https:\\\/\\\/stuttgarti-katolikusok.de\\\/\",\"name\":\"Stuttgarti Katolikusok\",\"description\":\"\",\"potentialAction\":[{\"@type\":\"SearchAction\",\"target\":{\"@type\":\"EntryPoint\",\"urlTemplate\":\"https:\\\/\\\/stuttgarti-katolikusok.de\\\/?s={search_term_string}\"},\"query-input\":{\"@type\":\"PropertyValueSpecification\",\"valueRequired\":true,\"valueName\":\"search_term_string\"}}],\"inLanguage\":\"hu\"},{\"@type\":\"Person\",\"@id\":\"https:\\\/\\\/stuttgarti-katolikusok.de\\\/#\\\/schema\\\/person\\\/75908d6f8fdc03a57889d27209df7795\",\"name\":\"Tibor atya\",\"image\":{\"@type\":\"ImageObject\",\"inLanguage\":\"hu\",\"@id\":\"https:\\\/\\\/secure.gravatar.com\\\/avatar\\\/61d268e57d1f4525b111222e29d2d5a7f8c420fdbf231ba5566a8ceac74fa960?s=96&d=mm&r=g\",\"url\":\"https:\\\/\\\/secure.gravatar.com\\\/avatar\\\/61d268e57d1f4525b111222e29d2d5a7f8c420fdbf231ba5566a8ceac74fa960?s=96&d=mm&r=g\",\"contentUrl\":\"https:\\\/\\\/secure.gravatar.com\\\/avatar\\\/61d268e57d1f4525b111222e29d2d5a7f8c420fdbf231ba5566a8ceac74fa960?s=96&d=mm&r=g\",\"caption\":\"Tibor atya\"},\"url\":\"https:\\\/\\\/stuttgarti-katolikusok.de\\\/index.php\\\/author\\\/tibor-atya\\\/\"}]}<\/script>\n<!-- \/ Yoast SEO plugin. -->","yoast_head_json":{"title":"2021 szeptember 13 \u00e9s 19 k\u00f6z\u00f6tt - Stuttgarti Katolikusok","robots":{"index":"index","follow":"follow","max-snippet":"max-snippet:-1","max-image-preview":"max-image-preview:large","max-video-preview":"max-video-preview:-1"},"canonical":"https:\/\/stuttgarti-katolikusok.de\/index.php\/2021-szeptember-13-es-19-kozott\/","og_locale":"hu_HU","og_type":"article","og_title":"2021 szeptember 13 \u00e9s 19 k\u00f6z\u00f6tt - Stuttgarti Katolikusok","og_description":"Programel\u0151zetes A jelenlegi egyh\u00e1zi rendelkez\u00e9sek \u00e9rtelm\u00e9ben csak a szentmise tarthat\u00f3 meg. Szentmis\u00e9n k\u00f6telez\u0151 a maszk haszn\u00e1lata, jelenl\u00e9ti lista n\u00e9vvel \u00e9s el\u00e9rhet\u0151s\u00e9ggel, kezek fert\u0151tlen\u00edt\u00e9se! Amennyiben k\u00f6z\u00f6ss\u00e9gi termeinket is haszn\u00e1lhatjuk, azonnal jelezz\u00fck!\u00a0\u00a0 * Szeptember 15-\u00e9n, szerd\u00e1n, Weingarteni d\u00e9lut\u00e1n, a 14 Nothelfer Kapelle-ben 17.30 \u00f3rakor r\u00f3zsaf\u00fcz\u00e9rt im\u00e1dkozunk, ut\u00e1na szentmise, benne visszatekint\u00e9s az 52. Nemzetk\u00f6zi Eucharisztikus Kongresszusra. * Szeptember 16-\u00e1n, cs\u00fct\u00f6rt\u00f6k\u00f6n, Ulmi d\u00e9lut\u00e1n, 17.30 \u00f3rakor r\u00f3zsaf\u00fcz\u00e9rt im\u00e1dkozunk, ut\u00e1na szentmise, benne visszatekint\u00e9s az 52. Nemzetk\u00f6zi Eucharisztikus Kongresszusra. * Szeptember 17-\u00e9n,\u00a0p\u00e9nteken, Stuttgarti d\u00e9lut\u00e1n,\u00a017.30 \u00f3rakor\u00a0r\u00f3zsaf\u00fcz\u00e9rt im\u00e1dkozunk,\u00a0majd\u00a018.00 \u00f3rakor szentmise, benne visszatekint\u00e9s az 52. Nemzetk\u00f6zi Eucharisztikus Kongresszusra. * Szeptember 18-\u00e1n, szombaton, Heidenheimban 15.30 \u00f3rakor b\u00facs\u00fas-szentmise, Szent Istv\u00e1n kir\u00e1lyra eml\u00e9kez\u00fcnk. * Szeptember 19-\u00e9n, \u00e9vk\u00f6zi 25. vas\u00e1rnap, Ludwigsburgban 9.30 \u00f3rakor szentmise, Stuttgartban 12.00 \u00f3rakor b\u00facs\u00fas-szentmise, Szent Gell\u00e9rt egyh\u00e1zk\u00f6zs\u00e9gi b\u00facs\u00fa, Eislingenben 15.00 \u00f3rakor szentmise. \u00a0 * Minden helyen mindenkit szeretettel v\u00e1r a k\u00f6z\u00f6ss\u00e9g \u00e9s Tibor atya! * Mennyei Aty\u00e1nk, minden \u00e9let forr\u00e1sa! K\u00fcldd el Szentlelkedet, hogy az \u00f6nmag\u00e1t \u00e9rt\u00fcnk fel\u00e1ldoz\u00f3 \u00e9s az Olt\u00e1riszents\u00e9gben vel\u00fcnk lev\u0151 Krisztust felismerj\u00fck \u00e9s egyre jobban szeress\u00fck! \u0150 Urunk \u00e9s Mester\u00fcnk, bar\u00e1tunk \u00e9s t\u00e1pl\u00e1l\u00e9kunk, orvosunk \u00e9s b\u00e9kess\u00e9g\u00fcnk. Adj b\u00e1tors\u00e1got, hogy az \u0150 erej\u00e9t \u00e9s \u00f6r\u00f6m\u00e9t elvigy\u00fck minden emberhez! Add, hogy a k\u00e9sz\u00fclet ideje \u00e9s az Eucharisztikus Kongresszus \u00fcnnepl\u00e9se eg\u00e9sz h\u00edv\u0151 k\u00f6z\u00f6ss\u00e9g\u00fcnk, f\u0151v\u00e1rosunk, n\u00e9p\u00fcnk, Eur\u00f3pa \u00e9s a vil\u00e1g lelki meg\u00fajul\u00e1s\u00e1ra szolg\u00e1ljon! \u00c1men.","og_url":"https:\/\/stuttgarti-katolikusok.de\/index.php\/2021-szeptember-13-es-19-kozott\/","og_site_name":"Stuttgarti Katolikusok","article_published_time":"2021-09-14T11:06:33+00:00","article_modified_time":"2021-09-14T11:18:55+00:00","og_image":[{"width":2048,"height":1365,"url":"https:\/\/stuttgarti-katolikusok.de\/wp-content\/uploads\/2021\/09\/241966484-1978318502317406-4490573436640145444-n.jpg","type":"image\/jpeg"}],"author":"Tibor atya","twitter_card":"summary_large_image","twitter_misc":{"Szerz\u0151:":"Tibor atya","Becs\u00fclt olvas\u00e1si id\u0151":"2 perc"},"schema":{"@context":"https:\/\/schema.org","@graph":[{"@type":"Article","@id":"https:\/\/stuttgarti-katolikusok.de\/index.php\/2021-szeptember-13-es-19-kozott\/#article","isPartOf":{"@id":"https:\/\/stuttgarti-katolikusok.de\/index.php\/2021-szeptember-13-es-19-kozott\/"},"author":{"name":"Tibor atya","@id":"https:\/\/stuttgarti-katolikusok.de\/#\/schema\/person\/75908d6f8fdc03a57889d27209df7795"},"headline":"2021 szeptember 13 \u00e9s 19 k\u00f6z\u00f6tt","datePublished":"2021-09-14T11:06:33+00:00","dateModified":"2021-09-14T11:18:55+00:00","mainEntityOfPage":{"@id":"https:\/\/stuttgarti-katolikusok.de\/index.php\/2021-szeptember-13-es-19-kozott\/"},"wordCount":311,"image":{"@id":"https:\/\/stuttgarti-katolikusok.de\/index.php\/2021-szeptember-13-es-19-kozott\/#primaryimage"},"thumbnailUrl":"https:\/\/stuttgarti-katolikusok.de\/wp-content\/uploads\/2021\/09\/241966484-1978318502317406-4490573436640145444-n.jpg","articleSection":["Progamel\u0151zetes"],"inLanguage":"hu"},{"@type":"WebPage","@id":"https:\/\/stuttgarti-katolikusok.de\/index.php\/2021-szeptember-13-es-19-kozott\/","url":"https:\/\/stuttgarti-katolikusok.de\/index.php\/2021-szeptember-13-es-19-kozott\/","name":"2021 szeptember 13 \u00e9s 19 k\u00f6z\u00f6tt - Stuttgarti Katolikusok","isPartOf":{"@id":"https:\/\/stuttgarti-katolikusok.de\/#website"},"primaryImageOfPage":{"@id":"https:\/\/stuttgarti-katolikusok.de\/index.php\/2021-szeptember-13-es-19-kozott\/#primaryimage"},"image":{"@id":"https:\/\/stuttgarti-katolikusok.de\/index.php\/2021-szeptember-13-es-19-kozott\/#primaryimage"},"thumbnailUrl":"https:\/\/stuttgarti-katolikusok.de\/wp-content\/uploads\/2021\/09\/241966484-1978318502317406-4490573436640145444-n.jpg","datePublished":"2021-09-14T11:06:33+00:00","dateModified":"2021-09-14T11:18:55+00:00","author":{"@id":"https:\/\/stuttgarti-katolikusok.de\/#\/schema\/person\/75908d6f8fdc03a57889d27209df7795"},"breadcrumb":{"@id":"https:\/\/stuttgarti-katolikusok.de\/index.php\/2021-szeptember-13-es-19-kozott\/#breadcrumb"},"inLanguage":"hu","potentialAction":[{"@type":"ReadAction","target":["https:\/\/stuttgarti-katolikusok.de\/index.php\/2021-szeptember-13-es-19-kozott\/"]}]},{"@type":"ImageObject","inLanguage":"hu","@id":"https:\/\/stuttgarti-katolikusok.de\/index.php\/2021-szeptember-13-es-19-kozott\/#primaryimage","url":"https:\/\/stuttgarti-katolikusok.de\/wp-content\/uploads\/2021\/09\/241966484-1978318502317406-4490573436640145444-n.jpg","contentUrl":"https:\/\/stuttgarti-katolikusok.de\/wp-content\/uploads\/2021\/09\/241966484-1978318502317406-4490573436640145444-n.jpg","width":2048,"height":1365},{"@type":"BreadcrumbList","@id":"https:\/\/stuttgarti-katolikusok.de\/index.php\/2021-szeptember-13-es-19-kozott\/#breadcrumb","itemListElement":[{"@type":"ListItem","position":1,"name":"Kezd\u0151lap","item":"https:\/\/stuttgarti-katolikusok.de\/"},{"@type":"ListItem","position":2,"name":"2021 szeptember 13 \u00e9s 19 k\u00f6z\u00f6tt"}]},{"@type":"WebSite","@id":"https:\/\/stuttgarti-katolikusok.de\/#website","url":"https:\/\/stuttgarti-katolikusok.de\/","name":"Stuttgarti Katolikusok","description":"","potentialAction":[{"@type":"SearchAction","target":{"@type":"EntryPoint","urlTemplate":"https:\/\/stuttgarti-katolikusok.de\/?s={search_term_string}"},"query-input":{"@type":"PropertyValueSpecification","valueRequired":true,"valueName":"search_term_string"}}],"inLanguage":"hu"},{"@type":"Person","@id":"https:\/\/stuttgarti-katolikusok.de\/#\/schema\/person\/75908d6f8fdc03a57889d27209df7795","name":"Tibor atya","image":{"@type":"ImageObject","inLanguage":"hu","@id":"https:\/\/secure.gravatar.com\/avatar\/61d268e57d1f4525b111222e29d2d5a7f8c420fdbf231ba5566a8ceac74fa960?s=96&d=mm&r=g","url":"https:\/\/secure.gravatar.com\/avatar\/61d268e57d1f4525b111222e29d2d5a7f8c420fdbf231ba5566a8ceac74fa960?s=96&d=mm&r=g","contentUrl":"https:\/\/secure.gravatar.com\/avatar\/61d268e57d1f4525b111222e29d2d5a7f8c420fdbf231ba5566a8ceac74fa960?s=96&d=mm&r=g","caption":"Tibor atya"},"url":"https:\/\/stuttgarti-katolikusok.de\/index.php\/author\/tibor-atya\/"}]}},"_links":{"self":[{"href":"https:\/\/stuttgarti-katolikusok.de\/index.php\/wp-json\/wp\/v2\/posts\/22178","targetHints":{"allow":["GET"]}}],"collection":[{"href":"https:\/\/stuttgarti-katolikusok.de\/index.php\/wp-json\/wp\/v2\/posts"}],"about":[{"href":"https:\/\/stuttgarti-katolikusok.de\/index.php\/wp-json\/wp\/v2\/types\/post"}],"author":[{"embeddable":true,"href":"https:\/\/stuttgarti-katolikusok.de\/index.php\/wp-json\/wp\/v2\/users\/3"}],"replies":[{"embeddable":true,"href":"https:\/\/stuttgarti-katolikusok.de\/index.php\/wp-json\/wp\/v2\/comments?post=22178"}],"version-history":[{"count":3,"href":"https:\/\/stuttgarti-katolikusok.de\/index.php\/wp-json\/wp\/v2\/posts\/22178\/revisions"}],"predecessor-version":[{"id":22188,"href":"https:\/\/stuttgarti-katolikusok.de\/index.php\/wp-json\/wp\/v2\/posts\/22178\/revisions\/22188"}],"wp:featuredmedia":[{"embeddable":true,"href":"https:\/\/stuttgarti-katolikusok.de\/index.php\/wp-json\/wp\/v2\/media\/22180"}],"wp:attachment":[{"href":"https:\/\/stuttgarti-katolikusok.de\/index.php\/wp-json\/wp\/v2\/media?parent=22178"}],"wp:term":[{"taxonomy":"category","embeddable":true,"href":"https:\/\/stuttgarti-katolikusok.de\/index.php\/wp-json\/wp\/v2\/categories?post=22178"},{"taxonomy":"post_tag","embeddable":true,"href":"https:\/\/stuttgarti-katolikusok.de\/index.php\/wp-json\/wp\/v2\/tags?post=22178"}],"curies":[{"name":"wp","href":"https:\/\/api.w.org\/{rel}","templated":true}]}}