{"id":22144,"date":"2021-09-01T08:29:57","date_gmt":"2021-09-01T08:29:57","guid":{"rendered":"https:\/\/stuttgarti-katolikusok.de\/?p=22144"},"modified":"2021-09-01T10:17:58","modified_gmt":"2021-09-01T10:17:58","slug":"2021-szeptember-1-es-12-kozott","status":"publish","type":"post","link":"https:\/\/stuttgarti-katolikusok.de\/index.php\/2021-szeptember-1-es-12-kozott\/","title":{"rendered":"2021 szeptember 1 \u00e9s 12 k\u00f6z\u00f6tt"},"content":{"rendered":"<p><span style=\"color: #ff6600;\"><strong>Programel\u0151zetes<\/strong><\/span><\/p>\n<p><span style=\"color: #ff6600;\"><em>A jelenlegi egyh\u00e1zi rendelkez\u00e9sek \u00e9rtelm\u00e9ben csak a szentmise tarthat\u00f3 meg.<\/em><\/span><\/p>\n<p><span style=\"color: #ff6600;\"><em>Szentmis\u00e9n k\u00f6telez\u0151 a maszk haszn\u00e1lata, jelenl\u00e9ti lista n\u00e9vvel \u00e9s el\u00e9rhet\u0151s\u00e9ggel, kezek fert\u0151tlen\u00edt\u00e9se!<\/em><\/span><\/p>\n<p><span style=\"color: #ff6600;\"><em>Amennyiben k\u00f6z\u00f6ss\u00e9gi termeinket is haszn\u00e1lhatjuk, azonnal jelezz\u00fck!\u00a0\u00a0<\/em><\/span><\/p>\n<p style=\"text-align: center;\"><span style=\"color: #ff6600;\">*<\/span><\/p>\n<p><strong>Szeptember 3-\u00e1n,<\/strong>\u00a0p\u00e9nteken,<\/p>\n<p><strong>Stuttgartban\u00a0<\/strong>18.00 \u00f3rakor\u00a0<em>J\u00e9zus Sz\u00edve \u00e1jtatoss\u00e1g,\u00a0<\/em>majd\u00a0<em>szentmise. <\/em><em>Ezt k\u00f6vet\u0151en pedig a jelenl\u00e9v\u0151kkel egy\u00fctt visszatekint\u00fcnk az elm\u00falt h\u00f3napok t\u00f6rt\u00e9n\u00e9seire.<\/em><\/p>\n<p style=\"text-align: center;\"><span style=\"color: #ff6600;\"><em>*<\/em><\/span><\/p>\n<p><em><strong>Szeptember 4-\u00e9n<\/strong><\/em><em>, szombaton,<\/em><\/p>\n<p><em><strong>Balingenben <\/strong><\/em><em>15.00 \u00f3rakor szentmise!!!<\/em><\/p>\n<p><em><strong>Stuttgartban <\/strong><\/em><em>18.00 \u00f3rakor a Stuttgarti Magyar Kultur\u00e1lis Int\u00e9zet \u00e1ltal szervezett ki\u00e1ll\u00edt\u00e1s megnyit\u00e1sa a Haus der Katholischen Kirche Stuttgart-ban (70173 Stuttgart, K\u00f6nigstrasse 7) a Nemzetk\u00f6zi Eucharisztikus Vil\u00e1gkongresszus tisztelet\u00e9re. <\/em><\/p>\n<p style=\"text-align: center;\"><em>\u00a0<\/em><span style=\"color: #ff6600;\"><em>*<\/em><\/span><\/p>\n<p><em><strong>Szeptember 5-\u00e9n<\/strong><\/em><em>, \u00e9vk\u00f6zi 23. vas\u00e1rnap,<\/em><\/p>\n<p><em><strong>Schw\u00e4bisch-Gm\u00fcndben <\/strong><\/em><em>9.30 \u00f3rakor szentmise,<\/em><\/p>\n<p><em><strong>Stuttgartban <\/strong><\/em><em>15.00 \u00f3rakor szentmise. <\/em><\/p>\n<p style=\"text-align: center;\"><span style=\"color: #ff6600;\">*<\/span><\/p>\n<p><strong>Szeptember 6 \u00e9s 13 k\u00f6z\u00f6tt <\/strong>Egyh\u00e1zk\u00f6zs\u00e9g\u00fcnk r\u00e9szt vesz az 52. Nemzetk\u00f6zi Eucharisztikus Kongresszus \u00fcnnepi programjain.<\/p>\n<p style=\"text-align: center;\"><span style=\"color: #ff6600;\">*<\/span><\/p>\n<p><strong>Szeptember 11-\u00e9n<\/strong>, szombaton, <strong>Biberachban<\/strong> 16.30 \u00f3rakor szentmise a<em> Dreifaltigkeitskirche<\/em>-ben.<\/p>\n<p style=\"text-align: center;\"><span style=\"color: #ff6600;\">*<\/span><\/p>\n<p><strong>Szeptember 12-\u00e9n<\/strong>, \u00e9vk\u00f6zi 24. vas\u00e1rnap,<\/p>\n<p><strong>Weingartenben<\/strong> 11.00 \u00f3rakor szentmise a <em>Heilig Geist Kirche<\/em>-ben,<\/p>\n<p><strong>Ulmban<\/strong> 15.00 \u00f3rakor szentmise.<\/p>\n<p>Minden helyen mindenkit szeretettel v\u00e1r a k\u00f6z\u00f6ss\u00e9g \u00e9s Tibor atya!<\/p>\n<p style=\"text-align: center;\"><span style=\"color: #ff6600;\">*<\/span><\/p>\n<p><span style=\"color: #ff6600;\"><strong><em>Mennyei Aty\u00e1nk,<\/em><\/strong><strong><em><br \/>\nminden \u00e9let forr\u00e1sa!<br \/>\nK\u00fcldd el Szentlelkedet,<br \/>\nhogy az \u00f6nmag\u00e1t \u00e9rt\u00fcnk fel\u00e1ldoz\u00f3<br \/>\n\u00e9s az Olt\u00e1riszents\u00e9gben<br \/>\nvel\u00fcnk lev\u0151 Krisztust felismerj\u00fck<br \/>\n\u00e9s egyre jobban szeress\u00fck!<br \/>\n\u0150 Urunk \u00e9s Mester\u00fcnk,<br \/>\nbar\u00e1tunk \u00e9s t\u00e1pl\u00e1l\u00e9kunk,<br \/>\norvosunk \u00e9s b\u00e9kess\u00e9g\u00fcnk.<br \/>\nAdj b\u00e1tors\u00e1got, hogy az \u0150 erej\u00e9t \u00e9s \u00f6r\u00f6m\u00e9t<br \/>\nelvigy\u00fck minden emberhez!<br \/>\nAdd, hogy a k\u00e9sz\u00fclet ideje<br \/>\n\u00e9s az Eucharisztikus Kongresszus \u00fcnnepl\u00e9se<br \/>\neg\u00e9sz h\u00edv\u0151 k\u00f6z\u00f6ss\u00e9g\u00fcnk,<br \/>\nf\u0151v\u00e1rosunk, n\u00e9p\u00fcnk,<br \/>\nEur\u00f3pa \u00e9s a vil\u00e1g<br \/>\nlelki meg\u00fajul\u00e1s\u00e1ra szolg\u00e1ljon!<br \/>\n\u00c1men.<\/em><\/strong><\/span><\/p>\n","protected":false},"excerpt":{"rendered":"<p>Programel\u0151zetes A jelenlegi egyh\u00e1zi rendelkez\u00e9sek \u00e9rtelm\u00e9ben csak a szentmise tarthat\u00f3 meg. Szentmis\u00e9n k\u00f6telez\u0151 a maszk haszn\u00e1lata, jelenl\u00e9ti lista n\u00e9vvel \u00e9s el\u00e9rhet\u0151s\u00e9ggel, kezek fert\u0151tlen\u00edt\u00e9se! Amennyiben k\u00f6z\u00f6ss\u00e9gi termeinket is haszn\u00e1lhatjuk, azonnal jelezz\u00fck!\u00a0\u00a0 * Szeptember 3-\u00e1n,\u00a0p\u00e9nteken, Stuttgartban\u00a018.00 \u00f3rakor\u00a0J\u00e9zus Sz\u00edve \u00e1jtatoss\u00e1g,\u00a0majd\u00a0szentmise. Ezt k\u00f6vet\u0151en pedig a jelenl\u00e9v\u0151kkel egy\u00fctt visszatekint\u00fcnk az elm\u00falt h\u00f3napok t\u00f6rt\u00e9n\u00e9seire. * Szeptember 4-\u00e9n, szombaton, Balingenben 15.00 \u00f3rakor szentmise!!! Stuttgartban 18.00 \u00f3rakor a Stuttgarti Magyar Kultur\u00e1lis Int\u00e9zet \u00e1ltal szervezett ki\u00e1ll\u00edt\u00e1s megnyit\u00e1sa a Haus der Katholischen Kirche Stuttgart-ban (70173 Stuttgart, K\u00f6nigstrasse 7) a Nemzetk\u00f6zi Eucharisztikus Vil\u00e1gkongresszus tisztelet\u00e9re. \u00a0* Szeptember 5-\u00e9n, \u00e9vk\u00f6zi 23. vas\u00e1rnap, Schw\u00e4bisch-Gm\u00fcndben 9.30 \u00f3rakor szentmise, Stuttgartban 15.00 \u00f3rakor szentmise. * Szeptember 6 \u00e9s 13 k\u00f6z\u00f6tt Egyh\u00e1zk\u00f6zs\u00e9g\u00fcnk r\u00e9szt vesz az 52. Nemzetk\u00f6zi Eucharisztikus Kongresszus \u00fcnnepi programjain. * Szeptember 11-\u00e9n, szombaton, Biberachban 16.30 \u00f3rakor szentmise a Dreifaltigkeitskirche-ben. * Szeptember 12-\u00e9n, \u00e9vk\u00f6zi 24. vas\u00e1rnap, Weingartenben 11.00 \u00f3rakor szentmise a Heilig Geist Kirche-ben, Ulmban 15.00 \u00f3rakor szentmise. Minden helyen mindenkit szeretettel v\u00e1r a k\u00f6z\u00f6ss\u00e9g \u00e9s Tibor atya! * Mennyei Aty\u00e1nk, minden \u00e9let forr\u00e1sa! K\u00fcldd el Szentlelkedet, hogy az \u00f6nmag\u00e1t \u00e9rt\u00fcnk fel\u00e1ldoz\u00f3 \u00e9s az Olt\u00e1riszents\u00e9gben vel\u00fcnk lev\u0151 Krisztust felismerj\u00fck \u00e9s egyre jobban szeress\u00fck! \u0150 Urunk \u00e9s Mester\u00fcnk, bar\u00e1tunk \u00e9s t\u00e1pl\u00e1l\u00e9kunk, orvosunk \u00e9s b\u00e9kess\u00e9g\u00fcnk. Adj b\u00e1tors\u00e1got, hogy az \u0150 erej\u00e9t \u00e9s \u00f6r\u00f6m\u00e9t elvigy\u00fck minden emberhez! Add, hogy a k\u00e9sz\u00fclet ideje \u00e9s az Eucharisztikus Kongresszus \u00fcnnepl\u00e9se eg\u00e9sz h\u00edv\u0151 k\u00f6z\u00f6ss\u00e9g\u00fcnk, f\u0151v\u00e1rosunk, n\u00e9p\u00fcnk, Eur\u00f3pa \u00e9s a vil\u00e1g lelki meg\u00fajul\u00e1s\u00e1ra szolg\u00e1ljon! \u00c1men.<\/p>\n","protected":false},"author":3,"featured_media":22145,"comment_status":"closed","ping_status":"closed","sticky":false,"template":"","format":"standard","meta":{"footnotes":""},"categories":[37],"tags":[],"class_list":["post-22144","post","type-post","status-publish","format-standard","has-post-thumbnail","hentry","category-progamelozetes"],"yoast_head":"<!-- This site is optimized with the Yoast SEO plugin v27.3 - https:\/\/yoast.com\/product\/yoast-seo-wordpress\/ -->\n<title>2021 szeptember 1 \u00e9s 12 k\u00f6z\u00f6tt - Stuttgarti Katolikusok<\/title>\n<meta name=\"robots\" content=\"index, follow, max-snippet:-1, max-image-preview:large, max-video-preview:-1\" \/>\n<link rel=\"canonical\" href=\"https:\/\/stuttgarti-katolikusok.de\/index.php\/2021-szeptember-1-es-12-kozott\/\" \/>\n<meta property=\"og:locale\" content=\"hu_HU\" \/>\n<meta property=\"og:type\" content=\"article\" \/>\n<meta property=\"og:title\" content=\"2021 szeptember 1 \u00e9s 12 k\u00f6z\u00f6tt - Stuttgarti Katolikusok\" \/>\n<meta property=\"og:description\" content=\"Programel\u0151zetes A jelenlegi egyh\u00e1zi rendelkez\u00e9sek \u00e9rtelm\u00e9ben csak a szentmise tarthat\u00f3 meg. Szentmis\u00e9n k\u00f6telez\u0151 a maszk haszn\u00e1lata, jelenl\u00e9ti lista n\u00e9vvel \u00e9s el\u00e9rhet\u0151s\u00e9ggel, kezek fert\u0151tlen\u00edt\u00e9se! Amennyiben k\u00f6z\u00f6ss\u00e9gi termeinket is haszn\u00e1lhatjuk, azonnal jelezz\u00fck!\u00a0\u00a0 * Szeptember 3-\u00e1n,\u00a0p\u00e9nteken, Stuttgartban\u00a018.00 \u00f3rakor\u00a0J\u00e9zus Sz\u00edve \u00e1jtatoss\u00e1g,\u00a0majd\u00a0szentmise. Ezt k\u00f6vet\u0151en pedig a jelenl\u00e9v\u0151kkel egy\u00fctt visszatekint\u00fcnk az elm\u00falt h\u00f3napok t\u00f6rt\u00e9n\u00e9seire. * Szeptember 4-\u00e9n, szombaton, Balingenben 15.00 \u00f3rakor szentmise!!! Stuttgartban 18.00 \u00f3rakor a Stuttgarti Magyar Kultur\u00e1lis Int\u00e9zet \u00e1ltal szervezett ki\u00e1ll\u00edt\u00e1s megnyit\u00e1sa a Haus der Katholischen Kirche Stuttgart-ban (70173 Stuttgart, K\u00f6nigstrasse 7) a Nemzetk\u00f6zi Eucharisztikus Vil\u00e1gkongresszus tisztelet\u00e9re. \u00a0* Szeptember 5-\u00e9n, \u00e9vk\u00f6zi 23. vas\u00e1rnap, Schw\u00e4bisch-Gm\u00fcndben 9.30 \u00f3rakor szentmise, Stuttgartban 15.00 \u00f3rakor szentmise. * Szeptember 6 \u00e9s 13 k\u00f6z\u00f6tt Egyh\u00e1zk\u00f6zs\u00e9g\u00fcnk r\u00e9szt vesz az 52. Nemzetk\u00f6zi Eucharisztikus Kongresszus \u00fcnnepi programjain. * Szeptember 11-\u00e9n, szombaton, Biberachban 16.30 \u00f3rakor szentmise a Dreifaltigkeitskirche-ben. * Szeptember 12-\u00e9n, \u00e9vk\u00f6zi 24. vas\u00e1rnap, Weingartenben 11.00 \u00f3rakor szentmise a Heilig Geist Kirche-ben, Ulmban 15.00 \u00f3rakor szentmise. Minden helyen mindenkit szeretettel v\u00e1r a k\u00f6z\u00f6ss\u00e9g \u00e9s Tibor atya! * Mennyei Aty\u00e1nk, minden \u00e9let forr\u00e1sa! K\u00fcldd el Szentlelkedet, hogy az \u00f6nmag\u00e1t \u00e9rt\u00fcnk fel\u00e1ldoz\u00f3 \u00e9s az Olt\u00e1riszents\u00e9gben vel\u00fcnk lev\u0151 Krisztust felismerj\u00fck \u00e9s egyre jobban szeress\u00fck! \u0150 Urunk \u00e9s Mester\u00fcnk, bar\u00e1tunk \u00e9s t\u00e1pl\u00e1l\u00e9kunk, orvosunk \u00e9s b\u00e9kess\u00e9g\u00fcnk. Adj b\u00e1tors\u00e1got, hogy az \u0150 erej\u00e9t \u00e9s \u00f6r\u00f6m\u00e9t elvigy\u00fck minden emberhez! Add, hogy a k\u00e9sz\u00fclet ideje \u00e9s az Eucharisztikus Kongresszus \u00fcnnepl\u00e9se eg\u00e9sz h\u00edv\u0151 k\u00f6z\u00f6ss\u00e9g\u00fcnk, f\u0151v\u00e1rosunk, n\u00e9p\u00fcnk, Eur\u00f3pa \u00e9s a vil\u00e1g lelki meg\u00fajul\u00e1s\u00e1ra szolg\u00e1ljon! \u00c1men.\" \/>\n<meta property=\"og:url\" content=\"https:\/\/stuttgarti-katolikusok.de\/index.php\/2021-szeptember-1-es-12-kozott\/\" \/>\n<meta property=\"og:site_name\" content=\"Stuttgarti Katolikusok\" \/>\n<meta property=\"article:published_time\" content=\"2021-09-01T08:29:57+00:00\" \/>\n<meta property=\"article:modified_time\" content=\"2021-09-01T10:17:58+00:00\" \/>\n<meta property=\"og:image\" content=\"https:\/\/stuttgarti-katolikusok.de\/wp-content\/uploads\/2021\/09\/nek-logo.jpg\" \/>\n\t<meta property=\"og:image:width\" content=\"1500\" \/>\n\t<meta property=\"og:image:height\" content=\"880\" \/>\n\t<meta property=\"og:image:type\" content=\"image\/jpeg\" \/>\n<meta name=\"author\" content=\"Tibor atya\" \/>\n<meta name=\"twitter:card\" content=\"summary_large_image\" \/>\n<meta name=\"twitter:label1\" content=\"Szerz\u0151:\" \/>\n\t<meta name=\"twitter:data1\" content=\"Tibor atya\" \/>\n\t<meta name=\"twitter:label2\" content=\"Becs\u00fclt olvas\u00e1si id\u0151\" \/>\n\t<meta name=\"twitter:data2\" content=\"1 perc\" \/>\n<script type=\"application\/ld+json\" class=\"yoast-schema-graph\">{\"@context\":\"https:\\\/\\\/schema.org\",\"@graph\":[{\"@type\":\"Article\",\"@id\":\"https:\\\/\\\/stuttgarti-katolikusok.de\\\/index.php\\\/2021-szeptember-1-es-12-kozott\\\/#article\",\"isPartOf\":{\"@id\":\"https:\\\/\\\/stuttgarti-katolikusok.de\\\/index.php\\\/2021-szeptember-1-es-12-kozott\\\/\"},\"author\":{\"name\":\"Tibor atya\",\"@id\":\"https:\\\/\\\/stuttgarti-katolikusok.de\\\/#\\\/schema\\\/person\\\/75908d6f8fdc03a57889d27209df7795\"},\"headline\":\"2021 szeptember 1 \u00e9s 12 k\u00f6z\u00f6tt\",\"datePublished\":\"2021-09-01T08:29:57+00:00\",\"dateModified\":\"2021-09-01T10:17:58+00:00\",\"mainEntityOfPage\":{\"@id\":\"https:\\\/\\\/stuttgarti-katolikusok.de\\\/index.php\\\/2021-szeptember-1-es-12-kozott\\\/\"},\"wordCount\":318,\"image\":{\"@id\":\"https:\\\/\\\/stuttgarti-katolikusok.de\\\/index.php\\\/2021-szeptember-1-es-12-kozott\\\/#primaryimage\"},\"thumbnailUrl\":\"https:\\\/\\\/stuttgarti-katolikusok.de\\\/wp-content\\\/uploads\\\/2021\\\/09\\\/nek-logo.jpg\",\"articleSection\":[\"Progamel\u0151zetes\"],\"inLanguage\":\"hu\"},{\"@type\":\"WebPage\",\"@id\":\"https:\\\/\\\/stuttgarti-katolikusok.de\\\/index.php\\\/2021-szeptember-1-es-12-kozott\\\/\",\"url\":\"https:\\\/\\\/stuttgarti-katolikusok.de\\\/index.php\\\/2021-szeptember-1-es-12-kozott\\\/\",\"name\":\"2021 szeptember 1 \u00e9s 12 k\u00f6z\u00f6tt - Stuttgarti Katolikusok\",\"isPartOf\":{\"@id\":\"https:\\\/\\\/stuttgarti-katolikusok.de\\\/#website\"},\"primaryImageOfPage\":{\"@id\":\"https:\\\/\\\/stuttgarti-katolikusok.de\\\/index.php\\\/2021-szeptember-1-es-12-kozott\\\/#primaryimage\"},\"image\":{\"@id\":\"https:\\\/\\\/stuttgarti-katolikusok.de\\\/index.php\\\/2021-szeptember-1-es-12-kozott\\\/#primaryimage\"},\"thumbnailUrl\":\"https:\\\/\\\/stuttgarti-katolikusok.de\\\/wp-content\\\/uploads\\\/2021\\\/09\\\/nek-logo.jpg\",\"datePublished\":\"2021-09-01T08:29:57+00:00\",\"dateModified\":\"2021-09-01T10:17:58+00:00\",\"author\":{\"@id\":\"https:\\\/\\\/stuttgarti-katolikusok.de\\\/#\\\/schema\\\/person\\\/75908d6f8fdc03a57889d27209df7795\"},\"breadcrumb\":{\"@id\":\"https:\\\/\\\/stuttgarti-katolikusok.de\\\/index.php\\\/2021-szeptember-1-es-12-kozott\\\/#breadcrumb\"},\"inLanguage\":\"hu\",\"potentialAction\":[{\"@type\":\"ReadAction\",\"target\":[\"https:\\\/\\\/stuttgarti-katolikusok.de\\\/index.php\\\/2021-szeptember-1-es-12-kozott\\\/\"]}]},{\"@type\":\"ImageObject\",\"inLanguage\":\"hu\",\"@id\":\"https:\\\/\\\/stuttgarti-katolikusok.de\\\/index.php\\\/2021-szeptember-1-es-12-kozott\\\/#primaryimage\",\"url\":\"https:\\\/\\\/stuttgarti-katolikusok.de\\\/wp-content\\\/uploads\\\/2021\\\/09\\\/nek-logo.jpg\",\"contentUrl\":\"https:\\\/\\\/stuttgarti-katolikusok.de\\\/wp-content\\\/uploads\\\/2021\\\/09\\\/nek-logo.jpg\",\"width\":1500,\"height\":880},{\"@type\":\"BreadcrumbList\",\"@id\":\"https:\\\/\\\/stuttgarti-katolikusok.de\\\/index.php\\\/2021-szeptember-1-es-12-kozott\\\/#breadcrumb\",\"itemListElement\":[{\"@type\":\"ListItem\",\"position\":1,\"name\":\"Kezd\u0151lap\",\"item\":\"https:\\\/\\\/stuttgarti-katolikusok.de\\\/\"},{\"@type\":\"ListItem\",\"position\":2,\"name\":\"2021 szeptember 1 \u00e9s 12 k\u00f6z\u00f6tt\"}]},{\"@type\":\"WebSite\",\"@id\":\"https:\\\/\\\/stuttgarti-katolikusok.de\\\/#website\",\"url\":\"https:\\\/\\\/stuttgarti-katolikusok.de\\\/\",\"name\":\"Stuttgarti Katolikusok\",\"description\":\"\",\"potentialAction\":[{\"@type\":\"SearchAction\",\"target\":{\"@type\":\"EntryPoint\",\"urlTemplate\":\"https:\\\/\\\/stuttgarti-katolikusok.de\\\/?s={search_term_string}\"},\"query-input\":{\"@type\":\"PropertyValueSpecification\",\"valueRequired\":true,\"valueName\":\"search_term_string\"}}],\"inLanguage\":\"hu\"},{\"@type\":\"Person\",\"@id\":\"https:\\\/\\\/stuttgarti-katolikusok.de\\\/#\\\/schema\\\/person\\\/75908d6f8fdc03a57889d27209df7795\",\"name\":\"Tibor atya\",\"image\":{\"@type\":\"ImageObject\",\"inLanguage\":\"hu\",\"@id\":\"https:\\\/\\\/secure.gravatar.com\\\/avatar\\\/61d268e57d1f4525b111222e29d2d5a7f8c420fdbf231ba5566a8ceac74fa960?s=96&d=mm&r=g\",\"url\":\"https:\\\/\\\/secure.gravatar.com\\\/avatar\\\/61d268e57d1f4525b111222e29d2d5a7f8c420fdbf231ba5566a8ceac74fa960?s=96&d=mm&r=g\",\"contentUrl\":\"https:\\\/\\\/secure.gravatar.com\\\/avatar\\\/61d268e57d1f4525b111222e29d2d5a7f8c420fdbf231ba5566a8ceac74fa960?s=96&d=mm&r=g\",\"caption\":\"Tibor atya\"},\"url\":\"https:\\\/\\\/stuttgarti-katolikusok.de\\\/index.php\\\/author\\\/tibor-atya\\\/\"}]}<\/script>\n<!-- \/ Yoast SEO plugin. -->","yoast_head_json":{"title":"2021 szeptember 1 \u00e9s 12 k\u00f6z\u00f6tt - Stuttgarti Katolikusok","robots":{"index":"index","follow":"follow","max-snippet":"max-snippet:-1","max-image-preview":"max-image-preview:large","max-video-preview":"max-video-preview:-1"},"canonical":"https:\/\/stuttgarti-katolikusok.de\/index.php\/2021-szeptember-1-es-12-kozott\/","og_locale":"hu_HU","og_type":"article","og_title":"2021 szeptember 1 \u00e9s 12 k\u00f6z\u00f6tt - Stuttgarti Katolikusok","og_description":"Programel\u0151zetes A jelenlegi egyh\u00e1zi rendelkez\u00e9sek \u00e9rtelm\u00e9ben csak a szentmise tarthat\u00f3 meg. Szentmis\u00e9n k\u00f6telez\u0151 a maszk haszn\u00e1lata, jelenl\u00e9ti lista n\u00e9vvel \u00e9s el\u00e9rhet\u0151s\u00e9ggel, kezek fert\u0151tlen\u00edt\u00e9se! Amennyiben k\u00f6z\u00f6ss\u00e9gi termeinket is haszn\u00e1lhatjuk, azonnal jelezz\u00fck!\u00a0\u00a0 * Szeptember 3-\u00e1n,\u00a0p\u00e9nteken, Stuttgartban\u00a018.00 \u00f3rakor\u00a0J\u00e9zus Sz\u00edve \u00e1jtatoss\u00e1g,\u00a0majd\u00a0szentmise. Ezt k\u00f6vet\u0151en pedig a jelenl\u00e9v\u0151kkel egy\u00fctt visszatekint\u00fcnk az elm\u00falt h\u00f3napok t\u00f6rt\u00e9n\u00e9seire. * Szeptember 4-\u00e9n, szombaton, Balingenben 15.00 \u00f3rakor szentmise!!! Stuttgartban 18.00 \u00f3rakor a Stuttgarti Magyar Kultur\u00e1lis Int\u00e9zet \u00e1ltal szervezett ki\u00e1ll\u00edt\u00e1s megnyit\u00e1sa a Haus der Katholischen Kirche Stuttgart-ban (70173 Stuttgart, K\u00f6nigstrasse 7) a Nemzetk\u00f6zi Eucharisztikus Vil\u00e1gkongresszus tisztelet\u00e9re. \u00a0* Szeptember 5-\u00e9n, \u00e9vk\u00f6zi 23. vas\u00e1rnap, Schw\u00e4bisch-Gm\u00fcndben 9.30 \u00f3rakor szentmise, Stuttgartban 15.00 \u00f3rakor szentmise. * Szeptember 6 \u00e9s 13 k\u00f6z\u00f6tt Egyh\u00e1zk\u00f6zs\u00e9g\u00fcnk r\u00e9szt vesz az 52. Nemzetk\u00f6zi Eucharisztikus Kongresszus \u00fcnnepi programjain. * Szeptember 11-\u00e9n, szombaton, Biberachban 16.30 \u00f3rakor szentmise a Dreifaltigkeitskirche-ben. * Szeptember 12-\u00e9n, \u00e9vk\u00f6zi 24. vas\u00e1rnap, Weingartenben 11.00 \u00f3rakor szentmise a Heilig Geist Kirche-ben, Ulmban 15.00 \u00f3rakor szentmise. Minden helyen mindenkit szeretettel v\u00e1r a k\u00f6z\u00f6ss\u00e9g \u00e9s Tibor atya! * Mennyei Aty\u00e1nk, minden \u00e9let forr\u00e1sa! K\u00fcldd el Szentlelkedet, hogy az \u00f6nmag\u00e1t \u00e9rt\u00fcnk fel\u00e1ldoz\u00f3 \u00e9s az Olt\u00e1riszents\u00e9gben vel\u00fcnk lev\u0151 Krisztust felismerj\u00fck \u00e9s egyre jobban szeress\u00fck! \u0150 Urunk \u00e9s Mester\u00fcnk, bar\u00e1tunk \u00e9s t\u00e1pl\u00e1l\u00e9kunk, orvosunk \u00e9s b\u00e9kess\u00e9g\u00fcnk. Adj b\u00e1tors\u00e1got, hogy az \u0150 erej\u00e9t \u00e9s \u00f6r\u00f6m\u00e9t elvigy\u00fck minden emberhez! Add, hogy a k\u00e9sz\u00fclet ideje \u00e9s az Eucharisztikus Kongresszus \u00fcnnepl\u00e9se eg\u00e9sz h\u00edv\u0151 k\u00f6z\u00f6ss\u00e9g\u00fcnk, f\u0151v\u00e1rosunk, n\u00e9p\u00fcnk, Eur\u00f3pa \u00e9s a vil\u00e1g lelki meg\u00fajul\u00e1s\u00e1ra szolg\u00e1ljon! \u00c1men.","og_url":"https:\/\/stuttgarti-katolikusok.de\/index.php\/2021-szeptember-1-es-12-kozott\/","og_site_name":"Stuttgarti Katolikusok","article_published_time":"2021-09-01T08:29:57+00:00","article_modified_time":"2021-09-01T10:17:58+00:00","og_image":[{"width":1500,"height":880,"url":"https:\/\/stuttgarti-katolikusok.de\/wp-content\/uploads\/2021\/09\/nek-logo.jpg","type":"image\/jpeg"}],"author":"Tibor atya","twitter_card":"summary_large_image","twitter_misc":{"Szerz\u0151:":"Tibor atya","Becs\u00fclt olvas\u00e1si id\u0151":"1 perc"},"schema":{"@context":"https:\/\/schema.org","@graph":[{"@type":"Article","@id":"https:\/\/stuttgarti-katolikusok.de\/index.php\/2021-szeptember-1-es-12-kozott\/#article","isPartOf":{"@id":"https:\/\/stuttgarti-katolikusok.de\/index.php\/2021-szeptember-1-es-12-kozott\/"},"author":{"name":"Tibor atya","@id":"https:\/\/stuttgarti-katolikusok.de\/#\/schema\/person\/75908d6f8fdc03a57889d27209df7795"},"headline":"2021 szeptember 1 \u00e9s 12 k\u00f6z\u00f6tt","datePublished":"2021-09-01T08:29:57+00:00","dateModified":"2021-09-01T10:17:58+00:00","mainEntityOfPage":{"@id":"https:\/\/stuttgarti-katolikusok.de\/index.php\/2021-szeptember-1-es-12-kozott\/"},"wordCount":318,"image":{"@id":"https:\/\/stuttgarti-katolikusok.de\/index.php\/2021-szeptember-1-es-12-kozott\/#primaryimage"},"thumbnailUrl":"https:\/\/stuttgarti-katolikusok.de\/wp-content\/uploads\/2021\/09\/nek-logo.jpg","articleSection":["Progamel\u0151zetes"],"inLanguage":"hu"},{"@type":"WebPage","@id":"https:\/\/stuttgarti-katolikusok.de\/index.php\/2021-szeptember-1-es-12-kozott\/","url":"https:\/\/stuttgarti-katolikusok.de\/index.php\/2021-szeptember-1-es-12-kozott\/","name":"2021 szeptember 1 \u00e9s 12 k\u00f6z\u00f6tt - Stuttgarti Katolikusok","isPartOf":{"@id":"https:\/\/stuttgarti-katolikusok.de\/#website"},"primaryImageOfPage":{"@id":"https:\/\/stuttgarti-katolikusok.de\/index.php\/2021-szeptember-1-es-12-kozott\/#primaryimage"},"image":{"@id":"https:\/\/stuttgarti-katolikusok.de\/index.php\/2021-szeptember-1-es-12-kozott\/#primaryimage"},"thumbnailUrl":"https:\/\/stuttgarti-katolikusok.de\/wp-content\/uploads\/2021\/09\/nek-logo.jpg","datePublished":"2021-09-01T08:29:57+00:00","dateModified":"2021-09-01T10:17:58+00:00","author":{"@id":"https:\/\/stuttgarti-katolikusok.de\/#\/schema\/person\/75908d6f8fdc03a57889d27209df7795"},"breadcrumb":{"@id":"https:\/\/stuttgarti-katolikusok.de\/index.php\/2021-szeptember-1-es-12-kozott\/#breadcrumb"},"inLanguage":"hu","potentialAction":[{"@type":"ReadAction","target":["https:\/\/stuttgarti-katolikusok.de\/index.php\/2021-szeptember-1-es-12-kozott\/"]}]},{"@type":"ImageObject","inLanguage":"hu","@id":"https:\/\/stuttgarti-katolikusok.de\/index.php\/2021-szeptember-1-es-12-kozott\/#primaryimage","url":"https:\/\/stuttgarti-katolikusok.de\/wp-content\/uploads\/2021\/09\/nek-logo.jpg","contentUrl":"https:\/\/stuttgarti-katolikusok.de\/wp-content\/uploads\/2021\/09\/nek-logo.jpg","width":1500,"height":880},{"@type":"BreadcrumbList","@id":"https:\/\/stuttgarti-katolikusok.de\/index.php\/2021-szeptember-1-es-12-kozott\/#breadcrumb","itemListElement":[{"@type":"ListItem","position":1,"name":"Kezd\u0151lap","item":"https:\/\/stuttgarti-katolikusok.de\/"},{"@type":"ListItem","position":2,"name":"2021 szeptember 1 \u00e9s 12 k\u00f6z\u00f6tt"}]},{"@type":"WebSite","@id":"https:\/\/stuttgarti-katolikusok.de\/#website","url":"https:\/\/stuttgarti-katolikusok.de\/","name":"Stuttgarti Katolikusok","description":"","potentialAction":[{"@type":"SearchAction","target":{"@type":"EntryPoint","urlTemplate":"https:\/\/stuttgarti-katolikusok.de\/?s={search_term_string}"},"query-input":{"@type":"PropertyValueSpecification","valueRequired":true,"valueName":"search_term_string"}}],"inLanguage":"hu"},{"@type":"Person","@id":"https:\/\/stuttgarti-katolikusok.de\/#\/schema\/person\/75908d6f8fdc03a57889d27209df7795","name":"Tibor atya","image":{"@type":"ImageObject","inLanguage":"hu","@id":"https:\/\/secure.gravatar.com\/avatar\/61d268e57d1f4525b111222e29d2d5a7f8c420fdbf231ba5566a8ceac74fa960?s=96&d=mm&r=g","url":"https:\/\/secure.gravatar.com\/avatar\/61d268e57d1f4525b111222e29d2d5a7f8c420fdbf231ba5566a8ceac74fa960?s=96&d=mm&r=g","contentUrl":"https:\/\/secure.gravatar.com\/avatar\/61d268e57d1f4525b111222e29d2d5a7f8c420fdbf231ba5566a8ceac74fa960?s=96&d=mm&r=g","caption":"Tibor atya"},"url":"https:\/\/stuttgarti-katolikusok.de\/index.php\/author\/tibor-atya\/"}]}},"_links":{"self":[{"href":"https:\/\/stuttgarti-katolikusok.de\/index.php\/wp-json\/wp\/v2\/posts\/22144","targetHints":{"allow":["GET"]}}],"collection":[{"href":"https:\/\/stuttgarti-katolikusok.de\/index.php\/wp-json\/wp\/v2\/posts"}],"about":[{"href":"https:\/\/stuttgarti-katolikusok.de\/index.php\/wp-json\/wp\/v2\/types\/post"}],"author":[{"embeddable":true,"href":"https:\/\/stuttgarti-katolikusok.de\/index.php\/wp-json\/wp\/v2\/users\/3"}],"replies":[{"embeddable":true,"href":"https:\/\/stuttgarti-katolikusok.de\/index.php\/wp-json\/wp\/v2\/comments?post=22144"}],"version-history":[{"count":2,"href":"https:\/\/stuttgarti-katolikusok.de\/index.php\/wp-json\/wp\/v2\/posts\/22144\/revisions"}],"predecessor-version":[{"id":22166,"href":"https:\/\/stuttgarti-katolikusok.de\/index.php\/wp-json\/wp\/v2\/posts\/22144\/revisions\/22166"}],"wp:featuredmedia":[{"embeddable":true,"href":"https:\/\/stuttgarti-katolikusok.de\/index.php\/wp-json\/wp\/v2\/media\/22145"}],"wp:attachment":[{"href":"https:\/\/stuttgarti-katolikusok.de\/index.php\/wp-json\/wp\/v2\/media?parent=22144"}],"wp:term":[{"taxonomy":"category","embeddable":true,"href":"https:\/\/stuttgarti-katolikusok.de\/index.php\/wp-json\/wp\/v2\/categories?post=22144"},{"taxonomy":"post_tag","embeddable":true,"href":"https:\/\/stuttgarti-katolikusok.de\/index.php\/wp-json\/wp\/v2\/tags?post=22144"}],"curies":[{"name":"wp","href":"https:\/\/api.w.org\/{rel}","templated":true}]}}